{"id":31904,"date":"2023-07-27T19:42:27","date_gmt":"2023-07-28T00:42:27","guid":{"rendered":"https:\/\/marthacifuentes.com\/portada\/?p=31904"},"modified":"2023-07-27T19:42:27","modified_gmt":"2023-07-28T00:42:27","slug":"dos-clanes-disputan-la-gobernacion-de-casanare","status":"publish","type":"post","link":"https:\/\/marthacifuentes.com\/portada\/dos-clanes-disputan-la-gobernacion-de-casanare\/","title":{"rendered":"Dos clanes disputan la Gobernaci\u00f3n de Casanare"},"content":{"rendered":"<div class=\"xdj266r x11i5rnm xat24cr x1mh8g0r x1vvkbs x126k92a\">\n<div dir=\"auto\">C\u00e9sar Ortiz Zorro apoyado por el llamado \u00abclan de la casita\u00bb de Marco Tulio y Negro P\u00e9rez y con apoyo del excongresista Efr\u00e9n Hern\u00e1ndez enfrenta a Marisela Duarte del \u00abclan Barrera\u00bb.<\/div>\n<\/div>\n<div class=\"x11i5rnm xat24cr x1mh8g0r x1vvkbs xtlvy1s x126k92a\">\n<div dir=\"auto\">A tres meses de las elecciones territoriales del 2023, las m\u00e1s importantes fuerzas pol\u00edticas que dar\u00e1n la pelea por la gobernaci\u00f3n son, por un lado, C\u00e9sar Zorro en alianza con Marco Tulio Ru\u00edz, Cambio Radical, Alianza Verde y Nuevo Liberalismo y la otra fuerza es Marisela Duarte, en la que est\u00e1n los tres actuales congresistas de Casanare, Centro Democr\u00e1tico, Liberal y la U.<\/div>\n<div dir=\"auto\">Desde el 2015 el grupo de Alirio Barrera, en las dos elecciones de Gobernaci\u00f3n y dos de congreso, ha derrotado a Marco Tulio. Y en las del a\u00f1o anterior, Centro Democr\u00e1tico hoy aliados con Liberal derrotaron a los Senados y C\u00e1mara de Cambio Radical y Nuevo Liberalismo.<\/div>\n<\/div>\n<div class=\"x11i5rnm xat24cr x1mh8g0r x1vvkbs xtlvy1s x126k92a\">\n<div dir=\"auto\">Marco Tulio y Zorro empezaron primero, y hay que esperar con qu\u00e9 estrategia enfrentar\u00e1n el trabajo proselitista esta vez, pues sostener campa\u00f1as largas es dif\u00edcil y en Casanare est\u00e1 demostrado que tres meses son suficientes y eso el equipo de la candidata a la gobernaci\u00f3n de Marisela Duarte lo sabe. El Centro Democr\u00e1tico en Casanare, saben arrancar de menos a m\u00e1s y aprieta duro el \u00faltimo mes y con eso han logrado ganar las \u00faltimas dos elecciones de gobernaci\u00f3n, las dos de Senado y las dos de C\u00e1mara.<\/div>\n<\/div>\n<div class=\"x11i5rnm xat24cr x1mh8g0r x1vvkbs xtlvy1s x126k92a\">\n<div dir=\"auto\">Marco Tulio, que pensaba volver a la gobernaci\u00f3n, tanto \u00e9l como los pol\u00edticos m\u00e1s cercanos, luego de encuestas y an\u00e1lisis vieron que no es f\u00e1cil luchar esta vez por la Gobernaci\u00f3n, pues no ha podido ganarle una elecci\u00f3n al sector pol\u00edtico que desde el 2015, lidera el exgobernador, ex precandidato presidencial y actual Senador Alirio Barrera.<\/div>\n<\/div>\n<div class=\"x11i5rnm xat24cr x1mh8g0r x1vvkbs xtlvy1s x126k92a\">\n<div dir=\"auto\">El Centro Democr\u00e1tico, en la m\u00e1s reciente contienda, las de Congreso del 2022, volvi\u00f3 a vencer, gan\u00e1ndole senado a Cambio Radical en cabeza de la exsenadora Amanda Roc\u00edo Gonz\u00e1lez y a la C\u00e1mara del Profe Juan Sarmiento, ambas candidaturas apoyadas por el exgobernador Marco Tulio Ru\u00edz y dejando tambi\u00e9n sin curul a la C\u00e1mara de Diego Garc\u00eda por el Nuevo Liberalismo, quien estaba respaldado por la estructura pol\u00edtica del excongresista y actual candidato a la gobernaci\u00f3n Cesar Zorro.<\/div>\n<\/div>\n<div class=\"x11i5rnm xat24cr x1mh8g0r x1vvkbs xtlvy1s x126k92a\">\n<div dir=\"auto\">Los resultados electorales de los \u00faltimos a\u00f1os a Marco Tulio lo hicieron pensar en aspirar a una alcald\u00eda de Yopal y as\u00ed no enfrentarse esta vez por una gobernaci\u00f3n, que requiere estructuras pol\u00edticas consolidadas en todo el departamento y sabe que el Centro Democr\u00e1tico las tiene.<\/div>\n<\/div>\n<div class=\"x11i5rnm xat24cr x1mh8g0r x1vvkbs xtlvy1s x126k92a\">\n<div dir=\"auto\">Hay m\u00e1s candidatos a gobernaci\u00f3n, pero con muy pocas opciones.<\/div>\n<h2 dir=\"auto\"><span style=\"color: #ff6600;\">Otras noticias&#8230;<\/span><\/h2>\n<blockquote class=\"wp-embedded-content\" data-secret=\"0hGTKUkZOz\"><p><a href=\"https:\/\/marthacifuentes.com\/portada\/2023\/07\/27\/el-nuevo-liberalismo-coavalo-a-zorro-y-marco-tulio-alianza-contra-el-clan-barrera\/\">El Nuevo Liberalismo coaval\u00f3 a Zorro y Marco Tulio. Alianza contra el Clan Barrera<\/a><\/p><\/blockquote>\n<p><iframe loading=\"lazy\" class=\"wp-embedded-content\" sandbox=\"allow-scripts\" security=\"restricted\" style=\"position: absolute; clip: rect(1px, 1px, 1px, 1px);\" title=\"\u00abEl Nuevo Liberalismo coaval\u00f3 a Zorro y Marco Tulio. Alianza contra el Clan Barrera\u00bb \u2014 \u25b7 Noticias de Casanare : Martha Cifuentes | Casanare\" src=\"https:\/\/marthacifuentes.com\/portada\/2023\/07\/27\/el-nuevo-liberalismo-coavalo-a-zorro-y-marco-tulio-alianza-contra-el-clan-barrera\/embed\/#?secret=R1KvHJUwsn#?secret=0hGTKUkZOz\" data-secret=\"0hGTKUkZOz\" width=\"500\" height=\"282\" frameborder=\"0\" marginwidth=\"0\" marginheight=\"0\" scrolling=\"no\"><\/iframe><\/p>\n<p><iframe loading=\"lazy\" class=\"wp-embedded-content\" title=\"\u00abIdentificado asesino de Gladys Gait\u00e1n, de Yopal. La ahorc\u00f3 e intent\u00f3 desaparecerla.\u00bb \u2014 \u25b7 Noticias de Casanare : Martha Cifuentes | Casanare\" src=\"https:\/\/marthacifuentes.com\/portada\/2023\/07\/27\/identificado-asesino-de-gladys-gaitan-de-yopal-la-ahorco-e-intento-desaparecerla\/embed\/#?secret=ULx7adm9tD#?secret=NUcqg1BE68\" width=\"600\" height=\"621\" frameborder=\"0\" marginwidth=\"0\" marginheight=\"0\" scrolling=\"no\" sandbox=\"allow-scripts\" data-secret=\"NUcqg1BE68\" data-mce-fragment=\"1\"><\/iframe><\/p>\n<p><iframe loading=\"lazy\" class=\"wp-embedded-content\" title=\"\u00abYopal seguir\u00e1 con problema de alcantarillado. Fue fallida audiencia de pacto de cumplimiento de la Eaaay y accionante Leonardo Puentes\u00bb \u2014 \u25b7 Noticias de Casanare : Martha Cifuentes | Casanare\" src=\"https:\/\/marthacifuentes.com\/portada\/2023\/07\/27\/yopal-seguira-con-problema-de-alcantarillado-fue-fallida-audiencia-de-pacto-de-cumplimiento-de-la-eaaay-y-accionante-leonardo-puentes\/embed\/#?secret=SVaA766fFJ#?secret=VnBFQlhgJn\" width=\"600\" height=\"649\" frameborder=\"0\" marginwidth=\"0\" marginheight=\"0\" scrolling=\"no\" sandbox=\"allow-scripts\" data-secret=\"VnBFQlhgJn\" data-mce-fragment=\"1\"><\/iframe><\/p>\n<p><iframe loading=\"lazy\" class=\"wp-embedded-content\" title=\"\u00abMujer de Yopal desaparecida hac\u00eda 3 d\u00edas en Nunch\u00eda fue hallada muerta en Pore. Victimario trat\u00f3 de ocultar su cad\u00e1ver.\u00bb \u2014 \u25b7 Noticias de Casanare : Martha Cifuentes | Casanare\" src=\"https:\/\/marthacifuentes.com\/portada\/2023\/07\/26\/mujer-de-yopal-desaparecida-hacia-3-dias-en-nunchia-fue-hallada-muerta-en-pore-victimario-trato-de-ocultar-su-cadaver\/embed\/#?secret=N5NmCvh4Rz#?secret=BjvaiK5SF2\" width=\"600\" height=\"649\" frameborder=\"0\" marginwidth=\"0\" marginheight=\"0\" scrolling=\"no\" sandbox=\"allow-scripts\" data-secret=\"BjvaiK5SF2\" data-mce-fragment=\"1\"><\/iframe><\/p>\n<p><iframe loading=\"lazy\" class=\"wp-embedded-content\" title=\"\u00abCentro Democr\u00e1tico aspira a completar 12 a\u00f1os en la Gobernaci\u00f3n de Casanare y va por m\u00e1s alcald\u00edas\u00bb \u2014 \u25b7 Noticias de Casanare : Martha Cifuentes | Casanare\" src=\"https:\/\/marthacifuentes.com\/portada\/2023\/07\/26\/centro-democratico-aspira-a-completar-12-anos-en-la-gobernacion-de-casanare-y-va-por-mas-alcaldias\/embed\/#?secret=e0TTY7qQSO#?secret=goZpYcpYWA\" width=\"600\" height=\"621\" frameborder=\"0\" marginwidth=\"0\" marginheight=\"0\" scrolling=\"no\" sandbox=\"allow-scripts\" data-secret=\"goZpYcpYWA\" data-mce-fragment=\"1\"><\/iframe><\/p>\n<p><iframe loading=\"lazy\" class=\"wp-embedded-content\" title=\"\u00abUn menor de edad y 4 adultos extorsionistas del clan del Golfo capturados en Casanare\u00bb \u2014 \u25b7 Noticias de Casanare : Martha Cifuentes | Casanare\" src=\"https:\/\/marthacifuentes.com\/portada\/2023\/07\/26\/un-menor-de-edad-y-4-adultos-extorsionistas-del-clan-del-golfo-capturados-en-casanare\/embed\/#?secret=d9ouCzCzLc#?secret=14i5bUURwo\" width=\"600\" height=\"621\" frameborder=\"0\" marginwidth=\"0\" marginheight=\"0\" scrolling=\"no\" sandbox=\"allow-scripts\" data-secret=\"14i5bUURwo\" data-mce-fragment=\"1\"><\/iframe><\/p>\n<p><iframe loading=\"lazy\" class=\"wp-embedded-content\" title=\"\u00abTres familias fueron sacadas a la fuerza de El Pajonal-r\u00edo Cravo Sur de Yopal.\u00bb \u2014 \u25b7 Noticias de Casanare : Martha Cifuentes | Casanare\" src=\"https:\/\/marthacifuentes.com\/portada\/2023\/07\/26\/tres-familias-fueron-sacadas-a-la-fuerza-de-el-pajonal-rio-cravo-sur-de-yopal\/embed\/#?secret=0uJccOsFwG#?secret=A4Be1oC0gb\" width=\"600\" height=\"588\" frameborder=\"0\" marginwidth=\"0\" marginheight=\"0\" scrolling=\"no\" sandbox=\"allow-scripts\" data-secret=\"A4Be1oC0gb\" data-mce-fragment=\"1\"><\/iframe><\/p>\n<p><iframe loading=\"lazy\" class=\"wp-embedded-content\" title=\"\u00abOtra vez colaps\u00f3 la bocatoma de la inconclusa PTAP de Yopal y Eaaay pide paciencia a usuarios ante bajas presiones en la distribuci\u00f3n del agua.\u00bb \u2014 \u25b7 Noticias de Casanare : Martha Cifuentes | Casanare\" src=\"https:\/\/marthacifuentes.com\/portada\/2023\/07\/21\/otra-vez-colapso-la-bocatoma-de-la-inconclusa-ptap-de-yopal-y-eaaay-pide-paciencia-a-usuarios-ante-bajas-presiones-en-la-distribucion-del-agua\/embed\/#?secret=cogvxprs9r#?secret=E1uAhd97jB\" width=\"600\" height=\"628\" frameborder=\"0\" marginwidth=\"0\" marginheight=\"0\" scrolling=\"no\" sandbox=\"allow-scripts\" data-secret=\"E1uAhd97jB\" data-mce-fragment=\"1\"><\/iframe><\/p>\n<p><iframe loading=\"lazy\" class=\"wp-embedded-content\" title=\"\u00abEn crimen de odio contra una mujer, un hombre la asesin\u00f3 y luego fue dado de baja por la polic\u00eda en Aguazul\u00bb \u2014 \u25b7 Noticias de Casanare : Martha Cifuentes | Casanare\" src=\"https:\/\/marthacifuentes.com\/portada\/2023\/07\/19\/en-crimen-de-odio-contra-una-mujer-un-hombre-la-asesino-y-luego-fue-dado-de-baja-por-la-policia-en-aguazul\/embed\/#?secret=YwO5WyX8uE#?secret=3UHmAiJPtJ\" width=\"600\" height=\"649\" frameborder=\"0\" marginwidth=\"0\" marginheight=\"0\" scrolling=\"no\" sandbox=\"allow-scripts\" data-secret=\"3UHmAiJPtJ\" data-mce-fragment=\"1\"><\/iframe><\/p>\n<p><iframe loading=\"lazy\" class=\"wp-embedded-content\" title=\"\u00abEl alcalde de Man\u00ed Jersson Montoya no se puso rojo al cambiarse al verde en pol\u00edtica\u00bb \u2014 \u25b7 Noticias de Casanare : Martha Cifuentes | Casanare\" src=\"https:\/\/marthacifuentes.com\/portada\/2023\/07\/19\/el-alcalde-de-mani-jersson-montoya-no-se-puso-rojo-al-cambiarse-al-verde-en-politica\/embed\/#?secret=Yv4ndQaVrX#?secret=RREYje8t8b\" width=\"600\" height=\"621\" frameborder=\"0\" marginwidth=\"0\" marginheight=\"0\" scrolling=\"no\" sandbox=\"allow-scripts\" data-secret=\"RREYje8t8b\" data-mce-fragment=\"1\"><\/iframe><\/p>\n<p><iframe loading=\"lazy\" class=\"wp-embedded-content\" title=\"\u00abTestimonios de \u201cparas\u201d hundieron a Nelson Mari\u00f1o. Fue candidato de las ACC para la alcald\u00eda de Yopal en 2003.\u00bb \u2014 \u25b7 Noticias de Casanare : Martha Cifuentes | Casanare\" src=\"https:\/\/marthacifuentes.com\/portada\/2023\/07\/19\/testimonios-de-paras-hundieron-a-nelson-marino-fue-candidato-de-las-acc-para-la-alcaldia-de-yopal-en-2003\/embed\/#?secret=6e94ELXWoX#?secret=q3fRhPp3Mf\" width=\"600\" height=\"649\" frameborder=\"0\" marginwidth=\"0\" marginheight=\"0\" scrolling=\"no\" sandbox=\"allow-scripts\" data-secret=\"q3fRhPp3Mf\" data-mce-fragment=\"1\"><\/iframe><\/p>\n<p><iframe loading=\"lazy\" class=\"wp-embedded-content\" title=\"\u00abEl trapo rojo se agit\u00f3 en entrega de aval a Javier Rivera, candidato a la Alcald\u00eda de Yopal\u00bb \u2014 \u25b7 Noticias de Casanare : Martha Cifuentes | Casanare\" src=\"https:\/\/marthacifuentes.com\/portada\/2023\/07\/17\/el-trapo-rojo-se-agito-en-entrega-de-aval-a-javier-rivera-candidato-a-la-alcaldia-de-yopal\/embed\/#?secret=9znCgxn4qy#?secret=keD5A5JNer\" width=\"600\" height=\"621\" frameborder=\"0\" marginwidth=\"0\" marginheight=\"0\" scrolling=\"no\" sandbox=\"allow-scripts\" data-secret=\"keD5A5JNer\" data-mce-fragment=\"1\"><\/iframe><\/p>\n<p><iframe loading=\"lazy\" class=\"wp-embedded-content\" title=\"\u00abZorro se arriesg\u00f3 a coaval colorido de Verdes y Cambio Radical para la Gobernaci\u00f3n de Casanare en af\u00e1n de acabar con Clan Barrera\u00bb \u2014 \u25b7 Noticias de Casanare : Martha Cifuentes | Casanare\" src=\"https:\/\/marthacifuentes.com\/portada\/2023\/07\/14\/zorro-se-arriesgo-a-coaval-colorido-de-verdes-y-cambio-radical-para-la-gobernacion-de-casanare-en-afan-de-acabar-con-clan-barrera\/embed\/#?secret=RGLvXh4YKP#?secret=XInOtropLJ\" width=\"600\" height=\"649\" frameborder=\"0\" marginwidth=\"0\" marginheight=\"0\" scrolling=\"no\" sandbox=\"allow-scripts\" data-secret=\"XInOtropLJ\" data-mce-fragment=\"1\"><\/iframe><\/p>\n<p><iframe loading=\"lazy\" class=\"wp-embedded-content\" title=\"\u00abLas torpezas del que se cree un zorro\u00bb \u2014 \u25b7 Noticias de Casanare : Martha Cifuentes | Casanare\" src=\"https:\/\/marthacifuentes.com\/portada\/2023\/07\/13\/las-torpezas-del-que-se-cree-un-zorro\/embed\/#?secret=lD1jTKqLSv#?secret=gRmiRLNUSC\" width=\"600\" height=\"571\" frameborder=\"0\" marginwidth=\"0\" marginheight=\"0\" scrolling=\"no\" sandbox=\"allow-scripts\" data-secret=\"gRmiRLNUSC\" data-mce-fragment=\"1\"><\/iframe><\/p>\n<p><iframe loading=\"lazy\" class=\"wp-embedded-content\" title=\"\u00abPresidente de Asamblea de Casanare Jorge Garc\u00eda denunciado por acoso laboral por parte de la secretaria general. Le impuso a su madrastra como \u201cjefe\u201d\u00bb \u2014 \u25b7 Noticias de Casanare : Martha Cifuentes | Casanare\" src=\"https:\/\/marthacifuentes.com\/portada\/2023\/07\/10\/presidente-de-asamblea-de-casanare-jorge-garcia-denunciado-por-acoso-laboral-por-parte-de-la-secretaria-general-le-impuso-a-su-madrastra-como-jefe\/embed\/#?secret=gv9iTmaoVa#?secret=UvcK9xHE0X\" width=\"600\" height=\"657\" frameborder=\"0\" marginwidth=\"0\" marginheight=\"0\" scrolling=\"no\" sandbox=\"allow-scripts\" data-secret=\"UvcK9xHE0X\" data-mce-fragment=\"1\"><\/iframe><\/p>\n<p><iframe loading=\"lazy\" class=\"wp-embedded-content\" title=\"\u00abEste 15 de julio en la noche se suspender\u00e1 suministro de gas vehicular en Yopal\u00bb \u2014 \u25b7 Noticias de Casanare : Martha Cifuentes | Casanare\" src=\"https:\/\/marthacifuentes.com\/portada\/2023\/07\/06\/este-15-de-julio-en-la-noche-se-suspendera-suministro-de-gas-vehicular-en-yopal\/embed\/#?secret=PdWAMsVj8k#?secret=xzjAigstkP\" width=\"600\" height=\"589\" frameborder=\"0\" marginwidth=\"0\" marginheight=\"0\" scrolling=\"no\" sandbox=\"allow-scripts\" data-secret=\"xzjAigstkP\" data-mce-fragment=\"1\"><\/iframe><\/p>\n<p><iframe loading=\"lazy\" class=\"wp-embedded-content\" title=\"\u00abAlirio Barrera volvi\u00f3 a poner candidato a la Gobernaci\u00f3n de Casanare. La elegida, su esposa Marisela Duarte, genera resistencia por nepotismo.\u00bb \u2014 \u25b7 Noticias de Casanare : Martha Cifuentes | Casanare\" src=\"https:\/\/marthacifuentes.com\/portada\/2023\/07\/06\/alirio-barrera-volvio-a-poner-candidato-a-la-gobernacion-de-casanare-la-elegida-su-esposa-marisela-duarte-genera-resistencia-por-nepotismo\/embed\/#?secret=zCOgBLa6OJ#?secret=fFBvkxUJrS\" width=\"600\" height=\"649\" frameborder=\"0\" marginwidth=\"0\" marginheight=\"0\" scrolling=\"no\" sandbox=\"allow-scripts\" data-secret=\"fFBvkxUJrS\" data-mce-fragment=\"1\"><\/iframe><\/p>\n<p><iframe loading=\"lazy\" class=\"wp-embedded-content\" title=\"\u00abAlcalde de Man\u00ed Jersson Montoya y exsecretario de despacho, denunciados por irregularidades en su nombramiento. Habr\u00eda falseado documentos.\u00bb \u2014 \u25b7 Noticias de Casanare : Martha Cifuentes | Casanare\" src=\"https:\/\/marthacifuentes.com\/portada\/2023\/07\/05\/alcalde-de-mani-jersson-montoya-y-exsecretario-de-despacho-denunciados-por-irregularidades-en-su-nombramiento-habria-falseado-documentos\/embed\/#?secret=COh9Qhxwah#?secret=3FcoRg7COi\" width=\"600\" height=\"649\" frameborder=\"0\" marginwidth=\"0\" marginheight=\"0\" scrolling=\"no\" sandbox=\"allow-scripts\" data-secret=\"3FcoRg7COi\" data-mce-fragment=\"1\"><\/iframe><\/p>\n<p><iframe loading=\"lazy\" class=\"wp-embedded-content\" title=\"\u00abGerm\u00e1n Vargas Lleras quiere poner orden en la \u201cCasita\u201d en Casanare\u00bb \u2014 \u25b7 Noticias de Casanare : Martha Cifuentes | Casanare\" src=\"https:\/\/marthacifuentes.com\/portada\/2023\/07\/05\/german-vargas-lleras-quiere-poner-orden-en-la-casita-en-casanare\/embed\/#?secret=d1bkfj3nTG#?secret=vTQAaxgtqX\" width=\"600\" height=\"574\" frameborder=\"0\" marginwidth=\"0\" marginheight=\"0\" scrolling=\"no\" sandbox=\"allow-scripts\" data-secret=\"vTQAaxgtqX\" data-mce-fragment=\"1\"><\/iframe><\/p>\n<p><iframe loading=\"lazy\" class=\"wp-embedded-content\" title=\"\u00abYopal y Aguazul, asediados por el Clan del Golfo, ELN, Disidencias Farc y delincuentes comunes, seg\u00fan Alerta Temprana de Defensor\u00eda del Pueblo\u00bb \u2014 \u25b7 Noticias de Casanare : Martha Cifuentes | Casanare\" src=\"https:\/\/marthacifuentes.com\/portada\/2023\/06\/30\/yopal-y-aguazul-asediados-por-el-clan-del-golfo-eln-disidencias-farc-y-delincuentes-comunes-segun-alerta-temprana-de-defensoria-del-pueblo\/embed\/#?secret=nCcqzXF9pv#?secret=SWsEKTvv84\" width=\"600\" height=\"628\" frameborder=\"0\" marginwidth=\"0\" marginheight=\"0\" scrolling=\"no\" sandbox=\"allow-scripts\" data-secret=\"SWsEKTvv84\" data-mce-fragment=\"1\"><\/iframe><\/p>\n<p><iframe loading=\"lazy\" class=\"wp-embedded-content\" title=\"\u00abNueva convocatoria Ella es Astronauta Virtual para formar a 100 ni\u00f1as colombianas\u00bb \u2014 \u25b7 Noticias de Casanare : Martha Cifuentes | Casanare\" src=\"https:\/\/marthacifuentes.com\/portada\/2023\/06\/29\/nueva-convocatoria-ella-es-astronauta-virtual-para-formar-a-100-ninas-colombianas\/embed\/#?secret=VIW8vo8629#?secret=C4SiWRpUnl\" width=\"600\" height=\"621\" frameborder=\"0\" marginwidth=\"0\" marginheight=\"0\" scrolling=\"no\" sandbox=\"allow-scripts\" data-secret=\"C4SiWRpUnl\" data-mce-fragment=\"1\"><\/iframe><\/p>\n<p><iframe loading=\"lazy\" class=\"wp-embedded-content\" title=\"\u00abCon 138 mil firmas de apoyo, Guillermo Velandia busca aval a la Gobernaci\u00f3n de Casanare. Quiere ser gobernador \u00abSin clanes pol\u00edticos y maquinarias\u00bb\u00bb \u2014 \u25b7 Noticias de Casanare : Martha Cifuentes | Casanare\" src=\"https:\/\/marthacifuentes.com\/portada\/2023\/06\/23\/con-138-mil-firmas-de-apoyo-guillermo-velandia-busca-aval-a-la-gobernacion-de-casanare-quiere-ser-gobernador-sin-clanes-politicos-y-maquinarias\/embed\/#?secret=Zs3tIfDYDe#?secret=ipJHc6MEZT\" width=\"600\" height=\"649\" frameborder=\"0\" marginwidth=\"0\" marginheight=\"0\" scrolling=\"no\" sandbox=\"allow-scripts\" data-secret=\"ipJHc6MEZT\" data-mce-fragment=\"1\"><\/iframe><\/p>\n<p><iframe loading=\"lazy\" class=\"wp-embedded-content\" title=\"\u00abUribistas vrs. Verdes aliados con Cambio Radical, pujan por la Gobernaci\u00f3n de Casanare\u00bb \u2014 \u25b7 Noticias de Casanare : Martha Cifuentes | Casanare\" src=\"https:\/\/marthacifuentes.com\/portada\/2023\/06\/16\/uribistas-vrs-verdes-aliados-con-cambio-radical-pujan-por-la-gobernacion-de-casanare\/embed\/#?secret=FXjbnMANSU#?secret=PSJncT9VV9\" width=\"600\" height=\"621\" frameborder=\"0\" marginwidth=\"0\" marginheight=\"0\" scrolling=\"no\" sandbox=\"allow-scripts\" data-secret=\"PSJncT9VV9\" data-mce-fragment=\"1\"><\/iframe><\/p>\n<p><iframe loading=\"lazy\" class=\"wp-embedded-content\" title=\"\u00abEn San Luis de Palenque encontraron 5 cuerpos de las 1.973 personas desaparecidas en Casanare.\u00bb \u2014 \u25b7 Noticias de Casanare : Martha Cifuentes | Casanare\" src=\"https:\/\/marthacifuentes.com\/portada\/2023\/06\/13\/en-san-luis-de-palenque-encontraron-5-cuerpos-de-las-1-973-personas-desaparecidas-en-casanare\/embed\/#?secret=D99g8CQ9bP#?secret=UEiqCKyTyN\" width=\"600\" height=\"621\" frameborder=\"0\" marginwidth=\"0\" marginheight=\"0\" scrolling=\"no\" sandbox=\"allow-scripts\" data-secret=\"UEiqCKyTyN\" data-mce-fragment=\"1\"><\/iframe><\/p>\n<p><iframe loading=\"lazy\" class=\"wp-embedded-content\" title=\"\u00abVillanueva y Tauramena tratan de recuperarse de afectaciones invernales\u00bb \u2014 \u25b7 Noticias de Casanare : Martha Cifuentes | Casanare\" src=\"https:\/\/marthacifuentes.com\/portada\/2023\/06\/13\/villanueva-y-tauramena-tratan-de-recuperarse-de-afectaciones-invernales\/embed\/#?secret=tmRpmlOdHg#?secret=ao6rr1mHQS\" width=\"600\" height=\"620\" frameborder=\"0\" marginwidth=\"0\" marginheight=\"0\" scrolling=\"no\" sandbox=\"allow-scripts\" data-secret=\"ao6rr1mHQS\" data-mce-fragment=\"1\"><\/iframe><\/p>\n<p><iframe loading=\"lazy\" class=\"wp-embedded-content\" title=\"\u00abA pesar de tener casa por c\u00e1rcel, j\u00edbaro fue pescado vendiendo marihuana en Paz de Ariporo\u00bb \u2014 \u25b7 Noticias de Casanare : Martha Cifuentes | Casanare\" src=\"https:\/\/marthacifuentes.com\/portada\/2023\/06\/13\/a-pesar-de-tener-casa-por-carcel-jibaro-fue-pescado-vendiendo-marihuana-en-paz-de-ariporo\/embed\/#?secret=56yMnkqR3g#?secret=5EIQwucqXS\" width=\"600\" height=\"621\" frameborder=\"0\" marginwidth=\"0\" marginheight=\"0\" scrolling=\"no\" sandbox=\"allow-scripts\" data-secret=\"5EIQwucqXS\" data-mce-fragment=\"1\"><\/iframe><\/p>\n<p><iframe loading=\"lazy\" class=\"wp-embedded-content\" title=\"\u00abExsoldado condenado por asesinato en Trinidad, hab\u00eda sido absuelto por homicidio del l\u00edder social Daniel Abril Fuentes\u00bb \u2014 \u25b7 Noticias de Casanare : Martha Cifuentes | Casanare\" src=\"https:\/\/marthacifuentes.com\/portada\/2023\/06\/13\/exsoldado-condenado-por-asesinato-en-trinidad-habia-sido-absuelto-por-homicidio-del-lider-social-daniel-abril-fuentes\/embed\/#?secret=QATOYq6J9Z#?secret=AcQnudPrMv\" width=\"600\" height=\"628\" frameborder=\"0\" marginwidth=\"0\" marginheight=\"0\" scrolling=\"no\" sandbox=\"allow-scripts\" data-secret=\"AcQnudPrMv\" data-mce-fragment=\"1\"><\/iframe><\/p>\n<p><iframe loading=\"lazy\" class=\"wp-embedded-content\" title=\"\u00abOtro asesinato en Man\u00ed. Un hombre fue sicariado a una cuadra de estaci\u00f3n de polic\u00eda.\u00bb \u2014 \u25b7 Noticias de Casanare : Martha Cifuentes | Casanare\" src=\"https:\/\/marthacifuentes.com\/portada\/2023\/06\/13\/otro-asesinato-en-mani-un-hombre-fue-sicariado-a-una-cuadra-de-estacion-de-policia\/embed\/#?secret=pTfELqew3K#?secret=H0EpjTPFce\" width=\"600\" height=\"600\" frameborder=\"0\" marginwidth=\"0\" marginheight=\"0\" scrolling=\"no\" sandbox=\"allow-scripts\" data-secret=\"H0EpjTPFce\" data-mce-fragment=\"1\"><\/iframe><\/p>\n<p><iframe loading=\"lazy\" class=\"wp-embedded-content\" title=\"\u00abEn siniestro vial, vendedor de leche, en moto, muri\u00f3 en Marginal del Llano, en Aguazul.\u00bb \u2014 \u25b7 Noticias de Casanare : Martha Cifuentes | Casanare\" src=\"https:\/\/marthacifuentes.com\/portada\/2023\/06\/08\/en-siniestro-vial-vendedor-de-leche-en-moto-murio-en-marginal-del-llano-en-aguazul\/embed\/#?secret=kMbpUKHMUS#?secret=NC0Og1xWmY\" width=\"600\" height=\"600\" frameborder=\"0\" marginwidth=\"0\" marginheight=\"0\" scrolling=\"no\" sandbox=\"allow-scripts\" data-secret=\"NC0Og1xWmY\" data-mce-fragment=\"1\"><\/iframe><\/p>\n<p><iframe loading=\"lazy\" class=\"wp-embedded-content\" title=\"\u00abLevantado bloqueo de relleno sanitario de Yopal. Ya se puede sacar la basura.\u00bb \u2014 \u25b7 Noticias de Casanare : Martha Cifuentes | Casanare\" src=\"https:\/\/marthacifuentes.com\/portada\/2023\/06\/08\/levantado-bloqueo-de-relleno-sanitario-de-yopal-ya-se-puede-sacar-la-basura\/embed\/#?secret=0K01pwn05E#?secret=kbnrXZd8vd\" width=\"600\" height=\"600\" frameborder=\"0\" marginwidth=\"0\" marginheight=\"0\" scrolling=\"no\" sandbox=\"allow-scripts\" data-secret=\"kbnrXZd8vd\" data-mce-fragment=\"1\"><\/iframe><\/p>\n<p><iframe loading=\"lazy\" class=\"wp-embedded-content\" title=\"\u00abCambio clim\u00e1tico, un problema de todos, fue analizado en Simposio de Desarrollo Sostenible hecho por Corporinoquia\u00bb \u2014 \u25b7 Noticias de Casanare : Martha Cifuentes | Casanare\" src=\"https:\/\/marthacifuentes.com\/portada\/2023\/06\/08\/cambio-climatico-un-problema-de-todos-fue-analizado-en-simposio-de-desarrollo-sostenible-hecho-por-corporinoquia\/embed\/#?secret=cwMAlaKZeX#?secret=dbCDyGXo79\" width=\"600\" height=\"649\" frameborder=\"0\" marginwidth=\"0\" marginheight=\"0\" scrolling=\"no\" sandbox=\"allow-scripts\" data-secret=\"dbCDyGXo79\" data-mce-fragment=\"1\"><\/iframe><\/p>\n<p><iframe loading=\"lazy\" class=\"wp-embedded-content\" title=\"\u00abMediante la opci\u00f3n Obras por Impuestos, Ecopetrol realiz\u00f3 pavimentaci\u00f3n de 3.23 km de v\u00edas en Paz de Ariporo, Casanare.\u00bb \u2014 \u25b7 Noticias de Casanare : Martha Cifuentes | Casanare\" src=\"https:\/\/marthacifuentes.com\/portada\/2023\/06\/08\/mediante-la-opcion-obras-por-impuestos-ecopetrol-realizo-pavimentacion-de-3-23-km-de-vias-en-paz-de-ariporo-casanare\/embed\/#?secret=AzzS27spwO#?secret=UyGNV9Eo5U\" width=\"600\" height=\"649\" frameborder=\"0\" marginwidth=\"0\" marginheight=\"0\" scrolling=\"no\" sandbox=\"allow-scripts\" data-secret=\"UyGNV9Eo5U\" data-mce-fragment=\"1\"><\/iframe><\/p>\n<p><iframe loading=\"lazy\" class=\"wp-embedded-content\" title=\"\u00abRestablecido servicio de gas en vereda Bendiciones, Tauramena, confirma Cusianagas\u00bb \u2014 \u25b7 Noticias de Casanare : Martha Cifuentes | Casanare\" src=\"https:\/\/marthacifuentes.com\/portada\/2023\/06\/08\/restablecido-servicio-de-gas-en-vereda-bendiciones-tauramena-confirma-cusianagas\/embed\/#?secret=vxsYX4RF3M#?secret=onn2Q5nKmf\" width=\"600\" height=\"568\" frameborder=\"0\" marginwidth=\"0\" marginheight=\"0\" scrolling=\"no\" sandbox=\"allow-scripts\" data-secret=\"onn2Q5nKmf\" data-mce-fragment=\"1\"><\/iframe><\/p>\n<p><iframe loading=\"lazy\" class=\"wp-embedded-content\" title=\"\u00abPor deslizamientos de tierra, cerrada v\u00eda que une a Boyac\u00e1 con Casanare entre Paya y Nunch\u00eda\u00bb \u2014 \u25b7 Noticias de Casanare : Martha Cifuentes | Casanare\" src=\"https:\/\/marthacifuentes.com\/portada\/2023\/06\/07\/por-deslizamientos-de-tierra-cerrada-via-que-une-a-boyaca-con-casanare-entre-paya-y-nunchia\/embed\/#?secret=swzhAMcvbJ#?secret=EbVIIceG3N\" width=\"600\" height=\"621\" frameborder=\"0\" marginwidth=\"0\" marginheight=\"0\" scrolling=\"no\" sandbox=\"allow-scripts\" data-secret=\"EbVIIceG3N\" data-mce-fragment=\"1\"><\/iframe><\/p>\n<p><iframe loading=\"lazy\" class=\"wp-embedded-content\" title=\"\u00abUsuarios de v\u00eda Yopal-Monterrey-Villanueva-Villavicencio ser\u00e1n afectados por cierres nocturnos\u00bb \u2014 \u25b7 Noticias de Casanare : Martha Cifuentes | Casanare\" src=\"https:\/\/marthacifuentes.com\/portada\/2023\/06\/07\/usuarios-de-via-yopal-monterrey-villanueva-villavicencio-seran-afectados-por-cierres-nocturnos\/embed\/#?secret=ID1Du2o3kY#?secret=1RtWRvpf7u\" width=\"600\" height=\"620\" frameborder=\"0\" marginwidth=\"0\" marginheight=\"0\" scrolling=\"no\" sandbox=\"allow-scripts\" data-secret=\"1RtWRvpf7u\" data-mce-fragment=\"1\"><\/iframe><\/p>\n<p><iframe loading=\"lazy\" class=\"wp-embedded-content\" title=\"\u00abJugaron mal y perdieron. Asaltantes de casino en Aguazul fueron judicializados\u00bb \u2014 \u25b7 Noticias de Casanare : Martha Cifuentes | Casanare\" src=\"https:\/\/marthacifuentes.com\/portada\/2023\/06\/07\/jugaron-mal-y-perdieron-asaltantes-de-casino-en-aguazul-fueron-judicializados\/embed\/#?secret=CxD2xQGQkw#?secret=zwOwV8t64J\" width=\"600\" height=\"621\" frameborder=\"0\" marginwidth=\"0\" marginheight=\"0\" scrolling=\"no\" sandbox=\"allow-scripts\" data-secret=\"zwOwV8t64J\" data-mce-fragment=\"1\"><\/iframe><\/p>\n<p><iframe loading=\"lazy\" class=\"wp-embedded-content\" title=\"\u00abYopal de mi\u00e9r\u2026 coles, con paro de taxistas, bloqueo en relleno sanitario y cierres viales en el centro\u00bb \u2014 \u25b7 Noticias de Casanare : Martha Cifuentes | Casanare\" src=\"https:\/\/marthacifuentes.com\/portada\/2023\/06\/07\/yopal-de-mier-coles-con-paro-de-taxistas-bloqueo-en-relleno-sanitario-y-cierres-viales-en-el-centro\/embed\/#?secret=56J7Rv9o4h#?secret=Sirz1eVMNM\" width=\"600\" height=\"621\" frameborder=\"0\" marginwidth=\"0\" marginheight=\"0\" scrolling=\"no\" sandbox=\"allow-scripts\" data-secret=\"Sirz1eVMNM\" data-mce-fragment=\"1\"><\/iframe><\/p>\n<div dir=\"auto\"><\/div>\n<\/div>\n","protected":false},"excerpt":{"rendered":"<p>C\u00e9sar Ortiz Zorro apoyado por el llamado \u00abclan de la casita\u00bb de Marco Tulio y Negro P\u00e9rez y con apoyo del excongresista Efr\u00e9n Hern\u00e1ndez enfrenta a Marisela Duarte del \u00abclan Barrera\u00bb. A tres meses de las elecciones territoriales del 2023, las m\u00e1s importantes fuerzas pol\u00edticas que dar\u00e1n la pelea por la gobernaci\u00f3n son, por un &hellip;<\/p>\n","protected":false},"author":2,"featured_media":31905,"comment_status":"open","ping_status":"open","sticky":false,"template":"","format":"standard","meta":{"om_disable_all_campaigns":false,"_exactmetrics_skip_tracking":false,"_exactmetrics_sitenote_active":false,"_exactmetrics_sitenote_note":"","_exactmetrics_sitenote_category":0,"_monsterinsights_skip_tracking":false,"_monsterinsights_sitenote_active":false,"_monsterinsights_sitenote_note":"","_monsterinsights_sitenote_category":0,"_uf_show_specific_survey":0,"_uf_disable_surveys":false,"_joinchat":[],"footnotes":""},"categories":[147,146,145],"tags":[193,1373,1285,1028,1812,1400,3371],"class_list":["post-31904","post","type-post","status-publish","format-standard","has-post-thumbnail","hentry","category-actualidad","category-noticias","category-reportajes","tag-alirio-barrera","tag-casanare-noticias","tag-cesar-ortiz-zorro","tag-marco-tulio-ruiz","tag-marisela-duarte","tag-noticias-casanare","tag-politica-casanare"],"yoast_head":"<!-- This site is optimized with the Yoast SEO plugin v26.1 - https:\/\/yoast.com\/wordpress\/plugins\/seo\/ -->\n<title>Dos clanes disputan la Gobernaci\u00f3n de Casanare - \u25b7 Noticias de Casanare : Martha Cifuentes | Casanare<\/title>\n<meta name=\"robots\" content=\"index, follow, max-snippet:-1, max-image-preview:large, max-video-preview:-1\" \/>\n<link rel=\"canonical\" href=\"https:\/\/marthacifuentes.com\/portada\/dos-clanes-disputan-la-gobernacion-de-casanare\/\" \/>\n<meta property=\"og:locale\" content=\"es_ES\" \/>\n<meta property=\"og:type\" content=\"article\" \/>\n<meta property=\"og:title\" content=\"Dos clanes disputan la Gobernaci\u00f3n de Casanare - \u25b7 Noticias de Casanare : Martha Cifuentes | Casanare\" \/>\n<meta property=\"og:description\" content=\"C\u00e9sar Ortiz Zorro apoyado por el llamado \u00abclan de la casita\u00bb de Marco Tulio y Negro P\u00e9rez y con apoyo del excongresista Efr\u00e9n Hern\u00e1ndez enfrenta a Marisela Duarte del \u00abclan Barrera\u00bb. A tres meses de las elecciones territoriales del 2023, las m\u00e1s importantes fuerzas pol\u00edticas que dar\u00e1n la pelea por la gobernaci\u00f3n son, por un &hellip;\" \/>\n<meta property=\"og:url\" content=\"https:\/\/marthacifuentes.com\/portada\/dos-clanes-disputan-la-gobernacion-de-casanare\/\" \/>\n<meta property=\"og:site_name\" content=\"\u25b7 Noticias de Casanare : Martha Cifuentes | Casanare\" \/>\n<meta property=\"article:published_time\" content=\"2023-07-28T00:42:27+00:00\" \/>\n<meta property=\"og:image\" content=\"https:\/\/marthacifuentes.com\/portada\/wp-content\/uploads\/2023\/07\/MARCO-TULIO-ALIRIO-CESAR-MARISELA-scaled.jpg\" \/>\n\t<meta property=\"og:image:width\" content=\"2560\" \/>\n\t<meta property=\"og:image:height\" content=\"1438\" \/>\n\t<meta property=\"og:image:type\" content=\"image\/jpeg\" \/>\n<meta name=\"author\" content=\"Martha Cifuentes\" \/>\n<meta name=\"twitter:card\" content=\"summary_large_image\" \/>\n<meta name=\"twitter:label1\" content=\"Escrito por\" \/>\n\t<meta name=\"twitter:data1\" content=\"Martha Cifuentes\" \/>\n\t<meta name=\"twitter:label2\" content=\"Tiempo de lectura\" \/>\n\t<meta name=\"twitter:data2\" content=\"2 minutos\" \/>\n<script type=\"application\/ld+json\" class=\"yoast-schema-graph\">{\"@context\":\"https:\/\/schema.org\",\"@graph\":[{\"@type\":\"WebPage\",\"@id\":\"https:\/\/marthacifuentes.com\/portada\/dos-clanes-disputan-la-gobernacion-de-casanare\/\",\"url\":\"https:\/\/marthacifuentes.com\/portada\/dos-clanes-disputan-la-gobernacion-de-casanare\/\",\"name\":\"Dos clanes disputan la Gobernaci\u00f3n de Casanare - \u25b7 Noticias de Casanare : Martha Cifuentes | Casanare\",\"isPartOf\":{\"@id\":\"https:\/\/marthacifuentes.com\/portada\/#website\"},\"primaryImageOfPage\":{\"@id\":\"https:\/\/marthacifuentes.com\/portada\/dos-clanes-disputan-la-gobernacion-de-casanare\/#primaryimage\"},\"image\":{\"@id\":\"https:\/\/marthacifuentes.com\/portada\/dos-clanes-disputan-la-gobernacion-de-casanare\/#primaryimage\"},\"thumbnailUrl\":\"https:\/\/marthacifuentes.com\/portada\/wp-content\/uploads\/2023\/07\/MARCO-TULIO-ALIRIO-CESAR-MARISELA-scaled.jpg\",\"datePublished\":\"2023-07-28T00:42:27+00:00\",\"author\":{\"@id\":\"https:\/\/marthacifuentes.com\/portada\/#\/schema\/person\/57f53174b991db5f90ff78d58502b714\"},\"breadcrumb\":{\"@id\":\"https:\/\/marthacifuentes.com\/portada\/dos-clanes-disputan-la-gobernacion-de-casanare\/#breadcrumb\"},\"inLanguage\":\"es\",\"potentialAction\":[{\"@type\":\"ReadAction\",\"target\":[\"https:\/\/marthacifuentes.com\/portada\/dos-clanes-disputan-la-gobernacion-de-casanare\/\"]}]},{\"@type\":\"ImageObject\",\"inLanguage\":\"es\",\"@id\":\"https:\/\/marthacifuentes.com\/portada\/dos-clanes-disputan-la-gobernacion-de-casanare\/#primaryimage\",\"url\":\"https:\/\/marthacifuentes.com\/portada\/wp-content\/uploads\/2023\/07\/MARCO-TULIO-ALIRIO-CESAR-MARISELA-scaled.jpg\",\"contentUrl\":\"https:\/\/marthacifuentes.com\/portada\/wp-content\/uploads\/2023\/07\/MARCO-TULIO-ALIRIO-CESAR-MARISELA-scaled.jpg\",\"width\":2560,\"height\":1438},{\"@type\":\"BreadcrumbList\",\"@id\":\"https:\/\/marthacifuentes.com\/portada\/dos-clanes-disputan-la-gobernacion-de-casanare\/#breadcrumb\",\"itemListElement\":[{\"@type\":\"ListItem\",\"position\":1,\"name\":\"Portada\",\"item\":\"https:\/\/marthacifuentes.com\/portada\/\"},{\"@type\":\"ListItem\",\"position\":2,\"name\":\"Dos clanes disputan la Gobernaci\u00f3n de Casanare\"}]},{\"@type\":\"WebSite\",\"@id\":\"https:\/\/marthacifuentes.com\/portada\/#website\",\"url\":\"https:\/\/marthacifuentes.com\/portada\/\",\"name\":\"\u25b7 Noticias de Casanare : Martha Cifuentes | Casanare\",\"description\":\"Noticias &amp; Contenidos\",\"potentialAction\":[{\"@type\":\"SearchAction\",\"target\":{\"@type\":\"EntryPoint\",\"urlTemplate\":\"https:\/\/marthacifuentes.com\/portada\/?s={search_term_string}\"},\"query-input\":{\"@type\":\"PropertyValueSpecification\",\"valueRequired\":true,\"valueName\":\"search_term_string\"}}],\"inLanguage\":\"es\"},{\"@type\":\"Person\",\"@id\":\"https:\/\/marthacifuentes.com\/portada\/#\/schema\/person\/57f53174b991db5f90ff78d58502b714\",\"name\":\"Martha Cifuentes\",\"image\":{\"@type\":\"ImageObject\",\"inLanguage\":\"es\",\"@id\":\"https:\/\/marthacifuentes.com\/portada\/#\/schema\/person\/image\/\",\"url\":\"http:\/\/marthacifuentes.com\/portada\/wp-content\/uploads\/2018\/06\/avatar_user_2_1528838701-96x96.jpg\",\"contentUrl\":\"http:\/\/marthacifuentes.com\/portada\/wp-content\/uploads\/2018\/06\/avatar_user_2_1528838701-96x96.jpg\",\"caption\":\"Martha Cifuentes\"},\"sameAs\":[\"http:\/\/www.marthacifuentes.com\"],\"url\":\"https:\/\/marthacifuentes.com\/portada\/author\/martha\/\"}]}<\/script>\n<!-- \/ Yoast SEO plugin. -->","yoast_head_json":{"title":"Dos clanes disputan la Gobernaci\u00f3n de Casanare - \u25b7 Noticias de Casanare : Martha Cifuentes | Casanare","robots":{"index":"index","follow":"follow","max-snippet":"max-snippet:-1","max-image-preview":"max-image-preview:large","max-video-preview":"max-video-preview:-1"},"canonical":"https:\/\/marthacifuentes.com\/portada\/dos-clanes-disputan-la-gobernacion-de-casanare\/","og_locale":"es_ES","og_type":"article","og_title":"Dos clanes disputan la Gobernaci\u00f3n de Casanare - \u25b7 Noticias de Casanare : Martha Cifuentes | Casanare","og_description":"C\u00e9sar Ortiz Zorro apoyado por el llamado \u00abclan de la casita\u00bb de Marco Tulio y Negro P\u00e9rez y con apoyo del excongresista Efr\u00e9n Hern\u00e1ndez enfrenta a Marisela Duarte del \u00abclan Barrera\u00bb. A tres meses de las elecciones territoriales del 2023, las m\u00e1s importantes fuerzas pol\u00edticas que dar\u00e1n la pelea por la gobernaci\u00f3n son, por un &hellip;","og_url":"https:\/\/marthacifuentes.com\/portada\/dos-clanes-disputan-la-gobernacion-de-casanare\/","og_site_name":"\u25b7 Noticias de Casanare : Martha Cifuentes | Casanare","article_published_time":"2023-07-28T00:42:27+00:00","og_image":[{"width":2560,"height":1438,"url":"https:\/\/marthacifuentes.com\/portada\/wp-content\/uploads\/2023\/07\/MARCO-TULIO-ALIRIO-CESAR-MARISELA-scaled.jpg","type":"image\/jpeg"}],"author":"Martha Cifuentes","twitter_card":"summary_large_image","twitter_misc":{"Escrito por":"Martha Cifuentes","Tiempo de lectura":"2 minutos"},"schema":{"@context":"https:\/\/schema.org","@graph":[{"@type":"WebPage","@id":"https:\/\/marthacifuentes.com\/portada\/dos-clanes-disputan-la-gobernacion-de-casanare\/","url":"https:\/\/marthacifuentes.com\/portada\/dos-clanes-disputan-la-gobernacion-de-casanare\/","name":"Dos clanes disputan la Gobernaci\u00f3n de Casanare - \u25b7 Noticias de Casanare : Martha Cifuentes | Casanare","isPartOf":{"@id":"https:\/\/marthacifuentes.com\/portada\/#website"},"primaryImageOfPage":{"@id":"https:\/\/marthacifuentes.com\/portada\/dos-clanes-disputan-la-gobernacion-de-casanare\/#primaryimage"},"image":{"@id":"https:\/\/marthacifuentes.com\/portada\/dos-clanes-disputan-la-gobernacion-de-casanare\/#primaryimage"},"thumbnailUrl":"https:\/\/marthacifuentes.com\/portada\/wp-content\/uploads\/2023\/07\/MARCO-TULIO-ALIRIO-CESAR-MARISELA-scaled.jpg","datePublished":"2023-07-28T00:42:27+00:00","author":{"@id":"https:\/\/marthacifuentes.com\/portada\/#\/schema\/person\/57f53174b991db5f90ff78d58502b714"},"breadcrumb":{"@id":"https:\/\/marthacifuentes.com\/portada\/dos-clanes-disputan-la-gobernacion-de-casanare\/#breadcrumb"},"inLanguage":"es","potentialAction":[{"@type":"ReadAction","target":["https:\/\/marthacifuentes.com\/portada\/dos-clanes-disputan-la-gobernacion-de-casanare\/"]}]},{"@type":"ImageObject","inLanguage":"es","@id":"https:\/\/marthacifuentes.com\/portada\/dos-clanes-disputan-la-gobernacion-de-casanare\/#primaryimage","url":"https:\/\/marthacifuentes.com\/portada\/wp-content\/uploads\/2023\/07\/MARCO-TULIO-ALIRIO-CESAR-MARISELA-scaled.jpg","contentUrl":"https:\/\/marthacifuentes.com\/portada\/wp-content\/uploads\/2023\/07\/MARCO-TULIO-ALIRIO-CESAR-MARISELA-scaled.jpg","width":2560,"height":1438},{"@type":"BreadcrumbList","@id":"https:\/\/marthacifuentes.com\/portada\/dos-clanes-disputan-la-gobernacion-de-casanare\/#breadcrumb","itemListElement":[{"@type":"ListItem","position":1,"name":"Portada","item":"https:\/\/marthacifuentes.com\/portada\/"},{"@type":"ListItem","position":2,"name":"Dos clanes disputan la Gobernaci\u00f3n de Casanare"}]},{"@type":"WebSite","@id":"https:\/\/marthacifuentes.com\/portada\/#website","url":"https:\/\/marthacifuentes.com\/portada\/","name":"\u25b7 Noticias de Casanare : Martha Cifuentes | Casanare","description":"Noticias &amp; Contenidos","potentialAction":[{"@type":"SearchAction","target":{"@type":"EntryPoint","urlTemplate":"https:\/\/marthacifuentes.com\/portada\/?s={search_term_string}"},"query-input":{"@type":"PropertyValueSpecification","valueRequired":true,"valueName":"search_term_string"}}],"inLanguage":"es"},{"@type":"Person","@id":"https:\/\/marthacifuentes.com\/portada\/#\/schema\/person\/57f53174b991db5f90ff78d58502b714","name":"Martha Cifuentes","image":{"@type":"ImageObject","inLanguage":"es","@id":"https:\/\/marthacifuentes.com\/portada\/#\/schema\/person\/image\/","url":"http:\/\/marthacifuentes.com\/portada\/wp-content\/uploads\/2018\/06\/avatar_user_2_1528838701-96x96.jpg","contentUrl":"http:\/\/marthacifuentes.com\/portada\/wp-content\/uploads\/2018\/06\/avatar_user_2_1528838701-96x96.jpg","caption":"Martha Cifuentes"},"sameAs":["http:\/\/www.marthacifuentes.com"],"url":"https:\/\/marthacifuentes.com\/portada\/author\/martha\/"}]}},"_links":{"self":[{"href":"https:\/\/marthacifuentes.com\/portada\/wp-json\/wp\/v2\/posts\/31904","targetHints":{"allow":["GET"]}}],"collection":[{"href":"https:\/\/marthacifuentes.com\/portada\/wp-json\/wp\/v2\/posts"}],"about":[{"href":"https:\/\/marthacifuentes.com\/portada\/wp-json\/wp\/v2\/types\/post"}],"author":[{"embeddable":true,"href":"https:\/\/marthacifuentes.com\/portada\/wp-json\/wp\/v2\/users\/2"}],"replies":[{"embeddable":true,"href":"https:\/\/marthacifuentes.com\/portada\/wp-json\/wp\/v2\/comments?post=31904"}],"version-history":[{"count":1,"href":"https:\/\/marthacifuentes.com\/portada\/wp-json\/wp\/v2\/posts\/31904\/revisions"}],"predecessor-version":[{"id":31906,"href":"https:\/\/marthacifuentes.com\/portada\/wp-json\/wp\/v2\/posts\/31904\/revisions\/31906"}],"wp:featuredmedia":[{"embeddable":true,"href":"https:\/\/marthacifuentes.com\/portada\/wp-json\/wp\/v2\/media\/31905"}],"wp:attachment":[{"href":"https:\/\/marthacifuentes.com\/portada\/wp-json\/wp\/v2\/media?parent=31904"}],"wp:term":[{"taxonomy":"category","embeddable":true,"href":"https:\/\/marthacifuentes.com\/portada\/wp-json\/wp\/v2\/categories?post=31904"},{"taxonomy":"post_tag","embeddable":true,"href":"https:\/\/marthacifuentes.com\/portada\/wp-json\/wp\/v2\/tags?post=31904"}],"curies":[{"name":"wp","href":"https:\/\/api.w.org\/{rel}","templated":true}]}}