{"id":31950,"date":"2023-08-15T05:30:16","date_gmt":"2023-08-15T10:30:16","guid":{"rendered":"https:\/\/marthacifuentes.com\/portada\/?p=31950"},"modified":"2023-08-15T05:38:20","modified_gmt":"2023-08-15T10:38:20","slug":"disidencias-de-las-farc-activaron-plan-pistola-contra-policias-en-casanare-un-sospechoso-tenia-fotos-de-agentes","status":"publish","type":"post","link":"https:\/\/marthacifuentes.com\/portada\/disidencias-de-las-farc-activaron-plan-pistola-contra-policias-en-casanare-un-sospechoso-tenia-fotos-de-agentes\/","title":{"rendered":"Disidencias de las Farc activaron plan pistola contra polic\u00edas en Casanare. Un sospechoso ten\u00eda fotos de agentes.\u00a0"},"content":{"rendered":"<p><span data-contrast=\"auto\">El comandante de la polic\u00eda en Casanare, coronel Efra\u00edn Garc\u00eda, confirm\u00f3 que un audio que se filtr\u00f3 a medios de comunicaci\u00f3n donde se le informaba a los uniformados sobre la activaci\u00f3n del plan pistola contra polic\u00edas en Casanare por parte de las Disidencias de las Farc. <\/span><span data-ccp-props=\"{&quot;201341983&quot;:0,&quot;335559739&quot;:160,&quot;335559740&quot;:259}\">\u00a0<\/span><\/p>\n<p><span data-contrast=\"auto\">El alto oficial explic\u00f3 que lamentablemente en varias regiones del pa\u00eds ya han sido asesinados varios polic\u00edas y la instituci\u00f3n est\u00e1 en alerta frente a posibles ataques. Por ello se le ha pedido extremar precauciones a los uniformados. <\/span><span data-ccp-props=\"{&quot;201341983&quot;:0,&quot;335559739&quot;:160,&quot;335559740&quot;:259}\">\u00a0<\/span><\/p>\n<p><span data-contrast=\"auto\">Producto de la inteligencia policial se descubri\u00f3 hoy en Aguazul a un sujeto que portaba fotos de polic\u00edas y de la estaci\u00f3n de este municipio. Sobre esto se est\u00e1 investigando para procesar judicialmente al hombre. <\/span><span data-ccp-props=\"{&quot;201341983&quot;:0,&quot;335559739&quot;:160,&quot;335559740&quot;:259}\">\u00a0<\/span><\/p>\n<h2><span style=\"color: #ff6600;\">Otras noticias&#8230;<\/span><\/h2>\n<blockquote class=\"wp-embedded-content\" data-secret=\"ApNnFCDukU\"><p><a href=\"https:\/\/marthacifuentes.com\/portada\/2023\/08\/15\/otra-vez-cerrada-via-del-cusiana-inminente-colapso-de-puente-de-quebrada-negra\/\">Otra vez cerrada v\u00eda del Cusiana. Inminente colapso de puente de Quebrada Negra. \u00a0<\/a><\/p><\/blockquote>\n<p><iframe loading=\"lazy\" class=\"wp-embedded-content\" sandbox=\"allow-scripts\" security=\"restricted\" style=\"position: absolute; clip: rect(1px, 1px, 1px, 1px);\" title=\"\u00abOtra vez cerrada v\u00eda del Cusiana. Inminente colapso de puente de Quebrada Negra. \u00a0\u00bb \u2014 \u25b7 Noticias de Casanare : Martha Cifuentes | Casanare\" src=\"https:\/\/marthacifuentes.com\/portada\/2023\/08\/15\/otra-vez-cerrada-via-del-cusiana-inminente-colapso-de-puente-de-quebrada-negra\/embed\/#?secret=Qxh5cYe181#?secret=ApNnFCDukU\" data-secret=\"ApNnFCDukU\" width=\"500\" height=\"282\" frameborder=\"0\" marginwidth=\"0\" marginheight=\"0\" scrolling=\"no\"><\/iframe><\/p>\n<blockquote class=\"wp-embedded-content\" data-secret=\"qF01qMwkoJ\"><p><a href=\"https:\/\/marthacifuentes.com\/portada\/2023\/08\/15\/gerente-de-la-eaaay-expuesto-a-investigaciones-penales-y-disciplinarias-por-multimillonarios-contratos-contraloria-lo-echo-al-agua\/\">Gerente de la Eaaay expuesto a investigaciones penales y disciplinarias por multimillonarios contratos. Contralor\u00eda lo ech\u00f3 al agua.\u00a0<\/a><\/p><\/blockquote>\n<p><iframe loading=\"lazy\" class=\"wp-embedded-content\" sandbox=\"allow-scripts\" security=\"restricted\" style=\"position: absolute; clip: rect(1px, 1px, 1px, 1px);\" title=\"\u00abGerente de la Eaaay expuesto a investigaciones penales y disciplinarias por multimillonarios contratos. Contralor\u00eda lo ech\u00f3 al agua.\u00a0\u00bb \u2014 \u25b7 Noticias de Casanare : Martha Cifuentes | Casanare\" src=\"https:\/\/marthacifuentes.com\/portada\/2023\/08\/15\/gerente-de-la-eaaay-expuesto-a-investigaciones-penales-y-disciplinarias-por-multimillonarios-contratos-contraloria-lo-echo-al-agua\/embed\/#?secret=IjLqSNi0kk#?secret=qF01qMwkoJ\" data-secret=\"qF01qMwkoJ\" width=\"500\" height=\"282\" frameborder=\"0\" marginwidth=\"0\" marginheight=\"0\" scrolling=\"no\"><\/iframe><\/p>\n<blockquote class=\"wp-embedded-content\" data-secret=\"TTWSC6Ey4g\"><p><a href=\"https:\/\/marthacifuentes.com\/portada\/2023\/08\/03\/un-muerto-y-una-mujer-herida-deja-ataque-sicarial-en-zona-rural-de-aguazul\/\">Un muerto y una mujer herida deja ataque sicarial en zona rural de Aguazul<\/a><\/p><\/blockquote>\n<p><iframe loading=\"lazy\" class=\"wp-embedded-content\" sandbox=\"allow-scripts\" security=\"restricted\" style=\"position: absolute; clip: rect(1px, 1px, 1px, 1px);\" title=\"\u00abUn muerto y una mujer herida deja ataque sicarial en zona rural de Aguazul\u00bb \u2014 \u25b7 Noticias de Casanare : Martha Cifuentes | Casanare\" src=\"https:\/\/marthacifuentes.com\/portada\/2023\/08\/03\/un-muerto-y-una-mujer-herida-deja-ataque-sicarial-en-zona-rural-de-aguazul\/embed\/#?secret=W5QLFJOaTv#?secret=TTWSC6Ey4g\" data-secret=\"TTWSC6Ey4g\" width=\"500\" height=\"282\" frameborder=\"0\" marginwidth=\"0\" marginheight=\"0\" scrolling=\"no\"><\/iframe><\/p>\n<p><iframe loading=\"lazy\" class=\"wp-embedded-content\" title=\"\u00abM\u00e1s de 2 mil candidatos a elecciones en Casanare, seg\u00fan Registradur\u00eda\u00bb \u2014 \u25b7 Noticias de Casanare : Martha Cifuentes | Casanare\" src=\"https:\/\/marthacifuentes.com\/portada\/2023\/08\/03\/mas-de-2-mil-candidatos-a-elecciones-en-casanare-segun-registraduria\/embed\/#?secret=f1AUbIjKWB#?secret=jJSHiavxST\" width=\"600\" height=\"621\" frameborder=\"0\" marginwidth=\"0\" marginheight=\"0\" scrolling=\"no\" sandbox=\"allow-scripts\" data-secret=\"jJSHiavxST\" data-mce-fragment=\"1\"><\/iframe><\/p>\n<p><iframe loading=\"lazy\" class=\"wp-embedded-content\" title=\"\u00abM\u00e1s de 60 emprendedores hoy y ma\u00f1ana en 3er Sal\u00f3n del Emprendimiento en C\u00e1mara de Comercio de Casanare\u00bb \u2014 \u25b7 Noticias de Casanare : Martha Cifuentes | Casanare\" src=\"https:\/\/marthacifuentes.com\/portada\/2023\/08\/03\/mas-de-60-emprendedores-hoy-y-manana-en-3er-salon-del-emprendimiento-en-camara-de-comercio-de-casanare\/embed\/#?secret=1RWaZjU8c4#?secret=VUMDhJo8fy\" width=\"600\" height=\"603\" frameborder=\"0\" marginwidth=\"0\" marginheight=\"0\" scrolling=\"no\" sandbox=\"allow-scripts\" data-secret=\"VUMDhJo8fy\" data-mce-fragment=\"1\"><\/iframe><\/p>\n<p><iframe loading=\"lazy\" class=\"wp-embedded-content\" title=\"\u00abExpectativa por audiencias de la JEP en Yopal en septiembre sobre falsos positivos\u00bb \u2014 \u25b7 Noticias de Casanare : Martha Cifuentes | Casanare\" src=\"https:\/\/marthacifuentes.com\/portada\/2023\/08\/01\/expectativa-por-audiencias-de-la-jep-en-yopal-en-septiembre-sobre-falsos-positivos\/embed\/#?secret=EymtcdzqrG#?secret=wgNYCK95q2\" width=\"600\" height=\"621\" frameborder=\"0\" marginwidth=\"0\" marginheight=\"0\" scrolling=\"no\" sandbox=\"allow-scripts\" data-secret=\"wgNYCK95q2\" data-mce-fragment=\"1\"><\/iframe><\/p>\n<p><iframe loading=\"lazy\" class=\"wp-embedded-content\" title=\"\u00abEn zona rural de Casanare Guillermo Velandia anunci\u00f3 su inscripci\u00f3n como candidato a la Gobernaci\u00f3n\u00bb \u2014 \u25b7 Noticias de Casanare : Martha Cifuentes | Casanare\" src=\"https:\/\/marthacifuentes.com\/portada\/2023\/07\/31\/en-zona-rural-de-casanare-guillermo-velandia-anuncio-su-inscripcion-como-candidato-a-la-gobernacion\/embed\/#?secret=44EbdHapAc#?secret=Q0vS6iRnIK\" width=\"600\" height=\"621\" frameborder=\"0\" marginwidth=\"0\" marginheight=\"0\" scrolling=\"no\" sandbox=\"allow-scripts\" data-secret=\"Q0vS6iRnIK\" data-mce-fragment=\"1\"><\/iframe><\/p>\n<p><iframe loading=\"lazy\" class=\"wp-embedded-content\" title=\"\u00abVolver\u00e1n las fotomultas a Yopal de la mano del alcalde Luis Eduardo Castro.\u00bb \u2014 \u25b7 Noticias de Casanare : Martha Cifuentes | Casanare\" src=\"https:\/\/marthacifuentes.com\/portada\/2023\/07\/28\/volveran-las-fotomultas-a-yopal-de-la-mano-del-alcalde-luis-eduardo-castro\/embed\/#?secret=fJuVCgAPNd#?secret=Cmz2aLJLg2\" width=\"600\" height=\"600\" frameborder=\"0\" marginwidth=\"0\" marginheight=\"0\" scrolling=\"no\" sandbox=\"allow-scripts\" data-secret=\"Cmz2aLJLg2\" data-mce-fragment=\"1\"><\/iframe><\/p>\n<p><iframe loading=\"lazy\" class=\"wp-embedded-content\" title=\"\u00abAsesinado a bala taxista Nilson Estepa en su taxi en el terminal de transportes de Yopal\u00bb \u2014 \u25b7 Noticias de Casanare : Martha Cifuentes | Casanare\" src=\"https:\/\/marthacifuentes.com\/portada\/2023\/07\/28\/asesinado-a-bala-taxista-nilson-estepa-en-su-taxi-en-el-terminal-de-transportes-de-yopal\/embed\/#?secret=cXmid2xb2i#?secret=aeve0Jfnin\" width=\"600\" height=\"600\" frameborder=\"0\" marginwidth=\"0\" marginheight=\"0\" scrolling=\"no\" sandbox=\"allow-scripts\" data-secret=\"aeve0Jfnin\" data-mce-fragment=\"1\"><\/iframe><\/p>\n<p><iframe loading=\"lazy\" class=\"wp-embedded-content\" title=\"\u00abDos clanes disputan la Gobernaci\u00f3n de Casanare\u00bb \u2014 \u25b7 Noticias de Casanare : Martha Cifuentes | Casanare\" src=\"https:\/\/marthacifuentes.com\/portada\/2023\/07\/27\/dos-clanes-disputan-la-gobernacion-de-casanare\/embed\/#?secret=PHbd0MglBq#?secret=Qvoet7TSsj\" width=\"600\" height=\"569\" frameborder=\"0\" marginwidth=\"0\" marginheight=\"0\" scrolling=\"no\" sandbox=\"allow-scripts\" data-secret=\"Qvoet7TSsj\" data-mce-fragment=\"1\"><\/iframe><\/p>\n<div class=\"x11i5rnm xat24cr x1mh8g0r x1vvkbs xtlvy1s x126k92a\">\n<p><iframe loading=\"lazy\" class=\"wp-embedded-content\" title=\"\u00abEl Nuevo Liberalismo coaval\u00f3 a Zorro y Marco Tulio. Alianza contra el Clan Barrera\u00bb \u2014 \u25b7 Noticias de Casanare : Martha Cifuentes | Casanare\" src=\"https:\/\/marthacifuentes.com\/portada\/2023\/07\/27\/el-nuevo-liberalismo-coavalo-a-zorro-y-marco-tulio-alianza-contra-el-clan-barrera\/embed\/#?secret=4U3L6Df4WL#?secret=lrM4Wt3zGn\" width=\"600\" height=\"600\" frameborder=\"0\" marginwidth=\"0\" marginheight=\"0\" scrolling=\"no\" sandbox=\"allow-scripts\" data-secret=\"lrM4Wt3zGn\" data-mce-fragment=\"1\"><\/iframe><\/p>\n<p><iframe loading=\"lazy\" class=\"wp-embedded-content\" title=\"\u00abIdentificado asesino de Gladys Gait\u00e1n, de Yopal. La ahorc\u00f3 e intent\u00f3 desaparecerla.\u00bb \u2014 \u25b7 Noticias de Casanare : Martha Cifuentes | Casanare\" src=\"https:\/\/marthacifuentes.com\/portada\/2023\/07\/27\/identificado-asesino-de-gladys-gaitan-de-yopal-la-ahorco-e-intento-desaparecerla\/embed\/#?secret=ULx7adm9tD#?secret=NUcqg1BE68\" width=\"600\" height=\"621\" frameborder=\"0\" marginwidth=\"0\" marginheight=\"0\" scrolling=\"no\" sandbox=\"allow-scripts\" data-secret=\"NUcqg1BE68\" data-mce-fragment=\"1\"><\/iframe><\/p>\n<p><iframe loading=\"lazy\" class=\"wp-embedded-content\" title=\"\u00abYopal seguir\u00e1 con problema de alcantarillado. Fue fallida audiencia de pacto de cumplimiento de la Eaaay y accionante Leonardo Puentes\u00bb \u2014 \u25b7 Noticias de Casanare : Martha Cifuentes | Casanare\" src=\"https:\/\/marthacifuentes.com\/portada\/2023\/07\/27\/yopal-seguira-con-problema-de-alcantarillado-fue-fallida-audiencia-de-pacto-de-cumplimiento-de-la-eaaay-y-accionante-leonardo-puentes\/embed\/#?secret=SVaA766fFJ#?secret=VnBFQlhgJn\" width=\"600\" height=\"649\" frameborder=\"0\" marginwidth=\"0\" marginheight=\"0\" scrolling=\"no\" sandbox=\"allow-scripts\" data-secret=\"VnBFQlhgJn\" data-mce-fragment=\"1\"><\/iframe><\/p>\n<p><iframe loading=\"lazy\" class=\"wp-embedded-content\" title=\"\u00abMujer de Yopal desaparecida hac\u00eda 3 d\u00edas en Nunch\u00eda fue hallada muerta en Pore. Victimario trat\u00f3 de ocultar su cad\u00e1ver.\u00bb \u2014 \u25b7 Noticias de Casanare : Martha Cifuentes | Casanare\" src=\"https:\/\/marthacifuentes.com\/portada\/2023\/07\/26\/mujer-de-yopal-desaparecida-hacia-3-dias-en-nunchia-fue-hallada-muerta-en-pore-victimario-trato-de-ocultar-su-cadaver\/embed\/#?secret=N5NmCvh4Rz#?secret=BjvaiK5SF2\" width=\"600\" height=\"649\" frameborder=\"0\" marginwidth=\"0\" marginheight=\"0\" scrolling=\"no\" sandbox=\"allow-scripts\" data-secret=\"BjvaiK5SF2\" data-mce-fragment=\"1\"><\/iframe><\/p>\n<p><iframe loading=\"lazy\" class=\"wp-embedded-content\" title=\"\u00abCentro Democr\u00e1tico aspira a completar 12 a\u00f1os en la Gobernaci\u00f3n de Casanare y va por m\u00e1s alcald\u00edas\u00bb \u2014 \u25b7 Noticias de Casanare : Martha Cifuentes | Casanare\" src=\"https:\/\/marthacifuentes.com\/portada\/2023\/07\/26\/centro-democratico-aspira-a-completar-12-anos-en-la-gobernacion-de-casanare-y-va-por-mas-alcaldias\/embed\/#?secret=e0TTY7qQSO#?secret=goZpYcpYWA\" width=\"600\" height=\"621\" frameborder=\"0\" marginwidth=\"0\" marginheight=\"0\" scrolling=\"no\" sandbox=\"allow-scripts\" data-secret=\"goZpYcpYWA\" data-mce-fragment=\"1\"><\/iframe><\/p>\n<p><iframe loading=\"lazy\" class=\"wp-embedded-content\" title=\"\u00abUn menor de edad y 4 adultos extorsionistas del clan del Golfo capturados en Casanare\u00bb \u2014 \u25b7 Noticias de Casanare : Martha Cifuentes | Casanare\" src=\"https:\/\/marthacifuentes.com\/portada\/2023\/07\/26\/un-menor-de-edad-y-4-adultos-extorsionistas-del-clan-del-golfo-capturados-en-casanare\/embed\/#?secret=d9ouCzCzLc#?secret=14i5bUURwo\" width=\"600\" height=\"621\" frameborder=\"0\" marginwidth=\"0\" marginheight=\"0\" scrolling=\"no\" sandbox=\"allow-scripts\" data-secret=\"14i5bUURwo\" data-mce-fragment=\"1\"><\/iframe><\/p>\n<p><iframe loading=\"lazy\" class=\"wp-embedded-content\" title=\"\u00abTres familias fueron sacadas a la fuerza de El Pajonal-r\u00edo Cravo Sur de Yopal.\u00bb \u2014 \u25b7 Noticias de Casanare : Martha Cifuentes | Casanare\" src=\"https:\/\/marthacifuentes.com\/portada\/2023\/07\/26\/tres-familias-fueron-sacadas-a-la-fuerza-de-el-pajonal-rio-cravo-sur-de-yopal\/embed\/#?secret=0uJccOsFwG#?secret=A4Be1oC0gb\" width=\"600\" height=\"588\" frameborder=\"0\" marginwidth=\"0\" marginheight=\"0\" scrolling=\"no\" sandbox=\"allow-scripts\" data-secret=\"A4Be1oC0gb\" data-mce-fragment=\"1\"><\/iframe><\/p>\n<p><iframe loading=\"lazy\" class=\"wp-embedded-content\" title=\"\u00abOtra vez colaps\u00f3 la bocatoma de la inconclusa PTAP de Yopal y Eaaay pide paciencia a usuarios ante bajas presiones en la distribuci\u00f3n del agua.\u00bb \u2014 \u25b7 Noticias de Casanare : Martha Cifuentes | Casanare\" src=\"https:\/\/marthacifuentes.com\/portada\/2023\/07\/21\/otra-vez-colapso-la-bocatoma-de-la-inconclusa-ptap-de-yopal-y-eaaay-pide-paciencia-a-usuarios-ante-bajas-presiones-en-la-distribucion-del-agua\/embed\/#?secret=cogvxprs9r#?secret=E1uAhd97jB\" width=\"600\" height=\"628\" frameborder=\"0\" marginwidth=\"0\" marginheight=\"0\" scrolling=\"no\" sandbox=\"allow-scripts\" data-secret=\"E1uAhd97jB\" data-mce-fragment=\"1\"><\/iframe><\/p>\n<p><iframe loading=\"lazy\" class=\"wp-embedded-content\" title=\"\u00abEn crimen de odio contra una mujer, un hombre la asesin\u00f3 y luego fue dado de baja por la polic\u00eda en Aguazul\u00bb \u2014 \u25b7 Noticias de Casanare : Martha Cifuentes | Casanare\" src=\"https:\/\/marthacifuentes.com\/portada\/2023\/07\/19\/en-crimen-de-odio-contra-una-mujer-un-hombre-la-asesino-y-luego-fue-dado-de-baja-por-la-policia-en-aguazul\/embed\/#?secret=YwO5WyX8uE#?secret=3UHmAiJPtJ\" width=\"600\" height=\"649\" frameborder=\"0\" marginwidth=\"0\" marginheight=\"0\" scrolling=\"no\" sandbox=\"allow-scripts\" data-secret=\"3UHmAiJPtJ\" data-mce-fragment=\"1\"><\/iframe><\/p>\n<p><iframe loading=\"lazy\" class=\"wp-embedded-content\" title=\"\u00abEl alcalde de Man\u00ed Jersson Montoya no se puso rojo al cambiarse al verde en pol\u00edtica\u00bb \u2014 \u25b7 Noticias de Casanare : Martha Cifuentes | Casanare\" src=\"https:\/\/marthacifuentes.com\/portada\/2023\/07\/19\/el-alcalde-de-mani-jersson-montoya-no-se-puso-rojo-al-cambiarse-al-verde-en-politica\/embed\/#?secret=Yv4ndQaVrX#?secret=RREYje8t8b\" width=\"600\" height=\"621\" frameborder=\"0\" marginwidth=\"0\" marginheight=\"0\" scrolling=\"no\" sandbox=\"allow-scripts\" data-secret=\"RREYje8t8b\" data-mce-fragment=\"1\"><\/iframe><\/p>\n<p><iframe loading=\"lazy\" class=\"wp-embedded-content\" title=\"\u00abTestimonios de \u201cparas\u201d hundieron a Nelson Mari\u00f1o. Fue candidato de las ACC para la alcald\u00eda de Yopal en 2003.\u00bb \u2014 \u25b7 Noticias de Casanare : Martha Cifuentes | Casanare\" src=\"https:\/\/marthacifuentes.com\/portada\/2023\/07\/19\/testimonios-de-paras-hundieron-a-nelson-marino-fue-candidato-de-las-acc-para-la-alcaldia-de-yopal-en-2003\/embed\/#?secret=6e94ELXWoX#?secret=q3fRhPp3Mf\" width=\"600\" height=\"649\" frameborder=\"0\" marginwidth=\"0\" marginheight=\"0\" scrolling=\"no\" sandbox=\"allow-scripts\" data-secret=\"q3fRhPp3Mf\" data-mce-fragment=\"1\"><\/iframe><\/p>\n<p><iframe loading=\"lazy\" class=\"wp-embedded-content\" title=\"\u00abEl trapo rojo se agit\u00f3 en entrega de aval a Javier Rivera, candidato a la Alcald\u00eda de Yopal\u00bb \u2014 \u25b7 Noticias de Casanare : Martha Cifuentes | Casanare\" src=\"https:\/\/marthacifuentes.com\/portada\/2023\/07\/17\/el-trapo-rojo-se-agito-en-entrega-de-aval-a-javier-rivera-candidato-a-la-alcaldia-de-yopal\/embed\/#?secret=9znCgxn4qy#?secret=keD5A5JNer\" width=\"600\" height=\"621\" frameborder=\"0\" marginwidth=\"0\" marginheight=\"0\" scrolling=\"no\" sandbox=\"allow-scripts\" data-secret=\"keD5A5JNer\" data-mce-fragment=\"1\"><\/iframe><\/p>\n<p><iframe loading=\"lazy\" class=\"wp-embedded-content\" title=\"\u00abZorro se arriesg\u00f3 a coaval colorido de Verdes y Cambio Radical para la Gobernaci\u00f3n de Casanare en af\u00e1n de acabar con Clan Barrera\u00bb \u2014 \u25b7 Noticias de Casanare : Martha Cifuentes | Casanare\" src=\"https:\/\/marthacifuentes.com\/portada\/2023\/07\/14\/zorro-se-arriesgo-a-coaval-colorido-de-verdes-y-cambio-radical-para-la-gobernacion-de-casanare-en-afan-de-acabar-con-clan-barrera\/embed\/#?secret=RGLvXh4YKP#?secret=XInOtropLJ\" width=\"600\" height=\"649\" frameborder=\"0\" marginwidth=\"0\" marginheight=\"0\" scrolling=\"no\" sandbox=\"allow-scripts\" data-secret=\"XInOtropLJ\" data-mce-fragment=\"1\"><\/iframe><\/p>\n<p><iframe loading=\"lazy\" class=\"wp-embedded-content\" title=\"\u00abLas torpezas del que se cree un zorro\u00bb \u2014 \u25b7 Noticias de Casanare : Martha Cifuentes | Casanare\" src=\"https:\/\/marthacifuentes.com\/portada\/2023\/07\/13\/las-torpezas-del-que-se-cree-un-zorro\/embed\/#?secret=lD1jTKqLSv#?secret=gRmiRLNUSC\" width=\"600\" height=\"571\" frameborder=\"0\" marginwidth=\"0\" marginheight=\"0\" scrolling=\"no\" sandbox=\"allow-scripts\" data-secret=\"gRmiRLNUSC\" data-mce-fragment=\"1\"><\/iframe><\/p>\n<p><iframe loading=\"lazy\" class=\"wp-embedded-content\" title=\"\u00abPresidente de Asamblea de Casanare Jorge Garc\u00eda denunciado por acoso laboral por parte de la secretaria general. Le impuso a su madrastra como \u201cjefe\u201d\u00bb \u2014 \u25b7 Noticias de Casanare : Martha Cifuentes | Casanare\" src=\"https:\/\/marthacifuentes.com\/portada\/2023\/07\/10\/presidente-de-asamblea-de-casanare-jorge-garcia-denunciado-por-acoso-laboral-por-parte-de-la-secretaria-general-le-impuso-a-su-madrastra-como-jefe\/embed\/#?secret=gv9iTmaoVa#?secret=UvcK9xHE0X\" width=\"600\" height=\"657\" frameborder=\"0\" marginwidth=\"0\" marginheight=\"0\" scrolling=\"no\" sandbox=\"allow-scripts\" data-secret=\"UvcK9xHE0X\" data-mce-fragment=\"1\"><\/iframe><\/p>\n<p><iframe loading=\"lazy\" class=\"wp-embedded-content\" title=\"\u00abEste 15 de julio en la noche se suspender\u00e1 suministro de gas vehicular en Yopal\u00bb \u2014 \u25b7 Noticias de Casanare : Martha Cifuentes | Casanare\" src=\"https:\/\/marthacifuentes.com\/portada\/2023\/07\/06\/este-15-de-julio-en-la-noche-se-suspendera-suministro-de-gas-vehicular-en-yopal\/embed\/#?secret=PdWAMsVj8k#?secret=xzjAigstkP\" width=\"600\" height=\"589\" frameborder=\"0\" marginwidth=\"0\" marginheight=\"0\" scrolling=\"no\" sandbox=\"allow-scripts\" data-secret=\"xzjAigstkP\" data-mce-fragment=\"1\"><\/iframe><\/p>\n<p><iframe loading=\"lazy\" class=\"wp-embedded-content\" title=\"\u00abAlirio Barrera volvi\u00f3 a poner candidato a la Gobernaci\u00f3n de Casanare. La elegida, su esposa Marisela Duarte, genera resistencia por nepotismo.\u00bb \u2014 \u25b7 Noticias de Casanare : Martha Cifuentes | Casanare\" src=\"https:\/\/marthacifuentes.com\/portada\/2023\/07\/06\/alirio-barrera-volvio-a-poner-candidato-a-la-gobernacion-de-casanare-la-elegida-su-esposa-marisela-duarte-genera-resistencia-por-nepotismo\/embed\/#?secret=zCOgBLa6OJ#?secret=fFBvkxUJrS\" width=\"600\" height=\"649\" frameborder=\"0\" marginwidth=\"0\" marginheight=\"0\" scrolling=\"no\" sandbox=\"allow-scripts\" data-secret=\"fFBvkxUJrS\" data-mce-fragment=\"1\"><\/iframe><\/p>\n<p><iframe loading=\"lazy\" class=\"wp-embedded-content\" title=\"\u00abAlcalde de Man\u00ed Jersson Montoya y exsecretario de despacho, denunciados por irregularidades en su nombramiento. Habr\u00eda falseado documentos.\u00bb \u2014 \u25b7 Noticias de Casanare : Martha Cifuentes | Casanare\" src=\"https:\/\/marthacifuentes.com\/portada\/2023\/07\/05\/alcalde-de-mani-jersson-montoya-y-exsecretario-de-despacho-denunciados-por-irregularidades-en-su-nombramiento-habria-falseado-documentos\/embed\/#?secret=COh9Qhxwah#?secret=3FcoRg7COi\" width=\"600\" height=\"649\" frameborder=\"0\" marginwidth=\"0\" marginheight=\"0\" scrolling=\"no\" sandbox=\"allow-scripts\" data-secret=\"3FcoRg7COi\" data-mce-fragment=\"1\"><\/iframe><\/p>\n<p><iframe loading=\"lazy\" class=\"wp-embedded-content\" title=\"\u00abGerm\u00e1n Vargas Lleras quiere poner orden en la \u201cCasita\u201d en Casanare\u00bb \u2014 \u25b7 Noticias de Casanare : Martha Cifuentes | Casanare\" src=\"https:\/\/marthacifuentes.com\/portada\/2023\/07\/05\/german-vargas-lleras-quiere-poner-orden-en-la-casita-en-casanare\/embed\/#?secret=d1bkfj3nTG#?secret=vTQAaxgtqX\" width=\"600\" height=\"574\" frameborder=\"0\" marginwidth=\"0\" marginheight=\"0\" scrolling=\"no\" sandbox=\"allow-scripts\" data-secret=\"vTQAaxgtqX\" data-mce-fragment=\"1\"><\/iframe><\/p>\n<p><iframe loading=\"lazy\" class=\"wp-embedded-content\" title=\"\u00abYopal y Aguazul, asediados por el Clan del Golfo, ELN, Disidencias Farc y delincuentes comunes, seg\u00fan Alerta Temprana de Defensor\u00eda del Pueblo\u00bb \u2014 \u25b7 Noticias de Casanare : Martha Cifuentes | Casanare\" src=\"https:\/\/marthacifuentes.com\/portada\/2023\/06\/30\/yopal-y-aguazul-asediados-por-el-clan-del-golfo-eln-disidencias-farc-y-delincuentes-comunes-segun-alerta-temprana-de-defensoria-del-pueblo\/embed\/#?secret=nCcqzXF9pv#?secret=SWsEKTvv84\" width=\"600\" height=\"628\" frameborder=\"0\" marginwidth=\"0\" marginheight=\"0\" scrolling=\"no\" sandbox=\"allow-scripts\" data-secret=\"SWsEKTvv84\" data-mce-fragment=\"1\"><\/iframe><\/p>\n<p><iframe loading=\"lazy\" class=\"wp-embedded-content\" title=\"\u00abNueva convocatoria Ella es Astronauta Virtual para formar a 100 ni\u00f1as colombianas\u00bb \u2014 \u25b7 Noticias de Casanare : Martha Cifuentes | Casanare\" src=\"https:\/\/marthacifuentes.com\/portada\/2023\/06\/29\/nueva-convocatoria-ella-es-astronauta-virtual-para-formar-a-100-ninas-colombianas\/embed\/#?secret=VIW8vo8629#?secret=C4SiWRpUnl\" width=\"600\" height=\"621\" frameborder=\"0\" marginwidth=\"0\" marginheight=\"0\" scrolling=\"no\" sandbox=\"allow-scripts\" data-secret=\"C4SiWRpUnl\" data-mce-fragment=\"1\"><\/iframe><\/p>\n<p><iframe loading=\"lazy\" class=\"wp-embedded-content\" title=\"\u00abCon 138 mil firmas de apoyo, Guillermo Velandia busca aval a la Gobernaci\u00f3n de Casanare. Quiere ser gobernador \u00abSin clanes pol\u00edticos y maquinarias\u00bb\u00bb \u2014 \u25b7 Noticias de Casanare : Martha Cifuentes | Casanare\" src=\"https:\/\/marthacifuentes.com\/portada\/2023\/06\/23\/con-138-mil-firmas-de-apoyo-guillermo-velandia-busca-aval-a-la-gobernacion-de-casanare-quiere-ser-gobernador-sin-clanes-politicos-y-maquinarias\/embed\/#?secret=Zs3tIfDYDe#?secret=ipJHc6MEZT\" width=\"600\" height=\"649\" frameborder=\"0\" marginwidth=\"0\" marginheight=\"0\" scrolling=\"no\" sandbox=\"allow-scripts\" data-secret=\"ipJHc6MEZT\" data-mce-fragment=\"1\"><\/iframe><\/p>\n<\/div>\n","protected":false},"excerpt":{"rendered":"<p>El comandante de la polic\u00eda en Casanare, coronel Efra\u00edn Garc\u00eda, confirm\u00f3 que un audio que se filtr\u00f3 a medios de comunicaci\u00f3n donde se le informaba a los uniformados sobre la activaci\u00f3n del plan pistola contra polic\u00edas en Casanare por parte de las Disidencias de las Farc. \u00a0 El alto oficial explic\u00f3 que lamentablemente en varias &hellip;<\/p>\n","protected":false},"author":2,"featured_media":31951,"comment_status":"open","ping_status":"open","sticky":false,"template":"","format":"standard","meta":{"om_disable_all_campaigns":false,"_exactmetrics_skip_tracking":false,"_exactmetrics_sitenote_active":false,"_exactmetrics_sitenote_note":"","_exactmetrics_sitenote_category":0,"_monsterinsights_skip_tracking":false,"_monsterinsights_sitenote_active":false,"_monsterinsights_sitenote_note":"","_monsterinsights_sitenote_category":0,"_uf_show_specific_survey":0,"_uf_disable_surveys":false,"_joinchat":[],"footnotes":""},"categories":[147,146,145],"tags":[1373,1400,9294,9295,1376],"class_list":["post-31950","post","type-post","status-publish","format-standard","has-post-thumbnail","hentry","category-actualidad","category-noticias","category-reportajes","tag-casanare-noticias","tag-noticias-casanare","tag-noticias-policia-casanare","tag-plan-pistola-contra-policias-casanare-disidencias-farc","tag-yopal-noticias"],"yoast_head":"<!-- This site is optimized with the Yoast SEO plugin v26.1 - https:\/\/yoast.com\/wordpress\/plugins\/seo\/ -->\n<title>Disidencias de las Farc activaron plan pistola contra polic\u00edas en Casanare. Un sospechoso ten\u00eda fotos de agentes.\u00a0 - \u25b7 Noticias de Casanare : Martha Cifuentes | Casanare<\/title>\n<meta name=\"robots\" content=\"index, follow, max-snippet:-1, max-image-preview:large, max-video-preview:-1\" \/>\n<link rel=\"canonical\" href=\"https:\/\/marthacifuentes.com\/portada\/disidencias-de-las-farc-activaron-plan-pistola-contra-policias-en-casanare-un-sospechoso-tenia-fotos-de-agentes\/\" \/>\n<meta property=\"og:locale\" content=\"es_ES\" \/>\n<meta property=\"og:type\" content=\"article\" \/>\n<meta property=\"og:title\" content=\"Disidencias de las Farc activaron plan pistola contra polic\u00edas en Casanare. Un sospechoso ten\u00eda fotos de agentes.\u00a0 - \u25b7 Noticias de Casanare : Martha Cifuentes | Casanare\" \/>\n<meta property=\"og:description\" content=\"El comandante de la polic\u00eda en Casanare, coronel Efra\u00edn Garc\u00eda, confirm\u00f3 que un audio que se filtr\u00f3 a medios de comunicaci\u00f3n donde se le informaba a los uniformados sobre la activaci\u00f3n del plan pistola contra polic\u00edas en Casanare por parte de las Disidencias de las Farc. \u00a0 El alto oficial explic\u00f3 que lamentablemente en varias &hellip;\" \/>\n<meta property=\"og:url\" content=\"https:\/\/marthacifuentes.com\/portada\/disidencias-de-las-farc-activaron-plan-pistola-contra-policias-en-casanare-un-sospechoso-tenia-fotos-de-agentes\/\" \/>\n<meta property=\"og:site_name\" content=\"\u25b7 Noticias de Casanare : Martha Cifuentes | Casanare\" \/>\n<meta property=\"article:published_time\" content=\"2023-08-15T10:30:16+00:00\" \/>\n<meta property=\"article:modified_time\" content=\"2023-08-15T10:38:20+00:00\" \/>\n<meta property=\"og:image\" content=\"https:\/\/marthacifuentes.com\/portada\/wp-content\/uploads\/2023\/08\/policia-uraba-2.jpg\" \/>\n\t<meta property=\"og:image:width\" content=\"486\" \/>\n\t<meta property=\"og:image:height\" content=\"286\" \/>\n\t<meta property=\"og:image:type\" content=\"image\/jpeg\" \/>\n<meta name=\"author\" content=\"Martha Cifuentes\" \/>\n<meta name=\"twitter:card\" content=\"summary_large_image\" \/>\n<meta name=\"twitter:label1\" content=\"Escrito por\" \/>\n\t<meta name=\"twitter:data1\" content=\"Martha Cifuentes\" \/>\n\t<meta name=\"twitter:label2\" content=\"Tiempo de lectura\" \/>\n\t<meta name=\"twitter:data2\" content=\"1 minuto\" \/>\n<script type=\"application\/ld+json\" class=\"yoast-schema-graph\">{\"@context\":\"https:\/\/schema.org\",\"@graph\":[{\"@type\":\"WebPage\",\"@id\":\"https:\/\/marthacifuentes.com\/portada\/disidencias-de-las-farc-activaron-plan-pistola-contra-policias-en-casanare-un-sospechoso-tenia-fotos-de-agentes\/\",\"url\":\"https:\/\/marthacifuentes.com\/portada\/disidencias-de-las-farc-activaron-plan-pistola-contra-policias-en-casanare-un-sospechoso-tenia-fotos-de-agentes\/\",\"name\":\"Disidencias de las Farc activaron plan pistola contra polic\u00edas en Casanare. Un sospechoso ten\u00eda fotos de agentes.\u00a0 - \u25b7 Noticias de Casanare : Martha Cifuentes | Casanare\",\"isPartOf\":{\"@id\":\"https:\/\/marthacifuentes.com\/portada\/#website\"},\"primaryImageOfPage\":{\"@id\":\"https:\/\/marthacifuentes.com\/portada\/disidencias-de-las-farc-activaron-plan-pistola-contra-policias-en-casanare-un-sospechoso-tenia-fotos-de-agentes\/#primaryimage\"},\"image\":{\"@id\":\"https:\/\/marthacifuentes.com\/portada\/disidencias-de-las-farc-activaron-plan-pistola-contra-policias-en-casanare-un-sospechoso-tenia-fotos-de-agentes\/#primaryimage\"},\"thumbnailUrl\":\"https:\/\/marthacifuentes.com\/portada\/wp-content\/uploads\/2023\/08\/policia-uraba-2.jpg\",\"datePublished\":\"2023-08-15T10:30:16+00:00\",\"dateModified\":\"2023-08-15T10:38:20+00:00\",\"author\":{\"@id\":\"https:\/\/marthacifuentes.com\/portada\/#\/schema\/person\/57f53174b991db5f90ff78d58502b714\"},\"breadcrumb\":{\"@id\":\"https:\/\/marthacifuentes.com\/portada\/disidencias-de-las-farc-activaron-plan-pistola-contra-policias-en-casanare-un-sospechoso-tenia-fotos-de-agentes\/#breadcrumb\"},\"inLanguage\":\"es\",\"potentialAction\":[{\"@type\":\"ReadAction\",\"target\":[\"https:\/\/marthacifuentes.com\/portada\/disidencias-de-las-farc-activaron-plan-pistola-contra-policias-en-casanare-un-sospechoso-tenia-fotos-de-agentes\/\"]}]},{\"@type\":\"ImageObject\",\"inLanguage\":\"es\",\"@id\":\"https:\/\/marthacifuentes.com\/portada\/disidencias-de-las-farc-activaron-plan-pistola-contra-policias-en-casanare-un-sospechoso-tenia-fotos-de-agentes\/#primaryimage\",\"url\":\"https:\/\/marthacifuentes.com\/portada\/wp-content\/uploads\/2023\/08\/policia-uraba-2.jpg\",\"contentUrl\":\"https:\/\/marthacifuentes.com\/portada\/wp-content\/uploads\/2023\/08\/policia-uraba-2.jpg\",\"width\":486,\"height\":286},{\"@type\":\"BreadcrumbList\",\"@id\":\"https:\/\/marthacifuentes.com\/portada\/disidencias-de-las-farc-activaron-plan-pistola-contra-policias-en-casanare-un-sospechoso-tenia-fotos-de-agentes\/#breadcrumb\",\"itemListElement\":[{\"@type\":\"ListItem\",\"position\":1,\"name\":\"Portada\",\"item\":\"https:\/\/marthacifuentes.com\/portada\/\"},{\"@type\":\"ListItem\",\"position\":2,\"name\":\"Disidencias de las Farc activaron plan pistola contra polic\u00edas en Casanare. Un sospechoso ten\u00eda fotos de agentes.\u00a0\"}]},{\"@type\":\"WebSite\",\"@id\":\"https:\/\/marthacifuentes.com\/portada\/#website\",\"url\":\"https:\/\/marthacifuentes.com\/portada\/\",\"name\":\"\u25b7 Noticias de Casanare : Martha Cifuentes | Casanare\",\"description\":\"Noticias &amp; Contenidos\",\"potentialAction\":[{\"@type\":\"SearchAction\",\"target\":{\"@type\":\"EntryPoint\",\"urlTemplate\":\"https:\/\/marthacifuentes.com\/portada\/?s={search_term_string}\"},\"query-input\":{\"@type\":\"PropertyValueSpecification\",\"valueRequired\":true,\"valueName\":\"search_term_string\"}}],\"inLanguage\":\"es\"},{\"@type\":\"Person\",\"@id\":\"https:\/\/marthacifuentes.com\/portada\/#\/schema\/person\/57f53174b991db5f90ff78d58502b714\",\"name\":\"Martha Cifuentes\",\"image\":{\"@type\":\"ImageObject\",\"inLanguage\":\"es\",\"@id\":\"https:\/\/marthacifuentes.com\/portada\/#\/schema\/person\/image\/\",\"url\":\"http:\/\/marthacifuentes.com\/portada\/wp-content\/uploads\/2018\/06\/avatar_user_2_1528838701-96x96.jpg\",\"contentUrl\":\"http:\/\/marthacifuentes.com\/portada\/wp-content\/uploads\/2018\/06\/avatar_user_2_1528838701-96x96.jpg\",\"caption\":\"Martha Cifuentes\"},\"sameAs\":[\"http:\/\/www.marthacifuentes.com\"],\"url\":\"https:\/\/marthacifuentes.com\/portada\/author\/martha\/\"}]}<\/script>\n<!-- \/ Yoast SEO plugin. -->","yoast_head_json":{"title":"Disidencias de las Farc activaron plan pistola contra polic\u00edas en Casanare. Un sospechoso ten\u00eda fotos de agentes.\u00a0 - \u25b7 Noticias de Casanare : Martha Cifuentes | Casanare","robots":{"index":"index","follow":"follow","max-snippet":"max-snippet:-1","max-image-preview":"max-image-preview:large","max-video-preview":"max-video-preview:-1"},"canonical":"https:\/\/marthacifuentes.com\/portada\/disidencias-de-las-farc-activaron-plan-pistola-contra-policias-en-casanare-un-sospechoso-tenia-fotos-de-agentes\/","og_locale":"es_ES","og_type":"article","og_title":"Disidencias de las Farc activaron plan pistola contra polic\u00edas en Casanare. Un sospechoso ten\u00eda fotos de agentes.\u00a0 - \u25b7 Noticias de Casanare : Martha Cifuentes | Casanare","og_description":"El comandante de la polic\u00eda en Casanare, coronel Efra\u00edn Garc\u00eda, confirm\u00f3 que un audio que se filtr\u00f3 a medios de comunicaci\u00f3n donde se le informaba a los uniformados sobre la activaci\u00f3n del plan pistola contra polic\u00edas en Casanare por parte de las Disidencias de las Farc. \u00a0 El alto oficial explic\u00f3 que lamentablemente en varias &hellip;","og_url":"https:\/\/marthacifuentes.com\/portada\/disidencias-de-las-farc-activaron-plan-pistola-contra-policias-en-casanare-un-sospechoso-tenia-fotos-de-agentes\/","og_site_name":"\u25b7 Noticias de Casanare : Martha Cifuentes | Casanare","article_published_time":"2023-08-15T10:30:16+00:00","article_modified_time":"2023-08-15T10:38:20+00:00","og_image":[{"width":486,"height":286,"url":"https:\/\/marthacifuentes.com\/portada\/wp-content\/uploads\/2023\/08\/policia-uraba-2.jpg","type":"image\/jpeg"}],"author":"Martha Cifuentes","twitter_card":"summary_large_image","twitter_misc":{"Escrito por":"Martha Cifuentes","Tiempo de lectura":"1 minuto"},"schema":{"@context":"https:\/\/schema.org","@graph":[{"@type":"WebPage","@id":"https:\/\/marthacifuentes.com\/portada\/disidencias-de-las-farc-activaron-plan-pistola-contra-policias-en-casanare-un-sospechoso-tenia-fotos-de-agentes\/","url":"https:\/\/marthacifuentes.com\/portada\/disidencias-de-las-farc-activaron-plan-pistola-contra-policias-en-casanare-un-sospechoso-tenia-fotos-de-agentes\/","name":"Disidencias de las Farc activaron plan pistola contra polic\u00edas en Casanare. Un sospechoso ten\u00eda fotos de agentes.\u00a0 - \u25b7 Noticias de Casanare : Martha Cifuentes | Casanare","isPartOf":{"@id":"https:\/\/marthacifuentes.com\/portada\/#website"},"primaryImageOfPage":{"@id":"https:\/\/marthacifuentes.com\/portada\/disidencias-de-las-farc-activaron-plan-pistola-contra-policias-en-casanare-un-sospechoso-tenia-fotos-de-agentes\/#primaryimage"},"image":{"@id":"https:\/\/marthacifuentes.com\/portada\/disidencias-de-las-farc-activaron-plan-pistola-contra-policias-en-casanare-un-sospechoso-tenia-fotos-de-agentes\/#primaryimage"},"thumbnailUrl":"https:\/\/marthacifuentes.com\/portada\/wp-content\/uploads\/2023\/08\/policia-uraba-2.jpg","datePublished":"2023-08-15T10:30:16+00:00","dateModified":"2023-08-15T10:38:20+00:00","author":{"@id":"https:\/\/marthacifuentes.com\/portada\/#\/schema\/person\/57f53174b991db5f90ff78d58502b714"},"breadcrumb":{"@id":"https:\/\/marthacifuentes.com\/portada\/disidencias-de-las-farc-activaron-plan-pistola-contra-policias-en-casanare-un-sospechoso-tenia-fotos-de-agentes\/#breadcrumb"},"inLanguage":"es","potentialAction":[{"@type":"ReadAction","target":["https:\/\/marthacifuentes.com\/portada\/disidencias-de-las-farc-activaron-plan-pistola-contra-policias-en-casanare-un-sospechoso-tenia-fotos-de-agentes\/"]}]},{"@type":"ImageObject","inLanguage":"es","@id":"https:\/\/marthacifuentes.com\/portada\/disidencias-de-las-farc-activaron-plan-pistola-contra-policias-en-casanare-un-sospechoso-tenia-fotos-de-agentes\/#primaryimage","url":"https:\/\/marthacifuentes.com\/portada\/wp-content\/uploads\/2023\/08\/policia-uraba-2.jpg","contentUrl":"https:\/\/marthacifuentes.com\/portada\/wp-content\/uploads\/2023\/08\/policia-uraba-2.jpg","width":486,"height":286},{"@type":"BreadcrumbList","@id":"https:\/\/marthacifuentes.com\/portada\/disidencias-de-las-farc-activaron-plan-pistola-contra-policias-en-casanare-un-sospechoso-tenia-fotos-de-agentes\/#breadcrumb","itemListElement":[{"@type":"ListItem","position":1,"name":"Portada","item":"https:\/\/marthacifuentes.com\/portada\/"},{"@type":"ListItem","position":2,"name":"Disidencias de las Farc activaron plan pistola contra polic\u00edas en Casanare. Un sospechoso ten\u00eda fotos de agentes.\u00a0"}]},{"@type":"WebSite","@id":"https:\/\/marthacifuentes.com\/portada\/#website","url":"https:\/\/marthacifuentes.com\/portada\/","name":"\u25b7 Noticias de Casanare : Martha Cifuentes | Casanare","description":"Noticias &amp; Contenidos","potentialAction":[{"@type":"SearchAction","target":{"@type":"EntryPoint","urlTemplate":"https:\/\/marthacifuentes.com\/portada\/?s={search_term_string}"},"query-input":{"@type":"PropertyValueSpecification","valueRequired":true,"valueName":"search_term_string"}}],"inLanguage":"es"},{"@type":"Person","@id":"https:\/\/marthacifuentes.com\/portada\/#\/schema\/person\/57f53174b991db5f90ff78d58502b714","name":"Martha Cifuentes","image":{"@type":"ImageObject","inLanguage":"es","@id":"https:\/\/marthacifuentes.com\/portada\/#\/schema\/person\/image\/","url":"http:\/\/marthacifuentes.com\/portada\/wp-content\/uploads\/2018\/06\/avatar_user_2_1528838701-96x96.jpg","contentUrl":"http:\/\/marthacifuentes.com\/portada\/wp-content\/uploads\/2018\/06\/avatar_user_2_1528838701-96x96.jpg","caption":"Martha Cifuentes"},"sameAs":["http:\/\/www.marthacifuentes.com"],"url":"https:\/\/marthacifuentes.com\/portada\/author\/martha\/"}]}},"_links":{"self":[{"href":"https:\/\/marthacifuentes.com\/portada\/wp-json\/wp\/v2\/posts\/31950","targetHints":{"allow":["GET"]}}],"collection":[{"href":"https:\/\/marthacifuentes.com\/portada\/wp-json\/wp\/v2\/posts"}],"about":[{"href":"https:\/\/marthacifuentes.com\/portada\/wp-json\/wp\/v2\/types\/post"}],"author":[{"embeddable":true,"href":"https:\/\/marthacifuentes.com\/portada\/wp-json\/wp\/v2\/users\/2"}],"replies":[{"embeddable":true,"href":"https:\/\/marthacifuentes.com\/portada\/wp-json\/wp\/v2\/comments?post=31950"}],"version-history":[{"count":2,"href":"https:\/\/marthacifuentes.com\/portada\/wp-json\/wp\/v2\/posts\/31950\/revisions"}],"predecessor-version":[{"id":31953,"href":"https:\/\/marthacifuentes.com\/portada\/wp-json\/wp\/v2\/posts\/31950\/revisions\/31953"}],"wp:featuredmedia":[{"embeddable":true,"href":"https:\/\/marthacifuentes.com\/portada\/wp-json\/wp\/v2\/media\/31951"}],"wp:attachment":[{"href":"https:\/\/marthacifuentes.com\/portada\/wp-json\/wp\/v2\/media?parent=31950"}],"wp:term":[{"taxonomy":"category","embeddable":true,"href":"https:\/\/marthacifuentes.com\/portada\/wp-json\/wp\/v2\/categories?post=31950"},{"taxonomy":"post_tag","embeddable":true,"href":"https:\/\/marthacifuentes.com\/portada\/wp-json\/wp\/v2\/tags?post=31950"}],"curies":[{"name":"wp","href":"https:\/\/api.w.org\/{rel}","templated":true}]}}