{"id":31956,"date":"2023-08-15T05:45:38","date_gmt":"2023-08-15T10:45:38","guid":{"rendered":"https:\/\/marthacifuentes.com\/portada\/?p=31956"},"modified":"2023-08-15T05:45:38","modified_gmt":"2023-08-15T10:45:38","slug":"a-punto-de-vencerse-plazo-de-beneficios-para-estudiantes-en-mora-con-fesca-icetex","status":"publish","type":"post","link":"https:\/\/marthacifuentes.com\/portada\/a-punto-de-vencerse-plazo-de-beneficios-para-estudiantes-en-mora-con-fesca-icetex\/","title":{"rendered":"A punto de vencerse plazo de beneficios para estudiantes en mora con Fesca-Icetex"},"content":{"rendered":"<p>Este jueves 17 de agosto de 2023, vence plazo para acogerse a los beneficios de arreglo de cartera de cr\u00e9ditos educativos del convenio Fondo Casanare -ICETEX (Liquidado)<\/p>\n<p>El instituto Financiero de Casanare IFC, informa a los usuarios y\/o codeudores de cr\u00e9dito educativo del convenio Fondo Departamento de Casanare \u2013 ICETEX (liquidado), que\u00a0la entidad les ofrece los mecanismos transitorios de normalizaci\u00f3n de cartera como acuerdos de pago, refinanciaci\u00f3n, restructuraci\u00f3n, con descuentos hasta del 100%\u00a0en los intereses de mora para pago de las obligaciones, seg\u00fan el acuerdo 028 de 2021 y prorrogado mediante Acuerdo 04 de 2022,<\/p>\n<p>Los interesados en obtener los beneficios de arreglo de cartera\u00a0<strong>deber\u00e1n acogerse antes del 17 de agosto de 2023<\/strong>, fecha en que se termina el plazo establecido por el acuerdo.<\/p>\n<p>Para mayor informaci\u00f3n, se pueden\u00a0<strong>acercar a las instalaciones de la entidad\u00a0<\/strong><strong>ubicadas en la\u00a0<\/strong><strong>Carrera 13c No.9-91 Yopal<\/strong>, Casanare \u2013 frente a Patin\u00f3dromo de lunes a viernes de 7:00 am a 12:00 am y de 2:00 pm a 5:00 pm. Asimismo, comunicarse a la l\u00ednea celular 3165281963 y Correo electr\u00f3nico:\u00a0<a href=\"mailto:ventanillaunica@ifc.gov.co\" target=\"_blank\" rel=\"noopener noreferrer\">ventanillaunica@ifc.gov.co<\/a><\/p>\n<h2><span style=\"color: #ff6600;\">Otras noticias&#8230;<\/span><\/h2>\n<blockquote class=\"wp-embedded-content\" data-secret=\"KCpAdmeUgb\"><p><a href=\"https:\/\/marthacifuentes.com\/portada\/2023\/08\/15\/otra-vez-cerrada-via-del-cusiana-inminente-colapso-de-puente-de-quebrada-negra\/\">Otra vez cerrada v\u00eda del Cusiana. Inminente colapso de puente de Quebrada Negra. \u00a0<\/a><\/p><\/blockquote>\n<p><iframe loading=\"lazy\" class=\"wp-embedded-content\" sandbox=\"allow-scripts\" security=\"restricted\" style=\"position: absolute; clip: rect(1px, 1px, 1px, 1px);\" title=\"\u00abOtra vez cerrada v\u00eda del Cusiana. Inminente colapso de puente de Quebrada Negra. \u00a0\u00bb \u2014 \u25b7 Noticias de Casanare : Martha Cifuentes | Casanare\" src=\"https:\/\/marthacifuentes.com\/portada\/2023\/08\/15\/otra-vez-cerrada-via-del-cusiana-inminente-colapso-de-puente-de-quebrada-negra\/embed\/#?secret=U3lJau6hhw#?secret=KCpAdmeUgb\" data-secret=\"KCpAdmeUgb\" width=\"500\" height=\"282\" frameborder=\"0\" marginwidth=\"0\" marginheight=\"0\" scrolling=\"no\"><\/iframe><\/p>\n<blockquote class=\"wp-embedded-content\" data-secret=\"3SknxL9rSX\"><p><a href=\"https:\/\/marthacifuentes.com\/portada\/2023\/08\/15\/disidencias-de-las-farc-activaron-plan-pistola-contra-policias-en-casanare-un-sospechoso-tenia-fotos-de-agentes\/\">Disidencias de las Farc activaron plan pistola contra polic\u00edas en Casanare. Un sospechoso ten\u00eda fotos de agentes.\u00a0<\/a><\/p><\/blockquote>\n<p><iframe loading=\"lazy\" class=\"wp-embedded-content\" sandbox=\"allow-scripts\" security=\"restricted\" style=\"position: absolute; clip: rect(1px, 1px, 1px, 1px);\" title=\"\u00abDisidencias de las Farc activaron plan pistola contra polic\u00edas en Casanare. Un sospechoso ten\u00eda fotos de agentes.\u00a0\u00bb \u2014 \u25b7 Noticias de Casanare : Martha Cifuentes | Casanare\" src=\"https:\/\/marthacifuentes.com\/portada\/2023\/08\/15\/disidencias-de-las-farc-activaron-plan-pistola-contra-policias-en-casanare-un-sospechoso-tenia-fotos-de-agentes\/embed\/#?secret=41LGA0jD7j#?secret=3SknxL9rSX\" data-secret=\"3SknxL9rSX\" width=\"500\" height=\"282\" frameborder=\"0\" marginwidth=\"0\" marginheight=\"0\" scrolling=\"no\"><\/iframe><\/p>\n<blockquote class=\"wp-embedded-content\" data-secret=\"V9GlbpFsdf\"><p><a href=\"https:\/\/marthacifuentes.com\/portada\/2023\/08\/15\/gerente-de-la-eaaay-expuesto-a-investigaciones-penales-y-disciplinarias-por-multimillonarios-contratos-contraloria-lo-echo-al-agua\/\">Gerente de la Eaaay expuesto a investigaciones penales y disciplinarias por multimillonarios contratos. Contralor\u00eda lo ech\u00f3 al agua.\u00a0<\/a><\/p><\/blockquote>\n<p><iframe loading=\"lazy\" class=\"wp-embedded-content\" sandbox=\"allow-scripts\" security=\"restricted\" style=\"position: absolute; clip: rect(1px, 1px, 1px, 1px);\" title=\"\u00abGerente de la Eaaay expuesto a investigaciones penales y disciplinarias por multimillonarios contratos. Contralor\u00eda lo ech\u00f3 al agua.\u00a0\u00bb \u2014 \u25b7 Noticias de Casanare : Martha Cifuentes | Casanare\" src=\"https:\/\/marthacifuentes.com\/portada\/2023\/08\/15\/gerente-de-la-eaaay-expuesto-a-investigaciones-penales-y-disciplinarias-por-multimillonarios-contratos-contraloria-lo-echo-al-agua\/embed\/#?secret=wdQaHzLdEV#?secret=V9GlbpFsdf\" data-secret=\"V9GlbpFsdf\" width=\"500\" height=\"282\" frameborder=\"0\" marginwidth=\"0\" marginheight=\"0\" scrolling=\"no\"><\/iframe><\/p>\n<p><iframe loading=\"lazy\" class=\"wp-embedded-content\" title=\"\u00abM\u00e1s de 2 mil candidatos a elecciones en Casanare, seg\u00fan Registradur\u00eda\u00bb \u2014 \u25b7 Noticias de Casanare : Martha Cifuentes | Casanare\" src=\"https:\/\/marthacifuentes.com\/portada\/2023\/08\/03\/mas-de-2-mil-candidatos-a-elecciones-en-casanare-segun-registraduria\/embed\/#?secret=f1AUbIjKWB#?secret=jJSHiavxST\" width=\"600\" height=\"621\" frameborder=\"0\" marginwidth=\"0\" marginheight=\"0\" scrolling=\"no\" sandbox=\"allow-scripts\" data-secret=\"jJSHiavxST\" data-mce-fragment=\"1\"><\/iframe><\/p>\n<p><iframe loading=\"lazy\" class=\"wp-embedded-content\" title=\"\u00abM\u00e1s de 60 emprendedores hoy y ma\u00f1ana en 3er Sal\u00f3n del Emprendimiento en C\u00e1mara de Comercio de Casanare\u00bb \u2014 \u25b7 Noticias de Casanare : Martha Cifuentes | Casanare\" src=\"https:\/\/marthacifuentes.com\/portada\/2023\/08\/03\/mas-de-60-emprendedores-hoy-y-manana-en-3er-salon-del-emprendimiento-en-camara-de-comercio-de-casanare\/embed\/#?secret=1RWaZjU8c4#?secret=VUMDhJo8fy\" width=\"600\" height=\"602\" frameborder=\"0\" marginwidth=\"0\" marginheight=\"0\" scrolling=\"no\" sandbox=\"allow-scripts\" data-secret=\"VUMDhJo8fy\" data-mce-fragment=\"1\"><\/iframe><\/p>\n<p><iframe loading=\"lazy\" class=\"wp-embedded-content\" title=\"\u00abExpectativa por audiencias de la JEP en Yopal en septiembre sobre falsos positivos\u00bb \u2014 \u25b7 Noticias de Casanare : Martha Cifuentes | Casanare\" src=\"https:\/\/marthacifuentes.com\/portada\/2023\/08\/01\/expectativa-por-audiencias-de-la-jep-en-yopal-en-septiembre-sobre-falsos-positivos\/embed\/#?secret=EymtcdzqrG#?secret=wgNYCK95q2\" width=\"600\" height=\"621\" frameborder=\"0\" marginwidth=\"0\" marginheight=\"0\" scrolling=\"no\" sandbox=\"allow-scripts\" data-secret=\"wgNYCK95q2\" data-mce-fragment=\"1\"><\/iframe><\/p>\n<p><iframe loading=\"lazy\" class=\"wp-embedded-content\" title=\"\u00abEn zona rural de Casanare Guillermo Velandia anunci\u00f3 su inscripci\u00f3n como candidato a la Gobernaci\u00f3n\u00bb \u2014 \u25b7 Noticias de Casanare : Martha Cifuentes | Casanare\" src=\"https:\/\/marthacifuentes.com\/portada\/2023\/07\/31\/en-zona-rural-de-casanare-guillermo-velandia-anuncio-su-inscripcion-como-candidato-a-la-gobernacion\/embed\/#?secret=44EbdHapAc#?secret=Q0vS6iRnIK\" width=\"600\" height=\"621\" frameborder=\"0\" marginwidth=\"0\" marginheight=\"0\" scrolling=\"no\" sandbox=\"allow-scripts\" data-secret=\"Q0vS6iRnIK\" data-mce-fragment=\"1\"><\/iframe><\/p>\n<p><iframe loading=\"lazy\" class=\"wp-embedded-content\" title=\"\u00abVolver\u00e1n las fotomultas a Yopal de la mano del alcalde Luis Eduardo Castro.\u00bb \u2014 \u25b7 Noticias de Casanare : Martha Cifuentes | Casanare\" src=\"https:\/\/marthacifuentes.com\/portada\/2023\/07\/28\/volveran-las-fotomultas-a-yopal-de-la-mano-del-alcalde-luis-eduardo-castro\/embed\/#?secret=fJuVCgAPNd#?secret=Cmz2aLJLg2\" width=\"600\" height=\"600\" frameborder=\"0\" marginwidth=\"0\" marginheight=\"0\" scrolling=\"no\" sandbox=\"allow-scripts\" data-secret=\"Cmz2aLJLg2\" data-mce-fragment=\"1\"><\/iframe><\/p>\n<p><iframe loading=\"lazy\" class=\"wp-embedded-content\" title=\"\u00abAsesinado a bala taxista Nilson Estepa en su taxi en el terminal de transportes de Yopal\u00bb \u2014 \u25b7 Noticias de Casanare : Martha Cifuentes | Casanare\" src=\"https:\/\/marthacifuentes.com\/portada\/2023\/07\/28\/asesinado-a-bala-taxista-nilson-estepa-en-su-taxi-en-el-terminal-de-transportes-de-yopal\/embed\/#?secret=cXmid2xb2i#?secret=aeve0Jfnin\" width=\"600\" height=\"600\" frameborder=\"0\" marginwidth=\"0\" marginheight=\"0\" scrolling=\"no\" sandbox=\"allow-scripts\" data-secret=\"aeve0Jfnin\" data-mce-fragment=\"1\"><\/iframe><\/p>\n<p><iframe loading=\"lazy\" class=\"wp-embedded-content\" title=\"\u00abDos clanes disputan la Gobernaci\u00f3n de Casanare\u00bb \u2014 \u25b7 Noticias de Casanare : Martha Cifuentes | Casanare\" src=\"https:\/\/marthacifuentes.com\/portada\/2023\/07\/27\/dos-clanes-disputan-la-gobernacion-de-casanare\/embed\/#?secret=PHbd0MglBq#?secret=Qvoet7TSsj\" width=\"600\" height=\"569\" frameborder=\"0\" marginwidth=\"0\" marginheight=\"0\" scrolling=\"no\" sandbox=\"allow-scripts\" data-secret=\"Qvoet7TSsj\" data-mce-fragment=\"1\"><\/iframe><\/p>\n<div class=\"x11i5rnm xat24cr x1mh8g0r x1vvkbs xtlvy1s x126k92a\">\n<p><iframe loading=\"lazy\" class=\"wp-embedded-content\" title=\"\u00abEl Nuevo Liberalismo coaval\u00f3 a Zorro y Marco Tulio. Alianza contra el Clan Barrera\u00bb \u2014 \u25b7 Noticias de Casanare : Martha Cifuentes | Casanare\" src=\"https:\/\/marthacifuentes.com\/portada\/2023\/07\/27\/el-nuevo-liberalismo-coavalo-a-zorro-y-marco-tulio-alianza-contra-el-clan-barrera\/embed\/#?secret=4U3L6Df4WL#?secret=lrM4Wt3zGn\" width=\"600\" height=\"600\" frameborder=\"0\" marginwidth=\"0\" marginheight=\"0\" scrolling=\"no\" sandbox=\"allow-scripts\" data-secret=\"lrM4Wt3zGn\" data-mce-fragment=\"1\"><\/iframe><\/p>\n<p><iframe loading=\"lazy\" class=\"wp-embedded-content\" title=\"\u00abIdentificado asesino de Gladys Gait\u00e1n, de Yopal. La ahorc\u00f3 e intent\u00f3 desaparecerla.\u00bb \u2014 \u25b7 Noticias de Casanare : Martha Cifuentes | Casanare\" src=\"https:\/\/marthacifuentes.com\/portada\/2023\/07\/27\/identificado-asesino-de-gladys-gaitan-de-yopal-la-ahorco-e-intento-desaparecerla\/embed\/#?secret=ULx7adm9tD#?secret=NUcqg1BE68\" width=\"600\" height=\"621\" frameborder=\"0\" marginwidth=\"0\" marginheight=\"0\" scrolling=\"no\" sandbox=\"allow-scripts\" data-secret=\"NUcqg1BE68\" data-mce-fragment=\"1\"><\/iframe><\/p>\n<p><iframe loading=\"lazy\" class=\"wp-embedded-content\" title=\"\u00abYopal seguir\u00e1 con problema de alcantarillado. Fue fallida audiencia de pacto de cumplimiento de la Eaaay y accionante Leonardo Puentes\u00bb \u2014 \u25b7 Noticias de Casanare : Martha Cifuentes | Casanare\" src=\"https:\/\/marthacifuentes.com\/portada\/2023\/07\/27\/yopal-seguira-con-problema-de-alcantarillado-fue-fallida-audiencia-de-pacto-de-cumplimiento-de-la-eaaay-y-accionante-leonardo-puentes\/embed\/#?secret=SVaA766fFJ#?secret=VnBFQlhgJn\" width=\"600\" height=\"649\" frameborder=\"0\" marginwidth=\"0\" marginheight=\"0\" scrolling=\"no\" sandbox=\"allow-scripts\" data-secret=\"VnBFQlhgJn\" data-mce-fragment=\"1\"><\/iframe><\/p>\n<p><iframe loading=\"lazy\" class=\"wp-embedded-content\" title=\"\u00abMujer de Yopal desaparecida hac\u00eda 3 d\u00edas en Nunch\u00eda fue hallada muerta en Pore. Victimario trat\u00f3 de ocultar su cad\u00e1ver.\u00bb \u2014 \u25b7 Noticias de Casanare : Martha Cifuentes | Casanare\" src=\"https:\/\/marthacifuentes.com\/portada\/2023\/07\/26\/mujer-de-yopal-desaparecida-hacia-3-dias-en-nunchia-fue-hallada-muerta-en-pore-victimario-trato-de-ocultar-su-cadaver\/embed\/#?secret=N5NmCvh4Rz#?secret=BjvaiK5SF2\" width=\"600\" height=\"649\" frameborder=\"0\" marginwidth=\"0\" marginheight=\"0\" scrolling=\"no\" sandbox=\"allow-scripts\" data-secret=\"BjvaiK5SF2\" data-mce-fragment=\"1\"><\/iframe><\/p>\n<p><iframe loading=\"lazy\" class=\"wp-embedded-content\" title=\"\u00abCentro Democr\u00e1tico aspira a completar 12 a\u00f1os en la Gobernaci\u00f3n de Casanare y va por m\u00e1s alcald\u00edas\u00bb \u2014 \u25b7 Noticias de Casanare : Martha Cifuentes | Casanare\" src=\"https:\/\/marthacifuentes.com\/portada\/2023\/07\/26\/centro-democratico-aspira-a-completar-12-anos-en-la-gobernacion-de-casanare-y-va-por-mas-alcaldias\/embed\/#?secret=e0TTY7qQSO#?secret=goZpYcpYWA\" width=\"600\" height=\"621\" frameborder=\"0\" marginwidth=\"0\" marginheight=\"0\" scrolling=\"no\" sandbox=\"allow-scripts\" data-secret=\"goZpYcpYWA\" data-mce-fragment=\"1\"><\/iframe><\/p>\n<p><iframe loading=\"lazy\" class=\"wp-embedded-content\" title=\"\u00abUn menor de edad y 4 adultos extorsionistas del clan del Golfo capturados en Casanare\u00bb \u2014 \u25b7 Noticias de Casanare : Martha Cifuentes | Casanare\" src=\"https:\/\/marthacifuentes.com\/portada\/2023\/07\/26\/un-menor-de-edad-y-4-adultos-extorsionistas-del-clan-del-golfo-capturados-en-casanare\/embed\/#?secret=d9ouCzCzLc#?secret=14i5bUURwo\" width=\"600\" height=\"621\" frameborder=\"0\" marginwidth=\"0\" marginheight=\"0\" scrolling=\"no\" sandbox=\"allow-scripts\" data-secret=\"14i5bUURwo\" data-mce-fragment=\"1\"><\/iframe><\/p>\n<p><iframe loading=\"lazy\" class=\"wp-embedded-content\" title=\"\u00abTres familias fueron sacadas a la fuerza de El Pajonal-r\u00edo Cravo Sur de Yopal.\u00bb \u2014 \u25b7 Noticias de Casanare : Martha Cifuentes | Casanare\" src=\"https:\/\/marthacifuentes.com\/portada\/2023\/07\/26\/tres-familias-fueron-sacadas-a-la-fuerza-de-el-pajonal-rio-cravo-sur-de-yopal\/embed\/#?secret=0uJccOsFwG#?secret=A4Be1oC0gb\" width=\"600\" height=\"588\" frameborder=\"0\" marginwidth=\"0\" marginheight=\"0\" scrolling=\"no\" sandbox=\"allow-scripts\" data-secret=\"A4Be1oC0gb\" data-mce-fragment=\"1\"><\/iframe><\/p>\n<p><iframe loading=\"lazy\" class=\"wp-embedded-content\" title=\"\u00abOtra vez colaps\u00f3 la bocatoma de la inconclusa PTAP de Yopal y Eaaay pide paciencia a usuarios ante bajas presiones en la distribuci\u00f3n del agua.\u00bb \u2014 \u25b7 Noticias de Casanare : Martha Cifuentes | Casanare\" src=\"https:\/\/marthacifuentes.com\/portada\/2023\/07\/21\/otra-vez-colapso-la-bocatoma-de-la-inconclusa-ptap-de-yopal-y-eaaay-pide-paciencia-a-usuarios-ante-bajas-presiones-en-la-distribucion-del-agua\/embed\/#?secret=cogvxprs9r#?secret=E1uAhd97jB\" width=\"600\" height=\"628\" frameborder=\"0\" marginwidth=\"0\" marginheight=\"0\" scrolling=\"no\" sandbox=\"allow-scripts\" data-secret=\"E1uAhd97jB\" data-mce-fragment=\"1\"><\/iframe><\/p>\n<p><iframe loading=\"lazy\" class=\"wp-embedded-content\" title=\"\u00abEn crimen de odio contra una mujer, un hombre la asesin\u00f3 y luego fue dado de baja por la polic\u00eda en Aguazul\u00bb \u2014 \u25b7 Noticias de Casanare : Martha Cifuentes | Casanare\" src=\"https:\/\/marthacifuentes.com\/portada\/2023\/07\/19\/en-crimen-de-odio-contra-una-mujer-un-hombre-la-asesino-y-luego-fue-dado-de-baja-por-la-policia-en-aguazul\/embed\/#?secret=YwO5WyX8uE#?secret=3UHmAiJPtJ\" width=\"600\" height=\"649\" frameborder=\"0\" marginwidth=\"0\" marginheight=\"0\" scrolling=\"no\" sandbox=\"allow-scripts\" data-secret=\"3UHmAiJPtJ\" data-mce-fragment=\"1\"><\/iframe><\/p>\n<p><iframe loading=\"lazy\" class=\"wp-embedded-content\" title=\"\u00abEl alcalde de Man\u00ed Jersson Montoya no se puso rojo al cambiarse al verde en pol\u00edtica\u00bb \u2014 \u25b7 Noticias de Casanare : Martha Cifuentes | Casanare\" src=\"https:\/\/marthacifuentes.com\/portada\/2023\/07\/19\/el-alcalde-de-mani-jersson-montoya-no-se-puso-rojo-al-cambiarse-al-verde-en-politica\/embed\/#?secret=Yv4ndQaVrX#?secret=RREYje8t8b\" width=\"600\" height=\"621\" frameborder=\"0\" marginwidth=\"0\" marginheight=\"0\" scrolling=\"no\" sandbox=\"allow-scripts\" data-secret=\"RREYje8t8b\" data-mce-fragment=\"1\"><\/iframe><\/p>\n<p><iframe loading=\"lazy\" class=\"wp-embedded-content\" title=\"\u00abTestimonios de \u201cparas\u201d hundieron a Nelson Mari\u00f1o. Fue candidato de las ACC para la alcald\u00eda de Yopal en 2003.\u00bb \u2014 \u25b7 Noticias de Casanare : Martha Cifuentes | Casanare\" src=\"https:\/\/marthacifuentes.com\/portada\/2023\/07\/19\/testimonios-de-paras-hundieron-a-nelson-marino-fue-candidato-de-las-acc-para-la-alcaldia-de-yopal-en-2003\/embed\/#?secret=6e94ELXWoX#?secret=q3fRhPp3Mf\" width=\"600\" height=\"649\" frameborder=\"0\" marginwidth=\"0\" marginheight=\"0\" scrolling=\"no\" sandbox=\"allow-scripts\" data-secret=\"q3fRhPp3Mf\" data-mce-fragment=\"1\"><\/iframe><\/p>\n<p><iframe loading=\"lazy\" class=\"wp-embedded-content\" title=\"\u00abEl trapo rojo se agit\u00f3 en entrega de aval a Javier Rivera, candidato a la Alcald\u00eda de Yopal\u00bb \u2014 \u25b7 Noticias de Casanare : Martha Cifuentes | Casanare\" src=\"https:\/\/marthacifuentes.com\/portada\/2023\/07\/17\/el-trapo-rojo-se-agito-en-entrega-de-aval-a-javier-rivera-candidato-a-la-alcaldia-de-yopal\/embed\/#?secret=9znCgxn4qy#?secret=keD5A5JNer\" width=\"600\" height=\"621\" frameborder=\"0\" marginwidth=\"0\" marginheight=\"0\" scrolling=\"no\" sandbox=\"allow-scripts\" data-secret=\"keD5A5JNer\" data-mce-fragment=\"1\"><\/iframe><\/p>\n<p><iframe loading=\"lazy\" class=\"wp-embedded-content\" title=\"\u00abZorro se arriesg\u00f3 a coaval colorido de Verdes y Cambio Radical para la Gobernaci\u00f3n de Casanare en af\u00e1n de acabar con Clan Barrera\u00bb \u2014 \u25b7 Noticias de Casanare : Martha Cifuentes | Casanare\" src=\"https:\/\/marthacifuentes.com\/portada\/2023\/07\/14\/zorro-se-arriesgo-a-coaval-colorido-de-verdes-y-cambio-radical-para-la-gobernacion-de-casanare-en-afan-de-acabar-con-clan-barrera\/embed\/#?secret=RGLvXh4YKP#?secret=XInOtropLJ\" width=\"600\" height=\"649\" frameborder=\"0\" marginwidth=\"0\" marginheight=\"0\" scrolling=\"no\" sandbox=\"allow-scripts\" data-secret=\"XInOtropLJ\" data-mce-fragment=\"1\"><\/iframe><\/p>\n<p><iframe loading=\"lazy\" class=\"wp-embedded-content\" title=\"\u00abLas torpezas del que se cree un zorro\u00bb \u2014 \u25b7 Noticias de Casanare : Martha Cifuentes | Casanare\" src=\"https:\/\/marthacifuentes.com\/portada\/2023\/07\/13\/las-torpezas-del-que-se-cree-un-zorro\/embed\/#?secret=lD1jTKqLSv#?secret=gRmiRLNUSC\" width=\"600\" height=\"571\" frameborder=\"0\" marginwidth=\"0\" marginheight=\"0\" scrolling=\"no\" sandbox=\"allow-scripts\" data-secret=\"gRmiRLNUSC\" data-mce-fragment=\"1\"><\/iframe><\/p>\n<p><iframe loading=\"lazy\" class=\"wp-embedded-content\" title=\"\u00abPresidente de Asamblea de Casanare Jorge Garc\u00eda denunciado por acoso laboral por parte de la secretaria general. Le impuso a su madrastra como \u201cjefe\u201d\u00bb \u2014 \u25b7 Noticias de Casanare : Martha Cifuentes | Casanare\" src=\"https:\/\/marthacifuentes.com\/portada\/2023\/07\/10\/presidente-de-asamblea-de-casanare-jorge-garcia-denunciado-por-acoso-laboral-por-parte-de-la-secretaria-general-le-impuso-a-su-madrastra-como-jefe\/embed\/#?secret=gv9iTmaoVa#?secret=UvcK9xHE0X\" width=\"600\" height=\"657\" frameborder=\"0\" marginwidth=\"0\" marginheight=\"0\" scrolling=\"no\" sandbox=\"allow-scripts\" data-secret=\"UvcK9xHE0X\" data-mce-fragment=\"1\"><\/iframe><\/p>\n<\/div>\n","protected":false},"excerpt":{"rendered":"<p>Este jueves 17 de agosto de 2023, vence plazo para acogerse a los beneficios de arreglo de cartera de cr\u00e9ditos educativos del convenio Fondo Casanare -ICETEX (Liquidado) El instituto Financiero de Casanare IFC, informa a los usuarios y\/o codeudores de cr\u00e9dito educativo del convenio Fondo Departamento de Casanare \u2013 ICETEX (liquidado), que\u00a0la entidad les ofrece &hellip;<\/p>\n","protected":false},"author":2,"featured_media":31957,"comment_status":"open","ping_status":"open","sticky":false,"template":"","format":"standard","meta":{"om_disable_all_campaigns":false,"_exactmetrics_skip_tracking":false,"_exactmetrics_sitenote_active":false,"_exactmetrics_sitenote_note":"","_exactmetrics_sitenote_category":0,"_monsterinsights_skip_tracking":false,"_monsterinsights_sitenote_active":false,"_monsterinsights_sitenote_note":"","_monsterinsights_sitenote_category":0,"_uf_show_specific_survey":0,"_uf_disable_surveys":false,"_joinchat":[],"footnotes":""},"categories":[147,146,145],"tags":[9296,1400,1421,9297],"class_list":["post-31956","post","type-post","status-publish","format-standard","has-post-thumbnail","hentry","category-actualidad","category-noticias","category-reportajes","tag-estudiantes-morosos-fesca-icetex-casanare","tag-noticias-casanare","tag-noticias-yopal","tag-plazo-de-beneficios-fesca-icetex"],"yoast_head":"<!-- This site is optimized with the Yoast SEO plugin v26.1 - https:\/\/yoast.com\/wordpress\/plugins\/seo\/ -->\n<title>A punto de vencerse plazo de beneficios para estudiantes en mora con Fesca-Icetex - \u25b7 Noticias de Casanare : Martha Cifuentes | Casanare<\/title>\n<meta name=\"robots\" content=\"index, follow, max-snippet:-1, max-image-preview:large, max-video-preview:-1\" \/>\n<link rel=\"canonical\" href=\"https:\/\/marthacifuentes.com\/portada\/a-punto-de-vencerse-plazo-de-beneficios-para-estudiantes-en-mora-con-fesca-icetex\/\" \/>\n<meta property=\"og:locale\" content=\"es_ES\" \/>\n<meta property=\"og:type\" content=\"article\" \/>\n<meta property=\"og:title\" content=\"A punto de vencerse plazo de beneficios para estudiantes en mora con Fesca-Icetex - \u25b7 Noticias de Casanare : Martha Cifuentes | Casanare\" \/>\n<meta property=\"og:description\" content=\"Este jueves 17 de agosto de 2023, vence plazo para acogerse a los beneficios de arreglo de cartera de cr\u00e9ditos educativos del convenio Fondo Casanare -ICETEX (Liquidado) El instituto Financiero de Casanare IFC, informa a los usuarios y\/o codeudores de cr\u00e9dito educativo del convenio Fondo Departamento de Casanare \u2013 ICETEX (liquidado), que\u00a0la entidad les ofrece &hellip;\" \/>\n<meta property=\"og:url\" content=\"https:\/\/marthacifuentes.com\/portada\/a-punto-de-vencerse-plazo-de-beneficios-para-estudiantes-en-mora-con-fesca-icetex\/\" \/>\n<meta property=\"og:site_name\" content=\"\u25b7 Noticias de Casanare : Martha Cifuentes | Casanare\" \/>\n<meta property=\"article:published_time\" content=\"2023-08-15T10:45:38+00:00\" \/>\n<meta property=\"og:image\" content=\"https:\/\/marthacifuentes.com\/portada\/wp-content\/uploads\/2023\/08\/Arreglos-de-cartera-2.jpeg\" \/>\n\t<meta property=\"og:image:width\" content=\"1024\" \/>\n\t<meta property=\"og:image:height\" content=\"870\" \/>\n\t<meta property=\"og:image:type\" content=\"image\/jpeg\" \/>\n<meta name=\"author\" content=\"Martha Cifuentes\" \/>\n<meta name=\"twitter:card\" content=\"summary_large_image\" \/>\n<meta name=\"twitter:label1\" content=\"Escrito por\" \/>\n\t<meta name=\"twitter:data1\" content=\"Martha Cifuentes\" \/>\n\t<meta name=\"twitter:label2\" content=\"Tiempo de lectura\" \/>\n\t<meta name=\"twitter:data2\" content=\"1 minuto\" \/>\n<script type=\"application\/ld+json\" class=\"yoast-schema-graph\">{\"@context\":\"https:\/\/schema.org\",\"@graph\":[{\"@type\":\"WebPage\",\"@id\":\"https:\/\/marthacifuentes.com\/portada\/a-punto-de-vencerse-plazo-de-beneficios-para-estudiantes-en-mora-con-fesca-icetex\/\",\"url\":\"https:\/\/marthacifuentes.com\/portada\/a-punto-de-vencerse-plazo-de-beneficios-para-estudiantes-en-mora-con-fesca-icetex\/\",\"name\":\"A punto de vencerse plazo de beneficios para estudiantes en mora con Fesca-Icetex - \u25b7 Noticias de Casanare : Martha Cifuentes | Casanare\",\"isPartOf\":{\"@id\":\"https:\/\/marthacifuentes.com\/portada\/#website\"},\"primaryImageOfPage\":{\"@id\":\"https:\/\/marthacifuentes.com\/portada\/a-punto-de-vencerse-plazo-de-beneficios-para-estudiantes-en-mora-con-fesca-icetex\/#primaryimage\"},\"image\":{\"@id\":\"https:\/\/marthacifuentes.com\/portada\/a-punto-de-vencerse-plazo-de-beneficios-para-estudiantes-en-mora-con-fesca-icetex\/#primaryimage\"},\"thumbnailUrl\":\"https:\/\/marthacifuentes.com\/portada\/wp-content\/uploads\/2023\/08\/Arreglos-de-cartera-2.jpeg\",\"datePublished\":\"2023-08-15T10:45:38+00:00\",\"author\":{\"@id\":\"https:\/\/marthacifuentes.com\/portada\/#\/schema\/person\/57f53174b991db5f90ff78d58502b714\"},\"breadcrumb\":{\"@id\":\"https:\/\/marthacifuentes.com\/portada\/a-punto-de-vencerse-plazo-de-beneficios-para-estudiantes-en-mora-con-fesca-icetex\/#breadcrumb\"},\"inLanguage\":\"es\",\"potentialAction\":[{\"@type\":\"ReadAction\",\"target\":[\"https:\/\/marthacifuentes.com\/portada\/a-punto-de-vencerse-plazo-de-beneficios-para-estudiantes-en-mora-con-fesca-icetex\/\"]}]},{\"@type\":\"ImageObject\",\"inLanguage\":\"es\",\"@id\":\"https:\/\/marthacifuentes.com\/portada\/a-punto-de-vencerse-plazo-de-beneficios-para-estudiantes-en-mora-con-fesca-icetex\/#primaryimage\",\"url\":\"https:\/\/marthacifuentes.com\/portada\/wp-content\/uploads\/2023\/08\/Arreglos-de-cartera-2.jpeg\",\"contentUrl\":\"https:\/\/marthacifuentes.com\/portada\/wp-content\/uploads\/2023\/08\/Arreglos-de-cartera-2.jpeg\",\"width\":1024,\"height\":870},{\"@type\":\"BreadcrumbList\",\"@id\":\"https:\/\/marthacifuentes.com\/portada\/a-punto-de-vencerse-plazo-de-beneficios-para-estudiantes-en-mora-con-fesca-icetex\/#breadcrumb\",\"itemListElement\":[{\"@type\":\"ListItem\",\"position\":1,\"name\":\"Portada\",\"item\":\"https:\/\/marthacifuentes.com\/portada\/\"},{\"@type\":\"ListItem\",\"position\":2,\"name\":\"A punto de vencerse plazo de beneficios para estudiantes en mora con Fesca-Icetex\"}]},{\"@type\":\"WebSite\",\"@id\":\"https:\/\/marthacifuentes.com\/portada\/#website\",\"url\":\"https:\/\/marthacifuentes.com\/portada\/\",\"name\":\"\u25b7 Noticias de Casanare : Martha Cifuentes | Casanare\",\"description\":\"Noticias &amp; Contenidos\",\"potentialAction\":[{\"@type\":\"SearchAction\",\"target\":{\"@type\":\"EntryPoint\",\"urlTemplate\":\"https:\/\/marthacifuentes.com\/portada\/?s={search_term_string}\"},\"query-input\":{\"@type\":\"PropertyValueSpecification\",\"valueRequired\":true,\"valueName\":\"search_term_string\"}}],\"inLanguage\":\"es\"},{\"@type\":\"Person\",\"@id\":\"https:\/\/marthacifuentes.com\/portada\/#\/schema\/person\/57f53174b991db5f90ff78d58502b714\",\"name\":\"Martha Cifuentes\",\"image\":{\"@type\":\"ImageObject\",\"inLanguage\":\"es\",\"@id\":\"https:\/\/marthacifuentes.com\/portada\/#\/schema\/person\/image\/\",\"url\":\"http:\/\/marthacifuentes.com\/portada\/wp-content\/uploads\/2018\/06\/avatar_user_2_1528838701-96x96.jpg\",\"contentUrl\":\"http:\/\/marthacifuentes.com\/portada\/wp-content\/uploads\/2018\/06\/avatar_user_2_1528838701-96x96.jpg\",\"caption\":\"Martha Cifuentes\"},\"sameAs\":[\"http:\/\/www.marthacifuentes.com\"],\"url\":\"https:\/\/marthacifuentes.com\/portada\/author\/martha\/\"}]}<\/script>\n<!-- \/ Yoast SEO plugin. -->","yoast_head_json":{"title":"A punto de vencerse plazo de beneficios para estudiantes en mora con Fesca-Icetex - \u25b7 Noticias de Casanare : Martha Cifuentes | Casanare","robots":{"index":"index","follow":"follow","max-snippet":"max-snippet:-1","max-image-preview":"max-image-preview:large","max-video-preview":"max-video-preview:-1"},"canonical":"https:\/\/marthacifuentes.com\/portada\/a-punto-de-vencerse-plazo-de-beneficios-para-estudiantes-en-mora-con-fesca-icetex\/","og_locale":"es_ES","og_type":"article","og_title":"A punto de vencerse plazo de beneficios para estudiantes en mora con Fesca-Icetex - \u25b7 Noticias de Casanare : Martha Cifuentes | Casanare","og_description":"Este jueves 17 de agosto de 2023, vence plazo para acogerse a los beneficios de arreglo de cartera de cr\u00e9ditos educativos del convenio Fondo Casanare -ICETEX (Liquidado) El instituto Financiero de Casanare IFC, informa a los usuarios y\/o codeudores de cr\u00e9dito educativo del convenio Fondo Departamento de Casanare \u2013 ICETEX (liquidado), que\u00a0la entidad les ofrece &hellip;","og_url":"https:\/\/marthacifuentes.com\/portada\/a-punto-de-vencerse-plazo-de-beneficios-para-estudiantes-en-mora-con-fesca-icetex\/","og_site_name":"\u25b7 Noticias de Casanare : Martha Cifuentes | Casanare","article_published_time":"2023-08-15T10:45:38+00:00","og_image":[{"width":1024,"height":870,"url":"https:\/\/marthacifuentes.com\/portada\/wp-content\/uploads\/2023\/08\/Arreglos-de-cartera-2.jpeg","type":"image\/jpeg"}],"author":"Martha Cifuentes","twitter_card":"summary_large_image","twitter_misc":{"Escrito por":"Martha Cifuentes","Tiempo de lectura":"1 minuto"},"schema":{"@context":"https:\/\/schema.org","@graph":[{"@type":"WebPage","@id":"https:\/\/marthacifuentes.com\/portada\/a-punto-de-vencerse-plazo-de-beneficios-para-estudiantes-en-mora-con-fesca-icetex\/","url":"https:\/\/marthacifuentes.com\/portada\/a-punto-de-vencerse-plazo-de-beneficios-para-estudiantes-en-mora-con-fesca-icetex\/","name":"A punto de vencerse plazo de beneficios para estudiantes en mora con Fesca-Icetex - \u25b7 Noticias de Casanare : Martha Cifuentes | Casanare","isPartOf":{"@id":"https:\/\/marthacifuentes.com\/portada\/#website"},"primaryImageOfPage":{"@id":"https:\/\/marthacifuentes.com\/portada\/a-punto-de-vencerse-plazo-de-beneficios-para-estudiantes-en-mora-con-fesca-icetex\/#primaryimage"},"image":{"@id":"https:\/\/marthacifuentes.com\/portada\/a-punto-de-vencerse-plazo-de-beneficios-para-estudiantes-en-mora-con-fesca-icetex\/#primaryimage"},"thumbnailUrl":"https:\/\/marthacifuentes.com\/portada\/wp-content\/uploads\/2023\/08\/Arreglos-de-cartera-2.jpeg","datePublished":"2023-08-15T10:45:38+00:00","author":{"@id":"https:\/\/marthacifuentes.com\/portada\/#\/schema\/person\/57f53174b991db5f90ff78d58502b714"},"breadcrumb":{"@id":"https:\/\/marthacifuentes.com\/portada\/a-punto-de-vencerse-plazo-de-beneficios-para-estudiantes-en-mora-con-fesca-icetex\/#breadcrumb"},"inLanguage":"es","potentialAction":[{"@type":"ReadAction","target":["https:\/\/marthacifuentes.com\/portada\/a-punto-de-vencerse-plazo-de-beneficios-para-estudiantes-en-mora-con-fesca-icetex\/"]}]},{"@type":"ImageObject","inLanguage":"es","@id":"https:\/\/marthacifuentes.com\/portada\/a-punto-de-vencerse-plazo-de-beneficios-para-estudiantes-en-mora-con-fesca-icetex\/#primaryimage","url":"https:\/\/marthacifuentes.com\/portada\/wp-content\/uploads\/2023\/08\/Arreglos-de-cartera-2.jpeg","contentUrl":"https:\/\/marthacifuentes.com\/portada\/wp-content\/uploads\/2023\/08\/Arreglos-de-cartera-2.jpeg","width":1024,"height":870},{"@type":"BreadcrumbList","@id":"https:\/\/marthacifuentes.com\/portada\/a-punto-de-vencerse-plazo-de-beneficios-para-estudiantes-en-mora-con-fesca-icetex\/#breadcrumb","itemListElement":[{"@type":"ListItem","position":1,"name":"Portada","item":"https:\/\/marthacifuentes.com\/portada\/"},{"@type":"ListItem","position":2,"name":"A punto de vencerse plazo de beneficios para estudiantes en mora con Fesca-Icetex"}]},{"@type":"WebSite","@id":"https:\/\/marthacifuentes.com\/portada\/#website","url":"https:\/\/marthacifuentes.com\/portada\/","name":"\u25b7 Noticias de Casanare : Martha Cifuentes | Casanare","description":"Noticias &amp; Contenidos","potentialAction":[{"@type":"SearchAction","target":{"@type":"EntryPoint","urlTemplate":"https:\/\/marthacifuentes.com\/portada\/?s={search_term_string}"},"query-input":{"@type":"PropertyValueSpecification","valueRequired":true,"valueName":"search_term_string"}}],"inLanguage":"es"},{"@type":"Person","@id":"https:\/\/marthacifuentes.com\/portada\/#\/schema\/person\/57f53174b991db5f90ff78d58502b714","name":"Martha Cifuentes","image":{"@type":"ImageObject","inLanguage":"es","@id":"https:\/\/marthacifuentes.com\/portada\/#\/schema\/person\/image\/","url":"http:\/\/marthacifuentes.com\/portada\/wp-content\/uploads\/2018\/06\/avatar_user_2_1528838701-96x96.jpg","contentUrl":"http:\/\/marthacifuentes.com\/portada\/wp-content\/uploads\/2018\/06\/avatar_user_2_1528838701-96x96.jpg","caption":"Martha Cifuentes"},"sameAs":["http:\/\/www.marthacifuentes.com"],"url":"https:\/\/marthacifuentes.com\/portada\/author\/martha\/"}]}},"_links":{"self":[{"href":"https:\/\/marthacifuentes.com\/portada\/wp-json\/wp\/v2\/posts\/31956","targetHints":{"allow":["GET"]}}],"collection":[{"href":"https:\/\/marthacifuentes.com\/portada\/wp-json\/wp\/v2\/posts"}],"about":[{"href":"https:\/\/marthacifuentes.com\/portada\/wp-json\/wp\/v2\/types\/post"}],"author":[{"embeddable":true,"href":"https:\/\/marthacifuentes.com\/portada\/wp-json\/wp\/v2\/users\/2"}],"replies":[{"embeddable":true,"href":"https:\/\/marthacifuentes.com\/portada\/wp-json\/wp\/v2\/comments?post=31956"}],"version-history":[{"count":1,"href":"https:\/\/marthacifuentes.com\/portada\/wp-json\/wp\/v2\/posts\/31956\/revisions"}],"predecessor-version":[{"id":31958,"href":"https:\/\/marthacifuentes.com\/portada\/wp-json\/wp\/v2\/posts\/31956\/revisions\/31958"}],"wp:featuredmedia":[{"embeddable":true,"href":"https:\/\/marthacifuentes.com\/portada\/wp-json\/wp\/v2\/media\/31957"}],"wp:attachment":[{"href":"https:\/\/marthacifuentes.com\/portada\/wp-json\/wp\/v2\/media?parent=31956"}],"wp:term":[{"taxonomy":"category","embeddable":true,"href":"https:\/\/marthacifuentes.com\/portada\/wp-json\/wp\/v2\/categories?post=31956"},{"taxonomy":"post_tag","embeddable":true,"href":"https:\/\/marthacifuentes.com\/portada\/wp-json\/wp\/v2\/tags?post=31956"}],"curies":[{"name":"wp","href":"https:\/\/api.w.org\/{rel}","templated":true}]}}