{"id":32038,"date":"2023-09-22T18:18:55","date_gmt":"2023-09-22T23:18:55","guid":{"rendered":"https:\/\/marthacifuentes.com\/portada\/?p=32038"},"modified":"2023-09-22T18:18:55","modified_gmt":"2023-09-22T23:18:55","slug":"geopark-inaugura-la-oficina-cuentame-en-tauramena-donde-se-promovera-el-dialogo-con-sus-comunidades-vecinas","status":"publish","type":"post","link":"https:\/\/marthacifuentes.com\/portada\/geopark-inaugura-la-oficina-cuentame-en-tauramena-donde-se-promovera-el-dialogo-con-sus-comunidades-vecinas\/","title":{"rendered":"Geopark inaugura la oficina \u2018Cu\u00e9ntame\u2019 en Tauramena donde se promover\u00e1 el di\u00e1logo con sus comunidades vecinas"},"content":{"rendered":"<p>Con el prop\u00f3sito de estar m\u00e1s cerca de sus vecinos y vecinas de Tauramena, GeoPark inaugur\u00f3 una oficina en el casco urbano de Tauramena, ubicada en la calle 9 #11-74 del barrio Mastranto. Se atender\u00e1 al p\u00fablico de martes a jueves de 8:00 a 12:00 m. y de 2:00 a 4:00 p.m.<\/p>\n<p>En esta nueva oficina GeoPark busca fortalecer el di\u00e1logo con todos sus grupos de inter\u00e9s del territorio y fomentar la participaci\u00f3n activa de la comunidad, con el fin de que todos sus vecinos y vecinas puedan compartir propuestas e ideas para promover la convivencia arm\u00f3nica y la buena vecindad en Tauramena.<\/p>\n<p>Durante la ceremonia de inauguraci\u00f3n, An\u00edbal Fern\u00e1ndez de Soto, gerente de Naturaleza y Vecinos en GeoPark, expres\u00f3: \u201cLa apertura de nuestra oficina &#8216;Cu\u00e9ntame&#8217; en Tauramena es un reflejo de nuestro compromiso por establecer canales directos y accesibles que nos acerquen a nuestros vecinos y promuevan un di\u00e1logo proactivo, abierto y transparente. Agradecemos a las autoridades y a las comunidades locales por permitirnos dar este paso significativo en el fortalecimiento de nuestras relaciones de buena vecindad\u201d.<\/p>\n<p>Esta oficina hace parte del programa \u2018Cu\u00e9ntame\u2019, a trav\u00e9s del cual la Compa\u00f1\u00eda facilita la atenci\u00f3n oportuna y efectiva de aquellas preocupaciones e inquietudes que surgen en los vecinos de sus \u00e1reas de operaci\u00f3n, ofreciendo un canal de comunicaci\u00f3n directa y accesible para todos, que contribuye a la prevenci\u00f3n de la conflictividad, el fortalecimiento de relaciones de largo plazo y el respeto por los derechos humanos de los casanare\u00f1os.<\/p>\n<p>Adem\u00e1s de esta oficina en Tauramena, GeoPark tiene previsto abrir un nuevo punto de atenci\u00f3n Cu\u00e9ntame en el municipio de Villanueva durante el \u00faltimo trimestre del a\u00f1o.<\/p>\n<p>Todos los interesados en utilizar el programa \u2018Cu\u00e9ntame\u2019, podr\u00e1n hacerlo a trav\u00e9s de las l\u00edneas de atenci\u00f3n telef\u00f3nicas y de WhatsApp (+57) 3213564273 o (+57) 3134958826, y los correos electr\u00f3nicos llanos34atentos@geo-park.com y llanos87atentos@geo-park.com.<\/p>\n<h2><strong>Otras noticias&#8230;<\/strong><\/h2>\n<blockquote class=\"wp-embedded-content\" data-secret=\"4UBNB3w0zl\"><p><a href=\"https:\/\/marthacifuentes.com\/portada\/2023\/09\/22\/en-debate-candidatos-a-alcaldia-de-yopal-se-muestran-los-dientes-pero-coquetean-para-aliarse-contra-marco-tulio\/\">En debate, candidatos a Alcald\u00eda de Yopal se muestran los dientes pero coquetean para aliarse contra Marco Tulio<\/a><\/p><\/blockquote>\n<p><iframe loading=\"lazy\" class=\"wp-embedded-content\" sandbox=\"allow-scripts\" security=\"restricted\" style=\"position: absolute; clip: rect(1px, 1px, 1px, 1px);\" title=\"\u00abEn debate, candidatos a Alcald\u00eda de Yopal se muestran los dientes pero coquetean para aliarse contra Marco Tulio\u00bb \u2014 \u25b7 Noticias de Casanare : Martha Cifuentes | Casanare\" src=\"https:\/\/marthacifuentes.com\/portada\/2023\/09\/22\/en-debate-candidatos-a-alcaldia-de-yopal-se-muestran-los-dientes-pero-coquetean-para-aliarse-contra-marco-tulio\/embed\/#?secret=YzPkBXMgcE#?secret=4UBNB3w0zl\" data-secret=\"4UBNB3w0zl\" width=\"500\" height=\"282\" frameborder=\"0\" marginwidth=\"0\" marginheight=\"0\" scrolling=\"no\"><\/iframe><\/p>\n","protected":false},"excerpt":{"rendered":"<p>Con el prop\u00f3sito de estar m\u00e1s cerca de sus vecinos y vecinas de Tauramena, GeoPark inaugur\u00f3 una oficina en el casco urbano de Tauramena, ubicada en la calle 9 #11-74 del barrio Mastranto. Se atender\u00e1 al p\u00fablico de martes a jueves de 8:00 a 12:00 m. y de 2:00 a 4:00 p.m. En esta nueva &hellip;<\/p>\n","protected":false},"author":2,"featured_media":32039,"comment_status":"open","ping_status":"open","sticky":false,"template":"","format":"standard","meta":{"om_disable_all_campaigns":false,"_exactmetrics_skip_tracking":false,"_exactmetrics_sitenote_active":false,"_exactmetrics_sitenote_note":"","_exactmetrics_sitenote_category":0,"_monsterinsights_skip_tracking":false,"_monsterinsights_sitenote_active":false,"_monsterinsights_sitenote_note":"","_monsterinsights_sitenote_category":0,"_uf_show_specific_survey":0,"_uf_disable_surveys":false,"_joinchat":[],"footnotes":""},"categories":[147,146,145],"tags":[1373,9329,1400,6612,1376],"class_list":["post-32038","post","type-post","status-publish","format-standard","has-post-thumbnail","hentry","category-actualidad","category-noticias","category-reportajes","tag-casanare-noticias","tag-geopark-oficina-cuentame-tauramena","tag-noticias-casanare","tag-villanueva-casanare","tag-yopal-noticias"],"yoast_head":"<!-- This site is optimized with the Yoast SEO plugin v26.1 - https:\/\/yoast.com\/wordpress\/plugins\/seo\/ -->\n<title>Geopark inaugura la oficina \u2018Cu\u00e9ntame\u2019 en Tauramena donde se promover\u00e1 el di\u00e1logo con sus comunidades vecinas - \u25b7 Noticias de Casanare : Martha Cifuentes | Casanare<\/title>\n<meta name=\"robots\" content=\"index, follow, max-snippet:-1, max-image-preview:large, max-video-preview:-1\" \/>\n<link rel=\"canonical\" href=\"https:\/\/marthacifuentes.com\/portada\/geopark-inaugura-la-oficina-cuentame-en-tauramena-donde-se-promovera-el-dialogo-con-sus-comunidades-vecinas\/\" \/>\n<meta property=\"og:locale\" content=\"es_ES\" \/>\n<meta property=\"og:type\" content=\"article\" \/>\n<meta property=\"og:title\" content=\"Geopark inaugura la oficina \u2018Cu\u00e9ntame\u2019 en Tauramena donde se promover\u00e1 el di\u00e1logo con sus comunidades vecinas - \u25b7 Noticias de Casanare : Martha Cifuentes | Casanare\" \/>\n<meta property=\"og:description\" content=\"Con el prop\u00f3sito de estar m\u00e1s cerca de sus vecinos y vecinas de Tauramena, GeoPark inaugur\u00f3 una oficina en el casco urbano de Tauramena, ubicada en la calle 9 #11-74 del barrio Mastranto. Se atender\u00e1 al p\u00fablico de martes a jueves de 8:00 a 12:00 m. y de 2:00 a 4:00 p.m. En esta nueva &hellip;\" \/>\n<meta property=\"og:url\" content=\"https:\/\/marthacifuentes.com\/portada\/geopark-inaugura-la-oficina-cuentame-en-tauramena-donde-se-promovera-el-dialogo-con-sus-comunidades-vecinas\/\" \/>\n<meta property=\"og:site_name\" content=\"\u25b7 Noticias de Casanare : Martha Cifuentes | Casanare\" \/>\n<meta property=\"article:published_time\" content=\"2023-09-22T23:18:55+00:00\" \/>\n<meta property=\"og:image\" content=\"https:\/\/marthacifuentes.com\/portada\/wp-content\/uploads\/2023\/09\/Imagen-de-WhatsApp-2023-09-22-a-las-15.27.44.jpg\" \/>\n\t<meta property=\"og:image:width\" content=\"1600\" \/>\n\t<meta property=\"og:image:height\" content=\"1066\" \/>\n\t<meta property=\"og:image:type\" content=\"image\/jpeg\" \/>\n<meta name=\"author\" content=\"Martha Cifuentes\" \/>\n<meta name=\"twitter:card\" content=\"summary_large_image\" \/>\n<meta name=\"twitter:label1\" content=\"Escrito por\" \/>\n\t<meta name=\"twitter:data1\" content=\"Martha Cifuentes\" \/>\n\t<meta name=\"twitter:label2\" content=\"Tiempo de lectura\" \/>\n\t<meta name=\"twitter:data2\" content=\"2 minutos\" \/>\n<script type=\"application\/ld+json\" class=\"yoast-schema-graph\">{\"@context\":\"https:\/\/schema.org\",\"@graph\":[{\"@type\":\"WebPage\",\"@id\":\"https:\/\/marthacifuentes.com\/portada\/geopark-inaugura-la-oficina-cuentame-en-tauramena-donde-se-promovera-el-dialogo-con-sus-comunidades-vecinas\/\",\"url\":\"https:\/\/marthacifuentes.com\/portada\/geopark-inaugura-la-oficina-cuentame-en-tauramena-donde-se-promovera-el-dialogo-con-sus-comunidades-vecinas\/\",\"name\":\"Geopark inaugura la oficina \u2018Cu\u00e9ntame\u2019 en Tauramena donde se promover\u00e1 el di\u00e1logo con sus comunidades vecinas - \u25b7 Noticias de Casanare : Martha Cifuentes | Casanare\",\"isPartOf\":{\"@id\":\"https:\/\/marthacifuentes.com\/portada\/#website\"},\"primaryImageOfPage\":{\"@id\":\"https:\/\/marthacifuentes.com\/portada\/geopark-inaugura-la-oficina-cuentame-en-tauramena-donde-se-promovera-el-dialogo-con-sus-comunidades-vecinas\/#primaryimage\"},\"image\":{\"@id\":\"https:\/\/marthacifuentes.com\/portada\/geopark-inaugura-la-oficina-cuentame-en-tauramena-donde-se-promovera-el-dialogo-con-sus-comunidades-vecinas\/#primaryimage\"},\"thumbnailUrl\":\"https:\/\/marthacifuentes.com\/portada\/wp-content\/uploads\/2023\/09\/Imagen-de-WhatsApp-2023-09-22-a-las-15.27.44.jpg\",\"datePublished\":\"2023-09-22T23:18:55+00:00\",\"author\":{\"@id\":\"https:\/\/marthacifuentes.com\/portada\/#\/schema\/person\/57f53174b991db5f90ff78d58502b714\"},\"breadcrumb\":{\"@id\":\"https:\/\/marthacifuentes.com\/portada\/geopark-inaugura-la-oficina-cuentame-en-tauramena-donde-se-promovera-el-dialogo-con-sus-comunidades-vecinas\/#breadcrumb\"},\"inLanguage\":\"es\",\"potentialAction\":[{\"@type\":\"ReadAction\",\"target\":[\"https:\/\/marthacifuentes.com\/portada\/geopark-inaugura-la-oficina-cuentame-en-tauramena-donde-se-promovera-el-dialogo-con-sus-comunidades-vecinas\/\"]}]},{\"@type\":\"ImageObject\",\"inLanguage\":\"es\",\"@id\":\"https:\/\/marthacifuentes.com\/portada\/geopark-inaugura-la-oficina-cuentame-en-tauramena-donde-se-promovera-el-dialogo-con-sus-comunidades-vecinas\/#primaryimage\",\"url\":\"https:\/\/marthacifuentes.com\/portada\/wp-content\/uploads\/2023\/09\/Imagen-de-WhatsApp-2023-09-22-a-las-15.27.44.jpg\",\"contentUrl\":\"https:\/\/marthacifuentes.com\/portada\/wp-content\/uploads\/2023\/09\/Imagen-de-WhatsApp-2023-09-22-a-las-15.27.44.jpg\",\"width\":1600,\"height\":1066},{\"@type\":\"BreadcrumbList\",\"@id\":\"https:\/\/marthacifuentes.com\/portada\/geopark-inaugura-la-oficina-cuentame-en-tauramena-donde-se-promovera-el-dialogo-con-sus-comunidades-vecinas\/#breadcrumb\",\"itemListElement\":[{\"@type\":\"ListItem\",\"position\":1,\"name\":\"Portada\",\"item\":\"https:\/\/marthacifuentes.com\/portada\/\"},{\"@type\":\"ListItem\",\"position\":2,\"name\":\"Geopark inaugura la oficina \u2018Cu\u00e9ntame\u2019 en Tauramena donde se promover\u00e1 el di\u00e1logo con sus comunidades vecinas\"}]},{\"@type\":\"WebSite\",\"@id\":\"https:\/\/marthacifuentes.com\/portada\/#website\",\"url\":\"https:\/\/marthacifuentes.com\/portada\/\",\"name\":\"\u25b7 Noticias de Casanare : Martha Cifuentes | Casanare\",\"description\":\"Noticias &amp; Contenidos\",\"potentialAction\":[{\"@type\":\"SearchAction\",\"target\":{\"@type\":\"EntryPoint\",\"urlTemplate\":\"https:\/\/marthacifuentes.com\/portada\/?s={search_term_string}\"},\"query-input\":{\"@type\":\"PropertyValueSpecification\",\"valueRequired\":true,\"valueName\":\"search_term_string\"}}],\"inLanguage\":\"es\"},{\"@type\":\"Person\",\"@id\":\"https:\/\/marthacifuentes.com\/portada\/#\/schema\/person\/57f53174b991db5f90ff78d58502b714\",\"name\":\"Martha Cifuentes\",\"image\":{\"@type\":\"ImageObject\",\"inLanguage\":\"es\",\"@id\":\"https:\/\/marthacifuentes.com\/portada\/#\/schema\/person\/image\/\",\"url\":\"http:\/\/marthacifuentes.com\/portada\/wp-content\/uploads\/2018\/06\/avatar_user_2_1528838701-96x96.jpg\",\"contentUrl\":\"http:\/\/marthacifuentes.com\/portada\/wp-content\/uploads\/2018\/06\/avatar_user_2_1528838701-96x96.jpg\",\"caption\":\"Martha Cifuentes\"},\"sameAs\":[\"http:\/\/www.marthacifuentes.com\"],\"url\":\"https:\/\/marthacifuentes.com\/portada\/author\/martha\/\"}]}<\/script>\n<!-- \/ Yoast SEO plugin. -->","yoast_head_json":{"title":"Geopark inaugura la oficina \u2018Cu\u00e9ntame\u2019 en Tauramena donde se promover\u00e1 el di\u00e1logo con sus comunidades vecinas - \u25b7 Noticias de Casanare : Martha Cifuentes | Casanare","robots":{"index":"index","follow":"follow","max-snippet":"max-snippet:-1","max-image-preview":"max-image-preview:large","max-video-preview":"max-video-preview:-1"},"canonical":"https:\/\/marthacifuentes.com\/portada\/geopark-inaugura-la-oficina-cuentame-en-tauramena-donde-se-promovera-el-dialogo-con-sus-comunidades-vecinas\/","og_locale":"es_ES","og_type":"article","og_title":"Geopark inaugura la oficina \u2018Cu\u00e9ntame\u2019 en Tauramena donde se promover\u00e1 el di\u00e1logo con sus comunidades vecinas - \u25b7 Noticias de Casanare : Martha Cifuentes | Casanare","og_description":"Con el prop\u00f3sito de estar m\u00e1s cerca de sus vecinos y vecinas de Tauramena, GeoPark inaugur\u00f3 una oficina en el casco urbano de Tauramena, ubicada en la calle 9 #11-74 del barrio Mastranto. Se atender\u00e1 al p\u00fablico de martes a jueves de 8:00 a 12:00 m. y de 2:00 a 4:00 p.m. En esta nueva &hellip;","og_url":"https:\/\/marthacifuentes.com\/portada\/geopark-inaugura-la-oficina-cuentame-en-tauramena-donde-se-promovera-el-dialogo-con-sus-comunidades-vecinas\/","og_site_name":"\u25b7 Noticias de Casanare : Martha Cifuentes | Casanare","article_published_time":"2023-09-22T23:18:55+00:00","og_image":[{"width":1600,"height":1066,"url":"https:\/\/marthacifuentes.com\/portada\/wp-content\/uploads\/2023\/09\/Imagen-de-WhatsApp-2023-09-22-a-las-15.27.44.jpg","type":"image\/jpeg"}],"author":"Martha Cifuentes","twitter_card":"summary_large_image","twitter_misc":{"Escrito por":"Martha Cifuentes","Tiempo de lectura":"2 minutos"},"schema":{"@context":"https:\/\/schema.org","@graph":[{"@type":"WebPage","@id":"https:\/\/marthacifuentes.com\/portada\/geopark-inaugura-la-oficina-cuentame-en-tauramena-donde-se-promovera-el-dialogo-con-sus-comunidades-vecinas\/","url":"https:\/\/marthacifuentes.com\/portada\/geopark-inaugura-la-oficina-cuentame-en-tauramena-donde-se-promovera-el-dialogo-con-sus-comunidades-vecinas\/","name":"Geopark inaugura la oficina \u2018Cu\u00e9ntame\u2019 en Tauramena donde se promover\u00e1 el di\u00e1logo con sus comunidades vecinas - \u25b7 Noticias de Casanare : Martha Cifuentes | Casanare","isPartOf":{"@id":"https:\/\/marthacifuentes.com\/portada\/#website"},"primaryImageOfPage":{"@id":"https:\/\/marthacifuentes.com\/portada\/geopark-inaugura-la-oficina-cuentame-en-tauramena-donde-se-promovera-el-dialogo-con-sus-comunidades-vecinas\/#primaryimage"},"image":{"@id":"https:\/\/marthacifuentes.com\/portada\/geopark-inaugura-la-oficina-cuentame-en-tauramena-donde-se-promovera-el-dialogo-con-sus-comunidades-vecinas\/#primaryimage"},"thumbnailUrl":"https:\/\/marthacifuentes.com\/portada\/wp-content\/uploads\/2023\/09\/Imagen-de-WhatsApp-2023-09-22-a-las-15.27.44.jpg","datePublished":"2023-09-22T23:18:55+00:00","author":{"@id":"https:\/\/marthacifuentes.com\/portada\/#\/schema\/person\/57f53174b991db5f90ff78d58502b714"},"breadcrumb":{"@id":"https:\/\/marthacifuentes.com\/portada\/geopark-inaugura-la-oficina-cuentame-en-tauramena-donde-se-promovera-el-dialogo-con-sus-comunidades-vecinas\/#breadcrumb"},"inLanguage":"es","potentialAction":[{"@type":"ReadAction","target":["https:\/\/marthacifuentes.com\/portada\/geopark-inaugura-la-oficina-cuentame-en-tauramena-donde-se-promovera-el-dialogo-con-sus-comunidades-vecinas\/"]}]},{"@type":"ImageObject","inLanguage":"es","@id":"https:\/\/marthacifuentes.com\/portada\/geopark-inaugura-la-oficina-cuentame-en-tauramena-donde-se-promovera-el-dialogo-con-sus-comunidades-vecinas\/#primaryimage","url":"https:\/\/marthacifuentes.com\/portada\/wp-content\/uploads\/2023\/09\/Imagen-de-WhatsApp-2023-09-22-a-las-15.27.44.jpg","contentUrl":"https:\/\/marthacifuentes.com\/portada\/wp-content\/uploads\/2023\/09\/Imagen-de-WhatsApp-2023-09-22-a-las-15.27.44.jpg","width":1600,"height":1066},{"@type":"BreadcrumbList","@id":"https:\/\/marthacifuentes.com\/portada\/geopark-inaugura-la-oficina-cuentame-en-tauramena-donde-se-promovera-el-dialogo-con-sus-comunidades-vecinas\/#breadcrumb","itemListElement":[{"@type":"ListItem","position":1,"name":"Portada","item":"https:\/\/marthacifuentes.com\/portada\/"},{"@type":"ListItem","position":2,"name":"Geopark inaugura la oficina \u2018Cu\u00e9ntame\u2019 en Tauramena donde se promover\u00e1 el di\u00e1logo con sus comunidades vecinas"}]},{"@type":"WebSite","@id":"https:\/\/marthacifuentes.com\/portada\/#website","url":"https:\/\/marthacifuentes.com\/portada\/","name":"\u25b7 Noticias de Casanare : Martha Cifuentes | Casanare","description":"Noticias &amp; Contenidos","potentialAction":[{"@type":"SearchAction","target":{"@type":"EntryPoint","urlTemplate":"https:\/\/marthacifuentes.com\/portada\/?s={search_term_string}"},"query-input":{"@type":"PropertyValueSpecification","valueRequired":true,"valueName":"search_term_string"}}],"inLanguage":"es"},{"@type":"Person","@id":"https:\/\/marthacifuentes.com\/portada\/#\/schema\/person\/57f53174b991db5f90ff78d58502b714","name":"Martha Cifuentes","image":{"@type":"ImageObject","inLanguage":"es","@id":"https:\/\/marthacifuentes.com\/portada\/#\/schema\/person\/image\/","url":"http:\/\/marthacifuentes.com\/portada\/wp-content\/uploads\/2018\/06\/avatar_user_2_1528838701-96x96.jpg","contentUrl":"http:\/\/marthacifuentes.com\/portada\/wp-content\/uploads\/2018\/06\/avatar_user_2_1528838701-96x96.jpg","caption":"Martha Cifuentes"},"sameAs":["http:\/\/www.marthacifuentes.com"],"url":"https:\/\/marthacifuentes.com\/portada\/author\/martha\/"}]}},"_links":{"self":[{"href":"https:\/\/marthacifuentes.com\/portada\/wp-json\/wp\/v2\/posts\/32038","targetHints":{"allow":["GET"]}}],"collection":[{"href":"https:\/\/marthacifuentes.com\/portada\/wp-json\/wp\/v2\/posts"}],"about":[{"href":"https:\/\/marthacifuentes.com\/portada\/wp-json\/wp\/v2\/types\/post"}],"author":[{"embeddable":true,"href":"https:\/\/marthacifuentes.com\/portada\/wp-json\/wp\/v2\/users\/2"}],"replies":[{"embeddable":true,"href":"https:\/\/marthacifuentes.com\/portada\/wp-json\/wp\/v2\/comments?post=32038"}],"version-history":[{"count":1,"href":"https:\/\/marthacifuentes.com\/portada\/wp-json\/wp\/v2\/posts\/32038\/revisions"}],"predecessor-version":[{"id":32040,"href":"https:\/\/marthacifuentes.com\/portada\/wp-json\/wp\/v2\/posts\/32038\/revisions\/32040"}],"wp:featuredmedia":[{"embeddable":true,"href":"https:\/\/marthacifuentes.com\/portada\/wp-json\/wp\/v2\/media\/32039"}],"wp:attachment":[{"href":"https:\/\/marthacifuentes.com\/portada\/wp-json\/wp\/v2\/media?parent=32038"}],"wp:term":[{"taxonomy":"category","embeddable":true,"href":"https:\/\/marthacifuentes.com\/portada\/wp-json\/wp\/v2\/categories?post=32038"},{"taxonomy":"post_tag","embeddable":true,"href":"https:\/\/marthacifuentes.com\/portada\/wp-json\/wp\/v2\/tags?post=32038"}],"curies":[{"name":"wp","href":"https:\/\/api.w.org\/{rel}","templated":true}]}}