{"id":32084,"date":"2023-10-06T19:08:37","date_gmt":"2023-10-07T00:08:37","guid":{"rendered":"https:\/\/marthacifuentes.com\/portada\/?p=32084"},"modified":"2023-10-06T19:08:37","modified_gmt":"2023-10-07T00:08:37","slug":"marisela-imparable-partido-conservador-se-une-a-su-campana-para-enfrentar-la-izquierda-en-casanare","status":"publish","type":"post","link":"https:\/\/marthacifuentes.com\/portada\/marisela-imparable-partido-conservador-se-une-a-su-campana-para-enfrentar-la-izquierda-en-casanare\/","title":{"rendered":"Marisela imparable: Partido Conservador se une a su campa\u00f1a para enfrentar la izquierda en Casanare"},"content":{"rendered":"<h2 style=\"text-align: right;\"><span style=\"color: #ff6600;\">#PublicidadPol\u00edticaPagada<\/span><\/h2>\n<p>El partido conservador oficializ\u00f3 su alianza con la candidata a la Gobernaci\u00f3n Marisela Duarte<\/p>\n<p>El partido Conservador en pleno y su militancia anunciaron este viernes, la alianza con Marisela Duarte, candidata a la Gobernaci\u00f3n de Casanare por Centro Democr\u00e1tico.<\/p>\n<p>Al respecto el vocero de los conservadores y cabeza de lista a la Asamblea, \u00c1lvaro P\u00e9rez mencion\u00f3 que, esta alianza es un mensaje para los casanare\u00f1os que defienden la familia, la vida desde su gestaci\u00f3n hasta la muerte natural, la seguridad, el orden, la prevenci\u00f3n de toda forma de violencia, discriminaci\u00f3n y maltrato contra las mujeres, ni\u00f1as y ni\u00f1os, as\u00ed como el desarrollo agr\u00edcola del departamento en producci\u00f3n y v\u00edas terciarias.<\/p>\n<p>Para los conservadores hoy no se puede dar un salto al vac\u00edo, apoyando candidaturas que est\u00e1n avaladas por el Gobierno Nacional y que no representan los intereses de los casanare\u00f1os.<\/p>\n<p>La adhesi\u00f3n estuvo acompa\u00f1ada por los l\u00edderes y candidatos a diferentes cargos de elecci\u00f3n de Yopal, Aguazul, Trinidad, Nunch\u00eda, Villanueva y S\u00e1cama.<\/p>\n<p>El partido de centroderecha invit\u00f3 a votar por Marisela Duarte, una candidata que ya demostr\u00f3 c\u00f3mo gestora social, su capacidad para gestionar y para defender a los\u00a0casanare\u00f1os.<\/p>\n<h2><strong>Otras noticias&#8230;<\/strong><\/h2>\n<blockquote class=\"wp-embedded-content\" data-secret=\"ysl8d1Z5dS\"><p><a href=\"https:\/\/marthacifuentes.com\/portada\/2023\/10\/06\/superservicios-retomo-las-riendas-de-la-eaaay-ante-la-negligencia-en-su-manejo-del-alcalde-y-del-gerente\/\">Superservicios retom\u00f3 las riendas de la Eaaay ante la negligencia en su manejo, del alcalde y del gerente<\/a><\/p><\/blockquote>\n<p><iframe loading=\"lazy\" class=\"wp-embedded-content\" sandbox=\"allow-scripts\" security=\"restricted\" style=\"position: absolute; clip: rect(1px, 1px, 1px, 1px);\" title=\"\u00abSuperservicios retom\u00f3 las riendas de la Eaaay ante la negligencia en su manejo, del alcalde y del gerente\u00bb \u2014 \u25b7 Noticias de Casanare : Martha Cifuentes | Casanare\" src=\"https:\/\/marthacifuentes.com\/portada\/2023\/10\/06\/superservicios-retomo-las-riendas-de-la-eaaay-ante-la-negligencia-en-su-manejo-del-alcalde-y-del-gerente\/embed\/#?secret=MPi5gnDE7K#?secret=ysl8d1Z5dS\" data-secret=\"ysl8d1Z5dS\" width=\"500\" height=\"282\" frameborder=\"0\" marginwidth=\"0\" marginheight=\"0\" scrolling=\"no\"><\/iframe><\/p>\n<h2>Otras noticias\u2026<\/h2>\n<p><iframe loading=\"lazy\" class=\"wp-embedded-content\" title=\"\u00abTribunal conmina a Alcald\u00eda de Yopal a que en 10 d\u00edas fije cronograma para construir Terminal de Transportes. Sigue el \u00abfue que que fue\u00bb\u00bb \u2014 \u25b7 Noticias de Casanare : Martha Cifuentes | Casanare\" src=\"https:\/\/marthacifuentes.com\/portada\/2023\/10\/04\/tribunal-conmina-a-alcaldia-de-yopal-a-que-en-10-dias-fije-cronograma-para-construir-terminal-de-transportes-sigue-el-fue-que-que-fue\/embed\/#?secret=XCl5c03E9A#?secret=yqhmpQlqsb\" width=\"600\" height=\"650\" frameborder=\"0\" marginwidth=\"0\" marginheight=\"0\" scrolling=\"no\" sandbox=\"allow-scripts\" data-secret=\"yqhmpQlqsb\" data-mce-fragment=\"1\"><\/iframe><\/p>\n<p><iframe loading=\"lazy\" class=\"wp-embedded-content\" title=\"\u00abSiguen llegando apoyos a Marisela. Uno de los grupos m\u00e1s fuertes en Man\u00ed, se une a su campa\u00f1a\u00bb \u2014 \u25b7 Noticias de Casanare : Martha Cifuentes | Casanare\" src=\"https:\/\/marthacifuentes.com\/portada\/2023\/10\/03\/siguen-llegando-apoyos-a-marisela-uno-de-los-grupos-mas-fuertes-en-mani-se-une-a-su-campana\/embed\/#?secret=BE0njzyD9j#?secret=wxxr1e0ckI\" width=\"600\" height=\"621\" frameborder=\"0\" marginwidth=\"0\" marginheight=\"0\" scrolling=\"no\" sandbox=\"allow-scripts\" data-secret=\"wxxr1e0ckI\" data-mce-fragment=\"1\"><\/iframe><\/p>\n<p><iframe loading=\"lazy\" class=\"wp-embedded-content\" title=\"\u00abAhora Registro Civil se podr\u00e1 descargar en l\u00ednea. Costar\u00e1 15.600 pesos.\u00bb \u2014 \u25b7 Noticias de Casanare : Martha Cifuentes | Casanare\" src=\"https:\/\/marthacifuentes.com\/portada\/2023\/10\/03\/ahora-registro-civil-se-podra-descargar-en-linea-costara-15-600-pesos\/embed\/#?secret=6fGHZAA6OG#?secret=sUOF8xn8Ss\" width=\"600\" height=\"621\" frameborder=\"0\" marginwidth=\"0\" marginheight=\"0\" scrolling=\"no\" sandbox=\"allow-scripts\" data-secret=\"sUOF8xn8Ss\" data-mce-fragment=\"1\"><\/iframe><\/p>\n<p><iframe loading=\"lazy\" class=\"wp-embedded-content\" title=\"\u00abCapturados integrantes de banda \u201cLos Kamikaze\u201d dedicada a hurto de computadores en Yopal.\u00bb \u2014 \u25b7 Noticias de Casanare : Martha Cifuentes | Casanare\" src=\"https:\/\/marthacifuentes.com\/portada\/2023\/10\/03\/capturados-integrantes-de-banda-los-kamikaze-dedicada-a-hurto-de-computadores-en-yopal\/embed\/#?secret=6WHKS8PDDK#?secret=XfVbJOUiF8\" width=\"600\" height=\"600\" frameborder=\"0\" marginwidth=\"0\" marginheight=\"0\" scrolling=\"no\" sandbox=\"allow-scripts\" data-secret=\"XfVbJOUiF8\" data-mce-fragment=\"1\"><\/iframe><\/p>\n<p><iframe loading=\"lazy\" class=\"wp-embedded-content\" title=\"\u00abA 27 d\u00edas de elecciones, Marisela Duarte se acerca a Zorro. Est\u00e1 de \u2018Voto finish\u2019\u00bb \u2014 \u25b7 Noticias de Casanare : Martha Cifuentes | Casanare\" src=\"https:\/\/marthacifuentes.com\/portada\/2023\/10\/03\/a-27-dias-de-elecciones-marisela-duarte-se-acerca-a-zorro-esta-de-voto-finish\/embed\/#?secret=8wCTxyXL7z#?secret=2LpIQH8w32\" width=\"600\" height=\"621\" frameborder=\"0\" marginwidth=\"0\" marginheight=\"0\" scrolling=\"no\" sandbox=\"allow-scripts\" data-secret=\"2LpIQH8w32\" data-mce-fragment=\"1\"><\/iframe><\/p>\n<p><iframe loading=\"lazy\" class=\"wp-embedded-content\" title=\"\u00abNO hay paso vehicular en Los Grillos, v\u00eda del Cusiana. Se trabaja en construcci\u00f3n de carretera temporal.\u00bb \u2014 \u25b7 Noticias de Casanare : Martha Cifuentes | Casanare\" src=\"https:\/\/marthacifuentes.com\/portada\/2023\/09\/29\/no-hay-paso-vehicular-en-los-grillos-via-del-cusiana-se-trabaja-en-construccion-de-carretera-temporal\/embed\/#?secret=sXnopBull9#?secret=cTzeBt3Hb1\" width=\"600\" height=\"621\" frameborder=\"0\" marginwidth=\"0\" marginheight=\"0\" scrolling=\"no\" sandbox=\"allow-scripts\" data-secret=\"cTzeBt3Hb1\" data-mce-fragment=\"1\"><\/iframe><\/p>\n<p><iframe loading=\"lazy\" class=\"wp-embedded-content\" title=\"\u00abCon candidatos a la Alcald\u00eda de Yopal se realizar\u00e1 hoy Foro por el Desarrollo Regional\u00bb \u2014 \u25b7 Noticias de Casanare : Martha Cifuentes | Casanare\" src=\"https:\/\/marthacifuentes.com\/portada\/2023\/09\/28\/con-candidatos-a-la-alcaldia-de-yopal-se-realizara-hoy-foro-por-el-desarrollo-regional\/embed\/#?secret=HRDZVXX7Vl#?secret=5X9LNxgqBG\" width=\"600\" height=\"589\" frameborder=\"0\" marginwidth=\"0\" marginheight=\"0\" scrolling=\"no\" sandbox=\"allow-scripts\" data-secret=\"5X9LNxgqBG\" data-mce-fragment=\"1\"><\/iframe><\/p>\n<p><iframe loading=\"lazy\" class=\"wp-embedded-content\" title=\"\u00abGeopark inaugura la oficina \u2018Cu\u00e9ntame\u2019 en Tauramena donde se promover\u00e1 el di\u00e1logo con sus comunidades vecinas\u00bb \u2014 \u25b7 Noticias de Casanare : Martha Cifuentes | Casanare\" src=\"https:\/\/marthacifuentes.com\/portada\/2023\/09\/22\/geopark-inaugura-la-oficina-cuentame-en-tauramena-donde-se-promovera-el-dialogo-con-sus-comunidades-vecinas\/embed\/#?secret=DwAoalT9GE#?secret=bjwgkAfdyj\" width=\"600\" height=\"629\" frameborder=\"0\" marginwidth=\"0\" marginheight=\"0\" scrolling=\"no\" sandbox=\"allow-scripts\" data-secret=\"bjwgkAfdyj\" data-mce-fragment=\"1\"><\/iframe><\/p>\n<p><iframe loading=\"lazy\" class=\"wp-embedded-content\" title=\"\u00abEn debate, candidatos a Alcald\u00eda de Yopal se muestran los dientes pero coquetean para aliarse contra Marco Tulio\u00bb \u2014 \u25b7 Noticias de Casanare : Martha Cifuentes | Casanare\" src=\"https:\/\/marthacifuentes.com\/portada\/2023\/09\/22\/en-debate-candidatos-a-alcaldia-de-yopal-se-muestran-los-dientes-pero-coquetean-para-aliarse-contra-marco-tulio\/embed\/#?secret=MzGlhLu2cQ#?secret=OHxQ9B9QLx\" width=\"600\" height=\"650\" frameborder=\"0\" marginwidth=\"0\" marginheight=\"0\" scrolling=\"no\" sandbox=\"allow-scripts\" data-secret=\"OHxQ9B9QLx\" data-mce-fragment=\"1\"><\/iframe><\/p>\n<div class=\"post-bottom-meta post-bottom-tags post-tags-modern\">\n<p><iframe loading=\"lazy\" class=\"wp-embedded-content\" title=\"\u00abMarisela Duarte: Por primera vez una mujer es la m\u00e1s opcionada para ser Gobernadora de Casanare\u00bb \u2014 \u25b7 Noticias de Casanare : Martha Cifuentes | Casanare\" src=\"https:\/\/marthacifuentes.com\/portada\/2023\/09\/02\/marisela-duarte-por-primera-vez-una-mujer-es-la-mas-opcionada-para-ser-gobernadora-de-casanare\/embed\/#?secret=r4pvnX6Aop#?secret=K8Q8kueX4F\" width=\"600\" height=\"621\" frameborder=\"0\" marginwidth=\"0\" marginheight=\"0\" scrolling=\"no\" sandbox=\"allow-scripts\" data-secret=\"K8Q8kueX4F\" data-mce-fragment=\"1\"><\/iframe><\/p>\n<p><iframe loading=\"lazy\" class=\"wp-embedded-content\" title=\"\u00abEcopetrol abri\u00f3 convocatoria de pr\u00e1cticas para 336 estudiantes con miras al primer semestre del 2024.\u00bb \u2014 \u25b7 Noticias de Casanare : Martha Cifuentes | Casanare\" src=\"https:\/\/marthacifuentes.com\/portada\/2023\/08\/31\/ecopetrol-abrio-convocatoria-de-practicas-para-336-estudiantes-con-miras-al-primer-semestre-del-2024\/embed\/#?secret=KpjNd51yfc#?secret=Hioa6tBwWc\" width=\"600\" height=\"621\" frameborder=\"0\" marginwidth=\"0\" marginheight=\"0\" scrolling=\"no\" sandbox=\"allow-scripts\" data-secret=\"Hioa6tBwWc\" data-mce-fragment=\"1\"><\/iframe><\/p>\n<p><iframe loading=\"lazy\" class=\"wp-embedded-content\" title=\"\u00abCostos del transporte de carga terrestre en Casanare ser\u00e1n presentados hoy por la Universidad del Rosario en Yopal\u00bb \u2014 \u25b7 Noticias de Casanare : Martha Cifuentes | Casanare\" src=\"https:\/\/marthacifuentes.com\/portada\/2023\/08\/30\/costos-del-transporte-de-carga-terrestre-en-casanare-seran-presentados-hoy-por-la-universidad-del-rosario-en-yopal\/embed\/#?secret=ye5pS3TBJn#?secret=urbsn22AG6\" width=\"600\" height=\"650\" frameborder=\"0\" marginwidth=\"0\" marginheight=\"0\" scrolling=\"no\" sandbox=\"allow-scripts\" data-secret=\"urbsn22AG6\" data-mce-fragment=\"1\"><\/iframe><\/p>\n<p><iframe loading=\"lazy\" class=\"wp-embedded-content\" title=\"\u00abAlcald\u00eda de Yopal condenada a pagar 516 millones por quema de motos en parqueadero de Yopal. Afectados tienen 20 d\u00edas para reclamar.\u00a0\u00bb \u2014 \u25b7 Noticias de Casanare : Martha Cifuentes | Casanare\" src=\"https:\/\/marthacifuentes.com\/portada\/2023\/08\/29\/alcaldia-de-yopal-condenada-a-pagar-516-millones-por-quema-de-motos-en-parqueadero-de-yopal-afectados-tienen-20-dias-para-reclamar\/embed\/#?secret=0im46G7XBN#?secret=PJtF4GCt6N\" width=\"600\" height=\"629\" frameborder=\"0\" marginwidth=\"0\" marginheight=\"0\" scrolling=\"no\" sandbox=\"allow-scripts\" data-secret=\"PJtF4GCt6N\" data-mce-fragment=\"1\"><\/iframe><\/p>\n<p><iframe loading=\"lazy\" class=\"wp-embedded-content\" title=\"\u00abAntigua v\u00eda del Cusiana en el sector Los Grillos ser\u00e1 habilitada para tr\u00e1nsito vehicular entre Boyac\u00e1 y Casanare\u00a0\u00bb \u2014 \u25b7 Noticias de Casanare : Martha Cifuentes | Casanare\" src=\"https:\/\/marthacifuentes.com\/portada\/2023\/08\/29\/antigua-via-del-cusiana-en-el-sector-los-grillos-sera-habilitada-para-transito-vehicular-entre-boyaca-y-casanare\/embed\/#?secret=Kt9Fd6JyfF#?secret=ONJdPkcsIH\" width=\"600\" height=\"627\" frameborder=\"0\" marginwidth=\"0\" marginheight=\"0\" scrolling=\"no\" sandbox=\"allow-scripts\" data-secret=\"ONJdPkcsIH\" data-mce-fragment=\"1\"><\/iframe><\/p>\n<p><iframe loading=\"lazy\" class=\"wp-embedded-content\" title=\"\u00abHoy fue el sepelio de Yolennys Jim\u00e9nez, la venezolana desaparecida, desmembrada y asesinada en Tilodir\u00e1n, Yopal \u00a0\u00bb \u2014 \u25b7 Noticias de Casanare : Martha Cifuentes | Casanare\" src=\"https:\/\/marthacifuentes.com\/portada\/2023\/08\/28\/hoy-fue-el-sepelio-de-yolennys-jimenez-la-venezolana-desaparecida-desmembrada-y-asesinada-en-tilodiran-yopal\/embed\/#?secret=SMterDhd1P#?secret=SuvDHUIExM\" width=\"600\" height=\"626\" frameborder=\"0\" marginwidth=\"0\" marginheight=\"0\" scrolling=\"no\" sandbox=\"allow-scripts\" data-secret=\"SuvDHUIExM\" data-mce-fragment=\"1\"><\/iframe><\/p>\n<p><iframe loading=\"lazy\" class=\"wp-embedded-content\" title=\"\u00abPajarito y Casanare esperando un milagro para recuperar tr\u00e1nsito por v\u00eda del Cusiana.\u00a0Hoy PMU con Gesti\u00f3n del Riesgo.\u00bb \u2014 \u25b7 Noticias de Casanare : Martha Cifuentes | Casanare\" src=\"https:\/\/marthacifuentes.com\/portada\/2023\/08\/28\/pajarito-y-casanare-esperando-un-milagro-para-recuperar-transito-por-via-del-cusiana-hoy-pmu-con-gestion-del-riesgo\/embed\/#?secret=nkQKuk4oC7#?secret=vGzgaZXtVV\" width=\"600\" height=\"629\" frameborder=\"0\" marginwidth=\"0\" marginheight=\"0\" scrolling=\"no\" sandbox=\"allow-scripts\" data-secret=\"vGzgaZXtVV\" data-mce-fragment=\"1\"><\/iframe><\/p>\n<p><iframe loading=\"lazy\" class=\"wp-embedded-content\" title=\"\u00abCon donat\u00f3n buscan realizar 2a versi\u00f3n del Festival de Teatro de Yopal\u00bb \u2014 \u25b7 Noticias de Casanare : Martha Cifuentes | Casanare\" src=\"https:\/\/marthacifuentes.com\/portada\/2023\/08\/17\/con-donaton-buscan-realizar-2a-version-del-festival-de-teatro-de-yopal\/embed\/#?secret=bw6HV5YTzo#?secret=jq1984oTxw\" width=\"600\" height=\"663\" frameborder=\"0\" marginwidth=\"0\" marginheight=\"0\" scrolling=\"no\" sandbox=\"allow-scripts\" data-secret=\"jq1984oTxw\" data-mce-fragment=\"1\"><\/iframe><\/p>\n<p><iframe loading=\"lazy\" class=\"wp-embedded-content\" title=\"\u00abNueva condena por desaparici\u00f3n forzada y homicidio para H\u00e9ctor Buitrago, alias \u201cEl Patr\u00f3n\u201d \u00a0\u00bb \u2014 \u25b7 Noticias de Casanare : Martha Cifuentes | Casanare\" src=\"https:\/\/marthacifuentes.com\/portada\/2023\/08\/17\/nueva-condena-por-desaparicion-forzada-y-homicidio-para-hector-buitrago-alias-el-patron\/embed\/#?secret=MgsyJpSCG2#?secret=420bXBRVky\" width=\"600\" height=\"532\" frameborder=\"0\" marginwidth=\"0\" marginheight=\"0\" scrolling=\"no\" sandbox=\"allow-scripts\" data-secret=\"420bXBRVky\" data-mce-fragment=\"1\"><\/iframe><\/p>\n<p><iframe loading=\"lazy\" class=\"wp-embedded-content\" title=\"\u00abNelson Mari\u00f1o ser\u00e1 libre. Tribunal de Yopal revoc\u00f3 sentencia que lo condenaba a prisi\u00f3n.\u00a0\u00bb \u2014 \u25b7 Noticias de Casanare : Martha Cifuentes | Casanare\" src=\"https:\/\/marthacifuentes.com\/portada\/2023\/08\/17\/nelson-marino-sera-libre-tribunal-de-yopal-revoco-sentencia-que-lo-condenaba-a-prision\/embed\/#?secret=ZmEColx1ec#?secret=l7h4xuHDan\" width=\"600\" height=\"621\" frameborder=\"0\" marginwidth=\"0\" marginheight=\"0\" scrolling=\"no\" sandbox=\"allow-scripts\" data-secret=\"l7h4xuHDan\" data-mce-fragment=\"1\"><\/iframe><\/p>\n<p><iframe loading=\"lazy\" class=\"wp-embedded-content\" title=\"\u00ab20 j\u00f3venes casanare\u00f1os podr\u00e1n estudiar becados por Geopark en alianza con la UNAD\u00a0\u00bb \u2014 \u25b7 Noticias de Casanare : Martha Cifuentes | Casanare\" src=\"https:\/\/marthacifuentes.com\/portada\/2023\/08\/17\/20-jovenes-casanarenos-podran-estudiar-becados-por-geopark-en-alianza-con-la-unad\/embed\/#?secret=rlQPDimtph#?secret=tZYknMbej7\" width=\"600\" height=\"606\" frameborder=\"0\" marginwidth=\"0\" marginheight=\"0\" scrolling=\"no\" sandbox=\"allow-scripts\" data-secret=\"tZYknMbej7\" data-mce-fragment=\"1\"><\/iframe><\/p>\n<p><iframe loading=\"lazy\" class=\"wp-embedded-content\" title=\"\u00abPetro y Colombia Humana niegan financiaci\u00f3n \u00edlicita de campa\u00f1a presidencial en Casanare, donde perdi\u00f3 las elecciones.\u00bb \u2014 \u25b7 Noticias de Casanare : Martha Cifuentes | Casanare\" src=\"https:\/\/marthacifuentes.com\/portada\/2023\/08\/16\/petro-y-colombia-humana-niegan-financiacion-ilicita-de-campana-presidencial-en-casanare-donde-perdio-las-elecciones\/embed\/#?secret=nScpM4JBvE#?secret=0bQ2i9Vqh5\" width=\"600\" height=\"650\" frameborder=\"0\" marginwidth=\"0\" marginheight=\"0\" scrolling=\"no\" sandbox=\"allow-scripts\" data-secret=\"0bQ2i9Vqh5\" data-mce-fragment=\"1\"><\/iframe><\/p>\n<p><iframe loading=\"lazy\" class=\"wp-embedded-content\" title=\"\u00abA punto de vencerse plazo de beneficios para estudiantes en mora con Fesca-Icetex\u00bb \u2014 \u25b7 Noticias de Casanare : Martha Cifuentes | Casanare\" src=\"https:\/\/marthacifuentes.com\/portada\/2023\/08\/15\/a-punto-de-vencerse-plazo-de-beneficios-para-estudiantes-en-mora-con-fesca-icetex\/embed\/#?secret=1F4YfwNqk8#?secret=aD5ynEfYSS\" width=\"600\" height=\"621\" frameborder=\"0\" marginwidth=\"0\" marginheight=\"0\" scrolling=\"no\" sandbox=\"allow-scripts\" data-secret=\"aD5ynEfYSS\" data-mce-fragment=\"1\"><\/iframe><\/p>\n<p><iframe loading=\"lazy\" class=\"wp-embedded-content\" title=\"\u00abOtra vez cerrada v\u00eda del Cusiana. Inminente colapso de puente de Quebrada Negra. \u00a0\u00bb \u2014 \u25b7 Noticias de Casanare : Martha Cifuentes | Casanare\" src=\"https:\/\/marthacifuentes.com\/portada\/2023\/08\/15\/otra-vez-cerrada-via-del-cusiana-inminente-colapso-de-puente-de-quebrada-negra\/embed\/#?secret=srdssnNTic#?secret=IOmYLPpdtn\" width=\"600\" height=\"621\" frameborder=\"0\" marginwidth=\"0\" marginheight=\"0\" scrolling=\"no\" sandbox=\"allow-scripts\" data-secret=\"IOmYLPpdtn\" data-mce-fragment=\"1\"><\/iframe><\/p>\n<p><iframe loading=\"lazy\" class=\"wp-embedded-content\" title=\"\u00abDisidencias de las Farc activaron plan pistola contra polic\u00edas en Casanare. Un sospechoso ten\u00eda fotos de agentes.\u00a0\u00bb \u2014 \u25b7 Noticias de Casanare : Martha Cifuentes | Casanare\" src=\"https:\/\/marthacifuentes.com\/portada\/2023\/08\/15\/disidencias-de-las-farc-activaron-plan-pistola-contra-policias-en-casanare-un-sospechoso-tenia-fotos-de-agentes\/embed\/#?secret=xSG2j4bqfn#?secret=WKNMrHtvrc\" width=\"600\" height=\"629\" frameborder=\"0\" marginwidth=\"0\" marginheight=\"0\" scrolling=\"no\" sandbox=\"allow-scripts\" data-secret=\"WKNMrHtvrc\" data-mce-fragment=\"1\"><\/iframe><\/p>\n<p><iframe loading=\"lazy\" class=\"wp-embedded-content\" title=\"\u00abGerente de la Eaaay expuesto a investigaciones penales y disciplinarias por multimillonarios contratos. Contralor\u00eda lo ech\u00f3 al agua.\u00a0\u00bb \u2014 \u25b7 Noticias de Casanare : Martha Cifuentes | Casanare\" src=\"https:\/\/marthacifuentes.com\/portada\/2023\/08\/15\/gerente-de-la-eaaay-expuesto-a-investigaciones-penales-y-disciplinarias-por-multimillonarios-contratos-contraloria-lo-echo-al-agua\/embed\/#?secret=xelPx2UqVQ#?secret=N5RNvx5eWe\" width=\"600\" height=\"650\" frameborder=\"0\" marginwidth=\"0\" marginheight=\"0\" scrolling=\"no\" sandbox=\"allow-scripts\" data-secret=\"N5RNvx5eWe\" data-mce-fragment=\"1\"><\/iframe><\/p>\n<p><iframe loading=\"lazy\" class=\"wp-embedded-content\" title=\"\u00abUn muerto y una mujer herida deja ataque sicarial en zona rural de Aguazul\u00bb \u2014 \u25b7 Noticias de Casanare : Martha Cifuentes | Casanare\" src=\"https:\/\/marthacifuentes.com\/portada\/2023\/08\/03\/un-muerto-y-una-mujer-herida-deja-ataque-sicarial-en-zona-rural-de-aguazul\/embed\/#?secret=7XovMmF8rk#?secret=hYqA7KSmrD\" width=\"600\" height=\"600\" frameborder=\"0\" marginwidth=\"0\" marginheight=\"0\" scrolling=\"no\" sandbox=\"allow-scripts\" data-secret=\"hYqA7KSmrD\" data-mce-fragment=\"1\"><\/iframe><\/p>\n<\/div>\n","protected":false},"excerpt":{"rendered":"<p>#PublicidadPol\u00edticaPagada El partido conservador oficializ\u00f3 su alianza con la candidata a la Gobernaci\u00f3n Marisela Duarte El partido Conservador en pleno y su militancia anunciaron este viernes, la alianza con Marisela Duarte, candidata a la Gobernaci\u00f3n de Casanare por Centro Democr\u00e1tico. Al respecto el vocero de los conservadores y cabeza de lista a la Asamblea, \u00c1lvaro &hellip;<\/p>\n","protected":false},"author":2,"featured_media":32085,"comment_status":"open","ping_status":"open","sticky":false,"template":"","format":"standard","meta":{"om_disable_all_campaigns":false,"_exactmetrics_skip_tracking":false,"_exactmetrics_sitenote_active":false,"_exactmetrics_sitenote_note":"","_exactmetrics_sitenote_category":0,"_monsterinsights_skip_tracking":false,"_monsterinsights_sitenote_active":false,"_monsterinsights_sitenote_note":"","_monsterinsights_sitenote_category":0,"_uf_show_specific_survey":0,"_uf_disable_surveys":false,"_joinchat":[],"footnotes":""},"categories":[147,146,145],"tags":[1373,9349,1400],"class_list":["post-32084","post","type-post","status-publish","format-standard","has-post-thumbnail","hentry","category-actualidad","category-noticias","category-reportajes","tag-casanare-noticias","tag-marisela-duarte-aspirante-gobernacion-de-casanare","tag-noticias-casanare"],"yoast_head":"<!-- This site is optimized with the Yoast SEO plugin v26.1 - https:\/\/yoast.com\/wordpress\/plugins\/seo\/ -->\n<title>Marisela imparable: Partido Conservador se une a su campa\u00f1a para enfrentar la izquierda en Casanare - \u25b7 Noticias de Casanare : Martha Cifuentes | Casanare<\/title>\n<meta name=\"robots\" content=\"index, follow, max-snippet:-1, max-image-preview:large, max-video-preview:-1\" \/>\n<link rel=\"canonical\" href=\"https:\/\/marthacifuentes.com\/portada\/marisela-imparable-partido-conservador-se-une-a-su-campana-para-enfrentar-la-izquierda-en-casanare\/\" \/>\n<meta property=\"og:locale\" content=\"es_ES\" \/>\n<meta property=\"og:type\" content=\"article\" \/>\n<meta property=\"og:title\" content=\"Marisela imparable: Partido Conservador se une a su campa\u00f1a para enfrentar la izquierda en Casanare - \u25b7 Noticias de Casanare : Martha Cifuentes | Casanare\" \/>\n<meta property=\"og:description\" content=\"#PublicidadPol\u00edticaPagada El partido conservador oficializ\u00f3 su alianza con la candidata a la Gobernaci\u00f3n Marisela Duarte El partido Conservador en pleno y su militancia anunciaron este viernes, la alianza con Marisela Duarte, candidata a la Gobernaci\u00f3n de Casanare por Centro Democr\u00e1tico. Al respecto el vocero de los conservadores y cabeza de lista a la Asamblea, \u00c1lvaro &hellip;\" \/>\n<meta property=\"og:url\" content=\"https:\/\/marthacifuentes.com\/portada\/marisela-imparable-partido-conservador-se-une-a-su-campana-para-enfrentar-la-izquierda-en-casanare\/\" \/>\n<meta property=\"og:site_name\" content=\"\u25b7 Noticias de Casanare : Martha Cifuentes | Casanare\" \/>\n<meta property=\"article:published_time\" content=\"2023-10-07T00:08:37+00:00\" \/>\n<meta property=\"og:image\" content=\"https:\/\/marthacifuentes.com\/portada\/wp-content\/uploads\/2023\/10\/Imagen-de-WhatsApp-2023-10-06-a-las-11.36.58_2b8fb7b4.jpg\" \/>\n\t<meta property=\"og:image:width\" content=\"1275\" \/>\n\t<meta property=\"og:image:height\" content=\"850\" \/>\n\t<meta property=\"og:image:type\" content=\"image\/jpeg\" \/>\n<meta name=\"author\" content=\"Martha Cifuentes\" \/>\n<meta name=\"twitter:card\" content=\"summary_large_image\" \/>\n<meta name=\"twitter:label1\" content=\"Escrito por\" \/>\n\t<meta name=\"twitter:data1\" content=\"Martha Cifuentes\" \/>\n\t<meta name=\"twitter:label2\" content=\"Tiempo de lectura\" \/>\n\t<meta name=\"twitter:data2\" content=\"1 minuto\" \/>\n<script type=\"application\/ld+json\" class=\"yoast-schema-graph\">{\"@context\":\"https:\/\/schema.org\",\"@graph\":[{\"@type\":\"WebPage\",\"@id\":\"https:\/\/marthacifuentes.com\/portada\/marisela-imparable-partido-conservador-se-une-a-su-campana-para-enfrentar-la-izquierda-en-casanare\/\",\"url\":\"https:\/\/marthacifuentes.com\/portada\/marisela-imparable-partido-conservador-se-une-a-su-campana-para-enfrentar-la-izquierda-en-casanare\/\",\"name\":\"Marisela imparable: Partido Conservador se une a su campa\u00f1a para enfrentar la izquierda en Casanare - \u25b7 Noticias de Casanare : Martha Cifuentes | Casanare\",\"isPartOf\":{\"@id\":\"https:\/\/marthacifuentes.com\/portada\/#website\"},\"primaryImageOfPage\":{\"@id\":\"https:\/\/marthacifuentes.com\/portada\/marisela-imparable-partido-conservador-se-une-a-su-campana-para-enfrentar-la-izquierda-en-casanare\/#primaryimage\"},\"image\":{\"@id\":\"https:\/\/marthacifuentes.com\/portada\/marisela-imparable-partido-conservador-se-une-a-su-campana-para-enfrentar-la-izquierda-en-casanare\/#primaryimage\"},\"thumbnailUrl\":\"https:\/\/marthacifuentes.com\/portada\/wp-content\/uploads\/2023\/10\/Imagen-de-WhatsApp-2023-10-06-a-las-11.36.58_2b8fb7b4.jpg\",\"datePublished\":\"2023-10-07T00:08:37+00:00\",\"author\":{\"@id\":\"https:\/\/marthacifuentes.com\/portada\/#\/schema\/person\/57f53174b991db5f90ff78d58502b714\"},\"breadcrumb\":{\"@id\":\"https:\/\/marthacifuentes.com\/portada\/marisela-imparable-partido-conservador-se-une-a-su-campana-para-enfrentar-la-izquierda-en-casanare\/#breadcrumb\"},\"inLanguage\":\"es\",\"potentialAction\":[{\"@type\":\"ReadAction\",\"target\":[\"https:\/\/marthacifuentes.com\/portada\/marisela-imparable-partido-conservador-se-une-a-su-campana-para-enfrentar-la-izquierda-en-casanare\/\"]}]},{\"@type\":\"ImageObject\",\"inLanguage\":\"es\",\"@id\":\"https:\/\/marthacifuentes.com\/portada\/marisela-imparable-partido-conservador-se-une-a-su-campana-para-enfrentar-la-izquierda-en-casanare\/#primaryimage\",\"url\":\"https:\/\/marthacifuentes.com\/portada\/wp-content\/uploads\/2023\/10\/Imagen-de-WhatsApp-2023-10-06-a-las-11.36.58_2b8fb7b4.jpg\",\"contentUrl\":\"https:\/\/marthacifuentes.com\/portada\/wp-content\/uploads\/2023\/10\/Imagen-de-WhatsApp-2023-10-06-a-las-11.36.58_2b8fb7b4.jpg\",\"width\":1275,\"height\":850},{\"@type\":\"BreadcrumbList\",\"@id\":\"https:\/\/marthacifuentes.com\/portada\/marisela-imparable-partido-conservador-se-une-a-su-campana-para-enfrentar-la-izquierda-en-casanare\/#breadcrumb\",\"itemListElement\":[{\"@type\":\"ListItem\",\"position\":1,\"name\":\"Portada\",\"item\":\"https:\/\/marthacifuentes.com\/portada\/\"},{\"@type\":\"ListItem\",\"position\":2,\"name\":\"Marisela imparable: Partido Conservador se une a su campa\u00f1a para enfrentar la izquierda en Casanare\"}]},{\"@type\":\"WebSite\",\"@id\":\"https:\/\/marthacifuentes.com\/portada\/#website\",\"url\":\"https:\/\/marthacifuentes.com\/portada\/\",\"name\":\"\u25b7 Noticias de Casanare : Martha Cifuentes | Casanare\",\"description\":\"Noticias &amp; Contenidos\",\"potentialAction\":[{\"@type\":\"SearchAction\",\"target\":{\"@type\":\"EntryPoint\",\"urlTemplate\":\"https:\/\/marthacifuentes.com\/portada\/?s={search_term_string}\"},\"query-input\":{\"@type\":\"PropertyValueSpecification\",\"valueRequired\":true,\"valueName\":\"search_term_string\"}}],\"inLanguage\":\"es\"},{\"@type\":\"Person\",\"@id\":\"https:\/\/marthacifuentes.com\/portada\/#\/schema\/person\/57f53174b991db5f90ff78d58502b714\",\"name\":\"Martha Cifuentes\",\"image\":{\"@type\":\"ImageObject\",\"inLanguage\":\"es\",\"@id\":\"https:\/\/marthacifuentes.com\/portada\/#\/schema\/person\/image\/\",\"url\":\"http:\/\/marthacifuentes.com\/portada\/wp-content\/uploads\/2018\/06\/avatar_user_2_1528838701-96x96.jpg\",\"contentUrl\":\"http:\/\/marthacifuentes.com\/portada\/wp-content\/uploads\/2018\/06\/avatar_user_2_1528838701-96x96.jpg\",\"caption\":\"Martha Cifuentes\"},\"sameAs\":[\"http:\/\/www.marthacifuentes.com\"],\"url\":\"https:\/\/marthacifuentes.com\/portada\/author\/martha\/\"}]}<\/script>\n<!-- \/ Yoast SEO plugin. -->","yoast_head_json":{"title":"Marisela imparable: Partido Conservador se une a su campa\u00f1a para enfrentar la izquierda en Casanare - \u25b7 Noticias de Casanare : Martha Cifuentes | Casanare","robots":{"index":"index","follow":"follow","max-snippet":"max-snippet:-1","max-image-preview":"max-image-preview:large","max-video-preview":"max-video-preview:-1"},"canonical":"https:\/\/marthacifuentes.com\/portada\/marisela-imparable-partido-conservador-se-une-a-su-campana-para-enfrentar-la-izquierda-en-casanare\/","og_locale":"es_ES","og_type":"article","og_title":"Marisela imparable: Partido Conservador se une a su campa\u00f1a para enfrentar la izquierda en Casanare - \u25b7 Noticias de Casanare : Martha Cifuentes | Casanare","og_description":"#PublicidadPol\u00edticaPagada El partido conservador oficializ\u00f3 su alianza con la candidata a la Gobernaci\u00f3n Marisela Duarte El partido Conservador en pleno y su militancia anunciaron este viernes, la alianza con Marisela Duarte, candidata a la Gobernaci\u00f3n de Casanare por Centro Democr\u00e1tico. Al respecto el vocero de los conservadores y cabeza de lista a la Asamblea, \u00c1lvaro &hellip;","og_url":"https:\/\/marthacifuentes.com\/portada\/marisela-imparable-partido-conservador-se-une-a-su-campana-para-enfrentar-la-izquierda-en-casanare\/","og_site_name":"\u25b7 Noticias de Casanare : Martha Cifuentes | Casanare","article_published_time":"2023-10-07T00:08:37+00:00","og_image":[{"width":1275,"height":850,"url":"https:\/\/marthacifuentes.com\/portada\/wp-content\/uploads\/2023\/10\/Imagen-de-WhatsApp-2023-10-06-a-las-11.36.58_2b8fb7b4.jpg","type":"image\/jpeg"}],"author":"Martha Cifuentes","twitter_card":"summary_large_image","twitter_misc":{"Escrito por":"Martha Cifuentes","Tiempo de lectura":"1 minuto"},"schema":{"@context":"https:\/\/schema.org","@graph":[{"@type":"WebPage","@id":"https:\/\/marthacifuentes.com\/portada\/marisela-imparable-partido-conservador-se-une-a-su-campana-para-enfrentar-la-izquierda-en-casanare\/","url":"https:\/\/marthacifuentes.com\/portada\/marisela-imparable-partido-conservador-se-une-a-su-campana-para-enfrentar-la-izquierda-en-casanare\/","name":"Marisela imparable: Partido Conservador se une a su campa\u00f1a para enfrentar la izquierda en Casanare - \u25b7 Noticias de Casanare : Martha Cifuentes | Casanare","isPartOf":{"@id":"https:\/\/marthacifuentes.com\/portada\/#website"},"primaryImageOfPage":{"@id":"https:\/\/marthacifuentes.com\/portada\/marisela-imparable-partido-conservador-se-une-a-su-campana-para-enfrentar-la-izquierda-en-casanare\/#primaryimage"},"image":{"@id":"https:\/\/marthacifuentes.com\/portada\/marisela-imparable-partido-conservador-se-une-a-su-campana-para-enfrentar-la-izquierda-en-casanare\/#primaryimage"},"thumbnailUrl":"https:\/\/marthacifuentes.com\/portada\/wp-content\/uploads\/2023\/10\/Imagen-de-WhatsApp-2023-10-06-a-las-11.36.58_2b8fb7b4.jpg","datePublished":"2023-10-07T00:08:37+00:00","author":{"@id":"https:\/\/marthacifuentes.com\/portada\/#\/schema\/person\/57f53174b991db5f90ff78d58502b714"},"breadcrumb":{"@id":"https:\/\/marthacifuentes.com\/portada\/marisela-imparable-partido-conservador-se-une-a-su-campana-para-enfrentar-la-izquierda-en-casanare\/#breadcrumb"},"inLanguage":"es","potentialAction":[{"@type":"ReadAction","target":["https:\/\/marthacifuentes.com\/portada\/marisela-imparable-partido-conservador-se-une-a-su-campana-para-enfrentar-la-izquierda-en-casanare\/"]}]},{"@type":"ImageObject","inLanguage":"es","@id":"https:\/\/marthacifuentes.com\/portada\/marisela-imparable-partido-conservador-se-une-a-su-campana-para-enfrentar-la-izquierda-en-casanare\/#primaryimage","url":"https:\/\/marthacifuentes.com\/portada\/wp-content\/uploads\/2023\/10\/Imagen-de-WhatsApp-2023-10-06-a-las-11.36.58_2b8fb7b4.jpg","contentUrl":"https:\/\/marthacifuentes.com\/portada\/wp-content\/uploads\/2023\/10\/Imagen-de-WhatsApp-2023-10-06-a-las-11.36.58_2b8fb7b4.jpg","width":1275,"height":850},{"@type":"BreadcrumbList","@id":"https:\/\/marthacifuentes.com\/portada\/marisela-imparable-partido-conservador-se-une-a-su-campana-para-enfrentar-la-izquierda-en-casanare\/#breadcrumb","itemListElement":[{"@type":"ListItem","position":1,"name":"Portada","item":"https:\/\/marthacifuentes.com\/portada\/"},{"@type":"ListItem","position":2,"name":"Marisela imparable: Partido Conservador se une a su campa\u00f1a para enfrentar la izquierda en Casanare"}]},{"@type":"WebSite","@id":"https:\/\/marthacifuentes.com\/portada\/#website","url":"https:\/\/marthacifuentes.com\/portada\/","name":"\u25b7 Noticias de Casanare : Martha Cifuentes | Casanare","description":"Noticias &amp; Contenidos","potentialAction":[{"@type":"SearchAction","target":{"@type":"EntryPoint","urlTemplate":"https:\/\/marthacifuentes.com\/portada\/?s={search_term_string}"},"query-input":{"@type":"PropertyValueSpecification","valueRequired":true,"valueName":"search_term_string"}}],"inLanguage":"es"},{"@type":"Person","@id":"https:\/\/marthacifuentes.com\/portada\/#\/schema\/person\/57f53174b991db5f90ff78d58502b714","name":"Martha Cifuentes","image":{"@type":"ImageObject","inLanguage":"es","@id":"https:\/\/marthacifuentes.com\/portada\/#\/schema\/person\/image\/","url":"http:\/\/marthacifuentes.com\/portada\/wp-content\/uploads\/2018\/06\/avatar_user_2_1528838701-96x96.jpg","contentUrl":"http:\/\/marthacifuentes.com\/portada\/wp-content\/uploads\/2018\/06\/avatar_user_2_1528838701-96x96.jpg","caption":"Martha Cifuentes"},"sameAs":["http:\/\/www.marthacifuentes.com"],"url":"https:\/\/marthacifuentes.com\/portada\/author\/martha\/"}]}},"_links":{"self":[{"href":"https:\/\/marthacifuentes.com\/portada\/wp-json\/wp\/v2\/posts\/32084","targetHints":{"allow":["GET"]}}],"collection":[{"href":"https:\/\/marthacifuentes.com\/portada\/wp-json\/wp\/v2\/posts"}],"about":[{"href":"https:\/\/marthacifuentes.com\/portada\/wp-json\/wp\/v2\/types\/post"}],"author":[{"embeddable":true,"href":"https:\/\/marthacifuentes.com\/portada\/wp-json\/wp\/v2\/users\/2"}],"replies":[{"embeddable":true,"href":"https:\/\/marthacifuentes.com\/portada\/wp-json\/wp\/v2\/comments?post=32084"}],"version-history":[{"count":1,"href":"https:\/\/marthacifuentes.com\/portada\/wp-json\/wp\/v2\/posts\/32084\/revisions"}],"predecessor-version":[{"id":32086,"href":"https:\/\/marthacifuentes.com\/portada\/wp-json\/wp\/v2\/posts\/32084\/revisions\/32086"}],"wp:featuredmedia":[{"embeddable":true,"href":"https:\/\/marthacifuentes.com\/portada\/wp-json\/wp\/v2\/media\/32085"}],"wp:attachment":[{"href":"https:\/\/marthacifuentes.com\/portada\/wp-json\/wp\/v2\/media?parent=32084"}],"wp:term":[{"taxonomy":"category","embeddable":true,"href":"https:\/\/marthacifuentes.com\/portada\/wp-json\/wp\/v2\/categories?post=32084"},{"taxonomy":"post_tag","embeddable":true,"href":"https:\/\/marthacifuentes.com\/portada\/wp-json\/wp\/v2\/tags?post=32084"}],"curies":[{"name":"wp","href":"https:\/\/api.w.org\/{rel}","templated":true}]}}