{"id":32193,"date":"2023-10-24T09:49:27","date_gmt":"2023-10-24T14:49:27","guid":{"rendered":"https:\/\/marthacifuentes.com\/portada\/?p=32193"},"modified":"2023-10-24T09:49:27","modified_gmt":"2023-10-24T14:49:27","slug":"victimarios-de-falsos-positivos-en-casanare-deberan-ampliar-versiones-ante-reclamacion-de-las-victimas-en-audiencia-en-yopal","status":"publish","type":"post","link":"https:\/\/marthacifuentes.com\/portada\/victimarios-de-falsos-positivos-en-casanare-deberan-ampliar-versiones-ante-reclamacion-de-las-victimas-en-audiencia-en-yopal\/","title":{"rendered":"Victimarios de falsos positivos en Casanare deber\u00e1n ampliar versiones ante reclamaci\u00f3n de las v\u00edctimas en audiencia en Yopal"},"content":{"rendered":"<p>Luego de que en septiembre se realizara en Yopal, Casanare, la Audiencia de Reconocimiento de Verdad por el asesinato y desaparici\u00f3n forzada de 296 personas que fueron presentadas ileg\u00edtimamente como bajas en combate en Casanare, la JEP dio un plazo de 10 d\u00edas h\u00e1biles a los 24 m\u00e1ximos responsables para que remitan un complemento de su aporte a la verdad y reconocimiento de responsabilidad frente a lo dicho en la diligencia judicial. Entre ellos est\u00e1n el general (r) Henry Torres Escalante y el exdirector del DAS Casanare y el excomandante del Gaula Gustavo Soto Bracamonte.<\/p>\n<p>La decisi\u00f3n se tom\u00f3 teniendo en cuenta que por cuestiones log\u00edsticas y de tiempo no fue posible escuchar a cabalidad los reconocimientos de todos los militares que pertenec\u00edan a la Brigada XVI del Ej\u00e9rcito y del exdirector del DAS Casanare Orlando Rivas, quienes tambi\u00e9n podr\u00e1n dar informaci\u00f3n sobre hechos en los que participaron en otras regiones del pa\u00eds.<\/p>\n<p>Las v\u00edctimas insistieron en saber qui\u00e9n dio la orden para que a sus familiares los desaparecieran, torturaran y mataran, considerando que no pod\u00eda ser solo decisi\u00f3n de los militares cuestionados. Incluso en alg\u00fan momento de la audiencia el exdirector del Das en Casanare mencion\u00f3 que esta entidad se cumpl\u00edan \u00f3rdenes directas de la Presidencia, que en su momento dirig\u00eda \u00c1lvaro Uribe V\u00e9lez.<\/p>\n<p>Agreg\u00f3 que se \u201cimpartieron \u00f3rdenes a las direcciones seccionales del DAS de cooperar y participar de forma estrecha y coordinada con las Fuerzas Armadas en el mantenimiento del orden p\u00fablico en todos los territorios\u201d. Esa colaboraci\u00f3n funcion\u00f3 para estigmatizar a la poblaci\u00f3n a partir de la disposici\u00f3n de \u201ctodos los recursos del DAS\u201d.<\/p>\n<p>Los comparecientes tambi\u00e9n tendr\u00e1n un plazo de 15 d\u00edas para complementar sus aportes y reconocimientos; a las v\u00edctimas, sus representantes y el Ministerio P\u00fablico, para que presenten observaciones frente a la audiencia de reconocimiento y todo lo relacionado con la Resoluci\u00f3n de Conclusiones.<\/p>\n<p>Se requiri\u00f3 a la Secretar\u00eda Judicial de la Sala de Reconocimiento de Verdad de la JEP para que remita a los comparecientes algunas de las demandas de verdad presentadas por las v\u00edctimas en el marco de la audiencia de reconocimiento, y que traslade a las v\u00edctimas, sus representantes y el Ministerio P\u00fablico los escritos o videos de ampliaci\u00f3n de reconocimiento que sean allegados a esta Sala por parte de los comparecientes, una vez vencido el t\u00e9rmino para su env\u00edo.<\/p>\n<p>La decisi\u00f3n de la JEP involucra a los siguientes victimarios: Henry William Torres Escalante, C\u00e9sar Augusto C\u00f3mbita Eslava, Jorge Eduwin Gordillo Ben\u00edtez, Wilfrido Dom\u00ednguez M\u00e1rquez, Gildardo Antonio Jim\u00e9nez Castrill\u00f3n, Henry Hern\u00e1n Acosta Pardo, Gustavo Enrique Soto Bracamonte, Wilson Camargo Tamayo, Jaime Alberto Rivera Mahecha, Edwin Leonardo Toro Ram\u00edrez, Jhon Alexander Suancha Flori\u00e1n, Gelver P\u00e9rez Garc\u00eda, Marcolino Puerto Jim\u00e9nez, Marco Fabi\u00e1n Garc\u00eda C\u00e9spedes, Miguel Andr\u00e9s Sierra Garc\u00eda, Erwin Eduardo Duarte Rojas, Leandro Eli\u00e9cer Mon\u00e1 Cano, Alexander Gonz\u00e1lez Almario, Wilson Salvador Burgos Jim\u00e9nez, Wilson Rodr\u00edguez Mimisica, Miguel Fernando Ram\u00edrez, Zamir Humberto Casallas Valderrama, Faiber Alberto Amaya Ruiz y Orlando Rivas Tovar.<\/p>\n<h2><span style=\"color: #ff6600;\"><strong>Otras noticias&#8230;<\/strong><\/span><\/h2>\n<blockquote class=\"wp-embedded-content\" data-secret=\"tz7nWMk4hk\"><p><a href=\"https:\/\/marthacifuentes.com\/portada\/2023\/10\/24\/se-enredo-eleccion-de-director-de-corporinoquia-tutela-suspendio-proceso\/\">Se enred\u00f3 elecci\u00f3n de director de Corporinoquia. Tutela suspendi\u00f3 proceso.<\/a><\/p><\/blockquote>\n<p><iframe loading=\"lazy\" class=\"wp-embedded-content\" sandbox=\"allow-scripts\" security=\"restricted\" style=\"position: absolute; clip: rect(1px, 1px, 1px, 1px);\" title=\"\u00abSe enred\u00f3 elecci\u00f3n de director de Corporinoquia. Tutela suspendi\u00f3 proceso.\u00bb \u2014 \u25b7 Noticias de Casanare : Martha Cifuentes | Casanare\" src=\"https:\/\/marthacifuentes.com\/portada\/2023\/10\/24\/se-enredo-eleccion-de-director-de-corporinoquia-tutela-suspendio-proceso\/embed\/#?secret=MlqsGvjkU4#?secret=tz7nWMk4hk\" data-secret=\"tz7nWMk4hk\" width=\"500\" height=\"282\" frameborder=\"0\" marginwidth=\"0\" marginheight=\"0\" scrolling=\"no\"><\/iframe><\/p>\n<p><iframe loading=\"lazy\" class=\"wp-embedded-content\" title=\"\u00abSimpatizantes de Velandia inconformes con su adhesi\u00f3n a Zorro terminaron en las toldas de Marisela\u00bb \u2014 \u25b7 Noticias de Casanare : Martha Cifuentes | Casanare\" src=\"https:\/\/marthacifuentes.com\/portada\/2023\/10\/20\/simpatizantes-de-velandia-inconformes-con-su-adhesion-a-zorro-terminaron-en-las-toldas-de-marisela\/embed\/#?secret=SrUVQYsWGy#?secret=j7FGjJxAY3\" width=\"600\" height=\"566\" frameborder=\"0\" marginwidth=\"0\" marginheight=\"0\" scrolling=\"no\" sandbox=\"allow-scripts\" data-secret=\"j7FGjJxAY3\" data-mce-fragment=\"1\"><\/iframe><\/p>\n<p><iframe loading=\"lazy\" class=\"wp-embedded-content\" title=\"\u00abZorro y Velandia, unidos contra el nepotismo y el continuismo\u00bb \u2014 \u25b7 Noticias de Casanare : Martha Cifuentes | Casanare\" src=\"https:\/\/marthacifuentes.com\/portada\/2023\/10\/20\/zorro-y-velandia-unidos-contra-el-nepotismo-y-el-continuismo\/embed\/#?secret=bOR1AvwlJh#?secret=zxmcUn5Qih\" width=\"600\" height=\"559\" frameborder=\"0\" marginwidth=\"0\" marginheight=\"0\" scrolling=\"no\" sandbox=\"allow-scripts\" data-secret=\"zxmcUn5Qih\" data-mce-fragment=\"1\"><\/iframe><\/p>\n<p><iframe loading=\"lazy\" class=\"wp-embedded-content\" title=\"\u00abEl naranja se volvi\u00f3 verde. Guillermo Velandia adhiere a la campa\u00f1a de Zorro a la Gobernaci\u00f3n de Casanare.\u00bb \u2014 \u25b7 Noticias de Casanare : Martha Cifuentes | Casanare\" src=\"https:\/\/marthacifuentes.com\/portada\/2023\/10\/19\/el-naranja-se-volvio-verde-guillermo-velandia-adhiere-a-la-campana-de-zorro-a-la-gobernacion-de-casanare\/embed\/#?secret=QqKrVQyoTJ#?secret=ce8cQpmjPR\" width=\"600\" height=\"621\" frameborder=\"0\" marginwidth=\"0\" marginheight=\"0\" scrolling=\"no\" sandbox=\"allow-scripts\" data-secret=\"ce8cQpmjPR\" data-mce-fragment=\"1\"><\/iframe><\/p>\n<p><iframe loading=\"lazy\" class=\"wp-embedded-content\" title=\"\u00abPolo Democr\u00e1tico rechaz\u00f3 alianza de su candidato a la Alcald\u00eda de Yopal Lenin Bustos a Felipe Becerra.\u00bb \u2014 \u25b7 Noticias de Casanare : Martha Cifuentes | Casanare\" src=\"https:\/\/marthacifuentes.com\/portada\/2023\/10\/18\/polo-democratico-rechazo-alianza-de-su-candidato-a-la-alcaldia-de-yopal-lenin-bustos-a-felipe-becerra\/embed\/#?secret=cHkFRhFn8B#?secret=8AGVSqerzS\" width=\"600\" height=\"621\" frameborder=\"0\" marginwidth=\"0\" marginheight=\"0\" scrolling=\"no\" sandbox=\"allow-scripts\" data-secret=\"8AGVSqerzS\" data-mce-fragment=\"1\"><\/iframe><\/p>\n<p><iframe loading=\"lazy\" class=\"wp-embedded-content\" title=\"\u00abCon obras de teatro se conmemoraron los 70 a\u00f1os de la entrega de armas en Monterrey\u00a0\u00bb \u2014 \u25b7 Noticias de Casanare : Martha Cifuentes | Casanare\" src=\"https:\/\/marthacifuentes.com\/portada\/2023\/10\/17\/con-obras-de-teatro-se-conmemoraron-los-70-anos-de-la-entrega-de-armas-en-monterrey\/embed\/#?secret=To9SYhWGhL#?secret=R8Sx8pSfIi\" width=\"600\" height=\"621\" frameborder=\"0\" marginwidth=\"0\" marginheight=\"0\" scrolling=\"no\" sandbox=\"allow-scripts\" data-secret=\"R8Sx8pSfIi\" data-mce-fragment=\"1\"><\/iframe><\/p>\n<p><iframe loading=\"lazy\" class=\"wp-embedded-content\" title=\"\u00abDos candidatos a la Gobernaci\u00f3n de Casanare declinaron aspiraci\u00f3n y se unieron a Zorro.\u00bb \u2014 \u25b7 Noticias de Casanare : Martha Cifuentes | Casanare\" src=\"https:\/\/marthacifuentes.com\/portada\/2023\/10\/17\/dos-candidatos-a-la-gobernacion-de-casanare-declinaron-aspiracion-y-se-unieron-a-zorro\/embed\/#?secret=Z5FZcFTcm7#?secret=wBU7TDhIBi\" width=\"600\" height=\"621\" frameborder=\"0\" marginwidth=\"0\" marginheight=\"0\" scrolling=\"no\" sandbox=\"allow-scripts\" data-secret=\"wBU7TDhIBi\" data-mce-fragment=\"1\"><\/iframe><\/p>\n<p><iframe loading=\"lazy\" class=\"wp-embedded-content\" title=\"\u00abCarlos Cetina, candidato a la Alcald\u00eda de Pore, recibi\u00f3 adhesi\u00f3n de candidato Argemiro Teat\u00edn.\u00bb \u2014 \u25b7 Noticias de Casanare : Martha Cifuentes | Casanare\" src=\"https:\/\/marthacifuentes.com\/portada\/2023\/10\/17\/carlos-cetina-candidato-a-la-alcaldia-de-pore-recibio-adhesion-de-candidato-argemiro-teatin\/embed\/#?secret=7YFSXHP5NA#?secret=ojtPSgXvfM\" width=\"600\" height=\"559\" frameborder=\"0\" marginwidth=\"0\" marginheight=\"0\" scrolling=\"no\" sandbox=\"allow-scripts\" data-secret=\"ojtPSgXvfM\" data-mce-fragment=\"1\"><\/iframe><\/p>\n<p><iframe loading=\"lazy\" class=\"wp-embedded-content\" title=\"\u00abCorporinoquia apetecida: 43 hojas de vida se postularon para elecci\u00f3n de director.\u00bb \u2014 \u25b7 Noticias de Casanare : Martha Cifuentes | Casanare\" src=\"https:\/\/marthacifuentes.com\/portada\/2023\/10\/13\/corporinoquia-apetecida-43-hojas-de-vida-se-postularon-para-eleccion-de-director\/embed\/#?secret=V4abWyUlGO#?secret=Qh89VJKlqF\" width=\"600\" height=\"621\" frameborder=\"0\" marginwidth=\"0\" marginheight=\"0\" scrolling=\"no\" sandbox=\"allow-scripts\" data-secret=\"Qh89VJKlqF\" data-mce-fragment=\"1\"><\/iframe><\/p>\n<p><iframe loading=\"lazy\" class=\"wp-embedded-content\" title=\"\u00abCampa\u00f1as pol\u00edticas en Casanare est\u00e1n como su clima, calientes. En video denuncias y contradenuncias por colocaci\u00f3n de propaganda en predio de Yopal.\u00bb \u2014 \u25b7 Noticias de Casanare : Martha Cifuentes | Casanare\" src=\"https:\/\/marthacifuentes.com\/portada\/2023\/10\/12\/campanas-politicas-en-casanare-estan-como-su-clima-calientes-en-video-denuncias-y-contradenuncias-por-colocacion-de-propaganda-en-predio-de-yopal\/embed\/#?secret=OFvn0jb99U#?secret=xmt0P43rRr\" width=\"600\" height=\"650\" frameborder=\"0\" marginwidth=\"0\" marginheight=\"0\" scrolling=\"no\" sandbox=\"allow-scripts\" data-secret=\"xmt0P43rRr\" data-mce-fragment=\"1\"><\/iframe><\/p>\n<p><iframe loading=\"lazy\" class=\"wp-embedded-content\" title=\"\u00abTemporada de Cine Colombiano llega a Yopal este fin de semana con entrada libre para toda la familia. Aproveche.\u00bb \u2014 \u25b7 Noticias de Casanare : Martha Cifuentes | Casanare\" src=\"https:\/\/marthacifuentes.com\/portada\/2023\/10\/10\/temporada-de-cine-colombiano-llega-a-yopal-este-fin-de-semana-con-entrada-libre-para-toda-la-familia-aproveche\/embed\/#?secret=6Ebl8nBPQK#?secret=h6krTge0xG\" width=\"600\" height=\"602\" frameborder=\"0\" marginwidth=\"0\" marginheight=\"0\" scrolling=\"no\" sandbox=\"allow-scripts\" data-secret=\"h6krTge0xG\" data-mce-fragment=\"1\"><\/iframe><\/p>\n<p><iframe loading=\"lazy\" class=\"wp-embedded-content\" title=\"\u00abEl teatro pronto se tomar\u00e1 a Yopal. 15 grupos se presentar\u00e1n en el Festival Guadalupe. Imperdible.\u00bb \u2014 \u25b7 Noticias de Casanare : Martha Cifuentes | Casanare\" src=\"https:\/\/marthacifuentes.com\/portada\/2023\/10\/10\/el-teatro-pronto-se-tomara-a-yopal-15-grupos-se-presentaran-en-el-festival-guadalupe-imperdible\/embed\/#?secret=lQpRsmwGDb#?secret=g6hZzaeOcY\" width=\"600\" height=\"621\" frameborder=\"0\" marginwidth=\"0\" marginheight=\"0\" scrolling=\"no\" sandbox=\"allow-scripts\" data-secret=\"g6hZzaeOcY\" data-mce-fragment=\"1\"><\/iframe><\/p>\n<p><iframe loading=\"lazy\" class=\"wp-embedded-content\" title=\"\u00abAspirantes al cargo de director de Corporinoquia podr\u00e1n inscribirse desde ma\u00f1ana y hasta el jueves.\u00bb \u2014 \u25b7 Noticias de Casanare : Martha Cifuentes | Casanare\" src=\"https:\/\/marthacifuentes.com\/portada\/2023\/10\/10\/aspirantes-al-cargo-de-director-de-corporinoquia-podran-inscribirse-desde-manana-y-hasta-el-jueves\/embed\/#?secret=wXC3829jw1#?secret=4tScoImGfs\" width=\"600\" height=\"564\" frameborder=\"0\" marginwidth=\"0\" marginheight=\"0\" scrolling=\"no\" sandbox=\"allow-scripts\" data-secret=\"4tScoImGfs\" data-mce-fragment=\"1\"><\/iframe><\/p>\n<p><iframe loading=\"lazy\" class=\"wp-embedded-content\" title=\"\u00abPr\u00f3ximo 12 de octubre audiencia p\u00fablica por posibles irregularidades en mejoramiento de la v\u00eda de acceso a las veredas Sirivana y Manantiales\u00bb \u2014 \u25b7 Noticias de Casanare : Martha Cifuentes | Casanare\" src=\"https:\/\/marthacifuentes.com\/portada\/2023\/10\/10\/proximo-12-de-octubre-audiencia-publica-por-posibles-irregularidades-en-mejoramiento-de-la-via-de-acceso-a-las-veredas-sirivana-y-manantiales\/embed\/#?secret=i1465PTNMU#?secret=zp7azvys1J\" width=\"600\" height=\"650\" frameborder=\"0\" marginwidth=\"0\" marginheight=\"0\" scrolling=\"no\" sandbox=\"allow-scripts\" data-secret=\"zp7azvys1J\" data-mce-fragment=\"1\"><\/iframe><\/p>\n<p><iframe loading=\"lazy\" class=\"wp-embedded-content\" title=\"\u00abColombia Renaciente, un partido alejado de extremos, respalda a Marisela Duarte\u00bb \u2014 \u25b7 Noticias de Casanare : Martha Cifuentes | Casanare\" src=\"https:\/\/marthacifuentes.com\/portada\/2023\/10\/10\/colombia-renaciente-un-partido-alejado-de-extremos-respalda-a-marisela-duarte\/embed\/#?secret=BedIaDtS8t#?secret=lzTXswFQta\" width=\"600\" height=\"621\" frameborder=\"0\" marginwidth=\"0\" marginheight=\"0\" scrolling=\"no\" sandbox=\"allow-scripts\" data-secret=\"lzTXswFQta\" data-mce-fragment=\"1\"><\/iframe><\/p>\n<p><iframe loading=\"lazy\" class=\"wp-embedded-content\" title=\"\u00ab\u00bfQui\u00e9nes son las dos profesionales que representar\u00e1n al sector Privado ante Consejo Directivo de Corporinoquia?\u00bb \u2014 \u25b7 Noticias de Casanare : Martha Cifuentes | Casanare\" src=\"https:\/\/marthacifuentes.com\/portada\/2023\/10\/10\/quienes-son-las-dos-profesionales-que-representaran-al-sector-privado-ante-consejo-directivo-de-corporinoquia\/embed\/#?secret=lt710ecaB0#?secret=u6Nn5HrFpJ\" width=\"600\" height=\"650\" frameborder=\"0\" marginwidth=\"0\" marginheight=\"0\" scrolling=\"no\" sandbox=\"allow-scripts\" data-secret=\"u6Nn5HrFpJ\" data-mce-fragment=\"1\"><\/iframe><\/p>\n<p><iframe loading=\"lazy\" class=\"wp-embedded-content\" title=\"\u00abConsejo de Estado admite demanda de p\u00e9rdida de investidura de congresista Hugo Archila\u00bb \u2014 \u25b7 Noticias de Casanare : Martha Cifuentes | Casanare\" src=\"https:\/\/marthacifuentes.com\/portada\/2023\/10\/09\/consejo-de-estado-admite-demanda-de-perdida-de-investidura-de-congresista-hugo-archila\/embed\/#?secret=zpEq28r9iR#?secret=YLc8bbgR58\" width=\"600\" height=\"621\" frameborder=\"0\" marginwidth=\"0\" marginheight=\"0\" scrolling=\"no\" sandbox=\"allow-scripts\" data-secret=\"YLc8bbgR58\" data-mce-fragment=\"1\"><\/iframe><\/p>\n<p><iframe loading=\"lazy\" class=\"wp-embedded-content\" title=\"\u00abEsc\u00e1ndalo por invitaci\u00f3n de Zorro de \u201cEcharle agua caliente a quienes hablen mal de su campa\u00f1a\u201d. \u00c9l se defiende.\u00bb \u2014 \u25b7 Noticias de Casanare : Martha Cifuentes | Casanare\" src=\"https:\/\/marthacifuentes.com\/portada\/2023\/10\/09\/escandalo-por-invitacion-de-zorro-de-echarle-agua-caliente-a-quienes-hablen-mal-de-su-campana-el-se-defiende\/embed\/#?secret=zAAvkr2szb#?secret=iC4zJ0vMqP\" width=\"600\" height=\"594\" frameborder=\"0\" marginwidth=\"0\" marginheight=\"0\" scrolling=\"no\" sandbox=\"allow-scripts\" data-secret=\"iC4zJ0vMqP\" data-mce-fragment=\"1\"><\/iframe><\/p>\n<p><iframe loading=\"lazy\" class=\"wp-embedded-content\" title=\"\u00abOperarios de la PTAP Yopal y PTAR veredales denuncian demora en pago de honorarios\u00bb \u2014 \u25b7 Noticias de Casanare : Martha Cifuentes | Casanare\" src=\"https:\/\/marthacifuentes.com\/portada\/2023\/10\/09\/operarios-de-la-ptap-yopal-y-ptar-veredales-denuncian-demora-en-pago-de-honorarios\/embed\/#?secret=h8h2yGluHs#?secret=JlL0pYed5y\" width=\"600\" height=\"600\" frameborder=\"0\" marginwidth=\"0\" marginheight=\"0\" scrolling=\"no\" sandbox=\"allow-scripts\" data-secret=\"JlL0pYed5y\" data-mce-fragment=\"1\"><\/iframe><\/p>\n<p><iframe loading=\"lazy\" class=\"wp-embedded-content\" title=\"\u00abMarisela imparable: Partido Conservador se une a su campa\u00f1a para enfrentar la izquierda en Casanare\u00bb \u2014 \u25b7 Noticias de Casanare : Martha Cifuentes | Casanare\" src=\"https:\/\/marthacifuentes.com\/portada\/2023\/10\/06\/marisela-imparable-partido-conservador-se-une-a-su-campana-para-enfrentar-la-izquierda-en-casanare\/embed\/#?secret=nLZrJIDMzi#?secret=6WjYJZEQ0g\" width=\"600\" height=\"621\" frameborder=\"0\" marginwidth=\"0\" marginheight=\"0\" scrolling=\"no\" sandbox=\"allow-scripts\" data-secret=\"6WjYJZEQ0g\" data-mce-fragment=\"1\"><\/iframe><\/p>\n<p><iframe loading=\"lazy\" class=\"wp-embedded-content\" title=\"\u00abSuperservicios retom\u00f3 las riendas de la Eaaay ante la negligencia en su manejo, del alcalde y del gerente\u00bb \u2014 \u25b7 Noticias de Casanare : Martha Cifuentes | Casanare\" src=\"https:\/\/marthacifuentes.com\/portada\/2023\/10\/06\/superservicios-retomo-las-riendas-de-la-eaaay-ante-la-negligencia-en-su-manejo-del-alcalde-y-del-gerente\/embed\/#?secret=6IUWFDBBnv#?secret=hs2Yf1LngT\" width=\"600\" height=\"600\" frameborder=\"0\" marginwidth=\"0\" marginheight=\"0\" scrolling=\"no\" sandbox=\"allow-scripts\" data-secret=\"hs2Yf1LngT\" data-mce-fragment=\"1\"><\/iframe><\/p>\n<h2>Otras noticias\u2026<\/h2>\n<p><iframe loading=\"lazy\" class=\"wp-embedded-content\" title=\"\u00abTribunal conmina a Alcald\u00eda de Yopal a que en 10 d\u00edas fije cronograma para construir Terminal de Transportes. Sigue el \u00abfue que que fue\u00bb\u00bb \u2014 \u25b7 Noticias de Casanare : Martha Cifuentes | Casanare\" src=\"https:\/\/marthacifuentes.com\/portada\/2023\/10\/04\/tribunal-conmina-a-alcaldia-de-yopal-a-que-en-10-dias-fije-cronograma-para-construir-terminal-de-transportes-sigue-el-fue-que-que-fue\/embed\/#?secret=XCl5c03E9A#?secret=yqhmpQlqsb\" width=\"600\" height=\"650\" frameborder=\"0\" marginwidth=\"0\" marginheight=\"0\" scrolling=\"no\" sandbox=\"allow-scripts\" data-secret=\"yqhmpQlqsb\" data-mce-fragment=\"1\"><\/iframe><\/p>\n<p><iframe loading=\"lazy\" class=\"wp-embedded-content\" title=\"\u00abSiguen llegando apoyos a Marisela. Uno de los grupos m\u00e1s fuertes en Man\u00ed, se une a su campa\u00f1a\u00bb \u2014 \u25b7 Noticias de Casanare : Martha Cifuentes | Casanare\" src=\"https:\/\/marthacifuentes.com\/portada\/2023\/10\/03\/siguen-llegando-apoyos-a-marisela-uno-de-los-grupos-mas-fuertes-en-mani-se-une-a-su-campana\/embed\/#?secret=BE0njzyD9j#?secret=wxxr1e0ckI\" width=\"600\" height=\"621\" frameborder=\"0\" marginwidth=\"0\" marginheight=\"0\" scrolling=\"no\" sandbox=\"allow-scripts\" data-secret=\"wxxr1e0ckI\" data-mce-fragment=\"1\"><\/iframe><\/p>\n<p><iframe loading=\"lazy\" class=\"wp-embedded-content\" title=\"\u00abAhora Registro Civil se podr\u00e1 descargar en l\u00ednea. Costar\u00e1 15.600 pesos.\u00bb \u2014 \u25b7 Noticias de Casanare : Martha Cifuentes | Casanare\" src=\"https:\/\/marthacifuentes.com\/portada\/2023\/10\/03\/ahora-registro-civil-se-podra-descargar-en-linea-costara-15-600-pesos\/embed\/#?secret=6fGHZAA6OG#?secret=sUOF8xn8Ss\" width=\"600\" height=\"621\" frameborder=\"0\" marginwidth=\"0\" marginheight=\"0\" scrolling=\"no\" sandbox=\"allow-scripts\" data-secret=\"sUOF8xn8Ss\" data-mce-fragment=\"1\"><\/iframe><\/p>\n<p><iframe loading=\"lazy\" class=\"wp-embedded-content\" title=\"\u00abCapturados integrantes de banda \u201cLos Kamikaze\u201d dedicada a hurto de computadores en Yopal.\u00bb \u2014 \u25b7 Noticias de Casanare : Martha Cifuentes | Casanare\" src=\"https:\/\/marthacifuentes.com\/portada\/2023\/10\/03\/capturados-integrantes-de-banda-los-kamikaze-dedicada-a-hurto-de-computadores-en-yopal\/embed\/#?secret=6WHKS8PDDK#?secret=XfVbJOUiF8\" width=\"600\" height=\"600\" frameborder=\"0\" marginwidth=\"0\" marginheight=\"0\" scrolling=\"no\" sandbox=\"allow-scripts\" data-secret=\"XfVbJOUiF8\" data-mce-fragment=\"1\"><\/iframe><\/p>\n<p><iframe loading=\"lazy\" class=\"wp-embedded-content\" title=\"\u00abA 27 d\u00edas de elecciones, Marisela Duarte se acerca a Zorro. Est\u00e1 de \u2018Voto finish\u2019\u00bb \u2014 \u25b7 Noticias de Casanare : Martha Cifuentes | Casanare\" src=\"https:\/\/marthacifuentes.com\/portada\/2023\/10\/03\/a-27-dias-de-elecciones-marisela-duarte-se-acerca-a-zorro-esta-de-voto-finish\/embed\/#?secret=8wCTxyXL7z#?secret=2LpIQH8w32\" width=\"600\" height=\"621\" frameborder=\"0\" marginwidth=\"0\" marginheight=\"0\" scrolling=\"no\" sandbox=\"allow-scripts\" data-secret=\"2LpIQH8w32\" data-mce-fragment=\"1\"><\/iframe><\/p>\n<p><iframe loading=\"lazy\" class=\"wp-embedded-content\" title=\"\u00abNO hay paso vehicular en Los Grillos, v\u00eda del Cusiana. Se trabaja en construcci\u00f3n de carretera temporal.\u00bb \u2014 \u25b7 Noticias de Casanare : Martha Cifuentes | Casanare\" src=\"https:\/\/marthacifuentes.com\/portada\/2023\/09\/29\/no-hay-paso-vehicular-en-los-grillos-via-del-cusiana-se-trabaja-en-construccion-de-carretera-temporal\/embed\/#?secret=sXnopBull9#?secret=cTzeBt3Hb1\" width=\"600\" height=\"621\" frameborder=\"0\" marginwidth=\"0\" marginheight=\"0\" scrolling=\"no\" sandbox=\"allow-scripts\" data-secret=\"cTzeBt3Hb1\" data-mce-fragment=\"1\"><\/iframe><\/p>\n<p><iframe loading=\"lazy\" class=\"wp-embedded-content\" title=\"\u00abCon candidatos a la Alcald\u00eda de Yopal se realizar\u00e1 hoy Foro por el Desarrollo Regional\u00bb \u2014 \u25b7 Noticias de Casanare : Martha Cifuentes | Casanare\" src=\"https:\/\/marthacifuentes.com\/portada\/2023\/09\/28\/con-candidatos-a-la-alcaldia-de-yopal-se-realizara-hoy-foro-por-el-desarrollo-regional\/embed\/#?secret=HRDZVXX7Vl#?secret=5X9LNxgqBG\" width=\"600\" height=\"589\" frameborder=\"0\" marginwidth=\"0\" marginheight=\"0\" scrolling=\"no\" sandbox=\"allow-scripts\" data-secret=\"5X9LNxgqBG\" data-mce-fragment=\"1\"><\/iframe><\/p>\n<p><iframe loading=\"lazy\" class=\"wp-embedded-content\" title=\"\u00abGeopark inaugura la oficina \u2018Cu\u00e9ntame\u2019 en Tauramena donde se promover\u00e1 el di\u00e1logo con sus comunidades vecinas\u00bb \u2014 \u25b7 Noticias de Casanare : Martha Cifuentes | Casanare\" src=\"https:\/\/marthacifuentes.com\/portada\/2023\/09\/22\/geopark-inaugura-la-oficina-cuentame-en-tauramena-donde-se-promovera-el-dialogo-con-sus-comunidades-vecinas\/embed\/#?secret=DwAoalT9GE#?secret=bjwgkAfdyj\" width=\"600\" height=\"629\" frameborder=\"0\" marginwidth=\"0\" marginheight=\"0\" scrolling=\"no\" sandbox=\"allow-scripts\" data-secret=\"bjwgkAfdyj\" data-mce-fragment=\"1\"><\/iframe><\/p>\n<p><iframe loading=\"lazy\" class=\"wp-embedded-content\" title=\"\u00abEn debate, candidatos a Alcald\u00eda de Yopal se muestran los dientes pero coquetean para aliarse contra Marco Tulio\u00bb \u2014 \u25b7 Noticias de Casanare : Martha Cifuentes | Casanare\" src=\"https:\/\/marthacifuentes.com\/portada\/2023\/09\/22\/en-debate-candidatos-a-alcaldia-de-yopal-se-muestran-los-dientes-pero-coquetean-para-aliarse-contra-marco-tulio\/embed\/#?secret=MzGlhLu2cQ#?secret=OHxQ9B9QLx\" width=\"600\" height=\"650\" frameborder=\"0\" marginwidth=\"0\" marginheight=\"0\" scrolling=\"no\" sandbox=\"allow-scripts\" data-secret=\"OHxQ9B9QLx\" data-mce-fragment=\"1\"><\/iframe><\/p>\n<div class=\"post-bottom-meta post-bottom-tags post-tags-modern\">\n<p><iframe loading=\"lazy\" class=\"wp-embedded-content\" title=\"\u00abMarisela Duarte: Por primera vez una mujer es la m\u00e1s opcionada para ser Gobernadora de Casanare\u00bb \u2014 \u25b7 Noticias de Casanare : Martha Cifuentes | Casanare\" src=\"https:\/\/marthacifuentes.com\/portada\/2023\/09\/02\/marisela-duarte-por-primera-vez-una-mujer-es-la-mas-opcionada-para-ser-gobernadora-de-casanare\/embed\/#?secret=r4pvnX6Aop#?secret=K8Q8kueX4F\" width=\"600\" height=\"621\" frameborder=\"0\" marginwidth=\"0\" marginheight=\"0\" scrolling=\"no\" sandbox=\"allow-scripts\" data-secret=\"K8Q8kueX4F\" data-mce-fragment=\"1\"><\/iframe><\/p>\n<p><iframe loading=\"lazy\" class=\"wp-embedded-content\" title=\"\u00abEcopetrol abri\u00f3 convocatoria de pr\u00e1cticas para 336 estudiantes con miras al primer semestre del 2024.\u00bb \u2014 \u25b7 Noticias de Casanare : Martha Cifuentes | Casanare\" src=\"https:\/\/marthacifuentes.com\/portada\/2023\/08\/31\/ecopetrol-abrio-convocatoria-de-practicas-para-336-estudiantes-con-miras-al-primer-semestre-del-2024\/embed\/#?secret=KpjNd51yfc#?secret=Hioa6tBwWc\" width=\"600\" height=\"621\" frameborder=\"0\" marginwidth=\"0\" marginheight=\"0\" scrolling=\"no\" sandbox=\"allow-scripts\" data-secret=\"Hioa6tBwWc\" data-mce-fragment=\"1\"><\/iframe><\/p>\n<p><iframe loading=\"lazy\" class=\"wp-embedded-content\" title=\"\u00abCostos del transporte de carga terrestre en Casanare ser\u00e1n presentados hoy por la Universidad del Rosario en Yopal\u00bb \u2014 \u25b7 Noticias de Casanare : Martha Cifuentes | Casanare\" src=\"https:\/\/marthacifuentes.com\/portada\/2023\/08\/30\/costos-del-transporte-de-carga-terrestre-en-casanare-seran-presentados-hoy-por-la-universidad-del-rosario-en-yopal\/embed\/#?secret=ye5pS3TBJn#?secret=urbsn22AG6\" width=\"600\" height=\"650\" frameborder=\"0\" marginwidth=\"0\" marginheight=\"0\" scrolling=\"no\" sandbox=\"allow-scripts\" data-secret=\"urbsn22AG6\" data-mce-fragment=\"1\"><\/iframe><\/p>\n<p><iframe loading=\"lazy\" class=\"wp-embedded-content\" title=\"\u00abAlcald\u00eda de Yopal condenada a pagar 516 millones por quema de motos en parqueadero de Yopal. Afectados tienen 20 d\u00edas para reclamar.\u00a0\u00bb \u2014 \u25b7 Noticias de Casanare : Martha Cifuentes | Casanare\" src=\"https:\/\/marthacifuentes.com\/portada\/2023\/08\/29\/alcaldia-de-yopal-condenada-a-pagar-516-millones-por-quema-de-motos-en-parqueadero-de-yopal-afectados-tienen-20-dias-para-reclamar\/embed\/#?secret=0im46G7XBN#?secret=PJtF4GCt6N\" width=\"600\" height=\"629\" frameborder=\"0\" marginwidth=\"0\" marginheight=\"0\" scrolling=\"no\" sandbox=\"allow-scripts\" data-secret=\"PJtF4GCt6N\" data-mce-fragment=\"1\"><\/iframe><\/p>\n<p><iframe loading=\"lazy\" class=\"wp-embedded-content\" title=\"\u00abAntigua v\u00eda del Cusiana en el sector Los Grillos ser\u00e1 habilitada para tr\u00e1nsito vehicular entre Boyac\u00e1 y Casanare\u00a0\u00bb \u2014 \u25b7 Noticias de Casanare : Martha Cifuentes | Casanare\" src=\"https:\/\/marthacifuentes.com\/portada\/2023\/08\/29\/antigua-via-del-cusiana-en-el-sector-los-grillos-sera-habilitada-para-transito-vehicular-entre-boyaca-y-casanare\/embed\/#?secret=Kt9Fd6JyfF#?secret=ONJdPkcsIH\" width=\"600\" height=\"627\" frameborder=\"0\" marginwidth=\"0\" marginheight=\"0\" scrolling=\"no\" sandbox=\"allow-scripts\" data-secret=\"ONJdPkcsIH\" data-mce-fragment=\"1\"><\/iframe><\/p>\n<p><iframe loading=\"lazy\" class=\"wp-embedded-content\" title=\"\u00abHoy fue el sepelio de Yolennys Jim\u00e9nez, la venezolana desaparecida, desmembrada y asesinada en Tilodir\u00e1n, Yopal \u00a0\u00bb \u2014 \u25b7 Noticias de Casanare : Martha Cifuentes | Casanare\" src=\"https:\/\/marthacifuentes.com\/portada\/2023\/08\/28\/hoy-fue-el-sepelio-de-yolennys-jimenez-la-venezolana-desaparecida-desmembrada-y-asesinada-en-tilodiran-yopal\/embed\/#?secret=SMterDhd1P#?secret=SuvDHUIExM\" width=\"600\" height=\"626\" frameborder=\"0\" marginwidth=\"0\" marginheight=\"0\" scrolling=\"no\" sandbox=\"allow-scripts\" data-secret=\"SuvDHUIExM\" data-mce-fragment=\"1\"><\/iframe><\/p>\n<p><iframe loading=\"lazy\" class=\"wp-embedded-content\" title=\"\u00abPajarito y Casanare esperando un milagro para recuperar tr\u00e1nsito por v\u00eda del Cusiana.\u00a0Hoy PMU con Gesti\u00f3n del Riesgo.\u00bb \u2014 \u25b7 Noticias de Casanare : Martha Cifuentes | Casanare\" src=\"https:\/\/marthacifuentes.com\/portada\/2023\/08\/28\/pajarito-y-casanare-esperando-un-milagro-para-recuperar-transito-por-via-del-cusiana-hoy-pmu-con-gestion-del-riesgo\/embed\/#?secret=nkQKuk4oC7#?secret=vGzgaZXtVV\" width=\"600\" height=\"629\" frameborder=\"0\" marginwidth=\"0\" marginheight=\"0\" scrolling=\"no\" sandbox=\"allow-scripts\" data-secret=\"vGzgaZXtVV\" data-mce-fragment=\"1\"><\/iframe><\/p>\n<p><iframe loading=\"lazy\" class=\"wp-embedded-content\" title=\"\u00abCon donat\u00f3n buscan realizar 2a versi\u00f3n del Festival de Teatro de Yopal\u00bb \u2014 \u25b7 Noticias de Casanare : Martha Cifuentes | Casanare\" src=\"https:\/\/marthacifuentes.com\/portada\/2023\/08\/17\/con-donaton-buscan-realizar-2a-version-del-festival-de-teatro-de-yopal\/embed\/#?secret=bw6HV5YTzo#?secret=jq1984oTxw\" width=\"600\" height=\"663\" frameborder=\"0\" marginwidth=\"0\" marginheight=\"0\" scrolling=\"no\" sandbox=\"allow-scripts\" data-secret=\"jq1984oTxw\" data-mce-fragment=\"1\"><\/iframe><\/p>\n<p><iframe loading=\"lazy\" class=\"wp-embedded-content\" title=\"\u00abNueva condena por desaparici\u00f3n forzada y homicidio para H\u00e9ctor Buitrago, alias \u201cEl Patr\u00f3n\u201d \u00a0\u00bb \u2014 \u25b7 Noticias de Casanare : Martha Cifuentes | Casanare\" src=\"https:\/\/marthacifuentes.com\/portada\/2023\/08\/17\/nueva-condena-por-desaparicion-forzada-y-homicidio-para-hector-buitrago-alias-el-patron\/embed\/#?secret=MgsyJpSCG2#?secret=420bXBRVky\" width=\"600\" height=\"532\" frameborder=\"0\" marginwidth=\"0\" marginheight=\"0\" scrolling=\"no\" sandbox=\"allow-scripts\" data-secret=\"420bXBRVky\" data-mce-fragment=\"1\"><\/iframe><\/p>\n<p><iframe loading=\"lazy\" class=\"wp-embedded-content\" title=\"\u00abNelson Mari\u00f1o ser\u00e1 libre. Tribunal de Yopal revoc\u00f3 sentencia que lo condenaba a prisi\u00f3n.\u00a0\u00bb \u2014 \u25b7 Noticias de Casanare : Martha Cifuentes | Casanare\" src=\"https:\/\/marthacifuentes.com\/portada\/2023\/08\/17\/nelson-marino-sera-libre-tribunal-de-yopal-revoco-sentencia-que-lo-condenaba-a-prision\/embed\/#?secret=ZmEColx1ec#?secret=l7h4xuHDan\" width=\"600\" height=\"621\" frameborder=\"0\" marginwidth=\"0\" marginheight=\"0\" scrolling=\"no\" sandbox=\"allow-scripts\" data-secret=\"l7h4xuHDan\" data-mce-fragment=\"1\"><\/iframe><\/p>\n<p><iframe loading=\"lazy\" class=\"wp-embedded-content\" title=\"\u00ab20 j\u00f3venes casanare\u00f1os podr\u00e1n estudiar becados por Geopark en alianza con la UNAD\u00a0\u00bb \u2014 \u25b7 Noticias de Casanare : Martha Cifuentes | Casanare\" src=\"https:\/\/marthacifuentes.com\/portada\/2023\/08\/17\/20-jovenes-casanarenos-podran-estudiar-becados-por-geopark-en-alianza-con-la-unad\/embed\/#?secret=rlQPDimtph#?secret=tZYknMbej7\" width=\"600\" height=\"606\" frameborder=\"0\" marginwidth=\"0\" marginheight=\"0\" scrolling=\"no\" sandbox=\"allow-scripts\" data-secret=\"tZYknMbej7\" data-mce-fragment=\"1\"><\/iframe><\/p>\n<p><iframe loading=\"lazy\" class=\"wp-embedded-content\" title=\"\u00abPetro y Colombia Humana niegan financiaci\u00f3n \u00edlicita de campa\u00f1a presidencial en Casanare, donde perdi\u00f3 las elecciones.\u00bb \u2014 \u25b7 Noticias de Casanare : Martha Cifuentes | Casanare\" src=\"https:\/\/marthacifuentes.com\/portada\/2023\/08\/16\/petro-y-colombia-humana-niegan-financiacion-ilicita-de-campana-presidencial-en-casanare-donde-perdio-las-elecciones\/embed\/#?secret=nScpM4JBvE#?secret=0bQ2i9Vqh5\" width=\"600\" height=\"650\" frameborder=\"0\" marginwidth=\"0\" marginheight=\"0\" scrolling=\"no\" sandbox=\"allow-scripts\" data-secret=\"0bQ2i9Vqh5\" data-mce-fragment=\"1\"><\/iframe><\/p>\n<p><iframe loading=\"lazy\" class=\"wp-embedded-content\" title=\"\u00abA punto de vencerse plazo de beneficios para estudiantes en mora con Fesca-Icetex\u00bb \u2014 \u25b7 Noticias de Casanare : Martha Cifuentes | Casanare\" src=\"https:\/\/marthacifuentes.com\/portada\/2023\/08\/15\/a-punto-de-vencerse-plazo-de-beneficios-para-estudiantes-en-mora-con-fesca-icetex\/embed\/#?secret=1F4YfwNqk8#?secret=aD5ynEfYSS\" width=\"600\" height=\"621\" frameborder=\"0\" marginwidth=\"0\" marginheight=\"0\" scrolling=\"no\" sandbox=\"allow-scripts\" data-secret=\"aD5ynEfYSS\" data-mce-fragment=\"1\"><\/iframe><\/p>\n<p><iframe loading=\"lazy\" class=\"wp-embedded-content\" title=\"\u00abOtra vez cerrada v\u00eda del Cusiana. Inminente colapso de puente de Quebrada Negra. \u00a0\u00bb \u2014 \u25b7 Noticias de Casanare : Martha Cifuentes | Casanare\" src=\"https:\/\/marthacifuentes.com\/portada\/2023\/08\/15\/otra-vez-cerrada-via-del-cusiana-inminente-colapso-de-puente-de-quebrada-negra\/embed\/#?secret=srdssnNTic#?secret=IOmYLPpdtn\" width=\"600\" height=\"621\" frameborder=\"0\" marginwidth=\"0\" marginheight=\"0\" scrolling=\"no\" sandbox=\"allow-scripts\" data-secret=\"IOmYLPpdtn\" data-mce-fragment=\"1\"><\/iframe><\/p>\n<p><iframe loading=\"lazy\" class=\"wp-embedded-content\" title=\"\u00abDisidencias de las Farc activaron plan pistola contra polic\u00edas en Casanare. Un sospechoso ten\u00eda fotos de agentes.\u00a0\u00bb \u2014 \u25b7 Noticias de Casanare : Martha Cifuentes | Casanare\" src=\"https:\/\/marthacifuentes.com\/portada\/2023\/08\/15\/disidencias-de-las-farc-activaron-plan-pistola-contra-policias-en-casanare-un-sospechoso-tenia-fotos-de-agentes\/embed\/#?secret=xSG2j4bqfn#?secret=WKNMrHtvrc\" width=\"600\" height=\"629\" frameborder=\"0\" marginwidth=\"0\" marginheight=\"0\" scrolling=\"no\" sandbox=\"allow-scripts\" data-secret=\"WKNMrHtvrc\" data-mce-fragment=\"1\"><\/iframe><\/p>\n<p><iframe loading=\"lazy\" class=\"wp-embedded-content\" title=\"\u00abGerente de la Eaaay expuesto a investigaciones penales y disciplinarias por multimillonarios contratos. Contralor\u00eda lo ech\u00f3 al agua.\u00a0\u00bb \u2014 \u25b7 Noticias de Casanare : Martha Cifuentes | Casanare\" src=\"https:\/\/marthacifuentes.com\/portada\/2023\/08\/15\/gerente-de-la-eaaay-expuesto-a-investigaciones-penales-y-disciplinarias-por-multimillonarios-contratos-contraloria-lo-echo-al-agua\/embed\/#?secret=xelPx2UqVQ#?secret=N5RNvx5eWe\" width=\"600\" height=\"650\" frameborder=\"0\" marginwidth=\"0\" marginheight=\"0\" scrolling=\"no\" sandbox=\"allow-scripts\" data-secret=\"N5RNvx5eWe\" data-mce-fragment=\"1\"><\/iframe><\/p>\n<\/div>\n<p>&nbsp;<\/p>\n","protected":false},"excerpt":{"rendered":"<p>Luego de que en septiembre se realizara en Yopal, Casanare, la Audiencia de Reconocimiento de Verdad por el asesinato y desaparici\u00f3n forzada de 296 personas que fueron presentadas ileg\u00edtimamente como bajas en combate en Casanare, la JEP dio un plazo de 10 d\u00edas h\u00e1biles a los 24 m\u00e1ximos responsables para que remitan un complemento de &hellip;<\/p>\n","protected":false},"author":2,"featured_media":32194,"comment_status":"open","ping_status":"open","sticky":false,"template":"","format":"standard","meta":{"om_disable_all_campaigns":false,"_exactmetrics_skip_tracking":false,"_exactmetrics_sitenote_active":false,"_exactmetrics_sitenote_note":"","_exactmetrics_sitenote_category":0,"_monsterinsights_skip_tracking":false,"_monsterinsights_sitenote_active":false,"_monsterinsights_sitenote_note":"","_monsterinsights_sitenote_category":0,"_uf_show_specific_survey":0,"_uf_disable_surveys":false,"_joinchat":[],"footnotes":""},"categories":[147,146,145],"tags":[9387,9388,5499,1400,1421,9386],"class_list":["post-32193","post","type-post","status-publish","format-standard","has-post-thumbnail","hentry","category-actualidad","category-noticias","category-reportajes","tag-exdirector-das-orlando-rivas","tag-expresidente-alvaro-uribe-velez","tag-falsos-positivos-casanare","tag-noticias-casanare","tag-noticias-yopal","tag-victimarios-falsos-positivos-ampliar-version-por-reclamos-de-victimas"],"yoast_head":"<!-- This site is optimized with the Yoast SEO plugin v26.1 - https:\/\/yoast.com\/wordpress\/plugins\/seo\/ -->\n<title>Victimarios de falsos positivos en Casanare deber\u00e1n ampliar versiones ante reclamaci\u00f3n de las v\u00edctimas en audiencia en Yopal - \u25b7 Noticias de Casanare : Martha Cifuentes | Casanare<\/title>\n<meta name=\"robots\" content=\"index, follow, max-snippet:-1, max-image-preview:large, max-video-preview:-1\" \/>\n<link rel=\"canonical\" href=\"https:\/\/marthacifuentes.com\/portada\/victimarios-de-falsos-positivos-en-casanare-deberan-ampliar-versiones-ante-reclamacion-de-las-victimas-en-audiencia-en-yopal\/\" \/>\n<meta property=\"og:locale\" content=\"es_ES\" \/>\n<meta property=\"og:type\" content=\"article\" \/>\n<meta property=\"og:title\" content=\"Victimarios de falsos positivos en Casanare deber\u00e1n ampliar versiones ante reclamaci\u00f3n de las v\u00edctimas en audiencia en Yopal - \u25b7 Noticias de Casanare : Martha Cifuentes | Casanare\" \/>\n<meta property=\"og:description\" content=\"Luego de que en septiembre se realizara en Yopal, Casanare, la Audiencia de Reconocimiento de Verdad por el asesinato y desaparici\u00f3n forzada de 296 personas que fueron presentadas ileg\u00edtimamente como bajas en combate en Casanare, la JEP dio un plazo de 10 d\u00edas h\u00e1biles a los 24 m\u00e1ximos responsables para que remitan un complemento de &hellip;\" \/>\n<meta property=\"og:url\" content=\"https:\/\/marthacifuentes.com\/portada\/victimarios-de-falsos-positivos-en-casanare-deberan-ampliar-versiones-ante-reclamacion-de-las-victimas-en-audiencia-en-yopal\/\" \/>\n<meta property=\"og:site_name\" content=\"\u25b7 Noticias de Casanare : Martha Cifuentes | Casanare\" \/>\n<meta property=\"article:published_time\" content=\"2023-10-24T14:49:27+00:00\" \/>\n<meta property=\"og:image\" content=\"https:\/\/marthacifuentes.com\/portada\/wp-content\/uploads\/2023\/10\/IMG_20230918_083719-scaled.jpg\" \/>\n\t<meta property=\"og:image:width\" content=\"2560\" \/>\n\t<meta property=\"og:image:height\" content=\"1920\" \/>\n\t<meta property=\"og:image:type\" content=\"image\/jpeg\" \/>\n<meta name=\"author\" content=\"Martha Cifuentes\" \/>\n<meta name=\"twitter:card\" content=\"summary_large_image\" \/>\n<meta name=\"twitter:label1\" content=\"Escrito por\" \/>\n\t<meta name=\"twitter:data1\" content=\"Martha Cifuentes\" \/>\n\t<meta name=\"twitter:label2\" content=\"Tiempo de lectura\" \/>\n\t<meta name=\"twitter:data2\" content=\"3 minutos\" \/>\n<script type=\"application\/ld+json\" class=\"yoast-schema-graph\">{\"@context\":\"https:\/\/schema.org\",\"@graph\":[{\"@type\":\"WebPage\",\"@id\":\"https:\/\/marthacifuentes.com\/portada\/victimarios-de-falsos-positivos-en-casanare-deberan-ampliar-versiones-ante-reclamacion-de-las-victimas-en-audiencia-en-yopal\/\",\"url\":\"https:\/\/marthacifuentes.com\/portada\/victimarios-de-falsos-positivos-en-casanare-deberan-ampliar-versiones-ante-reclamacion-de-las-victimas-en-audiencia-en-yopal\/\",\"name\":\"Victimarios de falsos positivos en Casanare deber\u00e1n ampliar versiones ante reclamaci\u00f3n de las v\u00edctimas en audiencia en Yopal - \u25b7 Noticias de Casanare : Martha Cifuentes | Casanare\",\"isPartOf\":{\"@id\":\"https:\/\/marthacifuentes.com\/portada\/#website\"},\"primaryImageOfPage\":{\"@id\":\"https:\/\/marthacifuentes.com\/portada\/victimarios-de-falsos-positivos-en-casanare-deberan-ampliar-versiones-ante-reclamacion-de-las-victimas-en-audiencia-en-yopal\/#primaryimage\"},\"image\":{\"@id\":\"https:\/\/marthacifuentes.com\/portada\/victimarios-de-falsos-positivos-en-casanare-deberan-ampliar-versiones-ante-reclamacion-de-las-victimas-en-audiencia-en-yopal\/#primaryimage\"},\"thumbnailUrl\":\"https:\/\/marthacifuentes.com\/portada\/wp-content\/uploads\/2023\/10\/IMG_20230918_083719-scaled.jpg\",\"datePublished\":\"2023-10-24T14:49:27+00:00\",\"author\":{\"@id\":\"https:\/\/marthacifuentes.com\/portada\/#\/schema\/person\/57f53174b991db5f90ff78d58502b714\"},\"breadcrumb\":{\"@id\":\"https:\/\/marthacifuentes.com\/portada\/victimarios-de-falsos-positivos-en-casanare-deberan-ampliar-versiones-ante-reclamacion-de-las-victimas-en-audiencia-en-yopal\/#breadcrumb\"},\"inLanguage\":\"es\",\"potentialAction\":[{\"@type\":\"ReadAction\",\"target\":[\"https:\/\/marthacifuentes.com\/portada\/victimarios-de-falsos-positivos-en-casanare-deberan-ampliar-versiones-ante-reclamacion-de-las-victimas-en-audiencia-en-yopal\/\"]}]},{\"@type\":\"ImageObject\",\"inLanguage\":\"es\",\"@id\":\"https:\/\/marthacifuentes.com\/portada\/victimarios-de-falsos-positivos-en-casanare-deberan-ampliar-versiones-ante-reclamacion-de-las-victimas-en-audiencia-en-yopal\/#primaryimage\",\"url\":\"https:\/\/marthacifuentes.com\/portada\/wp-content\/uploads\/2023\/10\/IMG_20230918_083719-scaled.jpg\",\"contentUrl\":\"https:\/\/marthacifuentes.com\/portada\/wp-content\/uploads\/2023\/10\/IMG_20230918_083719-scaled.jpg\",\"width\":2560,\"height\":1920},{\"@type\":\"BreadcrumbList\",\"@id\":\"https:\/\/marthacifuentes.com\/portada\/victimarios-de-falsos-positivos-en-casanare-deberan-ampliar-versiones-ante-reclamacion-de-las-victimas-en-audiencia-en-yopal\/#breadcrumb\",\"itemListElement\":[{\"@type\":\"ListItem\",\"position\":1,\"name\":\"Portada\",\"item\":\"https:\/\/marthacifuentes.com\/portada\/\"},{\"@type\":\"ListItem\",\"position\":2,\"name\":\"Victimarios de falsos positivos en Casanare deber\u00e1n ampliar versiones ante reclamaci\u00f3n de las v\u00edctimas en audiencia en Yopal\"}]},{\"@type\":\"WebSite\",\"@id\":\"https:\/\/marthacifuentes.com\/portada\/#website\",\"url\":\"https:\/\/marthacifuentes.com\/portada\/\",\"name\":\"\u25b7 Noticias de Casanare : Martha Cifuentes | Casanare\",\"description\":\"Noticias &amp; Contenidos\",\"potentialAction\":[{\"@type\":\"SearchAction\",\"target\":{\"@type\":\"EntryPoint\",\"urlTemplate\":\"https:\/\/marthacifuentes.com\/portada\/?s={search_term_string}\"},\"query-input\":{\"@type\":\"PropertyValueSpecification\",\"valueRequired\":true,\"valueName\":\"search_term_string\"}}],\"inLanguage\":\"es\"},{\"@type\":\"Person\",\"@id\":\"https:\/\/marthacifuentes.com\/portada\/#\/schema\/person\/57f53174b991db5f90ff78d58502b714\",\"name\":\"Martha Cifuentes\",\"image\":{\"@type\":\"ImageObject\",\"inLanguage\":\"es\",\"@id\":\"https:\/\/marthacifuentes.com\/portada\/#\/schema\/person\/image\/\",\"url\":\"http:\/\/marthacifuentes.com\/portada\/wp-content\/uploads\/2018\/06\/avatar_user_2_1528838701-96x96.jpg\",\"contentUrl\":\"http:\/\/marthacifuentes.com\/portada\/wp-content\/uploads\/2018\/06\/avatar_user_2_1528838701-96x96.jpg\",\"caption\":\"Martha Cifuentes\"},\"sameAs\":[\"http:\/\/www.marthacifuentes.com\"],\"url\":\"https:\/\/marthacifuentes.com\/portada\/author\/martha\/\"}]}<\/script>\n<!-- \/ Yoast SEO plugin. -->","yoast_head_json":{"title":"Victimarios de falsos positivos en Casanare deber\u00e1n ampliar versiones ante reclamaci\u00f3n de las v\u00edctimas en audiencia en Yopal - \u25b7 Noticias de Casanare : Martha Cifuentes | Casanare","robots":{"index":"index","follow":"follow","max-snippet":"max-snippet:-1","max-image-preview":"max-image-preview:large","max-video-preview":"max-video-preview:-1"},"canonical":"https:\/\/marthacifuentes.com\/portada\/victimarios-de-falsos-positivos-en-casanare-deberan-ampliar-versiones-ante-reclamacion-de-las-victimas-en-audiencia-en-yopal\/","og_locale":"es_ES","og_type":"article","og_title":"Victimarios de falsos positivos en Casanare deber\u00e1n ampliar versiones ante reclamaci\u00f3n de las v\u00edctimas en audiencia en Yopal - \u25b7 Noticias de Casanare : Martha Cifuentes | Casanare","og_description":"Luego de que en septiembre se realizara en Yopal, Casanare, la Audiencia de Reconocimiento de Verdad por el asesinato y desaparici\u00f3n forzada de 296 personas que fueron presentadas ileg\u00edtimamente como bajas en combate en Casanare, la JEP dio un plazo de 10 d\u00edas h\u00e1biles a los 24 m\u00e1ximos responsables para que remitan un complemento de &hellip;","og_url":"https:\/\/marthacifuentes.com\/portada\/victimarios-de-falsos-positivos-en-casanare-deberan-ampliar-versiones-ante-reclamacion-de-las-victimas-en-audiencia-en-yopal\/","og_site_name":"\u25b7 Noticias de Casanare : Martha Cifuentes | Casanare","article_published_time":"2023-10-24T14:49:27+00:00","og_image":[{"width":2560,"height":1920,"url":"https:\/\/marthacifuentes.com\/portada\/wp-content\/uploads\/2023\/10\/IMG_20230918_083719-scaled.jpg","type":"image\/jpeg"}],"author":"Martha Cifuentes","twitter_card":"summary_large_image","twitter_misc":{"Escrito por":"Martha Cifuentes","Tiempo de lectura":"3 minutos"},"schema":{"@context":"https:\/\/schema.org","@graph":[{"@type":"WebPage","@id":"https:\/\/marthacifuentes.com\/portada\/victimarios-de-falsos-positivos-en-casanare-deberan-ampliar-versiones-ante-reclamacion-de-las-victimas-en-audiencia-en-yopal\/","url":"https:\/\/marthacifuentes.com\/portada\/victimarios-de-falsos-positivos-en-casanare-deberan-ampliar-versiones-ante-reclamacion-de-las-victimas-en-audiencia-en-yopal\/","name":"Victimarios de falsos positivos en Casanare deber\u00e1n ampliar versiones ante reclamaci\u00f3n de las v\u00edctimas en audiencia en Yopal - \u25b7 Noticias de Casanare : Martha Cifuentes | Casanare","isPartOf":{"@id":"https:\/\/marthacifuentes.com\/portada\/#website"},"primaryImageOfPage":{"@id":"https:\/\/marthacifuentes.com\/portada\/victimarios-de-falsos-positivos-en-casanare-deberan-ampliar-versiones-ante-reclamacion-de-las-victimas-en-audiencia-en-yopal\/#primaryimage"},"image":{"@id":"https:\/\/marthacifuentes.com\/portada\/victimarios-de-falsos-positivos-en-casanare-deberan-ampliar-versiones-ante-reclamacion-de-las-victimas-en-audiencia-en-yopal\/#primaryimage"},"thumbnailUrl":"https:\/\/marthacifuentes.com\/portada\/wp-content\/uploads\/2023\/10\/IMG_20230918_083719-scaled.jpg","datePublished":"2023-10-24T14:49:27+00:00","author":{"@id":"https:\/\/marthacifuentes.com\/portada\/#\/schema\/person\/57f53174b991db5f90ff78d58502b714"},"breadcrumb":{"@id":"https:\/\/marthacifuentes.com\/portada\/victimarios-de-falsos-positivos-en-casanare-deberan-ampliar-versiones-ante-reclamacion-de-las-victimas-en-audiencia-en-yopal\/#breadcrumb"},"inLanguage":"es","potentialAction":[{"@type":"ReadAction","target":["https:\/\/marthacifuentes.com\/portada\/victimarios-de-falsos-positivos-en-casanare-deberan-ampliar-versiones-ante-reclamacion-de-las-victimas-en-audiencia-en-yopal\/"]}]},{"@type":"ImageObject","inLanguage":"es","@id":"https:\/\/marthacifuentes.com\/portada\/victimarios-de-falsos-positivos-en-casanare-deberan-ampliar-versiones-ante-reclamacion-de-las-victimas-en-audiencia-en-yopal\/#primaryimage","url":"https:\/\/marthacifuentes.com\/portada\/wp-content\/uploads\/2023\/10\/IMG_20230918_083719-scaled.jpg","contentUrl":"https:\/\/marthacifuentes.com\/portada\/wp-content\/uploads\/2023\/10\/IMG_20230918_083719-scaled.jpg","width":2560,"height":1920},{"@type":"BreadcrumbList","@id":"https:\/\/marthacifuentes.com\/portada\/victimarios-de-falsos-positivos-en-casanare-deberan-ampliar-versiones-ante-reclamacion-de-las-victimas-en-audiencia-en-yopal\/#breadcrumb","itemListElement":[{"@type":"ListItem","position":1,"name":"Portada","item":"https:\/\/marthacifuentes.com\/portada\/"},{"@type":"ListItem","position":2,"name":"Victimarios de falsos positivos en Casanare deber\u00e1n ampliar versiones ante reclamaci\u00f3n de las v\u00edctimas en audiencia en Yopal"}]},{"@type":"WebSite","@id":"https:\/\/marthacifuentes.com\/portada\/#website","url":"https:\/\/marthacifuentes.com\/portada\/","name":"\u25b7 Noticias de Casanare : Martha Cifuentes | Casanare","description":"Noticias &amp; Contenidos","potentialAction":[{"@type":"SearchAction","target":{"@type":"EntryPoint","urlTemplate":"https:\/\/marthacifuentes.com\/portada\/?s={search_term_string}"},"query-input":{"@type":"PropertyValueSpecification","valueRequired":true,"valueName":"search_term_string"}}],"inLanguage":"es"},{"@type":"Person","@id":"https:\/\/marthacifuentes.com\/portada\/#\/schema\/person\/57f53174b991db5f90ff78d58502b714","name":"Martha Cifuentes","image":{"@type":"ImageObject","inLanguage":"es","@id":"https:\/\/marthacifuentes.com\/portada\/#\/schema\/person\/image\/","url":"http:\/\/marthacifuentes.com\/portada\/wp-content\/uploads\/2018\/06\/avatar_user_2_1528838701-96x96.jpg","contentUrl":"http:\/\/marthacifuentes.com\/portada\/wp-content\/uploads\/2018\/06\/avatar_user_2_1528838701-96x96.jpg","caption":"Martha Cifuentes"},"sameAs":["http:\/\/www.marthacifuentes.com"],"url":"https:\/\/marthacifuentes.com\/portada\/author\/martha\/"}]}},"_links":{"self":[{"href":"https:\/\/marthacifuentes.com\/portada\/wp-json\/wp\/v2\/posts\/32193","targetHints":{"allow":["GET"]}}],"collection":[{"href":"https:\/\/marthacifuentes.com\/portada\/wp-json\/wp\/v2\/posts"}],"about":[{"href":"https:\/\/marthacifuentes.com\/portada\/wp-json\/wp\/v2\/types\/post"}],"author":[{"embeddable":true,"href":"https:\/\/marthacifuentes.com\/portada\/wp-json\/wp\/v2\/users\/2"}],"replies":[{"embeddable":true,"href":"https:\/\/marthacifuentes.com\/portada\/wp-json\/wp\/v2\/comments?post=32193"}],"version-history":[{"count":1,"href":"https:\/\/marthacifuentes.com\/portada\/wp-json\/wp\/v2\/posts\/32193\/revisions"}],"predecessor-version":[{"id":32195,"href":"https:\/\/marthacifuentes.com\/portada\/wp-json\/wp\/v2\/posts\/32193\/revisions\/32195"}],"wp:featuredmedia":[{"embeddable":true,"href":"https:\/\/marthacifuentes.com\/portada\/wp-json\/wp\/v2\/media\/32194"}],"wp:attachment":[{"href":"https:\/\/marthacifuentes.com\/portada\/wp-json\/wp\/v2\/media?parent=32193"}],"wp:term":[{"taxonomy":"category","embeddable":true,"href":"https:\/\/marthacifuentes.com\/portada\/wp-json\/wp\/v2\/categories?post=32193"},{"taxonomy":"post_tag","embeddable":true,"href":"https:\/\/marthacifuentes.com\/portada\/wp-json\/wp\/v2\/tags?post=32193"}],"curies":[{"name":"wp","href":"https:\/\/api.w.org\/{rel}","templated":true}]}}