{"id":32275,"date":"2023-11-30T15:14:15","date_gmt":"2023-11-30T20:14:15","guid":{"rendered":"https:\/\/marthacifuentes.com\/portada\/?p=32275"},"modified":"2023-11-30T15:14:15","modified_gmt":"2023-11-30T20:14:15","slug":"yopal-con-9-8-es-la-septima-capital-del-pais-con-menos-desempleo-segun-dane","status":"publish","type":"post","link":"https:\/\/marthacifuentes.com\/portada\/yopal-con-9-8-es-la-septima-capital-del-pais-con-menos-desempleo-segun-dane\/","title":{"rendered":"Yopal con 9.8% es la s\u00e9ptima capital del pa\u00eds con menos desempleo, seg\u00fan Dane"},"content":{"rendered":"<p>Yopal es la s\u00e9ptima ciudad con menor desempleo en el pa\u00eds con el 9.8%, seg\u00fan la tasa de desocupaci\u00f3n de la Gran Encuesta Integrada de Hogares realizada por el DANE, entre agosto y octubre de 2023. El dinamismo de los sectores econ\u00f3micos incide en el resultado, seg\u00fan la C\u00e1mara de Comercio de Casanare.<\/p>\n<p>Solo est\u00e1n por encima con menor desempleo, Leticia con el 4.6%; Bucaramanga con 7.9%; San Jos\u00e9 del Guaviare con el 8.6%; Santa Marta con 8.7%; Pereira con el 8.9% y Medell\u00edn con el 9.7%.<\/p>\n<p>Las ciudades con m\u00e1s altas tasas de desempleo son Arauca con el 29.3%; Quibd\u00f3 con el 26.2% y Mocoa con el 25.4%.<\/p>\n<p>Yopal se encuentra en una posici\u00f3n mejor que ciudades como Manizales, Mit\u00fa, Tunja, que superan los dos d\u00edgitos de desempleo en un promedio del 10.1%. Mientras tanto el total nacional de tasa de desocupaci\u00f3n entre las 32 ciudades es del 10.2%.<\/p>\n<p><img loading=\"lazy\" decoding=\"async\" class=\"alignnone size-full wp-image-32279\" src=\"https:\/\/marthacifuentes.com\/portada\/wp-content\/uploads\/2023\/11\/yopal-tasa-de-desempleo.png\" alt=\"\" width=\"963\" height=\"536\" srcset=\"https:\/\/marthacifuentes.com\/portada\/wp-content\/uploads\/2023\/11\/yopal-tasa-de-desempleo.png 963w, https:\/\/marthacifuentes.com\/portada\/wp-content\/uploads\/2023\/11\/yopal-tasa-de-desempleo-300x167.png 300w, https:\/\/marthacifuentes.com\/portada\/wp-content\/uploads\/2023\/11\/yopal-tasa-de-desempleo-768x427.png 768w\" sizes=\"auto, (max-width: 963px) 100vw, 963px\" \/><\/p>\n<h2><span style=\"color: #ff6600;\">Otras noticias&#8230;<\/span><\/h2>\n<blockquote class=\"wp-embedded-content\" data-secret=\"fqkxXAqOSl\"><p><a href=\"https:\/\/marthacifuentes.com\/portada\/2023\/11\/23\/vuelve-y-juega-demandada-reeleccion-de-directora-de-corporinoquia-minambiente-solicitara-nulidad-electoral\/\">Vuelve y juega. Demandada reelecci\u00f3n de directora de Corporinoquia. MinAmbiente solicitar\u00e1 nulidad electoral.<\/a><\/p><\/blockquote>\n<p><iframe loading=\"lazy\" class=\"wp-embedded-content\" sandbox=\"allow-scripts\" security=\"restricted\" style=\"position: absolute; clip: rect(1px, 1px, 1px, 1px);\" title=\"\u00abVuelve y juega. Demandada reelecci\u00f3n de directora de Corporinoquia. MinAmbiente solicitar\u00e1 nulidad electoral.\u00bb \u2014 \u25b7 Noticias de Casanare : Martha Cifuentes | Casanare\" src=\"https:\/\/marthacifuentes.com\/portada\/2023\/11\/23\/vuelve-y-juega-demandada-reeleccion-de-directora-de-corporinoquia-minambiente-solicitara-nulidad-electoral\/embed\/#?secret=J3ihDqzLxe#?secret=fqkxXAqOSl\" data-secret=\"fqkxXAqOSl\" width=\"500\" height=\"282\" frameborder=\"0\" marginwidth=\"0\" marginheight=\"0\" scrolling=\"no\"><\/iframe><\/p>\n<p><iframe loading=\"lazy\" class=\"wp-embedded-content\" title=\"\u00abPlant\u00f3n en Gobernaci\u00f3n de Casanare por estancamiento de la v\u00eda por Labranzagrande.\u00bb \u2014 \u25b7 Noticias de Casanare : Martha Cifuentes | Casanare\" src=\"https:\/\/marthacifuentes.com\/portada\/2023\/11\/22\/planton-en-gobernacion-de-casanare-por-estancamiento-de-la-via-por-labranzagrande\/embed\/#?secret=WebGl34ncb#?secret=KhrXiceTn0\" width=\"600\" height=\"621\" frameborder=\"0\" marginwidth=\"0\" marginheight=\"0\" scrolling=\"no\" sandbox=\"allow-scripts\" data-secret=\"KhrXiceTn0\" data-mce-fragment=\"1\"><\/iframe><\/p>\n<p><iframe loading=\"lazy\" class=\"wp-embedded-content\" title=\"\u00abCobro del peaje entre Yopal y Aguazul podr\u00eda llegar con el a\u00f1o nuevo. Comenzar\u00e1n pruebas de conteo vehicular.\u00bb \u2014 \u25b7 Noticias de Casanare : Martha Cifuentes | Casanare\" src=\"https:\/\/marthacifuentes.com\/portada\/2023\/11\/22\/cobro-del-peaje-entre-yopal-y-aguazul-podria-llegar-con-el-ano-nuevo-comenzaran-pruebas-de-conteo-vehicular\/embed\/#?secret=00x7ddSX3C#?secret=dVcCaRmUIt\" width=\"600\" height=\"614\" frameborder=\"0\" marginwidth=\"0\" marginheight=\"0\" scrolling=\"no\" sandbox=\"allow-scripts\" data-secret=\"dVcCaRmUIt\" data-mce-fragment=\"1\"><\/iframe><\/p>\n<p><iframe loading=\"lazy\" class=\"wp-embedded-content\" title=\"\u00abMasacre en Villanueva. Una mujer y dos hombres asesinados con arma de fuego.\u00bb \u2014 \u25b7 Noticias de Casanare : Martha Cifuentes | Casanare\" src=\"https:\/\/marthacifuentes.com\/portada\/2023\/11\/20\/masacre-en-villanueva-una-mujer-y-dos-hombres-asesinados-con-arma-de-fuego\/embed\/#?secret=CeDCgtgg4p#?secret=M1ZcUmfL0W\" width=\"600\" height=\"600\" frameborder=\"0\" marginwidth=\"0\" marginheight=\"0\" scrolling=\"no\" sandbox=\"allow-scripts\" data-secret=\"M1ZcUmfL0W\" data-mce-fragment=\"1\"><\/iframe><\/p>\n<p><iframe loading=\"lazy\" class=\"wp-embedded-content\" title=\"\u00abHoy inicia Joropo Fest 2023 en la C\u00e1mara de Comercio de Casanare\u00bb \u2014 \u25b7 Noticias de Casanare : Martha Cifuentes | Casanare\" src=\"https:\/\/marthacifuentes.com\/portada\/2023\/11\/16\/hoy-inicia-joropo-fest-2023-en-la-camara-de-comercio-de-casanare\/embed\/#?secret=tKNp58ofi7#?secret=b6Lyn0DvVq\" width=\"600\" height=\"600\" frameborder=\"0\" marginwidth=\"0\" marginheight=\"0\" scrolling=\"no\" sandbox=\"allow-scripts\" data-secret=\"b6Lyn0DvVq\" data-mce-fragment=\"1\"><\/iframe><\/p>\n<p><iframe loading=\"lazy\" class=\"wp-embedded-content\" title=\"\u00abAlcald\u00eda de Yopal y Eaaay deber\u00e1n recibir y mantener obras de alcantarillado pluvial de Ca\u00f1o Seco y Alcarav\u00e1n, sin dolientes durante 12 a\u00f1os.\u00bb \u2014 \u25b7 Noticias de Casanare : Martha Cifuentes | Casanare\" src=\"https:\/\/marthacifuentes.com\/portada\/2023\/11\/15\/alcaldia-de-yopal-y-eaaay-deberan-recibir-y-mantener-obras-de-alcantarillado-pluvial-de-cano-seco-y-alcaravan-sin-dolientes-durante-12-anos\/embed\/#?secret=kKnb8yEsAG#?secret=AzVrUAYaAb\" width=\"600\" height=\"623\" frameborder=\"0\" marginwidth=\"0\" marginheight=\"0\" scrolling=\"no\" sandbox=\"allow-scripts\" data-secret=\"AzVrUAYaAb\" data-mce-fragment=\"1\"><\/iframe><\/p>\n<p><iframe loading=\"lazy\" class=\"wp-embedded-content\" title=\"\u00abMarisela Duarte dir\u00eda s\u00ed a la curul en la Asamblea y dejar\u00eda por fuera a Cambio Radical\u00bb \u2014 \u25b7 Noticias de Casanare : Martha Cifuentes | Casanare\" src=\"https:\/\/marthacifuentes.com\/portada\/2023\/11\/01\/marisela-duarte-diria-si-a-la-curul-en-la-asamblea-y-dejaria-por-fuera-a-cambio-radical\/embed\/#?secret=PXF93lUmNs#?secret=mxbjSYASup\" width=\"600\" height=\"600\" frameborder=\"0\" marginwidth=\"0\" marginheight=\"0\" scrolling=\"no\" sandbox=\"allow-scripts\" data-secret=\"mxbjSYASup\" data-mce-fragment=\"1\"><\/iframe><\/p>\n<p><iframe loading=\"lazy\" class=\"wp-embedded-content\" title=\"\u00abNuevo mapa electoral de Casanare refleja: Ca\u00edda del uribismo, triunfo de las alianzas electorales, 4 alcaldes reelegidos y 2 alcaldesas electas.\u00bb \u2014 \u25b7 Noticias de Casanare : Martha Cifuentes | Casanare\" src=\"https:\/\/marthacifuentes.com\/portada\/2023\/11\/01\/nuevo-mapa-electoral-de-casanare-refleja-caida-del-uribismo-triunfo-de-las-alianzas-electorales-4-alcaldes-reelegidos-y-2-alcaldesas-electas\/embed\/#?secret=sZQ3cw5zqb#?secret=oosWU1kqtC\" width=\"600\" height=\"601\" frameborder=\"0\" marginwidth=\"0\" marginheight=\"0\" scrolling=\"no\" sandbox=\"allow-scripts\" data-secret=\"oosWU1kqtC\" data-mce-fragment=\"1\"><\/iframe><\/p>\n<p><iframe loading=\"lazy\" class=\"wp-embedded-content\" title=\"\u00abCapturado yerno de candidata a la Gobernaci\u00f3n de Casanare, Marisela Duarte y del senador Alirio Barrera.\u00bb \u2014 \u25b7 Noticias de Casanare : Martha Cifuentes | Casanare\" src=\"https:\/\/marthacifuentes.com\/portada\/2023\/10\/27\/capturado-yerno-de-candidata-a-la-gobernacion-de-casanare-marisela-duarte-y-del-senador-alirio-barrera\/embed\/#?secret=iJlCqG6kr5#?secret=WLFpsr1bjS\" width=\"600\" height=\"621\" frameborder=\"0\" marginwidth=\"0\" marginheight=\"0\" scrolling=\"no\" sandbox=\"allow-scripts\" data-secret=\"WLFpsr1bjS\" data-mce-fragment=\"1\"><\/iframe><\/p>\n<p><iframe loading=\"lazy\" class=\"wp-embedded-content\" title=\"\u00abVictimarios de falsos positivos en Casanare deber\u00e1n ampliar versiones ante reclamaci\u00f3n de las v\u00edctimas en audiencia en Yopal\u00bb \u2014 \u25b7 Noticias de Casanare : Martha Cifuentes | Casanare\" src=\"https:\/\/marthacifuentes.com\/portada\/2023\/10\/24\/victimarios-de-falsos-positivos-en-casanare-deberan-ampliar-versiones-ante-reclamacion-de-las-victimas-en-audiencia-en-yopal\/embed\/#?secret=BXJOmSvFhj#?secret=Uv866xNtyG\" width=\"600\" height=\"649\" frameborder=\"0\" marginwidth=\"0\" marginheight=\"0\" scrolling=\"no\" sandbox=\"allow-scripts\" data-secret=\"Uv866xNtyG\" data-mce-fragment=\"1\"><\/iframe><\/p>\n<p><iframe loading=\"lazy\" class=\"wp-embedded-content\" title=\"\u00abSe enred\u00f3 elecci\u00f3n de director de Corporinoquia. Tutela suspendi\u00f3 proceso.\u00bb \u2014 \u25b7 Noticias de Casanare : Martha Cifuentes | Casanare\" src=\"https:\/\/marthacifuentes.com\/portada\/2023\/10\/24\/se-enredo-eleccion-de-director-de-corporinoquia-tutela-suspendio-proceso\/embed\/#?secret=3d1E9kiNQR#?secret=Psj2WdnGAp\" width=\"600\" height=\"586\" frameborder=\"0\" marginwidth=\"0\" marginheight=\"0\" scrolling=\"no\" sandbox=\"allow-scripts\" data-secret=\"Psj2WdnGAp\" data-mce-fragment=\"1\"><\/iframe><\/p>\n<p><iframe loading=\"lazy\" class=\"wp-embedded-content\" title=\"\u00abSimpatizantes de Velandia inconformes con su adhesi\u00f3n a Zorro terminaron en las toldas de Marisela\u00bb \u2014 \u25b7 Noticias de Casanare : Martha Cifuentes | Casanare\" src=\"https:\/\/marthacifuentes.com\/portada\/2023\/10\/20\/simpatizantes-de-velandia-inconformes-con-su-adhesion-a-zorro-terminaron-en-las-toldas-de-marisela\/embed\/#?secret=SrUVQYsWGy#?secret=j7FGjJxAY3\" width=\"600\" height=\"565\" frameborder=\"0\" marginwidth=\"0\" marginheight=\"0\" scrolling=\"no\" sandbox=\"allow-scripts\" data-secret=\"j7FGjJxAY3\" data-mce-fragment=\"1\"><\/iframe><\/p>\n<p><iframe loading=\"lazy\" class=\"wp-embedded-content\" title=\"\u00abZorro y Velandia, unidos contra el nepotismo y el continuismo\u00bb \u2014 \u25b7 Noticias de Casanare : Martha Cifuentes | Casanare\" src=\"https:\/\/marthacifuentes.com\/portada\/2023\/10\/20\/zorro-y-velandia-unidos-contra-el-nepotismo-y-el-continuismo\/embed\/#?secret=bOR1AvwlJh#?secret=zxmcUn5Qih\" width=\"600\" height=\"558\" frameborder=\"0\" marginwidth=\"0\" marginheight=\"0\" scrolling=\"no\" sandbox=\"allow-scripts\" data-secret=\"zxmcUn5Qih\" data-mce-fragment=\"1\"><\/iframe><\/p>\n<p><iframe loading=\"lazy\" class=\"wp-embedded-content\" title=\"\u00abEl naranja se volvi\u00f3 verde. Guillermo Velandia adhiere a la campa\u00f1a de Zorro a la Gobernaci\u00f3n de Casanare.\u00bb \u2014 \u25b7 Noticias de Casanare : Martha Cifuentes | Casanare\" src=\"https:\/\/marthacifuentes.com\/portada\/2023\/10\/19\/el-naranja-se-volvio-verde-guillermo-velandia-adhiere-a-la-campana-de-zorro-a-la-gobernacion-de-casanare\/embed\/#?secret=QqKrVQyoTJ#?secret=ce8cQpmjPR\" width=\"600\" height=\"621\" frameborder=\"0\" marginwidth=\"0\" marginheight=\"0\" scrolling=\"no\" sandbox=\"allow-scripts\" data-secret=\"ce8cQpmjPR\" data-mce-fragment=\"1\"><\/iframe><\/p>\n<p><iframe loading=\"lazy\" class=\"wp-embedded-content\" title=\"\u00abPolo Democr\u00e1tico rechaz\u00f3 alianza de su candidato a la Alcald\u00eda de Yopal Lenin Bustos a Felipe Becerra.\u00bb \u2014 \u25b7 Noticias de Casanare : Martha Cifuentes | Casanare\" src=\"https:\/\/marthacifuentes.com\/portada\/2023\/10\/18\/polo-democratico-rechazo-alianza-de-su-candidato-a-la-alcaldia-de-yopal-lenin-bustos-a-felipe-becerra\/embed\/#?secret=cHkFRhFn8B#?secret=8AGVSqerzS\" width=\"600\" height=\"621\" frameborder=\"0\" marginwidth=\"0\" marginheight=\"0\" scrolling=\"no\" sandbox=\"allow-scripts\" data-secret=\"8AGVSqerzS\" data-mce-fragment=\"1\"><\/iframe><\/p>\n<p><iframe loading=\"lazy\" class=\"wp-embedded-content\" title=\"\u00abCon obras de teatro se conmemoraron los 70 a\u00f1os de la entrega de armas en Monterrey\u00a0\u00bb \u2014 \u25b7 Noticias de Casanare : Martha Cifuentes | Casanare\" src=\"https:\/\/marthacifuentes.com\/portada\/2023\/10\/17\/con-obras-de-teatro-se-conmemoraron-los-70-anos-de-la-entrega-de-armas-en-monterrey\/embed\/#?secret=To9SYhWGhL#?secret=R8Sx8pSfIi\" width=\"600\" height=\"621\" frameborder=\"0\" marginwidth=\"0\" marginheight=\"0\" scrolling=\"no\" sandbox=\"allow-scripts\" data-secret=\"R8Sx8pSfIi\" data-mce-fragment=\"1\"><\/iframe><\/p>\n<p><iframe loading=\"lazy\" class=\"wp-embedded-content\" title=\"\u00abDos candidatos a la Gobernaci\u00f3n de Casanare declinaron aspiraci\u00f3n y se unieron a Zorro.\u00bb \u2014 \u25b7 Noticias de Casanare : Martha Cifuentes | Casanare\" src=\"https:\/\/marthacifuentes.com\/portada\/2023\/10\/17\/dos-candidatos-a-la-gobernacion-de-casanare-declinaron-aspiracion-y-se-unieron-a-zorro\/embed\/#?secret=Z5FZcFTcm7#?secret=wBU7TDhIBi\" width=\"600\" height=\"621\" frameborder=\"0\" marginwidth=\"0\" marginheight=\"0\" scrolling=\"no\" sandbox=\"allow-scripts\" data-secret=\"wBU7TDhIBi\" data-mce-fragment=\"1\"><\/iframe><\/p>\n<p><iframe loading=\"lazy\" class=\"wp-embedded-content\" title=\"\u00abCarlos Cetina, candidato a la Alcald\u00eda de Pore, recibi\u00f3 adhesi\u00f3n de candidato Argemiro Teat\u00edn.\u00bb \u2014 \u25b7 Noticias de Casanare : Martha Cifuentes | Casanare\" src=\"https:\/\/marthacifuentes.com\/portada\/2023\/10\/17\/carlos-cetina-candidato-a-la-alcaldia-de-pore-recibio-adhesion-de-candidato-argemiro-teatin\/embed\/#?secret=7YFSXHP5NA#?secret=ojtPSgXvfM\" width=\"600\" height=\"558\" frameborder=\"0\" marginwidth=\"0\" marginheight=\"0\" scrolling=\"no\" sandbox=\"allow-scripts\" data-secret=\"ojtPSgXvfM\" data-mce-fragment=\"1\"><\/iframe><\/p>\n<p><iframe loading=\"lazy\" class=\"wp-embedded-content\" title=\"\u00abCorporinoquia apetecida: 43 hojas de vida se postularon para elecci\u00f3n de director.\u00bb \u2014 \u25b7 Noticias de Casanare : Martha Cifuentes | Casanare\" src=\"https:\/\/marthacifuentes.com\/portada\/2023\/10\/13\/corporinoquia-apetecida-43-hojas-de-vida-se-postularon-para-eleccion-de-director\/embed\/#?secret=V4abWyUlGO#?secret=Qh89VJKlqF\" width=\"600\" height=\"621\" frameborder=\"0\" marginwidth=\"0\" marginheight=\"0\" scrolling=\"no\" sandbox=\"allow-scripts\" data-secret=\"Qh89VJKlqF\" data-mce-fragment=\"1\"><\/iframe><\/p>\n<p><iframe loading=\"lazy\" class=\"wp-embedded-content\" title=\"\u00abCampa\u00f1as pol\u00edticas en Casanare est\u00e1n como su clima, calientes. En video denuncias y contradenuncias por colocaci\u00f3n de propaganda en predio de Yopal.\u00bb \u2014 \u25b7 Noticias de Casanare : Martha Cifuentes | Casanare\" src=\"https:\/\/marthacifuentes.com\/portada\/2023\/10\/12\/campanas-politicas-en-casanare-estan-como-su-clima-calientes-en-video-denuncias-y-contradenuncias-por-colocacion-de-propaganda-en-predio-de-yopal\/embed\/#?secret=OFvn0jb99U#?secret=xmt0P43rRr\" width=\"600\" height=\"649\" frameborder=\"0\" marginwidth=\"0\" marginheight=\"0\" scrolling=\"no\" sandbox=\"allow-scripts\" data-secret=\"xmt0P43rRr\" data-mce-fragment=\"1\"><\/iframe><\/p>\n<p><iframe loading=\"lazy\" class=\"wp-embedded-content\" title=\"\u00abTemporada de Cine Colombiano llega a Yopal este fin de semana con entrada libre para toda la familia. Aproveche.\u00bb \u2014 \u25b7 Noticias de Casanare : Martha Cifuentes | Casanare\" src=\"https:\/\/marthacifuentes.com\/portada\/2023\/10\/10\/temporada-de-cine-colombiano-llega-a-yopal-este-fin-de-semana-con-entrada-libre-para-toda-la-familia-aproveche\/embed\/#?secret=6Ebl8nBPQK#?secret=h6krTge0xG\" width=\"600\" height=\"601\" frameborder=\"0\" marginwidth=\"0\" marginheight=\"0\" scrolling=\"no\" sandbox=\"allow-scripts\" data-secret=\"h6krTge0xG\" data-mce-fragment=\"1\"><\/iframe><\/p>\n<p><iframe loading=\"lazy\" class=\"wp-embedded-content\" title=\"\u00abEl teatro pronto se tomar\u00e1 a Yopal. 15 grupos se presentar\u00e1n en el Festival Guadalupe. Imperdible.\u00bb \u2014 \u25b7 Noticias de Casanare : Martha Cifuentes | Casanare\" src=\"https:\/\/marthacifuentes.com\/portada\/2023\/10\/10\/el-teatro-pronto-se-tomara-a-yopal-15-grupos-se-presentaran-en-el-festival-guadalupe-imperdible\/embed\/#?secret=lQpRsmwGDb#?secret=g6hZzaeOcY\" width=\"600\" height=\"621\" frameborder=\"0\" marginwidth=\"0\" marginheight=\"0\" scrolling=\"no\" sandbox=\"allow-scripts\" data-secret=\"g6hZzaeOcY\" data-mce-fragment=\"1\"><\/iframe><\/p>\n<p><iframe loading=\"lazy\" class=\"wp-embedded-content\" title=\"\u00abAspirantes al cargo de director de Corporinoquia podr\u00e1n inscribirse desde ma\u00f1ana y hasta el jueves.\u00bb \u2014 \u25b7 Noticias de Casanare : Martha Cifuentes | Casanare\" src=\"https:\/\/marthacifuentes.com\/portada\/2023\/10\/10\/aspirantes-al-cargo-de-director-de-corporinoquia-podran-inscribirse-desde-manana-y-hasta-el-jueves\/embed\/#?secret=wXC3829jw1#?secret=4tScoImGfs\" width=\"600\" height=\"564\" frameborder=\"0\" marginwidth=\"0\" marginheight=\"0\" scrolling=\"no\" sandbox=\"allow-scripts\" data-secret=\"4tScoImGfs\" data-mce-fragment=\"1\"><\/iframe><\/p>\n<p><iframe loading=\"lazy\" class=\"wp-embedded-content\" title=\"\u00abPr\u00f3ximo 12 de octubre audiencia p\u00fablica por posibles irregularidades en mejoramiento de la v\u00eda de acceso a las veredas Sirivana y Manantiales\u00bb \u2014 \u25b7 Noticias de Casanare : Martha Cifuentes | Casanare\" src=\"https:\/\/marthacifuentes.com\/portada\/2023\/10\/10\/proximo-12-de-octubre-audiencia-publica-por-posibles-irregularidades-en-mejoramiento-de-la-via-de-acceso-a-las-veredas-sirivana-y-manantiales\/embed\/#?secret=i1465PTNMU#?secret=zp7azvys1J\" width=\"600\" height=\"649\" frameborder=\"0\" marginwidth=\"0\" marginheight=\"0\" scrolling=\"no\" sandbox=\"allow-scripts\" data-secret=\"zp7azvys1J\" data-mce-fragment=\"1\"><\/iframe><\/p>\n<p><iframe loading=\"lazy\" class=\"wp-embedded-content\" title=\"\u00abColombia Renaciente, un partido alejado de extremos, respalda a Marisela Duarte\u00bb \u2014 \u25b7 Noticias de Casanare : Martha Cifuentes | Casanare\" src=\"https:\/\/marthacifuentes.com\/portada\/2023\/10\/10\/colombia-renaciente-un-partido-alejado-de-extremos-respalda-a-marisela-duarte\/embed\/#?secret=BedIaDtS8t#?secret=lzTXswFQta\" width=\"600\" height=\"620\" frameborder=\"0\" marginwidth=\"0\" marginheight=\"0\" scrolling=\"no\" sandbox=\"allow-scripts\" data-secret=\"lzTXswFQta\" data-mce-fragment=\"1\"><\/iframe><\/p>\n<p><iframe loading=\"lazy\" class=\"wp-embedded-content\" title=\"\u00ab\u00bfQui\u00e9nes son las dos profesionales que representar\u00e1n al sector Privado ante Consejo Directivo de Corporinoquia?\u00bb \u2014 \u25b7 Noticias de Casanare : Martha Cifuentes | Casanare\" src=\"https:\/\/marthacifuentes.com\/portada\/2023\/10\/10\/quienes-son-las-dos-profesionales-que-representaran-al-sector-privado-ante-consejo-directivo-de-corporinoquia\/embed\/#?secret=lt710ecaB0#?secret=u6Nn5HrFpJ\" width=\"600\" height=\"649\" frameborder=\"0\" marginwidth=\"0\" marginheight=\"0\" scrolling=\"no\" sandbox=\"allow-scripts\" data-secret=\"u6Nn5HrFpJ\" data-mce-fragment=\"1\"><\/iframe><\/p>\n<p><iframe loading=\"lazy\" class=\"wp-embedded-content\" title=\"\u00abConsejo de Estado admite demanda de p\u00e9rdida de investidura de congresista Hugo Archila\u00bb \u2014 \u25b7 Noticias de Casanare : Martha Cifuentes | Casanare\" src=\"https:\/\/marthacifuentes.com\/portada\/2023\/10\/09\/consejo-de-estado-admite-demanda-de-perdida-de-investidura-de-congresista-hugo-archila\/embed\/#?secret=zpEq28r9iR#?secret=YLc8bbgR58\" width=\"600\" height=\"621\" frameborder=\"0\" marginwidth=\"0\" marginheight=\"0\" scrolling=\"no\" sandbox=\"allow-scripts\" data-secret=\"YLc8bbgR58\" data-mce-fragment=\"1\"><\/iframe><\/p>\n<p><iframe loading=\"lazy\" class=\"wp-embedded-content\" title=\"\u00abEsc\u00e1ndalo por invitaci\u00f3n de Zorro de \u201cEcharle agua caliente a quienes hablen mal de su campa\u00f1a\u201d. \u00c9l se defiende.\u00bb \u2014 \u25b7 Noticias de Casanare : Martha Cifuentes | Casanare\" src=\"https:\/\/marthacifuentes.com\/portada\/2023\/10\/09\/escandalo-por-invitacion-de-zorro-de-echarle-agua-caliente-a-quienes-hablen-mal-de-su-campana-el-se-defiende\/embed\/#?secret=zAAvkr2szb#?secret=iC4zJ0vMqP\" width=\"600\" height=\"593\" frameborder=\"0\" marginwidth=\"0\" marginheight=\"0\" scrolling=\"no\" sandbox=\"allow-scripts\" data-secret=\"iC4zJ0vMqP\" data-mce-fragment=\"1\"><\/iframe><\/p>\n<p><iframe loading=\"lazy\" class=\"wp-embedded-content\" title=\"\u00abOperarios de la PTAP Yopal y PTAR veredales denuncian demora en pago de honorarios\u00bb \u2014 \u25b7 Noticias de Casanare : Martha Cifuentes | Casanare\" src=\"https:\/\/marthacifuentes.com\/portada\/2023\/10\/09\/operarios-de-la-ptap-yopal-y-ptar-veredales-denuncian-demora-en-pago-de-honorarios\/embed\/#?secret=h8h2yGluHs#?secret=JlL0pYed5y\" width=\"600\" height=\"600\" frameborder=\"0\" marginwidth=\"0\" marginheight=\"0\" scrolling=\"no\" sandbox=\"allow-scripts\" data-secret=\"JlL0pYed5y\" data-mce-fragment=\"1\"><\/iframe><\/p>\n<p><iframe loading=\"lazy\" class=\"wp-embedded-content\" title=\"\u00abMarisela imparable: Partido Conservador se une a su campa\u00f1a para enfrentar la izquierda en Casanare\u00bb \u2014 \u25b7 Noticias de Casanare : Martha Cifuentes | Casanare\" src=\"https:\/\/marthacifuentes.com\/portada\/2023\/10\/06\/marisela-imparable-partido-conservador-se-une-a-su-campana-para-enfrentar-la-izquierda-en-casanare\/embed\/#?secret=nLZrJIDMzi#?secret=6WjYJZEQ0g\" width=\"600\" height=\"621\" frameborder=\"0\" marginwidth=\"0\" marginheight=\"0\" scrolling=\"no\" sandbox=\"allow-scripts\" data-secret=\"6WjYJZEQ0g\" data-mce-fragment=\"1\"><\/iframe><\/p>\n<p><iframe loading=\"lazy\" class=\"wp-embedded-content\" title=\"\u00abSuperservicios retom\u00f3 las riendas de la Eaaay ante la negligencia en su manejo, del alcalde y del gerente\u00bb \u2014 \u25b7 Noticias de Casanare : Martha Cifuentes | Casanare\" src=\"https:\/\/marthacifuentes.com\/portada\/2023\/10\/06\/superservicios-retomo-las-riendas-de-la-eaaay-ante-la-negligencia-en-su-manejo-del-alcalde-y-del-gerente\/embed\/#?secret=6IUWFDBBnv#?secret=hs2Yf1LngT\" width=\"600\" height=\"600\" frameborder=\"0\" marginwidth=\"0\" marginheight=\"0\" scrolling=\"no\" sandbox=\"allow-scripts\" data-secret=\"hs2Yf1LngT\" data-mce-fragment=\"1\"><\/iframe><\/p>\n<h2>Otras noticias\u2026<\/h2>\n<p><iframe loading=\"lazy\" class=\"wp-embedded-content\" title=\"\u00abTribunal conmina a Alcald\u00eda de Yopal a que en 10 d\u00edas fije cronograma para construir Terminal de Transportes. Sigue el \u00abfue que que fue\u00bb\u00bb \u2014 \u25b7 Noticias de Casanare : Martha Cifuentes | Casanare\" src=\"https:\/\/marthacifuentes.com\/portada\/2023\/10\/04\/tribunal-conmina-a-alcaldia-de-yopal-a-que-en-10-dias-fije-cronograma-para-construir-terminal-de-transportes-sigue-el-fue-que-que-fue\/embed\/#?secret=XCl5c03E9A#?secret=yqhmpQlqsb\" width=\"600\" height=\"649\" frameborder=\"0\" marginwidth=\"0\" marginheight=\"0\" scrolling=\"no\" sandbox=\"allow-scripts\" data-secret=\"yqhmpQlqsb\" data-mce-fragment=\"1\"><\/iframe><\/p>\n<p><iframe loading=\"lazy\" class=\"wp-embedded-content\" title=\"\u00abSiguen llegando apoyos a Marisela. Uno de los grupos m\u00e1s fuertes en Man\u00ed, se une a su campa\u00f1a\u00bb \u2014 \u25b7 Noticias de Casanare : Martha Cifuentes | Casanare\" src=\"https:\/\/marthacifuentes.com\/portada\/2023\/10\/03\/siguen-llegando-apoyos-a-marisela-uno-de-los-grupos-mas-fuertes-en-mani-se-une-a-su-campana\/embed\/#?secret=BE0njzyD9j#?secret=wxxr1e0ckI\" width=\"600\" height=\"621\" frameborder=\"0\" marginwidth=\"0\" marginheight=\"0\" scrolling=\"no\" sandbox=\"allow-scripts\" data-secret=\"wxxr1e0ckI\" data-mce-fragment=\"1\"><\/iframe><\/p>\n<p><iframe loading=\"lazy\" class=\"wp-embedded-content\" title=\"\u00abAhora Registro Civil se podr\u00e1 descargar en l\u00ednea. Costar\u00e1 15.600 pesos.\u00bb \u2014 \u25b7 Noticias de Casanare : Martha Cifuentes | Casanare\" src=\"https:\/\/marthacifuentes.com\/portada\/2023\/10\/03\/ahora-registro-civil-se-podra-descargar-en-linea-costara-15-600-pesos\/embed\/#?secret=6fGHZAA6OG#?secret=sUOF8xn8Ss\" width=\"600\" height=\"621\" frameborder=\"0\" marginwidth=\"0\" marginheight=\"0\" scrolling=\"no\" sandbox=\"allow-scripts\" data-secret=\"sUOF8xn8Ss\" data-mce-fragment=\"1\"><\/iframe><\/p>\n<p><iframe loading=\"lazy\" class=\"wp-embedded-content\" title=\"\u00abCapturados integrantes de banda \u201cLos Kamikaze\u201d dedicada a hurto de computadores en Yopal.\u00bb \u2014 \u25b7 Noticias de Casanare : Martha Cifuentes | Casanare\" src=\"https:\/\/marthacifuentes.com\/portada\/2023\/10\/03\/capturados-integrantes-de-banda-los-kamikaze-dedicada-a-hurto-de-computadores-en-yopal\/embed\/#?secret=6WHKS8PDDK#?secret=XfVbJOUiF8\" width=\"600\" height=\"600\" frameborder=\"0\" marginwidth=\"0\" marginheight=\"0\" scrolling=\"no\" sandbox=\"allow-scripts\" data-secret=\"XfVbJOUiF8\" data-mce-fragment=\"1\"><\/iframe><\/p>\n<p><iframe loading=\"lazy\" class=\"wp-embedded-content\" title=\"\u00abA 27 d\u00edas de elecciones, Marisela Duarte se acerca a Zorro. Est\u00e1 de \u2018Voto finish\u2019\u00bb \u2014 \u25b7 Noticias de Casanare : Martha Cifuentes | Casanare\" src=\"https:\/\/marthacifuentes.com\/portada\/2023\/10\/03\/a-27-dias-de-elecciones-marisela-duarte-se-acerca-a-zorro-esta-de-voto-finish\/embed\/#?secret=8wCTxyXL7z#?secret=2LpIQH8w32\" width=\"600\" height=\"620\" frameborder=\"0\" marginwidth=\"0\" marginheight=\"0\" scrolling=\"no\" sandbox=\"allow-scripts\" data-secret=\"2LpIQH8w32\" data-mce-fragment=\"1\"><\/iframe><\/p>\n<p><iframe loading=\"lazy\" class=\"wp-embedded-content\" title=\"\u00abNO hay paso vehicular en Los Grillos, v\u00eda del Cusiana. Se trabaja en construcci\u00f3n de carretera temporal.\u00bb \u2014 \u25b7 Noticias de Casanare : Martha Cifuentes | Casanare\" src=\"https:\/\/marthacifuentes.com\/portada\/2023\/09\/29\/no-hay-paso-vehicular-en-los-grillos-via-del-cusiana-se-trabaja-en-construccion-de-carretera-temporal\/embed\/#?secret=sXnopBull9#?secret=cTzeBt3Hb1\" width=\"600\" height=\"621\" frameborder=\"0\" marginwidth=\"0\" marginheight=\"0\" scrolling=\"no\" sandbox=\"allow-scripts\" data-secret=\"cTzeBt3Hb1\" data-mce-fragment=\"1\"><\/iframe><\/p>\n<p><iframe loading=\"lazy\" class=\"wp-embedded-content\" title=\"\u00abCon candidatos a la Alcald\u00eda de Yopal se realizar\u00e1 hoy Foro por el Desarrollo Regional\u00bb \u2014 \u25b7 Noticias de Casanare : Martha Cifuentes | Casanare\" src=\"https:\/\/marthacifuentes.com\/portada\/2023\/09\/28\/con-candidatos-a-la-alcaldia-de-yopal-se-realizara-hoy-foro-por-el-desarrollo-regional\/embed\/#?secret=HRDZVXX7Vl#?secret=5X9LNxgqBG\" width=\"600\" height=\"588\" frameborder=\"0\" marginwidth=\"0\" marginheight=\"0\" scrolling=\"no\" sandbox=\"allow-scripts\" data-secret=\"5X9LNxgqBG\" data-mce-fragment=\"1\"><\/iframe><\/p>\n<p><iframe loading=\"lazy\" class=\"wp-embedded-content\" title=\"\u00abGeopark inaugura la oficina \u2018Cu\u00e9ntame\u2019 en Tauramena donde se promover\u00e1 el di\u00e1logo con sus comunidades vecinas\u00bb \u2014 \u25b7 Noticias de Casanare : Martha Cifuentes | Casanare\" src=\"https:\/\/marthacifuentes.com\/portada\/2023\/09\/22\/geopark-inaugura-la-oficina-cuentame-en-tauramena-donde-se-promovera-el-dialogo-con-sus-comunidades-vecinas\/embed\/#?secret=DwAoalT9GE#?secret=bjwgkAfdyj\" width=\"600\" height=\"628\" frameborder=\"0\" marginwidth=\"0\" marginheight=\"0\" scrolling=\"no\" sandbox=\"allow-scripts\" data-secret=\"bjwgkAfdyj\" data-mce-fragment=\"1\"><\/iframe><\/p>\n<p><iframe loading=\"lazy\" class=\"wp-embedded-content\" title=\"\u00abEn debate, candidatos a Alcald\u00eda de Yopal se muestran los dientes pero coquetean para aliarse contra Marco Tulio\u00bb \u2014 \u25b7 Noticias de Casanare : Martha Cifuentes | Casanare\" src=\"https:\/\/marthacifuentes.com\/portada\/2023\/09\/22\/en-debate-candidatos-a-alcaldia-de-yopal-se-muestran-los-dientes-pero-coquetean-para-aliarse-contra-marco-tulio\/embed\/#?secret=MzGlhLu2cQ#?secret=OHxQ9B9QLx\" width=\"600\" height=\"649\" frameborder=\"0\" marginwidth=\"0\" marginheight=\"0\" scrolling=\"no\" sandbox=\"allow-scripts\" data-secret=\"OHxQ9B9QLx\" data-mce-fragment=\"1\"><\/iframe><\/p>\n<div class=\"post-bottom-meta post-bottom-tags post-tags-modern\">\n<p><iframe loading=\"lazy\" class=\"wp-embedded-content\" title=\"\u00abMarisela Duarte: Por primera vez una mujer es la m\u00e1s opcionada para ser Gobernadora de Casanare\u00bb \u2014 \u25b7 Noticias de Casanare : Martha Cifuentes | Casanare\" src=\"https:\/\/marthacifuentes.com\/portada\/2023\/09\/02\/marisela-duarte-por-primera-vez-una-mujer-es-la-mas-opcionada-para-ser-gobernadora-de-casanare\/embed\/#?secret=r4pvnX6Aop#?secret=K8Q8kueX4F\" width=\"600\" height=\"621\" frameborder=\"0\" marginwidth=\"0\" marginheight=\"0\" scrolling=\"no\" sandbox=\"allow-scripts\" data-secret=\"K8Q8kueX4F\" data-mce-fragment=\"1\"><\/iframe><\/p>\n<p><iframe loading=\"lazy\" class=\"wp-embedded-content\" title=\"\u00abEcopetrol abri\u00f3 convocatoria de pr\u00e1cticas para 336 estudiantes con miras al primer semestre del 2024.\u00bb \u2014 \u25b7 Noticias de Casanare : Martha Cifuentes | Casanare\" src=\"https:\/\/marthacifuentes.com\/portada\/2023\/08\/31\/ecopetrol-abrio-convocatoria-de-practicas-para-336-estudiantes-con-miras-al-primer-semestre-del-2024\/embed\/#?secret=KpjNd51yfc#?secret=Hioa6tBwWc\" width=\"600\" height=\"621\" frameborder=\"0\" marginwidth=\"0\" marginheight=\"0\" scrolling=\"no\" sandbox=\"allow-scripts\" data-secret=\"Hioa6tBwWc\" data-mce-fragment=\"1\"><\/iframe><\/p>\n<p><iframe loading=\"lazy\" class=\"wp-embedded-content\" title=\"\u00abCostos del transporte de carga terrestre en Casanare ser\u00e1n presentados hoy por la Universidad del Rosario en Yopal\u00bb \u2014 \u25b7 Noticias de Casanare : Martha Cifuentes | Casanare\" src=\"https:\/\/marthacifuentes.com\/portada\/2023\/08\/30\/costos-del-transporte-de-carga-terrestre-en-casanare-seran-presentados-hoy-por-la-universidad-del-rosario-en-yopal\/embed\/#?secret=ye5pS3TBJn#?secret=urbsn22AG6\" width=\"600\" height=\"649\" frameborder=\"0\" marginwidth=\"0\" marginheight=\"0\" scrolling=\"no\" sandbox=\"allow-scripts\" data-secret=\"urbsn22AG6\" data-mce-fragment=\"1\"><\/iframe><\/p>\n<p><iframe loading=\"lazy\" class=\"wp-embedded-content\" title=\"\u00abAlcald\u00eda de Yopal condenada a pagar 516 millones por quema de motos en parqueadero de Yopal. Afectados tienen 20 d\u00edas para reclamar.\u00a0\u00bb \u2014 \u25b7 Noticias de Casanare : Martha Cifuentes | Casanare\" src=\"https:\/\/marthacifuentes.com\/portada\/2023\/08\/29\/alcaldia-de-yopal-condenada-a-pagar-516-millones-por-quema-de-motos-en-parqueadero-de-yopal-afectados-tienen-20-dias-para-reclamar\/embed\/#?secret=0im46G7XBN#?secret=PJtF4GCt6N\" width=\"600\" height=\"628\" frameborder=\"0\" marginwidth=\"0\" marginheight=\"0\" scrolling=\"no\" sandbox=\"allow-scripts\" data-secret=\"PJtF4GCt6N\" data-mce-fragment=\"1\"><\/iframe><\/p>\n<p><iframe loading=\"lazy\" class=\"wp-embedded-content\" title=\"\u00abAntigua v\u00eda del Cusiana en el sector Los Grillos ser\u00e1 habilitada para tr\u00e1nsito vehicular entre Boyac\u00e1 y Casanare\u00a0\u00bb \u2014 \u25b7 Noticias de Casanare : Martha Cifuentes | Casanare\" src=\"https:\/\/marthacifuentes.com\/portada\/2023\/08\/29\/antigua-via-del-cusiana-en-el-sector-los-grillos-sera-habilitada-para-transito-vehicular-entre-boyaca-y-casanare\/embed\/#?secret=Kt9Fd6JyfF#?secret=ONJdPkcsIH\" width=\"600\" height=\"626\" frameborder=\"0\" marginwidth=\"0\" marginheight=\"0\" scrolling=\"no\" sandbox=\"allow-scripts\" data-secret=\"ONJdPkcsIH\" data-mce-fragment=\"1\"><\/iframe><\/p>\n<\/div>\n<p>&nbsp;<\/p>\n","protected":false},"excerpt":{"rendered":"<p>Yopal es la s\u00e9ptima ciudad con menor desempleo en el pa\u00eds con el 9.8%, seg\u00fan la tasa de desocupaci\u00f3n de la Gran Encuesta Integrada de Hogares realizada por el DANE, entre agosto y octubre de 2023. El dinamismo de los sectores econ\u00f3micos incide en el resultado, seg\u00fan la C\u00e1mara de Comercio de Casanare. Solo est\u00e1n &hellip;<\/p>\n","protected":false},"author":2,"featured_media":32277,"comment_status":"open","ping_status":"open","sticky":false,"template":"","format":"standard","meta":{"om_disable_all_campaigns":false,"_exactmetrics_skip_tracking":false,"_exactmetrics_sitenote_active":false,"_exactmetrics_sitenote_note":"","_exactmetrics_sitenote_category":0,"_monsterinsights_skip_tracking":false,"_monsterinsights_sitenote_active":false,"_monsterinsights_sitenote_note":"","_monsterinsights_sitenote_category":0,"_uf_show_specific_survey":0,"_uf_disable_surveys":false,"_joinchat":[],"footnotes":""},"categories":[147,146,145],"tags":[1373,9406,9407,1400,1421,1376],"class_list":["post-32275","post","type-post","status-publish","format-standard","has-post-thumbnail","hentry","category-actualidad","category-noticias","category-reportajes","tag-casanare-noticias","tag-desempleo-de-yopal-en-noviembre-2023","tag-empleo-yopal","tag-noticias-casanare","tag-noticias-yopal","tag-yopal-noticias"],"yoast_head":"<!-- This site is optimized with the Yoast SEO plugin v26.1 - https:\/\/yoast.com\/wordpress\/plugins\/seo\/ -->\n<title>Yopal con 9.8% es la s\u00e9ptima capital del pa\u00eds con menos desempleo, seg\u00fan Dane - \u25b7 Noticias de Casanare : Martha Cifuentes | Casanare<\/title>\n<meta name=\"robots\" content=\"index, follow, max-snippet:-1, max-image-preview:large, max-video-preview:-1\" \/>\n<link rel=\"canonical\" href=\"https:\/\/marthacifuentes.com\/portada\/yopal-con-9-8-es-la-septima-capital-del-pais-con-menos-desempleo-segun-dane\/\" \/>\n<meta property=\"og:locale\" content=\"es_ES\" \/>\n<meta property=\"og:type\" content=\"article\" \/>\n<meta property=\"og:title\" content=\"Yopal con 9.8% es la s\u00e9ptima capital del pa\u00eds con menos desempleo, seg\u00fan Dane - \u25b7 Noticias de Casanare : Martha Cifuentes | Casanare\" \/>\n<meta property=\"og:description\" content=\"Yopal es la s\u00e9ptima ciudad con menor desempleo en el pa\u00eds con el 9.8%, seg\u00fan la tasa de desocupaci\u00f3n de la Gran Encuesta Integrada de Hogares realizada por el DANE, entre agosto y octubre de 2023. El dinamismo de los sectores econ\u00f3micos incide en el resultado, seg\u00fan la C\u00e1mara de Comercio de Casanare. Solo est\u00e1n &hellip;\" \/>\n<meta property=\"og:url\" content=\"https:\/\/marthacifuentes.com\/portada\/yopal-con-9-8-es-la-septima-capital-del-pais-con-menos-desempleo-segun-dane\/\" \/>\n<meta property=\"og:site_name\" content=\"\u25b7 Noticias de Casanare : Martha Cifuentes | Casanare\" \/>\n<meta property=\"article:published_time\" content=\"2023-11-30T20:14:15+00:00\" \/>\n<meta property=\"og:image\" content=\"https:\/\/marthacifuentes.com\/portada\/wp-content\/uploads\/2023\/11\/Yopal_Casanare_-_panoramio-1-scaled.jpg\" \/>\n\t<meta property=\"og:image:width\" content=\"2560\" \/>\n\t<meta property=\"og:image:height\" content=\"1440\" \/>\n\t<meta property=\"og:image:type\" content=\"image\/jpeg\" \/>\n<meta name=\"author\" content=\"Martha Cifuentes\" \/>\n<meta name=\"twitter:card\" content=\"summary_large_image\" \/>\n<meta name=\"twitter:label1\" content=\"Escrito por\" \/>\n\t<meta name=\"twitter:data1\" content=\"Martha Cifuentes\" \/>\n\t<meta name=\"twitter:label2\" content=\"Tiempo de lectura\" \/>\n\t<meta name=\"twitter:data2\" content=\"1 minuto\" \/>\n<script type=\"application\/ld+json\" class=\"yoast-schema-graph\">{\"@context\":\"https:\/\/schema.org\",\"@graph\":[{\"@type\":\"WebPage\",\"@id\":\"https:\/\/marthacifuentes.com\/portada\/yopal-con-9-8-es-la-septima-capital-del-pais-con-menos-desempleo-segun-dane\/\",\"url\":\"https:\/\/marthacifuentes.com\/portada\/yopal-con-9-8-es-la-septima-capital-del-pais-con-menos-desempleo-segun-dane\/\",\"name\":\"Yopal con 9.8% es la s\u00e9ptima capital del pa\u00eds con menos desempleo, seg\u00fan Dane - \u25b7 Noticias de Casanare : Martha Cifuentes | Casanare\",\"isPartOf\":{\"@id\":\"https:\/\/marthacifuentes.com\/portada\/#website\"},\"primaryImageOfPage\":{\"@id\":\"https:\/\/marthacifuentes.com\/portada\/yopal-con-9-8-es-la-septima-capital-del-pais-con-menos-desempleo-segun-dane\/#primaryimage\"},\"image\":{\"@id\":\"https:\/\/marthacifuentes.com\/portada\/yopal-con-9-8-es-la-septima-capital-del-pais-con-menos-desempleo-segun-dane\/#primaryimage\"},\"thumbnailUrl\":\"https:\/\/marthacifuentes.com\/portada\/wp-content\/uploads\/2023\/11\/Yopal_Casanare_-_panoramio-1-scaled.jpg\",\"datePublished\":\"2023-11-30T20:14:15+00:00\",\"author\":{\"@id\":\"https:\/\/marthacifuentes.com\/portada\/#\/schema\/person\/57f53174b991db5f90ff78d58502b714\"},\"breadcrumb\":{\"@id\":\"https:\/\/marthacifuentes.com\/portada\/yopal-con-9-8-es-la-septima-capital-del-pais-con-menos-desempleo-segun-dane\/#breadcrumb\"},\"inLanguage\":\"es\",\"potentialAction\":[{\"@type\":\"ReadAction\",\"target\":[\"https:\/\/marthacifuentes.com\/portada\/yopal-con-9-8-es-la-septima-capital-del-pais-con-menos-desempleo-segun-dane\/\"]}]},{\"@type\":\"ImageObject\",\"inLanguage\":\"es\",\"@id\":\"https:\/\/marthacifuentes.com\/portada\/yopal-con-9-8-es-la-septima-capital-del-pais-con-menos-desempleo-segun-dane\/#primaryimage\",\"url\":\"https:\/\/marthacifuentes.com\/portada\/wp-content\/uploads\/2023\/11\/Yopal_Casanare_-_panoramio-1-scaled.jpg\",\"contentUrl\":\"https:\/\/marthacifuentes.com\/portada\/wp-content\/uploads\/2023\/11\/Yopal_Casanare_-_panoramio-1-scaled.jpg\",\"width\":2560,\"height\":1440,\"caption\":\"Imagen de referencia\"},{\"@type\":\"BreadcrumbList\",\"@id\":\"https:\/\/marthacifuentes.com\/portada\/yopal-con-9-8-es-la-septima-capital-del-pais-con-menos-desempleo-segun-dane\/#breadcrumb\",\"itemListElement\":[{\"@type\":\"ListItem\",\"position\":1,\"name\":\"Portada\",\"item\":\"https:\/\/marthacifuentes.com\/portada\/\"},{\"@type\":\"ListItem\",\"position\":2,\"name\":\"Yopal con 9.8% es la s\u00e9ptima capital del pa\u00eds con menos desempleo, seg\u00fan Dane\"}]},{\"@type\":\"WebSite\",\"@id\":\"https:\/\/marthacifuentes.com\/portada\/#website\",\"url\":\"https:\/\/marthacifuentes.com\/portada\/\",\"name\":\"\u25b7 Noticias de Casanare : Martha Cifuentes | Casanare\",\"description\":\"Noticias &amp; Contenidos\",\"potentialAction\":[{\"@type\":\"SearchAction\",\"target\":{\"@type\":\"EntryPoint\",\"urlTemplate\":\"https:\/\/marthacifuentes.com\/portada\/?s={search_term_string}\"},\"query-input\":{\"@type\":\"PropertyValueSpecification\",\"valueRequired\":true,\"valueName\":\"search_term_string\"}}],\"inLanguage\":\"es\"},{\"@type\":\"Person\",\"@id\":\"https:\/\/marthacifuentes.com\/portada\/#\/schema\/person\/57f53174b991db5f90ff78d58502b714\",\"name\":\"Martha Cifuentes\",\"image\":{\"@type\":\"ImageObject\",\"inLanguage\":\"es\",\"@id\":\"https:\/\/marthacifuentes.com\/portada\/#\/schema\/person\/image\/\",\"url\":\"http:\/\/marthacifuentes.com\/portada\/wp-content\/uploads\/2018\/06\/avatar_user_2_1528838701-96x96.jpg\",\"contentUrl\":\"http:\/\/marthacifuentes.com\/portada\/wp-content\/uploads\/2018\/06\/avatar_user_2_1528838701-96x96.jpg\",\"caption\":\"Martha Cifuentes\"},\"sameAs\":[\"http:\/\/www.marthacifuentes.com\"],\"url\":\"https:\/\/marthacifuentes.com\/portada\/author\/martha\/\"}]}<\/script>\n<!-- \/ Yoast SEO plugin. -->","yoast_head_json":{"title":"Yopal con 9.8% es la s\u00e9ptima capital del pa\u00eds con menos desempleo, seg\u00fan Dane - \u25b7 Noticias de Casanare : Martha Cifuentes | Casanare","robots":{"index":"index","follow":"follow","max-snippet":"max-snippet:-1","max-image-preview":"max-image-preview:large","max-video-preview":"max-video-preview:-1"},"canonical":"https:\/\/marthacifuentes.com\/portada\/yopal-con-9-8-es-la-septima-capital-del-pais-con-menos-desempleo-segun-dane\/","og_locale":"es_ES","og_type":"article","og_title":"Yopal con 9.8% es la s\u00e9ptima capital del pa\u00eds con menos desempleo, seg\u00fan Dane - \u25b7 Noticias de Casanare : Martha Cifuentes | Casanare","og_description":"Yopal es la s\u00e9ptima ciudad con menor desempleo en el pa\u00eds con el 9.8%, seg\u00fan la tasa de desocupaci\u00f3n de la Gran Encuesta Integrada de Hogares realizada por el DANE, entre agosto y octubre de 2023. El dinamismo de los sectores econ\u00f3micos incide en el resultado, seg\u00fan la C\u00e1mara de Comercio de Casanare. Solo est\u00e1n &hellip;","og_url":"https:\/\/marthacifuentes.com\/portada\/yopal-con-9-8-es-la-septima-capital-del-pais-con-menos-desempleo-segun-dane\/","og_site_name":"\u25b7 Noticias de Casanare : Martha Cifuentes | Casanare","article_published_time":"2023-11-30T20:14:15+00:00","og_image":[{"width":2560,"height":1440,"url":"https:\/\/marthacifuentes.com\/portada\/wp-content\/uploads\/2023\/11\/Yopal_Casanare_-_panoramio-1-scaled.jpg","type":"image\/jpeg"}],"author":"Martha Cifuentes","twitter_card":"summary_large_image","twitter_misc":{"Escrito por":"Martha Cifuentes","Tiempo de lectura":"1 minuto"},"schema":{"@context":"https:\/\/schema.org","@graph":[{"@type":"WebPage","@id":"https:\/\/marthacifuentes.com\/portada\/yopal-con-9-8-es-la-septima-capital-del-pais-con-menos-desempleo-segun-dane\/","url":"https:\/\/marthacifuentes.com\/portada\/yopal-con-9-8-es-la-septima-capital-del-pais-con-menos-desempleo-segun-dane\/","name":"Yopal con 9.8% es la s\u00e9ptima capital del pa\u00eds con menos desempleo, seg\u00fan Dane - \u25b7 Noticias de Casanare : Martha Cifuentes | Casanare","isPartOf":{"@id":"https:\/\/marthacifuentes.com\/portada\/#website"},"primaryImageOfPage":{"@id":"https:\/\/marthacifuentes.com\/portada\/yopal-con-9-8-es-la-septima-capital-del-pais-con-menos-desempleo-segun-dane\/#primaryimage"},"image":{"@id":"https:\/\/marthacifuentes.com\/portada\/yopal-con-9-8-es-la-septima-capital-del-pais-con-menos-desempleo-segun-dane\/#primaryimage"},"thumbnailUrl":"https:\/\/marthacifuentes.com\/portada\/wp-content\/uploads\/2023\/11\/Yopal_Casanare_-_panoramio-1-scaled.jpg","datePublished":"2023-11-30T20:14:15+00:00","author":{"@id":"https:\/\/marthacifuentes.com\/portada\/#\/schema\/person\/57f53174b991db5f90ff78d58502b714"},"breadcrumb":{"@id":"https:\/\/marthacifuentes.com\/portada\/yopal-con-9-8-es-la-septima-capital-del-pais-con-menos-desempleo-segun-dane\/#breadcrumb"},"inLanguage":"es","potentialAction":[{"@type":"ReadAction","target":["https:\/\/marthacifuentes.com\/portada\/yopal-con-9-8-es-la-septima-capital-del-pais-con-menos-desempleo-segun-dane\/"]}]},{"@type":"ImageObject","inLanguage":"es","@id":"https:\/\/marthacifuentes.com\/portada\/yopal-con-9-8-es-la-septima-capital-del-pais-con-menos-desempleo-segun-dane\/#primaryimage","url":"https:\/\/marthacifuentes.com\/portada\/wp-content\/uploads\/2023\/11\/Yopal_Casanare_-_panoramio-1-scaled.jpg","contentUrl":"https:\/\/marthacifuentes.com\/portada\/wp-content\/uploads\/2023\/11\/Yopal_Casanare_-_panoramio-1-scaled.jpg","width":2560,"height":1440,"caption":"Imagen de referencia"},{"@type":"BreadcrumbList","@id":"https:\/\/marthacifuentes.com\/portada\/yopal-con-9-8-es-la-septima-capital-del-pais-con-menos-desempleo-segun-dane\/#breadcrumb","itemListElement":[{"@type":"ListItem","position":1,"name":"Portada","item":"https:\/\/marthacifuentes.com\/portada\/"},{"@type":"ListItem","position":2,"name":"Yopal con 9.8% es la s\u00e9ptima capital del pa\u00eds con menos desempleo, seg\u00fan Dane"}]},{"@type":"WebSite","@id":"https:\/\/marthacifuentes.com\/portada\/#website","url":"https:\/\/marthacifuentes.com\/portada\/","name":"\u25b7 Noticias de Casanare : Martha Cifuentes | Casanare","description":"Noticias &amp; Contenidos","potentialAction":[{"@type":"SearchAction","target":{"@type":"EntryPoint","urlTemplate":"https:\/\/marthacifuentes.com\/portada\/?s={search_term_string}"},"query-input":{"@type":"PropertyValueSpecification","valueRequired":true,"valueName":"search_term_string"}}],"inLanguage":"es"},{"@type":"Person","@id":"https:\/\/marthacifuentes.com\/portada\/#\/schema\/person\/57f53174b991db5f90ff78d58502b714","name":"Martha Cifuentes","image":{"@type":"ImageObject","inLanguage":"es","@id":"https:\/\/marthacifuentes.com\/portada\/#\/schema\/person\/image\/","url":"http:\/\/marthacifuentes.com\/portada\/wp-content\/uploads\/2018\/06\/avatar_user_2_1528838701-96x96.jpg","contentUrl":"http:\/\/marthacifuentes.com\/portada\/wp-content\/uploads\/2018\/06\/avatar_user_2_1528838701-96x96.jpg","caption":"Martha Cifuentes"},"sameAs":["http:\/\/www.marthacifuentes.com"],"url":"https:\/\/marthacifuentes.com\/portada\/author\/martha\/"}]}},"_links":{"self":[{"href":"https:\/\/marthacifuentes.com\/portada\/wp-json\/wp\/v2\/posts\/32275","targetHints":{"allow":["GET"]}}],"collection":[{"href":"https:\/\/marthacifuentes.com\/portada\/wp-json\/wp\/v2\/posts"}],"about":[{"href":"https:\/\/marthacifuentes.com\/portada\/wp-json\/wp\/v2\/types\/post"}],"author":[{"embeddable":true,"href":"https:\/\/marthacifuentes.com\/portada\/wp-json\/wp\/v2\/users\/2"}],"replies":[{"embeddable":true,"href":"https:\/\/marthacifuentes.com\/portada\/wp-json\/wp\/v2\/comments?post=32275"}],"version-history":[{"count":1,"href":"https:\/\/marthacifuentes.com\/portada\/wp-json\/wp\/v2\/posts\/32275\/revisions"}],"predecessor-version":[{"id":32280,"href":"https:\/\/marthacifuentes.com\/portada\/wp-json\/wp\/v2\/posts\/32275\/revisions\/32280"}],"wp:featuredmedia":[{"embeddable":true,"href":"https:\/\/marthacifuentes.com\/portada\/wp-json\/wp\/v2\/media\/32277"}],"wp:attachment":[{"href":"https:\/\/marthacifuentes.com\/portada\/wp-json\/wp\/v2\/media?parent=32275"}],"wp:term":[{"taxonomy":"category","embeddable":true,"href":"https:\/\/marthacifuentes.com\/portada\/wp-json\/wp\/v2\/categories?post=32275"},{"taxonomy":"post_tag","embeddable":true,"href":"https:\/\/marthacifuentes.com\/portada\/wp-json\/wp\/v2\/tags?post=32275"}],"curies":[{"name":"wp","href":"https:\/\/api.w.org\/{rel}","templated":true}]}}