{"id":32577,"date":"2024-03-04T10:44:34","date_gmt":"2024-03-04T15:44:34","guid":{"rendered":"https:\/\/marthacifuentes.com\/portada\/?p=32577"},"modified":"2024-03-04T10:44:34","modified_gmt":"2024-03-04T15:44:34","slug":"ifc-en-casanare-estrena-nuevo-gerente-ingeniero-oscar-javier-araque-garzon","status":"publish","type":"post","link":"https:\/\/marthacifuentes.com\/portada\/ifc-en-casanare-estrena-nuevo-gerente-ingeniero-oscar-javier-araque-garzon\/","title":{"rendered":"IFC en Casanare estrena nuevo gerente: ingeniero \u00d3scar Javier Araque Garz\u00f3n"},"content":{"rendered":"<p>El Instituto Financiero de Casanare tiene nuevo gerente desde el pasado 1 de marzo. Se trata del ingeniero civil \u00d3scar Javier Araque Garz\u00f3n, quien fue nombrado mediante decreto de la Gobernaci\u00f3n de Casanare.<\/p>\n<p>El nuevo gerente del IFC asumi\u00f3 funciones en la ma\u00f1ana de hoy, con una presentaci\u00f3n ante los funcionarios de la entidad cumplida en el auditorio de la entidad. Se inform\u00f3 que cuenta con 45 a\u00f1os de edad, es egresado de la universidad Santo Tom\u00e1s con especializaci\u00f3n en Gerencia de Obras de la universidad Cat\u00f3lica de Colombia, y cuenta con m\u00e1s de 15 a\u00f1os de experiencia en el sector p\u00fablico y privado.<\/p>\n<p>En los \u00faltimos a\u00f1os labor\u00f3 como profesional de apoyo de la Secretar\u00eda de Infraestructura y en la Gobernaci\u00f3n de Casanare. Tambi\u00e9n estuvo a cargo de la direcci\u00f3n de varias empresas privadas.<\/p>\n<p>\u201cDoy gracias Dios y al gobernador C\u00e9sar Ortiz Zorro, por la confianza depositada al darme la oportunidad de manejar esta importante entidad, en donde las expectativas son grandes, ya que vamos a llegar con cr\u00e9ditos a m\u00e1s sectores de la poblaci\u00f3n, con el fin de dinamizar la econom\u00eda del departamento\u201d, dijo el nuevo gerente del IFC.<\/p>\n<p>\u00d3scar Araque reemplaza a Mirama L\u00f3pez Zamudio, quien se desempe\u00f1\u00f3 como gerente de la entidad desde el 1 de\u00a0agosto\u00a0de\u00a02023.<\/p>\n<h2><span style=\"color: #ff6600;\">Otras noticias&#8230;<\/span><\/h2>\n<blockquote class=\"wp-embedded-content\" data-secret=\"aeIXtzOFdW\"><p><a href=\"https:\/\/marthacifuentes.com\/portada\/2024\/03\/01\/yesid-camacho-florez-el-abogado-y-docente-que-asume-la-personeria-de-yopal\/\">Yesid Camacho Fl\u00f3rez, el abogado y docente que asume la Personer\u00eda de Yopal<\/a><\/p><\/blockquote>\n<p><iframe loading=\"lazy\" class=\"wp-embedded-content\" sandbox=\"allow-scripts\" security=\"restricted\" style=\"position: absolute; clip: rect(1px, 1px, 1px, 1px);\" title=\"\u00abYesid Camacho Fl\u00f3rez, el abogado y docente que asume la Personer\u00eda de Yopal\u00bb \u2014 \u25b7 Noticias de Casanare : Martha Cifuentes | Casanare\" src=\"https:\/\/marthacifuentes.com\/portada\/2024\/03\/01\/yesid-camacho-florez-el-abogado-y-docente-que-asume-la-personeria-de-yopal\/embed\/#?secret=2KTxrKfbLr#?secret=aeIXtzOFdW\" data-secret=\"aeIXtzOFdW\" width=\"500\" height=\"282\" frameborder=\"0\" marginwidth=\"0\" marginheight=\"0\" scrolling=\"no\"><\/iframe><\/p>\n<p><iframe loading=\"lazy\" class=\"wp-embedded-content\" title=\"\u00abPor ignorar la ley concejal de Yopal Michael Castro pierde su investidura.\u00bb \u2014 \u25b7 Noticias de Casanare : Martha Cifuentes | Casanare\" src=\"https:\/\/marthacifuentes.com\/portada\/2024\/03\/01\/por-ignorar-la-ley-concejal-de-yopal-michael-castro-pierde-su-investidura\/embed\/#?secret=HgKIlQLScI#?secret=qFdOkkFgic\" width=\"600\" height=\"620\" frameborder=\"0\" marginwidth=\"0\" marginheight=\"0\" scrolling=\"no\" sandbox=\"allow-scripts\" data-secret=\"qFdOkkFgic\" data-mce-fragment=\"1\"><\/iframe><\/p>\n<p><iframe loading=\"lazy\" class=\"wp-embedded-content\" title=\"\u00abPlanta de Tratamiento de Agua de Yopal, un barril sin fondo. Declarada calamidad p\u00fablica para seguir invirtiendo en ella.\u00bb \u2014 \u25b7 Noticias de Casanare : Martha Cifuentes | Casanare\" src=\"https:\/\/marthacifuentes.com\/portada\/2024\/03\/01\/planta-de-tratamiento-de-agua-de-yopal-un-barril-sin-fondo-declarada-calamidad-publica-para-seguir-invirtiendo-en-ella\/embed\/#?secret=Kb3fVT3Wpk#?secret=IOz8qYv8Q1\" width=\"600\" height=\"628\" frameborder=\"0\" marginwidth=\"0\" marginheight=\"0\" scrolling=\"no\" sandbox=\"allow-scripts\" data-secret=\"IOz8qYv8Q1\" data-mce-fragment=\"1\"><\/iframe><\/p>\n<p><iframe loading=\"lazy\" class=\"wp-embedded-content\" title=\"\u00ab\u00bfTienes una empresa de servicios sofisticados? Esta convocatoria es para ti.\u00bb \u2014 \u25b7 Noticias de Casanare : Martha Cifuentes | Casanare\" src=\"https:\/\/marthacifuentes.com\/portada\/2024\/02\/29\/tienes-una-empresa-de-servicios-sofisticados-esta-convocatoria-es-para-ti\/embed\/#?secret=Xu8zdWVeCw#?secret=roaJKOVqKI\" width=\"600\" height=\"621\" frameborder=\"0\" marginwidth=\"0\" marginheight=\"0\" scrolling=\"no\" sandbox=\"allow-scripts\" data-secret=\"roaJKOVqKI\" data-mce-fragment=\"1\"><\/iframe><\/p>\n<p><iframe loading=\"lazy\" class=\"wp-embedded-content\" title=\"\u00abAlcald\u00edas de Casanare en la mira de la Contralor\u00eda por contratar con fondos mixtos. Se investiga posible elusi\u00f3n de impuestos pro adulto mayor y cultura.\u00bb \u2014 \u25b7 Noticias de Casanare : Martha Cifuentes | Casanare\" src=\"https:\/\/marthacifuentes.com\/portada\/2024\/02\/28\/alcaldias-de-casanare-en-la-mira-de-la-contraloria-por-contratar-con-fondos-mixtos-se-investiga-posible-elusion-de-impuestos-pro-adulto-mayor-y-cultura\/embed\/#?secret=7NWKyFEItl#?secret=WXLvhfBkI5\" width=\"600\" height=\"649\" frameborder=\"0\" marginwidth=\"0\" marginheight=\"0\" scrolling=\"no\" sandbox=\"allow-scripts\" data-secret=\"WXLvhfBkI5\" data-mce-fragment=\"1\"><\/iframe><\/p>\n<p><iframe loading=\"lazy\" class=\"wp-embedded-content\" title=\"\u00abCapresoca EPS obtiene pr\u00f3rroga de la Supersalud para seguir operando\u00bb \u2014 \u25b7 Noticias de Casanare : Martha Cifuentes | Casanare\" src=\"https:\/\/marthacifuentes.com\/portada\/2024\/02\/27\/capresoca-eps-obtiene-prorroga-de-la-supersalud-para-seguir-operando\/embed\/#?secret=apoOgwIWA7#?secret=XIx6OqENmV\" width=\"600\" height=\"598\" frameborder=\"0\" marginwidth=\"0\" marginheight=\"0\" scrolling=\"no\" sandbox=\"allow-scripts\" data-secret=\"XIx6OqENmV\" data-mce-fragment=\"1\"><\/iframe><\/p>\n<p><iframe loading=\"lazy\" class=\"wp-embedded-content\" title=\"\u00abOtra vez bandidos en dos motos atracaron a otro joven en Yopal. Le robaron su bicicleta.\u00bb \u2014 \u25b7 Noticias de Casanare : Martha Cifuentes | Casanare\" src=\"https:\/\/marthacifuentes.com\/portada\/2024\/02\/26\/otra-vez-bandidos-en-dos-motos-atracaron-a-otro-joven-en-yopal-le-robaron-su-bicicleta\/embed\/#?secret=uIZ9hBi9Go#?secret=OpYuccjHGo\" width=\"600\" height=\"599\" frameborder=\"0\" marginwidth=\"0\" marginheight=\"0\" scrolling=\"no\" sandbox=\"allow-scripts\" data-secret=\"OpYuccjHGo\" data-mce-fragment=\"1\"><\/iframe><\/p>\n<p><iframe loading=\"lazy\" class=\"wp-embedded-content\" title=\"\u00abDetr\u00e1s del atraco al joven de la bicicleta en Yopal, una historia de vida\u00bb \u2014 \u25b7 Noticias de Casanare : Martha Cifuentes | Casanare\" src=\"https:\/\/marthacifuentes.com\/portada\/2024\/02\/26\/detras-del-atraco-al-joven-de-la-bicicleta-en-yopal-una-historia-de-vida\/embed\/#?secret=TDGlRb9EG3#?secret=Rrey6VYSht\" width=\"600\" height=\"621\" frameborder=\"0\" marginwidth=\"0\" marginheight=\"0\" scrolling=\"no\" sandbox=\"allow-scripts\" data-secret=\"Rrey6VYSht\" data-mce-fragment=\"1\"><\/iframe><\/p>\n<p><iframe loading=\"lazy\" class=\"wp-embedded-content\" title=\"\u00abMariela Avenda\u00f1o Aljure muri\u00f3 sin encontrar a su esposo desaparecido hace 22 a\u00f1os en Aguazul, Casanare\u00a0\u00bb \u2014 \u25b7 Noticias de Casanare : Martha Cifuentes | Casanare\" src=\"https:\/\/marthacifuentes.com\/portada\/2024\/02\/23\/mariela-avendano-aljure-murio-sin-encontrar-a-su-esposo-desaparecido-hace-22-anos-en-aguazul-casanare\/embed\/#?secret=EgojSyFhAQ#?secret=kQYQLfcGQw\" width=\"600\" height=\"649\" frameborder=\"0\" marginwidth=\"0\" marginheight=\"0\" scrolling=\"no\" sandbox=\"allow-scripts\" data-secret=\"kQYQLfcGQw\" data-mce-fragment=\"1\"><\/iframe><\/p>\n<p><iframe loading=\"lazy\" class=\"wp-embedded-content\" title=\"\u00abProyectos agroindustriales y de v\u00edas, en primer orden, en cumbre de gobernadores de la Orinoqu\u00eda a realizarse ma\u00f1ana 23 de febrero en Yopal.\u00bb \u2014 \u25b7 Noticias de Casanare : Martha Cifuentes | Casanare\" src=\"https:\/\/marthacifuentes.com\/portada\/2024\/02\/22\/proyectos-agroindustriales-y-de-vias-en-primer-orden-en-cumbre-de-gobernadores-de-la-orinoquia-a-realizarse-manana-23-de-febrero-en-yopal\/embed\/#?secret=xm8eb5rMDh#?secret=cW6OdG56Rh\" width=\"600\" height=\"649\" frameborder=\"0\" marginwidth=\"0\" marginheight=\"0\" scrolling=\"no\" sandbox=\"allow-scripts\" data-secret=\"cW6OdG56Rh\" data-mce-fragment=\"1\"><\/iframe><\/p>\n<p><iframe loading=\"lazy\" class=\"wp-embedded-content\" title=\"\u00abYopal al borde de nueva crisis de agua por erosi\u00f3n del r\u00edo Cravo Sur. Se declarar\u00e1 Calamidad P\u00fablica para atender el problema.\u00bb \u2014 \u25b7 Noticias de Casanare : Martha Cifuentes | Casanare\" src=\"https:\/\/marthacifuentes.com\/portada\/2024\/02\/20\/yopal-al-borde-de-nueva-crisis-de-agua-por-erosion-del-rio-cravo-sur-se-declarara-calamidad-publica-para-atender-el-problema\/embed\/#?secret=XSejOsc8QR#?secret=mzV4XSVAAx\" width=\"600\" height=\"617\" frameborder=\"0\" marginwidth=\"0\" marginheight=\"0\" scrolling=\"no\" sandbox=\"allow-scripts\" data-secret=\"mzV4XSVAAx\" data-mce-fragment=\"1\"><\/iframe><\/p>\n<p><iframe loading=\"lazy\" class=\"wp-embedded-content\" title=\"\u00abNinis en Casanare: Casi la mitad de los j\u00f3venes no estudia ni trabaja y las mujeres sufren m\u00e1s la exclusi\u00f3n.\u00bb \u2014 \u25b7 Noticias de Casanare : Martha Cifuentes | Casanare\" src=\"https:\/\/marthacifuentes.com\/portada\/2024\/02\/20\/ninis-en-casanare-casi-la-mitad-de-los-jovenes-no-estudia-ni-trabaja-y-las-mujeres-sufren-mas-la-exclusion\/embed\/#?secret=ghYVK2iwNo#?secret=NyjgH2FYFP\" width=\"600\" height=\"628\" frameborder=\"0\" marginwidth=\"0\" marginheight=\"0\" scrolling=\"no\" sandbox=\"allow-scripts\" data-secret=\"NyjgH2FYFP\" data-mce-fragment=\"1\"><\/iframe><\/p>\n<p><iframe loading=\"lazy\" class=\"wp-embedded-content\" title=\"\u00abCapresoca ni tan bien ni tan mal. Por ahora se destaca entre las que cumple con las reservas t\u00e9cnicas legales. Pero le falta.\u00bb \u2014 \u25b7 Noticias de Casanare : Martha Cifuentes | Casanare\" src=\"https:\/\/marthacifuentes.com\/portada\/2024\/02\/19\/capresoca-ni-tan-bien-ni-tan-mal-por-ahora-se-destaca-entre-las-que-cumple-con-las-reservas-tecnicas-legales-pero-le-falta\/embed\/#?secret=vPqvpttug2#?secret=KYtyd0gHg4\" width=\"600\" height=\"606\" frameborder=\"0\" marginwidth=\"0\" marginheight=\"0\" scrolling=\"no\" sandbox=\"allow-scripts\" data-secret=\"KYtyd0gHg4\" data-mce-fragment=\"1\"><\/iframe><\/p>\n<p><iframe loading=\"lazy\" class=\"wp-embedded-content\" title=\"\u00abEl gobernador Zorro deber\u00e1 hacer lo que el congresista Zorro exigi\u00f3: proteger a las comunidades del r\u00edo Ariporo\u00bb \u2014 \u25b7 Noticias de Casanare : Martha Cifuentes | Casanare\" src=\"https:\/\/marthacifuentes.com\/portada\/2024\/02\/16\/el-gobernador-zorro-debera-hacer-lo-que-el-congresista-zorro-exigio-proteger-a-las-comunidades-del-rio-ariporo\/embed\/#?secret=RPVr2R4YID#?secret=6xxiXUEo5v\" width=\"600\" height=\"649\" frameborder=\"0\" marginwidth=\"0\" marginheight=\"0\" scrolling=\"no\" sandbox=\"allow-scripts\" data-secret=\"6xxiXUEo5v\" data-mce-fragment=\"1\"><\/iframe><\/p>\n<p><iframe loading=\"lazy\" class=\"wp-embedded-content\" title=\"\u00abDe vender helados a vivir de la caridad: el drama de una pareja de ancianos de Yopal que sufren de Alzheimer y pobreza\u00bb \u2014 \u25b7 Noticias de Casanare : Martha Cifuentes | Casanare\" src=\"https:\/\/marthacifuentes.com\/portada\/2024\/02\/15\/de-vender-helados-a-vivir-de-la-caridad-el-drama-de-una-pareja-de-ancianos-de-yopal-que-sufren-de-alzheimer-y-pobreza\/embed\/#?secret=opxDGBherD#?secret=j1vmdBqokR\" width=\"600\" height=\"649\" frameborder=\"0\" marginwidth=\"0\" marginheight=\"0\" scrolling=\"no\" sandbox=\"allow-scripts\" data-secret=\"j1vmdBqokR\" data-mce-fragment=\"1\"><\/iframe><\/p>\n<p><iframe loading=\"lazy\" class=\"wp-embedded-content\" title=\"\u00abA dedo alcaldes de Casanare contrataron al menos $224 mil millones de regal\u00edas. Usaron la figura de fondos o asociaciones de municipios de la costa.\u00bb \u2014 \u25b7 Noticias de Casanare : Martha Cifuentes | Casanare\" src=\"https:\/\/marthacifuentes.com\/portada\/2024\/02\/14\/a-dedo-alcaldes-de-casanare-contrataron-al-menos-224-mil-millones-de-regalias-usaron-la-figura-de-fondos-o-asociaciones-de-municipios-de-la-costa\/embed\/#?secret=24HuONsxU0#?secret=luBVRnp3f1\" width=\"600\" height=\"628\" frameborder=\"0\" marginwidth=\"0\" marginheight=\"0\" scrolling=\"no\" sandbox=\"allow-scripts\" data-secret=\"luBVRnp3f1\" data-mce-fragment=\"1\"><\/iframe><\/p>\n<p><iframe loading=\"lazy\" class=\"wp-embedded-content\" title=\"\u00abApersonarse del fallido programa de Torres del Silencio en Yopal pidi\u00f3 la Contralor\u00eda General a la Unidad Nacional de Gesti\u00f3n del Riesgo de Desastres.\u00bb \u2014 \u25b7 Noticias de Casanare : Martha Cifuentes | Casanare\" src=\"https:\/\/marthacifuentes.com\/portada\/2024\/02\/07\/apersonarse-del-fallido-programa-de-torres-del-silencio-en-yopal-pidio-la-contraloria-general-a-la-unidad-nacional-de-gestion-del-riesgo-de-desastres\/embed\/#?secret=LGmldBL0Ox#?secret=1bfa1E1TGo\" width=\"600\" height=\"638\" frameborder=\"0\" marginwidth=\"0\" marginheight=\"0\" scrolling=\"no\" sandbox=\"allow-scripts\" data-secret=\"1bfa1E1TGo\" data-mce-fragment=\"1\"><\/iframe><\/p>\n<p><iframe loading=\"lazy\" class=\"wp-embedded-content\" title=\"\u00ab\u00bfBanderas blancas? Diputados de la Comisi\u00f3n de Equidad para la Mujer eligen a Marisela Duarte como presidente.\u00bb \u2014 \u25b7 Noticias de Casanare : Martha Cifuentes | Casanare\" src=\"https:\/\/marthacifuentes.com\/portada\/2024\/01\/13\/banderas-blancas-diputados-de-la-comision-de-equidad-para-la-mujer-eligen-a-marisela-duarte-como-presidente\/embed\/#?secret=4AAxX3RiR0#?secret=Zpt4IDPrOe\" width=\"600\" height=\"649\" frameborder=\"0\" marginwidth=\"0\" marginheight=\"0\" scrolling=\"no\" sandbox=\"allow-scripts\" data-secret=\"Zpt4IDPrOe\" data-mce-fragment=\"1\"><\/iframe><\/p>\n<p><iframe loading=\"lazy\" class=\"wp-embedded-content\" title=\"\u00abEn los sube y baja de la v\u00eda del Cusiana, hoy fue reabierta. Pajarito celebra.\u00bb \u2014 \u25b7 Noticias de Casanare : Martha Cifuentes | Casanare\" src=\"https:\/\/marthacifuentes.com\/portada\/2023\/12\/29\/en-los-sube-y-baja-de-la-via-del-cusiana-hoy-fue-reabierta-pajarito-celebra\/embed\/#?secret=wwtAeLG2eK#?secret=38glVwStiJ\" width=\"600\" height=\"621\" frameborder=\"0\" marginwidth=\"0\" marginheight=\"0\" scrolling=\"no\" sandbox=\"allow-scripts\" data-secret=\"38glVwStiJ\" data-mce-fragment=\"1\"><\/iframe><\/p>\n<p><iframe loading=\"lazy\" class=\"wp-embedded-content\" title=\"\u00abAlcalde de Orocu\u00e9 Monchy Yobany Moreno, se destaca por ocupar primer puesto en desempe\u00f1o fiscal en Casanare.\u00bb \u2014 \u25b7 Noticias de Casanare : Martha Cifuentes | Casanare\" src=\"https:\/\/marthacifuentes.com\/portada\/2023\/12\/29\/alcalde-de-orocue-monchy-yobany-moreno-se-destaca-por-ocupar-primer-puesto-en-desempeno-fiscal-en-casanare\/embed\/#?secret=YzArX8Qe52#?secret=RmHMrZffiG\" width=\"600\" height=\"649\" frameborder=\"0\" marginwidth=\"0\" marginheight=\"0\" scrolling=\"no\" sandbox=\"allow-scripts\" data-secret=\"RmHMrZffiG\" data-mce-fragment=\"1\"><\/iframe><\/p>\n<p>&nbsp;<\/p>\n<p><iframe loading=\"lazy\" class=\"wp-embedded-content\" title=\"\u00abImprudencia de transportador en puente instalado en Los Grillos, obliga CIERRE nuevamente en v\u00eda del Cusiana\u00bb \u2014 \u25b7 Noticias de Casanare : Martha Cifuentes | Casanare\" src=\"https:\/\/marthacifuentes.com\/portada\/2023\/12\/28\/imprudencia-de-transportador-en-puente-instalado-en-los-grillos-obliga-cierre-nuevamente-en-via-del-cusiana\/embed\/#?secret=XYjfzunafm#?secret=rV65vQMFVO\" width=\"600\" height=\"628\" frameborder=\"0\" marginwidth=\"0\" marginheight=\"0\" scrolling=\"no\" sandbox=\"allow-scripts\" data-secret=\"rV65vQMFVO\" data-mce-fragment=\"1\"><\/iframe><\/p>\n<p><iframe loading=\"lazy\" class=\"wp-embedded-content\" title=\"\u00abCovioriente contin\u00faa con censo vehicular en los peajes Tacuya y Yopal en Casanare.\u00bb \u2014 \u25b7 Noticias de Casanare : Martha Cifuentes | Casanare\" src=\"https:\/\/marthacifuentes.com\/portada\/2023\/12\/21\/covioriente-continua-con-censo-vehicular-en-los-peajes-tacuya-y-yopal-en-casanare\/embed\/#?secret=Dk5B5Ti4Xf#?secret=LR604qTdrU\" width=\"600\" height=\"621\" frameborder=\"0\" marginwidth=\"0\" marginheight=\"0\" scrolling=\"no\" sandbox=\"allow-scripts\" data-secret=\"LR604qTdrU\" data-mce-fragment=\"1\"><\/iframe><\/p>\n<p><iframe loading=\"lazy\" class=\"wp-embedded-content\" title=\"\u00abPetrolera Parex, Corporinoquia y Reserva Natural La Esperanza participaron en liberaci\u00f3n de 600 tortugas en Paz de Ariporo.\u00bb \u2014 \u25b7 Noticias de Casanare : Martha Cifuentes | Casanare\" src=\"https:\/\/marthacifuentes.com\/portada\/2023\/12\/21\/petrolera-parex-corporinoquia-y-reserva-natural-la-esperanza-participaron-en-liberacion-de-600-tortugas-en-paz-de-ariporo\/embed\/#?secret=Id9aAb9ha2#?secret=czDT8ydAOi\" width=\"600\" height=\"649\" frameborder=\"0\" marginwidth=\"0\" marginheight=\"0\" scrolling=\"no\" sandbox=\"allow-scripts\" data-secret=\"czDT8ydAOi\" data-mce-fragment=\"1\"><\/iframe><\/p>\n<p><iframe loading=\"lazy\" class=\"wp-embedded-content\" title=\"\u00abEcopetrol Emprende ha beneficiado a m\u00e1s de 100 emprendedores casanare\u00f1os en 2023\u00a0\u00a0\u00bb \u2014 \u25b7 Noticias de Casanare : Martha Cifuentes | Casanare\" src=\"https:\/\/marthacifuentes.com\/portada\/2023\/12\/20\/ecopetrol-emprende-ha-beneficiado-a-mas-de-100-emprendedores-casanarenos-en-2023\/embed\/#?secret=GeuOwYqg0C#?secret=0kvKc3FRzR\" width=\"600\" height=\"642\" frameborder=\"0\" marginwidth=\"0\" marginheight=\"0\" scrolling=\"no\" sandbox=\"allow-scripts\" data-secret=\"0kvKc3FRzR\" data-mce-fragment=\"1\"><\/iframe><\/p>\n<p><iframe loading=\"lazy\" class=\"wp-embedded-content\" title=\"\u00abOriol Jim\u00e9nez, reelegido rector de Unitr\u00f3pico por 4 a\u00f1os m\u00e1s.\u00bb \u2014 \u25b7 Noticias de Casanare : Martha Cifuentes | Casanare\" src=\"https:\/\/marthacifuentes.com\/portada\/2023\/12\/19\/oriol-jimenez-reelegido-rector-de-unitropico-por-4-anos-mas\/embed\/#?secret=gUzvnLgglW#?secret=nK9gChWpK2\" width=\"600\" height=\"621\" frameborder=\"0\" marginwidth=\"0\" marginheight=\"0\" scrolling=\"no\" sandbox=\"allow-scripts\" data-secret=\"nK9gChWpK2\" data-mce-fragment=\"1\"><\/iframe><\/p>\n<p><iframe loading=\"lazy\" class=\"wp-embedded-content\" title=\"\u00abV\u00eda libre a reelecci\u00f3n de Oriol Jim\u00e9nez como rector de Unitr\u00f3pico. Negada tutela que pod\u00eda obstaculizarla.\u00bb \u2014 \u25b7 Noticias de Casanare : Martha Cifuentes | Casanare\" src=\"https:\/\/marthacifuentes.com\/portada\/2023\/12\/18\/via-libre-a-reeleccion-de-oriol-jimenez-como-rector-de-unitropico-negada-tutela-que-podia-obstaculizarla\/embed\/#?secret=gv8yzT7q0p#?secret=bUnsZDtjCR\" width=\"600\" height=\"621\" frameborder=\"0\" marginwidth=\"0\" marginheight=\"0\" scrolling=\"no\" sandbox=\"allow-scripts\" data-secret=\"bUnsZDtjCR\" data-mce-fragment=\"1\"><\/iframe><\/p>\n<p><iframe loading=\"lazy\" class=\"wp-embedded-content\" title=\"\u00abHabitantes de Yopal se quejan por demoras en restablecimiento del suministro de agua. Eaaay dice que al mediod\u00eda se normaliza el servicio.\u00bb \u2014 \u25b7 Noticias de Casanare : Martha Cifuentes | Casanare\" src=\"https:\/\/marthacifuentes.com\/portada\/2023\/12\/18\/habitantes-de-yopal-se-quejan-por-demoras-en-restablecimiento-del-suministro-de-agua-eaaay-dice-que-al-mediodia-se-normaliza-el-servicio\/embed\/#?secret=GG5HKT8ZRE#?secret=WS77Dy97zj\" width=\"600\" height=\"626\" frameborder=\"0\" marginwidth=\"0\" marginheight=\"0\" scrolling=\"no\" sandbox=\"allow-scripts\" data-secret=\"WS77Dy97zj\" data-mce-fragment=\"1\"><\/iframe><\/p>\n<p><iframe loading=\"lazy\" class=\"wp-embedded-content\" title=\"\u00abYopal no aprende de sus tragedias. En 2023 no disminuyeron muertes por accidentes viales.\u00bb \u2014 \u25b7 Noticias de Casanare : Martha Cifuentes | Casanare\" src=\"https:\/\/marthacifuentes.com\/portada\/2023\/12\/16\/yopal-no-aprende-de-sus-tragedias-en-2023-no-disminuyeron-muertes-por-accidentes-viales\/embed\/#?secret=C2fRZjwMnd#?secret=wnAfflRgVT\" width=\"600\" height=\"621\" frameborder=\"0\" marginwidth=\"0\" marginheight=\"0\" scrolling=\"no\" sandbox=\"allow-scripts\" data-secret=\"wnAfflRgVT\" data-mce-fragment=\"1\"><\/iframe><\/p>\n<p><iframe loading=\"lazy\" class=\"wp-embedded-content\" title=\"\u00abRescatadas mujeres secuestradas en Villanueva. Delincuentes comunes de la zona ser\u00edan los responsables.\u00bb \u2014 \u25b7 Noticias de Casanare : Martha Cifuentes | Casanare\" src=\"https:\/\/marthacifuentes.com\/portada\/2023\/12\/14\/rescatadas-mujeres-secuestradas-en-villanueva-delincuentes-comunes-de-la-zona-serian-los-responsables\/embed\/#?secret=TRmU464KEv#?secret=aACiY8Eob7\" width=\"600\" height=\"611\" frameborder=\"0\" marginwidth=\"0\" marginheight=\"0\" scrolling=\"no\" sandbox=\"allow-scripts\" data-secret=\"aACiY8Eob7\" data-mce-fragment=\"1\"><\/iframe><\/p>\n<p><iframe loading=\"lazy\" class=\"wp-embedded-content\" title=\"\u00abOtra elecci\u00f3n que se frena, la de rector de Unitr\u00f3pico. Tutela suspende el proceso y pone en jaque al Consejo Superior.\u00bb \u2014 \u25b7 Noticias de Casanare : Martha Cifuentes | Casanare\" src=\"https:\/\/marthacifuentes.com\/portada\/2023\/12\/12\/otra-eleccion-que-se-frena-la-de-rector-de-unitropico-tutela-suspende-el-proceso-y-pone-en-jaque-al-consejo-superior\/embed\/#?secret=xO7E2yaIKL#?secret=5EhsSriMiQ\" width=\"600\" height=\"649\" frameborder=\"0\" marginwidth=\"0\" marginheight=\"0\" scrolling=\"no\" sandbox=\"allow-scripts\" data-secret=\"5EhsSriMiQ\" data-mce-fragment=\"1\"><\/iframe><\/p>\n<p><iframe loading=\"lazy\" class=\"wp-embedded-content\" title=\"\u00abConsejo de Estado volvi\u00f3 a suspender elecci\u00f3n de directora de Corporinoquia por reincidente embarrada del Consejo Directivo.\u00bb \u2014 \u25b7 Noticias de Casanare : Martha Cifuentes | Casanare\" src=\"https:\/\/marthacifuentes.com\/portada\/2023\/12\/12\/consejo-de-estado-volvio-a-suspender-eleccion-de-directora-de-corporinoquia-por-reincidente-embarrada-del-consejo-directivo\/embed\/#?secret=et74zHUF5x#?secret=QDqn99ja83\" width=\"600\" height=\"628\" frameborder=\"0\" marginwidth=\"0\" marginheight=\"0\" scrolling=\"no\" sandbox=\"allow-scripts\" data-secret=\"QDqn99ja83\" data-mce-fragment=\"1\"><\/iframe><\/p>\n<p><iframe loading=\"lazy\" class=\"wp-embedded-content\" title=\"\u00abColegio rural de Aguazul \u00abla sac\u00f3 del estadio\u00bb. Premiado por excelencia educativa en Casanare, en noche de los mejores.\u00bb \u2014 \u25b7 Noticias de Casanare : Martha Cifuentes | Casanare\" src=\"https:\/\/marthacifuentes.com\/portada\/2023\/12\/07\/colegio-rural-de-aguazul-la-saco-del-estadio-premiado-por-excelencia-educativa-en-casanare-en-noche-de-los-mejores\/embed\/#?secret=3Am16mtS30#?secret=oh0bNAOtqk\" width=\"600\" height=\"575\" frameborder=\"0\" marginwidth=\"0\" marginheight=\"0\" scrolling=\"no\" sandbox=\"allow-scripts\" data-secret=\"oh0bNAOtqk\" data-mce-fragment=\"1\"><\/iframe><\/p>\n<p><iframe loading=\"lazy\" class=\"wp-embedded-content\" title=\"\u00abEn el Hospital Regional de la Orinoquia no hay ni como imprimir las historias cl\u00ednicas. Se recrudece crisis financiera.\u00bb \u2014 \u25b7 Noticias de Casanare : Martha Cifuentes | Casanare\" src=\"https:\/\/marthacifuentes.com\/portada\/2023\/12\/07\/en-el-hospital-regional-de-la-orinoquia-no-hay-ni-como-imprimir-las-historias-clinicas-se-recrudece-crisis-financiera\/embed\/#?secret=JVSbzcV8AR#?secret=vzhse2DvOS\" width=\"600\" height=\"642\" frameborder=\"0\" marginwidth=\"0\" marginheight=\"0\" scrolling=\"no\" sandbox=\"allow-scripts\" data-secret=\"vzhse2DvOS\" data-mce-fragment=\"1\"><\/iframe><\/p>\n<p><iframe loading=\"lazy\" class=\"wp-embedded-content\" title=\"\u00abDelincuentes dirigidos desde c\u00e1rceles ven\u00edan asolando a Casanare. Se hac\u00edan pasar por paras y guerrilleros.\u00bb \u2014 \u25b7 Noticias de Casanare : Martha Cifuentes | Casanare\" src=\"https:\/\/marthacifuentes.com\/portada\/2023\/12\/06\/delincuentes-dirigidos-desde-carceles-venian-asolando-a-casanare-se-hacian-pasar-por-paras-y-guerrilleros\/embed\/#?secret=qNjJ1BMJ87#?secret=ohA2nlS0Pt\" width=\"600\" height=\"621\" frameborder=\"0\" marginwidth=\"0\" marginheight=\"0\" scrolling=\"no\" sandbox=\"allow-scripts\" data-secret=\"ohA2nlS0Pt\" data-mce-fragment=\"1\"><\/iframe><\/p>\n<p><iframe loading=\"lazy\" class=\"wp-embedded-content\" title=\"\u00abHoro tendr\u00e1 una nueva torre anunci\u00f3 Gobierno Petro. MinSalud resalt\u00f3 labor realizada en este y en el Hospital Central.\u00bb \u2014 \u25b7 Noticias de Casanare : Martha Cifuentes | Casanare\" src=\"https:\/\/marthacifuentes.com\/portada\/2023\/12\/06\/horo-tendra-una-nueva-torre-anuncio-gobierno-petro-minsalud-resalto-labor-realizada-en-este-y-en-el-hospital-central\/embed\/#?secret=YJvAGYDpww#?secret=JOuoc6dVgv\" width=\"600\" height=\"649\" frameborder=\"0\" marginwidth=\"0\" marginheight=\"0\" scrolling=\"no\" sandbox=\"allow-scripts\" data-secret=\"JOuoc6dVgv\" data-mce-fragment=\"1\"><\/iframe><\/p>\n<p><iframe loading=\"lazy\" class=\"wp-embedded-content\" title=\"\u00abEnerca, una verdadera pesadilla para los comerciantes y comunidad de Monterrey y Tauramena\u00bb \u2014 \u25b7 Noticias de Casanare : Martha Cifuentes | Casanare\" src=\"https:\/\/marthacifuentes.com\/portada\/2023\/12\/05\/enerca-una-verdadera-pesadilla-para-los-comerciantes-y-comunidad-de-monterrey-y-tauramena\/embed\/#?secret=5yPAMkM7hV#?secret=tBtmPrlyw2\" width=\"600\" height=\"621\" frameborder=\"0\" marginwidth=\"0\" marginheight=\"0\" scrolling=\"no\" sandbox=\"allow-scripts\" data-secret=\"tBtmPrlyw2\" data-mce-fragment=\"1\"><\/iframe><\/p>\n<p><iframe loading=\"lazy\" class=\"wp-embedded-content\" title=\"\u00abGobernador y alcaldes electos de Casanare charlan con la industria petrolera sobre el desarrollo sostenible de la regi\u00f3n\u00bb \u2014 \u25b7 Noticias de Casanare : Martha Cifuentes | Casanare\" src=\"https:\/\/marthacifuentes.com\/portada\/2023\/12\/04\/gobernador-y-alcaldes-electos-de-casanare-charlan-con-la-industria-petrolera-sobre-el-desarrollo-sostenible-de-la-region\/embed\/#?secret=taa4GA5X65#?secret=VcKJIQ046y\" width=\"600\" height=\"649\" frameborder=\"0\" marginwidth=\"0\" marginheight=\"0\" scrolling=\"no\" sandbox=\"allow-scripts\" data-secret=\"VcKJIQ046y\" data-mce-fragment=\"1\"><\/iframe><\/p>\n<p><iframe loading=\"lazy\" class=\"wp-embedded-content\" title=\"\u00ab8 colegios p\u00fablicos de Casanare entre los 25 mejores puntajes del Departamento en Pruebas saber 11 de 2023.\u00bb \u2014 \u25b7 Noticias de Casanare : Martha Cifuentes | Casanare\" src=\"https:\/\/marthacifuentes.com\/portada\/2023\/12\/04\/8-colegios-publicos-de-casanare-entre-los-25-mejores-puntajes-del-departamento-en-pruebas-saber-11-de-2023\/embed\/#?secret=cA1EuD5dd6#?secret=vZixV6FNT3\" width=\"600\" height=\"627\" frameborder=\"0\" marginwidth=\"0\" marginheight=\"0\" scrolling=\"no\" sandbox=\"allow-scripts\" data-secret=\"vZixV6FNT3\" data-mce-fragment=\"1\"><\/iframe><\/p>\n<p><iframe loading=\"lazy\" class=\"wp-embedded-content\" title=\"\u00abInv\u00edas aspira a que antes de Navidad haya paso vehicular en v\u00eda del Cusiana, sector Los Grillos. Pajarito espera que haya una noche buena feliz.\u00bb \u2014 \u25b7 Noticias de Casanare : Martha Cifuentes | Casanare\" src=\"https:\/\/marthacifuentes.com\/portada\/2023\/12\/04\/invias-aspira-a-que-antes-de-navidad-haya-paso-vehicular-en-via-del-cusiana-sector-los-grillos-pajarito-espera-que-haya-una-noche-buena-feliz\/embed\/#?secret=mlbA2RIaUm#?secret=SLK2owj6vQ\" width=\"600\" height=\"649\" frameborder=\"0\" marginwidth=\"0\" marginheight=\"0\" scrolling=\"no\" sandbox=\"allow-scripts\" data-secret=\"SLK2owj6vQ\" data-mce-fragment=\"1\"><\/iframe><\/p>\n<p><iframe loading=\"lazy\" class=\"wp-embedded-content\" title=\"\u00abC\u00e1mara de Comercio de Casanare le gana pulso a Unicentro. Juzgado neg\u00f3 pretensiones del centro comercial.\u00bb \u2014 \u25b7 Noticias de Casanare : Martha Cifuentes | Casanare\" src=\"https:\/\/marthacifuentes.com\/portada\/2023\/12\/01\/camara-de-comercio-de-casanare-le-gana-pulso-a-unicentro-juzgado-nego-pretensiones-del-centro-comercial\/embed\/#?secret=vqZreZQnZ0#?secret=qQ6QpV62Sy\" width=\"600\" height=\"628\" frameborder=\"0\" marginwidth=\"0\" marginheight=\"0\" scrolling=\"no\" sandbox=\"allow-scripts\" data-secret=\"qQ6QpV62Sy\" data-mce-fragment=\"1\"><\/iframe><\/p>\n<p><iframe loading=\"lazy\" class=\"wp-embedded-content\" title=\"\u00abYopal con 9.8% es la s\u00e9ptima capital del pa\u00eds con menos desempleo, seg\u00fan Dane\u00bb \u2014 \u25b7 Noticias de Casanare : Martha Cifuentes | Casanare\" src=\"https:\/\/marthacifuentes.com\/portada\/2023\/11\/30\/yopal-con-9-8-es-la-septima-capital-del-pais-con-menos-desempleo-segun-dane\/embed\/#?secret=coU3ACxcmK#?secret=kWy3AWZQJ1\" width=\"600\" height=\"599\" frameborder=\"0\" marginwidth=\"0\" marginheight=\"0\" scrolling=\"no\" sandbox=\"allow-scripts\" data-secret=\"kWy3AWZQJ1\" data-mce-fragment=\"1\"><\/iframe><\/p>\n<p><iframe loading=\"lazy\" class=\"wp-embedded-content\" title=\"\u00abVuelve y juega. Demandada reelecci\u00f3n de directora de Corporinoquia. MinAmbiente solicitar\u00e1 nulidad electoral.\u00bb \u2014 \u25b7 Noticias de Casanare : Martha Cifuentes | Casanare\" src=\"https:\/\/marthacifuentes.com\/portada\/2023\/11\/23\/vuelve-y-juega-demandada-reeleccion-de-directora-de-corporinoquia-minambiente-solicitara-nulidad-electoral\/embed\/#?secret=GSHruYYTkI#?secret=yYeupHlhnN\" width=\"600\" height=\"649\" frameborder=\"0\" marginwidth=\"0\" marginheight=\"0\" scrolling=\"no\" sandbox=\"allow-scripts\" data-secret=\"yYeupHlhnN\" data-mce-fragment=\"1\"><\/iframe><\/p>\n<p><iframe loading=\"lazy\" class=\"wp-embedded-content\" title=\"\u00abPlant\u00f3n en Gobernaci\u00f3n de Casanare por estancamiento de la v\u00eda por Labranzagrande.\u00bb \u2014 \u25b7 Noticias de Casanare : Martha Cifuentes | Casanare\" src=\"https:\/\/marthacifuentes.com\/portada\/2023\/11\/22\/planton-en-gobernacion-de-casanare-por-estancamiento-de-la-via-por-labranzagrande\/embed\/#?secret=WebGl34ncb#?secret=KhrXiceTn0\" width=\"600\" height=\"621\" frameborder=\"0\" marginwidth=\"0\" marginheight=\"0\" scrolling=\"no\" sandbox=\"allow-scripts\" data-secret=\"KhrXiceTn0\" data-mce-fragment=\"1\"><\/iframe><\/p>\n<p><iframe loading=\"lazy\" class=\"wp-embedded-content\" title=\"\u00abCobro del peaje entre Yopal y Aguazul podr\u00eda llegar con el a\u00f1o nuevo. Comenzar\u00e1n pruebas de conteo vehicular.\u00bb \u2014 \u25b7 Noticias de Casanare : Martha Cifuentes | Casanare\" src=\"https:\/\/marthacifuentes.com\/portada\/2023\/11\/22\/cobro-del-peaje-entre-yopal-y-aguazul-podria-llegar-con-el-ano-nuevo-comenzaran-pruebas-de-conteo-vehicular\/embed\/#?secret=00x7ddSX3C#?secret=dVcCaRmUIt\" width=\"600\" height=\"614\" frameborder=\"0\" marginwidth=\"0\" marginheight=\"0\" scrolling=\"no\" sandbox=\"allow-scripts\" data-secret=\"dVcCaRmUIt\" data-mce-fragment=\"1\"><\/iframe><\/p>\n<p><iframe loading=\"lazy\" class=\"wp-embedded-content\" title=\"\u00abMasacre en Villanueva. Una mujer y dos hombres asesinados con arma de fuego.\u00bb \u2014 \u25b7 Noticias de Casanare : Martha Cifuentes | Casanare\" src=\"https:\/\/marthacifuentes.com\/portada\/2023\/11\/20\/masacre-en-villanueva-una-mujer-y-dos-hombres-asesinados-con-arma-de-fuego\/embed\/#?secret=CeDCgtgg4p#?secret=M1ZcUmfL0W\" width=\"600\" height=\"600\" frameborder=\"0\" marginwidth=\"0\" marginheight=\"0\" scrolling=\"no\" sandbox=\"allow-scripts\" data-secret=\"M1ZcUmfL0W\" data-mce-fragment=\"1\"><\/iframe><\/p>\n<p><iframe loading=\"lazy\" class=\"wp-embedded-content\" title=\"\u00abHoy inicia Joropo Fest 2023 en la C\u00e1mara de Comercio de Casanare\u00bb \u2014 \u25b7 Noticias de Casanare : Martha Cifuentes | Casanare\" src=\"https:\/\/marthacifuentes.com\/portada\/2023\/11\/16\/hoy-inicia-joropo-fest-2023-en-la-camara-de-comercio-de-casanare\/embed\/#?secret=tKNp58ofi7#?secret=b6Lyn0DvVq\" width=\"600\" height=\"600\" frameborder=\"0\" marginwidth=\"0\" marginheight=\"0\" scrolling=\"no\" sandbox=\"allow-scripts\" data-secret=\"b6Lyn0DvVq\" data-mce-fragment=\"1\"><\/iframe><\/p>\n","protected":false},"excerpt":{"rendered":"<p>El Instituto Financiero de Casanare tiene nuevo gerente desde el pasado 1 de marzo. Se trata del ingeniero civil \u00d3scar Javier Araque Garz\u00f3n, quien fue nombrado mediante decreto de la Gobernaci\u00f3n de Casanare. El nuevo gerente del IFC asumi\u00f3 funciones en la ma\u00f1ana de hoy, con una presentaci\u00f3n ante los funcionarios de la entidad cumplida &hellip;<\/p>\n","protected":false},"author":2,"featured_media":32578,"comment_status":"open","ping_status":"open","sticky":false,"template":"","format":"standard","meta":{"om_disable_all_campaigns":false,"_exactmetrics_skip_tracking":false,"_exactmetrics_sitenote_active":false,"_exactmetrics_sitenote_note":"","_exactmetrics_sitenote_category":0,"_monsterinsights_skip_tracking":false,"_monsterinsights_sitenote_active":false,"_monsterinsights_sitenote_note":"","_monsterinsights_sitenote_category":0,"_uf_show_specific_survey":0,"_uf_disable_surveys":false,"_joinchat":[],"footnotes":""},"categories":[147,146,145],"tags":[1373,9526,1421,9527,1376],"class_list":["post-32577","post","type-post","status-publish","format-standard","has-post-thumbnail","hentry","category-actualidad","category-noticias","category-reportajes","tag-casanare-noticias","tag-ifc-gerente-oscar-javier-araque-garzon","tag-noticias-yopal","tag-nuevo-gerente-ifc-casanare-2024","tag-yopal-noticias"],"yoast_head":"<!-- This site is optimized with the Yoast SEO plugin v26.1 - https:\/\/yoast.com\/wordpress\/plugins\/seo\/ -->\n<title>IFC en Casanare estrena nuevo gerente: ingeniero \u00d3scar Javier Araque Garz\u00f3n - \u25b7 Noticias de Casanare : Martha Cifuentes | Casanare<\/title>\n<meta name=\"robots\" content=\"index, follow, max-snippet:-1, max-image-preview:large, max-video-preview:-1\" \/>\n<link rel=\"canonical\" href=\"https:\/\/marthacifuentes.com\/portada\/ifc-en-casanare-estrena-nuevo-gerente-ingeniero-oscar-javier-araque-garzon\/\" \/>\n<meta property=\"og:locale\" content=\"es_ES\" \/>\n<meta property=\"og:type\" content=\"article\" \/>\n<meta property=\"og:title\" content=\"IFC en Casanare estrena nuevo gerente: ingeniero \u00d3scar Javier Araque Garz\u00f3n - \u25b7 Noticias de Casanare : Martha Cifuentes | Casanare\" \/>\n<meta property=\"og:description\" content=\"El Instituto Financiero de Casanare tiene nuevo gerente desde el pasado 1 de marzo. Se trata del ingeniero civil \u00d3scar Javier Araque Garz\u00f3n, quien fue nombrado mediante decreto de la Gobernaci\u00f3n de Casanare. El nuevo gerente del IFC asumi\u00f3 funciones en la ma\u00f1ana de hoy, con una presentaci\u00f3n ante los funcionarios de la entidad cumplida &hellip;\" \/>\n<meta property=\"og:url\" content=\"https:\/\/marthacifuentes.com\/portada\/ifc-en-casanare-estrena-nuevo-gerente-ingeniero-oscar-javier-araque-garzon\/\" \/>\n<meta property=\"og:site_name\" content=\"\u25b7 Noticias de Casanare : Martha Cifuentes | Casanare\" \/>\n<meta property=\"article:published_time\" content=\"2024-03-04T15:44:34+00:00\" \/>\n<meta property=\"og:image\" content=\"https:\/\/marthacifuentes.com\/portada\/wp-content\/uploads\/2024\/03\/gerente-ifc-oscar-araque-garzon.jpg\" \/>\n\t<meta property=\"og:image:width\" content=\"997\" \/>\n\t<meta property=\"og:image:height\" content=\"708\" \/>\n\t<meta property=\"og:image:type\" content=\"image\/jpeg\" \/>\n<meta name=\"author\" content=\"Martha Cifuentes\" \/>\n<meta name=\"twitter:card\" content=\"summary_large_image\" \/>\n<meta name=\"twitter:label1\" content=\"Escrito por\" \/>\n\t<meta name=\"twitter:data1\" content=\"Martha Cifuentes\" \/>\n\t<meta name=\"twitter:label2\" content=\"Tiempo de lectura\" \/>\n\t<meta name=\"twitter:data2\" content=\"1 minuto\" \/>\n<script type=\"application\/ld+json\" class=\"yoast-schema-graph\">{\"@context\":\"https:\/\/schema.org\",\"@graph\":[{\"@type\":\"WebPage\",\"@id\":\"https:\/\/marthacifuentes.com\/portada\/ifc-en-casanare-estrena-nuevo-gerente-ingeniero-oscar-javier-araque-garzon\/\",\"url\":\"https:\/\/marthacifuentes.com\/portada\/ifc-en-casanare-estrena-nuevo-gerente-ingeniero-oscar-javier-araque-garzon\/\",\"name\":\"IFC en Casanare estrena nuevo gerente: ingeniero \u00d3scar Javier Araque Garz\u00f3n - \u25b7 Noticias de Casanare : Martha Cifuentes | Casanare\",\"isPartOf\":{\"@id\":\"https:\/\/marthacifuentes.com\/portada\/#website\"},\"primaryImageOfPage\":{\"@id\":\"https:\/\/marthacifuentes.com\/portada\/ifc-en-casanare-estrena-nuevo-gerente-ingeniero-oscar-javier-araque-garzon\/#primaryimage\"},\"image\":{\"@id\":\"https:\/\/marthacifuentes.com\/portada\/ifc-en-casanare-estrena-nuevo-gerente-ingeniero-oscar-javier-araque-garzon\/#primaryimage\"},\"thumbnailUrl\":\"https:\/\/marthacifuentes.com\/portada\/wp-content\/uploads\/2024\/03\/gerente-ifc-oscar-araque-garzon.jpg\",\"datePublished\":\"2024-03-04T15:44:34+00:00\",\"author\":{\"@id\":\"https:\/\/marthacifuentes.com\/portada\/#\/schema\/person\/57f53174b991db5f90ff78d58502b714\"},\"breadcrumb\":{\"@id\":\"https:\/\/marthacifuentes.com\/portada\/ifc-en-casanare-estrena-nuevo-gerente-ingeniero-oscar-javier-araque-garzon\/#breadcrumb\"},\"inLanguage\":\"es\",\"potentialAction\":[{\"@type\":\"ReadAction\",\"target\":[\"https:\/\/marthacifuentes.com\/portada\/ifc-en-casanare-estrena-nuevo-gerente-ingeniero-oscar-javier-araque-garzon\/\"]}]},{\"@type\":\"ImageObject\",\"inLanguage\":\"es\",\"@id\":\"https:\/\/marthacifuentes.com\/portada\/ifc-en-casanare-estrena-nuevo-gerente-ingeniero-oscar-javier-araque-garzon\/#primaryimage\",\"url\":\"https:\/\/marthacifuentes.com\/portada\/wp-content\/uploads\/2024\/03\/gerente-ifc-oscar-araque-garzon.jpg\",\"contentUrl\":\"https:\/\/marthacifuentes.com\/portada\/wp-content\/uploads\/2024\/03\/gerente-ifc-oscar-araque-garzon.jpg\",\"width\":997,\"height\":708},{\"@type\":\"BreadcrumbList\",\"@id\":\"https:\/\/marthacifuentes.com\/portada\/ifc-en-casanare-estrena-nuevo-gerente-ingeniero-oscar-javier-araque-garzon\/#breadcrumb\",\"itemListElement\":[{\"@type\":\"ListItem\",\"position\":1,\"name\":\"Portada\",\"item\":\"https:\/\/marthacifuentes.com\/portada\/\"},{\"@type\":\"ListItem\",\"position\":2,\"name\":\"IFC en Casanare estrena nuevo gerente: ingeniero \u00d3scar Javier Araque Garz\u00f3n\"}]},{\"@type\":\"WebSite\",\"@id\":\"https:\/\/marthacifuentes.com\/portada\/#website\",\"url\":\"https:\/\/marthacifuentes.com\/portada\/\",\"name\":\"\u25b7 Noticias de Casanare : Martha Cifuentes | Casanare\",\"description\":\"Noticias &amp; Contenidos\",\"potentialAction\":[{\"@type\":\"SearchAction\",\"target\":{\"@type\":\"EntryPoint\",\"urlTemplate\":\"https:\/\/marthacifuentes.com\/portada\/?s={search_term_string}\"},\"query-input\":{\"@type\":\"PropertyValueSpecification\",\"valueRequired\":true,\"valueName\":\"search_term_string\"}}],\"inLanguage\":\"es\"},{\"@type\":\"Person\",\"@id\":\"https:\/\/marthacifuentes.com\/portada\/#\/schema\/person\/57f53174b991db5f90ff78d58502b714\",\"name\":\"Martha Cifuentes\",\"image\":{\"@type\":\"ImageObject\",\"inLanguage\":\"es\",\"@id\":\"https:\/\/marthacifuentes.com\/portada\/#\/schema\/person\/image\/\",\"url\":\"http:\/\/marthacifuentes.com\/portada\/wp-content\/uploads\/2018\/06\/avatar_user_2_1528838701-96x96.jpg\",\"contentUrl\":\"http:\/\/marthacifuentes.com\/portada\/wp-content\/uploads\/2018\/06\/avatar_user_2_1528838701-96x96.jpg\",\"caption\":\"Martha Cifuentes\"},\"sameAs\":[\"http:\/\/www.marthacifuentes.com\"],\"url\":\"https:\/\/marthacifuentes.com\/portada\/author\/martha\/\"}]}<\/script>\n<!-- \/ Yoast SEO plugin. -->","yoast_head_json":{"title":"IFC en Casanare estrena nuevo gerente: ingeniero \u00d3scar Javier Araque Garz\u00f3n - \u25b7 Noticias de Casanare : Martha Cifuentes | Casanare","robots":{"index":"index","follow":"follow","max-snippet":"max-snippet:-1","max-image-preview":"max-image-preview:large","max-video-preview":"max-video-preview:-1"},"canonical":"https:\/\/marthacifuentes.com\/portada\/ifc-en-casanare-estrena-nuevo-gerente-ingeniero-oscar-javier-araque-garzon\/","og_locale":"es_ES","og_type":"article","og_title":"IFC en Casanare estrena nuevo gerente: ingeniero \u00d3scar Javier Araque Garz\u00f3n - \u25b7 Noticias de Casanare : Martha Cifuentes | Casanare","og_description":"El Instituto Financiero de Casanare tiene nuevo gerente desde el pasado 1 de marzo. Se trata del ingeniero civil \u00d3scar Javier Araque Garz\u00f3n, quien fue nombrado mediante decreto de la Gobernaci\u00f3n de Casanare. El nuevo gerente del IFC asumi\u00f3 funciones en la ma\u00f1ana de hoy, con una presentaci\u00f3n ante los funcionarios de la entidad cumplida &hellip;","og_url":"https:\/\/marthacifuentes.com\/portada\/ifc-en-casanare-estrena-nuevo-gerente-ingeniero-oscar-javier-araque-garzon\/","og_site_name":"\u25b7 Noticias de Casanare : Martha Cifuentes | Casanare","article_published_time":"2024-03-04T15:44:34+00:00","og_image":[{"width":997,"height":708,"url":"https:\/\/marthacifuentes.com\/portada\/wp-content\/uploads\/2024\/03\/gerente-ifc-oscar-araque-garzon.jpg","type":"image\/jpeg"}],"author":"Martha Cifuentes","twitter_card":"summary_large_image","twitter_misc":{"Escrito por":"Martha Cifuentes","Tiempo de lectura":"1 minuto"},"schema":{"@context":"https:\/\/schema.org","@graph":[{"@type":"WebPage","@id":"https:\/\/marthacifuentes.com\/portada\/ifc-en-casanare-estrena-nuevo-gerente-ingeniero-oscar-javier-araque-garzon\/","url":"https:\/\/marthacifuentes.com\/portada\/ifc-en-casanare-estrena-nuevo-gerente-ingeniero-oscar-javier-araque-garzon\/","name":"IFC en Casanare estrena nuevo gerente: ingeniero \u00d3scar Javier Araque Garz\u00f3n - \u25b7 Noticias de Casanare : Martha Cifuentes | Casanare","isPartOf":{"@id":"https:\/\/marthacifuentes.com\/portada\/#website"},"primaryImageOfPage":{"@id":"https:\/\/marthacifuentes.com\/portada\/ifc-en-casanare-estrena-nuevo-gerente-ingeniero-oscar-javier-araque-garzon\/#primaryimage"},"image":{"@id":"https:\/\/marthacifuentes.com\/portada\/ifc-en-casanare-estrena-nuevo-gerente-ingeniero-oscar-javier-araque-garzon\/#primaryimage"},"thumbnailUrl":"https:\/\/marthacifuentes.com\/portada\/wp-content\/uploads\/2024\/03\/gerente-ifc-oscar-araque-garzon.jpg","datePublished":"2024-03-04T15:44:34+00:00","author":{"@id":"https:\/\/marthacifuentes.com\/portada\/#\/schema\/person\/57f53174b991db5f90ff78d58502b714"},"breadcrumb":{"@id":"https:\/\/marthacifuentes.com\/portada\/ifc-en-casanare-estrena-nuevo-gerente-ingeniero-oscar-javier-araque-garzon\/#breadcrumb"},"inLanguage":"es","potentialAction":[{"@type":"ReadAction","target":["https:\/\/marthacifuentes.com\/portada\/ifc-en-casanare-estrena-nuevo-gerente-ingeniero-oscar-javier-araque-garzon\/"]}]},{"@type":"ImageObject","inLanguage":"es","@id":"https:\/\/marthacifuentes.com\/portada\/ifc-en-casanare-estrena-nuevo-gerente-ingeniero-oscar-javier-araque-garzon\/#primaryimage","url":"https:\/\/marthacifuentes.com\/portada\/wp-content\/uploads\/2024\/03\/gerente-ifc-oscar-araque-garzon.jpg","contentUrl":"https:\/\/marthacifuentes.com\/portada\/wp-content\/uploads\/2024\/03\/gerente-ifc-oscar-araque-garzon.jpg","width":997,"height":708},{"@type":"BreadcrumbList","@id":"https:\/\/marthacifuentes.com\/portada\/ifc-en-casanare-estrena-nuevo-gerente-ingeniero-oscar-javier-araque-garzon\/#breadcrumb","itemListElement":[{"@type":"ListItem","position":1,"name":"Portada","item":"https:\/\/marthacifuentes.com\/portada\/"},{"@type":"ListItem","position":2,"name":"IFC en Casanare estrena nuevo gerente: ingeniero \u00d3scar Javier Araque Garz\u00f3n"}]},{"@type":"WebSite","@id":"https:\/\/marthacifuentes.com\/portada\/#website","url":"https:\/\/marthacifuentes.com\/portada\/","name":"\u25b7 Noticias de Casanare : Martha Cifuentes | Casanare","description":"Noticias &amp; Contenidos","potentialAction":[{"@type":"SearchAction","target":{"@type":"EntryPoint","urlTemplate":"https:\/\/marthacifuentes.com\/portada\/?s={search_term_string}"},"query-input":{"@type":"PropertyValueSpecification","valueRequired":true,"valueName":"search_term_string"}}],"inLanguage":"es"},{"@type":"Person","@id":"https:\/\/marthacifuentes.com\/portada\/#\/schema\/person\/57f53174b991db5f90ff78d58502b714","name":"Martha Cifuentes","image":{"@type":"ImageObject","inLanguage":"es","@id":"https:\/\/marthacifuentes.com\/portada\/#\/schema\/person\/image\/","url":"http:\/\/marthacifuentes.com\/portada\/wp-content\/uploads\/2018\/06\/avatar_user_2_1528838701-96x96.jpg","contentUrl":"http:\/\/marthacifuentes.com\/portada\/wp-content\/uploads\/2018\/06\/avatar_user_2_1528838701-96x96.jpg","caption":"Martha Cifuentes"},"sameAs":["http:\/\/www.marthacifuentes.com"],"url":"https:\/\/marthacifuentes.com\/portada\/author\/martha\/"}]}},"_links":{"self":[{"href":"https:\/\/marthacifuentes.com\/portada\/wp-json\/wp\/v2\/posts\/32577","targetHints":{"allow":["GET"]}}],"collection":[{"href":"https:\/\/marthacifuentes.com\/portada\/wp-json\/wp\/v2\/posts"}],"about":[{"href":"https:\/\/marthacifuentes.com\/portada\/wp-json\/wp\/v2\/types\/post"}],"author":[{"embeddable":true,"href":"https:\/\/marthacifuentes.com\/portada\/wp-json\/wp\/v2\/users\/2"}],"replies":[{"embeddable":true,"href":"https:\/\/marthacifuentes.com\/portada\/wp-json\/wp\/v2\/comments?post=32577"}],"version-history":[{"count":1,"href":"https:\/\/marthacifuentes.com\/portada\/wp-json\/wp\/v2\/posts\/32577\/revisions"}],"predecessor-version":[{"id":32579,"href":"https:\/\/marthacifuentes.com\/portada\/wp-json\/wp\/v2\/posts\/32577\/revisions\/32579"}],"wp:featuredmedia":[{"embeddable":true,"href":"https:\/\/marthacifuentes.com\/portada\/wp-json\/wp\/v2\/media\/32578"}],"wp:attachment":[{"href":"https:\/\/marthacifuentes.com\/portada\/wp-json\/wp\/v2\/media?parent=32577"}],"wp:term":[{"taxonomy":"category","embeddable":true,"href":"https:\/\/marthacifuentes.com\/portada\/wp-json\/wp\/v2\/categories?post=32577"},{"taxonomy":"post_tag","embeddable":true,"href":"https:\/\/marthacifuentes.com\/portada\/wp-json\/wp\/v2\/tags?post=32577"}],"curies":[{"name":"wp","href":"https:\/\/api.w.org\/{rel}","templated":true}]}}