{"id":32612,"date":"2024-03-08T08:29:49","date_gmt":"2024-03-08T13:29:49","guid":{"rendered":"https:\/\/marthacifuentes.com\/portada\/?p=32612"},"modified":"2024-03-08T08:29:49","modified_gmt":"2024-03-08T13:29:49","slug":"geopark-me-cambio-la-vida-karen-torres-ingeniera-civil-que-vencio-los-obstaculos-y-cumplio-su-sueno","status":"publish","type":"post","link":"https:\/\/marthacifuentes.com\/portada\/geopark-me-cambio-la-vida-karen-torres-ingeniera-civil-que-vencio-los-obstaculos-y-cumplio-su-sueno\/","title":{"rendered":"\u201cGeoPark me cambi\u00f3 la vida\u201d: Karen Torres, ingeniera civil que venci\u00f3 los obst\u00e1culos y cumpli\u00f3 su sue\u00f1o"},"content":{"rendered":"<p>\u201cLos sue\u00f1os s\u00ed se cumplen\u2026 Desde los ocho a\u00f1os so\u00f1aba con estudiar en la Escuela Colombiana de Ingenier\u00eda Julio Garavito. Recuerdo que siempre trabaj\u00e9 y me esforc\u00e9 en ello, toqu\u00e9 puertas, estudi\u00e9 y a pesar de los obst\u00e1culos y de que me dec\u00edan que las mujeres no pod\u00edamos sab\u00eda que lo pod\u00eda hacer y lo hice\u201d, afirma la tauramenera Karen Vanessa Torres Cachay, ingeniera civil, actualmente vinculada a la empresa GeoPark desde hace cerca de dos a\u00f1os.<\/p>\n<p>Como la vida de muchas mujeres la suya no ha sido un lecho de rosas. Hija de unos amorosos e incondicionales padres, Mar\u00eda del Tr\u00e1nsito Cachay L\u00f3pez y Vicsolun Torres Mora, percibi\u00f3 desde muy peque\u00f1a como ellos hac\u00edan lo que \u201ctocara para sobrevivir y mantener ocho hijos\u201d, desde trabajar en oficios varios, servicios dom\u00e9sticos, lavado de casas, ser obreros, agricultores hasta ser comerciantes y restauranteros, entre otras actividades. No se amilanaban con nada. Esto le ense\u00f1ar\u00eda que en la vida hay que luchar y perseverar para cumplir con lo so\u00f1ado.<\/p>\n<p>Estudi\u00f3 en el colegio Jos\u00e9 Mar\u00eda C\u00f3rdoba de Tauramena de donde se gradu\u00f3 como bachiller en el a\u00f1o 2013. Recuerda que fue una buena estudiante a la que le gustaban las matem\u00e1ticas.<\/p>\n<p>Con much\u00edsimo esfuerzo sus padres le ofrecieron la posibilidad de estudiar en Unitr\u00f3pico en Yopal, cuando esta instituci\u00f3n todav\u00eda era de car\u00e1cter privado. Ten\u00eda casi la certeza que pod\u00eda cursar un semestre, pero no habr\u00eda recursos para los dem\u00e1s. Ah\u00ed apareci\u00f3 la oportunidad que le cambiar\u00eda su vida.<\/p>\n<p>En un fin de semana a mediados del semestre, durante el que visitaba a sus pap\u00e1s en Tauramena, sus ojos encontraron un aviso que le llam\u00f3 inmediatamente la atenci\u00f3n. Era de la empresa GeoPark que realizaba una convocatoria para mujeres que quisieran estudiar becadas. No lo dud\u00f3 un instante y se present\u00f3.<\/p>\n<p><img loading=\"lazy\" decoding=\"async\" class=\"wp-image-32615 aligncenter\" src=\"https:\/\/marthacifuentes.com\/portada\/wp-content\/uploads\/2024\/03\/Mujeres-empoderadas-y-fuertes-576x1024.png\" alt=\"\" width=\"452\" height=\"804\" srcset=\"https:\/\/marthacifuentes.com\/portada\/wp-content\/uploads\/2024\/03\/Mujeres-empoderadas-y-fuertes-576x1024.png 576w, https:\/\/marthacifuentes.com\/portada\/wp-content\/uploads\/2024\/03\/Mujeres-empoderadas-y-fuertes-169x300.png 169w, https:\/\/marthacifuentes.com\/portada\/wp-content\/uploads\/2024\/03\/Mujeres-empoderadas-y-fuertes-768x1365.png 768w, https:\/\/marthacifuentes.com\/portada\/wp-content\/uploads\/2024\/03\/Mujeres-empoderadas-y-fuertes-864x1536.png 864w, https:\/\/marthacifuentes.com\/portada\/wp-content\/uploads\/2024\/03\/Mujeres-empoderadas-y-fuertes.png 1080w\" sizes=\"auto, (max-width: 452px) 100vw, 452px\" \/><\/p>\n<p>Entre m\u00e1s de 600 aspirantes ser escogida no era una tarea f\u00e1cil, pero ella se postul\u00f3 segura de que iba a lograrlo. Present\u00f3 los requisitos exigidos, sus registros acad\u00e9micos y una carta donde manifestaba las razones por las cu\u00e1les deb\u00eda ser beneficiaria de esta oportunidad. Plasm\u00f3 que ella era el perfil que estaban buscando, mujer emprendedora, guerrera y que siempre hab\u00eda querido ser ingeniera civil.<\/p>\n<p>Karen con una energ\u00eda desbordada en la entrevista convenci\u00f3 a los evaluadores y junto con otras dos j\u00f3venes de Paz de Ariporo logr\u00f3 la anhelada beca de estudios. Este fue uno de los pasos dados para llegar a la Escuela Colombiana de Ingenier\u00eda Julio Garavito en Bogot\u00e1. La fr\u00eda ciudad contrastaba con la c\u00e1lida Tauramena, pero r\u00e1pidamente se acostumbr\u00f3. A la brava aprendi\u00f3 a cocinar, lavar, tomar buses y moverse por la enorme ciudad.<\/p>\n<p>Los primeros cinco semestres fueron de mucha exigencia acad\u00e9mica porque en su colegio de bachillerato no hab\u00eda recibido clases de c\u00e1lculo y le tocaba esforzarse el doble para aprender y no rezagarse. Tampoco ten\u00eda computador. Le tocaba s\u00ed o s\u00ed irse bien temprano para los centros de computadores de la universidad y aprovechar a estudiar all\u00ed. Si bien contaba con un subsidio de sostenimiento, ten\u00eda que ayudarse realizando trabajos acad\u00e9micos o de mesera los fines de semana.<\/p>\n<p>A partir del sexto semestre las condiciones econ\u00f3micas del subsidio mejoraron y adem\u00e1s de estudiar se hizo voluntaria en la organizaci\u00f3n Techo, dedicada a mejorar las condiciones de vida de poblaci\u00f3n vulnerable mediante la construcci\u00f3n y mejoramiento de viviendas. Karen se enfoc\u00f3 en ayudar a los ni\u00f1os y j\u00f3venes a trav\u00e9s de una c\u00e1tedra de paz, de di\u00e1logo y de construcci\u00f3n de proyectos de vida. Recuerda ir hasta Soacha, al sur de la ciudad, a sensibilizar a los chicos del barrio, quienes ten\u00edan grandes precariedades socioecon\u00f3micas. Esta actividad le ayud\u00f3 a crecer y conocer m\u00e1s de cerca la necesidad de miles de colombianos.<\/p>\n<p>Durante su proceso de estudiante no olvida momentos muy especiales con funcionarios de GeoPark, con quienes depart\u00edan al menos una vez en el semestre. \u00a0En estos se reun\u00edan las becarias, charlaban, contaban sus cuitas buenas y malas y por supuesto daban a conocer sus logros acad\u00e9micos y universitarios. Eran encuentros muy cat\u00e1rticos que las llenaban de mucha energ\u00eda para continuar en sus actividades.<\/p>\n<p>Karen se gradu\u00f3 en 2022. Ah\u00ed parec\u00eda haber concluido su relaci\u00f3n con GeoPark, pero la vida le ten\u00eda m\u00e1s sorpresas relacionadas con esta firma. De regreso a su natal Tauramena a trav\u00e9s de una bolsa de empleo local encontr\u00f3 una convocatoria laboral para desempe\u00f1arse como Junior Civil en esta petrolera. Las condiciones parec\u00edan dise\u00f1adas para ella: cero experiencia, reci\u00e9n graduada, manejo de herramientas ofim\u00e1ticas y don de gentes. La vida nuevamente la sorprendi\u00f3 cuando fue elegida para el cargo.<\/p>\n<p>Aunque inicialmente era por un a\u00f1o, su buen desempe\u00f1o permiti\u00f3 una pr\u00f3rroga en el contrato. Y como es bastante inquieta, alterna su labor en GeoPark con una firma de consultor\u00eda y construcci\u00f3n que cre\u00f3 con un socio arquitecto. Pero, adem\u00e1s, como buena mujer multitarea, le alcanza el tiempo para un voluntariado. Fund\u00f3 el a\u00f1o pasado el nodo de la Red Nacional de J\u00f3venes de Ambiente. A trav\u00e9s de este se buscan acciones para conservar el medio ambiente y se empodera a los j\u00f3venes en proyectos ambientales.<\/p>\n<p>Para Karen, GeoPark, literalmente, le cambi\u00f3 la vida. Si no se hubiera ganado esa beca el camino habr\u00eda sido mucho m\u00e1s dif\u00edcil. Seguramente lo habr\u00eda logrado, pero a trav\u00e9s de sinuosas v\u00edas.<\/p>\n<p>Sus sue\u00f1os no paran y Karen desea seguir prepar\u00e1ndose por lo que ya se present\u00f3 a una beca de Colfuturo para estudiar en Australia un posgrado. Y si no lo logra en esta oportunidad seguir\u00e1 intentando porque sabe que en la vida para conseguir los proyectos hay que persistir. Como Karen cientos de mujeres casanare\u00f1as son ejemplo de empuje, valent\u00eda y fuerza, y su \u00edmpetu hoy m\u00e1s que nunca es aplaudido.<\/p>\n<p><strong>#ContenidoPatrocinado<\/strong><\/p>\n<h1><span style=\"color: #ff6600;\">Otras noticias&#8230;<\/span><\/h1>\n<blockquote class=\"wp-embedded-content\" data-secret=\"pgdlvd5Ons\"><p><a href=\"https:\/\/marthacifuentes.com\/portada\/2024\/03\/06\/exsenador-alexander-lopez-maya-se-posesiono-como-nuevo-director-del-dnp\/\">Exsenador Alexander L\u00f3pez Maya se posesion\u00f3 como nuevo director del DNP<\/a><\/p><\/blockquote>\n<p><iframe loading=\"lazy\" class=\"wp-embedded-content\" sandbox=\"allow-scripts\" security=\"restricted\" style=\"position: absolute; clip: rect(1px, 1px, 1px, 1px);\" title=\"\u00abExsenador Alexander L\u00f3pez Maya se posesion\u00f3 como nuevo director del DNP\u00bb \u2014 \u25b7 Noticias de Casanare : Martha Cifuentes | Casanare\" src=\"https:\/\/marthacifuentes.com\/portada\/2024\/03\/06\/exsenador-alexander-lopez-maya-se-posesiono-como-nuevo-director-del-dnp\/embed\/#?secret=DBCpqhYOPW#?secret=pgdlvd5Ons\" data-secret=\"pgdlvd5Ons\" width=\"500\" height=\"282\" frameborder=\"0\" marginwidth=\"0\" marginheight=\"0\" scrolling=\"no\"><\/iframe><\/p>\n<p><iframe loading=\"lazy\" class=\"wp-embedded-content\" title=\"\u00abElegidos alcaldes que representar\u00e1n a Casanare ante OCAD Regional Llanos para los pr\u00f3ximos 4 a\u00f1os\u00bb \u2014 \u25b7 Noticias de Casanare : Martha Cifuentes | Casanare\" src=\"https:\/\/marthacifuentes.com\/portada\/2024\/03\/06\/elegidos-alcaldes-que-representaran-a-casanare-ante-ocad-regional-llanos-para-los-proximos-4-anos\/embed\/#?secret=kfP76HLadT#?secret=QPgP6LESgY\" width=\"600\" height=\"621\" frameborder=\"0\" marginwidth=\"0\" marginheight=\"0\" scrolling=\"no\" sandbox=\"allow-scripts\" data-secret=\"QPgP6LESgY\" data-mce-fragment=\"1\"><\/iframe><\/p>\n<p><iframe loading=\"lazy\" class=\"wp-embedded-content\" title=\"\u00abCapturan a cuatro integrantes de Los Piquis, ladrones de motos en Casanare\u00bb \u2014 \u25b7 Noticias de Casanare : Martha Cifuentes | Casanare\" src=\"https:\/\/marthacifuentes.com\/portada\/2024\/03\/05\/capturan-a-cuatro-integrantes-de-los-piquis-ladrones-de-motos-en-casanare\/embed\/#?secret=UoJxqAhtH2#?secret=QCWp5wGRZC\" width=\"600\" height=\"621\" frameborder=\"0\" marginwidth=\"0\" marginheight=\"0\" scrolling=\"no\" sandbox=\"allow-scripts\" data-secret=\"QCWp5wGRZC\" data-mce-fragment=\"1\"><\/iframe><\/p>\n<p><iframe loading=\"lazy\" class=\"wp-embedded-content\" title=\"\u00ab4 delincuentes menos en las calles de Casanare. A la c\u00e1rcel miembros de \u201cLos Alacranes\u201d por secuestros y extorsiones.\u00bb \u2014 \u25b7 Noticias de Casanare : Martha Cifuentes | Casanare\" src=\"https:\/\/marthacifuentes.com\/portada\/2024\/03\/05\/4-delincuentes-menos-en-las-calles-de-casanare-a-la-carcel-miembros-de-los-alacranes-por-secuestros-y-extorsiones\/embed\/#?secret=yPyQHtt1tW#?secret=F9bXICQOM2\" width=\"600\" height=\"649\" frameborder=\"0\" marginwidth=\"0\" marginheight=\"0\" scrolling=\"no\" sandbox=\"allow-scripts\" data-secret=\"F9bXICQOM2\" data-mce-fragment=\"1\"><\/iframe><\/p>\n<p><iframe loading=\"lazy\" class=\"wp-embedded-content\" title=\"\u00abGobernador Zorro inspeccion\u00f3 recuperaci\u00f3n de v\u00edas terciar\u00edas. Pidi\u00f3 a contratistas no perder un solo peso de los casanare\u00f1os.\u00bb \u2014 \u25b7 Noticias de Casanare : Martha Cifuentes | Casanare\" src=\"https:\/\/marthacifuentes.com\/portada\/2024\/03\/05\/gobernador-zorro-inspecciono-recuperacion-de-vias-terciarias-pidio-a-contratistas-no-perder-un-solo-peso-de-los-casanarenos\/embed\/#?secret=tVP8mZnzvN#?secret=YvxBhUWAjy\" width=\"600\" height=\"649\" frameborder=\"0\" marginwidth=\"0\" marginheight=\"0\" scrolling=\"no\" sandbox=\"allow-scripts\" data-secret=\"YvxBhUWAjy\" data-mce-fragment=\"1\"><\/iframe><\/p>\n<p><iframe loading=\"lazy\" class=\"wp-embedded-content\" title=\"\u00abDespu\u00e9s de 15 a\u00f1os de no invertir en infraestructura educativa MinEducaci\u00f3n cofinanciar\u00e1 dos colegios en Yopal. Uno, el Centro Social y otro en La Bendici\u00f3n.\u00bb \u2014 \u25b7 Noticias de Casanare : Martha Cifuentes | Casanare\" src=\"https:\/\/marthacifuentes.com\/portada\/2024\/03\/05\/despues-de-15-anos-de-no-invertir-en-infraestructura-educativa-mineducacion-cofinanciara-dos-colegios-en-yopal-uno-el-centro-social-y-otro-en-la-bendicion\/embed\/#?secret=OepHGuJjEP#?secret=7IbgQTbsyE\" width=\"600\" height=\"607\" frameborder=\"0\" marginwidth=\"0\" marginheight=\"0\" scrolling=\"no\" sandbox=\"allow-scripts\" data-secret=\"7IbgQTbsyE\" data-mce-fragment=\"1\"><\/iframe><\/p>\n<p><iframe loading=\"lazy\" class=\"wp-embedded-content\" title=\"\u00abDos hombres a la c\u00e1rcel por abusar sexualmente de menores en Casanare. Uno era un profesor de danza.\u00bb \u2014 \u25b7 Noticias de Casanare : Martha Cifuentes | Casanare\" src=\"https:\/\/marthacifuentes.com\/portada\/2024\/03\/04\/dos-hombres-a-la-carcel-por-abusar-sexualmente-de-menores-en-casanare-uno-era-un-profesor-de-danza\/embed\/#?secret=TyFpaxK3Ha#?secret=rG9PCczr2H\" width=\"600\" height=\"621\" frameborder=\"0\" marginwidth=\"0\" marginheight=\"0\" scrolling=\"no\" sandbox=\"allow-scripts\" data-secret=\"rG9PCczr2H\" data-mce-fragment=\"1\"><\/iframe><\/p>\n<p><iframe loading=\"lazy\" class=\"wp-embedded-content\" title=\"\u00abCae tr\u00edo criminal del \u2018Clan del Golfo\u2019 con posible responsabilidad en homicidios de l\u00edderes sociales.\u00bb \u2014 \u25b7 Noticias de Casanare : Martha Cifuentes | Casanare\" src=\"https:\/\/marthacifuentes.com\/portada\/2024\/03\/04\/cae-trio-criminal-del-clan-del-golfo-con-posible-responsabilidad-en-homicidios-de-lideres-sociales\/embed\/#?secret=Siq1ij58Qh#?secret=Y08ckNYteU\" width=\"600\" height=\"621\" frameborder=\"0\" marginwidth=\"0\" marginheight=\"0\" scrolling=\"no\" sandbox=\"allow-scripts\" data-secret=\"Y08ckNYteU\" data-mce-fragment=\"1\"><\/iframe><\/p>\n<p><iframe loading=\"lazy\" class=\"wp-embedded-content\" title=\"\u00abConstrucci\u00f3n de hospital de Trinidad a paso de tortuga mientras que el de Villanueva va a buen ritmo, seg\u00fan Secretar\u00eda de Salud de Casanare.\u00bb \u2014 \u25b7 Noticias de Casanare : Martha Cifuentes | Casanare\" src=\"https:\/\/marthacifuentes.com\/portada\/2024\/03\/04\/construccion-de-hospital-de-trinidad-a-paso-de-tortuga-mientras-que-el-de-villanueva-va-a-buen-ritmo-segun-secretaria-de-salud-de-casanare\/embed\/#?secret=5xt2J8JN1i#?secret=h42uz91UZb\" width=\"600\" height=\"649\" frameborder=\"0\" marginwidth=\"0\" marginheight=\"0\" scrolling=\"no\" sandbox=\"allow-scripts\" data-secret=\"h42uz91UZb\" data-mce-fragment=\"1\"><\/iframe><\/p>\n<h2>Otras noticias\u2026<\/h2>\n<p><iframe loading=\"lazy\" class=\"wp-embedded-content\" title=\"\u00abInteresados en pr\u00e1cticas en Ecopetrol. Se abre convocatoria para estudiantes\u00bb \u2014 \u25b7 Noticias de Casanare : Martha Cifuentes | Casanare\" src=\"https:\/\/marthacifuentes.com\/portada\/2024\/03\/04\/interesados-en-practicas-en-ecopetrol-se-abre-convocatoria-para-estudiantes\/embed\/#?secret=RMZqrBAl84#?secret=VlzGOrQVWB\" width=\"600\" height=\"621\" frameborder=\"0\" marginwidth=\"0\" marginheight=\"0\" scrolling=\"no\" sandbox=\"allow-scripts\" data-secret=\"VlzGOrQVWB\" data-mce-fragment=\"1\"><\/iframe><\/p>\n<p><iframe loading=\"lazy\" class=\"wp-embedded-content\" title=\"\u00abYesid Camacho Fl\u00f3rez, el abogado y docente que asume la Personer\u00eda de Yopal\u00bb \u2014 \u25b7 Noticias de Casanare : Martha Cifuentes | Casanare\" src=\"https:\/\/marthacifuentes.com\/portada\/2024\/03\/01\/yesid-camacho-florez-el-abogado-y-docente-que-asume-la-personeria-de-yopal\/embed\/#?secret=vO65FzUncg#?secret=8yzQVgQRrF\" width=\"600\" height=\"620\" frameborder=\"0\" marginwidth=\"0\" marginheight=\"0\" scrolling=\"no\" sandbox=\"allow-scripts\" data-secret=\"8yzQVgQRrF\" data-mce-fragment=\"1\"><\/iframe><\/p>\n<p><iframe loading=\"lazy\" class=\"wp-embedded-content\" title=\"\u00abPor ignorar la ley concejal de Yopal Michael Castro pierde su investidura.\u00bb \u2014 \u25b7 Noticias de Casanare : Martha Cifuentes | Casanare\" src=\"https:\/\/marthacifuentes.com\/portada\/2024\/03\/01\/por-ignorar-la-ley-concejal-de-yopal-michael-castro-pierde-su-investidura\/embed\/#?secret=HgKIlQLScI#?secret=qFdOkkFgic\" width=\"600\" height=\"620\" frameborder=\"0\" marginwidth=\"0\" marginheight=\"0\" scrolling=\"no\" sandbox=\"allow-scripts\" data-secret=\"qFdOkkFgic\" data-mce-fragment=\"1\"><\/iframe><\/p>\n<p><iframe loading=\"lazy\" class=\"wp-embedded-content\" title=\"\u00abPlanta de Tratamiento de Agua de Yopal, un barril sin fondo. Declarada calamidad p\u00fablica para seguir invirtiendo en ella.\u00bb \u2014 \u25b7 Noticias de Casanare : Martha Cifuentes | Casanare\" src=\"https:\/\/marthacifuentes.com\/portada\/2024\/03\/01\/planta-de-tratamiento-de-agua-de-yopal-un-barril-sin-fondo-declarada-calamidad-publica-para-seguir-invirtiendo-en-ella\/embed\/#?secret=Kb3fVT3Wpk#?secret=IOz8qYv8Q1\" width=\"600\" height=\"628\" frameborder=\"0\" marginwidth=\"0\" marginheight=\"0\" scrolling=\"no\" sandbox=\"allow-scripts\" data-secret=\"IOz8qYv8Q1\" data-mce-fragment=\"1\"><\/iframe><\/p>\n<p><iframe loading=\"lazy\" class=\"wp-embedded-content\" title=\"\u00ab\u00bfTienes una empresa de servicios sofisticados? Esta convocatoria es para ti.\u00bb \u2014 \u25b7 Noticias de Casanare : Martha Cifuentes | Casanare\" src=\"https:\/\/marthacifuentes.com\/portada\/2024\/02\/29\/tienes-una-empresa-de-servicios-sofisticados-esta-convocatoria-es-para-ti\/embed\/#?secret=Xu8zdWVeCw#?secret=roaJKOVqKI\" width=\"600\" height=\"621\" frameborder=\"0\" marginwidth=\"0\" marginheight=\"0\" scrolling=\"no\" sandbox=\"allow-scripts\" data-secret=\"roaJKOVqKI\" data-mce-fragment=\"1\"><\/iframe><\/p>\n<p><iframe loading=\"lazy\" class=\"wp-embedded-content\" title=\"\u00abAlcald\u00edas de Casanare en la mira de la Contralor\u00eda por contratar con fondos mixtos. Se investiga posible elusi\u00f3n de impuestos pro adulto mayor y cultura.\u00bb \u2014 \u25b7 Noticias de Casanare : Martha Cifuentes | Casanare\" src=\"https:\/\/marthacifuentes.com\/portada\/2024\/02\/28\/alcaldias-de-casanare-en-la-mira-de-la-contraloria-por-contratar-con-fondos-mixtos-se-investiga-posible-elusion-de-impuestos-pro-adulto-mayor-y-cultura\/embed\/#?secret=7NWKyFEItl#?secret=WXLvhfBkI5\" width=\"600\" height=\"649\" frameborder=\"0\" marginwidth=\"0\" marginheight=\"0\" scrolling=\"no\" sandbox=\"allow-scripts\" data-secret=\"WXLvhfBkI5\" data-mce-fragment=\"1\"><\/iframe><\/p>\n<p><iframe loading=\"lazy\" class=\"wp-embedded-content\" title=\"\u00abCapresoca EPS obtiene pr\u00f3rroga de la Supersalud para seguir operando\u00bb \u2014 \u25b7 Noticias de Casanare : Martha Cifuentes | Casanare\" src=\"https:\/\/marthacifuentes.com\/portada\/2024\/02\/27\/capresoca-eps-obtiene-prorroga-de-la-supersalud-para-seguir-operando\/embed\/#?secret=apoOgwIWA7#?secret=XIx6OqENmV\" width=\"600\" height=\"598\" frameborder=\"0\" marginwidth=\"0\" marginheight=\"0\" scrolling=\"no\" sandbox=\"allow-scripts\" data-secret=\"XIx6OqENmV\" data-mce-fragment=\"1\"><\/iframe><\/p>\n<p><iframe loading=\"lazy\" class=\"wp-embedded-content\" title=\"\u00abOtra vez bandidos en dos motos atracaron a otro joven en Yopal. Le robaron su bicicleta.\u00bb \u2014 \u25b7 Noticias de Casanare : Martha Cifuentes | Casanare\" src=\"https:\/\/marthacifuentes.com\/portada\/2024\/02\/26\/otra-vez-bandidos-en-dos-motos-atracaron-a-otro-joven-en-yopal-le-robaron-su-bicicleta\/embed\/#?secret=uIZ9hBi9Go#?secret=OpYuccjHGo\" width=\"600\" height=\"599\" frameborder=\"0\" marginwidth=\"0\" marginheight=\"0\" scrolling=\"no\" sandbox=\"allow-scripts\" data-secret=\"OpYuccjHGo\" data-mce-fragment=\"1\"><\/iframe><\/p>\n<p><iframe loading=\"lazy\" class=\"wp-embedded-content\" title=\"\u00abDetr\u00e1s del atraco al joven de la bicicleta en Yopal, una historia de vida\u00bb \u2014 \u25b7 Noticias de Casanare : Martha Cifuentes | Casanare\" src=\"https:\/\/marthacifuentes.com\/portada\/2024\/02\/26\/detras-del-atraco-al-joven-de-la-bicicleta-en-yopal-una-historia-de-vida\/embed\/#?secret=TDGlRb9EG3#?secret=Rrey6VYSht\" width=\"600\" height=\"621\" frameborder=\"0\" marginwidth=\"0\" marginheight=\"0\" scrolling=\"no\" sandbox=\"allow-scripts\" data-secret=\"Rrey6VYSht\" data-mce-fragment=\"1\"><\/iframe><\/p>\n<p><iframe loading=\"lazy\" class=\"wp-embedded-content\" title=\"\u00abMariela Avenda\u00f1o Aljure muri\u00f3 sin encontrar a su esposo desaparecido hace 22 a\u00f1os en Aguazul, Casanare\u00a0\u00bb \u2014 \u25b7 Noticias de Casanare : Martha Cifuentes | Casanare\" src=\"https:\/\/marthacifuentes.com\/portada\/2024\/02\/23\/mariela-avendano-aljure-murio-sin-encontrar-a-su-esposo-desaparecido-hace-22-anos-en-aguazul-casanare\/embed\/#?secret=EgojSyFhAQ#?secret=kQYQLfcGQw\" width=\"600\" height=\"649\" frameborder=\"0\" marginwidth=\"0\" marginheight=\"0\" scrolling=\"no\" sandbox=\"allow-scripts\" data-secret=\"kQYQLfcGQw\" data-mce-fragment=\"1\"><\/iframe><\/p>\n<p><iframe loading=\"lazy\" class=\"wp-embedded-content\" title=\"\u00abProyectos agroindustriales y de v\u00edas, en primer orden, en cumbre de gobernadores de la Orinoqu\u00eda a realizarse ma\u00f1ana 23 de febrero en Yopal.\u00bb \u2014 \u25b7 Noticias de Casanare : Martha Cifuentes | Casanare\" src=\"https:\/\/marthacifuentes.com\/portada\/2024\/02\/22\/proyectos-agroindustriales-y-de-vias-en-primer-orden-en-cumbre-de-gobernadores-de-la-orinoquia-a-realizarse-manana-23-de-febrero-en-yopal\/embed\/#?secret=xm8eb5rMDh#?secret=cW6OdG56Rh\" width=\"600\" height=\"649\" frameborder=\"0\" marginwidth=\"0\" marginheight=\"0\" scrolling=\"no\" sandbox=\"allow-scripts\" data-secret=\"cW6OdG56Rh\" data-mce-fragment=\"1\"><\/iframe><\/p>\n<p><iframe loading=\"lazy\" class=\"wp-embedded-content\" title=\"\u00abYopal al borde de nueva crisis de agua por erosi\u00f3n del r\u00edo Cravo Sur. Se declarar\u00e1 Calamidad P\u00fablica para atender el problema.\u00bb \u2014 \u25b7 Noticias de Casanare : Martha Cifuentes | Casanare\" src=\"https:\/\/marthacifuentes.com\/portada\/2024\/02\/20\/yopal-al-borde-de-nueva-crisis-de-agua-por-erosion-del-rio-cravo-sur-se-declarara-calamidad-publica-para-atender-el-problema\/embed\/#?secret=XSejOsc8QR#?secret=mzV4XSVAAx\" width=\"600\" height=\"617\" frameborder=\"0\" marginwidth=\"0\" marginheight=\"0\" scrolling=\"no\" sandbox=\"allow-scripts\" data-secret=\"mzV4XSVAAx\" data-mce-fragment=\"1\"><\/iframe><\/p>\n<p><iframe loading=\"lazy\" class=\"wp-embedded-content\" title=\"\u00abNinis en Casanare: Casi la mitad de los j\u00f3venes no estudia ni trabaja y las mujeres sufren m\u00e1s la exclusi\u00f3n.\u00bb \u2014 \u25b7 Noticias de Casanare : Martha Cifuentes | Casanare\" src=\"https:\/\/marthacifuentes.com\/portada\/2024\/02\/20\/ninis-en-casanare-casi-la-mitad-de-los-jovenes-no-estudia-ni-trabaja-y-las-mujeres-sufren-mas-la-exclusion\/embed\/#?secret=ghYVK2iwNo#?secret=NyjgH2FYFP\" width=\"600\" height=\"628\" frameborder=\"0\" marginwidth=\"0\" marginheight=\"0\" scrolling=\"no\" sandbox=\"allow-scripts\" data-secret=\"NyjgH2FYFP\" data-mce-fragment=\"1\"><\/iframe><\/p>\n<p><iframe loading=\"lazy\" class=\"wp-embedded-content\" title=\"\u00abCapresoca ni tan bien ni tan mal. Por ahora se destaca entre las que cumple con las reservas t\u00e9cnicas legales. Pero le falta.\u00bb \u2014 \u25b7 Noticias de Casanare : Martha Cifuentes | Casanare\" src=\"https:\/\/marthacifuentes.com\/portada\/2024\/02\/19\/capresoca-ni-tan-bien-ni-tan-mal-por-ahora-se-destaca-entre-las-que-cumple-con-las-reservas-tecnicas-legales-pero-le-falta\/embed\/#?secret=vPqvpttug2#?secret=KYtyd0gHg4\" width=\"600\" height=\"606\" frameborder=\"0\" marginwidth=\"0\" marginheight=\"0\" scrolling=\"no\" sandbox=\"allow-scripts\" data-secret=\"KYtyd0gHg4\" data-mce-fragment=\"1\"><\/iframe><\/p>\n<p><iframe loading=\"lazy\" class=\"wp-embedded-content\" title=\"\u00abEl gobernador Zorro deber\u00e1 hacer lo que el congresista Zorro exigi\u00f3: proteger a las comunidades del r\u00edo Ariporo\u00bb \u2014 \u25b7 Noticias de Casanare : Martha Cifuentes | Casanare\" src=\"https:\/\/marthacifuentes.com\/portada\/2024\/02\/16\/el-gobernador-zorro-debera-hacer-lo-que-el-congresista-zorro-exigio-proteger-a-las-comunidades-del-rio-ariporo\/embed\/#?secret=RPVr2R4YID#?secret=6xxiXUEo5v\" width=\"600\" height=\"649\" frameborder=\"0\" marginwidth=\"0\" marginheight=\"0\" scrolling=\"no\" sandbox=\"allow-scripts\" data-secret=\"6xxiXUEo5v\" data-mce-fragment=\"1\"><\/iframe><\/p>\n<p><iframe loading=\"lazy\" class=\"wp-embedded-content\" title=\"\u00abDe vender helados a vivir de la caridad: el drama de una pareja de ancianos de Yopal que sufren de Alzheimer y pobreza\u00bb \u2014 \u25b7 Noticias de Casanare : Martha Cifuentes | Casanare\" src=\"https:\/\/marthacifuentes.com\/portada\/2024\/02\/15\/de-vender-helados-a-vivir-de-la-caridad-el-drama-de-una-pareja-de-ancianos-de-yopal-que-sufren-de-alzheimer-y-pobreza\/embed\/#?secret=opxDGBherD#?secret=j1vmdBqokR\" width=\"600\" height=\"649\" frameborder=\"0\" marginwidth=\"0\" marginheight=\"0\" scrolling=\"no\" sandbox=\"allow-scripts\" data-secret=\"j1vmdBqokR\" data-mce-fragment=\"1\"><\/iframe><\/p>\n<p><iframe loading=\"lazy\" class=\"wp-embedded-content\" title=\"\u00abA dedo alcaldes de Casanare contrataron al menos $224 mil millones de regal\u00edas. Usaron la figura de fondos o asociaciones de municipios de la costa.\u00bb \u2014 \u25b7 Noticias de Casanare : Martha Cifuentes | Casanare\" src=\"https:\/\/marthacifuentes.com\/portada\/2024\/02\/14\/a-dedo-alcaldes-de-casanare-contrataron-al-menos-224-mil-millones-de-regalias-usaron-la-figura-de-fondos-o-asociaciones-de-municipios-de-la-costa\/embed\/#?secret=24HuONsxU0#?secret=luBVRnp3f1\" width=\"600\" height=\"628\" frameborder=\"0\" marginwidth=\"0\" marginheight=\"0\" scrolling=\"no\" sandbox=\"allow-scripts\" data-secret=\"luBVRnp3f1\" data-mce-fragment=\"1\"><\/iframe><\/p>\n<p><iframe loading=\"lazy\" class=\"wp-embedded-content\" title=\"\u00abApersonarse del fallido programa de Torres del Silencio en Yopal pidi\u00f3 la Contralor\u00eda General a la Unidad Nacional de Gesti\u00f3n del Riesgo de Desastres.\u00bb \u2014 \u25b7 Noticias de Casanare : Martha Cifuentes | Casanare\" src=\"https:\/\/marthacifuentes.com\/portada\/2024\/02\/07\/apersonarse-del-fallido-programa-de-torres-del-silencio-en-yopal-pidio-la-contraloria-general-a-la-unidad-nacional-de-gestion-del-riesgo-de-desastres\/embed\/#?secret=LGmldBL0Ox#?secret=1bfa1E1TGo\" width=\"600\" height=\"638\" frameborder=\"0\" marginwidth=\"0\" marginheight=\"0\" scrolling=\"no\" sandbox=\"allow-scripts\" data-secret=\"1bfa1E1TGo\" data-mce-fragment=\"1\"><\/iframe><\/p>\n<p><iframe loading=\"lazy\" class=\"wp-embedded-content\" title=\"\u00ab\u00bfBanderas blancas? Diputados de la Comisi\u00f3n de Equidad para la Mujer eligen a Marisela Duarte como presidente.\u00bb \u2014 \u25b7 Noticias de Casanare : Martha Cifuentes | Casanare\" src=\"https:\/\/marthacifuentes.com\/portada\/2024\/01\/13\/banderas-blancas-diputados-de-la-comision-de-equidad-para-la-mujer-eligen-a-marisela-duarte-como-presidente\/embed\/#?secret=4AAxX3RiR0#?secret=Zpt4IDPrOe\" width=\"600\" height=\"649\" frameborder=\"0\" marginwidth=\"0\" marginheight=\"0\" scrolling=\"no\" sandbox=\"allow-scripts\" data-secret=\"Zpt4IDPrOe\" data-mce-fragment=\"1\"><\/iframe><\/p>\n<p><iframe loading=\"lazy\" class=\"wp-embedded-content\" title=\"\u00abEn los sube y baja de la v\u00eda del Cusiana, hoy fue reabierta. Pajarito celebra.\u00bb \u2014 \u25b7 Noticias de Casanare : Martha Cifuentes | Casanare\" src=\"https:\/\/marthacifuentes.com\/portada\/2023\/12\/29\/en-los-sube-y-baja-de-la-via-del-cusiana-hoy-fue-reabierta-pajarito-celebra\/embed\/#?secret=wwtAeLG2eK#?secret=38glVwStiJ\" width=\"600\" height=\"621\" frameborder=\"0\" marginwidth=\"0\" marginheight=\"0\" scrolling=\"no\" sandbox=\"allow-scripts\" data-secret=\"38glVwStiJ\" data-mce-fragment=\"1\"><\/iframe><\/p>\n<p><iframe loading=\"lazy\" class=\"wp-embedded-content\" title=\"\u00abAlcalde de Orocu\u00e9 Monchy Yobany Moreno, se destaca por ocupar primer puesto en desempe\u00f1o fiscal en Casanare.\u00bb \u2014 \u25b7 Noticias de Casanare : Martha Cifuentes | Casanare\" src=\"https:\/\/marthacifuentes.com\/portada\/2023\/12\/29\/alcalde-de-orocue-monchy-yobany-moreno-se-destaca-por-ocupar-primer-puesto-en-desempeno-fiscal-en-casanare\/embed\/#?secret=YzArX8Qe52#?secret=RmHMrZffiG\" width=\"600\" height=\"649\" frameborder=\"0\" marginwidth=\"0\" marginheight=\"0\" scrolling=\"no\" sandbox=\"allow-scripts\" data-secret=\"RmHMrZffiG\" data-mce-fragment=\"1\"><\/iframe><\/p>\n<p>&nbsp;<\/p>\n<p><iframe loading=\"lazy\" class=\"wp-embedded-content\" title=\"\u00abImprudencia de transportador en puente instalado en Los Grillos, obliga CIERRE nuevamente en v\u00eda del Cusiana\u00bb \u2014 \u25b7 Noticias de Casanare : Martha Cifuentes | Casanare\" src=\"https:\/\/marthacifuentes.com\/portada\/2023\/12\/28\/imprudencia-de-transportador-en-puente-instalado-en-los-grillos-obliga-cierre-nuevamente-en-via-del-cusiana\/embed\/#?secret=XYjfzunafm#?secret=rV65vQMFVO\" width=\"600\" height=\"628\" frameborder=\"0\" marginwidth=\"0\" marginheight=\"0\" scrolling=\"no\" sandbox=\"allow-scripts\" data-secret=\"rV65vQMFVO\" data-mce-fragment=\"1\"><\/iframe><\/p>\n<p><iframe loading=\"lazy\" class=\"wp-embedded-content\" title=\"\u00abCovioriente contin\u00faa con censo vehicular en los peajes Tacuya y Yopal en Casanare.\u00bb \u2014 \u25b7 Noticias de Casanare : Martha Cifuentes | Casanare\" src=\"https:\/\/marthacifuentes.com\/portada\/2023\/12\/21\/covioriente-continua-con-censo-vehicular-en-los-peajes-tacuya-y-yopal-en-casanare\/embed\/#?secret=Dk5B5Ti4Xf#?secret=LR604qTdrU\" width=\"600\" height=\"621\" frameborder=\"0\" marginwidth=\"0\" marginheight=\"0\" scrolling=\"no\" sandbox=\"allow-scripts\" data-secret=\"LR604qTdrU\" data-mce-fragment=\"1\"><\/iframe><\/p>\n<p>&nbsp;<\/p>\n","protected":false},"excerpt":{"rendered":"<p>\u201cLos sue\u00f1os s\u00ed se cumplen\u2026 Desde los ocho a\u00f1os so\u00f1aba con estudiar en la Escuela Colombiana de Ingenier\u00eda Julio Garavito. Recuerdo que siempre trabaj\u00e9 y me esforc\u00e9 en ello, toqu\u00e9 puertas, estudi\u00e9 y a pesar de los obst\u00e1culos y de que me dec\u00edan que las mujeres no pod\u00edamos sab\u00eda que lo pod\u00eda hacer y lo &hellip;<\/p>\n","protected":false},"author":2,"featured_media":32613,"comment_status":"open","ping_status":"open","sticky":false,"template":"","format":"standard","meta":{"om_disable_all_campaigns":false,"_exactmetrics_skip_tracking":false,"_exactmetrics_sitenote_active":false,"_exactmetrics_sitenote_note":"","_exactmetrics_sitenote_category":0,"_monsterinsights_skip_tracking":false,"_monsterinsights_sitenote_active":false,"_monsterinsights_sitenote_note":"","_monsterinsights_sitenote_category":0,"_uf_show_specific_survey":0,"_uf_disable_surveys":false,"_joinchat":[],"footnotes":""},"categories":[147,146,145],"tags":[9556,9557,1400,3763],"class_list":["post-32612","post","type-post","status-publish","format-standard","has-post-thumbnail","hentry","category-actualidad","category-noticias","category-reportajes","tag-geopark-karen-vanessa-torres-cachay","tag-karen-torres-ingeniera-civil-becada-por-geopark","tag-noticias-casanare","tag-noticias-tauramena"],"yoast_head":"<!-- This site is optimized with the Yoast SEO plugin v26.1 - https:\/\/yoast.com\/wordpress\/plugins\/seo\/ -->\n<title>\u201cGeoPark me cambi\u00f3 la vida\u201d: Karen Torres, ingeniera civil que venci\u00f3 los obst\u00e1culos y cumpli\u00f3 su sue\u00f1o - \u25b7 Noticias de Casanare : Martha Cifuentes | Casanare<\/title>\n<meta name=\"robots\" content=\"index, follow, max-snippet:-1, max-image-preview:large, max-video-preview:-1\" \/>\n<link rel=\"canonical\" href=\"https:\/\/marthacifuentes.com\/portada\/geopark-me-cambio-la-vida-karen-torres-ingeniera-civil-que-vencio-los-obstaculos-y-cumplio-su-sueno\/\" \/>\n<meta property=\"og:locale\" content=\"es_ES\" \/>\n<meta property=\"og:type\" content=\"article\" \/>\n<meta property=\"og:title\" content=\"\u201cGeoPark me cambi\u00f3 la vida\u201d: Karen Torres, ingeniera civil que venci\u00f3 los obst\u00e1culos y cumpli\u00f3 su sue\u00f1o - \u25b7 Noticias de Casanare : Martha Cifuentes | Casanare\" \/>\n<meta property=\"og:description\" content=\"\u201cLos sue\u00f1os s\u00ed se cumplen\u2026 Desde los ocho a\u00f1os so\u00f1aba con estudiar en la Escuela Colombiana de Ingenier\u00eda Julio Garavito. Recuerdo que siempre trabaj\u00e9 y me esforc\u00e9 en ello, toqu\u00e9 puertas, estudi\u00e9 y a pesar de los obst\u00e1culos y de que me dec\u00edan que las mujeres no pod\u00edamos sab\u00eda que lo pod\u00eda hacer y lo &hellip;\" \/>\n<meta property=\"og:url\" content=\"https:\/\/marthacifuentes.com\/portada\/geopark-me-cambio-la-vida-karen-torres-ingeniera-civil-que-vencio-los-obstaculos-y-cumplio-su-sueno\/\" \/>\n<meta property=\"og:site_name\" content=\"\u25b7 Noticias de Casanare : Martha Cifuentes | Casanare\" \/>\n<meta property=\"article:published_time\" content=\"2024-03-08T13:29:49+00:00\" \/>\n<meta property=\"og:image\" content=\"https:\/\/marthacifuentes.com\/portada\/wp-content\/uploads\/2024\/03\/karen-Vanessa-Torres.jpg\" \/>\n\t<meta property=\"og:image:width\" content=\"1600\" \/>\n\t<meta property=\"og:image:height\" content=\"900\" \/>\n\t<meta property=\"og:image:type\" content=\"image\/jpeg\" \/>\n<meta name=\"author\" content=\"Martha Cifuentes\" \/>\n<meta name=\"twitter:card\" content=\"summary_large_image\" \/>\n<meta name=\"twitter:label1\" content=\"Escrito por\" \/>\n\t<meta name=\"twitter:data1\" content=\"Martha Cifuentes\" \/>\n\t<meta name=\"twitter:label2\" content=\"Tiempo de lectura\" \/>\n\t<meta name=\"twitter:data2\" content=\"5 minutos\" \/>\n<script type=\"application\/ld+json\" class=\"yoast-schema-graph\">{\"@context\":\"https:\/\/schema.org\",\"@graph\":[{\"@type\":\"WebPage\",\"@id\":\"https:\/\/marthacifuentes.com\/portada\/geopark-me-cambio-la-vida-karen-torres-ingeniera-civil-que-vencio-los-obstaculos-y-cumplio-su-sueno\/\",\"url\":\"https:\/\/marthacifuentes.com\/portada\/geopark-me-cambio-la-vida-karen-torres-ingeniera-civil-que-vencio-los-obstaculos-y-cumplio-su-sueno\/\",\"name\":\"\u201cGeoPark me cambi\u00f3 la vida\u201d: Karen Torres, ingeniera civil que venci\u00f3 los obst\u00e1culos y cumpli\u00f3 su sue\u00f1o - \u25b7 Noticias de Casanare : Martha Cifuentes | Casanare\",\"isPartOf\":{\"@id\":\"https:\/\/marthacifuentes.com\/portada\/#website\"},\"primaryImageOfPage\":{\"@id\":\"https:\/\/marthacifuentes.com\/portada\/geopark-me-cambio-la-vida-karen-torres-ingeniera-civil-que-vencio-los-obstaculos-y-cumplio-su-sueno\/#primaryimage\"},\"image\":{\"@id\":\"https:\/\/marthacifuentes.com\/portada\/geopark-me-cambio-la-vida-karen-torres-ingeniera-civil-que-vencio-los-obstaculos-y-cumplio-su-sueno\/#primaryimage\"},\"thumbnailUrl\":\"https:\/\/marthacifuentes.com\/portada\/wp-content\/uploads\/2024\/03\/karen-Vanessa-Torres.jpg\",\"datePublished\":\"2024-03-08T13:29:49+00:00\",\"author\":{\"@id\":\"https:\/\/marthacifuentes.com\/portada\/#\/schema\/person\/57f53174b991db5f90ff78d58502b714\"},\"breadcrumb\":{\"@id\":\"https:\/\/marthacifuentes.com\/portada\/geopark-me-cambio-la-vida-karen-torres-ingeniera-civil-que-vencio-los-obstaculos-y-cumplio-su-sueno\/#breadcrumb\"},\"inLanguage\":\"es\",\"potentialAction\":[{\"@type\":\"ReadAction\",\"target\":[\"https:\/\/marthacifuentes.com\/portada\/geopark-me-cambio-la-vida-karen-torres-ingeniera-civil-que-vencio-los-obstaculos-y-cumplio-su-sueno\/\"]}]},{\"@type\":\"ImageObject\",\"inLanguage\":\"es\",\"@id\":\"https:\/\/marthacifuentes.com\/portada\/geopark-me-cambio-la-vida-karen-torres-ingeniera-civil-que-vencio-los-obstaculos-y-cumplio-su-sueno\/#primaryimage\",\"url\":\"https:\/\/marthacifuentes.com\/portada\/wp-content\/uploads\/2024\/03\/karen-Vanessa-Torres.jpg\",\"contentUrl\":\"https:\/\/marthacifuentes.com\/portada\/wp-content\/uploads\/2024\/03\/karen-Vanessa-Torres.jpg\",\"width\":1600,\"height\":900},{\"@type\":\"BreadcrumbList\",\"@id\":\"https:\/\/marthacifuentes.com\/portada\/geopark-me-cambio-la-vida-karen-torres-ingeniera-civil-que-vencio-los-obstaculos-y-cumplio-su-sueno\/#breadcrumb\",\"itemListElement\":[{\"@type\":\"ListItem\",\"position\":1,\"name\":\"Portada\",\"item\":\"https:\/\/marthacifuentes.com\/portada\/\"},{\"@type\":\"ListItem\",\"position\":2,\"name\":\"\u201cGeoPark me cambi\u00f3 la vida\u201d: Karen Torres, ingeniera civil que venci\u00f3 los obst\u00e1culos y cumpli\u00f3 su sue\u00f1o\"}]},{\"@type\":\"WebSite\",\"@id\":\"https:\/\/marthacifuentes.com\/portada\/#website\",\"url\":\"https:\/\/marthacifuentes.com\/portada\/\",\"name\":\"\u25b7 Noticias de Casanare : Martha Cifuentes | Casanare\",\"description\":\"Noticias &amp; Contenidos\",\"potentialAction\":[{\"@type\":\"SearchAction\",\"target\":{\"@type\":\"EntryPoint\",\"urlTemplate\":\"https:\/\/marthacifuentes.com\/portada\/?s={search_term_string}\"},\"query-input\":{\"@type\":\"PropertyValueSpecification\",\"valueRequired\":true,\"valueName\":\"search_term_string\"}}],\"inLanguage\":\"es\"},{\"@type\":\"Person\",\"@id\":\"https:\/\/marthacifuentes.com\/portada\/#\/schema\/person\/57f53174b991db5f90ff78d58502b714\",\"name\":\"Martha Cifuentes\",\"image\":{\"@type\":\"ImageObject\",\"inLanguage\":\"es\",\"@id\":\"https:\/\/marthacifuentes.com\/portada\/#\/schema\/person\/image\/\",\"url\":\"http:\/\/marthacifuentes.com\/portada\/wp-content\/uploads\/2018\/06\/avatar_user_2_1528838701-96x96.jpg\",\"contentUrl\":\"http:\/\/marthacifuentes.com\/portada\/wp-content\/uploads\/2018\/06\/avatar_user_2_1528838701-96x96.jpg\",\"caption\":\"Martha Cifuentes\"},\"sameAs\":[\"http:\/\/www.marthacifuentes.com\"],\"url\":\"https:\/\/marthacifuentes.com\/portada\/author\/martha\/\"}]}<\/script>\n<!-- \/ Yoast SEO plugin. -->","yoast_head_json":{"title":"\u201cGeoPark me cambi\u00f3 la vida\u201d: Karen Torres, ingeniera civil que venci\u00f3 los obst\u00e1culos y cumpli\u00f3 su sue\u00f1o - \u25b7 Noticias de Casanare : Martha Cifuentes | Casanare","robots":{"index":"index","follow":"follow","max-snippet":"max-snippet:-1","max-image-preview":"max-image-preview:large","max-video-preview":"max-video-preview:-1"},"canonical":"https:\/\/marthacifuentes.com\/portada\/geopark-me-cambio-la-vida-karen-torres-ingeniera-civil-que-vencio-los-obstaculos-y-cumplio-su-sueno\/","og_locale":"es_ES","og_type":"article","og_title":"\u201cGeoPark me cambi\u00f3 la vida\u201d: Karen Torres, ingeniera civil que venci\u00f3 los obst\u00e1culos y cumpli\u00f3 su sue\u00f1o - \u25b7 Noticias de Casanare : Martha Cifuentes | Casanare","og_description":"\u201cLos sue\u00f1os s\u00ed se cumplen\u2026 Desde los ocho a\u00f1os so\u00f1aba con estudiar en la Escuela Colombiana de Ingenier\u00eda Julio Garavito. Recuerdo que siempre trabaj\u00e9 y me esforc\u00e9 en ello, toqu\u00e9 puertas, estudi\u00e9 y a pesar de los obst\u00e1culos y de que me dec\u00edan que las mujeres no pod\u00edamos sab\u00eda que lo pod\u00eda hacer y lo &hellip;","og_url":"https:\/\/marthacifuentes.com\/portada\/geopark-me-cambio-la-vida-karen-torres-ingeniera-civil-que-vencio-los-obstaculos-y-cumplio-su-sueno\/","og_site_name":"\u25b7 Noticias de Casanare : Martha Cifuentes | Casanare","article_published_time":"2024-03-08T13:29:49+00:00","og_image":[{"width":1600,"height":900,"url":"https:\/\/marthacifuentes.com\/portada\/wp-content\/uploads\/2024\/03\/karen-Vanessa-Torres.jpg","type":"image\/jpeg"}],"author":"Martha Cifuentes","twitter_card":"summary_large_image","twitter_misc":{"Escrito por":"Martha Cifuentes","Tiempo de lectura":"5 minutos"},"schema":{"@context":"https:\/\/schema.org","@graph":[{"@type":"WebPage","@id":"https:\/\/marthacifuentes.com\/portada\/geopark-me-cambio-la-vida-karen-torres-ingeniera-civil-que-vencio-los-obstaculos-y-cumplio-su-sueno\/","url":"https:\/\/marthacifuentes.com\/portada\/geopark-me-cambio-la-vida-karen-torres-ingeniera-civil-que-vencio-los-obstaculos-y-cumplio-su-sueno\/","name":"\u201cGeoPark me cambi\u00f3 la vida\u201d: Karen Torres, ingeniera civil que venci\u00f3 los obst\u00e1culos y cumpli\u00f3 su sue\u00f1o - \u25b7 Noticias de Casanare : Martha Cifuentes | Casanare","isPartOf":{"@id":"https:\/\/marthacifuentes.com\/portada\/#website"},"primaryImageOfPage":{"@id":"https:\/\/marthacifuentes.com\/portada\/geopark-me-cambio-la-vida-karen-torres-ingeniera-civil-que-vencio-los-obstaculos-y-cumplio-su-sueno\/#primaryimage"},"image":{"@id":"https:\/\/marthacifuentes.com\/portada\/geopark-me-cambio-la-vida-karen-torres-ingeniera-civil-que-vencio-los-obstaculos-y-cumplio-su-sueno\/#primaryimage"},"thumbnailUrl":"https:\/\/marthacifuentes.com\/portada\/wp-content\/uploads\/2024\/03\/karen-Vanessa-Torres.jpg","datePublished":"2024-03-08T13:29:49+00:00","author":{"@id":"https:\/\/marthacifuentes.com\/portada\/#\/schema\/person\/57f53174b991db5f90ff78d58502b714"},"breadcrumb":{"@id":"https:\/\/marthacifuentes.com\/portada\/geopark-me-cambio-la-vida-karen-torres-ingeniera-civil-que-vencio-los-obstaculos-y-cumplio-su-sueno\/#breadcrumb"},"inLanguage":"es","potentialAction":[{"@type":"ReadAction","target":["https:\/\/marthacifuentes.com\/portada\/geopark-me-cambio-la-vida-karen-torres-ingeniera-civil-que-vencio-los-obstaculos-y-cumplio-su-sueno\/"]}]},{"@type":"ImageObject","inLanguage":"es","@id":"https:\/\/marthacifuentes.com\/portada\/geopark-me-cambio-la-vida-karen-torres-ingeniera-civil-que-vencio-los-obstaculos-y-cumplio-su-sueno\/#primaryimage","url":"https:\/\/marthacifuentes.com\/portada\/wp-content\/uploads\/2024\/03\/karen-Vanessa-Torres.jpg","contentUrl":"https:\/\/marthacifuentes.com\/portada\/wp-content\/uploads\/2024\/03\/karen-Vanessa-Torres.jpg","width":1600,"height":900},{"@type":"BreadcrumbList","@id":"https:\/\/marthacifuentes.com\/portada\/geopark-me-cambio-la-vida-karen-torres-ingeniera-civil-que-vencio-los-obstaculos-y-cumplio-su-sueno\/#breadcrumb","itemListElement":[{"@type":"ListItem","position":1,"name":"Portada","item":"https:\/\/marthacifuentes.com\/portada\/"},{"@type":"ListItem","position":2,"name":"\u201cGeoPark me cambi\u00f3 la vida\u201d: Karen Torres, ingeniera civil que venci\u00f3 los obst\u00e1culos y cumpli\u00f3 su sue\u00f1o"}]},{"@type":"WebSite","@id":"https:\/\/marthacifuentes.com\/portada\/#website","url":"https:\/\/marthacifuentes.com\/portada\/","name":"\u25b7 Noticias de Casanare : Martha Cifuentes | Casanare","description":"Noticias &amp; Contenidos","potentialAction":[{"@type":"SearchAction","target":{"@type":"EntryPoint","urlTemplate":"https:\/\/marthacifuentes.com\/portada\/?s={search_term_string}"},"query-input":{"@type":"PropertyValueSpecification","valueRequired":true,"valueName":"search_term_string"}}],"inLanguage":"es"},{"@type":"Person","@id":"https:\/\/marthacifuentes.com\/portada\/#\/schema\/person\/57f53174b991db5f90ff78d58502b714","name":"Martha Cifuentes","image":{"@type":"ImageObject","inLanguage":"es","@id":"https:\/\/marthacifuentes.com\/portada\/#\/schema\/person\/image\/","url":"http:\/\/marthacifuentes.com\/portada\/wp-content\/uploads\/2018\/06\/avatar_user_2_1528838701-96x96.jpg","contentUrl":"http:\/\/marthacifuentes.com\/portada\/wp-content\/uploads\/2018\/06\/avatar_user_2_1528838701-96x96.jpg","caption":"Martha Cifuentes"},"sameAs":["http:\/\/www.marthacifuentes.com"],"url":"https:\/\/marthacifuentes.com\/portada\/author\/martha\/"}]}},"_links":{"self":[{"href":"https:\/\/marthacifuentes.com\/portada\/wp-json\/wp\/v2\/posts\/32612","targetHints":{"allow":["GET"]}}],"collection":[{"href":"https:\/\/marthacifuentes.com\/portada\/wp-json\/wp\/v2\/posts"}],"about":[{"href":"https:\/\/marthacifuentes.com\/portada\/wp-json\/wp\/v2\/types\/post"}],"author":[{"embeddable":true,"href":"https:\/\/marthacifuentes.com\/portada\/wp-json\/wp\/v2\/users\/2"}],"replies":[{"embeddable":true,"href":"https:\/\/marthacifuentes.com\/portada\/wp-json\/wp\/v2\/comments?post=32612"}],"version-history":[{"count":2,"href":"https:\/\/marthacifuentes.com\/portada\/wp-json\/wp\/v2\/posts\/32612\/revisions"}],"predecessor-version":[{"id":32616,"href":"https:\/\/marthacifuentes.com\/portada\/wp-json\/wp\/v2\/posts\/32612\/revisions\/32616"}],"wp:featuredmedia":[{"embeddable":true,"href":"https:\/\/marthacifuentes.com\/portada\/wp-json\/wp\/v2\/media\/32613"}],"wp:attachment":[{"href":"https:\/\/marthacifuentes.com\/portada\/wp-json\/wp\/v2\/media?parent=32612"}],"wp:term":[{"taxonomy":"category","embeddable":true,"href":"https:\/\/marthacifuentes.com\/portada\/wp-json\/wp\/v2\/categories?post=32612"},{"taxonomy":"post_tag","embeddable":true,"href":"https:\/\/marthacifuentes.com\/portada\/wp-json\/wp\/v2\/tags?post=32612"}],"curies":[{"name":"wp","href":"https:\/\/api.w.org\/{rel}","templated":true}]}}