{"id":32630,"date":"2024-03-11T16:36:00","date_gmt":"2024-03-11T21:36:00","guid":{"rendered":"https:\/\/marthacifuentes.com\/portada\/?p=32630"},"modified":"2024-03-11T16:38:12","modified_gmt":"2024-03-11T21:38:12","slug":"mujeres-cientificas-en-colombia-una-minoria-con-menos-oportunidades-persiste-desigualdad-de-genero","status":"publish","type":"post","link":"https:\/\/marthacifuentes.com\/portada\/mujeres-cientificas-en-colombia-una-minoria-con-menos-oportunidades-persiste-desigualdad-de-genero\/","title":{"rendered":"Mujeres cient\u00edficas en Colombia: una minor\u00eda con menos oportunidades. Persiste desigualdad de g\u00e9nero."},"content":{"rendered":"<p style=\"background: white; user-select: text; word-break: break-word; line-height: var(--cib-type-body2-line-height); font-variation-settings: var(--cib-type-body2-font-variation-settings); font-variant-ligatures: normal; font-variant-caps: normal; orphans: 2; text-align: start; widows: 2; -webkit-text-stroke-width: 0px; text-decoration-thickness: initial; text-decoration-style: initial; text-decoration-color: initial; word-spacing: 0px; margin: 9.0pt 0cm 0cm 0cm;\"><span style=\"font-size: 11.0pt; font-family: 'Arial',sans-serif; color: #111111;\">Un estudio publicado en la revista PLoS One revela que en Colombia hay una subrepresentaci\u00f3n de mujeres en el campo de las ciencias naturales. Aunque m\u00e1s mujeres que hombres estudian carreras de pregrado y maestr\u00eda en esta \u00e1rea, pocas logran consolidarse como investigadoras exitosas y reconocidas.<\/span><\/p>\n<p style=\"background: white; user-select: text; word-break: break-word; line-height: var(--cib-type-body2-line-height); font-variation-settings: var(--cib-type-body2-font-variation-settings); font-variant-ligatures: normal; font-variant-caps: normal; orphans: 2; text-align: start; widows: 2; -webkit-text-stroke-width: 0px; text-decoration-thickness: initial; text-decoration-style: initial; text-decoration-color: initial; word-spacing: 0px; margin: 9.0pt 0cm 0cm 0cm;\"><span style=\"font-size: 11.0pt; font-family: 'Arial',sans-serif; color: #111111;\">El estudio, liderado por Andrea Paz, de la Universit\u00e9 de Montr\u00e9al (Canad\u00e1) y Carolina Pardo, decana de la Facultad de Ciencias Naturales de la Universidad del Rosario, analiz\u00f3 el avance profesional, los roles de liderazgo y la financiaci\u00f3n de la investigaci\u00f3n en ciencias naturales en Colombia con enfoque de g\u00e9nero. Los resultados muestran que las mujeres enfrentan grandes limitantes para acceder a becas, proyectos, categor\u00edas y grupos de investigaci\u00f3n de alto nivel.<\/span><\/p>\n<p style=\"background: white; user-select: text; word-break: break-word; line-height: var(--cib-type-body2-line-height); font-variation-settings: var(--cib-type-body2-font-variation-settings); font-variant-ligatures: normal; font-variant-caps: normal; orphans: 2; text-align: start; widows: 2; -webkit-text-stroke-width: 0px; text-decoration-thickness: initial; text-decoration-style: initial; text-decoration-color: initial; word-spacing: 0px; margin: 9.0pt 0cm 0cm 0cm;\"><span style=\"font-size: 11.0pt; font-family: 'Arial',sans-serif; color: #111111;\">Seg\u00fan Pardo, entre 2015 y 2019 solo el 40 % de las becas doctorales y el 36 % de las becas posdoctorales en ciencias naturales fueron otorgadas a mujeres. Adem\u00e1s, muchas j\u00f3venes investigadoras con maestr\u00eda desisten de continuar una carrera cient\u00edfica, lo que genera una \u201ctuber\u00eda con fugas\u201d de talento femenino.<\/span><\/p>\n<p style=\"background: white; user-select: text; word-break: break-word; line-height: var(--cib-type-body2-line-height); font-variation-settings: var(--cib-type-body2-font-variation-settings); font-variant-ligatures: normal; font-variant-caps: normal; orphans: 2; text-align: start; widows: 2; -webkit-text-stroke-width: 0px; text-decoration-thickness: initial; text-decoration-style: initial; text-decoration-color: initial; word-spacing: 0px; margin: 9.0pt 0cm 0cm 0cm;\"><span style=\"font-size: 11.0pt; font-family: 'Arial',sans-serif; color: #111111;\">El estudio tambi\u00e9n expone que las mujeres representan menos del 40 % de los investigadores en ciencias naturales en el pa\u00eds y lideran \u00fanicamente el 30 % de los grupos de investigaci\u00f3n en esta \u00e1rea. Seg\u00fan Paz, las mujeres que permanecen en carreras de investigaci\u00f3n en Colombia tienen una menor huella investigativa que los hombres y suelen estar clasificadas en categor\u00edas y rangos inferiores.<\/span><\/p>\n<p style=\"background: white; user-select: text; word-break: break-word; line-height: var(--cib-type-body2-line-height); font-variation-settings: var(--cib-type-body2-font-variation-settings); font-variant-ligatures: normal; font-variant-caps: normal; orphans: 2; text-align: start; widows: 2; -webkit-text-stroke-width: 0px; text-decoration-thickness: initial; text-decoration-style: initial; text-decoration-color: initial; word-spacing: 0px; margin: 9.0pt 0cm 0cm 0cm;\"><span style=\"font-size: 11.0pt; font-family: 'Arial',sans-serif; color: #111111;\">El estudio evidencia la desigualdad de g\u00e9nero que existe en el ecosistema de investigaci\u00f3n nacional en las ciencias naturales y plantea la necesidad de implementar pol\u00edticas y acciones que promuevan la participaci\u00f3n y el reconocimiento de las mujeres cient\u00edficas en Colombia.<\/span><\/p>\n<p style=\"background: white;\"><span style=\"font-size: 11.0pt; font-family: 'Arial',sans-serif; color: #111111;\">\u201cLos datos nos revelaron una disminuci\u00f3n de casi 15 puntos porcentuales de j\u00f3venes investigadoras con maestr\u00eda que desisten de continuar una carrera cient\u00edfica. La brecha aumenta a\u00fan m\u00e1s a nivel postdoctoral, ya que seg\u00fan los datos de la m\u00e1s reciente convocatoria de postdoctorados de MinCiencias en el 2021, solo el 36 % de las becas posdoctorales en ciencias naturales se otorgaron a mujeres\u201d, explic\u00f3 Pardo.<\/span><\/p>\n<p style=\"background: white;\"><span style=\"font-size: 11.0pt; font-family: 'Arial',sans-serif; color: #111111;\">La mayor preocupaci\u00f3n es quiz\u00e1s el poco avance en mejorar esta situaci\u00f3n, ya que en un lapso de ocho a\u00f1os solo ha habido un leve aumento del 4 % en la representaci\u00f3n de mujeres en el sistema nacional de investigaci\u00f3n como l\u00edderes de grupos e investigadoras reconocidas, resalt\u00f3 la investigadora.<\/span><\/p>\n<p style=\"background: white;\"><span style=\"font-size: 11.0pt; font-family: 'Arial',sans-serif; color: #111111;\">Aunque la menor productividad cient\u00edfica de las mujeres usualmente se asocia con responsabilidades de cuidado de los hijos u otros familiares, en Colombia el avance de los investigadores hacia categor\u00edas m\u00e1s altas depende en gran medida de la producci\u00f3n cient\u00edfica, la obtenci\u00f3n de financiaci\u00f3n y la mentor\u00eda de estudiantes, y es probable que las mujeres progresen m\u00e1s lentamente que los hombres debido a su menor desempe\u00f1o en estos indicadores. Esto sugiere que las mujeres enfrentan barreras de g\u00e9nero que limitan sus carreras.<\/span><\/p>\n<p style=\"background: white;\"><span style=\"font-size: 11.0pt; font-family: 'Arial',sans-serif; color: #111111;\">\u00a0<\/span><span style=\"font-size: 11.0pt; font-family: 'Arial',sans-serif; color: #111111;\">\u201cDesde hace muchos sabemos que existen sesgos de g\u00e9nero que afectan la tasa de publicaci\u00f3n de las mujeres, adem\u00e1s, las mujeres cient\u00edficas tienen usualmente menos tiempo para la investigaci\u00f3n producto de los sesgos de g\u00e9nero, ya que una gran proporci\u00f3n de la carga administrativa y docente en entornos acad\u00e9micos se asigna a las mujeres, impactando directamente en su productividad, satisfacci\u00f3n laboral y niveles de estr\u00e9s\u201d, agreg\u00f3 la investigadora Andrea Paz.<\/span><\/p>\n<h2><span style=\"color: #ff6600;\">Otras noticias&#8230;<\/span><\/h2>\n<blockquote class=\"wp-embedded-content\" data-secret=\"3N72iifQqg\"><p><a href=\"https:\/\/marthacifuentes.com\/portada\/2024\/03\/11\/hay-mas-de-1-200-vacantes-en-todo-el-pais-oferta-la-cnsc-en-casanare-tambien-hay-empleos\/\">Hay m\u00e1s de 1.200 vacantes en todo el pa\u00eds. Oferta la CNSC. En Casanare tambi\u00e9n hay empleos.<\/a><\/p><\/blockquote>\n<p><iframe loading=\"lazy\" class=\"wp-embedded-content\" sandbox=\"allow-scripts\" security=\"restricted\" style=\"position: absolute; clip: rect(1px, 1px, 1px, 1px);\" title=\"\u00abHay m\u00e1s de 1.200 vacantes en todo el pa\u00eds. Oferta la CNSC. En Casanare tambi\u00e9n hay empleos.\u00bb \u2014 \u25b7 Noticias de Casanare : Martha Cifuentes | Casanare\" src=\"https:\/\/marthacifuentes.com\/portada\/2024\/03\/11\/hay-mas-de-1-200-vacantes-en-todo-el-pais-oferta-la-cnsc-en-casanare-tambien-hay-empleos\/embed\/#?secret=odUW3zryKi#?secret=3N72iifQqg\" data-secret=\"3N72iifQqg\" width=\"500\" height=\"282\" frameborder=\"0\" marginwidth=\"0\" marginheight=\"0\" scrolling=\"no\"><\/iframe><\/p>\n<blockquote class=\"wp-embedded-content\" data-secret=\"fgrXMe7Ok0\"><p><a href=\"https:\/\/marthacifuentes.com\/portada\/2024\/03\/11\/mientras-el-gobernador-zorro-lidera-patrullajes-de-seguridad-en-yopal-delincuentes-motorizados-siguen-atracando\/\">Mientras el gobernador Zorro lidera patrullajes de seguridad en Yopal, delincuentes motorizados siguen atracando.<\/a><\/p><\/blockquote>\n<p><iframe loading=\"lazy\" class=\"wp-embedded-content\" sandbox=\"allow-scripts\" security=\"restricted\" style=\"position: absolute; clip: rect(1px, 1px, 1px, 1px);\" title=\"\u00abMientras el gobernador Zorro lidera patrullajes de seguridad en Yopal, delincuentes motorizados siguen atracando.\u00bb \u2014 \u25b7 Noticias de Casanare : Martha Cifuentes | Casanare\" src=\"https:\/\/marthacifuentes.com\/portada\/2024\/03\/11\/mientras-el-gobernador-zorro-lidera-patrullajes-de-seguridad-en-yopal-delincuentes-motorizados-siguen-atracando\/embed\/#?secret=WfZd6roTPb#?secret=fgrXMe7Ok0\" data-secret=\"fgrXMe7Ok0\" width=\"500\" height=\"282\" frameborder=\"0\" marginwidth=\"0\" marginheight=\"0\" scrolling=\"no\"><\/iframe><\/p>\n<p><iframe loading=\"lazy\" class=\"wp-embedded-content\" title=\"\u00abObras viales en Casanare deben generar plusval\u00eda y valorizaci\u00f3n para realizar m\u00e1s proyectos: MinTransporte \u00a0\u00bb \u2014 \u25b7 Noticias de Casanare : Martha Cifuentes | Casanare\" src=\"https:\/\/marthacifuentes.com\/portada\/2024\/03\/08\/obras-viales-en-casanare-deben-generar-plusvalia-y-valorizacion-para-realizar-mas-proyectos-mintransporte\/embed\/#?secret=vCn5v732o0#?secret=7dHQCrWC25\" width=\"600\" height=\"649\" frameborder=\"0\" marginwidth=\"0\" marginheight=\"0\" scrolling=\"no\" sandbox=\"allow-scripts\" data-secret=\"7dHQCrWC25\" data-mce-fragment=\"1\"><\/iframe><\/p>\n<p><iframe loading=\"lazy\" class=\"wp-embedded-content\" title=\"\u00abExsenador Alexander L\u00f3pez Maya se posesion\u00f3 como nuevo director del DNP\u00bb \u2014 \u25b7 Noticias de Casanare : Martha Cifuentes | Casanare\" src=\"https:\/\/marthacifuentes.com\/portada\/2024\/03\/06\/exsenador-alexander-lopez-maya-se-posesiono-como-nuevo-director-del-dnp\/embed\/#?secret=g3kILg3ayQ#?secret=CMiNG4QkBG\" width=\"600\" height=\"621\" frameborder=\"0\" marginwidth=\"0\" marginheight=\"0\" scrolling=\"no\" sandbox=\"allow-scripts\" data-secret=\"CMiNG4QkBG\" data-mce-fragment=\"1\"><\/iframe><\/p>\n<p><iframe loading=\"lazy\" class=\"wp-embedded-content\" title=\"\u00abElegidos alcaldes que representar\u00e1n a Casanare ante OCAD Regional Llanos para los pr\u00f3ximos 4 a\u00f1os\u00bb \u2014 \u25b7 Noticias de Casanare : Martha Cifuentes | Casanare\" src=\"https:\/\/marthacifuentes.com\/portada\/2024\/03\/06\/elegidos-alcaldes-que-representaran-a-casanare-ante-ocad-regional-llanos-para-los-proximos-4-anos\/embed\/#?secret=kfP76HLadT#?secret=QPgP6LESgY\" width=\"600\" height=\"621\" frameborder=\"0\" marginwidth=\"0\" marginheight=\"0\" scrolling=\"no\" sandbox=\"allow-scripts\" data-secret=\"QPgP6LESgY\" data-mce-fragment=\"1\"><\/iframe><\/p>\n<p><iframe loading=\"lazy\" class=\"wp-embedded-content\" title=\"\u00abCapturan a cuatro integrantes de Los Piquis, ladrones de motos en Casanare\u00bb \u2014 \u25b7 Noticias de Casanare : Martha Cifuentes | Casanare\" src=\"https:\/\/marthacifuentes.com\/portada\/2024\/03\/05\/capturan-a-cuatro-integrantes-de-los-piquis-ladrones-de-motos-en-casanare\/embed\/#?secret=UoJxqAhtH2#?secret=QCWp5wGRZC\" width=\"600\" height=\"621\" frameborder=\"0\" marginwidth=\"0\" marginheight=\"0\" scrolling=\"no\" sandbox=\"allow-scripts\" data-secret=\"QCWp5wGRZC\" data-mce-fragment=\"1\"><\/iframe><\/p>\n<p><iframe loading=\"lazy\" class=\"wp-embedded-content\" title=\"\u00ab4 delincuentes menos en las calles de Casanare. A la c\u00e1rcel miembros de \u201cLos Alacranes\u201d por secuestros y extorsiones.\u00bb \u2014 \u25b7 Noticias de Casanare : Martha Cifuentes | Casanare\" src=\"https:\/\/marthacifuentes.com\/portada\/2024\/03\/05\/4-delincuentes-menos-en-las-calles-de-casanare-a-la-carcel-miembros-de-los-alacranes-por-secuestros-y-extorsiones\/embed\/#?secret=yPyQHtt1tW#?secret=F9bXICQOM2\" width=\"600\" height=\"649\" frameborder=\"0\" marginwidth=\"0\" marginheight=\"0\" scrolling=\"no\" sandbox=\"allow-scripts\" data-secret=\"F9bXICQOM2\" data-mce-fragment=\"1\"><\/iframe><\/p>\n<p><iframe loading=\"lazy\" class=\"wp-embedded-content\" title=\"\u00abGobernador Zorro inspeccion\u00f3 recuperaci\u00f3n de v\u00edas terciar\u00edas. Pidi\u00f3 a contratistas no perder un solo peso de los casanare\u00f1os.\u00bb \u2014 \u25b7 Noticias de Casanare : Martha Cifuentes | Casanare\" src=\"https:\/\/marthacifuentes.com\/portada\/2024\/03\/05\/gobernador-zorro-inspecciono-recuperacion-de-vias-terciarias-pidio-a-contratistas-no-perder-un-solo-peso-de-los-casanarenos\/embed\/#?secret=tVP8mZnzvN#?secret=YvxBhUWAjy\" width=\"600\" height=\"649\" frameborder=\"0\" marginwidth=\"0\" marginheight=\"0\" scrolling=\"no\" sandbox=\"allow-scripts\" data-secret=\"YvxBhUWAjy\" data-mce-fragment=\"1\"><\/iframe><\/p>\n<p><iframe loading=\"lazy\" class=\"wp-embedded-content\" title=\"\u00abDespu\u00e9s de 15 a\u00f1os de no invertir en infraestructura educativa MinEducaci\u00f3n cofinanciar\u00e1 dos colegios en Yopal. Uno, el Centro Social y otro en La Bendici\u00f3n.\u00bb \u2014 \u25b7 Noticias de Casanare : Martha Cifuentes | Casanare\" src=\"https:\/\/marthacifuentes.com\/portada\/2024\/03\/05\/despues-de-15-anos-de-no-invertir-en-infraestructura-educativa-mineducacion-cofinanciara-dos-colegios-en-yopal-uno-el-centro-social-y-otro-en-la-bendicion\/embed\/#?secret=OepHGuJjEP#?secret=7IbgQTbsyE\" width=\"600\" height=\"607\" frameborder=\"0\" marginwidth=\"0\" marginheight=\"0\" scrolling=\"no\" sandbox=\"allow-scripts\" data-secret=\"7IbgQTbsyE\" data-mce-fragment=\"1\"><\/iframe><\/p>\n<p><iframe loading=\"lazy\" class=\"wp-embedded-content\" title=\"\u00abDos hombres a la c\u00e1rcel por abusar sexualmente de menores en Casanare. Uno era un profesor de danza.\u00bb \u2014 \u25b7 Noticias de Casanare : Martha Cifuentes | Casanare\" src=\"https:\/\/marthacifuentes.com\/portada\/2024\/03\/04\/dos-hombres-a-la-carcel-por-abusar-sexualmente-de-menores-en-casanare-uno-era-un-profesor-de-danza\/embed\/#?secret=TyFpaxK3Ha#?secret=rG9PCczr2H\" width=\"600\" height=\"621\" frameborder=\"0\" marginwidth=\"0\" marginheight=\"0\" scrolling=\"no\" sandbox=\"allow-scripts\" data-secret=\"rG9PCczr2H\" data-mce-fragment=\"1\"><\/iframe><\/p>\n<p><iframe loading=\"lazy\" class=\"wp-embedded-content\" title=\"\u00abCae tr\u00edo criminal del \u2018Clan del Golfo\u2019 con posible responsabilidad en homicidios de l\u00edderes sociales.\u00bb \u2014 \u25b7 Noticias de Casanare : Martha Cifuentes | Casanare\" src=\"https:\/\/marthacifuentes.com\/portada\/2024\/03\/04\/cae-trio-criminal-del-clan-del-golfo-con-posible-responsabilidad-en-homicidios-de-lideres-sociales\/embed\/#?secret=Siq1ij58Qh#?secret=Y08ckNYteU\" width=\"600\" height=\"621\" frameborder=\"0\" marginwidth=\"0\" marginheight=\"0\" scrolling=\"no\" sandbox=\"allow-scripts\" data-secret=\"Y08ckNYteU\" data-mce-fragment=\"1\"><\/iframe><\/p>\n<p><iframe loading=\"lazy\" class=\"wp-embedded-content\" title=\"\u00abConstrucci\u00f3n de hospital de Trinidad a paso de tortuga mientras que el de Villanueva va a buen ritmo, seg\u00fan Secretar\u00eda de Salud de Casanare.\u00bb \u2014 \u25b7 Noticias de Casanare : Martha Cifuentes | Casanare\" src=\"https:\/\/marthacifuentes.com\/portada\/2024\/03\/04\/construccion-de-hospital-de-trinidad-a-paso-de-tortuga-mientras-que-el-de-villanueva-va-a-buen-ritmo-segun-secretaria-de-salud-de-casanare\/embed\/#?secret=5xt2J8JN1i#?secret=h42uz91UZb\" width=\"600\" height=\"649\" frameborder=\"0\" marginwidth=\"0\" marginheight=\"0\" scrolling=\"no\" sandbox=\"allow-scripts\" data-secret=\"h42uz91UZb\" data-mce-fragment=\"1\"><\/iframe><\/p>\n<h2>Otras noticias\u2026<\/h2>\n<p><iframe loading=\"lazy\" class=\"wp-embedded-content\" title=\"\u00abInteresados en pr\u00e1cticas en Ecopetrol. Se abre convocatoria para estudiantes\u00bb \u2014 \u25b7 Noticias de Casanare : Martha Cifuentes | Casanare\" src=\"https:\/\/marthacifuentes.com\/portada\/2024\/03\/04\/interesados-en-practicas-en-ecopetrol-se-abre-convocatoria-para-estudiantes\/embed\/#?secret=RMZqrBAl84#?secret=VlzGOrQVWB\" width=\"600\" height=\"621\" frameborder=\"0\" marginwidth=\"0\" marginheight=\"0\" scrolling=\"no\" sandbox=\"allow-scripts\" data-secret=\"VlzGOrQVWB\" data-mce-fragment=\"1\"><\/iframe><\/p>\n<p><iframe loading=\"lazy\" class=\"wp-embedded-content\" title=\"\u00abYesid Camacho Fl\u00f3rez, el abogado y docente que asume la Personer\u00eda de Yopal\u00bb \u2014 \u25b7 Noticias de Casanare : Martha Cifuentes | Casanare\" src=\"https:\/\/marthacifuentes.com\/portada\/2024\/03\/01\/yesid-camacho-florez-el-abogado-y-docente-que-asume-la-personeria-de-yopal\/embed\/#?secret=vO65FzUncg#?secret=8yzQVgQRrF\" width=\"600\" height=\"620\" frameborder=\"0\" marginwidth=\"0\" marginheight=\"0\" scrolling=\"no\" sandbox=\"allow-scripts\" data-secret=\"8yzQVgQRrF\" data-mce-fragment=\"1\"><\/iframe><\/p>\n<p><iframe loading=\"lazy\" class=\"wp-embedded-content\" title=\"\u00abPor ignorar la ley concejal de Yopal Michael Castro pierde su investidura.\u00bb \u2014 \u25b7 Noticias de Casanare : Martha Cifuentes | Casanare\" src=\"https:\/\/marthacifuentes.com\/portada\/2024\/03\/01\/por-ignorar-la-ley-concejal-de-yopal-michael-castro-pierde-su-investidura\/embed\/#?secret=HgKIlQLScI#?secret=qFdOkkFgic\" width=\"600\" height=\"620\" frameborder=\"0\" marginwidth=\"0\" marginheight=\"0\" scrolling=\"no\" sandbox=\"allow-scripts\" data-secret=\"qFdOkkFgic\" data-mce-fragment=\"1\"><\/iframe><\/p>\n<p><iframe loading=\"lazy\" class=\"wp-embedded-content\" title=\"\u00abPlanta de Tratamiento de Agua de Yopal, un barril sin fondo. Declarada calamidad p\u00fablica para seguir invirtiendo en ella.\u00bb \u2014 \u25b7 Noticias de Casanare : Martha Cifuentes | Casanare\" src=\"https:\/\/marthacifuentes.com\/portada\/2024\/03\/01\/planta-de-tratamiento-de-agua-de-yopal-un-barril-sin-fondo-declarada-calamidad-publica-para-seguir-invirtiendo-en-ella\/embed\/#?secret=Kb3fVT3Wpk#?secret=IOz8qYv8Q1\" width=\"600\" height=\"628\" frameborder=\"0\" marginwidth=\"0\" marginheight=\"0\" scrolling=\"no\" sandbox=\"allow-scripts\" data-secret=\"IOz8qYv8Q1\" data-mce-fragment=\"1\"><\/iframe><\/p>\n<p><iframe loading=\"lazy\" class=\"wp-embedded-content\" title=\"\u00ab\u00bfTienes una empresa de servicios sofisticados? Esta convocatoria es para ti.\u00bb \u2014 \u25b7 Noticias de Casanare : Martha Cifuentes | Casanare\" src=\"https:\/\/marthacifuentes.com\/portada\/2024\/02\/29\/tienes-una-empresa-de-servicios-sofisticados-esta-convocatoria-es-para-ti\/embed\/#?secret=Xu8zdWVeCw#?secret=roaJKOVqKI\" width=\"600\" height=\"621\" frameborder=\"0\" marginwidth=\"0\" marginheight=\"0\" scrolling=\"no\" sandbox=\"allow-scripts\" data-secret=\"roaJKOVqKI\" data-mce-fragment=\"1\"><\/iframe><\/p>\n<p><iframe loading=\"lazy\" class=\"wp-embedded-content\" title=\"\u00abAlcald\u00edas de Casanare en la mira de la Contralor\u00eda por contratar con fondos mixtos. Se investiga posible elusi\u00f3n de impuestos pro adulto mayor y cultura.\u00bb \u2014 \u25b7 Noticias de Casanare : Martha Cifuentes | Casanare\" src=\"https:\/\/marthacifuentes.com\/portada\/2024\/02\/28\/alcaldias-de-casanare-en-la-mira-de-la-contraloria-por-contratar-con-fondos-mixtos-se-investiga-posible-elusion-de-impuestos-pro-adulto-mayor-y-cultura\/embed\/#?secret=7NWKyFEItl#?secret=WXLvhfBkI5\" width=\"600\" height=\"649\" frameborder=\"0\" marginwidth=\"0\" marginheight=\"0\" scrolling=\"no\" sandbox=\"allow-scripts\" data-secret=\"WXLvhfBkI5\" data-mce-fragment=\"1\"><\/iframe><\/p>\n<p><iframe loading=\"lazy\" class=\"wp-embedded-content\" title=\"\u00abCapresoca EPS obtiene pr\u00f3rroga de la Supersalud para seguir operando\u00bb \u2014 \u25b7 Noticias de Casanare : Martha Cifuentes | Casanare\" src=\"https:\/\/marthacifuentes.com\/portada\/2024\/02\/27\/capresoca-eps-obtiene-prorroga-de-la-supersalud-para-seguir-operando\/embed\/#?secret=apoOgwIWA7#?secret=XIx6OqENmV\" width=\"600\" height=\"598\" frameborder=\"0\" marginwidth=\"0\" marginheight=\"0\" scrolling=\"no\" sandbox=\"allow-scripts\" data-secret=\"XIx6OqENmV\" data-mce-fragment=\"1\"><\/iframe><\/p>\n<p><iframe loading=\"lazy\" class=\"wp-embedded-content\" title=\"\u00abOtra vez bandidos en dos motos atracaron a otro joven en Yopal. Le robaron su bicicleta.\u00bb \u2014 \u25b7 Noticias de Casanare : Martha Cifuentes | Casanare\" src=\"https:\/\/marthacifuentes.com\/portada\/2024\/02\/26\/otra-vez-bandidos-en-dos-motos-atracaron-a-otro-joven-en-yopal-le-robaron-su-bicicleta\/embed\/#?secret=uIZ9hBi9Go#?secret=OpYuccjHGo\" width=\"600\" height=\"599\" frameborder=\"0\" marginwidth=\"0\" marginheight=\"0\" scrolling=\"no\" sandbox=\"allow-scripts\" data-secret=\"OpYuccjHGo\" data-mce-fragment=\"1\"><\/iframe><\/p>\n<p><iframe loading=\"lazy\" class=\"wp-embedded-content\" title=\"\u00abDetr\u00e1s del atraco al joven de la bicicleta en Yopal, una historia de vida\u00bb \u2014 \u25b7 Noticias de Casanare : Martha Cifuentes | Casanare\" src=\"https:\/\/marthacifuentes.com\/portada\/2024\/02\/26\/detras-del-atraco-al-joven-de-la-bicicleta-en-yopal-una-historia-de-vida\/embed\/#?secret=TDGlRb9EG3#?secret=Rrey6VYSht\" width=\"600\" height=\"621\" frameborder=\"0\" marginwidth=\"0\" marginheight=\"0\" scrolling=\"no\" sandbox=\"allow-scripts\" data-secret=\"Rrey6VYSht\" data-mce-fragment=\"1\"><\/iframe><\/p>\n<p><iframe loading=\"lazy\" class=\"wp-embedded-content\" title=\"\u00abMariela Avenda\u00f1o Aljure muri\u00f3 sin encontrar a su esposo desaparecido hace 22 a\u00f1os en Aguazul, Casanare\u00a0\u00bb \u2014 \u25b7 Noticias de Casanare : Martha Cifuentes | Casanare\" src=\"https:\/\/marthacifuentes.com\/portada\/2024\/02\/23\/mariela-avendano-aljure-murio-sin-encontrar-a-su-esposo-desaparecido-hace-22-anos-en-aguazul-casanare\/embed\/#?secret=EgojSyFhAQ#?secret=kQYQLfcGQw\" width=\"600\" height=\"649\" frameborder=\"0\" marginwidth=\"0\" marginheight=\"0\" scrolling=\"no\" sandbox=\"allow-scripts\" data-secret=\"kQYQLfcGQw\" data-mce-fragment=\"1\"><\/iframe><\/p>\n<p><iframe loading=\"lazy\" class=\"wp-embedded-content\" title=\"\u00abProyectos agroindustriales y de v\u00edas, en primer orden, en cumbre de gobernadores de la Orinoqu\u00eda a realizarse ma\u00f1ana 23 de febrero en Yopal.\u00bb \u2014 \u25b7 Noticias de Casanare : Martha Cifuentes | Casanare\" src=\"https:\/\/marthacifuentes.com\/portada\/2024\/02\/22\/proyectos-agroindustriales-y-de-vias-en-primer-orden-en-cumbre-de-gobernadores-de-la-orinoquia-a-realizarse-manana-23-de-febrero-en-yopal\/embed\/#?secret=xm8eb5rMDh#?secret=cW6OdG56Rh\" width=\"600\" height=\"649\" frameborder=\"0\" marginwidth=\"0\" marginheight=\"0\" scrolling=\"no\" sandbox=\"allow-scripts\" data-secret=\"cW6OdG56Rh\" data-mce-fragment=\"1\"><\/iframe><\/p>\n<p><iframe loading=\"lazy\" class=\"wp-embedded-content\" title=\"\u00abYopal al borde de nueva crisis de agua por erosi\u00f3n del r\u00edo Cravo Sur. Se declarar\u00e1 Calamidad P\u00fablica para atender el problema.\u00bb \u2014 \u25b7 Noticias de Casanare : Martha Cifuentes | Casanare\" src=\"https:\/\/marthacifuentes.com\/portada\/2024\/02\/20\/yopal-al-borde-de-nueva-crisis-de-agua-por-erosion-del-rio-cravo-sur-se-declarara-calamidad-publica-para-atender-el-problema\/embed\/#?secret=XSejOsc8QR#?secret=mzV4XSVAAx\" width=\"600\" height=\"617\" frameborder=\"0\" marginwidth=\"0\" marginheight=\"0\" scrolling=\"no\" sandbox=\"allow-scripts\" data-secret=\"mzV4XSVAAx\" data-mce-fragment=\"1\"><\/iframe><\/p>\n<p><iframe loading=\"lazy\" class=\"wp-embedded-content\" title=\"\u00abNinis en Casanare: Casi la mitad de los j\u00f3venes no estudia ni trabaja y las mujeres sufren m\u00e1s la exclusi\u00f3n.\u00bb \u2014 \u25b7 Noticias de Casanare : Martha Cifuentes | Casanare\" src=\"https:\/\/marthacifuentes.com\/portada\/2024\/02\/20\/ninis-en-casanare-casi-la-mitad-de-los-jovenes-no-estudia-ni-trabaja-y-las-mujeres-sufren-mas-la-exclusion\/embed\/#?secret=ghYVK2iwNo#?secret=NyjgH2FYFP\" width=\"600\" height=\"628\" frameborder=\"0\" marginwidth=\"0\" marginheight=\"0\" scrolling=\"no\" sandbox=\"allow-scripts\" data-secret=\"NyjgH2FYFP\" data-mce-fragment=\"1\"><\/iframe><\/p>\n<p><iframe loading=\"lazy\" class=\"wp-embedded-content\" title=\"\u00abCapresoca ni tan bien ni tan mal. Por ahora se destaca entre las que cumple con las reservas t\u00e9cnicas legales. Pero le falta.\u00bb \u2014 \u25b7 Noticias de Casanare : Martha Cifuentes | Casanare\" src=\"https:\/\/marthacifuentes.com\/portada\/2024\/02\/19\/capresoca-ni-tan-bien-ni-tan-mal-por-ahora-se-destaca-entre-las-que-cumple-con-las-reservas-tecnicas-legales-pero-le-falta\/embed\/#?secret=vPqvpttug2#?secret=KYtyd0gHg4\" width=\"600\" height=\"606\" frameborder=\"0\" marginwidth=\"0\" marginheight=\"0\" scrolling=\"no\" sandbox=\"allow-scripts\" data-secret=\"KYtyd0gHg4\" data-mce-fragment=\"1\"><\/iframe><\/p>\n<p><iframe loading=\"lazy\" class=\"wp-embedded-content\" title=\"\u00abEl gobernador Zorro deber\u00e1 hacer lo que el congresista Zorro exigi\u00f3: proteger a las comunidades del r\u00edo Ariporo\u00bb \u2014 \u25b7 Noticias de Casanare : Martha Cifuentes | Casanare\" src=\"https:\/\/marthacifuentes.com\/portada\/2024\/02\/16\/el-gobernador-zorro-debera-hacer-lo-que-el-congresista-zorro-exigio-proteger-a-las-comunidades-del-rio-ariporo\/embed\/#?secret=RPVr2R4YID#?secret=6xxiXUEo5v\" width=\"600\" height=\"649\" frameborder=\"0\" marginwidth=\"0\" marginheight=\"0\" scrolling=\"no\" sandbox=\"allow-scripts\" data-secret=\"6xxiXUEo5v\" data-mce-fragment=\"1\"><\/iframe><\/p>\n<p><iframe loading=\"lazy\" class=\"wp-embedded-content\" title=\"\u00abDe vender helados a vivir de la caridad: el drama de una pareja de ancianos de Yopal que sufren de Alzheimer y pobreza\u00bb \u2014 \u25b7 Noticias de Casanare : Martha Cifuentes | Casanare\" src=\"https:\/\/marthacifuentes.com\/portada\/2024\/02\/15\/de-vender-helados-a-vivir-de-la-caridad-el-drama-de-una-pareja-de-ancianos-de-yopal-que-sufren-de-alzheimer-y-pobreza\/embed\/#?secret=opxDGBherD#?secret=j1vmdBqokR\" width=\"600\" height=\"649\" frameborder=\"0\" marginwidth=\"0\" marginheight=\"0\" scrolling=\"no\" sandbox=\"allow-scripts\" data-secret=\"j1vmdBqokR\" data-mce-fragment=\"1\"><\/iframe><\/p>\n<p><iframe loading=\"lazy\" class=\"wp-embedded-content\" title=\"\u00abA dedo alcaldes de Casanare contrataron al menos $224 mil millones de regal\u00edas. Usaron la figura de fondos o asociaciones de municipios de la costa.\u00bb \u2014 \u25b7 Noticias de Casanare : Martha Cifuentes | Casanare\" src=\"https:\/\/marthacifuentes.com\/portada\/2024\/02\/14\/a-dedo-alcaldes-de-casanare-contrataron-al-menos-224-mil-millones-de-regalias-usaron-la-figura-de-fondos-o-asociaciones-de-municipios-de-la-costa\/embed\/#?secret=24HuONsxU0#?secret=luBVRnp3f1\" width=\"600\" height=\"628\" frameborder=\"0\" marginwidth=\"0\" marginheight=\"0\" scrolling=\"no\" sandbox=\"allow-scripts\" data-secret=\"luBVRnp3f1\" data-mce-fragment=\"1\"><\/iframe><\/p>\n<p><iframe loading=\"lazy\" class=\"wp-embedded-content\" title=\"\u00abApersonarse del fallido programa de Torres del Silencio en Yopal pidi\u00f3 la Contralor\u00eda General a la Unidad Nacional de Gesti\u00f3n del Riesgo de Desastres.\u00bb \u2014 \u25b7 Noticias de Casanare : Martha Cifuentes | Casanare\" src=\"https:\/\/marthacifuentes.com\/portada\/2024\/02\/07\/apersonarse-del-fallido-programa-de-torres-del-silencio-en-yopal-pidio-la-contraloria-general-a-la-unidad-nacional-de-gestion-del-riesgo-de-desastres\/embed\/#?secret=LGmldBL0Ox#?secret=1bfa1E1TGo\" width=\"600\" height=\"638\" frameborder=\"0\" marginwidth=\"0\" marginheight=\"0\" scrolling=\"no\" sandbox=\"allow-scripts\" data-secret=\"1bfa1E1TGo\" data-mce-fragment=\"1\"><\/iframe><\/p>\n<p><iframe loading=\"lazy\" class=\"wp-embedded-content\" title=\"\u00ab\u00bfBanderas blancas? Diputados de la Comisi\u00f3n de Equidad para la Mujer eligen a Marisela Duarte como presidente.\u00bb \u2014 \u25b7 Noticias de Casanare : Martha Cifuentes | Casanare\" src=\"https:\/\/marthacifuentes.com\/portada\/2024\/01\/13\/banderas-blancas-diputados-de-la-comision-de-equidad-para-la-mujer-eligen-a-marisela-duarte-como-presidente\/embed\/#?secret=4AAxX3RiR0#?secret=Zpt4IDPrOe\" width=\"600\" height=\"649\" frameborder=\"0\" marginwidth=\"0\" marginheight=\"0\" scrolling=\"no\" sandbox=\"allow-scripts\" data-secret=\"Zpt4IDPrOe\" data-mce-fragment=\"1\"><\/iframe><\/p>\n<p><iframe loading=\"lazy\" class=\"wp-embedded-content\" title=\"\u00abEn los sube y baja de la v\u00eda del Cusiana, hoy fue reabierta. Pajarito celebra.\u00bb \u2014 \u25b7 Noticias de Casanare : Martha Cifuentes | Casanare\" src=\"https:\/\/marthacifuentes.com\/portada\/2023\/12\/29\/en-los-sube-y-baja-de-la-via-del-cusiana-hoy-fue-reabierta-pajarito-celebra\/embed\/#?secret=wwtAeLG2eK#?secret=38glVwStiJ\" width=\"600\" height=\"621\" frameborder=\"0\" marginwidth=\"0\" marginheight=\"0\" scrolling=\"no\" sandbox=\"allow-scripts\" data-secret=\"38glVwStiJ\" data-mce-fragment=\"1\"><\/iframe><\/p>\n<p><iframe loading=\"lazy\" class=\"wp-embedded-content\" title=\"\u00abAlcalde de Orocu\u00e9 Monchy Yobany Moreno, se destaca por ocupar primer puesto en desempe\u00f1o fiscal en Casanare.\u00bb \u2014 \u25b7 Noticias de Casanare : Martha Cifuentes | Casanare\" src=\"https:\/\/marthacifuentes.com\/portada\/2023\/12\/29\/alcalde-de-orocue-monchy-yobany-moreno-se-destaca-por-ocupar-primer-puesto-en-desempeno-fiscal-en-casanare\/embed\/#?secret=YzArX8Qe52#?secret=RmHMrZffiG\" width=\"600\" height=\"649\" frameborder=\"0\" marginwidth=\"0\" marginheight=\"0\" scrolling=\"no\" sandbox=\"allow-scripts\" data-secret=\"RmHMrZffiG\" data-mce-fragment=\"1\"><\/iframe><\/p>\n<p>&nbsp;<\/p>\n<p><iframe loading=\"lazy\" class=\"wp-embedded-content\" title=\"\u00abImprudencia de transportador en puente instalado en Los Grillos, obliga CIERRE nuevamente en v\u00eda del Cusiana\u00bb \u2014 \u25b7 Noticias de Casanare : Martha Cifuentes | Casanare\" src=\"https:\/\/marthacifuentes.com\/portada\/2023\/12\/28\/imprudencia-de-transportador-en-puente-instalado-en-los-grillos-obliga-cierre-nuevamente-en-via-del-cusiana\/embed\/#?secret=XYjfzunafm#?secret=rV65vQMFVO\" width=\"600\" height=\"628\" frameborder=\"0\" marginwidth=\"0\" marginheight=\"0\" scrolling=\"no\" sandbox=\"allow-scripts\" data-secret=\"rV65vQMFVO\" data-mce-fragment=\"1\"><\/iframe><\/p>\n<p><iframe loading=\"lazy\" class=\"wp-embedded-content\" title=\"\u00abCovioriente contin\u00faa con censo vehicular en los peajes Tacuya y Yopal en Casanare.\u00bb \u2014 \u25b7 Noticias de Casanare : Martha Cifuentes | Casanare\" src=\"https:\/\/marthacifuentes.com\/portada\/2023\/12\/21\/covioriente-continua-con-censo-vehicular-en-los-peajes-tacuya-y-yopal-en-casanare\/embed\/#?secret=Dk5B5Ti4Xf#?secret=LR604qTdrU\" width=\"600\" height=\"621\" frameborder=\"0\" marginwidth=\"0\" marginheight=\"0\" scrolling=\"no\" sandbox=\"allow-scripts\" data-secret=\"LR604qTdrU\" data-mce-fragment=\"1\"><\/iframe><\/p>\n<p>&nbsp;<\/p>\n","protected":false},"excerpt":{"rendered":"<p>Un estudio publicado en la revista PLoS One revela que en Colombia hay una subrepresentaci\u00f3n de mujeres en el campo de las ciencias naturales. Aunque m\u00e1s mujeres que hombres estudian carreras de pregrado y maestr\u00eda en esta \u00e1rea, pocas logran consolidarse como investigadoras exitosas y reconocidas. El estudio, liderado por Andrea Paz, de la Universit\u00e9 &hellip;<\/p>\n","protected":false},"author":2,"featured_media":32631,"comment_status":"open","ping_status":"open","sticky":false,"template":"","format":"standard","meta":{"om_disable_all_campaigns":false,"_exactmetrics_skip_tracking":false,"_exactmetrics_sitenote_active":false,"_exactmetrics_sitenote_note":"","_exactmetrics_sitenote_category":0,"_monsterinsights_skip_tracking":false,"_monsterinsights_sitenote_active":false,"_monsterinsights_sitenote_note":"","_monsterinsights_sitenote_category":0,"_uf_show_specific_survey":0,"_uf_disable_surveys":false,"_joinchat":[],"footnotes":""},"categories":[147,146,145],"tags":[],"class_list":["post-32630","post","type-post","status-publish","format-standard","has-post-thumbnail","hentry","category-actualidad","category-noticias","category-reportajes"],"yoast_head":"<!-- This site is optimized with the Yoast SEO plugin v26.1 - https:\/\/yoast.com\/wordpress\/plugins\/seo\/ -->\n<title>Mujeres cient\u00edficas en Colombia: una minor\u00eda con menos oportunidades. Persiste desigualdad de g\u00e9nero. - \u25b7 Noticias de Casanare : Martha Cifuentes | Casanare<\/title>\n<meta name=\"robots\" content=\"index, follow, max-snippet:-1, max-image-preview:large, max-video-preview:-1\" \/>\n<link rel=\"canonical\" href=\"https:\/\/marthacifuentes.com\/portada\/mujeres-cientificas-en-colombia-una-minoria-con-menos-oportunidades-persiste-desigualdad-de-genero\/\" \/>\n<meta property=\"og:locale\" content=\"es_ES\" \/>\n<meta property=\"og:type\" content=\"article\" \/>\n<meta property=\"og:title\" content=\"Mujeres cient\u00edficas en Colombia: una minor\u00eda con menos oportunidades. Persiste desigualdad de g\u00e9nero. - \u25b7 Noticias de Casanare : Martha Cifuentes | Casanare\" \/>\n<meta property=\"og:description\" content=\"Un estudio publicado en la revista PLoS One revela que en Colombia hay una subrepresentaci\u00f3n de mujeres en el campo de las ciencias naturales. Aunque m\u00e1s mujeres que hombres estudian carreras de pregrado y maestr\u00eda en esta \u00e1rea, pocas logran consolidarse como investigadoras exitosas y reconocidas. El estudio, liderado por Andrea Paz, de la Universit\u00e9 &hellip;\" \/>\n<meta property=\"og:url\" content=\"https:\/\/marthacifuentes.com\/portada\/mujeres-cientificas-en-colombia-una-minoria-con-menos-oportunidades-persiste-desigualdad-de-genero\/\" \/>\n<meta property=\"og:site_name\" content=\"\u25b7 Noticias de Casanare : Martha Cifuentes | Casanare\" \/>\n<meta property=\"article:published_time\" content=\"2024-03-11T21:36:00+00:00\" \/>\n<meta property=\"article:modified_time\" content=\"2024-03-11T21:38:12+00:00\" \/>\n<meta property=\"og:image\" content=\"https:\/\/marthacifuentes.com\/portada\/wp-content\/uploads\/2024\/03\/mujeres-cientificas-colombiana.jpg\" \/>\n\t<meta property=\"og:image:width\" content=\"920\" \/>\n\t<meta property=\"og:image:height\" content=\"420\" \/>\n\t<meta property=\"og:image:type\" content=\"image\/jpeg\" \/>\n<meta name=\"author\" content=\"Martha Cifuentes\" \/>\n<meta name=\"twitter:card\" content=\"summary_large_image\" \/>\n<meta name=\"twitter:label1\" content=\"Escrito por\" \/>\n\t<meta name=\"twitter:data1\" content=\"Martha Cifuentes\" \/>\n\t<meta name=\"twitter:label2\" content=\"Tiempo de lectura\" \/>\n\t<meta name=\"twitter:data2\" content=\"3 minutos\" \/>\n<script type=\"application\/ld+json\" class=\"yoast-schema-graph\">{\"@context\":\"https:\/\/schema.org\",\"@graph\":[{\"@type\":\"WebPage\",\"@id\":\"https:\/\/marthacifuentes.com\/portada\/mujeres-cientificas-en-colombia-una-minoria-con-menos-oportunidades-persiste-desigualdad-de-genero\/\",\"url\":\"https:\/\/marthacifuentes.com\/portada\/mujeres-cientificas-en-colombia-una-minoria-con-menos-oportunidades-persiste-desigualdad-de-genero\/\",\"name\":\"Mujeres cient\u00edficas en Colombia: una minor\u00eda con menos oportunidades. Persiste desigualdad de g\u00e9nero. - \u25b7 Noticias de Casanare : Martha Cifuentes | Casanare\",\"isPartOf\":{\"@id\":\"https:\/\/marthacifuentes.com\/portada\/#website\"},\"primaryImageOfPage\":{\"@id\":\"https:\/\/marthacifuentes.com\/portada\/mujeres-cientificas-en-colombia-una-minoria-con-menos-oportunidades-persiste-desigualdad-de-genero\/#primaryimage\"},\"image\":{\"@id\":\"https:\/\/marthacifuentes.com\/portada\/mujeres-cientificas-en-colombia-una-minoria-con-menos-oportunidades-persiste-desigualdad-de-genero\/#primaryimage\"},\"thumbnailUrl\":\"https:\/\/marthacifuentes.com\/portada\/wp-content\/uploads\/2024\/03\/mujeres-cientificas-colombiana.jpg\",\"datePublished\":\"2024-03-11T21:36:00+00:00\",\"dateModified\":\"2024-03-11T21:38:12+00:00\",\"author\":{\"@id\":\"https:\/\/marthacifuentes.com\/portada\/#\/schema\/person\/57f53174b991db5f90ff78d58502b714\"},\"breadcrumb\":{\"@id\":\"https:\/\/marthacifuentes.com\/portada\/mujeres-cientificas-en-colombia-una-minoria-con-menos-oportunidades-persiste-desigualdad-de-genero\/#breadcrumb\"},\"inLanguage\":\"es\",\"potentialAction\":[{\"@type\":\"ReadAction\",\"target\":[\"https:\/\/marthacifuentes.com\/portada\/mujeres-cientificas-en-colombia-una-minoria-con-menos-oportunidades-persiste-desigualdad-de-genero\/\"]}]},{\"@type\":\"ImageObject\",\"inLanguage\":\"es\",\"@id\":\"https:\/\/marthacifuentes.com\/portada\/mujeres-cientificas-en-colombia-una-minoria-con-menos-oportunidades-persiste-desigualdad-de-genero\/#primaryimage\",\"url\":\"https:\/\/marthacifuentes.com\/portada\/wp-content\/uploads\/2024\/03\/mujeres-cientificas-colombiana.jpg\",\"contentUrl\":\"https:\/\/marthacifuentes.com\/portada\/wp-content\/uploads\/2024\/03\/mujeres-cientificas-colombiana.jpg\",\"width\":920,\"height\":420},{\"@type\":\"BreadcrumbList\",\"@id\":\"https:\/\/marthacifuentes.com\/portada\/mujeres-cientificas-en-colombia-una-minoria-con-menos-oportunidades-persiste-desigualdad-de-genero\/#breadcrumb\",\"itemListElement\":[{\"@type\":\"ListItem\",\"position\":1,\"name\":\"Portada\",\"item\":\"https:\/\/marthacifuentes.com\/portada\/\"},{\"@type\":\"ListItem\",\"position\":2,\"name\":\"Mujeres cient\u00edficas en Colombia: una minor\u00eda con menos oportunidades. Persiste desigualdad de g\u00e9nero.\"}]},{\"@type\":\"WebSite\",\"@id\":\"https:\/\/marthacifuentes.com\/portada\/#website\",\"url\":\"https:\/\/marthacifuentes.com\/portada\/\",\"name\":\"\u25b7 Noticias de Casanare : Martha Cifuentes | Casanare\",\"description\":\"Noticias &amp; Contenidos\",\"potentialAction\":[{\"@type\":\"SearchAction\",\"target\":{\"@type\":\"EntryPoint\",\"urlTemplate\":\"https:\/\/marthacifuentes.com\/portada\/?s={search_term_string}\"},\"query-input\":{\"@type\":\"PropertyValueSpecification\",\"valueRequired\":true,\"valueName\":\"search_term_string\"}}],\"inLanguage\":\"es\"},{\"@type\":\"Person\",\"@id\":\"https:\/\/marthacifuentes.com\/portada\/#\/schema\/person\/57f53174b991db5f90ff78d58502b714\",\"name\":\"Martha Cifuentes\",\"image\":{\"@type\":\"ImageObject\",\"inLanguage\":\"es\",\"@id\":\"https:\/\/marthacifuentes.com\/portada\/#\/schema\/person\/image\/\",\"url\":\"http:\/\/marthacifuentes.com\/portada\/wp-content\/uploads\/2018\/06\/avatar_user_2_1528838701-96x96.jpg\",\"contentUrl\":\"http:\/\/marthacifuentes.com\/portada\/wp-content\/uploads\/2018\/06\/avatar_user_2_1528838701-96x96.jpg\",\"caption\":\"Martha Cifuentes\"},\"sameAs\":[\"http:\/\/www.marthacifuentes.com\"],\"url\":\"https:\/\/marthacifuentes.com\/portada\/author\/martha\/\"}]}<\/script>\n<!-- \/ Yoast SEO plugin. -->","yoast_head_json":{"title":"Mujeres cient\u00edficas en Colombia: una minor\u00eda con menos oportunidades. Persiste desigualdad de g\u00e9nero. - \u25b7 Noticias de Casanare : Martha Cifuentes | Casanare","robots":{"index":"index","follow":"follow","max-snippet":"max-snippet:-1","max-image-preview":"max-image-preview:large","max-video-preview":"max-video-preview:-1"},"canonical":"https:\/\/marthacifuentes.com\/portada\/mujeres-cientificas-en-colombia-una-minoria-con-menos-oportunidades-persiste-desigualdad-de-genero\/","og_locale":"es_ES","og_type":"article","og_title":"Mujeres cient\u00edficas en Colombia: una minor\u00eda con menos oportunidades. Persiste desigualdad de g\u00e9nero. - \u25b7 Noticias de Casanare : Martha Cifuentes | Casanare","og_description":"Un estudio publicado en la revista PLoS One revela que en Colombia hay una subrepresentaci\u00f3n de mujeres en el campo de las ciencias naturales. Aunque m\u00e1s mujeres que hombres estudian carreras de pregrado y maestr\u00eda en esta \u00e1rea, pocas logran consolidarse como investigadoras exitosas y reconocidas. El estudio, liderado por Andrea Paz, de la Universit\u00e9 &hellip;","og_url":"https:\/\/marthacifuentes.com\/portada\/mujeres-cientificas-en-colombia-una-minoria-con-menos-oportunidades-persiste-desigualdad-de-genero\/","og_site_name":"\u25b7 Noticias de Casanare : Martha Cifuentes | Casanare","article_published_time":"2024-03-11T21:36:00+00:00","article_modified_time":"2024-03-11T21:38:12+00:00","og_image":[{"width":920,"height":420,"url":"https:\/\/marthacifuentes.com\/portada\/wp-content\/uploads\/2024\/03\/mujeres-cientificas-colombiana.jpg","type":"image\/jpeg"}],"author":"Martha Cifuentes","twitter_card":"summary_large_image","twitter_misc":{"Escrito por":"Martha Cifuentes","Tiempo de lectura":"3 minutos"},"schema":{"@context":"https:\/\/schema.org","@graph":[{"@type":"WebPage","@id":"https:\/\/marthacifuentes.com\/portada\/mujeres-cientificas-en-colombia-una-minoria-con-menos-oportunidades-persiste-desigualdad-de-genero\/","url":"https:\/\/marthacifuentes.com\/portada\/mujeres-cientificas-en-colombia-una-minoria-con-menos-oportunidades-persiste-desigualdad-de-genero\/","name":"Mujeres cient\u00edficas en Colombia: una minor\u00eda con menos oportunidades. Persiste desigualdad de g\u00e9nero. - \u25b7 Noticias de Casanare : Martha Cifuentes | Casanare","isPartOf":{"@id":"https:\/\/marthacifuentes.com\/portada\/#website"},"primaryImageOfPage":{"@id":"https:\/\/marthacifuentes.com\/portada\/mujeres-cientificas-en-colombia-una-minoria-con-menos-oportunidades-persiste-desigualdad-de-genero\/#primaryimage"},"image":{"@id":"https:\/\/marthacifuentes.com\/portada\/mujeres-cientificas-en-colombia-una-minoria-con-menos-oportunidades-persiste-desigualdad-de-genero\/#primaryimage"},"thumbnailUrl":"https:\/\/marthacifuentes.com\/portada\/wp-content\/uploads\/2024\/03\/mujeres-cientificas-colombiana.jpg","datePublished":"2024-03-11T21:36:00+00:00","dateModified":"2024-03-11T21:38:12+00:00","author":{"@id":"https:\/\/marthacifuentes.com\/portada\/#\/schema\/person\/57f53174b991db5f90ff78d58502b714"},"breadcrumb":{"@id":"https:\/\/marthacifuentes.com\/portada\/mujeres-cientificas-en-colombia-una-minoria-con-menos-oportunidades-persiste-desigualdad-de-genero\/#breadcrumb"},"inLanguage":"es","potentialAction":[{"@type":"ReadAction","target":["https:\/\/marthacifuentes.com\/portada\/mujeres-cientificas-en-colombia-una-minoria-con-menos-oportunidades-persiste-desigualdad-de-genero\/"]}]},{"@type":"ImageObject","inLanguage":"es","@id":"https:\/\/marthacifuentes.com\/portada\/mujeres-cientificas-en-colombia-una-minoria-con-menos-oportunidades-persiste-desigualdad-de-genero\/#primaryimage","url":"https:\/\/marthacifuentes.com\/portada\/wp-content\/uploads\/2024\/03\/mujeres-cientificas-colombiana.jpg","contentUrl":"https:\/\/marthacifuentes.com\/portada\/wp-content\/uploads\/2024\/03\/mujeres-cientificas-colombiana.jpg","width":920,"height":420},{"@type":"BreadcrumbList","@id":"https:\/\/marthacifuentes.com\/portada\/mujeres-cientificas-en-colombia-una-minoria-con-menos-oportunidades-persiste-desigualdad-de-genero\/#breadcrumb","itemListElement":[{"@type":"ListItem","position":1,"name":"Portada","item":"https:\/\/marthacifuentes.com\/portada\/"},{"@type":"ListItem","position":2,"name":"Mujeres cient\u00edficas en Colombia: una minor\u00eda con menos oportunidades. Persiste desigualdad de g\u00e9nero."}]},{"@type":"WebSite","@id":"https:\/\/marthacifuentes.com\/portada\/#website","url":"https:\/\/marthacifuentes.com\/portada\/","name":"\u25b7 Noticias de Casanare : Martha Cifuentes | Casanare","description":"Noticias &amp; Contenidos","potentialAction":[{"@type":"SearchAction","target":{"@type":"EntryPoint","urlTemplate":"https:\/\/marthacifuentes.com\/portada\/?s={search_term_string}"},"query-input":{"@type":"PropertyValueSpecification","valueRequired":true,"valueName":"search_term_string"}}],"inLanguage":"es"},{"@type":"Person","@id":"https:\/\/marthacifuentes.com\/portada\/#\/schema\/person\/57f53174b991db5f90ff78d58502b714","name":"Martha Cifuentes","image":{"@type":"ImageObject","inLanguage":"es","@id":"https:\/\/marthacifuentes.com\/portada\/#\/schema\/person\/image\/","url":"http:\/\/marthacifuentes.com\/portada\/wp-content\/uploads\/2018\/06\/avatar_user_2_1528838701-96x96.jpg","contentUrl":"http:\/\/marthacifuentes.com\/portada\/wp-content\/uploads\/2018\/06\/avatar_user_2_1528838701-96x96.jpg","caption":"Martha Cifuentes"},"sameAs":["http:\/\/www.marthacifuentes.com"],"url":"https:\/\/marthacifuentes.com\/portada\/author\/martha\/"}]}},"_links":{"self":[{"href":"https:\/\/marthacifuentes.com\/portada\/wp-json\/wp\/v2\/posts\/32630","targetHints":{"allow":["GET"]}}],"collection":[{"href":"https:\/\/marthacifuentes.com\/portada\/wp-json\/wp\/v2\/posts"}],"about":[{"href":"https:\/\/marthacifuentes.com\/portada\/wp-json\/wp\/v2\/types\/post"}],"author":[{"embeddable":true,"href":"https:\/\/marthacifuentes.com\/portada\/wp-json\/wp\/v2\/users\/2"}],"replies":[{"embeddable":true,"href":"https:\/\/marthacifuentes.com\/portada\/wp-json\/wp\/v2\/comments?post=32630"}],"version-history":[{"count":3,"href":"https:\/\/marthacifuentes.com\/portada\/wp-json\/wp\/v2\/posts\/32630\/revisions"}],"predecessor-version":[{"id":32634,"href":"https:\/\/marthacifuentes.com\/portada\/wp-json\/wp\/v2\/posts\/32630\/revisions\/32634"}],"wp:featuredmedia":[{"embeddable":true,"href":"https:\/\/marthacifuentes.com\/portada\/wp-json\/wp\/v2\/media\/32631"}],"wp:attachment":[{"href":"https:\/\/marthacifuentes.com\/portada\/wp-json\/wp\/v2\/media?parent=32630"}],"wp:term":[{"taxonomy":"category","embeddable":true,"href":"https:\/\/marthacifuentes.com\/portada\/wp-json\/wp\/v2\/categories?post=32630"},{"taxonomy":"post_tag","embeddable":true,"href":"https:\/\/marthacifuentes.com\/portada\/wp-json\/wp\/v2\/tags?post=32630"}],"curies":[{"name":"wp","href":"https:\/\/api.w.org\/{rel}","templated":true}]}}