{"id":32646,"date":"2024-03-12T19:16:39","date_gmt":"2024-03-13T00:16:39","guid":{"rendered":"https:\/\/marthacifuentes.com\/portada\/?p=32646"},"modified":"2024-03-12T19:17:30","modified_gmt":"2024-03-13T00:17:30","slug":"condenados-a-11-anos-de-de-prision-tres-extorsionistas-supuestos-miembros-del-clan-del-golfo-en-casanare","status":"publish","type":"post","link":"https:\/\/marthacifuentes.com\/portada\/condenados-a-11-anos-de-de-prision-tres-extorsionistas-supuestos-miembros-del-clan-del-golfo-en-casanare\/","title":{"rendered":"Condenados a 11 a\u00f1os de de prisi\u00f3n tres extorsionistas, supuestos miembros del Clan del Golfo en Casanare."},"content":{"rendered":"<p>Jerson Steban Vel\u00e1squez T\u00e9llez, alias \u2018vel\u00e1squez\u2019 Luis Alberto Pinto Mart\u00ednez, alias \u2019junior\u2019 y Orlando Mateus Coronado fueron condenados a 11 a\u00f1os de prisi\u00f3n y a pagar una multa de 1.500 salarios m\u00ednimos legales mensuales vigentes, por ser los responsables de cometer los delitos de concierto para delinquir agravado, extorsi\u00f3n agravada tentada y porte ilegal de armas de fuego.<\/p>\n<p>Los sujetos, que se identificaban como miembros del Clan del Golfo, ven\u00edan extorsionando y amenazando a ciudadanos de Casanare y Boyac\u00e1 entre inicios del 2019 y mayo del 2021 cuando fueron capturados y judicializados.<\/p>\n<p>Dos de los delincuentes fueron capturados en mayo de 2021 en la vereda San Pedro del municipio de Trinidad luego de ser se\u00f1alados de extorsi\u00f3n a empresas, finqueros, comerciantes y comunidad de los municipios de Aguazul, Pore, Trinidad y San Luis de Palenque.<\/p>\n<p>Al momento de su captura se les incaut\u00f3 dos armas de fuego tipo revolver, 12 cartuchos calibre 38 mil\u00edmetros, una motocicleta, un radio de comunicaciones de corto alcance, tel\u00e9fonos celulares y panfletos amenazantes de las Autodefensas Gaitanistas de Colombia.<\/p>\n<h2><span style=\"color: #ff6600;\">Otras noticias&#8230;<\/span><\/h2>\n<blockquote class=\"wp-embedded-content\" data-secret=\"bqpPlj9vXR\"><p><a href=\"https:\/\/marthacifuentes.com\/portada\/2024\/03\/12\/condenan-a-16-anos-de-prision-a-joven-indigena-por-abuso-sexual-de-nina-menor-de-11-anos-en-casanare\/\">Condenan a 16 a\u00f1os de prisi\u00f3n a joven ind\u00edgena por abuso sexual de ni\u00f1a menor de 11 a\u00f1os en Casanare<\/a><\/p><\/blockquote>\n<p><iframe loading=\"lazy\" class=\"wp-embedded-content\" sandbox=\"allow-scripts\" security=\"restricted\" style=\"position: absolute; clip: rect(1px, 1px, 1px, 1px);\" title=\"\u00abCondenan a 16 a\u00f1os de prisi\u00f3n a joven ind\u00edgena por abuso sexual de ni\u00f1a menor de 11 a\u00f1os en Casanare\u00bb \u2014 \u25b7 Noticias de Casanare : Martha Cifuentes | Casanare\" src=\"https:\/\/marthacifuentes.com\/portada\/2024\/03\/12\/condenan-a-16-anos-de-prision-a-joven-indigena-por-abuso-sexual-de-nina-menor-de-11-anos-en-casanare\/embed\/#?secret=t7C5OhsUHF#?secret=bqpPlj9vXR\" data-secret=\"bqpPlj9vXR\" width=\"500\" height=\"282\" frameborder=\"0\" marginwidth=\"0\" marginheight=\"0\" scrolling=\"no\"><\/iframe><\/p>\n<blockquote class=\"wp-embedded-content\" data-secret=\"Udg3dgQaYL\"><p><a href=\"https:\/\/marthacifuentes.com\/portada\/2024\/03\/12\/mitad-de-comision-septima-del-senado-radica-ponencia-negativa-a-reforma-de-la-salud-de-petro\/\">Mayor\u00eda de Comisi\u00f3n S\u00e9ptima del Senado radica ponencia negativa a reforma de la salud de Petro.<\/a><\/p><\/blockquote>\n<p><iframe loading=\"lazy\" class=\"wp-embedded-content\" sandbox=\"allow-scripts\" security=\"restricted\" style=\"position: absolute; clip: rect(1px, 1px, 1px, 1px);\" title=\"\u00abMayor\u00eda de Comisi\u00f3n S\u00e9ptima del Senado radica ponencia negativa a reforma de la salud de Petro.\u00bb \u2014 \u25b7 Noticias de Casanare : Martha Cifuentes | Casanare\" src=\"https:\/\/marthacifuentes.com\/portada\/2024\/03\/12\/mitad-de-comision-septima-del-senado-radica-ponencia-negativa-a-reforma-de-la-salud-de-petro\/embed\/#?secret=eNQ1efknX1#?secret=Udg3dgQaYL\" data-secret=\"Udg3dgQaYL\" width=\"500\" height=\"282\" frameborder=\"0\" marginwidth=\"0\" marginheight=\"0\" scrolling=\"no\"><\/iframe><\/p>\n<p><iframe loading=\"lazy\" class=\"wp-embedded-content\" title=\"\u00abTragedia en Casanare: Sargento es asesinado por otro miembro del Ej\u00e9rcito, en confuso incidente de \u201cFuego Amigo\u201d\u00bb \u2014 \u25b7 Noticias de Casanare : Martha Cifuentes | Casanare\" src=\"https:\/\/marthacifuentes.com\/portada\/2024\/03\/12\/tragedia-en-casanare-sargento-es-asesinado-por-otro-miembro-del-ejercito-en-confuso-incidente-de-fuego-amigo\/embed\/#?secret=oGAWMfuUQe#?secret=AqmJkjjglT\" width=\"600\" height=\"649\" frameborder=\"0\" marginwidth=\"0\" marginheight=\"0\" scrolling=\"no\" sandbox=\"allow-scripts\" data-secret=\"AqmJkjjglT\" data-mce-fragment=\"1\"><\/iframe><\/p>\n<p><iframe loading=\"lazy\" class=\"wp-embedded-content\" title=\"\u00abMujeres cient\u00edficas en Colombia: una minor\u00eda con menos oportunidades. Persiste desigualdad de g\u00e9nero.\u00bb \u2014 \u25b7 Noticias de Casanare : Martha Cifuentes | Casanare\" src=\"https:\/\/marthacifuentes.com\/portada\/2024\/03\/11\/mujeres-cientificas-en-colombia-una-minoria-con-menos-oportunidades-persiste-desigualdad-de-genero\/embed\/#?secret=sVMb48GMXL#?secret=0efQib2Xni\" width=\"600\" height=\"562\" frameborder=\"0\" marginwidth=\"0\" marginheight=\"0\" scrolling=\"no\" sandbox=\"allow-scripts\" data-secret=\"0efQib2Xni\" data-mce-fragment=\"1\"><\/iframe><\/p>\n<p><iframe loading=\"lazy\" class=\"wp-embedded-content\" title=\"\u00abHay m\u00e1s de 1.200 vacantes en todo el pa\u00eds. Oferta la CNSC. En Casanare tambi\u00e9n hay empleos.\u00bb \u2014 \u25b7 Noticias de Casanare : Martha Cifuentes | Casanare\" src=\"https:\/\/marthacifuentes.com\/portada\/2024\/03\/11\/hay-mas-de-1-200-vacantes-en-todo-el-pais-oferta-la-cnsc-en-casanare-tambien-hay-empleos\/embed\/#?secret=iTNqjos0m1#?secret=Wo48VpNj3g\" width=\"600\" height=\"600\" frameborder=\"0\" marginwidth=\"0\" marginheight=\"0\" scrolling=\"no\" sandbox=\"allow-scripts\" data-secret=\"Wo48VpNj3g\" data-mce-fragment=\"1\"><\/iframe><\/p>\n<p><iframe loading=\"lazy\" class=\"wp-embedded-content\" title=\"\u00abMientras el gobernador Zorro lidera patrullajes de seguridad en Yopal, delincuentes motorizados siguen atracando.\u00bb \u2014 \u25b7 Noticias de Casanare : Martha Cifuentes | Casanare\" src=\"https:\/\/marthacifuentes.com\/portada\/2024\/03\/11\/mientras-el-gobernador-zorro-lidera-patrullajes-de-seguridad-en-yopal-delincuentes-motorizados-siguen-atracando\/embed\/#?secret=nZ4Ry47z5b#?secret=OY0aaTvQXa\" width=\"600\" height=\"628\" frameborder=\"0\" marginwidth=\"0\" marginheight=\"0\" scrolling=\"no\" sandbox=\"allow-scripts\" data-secret=\"OY0aaTvQXa\" data-mce-fragment=\"1\"><\/iframe><\/p>\n<p><iframe loading=\"lazy\" class=\"wp-embedded-content\" title=\"\u00abObras viales en Casanare deben generar plusval\u00eda y valorizaci\u00f3n para realizar m\u00e1s proyectos: MinTransporte \u00a0\u00bb \u2014 \u25b7 Noticias de Casanare : Martha Cifuentes | Casanare\" src=\"https:\/\/marthacifuentes.com\/portada\/2024\/03\/08\/obras-viales-en-casanare-deben-generar-plusvalia-y-valorizacion-para-realizar-mas-proyectos-mintransporte\/embed\/#?secret=vCn5v732o0#?secret=7dHQCrWC25\" width=\"600\" height=\"649\" frameborder=\"0\" marginwidth=\"0\" marginheight=\"0\" scrolling=\"no\" sandbox=\"allow-scripts\" data-secret=\"7dHQCrWC25\" data-mce-fragment=\"1\"><\/iframe><\/p>\n<p><iframe loading=\"lazy\" class=\"wp-embedded-content\" title=\"\u00abExsenador Alexander L\u00f3pez Maya se posesion\u00f3 como nuevo director del DNP\u00bb \u2014 \u25b7 Noticias de Casanare : Martha Cifuentes | Casanare\" src=\"https:\/\/marthacifuentes.com\/portada\/2024\/03\/06\/exsenador-alexander-lopez-maya-se-posesiono-como-nuevo-director-del-dnp\/embed\/#?secret=g3kILg3ayQ#?secret=CMiNG4QkBG\" width=\"600\" height=\"621\" frameborder=\"0\" marginwidth=\"0\" marginheight=\"0\" scrolling=\"no\" sandbox=\"allow-scripts\" data-secret=\"CMiNG4QkBG\" data-mce-fragment=\"1\"><\/iframe><\/p>\n<p><iframe loading=\"lazy\" class=\"wp-embedded-content\" title=\"\u00abElegidos alcaldes que representar\u00e1n a Casanare ante OCAD Regional Llanos para los pr\u00f3ximos 4 a\u00f1os\u00bb \u2014 \u25b7 Noticias de Casanare : Martha Cifuentes | Casanare\" src=\"https:\/\/marthacifuentes.com\/portada\/2024\/03\/06\/elegidos-alcaldes-que-representaran-a-casanare-ante-ocad-regional-llanos-para-los-proximos-4-anos\/embed\/#?secret=kfP76HLadT#?secret=QPgP6LESgY\" width=\"600\" height=\"621\" frameborder=\"0\" marginwidth=\"0\" marginheight=\"0\" scrolling=\"no\" sandbox=\"allow-scripts\" data-secret=\"QPgP6LESgY\" data-mce-fragment=\"1\"><\/iframe><\/p>\n<p><iframe loading=\"lazy\" class=\"wp-embedded-content\" title=\"\u00abCapturan a cuatro integrantes de Los Piquis, ladrones de motos en Casanare\u00bb \u2014 \u25b7 Noticias de Casanare : Martha Cifuentes | Casanare\" src=\"https:\/\/marthacifuentes.com\/portada\/2024\/03\/05\/capturan-a-cuatro-integrantes-de-los-piquis-ladrones-de-motos-en-casanare\/embed\/#?secret=UoJxqAhtH2#?secret=QCWp5wGRZC\" width=\"600\" height=\"621\" frameborder=\"0\" marginwidth=\"0\" marginheight=\"0\" scrolling=\"no\" sandbox=\"allow-scripts\" data-secret=\"QCWp5wGRZC\" data-mce-fragment=\"1\"><\/iframe><\/p>\n<p><iframe loading=\"lazy\" class=\"wp-embedded-content\" title=\"\u00ab4 delincuentes menos en las calles de Casanare. A la c\u00e1rcel miembros de \u201cLos Alacranes\u201d por secuestros y extorsiones.\u00bb \u2014 \u25b7 Noticias de Casanare : Martha Cifuentes | Casanare\" src=\"https:\/\/marthacifuentes.com\/portada\/2024\/03\/05\/4-delincuentes-menos-en-las-calles-de-casanare-a-la-carcel-miembros-de-los-alacranes-por-secuestros-y-extorsiones\/embed\/#?secret=yPyQHtt1tW#?secret=F9bXICQOM2\" width=\"600\" height=\"649\" frameborder=\"0\" marginwidth=\"0\" marginheight=\"0\" scrolling=\"no\" sandbox=\"allow-scripts\" data-secret=\"F9bXICQOM2\" data-mce-fragment=\"1\"><\/iframe><\/p>\n<p><iframe loading=\"lazy\" class=\"wp-embedded-content\" title=\"\u00abGobernador Zorro inspeccion\u00f3 recuperaci\u00f3n de v\u00edas terciar\u00edas. Pidi\u00f3 a contratistas no perder un solo peso de los casanare\u00f1os.\u00bb \u2014 \u25b7 Noticias de Casanare : Martha Cifuentes | Casanare\" src=\"https:\/\/marthacifuentes.com\/portada\/2024\/03\/05\/gobernador-zorro-inspecciono-recuperacion-de-vias-terciarias-pidio-a-contratistas-no-perder-un-solo-peso-de-los-casanarenos\/embed\/#?secret=tVP8mZnzvN#?secret=YvxBhUWAjy\" width=\"600\" height=\"649\" frameborder=\"0\" marginwidth=\"0\" marginheight=\"0\" scrolling=\"no\" sandbox=\"allow-scripts\" data-secret=\"YvxBhUWAjy\" data-mce-fragment=\"1\"><\/iframe><\/p>\n<p><iframe loading=\"lazy\" class=\"wp-embedded-content\" title=\"\u00abDespu\u00e9s de 15 a\u00f1os de no invertir en infraestructura educativa MinEducaci\u00f3n cofinanciar\u00e1 dos colegios en Yopal. Uno, el Centro Social y otro en La Bendici\u00f3n.\u00bb \u2014 \u25b7 Noticias de Casanare : Martha Cifuentes | Casanare\" src=\"https:\/\/marthacifuentes.com\/portada\/2024\/03\/05\/despues-de-15-anos-de-no-invertir-en-infraestructura-educativa-mineducacion-cofinanciara-dos-colegios-en-yopal-uno-el-centro-social-y-otro-en-la-bendicion\/embed\/#?secret=OepHGuJjEP#?secret=7IbgQTbsyE\" width=\"600\" height=\"607\" frameborder=\"0\" marginwidth=\"0\" marginheight=\"0\" scrolling=\"no\" sandbox=\"allow-scripts\" data-secret=\"7IbgQTbsyE\" data-mce-fragment=\"1\"><\/iframe><\/p>\n<p><iframe loading=\"lazy\" class=\"wp-embedded-content\" title=\"\u00abDos hombres a la c\u00e1rcel por abusar sexualmente de menores en Casanare. Uno era un profesor de danza.\u00bb \u2014 \u25b7 Noticias de Casanare : Martha Cifuentes | Casanare\" src=\"https:\/\/marthacifuentes.com\/portada\/2024\/03\/04\/dos-hombres-a-la-carcel-por-abusar-sexualmente-de-menores-en-casanare-uno-era-un-profesor-de-danza\/embed\/#?secret=TyFpaxK3Ha#?secret=rG9PCczr2H\" width=\"600\" height=\"621\" frameborder=\"0\" marginwidth=\"0\" marginheight=\"0\" scrolling=\"no\" sandbox=\"allow-scripts\" data-secret=\"rG9PCczr2H\" data-mce-fragment=\"1\"><\/iframe><\/p>\n<p><iframe loading=\"lazy\" class=\"wp-embedded-content\" title=\"\u00abCae tr\u00edo criminal del \u2018Clan del Golfo\u2019 con posible responsabilidad en homicidios de l\u00edderes sociales.\u00bb \u2014 \u25b7 Noticias de Casanare : Martha Cifuentes | Casanare\" src=\"https:\/\/marthacifuentes.com\/portada\/2024\/03\/04\/cae-trio-criminal-del-clan-del-golfo-con-posible-responsabilidad-en-homicidios-de-lideres-sociales\/embed\/#?secret=Siq1ij58Qh#?secret=Y08ckNYteU\" width=\"600\" height=\"621\" frameborder=\"0\" marginwidth=\"0\" marginheight=\"0\" scrolling=\"no\" sandbox=\"allow-scripts\" data-secret=\"Y08ckNYteU\" data-mce-fragment=\"1\"><\/iframe><\/p>\n<p><iframe loading=\"lazy\" class=\"wp-embedded-content\" title=\"\u00abConstrucci\u00f3n de hospital de Trinidad a paso de tortuga mientras que el de Villanueva va a buen ritmo, seg\u00fan Secretar\u00eda de Salud de Casanare.\u00bb \u2014 \u25b7 Noticias de Casanare : Martha Cifuentes | Casanare\" src=\"https:\/\/marthacifuentes.com\/portada\/2024\/03\/04\/construccion-de-hospital-de-trinidad-a-paso-de-tortuga-mientras-que-el-de-villanueva-va-a-buen-ritmo-segun-secretaria-de-salud-de-casanare\/embed\/#?secret=5xt2J8JN1i#?secret=h42uz91UZb\" width=\"600\" height=\"649\" frameborder=\"0\" marginwidth=\"0\" marginheight=\"0\" scrolling=\"no\" sandbox=\"allow-scripts\" data-secret=\"h42uz91UZb\" data-mce-fragment=\"1\"><\/iframe><\/p>\n<p>&nbsp;<\/p>\n","protected":false},"excerpt":{"rendered":"<p>Jerson Steban Vel\u00e1squez T\u00e9llez, alias \u2018vel\u00e1squez\u2019 Luis Alberto Pinto Mart\u00ednez, alias \u2019junior\u2019 y Orlando Mateus Coronado fueron condenados a 11 a\u00f1os de prisi\u00f3n y a pagar una multa de 1.500 salarios m\u00ednimos legales mensuales vigentes, por ser los responsables de cometer los delitos de concierto para delinquir agravado, extorsi\u00f3n agravada tentada y porte ilegal de &hellip;<\/p>\n","protected":false},"author":2,"featured_media":32649,"comment_status":"open","ping_status":"open","sticky":false,"template":"","format":"standard","meta":{"om_disable_all_campaigns":false,"_exactmetrics_skip_tracking":false,"_exactmetrics_sitenote_active":false,"_exactmetrics_sitenote_note":"","_exactmetrics_sitenote_category":0,"_monsterinsights_skip_tracking":false,"_monsterinsights_sitenote_active":false,"_monsterinsights_sitenote_note":"","_monsterinsights_sitenote_category":0,"_uf_show_specific_survey":0,"_uf_disable_surveys":false,"_joinchat":[],"footnotes":""},"categories":[147,146,145],"tags":[9578,9579,9575,9576,9577,1400,9580],"class_list":["post-32646","post","type-post","status-publish","format-standard","has-post-thumbnail","hentry","category-actualidad","category-noticias","category-reportajes","tag-alias-velasquez-luis-alberto-pinto-martinez","tag-alias-junior-y-orlando-mateus-coronado","tag-casanare-clan-del-golfo","tag-condenados-extorsionistas-del-clan-del-golfo-casanare","tag-jerson-steban-velasquez-tellez","tag-noticias-casanare","tag-noticias-trinidad-clan-del-golfo"],"yoast_head":"<!-- This site is optimized with the Yoast SEO plugin v26.1 - https:\/\/yoast.com\/wordpress\/plugins\/seo\/ -->\n<title>Condenados a 11 a\u00f1os de de prisi\u00f3n tres extorsionistas, supuestos miembros del Clan del Golfo en Casanare. - \u25b7 Noticias de Casanare : Martha Cifuentes | Casanare<\/title>\n<meta name=\"robots\" content=\"index, follow, max-snippet:-1, max-image-preview:large, max-video-preview:-1\" \/>\n<link rel=\"canonical\" href=\"https:\/\/marthacifuentes.com\/portada\/condenados-a-11-anos-de-de-prision-tres-extorsionistas-supuestos-miembros-del-clan-del-golfo-en-casanare\/\" \/>\n<meta property=\"og:locale\" content=\"es_ES\" \/>\n<meta property=\"og:type\" content=\"article\" \/>\n<meta property=\"og:title\" content=\"Condenados a 11 a\u00f1os de de prisi\u00f3n tres extorsionistas, supuestos miembros del Clan del Golfo en Casanare. - \u25b7 Noticias de Casanare : Martha Cifuentes | Casanare\" \/>\n<meta property=\"og:description\" content=\"Jerson Steban Vel\u00e1squez T\u00e9llez, alias \u2018vel\u00e1squez\u2019 Luis Alberto Pinto Mart\u00ednez, alias \u2019junior\u2019 y Orlando Mateus Coronado fueron condenados a 11 a\u00f1os de prisi\u00f3n y a pagar una multa de 1.500 salarios m\u00ednimos legales mensuales vigentes, por ser los responsables de cometer los delitos de concierto para delinquir agravado, extorsi\u00f3n agravada tentada y porte ilegal de &hellip;\" \/>\n<meta property=\"og:url\" content=\"https:\/\/marthacifuentes.com\/portada\/condenados-a-11-anos-de-de-prision-tres-extorsionistas-supuestos-miembros-del-clan-del-golfo-en-casanare\/\" \/>\n<meta property=\"og:site_name\" content=\"\u25b7 Noticias de Casanare : Martha Cifuentes | Casanare\" \/>\n<meta property=\"article:published_time\" content=\"2024-03-13T00:16:39+00:00\" \/>\n<meta property=\"article:modified_time\" content=\"2024-03-13T00:17:30+00:00\" \/>\n<meta property=\"og:image\" content=\"https:\/\/marthacifuentes.com\/portada\/wp-content\/uploads\/2024\/03\/alias-junior-y-velasquez.jpg\" \/>\n\t<meta property=\"og:image:width\" content=\"500\" \/>\n\t<meta property=\"og:image:height\" content=\"375\" \/>\n\t<meta property=\"og:image:type\" content=\"image\/jpeg\" \/>\n<meta name=\"author\" content=\"Martha Cifuentes\" \/>\n<meta name=\"twitter:card\" content=\"summary_large_image\" \/>\n<meta name=\"twitter:label1\" content=\"Escrito por\" \/>\n\t<meta name=\"twitter:data1\" content=\"Martha Cifuentes\" \/>\n\t<meta name=\"twitter:label2\" content=\"Tiempo de lectura\" \/>\n\t<meta name=\"twitter:data2\" content=\"1 minuto\" \/>\n<script type=\"application\/ld+json\" class=\"yoast-schema-graph\">{\"@context\":\"https:\/\/schema.org\",\"@graph\":[{\"@type\":\"WebPage\",\"@id\":\"https:\/\/marthacifuentes.com\/portada\/condenados-a-11-anos-de-de-prision-tres-extorsionistas-supuestos-miembros-del-clan-del-golfo-en-casanare\/\",\"url\":\"https:\/\/marthacifuentes.com\/portada\/condenados-a-11-anos-de-de-prision-tres-extorsionistas-supuestos-miembros-del-clan-del-golfo-en-casanare\/\",\"name\":\"Condenados a 11 a\u00f1os de de prisi\u00f3n tres extorsionistas, supuestos miembros del Clan del Golfo en Casanare. - \u25b7 Noticias de Casanare : Martha Cifuentes | Casanare\",\"isPartOf\":{\"@id\":\"https:\/\/marthacifuentes.com\/portada\/#website\"},\"primaryImageOfPage\":{\"@id\":\"https:\/\/marthacifuentes.com\/portada\/condenados-a-11-anos-de-de-prision-tres-extorsionistas-supuestos-miembros-del-clan-del-golfo-en-casanare\/#primaryimage\"},\"image\":{\"@id\":\"https:\/\/marthacifuentes.com\/portada\/condenados-a-11-anos-de-de-prision-tres-extorsionistas-supuestos-miembros-del-clan-del-golfo-en-casanare\/#primaryimage\"},\"thumbnailUrl\":\"https:\/\/marthacifuentes.com\/portada\/wp-content\/uploads\/2024\/03\/alias-junior-y-velasquez.jpg\",\"datePublished\":\"2024-03-13T00:16:39+00:00\",\"dateModified\":\"2024-03-13T00:17:30+00:00\",\"author\":{\"@id\":\"https:\/\/marthacifuentes.com\/portada\/#\/schema\/person\/57f53174b991db5f90ff78d58502b714\"},\"breadcrumb\":{\"@id\":\"https:\/\/marthacifuentes.com\/portada\/condenados-a-11-anos-de-de-prision-tres-extorsionistas-supuestos-miembros-del-clan-del-golfo-en-casanare\/#breadcrumb\"},\"inLanguage\":\"es\",\"potentialAction\":[{\"@type\":\"ReadAction\",\"target\":[\"https:\/\/marthacifuentes.com\/portada\/condenados-a-11-anos-de-de-prision-tres-extorsionistas-supuestos-miembros-del-clan-del-golfo-en-casanare\/\"]}]},{\"@type\":\"ImageObject\",\"inLanguage\":\"es\",\"@id\":\"https:\/\/marthacifuentes.com\/portada\/condenados-a-11-anos-de-de-prision-tres-extorsionistas-supuestos-miembros-del-clan-del-golfo-en-casanare\/#primaryimage\",\"url\":\"https:\/\/marthacifuentes.com\/portada\/wp-content\/uploads\/2024\/03\/alias-junior-y-velasquez.jpg\",\"contentUrl\":\"https:\/\/marthacifuentes.com\/portada\/wp-content\/uploads\/2024\/03\/alias-junior-y-velasquez.jpg\",\"width\":500,\"height\":375},{\"@type\":\"BreadcrumbList\",\"@id\":\"https:\/\/marthacifuentes.com\/portada\/condenados-a-11-anos-de-de-prision-tres-extorsionistas-supuestos-miembros-del-clan-del-golfo-en-casanare\/#breadcrumb\",\"itemListElement\":[{\"@type\":\"ListItem\",\"position\":1,\"name\":\"Portada\",\"item\":\"https:\/\/marthacifuentes.com\/portada\/\"},{\"@type\":\"ListItem\",\"position\":2,\"name\":\"Condenados a 11 a\u00f1os de de prisi\u00f3n tres extorsionistas, supuestos miembros del Clan del Golfo en Casanare.\"}]},{\"@type\":\"WebSite\",\"@id\":\"https:\/\/marthacifuentes.com\/portada\/#website\",\"url\":\"https:\/\/marthacifuentes.com\/portada\/\",\"name\":\"\u25b7 Noticias de Casanare : Martha Cifuentes | Casanare\",\"description\":\"Noticias &amp; Contenidos\",\"potentialAction\":[{\"@type\":\"SearchAction\",\"target\":{\"@type\":\"EntryPoint\",\"urlTemplate\":\"https:\/\/marthacifuentes.com\/portada\/?s={search_term_string}\"},\"query-input\":{\"@type\":\"PropertyValueSpecification\",\"valueRequired\":true,\"valueName\":\"search_term_string\"}}],\"inLanguage\":\"es\"},{\"@type\":\"Person\",\"@id\":\"https:\/\/marthacifuentes.com\/portada\/#\/schema\/person\/57f53174b991db5f90ff78d58502b714\",\"name\":\"Martha Cifuentes\",\"image\":{\"@type\":\"ImageObject\",\"inLanguage\":\"es\",\"@id\":\"https:\/\/marthacifuentes.com\/portada\/#\/schema\/person\/image\/\",\"url\":\"http:\/\/marthacifuentes.com\/portada\/wp-content\/uploads\/2018\/06\/avatar_user_2_1528838701-96x96.jpg\",\"contentUrl\":\"http:\/\/marthacifuentes.com\/portada\/wp-content\/uploads\/2018\/06\/avatar_user_2_1528838701-96x96.jpg\",\"caption\":\"Martha Cifuentes\"},\"sameAs\":[\"http:\/\/www.marthacifuentes.com\"],\"url\":\"https:\/\/marthacifuentes.com\/portada\/author\/martha\/\"}]}<\/script>\n<!-- \/ Yoast SEO plugin. -->","yoast_head_json":{"title":"Condenados a 11 a\u00f1os de de prisi\u00f3n tres extorsionistas, supuestos miembros del Clan del Golfo en Casanare. - \u25b7 Noticias de Casanare : Martha Cifuentes | Casanare","robots":{"index":"index","follow":"follow","max-snippet":"max-snippet:-1","max-image-preview":"max-image-preview:large","max-video-preview":"max-video-preview:-1"},"canonical":"https:\/\/marthacifuentes.com\/portada\/condenados-a-11-anos-de-de-prision-tres-extorsionistas-supuestos-miembros-del-clan-del-golfo-en-casanare\/","og_locale":"es_ES","og_type":"article","og_title":"Condenados a 11 a\u00f1os de de prisi\u00f3n tres extorsionistas, supuestos miembros del Clan del Golfo en Casanare. - \u25b7 Noticias de Casanare : Martha Cifuentes | Casanare","og_description":"Jerson Steban Vel\u00e1squez T\u00e9llez, alias \u2018vel\u00e1squez\u2019 Luis Alberto Pinto Mart\u00ednez, alias \u2019junior\u2019 y Orlando Mateus Coronado fueron condenados a 11 a\u00f1os de prisi\u00f3n y a pagar una multa de 1.500 salarios m\u00ednimos legales mensuales vigentes, por ser los responsables de cometer los delitos de concierto para delinquir agravado, extorsi\u00f3n agravada tentada y porte ilegal de &hellip;","og_url":"https:\/\/marthacifuentes.com\/portada\/condenados-a-11-anos-de-de-prision-tres-extorsionistas-supuestos-miembros-del-clan-del-golfo-en-casanare\/","og_site_name":"\u25b7 Noticias de Casanare : Martha Cifuentes | Casanare","article_published_time":"2024-03-13T00:16:39+00:00","article_modified_time":"2024-03-13T00:17:30+00:00","og_image":[{"width":500,"height":375,"url":"https:\/\/marthacifuentes.com\/portada\/wp-content\/uploads\/2024\/03\/alias-junior-y-velasquez.jpg","type":"image\/jpeg"}],"author":"Martha Cifuentes","twitter_card":"summary_large_image","twitter_misc":{"Escrito por":"Martha Cifuentes","Tiempo de lectura":"1 minuto"},"schema":{"@context":"https:\/\/schema.org","@graph":[{"@type":"WebPage","@id":"https:\/\/marthacifuentes.com\/portada\/condenados-a-11-anos-de-de-prision-tres-extorsionistas-supuestos-miembros-del-clan-del-golfo-en-casanare\/","url":"https:\/\/marthacifuentes.com\/portada\/condenados-a-11-anos-de-de-prision-tres-extorsionistas-supuestos-miembros-del-clan-del-golfo-en-casanare\/","name":"Condenados a 11 a\u00f1os de de prisi\u00f3n tres extorsionistas, supuestos miembros del Clan del Golfo en Casanare. - \u25b7 Noticias de Casanare : Martha Cifuentes | Casanare","isPartOf":{"@id":"https:\/\/marthacifuentes.com\/portada\/#website"},"primaryImageOfPage":{"@id":"https:\/\/marthacifuentes.com\/portada\/condenados-a-11-anos-de-de-prision-tres-extorsionistas-supuestos-miembros-del-clan-del-golfo-en-casanare\/#primaryimage"},"image":{"@id":"https:\/\/marthacifuentes.com\/portada\/condenados-a-11-anos-de-de-prision-tres-extorsionistas-supuestos-miembros-del-clan-del-golfo-en-casanare\/#primaryimage"},"thumbnailUrl":"https:\/\/marthacifuentes.com\/portada\/wp-content\/uploads\/2024\/03\/alias-junior-y-velasquez.jpg","datePublished":"2024-03-13T00:16:39+00:00","dateModified":"2024-03-13T00:17:30+00:00","author":{"@id":"https:\/\/marthacifuentes.com\/portada\/#\/schema\/person\/57f53174b991db5f90ff78d58502b714"},"breadcrumb":{"@id":"https:\/\/marthacifuentes.com\/portada\/condenados-a-11-anos-de-de-prision-tres-extorsionistas-supuestos-miembros-del-clan-del-golfo-en-casanare\/#breadcrumb"},"inLanguage":"es","potentialAction":[{"@type":"ReadAction","target":["https:\/\/marthacifuentes.com\/portada\/condenados-a-11-anos-de-de-prision-tres-extorsionistas-supuestos-miembros-del-clan-del-golfo-en-casanare\/"]}]},{"@type":"ImageObject","inLanguage":"es","@id":"https:\/\/marthacifuentes.com\/portada\/condenados-a-11-anos-de-de-prision-tres-extorsionistas-supuestos-miembros-del-clan-del-golfo-en-casanare\/#primaryimage","url":"https:\/\/marthacifuentes.com\/portada\/wp-content\/uploads\/2024\/03\/alias-junior-y-velasquez.jpg","contentUrl":"https:\/\/marthacifuentes.com\/portada\/wp-content\/uploads\/2024\/03\/alias-junior-y-velasquez.jpg","width":500,"height":375},{"@type":"BreadcrumbList","@id":"https:\/\/marthacifuentes.com\/portada\/condenados-a-11-anos-de-de-prision-tres-extorsionistas-supuestos-miembros-del-clan-del-golfo-en-casanare\/#breadcrumb","itemListElement":[{"@type":"ListItem","position":1,"name":"Portada","item":"https:\/\/marthacifuentes.com\/portada\/"},{"@type":"ListItem","position":2,"name":"Condenados a 11 a\u00f1os de de prisi\u00f3n tres extorsionistas, supuestos miembros del Clan del Golfo en Casanare."}]},{"@type":"WebSite","@id":"https:\/\/marthacifuentes.com\/portada\/#website","url":"https:\/\/marthacifuentes.com\/portada\/","name":"\u25b7 Noticias de Casanare : Martha Cifuentes | Casanare","description":"Noticias &amp; Contenidos","potentialAction":[{"@type":"SearchAction","target":{"@type":"EntryPoint","urlTemplate":"https:\/\/marthacifuentes.com\/portada\/?s={search_term_string}"},"query-input":{"@type":"PropertyValueSpecification","valueRequired":true,"valueName":"search_term_string"}}],"inLanguage":"es"},{"@type":"Person","@id":"https:\/\/marthacifuentes.com\/portada\/#\/schema\/person\/57f53174b991db5f90ff78d58502b714","name":"Martha Cifuentes","image":{"@type":"ImageObject","inLanguage":"es","@id":"https:\/\/marthacifuentes.com\/portada\/#\/schema\/person\/image\/","url":"http:\/\/marthacifuentes.com\/portada\/wp-content\/uploads\/2018\/06\/avatar_user_2_1528838701-96x96.jpg","contentUrl":"http:\/\/marthacifuentes.com\/portada\/wp-content\/uploads\/2018\/06\/avatar_user_2_1528838701-96x96.jpg","caption":"Martha Cifuentes"},"sameAs":["http:\/\/www.marthacifuentes.com"],"url":"https:\/\/marthacifuentes.com\/portada\/author\/martha\/"}]}},"_links":{"self":[{"href":"https:\/\/marthacifuentes.com\/portada\/wp-json\/wp\/v2\/posts\/32646","targetHints":{"allow":["GET"]}}],"collection":[{"href":"https:\/\/marthacifuentes.com\/portada\/wp-json\/wp\/v2\/posts"}],"about":[{"href":"https:\/\/marthacifuentes.com\/portada\/wp-json\/wp\/v2\/types\/post"}],"author":[{"embeddable":true,"href":"https:\/\/marthacifuentes.com\/portada\/wp-json\/wp\/v2\/users\/2"}],"replies":[{"embeddable":true,"href":"https:\/\/marthacifuentes.com\/portada\/wp-json\/wp\/v2\/comments?post=32646"}],"version-history":[{"count":2,"href":"https:\/\/marthacifuentes.com\/portada\/wp-json\/wp\/v2\/posts\/32646\/revisions"}],"predecessor-version":[{"id":32650,"href":"https:\/\/marthacifuentes.com\/portada\/wp-json\/wp\/v2\/posts\/32646\/revisions\/32650"}],"wp:featuredmedia":[{"embeddable":true,"href":"https:\/\/marthacifuentes.com\/portada\/wp-json\/wp\/v2\/media\/32649"}],"wp:attachment":[{"href":"https:\/\/marthacifuentes.com\/portada\/wp-json\/wp\/v2\/media?parent=32646"}],"wp:term":[{"taxonomy":"category","embeddable":true,"href":"https:\/\/marthacifuentes.com\/portada\/wp-json\/wp\/v2\/categories?post=32646"},{"taxonomy":"post_tag","embeddable":true,"href":"https:\/\/marthacifuentes.com\/portada\/wp-json\/wp\/v2\/tags?post=32646"}],"curies":[{"name":"wp","href":"https:\/\/api.w.org\/{rel}","templated":true}]}}