{"id":32651,"date":"2024-03-15T06:39:39","date_gmt":"2024-03-15T11:39:39","guid":{"rendered":"https:\/\/marthacifuentes.com\/portada\/?p=32651"},"modified":"2024-03-15T10:07:31","modified_gmt":"2024-03-15T15:07:31","slug":"indignacion-en-yopal-por-exceso-de-fuerza-policial-abogado-contra-lenin-bustos-fue-reducido-con-una-pistola-taser","status":"publish","type":"post","link":"https:\/\/marthacifuentes.com\/portada\/indignacion-en-yopal-por-exceso-de-fuerza-policial-abogado-contra-lenin-bustos-fue-reducido-con-una-pistola-taser\/","title":{"rendered":"Indignaci\u00f3n en Yopal por exceso de fuerza policial abogado contra Lenin Bustos. Fue reducido con una pistola taser."},"content":{"rendered":"<p>A trav\u00e9s de un perturbador v\u00eddeo que se hizo viral en las redes sociales la comunidad de Yopal pudo observar como el excandidato a la Alcald\u00eda de Yopal y abogado litigante Lenin Bustos fue v\u00edctima de un aparente exceso de fuerza policial mientras cumpl\u00eda sus deberes como defensor de un hombre que iba a ser desalojado de su residencia. La situaci\u00f3n caus\u00f3 indignaci\u00f3n en redes sociales. Se fustig\u00f3 el procedimiento policial que incluy\u00f3 descargas el\u00e9ctricas.<\/p>\n<p>En el video se observa al abogado en medio de muchedumbre y polic\u00eda al lado de una moto con su cedula en la mano, explicando que \u00e9l es protegido por la Unidad Nacional de Protecci\u00f3n por amenazas de la polic\u00eda y en ese instante un patrullero lo cuestiona, comienza a puyarlo con las manos, se pone al frente de \u00e9l y le pide que mantenga la calma. Mientras esto sucede Lenin levanta las manos pidiendo al patrullero que no lo toque pero otro patrullero que estaba detr\u00e1s de \u00e9l le aplica una descarga el\u00e9ctrica en su espalda con una pistola tipo Taser y en un acto reflejo el abogado alcanza a lanzar un d\u00e9bil golpe al patrullero, quien le aplica una nueva descarga el\u00e9ctrica que lo hace caer al piso inmediatamente al perder control de su cuerpo.<\/p>\n<p>Estando en esa situaci\u00f3n de indefensi\u00f3n y gritando del dolor la polic\u00eda le ordenaba colocar sus manos detr\u00e1s de la espalda para esposarlo. Lenin Bustos a pesar de no poder controlar voluntariamente su cuerpo vuelve a ser objeto de otra descarga, ya estando tirado en el suelo. Finalmente lo terminan esposando y en medio de torpes movimientos de parte de \u00e9l, se lo llevan a la URI de la Fiscal\u00eda, donde lo mantienen durante varias horas para hacer los tr\u00e1mites de rigor y luego fue llevado al Instituto de Medicina Legal donde le hicieron los ex\u00e1menes correspondientes. De ah\u00ed fue trasladado al Hospital Regional de la Orinoquia, por una arritmia presentada.<\/p>\n<p>Llama la atenci\u00f3n que a pesar de que la polic\u00eda ya hab\u00eda reducido al abogado, al que inicialmente no le leyeron sus derechos, al subirlo a la camioneta de la polic\u00eda, no le hab\u00edan retirado el cable de la pistola Taser.<\/p>\n<p>Un abogado de su bufete explic\u00f3 a medios locales como El Nuevo Oriente y Prensacasanareonline, entre otros, que la situaci\u00f3n se desencaden\u00f3 cuando el abogado participaba como defensor en una diligencia de desalojo de un hombre de la residencia donde viv\u00eda en un barrio cercano al terminal de Transportes de Yopal. \u00a0\u00c9l se opon\u00eda al lanzamiento a trav\u00e9s de argumentos jur\u00eddicos.<\/p>\n<p>El concejal de Yopal Felipe Becerra cuestion\u00f3 el procedimiento y pidi\u00f3 investigaciones sobre el hecho. Y en redes sociales diversas personas criticaron el actuar de la polic\u00eda. Por ahora Lenin fue notificado de su libertad mientras estaba en el Horo.<\/p>\n<p>Lenin Bustos luego de todo lo sucedido expres\u00f3 que emprender\u00e1 acciones contra los uniformados por lo que \u00e9l consider\u00f3 exceso de fuerza policial y tortura en persona en estado de indefensi\u00f3n.<\/p>\n<p>&nbsp;<\/p>\n<p><strong>Contexto del uso de la pistola Taser:<\/strong><\/p>\n<p>En Colombia, las condiciones generales para el uso de la fuerza y medios por parte de la Polic\u00eda Nacional est\u00e1n regidas por principios establecidos en el C\u00f3digo Nacional de Polic\u00eda y Convivencia y otras normativas relevantes. Estos principios incluyen:<\/p>\n<p>Legalidad: El uso de la fuerza debe estar autorizado por la ley y los reglamentos vigentes.<\/p>\n<p>Necesidad: Solo se debe recurrir al uso de la fuerza cuando sea estrictamente necesario para cumplir con un deber legal o proteger la vida o la integridad f\u00edsica de las personas.<\/p>\n<p>Proporcionalidad: La fuerza empleada debe ser proporcional a la amenaza y al objetivo leg\u00edtimo que se busca alcanzar.<\/p>\n<p>Responsabilidad: Los miembros de la Polic\u00eda Nacional deben rendir cuentas sobre el uso de la fuerza y deben ser entrenados adecuadamente en su aplicaci\u00f3n.<\/p>\n<p>El uso de dispositivos menos letales, como los Taser, debe alinearse con estos principios y solo se debe emplear en situaciones donde sea necesario para controlar a una persona que representa una amenaza inminente, siempre buscando causar el menor\u00a0da\u00f1o\u00a0posible<\/p>\n<p>&nbsp;<\/p>\n<p><strong>Para recordar<\/strong><\/p>\n<p>No podemos olvidar el asesinato de Javier Ordo\u00f1ez el 9 de septiembre de 2020 en Bogot\u00e1, quien fue atacado con sevicia con una pistola Taser por dos uniformados de la polic\u00eda nacional y que luego fue molido a golpes hasta causar su muerte. Esto desencaden\u00f3 un estallido social con al menos 10 v\u00edctimas mortales. Los patrulleros fueron condenados a prisi\u00f3n por este hecho.<\/p>\n<div style=\"width: 476px;\" class=\"wp-video\"><!--[if lt IE 9]><script>document.createElement('video');<\/script><![endif]-->\n<video class=\"wp-video-shortcode\" id=\"video-32651-1\" width=\"476\" height=\"848\" preload=\"metadata\" controls=\"controls\"><source type=\"video\/mp4\" src=\"https:\/\/marthacifuentes.com\/portada\/wp-content\/uploads\/2024\/03\/video-lenin-bustos.mp4?_=1\" \/><a href=\"https:\/\/marthacifuentes.com\/portada\/wp-content\/uploads\/2024\/03\/video-lenin-bustos.mp4\">https:\/\/marthacifuentes.com\/portada\/wp-content\/uploads\/2024\/03\/video-lenin-bustos.mp4<\/a><\/video><\/div>\n<h2><span style=\"color: #ff6600;\">Otras noticias&#8230;<\/span><\/h2>\n<blockquote class=\"wp-embedded-content\" data-secret=\"SmoBpqaHkj\"><p><a href=\"https:\/\/marthacifuentes.com\/portada\/2024\/03\/12\/condenados-a-11-anos-de-de-prision-tres-extorsionistas-supuestos-miembros-del-clan-del-golfo-en-casanare\/\">Condenados a 11 a\u00f1os de de prisi\u00f3n tres extorsionistas, supuestos miembros del Clan del Golfo en Casanare.<\/a><\/p><\/blockquote>\n<p><iframe loading=\"lazy\" class=\"wp-embedded-content\" sandbox=\"allow-scripts\" security=\"restricted\" style=\"position: absolute; clip: rect(1px, 1px, 1px, 1px);\" title=\"\u00abCondenados a 11 a\u00f1os de de prisi\u00f3n tres extorsionistas, supuestos miembros del Clan del Golfo en Casanare.\u00bb \u2014 \u25b7 Noticias de Casanare : Martha Cifuentes | Casanare\" src=\"https:\/\/marthacifuentes.com\/portada\/2024\/03\/12\/condenados-a-11-anos-de-de-prision-tres-extorsionistas-supuestos-miembros-del-clan-del-golfo-en-casanare\/embed\/#?secret=hdckbp9KCc#?secret=SmoBpqaHkj\" data-secret=\"SmoBpqaHkj\" width=\"500\" height=\"282\" frameborder=\"0\" marginwidth=\"0\" marginheight=\"0\" scrolling=\"no\"><\/iframe><\/p>\n<p><iframe loading=\"lazy\" class=\"wp-embedded-content\" title=\"\u00abCondenan a 16 a\u00f1os de prisi\u00f3n a joven ind\u00edgena por abuso sexual de ni\u00f1a menor de 11 a\u00f1os en Casanare\u00bb \u2014 \u25b7 Noticias de Casanare : Martha Cifuentes | Casanare\" src=\"https:\/\/marthacifuentes.com\/portada\/2024\/03\/12\/condenan-a-16-anos-de-prision-a-joven-indigena-por-abuso-sexual-de-nina-menor-de-11-anos-en-casanare\/embed\/#?secret=2zMCGpq8Z4#?secret=lMWuKfTOfQ\" width=\"600\" height=\"600\" frameborder=\"0\" marginwidth=\"0\" marginheight=\"0\" scrolling=\"no\" sandbox=\"allow-scripts\" data-secret=\"lMWuKfTOfQ\" data-mce-fragment=\"1\"><\/iframe><\/p>\n<p><iframe loading=\"lazy\" class=\"wp-embedded-content\" title=\"\u00abMayor\u00eda de Comisi\u00f3n S\u00e9ptima del Senado radica ponencia negativa a reforma de la salud de Petro.\u00bb \u2014 \u25b7 Noticias de Casanare : Martha Cifuentes | Casanare\" src=\"https:\/\/marthacifuentes.com\/portada\/2024\/03\/12\/mitad-de-comision-septima-del-senado-radica-ponencia-negativa-a-reforma-de-la-salud-de-petro\/embed\/#?secret=u6Rd4Kq1fv#?secret=wI1A5uQQww\" width=\"600\" height=\"621\" frameborder=\"0\" marginwidth=\"0\" marginheight=\"0\" scrolling=\"no\" sandbox=\"allow-scripts\" data-secret=\"wI1A5uQQww\" data-mce-fragment=\"1\"><\/iframe><\/p>\n<p><iframe loading=\"lazy\" class=\"wp-embedded-content\" title=\"\u00abTragedia en Casanare: Sargento es asesinado por otro miembro del Ej\u00e9rcito, en confuso incidente de \u201cFuego Amigo\u201d\u00bb \u2014 \u25b7 Noticias de Casanare : Martha Cifuentes | Casanare\" src=\"https:\/\/marthacifuentes.com\/portada\/2024\/03\/12\/tragedia-en-casanare-sargento-es-asesinado-por-otro-miembro-del-ejercito-en-confuso-incidente-de-fuego-amigo\/embed\/#?secret=oGAWMfuUQe#?secret=AqmJkjjglT\" width=\"600\" height=\"649\" frameborder=\"0\" marginwidth=\"0\" marginheight=\"0\" scrolling=\"no\" sandbox=\"allow-scripts\" data-secret=\"AqmJkjjglT\" data-mce-fragment=\"1\"><\/iframe><\/p>\n<p><iframe loading=\"lazy\" class=\"wp-embedded-content\" title=\"\u00abMujeres cient\u00edficas en Colombia: una minor\u00eda con menos oportunidades. Persiste desigualdad de g\u00e9nero.\u00bb \u2014 \u25b7 Noticias de Casanare : Martha Cifuentes | Casanare\" src=\"https:\/\/marthacifuentes.com\/portada\/2024\/03\/11\/mujeres-cientificas-en-colombia-una-minoria-con-menos-oportunidades-persiste-desigualdad-de-genero\/embed\/#?secret=sVMb48GMXL#?secret=0efQib2Xni\" width=\"600\" height=\"562\" frameborder=\"0\" marginwidth=\"0\" marginheight=\"0\" scrolling=\"no\" sandbox=\"allow-scripts\" data-secret=\"0efQib2Xni\" data-mce-fragment=\"1\"><\/iframe><\/p>\n<p><iframe loading=\"lazy\" class=\"wp-embedded-content\" title=\"\u00abHay m\u00e1s de 1.200 vacantes en todo el pa\u00eds. Oferta la CNSC. En Casanare tambi\u00e9n hay empleos.\u00bb \u2014 \u25b7 Noticias de Casanare : Martha Cifuentes | Casanare\" src=\"https:\/\/marthacifuentes.com\/portada\/2024\/03\/11\/hay-mas-de-1-200-vacantes-en-todo-el-pais-oferta-la-cnsc-en-casanare-tambien-hay-empleos\/embed\/#?secret=iTNqjos0m1#?secret=Wo48VpNj3g\" width=\"600\" height=\"600\" frameborder=\"0\" marginwidth=\"0\" marginheight=\"0\" scrolling=\"no\" sandbox=\"allow-scripts\" data-secret=\"Wo48VpNj3g\" data-mce-fragment=\"1\"><\/iframe><\/p>\n<p><iframe loading=\"lazy\" class=\"wp-embedded-content\" title=\"\u00abMientras el gobernador Zorro lidera patrullajes de seguridad en Yopal, delincuentes motorizados siguen atracando.\u00bb \u2014 \u25b7 Noticias de Casanare : Martha Cifuentes | Casanare\" src=\"https:\/\/marthacifuentes.com\/portada\/2024\/03\/11\/mientras-el-gobernador-zorro-lidera-patrullajes-de-seguridad-en-yopal-delincuentes-motorizados-siguen-atracando\/embed\/#?secret=nZ4Ry47z5b#?secret=OY0aaTvQXa\" width=\"600\" height=\"628\" frameborder=\"0\" marginwidth=\"0\" marginheight=\"0\" scrolling=\"no\" sandbox=\"allow-scripts\" data-secret=\"OY0aaTvQXa\" data-mce-fragment=\"1\"><\/iframe><\/p>\n<p><iframe loading=\"lazy\" class=\"wp-embedded-content\" title=\"\u00abObras viales en Casanare deben generar plusval\u00eda y valorizaci\u00f3n para realizar m\u00e1s proyectos: MinTransporte \u00a0\u00bb \u2014 \u25b7 Noticias de Casanare : Martha Cifuentes | Casanare\" src=\"https:\/\/marthacifuentes.com\/portada\/2024\/03\/08\/obras-viales-en-casanare-deben-generar-plusvalia-y-valorizacion-para-realizar-mas-proyectos-mintransporte\/embed\/#?secret=vCn5v732o0#?secret=7dHQCrWC25\" width=\"600\" height=\"649\" frameborder=\"0\" marginwidth=\"0\" marginheight=\"0\" scrolling=\"no\" sandbox=\"allow-scripts\" data-secret=\"7dHQCrWC25\" data-mce-fragment=\"1\"><\/iframe><\/p>\n<p><iframe loading=\"lazy\" class=\"wp-embedded-content\" title=\"\u00abExsenador Alexander L\u00f3pez Maya se posesion\u00f3 como nuevo director del DNP\u00bb \u2014 \u25b7 Noticias de Casanare : Martha Cifuentes | Casanare\" src=\"https:\/\/marthacifuentes.com\/portada\/2024\/03\/06\/exsenador-alexander-lopez-maya-se-posesiono-como-nuevo-director-del-dnp\/embed\/#?secret=g3kILg3ayQ#?secret=CMiNG4QkBG\" width=\"600\" height=\"621\" frameborder=\"0\" marginwidth=\"0\" marginheight=\"0\" scrolling=\"no\" sandbox=\"allow-scripts\" data-secret=\"CMiNG4QkBG\" data-mce-fragment=\"1\"><\/iframe><\/p>\n<p><iframe loading=\"lazy\" class=\"wp-embedded-content\" title=\"\u00abElegidos alcaldes que representar\u00e1n a Casanare ante OCAD Regional Llanos para los pr\u00f3ximos 4 a\u00f1os\u00bb \u2014 \u25b7 Noticias de Casanare : Martha Cifuentes | Casanare\" src=\"https:\/\/marthacifuentes.com\/portada\/2024\/03\/06\/elegidos-alcaldes-que-representaran-a-casanare-ante-ocad-regional-llanos-para-los-proximos-4-anos\/embed\/#?secret=kfP76HLadT#?secret=QPgP6LESgY\" width=\"600\" height=\"621\" frameborder=\"0\" marginwidth=\"0\" marginheight=\"0\" scrolling=\"no\" sandbox=\"allow-scripts\" data-secret=\"QPgP6LESgY\" data-mce-fragment=\"1\"><\/iframe><\/p>\n<p><iframe loading=\"lazy\" class=\"wp-embedded-content\" title=\"\u00abCapturan a cuatro integrantes de Los Piquis, ladrones de motos en Casanare\u00bb \u2014 \u25b7 Noticias de Casanare : Martha Cifuentes | Casanare\" src=\"https:\/\/marthacifuentes.com\/portada\/2024\/03\/05\/capturan-a-cuatro-integrantes-de-los-piquis-ladrones-de-motos-en-casanare\/embed\/#?secret=UoJxqAhtH2#?secret=QCWp5wGRZC\" width=\"600\" height=\"621\" frameborder=\"0\" marginwidth=\"0\" marginheight=\"0\" scrolling=\"no\" sandbox=\"allow-scripts\" data-secret=\"QCWp5wGRZC\" data-mce-fragment=\"1\"><\/iframe><\/p>\n<p><iframe loading=\"lazy\" class=\"wp-embedded-content\" title=\"\u00ab4 delincuentes menos en las calles de Casanare. A la c\u00e1rcel miembros de \u201cLos Alacranes\u201d por secuestros y extorsiones.\u00bb \u2014 \u25b7 Noticias de Casanare : Martha Cifuentes | Casanare\" src=\"https:\/\/marthacifuentes.com\/portada\/2024\/03\/05\/4-delincuentes-menos-en-las-calles-de-casanare-a-la-carcel-miembros-de-los-alacranes-por-secuestros-y-extorsiones\/embed\/#?secret=yPyQHtt1tW#?secret=F9bXICQOM2\" width=\"600\" height=\"649\" frameborder=\"0\" marginwidth=\"0\" marginheight=\"0\" scrolling=\"no\" sandbox=\"allow-scripts\" data-secret=\"F9bXICQOM2\" data-mce-fragment=\"1\"><\/iframe><\/p>\n<p><iframe loading=\"lazy\" class=\"wp-embedded-content\" title=\"\u00abGobernador Zorro inspeccion\u00f3 recuperaci\u00f3n de v\u00edas terciar\u00edas. Pidi\u00f3 a contratistas no perder un solo peso de los casanare\u00f1os.\u00bb \u2014 \u25b7 Noticias de Casanare : Martha Cifuentes | Casanare\" src=\"https:\/\/marthacifuentes.com\/portada\/2024\/03\/05\/gobernador-zorro-inspecciono-recuperacion-de-vias-terciarias-pidio-a-contratistas-no-perder-un-solo-peso-de-los-casanarenos\/embed\/#?secret=tVP8mZnzvN#?secret=YvxBhUWAjy\" width=\"600\" height=\"649\" frameborder=\"0\" marginwidth=\"0\" marginheight=\"0\" scrolling=\"no\" sandbox=\"allow-scripts\" data-secret=\"YvxBhUWAjy\" data-mce-fragment=\"1\"><\/iframe><\/p>\n<p><iframe loading=\"lazy\" class=\"wp-embedded-content\" title=\"\u00abDespu\u00e9s de 15 a\u00f1os de no invertir en infraestructura educativa MinEducaci\u00f3n cofinanciar\u00e1 dos colegios en Yopal. Uno, el Centro Social y otro en La Bendici\u00f3n.\u00bb \u2014 \u25b7 Noticias de Casanare : Martha Cifuentes | Casanare\" src=\"https:\/\/marthacifuentes.com\/portada\/2024\/03\/05\/despues-de-15-anos-de-no-invertir-en-infraestructura-educativa-mineducacion-cofinanciara-dos-colegios-en-yopal-uno-el-centro-social-y-otro-en-la-bendicion\/embed\/#?secret=OepHGuJjEP#?secret=7IbgQTbsyE\" width=\"600\" height=\"607\" frameborder=\"0\" marginwidth=\"0\" marginheight=\"0\" scrolling=\"no\" sandbox=\"allow-scripts\" data-secret=\"7IbgQTbsyE\" data-mce-fragment=\"1\"><\/iframe><\/p>\n<p><iframe loading=\"lazy\" class=\"wp-embedded-content\" title=\"\u00abDos hombres a la c\u00e1rcel por abusar sexualmente de menores en Casanare. Uno era un profesor de danza.\u00bb \u2014 \u25b7 Noticias de Casanare : Martha Cifuentes | Casanare\" src=\"https:\/\/marthacifuentes.com\/portada\/2024\/03\/04\/dos-hombres-a-la-carcel-por-abusar-sexualmente-de-menores-en-casanare-uno-era-un-profesor-de-danza\/embed\/#?secret=TyFpaxK3Ha#?secret=rG9PCczr2H\" width=\"600\" height=\"621\" frameborder=\"0\" marginwidth=\"0\" marginheight=\"0\" scrolling=\"no\" sandbox=\"allow-scripts\" data-secret=\"rG9PCczr2H\" data-mce-fragment=\"1\"><\/iframe><\/p>\n<p><iframe loading=\"lazy\" class=\"wp-embedded-content\" title=\"\u00abCae tr\u00edo criminal del \u2018Clan del Golfo\u2019 con posible responsabilidad en homicidios de l\u00edderes sociales.\u00bb \u2014 \u25b7 Noticias de Casanare : Martha Cifuentes | Casanare\" src=\"https:\/\/marthacifuentes.com\/portada\/2024\/03\/04\/cae-trio-criminal-del-clan-del-golfo-con-posible-responsabilidad-en-homicidios-de-lideres-sociales\/embed\/#?secret=Siq1ij58Qh#?secret=Y08ckNYteU\" width=\"600\" height=\"621\" frameborder=\"0\" marginwidth=\"0\" marginheight=\"0\" scrolling=\"no\" sandbox=\"allow-scripts\" data-secret=\"Y08ckNYteU\" data-mce-fragment=\"1\"><\/iframe><\/p>\n<p><iframe loading=\"lazy\" class=\"wp-embedded-content\" title=\"\u00abConstrucci\u00f3n de hospital de Trinidad a paso de tortuga mientras que el de Villanueva va a buen ritmo, seg\u00fan Secretar\u00eda de Salud de Casanare.\u00bb \u2014 \u25b7 Noticias de Casanare : Martha Cifuentes | Casanare\" src=\"https:\/\/marthacifuentes.com\/portada\/2024\/03\/04\/construccion-de-hospital-de-trinidad-a-paso-de-tortuga-mientras-que-el-de-villanueva-va-a-buen-ritmo-segun-secretaria-de-salud-de-casanare\/embed\/#?secret=5xt2J8JN1i#?secret=h42uz91UZb\" width=\"600\" height=\"649\" frameborder=\"0\" marginwidth=\"0\" marginheight=\"0\" scrolling=\"no\" sandbox=\"allow-scripts\" data-secret=\"h42uz91UZb\" data-mce-fragment=\"1\"><\/iframe><\/p>\n<p>&nbsp;<\/p>\n","protected":false},"excerpt":{"rendered":"<p>A trav\u00e9s de un perturbador v\u00eddeo que se hizo viral en las redes sociales la comunidad de Yopal pudo observar como el excandidato a la Alcald\u00eda de Yopal y abogado litigante Lenin Bustos fue v\u00edctima de un aparente exceso de fuerza policial mientras cumpl\u00eda sus deberes como defensor de un hombre que iba a ser &hellip;<\/p>\n","protected":false},"author":2,"featured_media":32653,"comment_status":"open","ping_status":"open","sticky":false,"template":"","format":"standard","meta":{"om_disable_all_campaigns":false,"_exactmetrics_skip_tracking":false,"_exactmetrics_sitenote_active":false,"_exactmetrics_sitenote_note":"","_exactmetrics_sitenote_category":0,"_monsterinsights_skip_tracking":false,"_monsterinsights_sitenote_active":false,"_monsterinsights_sitenote_note":"","_monsterinsights_sitenote_category":0,"_uf_show_specific_survey":0,"_uf_disable_surveys":false,"_joinchat":[],"footnotes":""},"categories":[147,146,145],"tags":[],"class_list":["post-32651","post","type-post","status-publish","format-standard","has-post-thumbnail","hentry","category-actualidad","category-noticias","category-reportajes"],"yoast_head":"<!-- This site is optimized with the Yoast SEO plugin v26.1 - https:\/\/yoast.com\/wordpress\/plugins\/seo\/ -->\n<title>Indignaci\u00f3n en Yopal por exceso de fuerza policial abogado contra Lenin Bustos. Fue reducido con una pistola taser. - \u25b7 Noticias de Casanare : Martha Cifuentes | Casanare<\/title>\n<meta name=\"robots\" content=\"index, follow, max-snippet:-1, max-image-preview:large, max-video-preview:-1\" \/>\n<link rel=\"canonical\" href=\"https:\/\/marthacifuentes.com\/portada\/indignacion-en-yopal-por-exceso-de-fuerza-policial-abogado-contra-lenin-bustos-fue-reducido-con-una-pistola-taser\/\" \/>\n<meta property=\"og:locale\" content=\"es_ES\" \/>\n<meta property=\"og:type\" content=\"article\" \/>\n<meta property=\"og:title\" content=\"Indignaci\u00f3n en Yopal por exceso de fuerza policial abogado contra Lenin Bustos. Fue reducido con una pistola taser. - \u25b7 Noticias de Casanare : Martha Cifuentes | Casanare\" \/>\n<meta property=\"og:description\" content=\"A trav\u00e9s de un perturbador v\u00eddeo que se hizo viral en las redes sociales la comunidad de Yopal pudo observar como el excandidato a la Alcald\u00eda de Yopal y abogado litigante Lenin Bustos fue v\u00edctima de un aparente exceso de fuerza policial mientras cumpl\u00eda sus deberes como defensor de un hombre que iba a ser &hellip;\" \/>\n<meta property=\"og:url\" content=\"https:\/\/marthacifuentes.com\/portada\/indignacion-en-yopal-por-exceso-de-fuerza-policial-abogado-contra-lenin-bustos-fue-reducido-con-una-pistola-taser\/\" \/>\n<meta property=\"og:site_name\" content=\"\u25b7 Noticias de Casanare : Martha Cifuentes | Casanare\" \/>\n<meta property=\"article:published_time\" content=\"2024-03-15T11:39:39+00:00\" \/>\n<meta property=\"article:modified_time\" content=\"2024-03-15T15:07:31+00:00\" \/>\n<meta property=\"og:image\" content=\"https:\/\/marthacifuentes.com\/portada\/wp-content\/uploads\/2024\/03\/lenin-bustos-reducido.png\" \/>\n\t<meta property=\"og:image:width\" content=\"527\" \/>\n\t<meta property=\"og:image:height\" content=\"360\" \/>\n\t<meta property=\"og:image:type\" content=\"image\/png\" \/>\n<meta name=\"author\" content=\"Martha Cifuentes\" \/>\n<meta name=\"twitter:card\" content=\"summary_large_image\" \/>\n<meta name=\"twitter:label1\" content=\"Escrito por\" \/>\n\t<meta name=\"twitter:data1\" content=\"Martha Cifuentes\" \/>\n\t<meta name=\"twitter:label2\" content=\"Tiempo de lectura\" \/>\n\t<meta name=\"twitter:data2\" content=\"4 minutos\" \/>\n<script type=\"application\/ld+json\" class=\"yoast-schema-graph\">{\"@context\":\"https:\/\/schema.org\",\"@graph\":[{\"@type\":\"WebPage\",\"@id\":\"https:\/\/marthacifuentes.com\/portada\/indignacion-en-yopal-por-exceso-de-fuerza-policial-abogado-contra-lenin-bustos-fue-reducido-con-una-pistola-taser\/\",\"url\":\"https:\/\/marthacifuentes.com\/portada\/indignacion-en-yopal-por-exceso-de-fuerza-policial-abogado-contra-lenin-bustos-fue-reducido-con-una-pistola-taser\/\",\"name\":\"Indignaci\u00f3n en Yopal por exceso de fuerza policial abogado contra Lenin Bustos. Fue reducido con una pistola taser. - \u25b7 Noticias de Casanare : Martha Cifuentes | Casanare\",\"isPartOf\":{\"@id\":\"https:\/\/marthacifuentes.com\/portada\/#website\"},\"primaryImageOfPage\":{\"@id\":\"https:\/\/marthacifuentes.com\/portada\/indignacion-en-yopal-por-exceso-de-fuerza-policial-abogado-contra-lenin-bustos-fue-reducido-con-una-pistola-taser\/#primaryimage\"},\"image\":{\"@id\":\"https:\/\/marthacifuentes.com\/portada\/indignacion-en-yopal-por-exceso-de-fuerza-policial-abogado-contra-lenin-bustos-fue-reducido-con-una-pistola-taser\/#primaryimage\"},\"thumbnailUrl\":\"https:\/\/marthacifuentes.com\/portada\/wp-content\/uploads\/2024\/03\/lenin-bustos-reducido.png\",\"datePublished\":\"2024-03-15T11:39:39+00:00\",\"dateModified\":\"2024-03-15T15:07:31+00:00\",\"author\":{\"@id\":\"https:\/\/marthacifuentes.com\/portada\/#\/schema\/person\/57f53174b991db5f90ff78d58502b714\"},\"breadcrumb\":{\"@id\":\"https:\/\/marthacifuentes.com\/portada\/indignacion-en-yopal-por-exceso-de-fuerza-policial-abogado-contra-lenin-bustos-fue-reducido-con-una-pistola-taser\/#breadcrumb\"},\"inLanguage\":\"es\",\"potentialAction\":[{\"@type\":\"ReadAction\",\"target\":[\"https:\/\/marthacifuentes.com\/portada\/indignacion-en-yopal-por-exceso-de-fuerza-policial-abogado-contra-lenin-bustos-fue-reducido-con-una-pistola-taser\/\"]}]},{\"@type\":\"ImageObject\",\"inLanguage\":\"es\",\"@id\":\"https:\/\/marthacifuentes.com\/portada\/indignacion-en-yopal-por-exceso-de-fuerza-policial-abogado-contra-lenin-bustos-fue-reducido-con-una-pistola-taser\/#primaryimage\",\"url\":\"https:\/\/marthacifuentes.com\/portada\/wp-content\/uploads\/2024\/03\/lenin-bustos-reducido.png\",\"contentUrl\":\"https:\/\/marthacifuentes.com\/portada\/wp-content\/uploads\/2024\/03\/lenin-bustos-reducido.png\",\"width\":527,\"height\":360},{\"@type\":\"BreadcrumbList\",\"@id\":\"https:\/\/marthacifuentes.com\/portada\/indignacion-en-yopal-por-exceso-de-fuerza-policial-abogado-contra-lenin-bustos-fue-reducido-con-una-pistola-taser\/#breadcrumb\",\"itemListElement\":[{\"@type\":\"ListItem\",\"position\":1,\"name\":\"Portada\",\"item\":\"https:\/\/marthacifuentes.com\/portada\/\"},{\"@type\":\"ListItem\",\"position\":2,\"name\":\"Indignaci\u00f3n en Yopal por exceso de fuerza policial abogado contra Lenin Bustos. Fue reducido con una pistola taser.\"}]},{\"@type\":\"WebSite\",\"@id\":\"https:\/\/marthacifuentes.com\/portada\/#website\",\"url\":\"https:\/\/marthacifuentes.com\/portada\/\",\"name\":\"\u25b7 Noticias de Casanare : Martha Cifuentes | Casanare\",\"description\":\"Noticias &amp; Contenidos\",\"potentialAction\":[{\"@type\":\"SearchAction\",\"target\":{\"@type\":\"EntryPoint\",\"urlTemplate\":\"https:\/\/marthacifuentes.com\/portada\/?s={search_term_string}\"},\"query-input\":{\"@type\":\"PropertyValueSpecification\",\"valueRequired\":true,\"valueName\":\"search_term_string\"}}],\"inLanguage\":\"es\"},{\"@type\":\"Person\",\"@id\":\"https:\/\/marthacifuentes.com\/portada\/#\/schema\/person\/57f53174b991db5f90ff78d58502b714\",\"name\":\"Martha Cifuentes\",\"image\":{\"@type\":\"ImageObject\",\"inLanguage\":\"es\",\"@id\":\"https:\/\/marthacifuentes.com\/portada\/#\/schema\/person\/image\/\",\"url\":\"http:\/\/marthacifuentes.com\/portada\/wp-content\/uploads\/2018\/06\/avatar_user_2_1528838701-96x96.jpg\",\"contentUrl\":\"http:\/\/marthacifuentes.com\/portada\/wp-content\/uploads\/2018\/06\/avatar_user_2_1528838701-96x96.jpg\",\"caption\":\"Martha Cifuentes\"},\"sameAs\":[\"http:\/\/www.marthacifuentes.com\"],\"url\":\"https:\/\/marthacifuentes.com\/portada\/author\/martha\/\"}]}<\/script>\n<!-- \/ Yoast SEO plugin. -->","yoast_head_json":{"title":"Indignaci\u00f3n en Yopal por exceso de fuerza policial abogado contra Lenin Bustos. Fue reducido con una pistola taser. - \u25b7 Noticias de Casanare : Martha Cifuentes | Casanare","robots":{"index":"index","follow":"follow","max-snippet":"max-snippet:-1","max-image-preview":"max-image-preview:large","max-video-preview":"max-video-preview:-1"},"canonical":"https:\/\/marthacifuentes.com\/portada\/indignacion-en-yopal-por-exceso-de-fuerza-policial-abogado-contra-lenin-bustos-fue-reducido-con-una-pistola-taser\/","og_locale":"es_ES","og_type":"article","og_title":"Indignaci\u00f3n en Yopal por exceso de fuerza policial abogado contra Lenin Bustos. Fue reducido con una pistola taser. - \u25b7 Noticias de Casanare : Martha Cifuentes | Casanare","og_description":"A trav\u00e9s de un perturbador v\u00eddeo que se hizo viral en las redes sociales la comunidad de Yopal pudo observar como el excandidato a la Alcald\u00eda de Yopal y abogado litigante Lenin Bustos fue v\u00edctima de un aparente exceso de fuerza policial mientras cumpl\u00eda sus deberes como defensor de un hombre que iba a ser &hellip;","og_url":"https:\/\/marthacifuentes.com\/portada\/indignacion-en-yopal-por-exceso-de-fuerza-policial-abogado-contra-lenin-bustos-fue-reducido-con-una-pistola-taser\/","og_site_name":"\u25b7 Noticias de Casanare : Martha Cifuentes | Casanare","article_published_time":"2024-03-15T11:39:39+00:00","article_modified_time":"2024-03-15T15:07:31+00:00","og_image":[{"width":527,"height":360,"url":"https:\/\/marthacifuentes.com\/portada\/wp-content\/uploads\/2024\/03\/lenin-bustos-reducido.png","type":"image\/png"}],"author":"Martha Cifuentes","twitter_card":"summary_large_image","twitter_misc":{"Escrito por":"Martha Cifuentes","Tiempo de lectura":"4 minutos"},"schema":{"@context":"https:\/\/schema.org","@graph":[{"@type":"WebPage","@id":"https:\/\/marthacifuentes.com\/portada\/indignacion-en-yopal-por-exceso-de-fuerza-policial-abogado-contra-lenin-bustos-fue-reducido-con-una-pistola-taser\/","url":"https:\/\/marthacifuentes.com\/portada\/indignacion-en-yopal-por-exceso-de-fuerza-policial-abogado-contra-lenin-bustos-fue-reducido-con-una-pistola-taser\/","name":"Indignaci\u00f3n en Yopal por exceso de fuerza policial abogado contra Lenin Bustos. Fue reducido con una pistola taser. - \u25b7 Noticias de Casanare : Martha Cifuentes | Casanare","isPartOf":{"@id":"https:\/\/marthacifuentes.com\/portada\/#website"},"primaryImageOfPage":{"@id":"https:\/\/marthacifuentes.com\/portada\/indignacion-en-yopal-por-exceso-de-fuerza-policial-abogado-contra-lenin-bustos-fue-reducido-con-una-pistola-taser\/#primaryimage"},"image":{"@id":"https:\/\/marthacifuentes.com\/portada\/indignacion-en-yopal-por-exceso-de-fuerza-policial-abogado-contra-lenin-bustos-fue-reducido-con-una-pistola-taser\/#primaryimage"},"thumbnailUrl":"https:\/\/marthacifuentes.com\/portada\/wp-content\/uploads\/2024\/03\/lenin-bustos-reducido.png","datePublished":"2024-03-15T11:39:39+00:00","dateModified":"2024-03-15T15:07:31+00:00","author":{"@id":"https:\/\/marthacifuentes.com\/portada\/#\/schema\/person\/57f53174b991db5f90ff78d58502b714"},"breadcrumb":{"@id":"https:\/\/marthacifuentes.com\/portada\/indignacion-en-yopal-por-exceso-de-fuerza-policial-abogado-contra-lenin-bustos-fue-reducido-con-una-pistola-taser\/#breadcrumb"},"inLanguage":"es","potentialAction":[{"@type":"ReadAction","target":["https:\/\/marthacifuentes.com\/portada\/indignacion-en-yopal-por-exceso-de-fuerza-policial-abogado-contra-lenin-bustos-fue-reducido-con-una-pistola-taser\/"]}]},{"@type":"ImageObject","inLanguage":"es","@id":"https:\/\/marthacifuentes.com\/portada\/indignacion-en-yopal-por-exceso-de-fuerza-policial-abogado-contra-lenin-bustos-fue-reducido-con-una-pistola-taser\/#primaryimage","url":"https:\/\/marthacifuentes.com\/portada\/wp-content\/uploads\/2024\/03\/lenin-bustos-reducido.png","contentUrl":"https:\/\/marthacifuentes.com\/portada\/wp-content\/uploads\/2024\/03\/lenin-bustos-reducido.png","width":527,"height":360},{"@type":"BreadcrumbList","@id":"https:\/\/marthacifuentes.com\/portada\/indignacion-en-yopal-por-exceso-de-fuerza-policial-abogado-contra-lenin-bustos-fue-reducido-con-una-pistola-taser\/#breadcrumb","itemListElement":[{"@type":"ListItem","position":1,"name":"Portada","item":"https:\/\/marthacifuentes.com\/portada\/"},{"@type":"ListItem","position":2,"name":"Indignaci\u00f3n en Yopal por exceso de fuerza policial abogado contra Lenin Bustos. Fue reducido con una pistola taser."}]},{"@type":"WebSite","@id":"https:\/\/marthacifuentes.com\/portada\/#website","url":"https:\/\/marthacifuentes.com\/portada\/","name":"\u25b7 Noticias de Casanare : Martha Cifuentes | Casanare","description":"Noticias &amp; Contenidos","potentialAction":[{"@type":"SearchAction","target":{"@type":"EntryPoint","urlTemplate":"https:\/\/marthacifuentes.com\/portada\/?s={search_term_string}"},"query-input":{"@type":"PropertyValueSpecification","valueRequired":true,"valueName":"search_term_string"}}],"inLanguage":"es"},{"@type":"Person","@id":"https:\/\/marthacifuentes.com\/portada\/#\/schema\/person\/57f53174b991db5f90ff78d58502b714","name":"Martha Cifuentes","image":{"@type":"ImageObject","inLanguage":"es","@id":"https:\/\/marthacifuentes.com\/portada\/#\/schema\/person\/image\/","url":"http:\/\/marthacifuentes.com\/portada\/wp-content\/uploads\/2018\/06\/avatar_user_2_1528838701-96x96.jpg","contentUrl":"http:\/\/marthacifuentes.com\/portada\/wp-content\/uploads\/2018\/06\/avatar_user_2_1528838701-96x96.jpg","caption":"Martha Cifuentes"},"sameAs":["http:\/\/www.marthacifuentes.com"],"url":"https:\/\/marthacifuentes.com\/portada\/author\/martha\/"}]}},"_links":{"self":[{"href":"https:\/\/marthacifuentes.com\/portada\/wp-json\/wp\/v2\/posts\/32651","targetHints":{"allow":["GET"]}}],"collection":[{"href":"https:\/\/marthacifuentes.com\/portada\/wp-json\/wp\/v2\/posts"}],"about":[{"href":"https:\/\/marthacifuentes.com\/portada\/wp-json\/wp\/v2\/types\/post"}],"author":[{"embeddable":true,"href":"https:\/\/marthacifuentes.com\/portada\/wp-json\/wp\/v2\/users\/2"}],"replies":[{"embeddable":true,"href":"https:\/\/marthacifuentes.com\/portada\/wp-json\/wp\/v2\/comments?post=32651"}],"version-history":[{"count":3,"href":"https:\/\/marthacifuentes.com\/portada\/wp-json\/wp\/v2\/posts\/32651\/revisions"}],"predecessor-version":[{"id":32656,"href":"https:\/\/marthacifuentes.com\/portada\/wp-json\/wp\/v2\/posts\/32651\/revisions\/32656"}],"wp:featuredmedia":[{"embeddable":true,"href":"https:\/\/marthacifuentes.com\/portada\/wp-json\/wp\/v2\/media\/32653"}],"wp:attachment":[{"href":"https:\/\/marthacifuentes.com\/portada\/wp-json\/wp\/v2\/media?parent=32651"}],"wp:term":[{"taxonomy":"category","embeddable":true,"href":"https:\/\/marthacifuentes.com\/portada\/wp-json\/wp\/v2\/categories?post=32651"},{"taxonomy":"post_tag","embeddable":true,"href":"https:\/\/marthacifuentes.com\/portada\/wp-json\/wp\/v2\/tags?post=32651"}],"curies":[{"name":"wp","href":"https:\/\/api.w.org\/{rel}","templated":true}]}}