{"id":32657,"date":"2024-03-15T11:32:26","date_gmt":"2024-03-15T16:32:26","guid":{"rendered":"https:\/\/marthacifuentes.com\/portada\/?p=32657"},"modified":"2024-03-15T14:47:42","modified_gmt":"2024-03-15T19:47:42","slug":"cuestionamientos-y-contratos-con-fondos-foraneos-la-polemica-del-transporte-escolar-en-casanare","status":"publish","type":"post","link":"https:\/\/marthacifuentes.com\/portada\/cuestionamientos-y-contratos-con-fondos-foraneos-la-polemica-del-transporte-escolar-en-casanare\/","title":{"rendered":"\u201cCuestionamientos y contratos con Fondos for\u00e1neos: La Pol\u00e9mica del Transporte Escolar en Casanare\u201d"},"content":{"rendered":"<p>A pesar de los cuestionamientos que se viene realizando a la contrataci\u00f3n de fondos y asociaciones de municipios de otras regiones del pa\u00eds, por esguinces a las normas de contrataci\u00f3n y el no pago de impuestos de destinaci\u00f3n espec\u00edfica para adultos mayores, deporte y cultura, entre otros, la Gobernaci\u00f3n de Casanare mediante decreto aprob\u00f3 que el contrato de transporte escolar lo realice el Fondo Sierra Nevada, con sede en Valledupar.<\/p>\n<p>En el decreto 066 del 8 de marzo se design\u00f3 al Fondo mixto para la promoci\u00f3n de la infraestructura, el desarrollo integral y la gesti\u00f3n social Sierra Nevada, como entidad p\u00fablica ejecutora responsable de la contrataci\u00f3n del proyecto de transporte escolar y su respectiva interventor\u00eda. Esto por un monto cercano a los 24 mil millones de pesos.<\/p>\n<p><img loading=\"lazy\" decoding=\"async\" class=\"size-full wp-image-32658 aligncenter\" src=\"https:\/\/marthacifuentes.com\/portada\/wp-content\/uploads\/2024\/03\/PORTADA-DECRETO-066-CONTRATACION-FONDO.png\" alt=\"\" width=\"632\" height=\"298\" srcset=\"https:\/\/marthacifuentes.com\/portada\/wp-content\/uploads\/2024\/03\/PORTADA-DECRETO-066-CONTRATACION-FONDO.png 632w, https:\/\/marthacifuentes.com\/portada\/wp-content\/uploads\/2024\/03\/PORTADA-DECRETO-066-CONTRATACION-FONDO-300x141.png 300w\" sizes=\"auto, (max-width: 632px) 100vw, 632px\" \/><\/p>\n<p><img loading=\"lazy\" decoding=\"async\" class=\"alignnone size-full wp-image-32660 aligncenter\" src=\"https:\/\/marthacifuentes.com\/portada\/wp-content\/uploads\/2024\/03\/DECRETO-066-ARTICULO-2-CONTRATACION-FONDO.png\" alt=\"\" width=\"645\" height=\"308\" srcset=\"https:\/\/marthacifuentes.com\/portada\/wp-content\/uploads\/2024\/03\/DECRETO-066-ARTICULO-2-CONTRATACION-FONDO.png 645w, https:\/\/marthacifuentes.com\/portada\/wp-content\/uploads\/2024\/03\/DECRETO-066-ARTICULO-2-CONTRATACION-FONDO-300x143.png 300w\" sizes=\"auto, (max-width: 645px) 100vw, 645px\" \/><\/p>\n<p>El secretario de educaci\u00f3n Diego Ardila Plazas expres\u00f3 en medios de comunicaci\u00f3n que realizar un proceso licitatorio a estas alturas tomar\u00eda m\u00e1s de 45 d\u00edas y eventualmente al estar cercana la finalizaci\u00f3n del periodo pactado del actual contrato de transporte escolar (22 de marzo) ya no habr\u00eda tiempo para ello, por esto se har\u00e1 de una forma m\u00e1s expedita a trav\u00e9s de este fondo.<\/p>\n<p>Recientemente a trav\u00e9s de los medios de comunicaci\u00f3n <a href=\"http:\/\/www.casanarehoy.com.co\">www.casanarehoy.com.co<\/a> y <a href=\"http:\/\/www.marthacifuentes.com\">www.marthacifuentes.com<\/a> se conoci\u00f3 que el a\u00f1o pasado los municipios de Casanare habr\u00edan contratado al menos 225 mil millones de pesos a trav\u00e9s de estos fondos. De esto se critica que la contrataci\u00f3n se puede hacer en forma directa o como se dice popularmente a dedo. Igualmente, no tendr\u00edan que causarse o pagarse impuestos para el adulto mayor, deporte, cultura y bomberos, entre otros.<\/p>\n<p><img loading=\"lazy\" decoding=\"async\" class=\"wp-image-32663 aligncenter\" src=\"https:\/\/marthacifuentes.com\/portada\/wp-content\/uploads\/2024\/03\/Fondo-Mixto-Sierra-Nevada-1024x521.png\" alt=\"\" width=\"508\" height=\"258\" srcset=\"https:\/\/marthacifuentes.com\/portada\/wp-content\/uploads\/2024\/03\/Fondo-Mixto-Sierra-Nevada-1024x521.png 1024w, https:\/\/marthacifuentes.com\/portada\/wp-content\/uploads\/2024\/03\/Fondo-Mixto-Sierra-Nevada-300x153.png 300w, https:\/\/marthacifuentes.com\/portada\/wp-content\/uploads\/2024\/03\/Fondo-Mixto-Sierra-Nevada-768x391.png 768w, https:\/\/marthacifuentes.com\/portada\/wp-content\/uploads\/2024\/03\/Fondo-Mixto-Sierra-Nevada.png 1426w\" sizes=\"auto, (max-width: 508px) 100vw, 508px\" \/><\/p>\n<p>&nbsp;<\/p>\n<p><strong>Zorro se defiende<\/strong><\/p>\n<p>El gobernador de Casanare C\u00e9sar Ortiz Zorro manifest\u00f3 a estos medios informativos que la utilizaci\u00f3n de esta figura contemplada en la ley de regal\u00edas es un caso excepcional por la premura del tiempo y para evitar que los estudiantes se queden un solo d\u00eda sin el servicio de transporte escolar, empatando el 22 de marzo.<\/p>\n<p>As\u00ed mismo asegur\u00f3 que si bien la figura de contrataci\u00f3n de los fondos es legal evitar\u00e1 usarla a futuro para contratar y ejecutar los recursos de regal\u00edas directas, en aras de darle mayores oportunidades a los oferentes locales.<\/p>\n<p>Sobre el tema de la posible elusi\u00f3n de impuestos expres\u00f3 que la Gobernaci\u00f3n de Casanare incluy\u00f3 en el decreto, en su art\u00edculo tercero que el Fondo Mixto Sierra Nevada \u201cDeber\u00e1 establecer contractualmente las directrices pertinentes para que los contratos que de este se deriven, se legalicen con el pago de las estampillas y tasas departamentales a que haya lugar, de conformidad con las obligaciones establecidas en el estatuto de rentas del departamento\u201d. \u00a0De tal forma que se garantiza que estos recursos ingresar\u00e1n a las arcas departamentales.<\/p>\n<p><img loading=\"lazy\" decoding=\"async\" class=\"alignnone size-full wp-image-32659 aligncenter\" src=\"https:\/\/marthacifuentes.com\/portada\/wp-content\/uploads\/2024\/03\/ARTICULO-3-DECRETO-066-CONTRATACION-FONDO.png\" alt=\"\" width=\"633\" height=\"119\" srcset=\"https:\/\/marthacifuentes.com\/portada\/wp-content\/uploads\/2024\/03\/ARTICULO-3-DECRETO-066-CONTRATACION-FONDO.png 633w, https:\/\/marthacifuentes.com\/portada\/wp-content\/uploads\/2024\/03\/ARTICULO-3-DECRETO-066-CONTRATACION-FONDO-300x56.png 300w\" sizes=\"auto, (max-width: 633px) 100vw, 633px\" \/><\/p>\n<p>El decreto ampara su decisi\u00f3n en la ley 2056 de 2020 mediante la cual se reglament\u00f3 el sistema general de regal\u00edas. En ella se contempl\u00f3 que estos recursos pueden ser legalmente contratados a trav\u00e9s de diversas entidades ejecutoras registradas en el Departamento Nacional de Planeaci\u00f3n, adem\u00e1s de las propias gobernaciones, alcald\u00edas e instituciones descentralizadas. Entre esas unidades ejecutoras se encuentran fondos y asociaciones de municipios de diversas regiones del pa\u00eds.<\/p>\n<p><img loading=\"lazy\" decoding=\"async\" class=\"wp-image-32661 aligncenter\" src=\"https:\/\/marthacifuentes.com\/portada\/wp-content\/uploads\/2024\/03\/ARTICULO-37-LEY-2056-DE-2020.png\" alt=\"\" width=\"693\" height=\"181\" srcset=\"https:\/\/marthacifuentes.com\/portada\/wp-content\/uploads\/2024\/03\/ARTICULO-37-LEY-2056-DE-2020.png 956w, https:\/\/marthacifuentes.com\/portada\/wp-content\/uploads\/2024\/03\/ARTICULO-37-LEY-2056-DE-2020-300x78.png 300w, https:\/\/marthacifuentes.com\/portada\/wp-content\/uploads\/2024\/03\/ARTICULO-37-LEY-2056-DE-2020-768x201.png 768w\" sizes=\"auto, (max-width: 693px) 100vw, 693px\" \/><\/p>\n<p>Fuentes de la misma Gobernaci\u00f3n de Casanare, quienes prefirieron el anonimato, manifestaron que a trav\u00e9s de este art\u00edculo 3 del decreto se est\u00e1 haciendo un experimento para ver si se logra evitar la elusi\u00f3n del pago de impuestos para los sectores mencionados. Esto como quiera que hasta el momento en esta modalidad de contrataci\u00f3n ninguna entidad territorial del pa\u00eds lo hab\u00eda contemplado.<\/p>\n<h4><strong><a href=\"https:\/\/marthacifuentes.com\/portada\/wp-content\/uploads\/2024\/03\/Decreto-N\u00b0-0066-de-08-marzo-2024.pdf\">Decreto N\u00b0 0066 de 08 marzo 2024<\/a><\/strong><\/h4>\n<h2><span style=\"color: #ff6600;\">Otras noticias&#8230;<\/span><\/h2>\n<blockquote class=\"wp-embedded-content\" data-secret=\"G041vnEewV\"><p><a href=\"https:\/\/marthacifuentes.com\/portada\/2024\/03\/15\/indignacion-en-yopal-por-exceso-de-fuerza-policial-abogado-contra-lenin-bustos-fue-reducido-con-una-pistola-taser\/\">Indignaci\u00f3n en Yopal por exceso de fuerza policial abogado contra Lenin Bustos. Fue reducido con una pistola taser.<\/a><\/p><\/blockquote>\n<p><iframe loading=\"lazy\" class=\"wp-embedded-content\" sandbox=\"allow-scripts\" security=\"restricted\" style=\"position: absolute; clip: rect(1px, 1px, 1px, 1px);\" title=\"\u00abIndignaci\u00f3n en Yopal por exceso de fuerza policial abogado contra Lenin Bustos. Fue reducido con una pistola taser.\u00bb \u2014 \u25b7 Noticias de Casanare : Martha Cifuentes | Casanare\" src=\"https:\/\/marthacifuentes.com\/portada\/2024\/03\/15\/indignacion-en-yopal-por-exceso-de-fuerza-policial-abogado-contra-lenin-bustos-fue-reducido-con-una-pistola-taser\/embed\/#?secret=vDFy4GPDeP#?secret=G041vnEewV\" data-secret=\"G041vnEewV\" width=\"500\" height=\"282\" frameborder=\"0\" marginwidth=\"0\" marginheight=\"0\" scrolling=\"no\"><\/iframe><\/p>\n<p><iframe loading=\"lazy\" class=\"wp-embedded-content\" title=\"\u00abCondenados a 11 a\u00f1os de de prisi\u00f3n tres extorsionistas, supuestos miembros del Clan del Golfo en Casanare.\u00bb \u2014 \u25b7 Noticias de Casanare : Martha Cifuentes | Casanare\" src=\"https:\/\/marthacifuentes.com\/portada\/2024\/03\/12\/condenados-a-11-anos-de-de-prision-tres-extorsionistas-supuestos-miembros-del-clan-del-golfo-en-casanare\/embed\/#?secret=WvstXmZzSc#?secret=jBwFNvJgPL\" width=\"600\" height=\"621\" frameborder=\"0\" marginwidth=\"0\" marginheight=\"0\" scrolling=\"no\" sandbox=\"allow-scripts\" data-secret=\"jBwFNvJgPL\" data-mce-fragment=\"1\"><\/iframe><\/p>\n<p><iframe loading=\"lazy\" class=\"wp-embedded-content\" title=\"\u00abCondenan a 16 a\u00f1os de prisi\u00f3n a joven ind\u00edgena por abuso sexual de ni\u00f1a menor de 11 a\u00f1os en Casanare\u00bb \u2014 \u25b7 Noticias de Casanare : Martha Cifuentes | Casanare\" src=\"https:\/\/marthacifuentes.com\/portada\/2024\/03\/12\/condenan-a-16-anos-de-prision-a-joven-indigena-por-abuso-sexual-de-nina-menor-de-11-anos-en-casanare\/embed\/#?secret=2zMCGpq8Z4#?secret=lMWuKfTOfQ\" width=\"600\" height=\"600\" frameborder=\"0\" marginwidth=\"0\" marginheight=\"0\" scrolling=\"no\" sandbox=\"allow-scripts\" data-secret=\"lMWuKfTOfQ\" data-mce-fragment=\"1\"><\/iframe><\/p>\n<p><iframe loading=\"lazy\" class=\"wp-embedded-content\" title=\"\u00abMayor\u00eda de Comisi\u00f3n S\u00e9ptima del Senado radica ponencia negativa a reforma de la salud de Petro.\u00bb \u2014 \u25b7 Noticias de Casanare : Martha Cifuentes | Casanare\" src=\"https:\/\/marthacifuentes.com\/portada\/2024\/03\/12\/mitad-de-comision-septima-del-senado-radica-ponencia-negativa-a-reforma-de-la-salud-de-petro\/embed\/#?secret=u6Rd4Kq1fv#?secret=wI1A5uQQww\" width=\"600\" height=\"621\" frameborder=\"0\" marginwidth=\"0\" marginheight=\"0\" scrolling=\"no\" sandbox=\"allow-scripts\" data-secret=\"wI1A5uQQww\" data-mce-fragment=\"1\"><\/iframe><\/p>\n<p><iframe loading=\"lazy\" class=\"wp-embedded-content\" title=\"\u00abTragedia en Casanare: Sargento es asesinado por otro miembro del Ej\u00e9rcito, en confuso incidente de \u201cFuego Amigo\u201d\u00bb \u2014 \u25b7 Noticias de Casanare : Martha Cifuentes | Casanare\" src=\"https:\/\/marthacifuentes.com\/portada\/2024\/03\/12\/tragedia-en-casanare-sargento-es-asesinado-por-otro-miembro-del-ejercito-en-confuso-incidente-de-fuego-amigo\/embed\/#?secret=oGAWMfuUQe#?secret=AqmJkjjglT\" width=\"600\" height=\"649\" frameborder=\"0\" marginwidth=\"0\" marginheight=\"0\" scrolling=\"no\" sandbox=\"allow-scripts\" data-secret=\"AqmJkjjglT\" data-mce-fragment=\"1\"><\/iframe><\/p>\n<p><iframe loading=\"lazy\" class=\"wp-embedded-content\" title=\"\u00abMujeres cient\u00edficas en Colombia: una minor\u00eda con menos oportunidades. Persiste desigualdad de g\u00e9nero.\u00bb \u2014 \u25b7 Noticias de Casanare : Martha Cifuentes | Casanare\" src=\"https:\/\/marthacifuentes.com\/portada\/2024\/03\/11\/mujeres-cientificas-en-colombia-una-minoria-con-menos-oportunidades-persiste-desigualdad-de-genero\/embed\/#?secret=sVMb48GMXL#?secret=0efQib2Xni\" width=\"600\" height=\"562\" frameborder=\"0\" marginwidth=\"0\" marginheight=\"0\" scrolling=\"no\" sandbox=\"allow-scripts\" data-secret=\"0efQib2Xni\" data-mce-fragment=\"1\"><\/iframe><\/p>\n<p><iframe loading=\"lazy\" class=\"wp-embedded-content\" title=\"\u00abHay m\u00e1s de 1.200 vacantes en todo el pa\u00eds. Oferta la CNSC. En Casanare tambi\u00e9n hay empleos.\u00bb \u2014 \u25b7 Noticias de Casanare : Martha Cifuentes | Casanare\" src=\"https:\/\/marthacifuentes.com\/portada\/2024\/03\/11\/hay-mas-de-1-200-vacantes-en-todo-el-pais-oferta-la-cnsc-en-casanare-tambien-hay-empleos\/embed\/#?secret=iTNqjos0m1#?secret=Wo48VpNj3g\" width=\"600\" height=\"600\" frameborder=\"0\" marginwidth=\"0\" marginheight=\"0\" scrolling=\"no\" sandbox=\"allow-scripts\" data-secret=\"Wo48VpNj3g\" data-mce-fragment=\"1\"><\/iframe><\/p>\n<p><iframe loading=\"lazy\" class=\"wp-embedded-content\" title=\"\u00abMientras el gobernador Zorro lidera patrullajes de seguridad en Yopal, delincuentes motorizados siguen atracando.\u00bb \u2014 \u25b7 Noticias de Casanare : Martha Cifuentes | Casanare\" src=\"https:\/\/marthacifuentes.com\/portada\/2024\/03\/11\/mientras-el-gobernador-zorro-lidera-patrullajes-de-seguridad-en-yopal-delincuentes-motorizados-siguen-atracando\/embed\/#?secret=nZ4Ry47z5b#?secret=OY0aaTvQXa\" width=\"600\" height=\"628\" frameborder=\"0\" marginwidth=\"0\" marginheight=\"0\" scrolling=\"no\" sandbox=\"allow-scripts\" data-secret=\"OY0aaTvQXa\" data-mce-fragment=\"1\"><\/iframe><\/p>\n<p><iframe loading=\"lazy\" class=\"wp-embedded-content\" title=\"\u00abObras viales en Casanare deben generar plusval\u00eda y valorizaci\u00f3n para realizar m\u00e1s proyectos: MinTransporte \u00a0\u00bb \u2014 \u25b7 Noticias de Casanare : Martha Cifuentes | Casanare\" src=\"https:\/\/marthacifuentes.com\/portada\/2024\/03\/08\/obras-viales-en-casanare-deben-generar-plusvalia-y-valorizacion-para-realizar-mas-proyectos-mintransporte\/embed\/#?secret=vCn5v732o0#?secret=7dHQCrWC25\" width=\"600\" height=\"649\" frameborder=\"0\" marginwidth=\"0\" marginheight=\"0\" scrolling=\"no\" sandbox=\"allow-scripts\" data-secret=\"7dHQCrWC25\" data-mce-fragment=\"1\"><\/iframe><\/p>\n<p><iframe loading=\"lazy\" class=\"wp-embedded-content\" title=\"\u00abExsenador Alexander L\u00f3pez Maya se posesion\u00f3 como nuevo director del DNP\u00bb \u2014 \u25b7 Noticias de Casanare : Martha Cifuentes | Casanare\" src=\"https:\/\/marthacifuentes.com\/portada\/2024\/03\/06\/exsenador-alexander-lopez-maya-se-posesiono-como-nuevo-director-del-dnp\/embed\/#?secret=g3kILg3ayQ#?secret=CMiNG4QkBG\" width=\"600\" height=\"621\" frameborder=\"0\" marginwidth=\"0\" marginheight=\"0\" scrolling=\"no\" sandbox=\"allow-scripts\" data-secret=\"CMiNG4QkBG\" data-mce-fragment=\"1\"><\/iframe><\/p>\n<p><iframe loading=\"lazy\" class=\"wp-embedded-content\" title=\"\u00abElegidos alcaldes que representar\u00e1n a Casanare ante OCAD Regional Llanos para los pr\u00f3ximos 4 a\u00f1os\u00bb \u2014 \u25b7 Noticias de Casanare : Martha Cifuentes | Casanare\" src=\"https:\/\/marthacifuentes.com\/portada\/2024\/03\/06\/elegidos-alcaldes-que-representaran-a-casanare-ante-ocad-regional-llanos-para-los-proximos-4-anos\/embed\/#?secret=kfP76HLadT#?secret=QPgP6LESgY\" width=\"600\" height=\"621\" frameborder=\"0\" marginwidth=\"0\" marginheight=\"0\" scrolling=\"no\" sandbox=\"allow-scripts\" data-secret=\"QPgP6LESgY\" data-mce-fragment=\"1\"><\/iframe><\/p>\n<p><iframe loading=\"lazy\" class=\"wp-embedded-content\" title=\"\u00abCapturan a cuatro integrantes de Los Piquis, ladrones de motos en Casanare\u00bb \u2014 \u25b7 Noticias de Casanare : Martha Cifuentes | Casanare\" src=\"https:\/\/marthacifuentes.com\/portada\/2024\/03\/05\/capturan-a-cuatro-integrantes-de-los-piquis-ladrones-de-motos-en-casanare\/embed\/#?secret=UoJxqAhtH2#?secret=QCWp5wGRZC\" width=\"600\" height=\"621\" frameborder=\"0\" marginwidth=\"0\" marginheight=\"0\" scrolling=\"no\" sandbox=\"allow-scripts\" data-secret=\"QCWp5wGRZC\" data-mce-fragment=\"1\"><\/iframe><\/p>\n<p><iframe loading=\"lazy\" class=\"wp-embedded-content\" title=\"\u00ab4 delincuentes menos en las calles de Casanare. A la c\u00e1rcel miembros de \u201cLos Alacranes\u201d por secuestros y extorsiones.\u00bb \u2014 \u25b7 Noticias de Casanare : Martha Cifuentes | Casanare\" src=\"https:\/\/marthacifuentes.com\/portada\/2024\/03\/05\/4-delincuentes-menos-en-las-calles-de-casanare-a-la-carcel-miembros-de-los-alacranes-por-secuestros-y-extorsiones\/embed\/#?secret=yPyQHtt1tW#?secret=F9bXICQOM2\" width=\"600\" height=\"649\" frameborder=\"0\" marginwidth=\"0\" marginheight=\"0\" scrolling=\"no\" sandbox=\"allow-scripts\" data-secret=\"F9bXICQOM2\" data-mce-fragment=\"1\"><\/iframe><\/p>\n<p><iframe loading=\"lazy\" class=\"wp-embedded-content\" title=\"\u00abGobernador Zorro inspeccion\u00f3 recuperaci\u00f3n de v\u00edas terciar\u00edas. Pidi\u00f3 a contratistas no perder un solo peso de los casanare\u00f1os.\u00bb \u2014 \u25b7 Noticias de Casanare : Martha Cifuentes | Casanare\" src=\"https:\/\/marthacifuentes.com\/portada\/2024\/03\/05\/gobernador-zorro-inspecciono-recuperacion-de-vias-terciarias-pidio-a-contratistas-no-perder-un-solo-peso-de-los-casanarenos\/embed\/#?secret=tVP8mZnzvN#?secret=YvxBhUWAjy\" width=\"600\" height=\"649\" frameborder=\"0\" marginwidth=\"0\" marginheight=\"0\" scrolling=\"no\" sandbox=\"allow-scripts\" data-secret=\"YvxBhUWAjy\" data-mce-fragment=\"1\"><\/iframe><\/p>\n<p><iframe loading=\"lazy\" class=\"wp-embedded-content\" title=\"\u00abDespu\u00e9s de 15 a\u00f1os de no invertir en infraestructura educativa MinEducaci\u00f3n cofinanciar\u00e1 dos colegios en Yopal. Uno, el Centro Social y otro en La Bendici\u00f3n.\u00bb \u2014 \u25b7 Noticias de Casanare : Martha Cifuentes | Casanare\" src=\"https:\/\/marthacifuentes.com\/portada\/2024\/03\/05\/despues-de-15-anos-de-no-invertir-en-infraestructura-educativa-mineducacion-cofinanciara-dos-colegios-en-yopal-uno-el-centro-social-y-otro-en-la-bendicion\/embed\/#?secret=OepHGuJjEP#?secret=7IbgQTbsyE\" width=\"600\" height=\"607\" frameborder=\"0\" marginwidth=\"0\" marginheight=\"0\" scrolling=\"no\" sandbox=\"allow-scripts\" data-secret=\"7IbgQTbsyE\" data-mce-fragment=\"1\"><\/iframe><\/p>\n<p><iframe loading=\"lazy\" class=\"wp-embedded-content\" title=\"\u00abDos hombres a la c\u00e1rcel por abusar sexualmente de menores en Casanare. Uno era un profesor de danza.\u00bb \u2014 \u25b7 Noticias de Casanare : Martha Cifuentes | Casanare\" src=\"https:\/\/marthacifuentes.com\/portada\/2024\/03\/04\/dos-hombres-a-la-carcel-por-abusar-sexualmente-de-menores-en-casanare-uno-era-un-profesor-de-danza\/embed\/#?secret=TyFpaxK3Ha#?secret=rG9PCczr2H\" width=\"600\" height=\"621\" frameborder=\"0\" marginwidth=\"0\" marginheight=\"0\" scrolling=\"no\" sandbox=\"allow-scripts\" data-secret=\"rG9PCczr2H\" data-mce-fragment=\"1\"><\/iframe><\/p>\n<p><iframe loading=\"lazy\" class=\"wp-embedded-content\" title=\"\u00abCae tr\u00edo criminal del \u2018Clan del Golfo\u2019 con posible responsabilidad en homicidios de l\u00edderes sociales.\u00bb \u2014 \u25b7 Noticias de Casanare : Martha Cifuentes | Casanare\" src=\"https:\/\/marthacifuentes.com\/portada\/2024\/03\/04\/cae-trio-criminal-del-clan-del-golfo-con-posible-responsabilidad-en-homicidios-de-lideres-sociales\/embed\/#?secret=Siq1ij58Qh#?secret=Y08ckNYteU\" width=\"600\" height=\"621\" frameborder=\"0\" marginwidth=\"0\" marginheight=\"0\" scrolling=\"no\" sandbox=\"allow-scripts\" data-secret=\"Y08ckNYteU\" data-mce-fragment=\"1\"><\/iframe><\/p>\n<p><iframe loading=\"lazy\" class=\"wp-embedded-content\" title=\"\u00abConstrucci\u00f3n de hospital de Trinidad a paso de tortuga mientras que el de Villanueva va a buen ritmo, seg\u00fan Secretar\u00eda de Salud de Casanare.\u00bb \u2014 \u25b7 Noticias de Casanare : Martha Cifuentes | Casanare\" src=\"https:\/\/marthacifuentes.com\/portada\/2024\/03\/04\/construccion-de-hospital-de-trinidad-a-paso-de-tortuga-mientras-que-el-de-villanueva-va-a-buen-ritmo-segun-secretaria-de-salud-de-casanare\/embed\/#?secret=5xt2J8JN1i#?secret=h42uz91UZb\" width=\"600\" height=\"649\" frameborder=\"0\" marginwidth=\"0\" marginheight=\"0\" scrolling=\"no\" sandbox=\"allow-scripts\" data-secret=\"h42uz91UZb\" data-mce-fragment=\"1\"><\/iframe><\/p>\n","protected":false},"excerpt":{"rendered":"<p>A pesar de los cuestionamientos que se viene realizando a la contrataci\u00f3n de fondos y asociaciones de municipios de otras regiones del pa\u00eds, por esguinces a las normas de contrataci\u00f3n y el no pago de impuestos de destinaci\u00f3n espec\u00edfica para adultos mayores, deporte y cultura, entre otros, la Gobernaci\u00f3n de Casanare mediante decreto aprob\u00f3 que &hellip;<\/p>\n","protected":false},"author":2,"featured_media":32662,"comment_status":"open","ping_status":"open","sticky":false,"template":"","format":"standard","meta":{"om_disable_all_campaigns":false,"_exactmetrics_skip_tracking":false,"_exactmetrics_sitenote_active":false,"_exactmetrics_sitenote_note":"","_exactmetrics_sitenote_category":0,"_monsterinsights_skip_tracking":false,"_monsterinsights_sitenote_active":false,"_monsterinsights_sitenote_note":"","_monsterinsights_sitenote_category":0,"_uf_show_specific_survey":0,"_uf_disable_surveys":false,"_joinchat":[],"footnotes":""},"categories":[147,146,145],"tags":[1373,9581,1400,9582],"class_list":["post-32657","post","type-post","status-publish","format-standard","has-post-thumbnail","hentry","category-actualidad","category-noticias","category-reportajes","tag-casanare-noticias","tag-fondo-mixto-sierra-nevada-contrato-transporte-escolar-casanare","tag-noticias-casanare","tag-zorro-y-los-fondos-contratacion-transporte-escolar"],"yoast_head":"<!-- This site is optimized with the Yoast SEO plugin v26.1 - https:\/\/yoast.com\/wordpress\/plugins\/seo\/ -->\n<title>\u201cCuestionamientos y contratos con Fondos for\u00e1neos: La Pol\u00e9mica del Transporte Escolar en Casanare\u201d - \u25b7 Noticias de Casanare : Martha Cifuentes | Casanare<\/title>\n<meta name=\"robots\" content=\"index, follow, max-snippet:-1, max-image-preview:large, max-video-preview:-1\" \/>\n<link rel=\"canonical\" href=\"https:\/\/marthacifuentes.com\/portada\/cuestionamientos-y-contratos-con-fondos-foraneos-la-polemica-del-transporte-escolar-en-casanare\/\" \/>\n<meta property=\"og:locale\" content=\"es_ES\" \/>\n<meta property=\"og:type\" content=\"article\" \/>\n<meta property=\"og:title\" content=\"\u201cCuestionamientos y contratos con Fondos for\u00e1neos: La Pol\u00e9mica del Transporte Escolar en Casanare\u201d - \u25b7 Noticias de Casanare : Martha Cifuentes | Casanare\" \/>\n<meta property=\"og:description\" content=\"A pesar de los cuestionamientos que se viene realizando a la contrataci\u00f3n de fondos y asociaciones de municipios de otras regiones del pa\u00eds, por esguinces a las normas de contrataci\u00f3n y el no pago de impuestos de destinaci\u00f3n espec\u00edfica para adultos mayores, deporte y cultura, entre otros, la Gobernaci\u00f3n de Casanare mediante decreto aprob\u00f3 que &hellip;\" \/>\n<meta property=\"og:url\" content=\"https:\/\/marthacifuentes.com\/portada\/cuestionamientos-y-contratos-con-fondos-foraneos-la-polemica-del-transporte-escolar-en-casanare\/\" \/>\n<meta property=\"og:site_name\" content=\"\u25b7 Noticias de Casanare : Martha Cifuentes | Casanare\" \/>\n<meta property=\"article:published_time\" content=\"2024-03-15T16:32:26+00:00\" \/>\n<meta property=\"article:modified_time\" content=\"2024-03-15T19:47:42+00:00\" \/>\n<meta property=\"og:image\" content=\"https:\/\/marthacifuentes.com\/portada\/wp-content\/uploads\/2024\/03\/TRANSPORTE-ESCOLAR-PORTADA-1.jpg\" \/>\n\t<meta property=\"og:image:width\" content=\"900\" \/>\n\t<meta property=\"og:image:height\" content=\"506\" \/>\n\t<meta property=\"og:image:type\" content=\"image\/jpeg\" \/>\n<meta name=\"author\" content=\"Martha Cifuentes\" \/>\n<meta name=\"twitter:card\" content=\"summary_large_image\" \/>\n<meta name=\"twitter:label1\" content=\"Escrito por\" \/>\n\t<meta name=\"twitter:data1\" content=\"Martha Cifuentes\" \/>\n\t<meta name=\"twitter:label2\" content=\"Tiempo de lectura\" \/>\n\t<meta name=\"twitter:data2\" content=\"3 minutos\" \/>\n<script type=\"application\/ld+json\" class=\"yoast-schema-graph\">{\"@context\":\"https:\/\/schema.org\",\"@graph\":[{\"@type\":\"WebPage\",\"@id\":\"https:\/\/marthacifuentes.com\/portada\/cuestionamientos-y-contratos-con-fondos-foraneos-la-polemica-del-transporte-escolar-en-casanare\/\",\"url\":\"https:\/\/marthacifuentes.com\/portada\/cuestionamientos-y-contratos-con-fondos-foraneos-la-polemica-del-transporte-escolar-en-casanare\/\",\"name\":\"\u201cCuestionamientos y contratos con Fondos for\u00e1neos: La Pol\u00e9mica del Transporte Escolar en Casanare\u201d - \u25b7 Noticias de Casanare : Martha Cifuentes | Casanare\",\"isPartOf\":{\"@id\":\"https:\/\/marthacifuentes.com\/portada\/#website\"},\"primaryImageOfPage\":{\"@id\":\"https:\/\/marthacifuentes.com\/portada\/cuestionamientos-y-contratos-con-fondos-foraneos-la-polemica-del-transporte-escolar-en-casanare\/#primaryimage\"},\"image\":{\"@id\":\"https:\/\/marthacifuentes.com\/portada\/cuestionamientos-y-contratos-con-fondos-foraneos-la-polemica-del-transporte-escolar-en-casanare\/#primaryimage\"},\"thumbnailUrl\":\"https:\/\/marthacifuentes.com\/portada\/wp-content\/uploads\/2024\/03\/TRANSPORTE-ESCOLAR-PORTADA-1.jpg\",\"datePublished\":\"2024-03-15T16:32:26+00:00\",\"dateModified\":\"2024-03-15T19:47:42+00:00\",\"author\":{\"@id\":\"https:\/\/marthacifuentes.com\/portada\/#\/schema\/person\/57f53174b991db5f90ff78d58502b714\"},\"breadcrumb\":{\"@id\":\"https:\/\/marthacifuentes.com\/portada\/cuestionamientos-y-contratos-con-fondos-foraneos-la-polemica-del-transporte-escolar-en-casanare\/#breadcrumb\"},\"inLanguage\":\"es\",\"potentialAction\":[{\"@type\":\"ReadAction\",\"target\":[\"https:\/\/marthacifuentes.com\/portada\/cuestionamientos-y-contratos-con-fondos-foraneos-la-polemica-del-transporte-escolar-en-casanare\/\"]}]},{\"@type\":\"ImageObject\",\"inLanguage\":\"es\",\"@id\":\"https:\/\/marthacifuentes.com\/portada\/cuestionamientos-y-contratos-con-fondos-foraneos-la-polemica-del-transporte-escolar-en-casanare\/#primaryimage\",\"url\":\"https:\/\/marthacifuentes.com\/portada\/wp-content\/uploads\/2024\/03\/TRANSPORTE-ESCOLAR-PORTADA-1.jpg\",\"contentUrl\":\"https:\/\/marthacifuentes.com\/portada\/wp-content\/uploads\/2024\/03\/TRANSPORTE-ESCOLAR-PORTADA-1.jpg\",\"width\":900,\"height\":506},{\"@type\":\"BreadcrumbList\",\"@id\":\"https:\/\/marthacifuentes.com\/portada\/cuestionamientos-y-contratos-con-fondos-foraneos-la-polemica-del-transporte-escolar-en-casanare\/#breadcrumb\",\"itemListElement\":[{\"@type\":\"ListItem\",\"position\":1,\"name\":\"Portada\",\"item\":\"https:\/\/marthacifuentes.com\/portada\/\"},{\"@type\":\"ListItem\",\"position\":2,\"name\":\"\u201cCuestionamientos y contratos con Fondos for\u00e1neos: La Pol\u00e9mica del Transporte Escolar en Casanare\u201d\"}]},{\"@type\":\"WebSite\",\"@id\":\"https:\/\/marthacifuentes.com\/portada\/#website\",\"url\":\"https:\/\/marthacifuentes.com\/portada\/\",\"name\":\"\u25b7 Noticias de Casanare : Martha Cifuentes | Casanare\",\"description\":\"Noticias &amp; Contenidos\",\"potentialAction\":[{\"@type\":\"SearchAction\",\"target\":{\"@type\":\"EntryPoint\",\"urlTemplate\":\"https:\/\/marthacifuentes.com\/portada\/?s={search_term_string}\"},\"query-input\":{\"@type\":\"PropertyValueSpecification\",\"valueRequired\":true,\"valueName\":\"search_term_string\"}}],\"inLanguage\":\"es\"},{\"@type\":\"Person\",\"@id\":\"https:\/\/marthacifuentes.com\/portada\/#\/schema\/person\/57f53174b991db5f90ff78d58502b714\",\"name\":\"Martha Cifuentes\",\"image\":{\"@type\":\"ImageObject\",\"inLanguage\":\"es\",\"@id\":\"https:\/\/marthacifuentes.com\/portada\/#\/schema\/person\/image\/\",\"url\":\"http:\/\/marthacifuentes.com\/portada\/wp-content\/uploads\/2018\/06\/avatar_user_2_1528838701-96x96.jpg\",\"contentUrl\":\"http:\/\/marthacifuentes.com\/portada\/wp-content\/uploads\/2018\/06\/avatar_user_2_1528838701-96x96.jpg\",\"caption\":\"Martha Cifuentes\"},\"sameAs\":[\"http:\/\/www.marthacifuentes.com\"],\"url\":\"https:\/\/marthacifuentes.com\/portada\/author\/martha\/\"}]}<\/script>\n<!-- \/ Yoast SEO plugin. -->","yoast_head_json":{"title":"\u201cCuestionamientos y contratos con Fondos for\u00e1neos: La Pol\u00e9mica del Transporte Escolar en Casanare\u201d - \u25b7 Noticias de Casanare : Martha Cifuentes | Casanare","robots":{"index":"index","follow":"follow","max-snippet":"max-snippet:-1","max-image-preview":"max-image-preview:large","max-video-preview":"max-video-preview:-1"},"canonical":"https:\/\/marthacifuentes.com\/portada\/cuestionamientos-y-contratos-con-fondos-foraneos-la-polemica-del-transporte-escolar-en-casanare\/","og_locale":"es_ES","og_type":"article","og_title":"\u201cCuestionamientos y contratos con Fondos for\u00e1neos: La Pol\u00e9mica del Transporte Escolar en Casanare\u201d - \u25b7 Noticias de Casanare : Martha Cifuentes | Casanare","og_description":"A pesar de los cuestionamientos que se viene realizando a la contrataci\u00f3n de fondos y asociaciones de municipios de otras regiones del pa\u00eds, por esguinces a las normas de contrataci\u00f3n y el no pago de impuestos de destinaci\u00f3n espec\u00edfica para adultos mayores, deporte y cultura, entre otros, la Gobernaci\u00f3n de Casanare mediante decreto aprob\u00f3 que &hellip;","og_url":"https:\/\/marthacifuentes.com\/portada\/cuestionamientos-y-contratos-con-fondos-foraneos-la-polemica-del-transporte-escolar-en-casanare\/","og_site_name":"\u25b7 Noticias de Casanare : Martha Cifuentes | Casanare","article_published_time":"2024-03-15T16:32:26+00:00","article_modified_time":"2024-03-15T19:47:42+00:00","og_image":[{"width":900,"height":506,"url":"https:\/\/marthacifuentes.com\/portada\/wp-content\/uploads\/2024\/03\/TRANSPORTE-ESCOLAR-PORTADA-1.jpg","type":"image\/jpeg"}],"author":"Martha Cifuentes","twitter_card":"summary_large_image","twitter_misc":{"Escrito por":"Martha Cifuentes","Tiempo de lectura":"3 minutos"},"schema":{"@context":"https:\/\/schema.org","@graph":[{"@type":"WebPage","@id":"https:\/\/marthacifuentes.com\/portada\/cuestionamientos-y-contratos-con-fondos-foraneos-la-polemica-del-transporte-escolar-en-casanare\/","url":"https:\/\/marthacifuentes.com\/portada\/cuestionamientos-y-contratos-con-fondos-foraneos-la-polemica-del-transporte-escolar-en-casanare\/","name":"\u201cCuestionamientos y contratos con Fondos for\u00e1neos: La Pol\u00e9mica del Transporte Escolar en Casanare\u201d - \u25b7 Noticias de Casanare : Martha Cifuentes | Casanare","isPartOf":{"@id":"https:\/\/marthacifuentes.com\/portada\/#website"},"primaryImageOfPage":{"@id":"https:\/\/marthacifuentes.com\/portada\/cuestionamientos-y-contratos-con-fondos-foraneos-la-polemica-del-transporte-escolar-en-casanare\/#primaryimage"},"image":{"@id":"https:\/\/marthacifuentes.com\/portada\/cuestionamientos-y-contratos-con-fondos-foraneos-la-polemica-del-transporte-escolar-en-casanare\/#primaryimage"},"thumbnailUrl":"https:\/\/marthacifuentes.com\/portada\/wp-content\/uploads\/2024\/03\/TRANSPORTE-ESCOLAR-PORTADA-1.jpg","datePublished":"2024-03-15T16:32:26+00:00","dateModified":"2024-03-15T19:47:42+00:00","author":{"@id":"https:\/\/marthacifuentes.com\/portada\/#\/schema\/person\/57f53174b991db5f90ff78d58502b714"},"breadcrumb":{"@id":"https:\/\/marthacifuentes.com\/portada\/cuestionamientos-y-contratos-con-fondos-foraneos-la-polemica-del-transporte-escolar-en-casanare\/#breadcrumb"},"inLanguage":"es","potentialAction":[{"@type":"ReadAction","target":["https:\/\/marthacifuentes.com\/portada\/cuestionamientos-y-contratos-con-fondos-foraneos-la-polemica-del-transporte-escolar-en-casanare\/"]}]},{"@type":"ImageObject","inLanguage":"es","@id":"https:\/\/marthacifuentes.com\/portada\/cuestionamientos-y-contratos-con-fondos-foraneos-la-polemica-del-transporte-escolar-en-casanare\/#primaryimage","url":"https:\/\/marthacifuentes.com\/portada\/wp-content\/uploads\/2024\/03\/TRANSPORTE-ESCOLAR-PORTADA-1.jpg","contentUrl":"https:\/\/marthacifuentes.com\/portada\/wp-content\/uploads\/2024\/03\/TRANSPORTE-ESCOLAR-PORTADA-1.jpg","width":900,"height":506},{"@type":"BreadcrumbList","@id":"https:\/\/marthacifuentes.com\/portada\/cuestionamientos-y-contratos-con-fondos-foraneos-la-polemica-del-transporte-escolar-en-casanare\/#breadcrumb","itemListElement":[{"@type":"ListItem","position":1,"name":"Portada","item":"https:\/\/marthacifuentes.com\/portada\/"},{"@type":"ListItem","position":2,"name":"\u201cCuestionamientos y contratos con Fondos for\u00e1neos: La Pol\u00e9mica del Transporte Escolar en Casanare\u201d"}]},{"@type":"WebSite","@id":"https:\/\/marthacifuentes.com\/portada\/#website","url":"https:\/\/marthacifuentes.com\/portada\/","name":"\u25b7 Noticias de Casanare : Martha Cifuentes | Casanare","description":"Noticias &amp; Contenidos","potentialAction":[{"@type":"SearchAction","target":{"@type":"EntryPoint","urlTemplate":"https:\/\/marthacifuentes.com\/portada\/?s={search_term_string}"},"query-input":{"@type":"PropertyValueSpecification","valueRequired":true,"valueName":"search_term_string"}}],"inLanguage":"es"},{"@type":"Person","@id":"https:\/\/marthacifuentes.com\/portada\/#\/schema\/person\/57f53174b991db5f90ff78d58502b714","name":"Martha Cifuentes","image":{"@type":"ImageObject","inLanguage":"es","@id":"https:\/\/marthacifuentes.com\/portada\/#\/schema\/person\/image\/","url":"http:\/\/marthacifuentes.com\/portada\/wp-content\/uploads\/2018\/06\/avatar_user_2_1528838701-96x96.jpg","contentUrl":"http:\/\/marthacifuentes.com\/portada\/wp-content\/uploads\/2018\/06\/avatar_user_2_1528838701-96x96.jpg","caption":"Martha Cifuentes"},"sameAs":["http:\/\/www.marthacifuentes.com"],"url":"https:\/\/marthacifuentes.com\/portada\/author\/martha\/"}]}},"_links":{"self":[{"href":"https:\/\/marthacifuentes.com\/portada\/wp-json\/wp\/v2\/posts\/32657","targetHints":{"allow":["GET"]}}],"collection":[{"href":"https:\/\/marthacifuentes.com\/portada\/wp-json\/wp\/v2\/posts"}],"about":[{"href":"https:\/\/marthacifuentes.com\/portada\/wp-json\/wp\/v2\/types\/post"}],"author":[{"embeddable":true,"href":"https:\/\/marthacifuentes.com\/portada\/wp-json\/wp\/v2\/users\/2"}],"replies":[{"embeddable":true,"href":"https:\/\/marthacifuentes.com\/portada\/wp-json\/wp\/v2\/comments?post=32657"}],"version-history":[{"count":4,"href":"https:\/\/marthacifuentes.com\/portada\/wp-json\/wp\/v2\/posts\/32657\/revisions"}],"predecessor-version":[{"id":32668,"href":"https:\/\/marthacifuentes.com\/portada\/wp-json\/wp\/v2\/posts\/32657\/revisions\/32668"}],"wp:featuredmedia":[{"embeddable":true,"href":"https:\/\/marthacifuentes.com\/portada\/wp-json\/wp\/v2\/media\/32662"}],"wp:attachment":[{"href":"https:\/\/marthacifuentes.com\/portada\/wp-json\/wp\/v2\/media?parent=32657"}],"wp:term":[{"taxonomy":"category","embeddable":true,"href":"https:\/\/marthacifuentes.com\/portada\/wp-json\/wp\/v2\/categories?post=32657"},{"taxonomy":"post_tag","embeddable":true,"href":"https:\/\/marthacifuentes.com\/portada\/wp-json\/wp\/v2\/tags?post=32657"}],"curies":[{"name":"wp","href":"https:\/\/api.w.org\/{rel}","templated":true}]}}