{"id":32695,"date":"2024-03-19T09:02:46","date_gmt":"2024-03-19T14:02:46","guid":{"rendered":"https:\/\/marthacifuentes.com\/portada\/?p=32695"},"modified":"2024-03-19T09:02:46","modified_gmt":"2024-03-19T14:02:46","slug":"a-yopal-llego-descanso-para-los-caballos-de-carga-ahora-motocarros-seran-la-nueva-fuerza-para-sus-propietarios","status":"publish","type":"post","link":"https:\/\/marthacifuentes.com\/portada\/a-yopal-llego-descanso-para-los-caballos-de-carga-ahora-motocarros-seran-la-nueva-fuerza-para-sus-propietarios\/","title":{"rendered":"A Yopal lleg\u00f3 descanso para los caballos de carga. Ahora motocarros ser\u00e1n la nueva fuerza para sus propietarios."},"content":{"rendered":"<p style=\"background: white; margin: 9.0pt 0cm 0cm 0cm;\"><span style=\"font-family: Roboto; color: #111111;\">Yopal celebra un cambio significativo en contrav\u00eda del maltrato animal: la sustituci\u00f3n de carretas jalonadas por caballos, conocidas popularmente como \u00abzorras\u00bb, por motocarros, marcando el fin de una era para los equinos que llevaban cargas pesadas. <\/span><\/p>\n<p style=\"background: white; margin: 9.0pt 0cm 0cm 0cm;\"><span style=\"font-family: Roboto; color: #111111;\">Ahora, estos animales tendr\u00e1n la oportunidad de vivir tranquilos y recibir cuidados en un hogar temporal, mientras sus antiguos due\u00f1os abrazan una nueva herramienta de trabajo: los motocarros.<\/span><\/p>\n<p style=\"background: white; margin: 9.0pt 0cm 0cm 0cm;\"><span style=\"font-family: Roboto; color: #111111;\">En una ceremonia llena de esperanza, se entregaron 29 motocarros a los asociados de \u201cCaballitos de Oro\u201d. Estos veh\u00edculos, con una capacidad de carga ideal y 200 CC de potencia, simbolizan el progreso y la eficiencia en el transporte de materiales.<\/span><\/p>\n<p style=\"background: white; margin: 9.0pt 0cm 0cm 0cm;\"><span style=\"font-family: Roboto; color: #111111;\">El alcalde Marco Tulio Ru\u00edz Ria\u00f1o y el secretario de Desarrollo Econ\u00f3mico, Rodrigo Alberto Chaparro G\u00f3mez, resaltaron este avance como un hito en la historia de Yopal, enfatizando el bienestar de los caballos y las nuevas posibilidades laborales para los ciudadanos.<\/span><\/p>\n<p style=\"background: white; margin: 9.0pt 0cm 0cm 0cm;\"><span style=\"font-family: Roboto; color: #111111;\">Este proyecto no solo mejora la calidad de vida de los equinos y sus due\u00f1os, sino que tambi\u00e9n promete un futuro m\u00e1s sostenible y productivo para la comunidad de Yopal.<\/span><\/p>\n<h2><span style=\"color: #ff6600;\">Otras Noticias&#8230;<\/span><\/h2>\n<blockquote class=\"wp-embedded-content\" data-secret=\"1i2TOq33cT\"><p><a href=\"https:\/\/marthacifuentes.com\/portada\/2024\/03\/15\/alcantarillado-de-la-bendicion-y-alameda-martha-mojica-se-construye-sobre-estudios-y-disenos-mal-hechos-min-vivienda-no-los-aprobo\/\">Alcantarillado de La Bendici\u00f3n y Alameda Martha Mojica se construye sobre estudios y dise\u00f1os mal hechos. Min Vivienda no los aprob\u00f3.<\/a><\/p><\/blockquote>\n<p><iframe loading=\"lazy\" class=\"wp-embedded-content\" sandbox=\"allow-scripts\" security=\"restricted\" style=\"position: absolute; clip: rect(1px, 1px, 1px, 1px);\" title=\"\u00abAlcantarillado de La Bendici\u00f3n y Alameda Martha Mojica se construye sobre estudios y dise\u00f1os mal hechos. Min Vivienda no los aprob\u00f3.\u00bb \u2014 \u25b7 Noticias de Casanare : Martha Cifuentes | Casanare\" src=\"https:\/\/marthacifuentes.com\/portada\/2024\/03\/15\/alcantarillado-de-la-bendicion-y-alameda-martha-mojica-se-construye-sobre-estudios-y-disenos-mal-hechos-min-vivienda-no-los-aprobo\/embed\/#?secret=5BBlsB1DMm#?secret=1i2TOq33cT\" data-secret=\"1i2TOq33cT\" width=\"500\" height=\"282\" frameborder=\"0\" marginwidth=\"0\" marginheight=\"0\" scrolling=\"no\"><\/iframe><\/p>\n<p><iframe loading=\"lazy\" class=\"wp-embedded-content\" title=\"\u00ab\u201cCuestionamientos y contratos con Fondos for\u00e1neos: La Pol\u00e9mica del Transporte Escolar en Casanare\u201d\u00bb \u2014 \u25b7 Noticias de Casanare : Martha Cifuentes | Casanare\" src=\"https:\/\/marthacifuentes.com\/portada\/2024\/03\/15\/cuestionamientos-y-contratos-con-fondos-foraneos-la-polemica-del-transporte-escolar-en-casanare\/embed\/#?secret=5mOcXLB9Lp#?secret=jxxYeVs4Lq\" width=\"600\" height=\"620\" frameborder=\"0\" marginwidth=\"0\" marginheight=\"0\" scrolling=\"no\" sandbox=\"allow-scripts\" data-secret=\"jxxYeVs4Lq\" data-mce-fragment=\"1\"><\/iframe><\/p>\n<p><iframe loading=\"lazy\" class=\"wp-embedded-content\" title=\"\u00abIndignaci\u00f3n en Yopal por exceso de fuerza policial abogado contra Lenin Bustos. Fue reducido con una pistola taser.\u00bb \u2014 \u25b7 Noticias de Casanare : Martha Cifuentes | Casanare\" src=\"https:\/\/marthacifuentes.com\/portada\/2024\/03\/15\/indignacion-en-yopal-por-exceso-de-fuerza-policial-abogado-contra-lenin-bustos-fue-reducido-con-una-pistola-taser\/embed\/#?secret=LsfqarqMxV#?secret=jWei3B63yT\" width=\"600\" height=\"628\" frameborder=\"0\" marginwidth=\"0\" marginheight=\"0\" scrolling=\"no\" sandbox=\"allow-scripts\" data-secret=\"jWei3B63yT\" data-mce-fragment=\"1\"><\/iframe><\/p>\n<p><iframe loading=\"lazy\" class=\"wp-embedded-content\" title=\"\u00abCondenados a 11 a\u00f1os de de prisi\u00f3n tres extorsionistas, supuestos miembros del Clan del Golfo en Casanare.\u00bb \u2014 \u25b7 Noticias de Casanare : Martha Cifuentes | Casanare\" src=\"https:\/\/marthacifuentes.com\/portada\/2024\/03\/12\/condenados-a-11-anos-de-de-prision-tres-extorsionistas-supuestos-miembros-del-clan-del-golfo-en-casanare\/embed\/#?secret=WvstXmZzSc#?secret=jBwFNvJgPL\" width=\"600\" height=\"621\" frameborder=\"0\" marginwidth=\"0\" marginheight=\"0\" scrolling=\"no\" sandbox=\"allow-scripts\" data-secret=\"jBwFNvJgPL\" data-mce-fragment=\"1\"><\/iframe><\/p>\n<p><iframe loading=\"lazy\" class=\"wp-embedded-content\" title=\"\u00abCondenan a 16 a\u00f1os de prisi\u00f3n a joven ind\u00edgena por abuso sexual de ni\u00f1a menor de 11 a\u00f1os en Casanare\u00bb \u2014 \u25b7 Noticias de Casanare : Martha Cifuentes | Casanare\" src=\"https:\/\/marthacifuentes.com\/portada\/2024\/03\/12\/condenan-a-16-anos-de-prision-a-joven-indigena-por-abuso-sexual-de-nina-menor-de-11-anos-en-casanare\/embed\/#?secret=2zMCGpq8Z4#?secret=lMWuKfTOfQ\" width=\"600\" height=\"600\" frameborder=\"0\" marginwidth=\"0\" marginheight=\"0\" scrolling=\"no\" sandbox=\"allow-scripts\" data-secret=\"lMWuKfTOfQ\" data-mce-fragment=\"1\"><\/iframe><\/p>\n<p><iframe loading=\"lazy\" class=\"wp-embedded-content\" title=\"\u00abMayor\u00eda de Comisi\u00f3n S\u00e9ptima del Senado radica ponencia negativa a reforma de la salud de Petro.\u00bb \u2014 \u25b7 Noticias de Casanare : Martha Cifuentes | Casanare\" src=\"https:\/\/marthacifuentes.com\/portada\/2024\/03\/12\/mitad-de-comision-septima-del-senado-radica-ponencia-negativa-a-reforma-de-la-salud-de-petro\/embed\/#?secret=u6Rd4Kq1fv#?secret=wI1A5uQQww\" width=\"600\" height=\"621\" frameborder=\"0\" marginwidth=\"0\" marginheight=\"0\" scrolling=\"no\" sandbox=\"allow-scripts\" data-secret=\"wI1A5uQQww\" data-mce-fragment=\"1\"><\/iframe><\/p>\n<p><iframe loading=\"lazy\" class=\"wp-embedded-content\" title=\"\u00abTragedia en Casanare: Sargento es asesinado por otro miembro del Ej\u00e9rcito, en confuso incidente de \u201cFuego Amigo\u201d\u00bb \u2014 \u25b7 Noticias de Casanare : Martha Cifuentes | Casanare\" src=\"https:\/\/marthacifuentes.com\/portada\/2024\/03\/12\/tragedia-en-casanare-sargento-es-asesinado-por-otro-miembro-del-ejercito-en-confuso-incidente-de-fuego-amigo\/embed\/#?secret=oGAWMfuUQe#?secret=AqmJkjjglT\" width=\"600\" height=\"649\" frameborder=\"0\" marginwidth=\"0\" marginheight=\"0\" scrolling=\"no\" sandbox=\"allow-scripts\" data-secret=\"AqmJkjjglT\" data-mce-fragment=\"1\"><\/iframe><\/p>\n<p><iframe loading=\"lazy\" class=\"wp-embedded-content\" title=\"\u00abMujeres cient\u00edficas en Colombia: una minor\u00eda con menos oportunidades. Persiste desigualdad de g\u00e9nero.\u00bb \u2014 \u25b7 Noticias de Casanare : Martha Cifuentes | Casanare\" src=\"https:\/\/marthacifuentes.com\/portada\/2024\/03\/11\/mujeres-cientificas-en-colombia-una-minoria-con-menos-oportunidades-persiste-desigualdad-de-genero\/embed\/#?secret=sVMb48GMXL#?secret=0efQib2Xni\" width=\"600\" height=\"562\" frameborder=\"0\" marginwidth=\"0\" marginheight=\"0\" scrolling=\"no\" sandbox=\"allow-scripts\" data-secret=\"0efQib2Xni\" data-mce-fragment=\"1\"><\/iframe><\/p>\n<p><iframe loading=\"lazy\" class=\"wp-embedded-content\" title=\"\u00abHay m\u00e1s de 1.200 vacantes en todo el pa\u00eds. Oferta la CNSC. En Casanare tambi\u00e9n hay empleos.\u00bb \u2014 \u25b7 Noticias de Casanare : Martha Cifuentes | Casanare\" src=\"https:\/\/marthacifuentes.com\/portada\/2024\/03\/11\/hay-mas-de-1-200-vacantes-en-todo-el-pais-oferta-la-cnsc-en-casanare-tambien-hay-empleos\/embed\/#?secret=iTNqjos0m1#?secret=Wo48VpNj3g\" width=\"600\" height=\"600\" frameborder=\"0\" marginwidth=\"0\" marginheight=\"0\" scrolling=\"no\" sandbox=\"allow-scripts\" data-secret=\"Wo48VpNj3g\" data-mce-fragment=\"1\"><\/iframe><\/p>\n<p><iframe loading=\"lazy\" class=\"wp-embedded-content\" title=\"\u00abMientras el gobernador Zorro lidera patrullajes de seguridad en Yopal, delincuentes motorizados siguen atracando.\u00bb \u2014 \u25b7 Noticias de Casanare : Martha Cifuentes | Casanare\" src=\"https:\/\/marthacifuentes.com\/portada\/2024\/03\/11\/mientras-el-gobernador-zorro-lidera-patrullajes-de-seguridad-en-yopal-delincuentes-motorizados-siguen-atracando\/embed\/#?secret=nZ4Ry47z5b#?secret=OY0aaTvQXa\" width=\"600\" height=\"628\" frameborder=\"0\" marginwidth=\"0\" marginheight=\"0\" scrolling=\"no\" sandbox=\"allow-scripts\" data-secret=\"OY0aaTvQXa\" data-mce-fragment=\"1\"><\/iframe><\/p>\n<p><iframe loading=\"lazy\" class=\"wp-embedded-content\" title=\"\u00abObras viales en Casanare deben generar plusval\u00eda y valorizaci\u00f3n para realizar m\u00e1s proyectos: MinTransporte \u00a0\u00bb \u2014 \u25b7 Noticias de Casanare : Martha Cifuentes | Casanare\" src=\"https:\/\/marthacifuentes.com\/portada\/2024\/03\/08\/obras-viales-en-casanare-deben-generar-plusvalia-y-valorizacion-para-realizar-mas-proyectos-mintransporte\/embed\/#?secret=vCn5v732o0#?secret=7dHQCrWC25\" width=\"600\" height=\"649\" frameborder=\"0\" marginwidth=\"0\" marginheight=\"0\" scrolling=\"no\" sandbox=\"allow-scripts\" data-secret=\"7dHQCrWC25\" data-mce-fragment=\"1\"><\/iframe><\/p>\n<p><iframe loading=\"lazy\" class=\"wp-embedded-content\" title=\"\u00abExsenador Alexander L\u00f3pez Maya se posesion\u00f3 como nuevo director del DNP\u00bb \u2014 \u25b7 Noticias de Casanare : Martha Cifuentes | Casanare\" src=\"https:\/\/marthacifuentes.com\/portada\/2024\/03\/06\/exsenador-alexander-lopez-maya-se-posesiono-como-nuevo-director-del-dnp\/embed\/#?secret=g3kILg3ayQ#?secret=CMiNG4QkBG\" width=\"600\" height=\"621\" frameborder=\"0\" marginwidth=\"0\" marginheight=\"0\" scrolling=\"no\" sandbox=\"allow-scripts\" data-secret=\"CMiNG4QkBG\" data-mce-fragment=\"1\"><\/iframe><\/p>\n<p><iframe loading=\"lazy\" class=\"wp-embedded-content\" title=\"\u00abElegidos alcaldes que representar\u00e1n a Casanare ante OCAD Regional Llanos para los pr\u00f3ximos 4 a\u00f1os\u00bb \u2014 \u25b7 Noticias de Casanare : Martha Cifuentes | Casanare\" src=\"https:\/\/marthacifuentes.com\/portada\/2024\/03\/06\/elegidos-alcaldes-que-representaran-a-casanare-ante-ocad-regional-llanos-para-los-proximos-4-anos\/embed\/#?secret=kfP76HLadT#?secret=QPgP6LESgY\" width=\"600\" height=\"621\" frameborder=\"0\" marginwidth=\"0\" marginheight=\"0\" scrolling=\"no\" sandbox=\"allow-scripts\" data-secret=\"QPgP6LESgY\" data-mce-fragment=\"1\"><\/iframe><\/p>\n<p><iframe loading=\"lazy\" class=\"wp-embedded-content\" title=\"\u00abCapturan a cuatro integrantes de Los Piquis, ladrones de motos en Casanare\u00bb \u2014 \u25b7 Noticias de Casanare : Martha Cifuentes | Casanare\" src=\"https:\/\/marthacifuentes.com\/portada\/2024\/03\/05\/capturan-a-cuatro-integrantes-de-los-piquis-ladrones-de-motos-en-casanare\/embed\/#?secret=UoJxqAhtH2#?secret=QCWp5wGRZC\" width=\"600\" height=\"621\" frameborder=\"0\" marginwidth=\"0\" marginheight=\"0\" scrolling=\"no\" sandbox=\"allow-scripts\" data-secret=\"QCWp5wGRZC\" data-mce-fragment=\"1\"><\/iframe><\/p>\n<p><iframe loading=\"lazy\" class=\"wp-embedded-content\" title=\"\u00ab4 delincuentes menos en las calles de Casanare. A la c\u00e1rcel miembros de \u201cLos Alacranes\u201d por secuestros y extorsiones.\u00bb \u2014 \u25b7 Noticias de Casanare : Martha Cifuentes | Casanare\" src=\"https:\/\/marthacifuentes.com\/portada\/2024\/03\/05\/4-delincuentes-menos-en-las-calles-de-casanare-a-la-carcel-miembros-de-los-alacranes-por-secuestros-y-extorsiones\/embed\/#?secret=yPyQHtt1tW#?secret=F9bXICQOM2\" width=\"600\" height=\"649\" frameborder=\"0\" marginwidth=\"0\" marginheight=\"0\" scrolling=\"no\" sandbox=\"allow-scripts\" data-secret=\"F9bXICQOM2\" data-mce-fragment=\"1\"><\/iframe><\/p>\n<p><iframe loading=\"lazy\" class=\"wp-embedded-content\" title=\"\u00abGobernador Zorro inspeccion\u00f3 recuperaci\u00f3n de v\u00edas terciar\u00edas. Pidi\u00f3 a contratistas no perder un solo peso de los casanare\u00f1os.\u00bb \u2014 \u25b7 Noticias de Casanare : Martha Cifuentes | Casanare\" src=\"https:\/\/marthacifuentes.com\/portada\/2024\/03\/05\/gobernador-zorro-inspecciono-recuperacion-de-vias-terciarias-pidio-a-contratistas-no-perder-un-solo-peso-de-los-casanarenos\/embed\/#?secret=tVP8mZnzvN#?secret=YvxBhUWAjy\" width=\"600\" height=\"649\" frameborder=\"0\" marginwidth=\"0\" marginheight=\"0\" scrolling=\"no\" sandbox=\"allow-scripts\" data-secret=\"YvxBhUWAjy\" data-mce-fragment=\"1\"><\/iframe><\/p>\n<p><iframe loading=\"lazy\" class=\"wp-embedded-content\" title=\"\u00abDespu\u00e9s de 15 a\u00f1os de no invertir en infraestructura educativa MinEducaci\u00f3n cofinanciar\u00e1 dos colegios en Yopal. Uno, el Centro Social y otro en La Bendici\u00f3n.\u00bb \u2014 \u25b7 Noticias de Casanare : Martha Cifuentes | Casanare\" src=\"https:\/\/marthacifuentes.com\/portada\/2024\/03\/05\/despues-de-15-anos-de-no-invertir-en-infraestructura-educativa-mineducacion-cofinanciara-dos-colegios-en-yopal-uno-el-centro-social-y-otro-en-la-bendicion\/embed\/#?secret=OepHGuJjEP#?secret=7IbgQTbsyE\" width=\"600\" height=\"607\" frameborder=\"0\" marginwidth=\"0\" marginheight=\"0\" scrolling=\"no\" sandbox=\"allow-scripts\" data-secret=\"7IbgQTbsyE\" data-mce-fragment=\"1\"><\/iframe><\/p>\n<p><iframe loading=\"lazy\" class=\"wp-embedded-content\" title=\"\u00abDos hombres a la c\u00e1rcel por abusar sexualmente de menores en Casanare. Uno era un profesor de danza.\u00bb \u2014 \u25b7 Noticias de Casanare : Martha Cifuentes | Casanare\" src=\"https:\/\/marthacifuentes.com\/portada\/2024\/03\/04\/dos-hombres-a-la-carcel-por-abusar-sexualmente-de-menores-en-casanare-uno-era-un-profesor-de-danza\/embed\/#?secret=TyFpaxK3Ha#?secret=rG9PCczr2H\" width=\"600\" height=\"621\" frameborder=\"0\" marginwidth=\"0\" marginheight=\"0\" scrolling=\"no\" sandbox=\"allow-scripts\" data-secret=\"rG9PCczr2H\" data-mce-fragment=\"1\"><\/iframe><\/p>\n<p><iframe loading=\"lazy\" class=\"wp-embedded-content\" title=\"\u00abCae tr\u00edo criminal del \u2018Clan del Golfo\u2019 con posible responsabilidad en homicidios de l\u00edderes sociales.\u00bb \u2014 \u25b7 Noticias de Casanare : Martha Cifuentes | Casanare\" src=\"https:\/\/marthacifuentes.com\/portada\/2024\/03\/04\/cae-trio-criminal-del-clan-del-golfo-con-posible-responsabilidad-en-homicidios-de-lideres-sociales\/embed\/#?secret=Siq1ij58Qh#?secret=Y08ckNYteU\" width=\"600\" height=\"621\" frameborder=\"0\" marginwidth=\"0\" marginheight=\"0\" scrolling=\"no\" sandbox=\"allow-scripts\" data-secret=\"Y08ckNYteU\" data-mce-fragment=\"1\"><\/iframe><\/p>\n<p><iframe loading=\"lazy\" class=\"wp-embedded-content\" title=\"\u00abConstrucci\u00f3n de hospital de Trinidad a paso de tortuga mientras que el de Villanueva va a buen ritmo, seg\u00fan Secretar\u00eda de Salud de Casanare.\u00bb \u2014 \u25b7 Noticias de Casanare : Martha Cifuentes | Casanare\" src=\"https:\/\/marthacifuentes.com\/portada\/2024\/03\/04\/construccion-de-hospital-de-trinidad-a-paso-de-tortuga-mientras-que-el-de-villanueva-va-a-buen-ritmo-segun-secretaria-de-salud-de-casanare\/embed\/#?secret=5xt2J8JN1i#?secret=h42uz91UZb\" width=\"600\" height=\"649\" frameborder=\"0\" marginwidth=\"0\" marginheight=\"0\" scrolling=\"no\" sandbox=\"allow-scripts\" data-secret=\"h42uz91UZb\" data-mce-fragment=\"1\"><\/iframe><\/p>\n","protected":false},"excerpt":{"rendered":"<p>Yopal celebra un cambio significativo en contrav\u00eda del maltrato animal: la sustituci\u00f3n de carretas jalonadas por caballos, conocidas popularmente como \u00abzorras\u00bb, por motocarros, marcando el fin de una era para los equinos que llevaban cargas pesadas. Ahora, estos animales tendr\u00e1n la oportunidad de vivir tranquilos y recibir cuidados en un hogar temporal, mientras sus antiguos &hellip;<\/p>\n","protected":false},"author":2,"featured_media":32696,"comment_status":"open","ping_status":"open","sticky":false,"template":"","format":"standard","meta":{"om_disable_all_campaigns":false,"_exactmetrics_skip_tracking":false,"_exactmetrics_sitenote_active":false,"_exactmetrics_sitenote_note":"","_exactmetrics_sitenote_category":0,"_monsterinsights_skip_tracking":false,"_monsterinsights_sitenote_active":false,"_monsterinsights_sitenote_note":"","_monsterinsights_sitenote_category":0,"_uf_show_specific_survey":0,"_uf_disable_surveys":false,"_joinchat":[],"footnotes":""},"categories":[147,146,145],"tags":[9591,9590,1421,1376],"class_list":["post-32695","post","type-post","status-publish","format-standard","has-post-thumbnail","hentry","category-actualidad","category-noticias","category-reportajes","tag-alcaldia-de-yopal-cambio-de-carretas-o-carrozas-por-motocarros","tag-caballos-por-motocarros-en-yopal","tag-noticias-yopal","tag-yopal-noticias"],"yoast_head":"<!-- This site is optimized with the Yoast SEO plugin v26.1 - https:\/\/yoast.com\/wordpress\/plugins\/seo\/ -->\n<title>A Yopal lleg\u00f3 descanso para los caballos de carga. Ahora motocarros ser\u00e1n la nueva fuerza para sus propietarios. - \u25b7 Noticias de Casanare : Martha Cifuentes | Casanare<\/title>\n<meta name=\"robots\" content=\"index, follow, max-snippet:-1, max-image-preview:large, max-video-preview:-1\" \/>\n<link rel=\"canonical\" href=\"https:\/\/marthacifuentes.com\/portada\/a-yopal-llego-descanso-para-los-caballos-de-carga-ahora-motocarros-seran-la-nueva-fuerza-para-sus-propietarios\/\" \/>\n<meta property=\"og:locale\" content=\"es_ES\" \/>\n<meta property=\"og:type\" content=\"article\" \/>\n<meta property=\"og:title\" content=\"A Yopal lleg\u00f3 descanso para los caballos de carga. Ahora motocarros ser\u00e1n la nueva fuerza para sus propietarios. - \u25b7 Noticias de Casanare : Martha Cifuentes | Casanare\" \/>\n<meta property=\"og:description\" content=\"Yopal celebra un cambio significativo en contrav\u00eda del maltrato animal: la sustituci\u00f3n de carretas jalonadas por caballos, conocidas popularmente como \u00abzorras\u00bb, por motocarros, marcando el fin de una era para los equinos que llevaban cargas pesadas. Ahora, estos animales tendr\u00e1n la oportunidad de vivir tranquilos y recibir cuidados en un hogar temporal, mientras sus antiguos &hellip;\" \/>\n<meta property=\"og:url\" content=\"https:\/\/marthacifuentes.com\/portada\/a-yopal-llego-descanso-para-los-caballos-de-carga-ahora-motocarros-seran-la-nueva-fuerza-para-sus-propietarios\/\" \/>\n<meta property=\"og:site_name\" content=\"\u25b7 Noticias de Casanare : Martha Cifuentes | Casanare\" \/>\n<meta property=\"article:published_time\" content=\"2024-03-19T14:02:46+00:00\" \/>\n<meta property=\"og:image\" content=\"https:\/\/marthacifuentes.com\/portada\/wp-content\/uploads\/2024\/03\/motocarros-por-caballos-scaled.jpg\" \/>\n\t<meta property=\"og:image:width\" content=\"2560\" \/>\n\t<meta property=\"og:image:height\" content=\"1545\" \/>\n\t<meta property=\"og:image:type\" content=\"image\/jpeg\" \/>\n<meta name=\"author\" content=\"Martha Cifuentes\" \/>\n<meta name=\"twitter:card\" content=\"summary_large_image\" \/>\n<meta name=\"twitter:label1\" content=\"Escrito por\" \/>\n\t<meta name=\"twitter:data1\" content=\"Martha Cifuentes\" \/>\n\t<meta name=\"twitter:label2\" content=\"Tiempo de lectura\" \/>\n\t<meta name=\"twitter:data2\" content=\"1 minuto\" \/>\n<script type=\"application\/ld+json\" class=\"yoast-schema-graph\">{\"@context\":\"https:\/\/schema.org\",\"@graph\":[{\"@type\":\"WebPage\",\"@id\":\"https:\/\/marthacifuentes.com\/portada\/a-yopal-llego-descanso-para-los-caballos-de-carga-ahora-motocarros-seran-la-nueva-fuerza-para-sus-propietarios\/\",\"url\":\"https:\/\/marthacifuentes.com\/portada\/a-yopal-llego-descanso-para-los-caballos-de-carga-ahora-motocarros-seran-la-nueva-fuerza-para-sus-propietarios\/\",\"name\":\"A Yopal lleg\u00f3 descanso para los caballos de carga. Ahora motocarros ser\u00e1n la nueva fuerza para sus propietarios. - \u25b7 Noticias de Casanare : Martha Cifuentes | Casanare\",\"isPartOf\":{\"@id\":\"https:\/\/marthacifuentes.com\/portada\/#website\"},\"primaryImageOfPage\":{\"@id\":\"https:\/\/marthacifuentes.com\/portada\/a-yopal-llego-descanso-para-los-caballos-de-carga-ahora-motocarros-seran-la-nueva-fuerza-para-sus-propietarios\/#primaryimage\"},\"image\":{\"@id\":\"https:\/\/marthacifuentes.com\/portada\/a-yopal-llego-descanso-para-los-caballos-de-carga-ahora-motocarros-seran-la-nueva-fuerza-para-sus-propietarios\/#primaryimage\"},\"thumbnailUrl\":\"https:\/\/marthacifuentes.com\/portada\/wp-content\/uploads\/2024\/03\/motocarros-por-caballos-scaled.jpg\",\"datePublished\":\"2024-03-19T14:02:46+00:00\",\"author\":{\"@id\":\"https:\/\/marthacifuentes.com\/portada\/#\/schema\/person\/57f53174b991db5f90ff78d58502b714\"},\"breadcrumb\":{\"@id\":\"https:\/\/marthacifuentes.com\/portada\/a-yopal-llego-descanso-para-los-caballos-de-carga-ahora-motocarros-seran-la-nueva-fuerza-para-sus-propietarios\/#breadcrumb\"},\"inLanguage\":\"es\",\"potentialAction\":[{\"@type\":\"ReadAction\",\"target\":[\"https:\/\/marthacifuentes.com\/portada\/a-yopal-llego-descanso-para-los-caballos-de-carga-ahora-motocarros-seran-la-nueva-fuerza-para-sus-propietarios\/\"]}]},{\"@type\":\"ImageObject\",\"inLanguage\":\"es\",\"@id\":\"https:\/\/marthacifuentes.com\/portada\/a-yopal-llego-descanso-para-los-caballos-de-carga-ahora-motocarros-seran-la-nueva-fuerza-para-sus-propietarios\/#primaryimage\",\"url\":\"https:\/\/marthacifuentes.com\/portada\/wp-content\/uploads\/2024\/03\/motocarros-por-caballos-scaled.jpg\",\"contentUrl\":\"https:\/\/marthacifuentes.com\/portada\/wp-content\/uploads\/2024\/03\/motocarros-por-caballos-scaled.jpg\",\"width\":2560,\"height\":1545},{\"@type\":\"BreadcrumbList\",\"@id\":\"https:\/\/marthacifuentes.com\/portada\/a-yopal-llego-descanso-para-los-caballos-de-carga-ahora-motocarros-seran-la-nueva-fuerza-para-sus-propietarios\/#breadcrumb\",\"itemListElement\":[{\"@type\":\"ListItem\",\"position\":1,\"name\":\"Portada\",\"item\":\"https:\/\/marthacifuentes.com\/portada\/\"},{\"@type\":\"ListItem\",\"position\":2,\"name\":\"A Yopal lleg\u00f3 descanso para los caballos de carga. Ahora motocarros ser\u00e1n la nueva fuerza para sus propietarios.\"}]},{\"@type\":\"WebSite\",\"@id\":\"https:\/\/marthacifuentes.com\/portada\/#website\",\"url\":\"https:\/\/marthacifuentes.com\/portada\/\",\"name\":\"\u25b7 Noticias de Casanare : Martha Cifuentes | Casanare\",\"description\":\"Noticias &amp; Contenidos\",\"potentialAction\":[{\"@type\":\"SearchAction\",\"target\":{\"@type\":\"EntryPoint\",\"urlTemplate\":\"https:\/\/marthacifuentes.com\/portada\/?s={search_term_string}\"},\"query-input\":{\"@type\":\"PropertyValueSpecification\",\"valueRequired\":true,\"valueName\":\"search_term_string\"}}],\"inLanguage\":\"es\"},{\"@type\":\"Person\",\"@id\":\"https:\/\/marthacifuentes.com\/portada\/#\/schema\/person\/57f53174b991db5f90ff78d58502b714\",\"name\":\"Martha Cifuentes\",\"image\":{\"@type\":\"ImageObject\",\"inLanguage\":\"es\",\"@id\":\"https:\/\/marthacifuentes.com\/portada\/#\/schema\/person\/image\/\",\"url\":\"http:\/\/marthacifuentes.com\/portada\/wp-content\/uploads\/2018\/06\/avatar_user_2_1528838701-96x96.jpg\",\"contentUrl\":\"http:\/\/marthacifuentes.com\/portada\/wp-content\/uploads\/2018\/06\/avatar_user_2_1528838701-96x96.jpg\",\"caption\":\"Martha Cifuentes\"},\"sameAs\":[\"http:\/\/www.marthacifuentes.com\"],\"url\":\"https:\/\/marthacifuentes.com\/portada\/author\/martha\/\"}]}<\/script>\n<!-- \/ Yoast SEO plugin. -->","yoast_head_json":{"title":"A Yopal lleg\u00f3 descanso para los caballos de carga. Ahora motocarros ser\u00e1n la nueva fuerza para sus propietarios. - \u25b7 Noticias de Casanare : Martha Cifuentes | Casanare","robots":{"index":"index","follow":"follow","max-snippet":"max-snippet:-1","max-image-preview":"max-image-preview:large","max-video-preview":"max-video-preview:-1"},"canonical":"https:\/\/marthacifuentes.com\/portada\/a-yopal-llego-descanso-para-los-caballos-de-carga-ahora-motocarros-seran-la-nueva-fuerza-para-sus-propietarios\/","og_locale":"es_ES","og_type":"article","og_title":"A Yopal lleg\u00f3 descanso para los caballos de carga. Ahora motocarros ser\u00e1n la nueva fuerza para sus propietarios. - \u25b7 Noticias de Casanare : Martha Cifuentes | Casanare","og_description":"Yopal celebra un cambio significativo en contrav\u00eda del maltrato animal: la sustituci\u00f3n de carretas jalonadas por caballos, conocidas popularmente como \u00abzorras\u00bb, por motocarros, marcando el fin de una era para los equinos que llevaban cargas pesadas. Ahora, estos animales tendr\u00e1n la oportunidad de vivir tranquilos y recibir cuidados en un hogar temporal, mientras sus antiguos &hellip;","og_url":"https:\/\/marthacifuentes.com\/portada\/a-yopal-llego-descanso-para-los-caballos-de-carga-ahora-motocarros-seran-la-nueva-fuerza-para-sus-propietarios\/","og_site_name":"\u25b7 Noticias de Casanare : Martha Cifuentes | Casanare","article_published_time":"2024-03-19T14:02:46+00:00","og_image":[{"width":2560,"height":1545,"url":"https:\/\/marthacifuentes.com\/portada\/wp-content\/uploads\/2024\/03\/motocarros-por-caballos-scaled.jpg","type":"image\/jpeg"}],"author":"Martha Cifuentes","twitter_card":"summary_large_image","twitter_misc":{"Escrito por":"Martha Cifuentes","Tiempo de lectura":"1 minuto"},"schema":{"@context":"https:\/\/schema.org","@graph":[{"@type":"WebPage","@id":"https:\/\/marthacifuentes.com\/portada\/a-yopal-llego-descanso-para-los-caballos-de-carga-ahora-motocarros-seran-la-nueva-fuerza-para-sus-propietarios\/","url":"https:\/\/marthacifuentes.com\/portada\/a-yopal-llego-descanso-para-los-caballos-de-carga-ahora-motocarros-seran-la-nueva-fuerza-para-sus-propietarios\/","name":"A Yopal lleg\u00f3 descanso para los caballos de carga. Ahora motocarros ser\u00e1n la nueva fuerza para sus propietarios. - \u25b7 Noticias de Casanare : Martha Cifuentes | Casanare","isPartOf":{"@id":"https:\/\/marthacifuentes.com\/portada\/#website"},"primaryImageOfPage":{"@id":"https:\/\/marthacifuentes.com\/portada\/a-yopal-llego-descanso-para-los-caballos-de-carga-ahora-motocarros-seran-la-nueva-fuerza-para-sus-propietarios\/#primaryimage"},"image":{"@id":"https:\/\/marthacifuentes.com\/portada\/a-yopal-llego-descanso-para-los-caballos-de-carga-ahora-motocarros-seran-la-nueva-fuerza-para-sus-propietarios\/#primaryimage"},"thumbnailUrl":"https:\/\/marthacifuentes.com\/portada\/wp-content\/uploads\/2024\/03\/motocarros-por-caballos-scaled.jpg","datePublished":"2024-03-19T14:02:46+00:00","author":{"@id":"https:\/\/marthacifuentes.com\/portada\/#\/schema\/person\/57f53174b991db5f90ff78d58502b714"},"breadcrumb":{"@id":"https:\/\/marthacifuentes.com\/portada\/a-yopal-llego-descanso-para-los-caballos-de-carga-ahora-motocarros-seran-la-nueva-fuerza-para-sus-propietarios\/#breadcrumb"},"inLanguage":"es","potentialAction":[{"@type":"ReadAction","target":["https:\/\/marthacifuentes.com\/portada\/a-yopal-llego-descanso-para-los-caballos-de-carga-ahora-motocarros-seran-la-nueva-fuerza-para-sus-propietarios\/"]}]},{"@type":"ImageObject","inLanguage":"es","@id":"https:\/\/marthacifuentes.com\/portada\/a-yopal-llego-descanso-para-los-caballos-de-carga-ahora-motocarros-seran-la-nueva-fuerza-para-sus-propietarios\/#primaryimage","url":"https:\/\/marthacifuentes.com\/portada\/wp-content\/uploads\/2024\/03\/motocarros-por-caballos-scaled.jpg","contentUrl":"https:\/\/marthacifuentes.com\/portada\/wp-content\/uploads\/2024\/03\/motocarros-por-caballos-scaled.jpg","width":2560,"height":1545},{"@type":"BreadcrumbList","@id":"https:\/\/marthacifuentes.com\/portada\/a-yopal-llego-descanso-para-los-caballos-de-carga-ahora-motocarros-seran-la-nueva-fuerza-para-sus-propietarios\/#breadcrumb","itemListElement":[{"@type":"ListItem","position":1,"name":"Portada","item":"https:\/\/marthacifuentes.com\/portada\/"},{"@type":"ListItem","position":2,"name":"A Yopal lleg\u00f3 descanso para los caballos de carga. Ahora motocarros ser\u00e1n la nueva fuerza para sus propietarios."}]},{"@type":"WebSite","@id":"https:\/\/marthacifuentes.com\/portada\/#website","url":"https:\/\/marthacifuentes.com\/portada\/","name":"\u25b7 Noticias de Casanare : Martha Cifuentes | Casanare","description":"Noticias &amp; Contenidos","potentialAction":[{"@type":"SearchAction","target":{"@type":"EntryPoint","urlTemplate":"https:\/\/marthacifuentes.com\/portada\/?s={search_term_string}"},"query-input":{"@type":"PropertyValueSpecification","valueRequired":true,"valueName":"search_term_string"}}],"inLanguage":"es"},{"@type":"Person","@id":"https:\/\/marthacifuentes.com\/portada\/#\/schema\/person\/57f53174b991db5f90ff78d58502b714","name":"Martha Cifuentes","image":{"@type":"ImageObject","inLanguage":"es","@id":"https:\/\/marthacifuentes.com\/portada\/#\/schema\/person\/image\/","url":"http:\/\/marthacifuentes.com\/portada\/wp-content\/uploads\/2018\/06\/avatar_user_2_1528838701-96x96.jpg","contentUrl":"http:\/\/marthacifuentes.com\/portada\/wp-content\/uploads\/2018\/06\/avatar_user_2_1528838701-96x96.jpg","caption":"Martha Cifuentes"},"sameAs":["http:\/\/www.marthacifuentes.com"],"url":"https:\/\/marthacifuentes.com\/portada\/author\/martha\/"}]}},"_links":{"self":[{"href":"https:\/\/marthacifuentes.com\/portada\/wp-json\/wp\/v2\/posts\/32695","targetHints":{"allow":["GET"]}}],"collection":[{"href":"https:\/\/marthacifuentes.com\/portada\/wp-json\/wp\/v2\/posts"}],"about":[{"href":"https:\/\/marthacifuentes.com\/portada\/wp-json\/wp\/v2\/types\/post"}],"author":[{"embeddable":true,"href":"https:\/\/marthacifuentes.com\/portada\/wp-json\/wp\/v2\/users\/2"}],"replies":[{"embeddable":true,"href":"https:\/\/marthacifuentes.com\/portada\/wp-json\/wp\/v2\/comments?post=32695"}],"version-history":[{"count":1,"href":"https:\/\/marthacifuentes.com\/portada\/wp-json\/wp\/v2\/posts\/32695\/revisions"}],"predecessor-version":[{"id":32697,"href":"https:\/\/marthacifuentes.com\/portada\/wp-json\/wp\/v2\/posts\/32695\/revisions\/32697"}],"wp:featuredmedia":[{"embeddable":true,"href":"https:\/\/marthacifuentes.com\/portada\/wp-json\/wp\/v2\/media\/32696"}],"wp:attachment":[{"href":"https:\/\/marthacifuentes.com\/portada\/wp-json\/wp\/v2\/media?parent=32695"}],"wp:term":[{"taxonomy":"category","embeddable":true,"href":"https:\/\/marthacifuentes.com\/portada\/wp-json\/wp\/v2\/categories?post=32695"},{"taxonomy":"post_tag","embeddable":true,"href":"https:\/\/marthacifuentes.com\/portada\/wp-json\/wp\/v2\/tags?post=32695"}],"curies":[{"name":"wp","href":"https:\/\/api.w.org\/{rel}","templated":true}]}}