{"id":32805,"date":"2024-04-04T07:04:39","date_gmt":"2024-04-04T12:04:39","guid":{"rendered":"https:\/\/marthacifuentes.com\/portada\/?p=32805"},"modified":"2024-04-04T07:04:39","modified_gmt":"2024-04-04T12:04:39","slug":"ifc-relanzo-escuela-de-negocios-ante-estudiantes-del-colegio-de-llano-lindo-en-yopal-promovio-creditos-escolares","status":"publish","type":"post","link":"https:\/\/marthacifuentes.com\/portada\/ifc-relanzo-escuela-de-negocios-ante-estudiantes-del-colegio-de-llano-lindo-en-yopal-promovio-creditos-escolares\/","title":{"rendered":"IFC relanz\u00f3 Escuela de Negocios ante estudiantes del colegio de Llano Lindo en Yopal. Promovi\u00f3 cr\u00e9ditos escolares."},"content":{"rendered":"<p>Con un taller vocacional en la Instituci\u00f3n Educativa T\u00e9cnica Empresarial Llano Lindo de Yopal &#8211; ITELL, el Instituto Financiero de Casanare \u2013 IFC, hizo el relanzamiento de la Escuela de Negocios, con el acompa\u00f1amiento de la Referencia Departamental de Juventudes, en cabeza de Luisa Fernanda Uribe.<\/p>\n<p>Los estudiantes de grado once de la instituci\u00f3n, conocieron de primera mano los cursos, talleres y diplomados que ofrece la Escuela de Negocios, tendientes al fortalecimiento de sus conocimientos y habilidades gerenciales de liderazgo, gesti\u00f3n empresarial y competitividad.<\/p>\n<p>\u201cLa actividad que desarrollamos con 127 estudiantes de \u00faltimo grado, se enfoc\u00f3 en identificar sus proyectos de vida y metas trazadas para conseguir sus objetivos\u201d, dijo Betsy Munar Santos, profesional de apoyo del IFC.<\/p>\n<p>En el marco de la actividad profesionales de cr\u00e9dito del IFC dieron a conocer a los estudiantes la oferta de servicios de cr\u00e9dito educativo que ofrece el Fondo de Educaci\u00f3n Superior del Departamento de Casanare FESCA y las facilidades y requisitos para acceder a nuevos cr\u00e9ditos en el Departamento.<\/p>\n<p>\u201cLa Escuela de Negocios brinda la capacitaci\u00f3n a los usuarios de cr\u00e9ditos nuevos, ya sean l\u00ednea comercial, de fomento o educativo que ofrece el IFC, con el fin de orientar la correcta inversi\u00f3n de los recursos e implementaci\u00f3n de mecanismos contables y financieros, generar cultura de ahorro y buenos h\u00e1bitos de pago, dicha capacitaci\u00f3n se da antes de recibir el desembolso\u201d, dijo Jos\u00e9 Antonio Naranjo Morales, jefe de la Oficina Asesora de Planeaci\u00f3n\u00a0del\u00a0IFC.<\/p>\n<h2><span style=\"color: #ff6600;\">Otras noticias&#8230;<\/span><\/h2>\n<blockquote class=\"wp-embedded-content\" data-secret=\"BpYjL7Clmh\"><p><a href=\"https:\/\/marthacifuentes.com\/portada\/2024\/04\/04\/abogados-de-la-orinoquia-exigieron-sanciones-y-justicia-por-la-agresion-policial-contra-defensor-lenin-bustos\/\">Abogados de la Orinoquia exigieron sanciones y justicia por la agresi\u00f3n policial contra defensor Lenin Bustos.<\/a><\/p><\/blockquote>\n<p><iframe loading=\"lazy\" class=\"wp-embedded-content\" sandbox=\"allow-scripts\" security=\"restricted\" style=\"position: absolute; clip: rect(1px, 1px, 1px, 1px);\" title=\"\u00abAbogados de la Orinoquia exigieron sanciones y justicia por la agresi\u00f3n policial contra defensor Lenin Bustos.\u00bb \u2014 \u25b7 Noticias de Casanare : Martha Cifuentes | Casanare\" src=\"https:\/\/marthacifuentes.com\/portada\/2024\/04\/04\/abogados-de-la-orinoquia-exigieron-sanciones-y-justicia-por-la-agresion-policial-contra-defensor-lenin-bustos\/embed\/#?secret=qXqjT7PDq3#?secret=BpYjL7Clmh\" data-secret=\"BpYjL7Clmh\" width=\"500\" height=\"282\" frameborder=\"0\" marginwidth=\"0\" marginheight=\"0\" scrolling=\"no\"><\/iframe><\/p>\n<p><iframe loading=\"lazy\" class=\"wp-embedded-content\" title=\"\u00abSe posesionaron nuevos corregidores en Yopal. Se les pidi\u00f3 ser un enlace con la comunidad.\u00bb \u2014 \u25b7 Noticias de Casanare : Martha Cifuentes | Casanare\" src=\"https:\/\/marthacifuentes.com\/portada\/2024\/04\/04\/se-posesionaron-nuevos-corregidores-en-yopal-se-les-pidio-ser-un-enlace-con-la-comunidad\/embed\/#?secret=moZZe9E0QD#?secret=pWsAd4Npqm\" width=\"600\" height=\"620\" frameborder=\"0\" marginwidth=\"0\" marginheight=\"0\" scrolling=\"no\" sandbox=\"allow-scripts\" data-secret=\"pWsAd4Npqm\" data-mce-fragment=\"1\"><\/iframe><\/p>\n<p><iframe loading=\"lazy\" class=\"wp-embedded-content\" title=\"\u00abLa casanare\u00f1a Sonia Bernal llega al Senado a reforzar bancada del Pacto Hist\u00f3rico\u00bb \u2014 \u25b7 Noticias de Casanare : Martha Cifuentes | Casanare\" src=\"https:\/\/marthacifuentes.com\/portada\/2024\/04\/03\/la-casanarena-sonia-bernal-llega-al-senado-a-reforzar-bancada-del-pacto-historico\/embed\/#?secret=yMtM3yuiML#?secret=oSBomt7RYh\" width=\"600\" height=\"621\" frameborder=\"0\" marginwidth=\"0\" marginheight=\"0\" scrolling=\"no\" sandbox=\"allow-scripts\" data-secret=\"oSBomt7RYh\" data-mce-fragment=\"1\"><\/iframe><\/p>\n<p><iframe loading=\"lazy\" class=\"wp-embedded-content\" title=\"\u00abSanitas intervenida por la Supersalud. Pese a parte de tranquilidad de esta, 5.7 millones de afiliados est\u00e1n en alerta.\u00bb \u2014 \u25b7 Noticias de Casanare : Martha Cifuentes | Casanare\" src=\"https:\/\/marthacifuentes.com\/portada\/2024\/04\/03\/sanitas-intervenida-por-la-supersalud-pese-a-parte-de-tranquilidad-de-esta-5-7-millones-de-afiliados-estan-en-alerta\/embed\/#?secret=w1wJ5ZBqJy#?secret=3akltSlq2u\" width=\"600\" height=\"649\" frameborder=\"0\" marginwidth=\"0\" marginheight=\"0\" scrolling=\"no\" sandbox=\"allow-scripts\" data-secret=\"3akltSlq2u\" data-mce-fragment=\"1\"><\/iframe><\/p>\n<p><iframe loading=\"lazy\" class=\"wp-embedded-content\" title=\"\u00abA pesar de fuerte sismo no se reportaron da\u00f1os de trascendencia en Yopal: Oficina de Gesti\u00f3n del Riesgo\u00bb \u2014 \u25b7 Noticias de Casanare : Martha Cifuentes | Casanare\" src=\"https:\/\/marthacifuentes.com\/portada\/2024\/04\/03\/a-pesar-de-fuerte-sismo-no-se-reportaron-danos-de-trascendencia-en-yopal-oficina-de-gestion-del-riesgo\/embed\/#?secret=wqjuR7MsFq#?secret=1GKxM9v2Wv\" width=\"600\" height=\"600\" frameborder=\"0\" marginwidth=\"0\" marginheight=\"0\" scrolling=\"no\" sandbox=\"allow-scripts\" data-secret=\"1GKxM9v2Wv\" data-mce-fragment=\"1\"><\/iframe><\/p>\n<p><iframe loading=\"lazy\" class=\"wp-embedded-content\" title=\"\u00abPliego de cargos contra exalcalde de Hato Corozal por no ejecutar recursos para ind\u00edgenas\u00bb \u2014 \u25b7 Noticias de Casanare : Martha Cifuentes | Casanare\" src=\"https:\/\/marthacifuentes.com\/portada\/2024\/04\/02\/pliego-de-cargos-contra-exalcalde-de-hato-corozal-por-no-ejecutar-recursos-para-indigenas\/embed\/#?secret=5etqwADsdX#?secret=piuhENhiKH\" width=\"600\" height=\"620\" frameborder=\"0\" marginwidth=\"0\" marginheight=\"0\" scrolling=\"no\" sandbox=\"allow-scripts\" data-secret=\"piuhENhiKH\" data-mce-fragment=\"1\"><\/iframe><\/p>\n<p><iframe loading=\"lazy\" class=\"wp-embedded-content\" title=\"\u00abSonia Bernal: De frente contra la trata de personas\u00bb \u2014 \u25b7 Noticias de Casanare : Martha Cifuentes | Casanare\" src=\"https:\/\/marthacifuentes.com\/portada\/2024\/04\/02\/sonia-bernal-de-frente-contra-la-trata-de-personas\/embed\/#?secret=AMfRXtkdpF#?secret=eJzs9xi4Zn\" width=\"600\" height=\"592\" frameborder=\"0\" marginwidth=\"0\" marginheight=\"0\" scrolling=\"no\" sandbox=\"allow-scripts\" data-secret=\"eJzs9xi4Zn\" data-mce-fragment=\"1\"><\/iframe><\/p>\n<p><iframe loading=\"lazy\" class=\"wp-embedded-content\" title=\"\u00abExsecretaria de Salud de Casanare cuestion\u00f3 proceso de nombramiento de gerentes del Horo y Red Salud\u00bb \u2014 \u25b7 Noticias de Casanare : Martha Cifuentes | Casanare\" src=\"https:\/\/marthacifuentes.com\/portada\/2024\/04\/02\/exsecretaria-de-salud-de-casanare-cuestiono-proceso-de-nombramiento-de-gerentes-del-horo-y-red-salud\/embed\/#?secret=g2xM4qbeKP#?secret=XvHBmfcsQm\" width=\"600\" height=\"608\" frameborder=\"0\" marginwidth=\"0\" marginheight=\"0\" scrolling=\"no\" sandbox=\"allow-scripts\" data-secret=\"XvHBmfcsQm\" data-mce-fragment=\"1\"><\/iframe><\/p>\n<p><iframe loading=\"lazy\" class=\"wp-embedded-content\" title=\"\u00abA la c\u00e1rcel profesor, presunto ped\u00f3filo, en Paz de Ariporo: Es acusado de abusar de tres menores de 10 a\u00f1os.\u00bb \u2014 \u25b7 Noticias de Casanare : Martha Cifuentes | Casanare\" src=\"https:\/\/marthacifuentes.com\/portada\/2024\/04\/01\/a-la-carcel-profesor-presunto-pedofilo-en-paz-de-ariporo-es-acusado-de-abusar-de-tres-menores-de-10-anos\/embed\/#?secret=yCstPEsEQC#?secret=foann5AQsG\" width=\"600\" height=\"649\" frameborder=\"0\" marginwidth=\"0\" marginheight=\"0\" scrolling=\"no\" sandbox=\"allow-scripts\" data-secret=\"foann5AQsG\" data-mce-fragment=\"1\"><\/iframe><\/p>\n<p><iframe loading=\"lazy\" class=\"wp-embedded-content\" title=\"\u00abEl enfermero jefe y abogado Jhon Paulino Rojas es el nuevo gerente de la Ese Salud Yopal\u00bb \u2014 \u25b7 Noticias de Casanare : Martha Cifuentes | Casanare\" src=\"https:\/\/marthacifuentes.com\/portada\/2024\/04\/01\/el-enfermero-jefe-y-abogado-jhon-paulino-rojas-es-el-nuevo-gerente-de-la-ese-salud-yopal\/embed\/#?secret=2LKz9Ny2Hw#?secret=5DKuNkTOnx\" width=\"600\" height=\"600\" frameborder=\"0\" marginwidth=\"0\" marginheight=\"0\" scrolling=\"no\" sandbox=\"allow-scripts\" data-secret=\"5DKuNkTOnx\" data-mce-fragment=\"1\"><\/iframe><\/p>\n<p><iframe loading=\"lazy\" class=\"wp-embedded-content\" title=\"\u00abUna trinite\u00f1a y una pore\u00f1a, nuevas gerentes de Horo y Red Salud Casanare, respectivamente.\u00bb \u2014 \u25b7 Noticias de Casanare : Martha Cifuentes | Casanare\" src=\"https:\/\/marthacifuentes.com\/portada\/2024\/04\/01\/una-trinitena-y-una-porena-nuevas-gerentes-de-horo-y-red-salud-casanare-respectivamente\/embed\/#?secret=QswIER2FYB#?secret=zG7NMUzIpD\" width=\"600\" height=\"621\" frameborder=\"0\" marginwidth=\"0\" marginheight=\"0\" scrolling=\"no\" sandbox=\"allow-scripts\" data-secret=\"zG7NMUzIpD\" data-mce-fragment=\"1\"><\/iframe><\/p>\n<p><iframe loading=\"lazy\" class=\"wp-embedded-content\" title=\"\u00abTragedia cl\u00ednica en Casanare: Fallece mujer por complicaciones post-ces\u00e1rea\u00bb \u2014 \u25b7 Noticias de Casanare : Martha Cifuentes | Casanare\" src=\"https:\/\/marthacifuentes.com\/portada\/2024\/04\/01\/tragedia-clinica-en-casanare-fallece-mujer-por-complicaciones-post-cesarea\/embed\/#?secret=3lLPyc4g46#?secret=Crow3RcyHG\" width=\"600\" height=\"621\" frameborder=\"0\" marginwidth=\"0\" marginheight=\"0\" scrolling=\"no\" sandbox=\"allow-scripts\" data-secret=\"Crow3RcyHG\" data-mce-fragment=\"1\"><\/iframe><\/p>\n<p><iframe loading=\"lazy\" class=\"wp-embedded-content\" title=\"\u00abHomicidio en Recetor. Un hombre de 30 a\u00f1os fue baleado.\u00bb \u2014 \u25b7 Noticias de Casanare : Martha Cifuentes | Casanare\" src=\"https:\/\/marthacifuentes.com\/portada\/2024\/04\/01\/homicidio-en-recetor-un-hombre-de-30-anos-fue-baleado\/embed\/#?secret=o0IfEd4hSd#?secret=pWCyqZE02l\" width=\"600\" height=\"621\" frameborder=\"0\" marginwidth=\"0\" marginheight=\"0\" scrolling=\"no\" sandbox=\"allow-scripts\" data-secret=\"pWCyqZE02l\" data-mce-fragment=\"1\"><\/iframe><\/p>\n<p><iframe loading=\"lazy\" class=\"wp-embedded-content\" title=\"\u00abTiembla en Casanare. Tres sismos de baja intensidad fueron reportados en un solo d\u00eda.\u00bb \u2014 \u25b7 Noticias de Casanare : Martha Cifuentes | Casanare\" src=\"https:\/\/marthacifuentes.com\/portada\/2024\/04\/01\/tiembla-en-casanare-tres-sismos-de-baja-intensidad-fueron-reportados-en-un-solo-dia\/embed\/#?secret=6sei8IWc9B#?secret=basHHxzIfi\" width=\"600\" height=\"600\" frameborder=\"0\" marginwidth=\"0\" marginheight=\"0\" scrolling=\"no\" sandbox=\"allow-scripts\" data-secret=\"basHHxzIfi\" data-mce-fragment=\"1\"><\/iframe><\/p>\n<p><iframe loading=\"lazy\" class=\"wp-embedded-content\" title=\"\u00abYopal se llena de basuras en sus calles. L\u00edo en el relleno sanitario genera demoras en las rutas de recolecci\u00f3n.\u00bb \u2014 \u25b7 Noticias de Casanare : Martha Cifuentes | Casanare\" src=\"https:\/\/marthacifuentes.com\/portada\/2024\/03\/21\/yopal-se-llena-de-basuras-en-sus-calles-lio-en-el-relleno-sanitario-genera-demoras-en-las-rutas-de-recoleccion\/embed\/#?secret=O8fd1URFeJ#?secret=glceAUywv1\" width=\"600\" height=\"593\" frameborder=\"0\" marginwidth=\"0\" marginheight=\"0\" scrolling=\"no\" sandbox=\"allow-scripts\" data-secret=\"glceAUywv1\" data-mce-fragment=\"1\"><\/iframe><\/p>\n<p><iframe loading=\"lazy\" class=\"wp-embedded-content\" title=\"\u00abPAE de Casanare: En la mira de la comunidad y los pol\u00edticos. C\u00f3mo va, cumplido un mes de haber sido contratado.\u00bb \u2014 \u25b7 Noticias de Casanare : Martha Cifuentes | Casanare\" src=\"https:\/\/marthacifuentes.com\/portada\/2024\/03\/21\/pae-de-casanare-en-la-mira-de-la-comunidad-y-los-politicos-como-va-cumplido-un-mes-de-haber-sido-contratado\/embed\/#?secret=RMpnzJdZsJ#?secret=TvkkMqnOIo\" width=\"600\" height=\"628\" frameborder=\"0\" marginwidth=\"0\" marginheight=\"0\" scrolling=\"no\" sandbox=\"allow-scripts\" data-secret=\"TvkkMqnOIo\" data-mce-fragment=\"1\"><\/iframe><\/p>\n","protected":false},"excerpt":{"rendered":"<p>Con un taller vocacional en la Instituci\u00f3n Educativa T\u00e9cnica Empresarial Llano Lindo de Yopal &#8211; ITELL, el Instituto Financiero de Casanare \u2013 IFC, hizo el relanzamiento de la Escuela de Negocios, con el acompa\u00f1amiento de la Referencia Departamental de Juventudes, en cabeza de Luisa Fernanda Uribe. Los estudiantes de grado once de la instituci\u00f3n, conocieron &hellip;<\/p>\n","protected":false},"author":2,"featured_media":32806,"comment_status":"open","ping_status":"open","sticky":false,"template":"","format":"standard","meta":{"om_disable_all_campaigns":false,"_exactmetrics_skip_tracking":false,"_exactmetrics_sitenote_active":false,"_exactmetrics_sitenote_note":"","_exactmetrics_sitenote_category":0,"_monsterinsights_skip_tracking":false,"_monsterinsights_sitenote_active":false,"_monsterinsights_sitenote_note":"","_monsterinsights_sitenote_category":0,"_uf_show_specific_survey":0,"_uf_disable_surveys":false,"_joinchat":[],"footnotes":""},"categories":[147,146,145],"tags":[1373,9649,9647,9648,1376],"class_list":["post-32805","post","type-post","status-publish","format-standard","has-post-thumbnail","hentry","category-actualidad","category-noticias","category-reportajes","tag-casanare-noticias","tag-colegio-llano-lindo","tag-ifc-llano-lindo","tag-instituto-financiero-de-casanare-fesca-escuela-de-negocios","tag-yopal-noticias"],"yoast_head":"<!-- This site is optimized with the Yoast SEO plugin v26.1 - https:\/\/yoast.com\/wordpress\/plugins\/seo\/ -->\n<title>IFC relanz\u00f3 Escuela de Negocios ante estudiantes del colegio de Llano Lindo en Yopal. Promovi\u00f3 cr\u00e9ditos escolares. - \u25b7 Noticias de Casanare : Martha Cifuentes | Casanare<\/title>\n<meta name=\"robots\" content=\"index, follow, max-snippet:-1, max-image-preview:large, max-video-preview:-1\" \/>\n<link rel=\"canonical\" href=\"https:\/\/marthacifuentes.com\/portada\/ifc-relanzo-escuela-de-negocios-ante-estudiantes-del-colegio-de-llano-lindo-en-yopal-promovio-creditos-escolares\/\" \/>\n<meta property=\"og:locale\" content=\"es_ES\" \/>\n<meta property=\"og:type\" content=\"article\" \/>\n<meta property=\"og:title\" content=\"IFC relanz\u00f3 Escuela de Negocios ante estudiantes del colegio de Llano Lindo en Yopal. Promovi\u00f3 cr\u00e9ditos escolares. - \u25b7 Noticias de Casanare : Martha Cifuentes | Casanare\" \/>\n<meta property=\"og:description\" content=\"Con un taller vocacional en la Instituci\u00f3n Educativa T\u00e9cnica Empresarial Llano Lindo de Yopal &#8211; ITELL, el Instituto Financiero de Casanare \u2013 IFC, hizo el relanzamiento de la Escuela de Negocios, con el acompa\u00f1amiento de la Referencia Departamental de Juventudes, en cabeza de Luisa Fernanda Uribe. Los estudiantes de grado once de la instituci\u00f3n, conocieron &hellip;\" \/>\n<meta property=\"og:url\" content=\"https:\/\/marthacifuentes.com\/portada\/ifc-relanzo-escuela-de-negocios-ante-estudiantes-del-colegio-de-llano-lindo-en-yopal-promovio-creditos-escolares\/\" \/>\n<meta property=\"og:site_name\" content=\"\u25b7 Noticias de Casanare : Martha Cifuentes | Casanare\" \/>\n<meta property=\"article:published_time\" content=\"2024-04-04T12:04:39+00:00\" \/>\n<meta property=\"og:image\" content=\"https:\/\/marthacifuentes.com\/portada\/wp-content\/uploads\/2024\/04\/ifc-llano-lindo.jpg\" \/>\n\t<meta property=\"og:image:width\" content=\"1225\" \/>\n\t<meta property=\"og:image:height\" content=\"919\" \/>\n\t<meta property=\"og:image:type\" content=\"image\/jpeg\" \/>\n<meta name=\"author\" content=\"Martha Cifuentes\" \/>\n<meta name=\"twitter:card\" content=\"summary_large_image\" \/>\n<meta name=\"twitter:label1\" content=\"Escrito por\" \/>\n\t<meta name=\"twitter:data1\" content=\"Martha Cifuentes\" \/>\n\t<meta name=\"twitter:label2\" content=\"Tiempo de lectura\" \/>\n\t<meta name=\"twitter:data2\" content=\"1 minuto\" \/>\n<script type=\"application\/ld+json\" class=\"yoast-schema-graph\">{\"@context\":\"https:\/\/schema.org\",\"@graph\":[{\"@type\":\"WebPage\",\"@id\":\"https:\/\/marthacifuentes.com\/portada\/ifc-relanzo-escuela-de-negocios-ante-estudiantes-del-colegio-de-llano-lindo-en-yopal-promovio-creditos-escolares\/\",\"url\":\"https:\/\/marthacifuentes.com\/portada\/ifc-relanzo-escuela-de-negocios-ante-estudiantes-del-colegio-de-llano-lindo-en-yopal-promovio-creditos-escolares\/\",\"name\":\"IFC relanz\u00f3 Escuela de Negocios ante estudiantes del colegio de Llano Lindo en Yopal. Promovi\u00f3 cr\u00e9ditos escolares. - \u25b7 Noticias de Casanare : Martha Cifuentes | Casanare\",\"isPartOf\":{\"@id\":\"https:\/\/marthacifuentes.com\/portada\/#website\"},\"primaryImageOfPage\":{\"@id\":\"https:\/\/marthacifuentes.com\/portada\/ifc-relanzo-escuela-de-negocios-ante-estudiantes-del-colegio-de-llano-lindo-en-yopal-promovio-creditos-escolares\/#primaryimage\"},\"image\":{\"@id\":\"https:\/\/marthacifuentes.com\/portada\/ifc-relanzo-escuela-de-negocios-ante-estudiantes-del-colegio-de-llano-lindo-en-yopal-promovio-creditos-escolares\/#primaryimage\"},\"thumbnailUrl\":\"https:\/\/marthacifuentes.com\/portada\/wp-content\/uploads\/2024\/04\/ifc-llano-lindo.jpg\",\"datePublished\":\"2024-04-04T12:04:39+00:00\",\"author\":{\"@id\":\"https:\/\/marthacifuentes.com\/portada\/#\/schema\/person\/57f53174b991db5f90ff78d58502b714\"},\"breadcrumb\":{\"@id\":\"https:\/\/marthacifuentes.com\/portada\/ifc-relanzo-escuela-de-negocios-ante-estudiantes-del-colegio-de-llano-lindo-en-yopal-promovio-creditos-escolares\/#breadcrumb\"},\"inLanguage\":\"es\",\"potentialAction\":[{\"@type\":\"ReadAction\",\"target\":[\"https:\/\/marthacifuentes.com\/portada\/ifc-relanzo-escuela-de-negocios-ante-estudiantes-del-colegio-de-llano-lindo-en-yopal-promovio-creditos-escolares\/\"]}]},{\"@type\":\"ImageObject\",\"inLanguage\":\"es\",\"@id\":\"https:\/\/marthacifuentes.com\/portada\/ifc-relanzo-escuela-de-negocios-ante-estudiantes-del-colegio-de-llano-lindo-en-yopal-promovio-creditos-escolares\/#primaryimage\",\"url\":\"https:\/\/marthacifuentes.com\/portada\/wp-content\/uploads\/2024\/04\/ifc-llano-lindo.jpg\",\"contentUrl\":\"https:\/\/marthacifuentes.com\/portada\/wp-content\/uploads\/2024\/04\/ifc-llano-lindo.jpg\",\"width\":1225,\"height\":919},{\"@type\":\"BreadcrumbList\",\"@id\":\"https:\/\/marthacifuentes.com\/portada\/ifc-relanzo-escuela-de-negocios-ante-estudiantes-del-colegio-de-llano-lindo-en-yopal-promovio-creditos-escolares\/#breadcrumb\",\"itemListElement\":[{\"@type\":\"ListItem\",\"position\":1,\"name\":\"Portada\",\"item\":\"https:\/\/marthacifuentes.com\/portada\/\"},{\"@type\":\"ListItem\",\"position\":2,\"name\":\"IFC relanz\u00f3 Escuela de Negocios ante estudiantes del colegio de Llano Lindo en Yopal. Promovi\u00f3 cr\u00e9ditos escolares.\"}]},{\"@type\":\"WebSite\",\"@id\":\"https:\/\/marthacifuentes.com\/portada\/#website\",\"url\":\"https:\/\/marthacifuentes.com\/portada\/\",\"name\":\"\u25b7 Noticias de Casanare : Martha Cifuentes | Casanare\",\"description\":\"Noticias &amp; Contenidos\",\"potentialAction\":[{\"@type\":\"SearchAction\",\"target\":{\"@type\":\"EntryPoint\",\"urlTemplate\":\"https:\/\/marthacifuentes.com\/portada\/?s={search_term_string}\"},\"query-input\":{\"@type\":\"PropertyValueSpecification\",\"valueRequired\":true,\"valueName\":\"search_term_string\"}}],\"inLanguage\":\"es\"},{\"@type\":\"Person\",\"@id\":\"https:\/\/marthacifuentes.com\/portada\/#\/schema\/person\/57f53174b991db5f90ff78d58502b714\",\"name\":\"Martha Cifuentes\",\"image\":{\"@type\":\"ImageObject\",\"inLanguage\":\"es\",\"@id\":\"https:\/\/marthacifuentes.com\/portada\/#\/schema\/person\/image\/\",\"url\":\"http:\/\/marthacifuentes.com\/portada\/wp-content\/uploads\/2018\/06\/avatar_user_2_1528838701-96x96.jpg\",\"contentUrl\":\"http:\/\/marthacifuentes.com\/portada\/wp-content\/uploads\/2018\/06\/avatar_user_2_1528838701-96x96.jpg\",\"caption\":\"Martha Cifuentes\"},\"sameAs\":[\"http:\/\/www.marthacifuentes.com\"],\"url\":\"https:\/\/marthacifuentes.com\/portada\/author\/martha\/\"}]}<\/script>\n<!-- \/ Yoast SEO plugin. -->","yoast_head_json":{"title":"IFC relanz\u00f3 Escuela de Negocios ante estudiantes del colegio de Llano Lindo en Yopal. Promovi\u00f3 cr\u00e9ditos escolares. - \u25b7 Noticias de Casanare : Martha Cifuentes | Casanare","robots":{"index":"index","follow":"follow","max-snippet":"max-snippet:-1","max-image-preview":"max-image-preview:large","max-video-preview":"max-video-preview:-1"},"canonical":"https:\/\/marthacifuentes.com\/portada\/ifc-relanzo-escuela-de-negocios-ante-estudiantes-del-colegio-de-llano-lindo-en-yopal-promovio-creditos-escolares\/","og_locale":"es_ES","og_type":"article","og_title":"IFC relanz\u00f3 Escuela de Negocios ante estudiantes del colegio de Llano Lindo en Yopal. Promovi\u00f3 cr\u00e9ditos escolares. - \u25b7 Noticias de Casanare : Martha Cifuentes | Casanare","og_description":"Con un taller vocacional en la Instituci\u00f3n Educativa T\u00e9cnica Empresarial Llano Lindo de Yopal &#8211; ITELL, el Instituto Financiero de Casanare \u2013 IFC, hizo el relanzamiento de la Escuela de Negocios, con el acompa\u00f1amiento de la Referencia Departamental de Juventudes, en cabeza de Luisa Fernanda Uribe. Los estudiantes de grado once de la instituci\u00f3n, conocieron &hellip;","og_url":"https:\/\/marthacifuentes.com\/portada\/ifc-relanzo-escuela-de-negocios-ante-estudiantes-del-colegio-de-llano-lindo-en-yopal-promovio-creditos-escolares\/","og_site_name":"\u25b7 Noticias de Casanare : Martha Cifuentes | Casanare","article_published_time":"2024-04-04T12:04:39+00:00","og_image":[{"width":1225,"height":919,"url":"https:\/\/marthacifuentes.com\/portada\/wp-content\/uploads\/2024\/04\/ifc-llano-lindo.jpg","type":"image\/jpeg"}],"author":"Martha Cifuentes","twitter_card":"summary_large_image","twitter_misc":{"Escrito por":"Martha Cifuentes","Tiempo de lectura":"1 minuto"},"schema":{"@context":"https:\/\/schema.org","@graph":[{"@type":"WebPage","@id":"https:\/\/marthacifuentes.com\/portada\/ifc-relanzo-escuela-de-negocios-ante-estudiantes-del-colegio-de-llano-lindo-en-yopal-promovio-creditos-escolares\/","url":"https:\/\/marthacifuentes.com\/portada\/ifc-relanzo-escuela-de-negocios-ante-estudiantes-del-colegio-de-llano-lindo-en-yopal-promovio-creditos-escolares\/","name":"IFC relanz\u00f3 Escuela de Negocios ante estudiantes del colegio de Llano Lindo en Yopal. Promovi\u00f3 cr\u00e9ditos escolares. - \u25b7 Noticias de Casanare : Martha Cifuentes | Casanare","isPartOf":{"@id":"https:\/\/marthacifuentes.com\/portada\/#website"},"primaryImageOfPage":{"@id":"https:\/\/marthacifuentes.com\/portada\/ifc-relanzo-escuela-de-negocios-ante-estudiantes-del-colegio-de-llano-lindo-en-yopal-promovio-creditos-escolares\/#primaryimage"},"image":{"@id":"https:\/\/marthacifuentes.com\/portada\/ifc-relanzo-escuela-de-negocios-ante-estudiantes-del-colegio-de-llano-lindo-en-yopal-promovio-creditos-escolares\/#primaryimage"},"thumbnailUrl":"https:\/\/marthacifuentes.com\/portada\/wp-content\/uploads\/2024\/04\/ifc-llano-lindo.jpg","datePublished":"2024-04-04T12:04:39+00:00","author":{"@id":"https:\/\/marthacifuentes.com\/portada\/#\/schema\/person\/57f53174b991db5f90ff78d58502b714"},"breadcrumb":{"@id":"https:\/\/marthacifuentes.com\/portada\/ifc-relanzo-escuela-de-negocios-ante-estudiantes-del-colegio-de-llano-lindo-en-yopal-promovio-creditos-escolares\/#breadcrumb"},"inLanguage":"es","potentialAction":[{"@type":"ReadAction","target":["https:\/\/marthacifuentes.com\/portada\/ifc-relanzo-escuela-de-negocios-ante-estudiantes-del-colegio-de-llano-lindo-en-yopal-promovio-creditos-escolares\/"]}]},{"@type":"ImageObject","inLanguage":"es","@id":"https:\/\/marthacifuentes.com\/portada\/ifc-relanzo-escuela-de-negocios-ante-estudiantes-del-colegio-de-llano-lindo-en-yopal-promovio-creditos-escolares\/#primaryimage","url":"https:\/\/marthacifuentes.com\/portada\/wp-content\/uploads\/2024\/04\/ifc-llano-lindo.jpg","contentUrl":"https:\/\/marthacifuentes.com\/portada\/wp-content\/uploads\/2024\/04\/ifc-llano-lindo.jpg","width":1225,"height":919},{"@type":"BreadcrumbList","@id":"https:\/\/marthacifuentes.com\/portada\/ifc-relanzo-escuela-de-negocios-ante-estudiantes-del-colegio-de-llano-lindo-en-yopal-promovio-creditos-escolares\/#breadcrumb","itemListElement":[{"@type":"ListItem","position":1,"name":"Portada","item":"https:\/\/marthacifuentes.com\/portada\/"},{"@type":"ListItem","position":2,"name":"IFC relanz\u00f3 Escuela de Negocios ante estudiantes del colegio de Llano Lindo en Yopal. Promovi\u00f3 cr\u00e9ditos escolares."}]},{"@type":"WebSite","@id":"https:\/\/marthacifuentes.com\/portada\/#website","url":"https:\/\/marthacifuentes.com\/portada\/","name":"\u25b7 Noticias de Casanare : Martha Cifuentes | Casanare","description":"Noticias &amp; Contenidos","potentialAction":[{"@type":"SearchAction","target":{"@type":"EntryPoint","urlTemplate":"https:\/\/marthacifuentes.com\/portada\/?s={search_term_string}"},"query-input":{"@type":"PropertyValueSpecification","valueRequired":true,"valueName":"search_term_string"}}],"inLanguage":"es"},{"@type":"Person","@id":"https:\/\/marthacifuentes.com\/portada\/#\/schema\/person\/57f53174b991db5f90ff78d58502b714","name":"Martha Cifuentes","image":{"@type":"ImageObject","inLanguage":"es","@id":"https:\/\/marthacifuentes.com\/portada\/#\/schema\/person\/image\/","url":"http:\/\/marthacifuentes.com\/portada\/wp-content\/uploads\/2018\/06\/avatar_user_2_1528838701-96x96.jpg","contentUrl":"http:\/\/marthacifuentes.com\/portada\/wp-content\/uploads\/2018\/06\/avatar_user_2_1528838701-96x96.jpg","caption":"Martha Cifuentes"},"sameAs":["http:\/\/www.marthacifuentes.com"],"url":"https:\/\/marthacifuentes.com\/portada\/author\/martha\/"}]}},"_links":{"self":[{"href":"https:\/\/marthacifuentes.com\/portada\/wp-json\/wp\/v2\/posts\/32805","targetHints":{"allow":["GET"]}}],"collection":[{"href":"https:\/\/marthacifuentes.com\/portada\/wp-json\/wp\/v2\/posts"}],"about":[{"href":"https:\/\/marthacifuentes.com\/portada\/wp-json\/wp\/v2\/types\/post"}],"author":[{"embeddable":true,"href":"https:\/\/marthacifuentes.com\/portada\/wp-json\/wp\/v2\/users\/2"}],"replies":[{"embeddable":true,"href":"https:\/\/marthacifuentes.com\/portada\/wp-json\/wp\/v2\/comments?post=32805"}],"version-history":[{"count":1,"href":"https:\/\/marthacifuentes.com\/portada\/wp-json\/wp\/v2\/posts\/32805\/revisions"}],"predecessor-version":[{"id":32807,"href":"https:\/\/marthacifuentes.com\/portada\/wp-json\/wp\/v2\/posts\/32805\/revisions\/32807"}],"wp:featuredmedia":[{"embeddable":true,"href":"https:\/\/marthacifuentes.com\/portada\/wp-json\/wp\/v2\/media\/32806"}],"wp:attachment":[{"href":"https:\/\/marthacifuentes.com\/portada\/wp-json\/wp\/v2\/media?parent=32805"}],"wp:term":[{"taxonomy":"category","embeddable":true,"href":"https:\/\/marthacifuentes.com\/portada\/wp-json\/wp\/v2\/categories?post=32805"},{"taxonomy":"post_tag","embeddable":true,"href":"https:\/\/marthacifuentes.com\/portada\/wp-json\/wp\/v2\/tags?post=32805"}],"curies":[{"name":"wp","href":"https:\/\/api.w.org\/{rel}","templated":true}]}}