{"id":32828,"date":"2024-04-12T05:56:52","date_gmt":"2024-04-12T10:56:52","guid":{"rendered":"https:\/\/marthacifuentes.com\/portada\/?p=32828"},"modified":"2024-04-12T05:56:52","modified_gmt":"2024-04-12T10:56:52","slug":"alias-antonio-medina-cabecilla-de-las-farc-instiga-venganza-interna-tras-la-caida-en-combate-de-su-pareja-alexa","status":"publish","type":"post","link":"https:\/\/marthacifuentes.com\/portada\/alias-antonio-medina-cabecilla-de-las-farc-instiga-venganza-interna-tras-la-caida-en-combate-de-su-pareja-alexa\/","title":{"rendered":"Alias Antonio Medina, cabecilla de las Farc, instiga venganza interna tras la ca\u00edda en combate de su pareja \u2018Alexa\u2019"},"content":{"rendered":"<p>Omar Pardo Galeano, alias \u2018Antonio Medina\u2019, el temido l\u00edder del Frente 28 de las disidencias de las Farc, estar\u00eda planeando una venganza interna contra sus propios hombres tras la muerte en combate de su compa\u00f1era sentimental, alias \u2018Alexa\u2019 o \u2018Chuky\u2019 en la vereda Sina\u00ed del municipio de S\u00e1cama, Casanare el pasado 9 de abril. Las autoridades revelaron el Espectador que Medina habr\u00eda instigado una represalia interna en la organizaci\u00f3n.<\/p>\n<p>La acci\u00f3n se habr\u00eda desencadenado debido a que \u2018Alexa\u2019 fue abatida sin la protecci\u00f3n adecuada de su anillo de seguridad. Seg\u00fan fuentes de inteligencia, Medina habr\u00eda ordenado una \u201cpurga interna\u201d, sospechando que alguien dentro del c\u00edrculo de seguridad de \u2018Alexa\u2019 la habr\u00eda traicionado revelando su ubicaci\u00f3n a cambio de beneficios econ\u00f3micos. Esta represalia se manifestar\u00eda en forma de consejos de guerra dirigidos a los responsables de la seguridad de la disidente.<\/p>\n<p>\u2018Alexa\u2019, de solo 20 a\u00f1os, hab\u00eda sido reclutada a la fuerza a los 15 a\u00f1os. Dentro de la estructura, desempe\u00f1aba un rol fundamental, destac\u00e1ndose en la elaboraci\u00f3n e instalaci\u00f3n de artefactos explosivos, as\u00ed como en primeros auxilios y atenci\u00f3n b\u00e1sica de heridos.<\/p>\n<p>Con su muerte, las disidencias sufren la p\u00e9rdida de un cabecilla de comisi\u00f3n con amplia experiencia delictiva, vital para la obtenci\u00f3n de recursos a trav\u00e9s de actividades como la extorsi\u00f3n y el secuestro.<\/p>\n<p>Las autoridades tambi\u00e9n vinculan a \u2018Alexa\u2019 con acciones delictivas previas, incluyendo el secuestro del coronel Pedro Enrique P\u00e9rez en abril de 2021, el lanzamiento de artefactos explosivos contra la estaci\u00f3n de Polic\u00eda de S\u00e1cama, Casanare, en julio del mismo a\u00f1o, y un atentado con carro bomba en un barrio de Saravena, Arauca, que dej\u00f3 numerosas v\u00edctimas.<\/p>\n<p>Su \u00e1rea de operaciones criminales abarcaba municipios de Casanare como Paz de Ariporo, Hato Corozal, S\u00e1cama, T\u00e1mara y La Salina, as\u00ed como en Tame y Puerto Rond\u00f3n en Arauca.<\/p>\n<p>De acuerdo con la Revista Raya, Omar Pardo Galeano, alias Antonio Medina se acogi\u00f3 a la Ley del proceso de paz de los paramilitares y luego colabor\u00f3 con el Ej\u00e9rcito de manera decidida en la captura de m\u00e1s guerrilleros. En una declaraci\u00f3n ante la Fiscal\u00eda el 18 de septiembre de 2009 manifest\u00f3 que hab\u00eda desertado de las Farc y se hab\u00eda dedicado a ayudar al Ej\u00e9rcito y la Polic\u00eda en la captura de guerrilleros.<\/p>\n<p>En esta misma expres\u00f3 que luego de estar 8 a\u00f1os en prisi\u00f3n aprovech\u00f3 el proceso de paz con las Farc para pelear jur\u00eddicamente por su libertad. Aunque inicialmente la Corte Suprema de Justicia no autoriz\u00f3 su salida de prisi\u00f3n por considerar que no hacia parte de los listados de desmovilizados de las Farc, la JEP le otorgar\u00eda la libertad en 2018. Meses despu\u00e9s comenzar\u00eda a aparecer en videos con uniforme y llam\u00e1ndose Antonio Medina, liderando el nuevo frente 28 de las Farc, con \u00e1rea de operaci\u00f3n en Arauca, Boyac\u00e1 y Casanare. A trav\u00e9s de los videos que hac\u00eda llegar a por redes sociales extorsionaba y extorsiona a comerciantes, empresarios y ganaderos.<\/p>\n<p>En enero de 2022 circularon versiones en medios nacionales sobre la supuesta muerte de Antonio Medina en combates en el estado Apure de Venezuela pero nuevamente resurgi\u00f3 de las cenizas.<\/p>\n<h2><span style=\"color: #ff6600;\"><strong>Otras noticias&#8230;<\/strong><\/span><\/h2>\n<blockquote class=\"wp-embedded-content\" data-secret=\"H25tXHV4wc\"><p><a href=\"https:\/\/marthacifuentes.com\/portada\/2024\/04\/09\/contrato-del-videocaramelo-de-la-ptar-entre-eaaay-e-ingenicontec-debe-anularse-era-un-concesion-disfrazada-y-un-endeudamiento-a-30-anos-fallo-de-juzgado-de-yopal\/\">Contrato del \u201cvideocaramelo\u201d de la PTAR entre Eaaay e Ingenicontec debe anularse. Era un concesi\u00f3n disfrazada y un endeudamiento a 30 a\u00f1os: Fallo de Juzgado de Yopal.<\/a><\/p><\/blockquote>\n<p><iframe loading=\"lazy\" class=\"wp-embedded-content\" sandbox=\"allow-scripts\" security=\"restricted\" style=\"position: absolute; clip: rect(1px, 1px, 1px, 1px);\" title=\"\u00abContrato del \u201cvideocaramelo\u201d de la PTAR entre Eaaay e Ingenicontec debe anularse. Era un concesi\u00f3n disfrazada y un endeudamiento a 30 a\u00f1os: Fallo de Juzgado de Yopal.\u00bb \u2014 \u25b7 Noticias de Casanare : Martha Cifuentes | Casanare\" src=\"https:\/\/marthacifuentes.com\/portada\/2024\/04\/09\/contrato-del-videocaramelo-de-la-ptar-entre-eaaay-e-ingenicontec-debe-anularse-era-un-concesion-disfrazada-y-un-endeudamiento-a-30-anos-fallo-de-juzgado-de-yopal\/embed\/#?secret=DGfi8HpClj#?secret=H25tXHV4wc\" data-secret=\"H25tXHV4wc\" width=\"500\" height=\"282\" frameborder=\"0\" marginwidth=\"0\" marginheight=\"0\" scrolling=\"no\"><\/iframe><\/p>\n<p><iframe loading=\"lazy\" class=\"wp-embedded-content\" title=\"\u00abEn menos de 5 d\u00edas Casanare ha sido sacudida con varios temblores. Qu\u00e9 hacer frente a ello.\u00bb \u2014 \u25b7 Noticias de Casanare : Martha Cifuentes | Casanare\" src=\"https:\/\/marthacifuentes.com\/portada\/2024\/04\/04\/en-menos-de-5-dias-casanare-ha-sido-sacudida-con-varios-temblores-que-hacer-frente-a-ello\/embed\/#?secret=9k96Zu15JT#?secret=PNTw0yjeF8\" width=\"600\" height=\"621\" frameborder=\"0\" marginwidth=\"0\" marginheight=\"0\" scrolling=\"no\" sandbox=\"allow-scripts\" data-secret=\"PNTw0yjeF8\" data-mce-fragment=\"1\"><\/iframe><\/p>\n<p><iframe loading=\"lazy\" class=\"wp-embedded-content\" title=\"\u00abIFC relanz\u00f3 Escuela de Negocios ante estudiantes del colegio de Llano Lindo en Yopal. Promovi\u00f3 cr\u00e9ditos escolares.\u00bb \u2014 \u25b7 Noticias de Casanare : Martha Cifuentes | Casanare\" src=\"https:\/\/marthacifuentes.com\/portada\/2024\/04\/04\/ifc-relanzo-escuela-de-negocios-ante-estudiantes-del-colegio-de-llano-lindo-en-yopal-promovio-creditos-escolares\/embed\/#?secret=HX4CZJK4oF#?secret=50j2iwgOrP\" width=\"600\" height=\"649\" frameborder=\"0\" marginwidth=\"0\" marginheight=\"0\" scrolling=\"no\" sandbox=\"allow-scripts\" data-secret=\"50j2iwgOrP\" data-mce-fragment=\"1\"><\/iframe><\/p>\n<p><iframe loading=\"lazy\" class=\"wp-embedded-content\" title=\"\u00abAbogados de la Orinoquia exigieron sanciones y justicia por la agresi\u00f3n policial contra defensor Lenin Bustos.\u00bb \u2014 \u25b7 Noticias de Casanare : Martha Cifuentes | Casanare\" src=\"https:\/\/marthacifuentes.com\/portada\/2024\/04\/04\/abogados-de-la-orinoquia-exigieron-sanciones-y-justicia-por-la-agresion-policial-contra-defensor-lenin-bustos\/embed\/#?secret=Jb7bSwJHeQ#?secret=2PlHm2Hc4p\" width=\"600\" height=\"649\" frameborder=\"0\" marginwidth=\"0\" marginheight=\"0\" scrolling=\"no\" sandbox=\"allow-scripts\" data-secret=\"2PlHm2Hc4p\" data-mce-fragment=\"1\"><\/iframe><\/p>\n<p><iframe loading=\"lazy\" class=\"wp-embedded-content\" title=\"\u00abSe posesionaron nuevos corregidores en Yopal. Se les pidi\u00f3 ser un enlace con la comunidad.\u00bb \u2014 \u25b7 Noticias de Casanare : Martha Cifuentes | Casanare\" src=\"https:\/\/marthacifuentes.com\/portada\/2024\/04\/04\/se-posesionaron-nuevos-corregidores-en-yopal-se-les-pidio-ser-un-enlace-con-la-comunidad\/embed\/#?secret=moZZe9E0QD#?secret=pWsAd4Npqm\" width=\"600\" height=\"620\" frameborder=\"0\" marginwidth=\"0\" marginheight=\"0\" scrolling=\"no\" sandbox=\"allow-scripts\" data-secret=\"pWsAd4Npqm\" data-mce-fragment=\"1\"><\/iframe><\/p>\n<p><iframe loading=\"lazy\" class=\"wp-embedded-content\" title=\"\u00abLa casanare\u00f1a Sonia Bernal llega al Senado a reforzar bancada del Pacto Hist\u00f3rico\u00bb \u2014 \u25b7 Noticias de Casanare : Martha Cifuentes | Casanare\" src=\"https:\/\/marthacifuentes.com\/portada\/2024\/04\/03\/la-casanarena-sonia-bernal-llega-al-senado-a-reforzar-bancada-del-pacto-historico\/embed\/#?secret=yMtM3yuiML#?secret=oSBomt7RYh\" width=\"600\" height=\"621\" frameborder=\"0\" marginwidth=\"0\" marginheight=\"0\" scrolling=\"no\" sandbox=\"allow-scripts\" data-secret=\"oSBomt7RYh\" data-mce-fragment=\"1\"><\/iframe><\/p>\n<p><iframe loading=\"lazy\" class=\"wp-embedded-content\" title=\"\u00abSanitas intervenida por la Supersalud. Pese a parte de tranquilidad de esta, 5.7 millones de afiliados est\u00e1n en alerta.\u00bb \u2014 \u25b7 Noticias de Casanare : Martha Cifuentes | Casanare\" src=\"https:\/\/marthacifuentes.com\/portada\/2024\/04\/03\/sanitas-intervenida-por-la-supersalud-pese-a-parte-de-tranquilidad-de-esta-5-7-millones-de-afiliados-estan-en-alerta\/embed\/#?secret=w1wJ5ZBqJy#?secret=3akltSlq2u\" width=\"600\" height=\"649\" frameborder=\"0\" marginwidth=\"0\" marginheight=\"0\" scrolling=\"no\" sandbox=\"allow-scripts\" data-secret=\"3akltSlq2u\" data-mce-fragment=\"1\"><\/iframe><\/p>\n<p><iframe loading=\"lazy\" class=\"wp-embedded-content\" title=\"\u00abA pesar de fuerte sismo no se reportaron da\u00f1os de trascendencia en Yopal: Oficina de Gesti\u00f3n del Riesgo\u00bb \u2014 \u25b7 Noticias de Casanare : Martha Cifuentes | Casanare\" src=\"https:\/\/marthacifuentes.com\/portada\/2024\/04\/03\/a-pesar-de-fuerte-sismo-no-se-reportaron-danos-de-trascendencia-en-yopal-oficina-de-gestion-del-riesgo\/embed\/#?secret=wqjuR7MsFq#?secret=1GKxM9v2Wv\" width=\"600\" height=\"600\" frameborder=\"0\" marginwidth=\"0\" marginheight=\"0\" scrolling=\"no\" sandbox=\"allow-scripts\" data-secret=\"1GKxM9v2Wv\" data-mce-fragment=\"1\"><\/iframe><\/p>\n<p><iframe loading=\"lazy\" class=\"wp-embedded-content\" title=\"\u00abPliego de cargos contra exalcalde de Hato Corozal por no ejecutar recursos para ind\u00edgenas\u00bb \u2014 \u25b7 Noticias de Casanare : Martha Cifuentes | Casanare\" src=\"https:\/\/marthacifuentes.com\/portada\/2024\/04\/02\/pliego-de-cargos-contra-exalcalde-de-hato-corozal-por-no-ejecutar-recursos-para-indigenas\/embed\/#?secret=5etqwADsdX#?secret=piuhENhiKH\" width=\"600\" height=\"620\" frameborder=\"0\" marginwidth=\"0\" marginheight=\"0\" scrolling=\"no\" sandbox=\"allow-scripts\" data-secret=\"piuhENhiKH\" data-mce-fragment=\"1\"><\/iframe><\/p>\n<p><iframe loading=\"lazy\" class=\"wp-embedded-content\" title=\"\u00abSonia Bernal: De frente contra la trata de personas\u00bb \u2014 \u25b7 Noticias de Casanare : Martha Cifuentes | Casanare\" src=\"https:\/\/marthacifuentes.com\/portada\/2024\/04\/02\/sonia-bernal-de-frente-contra-la-trata-de-personas\/embed\/#?secret=AMfRXtkdpF#?secret=eJzs9xi4Zn\" width=\"600\" height=\"592\" frameborder=\"0\" marginwidth=\"0\" marginheight=\"0\" scrolling=\"no\" sandbox=\"allow-scripts\" data-secret=\"eJzs9xi4Zn\" data-mce-fragment=\"1\"><\/iframe><\/p>\n<p><iframe loading=\"lazy\" class=\"wp-embedded-content\" title=\"\u00abExsecretaria de Salud de Casanare cuestion\u00f3 proceso de nombramiento de gerentes del Horo y Red Salud\u00bb \u2014 \u25b7 Noticias de Casanare : Martha Cifuentes | Casanare\" src=\"https:\/\/marthacifuentes.com\/portada\/2024\/04\/02\/exsecretaria-de-salud-de-casanare-cuestiono-proceso-de-nombramiento-de-gerentes-del-horo-y-red-salud\/embed\/#?secret=g2xM4qbeKP#?secret=XvHBmfcsQm\" width=\"600\" height=\"608\" frameborder=\"0\" marginwidth=\"0\" marginheight=\"0\" scrolling=\"no\" sandbox=\"allow-scripts\" data-secret=\"XvHBmfcsQm\" data-mce-fragment=\"1\"><\/iframe><\/p>\n<p><iframe loading=\"lazy\" class=\"wp-embedded-content\" title=\"\u00abA la c\u00e1rcel profesor, presunto ped\u00f3filo, en Paz de Ariporo: Es acusado de abusar de tres menores de 10 a\u00f1os.\u00bb \u2014 \u25b7 Noticias de Casanare : Martha Cifuentes | Casanare\" src=\"https:\/\/marthacifuentes.com\/portada\/2024\/04\/01\/a-la-carcel-profesor-presunto-pedofilo-en-paz-de-ariporo-es-acusado-de-abusar-de-tres-menores-de-10-anos\/embed\/#?secret=yCstPEsEQC#?secret=foann5AQsG\" width=\"600\" height=\"649\" frameborder=\"0\" marginwidth=\"0\" marginheight=\"0\" scrolling=\"no\" sandbox=\"allow-scripts\" data-secret=\"foann5AQsG\" data-mce-fragment=\"1\"><\/iframe><\/p>\n<p><iframe loading=\"lazy\" class=\"wp-embedded-content\" title=\"\u00abEl enfermero jefe y abogado Jhon Paulino Rojas es el nuevo gerente de la Ese Salud Yopal\u00bb \u2014 \u25b7 Noticias de Casanare : Martha Cifuentes | Casanare\" src=\"https:\/\/marthacifuentes.com\/portada\/2024\/04\/01\/el-enfermero-jefe-y-abogado-jhon-paulino-rojas-es-el-nuevo-gerente-de-la-ese-salud-yopal\/embed\/#?secret=2LKz9Ny2Hw#?secret=5DKuNkTOnx\" width=\"600\" height=\"600\" frameborder=\"0\" marginwidth=\"0\" marginheight=\"0\" scrolling=\"no\" sandbox=\"allow-scripts\" data-secret=\"5DKuNkTOnx\" data-mce-fragment=\"1\"><\/iframe><\/p>\n<p><iframe loading=\"lazy\" class=\"wp-embedded-content\" title=\"\u00abUna trinite\u00f1a y una pore\u00f1a, nuevas gerentes de Horo y Red Salud Casanare, respectivamente.\u00bb \u2014 \u25b7 Noticias de Casanare : Martha Cifuentes | Casanare\" src=\"https:\/\/marthacifuentes.com\/portada\/2024\/04\/01\/una-trinitena-y-una-porena-nuevas-gerentes-de-horo-y-red-salud-casanare-respectivamente\/embed\/#?secret=QswIER2FYB#?secret=zG7NMUzIpD\" width=\"600\" height=\"621\" frameborder=\"0\" marginwidth=\"0\" marginheight=\"0\" scrolling=\"no\" sandbox=\"allow-scripts\" data-secret=\"zG7NMUzIpD\" data-mce-fragment=\"1\"><\/iframe><\/p>\n<p><iframe loading=\"lazy\" class=\"wp-embedded-content\" title=\"\u00abTragedia cl\u00ednica en Casanare: Fallece mujer por complicaciones post-ces\u00e1rea\u00bb \u2014 \u25b7 Noticias de Casanare : Martha Cifuentes | Casanare\" src=\"https:\/\/marthacifuentes.com\/portada\/2024\/04\/01\/tragedia-clinica-en-casanare-fallece-mujer-por-complicaciones-post-cesarea\/embed\/#?secret=3lLPyc4g46#?secret=Crow3RcyHG\" width=\"600\" height=\"621\" frameborder=\"0\" marginwidth=\"0\" marginheight=\"0\" scrolling=\"no\" sandbox=\"allow-scripts\" data-secret=\"Crow3RcyHG\" data-mce-fragment=\"1\"><\/iframe><\/p>\n<p><iframe loading=\"lazy\" class=\"wp-embedded-content\" title=\"\u00abHomicidio en Recetor. Un hombre de 30 a\u00f1os fue baleado.\u00bb \u2014 \u25b7 Noticias de Casanare : Martha Cifuentes | Casanare\" src=\"https:\/\/marthacifuentes.com\/portada\/2024\/04\/01\/homicidio-en-recetor-un-hombre-de-30-anos-fue-baleado\/embed\/#?secret=o0IfEd4hSd#?secret=pWCyqZE02l\" width=\"600\" height=\"621\" frameborder=\"0\" marginwidth=\"0\" marginheight=\"0\" scrolling=\"no\" sandbox=\"allow-scripts\" data-secret=\"pWCyqZE02l\" data-mce-fragment=\"1\"><\/iframe><\/p>\n<p><iframe loading=\"lazy\" class=\"wp-embedded-content\" title=\"\u00abTiembla en Casanare. Tres sismos de baja intensidad fueron reportados en un solo d\u00eda.\u00bb \u2014 \u25b7 Noticias de Casanare : Martha Cifuentes | Casanare\" src=\"https:\/\/marthacifuentes.com\/portada\/2024\/04\/01\/tiembla-en-casanare-tres-sismos-de-baja-intensidad-fueron-reportados-en-un-solo-dia\/embed\/#?secret=6sei8IWc9B#?secret=basHHxzIfi\" width=\"600\" height=\"600\" frameborder=\"0\" marginwidth=\"0\" marginheight=\"0\" scrolling=\"no\" sandbox=\"allow-scripts\" data-secret=\"basHHxzIfi\" data-mce-fragment=\"1\"><\/iframe><\/p>\n<p><iframe loading=\"lazy\" class=\"wp-embedded-content\" title=\"\u00abYopal se llena de basuras en sus calles. L\u00edo en el relleno sanitario genera demoras en las rutas de recolecci\u00f3n.\u00bb \u2014 \u25b7 Noticias de Casanare : Martha Cifuentes | Casanare\" src=\"https:\/\/marthacifuentes.com\/portada\/2024\/03\/21\/yopal-se-llena-de-basuras-en-sus-calles-lio-en-el-relleno-sanitario-genera-demoras-en-las-rutas-de-recoleccion\/embed\/#?secret=O8fd1URFeJ#?secret=glceAUywv1\" width=\"600\" height=\"593\" frameborder=\"0\" marginwidth=\"0\" marginheight=\"0\" scrolling=\"no\" sandbox=\"allow-scripts\" data-secret=\"glceAUywv1\" data-mce-fragment=\"1\"><\/iframe><\/p>\n<p><iframe loading=\"lazy\" class=\"wp-embedded-content\" title=\"\u00abPAE de Casanare: En la mira de la comunidad y los pol\u00edticos. C\u00f3mo va, cumplido un mes de haber sido contratado.\u00bb \u2014 \u25b7 Noticias de Casanare : Martha Cifuentes | Casanare\" src=\"https:\/\/marthacifuentes.com\/portada\/2024\/03\/21\/pae-de-casanare-en-la-mira-de-la-comunidad-y-los-politicos-como-va-cumplido-un-mes-de-haber-sido-contratado\/embed\/#?secret=RMpnzJdZsJ#?secret=TvkkMqnOIo\" width=\"600\" height=\"628\" frameborder=\"0\" marginwidth=\"0\" marginheight=\"0\" scrolling=\"no\" sandbox=\"allow-scripts\" data-secret=\"TvkkMqnOIo\" data-mce-fragment=\"1\"><\/iframe><\/p>\n<p>&nbsp;<\/p>\n<p>&nbsp;<\/p>\n","protected":false},"excerpt":{"rendered":"<p>Omar Pardo Galeano, alias \u2018Antonio Medina\u2019, el temido l\u00edder del Frente 28 de las disidencias de las Farc, estar\u00eda planeando una venganza interna contra sus propios hombres tras la muerte en combate de su compa\u00f1era sentimental, alias \u2018Alexa\u2019 o \u2018Chuky\u2019 en la vereda Sina\u00ed del municipio de S\u00e1cama, Casanare el pasado 9 de abril. Las &hellip;<\/p>\n","protected":false},"author":2,"featured_media":32829,"comment_status":"open","ping_status":"open","sticky":false,"template":"","format":"standard","meta":{"om_disable_all_campaigns":false,"_exactmetrics_skip_tracking":false,"_exactmetrics_sitenote_active":false,"_exactmetrics_sitenote_note":"","_exactmetrics_sitenote_category":0,"_monsterinsights_skip_tracking":false,"_monsterinsights_sitenote_active":false,"_monsterinsights_sitenote_note":"","_monsterinsights_sitenote_category":0,"_uf_show_specific_survey":0,"_uf_disable_surveys":false,"_joinchat":[],"footnotes":""},"categories":[147,146,145],"tags":[6680,9659,1373,9660,1376],"class_list":["post-32828","post","type-post","status-publish","format-standard","has-post-thumbnail","hentry","category-actualidad","category-noticias","category-reportajes","tag-alias-antonio-medina-frente-28-de-disidencias-de-las-farc-eln","tag-antonio-medina-venganza-purga-por-muerte-de-alexa","tag-casanare-noticias","tag-combates-sacama-casanare-muerte-alias-alexa","tag-yopal-noticias"],"yoast_head":"<!-- This site is optimized with the Yoast SEO plugin v26.1 - https:\/\/yoast.com\/wordpress\/plugins\/seo\/ -->\n<title>Alias Antonio Medina, cabecilla de las Farc, instiga venganza interna tras la ca\u00edda en combate de su pareja \u2018Alexa\u2019 - \u25b7 Noticias de Casanare : Martha Cifuentes | Casanare<\/title>\n<meta name=\"robots\" content=\"index, follow, max-snippet:-1, max-image-preview:large, max-video-preview:-1\" \/>\n<link rel=\"canonical\" href=\"https:\/\/marthacifuentes.com\/portada\/alias-antonio-medina-cabecilla-de-las-farc-instiga-venganza-interna-tras-la-caida-en-combate-de-su-pareja-alexa\/\" \/>\n<meta property=\"og:locale\" content=\"es_ES\" \/>\n<meta property=\"og:type\" content=\"article\" \/>\n<meta property=\"og:title\" content=\"Alias Antonio Medina, cabecilla de las Farc, instiga venganza interna tras la ca\u00edda en combate de su pareja \u2018Alexa\u2019 - \u25b7 Noticias de Casanare : Martha Cifuentes | Casanare\" \/>\n<meta property=\"og:description\" content=\"Omar Pardo Galeano, alias \u2018Antonio Medina\u2019, el temido l\u00edder del Frente 28 de las disidencias de las Farc, estar\u00eda planeando una venganza interna contra sus propios hombres tras la muerte en combate de su compa\u00f1era sentimental, alias \u2018Alexa\u2019 o \u2018Chuky\u2019 en la vereda Sina\u00ed del municipio de S\u00e1cama, Casanare el pasado 9 de abril. Las &hellip;\" \/>\n<meta property=\"og:url\" content=\"https:\/\/marthacifuentes.com\/portada\/alias-antonio-medina-cabecilla-de-las-farc-instiga-venganza-interna-tras-la-caida-en-combate-de-su-pareja-alexa\/\" \/>\n<meta property=\"og:site_name\" content=\"\u25b7 Noticias de Casanare : Martha Cifuentes | Casanare\" \/>\n<meta property=\"article:published_time\" content=\"2024-04-12T10:56:52+00:00\" \/>\n<meta property=\"og:image\" content=\"https:\/\/marthacifuentes.com\/portada\/wp-content\/uploads\/2024\/04\/Antonio_Medina_y_su_combo.jpg\" \/>\n\t<meta property=\"og:image:width\" content=\"960\" \/>\n\t<meta property=\"og:image:height\" content=\"640\" \/>\n\t<meta property=\"og:image:type\" content=\"image\/jpeg\" \/>\n<meta name=\"author\" content=\"Martha Cifuentes\" \/>\n<meta name=\"twitter:card\" content=\"summary_large_image\" \/>\n<meta name=\"twitter:label1\" content=\"Escrito por\" \/>\n\t<meta name=\"twitter:data1\" content=\"Martha Cifuentes\" \/>\n\t<meta name=\"twitter:label2\" content=\"Tiempo de lectura\" \/>\n\t<meta name=\"twitter:data2\" content=\"3 minutos\" \/>\n<script type=\"application\/ld+json\" class=\"yoast-schema-graph\">{\"@context\":\"https:\/\/schema.org\",\"@graph\":[{\"@type\":\"WebPage\",\"@id\":\"https:\/\/marthacifuentes.com\/portada\/alias-antonio-medina-cabecilla-de-las-farc-instiga-venganza-interna-tras-la-caida-en-combate-de-su-pareja-alexa\/\",\"url\":\"https:\/\/marthacifuentes.com\/portada\/alias-antonio-medina-cabecilla-de-las-farc-instiga-venganza-interna-tras-la-caida-en-combate-de-su-pareja-alexa\/\",\"name\":\"Alias Antonio Medina, cabecilla de las Farc, instiga venganza interna tras la ca\u00edda en combate de su pareja \u2018Alexa\u2019 - \u25b7 Noticias de Casanare : Martha Cifuentes | Casanare\",\"isPartOf\":{\"@id\":\"https:\/\/marthacifuentes.com\/portada\/#website\"},\"primaryImageOfPage\":{\"@id\":\"https:\/\/marthacifuentes.com\/portada\/alias-antonio-medina-cabecilla-de-las-farc-instiga-venganza-interna-tras-la-caida-en-combate-de-su-pareja-alexa\/#primaryimage\"},\"image\":{\"@id\":\"https:\/\/marthacifuentes.com\/portada\/alias-antonio-medina-cabecilla-de-las-farc-instiga-venganza-interna-tras-la-caida-en-combate-de-su-pareja-alexa\/#primaryimage\"},\"thumbnailUrl\":\"https:\/\/marthacifuentes.com\/portada\/wp-content\/uploads\/2024\/04\/Antonio_Medina_y_su_combo.jpg\",\"datePublished\":\"2024-04-12T10:56:52+00:00\",\"author\":{\"@id\":\"https:\/\/marthacifuentes.com\/portada\/#\/schema\/person\/57f53174b991db5f90ff78d58502b714\"},\"breadcrumb\":{\"@id\":\"https:\/\/marthacifuentes.com\/portada\/alias-antonio-medina-cabecilla-de-las-farc-instiga-venganza-interna-tras-la-caida-en-combate-de-su-pareja-alexa\/#breadcrumb\"},\"inLanguage\":\"es\",\"potentialAction\":[{\"@type\":\"ReadAction\",\"target\":[\"https:\/\/marthacifuentes.com\/portada\/alias-antonio-medina-cabecilla-de-las-farc-instiga-venganza-interna-tras-la-caida-en-combate-de-su-pareja-alexa\/\"]}]},{\"@type\":\"ImageObject\",\"inLanguage\":\"es\",\"@id\":\"https:\/\/marthacifuentes.com\/portada\/alias-antonio-medina-cabecilla-de-las-farc-instiga-venganza-interna-tras-la-caida-en-combate-de-su-pareja-alexa\/#primaryimage\",\"url\":\"https:\/\/marthacifuentes.com\/portada\/wp-content\/uploads\/2024\/04\/Antonio_Medina_y_su_combo.jpg\",\"contentUrl\":\"https:\/\/marthacifuentes.com\/portada\/wp-content\/uploads\/2024\/04\/Antonio_Medina_y_su_combo.jpg\",\"width\":960,\"height\":640,\"caption\":\"Foto Revista Raya\"},{\"@type\":\"BreadcrumbList\",\"@id\":\"https:\/\/marthacifuentes.com\/portada\/alias-antonio-medina-cabecilla-de-las-farc-instiga-venganza-interna-tras-la-caida-en-combate-de-su-pareja-alexa\/#breadcrumb\",\"itemListElement\":[{\"@type\":\"ListItem\",\"position\":1,\"name\":\"Portada\",\"item\":\"https:\/\/marthacifuentes.com\/portada\/\"},{\"@type\":\"ListItem\",\"position\":2,\"name\":\"Alias Antonio Medina, cabecilla de las Farc, instiga venganza interna tras la ca\u00edda en combate de su pareja \u2018Alexa\u2019\"}]},{\"@type\":\"WebSite\",\"@id\":\"https:\/\/marthacifuentes.com\/portada\/#website\",\"url\":\"https:\/\/marthacifuentes.com\/portada\/\",\"name\":\"\u25b7 Noticias de Casanare : Martha Cifuentes | Casanare\",\"description\":\"Noticias &amp; Contenidos\",\"potentialAction\":[{\"@type\":\"SearchAction\",\"target\":{\"@type\":\"EntryPoint\",\"urlTemplate\":\"https:\/\/marthacifuentes.com\/portada\/?s={search_term_string}\"},\"query-input\":{\"@type\":\"PropertyValueSpecification\",\"valueRequired\":true,\"valueName\":\"search_term_string\"}}],\"inLanguage\":\"es\"},{\"@type\":\"Person\",\"@id\":\"https:\/\/marthacifuentes.com\/portada\/#\/schema\/person\/57f53174b991db5f90ff78d58502b714\",\"name\":\"Martha Cifuentes\",\"image\":{\"@type\":\"ImageObject\",\"inLanguage\":\"es\",\"@id\":\"https:\/\/marthacifuentes.com\/portada\/#\/schema\/person\/image\/\",\"url\":\"http:\/\/marthacifuentes.com\/portada\/wp-content\/uploads\/2018\/06\/avatar_user_2_1528838701-96x96.jpg\",\"contentUrl\":\"http:\/\/marthacifuentes.com\/portada\/wp-content\/uploads\/2018\/06\/avatar_user_2_1528838701-96x96.jpg\",\"caption\":\"Martha Cifuentes\"},\"sameAs\":[\"http:\/\/www.marthacifuentes.com\"],\"url\":\"https:\/\/marthacifuentes.com\/portada\/author\/martha\/\"}]}<\/script>\n<!-- \/ Yoast SEO plugin. -->","yoast_head_json":{"title":"Alias Antonio Medina, cabecilla de las Farc, instiga venganza interna tras la ca\u00edda en combate de su pareja \u2018Alexa\u2019 - \u25b7 Noticias de Casanare : Martha Cifuentes | Casanare","robots":{"index":"index","follow":"follow","max-snippet":"max-snippet:-1","max-image-preview":"max-image-preview:large","max-video-preview":"max-video-preview:-1"},"canonical":"https:\/\/marthacifuentes.com\/portada\/alias-antonio-medina-cabecilla-de-las-farc-instiga-venganza-interna-tras-la-caida-en-combate-de-su-pareja-alexa\/","og_locale":"es_ES","og_type":"article","og_title":"Alias Antonio Medina, cabecilla de las Farc, instiga venganza interna tras la ca\u00edda en combate de su pareja \u2018Alexa\u2019 - \u25b7 Noticias de Casanare : Martha Cifuentes | Casanare","og_description":"Omar Pardo Galeano, alias \u2018Antonio Medina\u2019, el temido l\u00edder del Frente 28 de las disidencias de las Farc, estar\u00eda planeando una venganza interna contra sus propios hombres tras la muerte en combate de su compa\u00f1era sentimental, alias \u2018Alexa\u2019 o \u2018Chuky\u2019 en la vereda Sina\u00ed del municipio de S\u00e1cama, Casanare el pasado 9 de abril. Las &hellip;","og_url":"https:\/\/marthacifuentes.com\/portada\/alias-antonio-medina-cabecilla-de-las-farc-instiga-venganza-interna-tras-la-caida-en-combate-de-su-pareja-alexa\/","og_site_name":"\u25b7 Noticias de Casanare : Martha Cifuentes | Casanare","article_published_time":"2024-04-12T10:56:52+00:00","og_image":[{"width":960,"height":640,"url":"https:\/\/marthacifuentes.com\/portada\/wp-content\/uploads\/2024\/04\/Antonio_Medina_y_su_combo.jpg","type":"image\/jpeg"}],"author":"Martha Cifuentes","twitter_card":"summary_large_image","twitter_misc":{"Escrito por":"Martha Cifuentes","Tiempo de lectura":"3 minutos"},"schema":{"@context":"https:\/\/schema.org","@graph":[{"@type":"WebPage","@id":"https:\/\/marthacifuentes.com\/portada\/alias-antonio-medina-cabecilla-de-las-farc-instiga-venganza-interna-tras-la-caida-en-combate-de-su-pareja-alexa\/","url":"https:\/\/marthacifuentes.com\/portada\/alias-antonio-medina-cabecilla-de-las-farc-instiga-venganza-interna-tras-la-caida-en-combate-de-su-pareja-alexa\/","name":"Alias Antonio Medina, cabecilla de las Farc, instiga venganza interna tras la ca\u00edda en combate de su pareja \u2018Alexa\u2019 - \u25b7 Noticias de Casanare : Martha Cifuentes | Casanare","isPartOf":{"@id":"https:\/\/marthacifuentes.com\/portada\/#website"},"primaryImageOfPage":{"@id":"https:\/\/marthacifuentes.com\/portada\/alias-antonio-medina-cabecilla-de-las-farc-instiga-venganza-interna-tras-la-caida-en-combate-de-su-pareja-alexa\/#primaryimage"},"image":{"@id":"https:\/\/marthacifuentes.com\/portada\/alias-antonio-medina-cabecilla-de-las-farc-instiga-venganza-interna-tras-la-caida-en-combate-de-su-pareja-alexa\/#primaryimage"},"thumbnailUrl":"https:\/\/marthacifuentes.com\/portada\/wp-content\/uploads\/2024\/04\/Antonio_Medina_y_su_combo.jpg","datePublished":"2024-04-12T10:56:52+00:00","author":{"@id":"https:\/\/marthacifuentes.com\/portada\/#\/schema\/person\/57f53174b991db5f90ff78d58502b714"},"breadcrumb":{"@id":"https:\/\/marthacifuentes.com\/portada\/alias-antonio-medina-cabecilla-de-las-farc-instiga-venganza-interna-tras-la-caida-en-combate-de-su-pareja-alexa\/#breadcrumb"},"inLanguage":"es","potentialAction":[{"@type":"ReadAction","target":["https:\/\/marthacifuentes.com\/portada\/alias-antonio-medina-cabecilla-de-las-farc-instiga-venganza-interna-tras-la-caida-en-combate-de-su-pareja-alexa\/"]}]},{"@type":"ImageObject","inLanguage":"es","@id":"https:\/\/marthacifuentes.com\/portada\/alias-antonio-medina-cabecilla-de-las-farc-instiga-venganza-interna-tras-la-caida-en-combate-de-su-pareja-alexa\/#primaryimage","url":"https:\/\/marthacifuentes.com\/portada\/wp-content\/uploads\/2024\/04\/Antonio_Medina_y_su_combo.jpg","contentUrl":"https:\/\/marthacifuentes.com\/portada\/wp-content\/uploads\/2024\/04\/Antonio_Medina_y_su_combo.jpg","width":960,"height":640,"caption":"Foto Revista Raya"},{"@type":"BreadcrumbList","@id":"https:\/\/marthacifuentes.com\/portada\/alias-antonio-medina-cabecilla-de-las-farc-instiga-venganza-interna-tras-la-caida-en-combate-de-su-pareja-alexa\/#breadcrumb","itemListElement":[{"@type":"ListItem","position":1,"name":"Portada","item":"https:\/\/marthacifuentes.com\/portada\/"},{"@type":"ListItem","position":2,"name":"Alias Antonio Medina, cabecilla de las Farc, instiga venganza interna tras la ca\u00edda en combate de su pareja \u2018Alexa\u2019"}]},{"@type":"WebSite","@id":"https:\/\/marthacifuentes.com\/portada\/#website","url":"https:\/\/marthacifuentes.com\/portada\/","name":"\u25b7 Noticias de Casanare : Martha Cifuentes | Casanare","description":"Noticias &amp; Contenidos","potentialAction":[{"@type":"SearchAction","target":{"@type":"EntryPoint","urlTemplate":"https:\/\/marthacifuentes.com\/portada\/?s={search_term_string}"},"query-input":{"@type":"PropertyValueSpecification","valueRequired":true,"valueName":"search_term_string"}}],"inLanguage":"es"},{"@type":"Person","@id":"https:\/\/marthacifuentes.com\/portada\/#\/schema\/person\/57f53174b991db5f90ff78d58502b714","name":"Martha Cifuentes","image":{"@type":"ImageObject","inLanguage":"es","@id":"https:\/\/marthacifuentes.com\/portada\/#\/schema\/person\/image\/","url":"http:\/\/marthacifuentes.com\/portada\/wp-content\/uploads\/2018\/06\/avatar_user_2_1528838701-96x96.jpg","contentUrl":"http:\/\/marthacifuentes.com\/portada\/wp-content\/uploads\/2018\/06\/avatar_user_2_1528838701-96x96.jpg","caption":"Martha Cifuentes"},"sameAs":["http:\/\/www.marthacifuentes.com"],"url":"https:\/\/marthacifuentes.com\/portada\/author\/martha\/"}]}},"_links":{"self":[{"href":"https:\/\/marthacifuentes.com\/portada\/wp-json\/wp\/v2\/posts\/32828","targetHints":{"allow":["GET"]}}],"collection":[{"href":"https:\/\/marthacifuentes.com\/portada\/wp-json\/wp\/v2\/posts"}],"about":[{"href":"https:\/\/marthacifuentes.com\/portada\/wp-json\/wp\/v2\/types\/post"}],"author":[{"embeddable":true,"href":"https:\/\/marthacifuentes.com\/portada\/wp-json\/wp\/v2\/users\/2"}],"replies":[{"embeddable":true,"href":"https:\/\/marthacifuentes.com\/portada\/wp-json\/wp\/v2\/comments?post=32828"}],"version-history":[{"count":1,"href":"https:\/\/marthacifuentes.com\/portada\/wp-json\/wp\/v2\/posts\/32828\/revisions"}],"predecessor-version":[{"id":32830,"href":"https:\/\/marthacifuentes.com\/portada\/wp-json\/wp\/v2\/posts\/32828\/revisions\/32830"}],"wp:featuredmedia":[{"embeddable":true,"href":"https:\/\/marthacifuentes.com\/portada\/wp-json\/wp\/v2\/media\/32829"}],"wp:attachment":[{"href":"https:\/\/marthacifuentes.com\/portada\/wp-json\/wp\/v2\/media?parent=32828"}],"wp:term":[{"taxonomy":"category","embeddable":true,"href":"https:\/\/marthacifuentes.com\/portada\/wp-json\/wp\/v2\/categories?post=32828"},{"taxonomy":"post_tag","embeddable":true,"href":"https:\/\/marthacifuentes.com\/portada\/wp-json\/wp\/v2\/tags?post=32828"}],"curies":[{"name":"wp","href":"https:\/\/api.w.org\/{rel}","templated":true}]}}