{"id":32859,"date":"2024-04-17T11:16:48","date_gmt":"2024-04-17T16:16:48","guid":{"rendered":"https:\/\/marthacifuentes.com\/portada\/?p=32859"},"modified":"2024-04-17T11:44:02","modified_gmt":"2024-04-17T16:44:02","slug":"por-construir-en-ronda-de-cano-cerca-de-60-familias-de-la-vereda-la-union-tendran-que-demoler-sus-edificaciones","status":"publish","type":"post","link":"https:\/\/marthacifuentes.com\/portada\/por-construir-en-ronda-de-cano-cerca-de-60-familias-de-la-vereda-la-union-tendran-que-demoler-sus-edificaciones\/","title":{"rendered":"Por construir en ronda de ca\u00f1o, cerca de 60 familias de la vereda La Uni\u00f3n tendr\u00e1n que demoler sus edificaciones"},"content":{"rendered":"<p>Familias que construyeron en inmediaciones del ca\u00f1o Aguaverde en la vereda La Uni\u00f3n en Yopal est\u00e1n preocupadas por fallo judicial de 2019 a una acci\u00f3n popular de 2014 que los obliga a demoler sus construcciones hechas a menos de 50 metros de la ribera del afluente. Ahora piden apoyo al Concejo de Yopal para evitar el cumplimiento a la orden del juzgado porque supuestamente no fueron notificados.<\/p>\n<p>Varios exconcejales de Yopal, uno ya fallecido, hacen parte de los afectados con la medida ordenada en un fallo judicial del Juzgado Segundo Administrativo.<\/p>\n<p>A pesar de ser de obligatorio cumplimiento, a\u00fan los infractores han hecho caso omiso, pero tarde que temprano tendr\u00edan que demoler o reubicar sus viviendas. Ante la inminencia de esto estas acudieron al Concejo de Yopal para buscar acuerdos con el Juez de Conocimiento que lleva el caso, para que se respeten sus derechos constitucionales.<\/p>\n<p>&nbsp;<\/p>\n<p><strong>No se les hab\u00eda notificado <\/strong><\/p>\n<p>La mayor\u00eda de afectados con el fallo judicial, familias que han habitado desde antes del 2019 en el sector, y otras que adquirieron predios despu\u00e9s de emitirse el fallo, han expresado que no ten\u00edan conocimiento de que existiera la orden judicial, pues no se les habr\u00eda notificado, por lo que manifiestan que se les estar\u00edan vulnerando sus derechos constitucionales.<\/p>\n<p><em>\u201cLa orden judicial ya est\u00e1 ejecutoriada, pero al ser una orden constitucional que busca la protecci\u00f3n de los derechos colectivos constitucionales, le permite al Juez un amplio manejo para que, en cumplimiento a esa orden, no se afecten otros derechos\u201d,<\/em> sostuvo Michael Castro, presidente del Concejo.<\/p>\n<p>Concejo, Alcald\u00eda y comunidad, articular\u00e1n acciones para proponerle al Juez de conocimiento que previo a que se emita orden de ejecutar la sentencia, se verifique el respeto al debido proceso y alternativas que protejan los derechos de las familias.<\/p>\n<p>Se va a adelantar una mesa de trabajo para redactar el escrito dirigido al Juez pidiendo que permita la realizaci\u00f3n de una audiencia de verificaci\u00f3n y que a su vez la comunidad pueda pronunciarse, y que posterior a ello, se realice una inspecci\u00f3n al sitio para verificar la problem\u00e1tica.<\/p>\n<p>Por \u00faltimo, se solicitar\u00e1 que previo a que se impartan ordenes de ejecutar, por ejemplo, orden de desalojo o demolici\u00f3n, se le garantice a la comunidad acciones previas que no vulneren sus derechos.<\/p>\n<h2><span style=\"color: #ff6600;\"><strong>Otras noticias&#8230;<\/strong><\/span><\/h2>\n<blockquote class=\"wp-embedded-content\" data-secret=\"zO50hjRNua\"><p><a href=\"https:\/\/marthacifuentes.com\/portada\/2024\/04\/17\/capturado-autor-del-primer-homicidio-de-2024-en-casanare\/\">Capturado autor del primer homicidio de 2024 en Casanare<\/a><\/p><\/blockquote>\n<p><iframe loading=\"lazy\" class=\"wp-embedded-content\" sandbox=\"allow-scripts\" security=\"restricted\" style=\"position: absolute; clip: rect(1px, 1px, 1px, 1px);\" title=\"\u00abCapturado autor del primer homicidio de 2024 en Casanare\u00bb \u2014 \u25b7 Noticias de Casanare : Martha Cifuentes | Casanare\" src=\"https:\/\/marthacifuentes.com\/portada\/2024\/04\/17\/capturado-autor-del-primer-homicidio-de-2024-en-casanare\/embed\/#?secret=uHAMHxSH2S#?secret=zO50hjRNua\" data-secret=\"zO50hjRNua\" width=\"500\" height=\"282\" frameborder=\"0\" marginwidth=\"0\" marginheight=\"0\" scrolling=\"no\"><\/iframe><\/p>\n<p><iframe loading=\"lazy\" class=\"wp-embedded-content\" title=\"\u00abT\u00e1mara tendr\u00e1 centro cultural y planta procesadora de caf\u00e9 con inversiones de la Gobernaci\u00f3n de Casanare\u00bb \u2014 \u25b7 Noticias de Casanare : Martha Cifuentes | Casanare\" src=\"https:\/\/marthacifuentes.com\/portada\/2024\/04\/16\/tamara-tendra-centro-cultural-y-planta-procesadora-de-cafe-con-inversiones-de-la-gobernacion-de-casanare\/embed\/#?secret=ZLS0IOdEtb#?secret=t3sJ3v4Evq\" width=\"600\" height=\"621\" frameborder=\"0\" marginwidth=\"0\" marginheight=\"0\" scrolling=\"no\" sandbox=\"allow-scripts\" data-secret=\"t3sJ3v4Evq\" data-mce-fragment=\"1\"><\/iframe><\/p>\n<p><iframe loading=\"lazy\" class=\"wp-embedded-content\" title=\"\u00abInconcluso hospital de T\u00e1mara es una mala herencia: Gobernador de Casanare C\u00e9sar Ort\u00edzZorro\u00bb \u2014 \u25b7 Noticias de Casanare : Martha Cifuentes | Casanare\" src=\"https:\/\/marthacifuentes.com\/portada\/2024\/04\/16\/inconcluso-hospital-de-tamara-es-una-mala-herencia-gobernador-de-casanare-cesar-ortizzorro\/embed\/#?secret=yq5ShPZFzY#?secret=Ijz4fQAgIX\" width=\"600\" height=\"600\" frameborder=\"0\" marginwidth=\"0\" marginheight=\"0\" scrolling=\"no\" sandbox=\"allow-scripts\" data-secret=\"Ijz4fQAgIX\" data-mce-fragment=\"1\"><\/iframe><\/p>\n<p>&nbsp;<\/p>\n<p><iframe loading=\"lazy\" class=\"wp-embedded-content\" title=\"\u00abAlcalde de T\u00e1mara, William Forero, amenazado por disidencias de las Farc.\u00bb \u2014 \u25b7 Noticias de Casanare : Martha Cifuentes | Casanare\" src=\"https:\/\/marthacifuentes.com\/portada\/2024\/04\/16\/alcalde-de-tamara-william-forero-amenazado-por-disidencias-de-las-farc\/embed\/#?secret=lJFidAbokr#?secret=Ph0Uo3qdOw\" width=\"600\" height=\"621\" frameborder=\"0\" marginwidth=\"0\" marginheight=\"0\" scrolling=\"no\" sandbox=\"allow-scripts\" data-secret=\"Ph0Uo3qdOw\" data-mce-fragment=\"1\"><\/iframe><\/p>\n<p><iframe loading=\"lazy\" class=\"wp-embedded-content\" title=\"\u00abCelem\u00edn y Rofer Roncancio, obligados, tuvieron que pagar $228 millones al Estado por fallo fiscal de la Contralor\u00eda de Casanare\u00bb \u2014 \u25b7 Noticias de Casanare : Martha Cifuentes | Casanare\" src=\"https:\/\/marthacifuentes.com\/portada\/2024\/04\/15\/celemin-y-rofer-roncancio-obligados-tuvieron-que-pagar-228-millones-al-estado-por-fallo-fiscal-de-la-contraloria-de-casanare\/embed\/#?secret=iO36A3TUBv#?secret=BqmQ198e2E\" width=\"600\" height=\"649\" frameborder=\"0\" marginwidth=\"0\" marginheight=\"0\" scrolling=\"no\" sandbox=\"allow-scripts\" data-secret=\"BqmQ198e2E\" data-mce-fragment=\"1\"><\/iframe><\/p>\n<p><iframe loading=\"lazy\" class=\"wp-embedded-content\" title=\"\u00abGobernantes indolentes de Casanare dejaron perder m\u00e1s de $27.403 millones por contratar con fondos mixtos y asociaciones\u00bb \u2014 \u25b7 Noticias de Casanare : Martha Cifuentes | Casanare\" src=\"https:\/\/marthacifuentes.com\/portada\/2024\/04\/15\/gobernantes-indolentes-de-casanare-dejaron-perder-mas-de-27-403-millones-por-contratar-con-fondos-mixtos-y-asociaciones\/embed\/#?secret=wurn9zFFhX#?secret=EeybuA45UH\" width=\"600\" height=\"649\" frameborder=\"0\" marginwidth=\"0\" marginheight=\"0\" scrolling=\"no\" sandbox=\"allow-scripts\" data-secret=\"EeybuA45UH\" data-mce-fragment=\"1\"><\/iframe><\/p>\n<p><iframe loading=\"lazy\" class=\"wp-embedded-content\" title=\"\u00abAlias Antonio Medina, cabecilla de las Farc, instiga venganza interna tras la ca\u00edda en combate de su pareja \u2018Alexa\u2019\u00bb \u2014 \u25b7 Noticias de Casanare : Martha Cifuentes | Casanare\" src=\"https:\/\/marthacifuentes.com\/portada\/2024\/04\/12\/alias-antonio-medina-cabecilla-de-las-farc-instiga-venganza-interna-tras-la-caida-en-combate-de-su-pareja-alexa\/embed\/#?secret=6XxdvpInij#?secret=SzpmhB2M5O\" width=\"600\" height=\"649\" frameborder=\"0\" marginwidth=\"0\" marginheight=\"0\" scrolling=\"no\" sandbox=\"allow-scripts\" data-secret=\"SzpmhB2M5O\" data-mce-fragment=\"1\"><\/iframe><\/p>\n<p><iframe loading=\"lazy\" class=\"wp-embedded-content\" title=\"\u00abContrato del \u201cvideocaramelo\u201d de la PTAR entre Eaaay e Ingenicontec debe anularse. Era un concesi\u00f3n disfrazada y un endeudamiento a 30 a\u00f1os: Fallo de Juzgado de Yopal.\u00bb \u2014 \u25b7 Noticias de Casanare : Martha Cifuentes | Casanare\" src=\"https:\/\/marthacifuentes.com\/portada\/2024\/04\/09\/contrato-del-videocaramelo-de-la-ptar-entre-eaaay-e-ingenicontec-debe-anularse-era-un-concesion-disfrazada-y-un-endeudamiento-a-30-anos-fallo-de-juzgado-de-yopal\/embed\/#?secret=sCnOmXqQlI#?secret=px29wi6T1v\" width=\"600\" height=\"643\" frameborder=\"0\" marginwidth=\"0\" marginheight=\"0\" scrolling=\"no\" sandbox=\"allow-scripts\" data-secret=\"px29wi6T1v\" data-mce-fragment=\"1\"><\/iframe><\/p>\n<p><iframe loading=\"lazy\" class=\"wp-embedded-content\" title=\"\u00abEn menos de 5 d\u00edas Casanare ha sido sacudida con varios temblores. Qu\u00e9 hacer frente a ello.\u00bb \u2014 \u25b7 Noticias de Casanare : Martha Cifuentes | Casanare\" src=\"https:\/\/marthacifuentes.com\/portada\/2024\/04\/04\/en-menos-de-5-dias-casanare-ha-sido-sacudida-con-varios-temblores-que-hacer-frente-a-ello\/embed\/#?secret=9k96Zu15JT#?secret=PNTw0yjeF8\" width=\"600\" height=\"621\" frameborder=\"0\" marginwidth=\"0\" marginheight=\"0\" scrolling=\"no\" sandbox=\"allow-scripts\" data-secret=\"PNTw0yjeF8\" data-mce-fragment=\"1\"><\/iframe><\/p>\n<p><iframe loading=\"lazy\" class=\"wp-embedded-content\" title=\"\u00abIFC relanz\u00f3 Escuela de Negocios ante estudiantes del colegio de Llano Lindo en Yopal. Promovi\u00f3 cr\u00e9ditos escolares.\u00bb \u2014 \u25b7 Noticias de Casanare : Martha Cifuentes | Casanare\" src=\"https:\/\/marthacifuentes.com\/portada\/2024\/04\/04\/ifc-relanzo-escuela-de-negocios-ante-estudiantes-del-colegio-de-llano-lindo-en-yopal-promovio-creditos-escolares\/embed\/#?secret=HX4CZJK4oF#?secret=50j2iwgOrP\" width=\"600\" height=\"649\" frameborder=\"0\" marginwidth=\"0\" marginheight=\"0\" scrolling=\"no\" sandbox=\"allow-scripts\" data-secret=\"50j2iwgOrP\" data-mce-fragment=\"1\"><\/iframe><\/p>\n<p><iframe loading=\"lazy\" class=\"wp-embedded-content\" title=\"\u00abAbogados de la Orinoquia exigieron sanciones y justicia por la agresi\u00f3n policial contra defensor Lenin Bustos.\u00bb \u2014 \u25b7 Noticias de Casanare : Martha Cifuentes | Casanare\" src=\"https:\/\/marthacifuentes.com\/portada\/2024\/04\/04\/abogados-de-la-orinoquia-exigieron-sanciones-y-justicia-por-la-agresion-policial-contra-defensor-lenin-bustos\/embed\/#?secret=Jb7bSwJHeQ#?secret=2PlHm2Hc4p\" width=\"600\" height=\"649\" frameborder=\"0\" marginwidth=\"0\" marginheight=\"0\" scrolling=\"no\" sandbox=\"allow-scripts\" data-secret=\"2PlHm2Hc4p\" data-mce-fragment=\"1\"><\/iframe><\/p>\n<p><iframe loading=\"lazy\" class=\"wp-embedded-content\" title=\"\u00abSe posesionaron nuevos corregidores en Yopal. Se les pidi\u00f3 ser un enlace con la comunidad.\u00bb \u2014 \u25b7 Noticias de Casanare : Martha Cifuentes | Casanare\" src=\"https:\/\/marthacifuentes.com\/portada\/2024\/04\/04\/se-posesionaron-nuevos-corregidores-en-yopal-se-les-pidio-ser-un-enlace-con-la-comunidad\/embed\/#?secret=moZZe9E0QD#?secret=pWsAd4Npqm\" width=\"600\" height=\"620\" frameborder=\"0\" marginwidth=\"0\" marginheight=\"0\" scrolling=\"no\" sandbox=\"allow-scripts\" data-secret=\"pWsAd4Npqm\" data-mce-fragment=\"1\"><\/iframe><\/p>\n<p><iframe loading=\"lazy\" class=\"wp-embedded-content\" title=\"\u00abLa casanare\u00f1a Sonia Bernal llega al Senado a reforzar bancada del Pacto Hist\u00f3rico\u00bb \u2014 \u25b7 Noticias de Casanare : Martha Cifuentes | Casanare\" src=\"https:\/\/marthacifuentes.com\/portada\/2024\/04\/03\/la-casanarena-sonia-bernal-llega-al-senado-a-reforzar-bancada-del-pacto-historico\/embed\/#?secret=yMtM3yuiML#?secret=oSBomt7RYh\" width=\"600\" height=\"621\" frameborder=\"0\" marginwidth=\"0\" marginheight=\"0\" scrolling=\"no\" sandbox=\"allow-scripts\" data-secret=\"oSBomt7RYh\" data-mce-fragment=\"1\"><\/iframe><\/p>\n<p><iframe loading=\"lazy\" class=\"wp-embedded-content\" title=\"\u00abSanitas intervenida por la Supersalud. Pese a parte de tranquilidad de esta, 5.7 millones de afiliados est\u00e1n en alerta.\u00bb \u2014 \u25b7 Noticias de Casanare : Martha Cifuentes | Casanare\" src=\"https:\/\/marthacifuentes.com\/portada\/2024\/04\/03\/sanitas-intervenida-por-la-supersalud-pese-a-parte-de-tranquilidad-de-esta-5-7-millones-de-afiliados-estan-en-alerta\/embed\/#?secret=w1wJ5ZBqJy#?secret=3akltSlq2u\" width=\"600\" height=\"649\" frameborder=\"0\" marginwidth=\"0\" marginheight=\"0\" scrolling=\"no\" sandbox=\"allow-scripts\" data-secret=\"3akltSlq2u\" data-mce-fragment=\"1\"><\/iframe><\/p>\n<p><iframe loading=\"lazy\" class=\"wp-embedded-content\" title=\"\u00abA pesar de fuerte sismo no se reportaron da\u00f1os de trascendencia en Yopal: Oficina de Gesti\u00f3n del Riesgo\u00bb \u2014 \u25b7 Noticias de Casanare : Martha Cifuentes | Casanare\" src=\"https:\/\/marthacifuentes.com\/portada\/2024\/04\/03\/a-pesar-de-fuerte-sismo-no-se-reportaron-danos-de-trascendencia-en-yopal-oficina-de-gestion-del-riesgo\/embed\/#?secret=wqjuR7MsFq#?secret=1GKxM9v2Wv\" width=\"600\" height=\"600\" frameborder=\"0\" marginwidth=\"0\" marginheight=\"0\" scrolling=\"no\" sandbox=\"allow-scripts\" data-secret=\"1GKxM9v2Wv\" data-mce-fragment=\"1\"><\/iframe><\/p>\n<p><iframe loading=\"lazy\" class=\"wp-embedded-content\" title=\"\u00abPliego de cargos contra exalcalde de Hato Corozal por no ejecutar recursos para ind\u00edgenas\u00bb \u2014 \u25b7 Noticias de Casanare : Martha Cifuentes | Casanare\" src=\"https:\/\/marthacifuentes.com\/portada\/2024\/04\/02\/pliego-de-cargos-contra-exalcalde-de-hato-corozal-por-no-ejecutar-recursos-para-indigenas\/embed\/#?secret=5etqwADsdX#?secret=piuhENhiKH\" width=\"600\" height=\"620\" frameborder=\"0\" marginwidth=\"0\" marginheight=\"0\" scrolling=\"no\" sandbox=\"allow-scripts\" data-secret=\"piuhENhiKH\" data-mce-fragment=\"1\"><\/iframe><\/p>\n<p><iframe loading=\"lazy\" class=\"wp-embedded-content\" title=\"\u00abSonia Bernal: De frente contra la trata de personas\u00bb \u2014 \u25b7 Noticias de Casanare : Martha Cifuentes | Casanare\" src=\"https:\/\/marthacifuentes.com\/portada\/2024\/04\/02\/sonia-bernal-de-frente-contra-la-trata-de-personas\/embed\/#?secret=AMfRXtkdpF#?secret=eJzs9xi4Zn\" width=\"600\" height=\"592\" frameborder=\"0\" marginwidth=\"0\" marginheight=\"0\" scrolling=\"no\" sandbox=\"allow-scripts\" data-secret=\"eJzs9xi4Zn\" data-mce-fragment=\"1\"><\/iframe><\/p>\n<p><iframe loading=\"lazy\" class=\"wp-embedded-content\" title=\"\u00abExsecretaria de Salud de Casanare cuestion\u00f3 proceso de nombramiento de gerentes del Horo y Red Salud\u00bb \u2014 \u25b7 Noticias de Casanare : Martha Cifuentes | Casanare\" src=\"https:\/\/marthacifuentes.com\/portada\/2024\/04\/02\/exsecretaria-de-salud-de-casanare-cuestiono-proceso-de-nombramiento-de-gerentes-del-horo-y-red-salud\/embed\/#?secret=g2xM4qbeKP#?secret=XvHBmfcsQm\" width=\"600\" height=\"608\" frameborder=\"0\" marginwidth=\"0\" marginheight=\"0\" scrolling=\"no\" sandbox=\"allow-scripts\" data-secret=\"XvHBmfcsQm\" data-mce-fragment=\"1\"><\/iframe><\/p>\n<p><iframe loading=\"lazy\" class=\"wp-embedded-content\" title=\"\u00abA la c\u00e1rcel profesor, presunto ped\u00f3filo, en Paz de Ariporo: Es acusado de abusar de tres menores de 10 a\u00f1os.\u00bb \u2014 \u25b7 Noticias de Casanare : Martha Cifuentes | Casanare\" src=\"https:\/\/marthacifuentes.com\/portada\/2024\/04\/01\/a-la-carcel-profesor-presunto-pedofilo-en-paz-de-ariporo-es-acusado-de-abusar-de-tres-menores-de-10-anos\/embed\/#?secret=yCstPEsEQC#?secret=foann5AQsG\" width=\"600\" height=\"649\" frameborder=\"0\" marginwidth=\"0\" marginheight=\"0\" scrolling=\"no\" sandbox=\"allow-scripts\" data-secret=\"foann5AQsG\" data-mce-fragment=\"1\"><\/iframe><\/p>\n<p><iframe loading=\"lazy\" class=\"wp-embedded-content\" title=\"\u00abEl enfermero jefe y abogado Jhon Paulino Rojas es el nuevo gerente de la Ese Salud Yopal\u00bb \u2014 \u25b7 Noticias de Casanare : Martha Cifuentes | Casanare\" src=\"https:\/\/marthacifuentes.com\/portada\/2024\/04\/01\/el-enfermero-jefe-y-abogado-jhon-paulino-rojas-es-el-nuevo-gerente-de-la-ese-salud-yopal\/embed\/#?secret=2LKz9Ny2Hw#?secret=5DKuNkTOnx\" width=\"600\" height=\"600\" frameborder=\"0\" marginwidth=\"0\" marginheight=\"0\" scrolling=\"no\" sandbox=\"allow-scripts\" data-secret=\"5DKuNkTOnx\" data-mce-fragment=\"1\"><\/iframe><\/p>\n<p><iframe loading=\"lazy\" class=\"wp-embedded-content\" title=\"\u00abUna trinite\u00f1a y una pore\u00f1a, nuevas gerentes de Horo y Red Salud Casanare, respectivamente.\u00bb \u2014 \u25b7 Noticias de Casanare : Martha Cifuentes | Casanare\" src=\"https:\/\/marthacifuentes.com\/portada\/2024\/04\/01\/una-trinitena-y-una-porena-nuevas-gerentes-de-horo-y-red-salud-casanare-respectivamente\/embed\/#?secret=QswIER2FYB#?secret=zG7NMUzIpD\" width=\"600\" height=\"621\" frameborder=\"0\" marginwidth=\"0\" marginheight=\"0\" scrolling=\"no\" sandbox=\"allow-scripts\" data-secret=\"zG7NMUzIpD\" data-mce-fragment=\"1\"><\/iframe><\/p>\n<p><iframe loading=\"lazy\" class=\"wp-embedded-content\" title=\"\u00abTragedia cl\u00ednica en Casanare: Fallece mujer por complicaciones post-ces\u00e1rea\u00bb \u2014 \u25b7 Noticias de Casanare : Martha Cifuentes | Casanare\" src=\"https:\/\/marthacifuentes.com\/portada\/2024\/04\/01\/tragedia-clinica-en-casanare-fallece-mujer-por-complicaciones-post-cesarea\/embed\/#?secret=3lLPyc4g46#?secret=Crow3RcyHG\" width=\"600\" height=\"621\" frameborder=\"0\" marginwidth=\"0\" marginheight=\"0\" scrolling=\"no\" sandbox=\"allow-scripts\" data-secret=\"Crow3RcyHG\" data-mce-fragment=\"1\"><\/iframe><\/p>\n<p><iframe loading=\"lazy\" class=\"wp-embedded-content\" title=\"\u00abHomicidio en Recetor. Un hombre de 30 a\u00f1os fue baleado.\u00bb \u2014 \u25b7 Noticias de Casanare : Martha Cifuentes | Casanare\" src=\"https:\/\/marthacifuentes.com\/portada\/2024\/04\/01\/homicidio-en-recetor-un-hombre-de-30-anos-fue-baleado\/embed\/#?secret=o0IfEd4hSd#?secret=pWCyqZE02l\" width=\"600\" height=\"621\" frameborder=\"0\" marginwidth=\"0\" marginheight=\"0\" scrolling=\"no\" sandbox=\"allow-scripts\" data-secret=\"pWCyqZE02l\" data-mce-fragment=\"1\"><\/iframe><\/p>\n<p><iframe loading=\"lazy\" class=\"wp-embedded-content\" title=\"\u00abTiembla en Casanare. Tres sismos de baja intensidad fueron reportados en un solo d\u00eda.\u00bb \u2014 \u25b7 Noticias de Casanare : Martha Cifuentes | Casanare\" src=\"https:\/\/marthacifuentes.com\/portada\/2024\/04\/01\/tiembla-en-casanare-tres-sismos-de-baja-intensidad-fueron-reportados-en-un-solo-dia\/embed\/#?secret=6sei8IWc9B#?secret=basHHxzIfi\" width=\"600\" height=\"600\" frameborder=\"0\" marginwidth=\"0\" marginheight=\"0\" scrolling=\"no\" sandbox=\"allow-scripts\" data-secret=\"basHHxzIfi\" data-mce-fragment=\"1\"><\/iframe><\/p>\n<p><iframe loading=\"lazy\" class=\"wp-embedded-content\" title=\"\u00abYopal se llena de basuras en sus calles. L\u00edo en el relleno sanitario genera demoras en las rutas de recolecci\u00f3n.\u00bb \u2014 \u25b7 Noticias de Casanare : Martha Cifuentes | Casanare\" src=\"https:\/\/marthacifuentes.com\/portada\/2024\/03\/21\/yopal-se-llena-de-basuras-en-sus-calles-lio-en-el-relleno-sanitario-genera-demoras-en-las-rutas-de-recoleccion\/embed\/#?secret=O8fd1URFeJ#?secret=glceAUywv1\" width=\"600\" height=\"593\" frameborder=\"0\" marginwidth=\"0\" marginheight=\"0\" scrolling=\"no\" sandbox=\"allow-scripts\" data-secret=\"glceAUywv1\" data-mce-fragment=\"1\"><\/iframe><\/p>\n<p><iframe loading=\"lazy\" class=\"wp-embedded-content\" title=\"\u00abPAE de Casanare: En la mira de la comunidad y los pol\u00edticos. C\u00f3mo va, cumplido un mes de haber sido contratado.\u00bb \u2014 \u25b7 Noticias de Casanare : Martha Cifuentes | Casanare\" src=\"https:\/\/marthacifuentes.com\/portada\/2024\/03\/21\/pae-de-casanare-en-la-mira-de-la-comunidad-y-los-politicos-como-va-cumplido-un-mes-de-haber-sido-contratado\/embed\/#?secret=RMpnzJdZsJ#?secret=TvkkMqnOIo\" width=\"600\" height=\"628\" frameborder=\"0\" marginwidth=\"0\" marginheight=\"0\" scrolling=\"no\" sandbox=\"allow-scripts\" data-secret=\"TvkkMqnOIo\" data-mce-fragment=\"1\"><\/iframe><\/p>\n","protected":false},"excerpt":{"rendered":"<p>Familias que construyeron en inmediaciones del ca\u00f1o Aguaverde en la vereda La Uni\u00f3n en Yopal est\u00e1n preocupadas por fallo judicial de 2019 a una acci\u00f3n popular de 2014 que los obliga a demoler sus construcciones hechas a menos de 50 metros de la ribera del afluente. Ahora piden apoyo al Concejo de Yopal para evitar &hellip;<\/p>\n","protected":false},"author":2,"featured_media":32860,"comment_status":"open","ping_status":"open","sticky":false,"template":"","format":"standard","meta":{"om_disable_all_campaigns":false,"_exactmetrics_skip_tracking":false,"_exactmetrics_sitenote_active":false,"_exactmetrics_sitenote_note":"","_exactmetrics_sitenote_category":0,"_monsterinsights_skip_tracking":false,"_monsterinsights_sitenote_active":false,"_monsterinsights_sitenote_note":"","_monsterinsights_sitenote_category":0,"_uf_show_specific_survey":0,"_uf_disable_surveys":false,"_joinchat":[],"footnotes":""},"categories":[147,146,145],"tags":[9684,9683,9682,1400,1421],"class_list":["post-32859","post","type-post","status-publish","format-standard","has-post-thumbnail","hentry","category-actualidad","category-noticias","category-reportajes","tag-accion-popular-ronda-cano-aguaverde-yopal","tag-familias-preocupadas-por","tag-invasores-infractores-cano-aguaverde-yopal","tag-noticias-casanare","tag-noticias-yopal"],"yoast_head":"<!-- This site is optimized with the Yoast SEO plugin v26.1 - https:\/\/yoast.com\/wordpress\/plugins\/seo\/ -->\n<title>Por construir en ronda de ca\u00f1o, cerca de 60 familias de la vereda La Uni\u00f3n tendr\u00e1n que demoler sus edificaciones - \u25b7 Noticias de Casanare : Martha Cifuentes | Casanare<\/title>\n<meta name=\"robots\" content=\"index, follow, max-snippet:-1, max-image-preview:large, max-video-preview:-1\" \/>\n<link rel=\"canonical\" href=\"https:\/\/marthacifuentes.com\/portada\/por-construir-en-ronda-de-cano-cerca-de-60-familias-de-la-vereda-la-union-tendran-que-demoler-sus-edificaciones\/\" \/>\n<meta property=\"og:locale\" content=\"es_ES\" \/>\n<meta property=\"og:type\" content=\"article\" \/>\n<meta property=\"og:title\" content=\"Por construir en ronda de ca\u00f1o, cerca de 60 familias de la vereda La Uni\u00f3n tendr\u00e1n que demoler sus edificaciones - \u25b7 Noticias de Casanare : Martha Cifuentes | Casanare\" \/>\n<meta property=\"og:description\" content=\"Familias que construyeron en inmediaciones del ca\u00f1o Aguaverde en la vereda La Uni\u00f3n en Yopal est\u00e1n preocupadas por fallo judicial de 2019 a una acci\u00f3n popular de 2014 que los obliga a demoler sus construcciones hechas a menos de 50 metros de la ribera del afluente. Ahora piden apoyo al Concejo de Yopal para evitar &hellip;\" \/>\n<meta property=\"og:url\" content=\"https:\/\/marthacifuentes.com\/portada\/por-construir-en-ronda-de-cano-cerca-de-60-familias-de-la-vereda-la-union-tendran-que-demoler-sus-edificaciones\/\" \/>\n<meta property=\"og:site_name\" content=\"\u25b7 Noticias de Casanare : Martha Cifuentes | Casanare\" \/>\n<meta property=\"article:published_time\" content=\"2024-04-17T16:16:48+00:00\" \/>\n<meta property=\"article:modified_time\" content=\"2024-04-17T16:44:02+00:00\" \/>\n<meta property=\"og:image\" content=\"https:\/\/marthacifuentes.com\/portada\/wp-content\/uploads\/2024\/04\/cano-agua-verde.jpg\" \/>\n\t<meta property=\"og:image:width\" content=\"709\" \/>\n\t<meta property=\"og:image:height\" content=\"471\" \/>\n\t<meta property=\"og:image:type\" content=\"image\/jpeg\" \/>\n<meta name=\"author\" content=\"Martha Cifuentes\" \/>\n<meta name=\"twitter:card\" content=\"summary_large_image\" \/>\n<meta name=\"twitter:label1\" content=\"Escrito por\" \/>\n\t<meta name=\"twitter:data1\" content=\"Martha Cifuentes\" \/>\n\t<meta name=\"twitter:label2\" content=\"Tiempo de lectura\" \/>\n\t<meta name=\"twitter:data2\" content=\"2 minutos\" \/>\n<script type=\"application\/ld+json\" class=\"yoast-schema-graph\">{\"@context\":\"https:\/\/schema.org\",\"@graph\":[{\"@type\":\"WebPage\",\"@id\":\"https:\/\/marthacifuentes.com\/portada\/por-construir-en-ronda-de-cano-cerca-de-60-familias-de-la-vereda-la-union-tendran-que-demoler-sus-edificaciones\/\",\"url\":\"https:\/\/marthacifuentes.com\/portada\/por-construir-en-ronda-de-cano-cerca-de-60-familias-de-la-vereda-la-union-tendran-que-demoler-sus-edificaciones\/\",\"name\":\"Por construir en ronda de ca\u00f1o, cerca de 60 familias de la vereda La Uni\u00f3n tendr\u00e1n que demoler sus edificaciones - \u25b7 Noticias de Casanare : Martha Cifuentes | Casanare\",\"isPartOf\":{\"@id\":\"https:\/\/marthacifuentes.com\/portada\/#website\"},\"primaryImageOfPage\":{\"@id\":\"https:\/\/marthacifuentes.com\/portada\/por-construir-en-ronda-de-cano-cerca-de-60-familias-de-la-vereda-la-union-tendran-que-demoler-sus-edificaciones\/#primaryimage\"},\"image\":{\"@id\":\"https:\/\/marthacifuentes.com\/portada\/por-construir-en-ronda-de-cano-cerca-de-60-familias-de-la-vereda-la-union-tendran-que-demoler-sus-edificaciones\/#primaryimage\"},\"thumbnailUrl\":\"https:\/\/marthacifuentes.com\/portada\/wp-content\/uploads\/2024\/04\/cano-agua-verde.jpg\",\"datePublished\":\"2024-04-17T16:16:48+00:00\",\"dateModified\":\"2024-04-17T16:44:02+00:00\",\"author\":{\"@id\":\"https:\/\/marthacifuentes.com\/portada\/#\/schema\/person\/57f53174b991db5f90ff78d58502b714\"},\"breadcrumb\":{\"@id\":\"https:\/\/marthacifuentes.com\/portada\/por-construir-en-ronda-de-cano-cerca-de-60-familias-de-la-vereda-la-union-tendran-que-demoler-sus-edificaciones\/#breadcrumb\"},\"inLanguage\":\"es\",\"potentialAction\":[{\"@type\":\"ReadAction\",\"target\":[\"https:\/\/marthacifuentes.com\/portada\/por-construir-en-ronda-de-cano-cerca-de-60-familias-de-la-vereda-la-union-tendran-que-demoler-sus-edificaciones\/\"]}]},{\"@type\":\"ImageObject\",\"inLanguage\":\"es\",\"@id\":\"https:\/\/marthacifuentes.com\/portada\/por-construir-en-ronda-de-cano-cerca-de-60-familias-de-la-vereda-la-union-tendran-que-demoler-sus-edificaciones\/#primaryimage\",\"url\":\"https:\/\/marthacifuentes.com\/portada\/wp-content\/uploads\/2024\/04\/cano-agua-verde.jpg\",\"contentUrl\":\"https:\/\/marthacifuentes.com\/portada\/wp-content\/uploads\/2024\/04\/cano-agua-verde.jpg\",\"width\":709,\"height\":471},{\"@type\":\"BreadcrumbList\",\"@id\":\"https:\/\/marthacifuentes.com\/portada\/por-construir-en-ronda-de-cano-cerca-de-60-familias-de-la-vereda-la-union-tendran-que-demoler-sus-edificaciones\/#breadcrumb\",\"itemListElement\":[{\"@type\":\"ListItem\",\"position\":1,\"name\":\"Portada\",\"item\":\"https:\/\/marthacifuentes.com\/portada\/\"},{\"@type\":\"ListItem\",\"position\":2,\"name\":\"Por construir en ronda de ca\u00f1o, cerca de 60 familias de la vereda La Uni\u00f3n tendr\u00e1n que demoler sus edificaciones\"}]},{\"@type\":\"WebSite\",\"@id\":\"https:\/\/marthacifuentes.com\/portada\/#website\",\"url\":\"https:\/\/marthacifuentes.com\/portada\/\",\"name\":\"\u25b7 Noticias de Casanare : Martha Cifuentes | Casanare\",\"description\":\"Noticias &amp; Contenidos\",\"potentialAction\":[{\"@type\":\"SearchAction\",\"target\":{\"@type\":\"EntryPoint\",\"urlTemplate\":\"https:\/\/marthacifuentes.com\/portada\/?s={search_term_string}\"},\"query-input\":{\"@type\":\"PropertyValueSpecification\",\"valueRequired\":true,\"valueName\":\"search_term_string\"}}],\"inLanguage\":\"es\"},{\"@type\":\"Person\",\"@id\":\"https:\/\/marthacifuentes.com\/portada\/#\/schema\/person\/57f53174b991db5f90ff78d58502b714\",\"name\":\"Martha Cifuentes\",\"image\":{\"@type\":\"ImageObject\",\"inLanguage\":\"es\",\"@id\":\"https:\/\/marthacifuentes.com\/portada\/#\/schema\/person\/image\/\",\"url\":\"http:\/\/marthacifuentes.com\/portada\/wp-content\/uploads\/2018\/06\/avatar_user_2_1528838701-96x96.jpg\",\"contentUrl\":\"http:\/\/marthacifuentes.com\/portada\/wp-content\/uploads\/2018\/06\/avatar_user_2_1528838701-96x96.jpg\",\"caption\":\"Martha Cifuentes\"},\"sameAs\":[\"http:\/\/www.marthacifuentes.com\"],\"url\":\"https:\/\/marthacifuentes.com\/portada\/author\/martha\/\"}]}<\/script>\n<!-- \/ Yoast SEO plugin. -->","yoast_head_json":{"title":"Por construir en ronda de ca\u00f1o, cerca de 60 familias de la vereda La Uni\u00f3n tendr\u00e1n que demoler sus edificaciones - \u25b7 Noticias de Casanare : Martha Cifuentes | Casanare","robots":{"index":"index","follow":"follow","max-snippet":"max-snippet:-1","max-image-preview":"max-image-preview:large","max-video-preview":"max-video-preview:-1"},"canonical":"https:\/\/marthacifuentes.com\/portada\/por-construir-en-ronda-de-cano-cerca-de-60-familias-de-la-vereda-la-union-tendran-que-demoler-sus-edificaciones\/","og_locale":"es_ES","og_type":"article","og_title":"Por construir en ronda de ca\u00f1o, cerca de 60 familias de la vereda La Uni\u00f3n tendr\u00e1n que demoler sus edificaciones - \u25b7 Noticias de Casanare : Martha Cifuentes | Casanare","og_description":"Familias que construyeron en inmediaciones del ca\u00f1o Aguaverde en la vereda La Uni\u00f3n en Yopal est\u00e1n preocupadas por fallo judicial de 2019 a una acci\u00f3n popular de 2014 que los obliga a demoler sus construcciones hechas a menos de 50 metros de la ribera del afluente. Ahora piden apoyo al Concejo de Yopal para evitar &hellip;","og_url":"https:\/\/marthacifuentes.com\/portada\/por-construir-en-ronda-de-cano-cerca-de-60-familias-de-la-vereda-la-union-tendran-que-demoler-sus-edificaciones\/","og_site_name":"\u25b7 Noticias de Casanare : Martha Cifuentes | Casanare","article_published_time":"2024-04-17T16:16:48+00:00","article_modified_time":"2024-04-17T16:44:02+00:00","og_image":[{"width":709,"height":471,"url":"https:\/\/marthacifuentes.com\/portada\/wp-content\/uploads\/2024\/04\/cano-agua-verde.jpg","type":"image\/jpeg"}],"author":"Martha Cifuentes","twitter_card":"summary_large_image","twitter_misc":{"Escrito por":"Martha Cifuentes","Tiempo de lectura":"2 minutos"},"schema":{"@context":"https:\/\/schema.org","@graph":[{"@type":"WebPage","@id":"https:\/\/marthacifuentes.com\/portada\/por-construir-en-ronda-de-cano-cerca-de-60-familias-de-la-vereda-la-union-tendran-que-demoler-sus-edificaciones\/","url":"https:\/\/marthacifuentes.com\/portada\/por-construir-en-ronda-de-cano-cerca-de-60-familias-de-la-vereda-la-union-tendran-que-demoler-sus-edificaciones\/","name":"Por construir en ronda de ca\u00f1o, cerca de 60 familias de la vereda La Uni\u00f3n tendr\u00e1n que demoler sus edificaciones - \u25b7 Noticias de Casanare : Martha Cifuentes | Casanare","isPartOf":{"@id":"https:\/\/marthacifuentes.com\/portada\/#website"},"primaryImageOfPage":{"@id":"https:\/\/marthacifuentes.com\/portada\/por-construir-en-ronda-de-cano-cerca-de-60-familias-de-la-vereda-la-union-tendran-que-demoler-sus-edificaciones\/#primaryimage"},"image":{"@id":"https:\/\/marthacifuentes.com\/portada\/por-construir-en-ronda-de-cano-cerca-de-60-familias-de-la-vereda-la-union-tendran-que-demoler-sus-edificaciones\/#primaryimage"},"thumbnailUrl":"https:\/\/marthacifuentes.com\/portada\/wp-content\/uploads\/2024\/04\/cano-agua-verde.jpg","datePublished":"2024-04-17T16:16:48+00:00","dateModified":"2024-04-17T16:44:02+00:00","author":{"@id":"https:\/\/marthacifuentes.com\/portada\/#\/schema\/person\/57f53174b991db5f90ff78d58502b714"},"breadcrumb":{"@id":"https:\/\/marthacifuentes.com\/portada\/por-construir-en-ronda-de-cano-cerca-de-60-familias-de-la-vereda-la-union-tendran-que-demoler-sus-edificaciones\/#breadcrumb"},"inLanguage":"es","potentialAction":[{"@type":"ReadAction","target":["https:\/\/marthacifuentes.com\/portada\/por-construir-en-ronda-de-cano-cerca-de-60-familias-de-la-vereda-la-union-tendran-que-demoler-sus-edificaciones\/"]}]},{"@type":"ImageObject","inLanguage":"es","@id":"https:\/\/marthacifuentes.com\/portada\/por-construir-en-ronda-de-cano-cerca-de-60-familias-de-la-vereda-la-union-tendran-que-demoler-sus-edificaciones\/#primaryimage","url":"https:\/\/marthacifuentes.com\/portada\/wp-content\/uploads\/2024\/04\/cano-agua-verde.jpg","contentUrl":"https:\/\/marthacifuentes.com\/portada\/wp-content\/uploads\/2024\/04\/cano-agua-verde.jpg","width":709,"height":471},{"@type":"BreadcrumbList","@id":"https:\/\/marthacifuentes.com\/portada\/por-construir-en-ronda-de-cano-cerca-de-60-familias-de-la-vereda-la-union-tendran-que-demoler-sus-edificaciones\/#breadcrumb","itemListElement":[{"@type":"ListItem","position":1,"name":"Portada","item":"https:\/\/marthacifuentes.com\/portada\/"},{"@type":"ListItem","position":2,"name":"Por construir en ronda de ca\u00f1o, cerca de 60 familias de la vereda La Uni\u00f3n tendr\u00e1n que demoler sus edificaciones"}]},{"@type":"WebSite","@id":"https:\/\/marthacifuentes.com\/portada\/#website","url":"https:\/\/marthacifuentes.com\/portada\/","name":"\u25b7 Noticias de Casanare : Martha Cifuentes | Casanare","description":"Noticias &amp; Contenidos","potentialAction":[{"@type":"SearchAction","target":{"@type":"EntryPoint","urlTemplate":"https:\/\/marthacifuentes.com\/portada\/?s={search_term_string}"},"query-input":{"@type":"PropertyValueSpecification","valueRequired":true,"valueName":"search_term_string"}}],"inLanguage":"es"},{"@type":"Person","@id":"https:\/\/marthacifuentes.com\/portada\/#\/schema\/person\/57f53174b991db5f90ff78d58502b714","name":"Martha Cifuentes","image":{"@type":"ImageObject","inLanguage":"es","@id":"https:\/\/marthacifuentes.com\/portada\/#\/schema\/person\/image\/","url":"http:\/\/marthacifuentes.com\/portada\/wp-content\/uploads\/2018\/06\/avatar_user_2_1528838701-96x96.jpg","contentUrl":"http:\/\/marthacifuentes.com\/portada\/wp-content\/uploads\/2018\/06\/avatar_user_2_1528838701-96x96.jpg","caption":"Martha Cifuentes"},"sameAs":["http:\/\/www.marthacifuentes.com"],"url":"https:\/\/marthacifuentes.com\/portada\/author\/martha\/"}]}},"_links":{"self":[{"href":"https:\/\/marthacifuentes.com\/portada\/wp-json\/wp\/v2\/posts\/32859","targetHints":{"allow":["GET"]}}],"collection":[{"href":"https:\/\/marthacifuentes.com\/portada\/wp-json\/wp\/v2\/posts"}],"about":[{"href":"https:\/\/marthacifuentes.com\/portada\/wp-json\/wp\/v2\/types\/post"}],"author":[{"embeddable":true,"href":"https:\/\/marthacifuentes.com\/portada\/wp-json\/wp\/v2\/users\/2"}],"replies":[{"embeddable":true,"href":"https:\/\/marthacifuentes.com\/portada\/wp-json\/wp\/v2\/comments?post=32859"}],"version-history":[{"count":3,"href":"https:\/\/marthacifuentes.com\/portada\/wp-json\/wp\/v2\/posts\/32859\/revisions"}],"predecessor-version":[{"id":32863,"href":"https:\/\/marthacifuentes.com\/portada\/wp-json\/wp\/v2\/posts\/32859\/revisions\/32863"}],"wp:featuredmedia":[{"embeddable":true,"href":"https:\/\/marthacifuentes.com\/portada\/wp-json\/wp\/v2\/media\/32860"}],"wp:attachment":[{"href":"https:\/\/marthacifuentes.com\/portada\/wp-json\/wp\/v2\/media?parent=32859"}],"wp:term":[{"taxonomy":"category","embeddable":true,"href":"https:\/\/marthacifuentes.com\/portada\/wp-json\/wp\/v2\/categories?post=32859"},{"taxonomy":"post_tag","embeddable":true,"href":"https:\/\/marthacifuentes.com\/portada\/wp-json\/wp\/v2\/tags?post=32859"}],"curies":[{"name":"wp","href":"https:\/\/api.w.org\/{rel}","templated":true}]}}