{"id":32867,"date":"2024-04-18T19:33:48","date_gmt":"2024-04-19T00:33:48","guid":{"rendered":"https:\/\/marthacifuentes.com\/portada\/?p=32867"},"modified":"2024-04-18T19:33:48","modified_gmt":"2024-04-19T00:33:48","slug":"cuanto-costara-plan-de-desarrollo-de-yopal-de-marco-tulio-ruiz","status":"publish","type":"post","link":"https:\/\/marthacifuentes.com\/portada\/cuanto-costara-plan-de-desarrollo-de-yopal-de-marco-tulio-ruiz\/","title":{"rendered":"\u00bfCu\u00e1nto costar\u00e1 plan de desarrollo de Yopal de Marco Tulio Ruiz?"},"content":{"rendered":"<p>1.8 Billones de pesos es lo que costar\u00e1 la concreci\u00f3n del Plan de Desarrollo \u201cYopal, para todos\u201d del alcalde Marco Tulio Ruiz. Si bien las fuentes de financiaci\u00f3n son Ingresos Corrientes de Libre Destinaci\u00f3n, Regal\u00edas y Sistema General de Participaciones SGP, se requiere gestionar recursos del orden departamental, nacional e internacional para cumplir lo prometido en campa\u00f1a. As\u00ed se inform\u00f3 durante la audiencia de presentaci\u00f3n del Plan Plurianual de Inversiones de Yopal 2024-2027.<\/p>\n<p>Se depende fuertemente de recursos del Sistema General de Participaciones con al menos el 76% de lo presupuestado. De recursos de regal\u00edas habr\u00e1 una disminuci\u00f3n del 180%, indic\u00f3 el secretario de Hacienda Mauricio Moreno.<\/p>\n<p>Esto se ver\u00e1 algo compensado con un crecimiento de ingresos propios cercano al 170%. Se proyecta recaudar 690 mil millones de pesos en los pr\u00f3ximos 4 a\u00f1os. Para lograr ese presupuesto se realizar\u00e1, entre otras actividades, una actualizaci\u00f3n catastral donde se espera recoger 20 mil millones de pesos.<\/p>\n<p>Igualmente se espera que los proyectos macro sean cofinanciados por el gobierno departamental en un 50%.<\/p>\n<p>&nbsp;<\/p>\n<p><strong>500 mil millones de pesos costar\u00e1n obras de impacto para Yopal: Marco Tulio Ruiz <\/strong><\/p>\n<p>El Plan de Desarrollo contempla la realizaci\u00f3n de obras de impacto social y econ\u00f3mico como la nueva sede administrativa; el polideportivo de la comuna 6; apertura de la calle 50 hasta el nuevo terminal de transportes; apertura de la calle 30 hasta la avenida 1; la doble calzada Yopal-Morichal; la pavimentaci\u00f3n de var\u00edas v\u00edas como Alemania-Nocuito, la Uni\u00f3n-Subasta Ganadera, Punto Nuevo a Quebradaseca, la oprtimizaci\u00f3n de la PTAR y el relleno sanitario El Cascajar, entre otras.<\/p>\n<p>As\u00ed lo verbaliz\u00f3 el mandatario yopale\u00f1o luego de culminada la presentaci\u00f3n del plan plurianual de inversiones 2024-2027.<\/p>\n<p>Expres\u00f3 que estas obras tendr\u00edan un valor de al menos 500 mil millones de pesos, de los cuales se espera que la Gobernaci\u00f3n de Casanare aporte el 50%, previos compromisos hechos con el gobernador C\u00e9sar Ortiz Zorro.<\/p>\n<p>No se descarta un endeudamiento para acelerar la realizaci\u00f3n de las obras, especialmente para el nuevo palacio municipal, el cual ser\u00e1 proyectado a 50 a\u00f1os.<\/p>\n<p>&nbsp;<\/p>\n<p><strong>Vivienda y palacio municipal, prioridades en Plan de Desarrollo de Yopal<\/strong><\/p>\n<p>El alcalde Marco Tulio Ruiz destac\u00f3 dentro de proyectos del Plan de Desarrollo \u201cYopal, para todos\u201d la construcci\u00f3n de un programa de vivienda de 400 apartamentos que quedaran ubicados en la calle 30 con carrera 21, donde actualmente queda la sede de la secretaria de desarrollo econ\u00f3mico.<\/p>\n<p>Igualmente se prev\u00e9 la concreci\u00f3n del proyecto de vivienda Alameda Martha Mojica, para el cual se espera aportes del gobierno departamental y nacional.<\/p>\n<p>Igualmente hizo \u00e9nfasis en la construcci\u00f3n de la nueva sede administrativa de Yopal para solucionar el enorme hacinamiento en el actual palacio municipal y sedes alternas. Para este se contempla un cr\u00e9dito.<\/p>\n<p>&nbsp;<\/p>\n<p><strong>Al menos 32 urbanizaciones ilegales en Yopal fueron legalizadas sin el lleno de requisitos<\/strong><\/p>\n<p>El mandatario cuestion\u00f3 la forma como el gobierno de Luis Eduardo Castro se realiz\u00f3 la legalizaci\u00f3n de 32 asentamientos humanos en Yopal indicando que esto solo se pod\u00eda hacer con una ocupaci\u00f3n superior al 70% de los predios como el caso de La Bendici\u00f3n.<\/p>\n<p>Frente a esto se har\u00e1 el seguimiento a los proyectos para que cumplan con los esquemas diferenciales ante la Administraci\u00f3n Municipal y quienes hagan caso omiso deber\u00e1n enfrentar procesos jur\u00eddicos.<\/p>\n<p>En relaci\u00f3n a la convocatoria que viene realizando el exalcalde de Yopal y condenado por urbanizador ilegal, Jhon Jairo Torres, la jefe de planeaci\u00f3n Claudia Patricia C\u00e1rdenas dijo que la gente ya vio lo sucedido con La Bendici\u00f3n y no se puede repetir esta situaci\u00f3n de este loteo que a\u00fan no ha terminado de ser legalizado.<\/p>\n<p>&nbsp;<\/p>\n<p><strong>Gesti\u00f3n de recursos del orden nacional<\/strong><\/p>\n<p>El gobierno municipal de Yopal gestionar\u00e1 recursos con el gobierno nacional para solucionar problem\u00e1tica de la PTAR, el relleno sanitario El Cascajar de Yopal y l\u00edneas de conducci\u00f3n del agua. Esto podr\u00eda tener un costo de 100 mil millones de pesos.<\/p>\n<p>El alcalde de Yopal Marco Tulio Ruiz expres\u00f3 tambi\u00e9n que nuevamente estuvo hablando con funcionarios de la Superintendencia de Servicios P\u00fablicos sobre la situaci\u00f3n de intervenci\u00f3n de la Eaaay y conoci\u00f3 que el gobierno a trav\u00e9s de esta dependencia dispondr\u00e1 de recursos para carros compactadores y maquinaria para la empresa.<\/p>\n<p>Dijo tambi\u00e9n que se ha trazado una hoja de ruta para recuperar la empresa, pero esto es transversal a las inversiones que realice la alcald\u00eda en saneamiento b\u00e1sico.<\/p>\n<h2><span style=\"color: #ff6600;\">Otras noticias&#8230;<\/span><\/h2>\n<blockquote class=\"wp-embedded-content\" data-secret=\"m6evsHYOTj\"><p><a href=\"https:\/\/marthacifuentes.com\/portada\/2024\/04\/18\/que-ha-hecho-zorro-en-primeros-100-dias-al-frente-de-la-gobernacion-de-casanare\/\">\u00bfQu\u00e9 ha hecho Zorro en primeros 100 d\u00edas al frente de la Gobernaci\u00f3n de Casanare?<\/a><\/p><\/blockquote>\n<p><iframe loading=\"lazy\" class=\"wp-embedded-content\" sandbox=\"allow-scripts\" security=\"restricted\" style=\"position: absolute; clip: rect(1px, 1px, 1px, 1px);\" title=\"\u00ab\u00bfQu\u00e9 ha hecho Zorro en primeros 100 d\u00edas al frente de la Gobernaci\u00f3n de Casanare?\u00bb \u2014 \u25b7 Noticias de Casanare : Martha Cifuentes | Casanare\" src=\"https:\/\/marthacifuentes.com\/portada\/2024\/04\/18\/que-ha-hecho-zorro-en-primeros-100-dias-al-frente-de-la-gobernacion-de-casanare\/embed\/#?secret=yGIGDHNKuh#?secret=m6evsHYOTj\" data-secret=\"m6evsHYOTj\" width=\"500\" height=\"282\" frameborder=\"0\" marginwidth=\"0\" marginheight=\"0\" scrolling=\"no\"><\/iframe><\/p>\n<p><iframe loading=\"lazy\" class=\"wp-embedded-content\" title=\"\u00abPor construir en ronda de ca\u00f1o, cerca de 60 familias de la vereda La Uni\u00f3n tendr\u00e1n que demoler sus edificaciones\u00bb \u2014 \u25b7 Noticias de Casanare : Martha Cifuentes | Casanare\" src=\"https:\/\/marthacifuentes.com\/portada\/2024\/04\/17\/por-construir-en-ronda-de-cano-cerca-de-60-familias-de-la-vereda-la-union-tendran-que-demoler-sus-edificaciones\/embed\/#?secret=6uDpxmk05s#?secret=UZHR09uYuq\" width=\"600\" height=\"628\" frameborder=\"0\" marginwidth=\"0\" marginheight=\"0\" scrolling=\"no\" sandbox=\"allow-scripts\" data-secret=\"UZHR09uYuq\" data-mce-fragment=\"1\"><\/iframe><\/p>\n<p><iframe loading=\"lazy\" class=\"wp-embedded-content\" title=\"\u00abCapturado autor del primer homicidio de 2024 en Casanare\u00bb \u2014 \u25b7 Noticias de Casanare : Martha Cifuentes | Casanare\" src=\"https:\/\/marthacifuentes.com\/portada\/2024\/04\/17\/capturado-autor-del-primer-homicidio-de-2024-en-casanare\/embed\/#?secret=fijTnzJpc4#?secret=0JzyjdWlTr\" width=\"600\" height=\"600\" frameborder=\"0\" marginwidth=\"0\" marginheight=\"0\" scrolling=\"no\" sandbox=\"allow-scripts\" data-secret=\"0JzyjdWlTr\" data-mce-fragment=\"1\"><\/iframe><\/p>\n<p><iframe loading=\"lazy\" class=\"wp-embedded-content\" title=\"\u00abT\u00e1mara tendr\u00e1 centro cultural y planta procesadora de caf\u00e9 con inversiones de la Gobernaci\u00f3n de Casanare\u00bb \u2014 \u25b7 Noticias de Casanare : Martha Cifuentes | Casanare\" src=\"https:\/\/marthacifuentes.com\/portada\/2024\/04\/16\/tamara-tendra-centro-cultural-y-planta-procesadora-de-cafe-con-inversiones-de-la-gobernacion-de-casanare\/embed\/#?secret=ZLS0IOdEtb#?secret=t3sJ3v4Evq\" width=\"600\" height=\"621\" frameborder=\"0\" marginwidth=\"0\" marginheight=\"0\" scrolling=\"no\" sandbox=\"allow-scripts\" data-secret=\"t3sJ3v4Evq\" data-mce-fragment=\"1\"><\/iframe><\/p>\n<p><iframe loading=\"lazy\" class=\"wp-embedded-content\" title=\"\u00abInconcluso hospital de T\u00e1mara es una mala herencia: Gobernador de Casanare C\u00e9sar Ort\u00edzZorro\u00bb \u2014 \u25b7 Noticias de Casanare : Martha Cifuentes | Casanare\" src=\"https:\/\/marthacifuentes.com\/portada\/2024\/04\/16\/inconcluso-hospital-de-tamara-es-una-mala-herencia-gobernador-de-casanare-cesar-ortizzorro\/embed\/#?secret=yq5ShPZFzY#?secret=Ijz4fQAgIX\" width=\"600\" height=\"600\" frameborder=\"0\" marginwidth=\"0\" marginheight=\"0\" scrolling=\"no\" sandbox=\"allow-scripts\" data-secret=\"Ijz4fQAgIX\" data-mce-fragment=\"1\"><\/iframe><\/p>\n<p>&nbsp;<\/p>\n<p><iframe loading=\"lazy\" class=\"wp-embedded-content\" title=\"\u00abAlcalde de T\u00e1mara, William Forero, amenazado por disidencias de las Farc.\u00bb \u2014 \u25b7 Noticias de Casanare : Martha Cifuentes | Casanare\" src=\"https:\/\/marthacifuentes.com\/portada\/2024\/04\/16\/alcalde-de-tamara-william-forero-amenazado-por-disidencias-de-las-farc\/embed\/#?secret=lJFidAbokr#?secret=Ph0Uo3qdOw\" width=\"600\" height=\"621\" frameborder=\"0\" marginwidth=\"0\" marginheight=\"0\" scrolling=\"no\" sandbox=\"allow-scripts\" data-secret=\"Ph0Uo3qdOw\" data-mce-fragment=\"1\"><\/iframe><\/p>\n<p><iframe loading=\"lazy\" class=\"wp-embedded-content\" title=\"\u00abCelem\u00edn y Rofer Roncancio, obligados, tuvieron que pagar $228 millones al Estado por fallo fiscal de la Contralor\u00eda de Casanare\u00bb \u2014 \u25b7 Noticias de Casanare : Martha Cifuentes | Casanare\" src=\"https:\/\/marthacifuentes.com\/portada\/2024\/04\/15\/celemin-y-rofer-roncancio-obligados-tuvieron-que-pagar-228-millones-al-estado-por-fallo-fiscal-de-la-contraloria-de-casanare\/embed\/#?secret=iO36A3TUBv#?secret=BqmQ198e2E\" width=\"600\" height=\"649\" frameborder=\"0\" marginwidth=\"0\" marginheight=\"0\" scrolling=\"no\" sandbox=\"allow-scripts\" data-secret=\"BqmQ198e2E\" data-mce-fragment=\"1\"><\/iframe><\/p>\n<p><iframe loading=\"lazy\" class=\"wp-embedded-content\" title=\"\u00abGobernantes indolentes de Casanare dejaron perder m\u00e1s de $27.403 millones por contratar con fondos mixtos y asociaciones\u00bb \u2014 \u25b7 Noticias de Casanare : Martha Cifuentes | Casanare\" src=\"https:\/\/marthacifuentes.com\/portada\/2024\/04\/15\/gobernantes-indolentes-de-casanare-dejaron-perder-mas-de-27-403-millones-por-contratar-con-fondos-mixtos-y-asociaciones\/embed\/#?secret=wurn9zFFhX#?secret=EeybuA45UH\" width=\"600\" height=\"649\" frameborder=\"0\" marginwidth=\"0\" marginheight=\"0\" scrolling=\"no\" sandbox=\"allow-scripts\" data-secret=\"EeybuA45UH\" data-mce-fragment=\"1\"><\/iframe><\/p>\n<p><iframe loading=\"lazy\" class=\"wp-embedded-content\" title=\"\u00abAlias Antonio Medina, cabecilla de las Farc, instiga venganza interna tras la ca\u00edda en combate de su pareja \u2018Alexa\u2019\u00bb \u2014 \u25b7 Noticias de Casanare : Martha Cifuentes | Casanare\" src=\"https:\/\/marthacifuentes.com\/portada\/2024\/04\/12\/alias-antonio-medina-cabecilla-de-las-farc-instiga-venganza-interna-tras-la-caida-en-combate-de-su-pareja-alexa\/embed\/#?secret=6XxdvpInij#?secret=SzpmhB2M5O\" width=\"600\" height=\"649\" frameborder=\"0\" marginwidth=\"0\" marginheight=\"0\" scrolling=\"no\" sandbox=\"allow-scripts\" data-secret=\"SzpmhB2M5O\" data-mce-fragment=\"1\"><\/iframe><\/p>\n<p><iframe loading=\"lazy\" class=\"wp-embedded-content\" title=\"\u00abContrato del \u201cvideocaramelo\u201d de la PTAR entre Eaaay e Ingenicontec debe anularse. Era un concesi\u00f3n disfrazada y un endeudamiento a 30 a\u00f1os: Fallo de Juzgado de Yopal.\u00bb \u2014 \u25b7 Noticias de Casanare : Martha Cifuentes | Casanare\" src=\"https:\/\/marthacifuentes.com\/portada\/2024\/04\/09\/contrato-del-videocaramelo-de-la-ptar-entre-eaaay-e-ingenicontec-debe-anularse-era-un-concesion-disfrazada-y-un-endeudamiento-a-30-anos-fallo-de-juzgado-de-yopal\/embed\/#?secret=sCnOmXqQlI#?secret=px29wi6T1v\" width=\"600\" height=\"643\" frameborder=\"0\" marginwidth=\"0\" marginheight=\"0\" scrolling=\"no\" sandbox=\"allow-scripts\" data-secret=\"px29wi6T1v\" data-mce-fragment=\"1\"><\/iframe><\/p>\n<p><iframe loading=\"lazy\" class=\"wp-embedded-content\" title=\"\u00abEn menos de 5 d\u00edas Casanare ha sido sacudida con varios temblores. Qu\u00e9 hacer frente a ello.\u00bb \u2014 \u25b7 Noticias de Casanare : Martha Cifuentes | Casanare\" src=\"https:\/\/marthacifuentes.com\/portada\/2024\/04\/04\/en-menos-de-5-dias-casanare-ha-sido-sacudida-con-varios-temblores-que-hacer-frente-a-ello\/embed\/#?secret=9k96Zu15JT#?secret=PNTw0yjeF8\" width=\"600\" height=\"621\" frameborder=\"0\" marginwidth=\"0\" marginheight=\"0\" scrolling=\"no\" sandbox=\"allow-scripts\" data-secret=\"PNTw0yjeF8\" data-mce-fragment=\"1\"><\/iframe><\/p>\n<p><iframe loading=\"lazy\" class=\"wp-embedded-content\" title=\"\u00abIFC relanz\u00f3 Escuela de Negocios ante estudiantes del colegio de Llano Lindo en Yopal. Promovi\u00f3 cr\u00e9ditos escolares.\u00bb \u2014 \u25b7 Noticias de Casanare : Martha Cifuentes | Casanare\" src=\"https:\/\/marthacifuentes.com\/portada\/2024\/04\/04\/ifc-relanzo-escuela-de-negocios-ante-estudiantes-del-colegio-de-llano-lindo-en-yopal-promovio-creditos-escolares\/embed\/#?secret=HX4CZJK4oF#?secret=50j2iwgOrP\" width=\"600\" height=\"649\" frameborder=\"0\" marginwidth=\"0\" marginheight=\"0\" scrolling=\"no\" sandbox=\"allow-scripts\" data-secret=\"50j2iwgOrP\" data-mce-fragment=\"1\"><\/iframe><\/p>\n<p><iframe loading=\"lazy\" class=\"wp-embedded-content\" title=\"\u00abAbogados de la Orinoquia exigieron sanciones y justicia por la agresi\u00f3n policial contra defensor Lenin Bustos.\u00bb \u2014 \u25b7 Noticias de Casanare : Martha Cifuentes | Casanare\" src=\"https:\/\/marthacifuentes.com\/portada\/2024\/04\/04\/abogados-de-la-orinoquia-exigieron-sanciones-y-justicia-por-la-agresion-policial-contra-defensor-lenin-bustos\/embed\/#?secret=Jb7bSwJHeQ#?secret=2PlHm2Hc4p\" width=\"600\" height=\"649\" frameborder=\"0\" marginwidth=\"0\" marginheight=\"0\" scrolling=\"no\" sandbox=\"allow-scripts\" data-secret=\"2PlHm2Hc4p\" data-mce-fragment=\"1\"><\/iframe><\/p>\n<p><iframe loading=\"lazy\" class=\"wp-embedded-content\" title=\"\u00abSe posesionaron nuevos corregidores en Yopal. Se les pidi\u00f3 ser un enlace con la comunidad.\u00bb \u2014 \u25b7 Noticias de Casanare : Martha Cifuentes | Casanare\" src=\"https:\/\/marthacifuentes.com\/portada\/2024\/04\/04\/se-posesionaron-nuevos-corregidores-en-yopal-se-les-pidio-ser-un-enlace-con-la-comunidad\/embed\/#?secret=moZZe9E0QD#?secret=pWsAd4Npqm\" width=\"600\" height=\"620\" frameborder=\"0\" marginwidth=\"0\" marginheight=\"0\" scrolling=\"no\" sandbox=\"allow-scripts\" data-secret=\"pWsAd4Npqm\" data-mce-fragment=\"1\"><\/iframe><\/p>\n<p><iframe loading=\"lazy\" class=\"wp-embedded-content\" title=\"\u00abLa casanare\u00f1a Sonia Bernal llega al Senado a reforzar bancada del Pacto Hist\u00f3rico\u00bb \u2014 \u25b7 Noticias de Casanare : Martha Cifuentes | Casanare\" src=\"https:\/\/marthacifuentes.com\/portada\/2024\/04\/03\/la-casanarena-sonia-bernal-llega-al-senado-a-reforzar-bancada-del-pacto-historico\/embed\/#?secret=yMtM3yuiML#?secret=oSBomt7RYh\" width=\"600\" height=\"621\" frameborder=\"0\" marginwidth=\"0\" marginheight=\"0\" scrolling=\"no\" sandbox=\"allow-scripts\" data-secret=\"oSBomt7RYh\" data-mce-fragment=\"1\"><\/iframe><\/p>\n<p><iframe loading=\"lazy\" class=\"wp-embedded-content\" title=\"\u00abSanitas intervenida por la Supersalud. Pese a parte de tranquilidad de esta, 5.7 millones de afiliados est\u00e1n en alerta.\u00bb \u2014 \u25b7 Noticias de Casanare : Martha Cifuentes | Casanare\" src=\"https:\/\/marthacifuentes.com\/portada\/2024\/04\/03\/sanitas-intervenida-por-la-supersalud-pese-a-parte-de-tranquilidad-de-esta-5-7-millones-de-afiliados-estan-en-alerta\/embed\/#?secret=w1wJ5ZBqJy#?secret=3akltSlq2u\" width=\"600\" height=\"649\" frameborder=\"0\" marginwidth=\"0\" marginheight=\"0\" scrolling=\"no\" sandbox=\"allow-scripts\" data-secret=\"3akltSlq2u\" data-mce-fragment=\"1\"><\/iframe><\/p>\n<p><iframe loading=\"lazy\" class=\"wp-embedded-content\" title=\"\u00abA pesar de fuerte sismo no se reportaron da\u00f1os de trascendencia en Yopal: Oficina de Gesti\u00f3n del Riesgo\u00bb \u2014 \u25b7 Noticias de Casanare : Martha Cifuentes | Casanare\" src=\"https:\/\/marthacifuentes.com\/portada\/2024\/04\/03\/a-pesar-de-fuerte-sismo-no-se-reportaron-danos-de-trascendencia-en-yopal-oficina-de-gestion-del-riesgo\/embed\/#?secret=wqjuR7MsFq#?secret=1GKxM9v2Wv\" width=\"600\" height=\"600\" frameborder=\"0\" marginwidth=\"0\" marginheight=\"0\" scrolling=\"no\" sandbox=\"allow-scripts\" data-secret=\"1GKxM9v2Wv\" data-mce-fragment=\"1\"><\/iframe><\/p>\n<p><iframe loading=\"lazy\" class=\"wp-embedded-content\" title=\"\u00abPliego de cargos contra exalcalde de Hato Corozal por no ejecutar recursos para ind\u00edgenas\u00bb \u2014 \u25b7 Noticias de Casanare : Martha Cifuentes | Casanare\" src=\"https:\/\/marthacifuentes.com\/portada\/2024\/04\/02\/pliego-de-cargos-contra-exalcalde-de-hato-corozal-por-no-ejecutar-recursos-para-indigenas\/embed\/#?secret=5etqwADsdX#?secret=piuhENhiKH\" width=\"600\" height=\"620\" frameborder=\"0\" marginwidth=\"0\" marginheight=\"0\" scrolling=\"no\" sandbox=\"allow-scripts\" data-secret=\"piuhENhiKH\" data-mce-fragment=\"1\"><\/iframe><\/p>\n<p><iframe loading=\"lazy\" class=\"wp-embedded-content\" title=\"\u00abSonia Bernal: De frente contra la trata de personas\u00bb \u2014 \u25b7 Noticias de Casanare : Martha Cifuentes | Casanare\" src=\"https:\/\/marthacifuentes.com\/portada\/2024\/04\/02\/sonia-bernal-de-frente-contra-la-trata-de-personas\/embed\/#?secret=AMfRXtkdpF#?secret=eJzs9xi4Zn\" width=\"600\" height=\"592\" frameborder=\"0\" marginwidth=\"0\" marginheight=\"0\" scrolling=\"no\" sandbox=\"allow-scripts\" data-secret=\"eJzs9xi4Zn\" data-mce-fragment=\"1\"><\/iframe><\/p>\n<p><iframe loading=\"lazy\" class=\"wp-embedded-content\" title=\"\u00abExsecretaria de Salud de Casanare cuestion\u00f3 proceso de nombramiento de gerentes del Horo y Red Salud\u00bb \u2014 \u25b7 Noticias de Casanare : Martha Cifuentes | Casanare\" src=\"https:\/\/marthacifuentes.com\/portada\/2024\/04\/02\/exsecretaria-de-salud-de-casanare-cuestiono-proceso-de-nombramiento-de-gerentes-del-horo-y-red-salud\/embed\/#?secret=g2xM4qbeKP#?secret=XvHBmfcsQm\" width=\"600\" height=\"608\" frameborder=\"0\" marginwidth=\"0\" marginheight=\"0\" scrolling=\"no\" sandbox=\"allow-scripts\" data-secret=\"XvHBmfcsQm\" data-mce-fragment=\"1\"><\/iframe><\/p>\n<p><iframe loading=\"lazy\" class=\"wp-embedded-content\" title=\"\u00abA la c\u00e1rcel profesor, presunto ped\u00f3filo, en Paz de Ariporo: Es acusado de abusar de tres menores de 10 a\u00f1os.\u00bb \u2014 \u25b7 Noticias de Casanare : Martha Cifuentes | Casanare\" src=\"https:\/\/marthacifuentes.com\/portada\/2024\/04\/01\/a-la-carcel-profesor-presunto-pedofilo-en-paz-de-ariporo-es-acusado-de-abusar-de-tres-menores-de-10-anos\/embed\/#?secret=yCstPEsEQC#?secret=foann5AQsG\" width=\"600\" height=\"649\" frameborder=\"0\" marginwidth=\"0\" marginheight=\"0\" scrolling=\"no\" sandbox=\"allow-scripts\" data-secret=\"foann5AQsG\" data-mce-fragment=\"1\"><\/iframe><\/p>\n<p><iframe loading=\"lazy\" class=\"wp-embedded-content\" title=\"\u00abEl enfermero jefe y abogado Jhon Paulino Rojas es el nuevo gerente de la Ese Salud Yopal\u00bb \u2014 \u25b7 Noticias de Casanare : Martha Cifuentes | Casanare\" src=\"https:\/\/marthacifuentes.com\/portada\/2024\/04\/01\/el-enfermero-jefe-y-abogado-jhon-paulino-rojas-es-el-nuevo-gerente-de-la-ese-salud-yopal\/embed\/#?secret=2LKz9Ny2Hw#?secret=5DKuNkTOnx\" width=\"600\" height=\"600\" frameborder=\"0\" marginwidth=\"0\" marginheight=\"0\" scrolling=\"no\" sandbox=\"allow-scripts\" data-secret=\"5DKuNkTOnx\" data-mce-fragment=\"1\"><\/iframe><\/p>\n<p><iframe loading=\"lazy\" class=\"wp-embedded-content\" title=\"\u00abUna trinite\u00f1a y una pore\u00f1a, nuevas gerentes de Horo y Red Salud Casanare, respectivamente.\u00bb \u2014 \u25b7 Noticias de Casanare : Martha Cifuentes | Casanare\" src=\"https:\/\/marthacifuentes.com\/portada\/2024\/04\/01\/una-trinitena-y-una-porena-nuevas-gerentes-de-horo-y-red-salud-casanare-respectivamente\/embed\/#?secret=QswIER2FYB#?secret=zG7NMUzIpD\" width=\"600\" height=\"621\" frameborder=\"0\" marginwidth=\"0\" marginheight=\"0\" scrolling=\"no\" sandbox=\"allow-scripts\" data-secret=\"zG7NMUzIpD\" data-mce-fragment=\"1\"><\/iframe><\/p>\n<p><iframe loading=\"lazy\" class=\"wp-embedded-content\" title=\"\u00abTragedia cl\u00ednica en Casanare: Fallece mujer por complicaciones post-ces\u00e1rea\u00bb \u2014 \u25b7 Noticias de Casanare : Martha Cifuentes | Casanare\" src=\"https:\/\/marthacifuentes.com\/portada\/2024\/04\/01\/tragedia-clinica-en-casanare-fallece-mujer-por-complicaciones-post-cesarea\/embed\/#?secret=3lLPyc4g46#?secret=Crow3RcyHG\" width=\"600\" height=\"621\" frameborder=\"0\" marginwidth=\"0\" marginheight=\"0\" scrolling=\"no\" sandbox=\"allow-scripts\" data-secret=\"Crow3RcyHG\" data-mce-fragment=\"1\"><\/iframe><\/p>\n<p><iframe loading=\"lazy\" class=\"wp-embedded-content\" title=\"\u00abHomicidio en Recetor. Un hombre de 30 a\u00f1os fue baleado.\u00bb \u2014 \u25b7 Noticias de Casanare : Martha Cifuentes | Casanare\" src=\"https:\/\/marthacifuentes.com\/portada\/2024\/04\/01\/homicidio-en-recetor-un-hombre-de-30-anos-fue-baleado\/embed\/#?secret=o0IfEd4hSd#?secret=pWCyqZE02l\" width=\"600\" height=\"621\" frameborder=\"0\" marginwidth=\"0\" marginheight=\"0\" scrolling=\"no\" sandbox=\"allow-scripts\" data-secret=\"pWCyqZE02l\" data-mce-fragment=\"1\"><\/iframe><\/p>\n<p><iframe loading=\"lazy\" class=\"wp-embedded-content\" title=\"\u00abTiembla en Casanare. Tres sismos de baja intensidad fueron reportados en un solo d\u00eda.\u00bb \u2014 \u25b7 Noticias de Casanare : Martha Cifuentes | Casanare\" src=\"https:\/\/marthacifuentes.com\/portada\/2024\/04\/01\/tiembla-en-casanare-tres-sismos-de-baja-intensidad-fueron-reportados-en-un-solo-dia\/embed\/#?secret=6sei8IWc9B#?secret=basHHxzIfi\" width=\"600\" height=\"600\" frameborder=\"0\" marginwidth=\"0\" marginheight=\"0\" scrolling=\"no\" sandbox=\"allow-scripts\" data-secret=\"basHHxzIfi\" data-mce-fragment=\"1\"><\/iframe><\/p>\n<p><iframe loading=\"lazy\" class=\"wp-embedded-content\" title=\"\u00abYopal se llena de basuras en sus calles. L\u00edo en el relleno sanitario genera demoras en las rutas de recolecci\u00f3n.\u00bb \u2014 \u25b7 Noticias de Casanare : Martha Cifuentes | Casanare\" src=\"https:\/\/marthacifuentes.com\/portada\/2024\/03\/21\/yopal-se-llena-de-basuras-en-sus-calles-lio-en-el-relleno-sanitario-genera-demoras-en-las-rutas-de-recoleccion\/embed\/#?secret=O8fd1URFeJ#?secret=glceAUywv1\" width=\"600\" height=\"593\" frameborder=\"0\" marginwidth=\"0\" marginheight=\"0\" scrolling=\"no\" sandbox=\"allow-scripts\" data-secret=\"glceAUywv1\" data-mce-fragment=\"1\"><\/iframe><\/p>\n<p><iframe loading=\"lazy\" class=\"wp-embedded-content\" title=\"\u00abPAE de Casanare: En la mira de la comunidad y los pol\u00edticos. C\u00f3mo va, cumplido un mes de haber sido contratado.\u00bb \u2014 \u25b7 Noticias de Casanare : Martha Cifuentes | Casanare\" src=\"https:\/\/marthacifuentes.com\/portada\/2024\/03\/21\/pae-de-casanare-en-la-mira-de-la-comunidad-y-los-politicos-como-va-cumplido-un-mes-de-haber-sido-contratado\/embed\/#?secret=RMpnzJdZsJ#?secret=TvkkMqnOIo\" width=\"600\" height=\"628\" frameborder=\"0\" marginwidth=\"0\" marginheight=\"0\" scrolling=\"no\" sandbox=\"allow-scripts\" data-secret=\"TvkkMqnOIo\" data-mce-fragment=\"1\"><\/iframe><\/p>\n","protected":false},"excerpt":{"rendered":"<p>1.8 Billones de pesos es lo que costar\u00e1 la concreci\u00f3n del Plan de Desarrollo \u201cYopal, para todos\u201d del alcalde Marco Tulio Ruiz. Si bien las fuentes de financiaci\u00f3n son Ingresos Corrientes de Libre Destinaci\u00f3n, Regal\u00edas y Sistema General de Participaciones SGP, se requiere gestionar recursos del orden departamental, nacional e internacional para cumplir lo prometido &hellip;<\/p>\n","protected":false},"author":2,"featured_media":32868,"comment_status":"open","ping_status":"open","sticky":false,"template":"","format":"standard","meta":{"om_disable_all_campaigns":false,"_exactmetrics_skip_tracking":false,"_exactmetrics_sitenote_active":false,"_exactmetrics_sitenote_note":"","_exactmetrics_sitenote_category":0,"_monsterinsights_skip_tracking":false,"_monsterinsights_sitenote_active":false,"_monsterinsights_sitenote_note":"","_monsterinsights_sitenote_category":0,"_uf_show_specific_survey":0,"_uf_disable_surveys":false,"_joinchat":[],"footnotes":""},"categories":[147,146,145],"tags":[9687,1421,9688,1376],"class_list":["post-32867","post","type-post","status-publish","format-standard","has-post-thumbnail","hentry","category-actualidad","category-noticias","category-reportajes","tag-marco-tulio-ruiz-alcalde-de-yopal","tag-noticias-yopal","tag-plan-plurianual-de-inversiones-yopal-2024-2027","tag-yopal-noticias"],"yoast_head":"<!-- This site is optimized with the Yoast SEO plugin v26.1 - https:\/\/yoast.com\/wordpress\/plugins\/seo\/ -->\n<title>\u00bfCu\u00e1nto costar\u00e1 plan de desarrollo de Yopal de Marco Tulio Ruiz? - \u25b7 Noticias de Casanare : Martha Cifuentes | Casanare<\/title>\n<meta name=\"robots\" content=\"index, follow, max-snippet:-1, max-image-preview:large, max-video-preview:-1\" \/>\n<link rel=\"canonical\" href=\"https:\/\/marthacifuentes.com\/portada\/cuanto-costara-plan-de-desarrollo-de-yopal-de-marco-tulio-ruiz\/\" \/>\n<meta property=\"og:locale\" content=\"es_ES\" \/>\n<meta property=\"og:type\" content=\"article\" \/>\n<meta property=\"og:title\" content=\"\u00bfCu\u00e1nto costar\u00e1 plan de desarrollo de Yopal de Marco Tulio Ruiz? - \u25b7 Noticias de Casanare : Martha Cifuentes | Casanare\" \/>\n<meta property=\"og:description\" content=\"1.8 Billones de pesos es lo que costar\u00e1 la concreci\u00f3n del Plan de Desarrollo \u201cYopal, para todos\u201d del alcalde Marco Tulio Ruiz. Si bien las fuentes de financiaci\u00f3n son Ingresos Corrientes de Libre Destinaci\u00f3n, Regal\u00edas y Sistema General de Participaciones SGP, se requiere gestionar recursos del orden departamental, nacional e internacional para cumplir lo prometido &hellip;\" \/>\n<meta property=\"og:url\" content=\"https:\/\/marthacifuentes.com\/portada\/cuanto-costara-plan-de-desarrollo-de-yopal-de-marco-tulio-ruiz\/\" \/>\n<meta property=\"og:site_name\" content=\"\u25b7 Noticias de Casanare : Martha Cifuentes | Casanare\" \/>\n<meta property=\"article:published_time\" content=\"2024-04-19T00:33:48+00:00\" \/>\n<meta property=\"og:image\" content=\"https:\/\/marthacifuentes.com\/portada\/wp-content\/uploads\/2024\/04\/marco-tulio-ruiz.jpg\" \/>\n\t<meta property=\"og:image:width\" content=\"1280\" \/>\n\t<meta property=\"og:image:height\" content=\"853\" \/>\n\t<meta property=\"og:image:type\" content=\"image\/jpeg\" \/>\n<meta name=\"author\" content=\"Martha Cifuentes\" \/>\n<meta name=\"twitter:card\" content=\"summary_large_image\" \/>\n<meta name=\"twitter:label1\" content=\"Escrito por\" \/>\n\t<meta name=\"twitter:data1\" content=\"Martha Cifuentes\" \/>\n\t<meta name=\"twitter:label2\" content=\"Tiempo de lectura\" \/>\n\t<meta name=\"twitter:data2\" content=\"4 minutos\" \/>\n<script type=\"application\/ld+json\" class=\"yoast-schema-graph\">{\"@context\":\"https:\/\/schema.org\",\"@graph\":[{\"@type\":\"WebPage\",\"@id\":\"https:\/\/marthacifuentes.com\/portada\/cuanto-costara-plan-de-desarrollo-de-yopal-de-marco-tulio-ruiz\/\",\"url\":\"https:\/\/marthacifuentes.com\/portada\/cuanto-costara-plan-de-desarrollo-de-yopal-de-marco-tulio-ruiz\/\",\"name\":\"\u00bfCu\u00e1nto costar\u00e1 plan de desarrollo de Yopal de Marco Tulio Ruiz? - \u25b7 Noticias de Casanare : Martha Cifuentes | Casanare\",\"isPartOf\":{\"@id\":\"https:\/\/marthacifuentes.com\/portada\/#website\"},\"primaryImageOfPage\":{\"@id\":\"https:\/\/marthacifuentes.com\/portada\/cuanto-costara-plan-de-desarrollo-de-yopal-de-marco-tulio-ruiz\/#primaryimage\"},\"image\":{\"@id\":\"https:\/\/marthacifuentes.com\/portada\/cuanto-costara-plan-de-desarrollo-de-yopal-de-marco-tulio-ruiz\/#primaryimage\"},\"thumbnailUrl\":\"https:\/\/marthacifuentes.com\/portada\/wp-content\/uploads\/2024\/04\/marco-tulio-ruiz.jpg\",\"datePublished\":\"2024-04-19T00:33:48+00:00\",\"author\":{\"@id\":\"https:\/\/marthacifuentes.com\/portada\/#\/schema\/person\/57f53174b991db5f90ff78d58502b714\"},\"breadcrumb\":{\"@id\":\"https:\/\/marthacifuentes.com\/portada\/cuanto-costara-plan-de-desarrollo-de-yopal-de-marco-tulio-ruiz\/#breadcrumb\"},\"inLanguage\":\"es\",\"potentialAction\":[{\"@type\":\"ReadAction\",\"target\":[\"https:\/\/marthacifuentes.com\/portada\/cuanto-costara-plan-de-desarrollo-de-yopal-de-marco-tulio-ruiz\/\"]}]},{\"@type\":\"ImageObject\",\"inLanguage\":\"es\",\"@id\":\"https:\/\/marthacifuentes.com\/portada\/cuanto-costara-plan-de-desarrollo-de-yopal-de-marco-tulio-ruiz\/#primaryimage\",\"url\":\"https:\/\/marthacifuentes.com\/portada\/wp-content\/uploads\/2024\/04\/marco-tulio-ruiz.jpg\",\"contentUrl\":\"https:\/\/marthacifuentes.com\/portada\/wp-content\/uploads\/2024\/04\/marco-tulio-ruiz.jpg\",\"width\":1280,\"height\":853},{\"@type\":\"BreadcrumbList\",\"@id\":\"https:\/\/marthacifuentes.com\/portada\/cuanto-costara-plan-de-desarrollo-de-yopal-de-marco-tulio-ruiz\/#breadcrumb\",\"itemListElement\":[{\"@type\":\"ListItem\",\"position\":1,\"name\":\"Portada\",\"item\":\"https:\/\/marthacifuentes.com\/portada\/\"},{\"@type\":\"ListItem\",\"position\":2,\"name\":\"\u00bfCu\u00e1nto costar\u00e1 plan de desarrollo de Yopal de Marco Tulio Ruiz?\"}]},{\"@type\":\"WebSite\",\"@id\":\"https:\/\/marthacifuentes.com\/portada\/#website\",\"url\":\"https:\/\/marthacifuentes.com\/portada\/\",\"name\":\"\u25b7 Noticias de Casanare : Martha Cifuentes | Casanare\",\"description\":\"Noticias &amp; Contenidos\",\"potentialAction\":[{\"@type\":\"SearchAction\",\"target\":{\"@type\":\"EntryPoint\",\"urlTemplate\":\"https:\/\/marthacifuentes.com\/portada\/?s={search_term_string}\"},\"query-input\":{\"@type\":\"PropertyValueSpecification\",\"valueRequired\":true,\"valueName\":\"search_term_string\"}}],\"inLanguage\":\"es\"},{\"@type\":\"Person\",\"@id\":\"https:\/\/marthacifuentes.com\/portada\/#\/schema\/person\/57f53174b991db5f90ff78d58502b714\",\"name\":\"Martha Cifuentes\",\"image\":{\"@type\":\"ImageObject\",\"inLanguage\":\"es\",\"@id\":\"https:\/\/marthacifuentes.com\/portada\/#\/schema\/person\/image\/\",\"url\":\"http:\/\/marthacifuentes.com\/portada\/wp-content\/uploads\/2018\/06\/avatar_user_2_1528838701-96x96.jpg\",\"contentUrl\":\"http:\/\/marthacifuentes.com\/portada\/wp-content\/uploads\/2018\/06\/avatar_user_2_1528838701-96x96.jpg\",\"caption\":\"Martha Cifuentes\"},\"sameAs\":[\"http:\/\/www.marthacifuentes.com\"],\"url\":\"https:\/\/marthacifuentes.com\/portada\/author\/martha\/\"}]}<\/script>\n<!-- \/ Yoast SEO plugin. -->","yoast_head_json":{"title":"\u00bfCu\u00e1nto costar\u00e1 plan de desarrollo de Yopal de Marco Tulio Ruiz? - \u25b7 Noticias de Casanare : Martha Cifuentes | Casanare","robots":{"index":"index","follow":"follow","max-snippet":"max-snippet:-1","max-image-preview":"max-image-preview:large","max-video-preview":"max-video-preview:-1"},"canonical":"https:\/\/marthacifuentes.com\/portada\/cuanto-costara-plan-de-desarrollo-de-yopal-de-marco-tulio-ruiz\/","og_locale":"es_ES","og_type":"article","og_title":"\u00bfCu\u00e1nto costar\u00e1 plan de desarrollo de Yopal de Marco Tulio Ruiz? - \u25b7 Noticias de Casanare : Martha Cifuentes | Casanare","og_description":"1.8 Billones de pesos es lo que costar\u00e1 la concreci\u00f3n del Plan de Desarrollo \u201cYopal, para todos\u201d del alcalde Marco Tulio Ruiz. Si bien las fuentes de financiaci\u00f3n son Ingresos Corrientes de Libre Destinaci\u00f3n, Regal\u00edas y Sistema General de Participaciones SGP, se requiere gestionar recursos del orden departamental, nacional e internacional para cumplir lo prometido &hellip;","og_url":"https:\/\/marthacifuentes.com\/portada\/cuanto-costara-plan-de-desarrollo-de-yopal-de-marco-tulio-ruiz\/","og_site_name":"\u25b7 Noticias de Casanare : Martha Cifuentes | Casanare","article_published_time":"2024-04-19T00:33:48+00:00","og_image":[{"width":1280,"height":853,"url":"https:\/\/marthacifuentes.com\/portada\/wp-content\/uploads\/2024\/04\/marco-tulio-ruiz.jpg","type":"image\/jpeg"}],"author":"Martha Cifuentes","twitter_card":"summary_large_image","twitter_misc":{"Escrito por":"Martha Cifuentes","Tiempo de lectura":"4 minutos"},"schema":{"@context":"https:\/\/schema.org","@graph":[{"@type":"WebPage","@id":"https:\/\/marthacifuentes.com\/portada\/cuanto-costara-plan-de-desarrollo-de-yopal-de-marco-tulio-ruiz\/","url":"https:\/\/marthacifuentes.com\/portada\/cuanto-costara-plan-de-desarrollo-de-yopal-de-marco-tulio-ruiz\/","name":"\u00bfCu\u00e1nto costar\u00e1 plan de desarrollo de Yopal de Marco Tulio Ruiz? - \u25b7 Noticias de Casanare : Martha Cifuentes | Casanare","isPartOf":{"@id":"https:\/\/marthacifuentes.com\/portada\/#website"},"primaryImageOfPage":{"@id":"https:\/\/marthacifuentes.com\/portada\/cuanto-costara-plan-de-desarrollo-de-yopal-de-marco-tulio-ruiz\/#primaryimage"},"image":{"@id":"https:\/\/marthacifuentes.com\/portada\/cuanto-costara-plan-de-desarrollo-de-yopal-de-marco-tulio-ruiz\/#primaryimage"},"thumbnailUrl":"https:\/\/marthacifuentes.com\/portada\/wp-content\/uploads\/2024\/04\/marco-tulio-ruiz.jpg","datePublished":"2024-04-19T00:33:48+00:00","author":{"@id":"https:\/\/marthacifuentes.com\/portada\/#\/schema\/person\/57f53174b991db5f90ff78d58502b714"},"breadcrumb":{"@id":"https:\/\/marthacifuentes.com\/portada\/cuanto-costara-plan-de-desarrollo-de-yopal-de-marco-tulio-ruiz\/#breadcrumb"},"inLanguage":"es","potentialAction":[{"@type":"ReadAction","target":["https:\/\/marthacifuentes.com\/portada\/cuanto-costara-plan-de-desarrollo-de-yopal-de-marco-tulio-ruiz\/"]}]},{"@type":"ImageObject","inLanguage":"es","@id":"https:\/\/marthacifuentes.com\/portada\/cuanto-costara-plan-de-desarrollo-de-yopal-de-marco-tulio-ruiz\/#primaryimage","url":"https:\/\/marthacifuentes.com\/portada\/wp-content\/uploads\/2024\/04\/marco-tulio-ruiz.jpg","contentUrl":"https:\/\/marthacifuentes.com\/portada\/wp-content\/uploads\/2024\/04\/marco-tulio-ruiz.jpg","width":1280,"height":853},{"@type":"BreadcrumbList","@id":"https:\/\/marthacifuentes.com\/portada\/cuanto-costara-plan-de-desarrollo-de-yopal-de-marco-tulio-ruiz\/#breadcrumb","itemListElement":[{"@type":"ListItem","position":1,"name":"Portada","item":"https:\/\/marthacifuentes.com\/portada\/"},{"@type":"ListItem","position":2,"name":"\u00bfCu\u00e1nto costar\u00e1 plan de desarrollo de Yopal de Marco Tulio Ruiz?"}]},{"@type":"WebSite","@id":"https:\/\/marthacifuentes.com\/portada\/#website","url":"https:\/\/marthacifuentes.com\/portada\/","name":"\u25b7 Noticias de Casanare : Martha Cifuentes | Casanare","description":"Noticias &amp; Contenidos","potentialAction":[{"@type":"SearchAction","target":{"@type":"EntryPoint","urlTemplate":"https:\/\/marthacifuentes.com\/portada\/?s={search_term_string}"},"query-input":{"@type":"PropertyValueSpecification","valueRequired":true,"valueName":"search_term_string"}}],"inLanguage":"es"},{"@type":"Person","@id":"https:\/\/marthacifuentes.com\/portada\/#\/schema\/person\/57f53174b991db5f90ff78d58502b714","name":"Martha Cifuentes","image":{"@type":"ImageObject","inLanguage":"es","@id":"https:\/\/marthacifuentes.com\/portada\/#\/schema\/person\/image\/","url":"http:\/\/marthacifuentes.com\/portada\/wp-content\/uploads\/2018\/06\/avatar_user_2_1528838701-96x96.jpg","contentUrl":"http:\/\/marthacifuentes.com\/portada\/wp-content\/uploads\/2018\/06\/avatar_user_2_1528838701-96x96.jpg","caption":"Martha Cifuentes"},"sameAs":["http:\/\/www.marthacifuentes.com"],"url":"https:\/\/marthacifuentes.com\/portada\/author\/martha\/"}]}},"_links":{"self":[{"href":"https:\/\/marthacifuentes.com\/portada\/wp-json\/wp\/v2\/posts\/32867","targetHints":{"allow":["GET"]}}],"collection":[{"href":"https:\/\/marthacifuentes.com\/portada\/wp-json\/wp\/v2\/posts"}],"about":[{"href":"https:\/\/marthacifuentes.com\/portada\/wp-json\/wp\/v2\/types\/post"}],"author":[{"embeddable":true,"href":"https:\/\/marthacifuentes.com\/portada\/wp-json\/wp\/v2\/users\/2"}],"replies":[{"embeddable":true,"href":"https:\/\/marthacifuentes.com\/portada\/wp-json\/wp\/v2\/comments?post=32867"}],"version-history":[{"count":1,"href":"https:\/\/marthacifuentes.com\/portada\/wp-json\/wp\/v2\/posts\/32867\/revisions"}],"predecessor-version":[{"id":32869,"href":"https:\/\/marthacifuentes.com\/portada\/wp-json\/wp\/v2\/posts\/32867\/revisions\/32869"}],"wp:featuredmedia":[{"embeddable":true,"href":"https:\/\/marthacifuentes.com\/portada\/wp-json\/wp\/v2\/media\/32868"}],"wp:attachment":[{"href":"https:\/\/marthacifuentes.com\/portada\/wp-json\/wp\/v2\/media?parent=32867"}],"wp:term":[{"taxonomy":"category","embeddable":true,"href":"https:\/\/marthacifuentes.com\/portada\/wp-json\/wp\/v2\/categories?post=32867"},{"taxonomy":"post_tag","embeddable":true,"href":"https:\/\/marthacifuentes.com\/portada\/wp-json\/wp\/v2\/tags?post=32867"}],"curies":[{"name":"wp","href":"https:\/\/api.w.org\/{rel}","templated":true}]}}