{"id":32911,"date":"2024-04-25T10:49:30","date_gmt":"2024-04-25T15:49:30","guid":{"rendered":"https:\/\/marthacifuentes.com\/portada\/?p=32911"},"modified":"2024-04-25T11:00:24","modified_gmt":"2024-04-25T16:00:24","slug":"estudiante-de-la-institucion-educativa-centro-social-recupera-cargo-de-personera-tras-fallo-judicial-por-violacion-al-debido-proceso","status":"publish","type":"post","link":"https:\/\/marthacifuentes.com\/portada\/estudiante-de-la-institucion-educativa-centro-social-recupera-cargo-de-personera-tras-fallo-judicial-por-violacion-al-debido-proceso\/","title":{"rendered":"Estudiante de la Instituci\u00f3n Educativa Centro Social recupera cargo de personera tras fallo judicial por violaci\u00f3n al debido proceso"},"content":{"rendered":"<p style=\"text-align: justify;\">Adriana Alejandra Parra Barrera, estudiante de la Instituci\u00f3n Educativa Centro Social, podr\u00e1 ejercer su cargo como personera estudiantil tras un fallo favorable del Juzgado Primero Penal Municipal para Adolescentes de Yopal. La decisi\u00f3n anula la inhabilidad impuesta por el Comit\u00e9 de Democracia del colegio, alegando irregularidades en el proceso y vulneraci\u00f3n de los derechos de la estudiante.<\/p>\n<p>&nbsp;<\/p>\n<p style=\"text-align: justify;\"><strong>El caso<\/strong><\/p>\n<p style=\"text-align: justify;\">El pasado 4 de marzo, Parra Barrera se vio involucrada en un incidente con una docente del colegio, quien le solicit\u00f3 su tel\u00e9fono celular. Al negarse a entregarlo, la estudiante fue sancionada por el Comit\u00e9 de Democracia con la inhabilidad para el cargo de personera, para el cual hab\u00eda sido electa el 7 de marzo.<\/p>\n<p>&nbsp;<\/p>\n<p style=\"text-align: justify;\"><strong>Intervenci\u00f3n de la Personer\u00eda y fallo judicial<\/strong><\/p>\n<p style=\"text-align: justify;\">La Personer\u00eda Municipal de Yopal, al conocer el caso, intervino a trav\u00e9s de la delegada en Derechos Humanos y Familia. Tras analizar la informaci\u00f3n y determinar que no se hab\u00eda seguido el debido proceso ni se presentaban argumentos suficientes para la sanci\u00f3n, solicit\u00f3 al colegio la revisi\u00f3n de la medida.<\/p>\n<p style=\"text-align: justify;\">El Juzgado Primero Penal Municipal para Adolescentes, coincidiendo con la Personer\u00eda, fall\u00f3 a favor de la estudiante. El fallo considera que la sanci\u00f3n impuesta por el Comit\u00e9 de Democracia fue desproporcionada y vulner\u00f3 el derecho a la defensa de Parra Barrera.<\/p>\n<p>&nbsp;<\/p>\n<p style=\"text-align: justify;\"><strong>Restituci\u00f3n de derechos y mensaje de la Personer\u00eda<\/strong><\/p>\n<p style=\"text-align: justify;\">La decisi\u00f3n judicial deja sin efecto la inhabilidad y ordena la inmediata posesi\u00f3n de Parra Barrera como personera estudiantil. La Personer\u00eda de Yopal celebra este fallo y reitera su compromiso con la defensa de los derechos de los ni\u00f1os, ni\u00f1as y adolescentes, velando por el cumplimiento del debido proceso y la protecci\u00f3n de sus garant\u00edas fundamentales en el \u00e1mbito educativo.<\/p>\n<p>&nbsp;<\/p>\n<p style=\"text-align: justify;\"><strong>Punto importante a destacar:<\/strong><\/p>\n<p style=\"text-align: justify;\">El fallo judicial resalta que el Comit\u00e9 de Democracia del colegio no parece estar conformado legalmente para la vigencia 2024, seg\u00fan lo establecido en el fallo. El colegio no aport\u00f3 el acta de conformaci\u00f3n del comit\u00e9 al solicitarse, y la Personer\u00eda tiene conocimiento extraoficial de su irregular situaci\u00f3n.<br \/>\nEste nuevo elemento agrega una dimensi\u00f3n legal a la victoria de Parra Barrera y deja en evidencia la necesidad de que el colegio regularice la conformaci\u00f3n del Comit\u00e9 de Democracia para garantizar la transparencia y el cumplimiento de las normas en futuras decisiones.<\/p>\n<p><a href=\"https:\/\/marthacifuentes.com\/portada\/wp-content\/uploads\/2024\/04\/12FalloTutela2024-00067.pdf\">12FalloTutela2024-00067<\/a><\/p>\n","protected":false},"excerpt":{"rendered":"<p>Adriana Alejandra Parra Barrera, estudiante de la Instituci\u00f3n Educativa Centro Social, podr\u00e1 ejercer su cargo como personera estudiantil tras un fallo favorable del Juzgado Primero Penal Municipal para Adolescentes de Yopal. La decisi\u00f3n anula la inhabilidad impuesta por el Comit\u00e9 de Democracia del colegio, alegando irregularidades en el proceso y vulneraci\u00f3n de los derechos de &hellip;<\/p>\n","protected":false},"author":2,"featured_media":32912,"comment_status":"open","ping_status":"open","sticky":false,"template":"","format":"standard","meta":{"om_disable_all_campaigns":false,"_exactmetrics_skip_tracking":false,"_exactmetrics_sitenote_active":false,"_exactmetrics_sitenote_note":"","_exactmetrics_sitenote_category":0,"_monsterinsights_skip_tracking":false,"_monsterinsights_sitenote_active":false,"_monsterinsights_sitenote_note":"","_monsterinsights_sitenote_category":0,"_uf_show_specific_survey":0,"_uf_disable_surveys":false,"_joinchat":[],"footnotes":""},"categories":[147,146,145],"tags":[9713,9723,5045,209,9716,202,9714,9717,9718,9720,9719,9715,9722,9721,6167],"class_list":["post-32911","post","type-post","status-publish","format-standard","has-post-thumbnail","hentry","category-actualidad","category-noticias","category-reportajes","tag-yopalcasanare","tag-adriana-alejandra-parra-barrera","tag-casanarenoticias","tag-colombia","tag-comiteirregular","tag-educacion","tag-estudianterecuperacargo","tag-fallojudicial","tag-faltadebidoproceso","tag-inhabilitacioninjustificada","tag-negativaentregarcelular","tag-personeriadefiendederechos","tag-proteccioninfantil","tag-restitucionderechos","tag-yopalnoticias"],"yoast_head":"<!-- This site is optimized with the Yoast SEO plugin v26.1 - https:\/\/yoast.com\/wordpress\/plugins\/seo\/ -->\n<title>Estudiante de la Instituci\u00f3n Educativa Centro Social recupera cargo de personera tras fallo judicial por violaci\u00f3n al debido proceso - \u25b7 Noticias de Casanare : Martha Cifuentes | Casanare<\/title>\n<meta name=\"robots\" content=\"index, follow, max-snippet:-1, max-image-preview:large, max-video-preview:-1\" \/>\n<link rel=\"canonical\" href=\"https:\/\/marthacifuentes.com\/portada\/estudiante-de-la-institucion-educativa-centro-social-recupera-cargo-de-personera-tras-fallo-judicial-por-violacion-al-debido-proceso\/\" \/>\n<meta property=\"og:locale\" content=\"es_ES\" \/>\n<meta property=\"og:type\" content=\"article\" \/>\n<meta property=\"og:title\" content=\"Estudiante de la Instituci\u00f3n Educativa Centro Social recupera cargo de personera tras fallo judicial por violaci\u00f3n al debido proceso - \u25b7 Noticias de Casanare : Martha Cifuentes | Casanare\" \/>\n<meta property=\"og:description\" content=\"Adriana Alejandra Parra Barrera, estudiante de la Instituci\u00f3n Educativa Centro Social, podr\u00e1 ejercer su cargo como personera estudiantil tras un fallo favorable del Juzgado Primero Penal Municipal para Adolescentes de Yopal. La decisi\u00f3n anula la inhabilidad impuesta por el Comit\u00e9 de Democracia del colegio, alegando irregularidades en el proceso y vulneraci\u00f3n de los derechos de &hellip;\" \/>\n<meta property=\"og:url\" content=\"https:\/\/marthacifuentes.com\/portada\/estudiante-de-la-institucion-educativa-centro-social-recupera-cargo-de-personera-tras-fallo-judicial-por-violacion-al-debido-proceso\/\" \/>\n<meta property=\"og:site_name\" content=\"\u25b7 Noticias de Casanare : Martha Cifuentes | Casanare\" \/>\n<meta property=\"article:published_time\" content=\"2024-04-25T15:49:30+00:00\" \/>\n<meta property=\"article:modified_time\" content=\"2024-04-25T16:00:24+00:00\" \/>\n<meta property=\"og:image\" content=\"https:\/\/marthacifuentes.com\/portada\/wp-content\/uploads\/2024\/04\/WhatsApp-Image-2024-04-25-at-10.36.18-AM-scaled.jpeg\" \/>\n\t<meta property=\"og:image:width\" content=\"2560\" \/>\n\t<meta property=\"og:image:height\" content=\"1441\" \/>\n\t<meta property=\"og:image:type\" content=\"image\/jpeg\" \/>\n<meta name=\"author\" content=\"Martha Cifuentes\" \/>\n<meta name=\"twitter:card\" content=\"summary_large_image\" \/>\n<meta name=\"twitter:label1\" content=\"Escrito por\" \/>\n\t<meta name=\"twitter:data1\" content=\"Martha Cifuentes\" \/>\n\t<meta name=\"twitter:label2\" content=\"Tiempo de lectura\" \/>\n\t<meta name=\"twitter:data2\" content=\"2 minutos\" \/>\n<script type=\"application\/ld+json\" class=\"yoast-schema-graph\">{\"@context\":\"https:\/\/schema.org\",\"@graph\":[{\"@type\":\"WebPage\",\"@id\":\"https:\/\/marthacifuentes.com\/portada\/estudiante-de-la-institucion-educativa-centro-social-recupera-cargo-de-personera-tras-fallo-judicial-por-violacion-al-debido-proceso\/\",\"url\":\"https:\/\/marthacifuentes.com\/portada\/estudiante-de-la-institucion-educativa-centro-social-recupera-cargo-de-personera-tras-fallo-judicial-por-violacion-al-debido-proceso\/\",\"name\":\"Estudiante de la Instituci\u00f3n Educativa Centro Social recupera cargo de personera tras fallo judicial por violaci\u00f3n al debido proceso - \u25b7 Noticias de Casanare : Martha Cifuentes | Casanare\",\"isPartOf\":{\"@id\":\"https:\/\/marthacifuentes.com\/portada\/#website\"},\"primaryImageOfPage\":{\"@id\":\"https:\/\/marthacifuentes.com\/portada\/estudiante-de-la-institucion-educativa-centro-social-recupera-cargo-de-personera-tras-fallo-judicial-por-violacion-al-debido-proceso\/#primaryimage\"},\"image\":{\"@id\":\"https:\/\/marthacifuentes.com\/portada\/estudiante-de-la-institucion-educativa-centro-social-recupera-cargo-de-personera-tras-fallo-judicial-por-violacion-al-debido-proceso\/#primaryimage\"},\"thumbnailUrl\":\"https:\/\/marthacifuentes.com\/portada\/wp-content\/uploads\/2024\/04\/WhatsApp-Image-2024-04-25-at-10.36.18-AM-scaled.jpeg\",\"datePublished\":\"2024-04-25T15:49:30+00:00\",\"dateModified\":\"2024-04-25T16:00:24+00:00\",\"author\":{\"@id\":\"https:\/\/marthacifuentes.com\/portada\/#\/schema\/person\/57f53174b991db5f90ff78d58502b714\"},\"breadcrumb\":{\"@id\":\"https:\/\/marthacifuentes.com\/portada\/estudiante-de-la-institucion-educativa-centro-social-recupera-cargo-de-personera-tras-fallo-judicial-por-violacion-al-debido-proceso\/#breadcrumb\"},\"inLanguage\":\"es\",\"potentialAction\":[{\"@type\":\"ReadAction\",\"target\":[\"https:\/\/marthacifuentes.com\/portada\/estudiante-de-la-institucion-educativa-centro-social-recupera-cargo-de-personera-tras-fallo-judicial-por-violacion-al-debido-proceso\/\"]}]},{\"@type\":\"ImageObject\",\"inLanguage\":\"es\",\"@id\":\"https:\/\/marthacifuentes.com\/portada\/estudiante-de-la-institucion-educativa-centro-social-recupera-cargo-de-personera-tras-fallo-judicial-por-violacion-al-debido-proceso\/#primaryimage\",\"url\":\"https:\/\/marthacifuentes.com\/portada\/wp-content\/uploads\/2024\/04\/WhatsApp-Image-2024-04-25-at-10.36.18-AM-scaled.jpeg\",\"contentUrl\":\"https:\/\/marthacifuentes.com\/portada\/wp-content\/uploads\/2024\/04\/WhatsApp-Image-2024-04-25-at-10.36.18-AM-scaled.jpeg\",\"width\":2560,\"height\":1441},{\"@type\":\"BreadcrumbList\",\"@id\":\"https:\/\/marthacifuentes.com\/portada\/estudiante-de-la-institucion-educativa-centro-social-recupera-cargo-de-personera-tras-fallo-judicial-por-violacion-al-debido-proceso\/#breadcrumb\",\"itemListElement\":[{\"@type\":\"ListItem\",\"position\":1,\"name\":\"Portada\",\"item\":\"https:\/\/marthacifuentes.com\/portada\/\"},{\"@type\":\"ListItem\",\"position\":2,\"name\":\"Estudiante de la Instituci\u00f3n Educativa Centro Social recupera cargo de personera tras fallo judicial por violaci\u00f3n al debido proceso\"}]},{\"@type\":\"WebSite\",\"@id\":\"https:\/\/marthacifuentes.com\/portada\/#website\",\"url\":\"https:\/\/marthacifuentes.com\/portada\/\",\"name\":\"\u25b7 Noticias de Casanare : Martha Cifuentes | Casanare\",\"description\":\"Noticias &amp; Contenidos\",\"potentialAction\":[{\"@type\":\"SearchAction\",\"target\":{\"@type\":\"EntryPoint\",\"urlTemplate\":\"https:\/\/marthacifuentes.com\/portada\/?s={search_term_string}\"},\"query-input\":{\"@type\":\"PropertyValueSpecification\",\"valueRequired\":true,\"valueName\":\"search_term_string\"}}],\"inLanguage\":\"es\"},{\"@type\":\"Person\",\"@id\":\"https:\/\/marthacifuentes.com\/portada\/#\/schema\/person\/57f53174b991db5f90ff78d58502b714\",\"name\":\"Martha Cifuentes\",\"image\":{\"@type\":\"ImageObject\",\"inLanguage\":\"es\",\"@id\":\"https:\/\/marthacifuentes.com\/portada\/#\/schema\/person\/image\/\",\"url\":\"http:\/\/marthacifuentes.com\/portada\/wp-content\/uploads\/2018\/06\/avatar_user_2_1528838701-96x96.jpg\",\"contentUrl\":\"http:\/\/marthacifuentes.com\/portada\/wp-content\/uploads\/2018\/06\/avatar_user_2_1528838701-96x96.jpg\",\"caption\":\"Martha Cifuentes\"},\"sameAs\":[\"http:\/\/www.marthacifuentes.com\"],\"url\":\"https:\/\/marthacifuentes.com\/portada\/author\/martha\/\"}]}<\/script>\n<!-- \/ Yoast SEO plugin. -->","yoast_head_json":{"title":"Estudiante de la Instituci\u00f3n Educativa Centro Social recupera cargo de personera tras fallo judicial por violaci\u00f3n al debido proceso - \u25b7 Noticias de Casanare : Martha Cifuentes | Casanare","robots":{"index":"index","follow":"follow","max-snippet":"max-snippet:-1","max-image-preview":"max-image-preview:large","max-video-preview":"max-video-preview:-1"},"canonical":"https:\/\/marthacifuentes.com\/portada\/estudiante-de-la-institucion-educativa-centro-social-recupera-cargo-de-personera-tras-fallo-judicial-por-violacion-al-debido-proceso\/","og_locale":"es_ES","og_type":"article","og_title":"Estudiante de la Instituci\u00f3n Educativa Centro Social recupera cargo de personera tras fallo judicial por violaci\u00f3n al debido proceso - \u25b7 Noticias de Casanare : Martha Cifuentes | Casanare","og_description":"Adriana Alejandra Parra Barrera, estudiante de la Instituci\u00f3n Educativa Centro Social, podr\u00e1 ejercer su cargo como personera estudiantil tras un fallo favorable del Juzgado Primero Penal Municipal para Adolescentes de Yopal. La decisi\u00f3n anula la inhabilidad impuesta por el Comit\u00e9 de Democracia del colegio, alegando irregularidades en el proceso y vulneraci\u00f3n de los derechos de &hellip;","og_url":"https:\/\/marthacifuentes.com\/portada\/estudiante-de-la-institucion-educativa-centro-social-recupera-cargo-de-personera-tras-fallo-judicial-por-violacion-al-debido-proceso\/","og_site_name":"\u25b7 Noticias de Casanare : Martha Cifuentes | Casanare","article_published_time":"2024-04-25T15:49:30+00:00","article_modified_time":"2024-04-25T16:00:24+00:00","og_image":[{"width":2560,"height":1441,"url":"https:\/\/marthacifuentes.com\/portada\/wp-content\/uploads\/2024\/04\/WhatsApp-Image-2024-04-25-at-10.36.18-AM-scaled.jpeg","type":"image\/jpeg"}],"author":"Martha Cifuentes","twitter_card":"summary_large_image","twitter_misc":{"Escrito por":"Martha Cifuentes","Tiempo de lectura":"2 minutos"},"schema":{"@context":"https:\/\/schema.org","@graph":[{"@type":"WebPage","@id":"https:\/\/marthacifuentes.com\/portada\/estudiante-de-la-institucion-educativa-centro-social-recupera-cargo-de-personera-tras-fallo-judicial-por-violacion-al-debido-proceso\/","url":"https:\/\/marthacifuentes.com\/portada\/estudiante-de-la-institucion-educativa-centro-social-recupera-cargo-de-personera-tras-fallo-judicial-por-violacion-al-debido-proceso\/","name":"Estudiante de la Instituci\u00f3n Educativa Centro Social recupera cargo de personera tras fallo judicial por violaci\u00f3n al debido proceso - \u25b7 Noticias de Casanare : Martha Cifuentes | Casanare","isPartOf":{"@id":"https:\/\/marthacifuentes.com\/portada\/#website"},"primaryImageOfPage":{"@id":"https:\/\/marthacifuentes.com\/portada\/estudiante-de-la-institucion-educativa-centro-social-recupera-cargo-de-personera-tras-fallo-judicial-por-violacion-al-debido-proceso\/#primaryimage"},"image":{"@id":"https:\/\/marthacifuentes.com\/portada\/estudiante-de-la-institucion-educativa-centro-social-recupera-cargo-de-personera-tras-fallo-judicial-por-violacion-al-debido-proceso\/#primaryimage"},"thumbnailUrl":"https:\/\/marthacifuentes.com\/portada\/wp-content\/uploads\/2024\/04\/WhatsApp-Image-2024-04-25-at-10.36.18-AM-scaled.jpeg","datePublished":"2024-04-25T15:49:30+00:00","dateModified":"2024-04-25T16:00:24+00:00","author":{"@id":"https:\/\/marthacifuentes.com\/portada\/#\/schema\/person\/57f53174b991db5f90ff78d58502b714"},"breadcrumb":{"@id":"https:\/\/marthacifuentes.com\/portada\/estudiante-de-la-institucion-educativa-centro-social-recupera-cargo-de-personera-tras-fallo-judicial-por-violacion-al-debido-proceso\/#breadcrumb"},"inLanguage":"es","potentialAction":[{"@type":"ReadAction","target":["https:\/\/marthacifuentes.com\/portada\/estudiante-de-la-institucion-educativa-centro-social-recupera-cargo-de-personera-tras-fallo-judicial-por-violacion-al-debido-proceso\/"]}]},{"@type":"ImageObject","inLanguage":"es","@id":"https:\/\/marthacifuentes.com\/portada\/estudiante-de-la-institucion-educativa-centro-social-recupera-cargo-de-personera-tras-fallo-judicial-por-violacion-al-debido-proceso\/#primaryimage","url":"https:\/\/marthacifuentes.com\/portada\/wp-content\/uploads\/2024\/04\/WhatsApp-Image-2024-04-25-at-10.36.18-AM-scaled.jpeg","contentUrl":"https:\/\/marthacifuentes.com\/portada\/wp-content\/uploads\/2024\/04\/WhatsApp-Image-2024-04-25-at-10.36.18-AM-scaled.jpeg","width":2560,"height":1441},{"@type":"BreadcrumbList","@id":"https:\/\/marthacifuentes.com\/portada\/estudiante-de-la-institucion-educativa-centro-social-recupera-cargo-de-personera-tras-fallo-judicial-por-violacion-al-debido-proceso\/#breadcrumb","itemListElement":[{"@type":"ListItem","position":1,"name":"Portada","item":"https:\/\/marthacifuentes.com\/portada\/"},{"@type":"ListItem","position":2,"name":"Estudiante de la Instituci\u00f3n Educativa Centro Social recupera cargo de personera tras fallo judicial por violaci\u00f3n al debido proceso"}]},{"@type":"WebSite","@id":"https:\/\/marthacifuentes.com\/portada\/#website","url":"https:\/\/marthacifuentes.com\/portada\/","name":"\u25b7 Noticias de Casanare : Martha Cifuentes | Casanare","description":"Noticias &amp; Contenidos","potentialAction":[{"@type":"SearchAction","target":{"@type":"EntryPoint","urlTemplate":"https:\/\/marthacifuentes.com\/portada\/?s={search_term_string}"},"query-input":{"@type":"PropertyValueSpecification","valueRequired":true,"valueName":"search_term_string"}}],"inLanguage":"es"},{"@type":"Person","@id":"https:\/\/marthacifuentes.com\/portada\/#\/schema\/person\/57f53174b991db5f90ff78d58502b714","name":"Martha Cifuentes","image":{"@type":"ImageObject","inLanguage":"es","@id":"https:\/\/marthacifuentes.com\/portada\/#\/schema\/person\/image\/","url":"http:\/\/marthacifuentes.com\/portada\/wp-content\/uploads\/2018\/06\/avatar_user_2_1528838701-96x96.jpg","contentUrl":"http:\/\/marthacifuentes.com\/portada\/wp-content\/uploads\/2018\/06\/avatar_user_2_1528838701-96x96.jpg","caption":"Martha Cifuentes"},"sameAs":["http:\/\/www.marthacifuentes.com"],"url":"https:\/\/marthacifuentes.com\/portada\/author\/martha\/"}]}},"_links":{"self":[{"href":"https:\/\/marthacifuentes.com\/portada\/wp-json\/wp\/v2\/posts\/32911","targetHints":{"allow":["GET"]}}],"collection":[{"href":"https:\/\/marthacifuentes.com\/portada\/wp-json\/wp\/v2\/posts"}],"about":[{"href":"https:\/\/marthacifuentes.com\/portada\/wp-json\/wp\/v2\/types\/post"}],"author":[{"embeddable":true,"href":"https:\/\/marthacifuentes.com\/portada\/wp-json\/wp\/v2\/users\/2"}],"replies":[{"embeddable":true,"href":"https:\/\/marthacifuentes.com\/portada\/wp-json\/wp\/v2\/comments?post=32911"}],"version-history":[{"count":3,"href":"https:\/\/marthacifuentes.com\/portada\/wp-json\/wp\/v2\/posts\/32911\/revisions"}],"predecessor-version":[{"id":32916,"href":"https:\/\/marthacifuentes.com\/portada\/wp-json\/wp\/v2\/posts\/32911\/revisions\/32916"}],"wp:featuredmedia":[{"embeddable":true,"href":"https:\/\/marthacifuentes.com\/portada\/wp-json\/wp\/v2\/media\/32912"}],"wp:attachment":[{"href":"https:\/\/marthacifuentes.com\/portada\/wp-json\/wp\/v2\/media?parent=32911"}],"wp:term":[{"taxonomy":"category","embeddable":true,"href":"https:\/\/marthacifuentes.com\/portada\/wp-json\/wp\/v2\/categories?post=32911"},{"taxonomy":"post_tag","embeddable":true,"href":"https:\/\/marthacifuentes.com\/portada\/wp-json\/wp\/v2\/tags?post=32911"}],"curies":[{"name":"wp","href":"https:\/\/api.w.org\/{rel}","templated":true}]}}