{"id":32955,"date":"2024-05-02T09:04:32","date_gmt":"2024-05-02T14:04:32","guid":{"rendered":"https:\/\/marthacifuentes.com\/portada\/?p=32955"},"modified":"2024-05-02T09:04:32","modified_gmt":"2024-05-02T14:04:32","slug":"conflicto-de-comunidad-y-petrolera-geopark-en-caribayona-villanueva-por-contratacion-vias-y-ambiente","status":"publish","type":"post","link":"https:\/\/marthacifuentes.com\/portada\/conflicto-de-comunidad-y-petrolera-geopark-en-caribayona-villanueva-por-contratacion-vias-y-ambiente\/","title":{"rendered":"Conflicto de comunidad y petrolera Geopark en Caribayona, Villanueva, por contrataci\u00f3n, v\u00edas y ambiente."},"content":{"rendered":"<p>Hoy se cumplen 5 d\u00edas de una protesta de comunidades y empresarios locales de Caribayona, Los Gemelos y Canta Rana, veredas y corregimientos de Villanueva y Tauramena, contra las empresas petroleras Geopark y Parex. Hay bloqueos en las v\u00edas de acceso del bloque Llanos 34 y Cabrestero, respectivamente.<\/p>\n<p>Los protestantes argumentan que las compa\u00f1\u00edas han venido incumpliendo con la licencia ambiental y el Plan de Manejo Ambiental en relaci\u00f3n al uso de v\u00edas y puentes, no aptos para grandes cargas.<\/p>\n<p>Geopark rechaz\u00f3 totalmente las v\u00edas de hecho que obstruyen las rutas de acceso del bloque Llanos 34. Frente a la situaci\u00f3n debieron suspender contratos con subcontratistas, afectando el empleo de m\u00e1s de 600 personas vinculadas a las operaciones.<\/p>\n<p>&nbsp;<\/p>\n<p><strong>Se denuncia exceso de carga en puentes violando resoluci\u00f3n de Casanare<\/strong><\/p>\n<p>En el pliego de peticiones se expresa que no se le est\u00e1 dando cumplimiento a la <a href=\"https:\/\/marthacifuentes.com\/portada\/wp-content\/uploads\/2024\/05\/resolucion-0347.pdf\"><strong>resoluci\u00f3n<\/strong> <strong>0347<\/strong><\/a> del 4 de abril de 2024 de la Gobernaci\u00f3n de Casanare. Mediante esta se restringe la carga vehicular con peso superior a 30 toneladas en sobre los puentes de los r\u00edos Pi\u00f1alito, Orocuesito, Vigia y La Venturosa y de 31 toneladas en el puente del r\u00edo Tua, entre Tauramena y Monterrey. Todos estos est\u00e1n ubicados sobre la v\u00eda Marginal El Resguardo o La Vara &#8211; Man\u00ed.<\/p>\n<p>De estas estructuras, se manifiesta que las petroleras llevan utiliz\u00e1ndolas m\u00e1s de 10 a\u00f1os indiscriminadamente con exceso de peso y se requiere que construyan sus propios puentes o no los usen con grandes cargas.<\/p>\n<p>Igualmente denuncian afectaciones en esteros, ca\u00f1os y lagunas generados por las v\u00edas y locaciones construidas. Del mismo modo se solicita cumplir con que el transporte de crudo a estaciones de bombeo se realice en tractocamiones y no a trav\u00e9s de l\u00edneas de flujo.<\/p>\n<p><img loading=\"lazy\" decoding=\"async\" class=\"wp-image-32959 aligncenter\" src=\"https:\/\/marthacifuentes.com\/portada\/wp-content\/uploads\/2024\/05\/resolucion-0347-imagen.png\" alt=\"\" width=\"610\" height=\"309\" srcset=\"https:\/\/marthacifuentes.com\/portada\/wp-content\/uploads\/2024\/05\/resolucion-0347-imagen.png 821w, https:\/\/marthacifuentes.com\/portada\/wp-content\/uploads\/2024\/05\/resolucion-0347-imagen-300x152.png 300w, https:\/\/marthacifuentes.com\/portada\/wp-content\/uploads\/2024\/05\/resolucion-0347-imagen-768x389.png 768w\" sizes=\"auto, (max-width: 610px) 100vw, 610px\" \/><\/p>\n<p>&nbsp;<\/p>\n<p><strong>Inconformidad con contrataci\u00f3n de mano de obra, bienes y servicios.<\/strong><\/p>\n<p>En un largo pliego de peticiones manifiestan que hay incumplimiento en la contrataci\u00f3n de mano de obra no calificada y calificada de estas zonas de influencia. Tambi\u00e9n se\u00f1alan la no contrataci\u00f3n de empresas locales de transporte de crudo y de residuos l\u00edquidos peligrosos. Incluso se menciona la vinculaci\u00f3n de la empresa Transcarga como empresa local por parte de Villanueva para lograr equilibrio de las firmas oferentes con respecto a Tauramena.<\/p>\n<p>Los manifestantes exigen tambi\u00e9n el cambio del personal del \u00e1rea social y relaciones con Vecinos por considerar ineficiente y poco emp\u00e1tico el di\u00e1logo con ellos.<\/p>\n<p><img loading=\"lazy\" decoding=\"async\" class=\"wp-image-32960 aligncenter\" src=\"https:\/\/marthacifuentes.com\/portada\/wp-content\/uploads\/2024\/05\/pliego-de-peticiones-caribayona.png\" alt=\"\" width=\"422\" height=\"566\" srcset=\"https:\/\/marthacifuentes.com\/portada\/wp-content\/uploads\/2024\/05\/pliego-de-peticiones-caribayona.png 664w, https:\/\/marthacifuentes.com\/portada\/wp-content\/uploads\/2024\/05\/pliego-de-peticiones-caribayona-224x300.png 224w\" sizes=\"auto, (max-width: 422px) 100vw, 422px\" \/><\/p>\n<p><strong><a href=\"https:\/\/marthacifuentes.com\/portada\/wp-content\/uploads\/2024\/05\/Pliego-de-Peticiones-Gran-Manifestacion-Pacifica-2024-bloque.pdf\">Pliego de Peticiones Gran Manifestaci\u00f3n Pac\u00edfica 2024 bloque<\/a><\/strong><\/p>\n<p>&nbsp;<\/p>\n<p><strong>Quejas en Inversi\u00f3n Social<\/strong><\/p>\n<p>Se solicit\u00f3 que se realice la inversi\u00f3n forzosa de no menos del 1% en las veredas de influencia directa del bloque petrolero, concertada con la comunidad. Tambi\u00e9n se requiri\u00f3 compensaci\u00f3n ambiental de la licencia por las afectaciones derivadas por la operaci\u00f3n solo en el \u00e1rea de influencia directa.<\/p>\n<p><img loading=\"lazy\" decoding=\"async\" class=\"wp-image-32963 aligncenter\" src=\"https:\/\/marthacifuentes.com\/portada\/wp-content\/uploads\/2024\/05\/protesta-caribayona-4-1024x577.jpg\" alt=\"\" width=\"539\" height=\"304\" srcset=\"https:\/\/marthacifuentes.com\/portada\/wp-content\/uploads\/2024\/05\/protesta-caribayona-4-1024x577.jpg 1024w, https:\/\/marthacifuentes.com\/portada\/wp-content\/uploads\/2024\/05\/protesta-caribayona-4-300x169.jpg 300w, https:\/\/marthacifuentes.com\/portada\/wp-content\/uploads\/2024\/05\/protesta-caribayona-4-768x432.jpg 768w, https:\/\/marthacifuentes.com\/portada\/wp-content\/uploads\/2024\/05\/protesta-caribayona-4-1536x865.jpg 1536w, https:\/\/marthacifuentes.com\/portada\/wp-content\/uploads\/2024\/05\/protesta-caribayona-4-390x220.jpg 390w, https:\/\/marthacifuentes.com\/portada\/wp-content\/uploads\/2024\/05\/protesta-caribayona-4.jpg 1600w\" sizes=\"auto, (max-width: 539px) 100vw, 539px\" \/><\/p>\n<p>&nbsp;<\/p>\n<p><strong>Geopark rechaz\u00f3 bloqueos<\/strong><\/p>\n<p>A trav\u00e9s de un comunicado Geopark no solo rechaz\u00f3 las v\u00edas de hecho sino que fustig\u00f3 a los manifestantes por no dialogar cuando se han dado las garant\u00edas para ello. Tambi\u00e9n se cuestion\u00f3 que se afecte a la misma comunidad y a trabajadores de las empresas contratistas de la compa\u00f1\u00eda.<\/p>\n<p>Una de las consecuencias del bloqueo es la suspensi\u00f3n de 65 contratos con empresas contratistas, quienes a su vez deber\u00e1n desvincular a 660 empleados de las operaciones y por ende no habr\u00e1 pago de sus salarios ni reconocimiento retroactivo.<\/p>\n<p>Aunque en el comunicado no se menciona se conoce que cada d\u00eda de bloqueo genera grandes p\u00e9rdidas econ\u00f3micas a la operadora. Se insiste en el di\u00e1logo para solucionar las diferencias.<\/p>\n<p><img loading=\"lazy\" decoding=\"async\" class=\"wp-image-32961 aligncenter\" src=\"https:\/\/marthacifuentes.com\/portada\/wp-content\/uploads\/2024\/05\/comunicado-prensa-geopark.png\" alt=\"\" width=\"563\" height=\"500\" srcset=\"https:\/\/marthacifuentes.com\/portada\/wp-content\/uploads\/2024\/05\/comunicado-prensa-geopark.png 696w, https:\/\/marthacifuentes.com\/portada\/wp-content\/uploads\/2024\/05\/comunicado-prensa-geopark-300x266.png 300w\" sizes=\"auto, (max-width: 563px) 100vw, 563px\" \/><\/p>\n<p><strong><a href=\"https:\/\/marthacifuentes.com\/portada\/wp-content\/uploads\/2024\/05\/Comunicado_GeoPark.pdf\">Comunicado_GeoPark<\/a><\/strong><\/p>\n<h2><span style=\"color: #ff6600;\">Otras noticias&#8230;<\/span><\/h2>\n<blockquote class=\"wp-embedded-content\" data-secret=\"CWJIUAkTjX\"><p><a href=\"https:\/\/marthacifuentes.com\/portada\/2024\/04\/30\/tercer-bus-quemado-en-zona-norte-de-casanare-en-un-acto-terrorista\/\">Tercer bus quemado en zona norte de Casanare en un acto terrorista.<\/a><\/p><\/blockquote>\n<p><iframe loading=\"lazy\" class=\"wp-embedded-content\" sandbox=\"allow-scripts\" security=\"restricted\" style=\"position: absolute; clip: rect(1px, 1px, 1px, 1px);\" title=\"\u00abTercer bus quemado en zona norte de Casanare en un acto terrorista.\u00bb \u2014 \u25b7 Noticias de Casanare : Martha Cifuentes | Casanare\" src=\"https:\/\/marthacifuentes.com\/portada\/2024\/04\/30\/tercer-bus-quemado-en-zona-norte-de-casanare-en-un-acto-terrorista\/embed\/#?secret=NXABwEGzPM#?secret=CWJIUAkTjX\" data-secret=\"CWJIUAkTjX\" width=\"500\" height=\"282\" frameborder=\"0\" marginwidth=\"0\" marginheight=\"0\" scrolling=\"no\"><\/iframe><\/p>\n<p><iframe loading=\"lazy\" class=\"wp-embedded-content\" title=\"\u00abTumbado ilegal cobro de Setty a la Alcald\u00eda de Yopal por m\u00e1s $5 mil millones\u00bb \u2014 \u25b7 Noticias de Casanare : Martha Cifuentes | Casanare\" src=\"https:\/\/marthacifuentes.com\/portada\/2024\/04\/30\/tumbado-ilegal-cobro-de-setty-a-la-alcaldia-de-yopal-por-mas-5-mil-millones\/embed\/#?secret=OrLXmElQAd#?secret=3ls9toXTUJ\" width=\"600\" height=\"595\" frameborder=\"0\" marginwidth=\"0\" marginheight=\"0\" scrolling=\"no\" sandbox=\"allow-scripts\" data-secret=\"3ls9toXTUJ\" data-mce-fragment=\"1\"><\/iframe><\/p>\n<p><iframe loading=\"lazy\" class=\"wp-embedded-content\" title=\"\u00abEn firme suspensi\u00f3n de contrato de \u201clos caramelos\u201d de la Eaaay. Contratista Ingenicontec SAS present\u00f3 tard\u00edamente apelaci\u00f3n ante el Juzgado.\u00bb \u2014 \u25b7 Noticias de Casanare : Martha Cifuentes | Casanare\" src=\"https:\/\/marthacifuentes.com\/portada\/2024\/04\/26\/en-firme-suspension-de-contrato-de-los-caramelos-de-la-eaaay-contratista-ingenicontec-sas-presento-tardiamente-apelacion-ante-el-juzgado\/embed\/#?secret=wo1JQs4Xg0#?secret=YZQlhqR2F5\" width=\"600\" height=\"574\" frameborder=\"0\" marginwidth=\"0\" marginheight=\"0\" scrolling=\"no\" sandbox=\"allow-scripts\" data-secret=\"YZQlhqR2F5\" data-mce-fragment=\"1\"><\/iframe><\/p>\n<p><iframe loading=\"lazy\" class=\"wp-embedded-content\" title=\"\u00abCasanare ya tiene Observatorio Socioecon\u00f3mico en la C\u00e1mara de Comercio de Casanare\u00bb \u2014 \u25b7 Noticias de Casanare : Martha Cifuentes | Casanare\" src=\"https:\/\/marthacifuentes.com\/portada\/2024\/04\/25\/casanare-ya-tiene-observatorio-socioeconomico-en-la-camara-de-comercio-de-casanare\/embed\/#?secret=WEPcZgSjj9#?secret=1xF4dzBZGM\" width=\"600\" height=\"591\" frameborder=\"0\" marginwidth=\"0\" marginheight=\"0\" scrolling=\"no\" sandbox=\"allow-scripts\" data-secret=\"1xF4dzBZGM\" data-mce-fragment=\"1\"><\/iframe><\/p>\n<p><iframe loading=\"lazy\" class=\"wp-embedded-content\" title=\"\u00abC\u00e1mara de Comercio de Casanare lanz\u00f3 EmprendeTech, programa dirigido a oferentes en soluciones tecnol\u00f3gicas en Casanare\u00bb \u2014 \u25b7 Noticias de Casanare : Martha Cifuentes | Casanare\" src=\"https:\/\/marthacifuentes.com\/portada\/2024\/04\/25\/camara-de-comercio-de-casanare-lanzo-emprendetech-programa-dirigido-a-oferentes-en-soluciones-tecnologicas-en-casanare\/embed\/#?secret=tM0m9GB1nS#?secret=xuWlVuMdYa\" width=\"600\" height=\"649\" frameborder=\"0\" marginwidth=\"0\" marginheight=\"0\" scrolling=\"no\" sandbox=\"allow-scripts\" data-secret=\"xuWlVuMdYa\" data-mce-fragment=\"1\"><\/iframe><\/p>\n<p><iframe loading=\"lazy\" class=\"wp-embedded-content\" title=\"\u00abConcejal de Aguazul Jader Andr\u00e9s Fl\u00f3rez perdi\u00f3 su investidura. En 2014 hab\u00eda sido condenado por tr\u00e1fico de estupefacientes.\u00bb \u2014 \u25b7 Noticias de Casanare : Martha Cifuentes | Casanare\" src=\"https:\/\/marthacifuentes.com\/portada\/2024\/04\/25\/concejal-de-aguazul-jader-andres-florez-perdio-su-investidura-en-2014-habia-sido-condenado-por-trafico-de-estupefacientes\/embed\/#?secret=VXqrewqiKi#?secret=MwGv4Dp4Gy\" width=\"600\" height=\"649\" frameborder=\"0\" marginwidth=\"0\" marginheight=\"0\" scrolling=\"no\" sandbox=\"allow-scripts\" data-secret=\"MwGv4Dp4Gy\" data-mce-fragment=\"1\"><\/iframe><\/p>\n<p><iframe loading=\"lazy\" class=\"wp-embedded-content\" title=\"\u00abEstudiante de la Instituci\u00f3n Educativa Centro Social recupera cargo de personera tras fallo judicial por violaci\u00f3n al debido proceso\u00bb \u2014 \u25b7 Noticias de Casanare : Martha Cifuentes | Casanare\" src=\"https:\/\/marthacifuentes.com\/portada\/2024\/04\/25\/estudiante-de-la-institucion-educativa-centro-social-recupera-cargo-de-personera-tras-fallo-judicial-por-violacion-al-debido-proceso\/embed\/#?secret=bChoktU9Wq#?secret=pE6GyGJgql\" width=\"600\" height=\"649\" frameborder=\"0\" marginwidth=\"0\" marginheight=\"0\" scrolling=\"no\" sandbox=\"allow-scripts\" data-secret=\"pE6GyGJgql\" data-mce-fragment=\"1\"><\/iframe><\/p>\n<p><iframe loading=\"lazy\" class=\"wp-embedded-content\" title=\"\u00abRuta D: Una ruta empresarial del emprendedor en Casanare\u00bb \u2014 \u25b7 Noticias de Casanare : Martha Cifuentes | Casanare\" src=\"https:\/\/marthacifuentes.com\/portada\/2024\/04\/24\/ruta-d-una-ruta-empresarial-del-emprendedor-en-casanare\/embed\/#?secret=XBqO3DImOu#?secret=e1cnXsdDrs\" width=\"600\" height=\"600\" frameborder=\"0\" marginwidth=\"0\" marginheight=\"0\" scrolling=\"no\" sandbox=\"allow-scripts\" data-secret=\"e1cnXsdDrs\" data-mce-fragment=\"1\"><\/iframe><\/p>\n<p><iframe loading=\"lazy\" class=\"wp-embedded-content\" title=\"\u00abConcejal de Yopal Jhon Jairo Peynado \u2018Petete\u2019 del Partido Liberal, pierde investidura por contrato pre-electoral.\u00bb \u2014 \u25b7 Noticias de Casanare : Martha Cifuentes | Casanare\" src=\"https:\/\/marthacifuentes.com\/portada\/2024\/04\/24\/concejal-de-yopal-jhon-jairo-peynado-petete-del-partido-liberal-pierde-investidura-por-contrato-pre-electoral\/embed\/#?secret=n7NQrCaHyM#?secret=pf4q7qxLuk\" width=\"600\" height=\"649\" frameborder=\"0\" marginwidth=\"0\" marginheight=\"0\" scrolling=\"no\" sandbox=\"allow-scripts\" data-secret=\"pf4q7qxLuk\" data-mce-fragment=\"1\"><\/iframe><\/p>\n<p><iframe loading=\"lazy\" class=\"wp-embedded-content\" title=\"\u00abTres muertos en accidentes de tr\u00e1nsito, un suicidio y un homicidio en Paz de Ariporo en 24 horas\u00bb \u2014 \u25b7 Noticias de Casanare : Martha Cifuentes | Casanare\" src=\"https:\/\/marthacifuentes.com\/portada\/2024\/04\/24\/tres-muertos-en-accidentes-de-transito-un-suicidio-y-un-homicidio-en-paz-de-ariporo-en-24-horas\/embed\/#?secret=wJRl0L3MLU#?secret=ZGu80ku0OY\" width=\"600\" height=\"600\" frameborder=\"0\" marginwidth=\"0\" marginheight=\"0\" scrolling=\"no\" sandbox=\"allow-scripts\" data-secret=\"ZGu80ku0OY\" data-mce-fragment=\"1\"><\/iframe><\/p>\n<p><iframe loading=\"lazy\" class=\"wp-embedded-content\" title=\"\u00abIns\u00f3lito. Inspector de polic\u00eda de Yopal capturado por pedirle dinero a un comerciante para evitar cierre de un establecimiento.\u00bb \u2014 \u25b7 Noticias de Casanare : Martha Cifuentes | Casanare\" src=\"https:\/\/marthacifuentes.com\/portada\/2024\/04\/23\/insolito-inspector-de-policia-de-yopal-capturado-por-pedirle-dinero-a-un-comerciante-para-evitar-cierre-de-un-establecimiento\/embed\/#?secret=gLeXW8PojS#?secret=d4UODSKLlq\" width=\"600\" height=\"649\" frameborder=\"0\" marginwidth=\"0\" marginheight=\"0\" scrolling=\"no\" sandbox=\"allow-scripts\" data-secret=\"d4UODSKLlq\" data-mce-fragment=\"1\"><\/iframe><\/p>\n<p><iframe loading=\"lazy\" class=\"wp-embedded-content\" title=\"\u00abColegio Francisco Lucea de San Luis de Palenque ser\u00e1 recuperado de la maleza que lo cubri\u00f3 durante 15 a\u00f1os\u00bb \u2014 \u25b7 Noticias de Casanare : Martha Cifuentes | Casanare\" src=\"https:\/\/marthacifuentes.com\/portada\/2024\/04\/22\/colegio-francisco-lucea-de-san-luis-de-palenque-sera-recuperado-de-la-maleza-que-lo-cubrio-durante-15-anos\/embed\/#?secret=utbVDuoooO#?secret=SWtjgHw58d\" width=\"600\" height=\"621\" frameborder=\"0\" marginwidth=\"0\" marginheight=\"0\" scrolling=\"no\" sandbox=\"allow-scripts\" data-secret=\"SWtjgHw58d\" data-mce-fragment=\"1\"><\/iframe><\/p>\n<p><iframe loading=\"lazy\" class=\"wp-embedded-content\" title=\"\u00abHabr\u00e1 planta de secado y almacenamiento de cereales en San Luis de Palenque: Zorro\u00a0\u00bb \u2014 \u25b7 Noticias de Casanare : Martha Cifuentes | Casanare\" src=\"https:\/\/marthacifuentes.com\/portada\/2024\/04\/22\/habra-planta-de-secado-y-almacenamiento-de-cereales-en-san-luis-de-palenque-zorro\/embed\/#?secret=YUZ2A1DuH7#?secret=9smLjhXMYf\" width=\"600\" height=\"621\" frameborder=\"0\" marginwidth=\"0\" marginheight=\"0\" scrolling=\"no\" sandbox=\"allow-scripts\" data-secret=\"9smLjhXMYf\" data-mce-fragment=\"1\"><\/iframe><\/p>\n<p><iframe loading=\"lazy\" class=\"wp-embedded-content\" title=\"\u00abGerente y exgerente de la Ese Salud Yopal se contradicen sobre ejecuci\u00f3n de construcci\u00f3n del hospital de la comuna 6.\u00bb \u2014 \u25b7 Noticias de Casanare : Martha Cifuentes | Casanare\" src=\"https:\/\/marthacifuentes.com\/portada\/2024\/04\/22\/gerente-y-exgerente-de-la-ese-salud-yopal-se-contradicen-sobre-ejecucion-de-construccion-del-hospital-de-la-comuna-6\/embed\/#?secret=BR9aIwy7Cs#?secret=d1pQZ8StQn\" width=\"600\" height=\"628\" frameborder=\"0\" marginwidth=\"0\" marginheight=\"0\" scrolling=\"no\" sandbox=\"allow-scripts\" data-secret=\"d1pQZ8StQn\" data-mce-fragment=\"1\"><\/iframe><\/p>\n<p><iframe loading=\"lazy\" class=\"wp-embedded-content\" title=\"\u00abEj\u00e9rcito descubri\u00f3 y desmantel\u00f3 f\u00e1brica de armas hechizas de disidencias de las Farc en S\u00e1cama, Casanare\u00bb \u2014 \u25b7 Noticias de Casanare : Martha Cifuentes | Casanare\" src=\"https:\/\/marthacifuentes.com\/portada\/2024\/04\/19\/ejercito-descubrio-y-desmantelo-fabrica-de-armas-hechizas-de-disidencias-de-las-farc-en-sacama-casanare\/embed\/#?secret=pz9uc38MFM#?secret=rsB2Tnro7f\" width=\"600\" height=\"587\" frameborder=\"0\" marginwidth=\"0\" marginheight=\"0\" scrolling=\"no\" sandbox=\"allow-scripts\" data-secret=\"rsB2Tnro7f\" data-mce-fragment=\"1\"><\/iframe><\/p>\n<p><iframe loading=\"lazy\" class=\"wp-embedded-content\" title=\"\u00ab\u00bfCu\u00e1nto costar\u00e1 plan de desarrollo de Yopal de Marco Tulio Ruiz?\u00bb \u2014 \u25b7 Noticias de Casanare : Martha Cifuentes | Casanare\" src=\"https:\/\/marthacifuentes.com\/portada\/2024\/04\/18\/cuanto-costara-plan-de-desarrollo-de-yopal-de-marco-tulio-ruiz\/embed\/#?secret=V5l902BBZH#?secret=34xBfbGgce\" width=\"600\" height=\"621\" frameborder=\"0\" marginwidth=\"0\" marginheight=\"0\" scrolling=\"no\" sandbox=\"allow-scripts\" data-secret=\"34xBfbGgce\" data-mce-fragment=\"1\"><\/iframe><\/p>\n<p><iframe loading=\"lazy\" class=\"wp-embedded-content\" title=\"\u00ab\u00bfQu\u00e9 ha hecho Zorro en primeros 100 d\u00edas al frente de la Gobernaci\u00f3n de Casanare?\u00bb \u2014 \u25b7 Noticias de Casanare : Martha Cifuentes | Casanare\" src=\"https:\/\/marthacifuentes.com\/portada\/2024\/04\/18\/que-ha-hecho-zorro-en-primeros-100-dias-al-frente-de-la-gobernacion-de-casanare\/embed\/#?secret=9Iv6K6brU0#?secret=Jyjze9eIRe\" width=\"600\" height=\"620\" frameborder=\"0\" marginwidth=\"0\" marginheight=\"0\" scrolling=\"no\" sandbox=\"allow-scripts\" data-secret=\"Jyjze9eIRe\" data-mce-fragment=\"1\"><\/iframe><\/p>\n<p><iframe loading=\"lazy\" class=\"wp-embedded-content\" title=\"\u00abPor construir en ronda de ca\u00f1o, cerca de 60 familias de la vereda La Uni\u00f3n tendr\u00e1n que demoler sus edificaciones\u00bb \u2014 \u25b7 Noticias de Casanare : Martha Cifuentes | Casanare\" src=\"https:\/\/marthacifuentes.com\/portada\/2024\/04\/17\/por-construir-en-ronda-de-cano-cerca-de-60-familias-de-la-vereda-la-union-tendran-que-demoler-sus-edificaciones\/embed\/#?secret=6uDpxmk05s#?secret=UZHR09uYuq\" width=\"600\" height=\"628\" frameborder=\"0\" marginwidth=\"0\" marginheight=\"0\" scrolling=\"no\" sandbox=\"allow-scripts\" data-secret=\"UZHR09uYuq\" data-mce-fragment=\"1\"><\/iframe><\/p>\n<p><iframe loading=\"lazy\" class=\"wp-embedded-content\" title=\"\u00abCapturado autor del primer homicidio de 2024 en Casanare\u00bb \u2014 \u25b7 Noticias de Casanare : Martha Cifuentes | Casanare\" src=\"https:\/\/marthacifuentes.com\/portada\/2024\/04\/17\/capturado-autor-del-primer-homicidio-de-2024-en-casanare\/embed\/#?secret=fijTnzJpc4#?secret=0JzyjdWlTr\" width=\"600\" height=\"600\" frameborder=\"0\" marginwidth=\"0\" marginheight=\"0\" scrolling=\"no\" sandbox=\"allow-scripts\" data-secret=\"0JzyjdWlTr\" data-mce-fragment=\"1\"><\/iframe><\/p>\n","protected":false},"excerpt":{"rendered":"<p>Hoy se cumplen 5 d\u00edas de una protesta de comunidades y empresarios locales de Caribayona, Los Gemelos y Canta Rana, veredas y corregimientos de Villanueva y Tauramena, contra las empresas petroleras Geopark y Parex. Hay bloqueos en las v\u00edas de acceso del bloque Llanos 34 y Cabrestero, respectivamente. Los protestantes argumentan que las compa\u00f1\u00edas han &hellip;<\/p>\n","protected":false},"author":2,"featured_media":32962,"comment_status":"open","ping_status":"open","sticky":false,"template":"","format":"standard","meta":{"om_disable_all_campaigns":false,"_exactmetrics_skip_tracking":false,"_exactmetrics_sitenote_active":false,"_exactmetrics_sitenote_note":"","_exactmetrics_sitenote_category":0,"_monsterinsights_skip_tracking":false,"_monsterinsights_sitenote_active":false,"_monsterinsights_sitenote_note":"","_monsterinsights_sitenote_category":0,"_uf_show_specific_survey":0,"_uf_disable_surveys":false,"_joinchat":[],"footnotes":""},"categories":[147,146,145],"tags":[9756,9755,9760,9759,1400,9758,9757],"class_list":["post-32955","post","type-post","status-publish","format-standard","has-post-thumbnail","hentry","category-actualidad","category-noticias","category-reportajes","tag-bloque-llanos-34-cabrestero","tag-geopark-bloqueos-villanueva-tauramena","tag-gobernacion-de-casanare-resolucion-047","tag-licencia-ambiental-llanos-34-geopark","tag-noticias-casanare","tag-parex-bloque-cabrestero","tag-protesta-caribayona-villanueva-tauramena"],"yoast_head":"<!-- This site is optimized with the Yoast SEO plugin v26.1 - https:\/\/yoast.com\/wordpress\/plugins\/seo\/ -->\n<title>Conflicto de comunidad y petrolera Geopark en Caribayona, Villanueva, por contrataci\u00f3n, v\u00edas y ambiente. - \u25b7 Noticias de Casanare : Martha Cifuentes | Casanare<\/title>\n<meta name=\"robots\" content=\"index, follow, max-snippet:-1, max-image-preview:large, max-video-preview:-1\" \/>\n<link rel=\"canonical\" href=\"https:\/\/marthacifuentes.com\/portada\/conflicto-de-comunidad-y-petrolera-geopark-en-caribayona-villanueva-por-contratacion-vias-y-ambiente\/\" \/>\n<meta property=\"og:locale\" content=\"es_ES\" \/>\n<meta property=\"og:type\" content=\"article\" \/>\n<meta property=\"og:title\" content=\"Conflicto de comunidad y petrolera Geopark en Caribayona, Villanueva, por contrataci\u00f3n, v\u00edas y ambiente. - \u25b7 Noticias de Casanare : Martha Cifuentes | Casanare\" \/>\n<meta property=\"og:description\" content=\"Hoy se cumplen 5 d\u00edas de una protesta de comunidades y empresarios locales de Caribayona, Los Gemelos y Canta Rana, veredas y corregimientos de Villanueva y Tauramena, contra las empresas petroleras Geopark y Parex. Hay bloqueos en las v\u00edas de acceso del bloque Llanos 34 y Cabrestero, respectivamente. Los protestantes argumentan que las compa\u00f1\u00edas han &hellip;\" \/>\n<meta property=\"og:url\" content=\"https:\/\/marthacifuentes.com\/portada\/conflicto-de-comunidad-y-petrolera-geopark-en-caribayona-villanueva-por-contratacion-vias-y-ambiente\/\" \/>\n<meta property=\"og:site_name\" content=\"\u25b7 Noticias de Casanare : Martha Cifuentes | Casanare\" \/>\n<meta property=\"article:published_time\" content=\"2024-05-02T14:04:32+00:00\" \/>\n<meta property=\"og:image\" content=\"https:\/\/marthacifuentes.com\/portada\/wp-content\/uploads\/2024\/05\/foto-protesta-caribayona.jpg\" \/>\n\t<meta property=\"og:image:width\" content=\"1600\" \/>\n\t<meta property=\"og:image:height\" content=\"901\" \/>\n\t<meta property=\"og:image:type\" content=\"image\/jpeg\" \/>\n<meta name=\"author\" content=\"Martha Cifuentes\" \/>\n<meta name=\"twitter:card\" content=\"summary_large_image\" \/>\n<meta name=\"twitter:label1\" content=\"Escrito por\" \/>\n\t<meta name=\"twitter:data1\" content=\"Martha Cifuentes\" \/>\n\t<meta name=\"twitter:label2\" content=\"Tiempo de lectura\" \/>\n\t<meta name=\"twitter:data2\" content=\"3 minutos\" \/>\n<script type=\"application\/ld+json\" class=\"yoast-schema-graph\">{\"@context\":\"https:\/\/schema.org\",\"@graph\":[{\"@type\":\"WebPage\",\"@id\":\"https:\/\/marthacifuentes.com\/portada\/conflicto-de-comunidad-y-petrolera-geopark-en-caribayona-villanueva-por-contratacion-vias-y-ambiente\/\",\"url\":\"https:\/\/marthacifuentes.com\/portada\/conflicto-de-comunidad-y-petrolera-geopark-en-caribayona-villanueva-por-contratacion-vias-y-ambiente\/\",\"name\":\"Conflicto de comunidad y petrolera Geopark en Caribayona, Villanueva, por contrataci\u00f3n, v\u00edas y ambiente. - \u25b7 Noticias de Casanare : Martha Cifuentes | Casanare\",\"isPartOf\":{\"@id\":\"https:\/\/marthacifuentes.com\/portada\/#website\"},\"primaryImageOfPage\":{\"@id\":\"https:\/\/marthacifuentes.com\/portada\/conflicto-de-comunidad-y-petrolera-geopark-en-caribayona-villanueva-por-contratacion-vias-y-ambiente\/#primaryimage\"},\"image\":{\"@id\":\"https:\/\/marthacifuentes.com\/portada\/conflicto-de-comunidad-y-petrolera-geopark-en-caribayona-villanueva-por-contratacion-vias-y-ambiente\/#primaryimage\"},\"thumbnailUrl\":\"https:\/\/marthacifuentes.com\/portada\/wp-content\/uploads\/2024\/05\/foto-protesta-caribayona.jpg\",\"datePublished\":\"2024-05-02T14:04:32+00:00\",\"author\":{\"@id\":\"https:\/\/marthacifuentes.com\/portada\/#\/schema\/person\/57f53174b991db5f90ff78d58502b714\"},\"breadcrumb\":{\"@id\":\"https:\/\/marthacifuentes.com\/portada\/conflicto-de-comunidad-y-petrolera-geopark-en-caribayona-villanueva-por-contratacion-vias-y-ambiente\/#breadcrumb\"},\"inLanguage\":\"es\",\"potentialAction\":[{\"@type\":\"ReadAction\",\"target\":[\"https:\/\/marthacifuentes.com\/portada\/conflicto-de-comunidad-y-petrolera-geopark-en-caribayona-villanueva-por-contratacion-vias-y-ambiente\/\"]}]},{\"@type\":\"ImageObject\",\"inLanguage\":\"es\",\"@id\":\"https:\/\/marthacifuentes.com\/portada\/conflicto-de-comunidad-y-petrolera-geopark-en-caribayona-villanueva-por-contratacion-vias-y-ambiente\/#primaryimage\",\"url\":\"https:\/\/marthacifuentes.com\/portada\/wp-content\/uploads\/2024\/05\/foto-protesta-caribayona.jpg\",\"contentUrl\":\"https:\/\/marthacifuentes.com\/portada\/wp-content\/uploads\/2024\/05\/foto-protesta-caribayona.jpg\",\"width\":1600,\"height\":901},{\"@type\":\"BreadcrumbList\",\"@id\":\"https:\/\/marthacifuentes.com\/portada\/conflicto-de-comunidad-y-petrolera-geopark-en-caribayona-villanueva-por-contratacion-vias-y-ambiente\/#breadcrumb\",\"itemListElement\":[{\"@type\":\"ListItem\",\"position\":1,\"name\":\"Portada\",\"item\":\"https:\/\/marthacifuentes.com\/portada\/\"},{\"@type\":\"ListItem\",\"position\":2,\"name\":\"Conflicto de comunidad y petrolera Geopark en Caribayona, Villanueva, por contrataci\u00f3n, v\u00edas y ambiente.\"}]},{\"@type\":\"WebSite\",\"@id\":\"https:\/\/marthacifuentes.com\/portada\/#website\",\"url\":\"https:\/\/marthacifuentes.com\/portada\/\",\"name\":\"\u25b7 Noticias de Casanare : Martha Cifuentes | Casanare\",\"description\":\"Noticias &amp; Contenidos\",\"potentialAction\":[{\"@type\":\"SearchAction\",\"target\":{\"@type\":\"EntryPoint\",\"urlTemplate\":\"https:\/\/marthacifuentes.com\/portada\/?s={search_term_string}\"},\"query-input\":{\"@type\":\"PropertyValueSpecification\",\"valueRequired\":true,\"valueName\":\"search_term_string\"}}],\"inLanguage\":\"es\"},{\"@type\":\"Person\",\"@id\":\"https:\/\/marthacifuentes.com\/portada\/#\/schema\/person\/57f53174b991db5f90ff78d58502b714\",\"name\":\"Martha Cifuentes\",\"image\":{\"@type\":\"ImageObject\",\"inLanguage\":\"es\",\"@id\":\"https:\/\/marthacifuentes.com\/portada\/#\/schema\/person\/image\/\",\"url\":\"http:\/\/marthacifuentes.com\/portada\/wp-content\/uploads\/2018\/06\/avatar_user_2_1528838701-96x96.jpg\",\"contentUrl\":\"http:\/\/marthacifuentes.com\/portada\/wp-content\/uploads\/2018\/06\/avatar_user_2_1528838701-96x96.jpg\",\"caption\":\"Martha Cifuentes\"},\"sameAs\":[\"http:\/\/www.marthacifuentes.com\"],\"url\":\"https:\/\/marthacifuentes.com\/portada\/author\/martha\/\"}]}<\/script>\n<!-- \/ Yoast SEO plugin. -->","yoast_head_json":{"title":"Conflicto de comunidad y petrolera Geopark en Caribayona, Villanueva, por contrataci\u00f3n, v\u00edas y ambiente. - \u25b7 Noticias de Casanare : Martha Cifuentes | Casanare","robots":{"index":"index","follow":"follow","max-snippet":"max-snippet:-1","max-image-preview":"max-image-preview:large","max-video-preview":"max-video-preview:-1"},"canonical":"https:\/\/marthacifuentes.com\/portada\/conflicto-de-comunidad-y-petrolera-geopark-en-caribayona-villanueva-por-contratacion-vias-y-ambiente\/","og_locale":"es_ES","og_type":"article","og_title":"Conflicto de comunidad y petrolera Geopark en Caribayona, Villanueva, por contrataci\u00f3n, v\u00edas y ambiente. - \u25b7 Noticias de Casanare : Martha Cifuentes | Casanare","og_description":"Hoy se cumplen 5 d\u00edas de una protesta de comunidades y empresarios locales de Caribayona, Los Gemelos y Canta Rana, veredas y corregimientos de Villanueva y Tauramena, contra las empresas petroleras Geopark y Parex. Hay bloqueos en las v\u00edas de acceso del bloque Llanos 34 y Cabrestero, respectivamente. Los protestantes argumentan que las compa\u00f1\u00edas han &hellip;","og_url":"https:\/\/marthacifuentes.com\/portada\/conflicto-de-comunidad-y-petrolera-geopark-en-caribayona-villanueva-por-contratacion-vias-y-ambiente\/","og_site_name":"\u25b7 Noticias de Casanare : Martha Cifuentes | Casanare","article_published_time":"2024-05-02T14:04:32+00:00","og_image":[{"width":1600,"height":901,"url":"https:\/\/marthacifuentes.com\/portada\/wp-content\/uploads\/2024\/05\/foto-protesta-caribayona.jpg","type":"image\/jpeg"}],"author":"Martha Cifuentes","twitter_card":"summary_large_image","twitter_misc":{"Escrito por":"Martha Cifuentes","Tiempo de lectura":"3 minutos"},"schema":{"@context":"https:\/\/schema.org","@graph":[{"@type":"WebPage","@id":"https:\/\/marthacifuentes.com\/portada\/conflicto-de-comunidad-y-petrolera-geopark-en-caribayona-villanueva-por-contratacion-vias-y-ambiente\/","url":"https:\/\/marthacifuentes.com\/portada\/conflicto-de-comunidad-y-petrolera-geopark-en-caribayona-villanueva-por-contratacion-vias-y-ambiente\/","name":"Conflicto de comunidad y petrolera Geopark en Caribayona, Villanueva, por contrataci\u00f3n, v\u00edas y ambiente. - \u25b7 Noticias de Casanare : Martha Cifuentes | Casanare","isPartOf":{"@id":"https:\/\/marthacifuentes.com\/portada\/#website"},"primaryImageOfPage":{"@id":"https:\/\/marthacifuentes.com\/portada\/conflicto-de-comunidad-y-petrolera-geopark-en-caribayona-villanueva-por-contratacion-vias-y-ambiente\/#primaryimage"},"image":{"@id":"https:\/\/marthacifuentes.com\/portada\/conflicto-de-comunidad-y-petrolera-geopark-en-caribayona-villanueva-por-contratacion-vias-y-ambiente\/#primaryimage"},"thumbnailUrl":"https:\/\/marthacifuentes.com\/portada\/wp-content\/uploads\/2024\/05\/foto-protesta-caribayona.jpg","datePublished":"2024-05-02T14:04:32+00:00","author":{"@id":"https:\/\/marthacifuentes.com\/portada\/#\/schema\/person\/57f53174b991db5f90ff78d58502b714"},"breadcrumb":{"@id":"https:\/\/marthacifuentes.com\/portada\/conflicto-de-comunidad-y-petrolera-geopark-en-caribayona-villanueva-por-contratacion-vias-y-ambiente\/#breadcrumb"},"inLanguage":"es","potentialAction":[{"@type":"ReadAction","target":["https:\/\/marthacifuentes.com\/portada\/conflicto-de-comunidad-y-petrolera-geopark-en-caribayona-villanueva-por-contratacion-vias-y-ambiente\/"]}]},{"@type":"ImageObject","inLanguage":"es","@id":"https:\/\/marthacifuentes.com\/portada\/conflicto-de-comunidad-y-petrolera-geopark-en-caribayona-villanueva-por-contratacion-vias-y-ambiente\/#primaryimage","url":"https:\/\/marthacifuentes.com\/portada\/wp-content\/uploads\/2024\/05\/foto-protesta-caribayona.jpg","contentUrl":"https:\/\/marthacifuentes.com\/portada\/wp-content\/uploads\/2024\/05\/foto-protesta-caribayona.jpg","width":1600,"height":901},{"@type":"BreadcrumbList","@id":"https:\/\/marthacifuentes.com\/portada\/conflicto-de-comunidad-y-petrolera-geopark-en-caribayona-villanueva-por-contratacion-vias-y-ambiente\/#breadcrumb","itemListElement":[{"@type":"ListItem","position":1,"name":"Portada","item":"https:\/\/marthacifuentes.com\/portada\/"},{"@type":"ListItem","position":2,"name":"Conflicto de comunidad y petrolera Geopark en Caribayona, Villanueva, por contrataci\u00f3n, v\u00edas y ambiente."}]},{"@type":"WebSite","@id":"https:\/\/marthacifuentes.com\/portada\/#website","url":"https:\/\/marthacifuentes.com\/portada\/","name":"\u25b7 Noticias de Casanare : Martha Cifuentes | Casanare","description":"Noticias &amp; Contenidos","potentialAction":[{"@type":"SearchAction","target":{"@type":"EntryPoint","urlTemplate":"https:\/\/marthacifuentes.com\/portada\/?s={search_term_string}"},"query-input":{"@type":"PropertyValueSpecification","valueRequired":true,"valueName":"search_term_string"}}],"inLanguage":"es"},{"@type":"Person","@id":"https:\/\/marthacifuentes.com\/portada\/#\/schema\/person\/57f53174b991db5f90ff78d58502b714","name":"Martha Cifuentes","image":{"@type":"ImageObject","inLanguage":"es","@id":"https:\/\/marthacifuentes.com\/portada\/#\/schema\/person\/image\/","url":"http:\/\/marthacifuentes.com\/portada\/wp-content\/uploads\/2018\/06\/avatar_user_2_1528838701-96x96.jpg","contentUrl":"http:\/\/marthacifuentes.com\/portada\/wp-content\/uploads\/2018\/06\/avatar_user_2_1528838701-96x96.jpg","caption":"Martha Cifuentes"},"sameAs":["http:\/\/www.marthacifuentes.com"],"url":"https:\/\/marthacifuentes.com\/portada\/author\/martha\/"}]}},"_links":{"self":[{"href":"https:\/\/marthacifuentes.com\/portada\/wp-json\/wp\/v2\/posts\/32955","targetHints":{"allow":["GET"]}}],"collection":[{"href":"https:\/\/marthacifuentes.com\/portada\/wp-json\/wp\/v2\/posts"}],"about":[{"href":"https:\/\/marthacifuentes.com\/portada\/wp-json\/wp\/v2\/types\/post"}],"author":[{"embeddable":true,"href":"https:\/\/marthacifuentes.com\/portada\/wp-json\/wp\/v2\/users\/2"}],"replies":[{"embeddable":true,"href":"https:\/\/marthacifuentes.com\/portada\/wp-json\/wp\/v2\/comments?post=32955"}],"version-history":[{"count":1,"href":"https:\/\/marthacifuentes.com\/portada\/wp-json\/wp\/v2\/posts\/32955\/revisions"}],"predecessor-version":[{"id":32964,"href":"https:\/\/marthacifuentes.com\/portada\/wp-json\/wp\/v2\/posts\/32955\/revisions\/32964"}],"wp:featuredmedia":[{"embeddable":true,"href":"https:\/\/marthacifuentes.com\/portada\/wp-json\/wp\/v2\/media\/32962"}],"wp:attachment":[{"href":"https:\/\/marthacifuentes.com\/portada\/wp-json\/wp\/v2\/media?parent=32955"}],"wp:term":[{"taxonomy":"category","embeddable":true,"href":"https:\/\/marthacifuentes.com\/portada\/wp-json\/wp\/v2\/categories?post=32955"},{"taxonomy":"post_tag","embeddable":true,"href":"https:\/\/marthacifuentes.com\/portada\/wp-json\/wp\/v2\/tags?post=32955"}],"curies":[{"name":"wp","href":"https:\/\/api.w.org\/{rel}","templated":true}]}}