{"id":33025,"date":"2024-05-08T08:15:46","date_gmt":"2024-05-08T13:15:46","guid":{"rendered":"https:\/\/marthacifuentes.com\/portada\/?p=33025"},"modified":"2024-05-08T08:15:46","modified_gmt":"2024-05-08T13:15:46","slug":"nubia-castro-nueva-gerente-de-enerca-llega-con-experiencia-en-energias-renovables","status":"publish","type":"post","link":"https:\/\/marthacifuentes.com\/portada\/nubia-castro-nueva-gerente-de-enerca-llega-con-experiencia-en-energias-renovables\/","title":{"rendered":"Nubia Castro, nueva gerente de Enerca, llega con experiencia en energ\u00edas renovables"},"content":{"rendered":"<p class=\"x_MsoNormal\">La nueva gerente de la Empresa de Energ\u00eda de Casanare es Nubia Stella Castro Molano. Administradora de Empresas con especializaci\u00f3n en Alta Gerencia y Econom\u00eda Solidaria. Se desempe\u00f1aba como gerente de la firma Construcciones y Soluciones Energ\u00e9ticas Consener SAS, dedicada a proyectos de ingenier\u00eda el\u00e9ctrica y civil.<\/p>\n<p class=\"x_MsoNormal\">Con esta empresa se ha llegado con proyectos energ\u00e9ticos de energ\u00edas renovables, fotovoltaicos, redes el\u00e9ctricas de media y baja tensi\u00f3n y subestaciones de distribuci\u00f3n, a diversas regiones dispersas y rurales del pa\u00eds como Guain\u00eda, La Guajira, Bol\u00edvar, Sucre, Cesar, Amazonas, Vichada, Arauca y Choc\u00f3, entre otras, adem\u00e1s de Casanare. En muchos de estos territorios hay Zonas No Interconcectadas ZNI.<\/p>\n<p class=\"x_MsoNormal\">Se espera que con esta experiencia en energ\u00edas renovables y el\u00e9ctricas pueda contribuir al crecimiento de Enerca, una de las entidades descentralizadas de la Gobernaci\u00f3n de Casanare.<\/p>\n<p class=\"x_MsoNormal\">Aunque no es comparable los costos del servicio de energ\u00eda de Casanare con la costa Caribe, los usuarios se vienen quejando de alzas en las tarifas de energ\u00eda. Uno de los retos de la nueva administradora ser\u00e1 mantener un equilibrio en los costos financieros y t\u00e9cnicos para que los usuarios paguen lo justo.<\/p>\n<h2>Otras noticias\u2026<\/h2>\n<blockquote class=\"wp-embedded-content\" data-secret=\"GmMIpWc3Lo\"><p><a href=\"https:\/\/marthacifuentes.com\/portada\/2024\/05\/08\/avanza-pavimentacion-de-43-vias-urbanas-en-yopal\/\">Avanza pavimentaci\u00f3n de 43 v\u00edas urbanas en Yopal<\/a><\/p><\/blockquote>\n<p><iframe loading=\"lazy\" class=\"wp-embedded-content\" sandbox=\"allow-scripts\" security=\"restricted\" style=\"position: absolute; clip: rect(1px, 1px, 1px, 1px);\" title=\"\u00abAvanza pavimentaci\u00f3n de 43 v\u00edas urbanas en Yopal\u00bb \u2014 \u25b7 Noticias de Casanare : Martha Cifuentes | Casanare\" src=\"https:\/\/marthacifuentes.com\/portada\/2024\/05\/08\/avanza-pavimentacion-de-43-vias-urbanas-en-yopal\/embed\/#?secret=hp2RlbsQXy#?secret=GmMIpWc3Lo\" data-secret=\"GmMIpWc3Lo\" width=\"500\" height=\"282\" frameborder=\"0\" marginwidth=\"0\" marginheight=\"0\" scrolling=\"no\"><\/iframe><\/p>\n<p><iframe loading=\"lazy\" class=\"wp-embedded-content\" title=\"\u00abGlobal Big Day en Casanare: Descubre el para\u00edso de la observaci\u00f3n de aves\u00bb \u2014 \u25b7 Noticias de Casanare : Martha Cifuentes | Casanare\" src=\"https:\/\/marthacifuentes.com\/portada\/2024\/05\/08\/global-big-day-en-casanare-descubre-el-paraiso-de-la-observacion-de-aves\/embed\/#?secret=dDGJVB7L37#?secret=fl0Ie2CEk0\" width=\"600\" height=\"596\" frameborder=\"0\" marginwidth=\"0\" marginheight=\"0\" scrolling=\"no\" sandbox=\"allow-scripts\" data-secret=\"fl0Ie2CEk0\" data-mce-fragment=\"1\"><\/iframe><\/p>\n<p><iframe loading=\"lazy\" class=\"wp-embedded-content\" title=\"\u00abAguazul: Alcalde Nelson Camacho busca convertir abandonada planta de yuca en centro de almacenamiento y secado de granos\u00bb \u2014 \u25b7 Noticias de Casanare : Martha Cifuentes | Casanare\" src=\"https:\/\/marthacifuentes.com\/portada\/2024\/05\/07\/aguazul-alcalde-nelson-camacho-busca-convertir-abandonada-planta-de-yuca-en-centro-de-almacenamiento-y-secado-de-granos\/embed\/#?secret=JrtvHBJ67G#?secret=n2srvYHFLZ\" width=\"600\" height=\"650\" frameborder=\"0\" marginwidth=\"0\" marginheight=\"0\" scrolling=\"no\" sandbox=\"allow-scripts\" data-secret=\"n2srvYHFLZ\" data-mce-fragment=\"1\"><\/iframe><\/p>\n<p><iframe loading=\"lazy\" class=\"wp-embedded-content\" title=\"\u00abEl Horo en crisis financiera y su gerente dimiti\u00f3. \u00bfDe mal en peor?\u00bb \u2014 \u25b7 Noticias de Casanare : Martha Cifuentes | Casanare\" src=\"https:\/\/marthacifuentes.com\/portada\/2024\/05\/07\/el-horo-en-crisis-financiera-y-su-gerente-dimitio-de-mal-en-peor\/embed\/#?secret=oQJmTXmqMn#?secret=YJRdM336l6\" width=\"600\" height=\"571\" frameborder=\"0\" marginwidth=\"0\" marginheight=\"0\" scrolling=\"no\" sandbox=\"allow-scripts\" data-secret=\"YJRdM336l6\" data-mce-fragment=\"1\"><\/iframe><\/p>\n<p><iframe loading=\"lazy\" class=\"wp-embedded-content\" title=\"\u00abVivienda digna y agua potable para Casanare, las apuestas de Zorro\u00bb \u2014 \u25b7 Noticias de Casanare : Martha Cifuentes | Casanare\" src=\"https:\/\/marthacifuentes.com\/portada\/2024\/05\/07\/vivienda-digna-y-agua-potable-para-casanare-las-apuestas-de-zorro\/embed\/#?secret=6shM0hmuLP#?secret=VBpRtiBbpE\" width=\"600\" height=\"621\" frameborder=\"0\" marginwidth=\"0\" marginheight=\"0\" scrolling=\"no\" sandbox=\"allow-scripts\" data-secret=\"VBpRtiBbpE\" data-mce-fragment=\"1\"><\/iframe><\/p>\n<p><iframe loading=\"lazy\" class=\"wp-embedded-content\" title=\"\u00abPlan de Desarrollo de Casanare llega a la Asamblea para su estudio y aprobaci\u00f3n. Costar\u00eda $2.7 billones.\u00bb \u2014 \u25b7 Noticias de Casanare : Martha Cifuentes | Casanare\" src=\"https:\/\/marthacifuentes.com\/portada\/2024\/05\/07\/plan-de-desarrollo-de-casanare-llega-a-la-asamblea-para-su-estudio-y-aprobacion-costaria-2-7-billones\/embed\/#?secret=3jO08Z2Vt5#?secret=s7amZfo87E\" width=\"600\" height=\"620\" frameborder=\"0\" marginwidth=\"0\" marginheight=\"0\" scrolling=\"no\" sandbox=\"allow-scripts\" data-secret=\"s7amZfo87E\" data-mce-fragment=\"1\"><\/iframe><\/p>\n<p><iframe loading=\"lazy\" class=\"wp-embedded-content\" title=\"\u00abCapresoca, como muchos de sus pacientes, est\u00e1 grave. Necesita ox\u00edgeno.\u00bb \u2014 \u25b7 Noticias de Casanare : Martha Cifuentes | Casanare\" src=\"https:\/\/marthacifuentes.com\/portada\/2024\/05\/07\/capresoca-como-muchos-de-sus-pacientes-esta-grave-necesita-oxigeno\/embed\/#?secret=0vMNBXLCZV#?secret=rJf0XjZpbr\" width=\"600\" height=\"621\" frameborder=\"0\" marginwidth=\"0\" marginheight=\"0\" scrolling=\"no\" sandbox=\"allow-scripts\" data-secret=\"rJf0XjZpbr\" data-mce-fragment=\"1\"><\/iframe><\/p>\n<p><iframe loading=\"lazy\" class=\"wp-embedded-content\" title=\"\u00abCasanare: Ocupaci\u00f3n hotelera se desploma 12.61% en el 1er trimestre de 2024, la mayor ca\u00edda del pa\u00eds.\u00bb \u2014 \u25b7 Noticias de Casanare : Martha Cifuentes | Casanare\" src=\"https:\/\/marthacifuentes.com\/portada\/2024\/05\/04\/casanare-ocupacion-hotelera-se-desploma-12-61-en-el-1er-trimestre-de-2024-la-mayor-caida-del-pais\/embed\/#?secret=qag2z4Empe#?secret=6aR2d5i4Jd\" width=\"600\" height=\"621\" frameborder=\"0\" marginwidth=\"0\" marginheight=\"0\" scrolling=\"no\" sandbox=\"allow-scripts\" data-secret=\"6aR2d5i4Jd\" data-mce-fragment=\"1\"><\/iframe><\/p>\n<p><iframe loading=\"lazy\" class=\"wp-embedded-content\" title=\"\u00abCae pareja de secuestradores de ganadera de Hato Corozal.\u00bb \u2014 \u25b7 Noticias de Casanare : Martha Cifuentes | Casanare\" src=\"https:\/\/marthacifuentes.com\/portada\/2024\/05\/03\/cae-pareja-de-secuestradores-de-ganadera-de-hato-corozal\/embed\/#?secret=EkrIiYbriF#?secret=jcgiWFa4lC\" width=\"600\" height=\"621\" frameborder=\"0\" marginwidth=\"0\" marginheight=\"0\" scrolling=\"no\" sandbox=\"allow-scripts\" data-secret=\"jcgiWFa4lC\" data-mce-fragment=\"1\"><\/iframe><\/p>\n<p><iframe loading=\"lazy\" class=\"wp-embedded-content\" title=\"\u00abAlcald\u00eda de Yopal y Eaaay hacen seguimiento a compromisos para lograr desintervenci\u00f3n de la Superservicios \u00a0\u00a0\u00a0\u00a0\u00a0\u00a0\u00a0\u00a0\u00a0\u00a0\u00bb \u2014 \u25b7 Noticias de Casanare : Martha Cifuentes | Casanare\" src=\"https:\/\/marthacifuentes.com\/portada\/2024\/05\/02\/alcaldia-de-yopal-y-eaaay-hacen-seguimiento-a-compromisos-para-lograr-desintervencion-de-la-superservicios\/embed\/#?secret=Cw7T8HoxKZ#?secret=84iO4Kx97G\" width=\"600\" height=\"628\" frameborder=\"0\" marginwidth=\"0\" marginheight=\"0\" scrolling=\"no\" sandbox=\"allow-scripts\" data-secret=\"84iO4Kx97G\" data-mce-fragment=\"1\"><\/iframe><\/p>\n<p><iframe loading=\"lazy\" class=\"wp-embedded-content\" title=\"\u00abConflicto de comunidad y petrolera Geopark en Caribayona, Villanueva, por contrataci\u00f3n, v\u00edas y ambiente.\u00bb \u2014 \u25b7 Noticias de Casanare : Martha Cifuentes | Casanare\" src=\"https:\/\/marthacifuentes.com\/portada\/2024\/05\/02\/conflicto-de-comunidad-y-petrolera-geopark-en-caribayona-villanueva-por-contratacion-vias-y-ambiente\/embed\/#?secret=zPWJZaOLkk#?secret=AymeJQC3Bm\" width=\"600\" height=\"649\" frameborder=\"0\" marginwidth=\"0\" marginheight=\"0\" scrolling=\"no\" sandbox=\"allow-scripts\" data-secret=\"AymeJQC3Bm\" data-mce-fragment=\"1\"><\/iframe><\/p>\n<p><iframe loading=\"lazy\" class=\"wp-embedded-content\" title=\"\u00abTercer bus quemado en zona norte de Casanare en un acto terrorista.\u00bb \u2014 \u25b7 Noticias de Casanare : Martha Cifuentes | Casanare\" src=\"https:\/\/marthacifuentes.com\/portada\/2024\/04\/30\/tercer-bus-quemado-en-zona-norte-de-casanare-en-un-acto-terrorista\/embed\/#?secret=c7znEEDwMf#?secret=MtT2X5jRxu\" width=\"600\" height=\"621\" frameborder=\"0\" marginwidth=\"0\" marginheight=\"0\" scrolling=\"no\" sandbox=\"allow-scripts\" data-secret=\"MtT2X5jRxu\" data-mce-fragment=\"1\"><\/iframe><\/p>\n<p class=\"x_MsoNormal\">\n","protected":false},"excerpt":{"rendered":"<p>La nueva gerente de la Empresa de Energ\u00eda de Casanare es Nubia Stella Castro Molano. Administradora de Empresas con especializaci\u00f3n en Alta Gerencia y Econom\u00eda Solidaria. Se desempe\u00f1aba como gerente de la firma Construcciones y Soluciones Energ\u00e9ticas Consener SAS, dedicada a proyectos de ingenier\u00eda el\u00e9ctrica y civil. Con esta empresa se ha llegado con proyectos &hellip;<\/p>\n","protected":false},"author":2,"featured_media":33026,"comment_status":"open","ping_status":"open","sticky":false,"template":"","format":"standard","meta":{"om_disable_all_campaigns":false,"_exactmetrics_skip_tracking":false,"_exactmetrics_sitenote_active":false,"_exactmetrics_sitenote_note":"","_exactmetrics_sitenote_category":0,"_monsterinsights_skip_tracking":false,"_monsterinsights_sitenote_active":false,"_monsterinsights_sitenote_note":"","_monsterinsights_sitenote_category":0,"_uf_show_specific_survey":0,"_uf_disable_surveys":false,"_joinchat":[],"footnotes":""},"categories":[147,146,145],"tags":[154,1373,1285,507,9823,187,1400,9822,9824],"class_list":["post-33025","post","type-post","status-publish","format-standard","has-post-thumbnail","hentry","category-actualidad","category-noticias","category-reportajes","tag-casanare","tag-casanare-noticias","tag-cesar-ortiz-zorro","tag-enerca","tag-energias-renovables","tag-gobernacion-de-casanare","tag-noticias-casanare","tag-nubia-castro","tag-tarifas-de-energia"],"yoast_head":"<!-- This site is optimized with the Yoast SEO plugin v26.1 - https:\/\/yoast.com\/wordpress\/plugins\/seo\/ -->\n<title>Nubia Castro, nueva gerente de Enerca, llega con experiencia en energ\u00edas renovables - \u25b7 Noticias de Casanare : Martha Cifuentes | Casanare<\/title>\n<meta name=\"robots\" content=\"index, follow, max-snippet:-1, max-image-preview:large, max-video-preview:-1\" \/>\n<link rel=\"canonical\" href=\"https:\/\/marthacifuentes.com\/portada\/nubia-castro-nueva-gerente-de-enerca-llega-con-experiencia-en-energias-renovables\/\" \/>\n<meta property=\"og:locale\" content=\"es_ES\" \/>\n<meta property=\"og:type\" content=\"article\" \/>\n<meta property=\"og:title\" content=\"Nubia Castro, nueva gerente de Enerca, llega con experiencia en energ\u00edas renovables - \u25b7 Noticias de Casanare : Martha Cifuentes | Casanare\" \/>\n<meta property=\"og:description\" content=\"La nueva gerente de la Empresa de Energ\u00eda de Casanare es Nubia Stella Castro Molano. Administradora de Empresas con especializaci\u00f3n en Alta Gerencia y Econom\u00eda Solidaria. Se desempe\u00f1aba como gerente de la firma Construcciones y Soluciones Energ\u00e9ticas Consener SAS, dedicada a proyectos de ingenier\u00eda el\u00e9ctrica y civil. Con esta empresa se ha llegado con proyectos &hellip;\" \/>\n<meta property=\"og:url\" content=\"https:\/\/marthacifuentes.com\/portada\/nubia-castro-nueva-gerente-de-enerca-llega-con-experiencia-en-energias-renovables\/\" \/>\n<meta property=\"og:site_name\" content=\"\u25b7 Noticias de Casanare : Martha Cifuentes | Casanare\" \/>\n<meta property=\"article:published_time\" content=\"2024-05-08T13:15:46+00:00\" \/>\n<meta property=\"og:image\" content=\"https:\/\/marthacifuentes.com\/portada\/wp-content\/uploads\/2024\/05\/nueva-gerente-de-enerca-nubia-stella-castro-3.jpg\" \/>\n\t<meta property=\"og:image:width\" content=\"1536\" \/>\n\t<meta property=\"og:image:height\" content=\"946\" \/>\n\t<meta property=\"og:image:type\" content=\"image\/jpeg\" \/>\n<meta name=\"author\" content=\"Martha Cifuentes\" \/>\n<meta name=\"twitter:card\" content=\"summary_large_image\" \/>\n<meta name=\"twitter:label1\" content=\"Escrito por\" \/>\n\t<meta name=\"twitter:data1\" content=\"Martha Cifuentes\" \/>\n\t<meta name=\"twitter:label2\" content=\"Tiempo de lectura\" \/>\n\t<meta name=\"twitter:data2\" content=\"1 minuto\" \/>\n<script type=\"application\/ld+json\" class=\"yoast-schema-graph\">{\"@context\":\"https:\/\/schema.org\",\"@graph\":[{\"@type\":\"WebPage\",\"@id\":\"https:\/\/marthacifuentes.com\/portada\/nubia-castro-nueva-gerente-de-enerca-llega-con-experiencia-en-energias-renovables\/\",\"url\":\"https:\/\/marthacifuentes.com\/portada\/nubia-castro-nueva-gerente-de-enerca-llega-con-experiencia-en-energias-renovables\/\",\"name\":\"Nubia Castro, nueva gerente de Enerca, llega con experiencia en energ\u00edas renovables - \u25b7 Noticias de Casanare : Martha Cifuentes | Casanare\",\"isPartOf\":{\"@id\":\"https:\/\/marthacifuentes.com\/portada\/#website\"},\"primaryImageOfPage\":{\"@id\":\"https:\/\/marthacifuentes.com\/portada\/nubia-castro-nueva-gerente-de-enerca-llega-con-experiencia-en-energias-renovables\/#primaryimage\"},\"image\":{\"@id\":\"https:\/\/marthacifuentes.com\/portada\/nubia-castro-nueva-gerente-de-enerca-llega-con-experiencia-en-energias-renovables\/#primaryimage\"},\"thumbnailUrl\":\"https:\/\/marthacifuentes.com\/portada\/wp-content\/uploads\/2024\/05\/nueva-gerente-de-enerca-nubia-stella-castro-3.jpg\",\"datePublished\":\"2024-05-08T13:15:46+00:00\",\"author\":{\"@id\":\"https:\/\/marthacifuentes.com\/portada\/#\/schema\/person\/57f53174b991db5f90ff78d58502b714\"},\"breadcrumb\":{\"@id\":\"https:\/\/marthacifuentes.com\/portada\/nubia-castro-nueva-gerente-de-enerca-llega-con-experiencia-en-energias-renovables\/#breadcrumb\"},\"inLanguage\":\"es\",\"potentialAction\":[{\"@type\":\"ReadAction\",\"target\":[\"https:\/\/marthacifuentes.com\/portada\/nubia-castro-nueva-gerente-de-enerca-llega-con-experiencia-en-energias-renovables\/\"]}]},{\"@type\":\"ImageObject\",\"inLanguage\":\"es\",\"@id\":\"https:\/\/marthacifuentes.com\/portada\/nubia-castro-nueva-gerente-de-enerca-llega-con-experiencia-en-energias-renovables\/#primaryimage\",\"url\":\"https:\/\/marthacifuentes.com\/portada\/wp-content\/uploads\/2024\/05\/nueva-gerente-de-enerca-nubia-stella-castro-3.jpg\",\"contentUrl\":\"https:\/\/marthacifuentes.com\/portada\/wp-content\/uploads\/2024\/05\/nueva-gerente-de-enerca-nubia-stella-castro-3.jpg\",\"width\":1536,\"height\":946},{\"@type\":\"BreadcrumbList\",\"@id\":\"https:\/\/marthacifuentes.com\/portada\/nubia-castro-nueva-gerente-de-enerca-llega-con-experiencia-en-energias-renovables\/#breadcrumb\",\"itemListElement\":[{\"@type\":\"ListItem\",\"position\":1,\"name\":\"Portada\",\"item\":\"https:\/\/marthacifuentes.com\/portada\/\"},{\"@type\":\"ListItem\",\"position\":2,\"name\":\"Nubia Castro, nueva gerente de Enerca, llega con experiencia en energ\u00edas renovables\"}]},{\"@type\":\"WebSite\",\"@id\":\"https:\/\/marthacifuentes.com\/portada\/#website\",\"url\":\"https:\/\/marthacifuentes.com\/portada\/\",\"name\":\"\u25b7 Noticias de Casanare : Martha Cifuentes | Casanare\",\"description\":\"Noticias &amp; Contenidos\",\"potentialAction\":[{\"@type\":\"SearchAction\",\"target\":{\"@type\":\"EntryPoint\",\"urlTemplate\":\"https:\/\/marthacifuentes.com\/portada\/?s={search_term_string}\"},\"query-input\":{\"@type\":\"PropertyValueSpecification\",\"valueRequired\":true,\"valueName\":\"search_term_string\"}}],\"inLanguage\":\"es\"},{\"@type\":\"Person\",\"@id\":\"https:\/\/marthacifuentes.com\/portada\/#\/schema\/person\/57f53174b991db5f90ff78d58502b714\",\"name\":\"Martha Cifuentes\",\"image\":{\"@type\":\"ImageObject\",\"inLanguage\":\"es\",\"@id\":\"https:\/\/marthacifuentes.com\/portada\/#\/schema\/person\/image\/\",\"url\":\"http:\/\/marthacifuentes.com\/portada\/wp-content\/uploads\/2018\/06\/avatar_user_2_1528838701-96x96.jpg\",\"contentUrl\":\"http:\/\/marthacifuentes.com\/portada\/wp-content\/uploads\/2018\/06\/avatar_user_2_1528838701-96x96.jpg\",\"caption\":\"Martha Cifuentes\"},\"sameAs\":[\"http:\/\/www.marthacifuentes.com\"],\"url\":\"https:\/\/marthacifuentes.com\/portada\/author\/martha\/\"}]}<\/script>\n<!-- \/ Yoast SEO plugin. -->","yoast_head_json":{"title":"Nubia Castro, nueva gerente de Enerca, llega con experiencia en energ\u00edas renovables - \u25b7 Noticias de Casanare : Martha Cifuentes | Casanare","robots":{"index":"index","follow":"follow","max-snippet":"max-snippet:-1","max-image-preview":"max-image-preview:large","max-video-preview":"max-video-preview:-1"},"canonical":"https:\/\/marthacifuentes.com\/portada\/nubia-castro-nueva-gerente-de-enerca-llega-con-experiencia-en-energias-renovables\/","og_locale":"es_ES","og_type":"article","og_title":"Nubia Castro, nueva gerente de Enerca, llega con experiencia en energ\u00edas renovables - \u25b7 Noticias de Casanare : Martha Cifuentes | Casanare","og_description":"La nueva gerente de la Empresa de Energ\u00eda de Casanare es Nubia Stella Castro Molano. Administradora de Empresas con especializaci\u00f3n en Alta Gerencia y Econom\u00eda Solidaria. Se desempe\u00f1aba como gerente de la firma Construcciones y Soluciones Energ\u00e9ticas Consener SAS, dedicada a proyectos de ingenier\u00eda el\u00e9ctrica y civil. Con esta empresa se ha llegado con proyectos &hellip;","og_url":"https:\/\/marthacifuentes.com\/portada\/nubia-castro-nueva-gerente-de-enerca-llega-con-experiencia-en-energias-renovables\/","og_site_name":"\u25b7 Noticias de Casanare : Martha Cifuentes | Casanare","article_published_time":"2024-05-08T13:15:46+00:00","og_image":[{"width":1536,"height":946,"url":"https:\/\/marthacifuentes.com\/portada\/wp-content\/uploads\/2024\/05\/nueva-gerente-de-enerca-nubia-stella-castro-3.jpg","type":"image\/jpeg"}],"author":"Martha Cifuentes","twitter_card":"summary_large_image","twitter_misc":{"Escrito por":"Martha Cifuentes","Tiempo de lectura":"1 minuto"},"schema":{"@context":"https:\/\/schema.org","@graph":[{"@type":"WebPage","@id":"https:\/\/marthacifuentes.com\/portada\/nubia-castro-nueva-gerente-de-enerca-llega-con-experiencia-en-energias-renovables\/","url":"https:\/\/marthacifuentes.com\/portada\/nubia-castro-nueva-gerente-de-enerca-llega-con-experiencia-en-energias-renovables\/","name":"Nubia Castro, nueva gerente de Enerca, llega con experiencia en energ\u00edas renovables - \u25b7 Noticias de Casanare : Martha Cifuentes | Casanare","isPartOf":{"@id":"https:\/\/marthacifuentes.com\/portada\/#website"},"primaryImageOfPage":{"@id":"https:\/\/marthacifuentes.com\/portada\/nubia-castro-nueva-gerente-de-enerca-llega-con-experiencia-en-energias-renovables\/#primaryimage"},"image":{"@id":"https:\/\/marthacifuentes.com\/portada\/nubia-castro-nueva-gerente-de-enerca-llega-con-experiencia-en-energias-renovables\/#primaryimage"},"thumbnailUrl":"https:\/\/marthacifuentes.com\/portada\/wp-content\/uploads\/2024\/05\/nueva-gerente-de-enerca-nubia-stella-castro-3.jpg","datePublished":"2024-05-08T13:15:46+00:00","author":{"@id":"https:\/\/marthacifuentes.com\/portada\/#\/schema\/person\/57f53174b991db5f90ff78d58502b714"},"breadcrumb":{"@id":"https:\/\/marthacifuentes.com\/portada\/nubia-castro-nueva-gerente-de-enerca-llega-con-experiencia-en-energias-renovables\/#breadcrumb"},"inLanguage":"es","potentialAction":[{"@type":"ReadAction","target":["https:\/\/marthacifuentes.com\/portada\/nubia-castro-nueva-gerente-de-enerca-llega-con-experiencia-en-energias-renovables\/"]}]},{"@type":"ImageObject","inLanguage":"es","@id":"https:\/\/marthacifuentes.com\/portada\/nubia-castro-nueva-gerente-de-enerca-llega-con-experiencia-en-energias-renovables\/#primaryimage","url":"https:\/\/marthacifuentes.com\/portada\/wp-content\/uploads\/2024\/05\/nueva-gerente-de-enerca-nubia-stella-castro-3.jpg","contentUrl":"https:\/\/marthacifuentes.com\/portada\/wp-content\/uploads\/2024\/05\/nueva-gerente-de-enerca-nubia-stella-castro-3.jpg","width":1536,"height":946},{"@type":"BreadcrumbList","@id":"https:\/\/marthacifuentes.com\/portada\/nubia-castro-nueva-gerente-de-enerca-llega-con-experiencia-en-energias-renovables\/#breadcrumb","itemListElement":[{"@type":"ListItem","position":1,"name":"Portada","item":"https:\/\/marthacifuentes.com\/portada\/"},{"@type":"ListItem","position":2,"name":"Nubia Castro, nueva gerente de Enerca, llega con experiencia en energ\u00edas renovables"}]},{"@type":"WebSite","@id":"https:\/\/marthacifuentes.com\/portada\/#website","url":"https:\/\/marthacifuentes.com\/portada\/","name":"\u25b7 Noticias de Casanare : Martha Cifuentes | Casanare","description":"Noticias &amp; Contenidos","potentialAction":[{"@type":"SearchAction","target":{"@type":"EntryPoint","urlTemplate":"https:\/\/marthacifuentes.com\/portada\/?s={search_term_string}"},"query-input":{"@type":"PropertyValueSpecification","valueRequired":true,"valueName":"search_term_string"}}],"inLanguage":"es"},{"@type":"Person","@id":"https:\/\/marthacifuentes.com\/portada\/#\/schema\/person\/57f53174b991db5f90ff78d58502b714","name":"Martha Cifuentes","image":{"@type":"ImageObject","inLanguage":"es","@id":"https:\/\/marthacifuentes.com\/portada\/#\/schema\/person\/image\/","url":"http:\/\/marthacifuentes.com\/portada\/wp-content\/uploads\/2018\/06\/avatar_user_2_1528838701-96x96.jpg","contentUrl":"http:\/\/marthacifuentes.com\/portada\/wp-content\/uploads\/2018\/06\/avatar_user_2_1528838701-96x96.jpg","caption":"Martha Cifuentes"},"sameAs":["http:\/\/www.marthacifuentes.com"],"url":"https:\/\/marthacifuentes.com\/portada\/author\/martha\/"}]}},"_links":{"self":[{"href":"https:\/\/marthacifuentes.com\/portada\/wp-json\/wp\/v2\/posts\/33025","targetHints":{"allow":["GET"]}}],"collection":[{"href":"https:\/\/marthacifuentes.com\/portada\/wp-json\/wp\/v2\/posts"}],"about":[{"href":"https:\/\/marthacifuentes.com\/portada\/wp-json\/wp\/v2\/types\/post"}],"author":[{"embeddable":true,"href":"https:\/\/marthacifuentes.com\/portada\/wp-json\/wp\/v2\/users\/2"}],"replies":[{"embeddable":true,"href":"https:\/\/marthacifuentes.com\/portada\/wp-json\/wp\/v2\/comments?post=33025"}],"version-history":[{"count":1,"href":"https:\/\/marthacifuentes.com\/portada\/wp-json\/wp\/v2\/posts\/33025\/revisions"}],"predecessor-version":[{"id":33027,"href":"https:\/\/marthacifuentes.com\/portada\/wp-json\/wp\/v2\/posts\/33025\/revisions\/33027"}],"wp:featuredmedia":[{"embeddable":true,"href":"https:\/\/marthacifuentes.com\/portada\/wp-json\/wp\/v2\/media\/33026"}],"wp:attachment":[{"href":"https:\/\/marthacifuentes.com\/portada\/wp-json\/wp\/v2\/media?parent=33025"}],"wp:term":[{"taxonomy":"category","embeddable":true,"href":"https:\/\/marthacifuentes.com\/portada\/wp-json\/wp\/v2\/categories?post=33025"},{"taxonomy":"post_tag","embeddable":true,"href":"https:\/\/marthacifuentes.com\/portada\/wp-json\/wp\/v2\/tags?post=33025"}],"curies":[{"name":"wp","href":"https:\/\/api.w.org\/{rel}","templated":true}]}}