{"id":33042,"date":"2024-05-09T09:00:25","date_gmt":"2024-05-09T14:00:25","guid":{"rendered":"https:\/\/marthacifuentes.com\/portada\/?p=33042"},"modified":"2024-05-09T09:00:25","modified_gmt":"2024-05-09T14:00:25","slug":"alcaldia-de-yopal-alerta-sobre-educacion-basica-y-media-virtual-no-esta-reglamentada","status":"publish","type":"post","link":"https:\/\/marthacifuentes.com\/portada\/alcaldia-de-yopal-alerta-sobre-educacion-basica-y-media-virtual-no-esta-reglamentada\/","title":{"rendered":"Alcald\u00eda de Yopal alerta sobre educaci\u00f3n b\u00e1sica y media virtual. No est\u00e1 reglamentada."},"content":{"rendered":"<p class=\"x_MsoNormal\">La Secretar\u00eda de Educaci\u00f3n de Yopal prende las alarmas sobre la proliferaci\u00f3n de instituciones que ofrecen educaci\u00f3n b\u00e1sica y media virtual en Colombia, una modalidad que\u00a0<b>no cuenta con reglamentaci\u00f3n ni aval oficial por parte del Ministerio de Educaci\u00f3n Nacional.<\/b><\/p>\n<p class=\"x_MsoNormal\"><b>Esta situaci\u00f3n pone en riesgo el futuro educativo de miles de ni\u00f1os, ni\u00f1as y adolescentes,<\/b>\u00a0quienes podr\u00edan ver sus estudios sin validez legal al no estar matriculados en un sistema educativo reconocido por las autoridades.<\/p>\n<p class=\"x_MsoNormal\">Igualmente, los padres de familia podr\u00edan estar incurso en un proceso legal por la vulneraci\u00f3n a este derecho fundamental.<\/p>\n<p class=\"x_MsoNormal\"><b>El llamado de atenci\u00f3n surge a ra\u00edz de las quejas de rectores de instituciones educativas oficiales,<\/b>\u00a0quienes han detectado un aumento en el n\u00famero de familias que optan por matricular a sus hijos en programas virtuales de dudosa procedencia.<\/p>\n<p class=\"x_MsoNormal\">\n<p class=\"x_MsoNormal\"><b>Se solicita reporte de casos de deserci\u00f3n escolar presencial<\/b><\/p>\n<p class=\"x_MsoNormal\">La Secretar\u00eda de Educaci\u00f3n de Yopal ha solicitado a los rectores de las 24 instituciones educativas bajo su jurisdicci\u00f3n que reporten todos los casos de deserci\u00f3n escolar con el argumento de estudios virtuales<b>.<\/b>\u00a0Esta medida busca identificar a las instituciones responsables y tomar las acciones pertinentes para proteger el derecho fundamental a la educaci\u00f3n de los menores.<\/p>\n<p class=\"x_MsoNormal\">Es crucial que los padres de familia est\u00e9n atentos a la legalidad de las instituciones educativas donde matriculan a sus hijos. Para verificar la autenticidad de un colegio, pueden ingresar al siguiente enlace:\u00a0<a href=\"https:\/\/sineb.mineducacion.gov.co\/bcol\/app?service=page\/BuscandoColegio\" data-auth=\"NotApplicable\" data-linkindex=\"1\" data-ogsc=\"blue\">https:\/\/sineb.mineducacion.gov.co\/bcol\/app?service=page\/BuscandoColegio<\/a>.<\/p>\n<p class=\"x_MsoNormal\">La Secretar\u00eda de Educaci\u00f3n de Yopal requiere a los padres de familia a actuar con responsabilidad y matricular a sus hijos en instituciones educativas oficiales o reconocidas por el Ministerio de Educaci\u00f3n Nacional.<\/p>\n<h2>Otras noticias\u2026<\/h2>\n<blockquote class=\"wp-embedded-content\" data-secret=\"cubarCjgVw\"><p><a href=\"https:\/\/marthacifuentes.com\/portada\/2024\/05\/09\/delinquir-no-paga-mensaje-a-estudiantes-de-yopal-en-recorrido-a-la-carcel-la-guafilla\/\">Delinquir no paga, mensaje a estudiantes de Yopal en recorrido a la c\u00e1rcel La Guafilla<\/a><\/p><\/blockquote>\n<p><iframe loading=\"lazy\" class=\"wp-embedded-content\" sandbox=\"allow-scripts\" security=\"restricted\" style=\"position: absolute; clip: rect(1px, 1px, 1px, 1px);\" title=\"\u00abDelinquir no paga, mensaje a estudiantes de Yopal en recorrido a la c\u00e1rcel La Guafilla\u00bb \u2014 \u25b7 Noticias de Casanare : Martha Cifuentes | Casanare\" src=\"https:\/\/marthacifuentes.com\/portada\/2024\/05\/09\/delinquir-no-paga-mensaje-a-estudiantes-de-yopal-en-recorrido-a-la-carcel-la-guafilla\/embed\/#?secret=8d3AfFZjpc#?secret=cubarCjgVw\" data-secret=\"cubarCjgVw\" width=\"500\" height=\"282\" frameborder=\"0\" marginwidth=\"0\" marginheight=\"0\" scrolling=\"no\"><\/iframe><\/p>\n<p><iframe loading=\"lazy\" class=\"wp-embedded-content\" title=\"\u00abEAAAY y Personer\u00eda de Yopal en pugna por desincentivo al consumo excesivo de agua\u00bb \u2014 \u25b7 Noticias de Casanare : Martha Cifuentes | Casanare\" src=\"https:\/\/marthacifuentes.com\/portada\/2024\/05\/09\/eaaay-y-personeria-de-yopal-en-pugna-por-desincentivo-al-consumo-excesivo-de-agua\/embed\/#?secret=nToV5xcsgJ#?secret=4MYFLAONlS\" width=\"600\" height=\"621\" frameborder=\"0\" marginwidth=\"0\" marginheight=\"0\" scrolling=\"no\" sandbox=\"allow-scripts\" data-secret=\"4MYFLAONlS\" data-mce-fragment=\"1\"><\/iframe><\/p>\n<p><iframe loading=\"lazy\" class=\"wp-embedded-content\" title=\"\u00ab\u00a1Llega la meritocracia a Yopal! La CNSC realizar\u00e1 un Encuentro Macrorregional\u00bb \u2014 \u25b7 Noticias de Casanare : Martha Cifuentes | Casanare\" src=\"https:\/\/marthacifuentes.com\/portada\/2024\/05\/09\/llega-la-meritocracia-a-yopal-la-cnsc-realizara-un-encuentro-macrorregional\/embed\/#?secret=d4dCujKujy#?secret=7C0nABe2B2\" width=\"600\" height=\"621\" frameborder=\"0\" marginwidth=\"0\" marginheight=\"0\" scrolling=\"no\" sandbox=\"allow-scripts\" data-secret=\"7C0nABe2B2\" data-mce-fragment=\"1\"><\/iframe><\/p>\n<p><iframe loading=\"lazy\" class=\"wp-embedded-content\" title=\"\u00abNubia Castro, nueva gerente de Enerca, llega con experiencia en energ\u00edas renovables\u00bb \u2014 \u25b7 Noticias de Casanare : Martha Cifuentes | Casanare\" src=\"https:\/\/marthacifuentes.com\/portada\/2024\/05\/08\/nubia-castro-nueva-gerente-de-enerca-llega-con-experiencia-en-energias-renovables\/embed\/#?secret=gR8rnSfbPb#?secret=YaEINkpuEm\" width=\"600\" height=\"621\" frameborder=\"0\" marginwidth=\"0\" marginheight=\"0\" scrolling=\"no\" sandbox=\"allow-scripts\" data-secret=\"YaEINkpuEm\" data-mce-fragment=\"1\"><\/iframe><\/p>\n<p><iframe loading=\"lazy\" class=\"wp-embedded-content\" title=\"\u00abAvanza pavimentaci\u00f3n de 43 v\u00edas urbanas en Yopal\u00bb \u2014 \u25b7 Noticias de Casanare : Martha Cifuentes | Casanare\" src=\"https:\/\/marthacifuentes.com\/portada\/2024\/05\/08\/avanza-pavimentacion-de-43-vias-urbanas-en-yopal\/embed\/#?secret=xIpTd4uMqF#?secret=KRtLCcSDP1\" width=\"600\" height=\"544\" frameborder=\"0\" marginwidth=\"0\" marginheight=\"0\" scrolling=\"no\" sandbox=\"allow-scripts\" data-secret=\"KRtLCcSDP1\" data-mce-fragment=\"1\"><\/iframe><\/p>\n<p><iframe loading=\"lazy\" class=\"wp-embedded-content\" title=\"\u00abGlobal Big Day en Casanare: Descubre el para\u00edso de la observaci\u00f3n de aves\u00bb \u2014 \u25b7 Noticias de Casanare : Martha Cifuentes | Casanare\" src=\"https:\/\/marthacifuentes.com\/portada\/2024\/05\/08\/global-big-day-en-casanare-descubre-el-paraiso-de-la-observacion-de-aves\/embed\/#?secret=dDGJVB7L37#?secret=fl0Ie2CEk0\" width=\"600\" height=\"596\" frameborder=\"0\" marginwidth=\"0\" marginheight=\"0\" scrolling=\"no\" sandbox=\"allow-scripts\" data-secret=\"fl0Ie2CEk0\" data-mce-fragment=\"1\"><\/iframe><\/p>\n<p><iframe loading=\"lazy\" class=\"wp-embedded-content\" title=\"\u00abAguazul: Alcalde Nelson Camacho busca convertir abandonada planta de yuca en centro de almacenamiento y secado de granos\u00bb \u2014 \u25b7 Noticias de Casanare : Martha Cifuentes | Casanare\" src=\"https:\/\/marthacifuentes.com\/portada\/2024\/05\/07\/aguazul-alcalde-nelson-camacho-busca-convertir-abandonada-planta-de-yuca-en-centro-de-almacenamiento-y-secado-de-granos\/embed\/#?secret=JrtvHBJ67G#?secret=n2srvYHFLZ\" width=\"600\" height=\"650\" frameborder=\"0\" marginwidth=\"0\" marginheight=\"0\" scrolling=\"no\" sandbox=\"allow-scripts\" data-secret=\"n2srvYHFLZ\" data-mce-fragment=\"1\"><\/iframe><\/p>\n<p><iframe loading=\"lazy\" class=\"wp-embedded-content\" title=\"\u00abEl Horo en crisis financiera y su gerente dimiti\u00f3. \u00bfDe mal en peor?\u00bb \u2014 \u25b7 Noticias de Casanare : Martha Cifuentes | Casanare\" src=\"https:\/\/marthacifuentes.com\/portada\/2024\/05\/07\/el-horo-en-crisis-financiera-y-su-gerente-dimitio-de-mal-en-peor\/embed\/#?secret=oQJmTXmqMn#?secret=YJRdM336l6\" width=\"600\" height=\"571\" frameborder=\"0\" marginwidth=\"0\" marginheight=\"0\" scrolling=\"no\" sandbox=\"allow-scripts\" data-secret=\"YJRdM336l6\" data-mce-fragment=\"1\"><\/iframe><\/p>\n<p><iframe loading=\"lazy\" class=\"wp-embedded-content\" title=\"\u00abVivienda digna y agua potable para Casanare, las apuestas de Zorro\u00bb \u2014 \u25b7 Noticias de Casanare : Martha Cifuentes | Casanare\" src=\"https:\/\/marthacifuentes.com\/portada\/2024\/05\/07\/vivienda-digna-y-agua-potable-para-casanare-las-apuestas-de-zorro\/embed\/#?secret=6shM0hmuLP#?secret=VBpRtiBbpE\" width=\"600\" height=\"621\" frameborder=\"0\" marginwidth=\"0\" marginheight=\"0\" scrolling=\"no\" sandbox=\"allow-scripts\" data-secret=\"VBpRtiBbpE\" data-mce-fragment=\"1\"><\/iframe><\/p>\n<p><iframe loading=\"lazy\" class=\"wp-embedded-content\" title=\"\u00abPlan de Desarrollo de Casanare llega a la Asamblea para su estudio y aprobaci\u00f3n. Costar\u00eda $2.7 billones.\u00bb \u2014 \u25b7 Noticias de Casanare : Martha Cifuentes | Casanare\" src=\"https:\/\/marthacifuentes.com\/portada\/2024\/05\/07\/plan-de-desarrollo-de-casanare-llega-a-la-asamblea-para-su-estudio-y-aprobacion-costaria-2-7-billones\/embed\/#?secret=3jO08Z2Vt5#?secret=s7amZfo87E\" width=\"600\" height=\"620\" frameborder=\"0\" marginwidth=\"0\" marginheight=\"0\" scrolling=\"no\" sandbox=\"allow-scripts\" data-secret=\"s7amZfo87E\" data-mce-fragment=\"1\"><\/iframe><\/p>\n<p><iframe loading=\"lazy\" class=\"wp-embedded-content\" title=\"\u00abCapresoca, como muchos de sus pacientes, est\u00e1 grave. Necesita ox\u00edgeno.\u00bb \u2014 \u25b7 Noticias de Casanare : Martha Cifuentes | Casanare\" src=\"https:\/\/marthacifuentes.com\/portada\/2024\/05\/07\/capresoca-como-muchos-de-sus-pacientes-esta-grave-necesita-oxigeno\/embed\/#?secret=0vMNBXLCZV#?secret=rJf0XjZpbr\" width=\"600\" height=\"621\" frameborder=\"0\" marginwidth=\"0\" marginheight=\"0\" scrolling=\"no\" sandbox=\"allow-scripts\" data-secret=\"rJf0XjZpbr\" data-mce-fragment=\"1\"><\/iframe><\/p>\n<p><iframe loading=\"lazy\" class=\"wp-embedded-content\" title=\"\u00abCasanare: Ocupaci\u00f3n hotelera se desploma 12.61% en el 1er trimestre de 2024, la mayor ca\u00edda del pa\u00eds.\u00bb \u2014 \u25b7 Noticias de Casanare : Martha Cifuentes | Casanare\" src=\"https:\/\/marthacifuentes.com\/portada\/2024\/05\/04\/casanare-ocupacion-hotelera-se-desploma-12-61-en-el-1er-trimestre-de-2024-la-mayor-caida-del-pais\/embed\/#?secret=qag2z4Empe#?secret=6aR2d5i4Jd\" width=\"600\" height=\"621\" frameborder=\"0\" marginwidth=\"0\" marginheight=\"0\" scrolling=\"no\" sandbox=\"allow-scripts\" data-secret=\"6aR2d5i4Jd\" data-mce-fragment=\"1\"><\/iframe><\/p>\n<p><iframe loading=\"lazy\" class=\"wp-embedded-content\" title=\"\u00abCae pareja de secuestradores de ganadera de Hato Corozal.\u00bb \u2014 \u25b7 Noticias de Casanare : Martha Cifuentes | Casanare\" src=\"https:\/\/marthacifuentes.com\/portada\/2024\/05\/03\/cae-pareja-de-secuestradores-de-ganadera-de-hato-corozal\/embed\/#?secret=EkrIiYbriF#?secret=jcgiWFa4lC\" width=\"600\" height=\"621\" frameborder=\"0\" marginwidth=\"0\" marginheight=\"0\" scrolling=\"no\" sandbox=\"allow-scripts\" data-secret=\"jcgiWFa4lC\" data-mce-fragment=\"1\"><\/iframe><\/p>\n<p><iframe loading=\"lazy\" class=\"wp-embedded-content\" title=\"\u00abAlcald\u00eda de Yopal y Eaaay hacen seguimiento a compromisos para lograr desintervenci\u00f3n de la Superservicios \u00a0\u00a0\u00a0\u00a0\u00a0\u00a0\u00a0\u00a0\u00a0\u00a0\u00bb \u2014 \u25b7 Noticias de Casanare : Martha Cifuentes | Casanare\" src=\"https:\/\/marthacifuentes.com\/portada\/2024\/05\/02\/alcaldia-de-yopal-y-eaaay-hacen-seguimiento-a-compromisos-para-lograr-desintervencion-de-la-superservicios\/embed\/#?secret=Cw7T8HoxKZ#?secret=84iO4Kx97G\" width=\"600\" height=\"628\" frameborder=\"0\" marginwidth=\"0\" marginheight=\"0\" scrolling=\"no\" sandbox=\"allow-scripts\" data-secret=\"84iO4Kx97G\" data-mce-fragment=\"1\"><\/iframe><\/p>\n<p><iframe loading=\"lazy\" class=\"wp-embedded-content\" title=\"\u00abConflicto de comunidad y petrolera Geopark en Caribayona, Villanueva, por contrataci\u00f3n, v\u00edas y ambiente.\u00bb \u2014 \u25b7 Noticias de Casanare : Martha Cifuentes | Casanare\" src=\"https:\/\/marthacifuentes.com\/portada\/2024\/05\/02\/conflicto-de-comunidad-y-petrolera-geopark-en-caribayona-villanueva-por-contratacion-vias-y-ambiente\/embed\/#?secret=zPWJZaOLkk#?secret=AymeJQC3Bm\" width=\"600\" height=\"649\" frameborder=\"0\" marginwidth=\"0\" marginheight=\"0\" scrolling=\"no\" sandbox=\"allow-scripts\" data-secret=\"AymeJQC3Bm\" data-mce-fragment=\"1\"><\/iframe><\/p>\n<p><iframe loading=\"lazy\" class=\"wp-embedded-content\" title=\"\u00abTercer bus quemado en zona norte de Casanare en un acto terrorista.\u00bb \u2014 \u25b7 Noticias de Casanare : Martha Cifuentes | Casanare\" src=\"https:\/\/marthacifuentes.com\/portada\/2024\/04\/30\/tercer-bus-quemado-en-zona-norte-de-casanare-en-un-acto-terrorista\/embed\/#?secret=c7znEEDwMf#?secret=MtT2X5jRxu\" width=\"600\" height=\"621\" frameborder=\"0\" marginwidth=\"0\" marginheight=\"0\" scrolling=\"no\" sandbox=\"allow-scripts\" data-secret=\"MtT2X5jRxu\" data-mce-fragment=\"1\"><\/iframe><\/p>\n","protected":false},"excerpt":{"rendered":"<p>La Secretar\u00eda de Educaci\u00f3n de Yopal prende las alarmas sobre la proliferaci\u00f3n de instituciones que ofrecen educaci\u00f3n b\u00e1sica y media virtual en Colombia, una modalidad que\u00a0no cuenta con reglamentaci\u00f3n ni aval oficial por parte del Ministerio de Educaci\u00f3n Nacional. Esta situaci\u00f3n pone en riesgo el futuro educativo de miles de ni\u00f1os, ni\u00f1as y adolescentes,\u00a0quienes podr\u00edan &hellip;<\/p>\n","protected":false},"author":2,"featured_media":33043,"comment_status":"open","ping_status":"open","sticky":false,"template":"","format":"standard","meta":{"om_disable_all_campaigns":false,"_exactmetrics_skip_tracking":false,"_exactmetrics_sitenote_active":false,"_exactmetrics_sitenote_note":"","_exactmetrics_sitenote_category":0,"_monsterinsights_skip_tracking":false,"_monsterinsights_sitenote_active":false,"_monsterinsights_sitenote_note":"","_monsterinsights_sitenote_category":0,"_uf_show_specific_survey":0,"_uf_disable_surveys":false,"_joinchat":[],"footnotes":""},"categories":[147,146,145],"tags":[252,9842,1859,1372,1374,1421,1194,157,6155],"class_list":["post-33042","post","type-post","status-publish","format-standard","has-post-thumbnail","hentry","category-actualidad","category-noticias","category-reportajes","tag-alcaldia-de-yopal","tag-desercion-escolar-presencial","tag-ministerio-de-educacion-nacional","tag-noticias-de-casanare","tag-noticias-de-yopal","tag-noticias-yopal","tag-secretaria-de-educacion-de-yopal","tag-yopal","tag-yopal-casanare"],"yoast_head":"<!-- This site is optimized with the Yoast SEO plugin v26.1 - https:\/\/yoast.com\/wordpress\/plugins\/seo\/ -->\n<title>Alcald\u00eda de Yopal alerta sobre educaci\u00f3n b\u00e1sica y media virtual. No est\u00e1 reglamentada. - \u25b7 Noticias de Casanare : Martha Cifuentes | Casanare<\/title>\n<meta name=\"robots\" content=\"index, follow, max-snippet:-1, max-image-preview:large, max-video-preview:-1\" \/>\n<link rel=\"canonical\" href=\"https:\/\/marthacifuentes.com\/portada\/alcaldia-de-yopal-alerta-sobre-educacion-basica-y-media-virtual-no-esta-reglamentada\/\" \/>\n<meta property=\"og:locale\" content=\"es_ES\" \/>\n<meta property=\"og:type\" content=\"article\" \/>\n<meta property=\"og:title\" content=\"Alcald\u00eda de Yopal alerta sobre educaci\u00f3n b\u00e1sica y media virtual. No est\u00e1 reglamentada. - \u25b7 Noticias de Casanare : Martha Cifuentes | Casanare\" \/>\n<meta property=\"og:description\" content=\"La Secretar\u00eda de Educaci\u00f3n de Yopal prende las alarmas sobre la proliferaci\u00f3n de instituciones que ofrecen educaci\u00f3n b\u00e1sica y media virtual en Colombia, una modalidad que\u00a0no cuenta con reglamentaci\u00f3n ni aval oficial por parte del Ministerio de Educaci\u00f3n Nacional. Esta situaci\u00f3n pone en riesgo el futuro educativo de miles de ni\u00f1os, ni\u00f1as y adolescentes,\u00a0quienes podr\u00edan &hellip;\" \/>\n<meta property=\"og:url\" content=\"https:\/\/marthacifuentes.com\/portada\/alcaldia-de-yopal-alerta-sobre-educacion-basica-y-media-virtual-no-esta-reglamentada\/\" \/>\n<meta property=\"og:site_name\" content=\"\u25b7 Noticias de Casanare : Martha Cifuentes | Casanare\" \/>\n<meta property=\"article:published_time\" content=\"2024-05-09T14:00:25+00:00\" \/>\n<meta property=\"og:image\" content=\"https:\/\/marthacifuentes.com\/portada\/wp-content\/uploads\/2024\/05\/Educacion-virtual.jpg\" \/>\n\t<meta property=\"og:image:width\" content=\"900\" \/>\n\t<meta property=\"og:image:height\" content=\"600\" \/>\n\t<meta property=\"og:image:type\" content=\"image\/jpeg\" \/>\n<meta name=\"author\" content=\"Martha Cifuentes\" \/>\n<meta name=\"twitter:card\" content=\"summary_large_image\" \/>\n<meta name=\"twitter:label1\" content=\"Escrito por\" \/>\n\t<meta name=\"twitter:data1\" content=\"Martha Cifuentes\" \/>\n\t<meta name=\"twitter:label2\" content=\"Tiempo de lectura\" \/>\n\t<meta name=\"twitter:data2\" content=\"2 minutos\" \/>\n<script type=\"application\/ld+json\" class=\"yoast-schema-graph\">{\"@context\":\"https:\/\/schema.org\",\"@graph\":[{\"@type\":\"WebPage\",\"@id\":\"https:\/\/marthacifuentes.com\/portada\/alcaldia-de-yopal-alerta-sobre-educacion-basica-y-media-virtual-no-esta-reglamentada\/\",\"url\":\"https:\/\/marthacifuentes.com\/portada\/alcaldia-de-yopal-alerta-sobre-educacion-basica-y-media-virtual-no-esta-reglamentada\/\",\"name\":\"Alcald\u00eda de Yopal alerta sobre educaci\u00f3n b\u00e1sica y media virtual. No est\u00e1 reglamentada. - \u25b7 Noticias de Casanare : Martha Cifuentes | Casanare\",\"isPartOf\":{\"@id\":\"https:\/\/marthacifuentes.com\/portada\/#website\"},\"primaryImageOfPage\":{\"@id\":\"https:\/\/marthacifuentes.com\/portada\/alcaldia-de-yopal-alerta-sobre-educacion-basica-y-media-virtual-no-esta-reglamentada\/#primaryimage\"},\"image\":{\"@id\":\"https:\/\/marthacifuentes.com\/portada\/alcaldia-de-yopal-alerta-sobre-educacion-basica-y-media-virtual-no-esta-reglamentada\/#primaryimage\"},\"thumbnailUrl\":\"https:\/\/marthacifuentes.com\/portada\/wp-content\/uploads\/2024\/05\/Educacion-virtual.jpg\",\"datePublished\":\"2024-05-09T14:00:25+00:00\",\"author\":{\"@id\":\"https:\/\/marthacifuentes.com\/portada\/#\/schema\/person\/57f53174b991db5f90ff78d58502b714\"},\"breadcrumb\":{\"@id\":\"https:\/\/marthacifuentes.com\/portada\/alcaldia-de-yopal-alerta-sobre-educacion-basica-y-media-virtual-no-esta-reglamentada\/#breadcrumb\"},\"inLanguage\":\"es\",\"potentialAction\":[{\"@type\":\"ReadAction\",\"target\":[\"https:\/\/marthacifuentes.com\/portada\/alcaldia-de-yopal-alerta-sobre-educacion-basica-y-media-virtual-no-esta-reglamentada\/\"]}]},{\"@type\":\"ImageObject\",\"inLanguage\":\"es\",\"@id\":\"https:\/\/marthacifuentes.com\/portada\/alcaldia-de-yopal-alerta-sobre-educacion-basica-y-media-virtual-no-esta-reglamentada\/#primaryimage\",\"url\":\"https:\/\/marthacifuentes.com\/portada\/wp-content\/uploads\/2024\/05\/Educacion-virtual.jpg\",\"contentUrl\":\"https:\/\/marthacifuentes.com\/portada\/wp-content\/uploads\/2024\/05\/Educacion-virtual.jpg\",\"width\":900,\"height\":600},{\"@type\":\"BreadcrumbList\",\"@id\":\"https:\/\/marthacifuentes.com\/portada\/alcaldia-de-yopal-alerta-sobre-educacion-basica-y-media-virtual-no-esta-reglamentada\/#breadcrumb\",\"itemListElement\":[{\"@type\":\"ListItem\",\"position\":1,\"name\":\"Portada\",\"item\":\"https:\/\/marthacifuentes.com\/portada\/\"},{\"@type\":\"ListItem\",\"position\":2,\"name\":\"Alcald\u00eda de Yopal alerta sobre educaci\u00f3n b\u00e1sica y media virtual. No est\u00e1 reglamentada.\"}]},{\"@type\":\"WebSite\",\"@id\":\"https:\/\/marthacifuentes.com\/portada\/#website\",\"url\":\"https:\/\/marthacifuentes.com\/portada\/\",\"name\":\"\u25b7 Noticias de Casanare : Martha Cifuentes | Casanare\",\"description\":\"Noticias &amp; Contenidos\",\"potentialAction\":[{\"@type\":\"SearchAction\",\"target\":{\"@type\":\"EntryPoint\",\"urlTemplate\":\"https:\/\/marthacifuentes.com\/portada\/?s={search_term_string}\"},\"query-input\":{\"@type\":\"PropertyValueSpecification\",\"valueRequired\":true,\"valueName\":\"search_term_string\"}}],\"inLanguage\":\"es\"},{\"@type\":\"Person\",\"@id\":\"https:\/\/marthacifuentes.com\/portada\/#\/schema\/person\/57f53174b991db5f90ff78d58502b714\",\"name\":\"Martha Cifuentes\",\"image\":{\"@type\":\"ImageObject\",\"inLanguage\":\"es\",\"@id\":\"https:\/\/marthacifuentes.com\/portada\/#\/schema\/person\/image\/\",\"url\":\"http:\/\/marthacifuentes.com\/portada\/wp-content\/uploads\/2018\/06\/avatar_user_2_1528838701-96x96.jpg\",\"contentUrl\":\"http:\/\/marthacifuentes.com\/portada\/wp-content\/uploads\/2018\/06\/avatar_user_2_1528838701-96x96.jpg\",\"caption\":\"Martha Cifuentes\"},\"sameAs\":[\"http:\/\/www.marthacifuentes.com\"],\"url\":\"https:\/\/marthacifuentes.com\/portada\/author\/martha\/\"}]}<\/script>\n<!-- \/ Yoast SEO plugin. -->","yoast_head_json":{"title":"Alcald\u00eda de Yopal alerta sobre educaci\u00f3n b\u00e1sica y media virtual. No est\u00e1 reglamentada. - \u25b7 Noticias de Casanare : Martha Cifuentes | Casanare","robots":{"index":"index","follow":"follow","max-snippet":"max-snippet:-1","max-image-preview":"max-image-preview:large","max-video-preview":"max-video-preview:-1"},"canonical":"https:\/\/marthacifuentes.com\/portada\/alcaldia-de-yopal-alerta-sobre-educacion-basica-y-media-virtual-no-esta-reglamentada\/","og_locale":"es_ES","og_type":"article","og_title":"Alcald\u00eda de Yopal alerta sobre educaci\u00f3n b\u00e1sica y media virtual. No est\u00e1 reglamentada. - \u25b7 Noticias de Casanare : Martha Cifuentes | Casanare","og_description":"La Secretar\u00eda de Educaci\u00f3n de Yopal prende las alarmas sobre la proliferaci\u00f3n de instituciones que ofrecen educaci\u00f3n b\u00e1sica y media virtual en Colombia, una modalidad que\u00a0no cuenta con reglamentaci\u00f3n ni aval oficial por parte del Ministerio de Educaci\u00f3n Nacional. Esta situaci\u00f3n pone en riesgo el futuro educativo de miles de ni\u00f1os, ni\u00f1as y adolescentes,\u00a0quienes podr\u00edan &hellip;","og_url":"https:\/\/marthacifuentes.com\/portada\/alcaldia-de-yopal-alerta-sobre-educacion-basica-y-media-virtual-no-esta-reglamentada\/","og_site_name":"\u25b7 Noticias de Casanare : Martha Cifuentes | Casanare","article_published_time":"2024-05-09T14:00:25+00:00","og_image":[{"width":900,"height":600,"url":"https:\/\/marthacifuentes.com\/portada\/wp-content\/uploads\/2024\/05\/Educacion-virtual.jpg","type":"image\/jpeg"}],"author":"Martha Cifuentes","twitter_card":"summary_large_image","twitter_misc":{"Escrito por":"Martha Cifuentes","Tiempo de lectura":"2 minutos"},"schema":{"@context":"https:\/\/schema.org","@graph":[{"@type":"WebPage","@id":"https:\/\/marthacifuentes.com\/portada\/alcaldia-de-yopal-alerta-sobre-educacion-basica-y-media-virtual-no-esta-reglamentada\/","url":"https:\/\/marthacifuentes.com\/portada\/alcaldia-de-yopal-alerta-sobre-educacion-basica-y-media-virtual-no-esta-reglamentada\/","name":"Alcald\u00eda de Yopal alerta sobre educaci\u00f3n b\u00e1sica y media virtual. No est\u00e1 reglamentada. - \u25b7 Noticias de Casanare : Martha Cifuentes | Casanare","isPartOf":{"@id":"https:\/\/marthacifuentes.com\/portada\/#website"},"primaryImageOfPage":{"@id":"https:\/\/marthacifuentes.com\/portada\/alcaldia-de-yopal-alerta-sobre-educacion-basica-y-media-virtual-no-esta-reglamentada\/#primaryimage"},"image":{"@id":"https:\/\/marthacifuentes.com\/portada\/alcaldia-de-yopal-alerta-sobre-educacion-basica-y-media-virtual-no-esta-reglamentada\/#primaryimage"},"thumbnailUrl":"https:\/\/marthacifuentes.com\/portada\/wp-content\/uploads\/2024\/05\/Educacion-virtual.jpg","datePublished":"2024-05-09T14:00:25+00:00","author":{"@id":"https:\/\/marthacifuentes.com\/portada\/#\/schema\/person\/57f53174b991db5f90ff78d58502b714"},"breadcrumb":{"@id":"https:\/\/marthacifuentes.com\/portada\/alcaldia-de-yopal-alerta-sobre-educacion-basica-y-media-virtual-no-esta-reglamentada\/#breadcrumb"},"inLanguage":"es","potentialAction":[{"@type":"ReadAction","target":["https:\/\/marthacifuentes.com\/portada\/alcaldia-de-yopal-alerta-sobre-educacion-basica-y-media-virtual-no-esta-reglamentada\/"]}]},{"@type":"ImageObject","inLanguage":"es","@id":"https:\/\/marthacifuentes.com\/portada\/alcaldia-de-yopal-alerta-sobre-educacion-basica-y-media-virtual-no-esta-reglamentada\/#primaryimage","url":"https:\/\/marthacifuentes.com\/portada\/wp-content\/uploads\/2024\/05\/Educacion-virtual.jpg","contentUrl":"https:\/\/marthacifuentes.com\/portada\/wp-content\/uploads\/2024\/05\/Educacion-virtual.jpg","width":900,"height":600},{"@type":"BreadcrumbList","@id":"https:\/\/marthacifuentes.com\/portada\/alcaldia-de-yopal-alerta-sobre-educacion-basica-y-media-virtual-no-esta-reglamentada\/#breadcrumb","itemListElement":[{"@type":"ListItem","position":1,"name":"Portada","item":"https:\/\/marthacifuentes.com\/portada\/"},{"@type":"ListItem","position":2,"name":"Alcald\u00eda de Yopal alerta sobre educaci\u00f3n b\u00e1sica y media virtual. No est\u00e1 reglamentada."}]},{"@type":"WebSite","@id":"https:\/\/marthacifuentes.com\/portada\/#website","url":"https:\/\/marthacifuentes.com\/portada\/","name":"\u25b7 Noticias de Casanare : Martha Cifuentes | Casanare","description":"Noticias &amp; Contenidos","potentialAction":[{"@type":"SearchAction","target":{"@type":"EntryPoint","urlTemplate":"https:\/\/marthacifuentes.com\/portada\/?s={search_term_string}"},"query-input":{"@type":"PropertyValueSpecification","valueRequired":true,"valueName":"search_term_string"}}],"inLanguage":"es"},{"@type":"Person","@id":"https:\/\/marthacifuentes.com\/portada\/#\/schema\/person\/57f53174b991db5f90ff78d58502b714","name":"Martha Cifuentes","image":{"@type":"ImageObject","inLanguage":"es","@id":"https:\/\/marthacifuentes.com\/portada\/#\/schema\/person\/image\/","url":"http:\/\/marthacifuentes.com\/portada\/wp-content\/uploads\/2018\/06\/avatar_user_2_1528838701-96x96.jpg","contentUrl":"http:\/\/marthacifuentes.com\/portada\/wp-content\/uploads\/2018\/06\/avatar_user_2_1528838701-96x96.jpg","caption":"Martha Cifuentes"},"sameAs":["http:\/\/www.marthacifuentes.com"],"url":"https:\/\/marthacifuentes.com\/portada\/author\/martha\/"}]}},"_links":{"self":[{"href":"https:\/\/marthacifuentes.com\/portada\/wp-json\/wp\/v2\/posts\/33042","targetHints":{"allow":["GET"]}}],"collection":[{"href":"https:\/\/marthacifuentes.com\/portada\/wp-json\/wp\/v2\/posts"}],"about":[{"href":"https:\/\/marthacifuentes.com\/portada\/wp-json\/wp\/v2\/types\/post"}],"author":[{"embeddable":true,"href":"https:\/\/marthacifuentes.com\/portada\/wp-json\/wp\/v2\/users\/2"}],"replies":[{"embeddable":true,"href":"https:\/\/marthacifuentes.com\/portada\/wp-json\/wp\/v2\/comments?post=33042"}],"version-history":[{"count":1,"href":"https:\/\/marthacifuentes.com\/portada\/wp-json\/wp\/v2\/posts\/33042\/revisions"}],"predecessor-version":[{"id":33044,"href":"https:\/\/marthacifuentes.com\/portada\/wp-json\/wp\/v2\/posts\/33042\/revisions\/33044"}],"wp:featuredmedia":[{"embeddable":true,"href":"https:\/\/marthacifuentes.com\/portada\/wp-json\/wp\/v2\/media\/33043"}],"wp:attachment":[{"href":"https:\/\/marthacifuentes.com\/portada\/wp-json\/wp\/v2\/media?parent=33042"}],"wp:term":[{"taxonomy":"category","embeddable":true,"href":"https:\/\/marthacifuentes.com\/portada\/wp-json\/wp\/v2\/categories?post=33042"},{"taxonomy":"post_tag","embeddable":true,"href":"https:\/\/marthacifuentes.com\/portada\/wp-json\/wp\/v2\/tags?post=33042"}],"curies":[{"name":"wp","href":"https:\/\/api.w.org\/{rel}","templated":true}]}}