{"id":33067,"date":"2024-05-17T08:43:47","date_gmt":"2024-05-17T13:43:47","guid":{"rendered":"https:\/\/marthacifuentes.com\/portada\/?p=33067"},"modified":"2024-05-17T08:43:47","modified_gmt":"2024-05-17T13:43:47","slug":"donde-estan-los-estudiantes-pupitres-vacios-evidencian-desercion-escolar-en-yopal","status":"publish","type":"post","link":"https:\/\/marthacifuentes.com\/portada\/donde-estan-los-estudiantes-pupitres-vacios-evidencian-desercion-escolar-en-yopal\/","title":{"rendered":"\u00bfD\u00f3nde est\u00e1n los estudiantes?: Pupitres vac\u00edos evidencian deserci\u00f3n escolar en Yopal"},"content":{"rendered":"<p class=\"x_MsoNormal\">Un preocupante panorama se presenta en Yopal, donde las autoridades educativas han identificado un n\u00famero significativo de estudiantes que han abandonado sus estudios sin motivos claros. Inicialmente se identific\u00f3 que 753 estudiantes estaban fuera del sistema.<\/p>\n<p class=\"x_MsoNormal\">Esta situaci\u00f3n, que se enmarca en una tendencia nacional de disminuci\u00f3n de la matr\u00edcula, enciende las alarmas y exige acciones urgentes para garantizar el acceso a la educaci\u00f3n de todos los ni\u00f1os y j\u00f3venes.<\/p>\n<p class=\"x_MsoNormal\"><b>La b\u00fasqueda activa revela un panorama desalentador:<\/b><\/p>\n<ul type=\"disc\">\n<li class=\"x_MsoNormal\"><b>753 casos:<\/b>\u00a0Un total de 753 estudiantes han sido identificados fuera del sistema educativo en Yopal.<\/li>\n<li class=\"x_MsoNormal\"><b>Causas inciertas:<\/b>\u00a0El 27% de estos casos no presenta datos de contacto confiables, lo que dificulta la comunicaci\u00f3n con los padres o acudientes para determinar las razones de la deserci\u00f3n.<\/li>\n<li class=\"x_MsoNormal\"><b>Fuga de talentos:<\/b>\u00a0Un 36% de los estudiantes ha salido del pa\u00eds, aunque sus familias se comprometen a retomar la matr\u00edcula en el futuro.<\/li>\n<li class=\"x_MsoNormal\"><b>Mayor\u00eda de edad:<\/b>\u00a0En otros casos, la deserci\u00f3n se asocia a la proximidad de la mayor\u00eda de edad de los estudiantes.<\/li>\n<\/ul>\n<p class=\"x_MsoNormal\"><b>\u00a0<\/b><\/p>\n<p class=\"x_MsoNormal\"><b>Hay que actuar para recuperar los estudiantes perdidos<\/b><\/p>\n<p class=\"x_MsoNormal\">Ante este panorama, un equipo de tres profesionales de la Secretar\u00eda de Educaci\u00f3n de Yopal se ha dedicado a localizar a padres y acudientes de los estudiantes no matriculados o que han desertado. Se hace un llamado urgente a la acci\u00f3n:<\/p>\n<ul type=\"disc\">\n<li class=\"x_MsoNormal\"><b>Compromiso docente:<\/b>\u00a0Los docentes juegan un papel crucial en la detecci\u00f3n temprana de casos de deserci\u00f3n y en el acompa\u00f1amiento a los estudiantes y sus familias. Son ellos los primeros en identificar la ausencia de los alumnos.<\/li>\n<li class=\"x_MsoNormal\"><b>Estrategias integrales:<\/b>\u00a0Se requieren estrategias integrales que aborden las causas profundas de la deserci\u00f3n, como la pobreza, la falta de oportunidades y las dificultades socioecon\u00f3micas.<\/li>\n<li class=\"x_MsoNormal\"><b>Actualizaci\u00f3n de datos:<\/b>\u00a0Se solicita a los padres y acudientes actualizar sus datos de contacto en el SIMAT para facilitar la comunicaci\u00f3n en caso de ausencias o deserci\u00f3n.<\/li>\n<\/ul>\n<p class=\"x_MsoNormal\"><b>La educaci\u00f3n, un derecho fundamental:<\/b><\/p>\n<p class=\"x_MsoNormal\">La deserci\u00f3n escolar no solo representa una p\u00e9rdida de potencial para los estudiantes, sino que tambi\u00e9n afecta negativamente el desarrollo social y econ\u00f3mico de la regi\u00f3n. Es por ello que garantizar el acceso a una educaci\u00f3n de calidad para todos los ni\u00f1os y j\u00f3venes debe ser una prioridad absoluta.<\/p>\n<h2><strong>Otras noticias\u2026<\/strong><\/h2>\n<blockquote class=\"wp-embedded-content\" data-secret=\"fDTHVizSln\"><p><a href=\"https:\/\/marthacifuentes.com\/portada\/2024\/05\/16\/unitropico-asociacion-de-victimas-y-corporacion-cultural-casanari-en-yopal-recibieron-predios-de-la-sae\/\">Unitr\u00f3pico, Asociaci\u00f3n de V\u00edctimas y Corporaci\u00f3n Cultural Casanari en Yopal recibieron predios de la SAE<\/a><\/p><\/blockquote>\n<p><iframe loading=\"lazy\" class=\"wp-embedded-content\" sandbox=\"allow-scripts\" security=\"restricted\" style=\"position: absolute; clip: rect(1px, 1px, 1px, 1px);\" title=\"\u00abUnitr\u00f3pico, Asociaci\u00f3n de V\u00edctimas y Corporaci\u00f3n Cultural Casanari en Yopal recibieron predios de la SAE\u00bb \u2014 \u25b7 Noticias de Casanare : Martha Cifuentes | Casanare\" src=\"https:\/\/marthacifuentes.com\/portada\/2024\/05\/16\/unitropico-asociacion-de-victimas-y-corporacion-cultural-casanari-en-yopal-recibieron-predios-de-la-sae\/embed\/#?secret=qzSQjjIWEJ#?secret=fDTHVizSln\" data-secret=\"fDTHVizSln\" width=\"500\" height=\"282\" frameborder=\"0\" marginwidth=\"0\" marginheight=\"0\" scrolling=\"no\"><\/iframe><\/p>\n<p><iframe loading=\"lazy\" class=\"wp-embedded-content\" title=\"\u00abA prisi\u00f3n dos sospechosos por delitos sexuales en Yopal\u00bb \u2014 \u25b7 Noticias de Casanare : Martha Cifuentes | Casanare\" src=\"https:\/\/marthacifuentes.com\/portada\/2024\/05\/10\/a-prision-dos-sospechosos-por-delitos-sexuales-en-yopal\/embed\/#?secret=8qieKOxeS1#?secret=WGjJzP4HGj\" width=\"600\" height=\"616\" frameborder=\"0\" marginwidth=\"0\" marginheight=\"0\" scrolling=\"no\" sandbox=\"allow-scripts\" data-secret=\"WGjJzP4HGj\" data-mce-fragment=\"1\"><\/iframe><\/p>\n<p><iframe loading=\"lazy\" class=\"wp-embedded-content\" title=\"\u00abZorro y Marco Tulio unidos en torno a construcci\u00f3n del Malec\u00f3n de Yopal\u00bb \u2014 \u25b7 Noticias de Casanare : Martha Cifuentes | Casanare\" src=\"https:\/\/marthacifuentes.com\/portada\/2024\/05\/10\/zorro-y-marco-tulio-unidos-en-torno-a-construccion-del-malecon-de-yopal\/embed\/#?secret=vlkVPPfWiP#?secret=oi5CUInAbm\" width=\"600\" height=\"620\" frameborder=\"0\" marginwidth=\"0\" marginheight=\"0\" scrolling=\"no\" sandbox=\"allow-scripts\" data-secret=\"oi5CUInAbm\" data-mce-fragment=\"1\"><\/iframe><\/p>\n<p><iframe loading=\"lazy\" class=\"wp-embedded-content\" title=\"\u00ab\u00a1Casanare cumple 50 a\u00f1os! Un d\u00eda c\u00edvico para celebrar la historia y la cultura\u00bb \u2014 \u25b7 Noticias de Casanare : Martha Cifuentes | Casanare\" src=\"https:\/\/marthacifuentes.com\/portada\/2024\/05\/09\/casanare-cumple-50-anos-un-dia-civico-para-celebrar-la-historia-y-la-cultura\/embed\/#?secret=RDUPhv0LmW#?secret=RF5K5sExR4\" width=\"600\" height=\"621\" frameborder=\"0\" marginwidth=\"0\" marginheight=\"0\" scrolling=\"no\" sandbox=\"allow-scripts\" data-secret=\"RF5K5sExR4\" data-mce-fragment=\"1\"><\/iframe><\/p>\n<p><iframe loading=\"lazy\" class=\"wp-embedded-content\" title=\"\u00abAlcald\u00eda de Yopal alerta sobre educaci\u00f3n b\u00e1sica y media virtual. No est\u00e1 reglamentada.\u00bb \u2014 \u25b7 Noticias de Casanare : Martha Cifuentes | Casanare\" src=\"https:\/\/marthacifuentes.com\/portada\/2024\/05\/09\/alcaldia-de-yopal-alerta-sobre-educacion-basica-y-media-virtual-no-esta-reglamentada\/embed\/#?secret=e0ovdDLFyv#?secret=aTtqBRdxa5\" width=\"600\" height=\"621\" frameborder=\"0\" marginwidth=\"0\" marginheight=\"0\" scrolling=\"no\" sandbox=\"allow-scripts\" data-secret=\"aTtqBRdxa5\" data-mce-fragment=\"1\"><\/iframe><\/p>\n<p><iframe loading=\"lazy\" class=\"wp-embedded-content\" title=\"\u00abDelinquir no paga, mensaje a estudiantes de Yopal en recorrido a la c\u00e1rcel La Guafilla\u00bb \u2014 \u25b7 Noticias de Casanare : Martha Cifuentes | Casanare\" src=\"https:\/\/marthacifuentes.com\/portada\/2024\/05\/09\/delinquir-no-paga-mensaje-a-estudiantes-de-yopal-en-recorrido-a-la-carcel-la-guafilla\/embed\/#?secret=bO8tzhi0Kc#?secret=tmarKJrpoV\" width=\"600\" height=\"621\" frameborder=\"0\" marginwidth=\"0\" marginheight=\"0\" scrolling=\"no\" sandbox=\"allow-scripts\" data-secret=\"tmarKJrpoV\" data-mce-fragment=\"1\"><\/iframe><\/p>\n<p><iframe loading=\"lazy\" class=\"wp-embedded-content\" title=\"\u00abEAAAY y Personer\u00eda de Yopal en pugna por desincentivo al consumo excesivo de agua\u00bb \u2014 \u25b7 Noticias de Casanare : Martha Cifuentes | Casanare\" src=\"https:\/\/marthacifuentes.com\/portada\/2024\/05\/09\/eaaay-y-personeria-de-yopal-en-pugna-por-desincentivo-al-consumo-excesivo-de-agua\/embed\/#?secret=nToV5xcsgJ#?secret=4MYFLAONlS\" width=\"600\" height=\"621\" frameborder=\"0\" marginwidth=\"0\" marginheight=\"0\" scrolling=\"no\" sandbox=\"allow-scripts\" data-secret=\"4MYFLAONlS\" data-mce-fragment=\"1\"><\/iframe><\/p>\n<p><iframe loading=\"lazy\" class=\"wp-embedded-content\" title=\"\u00ab\u00a1Llega la meritocracia a Yopal! La CNSC realizar\u00e1 un Encuentro Macrorregional\u00bb \u2014 \u25b7 Noticias de Casanare : Martha Cifuentes | Casanare\" src=\"https:\/\/marthacifuentes.com\/portada\/2024\/05\/09\/llega-la-meritocracia-a-yopal-la-cnsc-realizara-un-encuentro-macrorregional\/embed\/#?secret=d4dCujKujy#?secret=7C0nABe2B2\" width=\"600\" height=\"621\" frameborder=\"0\" marginwidth=\"0\" marginheight=\"0\" scrolling=\"no\" sandbox=\"allow-scripts\" data-secret=\"7C0nABe2B2\" data-mce-fragment=\"1\"><\/iframe><\/p>\n<p><iframe loading=\"lazy\" class=\"wp-embedded-content\" title=\"\u00abNubia Castro, nueva gerente de Enerca, llega con experiencia en energ\u00edas renovables\u00bb \u2014 \u25b7 Noticias de Casanare : Martha Cifuentes | Casanare\" src=\"https:\/\/marthacifuentes.com\/portada\/2024\/05\/08\/nubia-castro-nueva-gerente-de-enerca-llega-con-experiencia-en-energias-renovables\/embed\/#?secret=gR8rnSfbPb#?secret=YaEINkpuEm\" width=\"600\" height=\"621\" frameborder=\"0\" marginwidth=\"0\" marginheight=\"0\" scrolling=\"no\" sandbox=\"allow-scripts\" data-secret=\"YaEINkpuEm\" data-mce-fragment=\"1\"><\/iframe><\/p>\n<p><iframe loading=\"lazy\" class=\"wp-embedded-content\" title=\"\u00abAvanza pavimentaci\u00f3n de 43 v\u00edas urbanas en Yopal\u00bb \u2014 \u25b7 Noticias de Casanare : Martha Cifuentes | Casanare\" src=\"https:\/\/marthacifuentes.com\/portada\/2024\/05\/08\/avanza-pavimentacion-de-43-vias-urbanas-en-yopal\/embed\/#?secret=xIpTd4uMqF#?secret=KRtLCcSDP1\" width=\"600\" height=\"544\" frameborder=\"0\" marginwidth=\"0\" marginheight=\"0\" scrolling=\"no\" sandbox=\"allow-scripts\" data-secret=\"KRtLCcSDP1\" data-mce-fragment=\"1\"><\/iframe><\/p>\n<p><iframe loading=\"lazy\" class=\"wp-embedded-content\" title=\"\u00abGlobal Big Day en Casanare: Descubre el para\u00edso de la observaci\u00f3n de aves\u00bb \u2014 \u25b7 Noticias de Casanare : Martha Cifuentes | Casanare\" src=\"https:\/\/marthacifuentes.com\/portada\/2024\/05\/08\/global-big-day-en-casanare-descubre-el-paraiso-de-la-observacion-de-aves\/embed\/#?secret=dDGJVB7L37#?secret=fl0Ie2CEk0\" width=\"600\" height=\"596\" frameborder=\"0\" marginwidth=\"0\" marginheight=\"0\" scrolling=\"no\" sandbox=\"allow-scripts\" data-secret=\"fl0Ie2CEk0\" data-mce-fragment=\"1\"><\/iframe><\/p>\n<p><iframe loading=\"lazy\" class=\"wp-embedded-content\" title=\"\u00abAguazul: Alcalde Nelson Camacho busca convertir abandonada planta de yuca en centro de almacenamiento y secado de granos\u00bb \u2014 \u25b7 Noticias de Casanare : Martha Cifuentes | Casanare\" src=\"https:\/\/marthacifuentes.com\/portada\/2024\/05\/07\/aguazul-alcalde-nelson-camacho-busca-convertir-abandonada-planta-de-yuca-en-centro-de-almacenamiento-y-secado-de-granos\/embed\/#?secret=JrtvHBJ67G#?secret=n2srvYHFLZ\" width=\"600\" height=\"650\" frameborder=\"0\" marginwidth=\"0\" marginheight=\"0\" scrolling=\"no\" sandbox=\"allow-scripts\" data-secret=\"n2srvYHFLZ\" data-mce-fragment=\"1\"><\/iframe><\/p>\n<p><iframe loading=\"lazy\" class=\"wp-embedded-content\" title=\"\u00abEl Horo en crisis financiera y su gerente dimiti\u00f3. \u00bfDe mal en peor?\u00bb \u2014 \u25b7 Noticias de Casanare : Martha Cifuentes | Casanare\" src=\"https:\/\/marthacifuentes.com\/portada\/2024\/05\/07\/el-horo-en-crisis-financiera-y-su-gerente-dimitio-de-mal-en-peor\/embed\/#?secret=oQJmTXmqMn#?secret=YJRdM336l6\" width=\"600\" height=\"571\" frameborder=\"0\" marginwidth=\"0\" marginheight=\"0\" scrolling=\"no\" sandbox=\"allow-scripts\" data-secret=\"YJRdM336l6\" data-mce-fragment=\"1\"><\/iframe><\/p>\n<p><iframe loading=\"lazy\" class=\"wp-embedded-content\" title=\"\u00abVivienda digna y agua potable para Casanare, las apuestas de Zorro\u00bb \u2014 \u25b7 Noticias de Casanare : Martha Cifuentes | Casanare\" src=\"https:\/\/marthacifuentes.com\/portada\/2024\/05\/07\/vivienda-digna-y-agua-potable-para-casanare-las-apuestas-de-zorro\/embed\/#?secret=6shM0hmuLP#?secret=VBpRtiBbpE\" width=\"600\" height=\"621\" frameborder=\"0\" marginwidth=\"0\" marginheight=\"0\" scrolling=\"no\" sandbox=\"allow-scripts\" data-secret=\"VBpRtiBbpE\" data-mce-fragment=\"1\"><\/iframe><\/p>\n<p><iframe loading=\"lazy\" class=\"wp-embedded-content\" title=\"\u00abPlan de Desarrollo de Casanare llega a la Asamblea para su estudio y aprobaci\u00f3n. Costar\u00eda $2.7 billones.\u00bb \u2014 \u25b7 Noticias de Casanare : Martha Cifuentes | Casanare\" src=\"https:\/\/marthacifuentes.com\/portada\/2024\/05\/07\/plan-de-desarrollo-de-casanare-llega-a-la-asamblea-para-su-estudio-y-aprobacion-costaria-2-7-billones\/embed\/#?secret=3jO08Z2Vt5#?secret=s7amZfo87E\" width=\"600\" height=\"620\" frameborder=\"0\" marginwidth=\"0\" marginheight=\"0\" scrolling=\"no\" sandbox=\"allow-scripts\" data-secret=\"s7amZfo87E\" data-mce-fragment=\"1\"><\/iframe><\/p>\n","protected":false},"excerpt":{"rendered":"<p>Un preocupante panorama se presenta en Yopal, donde las autoridades educativas han identificado un n\u00famero significativo de estudiantes que han abandonado sus estudios sin motivos claros. Inicialmente se identific\u00f3 que 753 estudiantes estaban fuera del sistema. Esta situaci\u00f3n, que se enmarca en una tendencia nacional de disminuci\u00f3n de la matr\u00edcula, enciende las alarmas y exige &hellip;<\/p>\n","protected":false},"author":2,"featured_media":33068,"comment_status":"open","ping_status":"open","sticky":false,"template":"","format":"standard","meta":{"om_disable_all_campaigns":false,"_exactmetrics_skip_tracking":false,"_exactmetrics_sitenote_active":false,"_exactmetrics_sitenote_note":"","_exactmetrics_sitenote_category":0,"_monsterinsights_skip_tracking":false,"_monsterinsights_sitenote_active":false,"_monsterinsights_sitenote_note":"","_monsterinsights_sitenote_category":0,"_uf_show_specific_survey":0,"_uf_disable_surveys":false,"_joinchat":[],"footnotes":""},"categories":[147,146,145],"tags":[9863,9866,9872,9868,9870,9871,9864,9862,9873,9867,9865,8337,1194,9869],"class_list":["post-33067","post","type-post","status-publish","format-standard","has-post-thumbnail","hentry","category-actualidad","category-noticias","category-reportajes","tag-acceso-a-la-educacion","tag-actualizacion-de-datos","tag-alcaldia-de-yopal-educacion","tag-busqueda-de-estudiantes-yopal","tag-calidad-educativa-yopal","tag-colegios-y-docentes-busqueda-estudiantes","tag-compromiso-docente","tag-desercion-escolar-en-yopal","tag-desercion-escolar-por-pobreza","tag-desercion-escolar-yopal","tag-estrategias-integrales","tag-pobreza-yopal","tag-secretaria-de-educacion-de-yopal","tag-secretaria-de-educacion-yopal-estudiantes-desertores"],"yoast_head":"<!-- This site is optimized with the Yoast SEO plugin v26.1 - https:\/\/yoast.com\/wordpress\/plugins\/seo\/ -->\n<title>\u00bfD\u00f3nde est\u00e1n los estudiantes?: Pupitres vac\u00edos evidencian deserci\u00f3n escolar en Yopal - \u25b7 Noticias de Casanare : Martha Cifuentes | Casanare<\/title>\n<meta name=\"robots\" content=\"index, follow, max-snippet:-1, max-image-preview:large, max-video-preview:-1\" \/>\n<link rel=\"canonical\" href=\"https:\/\/marthacifuentes.com\/portada\/donde-estan-los-estudiantes-pupitres-vacios-evidencian-desercion-escolar-en-yopal\/\" \/>\n<meta property=\"og:locale\" content=\"es_ES\" \/>\n<meta property=\"og:type\" content=\"article\" \/>\n<meta property=\"og:title\" content=\"\u00bfD\u00f3nde est\u00e1n los estudiantes?: Pupitres vac\u00edos evidencian deserci\u00f3n escolar en Yopal - \u25b7 Noticias de Casanare : Martha Cifuentes | Casanare\" \/>\n<meta property=\"og:description\" content=\"Un preocupante panorama se presenta en Yopal, donde las autoridades educativas han identificado un n\u00famero significativo de estudiantes que han abandonado sus estudios sin motivos claros. Inicialmente se identific\u00f3 que 753 estudiantes estaban fuera del sistema. Esta situaci\u00f3n, que se enmarca en una tendencia nacional de disminuci\u00f3n de la matr\u00edcula, enciende las alarmas y exige &hellip;\" \/>\n<meta property=\"og:url\" content=\"https:\/\/marthacifuentes.com\/portada\/donde-estan-los-estudiantes-pupitres-vacios-evidencian-desercion-escolar-en-yopal\/\" \/>\n<meta property=\"og:site_name\" content=\"\u25b7 Noticias de Casanare : Martha Cifuentes | Casanare\" \/>\n<meta property=\"article:published_time\" content=\"2024-05-17T13:43:47+00:00\" \/>\n<meta property=\"og:image\" content=\"https:\/\/marthacifuentes.com\/portada\/wp-content\/uploads\/2024\/05\/donde-estan-los-estudiantes.jpg\" \/>\n\t<meta property=\"og:image:width\" content=\"700\" \/>\n\t<meta property=\"og:image:height\" content=\"400\" \/>\n\t<meta property=\"og:image:type\" content=\"image\/jpeg\" \/>\n<meta name=\"author\" content=\"Martha Cifuentes\" \/>\n<meta name=\"twitter:card\" content=\"summary_large_image\" \/>\n<meta name=\"twitter:label1\" content=\"Escrito por\" \/>\n\t<meta name=\"twitter:data1\" content=\"Martha Cifuentes\" \/>\n\t<meta name=\"twitter:label2\" content=\"Tiempo de lectura\" \/>\n\t<meta name=\"twitter:data2\" content=\"2 minutos\" \/>\n<script type=\"application\/ld+json\" class=\"yoast-schema-graph\">{\"@context\":\"https:\/\/schema.org\",\"@graph\":[{\"@type\":\"WebPage\",\"@id\":\"https:\/\/marthacifuentes.com\/portada\/donde-estan-los-estudiantes-pupitres-vacios-evidencian-desercion-escolar-en-yopal\/\",\"url\":\"https:\/\/marthacifuentes.com\/portada\/donde-estan-los-estudiantes-pupitres-vacios-evidencian-desercion-escolar-en-yopal\/\",\"name\":\"\u00bfD\u00f3nde est\u00e1n los estudiantes?: Pupitres vac\u00edos evidencian deserci\u00f3n escolar en Yopal - \u25b7 Noticias de Casanare : Martha Cifuentes | Casanare\",\"isPartOf\":{\"@id\":\"https:\/\/marthacifuentes.com\/portada\/#website\"},\"primaryImageOfPage\":{\"@id\":\"https:\/\/marthacifuentes.com\/portada\/donde-estan-los-estudiantes-pupitres-vacios-evidencian-desercion-escolar-en-yopal\/#primaryimage\"},\"image\":{\"@id\":\"https:\/\/marthacifuentes.com\/portada\/donde-estan-los-estudiantes-pupitres-vacios-evidencian-desercion-escolar-en-yopal\/#primaryimage\"},\"thumbnailUrl\":\"https:\/\/marthacifuentes.com\/portada\/wp-content\/uploads\/2024\/05\/donde-estan-los-estudiantes.jpg\",\"datePublished\":\"2024-05-17T13:43:47+00:00\",\"author\":{\"@id\":\"https:\/\/marthacifuentes.com\/portada\/#\/schema\/person\/57f53174b991db5f90ff78d58502b714\"},\"breadcrumb\":{\"@id\":\"https:\/\/marthacifuentes.com\/portada\/donde-estan-los-estudiantes-pupitres-vacios-evidencian-desercion-escolar-en-yopal\/#breadcrumb\"},\"inLanguage\":\"es\",\"potentialAction\":[{\"@type\":\"ReadAction\",\"target\":[\"https:\/\/marthacifuentes.com\/portada\/donde-estan-los-estudiantes-pupitres-vacios-evidencian-desercion-escolar-en-yopal\/\"]}]},{\"@type\":\"ImageObject\",\"inLanguage\":\"es\",\"@id\":\"https:\/\/marthacifuentes.com\/portada\/donde-estan-los-estudiantes-pupitres-vacios-evidencian-desercion-escolar-en-yopal\/#primaryimage\",\"url\":\"https:\/\/marthacifuentes.com\/portada\/wp-content\/uploads\/2024\/05\/donde-estan-los-estudiantes.jpg\",\"contentUrl\":\"https:\/\/marthacifuentes.com\/portada\/wp-content\/uploads\/2024\/05\/donde-estan-los-estudiantes.jpg\",\"width\":700,\"height\":400},{\"@type\":\"BreadcrumbList\",\"@id\":\"https:\/\/marthacifuentes.com\/portada\/donde-estan-los-estudiantes-pupitres-vacios-evidencian-desercion-escolar-en-yopal\/#breadcrumb\",\"itemListElement\":[{\"@type\":\"ListItem\",\"position\":1,\"name\":\"Portada\",\"item\":\"https:\/\/marthacifuentes.com\/portada\/\"},{\"@type\":\"ListItem\",\"position\":2,\"name\":\"\u00bfD\u00f3nde est\u00e1n los estudiantes?: Pupitres vac\u00edos evidencian deserci\u00f3n escolar en Yopal\"}]},{\"@type\":\"WebSite\",\"@id\":\"https:\/\/marthacifuentes.com\/portada\/#website\",\"url\":\"https:\/\/marthacifuentes.com\/portada\/\",\"name\":\"\u25b7 Noticias de Casanare : Martha Cifuentes | Casanare\",\"description\":\"Noticias &amp; Contenidos\",\"potentialAction\":[{\"@type\":\"SearchAction\",\"target\":{\"@type\":\"EntryPoint\",\"urlTemplate\":\"https:\/\/marthacifuentes.com\/portada\/?s={search_term_string}\"},\"query-input\":{\"@type\":\"PropertyValueSpecification\",\"valueRequired\":true,\"valueName\":\"search_term_string\"}}],\"inLanguage\":\"es\"},{\"@type\":\"Person\",\"@id\":\"https:\/\/marthacifuentes.com\/portada\/#\/schema\/person\/57f53174b991db5f90ff78d58502b714\",\"name\":\"Martha Cifuentes\",\"image\":{\"@type\":\"ImageObject\",\"inLanguage\":\"es\",\"@id\":\"https:\/\/marthacifuentes.com\/portada\/#\/schema\/person\/image\/\",\"url\":\"http:\/\/marthacifuentes.com\/portada\/wp-content\/uploads\/2018\/06\/avatar_user_2_1528838701-96x96.jpg\",\"contentUrl\":\"http:\/\/marthacifuentes.com\/portada\/wp-content\/uploads\/2018\/06\/avatar_user_2_1528838701-96x96.jpg\",\"caption\":\"Martha Cifuentes\"},\"sameAs\":[\"http:\/\/www.marthacifuentes.com\"],\"url\":\"https:\/\/marthacifuentes.com\/portada\/author\/martha\/\"}]}<\/script>\n<!-- \/ Yoast SEO plugin. -->","yoast_head_json":{"title":"\u00bfD\u00f3nde est\u00e1n los estudiantes?: Pupitres vac\u00edos evidencian deserci\u00f3n escolar en Yopal - \u25b7 Noticias de Casanare : Martha Cifuentes | Casanare","robots":{"index":"index","follow":"follow","max-snippet":"max-snippet:-1","max-image-preview":"max-image-preview:large","max-video-preview":"max-video-preview:-1"},"canonical":"https:\/\/marthacifuentes.com\/portada\/donde-estan-los-estudiantes-pupitres-vacios-evidencian-desercion-escolar-en-yopal\/","og_locale":"es_ES","og_type":"article","og_title":"\u00bfD\u00f3nde est\u00e1n los estudiantes?: Pupitres vac\u00edos evidencian deserci\u00f3n escolar en Yopal - \u25b7 Noticias de Casanare : Martha Cifuentes | Casanare","og_description":"Un preocupante panorama se presenta en Yopal, donde las autoridades educativas han identificado un n\u00famero significativo de estudiantes que han abandonado sus estudios sin motivos claros. Inicialmente se identific\u00f3 que 753 estudiantes estaban fuera del sistema. Esta situaci\u00f3n, que se enmarca en una tendencia nacional de disminuci\u00f3n de la matr\u00edcula, enciende las alarmas y exige &hellip;","og_url":"https:\/\/marthacifuentes.com\/portada\/donde-estan-los-estudiantes-pupitres-vacios-evidencian-desercion-escolar-en-yopal\/","og_site_name":"\u25b7 Noticias de Casanare : Martha Cifuentes | Casanare","article_published_time":"2024-05-17T13:43:47+00:00","og_image":[{"width":700,"height":400,"url":"https:\/\/marthacifuentes.com\/portada\/wp-content\/uploads\/2024\/05\/donde-estan-los-estudiantes.jpg","type":"image\/jpeg"}],"author":"Martha Cifuentes","twitter_card":"summary_large_image","twitter_misc":{"Escrito por":"Martha Cifuentes","Tiempo de lectura":"2 minutos"},"schema":{"@context":"https:\/\/schema.org","@graph":[{"@type":"WebPage","@id":"https:\/\/marthacifuentes.com\/portada\/donde-estan-los-estudiantes-pupitres-vacios-evidencian-desercion-escolar-en-yopal\/","url":"https:\/\/marthacifuentes.com\/portada\/donde-estan-los-estudiantes-pupitres-vacios-evidencian-desercion-escolar-en-yopal\/","name":"\u00bfD\u00f3nde est\u00e1n los estudiantes?: Pupitres vac\u00edos evidencian deserci\u00f3n escolar en Yopal - \u25b7 Noticias de Casanare : Martha Cifuentes | Casanare","isPartOf":{"@id":"https:\/\/marthacifuentes.com\/portada\/#website"},"primaryImageOfPage":{"@id":"https:\/\/marthacifuentes.com\/portada\/donde-estan-los-estudiantes-pupitres-vacios-evidencian-desercion-escolar-en-yopal\/#primaryimage"},"image":{"@id":"https:\/\/marthacifuentes.com\/portada\/donde-estan-los-estudiantes-pupitres-vacios-evidencian-desercion-escolar-en-yopal\/#primaryimage"},"thumbnailUrl":"https:\/\/marthacifuentes.com\/portada\/wp-content\/uploads\/2024\/05\/donde-estan-los-estudiantes.jpg","datePublished":"2024-05-17T13:43:47+00:00","author":{"@id":"https:\/\/marthacifuentes.com\/portada\/#\/schema\/person\/57f53174b991db5f90ff78d58502b714"},"breadcrumb":{"@id":"https:\/\/marthacifuentes.com\/portada\/donde-estan-los-estudiantes-pupitres-vacios-evidencian-desercion-escolar-en-yopal\/#breadcrumb"},"inLanguage":"es","potentialAction":[{"@type":"ReadAction","target":["https:\/\/marthacifuentes.com\/portada\/donde-estan-los-estudiantes-pupitres-vacios-evidencian-desercion-escolar-en-yopal\/"]}]},{"@type":"ImageObject","inLanguage":"es","@id":"https:\/\/marthacifuentes.com\/portada\/donde-estan-los-estudiantes-pupitres-vacios-evidencian-desercion-escolar-en-yopal\/#primaryimage","url":"https:\/\/marthacifuentes.com\/portada\/wp-content\/uploads\/2024\/05\/donde-estan-los-estudiantes.jpg","contentUrl":"https:\/\/marthacifuentes.com\/portada\/wp-content\/uploads\/2024\/05\/donde-estan-los-estudiantes.jpg","width":700,"height":400},{"@type":"BreadcrumbList","@id":"https:\/\/marthacifuentes.com\/portada\/donde-estan-los-estudiantes-pupitres-vacios-evidencian-desercion-escolar-en-yopal\/#breadcrumb","itemListElement":[{"@type":"ListItem","position":1,"name":"Portada","item":"https:\/\/marthacifuentes.com\/portada\/"},{"@type":"ListItem","position":2,"name":"\u00bfD\u00f3nde est\u00e1n los estudiantes?: Pupitres vac\u00edos evidencian deserci\u00f3n escolar en Yopal"}]},{"@type":"WebSite","@id":"https:\/\/marthacifuentes.com\/portada\/#website","url":"https:\/\/marthacifuentes.com\/portada\/","name":"\u25b7 Noticias de Casanare : Martha Cifuentes | Casanare","description":"Noticias &amp; Contenidos","potentialAction":[{"@type":"SearchAction","target":{"@type":"EntryPoint","urlTemplate":"https:\/\/marthacifuentes.com\/portada\/?s={search_term_string}"},"query-input":{"@type":"PropertyValueSpecification","valueRequired":true,"valueName":"search_term_string"}}],"inLanguage":"es"},{"@type":"Person","@id":"https:\/\/marthacifuentes.com\/portada\/#\/schema\/person\/57f53174b991db5f90ff78d58502b714","name":"Martha Cifuentes","image":{"@type":"ImageObject","inLanguage":"es","@id":"https:\/\/marthacifuentes.com\/portada\/#\/schema\/person\/image\/","url":"http:\/\/marthacifuentes.com\/portada\/wp-content\/uploads\/2018\/06\/avatar_user_2_1528838701-96x96.jpg","contentUrl":"http:\/\/marthacifuentes.com\/portada\/wp-content\/uploads\/2018\/06\/avatar_user_2_1528838701-96x96.jpg","caption":"Martha Cifuentes"},"sameAs":["http:\/\/www.marthacifuentes.com"],"url":"https:\/\/marthacifuentes.com\/portada\/author\/martha\/"}]}},"_links":{"self":[{"href":"https:\/\/marthacifuentes.com\/portada\/wp-json\/wp\/v2\/posts\/33067","targetHints":{"allow":["GET"]}}],"collection":[{"href":"https:\/\/marthacifuentes.com\/portada\/wp-json\/wp\/v2\/posts"}],"about":[{"href":"https:\/\/marthacifuentes.com\/portada\/wp-json\/wp\/v2\/types\/post"}],"author":[{"embeddable":true,"href":"https:\/\/marthacifuentes.com\/portada\/wp-json\/wp\/v2\/users\/2"}],"replies":[{"embeddable":true,"href":"https:\/\/marthacifuentes.com\/portada\/wp-json\/wp\/v2\/comments?post=33067"}],"version-history":[{"count":1,"href":"https:\/\/marthacifuentes.com\/portada\/wp-json\/wp\/v2\/posts\/33067\/revisions"}],"predecessor-version":[{"id":33069,"href":"https:\/\/marthacifuentes.com\/portada\/wp-json\/wp\/v2\/posts\/33067\/revisions\/33069"}],"wp:featuredmedia":[{"embeddable":true,"href":"https:\/\/marthacifuentes.com\/portada\/wp-json\/wp\/v2\/media\/33068"}],"wp:attachment":[{"href":"https:\/\/marthacifuentes.com\/portada\/wp-json\/wp\/v2\/media?parent=33067"}],"wp:term":[{"taxonomy":"category","embeddable":true,"href":"https:\/\/marthacifuentes.com\/portada\/wp-json\/wp\/v2\/categories?post=33067"},{"taxonomy":"post_tag","embeddable":true,"href":"https:\/\/marthacifuentes.com\/portada\/wp-json\/wp\/v2\/tags?post=33067"}],"curies":[{"name":"wp","href":"https:\/\/api.w.org\/{rel}","templated":true}]}}