{"id":33147,"date":"2024-05-24T08:49:53","date_gmt":"2024-05-24T13:49:53","guid":{"rendered":"https:\/\/marthacifuentes.com\/portada\/?p=33147"},"modified":"2024-05-24T08:49:53","modified_gmt":"2024-05-24T13:49:53","slug":"marco-tulio-echo-para-atras-demanda-que-impedia-construccion-de-sede-del-centro-social","status":"publish","type":"post","link":"https:\/\/marthacifuentes.com\/portada\/marco-tulio-echo-para-atras-demanda-que-impedia-construccion-de-sede-del-centro-social\/","title":{"rendered":"Marco Tulio ech\u00f3 para atr\u00e1s demanda que imped\u00eda construcci\u00f3n de sede del Centro Social"},"content":{"rendered":"<p class=\"x_MsoNormal\">En una noticia que le devolvi\u00f3 la esperanza a la comunidad educativa de Yopal, el alcalde Marco Tulio Ru\u00edz Ria\u00f1o anunci\u00f3 el retiro de la demanda que imped\u00eda el proyecto para la construcci\u00f3n de la nueva sede del emblem\u00e1tico colegio Centro Social. Dista mucho del anterior alcalde Luis Eduardo Castro quien se opuso al proyecto.<\/p>\n<p class=\"x_MsoNormal\" aria-hidden=\"true\">\n<p class=\"x_MsoNormal\"><b>El meollo del asunto<\/b><\/p>\n<p class=\"x_MsoNormal\">La demanda, interpuesta en 2021 por el gobierno de Luis Eduardo Castro, buscaba anular el Acuerdo Municipal 017-2014 que autorizaba la adquisici\u00f3n del terreno para la construcci\u00f3n de la nueva sede. Con su retiro.<\/p>\n<p class=\"x_MsoNormal\">Con el desistimiento de la demanda de nulidad se elimina un obst\u00e1culo legal y se abre la puerta para avanzar en el proceso.<\/p>\n<p class=\"x_MsoNormal\" aria-hidden=\"true\">\n<p class=\"x_MsoNormal\"><b>El inter\u00e9s general por encima de todo:<\/b><\/p>\n<p class=\"x_MsoNormal\">\u00abEste es un nuevo gesto de la buena voluntad que tiene este gobierno para avanzar prontamente con el proceso que permita hacer realidad la nueva sede de la instituci\u00f3n educativa Centro Social para Yopal\u00bb, afirm\u00f3 el alcalde Ru\u00edz Ria\u00f1o.<\/p>\n<p class=\"x_MsoNormal\">El mandatario destac\u00f3 que el inter\u00e9s general debe primar en este caso, ya que se trata de un proyecto escolar que beneficiar\u00e1 a cerca de 1.800 estudiantes.<\/p>\n<p class=\"x_MsoNormal\">El avance en este proyecto es el resultado de un trabajo en conjunto entre la Alcald\u00eda de Yopal, la Gobernaci\u00f3n de Casanare y el Ministerio de Educaci\u00f3n.<\/p>\n<p class=\"x_MsoNormal\" aria-hidden=\"true\"><img loading=\"lazy\" decoding=\"async\" class=\"alignnone size-full wp-image-33150\" src=\"https:\/\/marthacifuentes.com\/portada\/wp-content\/uploads\/2024\/05\/COLEGIO-CENTRO-SOCIAL-DE-YOPAL-780x470-2.jpg\" alt=\"\" width=\"780\" height=\"470\" srcset=\"https:\/\/marthacifuentes.com\/portada\/wp-content\/uploads\/2024\/05\/COLEGIO-CENTRO-SOCIAL-DE-YOPAL-780x470-2.jpg 780w, https:\/\/marthacifuentes.com\/portada\/wp-content\/uploads\/2024\/05\/COLEGIO-CENTRO-SOCIAL-DE-YOPAL-780x470-2-300x181.jpg 300w, https:\/\/marthacifuentes.com\/portada\/wp-content\/uploads\/2024\/05\/COLEGIO-CENTRO-SOCIAL-DE-YOPAL-780x470-2-768x463.jpg 768w\" sizes=\"auto, (max-width: 780px) 100vw, 780px\" \/><\/p>\n<p class=\"x_MsoNormal\"><b>Cambio de uso de suelo:<\/b><\/p>\n<p class=\"x_MsoNormal\">La secretaria de Planeaci\u00f3n, Patricia C\u00e1rdenas, ya est\u00e1 tramitando un proyecto de acuerdo ante el Concejo Municipal para cambiar el uso del suelo del predio destinado a la construcci\u00f3n. Este debe ser de uso institucional.<\/p>\n<p class=\"x_MsoNormal\">Hecho este cambio la Alcald\u00eda de Yopal presentar\u00e1 otro proyecto de acuerdo a la Corporaci\u00f3n Municipal, con el prop\u00f3sito de que se apruebe la construcci\u00f3n de esta infraestructura educativa en el predio mencionado.<\/p>\n<p class=\"x_MsoNormal\" aria-hidden=\"true\">\n<p class=\"x_MsoNormal\"><b>Financiaci\u00f3n asegurada:<\/b><\/p>\n<p class=\"x_MsoNormal\">Ante la gesti\u00f3n del alcalde Ru\u00edz Ria\u00f1o y del gobernador C\u00e9sar Ortiz Zorro, la ministra de Educaci\u00f3n, Aurora Vergara, anunci\u00f3 el apoyo econ\u00f3mico del Ministerio para la construcci\u00f3n de la nueva sede. Un apoyo de esta magnitud no se hab\u00eda recibido en los \u00faltimos 15 a\u00f1os.<\/p>\n<p class=\"x_MsoNormal\">Para tal fin la Gobernaci\u00f3n de Casanare se comprometi\u00f3 a elaborar los estudios y dise\u00f1os que revelar\u00e1n el costo final del proyecto.<\/p>\n<p class=\"x_MsoNormal\">Los tr\u00e1mites avanzan de manera positiva y ya se han realizado tres mesas de trabajo en Yopal con el Fondo Financiero de Infraestructura Educativa del Ministerio. La pr\u00f3xima mesa se llevar\u00e1 a cabo el 5 y 6 de julio.<\/p>\n<p>&nbsp;<\/p>\n<h2><strong>Otras noticias\u2026<\/strong><\/h2>\n<blockquote class=\"wp-embedded-content\" data-secret=\"pfIq2WzMR6\"><p><a href=\"https:\/\/marthacifuentes.com\/portada\/2024\/05\/23\/ecopetrol-tendra-nuevas-ecoreservas-en-casanare\/\">Ecopetrol tendr\u00e1 nuevas Ecoreservas en Casanare<\/a><\/p><\/blockquote>\n<p><iframe loading=\"lazy\" class=\"wp-embedded-content\" sandbox=\"allow-scripts\" security=\"restricted\" style=\"position: absolute; clip: rect(1px, 1px, 1px, 1px);\" title=\"\u00abEcopetrol tendr\u00e1 nuevas Ecoreservas en Casanare\u00bb \u2014 \u25b7 Noticias de Casanare : Martha Cifuentes | Casanare\" src=\"https:\/\/marthacifuentes.com\/portada\/2024\/05\/23\/ecopetrol-tendra-nuevas-ecoreservas-en-casanare\/embed\/#?secret=GnCQaKAYJH#?secret=pfIq2WzMR6\" data-secret=\"pfIq2WzMR6\" width=\"500\" height=\"282\" frameborder=\"0\" marginwidth=\"0\" marginheight=\"0\" scrolling=\"no\"><\/iframe><\/p>\n<p><iframe loading=\"lazy\" class=\"wp-embedded-content\" title=\"\u00abLa Ruta No Sancionatoria por falsos positivos llega a Casanare, para comparecientes de la JEP\u00bb \u2014 \u25b7 Noticias de Casanare : Martha Cifuentes | Casanare\" src=\"https:\/\/marthacifuentes.com\/portada\/2024\/05\/23\/la-ruta-no-sancionatoria-por-falsos-positivos-llega-a-casanare-para-comparecientes-de-la-jep\/embed\/#?secret=WBFulh9LD7#?secret=RcCXPZ7b17\" width=\"600\" height=\"621\" frameborder=\"0\" marginwidth=\"0\" marginheight=\"0\" scrolling=\"no\" sandbox=\"allow-scripts\" data-secret=\"RcCXPZ7b17\" data-mce-fragment=\"1\"><\/iframe><\/p>\n<p><iframe loading=\"lazy\" class=\"wp-embedded-content\" title=\"\u00abOrinoqu\u00eda: Tesoro de biodiversidad celebra avances en su plan de acci\u00f3n rumbo a la COP16\u00bb \u2014 \u25b7 Noticias de Casanare : Martha Cifuentes | Casanare\" src=\"https:\/\/marthacifuentes.com\/portada\/2024\/05\/22\/orinoquia-tesoro-de-biodiversidad-celebra-avances-en-su-plan-de-accion-rumbo-a-la-cop16\/embed\/#?secret=19v9MIUTun#?secret=EKwPwznz7L\" width=\"600\" height=\"586\" frameborder=\"0\" marginwidth=\"0\" marginheight=\"0\" scrolling=\"no\" sandbox=\"allow-scripts\" data-secret=\"EKwPwznz7L\" data-mce-fragment=\"1\"><\/iframe><\/p>\n<p><iframe loading=\"lazy\" class=\"wp-embedded-content\" title=\"\u00abAprobados en primer debate en el Concejo de Yopal proyectos de legalizaci\u00f3n de predios y apoyo a la fuerza p\u00fablica,\u00bb \u2014 \u25b7 Noticias de Casanare : Martha Cifuentes | Casanare\" src=\"https:\/\/marthacifuentes.com\/portada\/2024\/05\/22\/aprobados-en-primer-debate-en-el-concejo-de-yopal-proyectos-de-legalizacion-de-predios-y-apoyo-a-la-fuerza-publica\/embed\/#?secret=KARsn7l34E#?secret=TJFwDRkCRJ\" width=\"600\" height=\"650\" frameborder=\"0\" marginwidth=\"0\" marginheight=\"0\" scrolling=\"no\" sandbox=\"allow-scripts\" data-secret=\"TJFwDRkCRJ\" data-mce-fragment=\"1\"><\/iframe><\/p>\n<p><iframe loading=\"lazy\" class=\"wp-embedded-content\" title=\"\u00abCasanare: 20 ideas innovadoras para impulsar el agro, la agroindustria y el turismo\u00bb \u2014 \u25b7 Noticias de Casanare : Martha Cifuentes | Casanare\" src=\"https:\/\/marthacifuentes.com\/portada\/2024\/05\/22\/casanare-20-ideas-innovadoras-para-impulsar-el-agro-la-agroindustria-y-el-turismo\/embed\/#?secret=AsPpk4exir#?secret=0ho8e80IiP\" width=\"600\" height=\"621\" frameborder=\"0\" marginwidth=\"0\" marginheight=\"0\" scrolling=\"no\" sandbox=\"allow-scripts\" data-secret=\"0ho8e80IiP\" data-mce-fragment=\"1\"><\/iframe><\/p>\n<p><iframe loading=\"lazy\" class=\"wp-embedded-content\" title=\"\u00abEncuentro Regional de la Orinoquia sobre diversidad hoy en Yopal\u00bb \u2014 \u25b7 Noticias de Casanare : Martha Cifuentes | Casanare\" src=\"https:\/\/marthacifuentes.com\/portada\/2024\/05\/21\/encuentro-regional-de-la-orinoquia-sobre-diversidad-hoy-en-yopal\/embed\/#?secret=IiwRm4wOOH#?secret=wnjXTKhEBr\" width=\"600\" height=\"621\" frameborder=\"0\" marginwidth=\"0\" marginheight=\"0\" scrolling=\"no\" sandbox=\"allow-scripts\" data-secret=\"wnjXTKhEBr\" data-mce-fragment=\"1\"><\/iframe><\/p>\n<p><iframe loading=\"lazy\" class=\"wp-embedded-content\" title=\"\u00abYopal: 25 caballos retirados de la tracci\u00f3n animal ya tienen un nuevo hogar en adopci\u00f3n\u00bb \u2014 \u25b7 Noticias de Casanare : Martha Cifuentes | Casanare\" src=\"https:\/\/marthacifuentes.com\/portada\/2024\/05\/21\/yopal-25-caballos-retirados-de-la-traccion-animal-ya-tienen-un-nuevo-hogar-en-adopcion\/embed\/#?secret=mqYeLwgLgw#?secret=4brQGJeqZf\" width=\"600\" height=\"621\" frameborder=\"0\" marginwidth=\"0\" marginheight=\"0\" scrolling=\"no\" sandbox=\"allow-scripts\" data-secret=\"4brQGJeqZf\" data-mce-fragment=\"1\"><\/iframe><\/p>\n<p><iframe loading=\"lazy\" class=\"wp-embedded-content\" title=\"\u00abDengue en Casanare: 1.483 casos reportados, 3 fallecidos y 16 casos graves\u00bb \u2014 \u25b7 Noticias de Casanare : Martha Cifuentes | Casanare\" src=\"https:\/\/marthacifuentes.com\/portada\/2024\/05\/21\/dengue-en-casanare-1-483-casos-reportados-3-fallecidos-y-16-casos-graves\/embed\/#?secret=w2GoLkCt1G#?secret=RffHGXv6lr\" width=\"600\" height=\"600\" frameborder=\"0\" marginwidth=\"0\" marginheight=\"0\" scrolling=\"no\" sandbox=\"allow-scripts\" data-secret=\"RffHGXv6lr\" data-mce-fragment=\"1\"><\/iframe><\/p>\n<p><iframe loading=\"lazy\" class=\"wp-embedded-content\" title=\"\u00abCapresoca EPS rindi\u00f3 cuentas de la vigencia 2023\u00bb \u2014 \u25b7 Noticias de Casanare : Martha Cifuentes | Casanare\" src=\"https:\/\/marthacifuentes.com\/portada\/2024\/05\/20\/capresoca-eps-rindio-cuentas-de-la-vigencia-2023\/embed\/#?secret=2XR0N1nG79#?secret=jHD1yInIhY\" width=\"600\" height=\"592\" frameborder=\"0\" marginwidth=\"0\" marginheight=\"0\" scrolling=\"no\" sandbox=\"allow-scripts\" data-secret=\"jHD1yInIhY\" data-mce-fragment=\"1\"><\/iframe><\/p>\n<p><iframe loading=\"lazy\" class=\"wp-embedded-content\" title=\"\u00abFrigor\u00edfico Frontino en Yopal: Nuevo rev\u00e9s judicial pone en jaque millonaria inversi\u00f3n y apoyo de Zorro\u00bb \u2014 \u25b7 Noticias de Casanare : Martha Cifuentes | Casanare\" src=\"https:\/\/marthacifuentes.com\/portada\/2024\/05\/20\/frigorifico-frontino-en-yopal-nuevo-reves-judicial-pone-en-jaque-millonaria-inversion-y-apoyo-de-zorro\/embed\/#?secret=wvz174F4cx#?secret=rdZWVNP4CF\" width=\"600\" height=\"621\" frameborder=\"0\" marginwidth=\"0\" marginheight=\"0\" scrolling=\"no\" sandbox=\"allow-scripts\" data-secret=\"rdZWVNP4CF\" data-mce-fragment=\"1\"><\/iframe><\/p>\n<p><iframe loading=\"lazy\" class=\"wp-embedded-content\" title=\"\u00abAl norte de Casanare lleg\u00f3 socializaci\u00f3n y discusi\u00f3n del Plan de Desarrollo de Zorro\u00bb \u2014 \u25b7 Noticias de Casanare : Martha Cifuentes | Casanare\" src=\"https:\/\/marthacifuentes.com\/portada\/2024\/05\/20\/al-norte-de-casanare-llego-socializacion-y-discusion-del-plan-de-desarrollo-de-zorro\/embed\/#?secret=Djay5WBMI1#?secret=vwWE3ydi8M\" width=\"600\" height=\"620\" frameborder=\"0\" marginwidth=\"0\" marginheight=\"0\" scrolling=\"no\" sandbox=\"allow-scripts\" data-secret=\"vwWE3ydi8M\" data-mce-fragment=\"1\"><\/iframe><\/p>\n<p><iframe loading=\"lazy\" class=\"wp-embedded-content\" title=\"\u00abCasanare vuela alto: Mincomercio respalda planta de urea, aeropuerto internacional y turismo\u00bb \u2014 \u25b7 Noticias de Casanare : Martha Cifuentes | Casanare\" src=\"https:\/\/marthacifuentes.com\/portada\/2024\/05\/18\/casanare-vuela-alto-mincomercio-respalda-planta-de-urea-aeropuerto-internacional-y-turismo\/embed\/#?secret=WvhCgj07nQ#?secret=mSEZry7fbD\" width=\"600\" height=\"621\" frameborder=\"0\" marginwidth=\"0\" marginheight=\"0\" scrolling=\"no\" sandbox=\"allow-scripts\" data-secret=\"mSEZry7fbD\" data-mce-fragment=\"1\"><\/iframe><\/p>\n<p><iframe loading=\"lazy\" class=\"wp-embedded-content\" title=\"\u00abCapresoca: de Cuidados Intensivos a Observaci\u00f3n, con alivio financiero y atenci\u00f3n en salud\u00bb \u2014 \u25b7 Noticias de Casanare : Martha Cifuentes | Casanare\" src=\"https:\/\/marthacifuentes.com\/portada\/2024\/05\/17\/capresoca-de-cuidados-intensivos-a-observacion-con-alivio-financiero-y-atencion-en-salud\/embed\/#?secret=n5PvRQyl4v#?secret=eUGlOzgOTJ\" width=\"600\" height=\"595\" frameborder=\"0\" marginwidth=\"0\" marginheight=\"0\" scrolling=\"no\" sandbox=\"allow-scripts\" data-secret=\"eUGlOzgOTJ\" data-mce-fragment=\"1\"><\/iframe><\/p>\n<p><iframe loading=\"lazy\" class=\"wp-embedded-content\" title=\"\u00abPor abusar de su hijastra a la c\u00e1rcel soldado profesional en Casanare\u00bb \u2014 \u25b7 Noticias de Casanare : Martha Cifuentes | Casanare\" src=\"https:\/\/marthacifuentes.com\/portada\/2024\/05\/17\/por-abusar-de-su-hijastra-a-la-carcel-soldado-profesional-en-casanare\/embed\/#?secret=kx1QS3SoAh#?secret=NpmJa9qASF\" width=\"600\" height=\"642\" frameborder=\"0\" marginwidth=\"0\" marginheight=\"0\" scrolling=\"no\" sandbox=\"allow-scripts\" data-secret=\"NpmJa9qASF\" data-mce-fragment=\"1\"><\/iframe><\/p>\n<p><iframe loading=\"lazy\" class=\"wp-embedded-content\" title=\"\u00abCapresoca y el Instituto Nacional de Cancerolog\u00eda firman acuerdo de pago para garantizar atenci\u00f3n a pacientes\u00bb \u2014 \u25b7 Noticias de Casanare : Martha Cifuentes | Casanare\" src=\"https:\/\/marthacifuentes.com\/portada\/2024\/05\/17\/capresoca-y-el-instituto-nacional-de-cancerologia-firman-acuerdo-de-pago-para-garantizar-atencion-a-pacientes\/embed\/#?secret=XFbeUWvzK1#?secret=Ea77UzuCnu\" width=\"600\" height=\"650\" frameborder=\"0\" marginwidth=\"0\" marginheight=\"0\" scrolling=\"no\" sandbox=\"allow-scripts\" data-secret=\"Ea77UzuCnu\" data-mce-fragment=\"1\"><\/iframe><\/p>\n<p><iframe loading=\"lazy\" class=\"wp-embedded-content\" title=\"\u00abQu\u00e9 pasa con la calidad del agua en Recetor. Est\u00e1 en alto riesgo seg\u00fan Secretar\u00eda de Salud Casanare\u00bb \u2014 \u25b7 Noticias de Casanare : Martha Cifuentes | Casanare\" src=\"https:\/\/marthacifuentes.com\/portada\/2024\/05\/17\/que-pasa-con-la-calidad-del-agua-en-recetor-esta-en-alto-riesgo-segun-secretaria-de-salud-casanare\/embed\/#?secret=zrdnNNCEI4#?secret=uXmzUdiqWM\" width=\"600\" height=\"621\" frameborder=\"0\" marginwidth=\"0\" marginheight=\"0\" scrolling=\"no\" sandbox=\"allow-scripts\" data-secret=\"uXmzUdiqWM\" data-mce-fragment=\"1\"><\/iframe><\/p>\n<p><iframe loading=\"lazy\" class=\"wp-embedded-content\" title=\"\u00abCasanare se visti\u00f3 de joropo y bail\u00f3 recio en sus 50 a\u00f1os de vida administrativa\u00bb \u2014 \u25b7 Noticias de Casanare : Martha Cifuentes | Casanare\" src=\"https:\/\/marthacifuentes.com\/portada\/2024\/05\/17\/casanare-se-vistio-de-joropo-y-bailo-recio-en-sus-50-anos-de-vida-administrativa\/embed\/#?secret=pki74cnwSg#?secret=z0RPgxdl8d\" width=\"600\" height=\"600\" frameborder=\"0\" marginwidth=\"0\" marginheight=\"0\" scrolling=\"no\" sandbox=\"allow-scripts\" data-secret=\"z0RPgxdl8d\" data-mce-fragment=\"1\"><\/iframe><\/p>\n<p><iframe loading=\"lazy\" class=\"wp-embedded-content\" title=\"\u00ab\u00bfD\u00f3nde est\u00e1n los estudiantes?: Pupitres vac\u00edos evidencian deserci\u00f3n escolar en Yopal\u00bb \u2014 \u25b7 Noticias de Casanare : Martha Cifuentes | Casanare\" src=\"https:\/\/marthacifuentes.com\/portada\/2024\/05\/17\/donde-estan-los-estudiantes-pupitres-vacios-evidencian-desercion-escolar-en-yopal\/embed\/#?secret=7xwJwR2Oq8#?secret=nW2nm1THh4\" width=\"600\" height=\"621\" frameborder=\"0\" marginwidth=\"0\" marginheight=\"0\" scrolling=\"no\" sandbox=\"allow-scripts\" data-secret=\"nW2nm1THh4\" data-mce-fragment=\"1\"><\/iframe><\/p>\n<p><iframe loading=\"lazy\" class=\"wp-embedded-content\" title=\"\u00abUnitr\u00f3pico, Asociaci\u00f3n de V\u00edctimas y Corporaci\u00f3n Cultural Casanari en Yopal recibieron predios de la SAE\u00bb \u2014 \u25b7 Noticias de Casanare : Martha Cifuentes | Casanare\" src=\"https:\/\/marthacifuentes.com\/portada\/2024\/05\/16\/unitropico-asociacion-de-victimas-y-corporacion-cultural-casanari-en-yopal-recibieron-predios-de-la-sae\/embed\/#?secret=oqbTWCpKs5#?secret=H7Hgwugqs7\" width=\"600\" height=\"621\" frameborder=\"0\" marginwidth=\"0\" marginheight=\"0\" scrolling=\"no\" sandbox=\"allow-scripts\" data-secret=\"H7Hgwugqs7\" data-mce-fragment=\"1\"><\/iframe><\/p>\n<p><iframe loading=\"lazy\" class=\"wp-embedded-content\" title=\"\u00abA prisi\u00f3n dos sospechosos por delitos sexuales en Yopal\u00bb \u2014 \u25b7 Noticias de Casanare : Martha Cifuentes | Casanare\" src=\"https:\/\/marthacifuentes.com\/portada\/2024\/05\/10\/a-prision-dos-sospechosos-por-delitos-sexuales-en-yopal\/embed\/#?secret=8qieKOxeS1#?secret=WGjJzP4HGj\" width=\"600\" height=\"616\" frameborder=\"0\" marginwidth=\"0\" marginheight=\"0\" scrolling=\"no\" sandbox=\"allow-scripts\" data-secret=\"WGjJzP4HGj\" data-mce-fragment=\"1\"><\/iframe><\/p>\n<p><iframe loading=\"lazy\" class=\"wp-embedded-content\" title=\"\u00abZorro y Marco Tulio unidos en torno a construcci\u00f3n del Malec\u00f3n de Yopal\u00bb \u2014 \u25b7 Noticias de Casanare : Martha Cifuentes | Casanare\" src=\"https:\/\/marthacifuentes.com\/portada\/2024\/05\/10\/zorro-y-marco-tulio-unidos-en-torno-a-construccion-del-malecon-de-yopal\/embed\/#?secret=vlkVPPfWiP#?secret=oi5CUInAbm\" width=\"600\" height=\"620\" frameborder=\"0\" marginwidth=\"0\" marginheight=\"0\" scrolling=\"no\" sandbox=\"allow-scripts\" data-secret=\"oi5CUInAbm\" data-mce-fragment=\"1\"><\/iframe><\/p>\n<p><iframe loading=\"lazy\" class=\"wp-embedded-content\" title=\"\u00ab\u00a1Casanare cumple 50 a\u00f1os! Un d\u00eda c\u00edvico para celebrar la historia y la cultura\u00bb \u2014 \u25b7 Noticias de Casanare : Martha Cifuentes | Casanare\" src=\"https:\/\/marthacifuentes.com\/portada\/2024\/05\/09\/casanare-cumple-50-anos-un-dia-civico-para-celebrar-la-historia-y-la-cultura\/embed\/#?secret=RDUPhv0LmW#?secret=RF5K5sExR4\" width=\"600\" height=\"621\" frameborder=\"0\" marginwidth=\"0\" marginheight=\"0\" scrolling=\"no\" sandbox=\"allow-scripts\" data-secret=\"RF5K5sExR4\" data-mce-fragment=\"1\"><\/iframe><\/p>\n<p><iframe loading=\"lazy\" class=\"wp-embedded-content\" title=\"\u00abAlcald\u00eda de Yopal alerta sobre educaci\u00f3n b\u00e1sica y media virtual. No est\u00e1 reglamentada.\u00bb \u2014 \u25b7 Noticias de Casanare : Martha Cifuentes | Casanare\" src=\"https:\/\/marthacifuentes.com\/portada\/2024\/05\/09\/alcaldia-de-yopal-alerta-sobre-educacion-basica-y-media-virtual-no-esta-reglamentada\/embed\/#?secret=e0ovdDLFyv#?secret=aTtqBRdxa5\" width=\"600\" height=\"621\" frameborder=\"0\" marginwidth=\"0\" marginheight=\"0\" scrolling=\"no\" sandbox=\"allow-scripts\" data-secret=\"aTtqBRdxa5\" data-mce-fragment=\"1\"><\/iframe><\/p>\n<p><iframe loading=\"lazy\" class=\"wp-embedded-content\" title=\"\u00abDelinquir no paga, mensaje a estudiantes de Yopal en recorrido a la c\u00e1rcel La Guafilla\u00bb \u2014 \u25b7 Noticias de Casanare : Martha Cifuentes | Casanare\" src=\"https:\/\/marthacifuentes.com\/portada\/2024\/05\/09\/delinquir-no-paga-mensaje-a-estudiantes-de-yopal-en-recorrido-a-la-carcel-la-guafilla\/embed\/#?secret=bO8tzhi0Kc#?secret=tmarKJrpoV\" width=\"600\" height=\"621\" frameborder=\"0\" marginwidth=\"0\" marginheight=\"0\" scrolling=\"no\" sandbox=\"allow-scripts\" data-secret=\"tmarKJrpoV\" data-mce-fragment=\"1\"><\/iframe><\/p>\n<p><iframe loading=\"lazy\" class=\"wp-embedded-content\" title=\"\u00abEAAAY y Personer\u00eda de Yopal en pugna por desincentivo al consumo excesivo de agua\u00bb \u2014 \u25b7 Noticias de Casanare : Martha Cifuentes | Casanare\" src=\"https:\/\/marthacifuentes.com\/portada\/2024\/05\/09\/eaaay-y-personeria-de-yopal-en-pugna-por-desincentivo-al-consumo-excesivo-de-agua\/embed\/#?secret=nToV5xcsgJ#?secret=4MYFLAONlS\" width=\"600\" height=\"621\" frameborder=\"0\" marginwidth=\"0\" marginheight=\"0\" scrolling=\"no\" sandbox=\"allow-scripts\" data-secret=\"4MYFLAONlS\" data-mce-fragment=\"1\"><\/iframe><\/p>\n<p><iframe loading=\"lazy\" class=\"wp-embedded-content\" title=\"\u00ab\u00a1Llega la meritocracia a Yopal! La CNSC realizar\u00e1 un Encuentro Macrorregional\u00bb \u2014 \u25b7 Noticias de Casanare : Martha Cifuentes | Casanare\" src=\"https:\/\/marthacifuentes.com\/portada\/2024\/05\/09\/llega-la-meritocracia-a-yopal-la-cnsc-realizara-un-encuentro-macrorregional\/embed\/#?secret=d4dCujKujy#?secret=7C0nABe2B2\" width=\"600\" height=\"621\" frameborder=\"0\" marginwidth=\"0\" marginheight=\"0\" scrolling=\"no\" sandbox=\"allow-scripts\" data-secret=\"7C0nABe2B2\" data-mce-fragment=\"1\"><\/iframe><\/p>\n<p><iframe loading=\"lazy\" class=\"wp-embedded-content\" title=\"\u00abNubia Castro, nueva gerente de Enerca, llega con experiencia en energ\u00edas renovables\u00bb \u2014 \u25b7 Noticias de Casanare : Martha Cifuentes | Casanare\" src=\"https:\/\/marthacifuentes.com\/portada\/2024\/05\/08\/nubia-castro-nueva-gerente-de-enerca-llega-con-experiencia-en-energias-renovables\/embed\/#?secret=gR8rnSfbPb#?secret=YaEINkpuEm\" width=\"600\" height=\"621\" frameborder=\"0\" marginwidth=\"0\" marginheight=\"0\" scrolling=\"no\" sandbox=\"allow-scripts\" data-secret=\"YaEINkpuEm\" data-mce-fragment=\"1\"><\/iframe><\/p>\n<p><iframe loading=\"lazy\" class=\"wp-embedded-content\" title=\"\u00abAvanza pavimentaci\u00f3n de 43 v\u00edas urbanas en Yopal\u00bb \u2014 \u25b7 Noticias de Casanare : Martha Cifuentes | Casanare\" src=\"https:\/\/marthacifuentes.com\/portada\/2024\/05\/08\/avanza-pavimentacion-de-43-vias-urbanas-en-yopal\/embed\/#?secret=xIpTd4uMqF#?secret=KRtLCcSDP1\" width=\"600\" height=\"544\" frameborder=\"0\" marginwidth=\"0\" marginheight=\"0\" scrolling=\"no\" sandbox=\"allow-scripts\" data-secret=\"KRtLCcSDP1\" data-mce-fragment=\"1\"><\/iframe><\/p>\n<p><iframe loading=\"lazy\" class=\"wp-embedded-content\" title=\"\u00abGlobal Big Day en Casanare: Descubre el para\u00edso de la observaci\u00f3n de aves\u00bb \u2014 \u25b7 Noticias de Casanare : Martha Cifuentes | Casanare\" src=\"https:\/\/marthacifuentes.com\/portada\/2024\/05\/08\/global-big-day-en-casanare-descubre-el-paraiso-de-la-observacion-de-aves\/embed\/#?secret=dDGJVB7L37#?secret=fl0Ie2CEk0\" width=\"600\" height=\"596\" frameborder=\"0\" marginwidth=\"0\" marginheight=\"0\" scrolling=\"no\" sandbox=\"allow-scripts\" data-secret=\"fl0Ie2CEk0\" data-mce-fragment=\"1\"><\/iframe><\/p>\n<p><iframe loading=\"lazy\" class=\"wp-embedded-content\" title=\"\u00abAguazul: Alcalde Nelson Camacho busca convertir abandonada planta de yuca en centro de almacenamiento y secado de granos\u00bb \u2014 \u25b7 Noticias de Casanare : Martha Cifuentes | Casanare\" src=\"https:\/\/marthacifuentes.com\/portada\/2024\/05\/07\/aguazul-alcalde-nelson-camacho-busca-convertir-abandonada-planta-de-yuca-en-centro-de-almacenamiento-y-secado-de-granos\/embed\/#?secret=JrtvHBJ67G#?secret=n2srvYHFLZ\" width=\"600\" height=\"650\" frameborder=\"0\" marginwidth=\"0\" marginheight=\"0\" scrolling=\"no\" sandbox=\"allow-scripts\" data-secret=\"n2srvYHFLZ\" data-mce-fragment=\"1\"><\/iframe><\/p>\n<p><iframe loading=\"lazy\" class=\"wp-embedded-content\" title=\"\u00abEl Horo en crisis financiera y su gerente dimiti\u00f3. \u00bfDe mal en peor?\u00bb \u2014 \u25b7 Noticias de Casanare : Martha Cifuentes | Casanare\" src=\"https:\/\/marthacifuentes.com\/portada\/2024\/05\/07\/el-horo-en-crisis-financiera-y-su-gerente-dimitio-de-mal-en-peor\/embed\/#?secret=oQJmTXmqMn#?secret=YJRdM336l6\" width=\"600\" height=\"571\" frameborder=\"0\" marginwidth=\"0\" marginheight=\"0\" scrolling=\"no\" sandbox=\"allow-scripts\" data-secret=\"YJRdM336l6\" data-mce-fragment=\"1\"><\/iframe><\/p>\n<p><iframe loading=\"lazy\" class=\"wp-embedded-content\" title=\"\u00abVivienda digna y agua potable para Casanare, las apuestas de Zorro\u00bb \u2014 \u25b7 Noticias de Casanare : Martha Cifuentes | Casanare\" src=\"https:\/\/marthacifuentes.com\/portada\/2024\/05\/07\/vivienda-digna-y-agua-potable-para-casanare-las-apuestas-de-zorro\/embed\/#?secret=6shM0hmuLP#?secret=VBpRtiBbpE\" width=\"600\" height=\"621\" frameborder=\"0\" marginwidth=\"0\" marginheight=\"0\" scrolling=\"no\" sandbox=\"allow-scripts\" data-secret=\"VBpRtiBbpE\" data-mce-fragment=\"1\"><\/iframe><\/p>\n<p><iframe loading=\"lazy\" class=\"wp-embedded-content\" title=\"\u00abPlan de Desarrollo de Casanare llega a la Asamblea para su estudio y aprobaci\u00f3n. Costar\u00eda $2.7 billones.\u00bb \u2014 \u25b7 Noticias de Casanare : Martha Cifuentes | Casanare\" src=\"https:\/\/marthacifuentes.com\/portada\/2024\/05\/07\/plan-de-desarrollo-de-casanare-llega-a-la-asamblea-para-su-estudio-y-aprobacion-costaria-2-7-billones\/embed\/#?secret=3jO08Z2Vt5#?secret=s7amZfo87E\" width=\"600\" height=\"620\" frameborder=\"0\" marginwidth=\"0\" marginheight=\"0\" scrolling=\"no\" sandbox=\"allow-scripts\" data-secret=\"s7amZfo87E\" data-mce-fragment=\"1\"><\/iframe><\/p>\n","protected":false},"excerpt":{"rendered":"<p>En una noticia que le devolvi\u00f3 la esperanza a la comunidad educativa de Yopal, el alcalde Marco Tulio Ru\u00edz Ria\u00f1o anunci\u00f3 el retiro de la demanda que imped\u00eda el proyecto para la construcci\u00f3n de la nueva sede del emblem\u00e1tico colegio Centro Social. Dista mucho del anterior alcalde Luis Eduardo Castro quien se opuso al proyecto. &hellip;<\/p>\n","protected":false},"author":2,"featured_media":33149,"comment_status":"open","ping_status":"open","sticky":false,"template":"","format":"standard","meta":{"om_disable_all_campaigns":false,"_exactmetrics_skip_tracking":false,"_exactmetrics_sitenote_active":false,"_exactmetrics_sitenote_note":"","_exactmetrics_sitenote_category":0,"_monsterinsights_skip_tracking":false,"_monsterinsights_sitenote_active":false,"_monsterinsights_sitenote_note":"","_monsterinsights_sitenote_category":0,"_uf_show_specific_survey":0,"_uf_disable_surveys":false,"_joinchat":[],"footnotes":""},"categories":[147,146,145],"tags":[154,1612,1285,202,9995,6259,9996,9993,9994,157],"class_list":["post-33147","post","type-post","status-publish","format-standard","has-post-thumbnail","hentry","category-actualidad","category-noticias","category-reportajes","tag-casanare","tag-centro-social","tag-cesar-ortiz-zorro","tag-educacion","tag-marcotulioruiz-luiseduardocastro","tag-ministerio-de-educacion","tag-noticiasyopal","tag-nueva-sede","tag-suenohechorealidad","tag-yopal"],"yoast_head":"<!-- This site is optimized with the Yoast SEO plugin v26.1 - https:\/\/yoast.com\/wordpress\/plugins\/seo\/ -->\n<title>Marco Tulio ech\u00f3 para atr\u00e1s demanda que imped\u00eda construcci\u00f3n de sede del Centro Social - \u25b7 Noticias de Casanare : Martha Cifuentes | Casanare<\/title>\n<meta name=\"robots\" content=\"index, follow, max-snippet:-1, max-image-preview:large, max-video-preview:-1\" \/>\n<link rel=\"canonical\" href=\"https:\/\/marthacifuentes.com\/portada\/marco-tulio-echo-para-atras-demanda-que-impedia-construccion-de-sede-del-centro-social\/\" \/>\n<meta property=\"og:locale\" content=\"es_ES\" \/>\n<meta property=\"og:type\" content=\"article\" \/>\n<meta property=\"og:title\" content=\"Marco Tulio ech\u00f3 para atr\u00e1s demanda que imped\u00eda construcci\u00f3n de sede del Centro Social - \u25b7 Noticias de Casanare : Martha Cifuentes | Casanare\" \/>\n<meta property=\"og:description\" content=\"En una noticia que le devolvi\u00f3 la esperanza a la comunidad educativa de Yopal, el alcalde Marco Tulio Ru\u00edz Ria\u00f1o anunci\u00f3 el retiro de la demanda que imped\u00eda el proyecto para la construcci\u00f3n de la nueva sede del emblem\u00e1tico colegio Centro Social. Dista mucho del anterior alcalde Luis Eduardo Castro quien se opuso al proyecto. &hellip;\" \/>\n<meta property=\"og:url\" content=\"https:\/\/marthacifuentes.com\/portada\/marco-tulio-echo-para-atras-demanda-que-impedia-construccion-de-sede-del-centro-social\/\" \/>\n<meta property=\"og:site_name\" content=\"\u25b7 Noticias de Casanare : Martha Cifuentes | Casanare\" \/>\n<meta property=\"article:published_time\" content=\"2024-05-24T13:49:53+00:00\" \/>\n<meta property=\"og:image\" content=\"https:\/\/marthacifuentes.com\/portada\/wp-content\/uploads\/2024\/05\/MARCO-TULIO-scaled.jpg\" \/>\n\t<meta property=\"og:image:width\" content=\"2560\" \/>\n\t<meta property=\"og:image:height\" content=\"1152\" \/>\n\t<meta property=\"og:image:type\" content=\"image\/jpeg\" \/>\n<meta name=\"author\" content=\"Martha Cifuentes\" \/>\n<meta name=\"twitter:card\" content=\"summary_large_image\" \/>\n<meta name=\"twitter:label1\" content=\"Escrito por\" \/>\n\t<meta name=\"twitter:data1\" content=\"Martha Cifuentes\" \/>\n\t<meta name=\"twitter:label2\" content=\"Tiempo de lectura\" \/>\n\t<meta name=\"twitter:data2\" content=\"2 minutos\" \/>\n<script type=\"application\/ld+json\" class=\"yoast-schema-graph\">{\"@context\":\"https:\/\/schema.org\",\"@graph\":[{\"@type\":\"WebPage\",\"@id\":\"https:\/\/marthacifuentes.com\/portada\/marco-tulio-echo-para-atras-demanda-que-impedia-construccion-de-sede-del-centro-social\/\",\"url\":\"https:\/\/marthacifuentes.com\/portada\/marco-tulio-echo-para-atras-demanda-que-impedia-construccion-de-sede-del-centro-social\/\",\"name\":\"Marco Tulio ech\u00f3 para atr\u00e1s demanda que imped\u00eda construcci\u00f3n de sede del Centro Social - \u25b7 Noticias de Casanare : Martha Cifuentes | Casanare\",\"isPartOf\":{\"@id\":\"https:\/\/marthacifuentes.com\/portada\/#website\"},\"primaryImageOfPage\":{\"@id\":\"https:\/\/marthacifuentes.com\/portada\/marco-tulio-echo-para-atras-demanda-que-impedia-construccion-de-sede-del-centro-social\/#primaryimage\"},\"image\":{\"@id\":\"https:\/\/marthacifuentes.com\/portada\/marco-tulio-echo-para-atras-demanda-que-impedia-construccion-de-sede-del-centro-social\/#primaryimage\"},\"thumbnailUrl\":\"https:\/\/marthacifuentes.com\/portada\/wp-content\/uploads\/2024\/05\/MARCO-TULIO-scaled.jpg\",\"datePublished\":\"2024-05-24T13:49:53+00:00\",\"author\":{\"@id\":\"https:\/\/marthacifuentes.com\/portada\/#\/schema\/person\/57f53174b991db5f90ff78d58502b714\"},\"breadcrumb\":{\"@id\":\"https:\/\/marthacifuentes.com\/portada\/marco-tulio-echo-para-atras-demanda-que-impedia-construccion-de-sede-del-centro-social\/#breadcrumb\"},\"inLanguage\":\"es\",\"potentialAction\":[{\"@type\":\"ReadAction\",\"target\":[\"https:\/\/marthacifuentes.com\/portada\/marco-tulio-echo-para-atras-demanda-que-impedia-construccion-de-sede-del-centro-social\/\"]}]},{\"@type\":\"ImageObject\",\"inLanguage\":\"es\",\"@id\":\"https:\/\/marthacifuentes.com\/portada\/marco-tulio-echo-para-atras-demanda-que-impedia-construccion-de-sede-del-centro-social\/#primaryimage\",\"url\":\"https:\/\/marthacifuentes.com\/portada\/wp-content\/uploads\/2024\/05\/MARCO-TULIO-scaled.jpg\",\"contentUrl\":\"https:\/\/marthacifuentes.com\/portada\/wp-content\/uploads\/2024\/05\/MARCO-TULIO-scaled.jpg\",\"width\":2560,\"height\":1152},{\"@type\":\"BreadcrumbList\",\"@id\":\"https:\/\/marthacifuentes.com\/portada\/marco-tulio-echo-para-atras-demanda-que-impedia-construccion-de-sede-del-centro-social\/#breadcrumb\",\"itemListElement\":[{\"@type\":\"ListItem\",\"position\":1,\"name\":\"Portada\",\"item\":\"https:\/\/marthacifuentes.com\/portada\/\"},{\"@type\":\"ListItem\",\"position\":2,\"name\":\"Marco Tulio ech\u00f3 para atr\u00e1s demanda que imped\u00eda construcci\u00f3n de sede del Centro Social\"}]},{\"@type\":\"WebSite\",\"@id\":\"https:\/\/marthacifuentes.com\/portada\/#website\",\"url\":\"https:\/\/marthacifuentes.com\/portada\/\",\"name\":\"\u25b7 Noticias de Casanare : Martha Cifuentes | Casanare\",\"description\":\"Noticias &amp; Contenidos\",\"potentialAction\":[{\"@type\":\"SearchAction\",\"target\":{\"@type\":\"EntryPoint\",\"urlTemplate\":\"https:\/\/marthacifuentes.com\/portada\/?s={search_term_string}\"},\"query-input\":{\"@type\":\"PropertyValueSpecification\",\"valueRequired\":true,\"valueName\":\"search_term_string\"}}],\"inLanguage\":\"es\"},{\"@type\":\"Person\",\"@id\":\"https:\/\/marthacifuentes.com\/portada\/#\/schema\/person\/57f53174b991db5f90ff78d58502b714\",\"name\":\"Martha Cifuentes\",\"image\":{\"@type\":\"ImageObject\",\"inLanguage\":\"es\",\"@id\":\"https:\/\/marthacifuentes.com\/portada\/#\/schema\/person\/image\/\",\"url\":\"http:\/\/marthacifuentes.com\/portada\/wp-content\/uploads\/2018\/06\/avatar_user_2_1528838701-96x96.jpg\",\"contentUrl\":\"http:\/\/marthacifuentes.com\/portada\/wp-content\/uploads\/2018\/06\/avatar_user_2_1528838701-96x96.jpg\",\"caption\":\"Martha Cifuentes\"},\"sameAs\":[\"http:\/\/www.marthacifuentes.com\"],\"url\":\"https:\/\/marthacifuentes.com\/portada\/author\/martha\/\"}]}<\/script>\n<!-- \/ Yoast SEO plugin. -->","yoast_head_json":{"title":"Marco Tulio ech\u00f3 para atr\u00e1s demanda que imped\u00eda construcci\u00f3n de sede del Centro Social - \u25b7 Noticias de Casanare : Martha Cifuentes | Casanare","robots":{"index":"index","follow":"follow","max-snippet":"max-snippet:-1","max-image-preview":"max-image-preview:large","max-video-preview":"max-video-preview:-1"},"canonical":"https:\/\/marthacifuentes.com\/portada\/marco-tulio-echo-para-atras-demanda-que-impedia-construccion-de-sede-del-centro-social\/","og_locale":"es_ES","og_type":"article","og_title":"Marco Tulio ech\u00f3 para atr\u00e1s demanda que imped\u00eda construcci\u00f3n de sede del Centro Social - \u25b7 Noticias de Casanare : Martha Cifuentes | Casanare","og_description":"En una noticia que le devolvi\u00f3 la esperanza a la comunidad educativa de Yopal, el alcalde Marco Tulio Ru\u00edz Ria\u00f1o anunci\u00f3 el retiro de la demanda que imped\u00eda el proyecto para la construcci\u00f3n de la nueva sede del emblem\u00e1tico colegio Centro Social. Dista mucho del anterior alcalde Luis Eduardo Castro quien se opuso al proyecto. &hellip;","og_url":"https:\/\/marthacifuentes.com\/portada\/marco-tulio-echo-para-atras-demanda-que-impedia-construccion-de-sede-del-centro-social\/","og_site_name":"\u25b7 Noticias de Casanare : Martha Cifuentes | Casanare","article_published_time":"2024-05-24T13:49:53+00:00","og_image":[{"width":2560,"height":1152,"url":"https:\/\/marthacifuentes.com\/portada\/wp-content\/uploads\/2024\/05\/MARCO-TULIO-scaled.jpg","type":"image\/jpeg"}],"author":"Martha Cifuentes","twitter_card":"summary_large_image","twitter_misc":{"Escrito por":"Martha Cifuentes","Tiempo de lectura":"2 minutos"},"schema":{"@context":"https:\/\/schema.org","@graph":[{"@type":"WebPage","@id":"https:\/\/marthacifuentes.com\/portada\/marco-tulio-echo-para-atras-demanda-que-impedia-construccion-de-sede-del-centro-social\/","url":"https:\/\/marthacifuentes.com\/portada\/marco-tulio-echo-para-atras-demanda-que-impedia-construccion-de-sede-del-centro-social\/","name":"Marco Tulio ech\u00f3 para atr\u00e1s demanda que imped\u00eda construcci\u00f3n de sede del Centro Social - \u25b7 Noticias de Casanare : Martha Cifuentes | Casanare","isPartOf":{"@id":"https:\/\/marthacifuentes.com\/portada\/#website"},"primaryImageOfPage":{"@id":"https:\/\/marthacifuentes.com\/portada\/marco-tulio-echo-para-atras-demanda-que-impedia-construccion-de-sede-del-centro-social\/#primaryimage"},"image":{"@id":"https:\/\/marthacifuentes.com\/portada\/marco-tulio-echo-para-atras-demanda-que-impedia-construccion-de-sede-del-centro-social\/#primaryimage"},"thumbnailUrl":"https:\/\/marthacifuentes.com\/portada\/wp-content\/uploads\/2024\/05\/MARCO-TULIO-scaled.jpg","datePublished":"2024-05-24T13:49:53+00:00","author":{"@id":"https:\/\/marthacifuentes.com\/portada\/#\/schema\/person\/57f53174b991db5f90ff78d58502b714"},"breadcrumb":{"@id":"https:\/\/marthacifuentes.com\/portada\/marco-tulio-echo-para-atras-demanda-que-impedia-construccion-de-sede-del-centro-social\/#breadcrumb"},"inLanguage":"es","potentialAction":[{"@type":"ReadAction","target":["https:\/\/marthacifuentes.com\/portada\/marco-tulio-echo-para-atras-demanda-que-impedia-construccion-de-sede-del-centro-social\/"]}]},{"@type":"ImageObject","inLanguage":"es","@id":"https:\/\/marthacifuentes.com\/portada\/marco-tulio-echo-para-atras-demanda-que-impedia-construccion-de-sede-del-centro-social\/#primaryimage","url":"https:\/\/marthacifuentes.com\/portada\/wp-content\/uploads\/2024\/05\/MARCO-TULIO-scaled.jpg","contentUrl":"https:\/\/marthacifuentes.com\/portada\/wp-content\/uploads\/2024\/05\/MARCO-TULIO-scaled.jpg","width":2560,"height":1152},{"@type":"BreadcrumbList","@id":"https:\/\/marthacifuentes.com\/portada\/marco-tulio-echo-para-atras-demanda-que-impedia-construccion-de-sede-del-centro-social\/#breadcrumb","itemListElement":[{"@type":"ListItem","position":1,"name":"Portada","item":"https:\/\/marthacifuentes.com\/portada\/"},{"@type":"ListItem","position":2,"name":"Marco Tulio ech\u00f3 para atr\u00e1s demanda que imped\u00eda construcci\u00f3n de sede del Centro Social"}]},{"@type":"WebSite","@id":"https:\/\/marthacifuentes.com\/portada\/#website","url":"https:\/\/marthacifuentes.com\/portada\/","name":"\u25b7 Noticias de Casanare : Martha Cifuentes | Casanare","description":"Noticias &amp; Contenidos","potentialAction":[{"@type":"SearchAction","target":{"@type":"EntryPoint","urlTemplate":"https:\/\/marthacifuentes.com\/portada\/?s={search_term_string}"},"query-input":{"@type":"PropertyValueSpecification","valueRequired":true,"valueName":"search_term_string"}}],"inLanguage":"es"},{"@type":"Person","@id":"https:\/\/marthacifuentes.com\/portada\/#\/schema\/person\/57f53174b991db5f90ff78d58502b714","name":"Martha Cifuentes","image":{"@type":"ImageObject","inLanguage":"es","@id":"https:\/\/marthacifuentes.com\/portada\/#\/schema\/person\/image\/","url":"http:\/\/marthacifuentes.com\/portada\/wp-content\/uploads\/2018\/06\/avatar_user_2_1528838701-96x96.jpg","contentUrl":"http:\/\/marthacifuentes.com\/portada\/wp-content\/uploads\/2018\/06\/avatar_user_2_1528838701-96x96.jpg","caption":"Martha Cifuentes"},"sameAs":["http:\/\/www.marthacifuentes.com"],"url":"https:\/\/marthacifuentes.com\/portada\/author\/martha\/"}]}},"_links":{"self":[{"href":"https:\/\/marthacifuentes.com\/portada\/wp-json\/wp\/v2\/posts\/33147","targetHints":{"allow":["GET"]}}],"collection":[{"href":"https:\/\/marthacifuentes.com\/portada\/wp-json\/wp\/v2\/posts"}],"about":[{"href":"https:\/\/marthacifuentes.com\/portada\/wp-json\/wp\/v2\/types\/post"}],"author":[{"embeddable":true,"href":"https:\/\/marthacifuentes.com\/portada\/wp-json\/wp\/v2\/users\/2"}],"replies":[{"embeddable":true,"href":"https:\/\/marthacifuentes.com\/portada\/wp-json\/wp\/v2\/comments?post=33147"}],"version-history":[{"count":1,"href":"https:\/\/marthacifuentes.com\/portada\/wp-json\/wp\/v2\/posts\/33147\/revisions"}],"predecessor-version":[{"id":33151,"href":"https:\/\/marthacifuentes.com\/portada\/wp-json\/wp\/v2\/posts\/33147\/revisions\/33151"}],"wp:featuredmedia":[{"embeddable":true,"href":"https:\/\/marthacifuentes.com\/portada\/wp-json\/wp\/v2\/media\/33149"}],"wp:attachment":[{"href":"https:\/\/marthacifuentes.com\/portada\/wp-json\/wp\/v2\/media?parent=33147"}],"wp:term":[{"taxonomy":"category","embeddable":true,"href":"https:\/\/marthacifuentes.com\/portada\/wp-json\/wp\/v2\/categories?post=33147"},{"taxonomy":"post_tag","embeddable":true,"href":"https:\/\/marthacifuentes.com\/portada\/wp-json\/wp\/v2\/tags?post=33147"}],"curies":[{"name":"wp","href":"https:\/\/api.w.org\/{rel}","templated":true}]}}