{"id":33152,"date":"2024-05-24T08:54:40","date_gmt":"2024-05-24T13:54:40","guid":{"rendered":"https:\/\/marthacifuentes.com\/portada\/?p=33152"},"modified":"2024-05-24T08:54:40","modified_gmt":"2024-05-24T13:54:40","slug":"agarron-entre-clinica-casanare-y-capresoca-por-millonaria-deuda-llega-a-denuncia-penal-en-la-fiscalia","status":"publish","type":"post","link":"https:\/\/marthacifuentes.com\/portada\/agarron-entre-clinica-casanare-y-capresoca-por-millonaria-deuda-llega-a-denuncia-penal-en-la-fiscalia\/","title":{"rendered":"Agarr\u00f3n entre Cl\u00ednica Casanare y Capresoca por millonaria deuda llega a denuncia penal en la Fiscal\u00eda"},"content":{"rendered":"<p class=\"x_MsoNormal\">La Cl\u00ednica Casanare ha tomado medidas legales contra el gerente de Capresoca EPS, Haison Omar Carrillo Lemus, por presunta calumnia e injuria en relaci\u00f3n a declaraciones realizadas por este en medios de comunicaci\u00f3n en el marco de una controversia por pagos de servicios de salud.<\/p>\n<p class=\"x_MsoNormal\" aria-hidden=\"true\">\n<p class=\"x_MsoNormal\"><b>Denuncia por calumnia e injuria:<\/b><\/p>\n<p class=\"x_MsoNormal\">Frank Alexander Rivera Mira, representante legal de la Cl\u00ednica Casanare, present\u00f3 una denuncia penal ante la Fiscal\u00eda<b>\u00a0<\/b>en la que cuestiona las declaraciones realizadas por Carrillo Lemus en una rueda de prensa el pasado 6 de mayo. En dicha ocasi\u00f3n, el gerente de Capresoca afirm\u00f3 que la Cl\u00ednica Casanare hab\u00eda presentado una demanda por 27 mil millones de pesos cuando la deuda real solo ascend\u00eda a 6.100 millones. Adem\u00e1s, calific\u00f3 la demanda como \u00ababsurda\u00bb y se\u00f1al\u00f3 que la Cl\u00ednica hab\u00eda retenido recursos de forma irregular.<\/p>\n<p class=\"x_MsoNormal\" aria-hidden=\"true\">\n<p class=\"x_MsoNormal\"><b>La Cl\u00ednica Casanare refuta las acusaciones:<\/b><\/p>\n<p class=\"x_MsoNormal\">Rivera Mira refuta las acusaciones de Carrillo Lemus y aclara que la demanda presentada por la Cl\u00ednica asciende a 17.900 millones de pesos, cifra que incluye una medida cautelar de provisi\u00f3n ordenada por el Juzgado Primero Civil del Circuito de Yopal. Desmiente rotundamente que la Cl\u00ednica haya incurrido en enga\u00f1os o maniobras irregulares en el cobro de sus servicios.<\/p>\n<p class=\"x_MsoNormal\" aria-hidden=\"true\">\n<p class=\"x_MsoNormal\"><b>Repudio a la expresi\u00f3n \u00abgato por liebre\u00bb:<\/b><\/p>\n<p class=\"x_MsoNormal\">De manera particular, la Cl\u00ednica Casanare expresa su profundo rechazo a la expresi\u00f3n \u00ab<b>meter gato por liebre<\/b>\u00bb utilizada por Carrillo Lemus en relaci\u00f3n a la demanda presentada. Consideran que esta frase es calumniosa e injuriosa, ya que insin\u00faa que la Cl\u00ednica ha actuado de forma deshonesta y fraudulenta, lo cual no se ajusta a la realidad.<\/p>\n<p class=\"x_MsoNormal\" aria-hidden=\"true\">\n<p class=\"x_MsoNormal\"><b>Propuesta de pago y reconocimiento de la deuda:<\/b><\/p>\n<p class=\"x_MsoNormal\">El representante legal de la Cl\u00ednica Casanare revela que el subgerente financiero de Capresoca, Ricaurte Baham\u00f3n, ha enviado propuestas de pago por un total de 16 mil millones de pesos, lo que representa un reconocimiento de la mayor parte de la deuda reclamada.<\/p>\n<p class=\"x_MsoNormal\" aria-hidden=\"true\">\n<p class=\"x_MsoNormal\"><b>Afectaci\u00f3n al buen nombre:<\/b><\/p>\n<p class=\"x_MsoNormal\">Lo que m\u00e1s preocupa a la Cl\u00ednica Casanare es que las declaraciones de Carrillo Lemus da\u00f1an su reputaci\u00f3n y afectan su probidad administrativa. Consideran que el gerente de Capresoca est\u00e1 presentando a la IPS como una entidad que incurre en pr\u00e1cticas delictivas, lo que no se ajusta a la realidad.<\/p>\n<p class=\"x_MsoNormal\" aria-hidden=\"true\">\n<p class=\"x_MsoNormal\"><b>Solicitud de investigaci\u00f3n y retractaci\u00f3n:<\/b><\/p>\n<p class=\"x_MsoNormal\">La Cl\u00ednica Casanare solicita a la Fiscal\u00eda que investigue las declaraciones de Carrillo Lemus y que este se retracte p\u00fablicamente de las mismas, incluyendo la frase \u00ab<b>meter gato por liebre<\/b>\u00ab. Esperan que se haga justicia y que se respete su buen nombre como instituci\u00f3n de salud con una trayectoria de m\u00e1s de 40 a\u00f1os.<\/p>\n<p><img loading=\"lazy\" decoding=\"async\" class=\"alignnone  wp-image-33155\" src=\"https:\/\/marthacifuentes.com\/portada\/wp-content\/uploads\/2024\/05\/clinica-casanare-1-1-811x1024.jpg\" alt=\"\" width=\"381\" height=\"481\" srcset=\"https:\/\/marthacifuentes.com\/portada\/wp-content\/uploads\/2024\/05\/clinica-casanare-1-1-811x1024.jpg 811w, https:\/\/marthacifuentes.com\/portada\/wp-content\/uploads\/2024\/05\/clinica-casanare-1-1-237x300.jpg 237w, https:\/\/marthacifuentes.com\/portada\/wp-content\/uploads\/2024\/05\/clinica-casanare-1-1-768x970.jpg 768w, https:\/\/marthacifuentes.com\/portada\/wp-content\/uploads\/2024\/05\/clinica-casanare-1-1.jpg 1170w\" sizes=\"auto, (max-width: 381px) 100vw, 381px\" \/> <img loading=\"lazy\" decoding=\"async\" class=\"alignnone  wp-image-33156\" src=\"https:\/\/marthacifuentes.com\/portada\/wp-content\/uploads\/2024\/05\/clinica-casanare-2-817x1024.jpg\" alt=\"\" width=\"376\" height=\"471\" srcset=\"https:\/\/marthacifuentes.com\/portada\/wp-content\/uploads\/2024\/05\/clinica-casanare-2-817x1024.jpg 817w, https:\/\/marthacifuentes.com\/portada\/wp-content\/uploads\/2024\/05\/clinica-casanare-2-239x300.jpg 239w, https:\/\/marthacifuentes.com\/portada\/wp-content\/uploads\/2024\/05\/clinica-casanare-2-768x963.jpg 768w, https:\/\/marthacifuentes.com\/portada\/wp-content\/uploads\/2024\/05\/clinica-casanare-2.jpg 1170w\" sizes=\"auto, (max-width: 376px) 100vw, 376px\" \/> <img loading=\"lazy\" decoding=\"async\" class=\"alignnone  wp-image-33157\" src=\"https:\/\/marthacifuentes.com\/portada\/wp-content\/uploads\/2024\/05\/clinica-casanare-3-822x1024.jpg\" alt=\"\" width=\"379\" height=\"472\" srcset=\"https:\/\/marthacifuentes.com\/portada\/wp-content\/uploads\/2024\/05\/clinica-casanare-3-822x1024.jpg 822w, https:\/\/marthacifuentes.com\/portada\/wp-content\/uploads\/2024\/05\/clinica-casanare-3-241x300.jpg 241w, https:\/\/marthacifuentes.com\/portada\/wp-content\/uploads\/2024\/05\/clinica-casanare-3-768x956.jpg 768w, https:\/\/marthacifuentes.com\/portada\/wp-content\/uploads\/2024\/05\/clinica-casanare-3.jpg 1170w\" sizes=\"auto, (max-width: 379px) 100vw, 379px\" \/><img loading=\"lazy\" decoding=\"async\" class=\"alignnone  wp-image-33158\" src=\"https:\/\/marthacifuentes.com\/portada\/wp-content\/uploads\/2024\/05\/clinica-casanare-4-829x1024.jpg\" alt=\"\" width=\"376\" height=\"464\" srcset=\"https:\/\/marthacifuentes.com\/portada\/wp-content\/uploads\/2024\/05\/clinica-casanare-4-829x1024.jpg 829w, https:\/\/marthacifuentes.com\/portada\/wp-content\/uploads\/2024\/05\/clinica-casanare-4-243x300.jpg 243w, https:\/\/marthacifuentes.com\/portada\/wp-content\/uploads\/2024\/05\/clinica-casanare-4-768x949.jpg 768w, https:\/\/marthacifuentes.com\/portada\/wp-content\/uploads\/2024\/05\/clinica-casanare-4.jpg 1170w\" sizes=\"auto, (max-width: 376px) 100vw, 376px\" \/><\/p>\n<p>&nbsp;<\/p>\n<h2><strong>Otras noticias\u2026<\/strong><\/h2>\n<blockquote class=\"wp-embedded-content\" data-secret=\"AVIOP8Z0PJ\"><p><a href=\"https:\/\/marthacifuentes.com\/portada\/2024\/05\/24\/marco-tulio-echo-para-atras-demanda-que-impedia-construccion-de-sede-del-centro-social\/\">Marco Tulio ech\u00f3 para atr\u00e1s demanda que imped\u00eda construcci\u00f3n de sede del Centro Social<\/a><\/p><\/blockquote>\n<p><iframe loading=\"lazy\" class=\"wp-embedded-content\" sandbox=\"allow-scripts\" security=\"restricted\" style=\"position: absolute; clip: rect(1px, 1px, 1px, 1px);\" title=\"\u00abMarco Tulio ech\u00f3 para atr\u00e1s demanda que imped\u00eda construcci\u00f3n de sede del Centro Social\u00bb \u2014 \u25b7 Noticias de Casanare : Martha Cifuentes | Casanare\" src=\"https:\/\/marthacifuentes.com\/portada\/2024\/05\/24\/marco-tulio-echo-para-atras-demanda-que-impedia-construccion-de-sede-del-centro-social\/embed\/#?secret=iNJ1Q9tMbi#?secret=AVIOP8Z0PJ\" data-secret=\"AVIOP8Z0PJ\" width=\"500\" height=\"282\" frameborder=\"0\" marginwidth=\"0\" marginheight=\"0\" scrolling=\"no\"><\/iframe><\/p>\n<p><iframe loading=\"lazy\" class=\"wp-embedded-content\" title=\"\u00abEcopetrol tendr\u00e1 nuevas Ecoreservas en Casanare\u00bb \u2014 \u25b7 Noticias de Casanare : Martha Cifuentes | Casanare\" src=\"https:\/\/marthacifuentes.com\/portada\/2024\/05\/23\/ecopetrol-tendra-nuevas-ecoreservas-en-casanare\/embed\/#?secret=MFTyMkDOBJ#?secret=5SGEd1WMne\" width=\"600\" height=\"592\" frameborder=\"0\" marginwidth=\"0\" marginheight=\"0\" scrolling=\"no\" sandbox=\"allow-scripts\" data-secret=\"5SGEd1WMne\" data-mce-fragment=\"1\"><\/iframe><\/p>\n<p><iframe loading=\"lazy\" class=\"wp-embedded-content\" title=\"\u00abLa Ruta No Sancionatoria por falsos positivos llega a Casanare, para comparecientes de la JEP\u00bb \u2014 \u25b7 Noticias de Casanare : Martha Cifuentes | Casanare\" src=\"https:\/\/marthacifuentes.com\/portada\/2024\/05\/23\/la-ruta-no-sancionatoria-por-falsos-positivos-llega-a-casanare-para-comparecientes-de-la-jep\/embed\/#?secret=WBFulh9LD7#?secret=RcCXPZ7b17\" width=\"600\" height=\"621\" frameborder=\"0\" marginwidth=\"0\" marginheight=\"0\" scrolling=\"no\" sandbox=\"allow-scripts\" data-secret=\"RcCXPZ7b17\" data-mce-fragment=\"1\"><\/iframe><\/p>\n<p><iframe loading=\"lazy\" class=\"wp-embedded-content\" title=\"\u00abOrinoqu\u00eda: Tesoro de biodiversidad celebra avances en su plan de acci\u00f3n rumbo a la COP16\u00bb \u2014 \u25b7 Noticias de Casanare : Martha Cifuentes | Casanare\" src=\"https:\/\/marthacifuentes.com\/portada\/2024\/05\/22\/orinoquia-tesoro-de-biodiversidad-celebra-avances-en-su-plan-de-accion-rumbo-a-la-cop16\/embed\/#?secret=19v9MIUTun#?secret=EKwPwznz7L\" width=\"600\" height=\"586\" frameborder=\"0\" marginwidth=\"0\" marginheight=\"0\" scrolling=\"no\" sandbox=\"allow-scripts\" data-secret=\"EKwPwznz7L\" data-mce-fragment=\"1\"><\/iframe><\/p>\n<p><iframe loading=\"lazy\" class=\"wp-embedded-content\" title=\"\u00abAprobados en primer debate en el Concejo de Yopal proyectos de legalizaci\u00f3n de predios y apoyo a la fuerza p\u00fablica,\u00bb \u2014 \u25b7 Noticias de Casanare : Martha Cifuentes | Casanare\" src=\"https:\/\/marthacifuentes.com\/portada\/2024\/05\/22\/aprobados-en-primer-debate-en-el-concejo-de-yopal-proyectos-de-legalizacion-de-predios-y-apoyo-a-la-fuerza-publica\/embed\/#?secret=KARsn7l34E#?secret=TJFwDRkCRJ\" width=\"600\" height=\"650\" frameborder=\"0\" marginwidth=\"0\" marginheight=\"0\" scrolling=\"no\" sandbox=\"allow-scripts\" data-secret=\"TJFwDRkCRJ\" data-mce-fragment=\"1\"><\/iframe><\/p>\n<p><iframe loading=\"lazy\" class=\"wp-embedded-content\" title=\"\u00abCasanare: 20 ideas innovadoras para impulsar el agro, la agroindustria y el turismo\u00bb \u2014 \u25b7 Noticias de Casanare : Martha Cifuentes | Casanare\" src=\"https:\/\/marthacifuentes.com\/portada\/2024\/05\/22\/casanare-20-ideas-innovadoras-para-impulsar-el-agro-la-agroindustria-y-el-turismo\/embed\/#?secret=AsPpk4exir#?secret=0ho8e80IiP\" width=\"600\" height=\"621\" frameborder=\"0\" marginwidth=\"0\" marginheight=\"0\" scrolling=\"no\" sandbox=\"allow-scripts\" data-secret=\"0ho8e80IiP\" data-mce-fragment=\"1\"><\/iframe><\/p>\n<p><iframe loading=\"lazy\" class=\"wp-embedded-content\" title=\"\u00abEncuentro Regional de la Orinoquia sobre diversidad hoy en Yopal\u00bb \u2014 \u25b7 Noticias de Casanare : Martha Cifuentes | Casanare\" src=\"https:\/\/marthacifuentes.com\/portada\/2024\/05\/21\/encuentro-regional-de-la-orinoquia-sobre-diversidad-hoy-en-yopal\/embed\/#?secret=IiwRm4wOOH#?secret=wnjXTKhEBr\" width=\"600\" height=\"621\" frameborder=\"0\" marginwidth=\"0\" marginheight=\"0\" scrolling=\"no\" sandbox=\"allow-scripts\" data-secret=\"wnjXTKhEBr\" data-mce-fragment=\"1\"><\/iframe><\/p>\n<p><iframe loading=\"lazy\" class=\"wp-embedded-content\" title=\"\u00abYopal: 25 caballos retirados de la tracci\u00f3n animal ya tienen un nuevo hogar en adopci\u00f3n\u00bb \u2014 \u25b7 Noticias de Casanare : Martha Cifuentes | Casanare\" src=\"https:\/\/marthacifuentes.com\/portada\/2024\/05\/21\/yopal-25-caballos-retirados-de-la-traccion-animal-ya-tienen-un-nuevo-hogar-en-adopcion\/embed\/#?secret=mqYeLwgLgw#?secret=4brQGJeqZf\" width=\"600\" height=\"621\" frameborder=\"0\" marginwidth=\"0\" marginheight=\"0\" scrolling=\"no\" sandbox=\"allow-scripts\" data-secret=\"4brQGJeqZf\" data-mce-fragment=\"1\"><\/iframe><\/p>\n<p><iframe loading=\"lazy\" class=\"wp-embedded-content\" title=\"\u00abDengue en Casanare: 1.483 casos reportados, 3 fallecidos y 16 casos graves\u00bb \u2014 \u25b7 Noticias de Casanare : Martha Cifuentes | Casanare\" src=\"https:\/\/marthacifuentes.com\/portada\/2024\/05\/21\/dengue-en-casanare-1-483-casos-reportados-3-fallecidos-y-16-casos-graves\/embed\/#?secret=w2GoLkCt1G#?secret=RffHGXv6lr\" width=\"600\" height=\"600\" frameborder=\"0\" marginwidth=\"0\" marginheight=\"0\" scrolling=\"no\" sandbox=\"allow-scripts\" data-secret=\"RffHGXv6lr\" data-mce-fragment=\"1\"><\/iframe><\/p>\n<p><iframe loading=\"lazy\" class=\"wp-embedded-content\" title=\"\u00abCapresoca EPS rindi\u00f3 cuentas de la vigencia 2023\u00bb \u2014 \u25b7 Noticias de Casanare : Martha Cifuentes | Casanare\" src=\"https:\/\/marthacifuentes.com\/portada\/2024\/05\/20\/capresoca-eps-rindio-cuentas-de-la-vigencia-2023\/embed\/#?secret=2XR0N1nG79#?secret=jHD1yInIhY\" width=\"600\" height=\"592\" frameborder=\"0\" marginwidth=\"0\" marginheight=\"0\" scrolling=\"no\" sandbox=\"allow-scripts\" data-secret=\"jHD1yInIhY\" data-mce-fragment=\"1\"><\/iframe><\/p>\n<p><iframe loading=\"lazy\" class=\"wp-embedded-content\" title=\"\u00abFrigor\u00edfico Frontino en Yopal: Nuevo rev\u00e9s judicial pone en jaque millonaria inversi\u00f3n y apoyo de Zorro\u00bb \u2014 \u25b7 Noticias de Casanare : Martha Cifuentes | Casanare\" src=\"https:\/\/marthacifuentes.com\/portada\/2024\/05\/20\/frigorifico-frontino-en-yopal-nuevo-reves-judicial-pone-en-jaque-millonaria-inversion-y-apoyo-de-zorro\/embed\/#?secret=wvz174F4cx#?secret=rdZWVNP4CF\" width=\"600\" height=\"621\" frameborder=\"0\" marginwidth=\"0\" marginheight=\"0\" scrolling=\"no\" sandbox=\"allow-scripts\" data-secret=\"rdZWVNP4CF\" data-mce-fragment=\"1\"><\/iframe><\/p>\n<p><iframe loading=\"lazy\" class=\"wp-embedded-content\" title=\"\u00abAl norte de Casanare lleg\u00f3 socializaci\u00f3n y discusi\u00f3n del Plan de Desarrollo de Zorro\u00bb \u2014 \u25b7 Noticias de Casanare : Martha Cifuentes | Casanare\" src=\"https:\/\/marthacifuentes.com\/portada\/2024\/05\/20\/al-norte-de-casanare-llego-socializacion-y-discusion-del-plan-de-desarrollo-de-zorro\/embed\/#?secret=Djay5WBMI1#?secret=vwWE3ydi8M\" width=\"600\" height=\"620\" frameborder=\"0\" marginwidth=\"0\" marginheight=\"0\" scrolling=\"no\" sandbox=\"allow-scripts\" data-secret=\"vwWE3ydi8M\" data-mce-fragment=\"1\"><\/iframe><\/p>\n<p><iframe loading=\"lazy\" class=\"wp-embedded-content\" title=\"\u00abCasanare vuela alto: Mincomercio respalda planta de urea, aeropuerto internacional y turismo\u00bb \u2014 \u25b7 Noticias de Casanare : Martha Cifuentes | Casanare\" src=\"https:\/\/marthacifuentes.com\/portada\/2024\/05\/18\/casanare-vuela-alto-mincomercio-respalda-planta-de-urea-aeropuerto-internacional-y-turismo\/embed\/#?secret=WvhCgj07nQ#?secret=mSEZry7fbD\" width=\"600\" height=\"621\" frameborder=\"0\" marginwidth=\"0\" marginheight=\"0\" scrolling=\"no\" sandbox=\"allow-scripts\" data-secret=\"mSEZry7fbD\" data-mce-fragment=\"1\"><\/iframe><\/p>\n<p><iframe loading=\"lazy\" class=\"wp-embedded-content\" title=\"\u00abCapresoca: de Cuidados Intensivos a Observaci\u00f3n, con alivio financiero y atenci\u00f3n en salud\u00bb \u2014 \u25b7 Noticias de Casanare : Martha Cifuentes | Casanare\" src=\"https:\/\/marthacifuentes.com\/portada\/2024\/05\/17\/capresoca-de-cuidados-intensivos-a-observacion-con-alivio-financiero-y-atencion-en-salud\/embed\/#?secret=n5PvRQyl4v#?secret=eUGlOzgOTJ\" width=\"600\" height=\"595\" frameborder=\"0\" marginwidth=\"0\" marginheight=\"0\" scrolling=\"no\" sandbox=\"allow-scripts\" data-secret=\"eUGlOzgOTJ\" data-mce-fragment=\"1\"><\/iframe><\/p>\n<p><iframe loading=\"lazy\" class=\"wp-embedded-content\" title=\"\u00abPor abusar de su hijastra a la c\u00e1rcel soldado profesional en Casanare\u00bb \u2014 \u25b7 Noticias de Casanare : Martha Cifuentes | Casanare\" src=\"https:\/\/marthacifuentes.com\/portada\/2024\/05\/17\/por-abusar-de-su-hijastra-a-la-carcel-soldado-profesional-en-casanare\/embed\/#?secret=kx1QS3SoAh#?secret=NpmJa9qASF\" width=\"600\" height=\"642\" frameborder=\"0\" marginwidth=\"0\" marginheight=\"0\" scrolling=\"no\" sandbox=\"allow-scripts\" data-secret=\"NpmJa9qASF\" data-mce-fragment=\"1\"><\/iframe><\/p>\n<p><iframe loading=\"lazy\" class=\"wp-embedded-content\" title=\"\u00abCapresoca y el Instituto Nacional de Cancerolog\u00eda firman acuerdo de pago para garantizar atenci\u00f3n a pacientes\u00bb \u2014 \u25b7 Noticias de Casanare : Martha Cifuentes | Casanare\" src=\"https:\/\/marthacifuentes.com\/portada\/2024\/05\/17\/capresoca-y-el-instituto-nacional-de-cancerologia-firman-acuerdo-de-pago-para-garantizar-atencion-a-pacientes\/embed\/#?secret=XFbeUWvzK1#?secret=Ea77UzuCnu\" width=\"600\" height=\"650\" frameborder=\"0\" marginwidth=\"0\" marginheight=\"0\" scrolling=\"no\" sandbox=\"allow-scripts\" data-secret=\"Ea77UzuCnu\" data-mce-fragment=\"1\"><\/iframe><\/p>\n<p><iframe loading=\"lazy\" class=\"wp-embedded-content\" title=\"\u00abQu\u00e9 pasa con la calidad del agua en Recetor. Est\u00e1 en alto riesgo seg\u00fan Secretar\u00eda de Salud Casanare\u00bb \u2014 \u25b7 Noticias de Casanare : Martha Cifuentes | Casanare\" src=\"https:\/\/marthacifuentes.com\/portada\/2024\/05\/17\/que-pasa-con-la-calidad-del-agua-en-recetor-esta-en-alto-riesgo-segun-secretaria-de-salud-casanare\/embed\/#?secret=zrdnNNCEI4#?secret=uXmzUdiqWM\" width=\"600\" height=\"621\" frameborder=\"0\" marginwidth=\"0\" marginheight=\"0\" scrolling=\"no\" sandbox=\"allow-scripts\" data-secret=\"uXmzUdiqWM\" data-mce-fragment=\"1\"><\/iframe><\/p>\n<p><iframe loading=\"lazy\" class=\"wp-embedded-content\" title=\"\u00abCasanare se visti\u00f3 de joropo y bail\u00f3 recio en sus 50 a\u00f1os de vida administrativa\u00bb \u2014 \u25b7 Noticias de Casanare : Martha Cifuentes | Casanare\" src=\"https:\/\/marthacifuentes.com\/portada\/2024\/05\/17\/casanare-se-vistio-de-joropo-y-bailo-recio-en-sus-50-anos-de-vida-administrativa\/embed\/#?secret=pki74cnwSg#?secret=z0RPgxdl8d\" width=\"600\" height=\"600\" frameborder=\"0\" marginwidth=\"0\" marginheight=\"0\" scrolling=\"no\" sandbox=\"allow-scripts\" data-secret=\"z0RPgxdl8d\" data-mce-fragment=\"1\"><\/iframe><\/p>\n<p><iframe loading=\"lazy\" class=\"wp-embedded-content\" title=\"\u00ab\u00bfD\u00f3nde est\u00e1n los estudiantes?: Pupitres vac\u00edos evidencian deserci\u00f3n escolar en Yopal\u00bb \u2014 \u25b7 Noticias de Casanare : Martha Cifuentes | Casanare\" src=\"https:\/\/marthacifuentes.com\/portada\/2024\/05\/17\/donde-estan-los-estudiantes-pupitres-vacios-evidencian-desercion-escolar-en-yopal\/embed\/#?secret=7xwJwR2Oq8#?secret=nW2nm1THh4\" width=\"600\" height=\"621\" frameborder=\"0\" marginwidth=\"0\" marginheight=\"0\" scrolling=\"no\" sandbox=\"allow-scripts\" data-secret=\"nW2nm1THh4\" data-mce-fragment=\"1\"><\/iframe><\/p>\n<p><iframe loading=\"lazy\" class=\"wp-embedded-content\" title=\"\u00abUnitr\u00f3pico, Asociaci\u00f3n de V\u00edctimas y Corporaci\u00f3n Cultural Casanari en Yopal recibieron predios de la SAE\u00bb \u2014 \u25b7 Noticias de Casanare : Martha Cifuentes | Casanare\" src=\"https:\/\/marthacifuentes.com\/portada\/2024\/05\/16\/unitropico-asociacion-de-victimas-y-corporacion-cultural-casanari-en-yopal-recibieron-predios-de-la-sae\/embed\/#?secret=oqbTWCpKs5#?secret=H7Hgwugqs7\" width=\"600\" height=\"621\" frameborder=\"0\" marginwidth=\"0\" marginheight=\"0\" scrolling=\"no\" sandbox=\"allow-scripts\" data-secret=\"H7Hgwugqs7\" data-mce-fragment=\"1\"><\/iframe><\/p>\n<p><iframe loading=\"lazy\" class=\"wp-embedded-content\" title=\"\u00abA prisi\u00f3n dos sospechosos por delitos sexuales en Yopal\u00bb \u2014 \u25b7 Noticias de Casanare : Martha Cifuentes | Casanare\" src=\"https:\/\/marthacifuentes.com\/portada\/2024\/05\/10\/a-prision-dos-sospechosos-por-delitos-sexuales-en-yopal\/embed\/#?secret=8qieKOxeS1#?secret=WGjJzP4HGj\" width=\"600\" height=\"616\" frameborder=\"0\" marginwidth=\"0\" marginheight=\"0\" scrolling=\"no\" sandbox=\"allow-scripts\" data-secret=\"WGjJzP4HGj\" data-mce-fragment=\"1\"><\/iframe><\/p>\n<p><iframe loading=\"lazy\" class=\"wp-embedded-content\" title=\"\u00abZorro y Marco Tulio unidos en torno a construcci\u00f3n del Malec\u00f3n de Yopal\u00bb \u2014 \u25b7 Noticias de Casanare : Martha Cifuentes | Casanare\" src=\"https:\/\/marthacifuentes.com\/portada\/2024\/05\/10\/zorro-y-marco-tulio-unidos-en-torno-a-construccion-del-malecon-de-yopal\/embed\/#?secret=vlkVPPfWiP#?secret=oi5CUInAbm\" width=\"600\" height=\"620\" frameborder=\"0\" marginwidth=\"0\" marginheight=\"0\" scrolling=\"no\" sandbox=\"allow-scripts\" data-secret=\"oi5CUInAbm\" data-mce-fragment=\"1\"><\/iframe><\/p>\n<p><iframe loading=\"lazy\" class=\"wp-embedded-content\" title=\"\u00ab\u00a1Casanare cumple 50 a\u00f1os! Un d\u00eda c\u00edvico para celebrar la historia y la cultura\u00bb \u2014 \u25b7 Noticias de Casanare : Martha Cifuentes | Casanare\" src=\"https:\/\/marthacifuentes.com\/portada\/2024\/05\/09\/casanare-cumple-50-anos-un-dia-civico-para-celebrar-la-historia-y-la-cultura\/embed\/#?secret=RDUPhv0LmW#?secret=RF5K5sExR4\" width=\"600\" height=\"621\" frameborder=\"0\" marginwidth=\"0\" marginheight=\"0\" scrolling=\"no\" sandbox=\"allow-scripts\" data-secret=\"RF5K5sExR4\" data-mce-fragment=\"1\"><\/iframe><\/p>\n<p><iframe loading=\"lazy\" class=\"wp-embedded-content\" title=\"\u00abAlcald\u00eda de Yopal alerta sobre educaci\u00f3n b\u00e1sica y media virtual. No est\u00e1 reglamentada.\u00bb \u2014 \u25b7 Noticias de Casanare : Martha Cifuentes | Casanare\" src=\"https:\/\/marthacifuentes.com\/portada\/2024\/05\/09\/alcaldia-de-yopal-alerta-sobre-educacion-basica-y-media-virtual-no-esta-reglamentada\/embed\/#?secret=e0ovdDLFyv#?secret=aTtqBRdxa5\" width=\"600\" height=\"621\" frameborder=\"0\" marginwidth=\"0\" marginheight=\"0\" scrolling=\"no\" sandbox=\"allow-scripts\" data-secret=\"aTtqBRdxa5\" data-mce-fragment=\"1\"><\/iframe><\/p>\n<p><iframe loading=\"lazy\" class=\"wp-embedded-content\" title=\"\u00abDelinquir no paga, mensaje a estudiantes de Yopal en recorrido a la c\u00e1rcel La Guafilla\u00bb \u2014 \u25b7 Noticias de Casanare : Martha Cifuentes | Casanare\" src=\"https:\/\/marthacifuentes.com\/portada\/2024\/05\/09\/delinquir-no-paga-mensaje-a-estudiantes-de-yopal-en-recorrido-a-la-carcel-la-guafilla\/embed\/#?secret=bO8tzhi0Kc#?secret=tmarKJrpoV\" width=\"600\" height=\"621\" frameborder=\"0\" marginwidth=\"0\" marginheight=\"0\" scrolling=\"no\" sandbox=\"allow-scripts\" data-secret=\"tmarKJrpoV\" data-mce-fragment=\"1\"><\/iframe><\/p>\n<p><iframe loading=\"lazy\" class=\"wp-embedded-content\" title=\"\u00abEAAAY y Personer\u00eda de Yopal en pugna por desincentivo al consumo excesivo de agua\u00bb \u2014 \u25b7 Noticias de Casanare : Martha Cifuentes | Casanare\" src=\"https:\/\/marthacifuentes.com\/portada\/2024\/05\/09\/eaaay-y-personeria-de-yopal-en-pugna-por-desincentivo-al-consumo-excesivo-de-agua\/embed\/#?secret=nToV5xcsgJ#?secret=4MYFLAONlS\" width=\"600\" height=\"621\" frameborder=\"0\" marginwidth=\"0\" marginheight=\"0\" scrolling=\"no\" sandbox=\"allow-scripts\" data-secret=\"4MYFLAONlS\" data-mce-fragment=\"1\"><\/iframe><\/p>\n<p><iframe loading=\"lazy\" class=\"wp-embedded-content\" title=\"\u00ab\u00a1Llega la meritocracia a Yopal! La CNSC realizar\u00e1 un Encuentro Macrorregional\u00bb \u2014 \u25b7 Noticias de Casanare : Martha Cifuentes | Casanare\" src=\"https:\/\/marthacifuentes.com\/portada\/2024\/05\/09\/llega-la-meritocracia-a-yopal-la-cnsc-realizara-un-encuentro-macrorregional\/embed\/#?secret=d4dCujKujy#?secret=7C0nABe2B2\" width=\"600\" height=\"621\" frameborder=\"0\" marginwidth=\"0\" marginheight=\"0\" scrolling=\"no\" sandbox=\"allow-scripts\" data-secret=\"7C0nABe2B2\" data-mce-fragment=\"1\"><\/iframe><\/p>\n<p><iframe loading=\"lazy\" class=\"wp-embedded-content\" title=\"\u00abNubia Castro, nueva gerente de Enerca, llega con experiencia en energ\u00edas renovables\u00bb \u2014 \u25b7 Noticias de Casanare : Martha Cifuentes | Casanare\" src=\"https:\/\/marthacifuentes.com\/portada\/2024\/05\/08\/nubia-castro-nueva-gerente-de-enerca-llega-con-experiencia-en-energias-renovables\/embed\/#?secret=gR8rnSfbPb#?secret=YaEINkpuEm\" width=\"600\" height=\"621\" frameborder=\"0\" marginwidth=\"0\" marginheight=\"0\" scrolling=\"no\" sandbox=\"allow-scripts\" data-secret=\"YaEINkpuEm\" data-mce-fragment=\"1\"><\/iframe><\/p>\n<p><iframe loading=\"lazy\" class=\"wp-embedded-content\" title=\"\u00abAvanza pavimentaci\u00f3n de 43 v\u00edas urbanas en Yopal\u00bb \u2014 \u25b7 Noticias de Casanare : Martha Cifuentes | Casanare\" src=\"https:\/\/marthacifuentes.com\/portada\/2024\/05\/08\/avanza-pavimentacion-de-43-vias-urbanas-en-yopal\/embed\/#?secret=xIpTd4uMqF#?secret=KRtLCcSDP1\" width=\"600\" height=\"544\" frameborder=\"0\" marginwidth=\"0\" marginheight=\"0\" scrolling=\"no\" sandbox=\"allow-scripts\" data-secret=\"KRtLCcSDP1\" data-mce-fragment=\"1\"><\/iframe><\/p>\n<p><iframe loading=\"lazy\" class=\"wp-embedded-content\" title=\"\u00abGlobal Big Day en Casanare: Descubre el para\u00edso de la observaci\u00f3n de aves\u00bb \u2014 \u25b7 Noticias de Casanare : Martha Cifuentes | Casanare\" src=\"https:\/\/marthacifuentes.com\/portada\/2024\/05\/08\/global-big-day-en-casanare-descubre-el-paraiso-de-la-observacion-de-aves\/embed\/#?secret=dDGJVB7L37#?secret=fl0Ie2CEk0\" width=\"600\" height=\"596\" frameborder=\"0\" marginwidth=\"0\" marginheight=\"0\" scrolling=\"no\" sandbox=\"allow-scripts\" data-secret=\"fl0Ie2CEk0\" data-mce-fragment=\"1\"><\/iframe><\/p>\n<p><iframe loading=\"lazy\" class=\"wp-embedded-content\" title=\"\u00abAguazul: Alcalde Nelson Camacho busca convertir abandonada planta de yuca en centro de almacenamiento y secado de granos\u00bb \u2014 \u25b7 Noticias de Casanare : Martha Cifuentes | Casanare\" src=\"https:\/\/marthacifuentes.com\/portada\/2024\/05\/07\/aguazul-alcalde-nelson-camacho-busca-convertir-abandonada-planta-de-yuca-en-centro-de-almacenamiento-y-secado-de-granos\/embed\/#?secret=JrtvHBJ67G#?secret=n2srvYHFLZ\" width=\"600\" height=\"650\" frameborder=\"0\" marginwidth=\"0\" marginheight=\"0\" scrolling=\"no\" sandbox=\"allow-scripts\" data-secret=\"n2srvYHFLZ\" data-mce-fragment=\"1\"><\/iframe><\/p>\n<p><iframe loading=\"lazy\" class=\"wp-embedded-content\" title=\"\u00abEl Horo en crisis financiera y su gerente dimiti\u00f3. \u00bfDe mal en peor?\u00bb \u2014 \u25b7 Noticias de Casanare : Martha Cifuentes | Casanare\" src=\"https:\/\/marthacifuentes.com\/portada\/2024\/05\/07\/el-horo-en-crisis-financiera-y-su-gerente-dimitio-de-mal-en-peor\/embed\/#?secret=oQJmTXmqMn#?secret=YJRdM336l6\" width=\"600\" height=\"571\" frameborder=\"0\" marginwidth=\"0\" marginheight=\"0\" scrolling=\"no\" sandbox=\"allow-scripts\" data-secret=\"YJRdM336l6\" data-mce-fragment=\"1\"><\/iframe><\/p>\n<p><iframe loading=\"lazy\" class=\"wp-embedded-content\" title=\"\u00abVivienda digna y agua potable para Casanare, las apuestas de Zorro\u00bb \u2014 \u25b7 Noticias de Casanare : Martha Cifuentes | Casanare\" src=\"https:\/\/marthacifuentes.com\/portada\/2024\/05\/07\/vivienda-digna-y-agua-potable-para-casanare-las-apuestas-de-zorro\/embed\/#?secret=6shM0hmuLP#?secret=VBpRtiBbpE\" width=\"600\" height=\"621\" frameborder=\"0\" marginwidth=\"0\" marginheight=\"0\" scrolling=\"no\" sandbox=\"allow-scripts\" data-secret=\"VBpRtiBbpE\" data-mce-fragment=\"1\"><\/iframe><\/p>\n<p><iframe loading=\"lazy\" class=\"wp-embedded-content\" title=\"\u00abPlan de Desarrollo de Casanare llega a la Asamblea para su estudio y aprobaci\u00f3n. Costar\u00eda $2.7 billones.\u00bb \u2014 \u25b7 Noticias de Casanare : Martha Cifuentes | Casanare\" src=\"https:\/\/marthacifuentes.com\/portada\/2024\/05\/07\/plan-de-desarrollo-de-casanare-llega-a-la-asamblea-para-su-estudio-y-aprobacion-costaria-2-7-billones\/embed\/#?secret=3jO08Z2Vt5#?secret=s7amZfo87E\" width=\"600\" height=\"620\" frameborder=\"0\" marginwidth=\"0\" marginheight=\"0\" scrolling=\"no\" sandbox=\"allow-scripts\" data-secret=\"s7amZfo87E\" data-mce-fragment=\"1\"><\/iframe><\/p>\n","protected":false},"excerpt":{"rendered":"<p>La Cl\u00ednica Casanare ha tomado medidas legales contra el gerente de Capresoca EPS, Haison Omar Carrillo Lemus, por presunta calumnia e injuria en relaci\u00f3n a declaraciones realizadas por este en medios de comunicaci\u00f3n en el marco de una controversia por pagos de servicios de salud. Denuncia por calumnia e injuria: Frank Alexander Rivera Mira, representante &hellip;<\/p>\n","protected":false},"author":2,"featured_media":33153,"comment_status":"open","ping_status":"open","sticky":false,"template":"","format":"standard","meta":{"om_disable_all_campaigns":false,"_exactmetrics_skip_tracking":false,"_exactmetrics_sitenote_active":false,"_exactmetrics_sitenote_note":"","_exactmetrics_sitenote_category":0,"_monsterinsights_skip_tracking":false,"_monsterinsights_sitenote_active":false,"_monsterinsights_sitenote_note":"","_monsterinsights_sitenote_category":0,"_uf_show_specific_survey":0,"_uf_disable_surveys":false,"_joinchat":[],"footnotes":""},"categories":[147,146,145],"tags":[9997,223,262,1165,10004,10001,10000,10002,9998,331,201,9999,10003],"class_list":["post-33152","post","type-post","status-publish","format-standard","has-post-thumbnail","hentry","category-actualidad","category-noticias","category-reportajes","tag-calumnia","tag-capresoca","tag-clinica-casanare","tag-deuda","tag-epscapresoca","tag-frankrivera","tag-gatoporliebre","tag-haisoncarrillo","tag-injuria","tag-ips","tag-salud","tag-serviciosdesalud","tag-zorro"],"yoast_head":"<!-- This site is optimized with the Yoast SEO plugin v26.1 - https:\/\/yoast.com\/wordpress\/plugins\/seo\/ -->\n<title>Agarr\u00f3n entre Cl\u00ednica Casanare y Capresoca por millonaria deuda llega a denuncia penal en la Fiscal\u00eda - \u25b7 Noticias de Casanare : Martha Cifuentes | Casanare<\/title>\n<meta name=\"robots\" content=\"index, follow, max-snippet:-1, max-image-preview:large, max-video-preview:-1\" \/>\n<link rel=\"canonical\" href=\"https:\/\/marthacifuentes.com\/portada\/agarron-entre-clinica-casanare-y-capresoca-por-millonaria-deuda-llega-a-denuncia-penal-en-la-fiscalia\/\" \/>\n<meta property=\"og:locale\" content=\"es_ES\" \/>\n<meta property=\"og:type\" content=\"article\" \/>\n<meta property=\"og:title\" content=\"Agarr\u00f3n entre Cl\u00ednica Casanare y Capresoca por millonaria deuda llega a denuncia penal en la Fiscal\u00eda - \u25b7 Noticias de Casanare : Martha Cifuentes | Casanare\" \/>\n<meta property=\"og:description\" content=\"La Cl\u00ednica Casanare ha tomado medidas legales contra el gerente de Capresoca EPS, Haison Omar Carrillo Lemus, por presunta calumnia e injuria en relaci\u00f3n a declaraciones realizadas por este en medios de comunicaci\u00f3n en el marco de una controversia por pagos de servicios de salud. Denuncia por calumnia e injuria: Frank Alexander Rivera Mira, representante &hellip;\" \/>\n<meta property=\"og:url\" content=\"https:\/\/marthacifuentes.com\/portada\/agarron-entre-clinica-casanare-y-capresoca-por-millonaria-deuda-llega-a-denuncia-penal-en-la-fiscalia\/\" \/>\n<meta property=\"og:site_name\" content=\"\u25b7 Noticias de Casanare : Martha Cifuentes | Casanare\" \/>\n<meta property=\"article:published_time\" content=\"2024-05-24T13:54:40+00:00\" \/>\n<meta property=\"og:image\" content=\"https:\/\/marthacifuentes.com\/portada\/wp-content\/uploads\/2024\/05\/clinica-casanare.jpg\" \/>\n\t<meta property=\"og:image:width\" content=\"1600\" \/>\n\t<meta property=\"og:image:height\" content=\"1200\" \/>\n\t<meta property=\"og:image:type\" content=\"image\/jpeg\" \/>\n<meta name=\"author\" content=\"Martha Cifuentes\" \/>\n<meta name=\"twitter:card\" content=\"summary_large_image\" \/>\n<meta name=\"twitter:label1\" content=\"Escrito por\" \/>\n\t<meta name=\"twitter:data1\" content=\"Martha Cifuentes\" \/>\n\t<meta name=\"twitter:label2\" content=\"Tiempo de lectura\" \/>\n\t<meta name=\"twitter:data2\" content=\"2 minutos\" \/>\n<script type=\"application\/ld+json\" class=\"yoast-schema-graph\">{\"@context\":\"https:\/\/schema.org\",\"@graph\":[{\"@type\":\"WebPage\",\"@id\":\"https:\/\/marthacifuentes.com\/portada\/agarron-entre-clinica-casanare-y-capresoca-por-millonaria-deuda-llega-a-denuncia-penal-en-la-fiscalia\/\",\"url\":\"https:\/\/marthacifuentes.com\/portada\/agarron-entre-clinica-casanare-y-capresoca-por-millonaria-deuda-llega-a-denuncia-penal-en-la-fiscalia\/\",\"name\":\"Agarr\u00f3n entre Cl\u00ednica Casanare y Capresoca por millonaria deuda llega a denuncia penal en la Fiscal\u00eda - \u25b7 Noticias de Casanare : Martha Cifuentes | Casanare\",\"isPartOf\":{\"@id\":\"https:\/\/marthacifuentes.com\/portada\/#website\"},\"primaryImageOfPage\":{\"@id\":\"https:\/\/marthacifuentes.com\/portada\/agarron-entre-clinica-casanare-y-capresoca-por-millonaria-deuda-llega-a-denuncia-penal-en-la-fiscalia\/#primaryimage\"},\"image\":{\"@id\":\"https:\/\/marthacifuentes.com\/portada\/agarron-entre-clinica-casanare-y-capresoca-por-millonaria-deuda-llega-a-denuncia-penal-en-la-fiscalia\/#primaryimage\"},\"thumbnailUrl\":\"https:\/\/marthacifuentes.com\/portada\/wp-content\/uploads\/2024\/05\/clinica-casanare.jpg\",\"datePublished\":\"2024-05-24T13:54:40+00:00\",\"author\":{\"@id\":\"https:\/\/marthacifuentes.com\/portada\/#\/schema\/person\/57f53174b991db5f90ff78d58502b714\"},\"breadcrumb\":{\"@id\":\"https:\/\/marthacifuentes.com\/portada\/agarron-entre-clinica-casanare-y-capresoca-por-millonaria-deuda-llega-a-denuncia-penal-en-la-fiscalia\/#breadcrumb\"},\"inLanguage\":\"es\",\"potentialAction\":[{\"@type\":\"ReadAction\",\"target\":[\"https:\/\/marthacifuentes.com\/portada\/agarron-entre-clinica-casanare-y-capresoca-por-millonaria-deuda-llega-a-denuncia-penal-en-la-fiscalia\/\"]}]},{\"@type\":\"ImageObject\",\"inLanguage\":\"es\",\"@id\":\"https:\/\/marthacifuentes.com\/portada\/agarron-entre-clinica-casanare-y-capresoca-por-millonaria-deuda-llega-a-denuncia-penal-en-la-fiscalia\/#primaryimage\",\"url\":\"https:\/\/marthacifuentes.com\/portada\/wp-content\/uploads\/2024\/05\/clinica-casanare.jpg\",\"contentUrl\":\"https:\/\/marthacifuentes.com\/portada\/wp-content\/uploads\/2024\/05\/clinica-casanare.jpg\",\"width\":1600,\"height\":1200},{\"@type\":\"BreadcrumbList\",\"@id\":\"https:\/\/marthacifuentes.com\/portada\/agarron-entre-clinica-casanare-y-capresoca-por-millonaria-deuda-llega-a-denuncia-penal-en-la-fiscalia\/#breadcrumb\",\"itemListElement\":[{\"@type\":\"ListItem\",\"position\":1,\"name\":\"Portada\",\"item\":\"https:\/\/marthacifuentes.com\/portada\/\"},{\"@type\":\"ListItem\",\"position\":2,\"name\":\"Agarr\u00f3n entre Cl\u00ednica Casanare y Capresoca por millonaria deuda llega a denuncia penal en la Fiscal\u00eda\"}]},{\"@type\":\"WebSite\",\"@id\":\"https:\/\/marthacifuentes.com\/portada\/#website\",\"url\":\"https:\/\/marthacifuentes.com\/portada\/\",\"name\":\"\u25b7 Noticias de Casanare : Martha Cifuentes | Casanare\",\"description\":\"Noticias &amp; Contenidos\",\"potentialAction\":[{\"@type\":\"SearchAction\",\"target\":{\"@type\":\"EntryPoint\",\"urlTemplate\":\"https:\/\/marthacifuentes.com\/portada\/?s={search_term_string}\"},\"query-input\":{\"@type\":\"PropertyValueSpecification\",\"valueRequired\":true,\"valueName\":\"search_term_string\"}}],\"inLanguage\":\"es\"},{\"@type\":\"Person\",\"@id\":\"https:\/\/marthacifuentes.com\/portada\/#\/schema\/person\/57f53174b991db5f90ff78d58502b714\",\"name\":\"Martha Cifuentes\",\"image\":{\"@type\":\"ImageObject\",\"inLanguage\":\"es\",\"@id\":\"https:\/\/marthacifuentes.com\/portada\/#\/schema\/person\/image\/\",\"url\":\"http:\/\/marthacifuentes.com\/portada\/wp-content\/uploads\/2018\/06\/avatar_user_2_1528838701-96x96.jpg\",\"contentUrl\":\"http:\/\/marthacifuentes.com\/portada\/wp-content\/uploads\/2018\/06\/avatar_user_2_1528838701-96x96.jpg\",\"caption\":\"Martha Cifuentes\"},\"sameAs\":[\"http:\/\/www.marthacifuentes.com\"],\"url\":\"https:\/\/marthacifuentes.com\/portada\/author\/martha\/\"}]}<\/script>\n<!-- \/ Yoast SEO plugin. -->","yoast_head_json":{"title":"Agarr\u00f3n entre Cl\u00ednica Casanare y Capresoca por millonaria deuda llega a denuncia penal en la Fiscal\u00eda - \u25b7 Noticias de Casanare : Martha Cifuentes | Casanare","robots":{"index":"index","follow":"follow","max-snippet":"max-snippet:-1","max-image-preview":"max-image-preview:large","max-video-preview":"max-video-preview:-1"},"canonical":"https:\/\/marthacifuentes.com\/portada\/agarron-entre-clinica-casanare-y-capresoca-por-millonaria-deuda-llega-a-denuncia-penal-en-la-fiscalia\/","og_locale":"es_ES","og_type":"article","og_title":"Agarr\u00f3n entre Cl\u00ednica Casanare y Capresoca por millonaria deuda llega a denuncia penal en la Fiscal\u00eda - \u25b7 Noticias de Casanare : Martha Cifuentes | Casanare","og_description":"La Cl\u00ednica Casanare ha tomado medidas legales contra el gerente de Capresoca EPS, Haison Omar Carrillo Lemus, por presunta calumnia e injuria en relaci\u00f3n a declaraciones realizadas por este en medios de comunicaci\u00f3n en el marco de una controversia por pagos de servicios de salud. Denuncia por calumnia e injuria: Frank Alexander Rivera Mira, representante &hellip;","og_url":"https:\/\/marthacifuentes.com\/portada\/agarron-entre-clinica-casanare-y-capresoca-por-millonaria-deuda-llega-a-denuncia-penal-en-la-fiscalia\/","og_site_name":"\u25b7 Noticias de Casanare : Martha Cifuentes | Casanare","article_published_time":"2024-05-24T13:54:40+00:00","og_image":[{"width":1600,"height":1200,"url":"https:\/\/marthacifuentes.com\/portada\/wp-content\/uploads\/2024\/05\/clinica-casanare.jpg","type":"image\/jpeg"}],"author":"Martha Cifuentes","twitter_card":"summary_large_image","twitter_misc":{"Escrito por":"Martha Cifuentes","Tiempo de lectura":"2 minutos"},"schema":{"@context":"https:\/\/schema.org","@graph":[{"@type":"WebPage","@id":"https:\/\/marthacifuentes.com\/portada\/agarron-entre-clinica-casanare-y-capresoca-por-millonaria-deuda-llega-a-denuncia-penal-en-la-fiscalia\/","url":"https:\/\/marthacifuentes.com\/portada\/agarron-entre-clinica-casanare-y-capresoca-por-millonaria-deuda-llega-a-denuncia-penal-en-la-fiscalia\/","name":"Agarr\u00f3n entre Cl\u00ednica Casanare y Capresoca por millonaria deuda llega a denuncia penal en la Fiscal\u00eda - \u25b7 Noticias de Casanare : Martha Cifuentes | Casanare","isPartOf":{"@id":"https:\/\/marthacifuentes.com\/portada\/#website"},"primaryImageOfPage":{"@id":"https:\/\/marthacifuentes.com\/portada\/agarron-entre-clinica-casanare-y-capresoca-por-millonaria-deuda-llega-a-denuncia-penal-en-la-fiscalia\/#primaryimage"},"image":{"@id":"https:\/\/marthacifuentes.com\/portada\/agarron-entre-clinica-casanare-y-capresoca-por-millonaria-deuda-llega-a-denuncia-penal-en-la-fiscalia\/#primaryimage"},"thumbnailUrl":"https:\/\/marthacifuentes.com\/portada\/wp-content\/uploads\/2024\/05\/clinica-casanare.jpg","datePublished":"2024-05-24T13:54:40+00:00","author":{"@id":"https:\/\/marthacifuentes.com\/portada\/#\/schema\/person\/57f53174b991db5f90ff78d58502b714"},"breadcrumb":{"@id":"https:\/\/marthacifuentes.com\/portada\/agarron-entre-clinica-casanare-y-capresoca-por-millonaria-deuda-llega-a-denuncia-penal-en-la-fiscalia\/#breadcrumb"},"inLanguage":"es","potentialAction":[{"@type":"ReadAction","target":["https:\/\/marthacifuentes.com\/portada\/agarron-entre-clinica-casanare-y-capresoca-por-millonaria-deuda-llega-a-denuncia-penal-en-la-fiscalia\/"]}]},{"@type":"ImageObject","inLanguage":"es","@id":"https:\/\/marthacifuentes.com\/portada\/agarron-entre-clinica-casanare-y-capresoca-por-millonaria-deuda-llega-a-denuncia-penal-en-la-fiscalia\/#primaryimage","url":"https:\/\/marthacifuentes.com\/portada\/wp-content\/uploads\/2024\/05\/clinica-casanare.jpg","contentUrl":"https:\/\/marthacifuentes.com\/portada\/wp-content\/uploads\/2024\/05\/clinica-casanare.jpg","width":1600,"height":1200},{"@type":"BreadcrumbList","@id":"https:\/\/marthacifuentes.com\/portada\/agarron-entre-clinica-casanare-y-capresoca-por-millonaria-deuda-llega-a-denuncia-penal-en-la-fiscalia\/#breadcrumb","itemListElement":[{"@type":"ListItem","position":1,"name":"Portada","item":"https:\/\/marthacifuentes.com\/portada\/"},{"@type":"ListItem","position":2,"name":"Agarr\u00f3n entre Cl\u00ednica Casanare y Capresoca por millonaria deuda llega a denuncia penal en la Fiscal\u00eda"}]},{"@type":"WebSite","@id":"https:\/\/marthacifuentes.com\/portada\/#website","url":"https:\/\/marthacifuentes.com\/portada\/","name":"\u25b7 Noticias de Casanare : Martha Cifuentes | Casanare","description":"Noticias &amp; Contenidos","potentialAction":[{"@type":"SearchAction","target":{"@type":"EntryPoint","urlTemplate":"https:\/\/marthacifuentes.com\/portada\/?s={search_term_string}"},"query-input":{"@type":"PropertyValueSpecification","valueRequired":true,"valueName":"search_term_string"}}],"inLanguage":"es"},{"@type":"Person","@id":"https:\/\/marthacifuentes.com\/portada\/#\/schema\/person\/57f53174b991db5f90ff78d58502b714","name":"Martha Cifuentes","image":{"@type":"ImageObject","inLanguage":"es","@id":"https:\/\/marthacifuentes.com\/portada\/#\/schema\/person\/image\/","url":"http:\/\/marthacifuentes.com\/portada\/wp-content\/uploads\/2018\/06\/avatar_user_2_1528838701-96x96.jpg","contentUrl":"http:\/\/marthacifuentes.com\/portada\/wp-content\/uploads\/2018\/06\/avatar_user_2_1528838701-96x96.jpg","caption":"Martha Cifuentes"},"sameAs":["http:\/\/www.marthacifuentes.com"],"url":"https:\/\/marthacifuentes.com\/portada\/author\/martha\/"}]}},"_links":{"self":[{"href":"https:\/\/marthacifuentes.com\/portada\/wp-json\/wp\/v2\/posts\/33152","targetHints":{"allow":["GET"]}}],"collection":[{"href":"https:\/\/marthacifuentes.com\/portada\/wp-json\/wp\/v2\/posts"}],"about":[{"href":"https:\/\/marthacifuentes.com\/portada\/wp-json\/wp\/v2\/types\/post"}],"author":[{"embeddable":true,"href":"https:\/\/marthacifuentes.com\/portada\/wp-json\/wp\/v2\/users\/2"}],"replies":[{"embeddable":true,"href":"https:\/\/marthacifuentes.com\/portada\/wp-json\/wp\/v2\/comments?post=33152"}],"version-history":[{"count":1,"href":"https:\/\/marthacifuentes.com\/portada\/wp-json\/wp\/v2\/posts\/33152\/revisions"}],"predecessor-version":[{"id":33159,"href":"https:\/\/marthacifuentes.com\/portada\/wp-json\/wp\/v2\/posts\/33152\/revisions\/33159"}],"wp:featuredmedia":[{"embeddable":true,"href":"https:\/\/marthacifuentes.com\/portada\/wp-json\/wp\/v2\/media\/33153"}],"wp:attachment":[{"href":"https:\/\/marthacifuentes.com\/portada\/wp-json\/wp\/v2\/media?parent=33152"}],"wp:term":[{"taxonomy":"category","embeddable":true,"href":"https:\/\/marthacifuentes.com\/portada\/wp-json\/wp\/v2\/categories?post=33152"},{"taxonomy":"post_tag","embeddable":true,"href":"https:\/\/marthacifuentes.com\/portada\/wp-json\/wp\/v2\/tags?post=33152"}],"curies":[{"name":"wp","href":"https:\/\/api.w.org\/{rel}","templated":true}]}}