{"id":33277,"date":"2024-06-04T08:17:53","date_gmt":"2024-06-04T13:17:53","guid":{"rendered":"https:\/\/marthacifuentes.com\/portada\/?p=33277"},"modified":"2024-06-04T08:38:14","modified_gmt":"2024-06-04T13:38:14","slug":"terror-en-puesto-de-salud-de-mani-seis-sujetos-armados-querian-rematar-a-un-paciente","status":"publish","type":"post","link":"https:\/\/marthacifuentes.com\/portada\/terror-en-puesto-de-salud-de-mani-seis-sujetos-armados-querian-rematar-a-un-paciente\/","title":{"rendered":"Terror en puesto de salud de Man\u00ed: Seis sujetos armados quer\u00edan rematar a un paciente."},"content":{"rendered":"<p>El hombre, identificado como John Jairo Caro Luengas, hab\u00eda sido herido con arma cortopunzante en una ri\u00f1a previa y se encontraba recibiendo atenci\u00f3n m\u00e9dica tras ser trasladado de urgencia minutos antes. Aunque su destino parec\u00eda sellado cuando sus agresores irrumpieron en el centro asistencial, sembrando el terror en el personal m\u00e9dico y asistencial.<\/p>\n<p>&nbsp;<\/p>\n<p><strong>Asunto de malos tragos e intolerancia<\/strong><\/p>\n<p>Al parecer, el origen de la situaci\u00f3n tiene que ver con un altercado previo entre trabajadores de las empresas palmeras de la regi\u00f3n, quienes, bajo los efectos del alcohol, decidieron \u00abzanjar\u00bb sus diferencias a machete limpio.<\/p>\n<p>Vecinos de Man\u00ed expresaron que es costumbre de los trabajadores de las palmeras cuando les pagan, echarse su canita al aire y entre trago y trago se va subiendo el tono de voz, la discusi\u00f3n y los malos entendidos que terminan en agrias y letales ri\u00f1as.<\/p>\n<p>Tras la cruenta pelea, Caro Luengas fue llevado al puesto de salud, donde los m\u00e9dicos lo atend\u00edan de sus heridas. Pero sus agresores, con la cabeza a\u00fan caliente y sedientos de venganza, lo buscaron por todas partes con la intenci\u00f3n de rematarlo.<\/p>\n<p>Milagrosamente el paciente logr\u00f3 escabullirse y esconderse en una habitaci\u00f3n, evitando que la horda de hombres lo ajusticiara. La polic\u00eda actu\u00f3 inmediatamente se les inform\u00f3, controlando la situaci\u00f3n y capturando a los airados sujetos.<\/p>\n<p>&nbsp;<\/p>\n<p><strong>Red Salud Casanare rechaz\u00f3 el ataque<\/strong><\/p>\n<p>Red Salud Casanare rechaz\u00f3 rotundamente estos actos de violencia y exigi\u00f3 a las autoridades tomar medidas contundentes para evitar que este tipo de situaciones se repitan. Igualmnete agradeci\u00f3 a la polic\u00eda por haber controlado prontamente la situaci\u00f3n.<\/p>\n<p>&nbsp;<\/p>\n<p><strong>Alcalde Ferney Chaparro repudi\u00f3 el hecho<\/strong><\/p>\n<p>El mandatario de Man\u00ed Ferney Chaparro rechaz\u00f3 este acto de intolerancia entre las personas y con el personal m\u00e9dico e instalaciones del Centro de Salud.<\/p>\n<p>Dijo estar muy molesto por este tipo de hechos violentos que afectan la seguridad de todos los manice\u00f1os.<\/p>\n<p>&nbsp;<\/p>\n<h2 data-sourcepos=\"9:1-9:416\"><strong>Otras noticias\u2026<\/strong><\/h2>\n<blockquote class=\"wp-embedded-content\" data-secret=\"vxPPMgX99i\"><p><a href=\"https:\/\/marthacifuentes.com\/portada\/2024\/06\/04\/masacre-de-policias-sin-olvido-en-paz-de-ariporo-alias-lanza-presunto-responsable-capturado-22-anos-despues\/\">Masacre de polic\u00edas sin olvido en Paz de Ariporo: Alias Lanza, presunto responsable, capturado 22 a\u00f1os despu\u00e9s.<\/a><\/p><\/blockquote>\n<p><iframe loading=\"lazy\" class=\"wp-embedded-content\" sandbox=\"allow-scripts\" security=\"restricted\" style=\"position: absolute; clip: rect(1px, 1px, 1px, 1px);\" title=\"\u00abMasacre de polic\u00edas sin olvido en Paz de Ariporo: Alias Lanza, presunto responsable, capturado 22 a\u00f1os despu\u00e9s.\u00bb \u2014 \u25b7 Noticias de Casanare : Martha Cifuentes | Casanare\" src=\"https:\/\/marthacifuentes.com\/portada\/2024\/06\/04\/masacre-de-policias-sin-olvido-en-paz-de-ariporo-alias-lanza-presunto-responsable-capturado-22-anos-despues\/embed\/#?secret=WBpLcDBu0W#?secret=vxPPMgX99i\" data-secret=\"vxPPMgX99i\" width=\"500\" height=\"282\" frameborder=\"0\" marginwidth=\"0\" marginheight=\"0\" scrolling=\"no\"><\/iframe><\/p>\n<p><iframe loading=\"lazy\" class=\"wp-embedded-content\" title=\"\u00abCasanare y petroleras, vuelven a coquetear. Se busca futuro energ\u00e9tico sostenible.\u00bb \u2014 \u25b7 Noticias de Casanare : Martha Cifuentes | Casanare\" src=\"https:\/\/marthacifuentes.com\/portada\/2024\/05\/31\/casanare-y-petroleras-vuelven-a-coquetear-se-busca-futuro-energetico-sostenible\/embed\/#?secret=BV5pA3RGUC#?secret=6JFLUD4Uhy\" width=\"600\" height=\"621\" frameborder=\"0\" marginwidth=\"0\" marginheight=\"0\" scrolling=\"no\" sandbox=\"allow-scripts\" data-secret=\"6JFLUD4Uhy\" data-mce-fragment=\"1\"><\/iframe><\/p>\n<p><iframe loading=\"lazy\" class=\"wp-embedded-content\" title=\"\u00abCapresoca logr\u00f3 que Fundaci\u00f3n Cardiovascular de Colombia aceptara paciente beb\u00e9, previo pago anticipado\u00bb \u2014 \u25b7 Noticias de Casanare : Martha Cifuentes | Casanare\" src=\"https:\/\/marthacifuentes.com\/portada\/2024\/05\/31\/capresoca-logro-que-fundacion-cardiovascular-de-colombia-aceptara-paciente-bebe-previo-pago-anticipado\/embed\/#?secret=r7qBIMNIFE#?secret=3em5psluaC\" width=\"600\" height=\"650\" frameborder=\"0\" marginwidth=\"0\" marginheight=\"0\" scrolling=\"no\" sandbox=\"allow-scripts\" data-secret=\"3em5psluaC\" data-mce-fragment=\"1\"><\/iframe><\/p>\n<p><iframe loading=\"lazy\" class=\"wp-embedded-content\" title=\"\u00abV\u00edctimas de desaparici\u00f3n forzada en Casanare claman verdad. Periodistas apoyan su requerimiento. \u00a0\u00bb \u2014 \u25b7 Noticias de Casanare : Martha Cifuentes | Casanare\" src=\"https:\/\/marthacifuentes.com\/portada\/2024\/05\/31\/victimas-de-desaparicion-forzada-en-casanare-claman-verdad-periodistas-apoyan-su-requerimiento\/embed\/#?secret=FdkmQHAKH8#?secret=gPlHsIoweE\" width=\"600\" height=\"621\" frameborder=\"0\" marginwidth=\"0\" marginheight=\"0\" scrolling=\"no\" sandbox=\"allow-scripts\" data-secret=\"gPlHsIoweE\" data-mce-fragment=\"1\"><\/iframe><\/p>\n<p><iframe loading=\"lazy\" class=\"wp-embedded-content\" title=\"\u00abBomberos atienden damnificados en inundaciones en Yopal. Se hall\u00f3 un anciano fallecido.\u00bb \u2014 \u25b7 Noticias de Casanare : Martha Cifuentes | Casanare\" src=\"https:\/\/marthacifuentes.com\/portada\/2024\/05\/30\/bomberos-atienden-damnificados-en-inundaciones-en-yopal-se-hallo-un-anciano-fallecido\/embed\/#?secret=TImSh8YmGz#?secret=c4SXotAESt\" width=\"600\" height=\"599\" frameborder=\"0\" marginwidth=\"0\" marginheight=\"0\" scrolling=\"no\" sandbox=\"allow-scripts\" data-secret=\"c4SXotAESt\" data-mce-fragment=\"1\"><\/iframe><\/p>\n<p><iframe loading=\"lazy\" class=\"wp-embedded-content\" title=\"\u00abCapresoca logra que Hospital de Villavicencio reciba ni\u00f1a de 2 a\u00f1os\u00bb \u2014 \u25b7 Noticias de Casanare : Martha Cifuentes | Casanare\" src=\"https:\/\/marthacifuentes.com\/portada\/2024\/05\/30\/capresoca-logra-que-hospital-de-villavicencio-reciba-nina-de-2-anos\/embed\/#?secret=WxxWKzS8Ji#?secret=2gWskTUHXE\" width=\"600\" height=\"621\" frameborder=\"0\" marginwidth=\"0\" marginheight=\"0\" scrolling=\"no\" sandbox=\"allow-scripts\" data-secret=\"2gWskTUHXE\" data-mce-fragment=\"1\"><\/iframe><\/p>\n<p><iframe loading=\"lazy\" class=\"wp-embedded-content\" title=\"\u00abEmergencias por doquier en Yopal por invierno.\u00bb \u2014 \u25b7 Noticias de Casanare : Martha Cifuentes | Casanare\" src=\"https:\/\/marthacifuentes.com\/portada\/2024\/05\/30\/emergencias-por-doquier-en-yopal-por-invierno\/embed\/#?secret=gJiFgmrhRk#?secret=NkV5dyabww\" width=\"600\" height=\"591\" frameborder=\"0\" marginwidth=\"0\" marginheight=\"0\" scrolling=\"no\" sandbox=\"allow-scripts\" data-secret=\"NkV5dyabww\" data-mce-fragment=\"1\"><\/iframe><\/p>\n<p><iframe loading=\"lazy\" class=\"wp-embedded-content\" title=\"\u00abGeoPark invierte m\u00e1s de $12 mil millones en mejorar la conectividad vial en el sur de Casanare:\u00bb \u2014 \u25b7 Noticias de Casanare : Martha Cifuentes | Casanare\" src=\"https:\/\/marthacifuentes.com\/portada\/2024\/05\/30\/geopark-invierte-mas-de-12-mil-millones-en-mejorar-la-conectividad-vial-en-el-sur-de-casanare\/embed\/#?secret=337z7dqDIk#?secret=IM7uSANcQH\" width=\"600\" height=\"592\" frameborder=\"0\" marginwidth=\"0\" marginheight=\"0\" scrolling=\"no\" sandbox=\"allow-scripts\" data-secret=\"IM7uSANcQH\" data-mce-fragment=\"1\"><\/iframe><\/p>\n<p><iframe loading=\"lazy\" class=\"wp-embedded-content\" title=\"\u00abYopal vuelve al pasado. Se suspende servicio de agua indefinidamente.\u00bb \u2014 \u25b7 Noticias de Casanare : Martha Cifuentes | Casanare\" src=\"https:\/\/marthacifuentes.com\/portada\/2024\/05\/30\/yopal-vuelve-al-pasado-se-suspende-servicio-de-agua-indefinidamente\/embed\/#?secret=EcJOHjCDwQ#?secret=EEz6tALRd5\" width=\"600\" height=\"600\" frameborder=\"0\" marginwidth=\"0\" marginheight=\"0\" scrolling=\"no\" sandbox=\"allow-scripts\" data-secret=\"EEz6tALRd5\" data-mce-fragment=\"1\"><\/iframe><\/p>\n<p><iframe loading=\"lazy\" class=\"wp-embedded-content\" title=\"\u00abA la c\u00e1rcel hombre que secuestr\u00f3 y viol\u00f3 a una ni\u00f1a de 11 a\u00f1os en Casanare\u00bb \u2014 \u25b7 Noticias de Casanare : Martha Cifuentes | Casanare\" src=\"https:\/\/marthacifuentes.com\/portada\/2024\/05\/30\/a-la-carcel-hombre-que-secuestro-y-violo-a-una-nina-de-11-anos-en-casanare\/embed\/#?secret=8Gfz4sFS4Y#?secret=t2kSVAciRh\" width=\"600\" height=\"600\" frameborder=\"0\" marginwidth=\"0\" marginheight=\"0\" scrolling=\"no\" sandbox=\"allow-scripts\" data-secret=\"t2kSVAciRh\" data-mce-fragment=\"1\"><\/iframe><\/p>\n<p><iframe loading=\"lazy\" class=\"wp-embedded-content\" title=\"\u00abPlan de Desarrollo de Zorro, ajustado, fue aprobado en primer debate en la Asamblea\u00bb \u2014 \u25b7 Noticias de Casanare : Martha Cifuentes | Casanare\" src=\"https:\/\/marthacifuentes.com\/portada\/2024\/05\/29\/plan-de-desarrollo-de-zorro-ajustado-fue-aprobado-en-primer-debate-en-la-asamblea\/embed\/#?secret=5DrefzYdnd#?secret=n5AIxTkkTy\" width=\"600\" height=\"621\" frameborder=\"0\" marginwidth=\"0\" marginheight=\"0\" scrolling=\"no\" sandbox=\"allow-scripts\" data-secret=\"n5AIxTkkTy\" data-mce-fragment=\"1\"><\/iframe><\/p>\n<p><iframe loading=\"lazy\" class=\"wp-embedded-content\" title=\"\u00abA trav\u00e9s del mecanismo Obras por Impuestos se entreg\u00f3 CDI en T\u00e1mara, Casanare\u00bb \u2014 \u25b7 Noticias de Casanare : Martha Cifuentes | Casanare\" src=\"https:\/\/marthacifuentes.com\/portada\/2024\/05\/29\/a-traves-del-mecanismo-obras-por-impuestos-se-entrego-cdi-en-tamara-casanare\/embed\/#?secret=50AfPVCQ0q#?secret=sWyOGWSVUN\" width=\"600\" height=\"621\" frameborder=\"0\" marginwidth=\"0\" marginheight=\"0\" scrolling=\"no\" sandbox=\"allow-scripts\" data-secret=\"sWyOGWSVUN\" data-mce-fragment=\"1\"><\/iframe><\/p>\n<p><iframe loading=\"lazy\" class=\"wp-embedded-content\" title=\"\u00ab\u00a1Auxilio! Familias de Casanare exigen al gobierno encontrar a sus desaparecidos tras 23 a\u00f1os de incertidumbre\u00bb \u2014 \u25b7 Noticias de Casanare : Martha Cifuentes | Casanare\" src=\"https:\/\/marthacifuentes.com\/portada\/2024\/05\/28\/auxilio-familias-de-casanare-exigen-al-gobierno-encontrar-a-sus-desaparecidos-tras-23-anos-de-incertidumbre\/embed\/#?secret=xlxoWtAc04#?secret=Krq9GrjkHj\" width=\"600\" height=\"650\" frameborder=\"0\" marginwidth=\"0\" marginheight=\"0\" scrolling=\"no\" sandbox=\"allow-scripts\" data-secret=\"Krq9GrjkHj\" data-mce-fragment=\"1\"><\/iframe><\/p>\n<p><iframe loading=\"lazy\" class=\"wp-embedded-content\" title=\"\u00abSAYOP denunciada por negarse a negociar con los trabajadores\u00bb \u2014 \u25b7 Noticias de Casanare : Martha Cifuentes | Casanare\" src=\"https:\/\/marthacifuentes.com\/portada\/2024\/05\/28\/sayop-denunciada-por-negarse-a-negociar-con-los-trabajadores\/embed\/#?secret=1oFeJapeq9#?secret=KvIvGQ7y7T\" width=\"600\" height=\"621\" frameborder=\"0\" marginwidth=\"0\" marginheight=\"0\" scrolling=\"no\" sandbox=\"allow-scripts\" data-secret=\"KvIvGQ7y7T\" data-mce-fragment=\"1\"><\/iframe><\/p>\n<p><iframe loading=\"lazy\" class=\"wp-embedded-content\" title=\"\u00abA punta de cuchillo se cometi\u00f3 millonario hurto en la PBA de Morichal.\u00bb \u2014 \u25b7 Noticias de Casanare : Martha Cifuentes | Casanare\" src=\"https:\/\/marthacifuentes.com\/portada\/2024\/05\/28\/a-punta-de-cuchillo-se-cometio-millonario-hurto-en-la-pba-de-morichal\/embed\/#?secret=veca0Qbh4u#?secret=ClsahzjtPf\" width=\"600\" height=\"621\" frameborder=\"0\" marginwidth=\"0\" marginheight=\"0\" scrolling=\"no\" sandbox=\"allow-scripts\" data-secret=\"ClsahzjtPf\" data-mce-fragment=\"1\"><\/iframe><\/p>\n<p><iframe loading=\"lazy\" class=\"wp-embedded-content\" title=\"\u00abA la c\u00e1rcel presuntos j\u00edbaros. Vend\u00edan drogas en cercan\u00eda a colegios de Yopal.\u00bb \u2014 \u25b7 Noticias de Casanare : Martha Cifuentes | Casanare\" src=\"https:\/\/marthacifuentes.com\/portada\/2024\/05\/27\/a-la-carcel-presuntos-jibaros-vendian-drogas-en-cercania-a-colegios-de-yopal\/embed\/#?secret=KqREaCOUP1#?secret=SQLzfXyAy7\" width=\"600\" height=\"616\" frameborder=\"0\" marginwidth=\"0\" marginheight=\"0\" scrolling=\"no\" sandbox=\"allow-scripts\" data-secret=\"SQLzfXyAy7\" data-mce-fragment=\"1\"><\/iframe><\/p>\n<p><iframe loading=\"lazy\" class=\"wp-embedded-content\" title=\"\u00abDolor y verdad de v\u00edctimas y victimarios se entremezclan en audiencia de la JEP por \u00abfalsos positivos\u00bb en Casanare\u00bb \u2014 \u25b7 Noticias de Casanare : Martha Cifuentes | Casanare\" src=\"https:\/\/marthacifuentes.com\/portada\/2024\/05\/27\/dolor-y-verdad-de-victimas-y-victimarios-se-entremezclan-en-audiencia-de-la-jep-por-falsos-positivos-en-casanare\/embed\/#?secret=oQorbiurOZ#?secret=PwsQ6Rz92z\" width=\"600\" height=\"650\" frameborder=\"0\" marginwidth=\"0\" marginheight=\"0\" scrolling=\"no\" sandbox=\"allow-scripts\" data-secret=\"PwsQ6Rz92z\" data-mce-fragment=\"1\"><\/iframe><\/p>\n<p><iframe loading=\"lazy\" class=\"wp-embedded-content\" title=\"\u00abA la c\u00e1rcel alias \u201cEl Flaco\u201d por triple homicidio en Casanare. Ser\u00eda miembro de disidencias de las Farc\u00bb \u2014 \u25b7 Noticias de Casanare : Martha Cifuentes | Casanare\" src=\"https:\/\/marthacifuentes.com\/portada\/2024\/05\/26\/a-la-carcel-alias-el-flaco-por-triple-homicidio-en-casanare-seria-miembro-de-disidencias-de-las-farc\/embed\/#?secret=ecaQ6zO1nC#?secret=Nk3232JvP7\" width=\"600\" height=\"619\" frameborder=\"0\" marginwidth=\"0\" marginheight=\"0\" scrolling=\"no\" sandbox=\"allow-scripts\" data-secret=\"Nk3232JvP7\" data-mce-fragment=\"1\"><\/iframe><\/p>\n<p><iframe loading=\"lazy\" class=\"wp-embedded-content\" title=\"\u00abCl\u00ednica Casanare inaugurar\u00e1 \u00e1rea de hospitalizaci\u00f3n Premium\u00bb \u2014 \u25b7 Noticias de Casanare : Martha Cifuentes | Casanare\" src=\"https:\/\/marthacifuentes.com\/portada\/2024\/05\/26\/clinica-casanare-inaugurara-area-de-hospitalizacion-premium\/embed\/#?secret=YH1Nlm3Zcy#?secret=sf5D4CvqZp\" width=\"600\" height=\"620\" frameborder=\"0\" marginwidth=\"0\" marginheight=\"0\" scrolling=\"no\" sandbox=\"allow-scripts\" data-secret=\"sf5D4CvqZp\" data-mce-fragment=\"1\"><\/iframe><\/p>\n<p><iframe loading=\"lazy\" class=\"wp-embedded-content\" title=\"\u00abAgarr\u00f3n entre Cl\u00ednica Casanare y Capresoca por millonaria deuda llega a denuncia penal en la Fiscal\u00eda\u00bb \u2014 \u25b7 Noticias de Casanare : Martha Cifuentes | Casanare\" src=\"https:\/\/marthacifuentes.com\/portada\/2024\/05\/24\/agarron-entre-clinica-casanare-y-capresoca-por-millonaria-deuda-llega-a-denuncia-penal-en-la-fiscalia\/embed\/#?secret=JUiOxkiiJ0#?secret=FnAwpVcQTJ\" width=\"600\" height=\"621\" frameborder=\"0\" marginwidth=\"0\" marginheight=\"0\" scrolling=\"no\" sandbox=\"allow-scripts\" data-secret=\"FnAwpVcQTJ\" data-mce-fragment=\"1\"><\/iframe><\/p>\n<p><iframe loading=\"lazy\" class=\"wp-embedded-content\" title=\"\u00abMarco Tulio ech\u00f3 para atr\u00e1s demanda que imped\u00eda construcci\u00f3n de sede del Centro Social\u00bb \u2014 \u25b7 Noticias de Casanare : Martha Cifuentes | Casanare\" src=\"https:\/\/marthacifuentes.com\/portada\/2024\/05\/24\/marco-tulio-echo-para-atras-demanda-que-impedia-construccion-de-sede-del-centro-social\/embed\/#?secret=V6zZwaSvLK#?secret=8ElbytwAHX\" width=\"600\" height=\"538\" frameborder=\"0\" marginwidth=\"0\" marginheight=\"0\" scrolling=\"no\" sandbox=\"allow-scripts\" data-secret=\"8ElbytwAHX\" data-mce-fragment=\"1\"><\/iframe><\/p>\n<p><iframe loading=\"lazy\" class=\"wp-embedded-content\" title=\"\u00abEcopetrol tendr\u00e1 nuevas Ecoreservas en Casanare\u00bb \u2014 \u25b7 Noticias de Casanare : Martha Cifuentes | Casanare\" src=\"https:\/\/marthacifuentes.com\/portada\/2024\/05\/23\/ecopetrol-tendra-nuevas-ecoreservas-en-casanare\/embed\/#?secret=MFTyMkDOBJ#?secret=5SGEd1WMne\" width=\"600\" height=\"592\" frameborder=\"0\" marginwidth=\"0\" marginheight=\"0\" scrolling=\"no\" sandbox=\"allow-scripts\" data-secret=\"5SGEd1WMne\" data-mce-fragment=\"1\"><\/iframe><\/p>\n<p><iframe loading=\"lazy\" class=\"wp-embedded-content\" title=\"\u00abLa Ruta No Sancionatoria por falsos positivos llega a Casanare, para comparecientes de la JEP\u00bb \u2014 \u25b7 Noticias de Casanare : Martha Cifuentes | Casanare\" src=\"https:\/\/marthacifuentes.com\/portada\/2024\/05\/23\/la-ruta-no-sancionatoria-por-falsos-positivos-llega-a-casanare-para-comparecientes-de-la-jep\/embed\/#?secret=WBFulh9LD7#?secret=RcCXPZ7b17\" width=\"600\" height=\"621\" frameborder=\"0\" marginwidth=\"0\" marginheight=\"0\" scrolling=\"no\" sandbox=\"allow-scripts\" data-secret=\"RcCXPZ7b17\" data-mce-fragment=\"1\"><\/iframe><\/p>\n<p><iframe loading=\"lazy\" class=\"wp-embedded-content\" title=\"\u00abOrinoqu\u00eda: Tesoro de biodiversidad celebra avances en su plan de acci\u00f3n rumbo a la COP16\u00bb \u2014 \u25b7 Noticias de Casanare : Martha Cifuentes | Casanare\" src=\"https:\/\/marthacifuentes.com\/portada\/2024\/05\/22\/orinoquia-tesoro-de-biodiversidad-celebra-avances-en-su-plan-de-accion-rumbo-a-la-cop16\/embed\/#?secret=19v9MIUTun#?secret=EKwPwznz7L\" width=\"600\" height=\"586\" frameborder=\"0\" marginwidth=\"0\" marginheight=\"0\" scrolling=\"no\" sandbox=\"allow-scripts\" data-secret=\"EKwPwznz7L\" data-mce-fragment=\"1\"><\/iframe><\/p>\n<p><iframe loading=\"lazy\" class=\"wp-embedded-content\" title=\"\u00abAprobados en primer debate en el Concejo de Yopal proyectos de legalizaci\u00f3n de predios y apoyo a la fuerza p\u00fablica,\u00bb \u2014 \u25b7 Noticias de Casanare : Martha Cifuentes | Casanare\" src=\"https:\/\/marthacifuentes.com\/portada\/2024\/05\/22\/aprobados-en-primer-debate-en-el-concejo-de-yopal-proyectos-de-legalizacion-de-predios-y-apoyo-a-la-fuerza-publica\/embed\/#?secret=KARsn7l34E#?secret=TJFwDRkCRJ\" width=\"600\" height=\"650\" frameborder=\"0\" marginwidth=\"0\" marginheight=\"0\" scrolling=\"no\" sandbox=\"allow-scripts\" data-secret=\"TJFwDRkCRJ\" data-mce-fragment=\"1\"><\/iframe><\/p>\n<p><iframe loading=\"lazy\" class=\"wp-embedded-content\" title=\"\u00abCasanare: 20 ideas innovadoras para impulsar el agro, la agroindustria y el turismo\u00bb \u2014 \u25b7 Noticias de Casanare : Martha Cifuentes | Casanare\" src=\"https:\/\/marthacifuentes.com\/portada\/2024\/05\/22\/casanare-20-ideas-innovadoras-para-impulsar-el-agro-la-agroindustria-y-el-turismo\/embed\/#?secret=AsPpk4exir#?secret=0ho8e80IiP\" width=\"600\" height=\"621\" frameborder=\"0\" marginwidth=\"0\" marginheight=\"0\" scrolling=\"no\" sandbox=\"allow-scripts\" data-secret=\"0ho8e80IiP\" data-mce-fragment=\"1\"><\/iframe><\/p>\n<p><iframe loading=\"lazy\" class=\"wp-embedded-content\" title=\"\u00abEncuentro Regional de la Orinoquia sobre diversidad hoy en Yopal\u00bb \u2014 \u25b7 Noticias de Casanare : Martha Cifuentes | Casanare\" src=\"https:\/\/marthacifuentes.com\/portada\/2024\/05\/21\/encuentro-regional-de-la-orinoquia-sobre-diversidad-hoy-en-yopal\/embed\/#?secret=IiwRm4wOOH#?secret=wnjXTKhEBr\" width=\"600\" height=\"621\" frameborder=\"0\" marginwidth=\"0\" marginheight=\"0\" scrolling=\"no\" sandbox=\"allow-scripts\" data-secret=\"wnjXTKhEBr\" data-mce-fragment=\"1\"><\/iframe><\/p>\n<p><iframe loading=\"lazy\" class=\"wp-embedded-content\" title=\"\u00abYopal: 25 caballos retirados de la tracci\u00f3n animal ya tienen un nuevo hogar en adopci\u00f3n\u00bb \u2014 \u25b7 Noticias de Casanare : Martha Cifuentes | Casanare\" src=\"https:\/\/marthacifuentes.com\/portada\/2024\/05\/21\/yopal-25-caballos-retirados-de-la-traccion-animal-ya-tienen-un-nuevo-hogar-en-adopcion\/embed\/#?secret=mqYeLwgLgw#?secret=4brQGJeqZf\" width=\"600\" height=\"621\" frameborder=\"0\" marginwidth=\"0\" marginheight=\"0\" scrolling=\"no\" sandbox=\"allow-scripts\" data-secret=\"4brQGJeqZf\" data-mce-fragment=\"1\"><\/iframe><\/p>\n<p><iframe loading=\"lazy\" class=\"wp-embedded-content\" title=\"\u00abDengue en Casanare: 1.483 casos reportados, 3 fallecidos y 16 casos graves\u00bb \u2014 \u25b7 Noticias de Casanare : Martha Cifuentes | Casanare\" src=\"https:\/\/marthacifuentes.com\/portada\/2024\/05\/21\/dengue-en-casanare-1-483-casos-reportados-3-fallecidos-y-16-casos-graves\/embed\/#?secret=w2GoLkCt1G#?secret=RffHGXv6lr\" width=\"600\" height=\"600\" frameborder=\"0\" marginwidth=\"0\" marginheight=\"0\" scrolling=\"no\" sandbox=\"allow-scripts\" data-secret=\"RffHGXv6lr\" data-mce-fragment=\"1\"><\/iframe><\/p>\n<p><iframe loading=\"lazy\" class=\"wp-embedded-content\" title=\"\u00abCapresoca EPS rindi\u00f3 cuentas de la vigencia 2023\u00bb \u2014 \u25b7 Noticias de Casanare : Martha Cifuentes | Casanare\" src=\"https:\/\/marthacifuentes.com\/portada\/2024\/05\/20\/capresoca-eps-rindio-cuentas-de-la-vigencia-2023\/embed\/#?secret=2XR0N1nG79#?secret=jHD1yInIhY\" width=\"600\" height=\"592\" frameborder=\"0\" marginwidth=\"0\" marginheight=\"0\" scrolling=\"no\" sandbox=\"allow-scripts\" data-secret=\"jHD1yInIhY\" data-mce-fragment=\"1\"><\/iframe><\/p>\n<p><iframe loading=\"lazy\" class=\"wp-embedded-content\" title=\"\u00abFrigor\u00edfico Frontino en Yopal: Nuevo rev\u00e9s judicial pone en jaque millonaria inversi\u00f3n y apoyo de Zorro\u00bb \u2014 \u25b7 Noticias de Casanare : Martha Cifuentes | Casanare\" src=\"https:\/\/marthacifuentes.com\/portada\/2024\/05\/20\/frigorifico-frontino-en-yopal-nuevo-reves-judicial-pone-en-jaque-millonaria-inversion-y-apoyo-de-zorro\/embed\/#?secret=wvz174F4cx#?secret=rdZWVNP4CF\" width=\"600\" height=\"621\" frameborder=\"0\" marginwidth=\"0\" marginheight=\"0\" scrolling=\"no\" sandbox=\"allow-scripts\" data-secret=\"rdZWVNP4CF\" data-mce-fragment=\"1\"><\/iframe><\/p>\n","protected":false},"excerpt":{"rendered":"<p>El hombre, identificado como John Jairo Caro Luengas, hab\u00eda sido herido con arma cortopunzante en una ri\u00f1a previa y se encontraba recibiendo atenci\u00f3n m\u00e9dica tras ser trasladado de urgencia minutos antes. Aunque su destino parec\u00eda sellado cuando sus agresores irrumpieron en el centro asistencial, sembrando el terror en el personal m\u00e9dico y asistencial. &nbsp; Asunto &hellip;<\/p>\n","protected":false},"author":2,"featured_media":33278,"comment_status":"open","ping_status":"open","sticky":false,"template":"","format":"standard","meta":{"om_disable_all_campaigns":false,"_exactmetrics_skip_tracking":false,"_exactmetrics_sitenote_active":false,"_exactmetrics_sitenote_note":"","_exactmetrics_sitenote_category":0,"_monsterinsights_skip_tracking":false,"_monsterinsights_sitenote_active":false,"_monsterinsights_sitenote_note":"","_monsterinsights_sitenote_category":0,"_uf_show_specific_survey":0,"_uf_disable_surveys":false,"_joinchat":[],"footnotes":""},"categories":[147,146,145],"tags":[10097,10100,10099,1400,5274,1421,1834,10098,201],"class_list":["post-33277","post","type-post","status-publish","format-standard","has-post-thumbnail","hentry","category-actualidad","category-noticias","category-reportajes","tag-inseguridad-mani","tag-intolerancia-mani","tag-mision-medica-atacada-mani","tag-noticias-casanare","tag-noticias-mani","tag-noticias-yopal","tag-red-salud-casanare","tag-rina-mani","tag-salud"],"yoast_head":"<!-- This site is optimized with the Yoast SEO plugin v26.1 - https:\/\/yoast.com\/wordpress\/plugins\/seo\/ -->\n<title>Terror en puesto de salud de Man\u00ed: Seis sujetos armados quer\u00edan rematar a un paciente. - \u25b7 Noticias de Casanare : Martha Cifuentes | Casanare<\/title>\n<meta name=\"robots\" content=\"index, follow, max-snippet:-1, max-image-preview:large, max-video-preview:-1\" \/>\n<link rel=\"canonical\" href=\"https:\/\/marthacifuentes.com\/portada\/terror-en-puesto-de-salud-de-mani-seis-sujetos-armados-querian-rematar-a-un-paciente\/\" \/>\n<meta property=\"og:locale\" content=\"es_ES\" \/>\n<meta property=\"og:type\" content=\"article\" \/>\n<meta property=\"og:title\" content=\"Terror en puesto de salud de Man\u00ed: Seis sujetos armados quer\u00edan rematar a un paciente. - \u25b7 Noticias de Casanare : Martha Cifuentes | Casanare\" \/>\n<meta property=\"og:description\" content=\"El hombre, identificado como John Jairo Caro Luengas, hab\u00eda sido herido con arma cortopunzante en una ri\u00f1a previa y se encontraba recibiendo atenci\u00f3n m\u00e9dica tras ser trasladado de urgencia minutos antes. Aunque su destino parec\u00eda sellado cuando sus agresores irrumpieron en el centro asistencial, sembrando el terror en el personal m\u00e9dico y asistencial. &nbsp; Asunto &hellip;\" \/>\n<meta property=\"og:url\" content=\"https:\/\/marthacifuentes.com\/portada\/terror-en-puesto-de-salud-de-mani-seis-sujetos-armados-querian-rematar-a-un-paciente\/\" \/>\n<meta property=\"og:site_name\" content=\"\u25b7 Noticias de Casanare : Martha Cifuentes | Casanare\" \/>\n<meta property=\"article:published_time\" content=\"2024-06-04T13:17:53+00:00\" \/>\n<meta property=\"article:modified_time\" content=\"2024-06-04T13:38:14+00:00\" \/>\n<meta property=\"og:image\" content=\"https:\/\/marthacifuentes.com\/portada\/wp-content\/uploads\/2024\/06\/centro-de-salud-de-mani.jpg\" \/>\n\t<meta property=\"og:image:width\" content=\"581\" \/>\n\t<meta property=\"og:image:height\" content=\"581\" \/>\n\t<meta property=\"og:image:type\" content=\"image\/jpeg\" \/>\n<meta name=\"author\" content=\"Martha Cifuentes\" \/>\n<meta name=\"twitter:card\" content=\"summary_large_image\" \/>\n<meta name=\"twitter:label1\" content=\"Escrito por\" \/>\n\t<meta name=\"twitter:data1\" content=\"Martha Cifuentes\" \/>\n\t<meta name=\"twitter:label2\" content=\"Tiempo de lectura\" \/>\n\t<meta name=\"twitter:data2\" content=\"2 minutos\" \/>\n<script type=\"application\/ld+json\" class=\"yoast-schema-graph\">{\"@context\":\"https:\/\/schema.org\",\"@graph\":[{\"@type\":\"WebPage\",\"@id\":\"https:\/\/marthacifuentes.com\/portada\/terror-en-puesto-de-salud-de-mani-seis-sujetos-armados-querian-rematar-a-un-paciente\/\",\"url\":\"https:\/\/marthacifuentes.com\/portada\/terror-en-puesto-de-salud-de-mani-seis-sujetos-armados-querian-rematar-a-un-paciente\/\",\"name\":\"Terror en puesto de salud de Man\u00ed: Seis sujetos armados quer\u00edan rematar a un paciente. - \u25b7 Noticias de Casanare : Martha Cifuentes | Casanare\",\"isPartOf\":{\"@id\":\"https:\/\/marthacifuentes.com\/portada\/#website\"},\"primaryImageOfPage\":{\"@id\":\"https:\/\/marthacifuentes.com\/portada\/terror-en-puesto-de-salud-de-mani-seis-sujetos-armados-querian-rematar-a-un-paciente\/#primaryimage\"},\"image\":{\"@id\":\"https:\/\/marthacifuentes.com\/portada\/terror-en-puesto-de-salud-de-mani-seis-sujetos-armados-querian-rematar-a-un-paciente\/#primaryimage\"},\"thumbnailUrl\":\"https:\/\/marthacifuentes.com\/portada\/wp-content\/uploads\/2024\/06\/centro-de-salud-de-mani.jpg\",\"datePublished\":\"2024-06-04T13:17:53+00:00\",\"dateModified\":\"2024-06-04T13:38:14+00:00\",\"author\":{\"@id\":\"https:\/\/marthacifuentes.com\/portada\/#\/schema\/person\/57f53174b991db5f90ff78d58502b714\"},\"breadcrumb\":{\"@id\":\"https:\/\/marthacifuentes.com\/portada\/terror-en-puesto-de-salud-de-mani-seis-sujetos-armados-querian-rematar-a-un-paciente\/#breadcrumb\"},\"inLanguage\":\"es\",\"potentialAction\":[{\"@type\":\"ReadAction\",\"target\":[\"https:\/\/marthacifuentes.com\/portada\/terror-en-puesto-de-salud-de-mani-seis-sujetos-armados-querian-rematar-a-un-paciente\/\"]}]},{\"@type\":\"ImageObject\",\"inLanguage\":\"es\",\"@id\":\"https:\/\/marthacifuentes.com\/portada\/terror-en-puesto-de-salud-de-mani-seis-sujetos-armados-querian-rematar-a-un-paciente\/#primaryimage\",\"url\":\"https:\/\/marthacifuentes.com\/portada\/wp-content\/uploads\/2024\/06\/centro-de-salud-de-mani.jpg\",\"contentUrl\":\"https:\/\/marthacifuentes.com\/portada\/wp-content\/uploads\/2024\/06\/centro-de-salud-de-mani.jpg\",\"width\":581,\"height\":581},{\"@type\":\"BreadcrumbList\",\"@id\":\"https:\/\/marthacifuentes.com\/portada\/terror-en-puesto-de-salud-de-mani-seis-sujetos-armados-querian-rematar-a-un-paciente\/#breadcrumb\",\"itemListElement\":[{\"@type\":\"ListItem\",\"position\":1,\"name\":\"Portada\",\"item\":\"https:\/\/marthacifuentes.com\/portada\/\"},{\"@type\":\"ListItem\",\"position\":2,\"name\":\"Terror en puesto de salud de Man\u00ed: Seis sujetos armados quer\u00edan rematar a un paciente.\"}]},{\"@type\":\"WebSite\",\"@id\":\"https:\/\/marthacifuentes.com\/portada\/#website\",\"url\":\"https:\/\/marthacifuentes.com\/portada\/\",\"name\":\"\u25b7 Noticias de Casanare : Martha Cifuentes | Casanare\",\"description\":\"Noticias &amp; Contenidos\",\"potentialAction\":[{\"@type\":\"SearchAction\",\"target\":{\"@type\":\"EntryPoint\",\"urlTemplate\":\"https:\/\/marthacifuentes.com\/portada\/?s={search_term_string}\"},\"query-input\":{\"@type\":\"PropertyValueSpecification\",\"valueRequired\":true,\"valueName\":\"search_term_string\"}}],\"inLanguage\":\"es\"},{\"@type\":\"Person\",\"@id\":\"https:\/\/marthacifuentes.com\/portada\/#\/schema\/person\/57f53174b991db5f90ff78d58502b714\",\"name\":\"Martha Cifuentes\",\"image\":{\"@type\":\"ImageObject\",\"inLanguage\":\"es\",\"@id\":\"https:\/\/marthacifuentes.com\/portada\/#\/schema\/person\/image\/\",\"url\":\"http:\/\/marthacifuentes.com\/portada\/wp-content\/uploads\/2018\/06\/avatar_user_2_1528838701-96x96.jpg\",\"contentUrl\":\"http:\/\/marthacifuentes.com\/portada\/wp-content\/uploads\/2018\/06\/avatar_user_2_1528838701-96x96.jpg\",\"caption\":\"Martha Cifuentes\"},\"sameAs\":[\"http:\/\/www.marthacifuentes.com\"],\"url\":\"https:\/\/marthacifuentes.com\/portada\/author\/martha\/\"}]}<\/script>\n<!-- \/ Yoast SEO plugin. -->","yoast_head_json":{"title":"Terror en puesto de salud de Man\u00ed: Seis sujetos armados quer\u00edan rematar a un paciente. - \u25b7 Noticias de Casanare : Martha Cifuentes | Casanare","robots":{"index":"index","follow":"follow","max-snippet":"max-snippet:-1","max-image-preview":"max-image-preview:large","max-video-preview":"max-video-preview:-1"},"canonical":"https:\/\/marthacifuentes.com\/portada\/terror-en-puesto-de-salud-de-mani-seis-sujetos-armados-querian-rematar-a-un-paciente\/","og_locale":"es_ES","og_type":"article","og_title":"Terror en puesto de salud de Man\u00ed: Seis sujetos armados quer\u00edan rematar a un paciente. - \u25b7 Noticias de Casanare : Martha Cifuentes | Casanare","og_description":"El hombre, identificado como John Jairo Caro Luengas, hab\u00eda sido herido con arma cortopunzante en una ri\u00f1a previa y se encontraba recibiendo atenci\u00f3n m\u00e9dica tras ser trasladado de urgencia minutos antes. Aunque su destino parec\u00eda sellado cuando sus agresores irrumpieron en el centro asistencial, sembrando el terror en el personal m\u00e9dico y asistencial. &nbsp; Asunto &hellip;","og_url":"https:\/\/marthacifuentes.com\/portada\/terror-en-puesto-de-salud-de-mani-seis-sujetos-armados-querian-rematar-a-un-paciente\/","og_site_name":"\u25b7 Noticias de Casanare : Martha Cifuentes | Casanare","article_published_time":"2024-06-04T13:17:53+00:00","article_modified_time":"2024-06-04T13:38:14+00:00","og_image":[{"width":581,"height":581,"url":"https:\/\/marthacifuentes.com\/portada\/wp-content\/uploads\/2024\/06\/centro-de-salud-de-mani.jpg","type":"image\/jpeg"}],"author":"Martha Cifuentes","twitter_card":"summary_large_image","twitter_misc":{"Escrito por":"Martha Cifuentes","Tiempo de lectura":"2 minutos"},"schema":{"@context":"https:\/\/schema.org","@graph":[{"@type":"WebPage","@id":"https:\/\/marthacifuentes.com\/portada\/terror-en-puesto-de-salud-de-mani-seis-sujetos-armados-querian-rematar-a-un-paciente\/","url":"https:\/\/marthacifuentes.com\/portada\/terror-en-puesto-de-salud-de-mani-seis-sujetos-armados-querian-rematar-a-un-paciente\/","name":"Terror en puesto de salud de Man\u00ed: Seis sujetos armados quer\u00edan rematar a un paciente. - \u25b7 Noticias de Casanare : Martha Cifuentes | Casanare","isPartOf":{"@id":"https:\/\/marthacifuentes.com\/portada\/#website"},"primaryImageOfPage":{"@id":"https:\/\/marthacifuentes.com\/portada\/terror-en-puesto-de-salud-de-mani-seis-sujetos-armados-querian-rematar-a-un-paciente\/#primaryimage"},"image":{"@id":"https:\/\/marthacifuentes.com\/portada\/terror-en-puesto-de-salud-de-mani-seis-sujetos-armados-querian-rematar-a-un-paciente\/#primaryimage"},"thumbnailUrl":"https:\/\/marthacifuentes.com\/portada\/wp-content\/uploads\/2024\/06\/centro-de-salud-de-mani.jpg","datePublished":"2024-06-04T13:17:53+00:00","dateModified":"2024-06-04T13:38:14+00:00","author":{"@id":"https:\/\/marthacifuentes.com\/portada\/#\/schema\/person\/57f53174b991db5f90ff78d58502b714"},"breadcrumb":{"@id":"https:\/\/marthacifuentes.com\/portada\/terror-en-puesto-de-salud-de-mani-seis-sujetos-armados-querian-rematar-a-un-paciente\/#breadcrumb"},"inLanguage":"es","potentialAction":[{"@type":"ReadAction","target":["https:\/\/marthacifuentes.com\/portada\/terror-en-puesto-de-salud-de-mani-seis-sujetos-armados-querian-rematar-a-un-paciente\/"]}]},{"@type":"ImageObject","inLanguage":"es","@id":"https:\/\/marthacifuentes.com\/portada\/terror-en-puesto-de-salud-de-mani-seis-sujetos-armados-querian-rematar-a-un-paciente\/#primaryimage","url":"https:\/\/marthacifuentes.com\/portada\/wp-content\/uploads\/2024\/06\/centro-de-salud-de-mani.jpg","contentUrl":"https:\/\/marthacifuentes.com\/portada\/wp-content\/uploads\/2024\/06\/centro-de-salud-de-mani.jpg","width":581,"height":581},{"@type":"BreadcrumbList","@id":"https:\/\/marthacifuentes.com\/portada\/terror-en-puesto-de-salud-de-mani-seis-sujetos-armados-querian-rematar-a-un-paciente\/#breadcrumb","itemListElement":[{"@type":"ListItem","position":1,"name":"Portada","item":"https:\/\/marthacifuentes.com\/portada\/"},{"@type":"ListItem","position":2,"name":"Terror en puesto de salud de Man\u00ed: Seis sujetos armados quer\u00edan rematar a un paciente."}]},{"@type":"WebSite","@id":"https:\/\/marthacifuentes.com\/portada\/#website","url":"https:\/\/marthacifuentes.com\/portada\/","name":"\u25b7 Noticias de Casanare : Martha Cifuentes | Casanare","description":"Noticias &amp; Contenidos","potentialAction":[{"@type":"SearchAction","target":{"@type":"EntryPoint","urlTemplate":"https:\/\/marthacifuentes.com\/portada\/?s={search_term_string}"},"query-input":{"@type":"PropertyValueSpecification","valueRequired":true,"valueName":"search_term_string"}}],"inLanguage":"es"},{"@type":"Person","@id":"https:\/\/marthacifuentes.com\/portada\/#\/schema\/person\/57f53174b991db5f90ff78d58502b714","name":"Martha Cifuentes","image":{"@type":"ImageObject","inLanguage":"es","@id":"https:\/\/marthacifuentes.com\/portada\/#\/schema\/person\/image\/","url":"http:\/\/marthacifuentes.com\/portada\/wp-content\/uploads\/2018\/06\/avatar_user_2_1528838701-96x96.jpg","contentUrl":"http:\/\/marthacifuentes.com\/portada\/wp-content\/uploads\/2018\/06\/avatar_user_2_1528838701-96x96.jpg","caption":"Martha Cifuentes"},"sameAs":["http:\/\/www.marthacifuentes.com"],"url":"https:\/\/marthacifuentes.com\/portada\/author\/martha\/"}]}},"_links":{"self":[{"href":"https:\/\/marthacifuentes.com\/portada\/wp-json\/wp\/v2\/posts\/33277","targetHints":{"allow":["GET"]}}],"collection":[{"href":"https:\/\/marthacifuentes.com\/portada\/wp-json\/wp\/v2\/posts"}],"about":[{"href":"https:\/\/marthacifuentes.com\/portada\/wp-json\/wp\/v2\/types\/post"}],"author":[{"embeddable":true,"href":"https:\/\/marthacifuentes.com\/portada\/wp-json\/wp\/v2\/users\/2"}],"replies":[{"embeddable":true,"href":"https:\/\/marthacifuentes.com\/portada\/wp-json\/wp\/v2\/comments?post=33277"}],"version-history":[{"count":1,"href":"https:\/\/marthacifuentes.com\/portada\/wp-json\/wp\/v2\/posts\/33277\/revisions"}],"predecessor-version":[{"id":33281,"href":"https:\/\/marthacifuentes.com\/portada\/wp-json\/wp\/v2\/posts\/33277\/revisions\/33281"}],"wp:featuredmedia":[{"embeddable":true,"href":"https:\/\/marthacifuentes.com\/portada\/wp-json\/wp\/v2\/media\/33278"}],"wp:attachment":[{"href":"https:\/\/marthacifuentes.com\/portada\/wp-json\/wp\/v2\/media?parent=33277"}],"wp:term":[{"taxonomy":"category","embeddable":true,"href":"https:\/\/marthacifuentes.com\/portada\/wp-json\/wp\/v2\/categories?post=33277"},{"taxonomy":"post_tag","embeddable":true,"href":"https:\/\/marthacifuentes.com\/portada\/wp-json\/wp\/v2\/tags?post=33277"}],"curies":[{"name":"wp","href":"https:\/\/api.w.org\/{rel}","templated":true}]}}