{"id":33357,"date":"2024-06-07T08:31:18","date_gmt":"2024-06-07T13:31:18","guid":{"rendered":"https:\/\/marthacifuentes.com\/portada\/?p=33357"},"modified":"2024-06-07T08:31:18","modified_gmt":"2024-06-07T13:31:18","slug":"combates-entre-ejercito-y-disidencias-de-las-farc-en-limites-entre-sacama-y-la-salina-se-busca-a-alias-antonio-medina","status":"publish","type":"post","link":"https:\/\/marthacifuentes.com\/portada\/combates-entre-ejercito-y-disidencias-de-las-farc-en-limites-entre-sacama-y-la-salina-se-busca-a-alias-antonio-medina\/","title":{"rendered":"Combates entre Ej\u00e9rcito y disidencias de las Farc en l\u00edmites entre S\u00e1cama y La Salina. Se busca a alias \u2018Antonio Medina\u2019."},"content":{"rendered":"<p>Este jueves 6 de junio, el \u00e1rea lim\u00edtrofe entre los municipios de S\u00e1cama y T\u00e1mara en Casanare fue escenario de combates entre el Ej\u00e9rcito y el Frente 28 de las Disidencias de las Farc, comandado por Omar Pardo Galeano, alias \u2018Antonio Medina\u2019. Las autoridades no han reportado sobre heridos o capturados.<\/p>\n<p>Estos enfrentamientos se producen unas horas despu\u00e9s de que se realizara un Consejo de Seguridad Regional en Yopal con presencia del ministro de Defensa Iv\u00e1n Vel\u00e1squez, altos mandos del Ej\u00e9rcito, la Polic\u00eda, Fuerza A\u00e9rea, los gobernadores de Casanare, Boyac\u00e1 y Arauca, alcaldes y diputados, entre otros.<\/p>\n<p>Para las autoridades militares y policiales uno de los objetivos estrat\u00e9gicos es capturar al cabecilla de las disidencias de las Farc, \u2018Antonio Medina\u2019 quien a trav\u00e9s de su accionar terrorista ha afectado a la poblaci\u00f3n de Casanare, Boyac\u00e1 y Arauca.<\/p>\n<p>A este grupo armado se le atribuyen diversos hechos delictivos como la quema de buses de transporte p\u00fablico, extorsiones y cobros ilegales a empresarios, ganaderos y comerciantes en estos departamentos.<\/p>\n<p>Del Consejo de Seguridad se desprendieron unos compromisos:<\/p>\n<ul>\n<li>El aumento del pie de fuerza y los veh\u00edculos de la Polic\u00eda Nacional en municipios priorizados. Para Casanare se dispondr\u00eda de 30 nuevos uniformados.<\/li>\n<li>El fortalecimiento de los Gaulas, tanto militar como de polic\u00eda, y la puesta en marcha de la \u2018Operaci\u00f3n Domin\u00f3\u2019 con el INPEC, para hacerle frente a la extorsi\u00f3n. Esto implica el traslado permanente de presos que contin\u00faan delinquiendo desde las c\u00e1rceles.<\/li>\n<li>El incremento de las operaciones militares en la zona norte de Boyac\u00e1,<\/li>\n<li>La Unidad Nacional de Protecci\u00f3n priorizar\u00e1 las peticiones de los alcaldes y alcaldesas en riesgo para reforzar las medidas de protecci\u00f3n.<\/li>\n<li>Fortalecimiento de los servicios de inteligencia y tecnolog\u00eda para contrarrestar el crimen.<\/li>\n<\/ul>\n<h2 data-sourcepos=\"9:1-9:416\"><strong>Otras noticias\u2026<\/strong><\/h2>\n<blockquote class=\"wp-embedded-content\" data-secret=\"vNMmPaNFSq\"><p><a href=\"https:\/\/marthacifuentes.com\/portada\/2024\/06\/06\/por-que-el-consejo-de-estado-le-nego-la-perdida-de-investidura-al-parlamentario-hugo-archila\/\">\u00bfPor qu\u00e9 el Consejo de Estado le neg\u00f3 la p\u00e9rdida de investidura al parlamentario Hugo Archila?<\/a><\/p><\/blockquote>\n<p><iframe loading=\"lazy\" class=\"wp-embedded-content\" sandbox=\"allow-scripts\" security=\"restricted\" style=\"position: absolute; clip: rect(1px, 1px, 1px, 1px);\" title=\"\u00ab\u00bfPor qu\u00e9 el Consejo de Estado le neg\u00f3 la p\u00e9rdida de investidura al parlamentario Hugo Archila?\u00bb \u2014 \u25b7 Noticias de Casanare : Martha Cifuentes | Casanare\" src=\"https:\/\/marthacifuentes.com\/portada\/2024\/06\/06\/por-que-el-consejo-de-estado-le-nego-la-perdida-de-investidura-al-parlamentario-hugo-archila\/embed\/#?secret=lFLMdyZOfD#?secret=vNMmPaNFSq\" data-secret=\"vNMmPaNFSq\" width=\"500\" height=\"282\" frameborder=\"0\" marginwidth=\"0\" marginheight=\"0\" scrolling=\"no\"><\/iframe><\/p>\n<p><iframe loading=\"lazy\" class=\"wp-embedded-content\" title=\"\u00ab$15 mil millones se pierde al d\u00eda por cierres viales entre Casanare y Boyac\u00e1: Zorro\u00bb \u2014 \u25b7 Noticias de Casanare : Martha Cifuentes | Casanare\" src=\"https:\/\/marthacifuentes.com\/portada\/2024\/06\/06\/15-mil-millones-se-pierde-al-dia-por-cierres-viales-entre-casanare-y-boyaca-zorro\/embed\/#?secret=v3cnu2jUSO#?secret=zkyase0K0b\" width=\"600\" height=\"621\" frameborder=\"0\" marginwidth=\"0\" marginheight=\"0\" scrolling=\"no\" sandbox=\"allow-scripts\" data-secret=\"zkyase0K0b\" data-mce-fragment=\"1\"><\/iframe><\/p>\n<p><iframe loading=\"lazy\" class=\"wp-embedded-content\" title=\"\u00abAeropuerto El Alcarav\u00e1n de Yopal a poco de ser Internacional. Aprobado en la C\u00e1mara en \u00faltimo debate\u00bb \u2014 \u25b7 Noticias de Casanare : Martha Cifuentes | Casanare\" src=\"https:\/\/marthacifuentes.com\/portada\/2024\/06\/06\/aeropuerto-el-alcaravan-de-yopal-a-poco-de-ser-internacional-aprobado-en-la-camara-en-ultimo-debate\/embed\/#?secret=lTke94QXXW#?secret=39vtiU58bJ\" width=\"600\" height=\"650\" frameborder=\"0\" marginwidth=\"0\" marginheight=\"0\" scrolling=\"no\" sandbox=\"allow-scripts\" data-secret=\"39vtiU58bJ\" data-mce-fragment=\"1\"><\/iframe><\/p>\n<p><iframe loading=\"lazy\" class=\"wp-embedded-content\" title=\"\u00ab32 a\u00f1os de prisi\u00f3n para feminicida de Yolennis Jim\u00e9nez en Yopal\u00bb \u2014 \u25b7 Noticias de Casanare : Martha Cifuentes | Casanare\" src=\"https:\/\/marthacifuentes.com\/portada\/2024\/06\/06\/32-anos-de-prision-para-feminicida-de-yolennis-jimenez-en-yopal\/embed\/#?secret=jucmHOudb1#?secret=USXi5KQmV3\" width=\"600\" height=\"600\" frameborder=\"0\" marginwidth=\"0\" marginheight=\"0\" scrolling=\"no\" sandbox=\"allow-scripts\" data-secret=\"USXi5KQmV3\" data-mce-fragment=\"1\"><\/iframe><\/p>\n<p><iframe loading=\"lazy\" class=\"wp-embedded-content\" title=\"\u00abAsesinado l\u00edder social de EL Morro, Yopal. Estaba amenazado\u00bb \u2014 \u25b7 Noticias de Casanare : Martha Cifuentes | Casanare\" src=\"https:\/\/marthacifuentes.com\/portada\/2024\/06\/06\/asesinado-lider-social-de-el-morro-yopal-estaba-amenazado\/embed\/#?secret=Maco9sOkMO#?secret=CSDXpkkJaq\" width=\"600\" height=\"621\" frameborder=\"0\" marginwidth=\"0\" marginheight=\"0\" scrolling=\"no\" sandbox=\"allow-scripts\" data-secret=\"CSDXpkkJaq\" data-mce-fragment=\"1\"><\/iframe><\/p>\n<p><iframe loading=\"lazy\" class=\"wp-embedded-content\" title=\"\u00abTribunal anul\u00f3 lo actuado en demandas contra elecci\u00f3n del alcalde de Yopal Marco Tulio Ruiz\u00bb \u2014 \u25b7 Noticias de Casanare : Martha Cifuentes | Casanare\" src=\"https:\/\/marthacifuentes.com\/portada\/2024\/06\/06\/tribunal-anulo-lo-actuado-en-demandas-contra-eleccion-del-alcalde-de-yopal-marco-tulio-ruiz\/embed\/#?secret=aEYc9u49Ui#?secret=R0eappmIx6\" width=\"600\" height=\"621\" frameborder=\"0\" marginwidth=\"0\" marginheight=\"0\" scrolling=\"no\" sandbox=\"allow-scripts\" data-secret=\"R0eappmIx6\" data-mce-fragment=\"1\"><\/iframe><\/p>\n<p><iframe loading=\"lazy\" class=\"wp-embedded-content\" title=\"\u00ab\u00bfError contable o maquillaje de cifras? Capresoca qued\u00f3 fuera del top 5 de EPS con reservas t\u00e9cnicas\u00bb \u2014 \u25b7 Noticias de Casanare : Martha Cifuentes | Casanare\" src=\"https:\/\/marthacifuentes.com\/portada\/2024\/06\/05\/error-contable-o-maquillaje-de-cifras-capresoca-quedo-fuera-del-top-5-de-eps-con-reservas-tecnicas\/embed\/#?secret=RHc0UujLzN#?secret=xDQDCET2mK\" width=\"600\" height=\"600\" frameborder=\"0\" marginwidth=\"0\" marginheight=\"0\" scrolling=\"no\" sandbox=\"allow-scripts\" data-secret=\"xDQDCET2mK\" data-mce-fragment=\"1\"><\/iframe><\/p>\n<p><iframe loading=\"lazy\" class=\"wp-embedded-content\" title=\"\u00abMan\u00ed violento: un venezolano muerto y un herido deja ataque a bala en un bar\u00bb \u2014 \u25b7 Noticias de Casanare : Martha Cifuentes | Casanare\" src=\"https:\/\/marthacifuentes.com\/portada\/2024\/06\/05\/mani-violento-un-venezolano-muerto-y-un-herido-deja-ataque-a-bala-en-un-bar\/embed\/#?secret=J21Spez9RP#?secret=F7bEhamram\" width=\"600\" height=\"600\" frameborder=\"0\" marginwidth=\"0\" marginheight=\"0\" scrolling=\"no\" sandbox=\"allow-scripts\" data-secret=\"F7bEhamram\" data-mce-fragment=\"1\"><\/iframe><\/p>\n<p><iframe loading=\"lazy\" class=\"wp-embedded-content\" title=\"\u00abRepresentante a la C\u00e1mara de Casanare gestiona proyecto que beneficia a t\u00eda: \u00bfHay conflicto de intereses?\u00bb \u2014 \u25b7 Noticias de Casanare : Martha Cifuentes | Casanare\" src=\"https:\/\/marthacifuentes.com\/portada\/2024\/06\/04\/representante-a-la-camara-de-casanare-gestiona-proyecto-que-beneficia-a-tia-hay-conflicto-de-intereses\/embed\/#?secret=nBGm1YE0Ne#?secret=a1dFcJ0uPJ\" width=\"600\" height=\"650\" frameborder=\"0\" marginwidth=\"0\" marginheight=\"0\" scrolling=\"no\" sandbox=\"allow-scripts\" data-secret=\"a1dFcJ0uPJ\" data-mce-fragment=\"1\"><\/iframe><\/p>\n<p><iframe loading=\"lazy\" class=\"wp-embedded-content\" title=\"\u00abMujeres buscadoras de sus desaparecidos en Casanare no desfallecen.\u00bb \u2014 \u25b7 Noticias de Casanare : Martha Cifuentes | Casanare\" src=\"https:\/\/marthacifuentes.com\/portada\/2024\/06\/04\/mujeres-buscadoras-de-sus-desaparecidos-en-casanare-no-desfallecen\/embed\/#?secret=GaWCQuZLmt#?secret=BkVhYvUE25\" width=\"600\" height=\"559\" frameborder=\"0\" marginwidth=\"0\" marginheight=\"0\" scrolling=\"no\" sandbox=\"allow-scripts\" data-secret=\"BkVhYvUE25\" data-mce-fragment=\"1\"><\/iframe><\/p>\n<p>&nbsp;<\/p>\n<p><iframe loading=\"lazy\" class=\"wp-embedded-content\" title=\"\u00abTerror en puesto de salud de Man\u00ed: Seis sujetos armados quer\u00edan rematar a un paciente.\u00bb \u2014 \u25b7 Noticias de Casanare : Martha Cifuentes | Casanare\" src=\"https:\/\/marthacifuentes.com\/portada\/2024\/06\/04\/terror-en-puesto-de-salud-de-mani-seis-sujetos-armados-querian-rematar-a-un-paciente\/embed\/#?secret=dRurjUtg46#?secret=9LajO1DNCM\" width=\"600\" height=\"621\" frameborder=\"0\" marginwidth=\"0\" marginheight=\"0\" scrolling=\"no\" sandbox=\"allow-scripts\" data-secret=\"9LajO1DNCM\" data-mce-fragment=\"1\"><\/iframe><\/p>\n<p><iframe loading=\"lazy\" class=\"wp-embedded-content\" title=\"\u00abMasacre de polic\u00edas sin olvido en Paz de Ariporo: Alias Lanza, presunto responsable, capturado 22 a\u00f1os despu\u00e9s.\u00bb \u2014 \u25b7 Noticias de Casanare : Martha Cifuentes | Casanare\" src=\"https:\/\/marthacifuentes.com\/portada\/2024\/06\/04\/masacre-de-policias-sin-olvido-en-paz-de-ariporo-alias-lanza-presunto-responsable-capturado-22-anos-despues\/embed\/#?secret=zF9QBkUvXg#?secret=ODa6twsCtR\" width=\"600\" height=\"629\" frameborder=\"0\" marginwidth=\"0\" marginheight=\"0\" scrolling=\"no\" sandbox=\"allow-scripts\" data-secret=\"ODa6twsCtR\" data-mce-fragment=\"1\"><\/iframe><\/p>\n<p><iframe loading=\"lazy\" class=\"wp-embedded-content\" title=\"\u00abCasanare y petroleras, vuelven a coquetear. Se busca futuro energ\u00e9tico sostenible.\u00bb \u2014 \u25b7 Noticias de Casanare : Martha Cifuentes | Casanare\" src=\"https:\/\/marthacifuentes.com\/portada\/2024\/05\/31\/casanare-y-petroleras-vuelven-a-coquetear-se-busca-futuro-energetico-sostenible\/embed\/#?secret=BV5pA3RGUC#?secret=6JFLUD4Uhy\" width=\"600\" height=\"621\" frameborder=\"0\" marginwidth=\"0\" marginheight=\"0\" scrolling=\"no\" sandbox=\"allow-scripts\" data-secret=\"6JFLUD4Uhy\" data-mce-fragment=\"1\"><\/iframe><\/p>\n<p><iframe loading=\"lazy\" class=\"wp-embedded-content\" title=\"\u00abCapresoca logr\u00f3 que Fundaci\u00f3n Cardiovascular de Colombia aceptara paciente beb\u00e9, previo pago anticipado\u00bb \u2014 \u25b7 Noticias de Casanare : Martha Cifuentes | Casanare\" src=\"https:\/\/marthacifuentes.com\/portada\/2024\/05\/31\/capresoca-logro-que-fundacion-cardiovascular-de-colombia-aceptara-paciente-bebe-previo-pago-anticipado\/embed\/#?secret=r7qBIMNIFE#?secret=3em5psluaC\" width=\"600\" height=\"650\" frameborder=\"0\" marginwidth=\"0\" marginheight=\"0\" scrolling=\"no\" sandbox=\"allow-scripts\" data-secret=\"3em5psluaC\" data-mce-fragment=\"1\"><\/iframe><\/p>\n<p><iframe loading=\"lazy\" class=\"wp-embedded-content\" title=\"\u00abV\u00edctimas de desaparici\u00f3n forzada en Casanare claman verdad. Periodistas apoyan su requerimiento. \u00a0\u00bb \u2014 \u25b7 Noticias de Casanare : Martha Cifuentes | Casanare\" src=\"https:\/\/marthacifuentes.com\/portada\/2024\/05\/31\/victimas-de-desaparicion-forzada-en-casanare-claman-verdad-periodistas-apoyan-su-requerimiento\/embed\/#?secret=FdkmQHAKH8#?secret=gPlHsIoweE\" width=\"600\" height=\"621\" frameborder=\"0\" marginwidth=\"0\" marginheight=\"0\" scrolling=\"no\" sandbox=\"allow-scripts\" data-secret=\"gPlHsIoweE\" data-mce-fragment=\"1\"><\/iframe><\/p>\n<p><iframe loading=\"lazy\" class=\"wp-embedded-content\" title=\"\u00abBomberos atienden damnificados en inundaciones en Yopal. Se hall\u00f3 un anciano fallecido.\u00bb \u2014 \u25b7 Noticias de Casanare : Martha Cifuentes | Casanare\" src=\"https:\/\/marthacifuentes.com\/portada\/2024\/05\/30\/bomberos-atienden-damnificados-en-inundaciones-en-yopal-se-hallo-un-anciano-fallecido\/embed\/#?secret=TImSh8YmGz#?secret=c4SXotAESt\" width=\"600\" height=\"599\" frameborder=\"0\" marginwidth=\"0\" marginheight=\"0\" scrolling=\"no\" sandbox=\"allow-scripts\" data-secret=\"c4SXotAESt\" data-mce-fragment=\"1\"><\/iframe><\/p>\n<p><iframe loading=\"lazy\" class=\"wp-embedded-content\" title=\"\u00abCapresoca logra que Hospital de Villavicencio reciba ni\u00f1a de 2 a\u00f1os\u00bb \u2014 \u25b7 Noticias de Casanare : Martha Cifuentes | Casanare\" src=\"https:\/\/marthacifuentes.com\/portada\/2024\/05\/30\/capresoca-logra-que-hospital-de-villavicencio-reciba-nina-de-2-anos\/embed\/#?secret=WxxWKzS8Ji#?secret=2gWskTUHXE\" width=\"600\" height=\"621\" frameborder=\"0\" marginwidth=\"0\" marginheight=\"0\" scrolling=\"no\" sandbox=\"allow-scripts\" data-secret=\"2gWskTUHXE\" data-mce-fragment=\"1\"><\/iframe><\/p>\n<p><iframe loading=\"lazy\" class=\"wp-embedded-content\" title=\"\u00abEmergencias por doquier en Yopal por invierno.\u00bb \u2014 \u25b7 Noticias de Casanare : Martha Cifuentes | Casanare\" src=\"https:\/\/marthacifuentes.com\/portada\/2024\/05\/30\/emergencias-por-doquier-en-yopal-por-invierno\/embed\/#?secret=gJiFgmrhRk#?secret=NkV5dyabww\" width=\"600\" height=\"591\" frameborder=\"0\" marginwidth=\"0\" marginheight=\"0\" scrolling=\"no\" sandbox=\"allow-scripts\" data-secret=\"NkV5dyabww\" data-mce-fragment=\"1\"><\/iframe><\/p>\n<p><iframe loading=\"lazy\" class=\"wp-embedded-content\" title=\"\u00abGeoPark invierte m\u00e1s de $12 mil millones en mejorar la conectividad vial en el sur de Casanare:\u00bb \u2014 \u25b7 Noticias de Casanare : Martha Cifuentes | Casanare\" src=\"https:\/\/marthacifuentes.com\/portada\/2024\/05\/30\/geopark-invierte-mas-de-12-mil-millones-en-mejorar-la-conectividad-vial-en-el-sur-de-casanare\/embed\/#?secret=337z7dqDIk#?secret=IM7uSANcQH\" width=\"600\" height=\"592\" frameborder=\"0\" marginwidth=\"0\" marginheight=\"0\" scrolling=\"no\" sandbox=\"allow-scripts\" data-secret=\"IM7uSANcQH\" data-mce-fragment=\"1\"><\/iframe><\/p>\n<p><iframe loading=\"lazy\" class=\"wp-embedded-content\" title=\"\u00abYopal vuelve al pasado. Se suspende servicio de agua indefinidamente.\u00bb \u2014 \u25b7 Noticias de Casanare : Martha Cifuentes | Casanare\" src=\"https:\/\/marthacifuentes.com\/portada\/2024\/05\/30\/yopal-vuelve-al-pasado-se-suspende-servicio-de-agua-indefinidamente\/embed\/#?secret=EcJOHjCDwQ#?secret=EEz6tALRd5\" width=\"600\" height=\"600\" frameborder=\"0\" marginwidth=\"0\" marginheight=\"0\" scrolling=\"no\" sandbox=\"allow-scripts\" data-secret=\"EEz6tALRd5\" data-mce-fragment=\"1\"><\/iframe><\/p>\n<p><iframe loading=\"lazy\" class=\"wp-embedded-content\" title=\"\u00abA la c\u00e1rcel hombre que secuestr\u00f3 y viol\u00f3 a una ni\u00f1a de 11 a\u00f1os en Casanare\u00bb \u2014 \u25b7 Noticias de Casanare : Martha Cifuentes | Casanare\" src=\"https:\/\/marthacifuentes.com\/portada\/2024\/05\/30\/a-la-carcel-hombre-que-secuestro-y-violo-a-una-nina-de-11-anos-en-casanare\/embed\/#?secret=8Gfz4sFS4Y#?secret=t2kSVAciRh\" width=\"600\" height=\"600\" frameborder=\"0\" marginwidth=\"0\" marginheight=\"0\" scrolling=\"no\" sandbox=\"allow-scripts\" data-secret=\"t2kSVAciRh\" data-mce-fragment=\"1\"><\/iframe><\/p>\n<p><iframe loading=\"lazy\" class=\"wp-embedded-content\" title=\"\u00abPlan de Desarrollo de Zorro, ajustado, fue aprobado en primer debate en la Asamblea\u00bb \u2014 \u25b7 Noticias de Casanare : Martha Cifuentes | Casanare\" src=\"https:\/\/marthacifuentes.com\/portada\/2024\/05\/29\/plan-de-desarrollo-de-zorro-ajustado-fue-aprobado-en-primer-debate-en-la-asamblea\/embed\/#?secret=5DrefzYdnd#?secret=n5AIxTkkTy\" width=\"600\" height=\"621\" frameborder=\"0\" marginwidth=\"0\" marginheight=\"0\" scrolling=\"no\" sandbox=\"allow-scripts\" data-secret=\"n5AIxTkkTy\" data-mce-fragment=\"1\"><\/iframe><\/p>\n<p><iframe loading=\"lazy\" class=\"wp-embedded-content\" title=\"\u00abA trav\u00e9s del mecanismo Obras por Impuestos se entreg\u00f3 CDI en T\u00e1mara, Casanare\u00bb \u2014 \u25b7 Noticias de Casanare : Martha Cifuentes | Casanare\" src=\"https:\/\/marthacifuentes.com\/portada\/2024\/05\/29\/a-traves-del-mecanismo-obras-por-impuestos-se-entrego-cdi-en-tamara-casanare\/embed\/#?secret=50AfPVCQ0q#?secret=sWyOGWSVUN\" width=\"600\" height=\"621\" frameborder=\"0\" marginwidth=\"0\" marginheight=\"0\" scrolling=\"no\" sandbox=\"allow-scripts\" data-secret=\"sWyOGWSVUN\" data-mce-fragment=\"1\"><\/iframe><\/p>\n<p><iframe loading=\"lazy\" class=\"wp-embedded-content\" title=\"\u00ab\u00a1Auxilio! Familias de Casanare exigen al gobierno encontrar a sus desaparecidos tras 23 a\u00f1os de incertidumbre\u00bb \u2014 \u25b7 Noticias de Casanare : Martha Cifuentes | Casanare\" src=\"https:\/\/marthacifuentes.com\/portada\/2024\/05\/28\/auxilio-familias-de-casanare-exigen-al-gobierno-encontrar-a-sus-desaparecidos-tras-23-anos-de-incertidumbre\/embed\/#?secret=xlxoWtAc04#?secret=Krq9GrjkHj\" width=\"600\" height=\"650\" frameborder=\"0\" marginwidth=\"0\" marginheight=\"0\" scrolling=\"no\" sandbox=\"allow-scripts\" data-secret=\"Krq9GrjkHj\" data-mce-fragment=\"1\"><\/iframe><\/p>\n<p><iframe loading=\"lazy\" class=\"wp-embedded-content\" title=\"\u00abSAYOP denunciada por negarse a negociar con los trabajadores\u00bb \u2014 \u25b7 Noticias de Casanare : Martha Cifuentes | Casanare\" src=\"https:\/\/marthacifuentes.com\/portada\/2024\/05\/28\/sayop-denunciada-por-negarse-a-negociar-con-los-trabajadores\/embed\/#?secret=1oFeJapeq9#?secret=KvIvGQ7y7T\" width=\"600\" height=\"621\" frameborder=\"0\" marginwidth=\"0\" marginheight=\"0\" scrolling=\"no\" sandbox=\"allow-scripts\" data-secret=\"KvIvGQ7y7T\" data-mce-fragment=\"1\"><\/iframe><\/p>\n<p><iframe loading=\"lazy\" class=\"wp-embedded-content\" title=\"\u00abA punta de cuchillo se cometi\u00f3 millonario hurto en la PBA de Morichal.\u00bb \u2014 \u25b7 Noticias de Casanare : Martha Cifuentes | Casanare\" src=\"https:\/\/marthacifuentes.com\/portada\/2024\/05\/28\/a-punta-de-cuchillo-se-cometio-millonario-hurto-en-la-pba-de-morichal\/embed\/#?secret=veca0Qbh4u#?secret=ClsahzjtPf\" width=\"600\" height=\"621\" frameborder=\"0\" marginwidth=\"0\" marginheight=\"0\" scrolling=\"no\" sandbox=\"allow-scripts\" data-secret=\"ClsahzjtPf\" data-mce-fragment=\"1\"><\/iframe><\/p>\n<p><iframe loading=\"lazy\" class=\"wp-embedded-content\" title=\"\u00abA la c\u00e1rcel presuntos j\u00edbaros. Vend\u00edan drogas en cercan\u00eda a colegios de Yopal.\u00bb \u2014 \u25b7 Noticias de Casanare : Martha Cifuentes | Casanare\" src=\"https:\/\/marthacifuentes.com\/portada\/2024\/05\/27\/a-la-carcel-presuntos-jibaros-vendian-drogas-en-cercania-a-colegios-de-yopal\/embed\/#?secret=KqREaCOUP1#?secret=SQLzfXyAy7\" width=\"600\" height=\"616\" frameborder=\"0\" marginwidth=\"0\" marginheight=\"0\" scrolling=\"no\" sandbox=\"allow-scripts\" data-secret=\"SQLzfXyAy7\" data-mce-fragment=\"1\"><\/iframe><\/p>\n<p><iframe loading=\"lazy\" class=\"wp-embedded-content\" title=\"\u00abDolor y verdad de v\u00edctimas y victimarios se entremezclan en audiencia de la JEP por \u00abfalsos positivos\u00bb en Casanare\u00bb \u2014 \u25b7 Noticias de Casanare : Martha Cifuentes | Casanare\" src=\"https:\/\/marthacifuentes.com\/portada\/2024\/05\/27\/dolor-y-verdad-de-victimas-y-victimarios-se-entremezclan-en-audiencia-de-la-jep-por-falsos-positivos-en-casanare\/embed\/#?secret=oQorbiurOZ#?secret=PwsQ6Rz92z\" width=\"600\" height=\"650\" frameborder=\"0\" marginwidth=\"0\" marginheight=\"0\" scrolling=\"no\" sandbox=\"allow-scripts\" data-secret=\"PwsQ6Rz92z\" data-mce-fragment=\"1\"><\/iframe><\/p>\n<p><iframe loading=\"lazy\" class=\"wp-embedded-content\" title=\"\u00abA la c\u00e1rcel alias \u201cEl Flaco\u201d por triple homicidio en Casanare. Ser\u00eda miembro de disidencias de las Farc\u00bb \u2014 \u25b7 Noticias de Casanare : Martha Cifuentes | Casanare\" src=\"https:\/\/marthacifuentes.com\/portada\/2024\/05\/26\/a-la-carcel-alias-el-flaco-por-triple-homicidio-en-casanare-seria-miembro-de-disidencias-de-las-farc\/embed\/#?secret=ecaQ6zO1nC#?secret=Nk3232JvP7\" width=\"600\" height=\"619\" frameborder=\"0\" marginwidth=\"0\" marginheight=\"0\" scrolling=\"no\" sandbox=\"allow-scripts\" data-secret=\"Nk3232JvP7\" data-mce-fragment=\"1\"><\/iframe><\/p>\n","protected":false},"excerpt":{"rendered":"<p>Este jueves 6 de junio, el \u00e1rea lim\u00edtrofe entre los municipios de S\u00e1cama y T\u00e1mara en Casanare fue escenario de combates entre el Ej\u00e9rcito y el Frente 28 de las Disidencias de las Farc, comandado por Omar Pardo Galeano, alias \u2018Antonio Medina\u2019. Las autoridades no han reportado sobre heridos o capturados. Estos enfrentamientos se producen &hellip;<\/p>\n","protected":false},"author":2,"featured_media":33358,"comment_status":"open","ping_status":"open","sticky":false,"template":"","format":"standard","meta":{"om_disable_all_campaigns":false,"_exactmetrics_skip_tracking":false,"_exactmetrics_sitenote_active":false,"_exactmetrics_sitenote_note":"","_exactmetrics_sitenote_category":0,"_monsterinsights_skip_tracking":false,"_monsterinsights_sitenote_active":false,"_monsterinsights_sitenote_note":"","_monsterinsights_sitenote_category":0,"_uf_show_specific_survey":0,"_uf_disable_surveys":false,"_joinchat":[],"footnotes":""},"categories":[147,146,145],"tags":[10155,10156,10157,1400,8550,877,502],"class_list":["post-33357","post","type-post","status-publish","format-standard","has-post-thumbnail","hentry","category-actualidad","category-noticias","category-reportajes","tag-combates-ejercito-y-frente-28-disidencias-farc","tag-consejo-de-seguridad-casanare-boyaca-y-arauca","tag-ivan-velasquez","tag-noticias-casanare","tag-noticias-tamara","tag-sacama","tag-tamara"],"yoast_head":"<!-- This site is optimized with the Yoast SEO plugin v26.1 - https:\/\/yoast.com\/wordpress\/plugins\/seo\/ -->\n<title>Combates entre Ej\u00e9rcito y disidencias de las Farc en l\u00edmites entre S\u00e1cama y La Salina. Se busca a alias \u2018Antonio Medina\u2019. - \u25b7 Noticias de Casanare : Martha Cifuentes | Casanare<\/title>\n<meta name=\"robots\" content=\"index, follow, max-snippet:-1, max-image-preview:large, max-video-preview:-1\" \/>\n<link rel=\"canonical\" href=\"https:\/\/marthacifuentes.com\/portada\/combates-entre-ejercito-y-disidencias-de-las-farc-en-limites-entre-sacama-y-la-salina-se-busca-a-alias-antonio-medina\/\" \/>\n<meta property=\"og:locale\" content=\"es_ES\" \/>\n<meta property=\"og:type\" content=\"article\" \/>\n<meta property=\"og:title\" content=\"Combates entre Ej\u00e9rcito y disidencias de las Farc en l\u00edmites entre S\u00e1cama y La Salina. Se busca a alias \u2018Antonio Medina\u2019. - \u25b7 Noticias de Casanare : Martha Cifuentes | Casanare\" \/>\n<meta property=\"og:description\" content=\"Este jueves 6 de junio, el \u00e1rea lim\u00edtrofe entre los municipios de S\u00e1cama y T\u00e1mara en Casanare fue escenario de combates entre el Ej\u00e9rcito y el Frente 28 de las Disidencias de las Farc, comandado por Omar Pardo Galeano, alias \u2018Antonio Medina\u2019. Las autoridades no han reportado sobre heridos o capturados. Estos enfrentamientos se producen &hellip;\" \/>\n<meta property=\"og:url\" content=\"https:\/\/marthacifuentes.com\/portada\/combates-entre-ejercito-y-disidencias-de-las-farc-en-limites-entre-sacama-y-la-salina-se-busca-a-alias-antonio-medina\/\" \/>\n<meta property=\"og:site_name\" content=\"\u25b7 Noticias de Casanare : Martha Cifuentes | Casanare\" \/>\n<meta property=\"article:published_time\" content=\"2024-06-07T13:31:18+00:00\" \/>\n<meta property=\"og:image\" content=\"https:\/\/marthacifuentes.com\/portada\/wp-content\/uploads\/2024\/06\/Tropa_Ejercito_Soldados_Militares.jpg\" \/>\n\t<meta property=\"og:image:width\" content=\"840\" \/>\n\t<meta property=\"og:image:height\" content=\"472\" \/>\n\t<meta property=\"og:image:type\" content=\"image\/jpeg\" \/>\n<meta name=\"author\" content=\"Martha Cifuentes\" \/>\n<meta name=\"twitter:card\" content=\"summary_large_image\" \/>\n<meta name=\"twitter:label1\" content=\"Escrito por\" \/>\n\t<meta name=\"twitter:data1\" content=\"Martha Cifuentes\" \/>\n\t<meta name=\"twitter:label2\" content=\"Tiempo de lectura\" \/>\n\t<meta name=\"twitter:data2\" content=\"2 minutos\" \/>\n<script type=\"application\/ld+json\" class=\"yoast-schema-graph\">{\"@context\":\"https:\/\/schema.org\",\"@graph\":[{\"@type\":\"WebPage\",\"@id\":\"https:\/\/marthacifuentes.com\/portada\/combates-entre-ejercito-y-disidencias-de-las-farc-en-limites-entre-sacama-y-la-salina-se-busca-a-alias-antonio-medina\/\",\"url\":\"https:\/\/marthacifuentes.com\/portada\/combates-entre-ejercito-y-disidencias-de-las-farc-en-limites-entre-sacama-y-la-salina-se-busca-a-alias-antonio-medina\/\",\"name\":\"Combates entre Ej\u00e9rcito y disidencias de las Farc en l\u00edmites entre S\u00e1cama y La Salina. Se busca a alias \u2018Antonio Medina\u2019. - \u25b7 Noticias de Casanare : Martha Cifuentes | Casanare\",\"isPartOf\":{\"@id\":\"https:\/\/marthacifuentes.com\/portada\/#website\"},\"primaryImageOfPage\":{\"@id\":\"https:\/\/marthacifuentes.com\/portada\/combates-entre-ejercito-y-disidencias-de-las-farc-en-limites-entre-sacama-y-la-salina-se-busca-a-alias-antonio-medina\/#primaryimage\"},\"image\":{\"@id\":\"https:\/\/marthacifuentes.com\/portada\/combates-entre-ejercito-y-disidencias-de-las-farc-en-limites-entre-sacama-y-la-salina-se-busca-a-alias-antonio-medina\/#primaryimage\"},\"thumbnailUrl\":\"https:\/\/marthacifuentes.com\/portada\/wp-content\/uploads\/2024\/06\/Tropa_Ejercito_Soldados_Militares.jpg\",\"datePublished\":\"2024-06-07T13:31:18+00:00\",\"author\":{\"@id\":\"https:\/\/marthacifuentes.com\/portada\/#\/schema\/person\/57f53174b991db5f90ff78d58502b714\"},\"breadcrumb\":{\"@id\":\"https:\/\/marthacifuentes.com\/portada\/combates-entre-ejercito-y-disidencias-de-las-farc-en-limites-entre-sacama-y-la-salina-se-busca-a-alias-antonio-medina\/#breadcrumb\"},\"inLanguage\":\"es\",\"potentialAction\":[{\"@type\":\"ReadAction\",\"target\":[\"https:\/\/marthacifuentes.com\/portada\/combates-entre-ejercito-y-disidencias-de-las-farc-en-limites-entre-sacama-y-la-salina-se-busca-a-alias-antonio-medina\/\"]}]},{\"@type\":\"ImageObject\",\"inLanguage\":\"es\",\"@id\":\"https:\/\/marthacifuentes.com\/portada\/combates-entre-ejercito-y-disidencias-de-las-farc-en-limites-entre-sacama-y-la-salina-se-busca-a-alias-antonio-medina\/#primaryimage\",\"url\":\"https:\/\/marthacifuentes.com\/portada\/wp-content\/uploads\/2024\/06\/Tropa_Ejercito_Soldados_Militares.jpg\",\"contentUrl\":\"https:\/\/marthacifuentes.com\/portada\/wp-content\/uploads\/2024\/06\/Tropa_Ejercito_Soldados_Militares.jpg\",\"width\":840,\"height\":472},{\"@type\":\"BreadcrumbList\",\"@id\":\"https:\/\/marthacifuentes.com\/portada\/combates-entre-ejercito-y-disidencias-de-las-farc-en-limites-entre-sacama-y-la-salina-se-busca-a-alias-antonio-medina\/#breadcrumb\",\"itemListElement\":[{\"@type\":\"ListItem\",\"position\":1,\"name\":\"Portada\",\"item\":\"https:\/\/marthacifuentes.com\/portada\/\"},{\"@type\":\"ListItem\",\"position\":2,\"name\":\"Combates entre Ej\u00e9rcito y disidencias de las Farc en l\u00edmites entre S\u00e1cama y La Salina. Se busca a alias \u2018Antonio Medina\u2019.\"}]},{\"@type\":\"WebSite\",\"@id\":\"https:\/\/marthacifuentes.com\/portada\/#website\",\"url\":\"https:\/\/marthacifuentes.com\/portada\/\",\"name\":\"\u25b7 Noticias de Casanare : Martha Cifuentes | Casanare\",\"description\":\"Noticias &amp; Contenidos\",\"potentialAction\":[{\"@type\":\"SearchAction\",\"target\":{\"@type\":\"EntryPoint\",\"urlTemplate\":\"https:\/\/marthacifuentes.com\/portada\/?s={search_term_string}\"},\"query-input\":{\"@type\":\"PropertyValueSpecification\",\"valueRequired\":true,\"valueName\":\"search_term_string\"}}],\"inLanguage\":\"es\"},{\"@type\":\"Person\",\"@id\":\"https:\/\/marthacifuentes.com\/portada\/#\/schema\/person\/57f53174b991db5f90ff78d58502b714\",\"name\":\"Martha Cifuentes\",\"image\":{\"@type\":\"ImageObject\",\"inLanguage\":\"es\",\"@id\":\"https:\/\/marthacifuentes.com\/portada\/#\/schema\/person\/image\/\",\"url\":\"http:\/\/marthacifuentes.com\/portada\/wp-content\/uploads\/2018\/06\/avatar_user_2_1528838701-96x96.jpg\",\"contentUrl\":\"http:\/\/marthacifuentes.com\/portada\/wp-content\/uploads\/2018\/06\/avatar_user_2_1528838701-96x96.jpg\",\"caption\":\"Martha Cifuentes\"},\"sameAs\":[\"http:\/\/www.marthacifuentes.com\"],\"url\":\"https:\/\/marthacifuentes.com\/portada\/author\/martha\/\"}]}<\/script>\n<!-- \/ Yoast SEO plugin. -->","yoast_head_json":{"title":"Combates entre Ej\u00e9rcito y disidencias de las Farc en l\u00edmites entre S\u00e1cama y La Salina. Se busca a alias \u2018Antonio Medina\u2019. - \u25b7 Noticias de Casanare : Martha Cifuentes | Casanare","robots":{"index":"index","follow":"follow","max-snippet":"max-snippet:-1","max-image-preview":"max-image-preview:large","max-video-preview":"max-video-preview:-1"},"canonical":"https:\/\/marthacifuentes.com\/portada\/combates-entre-ejercito-y-disidencias-de-las-farc-en-limites-entre-sacama-y-la-salina-se-busca-a-alias-antonio-medina\/","og_locale":"es_ES","og_type":"article","og_title":"Combates entre Ej\u00e9rcito y disidencias de las Farc en l\u00edmites entre S\u00e1cama y La Salina. Se busca a alias \u2018Antonio Medina\u2019. - \u25b7 Noticias de Casanare : Martha Cifuentes | Casanare","og_description":"Este jueves 6 de junio, el \u00e1rea lim\u00edtrofe entre los municipios de S\u00e1cama y T\u00e1mara en Casanare fue escenario de combates entre el Ej\u00e9rcito y el Frente 28 de las Disidencias de las Farc, comandado por Omar Pardo Galeano, alias \u2018Antonio Medina\u2019. Las autoridades no han reportado sobre heridos o capturados. Estos enfrentamientos se producen &hellip;","og_url":"https:\/\/marthacifuentes.com\/portada\/combates-entre-ejercito-y-disidencias-de-las-farc-en-limites-entre-sacama-y-la-salina-se-busca-a-alias-antonio-medina\/","og_site_name":"\u25b7 Noticias de Casanare : Martha Cifuentes | Casanare","article_published_time":"2024-06-07T13:31:18+00:00","og_image":[{"width":840,"height":472,"url":"https:\/\/marthacifuentes.com\/portada\/wp-content\/uploads\/2024\/06\/Tropa_Ejercito_Soldados_Militares.jpg","type":"image\/jpeg"}],"author":"Martha Cifuentes","twitter_card":"summary_large_image","twitter_misc":{"Escrito por":"Martha Cifuentes","Tiempo de lectura":"2 minutos"},"schema":{"@context":"https:\/\/schema.org","@graph":[{"@type":"WebPage","@id":"https:\/\/marthacifuentes.com\/portada\/combates-entre-ejercito-y-disidencias-de-las-farc-en-limites-entre-sacama-y-la-salina-se-busca-a-alias-antonio-medina\/","url":"https:\/\/marthacifuentes.com\/portada\/combates-entre-ejercito-y-disidencias-de-las-farc-en-limites-entre-sacama-y-la-salina-se-busca-a-alias-antonio-medina\/","name":"Combates entre Ej\u00e9rcito y disidencias de las Farc en l\u00edmites entre S\u00e1cama y La Salina. Se busca a alias \u2018Antonio Medina\u2019. - \u25b7 Noticias de Casanare : Martha Cifuentes | Casanare","isPartOf":{"@id":"https:\/\/marthacifuentes.com\/portada\/#website"},"primaryImageOfPage":{"@id":"https:\/\/marthacifuentes.com\/portada\/combates-entre-ejercito-y-disidencias-de-las-farc-en-limites-entre-sacama-y-la-salina-se-busca-a-alias-antonio-medina\/#primaryimage"},"image":{"@id":"https:\/\/marthacifuentes.com\/portada\/combates-entre-ejercito-y-disidencias-de-las-farc-en-limites-entre-sacama-y-la-salina-se-busca-a-alias-antonio-medina\/#primaryimage"},"thumbnailUrl":"https:\/\/marthacifuentes.com\/portada\/wp-content\/uploads\/2024\/06\/Tropa_Ejercito_Soldados_Militares.jpg","datePublished":"2024-06-07T13:31:18+00:00","author":{"@id":"https:\/\/marthacifuentes.com\/portada\/#\/schema\/person\/57f53174b991db5f90ff78d58502b714"},"breadcrumb":{"@id":"https:\/\/marthacifuentes.com\/portada\/combates-entre-ejercito-y-disidencias-de-las-farc-en-limites-entre-sacama-y-la-salina-se-busca-a-alias-antonio-medina\/#breadcrumb"},"inLanguage":"es","potentialAction":[{"@type":"ReadAction","target":["https:\/\/marthacifuentes.com\/portada\/combates-entre-ejercito-y-disidencias-de-las-farc-en-limites-entre-sacama-y-la-salina-se-busca-a-alias-antonio-medina\/"]}]},{"@type":"ImageObject","inLanguage":"es","@id":"https:\/\/marthacifuentes.com\/portada\/combates-entre-ejercito-y-disidencias-de-las-farc-en-limites-entre-sacama-y-la-salina-se-busca-a-alias-antonio-medina\/#primaryimage","url":"https:\/\/marthacifuentes.com\/portada\/wp-content\/uploads\/2024\/06\/Tropa_Ejercito_Soldados_Militares.jpg","contentUrl":"https:\/\/marthacifuentes.com\/portada\/wp-content\/uploads\/2024\/06\/Tropa_Ejercito_Soldados_Militares.jpg","width":840,"height":472},{"@type":"BreadcrumbList","@id":"https:\/\/marthacifuentes.com\/portada\/combates-entre-ejercito-y-disidencias-de-las-farc-en-limites-entre-sacama-y-la-salina-se-busca-a-alias-antonio-medina\/#breadcrumb","itemListElement":[{"@type":"ListItem","position":1,"name":"Portada","item":"https:\/\/marthacifuentes.com\/portada\/"},{"@type":"ListItem","position":2,"name":"Combates entre Ej\u00e9rcito y disidencias de las Farc en l\u00edmites entre S\u00e1cama y La Salina. Se busca a alias \u2018Antonio Medina\u2019."}]},{"@type":"WebSite","@id":"https:\/\/marthacifuentes.com\/portada\/#website","url":"https:\/\/marthacifuentes.com\/portada\/","name":"\u25b7 Noticias de Casanare : Martha Cifuentes | Casanare","description":"Noticias &amp; Contenidos","potentialAction":[{"@type":"SearchAction","target":{"@type":"EntryPoint","urlTemplate":"https:\/\/marthacifuentes.com\/portada\/?s={search_term_string}"},"query-input":{"@type":"PropertyValueSpecification","valueRequired":true,"valueName":"search_term_string"}}],"inLanguage":"es"},{"@type":"Person","@id":"https:\/\/marthacifuentes.com\/portada\/#\/schema\/person\/57f53174b991db5f90ff78d58502b714","name":"Martha Cifuentes","image":{"@type":"ImageObject","inLanguage":"es","@id":"https:\/\/marthacifuentes.com\/portada\/#\/schema\/person\/image\/","url":"http:\/\/marthacifuentes.com\/portada\/wp-content\/uploads\/2018\/06\/avatar_user_2_1528838701-96x96.jpg","contentUrl":"http:\/\/marthacifuentes.com\/portada\/wp-content\/uploads\/2018\/06\/avatar_user_2_1528838701-96x96.jpg","caption":"Martha Cifuentes"},"sameAs":["http:\/\/www.marthacifuentes.com"],"url":"https:\/\/marthacifuentes.com\/portada\/author\/martha\/"}]}},"_links":{"self":[{"href":"https:\/\/marthacifuentes.com\/portada\/wp-json\/wp\/v2\/posts\/33357","targetHints":{"allow":["GET"]}}],"collection":[{"href":"https:\/\/marthacifuentes.com\/portada\/wp-json\/wp\/v2\/posts"}],"about":[{"href":"https:\/\/marthacifuentes.com\/portada\/wp-json\/wp\/v2\/types\/post"}],"author":[{"embeddable":true,"href":"https:\/\/marthacifuentes.com\/portada\/wp-json\/wp\/v2\/users\/2"}],"replies":[{"embeddable":true,"href":"https:\/\/marthacifuentes.com\/portada\/wp-json\/wp\/v2\/comments?post=33357"}],"version-history":[{"count":1,"href":"https:\/\/marthacifuentes.com\/portada\/wp-json\/wp\/v2\/posts\/33357\/revisions"}],"predecessor-version":[{"id":33359,"href":"https:\/\/marthacifuentes.com\/portada\/wp-json\/wp\/v2\/posts\/33357\/revisions\/33359"}],"wp:featuredmedia":[{"embeddable":true,"href":"https:\/\/marthacifuentes.com\/portada\/wp-json\/wp\/v2\/media\/33358"}],"wp:attachment":[{"href":"https:\/\/marthacifuentes.com\/portada\/wp-json\/wp\/v2\/media?parent=33357"}],"wp:term":[{"taxonomy":"category","embeddable":true,"href":"https:\/\/marthacifuentes.com\/portada\/wp-json\/wp\/v2\/categories?post=33357"},{"taxonomy":"post_tag","embeddable":true,"href":"https:\/\/marthacifuentes.com\/portada\/wp-json\/wp\/v2\/tags?post=33357"}],"curies":[{"name":"wp","href":"https:\/\/api.w.org\/{rel}","templated":true}]}}