{"id":33391,"date":"2024-06-12T09:16:20","date_gmt":"2024-06-12T14:16:20","guid":{"rendered":"https:\/\/marthacifuentes.com\/portada\/?p=33391"},"modified":"2024-06-12T09:16:20","modified_gmt":"2024-06-12T14:16:20","slug":"imperdible-8a-feria-comercial-ganadera-expomercado-en-yopal-este-fin-de-semana","status":"publish","type":"post","link":"https:\/\/marthacifuentes.com\/portada\/imperdible-8a-feria-comercial-ganadera-expomercado-en-yopal-este-fin-de-semana\/","title":{"rendered":"Imperdible: 8\u00aa Feria Comercial Ganadera Expomercado en Yopal este fin de semana"},"content":{"rendered":"<p>Yopal se prepara para la octava edici\u00f3n de la Feria Comercial Ganadera Expomercado, organizada por la Alcald\u00eda de Yopal y la Secretar\u00eda de Desarrollo Econ\u00f3mico. Se llevar\u00e1 a cabo en el Coliseo de Ferias del 14 al 16 de junio.<\/p>\n<p>Este evento tradicional ofrece a los productores locales una plataforma para comprar y vender su ganado directamente. La Administraci\u00f3n Municipal asegurar\u00e1 que la participaci\u00f3n sea gratuita y proporcionar\u00e1 espacio y alimento para los animales durante el evento.<\/p>\n<p>&nbsp;<\/p>\n<p><strong>\u00bfQu\u00e9 m\u00e1s habr\u00e1 en la feria ganadera?<\/strong><\/p>\n<ul>\n<li>Adem\u00e1s de la feria ganadera, los asistentes podr\u00e1n disfrutar de la Feria Agroempresarial, que presentar\u00e1 las \u00faltimas tendencias e innovaciones del sector agropecuario.<\/li>\n<li>Los amantes de los caballos tambi\u00e9n tendr\u00e1n la oportunidad de disfrutar de una exhibici\u00f3n equina con ejemplares de razas destacadas.<\/li>\n<li>La noche cultural contar\u00e1 con la participaci\u00f3n de reconocidos artistas llaneros, incluyendo a Aldrumas Monroy y Nancy Guevara.<\/li>\n<li>El \u00faltimo d\u00eda de la feria se celebrar\u00e1 el festival de mascotas, un evento que busca fomentar la diversi\u00f3n y la integraci\u00f3n familiar. Aquellos interesados en participar pueden inscribirse a trav\u00e9s del formulario disponible en el siguiente enlace: <a href=\"https:\/\/forms.gle\/bzv1o6s3cXSWK5wA6\">https:\/\/forms.gle\/bzv1o6s3cXSWK5wA6<\/a>.<\/li>\n<\/ul>\n<p><img loading=\"lazy\" decoding=\"async\" class=\" wp-image-33393 aligncenter\" src=\"https:\/\/marthacifuentes.com\/portada\/wp-content\/uploads\/2024\/06\/feria-ganadera-foto-interna-1-1024x1024.jpeg\" alt=\"\" width=\"572\" height=\"572\" srcset=\"https:\/\/marthacifuentes.com\/portada\/wp-content\/uploads\/2024\/06\/feria-ganadera-foto-interna-1-1024x1024.jpeg 1024w, https:\/\/marthacifuentes.com\/portada\/wp-content\/uploads\/2024\/06\/feria-ganadera-foto-interna-1-300x300.jpeg 300w, https:\/\/marthacifuentes.com\/portada\/wp-content\/uploads\/2024\/06\/feria-ganadera-foto-interna-1-150x150.jpeg 150w, https:\/\/marthacifuentes.com\/portada\/wp-content\/uploads\/2024\/06\/feria-ganadera-foto-interna-1-768x768.jpeg 768w, https:\/\/marthacifuentes.com\/portada\/wp-content\/uploads\/2024\/06\/feria-ganadera-foto-interna-1.jpeg 1280w\" sizes=\"auto, (max-width: 572px) 100vw, 572px\" \/> <img loading=\"lazy\" decoding=\"async\" class=\" wp-image-33394 aligncenter\" src=\"https:\/\/marthacifuentes.com\/portada\/wp-content\/uploads\/2024\/06\/feria-ganadera-foto-interna-2-1024x1024.jpeg\" alt=\"\" width=\"598\" height=\"598\" srcset=\"https:\/\/marthacifuentes.com\/portada\/wp-content\/uploads\/2024\/06\/feria-ganadera-foto-interna-2-1024x1024.jpeg 1024w, https:\/\/marthacifuentes.com\/portada\/wp-content\/uploads\/2024\/06\/feria-ganadera-foto-interna-2-300x300.jpeg 300w, https:\/\/marthacifuentes.com\/portada\/wp-content\/uploads\/2024\/06\/feria-ganadera-foto-interna-2-150x150.jpeg 150w, https:\/\/marthacifuentes.com\/portada\/wp-content\/uploads\/2024\/06\/feria-ganadera-foto-interna-2-768x768.jpeg 768w, https:\/\/marthacifuentes.com\/portada\/wp-content\/uploads\/2024\/06\/feria-ganadera-foto-interna-2.jpeg 1280w\" sizes=\"auto, (max-width: 598px) 100vw, 598px\" \/> <img loading=\"lazy\" decoding=\"async\" class=\" wp-image-33395 aligncenter\" src=\"https:\/\/marthacifuentes.com\/portada\/wp-content\/uploads\/2024\/06\/feria-ganadera-foto-interna-3-1024x1024.jpeg\" alt=\"\" width=\"613\" height=\"613\" srcset=\"https:\/\/marthacifuentes.com\/portada\/wp-content\/uploads\/2024\/06\/feria-ganadera-foto-interna-3-1024x1024.jpeg 1024w, https:\/\/marthacifuentes.com\/portada\/wp-content\/uploads\/2024\/06\/feria-ganadera-foto-interna-3-300x300.jpeg 300w, https:\/\/marthacifuentes.com\/portada\/wp-content\/uploads\/2024\/06\/feria-ganadera-foto-interna-3-150x150.jpeg 150w, https:\/\/marthacifuentes.com\/portada\/wp-content\/uploads\/2024\/06\/feria-ganadera-foto-interna-3-768x768.jpeg 768w, https:\/\/marthacifuentes.com\/portada\/wp-content\/uploads\/2024\/06\/feria-ganadera-foto-interna-3.jpeg 1280w\" sizes=\"auto, (max-width: 613px) 100vw, 613px\" \/><\/p>\n<p>La Administraci\u00f3n Municipal invita a toda la comunidad a participar y disfrutar de este evento que contribuye al desarrollo econ\u00f3mico y cultural de la regi\u00f3n.<\/p>\n<p>&nbsp;<\/p>\n<h2 data-sourcepos=\"9:1-9:416\"><strong>Otras noticias\u2026<\/strong><\/h2>\n<blockquote class=\"wp-embedded-content\" data-secret=\"pxJ4YQV4R3\"><p><a href=\"https:\/\/marthacifuentes.com\/portada\/2024\/06\/12\/30-lideres-sociales-amenazados-en-yopal-ya-uno-fue-asesinado-se-urge-medidas-de-proteccion\/\">30 l\u00edderes sociales amenazados en Yopal. Ya uno fue asesinado. Se urge medidas de protecci\u00f3n.<\/a><\/p><\/blockquote>\n<p><iframe loading=\"lazy\" class=\"wp-embedded-content\" sandbox=\"allow-scripts\" security=\"restricted\" style=\"position: absolute; clip: rect(1px, 1px, 1px, 1px);\" title=\"\u00ab30 l\u00edderes sociales amenazados en Yopal. Ya uno fue asesinado. Se urge medidas de protecci\u00f3n.\u00bb \u2014 \u25b7 Noticias de Casanare : Martha Cifuentes | Casanare\" src=\"https:\/\/marthacifuentes.com\/portada\/2024\/06\/12\/30-lideres-sociales-amenazados-en-yopal-ya-uno-fue-asesinado-se-urge-medidas-de-proteccion\/embed\/#?secret=8MSq3OdQce#?secret=pxJ4YQV4R3\" data-secret=\"pxJ4YQV4R3\" width=\"500\" height=\"282\" frameborder=\"0\" marginwidth=\"0\" marginheight=\"0\" scrolling=\"no\"><\/iframe><\/p>\n<p><iframe loading=\"lazy\" class=\"wp-embedded-content\" title=\"\u00abCapturados sicarios del Clan del Golfo que violentaban poblaci\u00f3n en Casanare, Meta y Vichada.\u00bb \u2014 \u25b7 Noticias de Casanare : Martha Cifuentes | Casanare\" src=\"https:\/\/marthacifuentes.com\/portada\/2024\/06\/11\/capturados-sicarios-del-clan-del-golfo-que-violentaban-poblacion-en-casanare-meta-y-vichada\/embed\/#?secret=ZvK5gFItgg#?secret=zzPcWvqi08\" width=\"600\" height=\"611\" frameborder=\"0\" marginwidth=\"0\" marginheight=\"0\" scrolling=\"no\" sandbox=\"allow-scripts\" data-secret=\"zzPcWvqi08\" data-mce-fragment=\"1\"><\/iframe><\/p>\n<p><iframe loading=\"lazy\" class=\"wp-embedded-content\" title=\"\u00abTristeza en Labranzagrande y Pisba por desaparici\u00f3n de 4 campesinos en deslizamiento de tierra\u00bb \u2014 \u25b7 Noticias de Casanare : Martha Cifuentes | Casanare\" src=\"https:\/\/marthacifuentes.com\/portada\/2024\/06\/11\/tristeza-en-labranzagrande-y-pisba-por-desaparicion-de-4-campesinos-en-deslizamiento-de-tierra\/embed\/#?secret=u085ghxYdl#?secret=9xTxWe4uS1\" width=\"600\" height=\"621\" frameborder=\"0\" marginwidth=\"0\" marginheight=\"0\" scrolling=\"no\" sandbox=\"allow-scripts\" data-secret=\"9xTxWe4uS1\" data-mce-fragment=\"1\"><\/iframe><\/p>\n<p><iframe loading=\"lazy\" class=\"wp-embedded-content\" title=\"\u00abPresidente Petro ratifica que no est\u00e1 interesado en hacerse reelegir.\u00bb \u2014 \u25b7 Noticias de Casanare : Martha Cifuentes | Casanare\" src=\"https:\/\/marthacifuentes.com\/portada\/2024\/06\/07\/presidente-petro-ratifica-que-no-se-esta-interesado-en-hacerse-reelegir\/embed\/#?secret=HP881OHJ5G#?secret=86qeCvKtrR\" width=\"600\" height=\"600\" frameborder=\"0\" marginwidth=\"0\" marginheight=\"0\" scrolling=\"no\" sandbox=\"allow-scripts\" data-secret=\"86qeCvKtrR\" data-mce-fragment=\"1\"><\/iframe><\/p>\n<p><iframe loading=\"lazy\" class=\"wp-embedded-content\" title=\"\u00abDos concejales en l\u00edos jur\u00eddicos elegidos en mesa directiva del Concejo de Yopal para 2025\u00bb \u2014 \u25b7 Noticias de Casanare : Martha Cifuentes | Casanare\" src=\"https:\/\/marthacifuentes.com\/portada\/2024\/06\/07\/dos-concejales-en-lios-juridicos-elegidos-en-mesa-directiva-del-concejo-de-yopal-para-2025\/embed\/#?secret=HHoQZwHoCY#?secret=vc5l3RMDd5\" width=\"600\" height=\"620\" frameborder=\"0\" marginwidth=\"0\" marginheight=\"0\" scrolling=\"no\" sandbox=\"allow-scripts\" data-secret=\"vc5l3RMDd5\" data-mce-fragment=\"1\"><\/iframe><\/p>\n<p><iframe loading=\"lazy\" class=\"wp-embedded-content\" title=\"\u00abCombates entre Ej\u00e9rcito y disidencias de las Farc en l\u00edmites entre S\u00e1cama y La Salina. Se busca a alias \u2018Antonio Medina\u2019.\u00bb \u2014 \u25b7 Noticias de Casanare : Martha Cifuentes | Casanare\" src=\"https:\/\/marthacifuentes.com\/portada\/2024\/06\/07\/combates-entre-ejercito-y-disidencias-de-las-farc-en-limites-entre-sacama-y-la-salina-se-busca-a-alias-antonio-medina\/embed\/#?secret=x1p5N9ycsA#?secret=hlf6UX1v76\" width=\"600\" height=\"649\" frameborder=\"0\" marginwidth=\"0\" marginheight=\"0\" scrolling=\"no\" sandbox=\"allow-scripts\" data-secret=\"hlf6UX1v76\" data-mce-fragment=\"1\"><\/iframe><\/p>\n<p><iframe loading=\"lazy\" class=\"wp-embedded-content\" title=\"\u00ab\u00bfPor qu\u00e9 el Consejo de Estado le neg\u00f3 la p\u00e9rdida de investidura al parlamentario Hugo Archila?\u00bb \u2014 \u25b7 Noticias de Casanare : Martha Cifuentes | Casanare\" src=\"https:\/\/marthacifuentes.com\/portada\/2024\/06\/06\/por-que-el-consejo-de-estado-le-nego-la-perdida-de-investidura-al-parlamentario-hugo-archila\/embed\/#?secret=XlVp3nLOqp#?secret=nEvHTqk3w9\" width=\"600\" height=\"621\" frameborder=\"0\" marginwidth=\"0\" marginheight=\"0\" scrolling=\"no\" sandbox=\"allow-scripts\" data-secret=\"nEvHTqk3w9\" data-mce-fragment=\"1\"><\/iframe><\/p>\n<p><iframe loading=\"lazy\" class=\"wp-embedded-content\" title=\"\u00ab$15 mil millones se pierde al d\u00eda por cierres viales entre Casanare y Boyac\u00e1: Zorro\u00bb \u2014 \u25b7 Noticias de Casanare : Martha Cifuentes | Casanare\" src=\"https:\/\/marthacifuentes.com\/portada\/2024\/06\/06\/15-mil-millones-se-pierde-al-dia-por-cierres-viales-entre-casanare-y-boyaca-zorro\/embed\/#?secret=v3cnu2jUSO#?secret=zkyase0K0b\" width=\"600\" height=\"621\" frameborder=\"0\" marginwidth=\"0\" marginheight=\"0\" scrolling=\"no\" sandbox=\"allow-scripts\" data-secret=\"zkyase0K0b\" data-mce-fragment=\"1\"><\/iframe><\/p>\n<p><iframe loading=\"lazy\" class=\"wp-embedded-content\" title=\"\u00abAeropuerto El Alcarav\u00e1n de Yopal a poco de ser Internacional. Aprobado en la C\u00e1mara en \u00faltimo debate\u00bb \u2014 \u25b7 Noticias de Casanare : Martha Cifuentes | Casanare\" src=\"https:\/\/marthacifuentes.com\/portada\/2024\/06\/06\/aeropuerto-el-alcaravan-de-yopal-a-poco-de-ser-internacional-aprobado-en-la-camara-en-ultimo-debate\/embed\/#?secret=lTke94QXXW#?secret=39vtiU58bJ\" width=\"600\" height=\"650\" frameborder=\"0\" marginwidth=\"0\" marginheight=\"0\" scrolling=\"no\" sandbox=\"allow-scripts\" data-secret=\"39vtiU58bJ\" data-mce-fragment=\"1\"><\/iframe><\/p>\n<p><iframe loading=\"lazy\" class=\"wp-embedded-content\" title=\"\u00ab32 a\u00f1os de prisi\u00f3n para feminicida de Yolennis Jim\u00e9nez en Yopal\u00bb \u2014 \u25b7 Noticias de Casanare : Martha Cifuentes | Casanare\" src=\"https:\/\/marthacifuentes.com\/portada\/2024\/06\/06\/32-anos-de-prision-para-feminicida-de-yolennis-jimenez-en-yopal\/embed\/#?secret=jucmHOudb1#?secret=USXi5KQmV3\" width=\"600\" height=\"600\" frameborder=\"0\" marginwidth=\"0\" marginheight=\"0\" scrolling=\"no\" sandbox=\"allow-scripts\" data-secret=\"USXi5KQmV3\" data-mce-fragment=\"1\"><\/iframe><\/p>\n<p><iframe loading=\"lazy\" class=\"wp-embedded-content\" title=\"\u00abAsesinado l\u00edder social de EL Morro, Yopal. Estaba amenazado\u00bb \u2014 \u25b7 Noticias de Casanare : Martha Cifuentes | Casanare\" src=\"https:\/\/marthacifuentes.com\/portada\/2024\/06\/06\/asesinado-lider-social-de-el-morro-yopal-estaba-amenazado\/embed\/#?secret=Maco9sOkMO#?secret=CSDXpkkJaq\" width=\"600\" height=\"621\" frameborder=\"0\" marginwidth=\"0\" marginheight=\"0\" scrolling=\"no\" sandbox=\"allow-scripts\" data-secret=\"CSDXpkkJaq\" data-mce-fragment=\"1\"><\/iframe><\/p>\n<p><iframe loading=\"lazy\" class=\"wp-embedded-content\" title=\"\u00abTribunal anul\u00f3 lo actuado en demandas contra elecci\u00f3n del alcalde de Yopal Marco Tulio Ruiz\u00bb \u2014 \u25b7 Noticias de Casanare : Martha Cifuentes | Casanare\" src=\"https:\/\/marthacifuentes.com\/portada\/2024\/06\/06\/tribunal-anulo-lo-actuado-en-demandas-contra-eleccion-del-alcalde-de-yopal-marco-tulio-ruiz\/embed\/#?secret=aEYc9u49Ui#?secret=R0eappmIx6\" width=\"600\" height=\"621\" frameborder=\"0\" marginwidth=\"0\" marginheight=\"0\" scrolling=\"no\" sandbox=\"allow-scripts\" data-secret=\"R0eappmIx6\" data-mce-fragment=\"1\"><\/iframe><\/p>\n<p><iframe loading=\"lazy\" class=\"wp-embedded-content\" title=\"\u00ab\u00bfError contable o maquillaje de cifras? Capresoca qued\u00f3 fuera del top 5 de EPS con reservas t\u00e9cnicas\u00bb \u2014 \u25b7 Noticias de Casanare : Martha Cifuentes | Casanare\" src=\"https:\/\/marthacifuentes.com\/portada\/2024\/06\/05\/error-contable-o-maquillaje-de-cifras-capresoca-quedo-fuera-del-top-5-de-eps-con-reservas-tecnicas\/embed\/#?secret=RHc0UujLzN#?secret=xDQDCET2mK\" width=\"600\" height=\"600\" frameborder=\"0\" marginwidth=\"0\" marginheight=\"0\" scrolling=\"no\" sandbox=\"allow-scripts\" data-secret=\"xDQDCET2mK\" data-mce-fragment=\"1\"><\/iframe><\/p>\n<p><iframe loading=\"lazy\" class=\"wp-embedded-content\" title=\"\u00abMan\u00ed violento: un venezolano muerto y un herido deja ataque a bala en un bar\u00bb \u2014 \u25b7 Noticias de Casanare : Martha Cifuentes | Casanare\" src=\"https:\/\/marthacifuentes.com\/portada\/2024\/06\/05\/mani-violento-un-venezolano-muerto-y-un-herido-deja-ataque-a-bala-en-un-bar\/embed\/#?secret=J21Spez9RP#?secret=F7bEhamram\" width=\"600\" height=\"600\" frameborder=\"0\" marginwidth=\"0\" marginheight=\"0\" scrolling=\"no\" sandbox=\"allow-scripts\" data-secret=\"F7bEhamram\" data-mce-fragment=\"1\"><\/iframe><\/p>\n<p><iframe loading=\"lazy\" class=\"wp-embedded-content\" title=\"\u00abRepresentante a la C\u00e1mara de Casanare gestiona proyecto que beneficia a t\u00eda: \u00bfHay conflicto de intereses?\u00bb \u2014 \u25b7 Noticias de Casanare : Martha Cifuentes | Casanare\" src=\"https:\/\/marthacifuentes.com\/portada\/2024\/06\/04\/representante-a-la-camara-de-casanare-gestiona-proyecto-que-beneficia-a-tia-hay-conflicto-de-intereses\/embed\/#?secret=nBGm1YE0Ne#?secret=a1dFcJ0uPJ\" width=\"600\" height=\"650\" frameborder=\"0\" marginwidth=\"0\" marginheight=\"0\" scrolling=\"no\" sandbox=\"allow-scripts\" data-secret=\"a1dFcJ0uPJ\" data-mce-fragment=\"1\"><\/iframe><\/p>\n<p><iframe loading=\"lazy\" class=\"wp-embedded-content\" title=\"\u00abMujeres buscadoras de sus desaparecidos en Casanare no desfallecen.\u00bb \u2014 \u25b7 Noticias de Casanare : Martha Cifuentes | Casanare\" src=\"https:\/\/marthacifuentes.com\/portada\/2024\/06\/04\/mujeres-buscadoras-de-sus-desaparecidos-en-casanare-no-desfallecen\/embed\/#?secret=GaWCQuZLmt#?secret=BkVhYvUE25\" width=\"600\" height=\"559\" frameborder=\"0\" marginwidth=\"0\" marginheight=\"0\" scrolling=\"no\" sandbox=\"allow-scripts\" data-secret=\"BkVhYvUE25\" data-mce-fragment=\"1\"><\/iframe><\/p>\n<p>&nbsp;<\/p>\n<p><iframe loading=\"lazy\" class=\"wp-embedded-content\" title=\"\u00abTerror en puesto de salud de Man\u00ed: Seis sujetos armados quer\u00edan rematar a un paciente.\u00bb \u2014 \u25b7 Noticias de Casanare : Martha Cifuentes | Casanare\" src=\"https:\/\/marthacifuentes.com\/portada\/2024\/06\/04\/terror-en-puesto-de-salud-de-mani-seis-sujetos-armados-querian-rematar-a-un-paciente\/embed\/#?secret=dRurjUtg46#?secret=9LajO1DNCM\" width=\"600\" height=\"621\" frameborder=\"0\" marginwidth=\"0\" marginheight=\"0\" scrolling=\"no\" sandbox=\"allow-scripts\" data-secret=\"9LajO1DNCM\" data-mce-fragment=\"1\"><\/iframe><\/p>\n<p><iframe loading=\"lazy\" class=\"wp-embedded-content\" title=\"\u00abMasacre de polic\u00edas sin olvido en Paz de Ariporo: Alias Lanza, presunto responsable, capturado 22 a\u00f1os despu\u00e9s.\u00bb \u2014 \u25b7 Noticias de Casanare : Martha Cifuentes | Casanare\" src=\"https:\/\/marthacifuentes.com\/portada\/2024\/06\/04\/masacre-de-policias-sin-olvido-en-paz-de-ariporo-alias-lanza-presunto-responsable-capturado-22-anos-despues\/embed\/#?secret=zF9QBkUvXg#?secret=ODa6twsCtR\" width=\"600\" height=\"629\" frameborder=\"0\" marginwidth=\"0\" marginheight=\"0\" scrolling=\"no\" sandbox=\"allow-scripts\" data-secret=\"ODa6twsCtR\" data-mce-fragment=\"1\"><\/iframe><\/p>\n<p><iframe loading=\"lazy\" class=\"wp-embedded-content\" title=\"\u00abCasanare y petroleras, vuelven a coquetear. Se busca futuro energ\u00e9tico sostenible.\u00bb \u2014 \u25b7 Noticias de Casanare : Martha Cifuentes | Casanare\" src=\"https:\/\/marthacifuentes.com\/portada\/2024\/05\/31\/casanare-y-petroleras-vuelven-a-coquetear-se-busca-futuro-energetico-sostenible\/embed\/#?secret=BV5pA3RGUC#?secret=6JFLUD4Uhy\" width=\"600\" height=\"621\" frameborder=\"0\" marginwidth=\"0\" marginheight=\"0\" scrolling=\"no\" sandbox=\"allow-scripts\" data-secret=\"6JFLUD4Uhy\" data-mce-fragment=\"1\"><\/iframe><\/p>\n<p><iframe loading=\"lazy\" class=\"wp-embedded-content\" title=\"\u00abCapresoca logr\u00f3 que Fundaci\u00f3n Cardiovascular de Colombia aceptara paciente beb\u00e9, previo pago anticipado\u00bb \u2014 \u25b7 Noticias de Casanare : Martha Cifuentes | Casanare\" src=\"https:\/\/marthacifuentes.com\/portada\/2024\/05\/31\/capresoca-logro-que-fundacion-cardiovascular-de-colombia-aceptara-paciente-bebe-previo-pago-anticipado\/embed\/#?secret=r7qBIMNIFE#?secret=3em5psluaC\" width=\"600\" height=\"650\" frameborder=\"0\" marginwidth=\"0\" marginheight=\"0\" scrolling=\"no\" sandbox=\"allow-scripts\" data-secret=\"3em5psluaC\" data-mce-fragment=\"1\"><\/iframe><\/p>\n<p><iframe loading=\"lazy\" class=\"wp-embedded-content\" title=\"\u00abV\u00edctimas de desaparici\u00f3n forzada en Casanare claman verdad. Periodistas apoyan su requerimiento. \u00a0\u00bb \u2014 \u25b7 Noticias de Casanare : Martha Cifuentes | Casanare\" src=\"https:\/\/marthacifuentes.com\/portada\/2024\/05\/31\/victimas-de-desaparicion-forzada-en-casanare-claman-verdad-periodistas-apoyan-su-requerimiento\/embed\/#?secret=FdkmQHAKH8#?secret=gPlHsIoweE\" width=\"600\" height=\"621\" frameborder=\"0\" marginwidth=\"0\" marginheight=\"0\" scrolling=\"no\" sandbox=\"allow-scripts\" data-secret=\"gPlHsIoweE\" data-mce-fragment=\"1\"><\/iframe><\/p>\n<p><iframe loading=\"lazy\" class=\"wp-embedded-content\" title=\"\u00abBomberos atienden damnificados en inundaciones en Yopal. Se hall\u00f3 un anciano fallecido.\u00bb \u2014 \u25b7 Noticias de Casanare : Martha Cifuentes | Casanare\" src=\"https:\/\/marthacifuentes.com\/portada\/2024\/05\/30\/bomberos-atienden-damnificados-en-inundaciones-en-yopal-se-hallo-un-anciano-fallecido\/embed\/#?secret=TImSh8YmGz#?secret=c4SXotAESt\" width=\"600\" height=\"599\" frameborder=\"0\" marginwidth=\"0\" marginheight=\"0\" scrolling=\"no\" sandbox=\"allow-scripts\" data-secret=\"c4SXotAESt\" data-mce-fragment=\"1\"><\/iframe><\/p>\n<p><iframe loading=\"lazy\" class=\"wp-embedded-content\" title=\"\u00abCapresoca logra que Hospital de Villavicencio reciba ni\u00f1a de 2 a\u00f1os\u00bb \u2014 \u25b7 Noticias de Casanare : Martha Cifuentes | Casanare\" src=\"https:\/\/marthacifuentes.com\/portada\/2024\/05\/30\/capresoca-logra-que-hospital-de-villavicencio-reciba-nina-de-2-anos\/embed\/#?secret=WxxWKzS8Ji#?secret=2gWskTUHXE\" width=\"600\" height=\"621\" frameborder=\"0\" marginwidth=\"0\" marginheight=\"0\" scrolling=\"no\" sandbox=\"allow-scripts\" data-secret=\"2gWskTUHXE\" data-mce-fragment=\"1\"><\/iframe><\/p>\n<p><iframe loading=\"lazy\" class=\"wp-embedded-content\" title=\"\u00abEmergencias por doquier en Yopal por invierno.\u00bb \u2014 \u25b7 Noticias de Casanare : Martha Cifuentes | Casanare\" src=\"https:\/\/marthacifuentes.com\/portada\/2024\/05\/30\/emergencias-por-doquier-en-yopal-por-invierno\/embed\/#?secret=gJiFgmrhRk#?secret=NkV5dyabww\" width=\"600\" height=\"591\" frameborder=\"0\" marginwidth=\"0\" marginheight=\"0\" scrolling=\"no\" sandbox=\"allow-scripts\" data-secret=\"NkV5dyabww\" data-mce-fragment=\"1\"><\/iframe><\/p>\n<p><iframe loading=\"lazy\" class=\"wp-embedded-content\" title=\"\u00abGeoPark invierte m\u00e1s de $12 mil millones en mejorar la conectividad vial en el sur de Casanare:\u00bb \u2014 \u25b7 Noticias de Casanare : Martha Cifuentes | Casanare\" src=\"https:\/\/marthacifuentes.com\/portada\/2024\/05\/30\/geopark-invierte-mas-de-12-mil-millones-en-mejorar-la-conectividad-vial-en-el-sur-de-casanare\/embed\/#?secret=337z7dqDIk#?secret=IM7uSANcQH\" width=\"600\" height=\"592\" frameborder=\"0\" marginwidth=\"0\" marginheight=\"0\" scrolling=\"no\" sandbox=\"allow-scripts\" data-secret=\"IM7uSANcQH\" data-mce-fragment=\"1\"><\/iframe><\/p>\n<p><iframe loading=\"lazy\" class=\"wp-embedded-content\" title=\"\u00abYopal vuelve al pasado. Se suspende servicio de agua indefinidamente.\u00bb \u2014 \u25b7 Noticias de Casanare : Martha Cifuentes | Casanare\" src=\"https:\/\/marthacifuentes.com\/portada\/2024\/05\/30\/yopal-vuelve-al-pasado-se-suspende-servicio-de-agua-indefinidamente\/embed\/#?secret=EcJOHjCDwQ#?secret=EEz6tALRd5\" width=\"600\" height=\"600\" frameborder=\"0\" marginwidth=\"0\" marginheight=\"0\" scrolling=\"no\" sandbox=\"allow-scripts\" data-secret=\"EEz6tALRd5\" data-mce-fragment=\"1\"><\/iframe><\/p>\n<p><iframe loading=\"lazy\" class=\"wp-embedded-content\" title=\"\u00abA la c\u00e1rcel hombre que secuestr\u00f3 y viol\u00f3 a una ni\u00f1a de 11 a\u00f1os en Casanare\u00bb \u2014 \u25b7 Noticias de Casanare : Martha Cifuentes | Casanare\" src=\"https:\/\/marthacifuentes.com\/portada\/2024\/05\/30\/a-la-carcel-hombre-que-secuestro-y-violo-a-una-nina-de-11-anos-en-casanare\/embed\/#?secret=8Gfz4sFS4Y#?secret=t2kSVAciRh\" width=\"600\" height=\"600\" frameborder=\"0\" marginwidth=\"0\" marginheight=\"0\" scrolling=\"no\" sandbox=\"allow-scripts\" data-secret=\"t2kSVAciRh\" data-mce-fragment=\"1\"><\/iframe><\/p>\n<p><iframe loading=\"lazy\" class=\"wp-embedded-content\" title=\"\u00abPlan de Desarrollo de Zorro, ajustado, fue aprobado en primer debate en la Asamblea\u00bb \u2014 \u25b7 Noticias de Casanare : Martha Cifuentes | Casanare\" src=\"https:\/\/marthacifuentes.com\/portada\/2024\/05\/29\/plan-de-desarrollo-de-zorro-ajustado-fue-aprobado-en-primer-debate-en-la-asamblea\/embed\/#?secret=5DrefzYdnd#?secret=n5AIxTkkTy\" width=\"600\" height=\"621\" frameborder=\"0\" marginwidth=\"0\" marginheight=\"0\" scrolling=\"no\" sandbox=\"allow-scripts\" data-secret=\"n5AIxTkkTy\" data-mce-fragment=\"1\"><\/iframe><\/p>\n","protected":false},"excerpt":{"rendered":"<p>Yopal se prepara para la octava edici\u00f3n de la Feria Comercial Ganadera Expomercado, organizada por la Alcald\u00eda de Yopal y la Secretar\u00eda de Desarrollo Econ\u00f3mico. Se llevar\u00e1 a cabo en el Coliseo de Ferias del 14 al 16 de junio. Este evento tradicional ofrece a los productores locales una plataforma para comprar y vender su &hellip;<\/p>\n","protected":false},"author":2,"featured_media":33392,"comment_status":"open","ping_status":"open","sticky":false,"template":"","format":"standard","meta":{"om_disable_all_campaigns":false,"_exactmetrics_skip_tracking":false,"_exactmetrics_sitenote_active":false,"_exactmetrics_sitenote_note":"","_exactmetrics_sitenote_category":0,"_monsterinsights_skip_tracking":false,"_monsterinsights_sitenote_active":false,"_monsterinsights_sitenote_note":"","_monsterinsights_sitenote_category":0,"_uf_show_specific_survey":0,"_uf_disable_surveys":false,"_joinchat":[],"footnotes":""},"categories":[147,146,145],"tags":[252,10188,154,1373,10187,10189,10186,1374,1421],"class_list":["post-33391","post","type-post","status-publish","format-standard","has-post-thumbnail","hentry","category-actualidad","category-noticias","category-reportajes","tag-alcaldia-de-yopal","tag-alcaldia-de-yopal-feria-ganadera","tag-casanare","tag-casanare-noticias","tag-expomercado-yopal","tag-feria-agroempresarial-yopal","tag-feria-ganadera-yopal","tag-noticias-de-yopal","tag-noticias-yopal"],"yoast_head":"<!-- This site is optimized with the Yoast SEO plugin v26.1 - https:\/\/yoast.com\/wordpress\/plugins\/seo\/ -->\n<title>Imperdible: 8\u00aa Feria Comercial Ganadera Expomercado en Yopal este fin de semana - \u25b7 Noticias de Casanare : Martha Cifuentes | Casanare<\/title>\n<meta name=\"robots\" content=\"index, follow, max-snippet:-1, max-image-preview:large, max-video-preview:-1\" \/>\n<link rel=\"canonical\" href=\"https:\/\/marthacifuentes.com\/portada\/imperdible-8a-feria-comercial-ganadera-expomercado-en-yopal-este-fin-de-semana\/\" \/>\n<meta property=\"og:locale\" content=\"es_ES\" \/>\n<meta property=\"og:type\" content=\"article\" \/>\n<meta property=\"og:title\" content=\"Imperdible: 8\u00aa Feria Comercial Ganadera Expomercado en Yopal este fin de semana - \u25b7 Noticias de Casanare : Martha Cifuentes | Casanare\" \/>\n<meta property=\"og:description\" content=\"Yopal se prepara para la octava edici\u00f3n de la Feria Comercial Ganadera Expomercado, organizada por la Alcald\u00eda de Yopal y la Secretar\u00eda de Desarrollo Econ\u00f3mico. Se llevar\u00e1 a cabo en el Coliseo de Ferias del 14 al 16 de junio. Este evento tradicional ofrece a los productores locales una plataforma para comprar y vender su &hellip;\" \/>\n<meta property=\"og:url\" content=\"https:\/\/marthacifuentes.com\/portada\/imperdible-8a-feria-comercial-ganadera-expomercado-en-yopal-este-fin-de-semana\/\" \/>\n<meta property=\"og:site_name\" content=\"\u25b7 Noticias de Casanare : Martha Cifuentes | Casanare\" \/>\n<meta property=\"article:published_time\" content=\"2024-06-12T14:16:20+00:00\" \/>\n<meta property=\"og:image\" content=\"https:\/\/marthacifuentes.com\/portada\/wp-content\/uploads\/2024\/06\/feria-ganadera-foto-portada.jpeg\" \/>\n\t<meta property=\"og:image:width\" content=\"1280\" \/>\n\t<meta property=\"og:image:height\" content=\"1280\" \/>\n\t<meta property=\"og:image:type\" content=\"image\/jpeg\" \/>\n<meta name=\"author\" content=\"Martha Cifuentes\" \/>\n<meta name=\"twitter:card\" content=\"summary_large_image\" \/>\n<meta name=\"twitter:label1\" content=\"Escrito por\" \/>\n\t<meta name=\"twitter:data1\" content=\"Martha Cifuentes\" \/>\n\t<meta name=\"twitter:label2\" content=\"Tiempo de lectura\" \/>\n\t<meta name=\"twitter:data2\" content=\"1 minuto\" \/>\n<script type=\"application\/ld+json\" class=\"yoast-schema-graph\">{\"@context\":\"https:\/\/schema.org\",\"@graph\":[{\"@type\":\"WebPage\",\"@id\":\"https:\/\/marthacifuentes.com\/portada\/imperdible-8a-feria-comercial-ganadera-expomercado-en-yopal-este-fin-de-semana\/\",\"url\":\"https:\/\/marthacifuentes.com\/portada\/imperdible-8a-feria-comercial-ganadera-expomercado-en-yopal-este-fin-de-semana\/\",\"name\":\"Imperdible: 8\u00aa Feria Comercial Ganadera Expomercado en Yopal este fin de semana - \u25b7 Noticias de Casanare : Martha Cifuentes | Casanare\",\"isPartOf\":{\"@id\":\"https:\/\/marthacifuentes.com\/portada\/#website\"},\"primaryImageOfPage\":{\"@id\":\"https:\/\/marthacifuentes.com\/portada\/imperdible-8a-feria-comercial-ganadera-expomercado-en-yopal-este-fin-de-semana\/#primaryimage\"},\"image\":{\"@id\":\"https:\/\/marthacifuentes.com\/portada\/imperdible-8a-feria-comercial-ganadera-expomercado-en-yopal-este-fin-de-semana\/#primaryimage\"},\"thumbnailUrl\":\"https:\/\/marthacifuentes.com\/portada\/wp-content\/uploads\/2024\/06\/feria-ganadera-foto-portada.jpeg\",\"datePublished\":\"2024-06-12T14:16:20+00:00\",\"author\":{\"@id\":\"https:\/\/marthacifuentes.com\/portada\/#\/schema\/person\/57f53174b991db5f90ff78d58502b714\"},\"breadcrumb\":{\"@id\":\"https:\/\/marthacifuentes.com\/portada\/imperdible-8a-feria-comercial-ganadera-expomercado-en-yopal-este-fin-de-semana\/#breadcrumb\"},\"inLanguage\":\"es\",\"potentialAction\":[{\"@type\":\"ReadAction\",\"target\":[\"https:\/\/marthacifuentes.com\/portada\/imperdible-8a-feria-comercial-ganadera-expomercado-en-yopal-este-fin-de-semana\/\"]}]},{\"@type\":\"ImageObject\",\"inLanguage\":\"es\",\"@id\":\"https:\/\/marthacifuentes.com\/portada\/imperdible-8a-feria-comercial-ganadera-expomercado-en-yopal-este-fin-de-semana\/#primaryimage\",\"url\":\"https:\/\/marthacifuentes.com\/portada\/wp-content\/uploads\/2024\/06\/feria-ganadera-foto-portada.jpeg\",\"contentUrl\":\"https:\/\/marthacifuentes.com\/portada\/wp-content\/uploads\/2024\/06\/feria-ganadera-foto-portada.jpeg\",\"width\":1280,\"height\":1280},{\"@type\":\"BreadcrumbList\",\"@id\":\"https:\/\/marthacifuentes.com\/portada\/imperdible-8a-feria-comercial-ganadera-expomercado-en-yopal-este-fin-de-semana\/#breadcrumb\",\"itemListElement\":[{\"@type\":\"ListItem\",\"position\":1,\"name\":\"Portada\",\"item\":\"https:\/\/marthacifuentes.com\/portada\/\"},{\"@type\":\"ListItem\",\"position\":2,\"name\":\"Imperdible: 8\u00aa Feria Comercial Ganadera Expomercado en Yopal este fin de semana\"}]},{\"@type\":\"WebSite\",\"@id\":\"https:\/\/marthacifuentes.com\/portada\/#website\",\"url\":\"https:\/\/marthacifuentes.com\/portada\/\",\"name\":\"\u25b7 Noticias de Casanare : Martha Cifuentes | Casanare\",\"description\":\"Noticias &amp; Contenidos\",\"potentialAction\":[{\"@type\":\"SearchAction\",\"target\":{\"@type\":\"EntryPoint\",\"urlTemplate\":\"https:\/\/marthacifuentes.com\/portada\/?s={search_term_string}\"},\"query-input\":{\"@type\":\"PropertyValueSpecification\",\"valueRequired\":true,\"valueName\":\"search_term_string\"}}],\"inLanguage\":\"es\"},{\"@type\":\"Person\",\"@id\":\"https:\/\/marthacifuentes.com\/portada\/#\/schema\/person\/57f53174b991db5f90ff78d58502b714\",\"name\":\"Martha Cifuentes\",\"image\":{\"@type\":\"ImageObject\",\"inLanguage\":\"es\",\"@id\":\"https:\/\/marthacifuentes.com\/portada\/#\/schema\/person\/image\/\",\"url\":\"http:\/\/marthacifuentes.com\/portada\/wp-content\/uploads\/2018\/06\/avatar_user_2_1528838701-96x96.jpg\",\"contentUrl\":\"http:\/\/marthacifuentes.com\/portada\/wp-content\/uploads\/2018\/06\/avatar_user_2_1528838701-96x96.jpg\",\"caption\":\"Martha Cifuentes\"},\"sameAs\":[\"http:\/\/www.marthacifuentes.com\"],\"url\":\"https:\/\/marthacifuentes.com\/portada\/author\/martha\/\"}]}<\/script>\n<!-- \/ Yoast SEO plugin. -->","yoast_head_json":{"title":"Imperdible: 8\u00aa Feria Comercial Ganadera Expomercado en Yopal este fin de semana - \u25b7 Noticias de Casanare : Martha Cifuentes | Casanare","robots":{"index":"index","follow":"follow","max-snippet":"max-snippet:-1","max-image-preview":"max-image-preview:large","max-video-preview":"max-video-preview:-1"},"canonical":"https:\/\/marthacifuentes.com\/portada\/imperdible-8a-feria-comercial-ganadera-expomercado-en-yopal-este-fin-de-semana\/","og_locale":"es_ES","og_type":"article","og_title":"Imperdible: 8\u00aa Feria Comercial Ganadera Expomercado en Yopal este fin de semana - \u25b7 Noticias de Casanare : Martha Cifuentes | Casanare","og_description":"Yopal se prepara para la octava edici\u00f3n de la Feria Comercial Ganadera Expomercado, organizada por la Alcald\u00eda de Yopal y la Secretar\u00eda de Desarrollo Econ\u00f3mico. Se llevar\u00e1 a cabo en el Coliseo de Ferias del 14 al 16 de junio. Este evento tradicional ofrece a los productores locales una plataforma para comprar y vender su &hellip;","og_url":"https:\/\/marthacifuentes.com\/portada\/imperdible-8a-feria-comercial-ganadera-expomercado-en-yopal-este-fin-de-semana\/","og_site_name":"\u25b7 Noticias de Casanare : Martha Cifuentes | Casanare","article_published_time":"2024-06-12T14:16:20+00:00","og_image":[{"width":1280,"height":1280,"url":"https:\/\/marthacifuentes.com\/portada\/wp-content\/uploads\/2024\/06\/feria-ganadera-foto-portada.jpeg","type":"image\/jpeg"}],"author":"Martha Cifuentes","twitter_card":"summary_large_image","twitter_misc":{"Escrito por":"Martha Cifuentes","Tiempo de lectura":"1 minuto"},"schema":{"@context":"https:\/\/schema.org","@graph":[{"@type":"WebPage","@id":"https:\/\/marthacifuentes.com\/portada\/imperdible-8a-feria-comercial-ganadera-expomercado-en-yopal-este-fin-de-semana\/","url":"https:\/\/marthacifuentes.com\/portada\/imperdible-8a-feria-comercial-ganadera-expomercado-en-yopal-este-fin-de-semana\/","name":"Imperdible: 8\u00aa Feria Comercial Ganadera Expomercado en Yopal este fin de semana - \u25b7 Noticias de Casanare : Martha Cifuentes | Casanare","isPartOf":{"@id":"https:\/\/marthacifuentes.com\/portada\/#website"},"primaryImageOfPage":{"@id":"https:\/\/marthacifuentes.com\/portada\/imperdible-8a-feria-comercial-ganadera-expomercado-en-yopal-este-fin-de-semana\/#primaryimage"},"image":{"@id":"https:\/\/marthacifuentes.com\/portada\/imperdible-8a-feria-comercial-ganadera-expomercado-en-yopal-este-fin-de-semana\/#primaryimage"},"thumbnailUrl":"https:\/\/marthacifuentes.com\/portada\/wp-content\/uploads\/2024\/06\/feria-ganadera-foto-portada.jpeg","datePublished":"2024-06-12T14:16:20+00:00","author":{"@id":"https:\/\/marthacifuentes.com\/portada\/#\/schema\/person\/57f53174b991db5f90ff78d58502b714"},"breadcrumb":{"@id":"https:\/\/marthacifuentes.com\/portada\/imperdible-8a-feria-comercial-ganadera-expomercado-en-yopal-este-fin-de-semana\/#breadcrumb"},"inLanguage":"es","potentialAction":[{"@type":"ReadAction","target":["https:\/\/marthacifuentes.com\/portada\/imperdible-8a-feria-comercial-ganadera-expomercado-en-yopal-este-fin-de-semana\/"]}]},{"@type":"ImageObject","inLanguage":"es","@id":"https:\/\/marthacifuentes.com\/portada\/imperdible-8a-feria-comercial-ganadera-expomercado-en-yopal-este-fin-de-semana\/#primaryimage","url":"https:\/\/marthacifuentes.com\/portada\/wp-content\/uploads\/2024\/06\/feria-ganadera-foto-portada.jpeg","contentUrl":"https:\/\/marthacifuentes.com\/portada\/wp-content\/uploads\/2024\/06\/feria-ganadera-foto-portada.jpeg","width":1280,"height":1280},{"@type":"BreadcrumbList","@id":"https:\/\/marthacifuentes.com\/portada\/imperdible-8a-feria-comercial-ganadera-expomercado-en-yopal-este-fin-de-semana\/#breadcrumb","itemListElement":[{"@type":"ListItem","position":1,"name":"Portada","item":"https:\/\/marthacifuentes.com\/portada\/"},{"@type":"ListItem","position":2,"name":"Imperdible: 8\u00aa Feria Comercial Ganadera Expomercado en Yopal este fin de semana"}]},{"@type":"WebSite","@id":"https:\/\/marthacifuentes.com\/portada\/#website","url":"https:\/\/marthacifuentes.com\/portada\/","name":"\u25b7 Noticias de Casanare : Martha Cifuentes | Casanare","description":"Noticias &amp; Contenidos","potentialAction":[{"@type":"SearchAction","target":{"@type":"EntryPoint","urlTemplate":"https:\/\/marthacifuentes.com\/portada\/?s={search_term_string}"},"query-input":{"@type":"PropertyValueSpecification","valueRequired":true,"valueName":"search_term_string"}}],"inLanguage":"es"},{"@type":"Person","@id":"https:\/\/marthacifuentes.com\/portada\/#\/schema\/person\/57f53174b991db5f90ff78d58502b714","name":"Martha Cifuentes","image":{"@type":"ImageObject","inLanguage":"es","@id":"https:\/\/marthacifuentes.com\/portada\/#\/schema\/person\/image\/","url":"http:\/\/marthacifuentes.com\/portada\/wp-content\/uploads\/2018\/06\/avatar_user_2_1528838701-96x96.jpg","contentUrl":"http:\/\/marthacifuentes.com\/portada\/wp-content\/uploads\/2018\/06\/avatar_user_2_1528838701-96x96.jpg","caption":"Martha Cifuentes"},"sameAs":["http:\/\/www.marthacifuentes.com"],"url":"https:\/\/marthacifuentes.com\/portada\/author\/martha\/"}]}},"_links":{"self":[{"href":"https:\/\/marthacifuentes.com\/portada\/wp-json\/wp\/v2\/posts\/33391","targetHints":{"allow":["GET"]}}],"collection":[{"href":"https:\/\/marthacifuentes.com\/portada\/wp-json\/wp\/v2\/posts"}],"about":[{"href":"https:\/\/marthacifuentes.com\/portada\/wp-json\/wp\/v2\/types\/post"}],"author":[{"embeddable":true,"href":"https:\/\/marthacifuentes.com\/portada\/wp-json\/wp\/v2\/users\/2"}],"replies":[{"embeddable":true,"href":"https:\/\/marthacifuentes.com\/portada\/wp-json\/wp\/v2\/comments?post=33391"}],"version-history":[{"count":1,"href":"https:\/\/marthacifuentes.com\/portada\/wp-json\/wp\/v2\/posts\/33391\/revisions"}],"predecessor-version":[{"id":33396,"href":"https:\/\/marthacifuentes.com\/portada\/wp-json\/wp\/v2\/posts\/33391\/revisions\/33396"}],"wp:featuredmedia":[{"embeddable":true,"href":"https:\/\/marthacifuentes.com\/portada\/wp-json\/wp\/v2\/media\/33392"}],"wp:attachment":[{"href":"https:\/\/marthacifuentes.com\/portada\/wp-json\/wp\/v2\/media?parent=33391"}],"wp:term":[{"taxonomy":"category","embeddable":true,"href":"https:\/\/marthacifuentes.com\/portada\/wp-json\/wp\/v2\/categories?post=33391"},{"taxonomy":"post_tag","embeddable":true,"href":"https:\/\/marthacifuentes.com\/portada\/wp-json\/wp\/v2\/tags?post=33391"}],"curies":[{"name":"wp","href":"https:\/\/api.w.org\/{rel}","templated":true}]}}