{"id":33416,"date":"2024-06-13T10:20:21","date_gmt":"2024-06-13T15:20:21","guid":{"rendered":"https:\/\/marthacifuentes.com\/portada\/?p=33416"},"modified":"2024-06-13T10:20:21","modified_gmt":"2024-06-13T15:20:21","slug":"petro-cuestiona-silencio-de-justicia-colombiana-en-caso-de-chiquita-brands-y-su-financiacion-a-paramilitares","status":"publish","type":"post","link":"https:\/\/marthacifuentes.com\/portada\/petro-cuestiona-silencio-de-justicia-colombiana-en-caso-de-chiquita-brands-y-su-financiacion-a-paramilitares\/","title":{"rendered":"Petro cuestiona silencio de justicia colombiana en caso de Chiquita Brands y su financiaci\u00f3n a paramilitares"},"content":{"rendered":"<p>El presidente Gustavo Petro cuestion\u00f3 el silencio de la justicia colombiana frente a la financiaci\u00f3n por parte de la multinacional bananera que operaba en Urab\u00e1, Chiquita Brands, al paramilitarismo de las Autodefensas Unidas de Colombia (AUC).<\/p>\n<p>&nbsp;<\/p>\n<p>\u201c\u00bfPor qu\u00e9 es la justicia de Estados Unidos la que llega a la verdad y por qu\u00e9 no es la justicia colombiana? \u00bfPor qu\u00e9 no fue la Fiscal\u00eda, que ten\u00eda la obligaci\u00f3n de llevar al fondo de la verdad judicial el proceso del paramilitarismo en Urab\u00e1 y, por tanto, las acusaciones y confesiones que los mismos paramilitares hicieron alrededor del papel de esta empresa norteamericana, a la que hoy la justicia de los Estados Unidos acusa y condena?&#8217;, precis\u00f3 el mandatario.<\/p>\n<p>&nbsp;<\/p>\n<p>Y continu\u00f3: \u201c\u00bfPorque el Fiscal era N\u00e9stor Humberto Mart\u00ednez? \u00bfPorque quien gobernaba la justicia era el cartel de la toga? \u00bfPorque despu\u00e9s de la excelsa Corte Suprema de Justicia que origin\u00f3 el proceso de la parapol\u00edtica y llev\u00f3 al 35 por ciento del Senado a la c\u00e1rcel, lo que sigui\u00f3 fue una retoma corrupta y paramilitar de la justicia en Colombia?&#8217;.<\/p>\n<p>&nbsp;<\/p>\n<p><strong>\u00bfPor qu\u00e9 el silencio de la justicia colombiana?<\/strong><\/p>\n<p>El jefe de Estado sostuvo que \u201cestos personajes entonces encubrieron la verdad en contra del tercer eje del Acuerdo de Paz Santos-Farc (la verdad judicial), que se ha entregado a la humanidad como un compromiso a trav\u00e9s de la figura de la Declaraci\u00f3n Unilateral de Estado&#8217;.<\/p>\n<p>&nbsp;<\/p>\n<p>En este sentido, rememor\u00f3 las conexiones entre Chiquita Brands y la empresa\u00a0<em>United Fruit Company<\/em>, la misma que en 1928 protagoniz\u00f3 la masacre de las bananeras y asesin\u00f3 a los trabajadores en el Magdalena, cerca de Santa Marta.<\/p>\n<p>&nbsp;<\/p>\n<p>El Presidente destac\u00f3 que el representante a la C\u00e1mara de ese entonces, Jorge Eliecer Gait\u00e1n, denunci\u00f3 la masacre de las bananeras, en un debate parlamentario, y despu\u00e9s lo asesinaron.<\/p>\n<p>&nbsp;<\/p>\n<p>\u201cEsa empresa\u00a0<em>United Fruit Company<\/em>\u00a0es la misma empresa que ahora, como\u00a0<em>Chiquita Brands,<\/em>\u00a0pagando unos centavos de d\u00f3lar por cada caja de banano, como lo denunci\u00e9 en el Senado de la Rep\u00fablica hace tiempos, financi\u00f3 el paramilitarismo para asesinar al pueblo trabajador del Urab\u00e1&#8217;, recalc\u00f3.<\/p>\n<p>&nbsp;<\/p>\n<p>Agreg\u00f3 que\u00a0<em>Chiquita Brands<\/em>\u00a0\u201cle dio un impulso a la fuerza depredadora y asesina que gener\u00f3, en mi opini\u00f3n, un genocidio en el pa\u00eds&#8217;.<\/p>\n<p>\u201cHan matado a 35 mil palestinos con bombas en estos meses. Al pueblo colombiano le mataron 200 mil colombianos con sierra el\u00e9ctrica y disparos en pocos a\u00f1os. Pero mi pregunta es: \u00bfpor qu\u00e9 es la justicia de Estados Unidos la que llega a la verdad? \u00bfY por qu\u00e9 no es la justicia colombiana? \u201c.<\/p>\n<p>&nbsp;<\/p>\n<p><strong>Acuerdo de Paz incumplido<\/strong><\/p>\n<p>El jefe de Estado concluy\u00f3 que los tres ejes del Acuerdo de Paz entre el Estado colombiano y las Farc\u00a0<em>(reforma agraria, transformaci\u00f3n del territorio y verdad judicial)\u00a0<\/em>se han incumplido.<\/p>\n<p>&nbsp;<\/p>\n<p>\u201c\u00bfLos tres ejes incumplidos? \u00bfPor qu\u00e9 la oligarqu\u00eda de Colombia no es capaz de hacer un acuerdo nacional para cambiar las normas que nos permitan tener una reforma agraria, transformar el territorio excluido y obtener la verdad judicial? \u00bfPor eso quieren tumbar al Gobierno del Cambio? \u00bfSe asustaron con el pueblo?&#8217;, sostuvo.<\/p>\n<p>&nbsp;<\/p>\n<p>En su discurso, al referirse al poder constituyente, el presidente Petro llam\u00f3 a los colombianos y colombianas a expresarse, porque \u2013dijo\u2013 \u201cellos van a intentar acorralar al Gobierno, y el pueblo colombiano tiene no solo que detenerlos, sino decidir sobre estos ejes que benefician a la gran mayor\u00eda de la poblaci\u00f3n colombiana&#8217;.<\/p>\n<p>&nbsp;<\/p>\n<p><a href=\"https:\/\/youtu.be\/FvPwUpK5o-w\"><em>https:\/\/youtu.be\/FvPwUpK5o-w<\/em><\/a><em>\u00a0 <\/em><\/p>\n<p>&nbsp;<\/p>\n<h2 data-sourcepos=\"9:1-9:416\"><strong>Otras noticias\u2026<\/strong><\/h2>\n<blockquote class=\"wp-embedded-content\" data-secret=\"QihzBFECgh\"><p><a href=\"https:\/\/marthacifuentes.com\/portada\/2024\/06\/13\/en-nueva-torre-de-horo-se-plantea-servicios-en-oncologia-unidad-renal-uci-y-cardiologia-no-invasiva\/\">En nueva torre de Horo se plantea servicios en oncolog\u00eda, unidad renal, UCI y cardiolog\u00eda no invasiva<\/a><\/p><\/blockquote>\n<p><iframe loading=\"lazy\" class=\"wp-embedded-content\" sandbox=\"allow-scripts\" security=\"restricted\" style=\"position: absolute; clip: rect(1px, 1px, 1px, 1px);\" title=\"\u00abEn nueva torre de Horo se plantea servicios en oncolog\u00eda, unidad renal, UCI y cardiolog\u00eda no invasiva\u00bb \u2014 \u25b7 Noticias de Casanare : Martha Cifuentes | Casanare\" src=\"https:\/\/marthacifuentes.com\/portada\/2024\/06\/13\/en-nueva-torre-de-horo-se-plantea-servicios-en-oncologia-unidad-renal-uci-y-cardiologia-no-invasiva\/embed\/#?secret=CuBGqAUsTZ#?secret=QihzBFECgh\" data-secret=\"QihzBFECgh\" width=\"500\" height=\"282\" frameborder=\"0\" marginwidth=\"0\" marginheight=\"0\" scrolling=\"no\"><\/iframe><\/p>\n<p><iframe loading=\"lazy\" class=\"wp-embedded-content\" title=\"\u00abCapturado cabecilla y coordinador de extorsiones del Clan del Golfo en Casanare y Meta\u00bb \u2014 \u25b7 Noticias de Casanare : Martha Cifuentes | Casanare\" src=\"https:\/\/marthacifuentes.com\/portada\/2024\/06\/13\/capturado-cabecilla-y-coordinador-de-extorsiones-del-clan-del-golfo-en-casanare-y-meta\/embed\/#?secret=MTXjAVEcW9#?secret=v3nwv6DOZ9\" width=\"600\" height=\"621\" frameborder=\"0\" marginwidth=\"0\" marginheight=\"0\" scrolling=\"no\" sandbox=\"allow-scripts\" data-secret=\"v3nwv6DOZ9\" data-mce-fragment=\"1\"><\/iframe><\/p>\n<p><iframe loading=\"lazy\" class=\"wp-embedded-content\" title=\"\u00abPetro solicita realizar auditor\u00eda forense a inversi\u00f3n de OCAD Paz y de Regal\u00edas\u00bb \u2014 \u25b7 Noticias de Casanare : Martha Cifuentes | Casanare\" src=\"https:\/\/marthacifuentes.com\/portada\/2024\/06\/12\/petro-solicita-realizar-auditoria-forense-a-inversion-de-ocad-paz-y-de-regalias\/embed\/#?secret=9zBSTpbNaV#?secret=a3iQshPwiH\" width=\"600\" height=\"573\" frameborder=\"0\" marginwidth=\"0\" marginheight=\"0\" scrolling=\"no\" sandbox=\"allow-scripts\" data-secret=\"a3iQshPwiH\" data-mce-fragment=\"1\"><\/iframe><\/p>\n<p><iframe loading=\"lazy\" class=\"wp-embedded-content\" title=\"\u00abV\u00edctimas de desaparici\u00f3n forzadas piden a Petro abrir mesas de reconciliaci\u00f3n en c\u00e1rceles\u00bb \u2014 \u25b7 Noticias de Casanare : Martha Cifuentes | Casanare\" src=\"https:\/\/marthacifuentes.com\/portada\/2024\/06\/12\/victimas-de-desaparicion-forzadas-piden-a-petro-abrir-mesas-de-reconciliacion-en-carceles\/embed\/#?secret=5cuSCgZsQB#?secret=QS1JVKwokX\" width=\"600\" height=\"578\" frameborder=\"0\" marginwidth=\"0\" marginheight=\"0\" scrolling=\"no\" sandbox=\"allow-scripts\" data-secret=\"QS1JVKwokX\" data-mce-fragment=\"1\"><\/iframe><\/p>\n<p><iframe loading=\"lazy\" class=\"wp-embedded-content\" title=\"\u00abLuis Carlos Reyes, Mr. Taxes, de la DIAN al Ministerio de Comercio del gobierno Petro\u00bb \u2014 \u25b7 Noticias de Casanare : Martha Cifuentes | Casanare\" src=\"https:\/\/marthacifuentes.com\/portada\/2024\/06\/12\/luis-carlos-reyes-mr-taxes-de-la-dian-al-ministerio-de-comercio-del-gobierno-petro\/embed\/#?secret=FZz1lOuDqR#?secret=YZ6AAIvu9j\" width=\"600\" height=\"621\" frameborder=\"0\" marginwidth=\"0\" marginheight=\"0\" scrolling=\"no\" sandbox=\"allow-scripts\" data-secret=\"YZ6AAIvu9j\" data-mce-fragment=\"1\"><\/iframe><\/p>\n<p><iframe loading=\"lazy\" class=\"wp-embedded-content\" title=\"\u00abImperdible: 8\u00aa Feria Comercial Ganadera Expomercado en Yopal este fin de semana\u00bb \u2014 \u25b7 Noticias de Casanare : Martha Cifuentes | Casanare\" src=\"https:\/\/marthacifuentes.com\/portada\/2024\/06\/12\/imperdible-8a-feria-comercial-ganadera-expomercado-en-yopal-este-fin-de-semana\/embed\/#?secret=casfxkYeyo#?secret=lTiCa7ulVT\" width=\"600\" height=\"600\" frameborder=\"0\" marginwidth=\"0\" marginheight=\"0\" scrolling=\"no\" sandbox=\"allow-scripts\" data-secret=\"lTiCa7ulVT\" data-mce-fragment=\"1\"><\/iframe><\/p>\n<p><iframe loading=\"lazy\" class=\"wp-embedded-content\" title=\"\u00ab30 l\u00edderes sociales amenazados en Yopal. Ya uno fue asesinado. Se urge medidas de protecci\u00f3n.\u00bb \u2014 \u25b7 Noticias de Casanare : Martha Cifuentes | Casanare\" src=\"https:\/\/marthacifuentes.com\/portada\/2024\/06\/12\/30-lideres-sociales-amenazados-en-yopal-ya-uno-fue-asesinado-se-urge-medidas-de-proteccion\/embed\/#?secret=36TMGBDG2j#?secret=afEN69VyOO\" width=\"600\" height=\"621\" frameborder=\"0\" marginwidth=\"0\" marginheight=\"0\" scrolling=\"no\" sandbox=\"allow-scripts\" data-secret=\"afEN69VyOO\" data-mce-fragment=\"1\"><\/iframe><\/p>\n<p><iframe loading=\"lazy\" class=\"wp-embedded-content\" title=\"\u00abCapturados sicarios del Clan del Golfo que violentaban poblaci\u00f3n en Casanare, Meta y Vichada.\u00bb \u2014 \u25b7 Noticias de Casanare : Martha Cifuentes | Casanare\" src=\"https:\/\/marthacifuentes.com\/portada\/2024\/06\/11\/capturados-sicarios-del-clan-del-golfo-que-violentaban-poblacion-en-casanare-meta-y-vichada\/embed\/#?secret=ZvK5gFItgg#?secret=zzPcWvqi08\" width=\"600\" height=\"611\" frameborder=\"0\" marginwidth=\"0\" marginheight=\"0\" scrolling=\"no\" sandbox=\"allow-scripts\" data-secret=\"zzPcWvqi08\" data-mce-fragment=\"1\"><\/iframe><\/p>\n<p><iframe loading=\"lazy\" class=\"wp-embedded-content\" title=\"\u00abTristeza en Labranzagrande y Pisba por desaparici\u00f3n de 4 campesinos en deslizamiento de tierra\u00bb \u2014 \u25b7 Noticias de Casanare : Martha Cifuentes | Casanare\" src=\"https:\/\/marthacifuentes.com\/portada\/2024\/06\/11\/tristeza-en-labranzagrande-y-pisba-por-desaparicion-de-4-campesinos-en-deslizamiento-de-tierra\/embed\/#?secret=u085ghxYdl#?secret=9xTxWe4uS1\" width=\"600\" height=\"621\" frameborder=\"0\" marginwidth=\"0\" marginheight=\"0\" scrolling=\"no\" sandbox=\"allow-scripts\" data-secret=\"9xTxWe4uS1\" data-mce-fragment=\"1\"><\/iframe><\/p>\n<p><iframe loading=\"lazy\" class=\"wp-embedded-content\" title=\"\u00abPresidente Petro ratifica que no est\u00e1 interesado en hacerse reelegir.\u00bb \u2014 \u25b7 Noticias de Casanare : Martha Cifuentes | Casanare\" src=\"https:\/\/marthacifuentes.com\/portada\/2024\/06\/07\/presidente-petro-ratifica-que-no-se-esta-interesado-en-hacerse-reelegir\/embed\/#?secret=HP881OHJ5G#?secret=86qeCvKtrR\" width=\"600\" height=\"600\" frameborder=\"0\" marginwidth=\"0\" marginheight=\"0\" scrolling=\"no\" sandbox=\"allow-scripts\" data-secret=\"86qeCvKtrR\" data-mce-fragment=\"1\"><\/iframe><\/p>\n<p><iframe loading=\"lazy\" class=\"wp-embedded-content\" title=\"\u00abDos concejales en l\u00edos jur\u00eddicos elegidos en mesa directiva del Concejo de Yopal para 2025\u00bb \u2014 \u25b7 Noticias de Casanare : Martha Cifuentes | Casanare\" src=\"https:\/\/marthacifuentes.com\/portada\/2024\/06\/07\/dos-concejales-en-lios-juridicos-elegidos-en-mesa-directiva-del-concejo-de-yopal-para-2025\/embed\/#?secret=HHoQZwHoCY#?secret=vc5l3RMDd5\" width=\"600\" height=\"620\" frameborder=\"0\" marginwidth=\"0\" marginheight=\"0\" scrolling=\"no\" sandbox=\"allow-scripts\" data-secret=\"vc5l3RMDd5\" data-mce-fragment=\"1\"><\/iframe><\/p>\n<p><iframe loading=\"lazy\" class=\"wp-embedded-content\" title=\"\u00abCombates entre Ej\u00e9rcito y disidencias de las Farc en l\u00edmites entre S\u00e1cama y La Salina. Se busca a alias \u2018Antonio Medina\u2019.\u00bb \u2014 \u25b7 Noticias de Casanare : Martha Cifuentes | Casanare\" src=\"https:\/\/marthacifuentes.com\/portada\/2024\/06\/07\/combates-entre-ejercito-y-disidencias-de-las-farc-en-limites-entre-sacama-y-la-salina-se-busca-a-alias-antonio-medina\/embed\/#?secret=x1p5N9ycsA#?secret=hlf6UX1v76\" width=\"600\" height=\"649\" frameborder=\"0\" marginwidth=\"0\" marginheight=\"0\" scrolling=\"no\" sandbox=\"allow-scripts\" data-secret=\"hlf6UX1v76\" data-mce-fragment=\"1\"><\/iframe><\/p>\n<p><iframe loading=\"lazy\" class=\"wp-embedded-content\" title=\"\u00ab\u00bfPor qu\u00e9 el Consejo de Estado le neg\u00f3 la p\u00e9rdida de investidura al parlamentario Hugo Archila?\u00bb \u2014 \u25b7 Noticias de Casanare : Martha Cifuentes | Casanare\" src=\"https:\/\/marthacifuentes.com\/portada\/2024\/06\/06\/por-que-el-consejo-de-estado-le-nego-la-perdida-de-investidura-al-parlamentario-hugo-archila\/embed\/#?secret=XlVp3nLOqp#?secret=nEvHTqk3w9\" width=\"600\" height=\"621\" frameborder=\"0\" marginwidth=\"0\" marginheight=\"0\" scrolling=\"no\" sandbox=\"allow-scripts\" data-secret=\"nEvHTqk3w9\" data-mce-fragment=\"1\"><\/iframe><\/p>\n<p><iframe loading=\"lazy\" class=\"wp-embedded-content\" title=\"\u00ab$15 mil millones se pierde al d\u00eda por cierres viales entre Casanare y Boyac\u00e1: Zorro\u00bb \u2014 \u25b7 Noticias de Casanare : Martha Cifuentes | Casanare\" src=\"https:\/\/marthacifuentes.com\/portada\/2024\/06\/06\/15-mil-millones-se-pierde-al-dia-por-cierres-viales-entre-casanare-y-boyaca-zorro\/embed\/#?secret=v3cnu2jUSO#?secret=zkyase0K0b\" width=\"600\" height=\"621\" frameborder=\"0\" marginwidth=\"0\" marginheight=\"0\" scrolling=\"no\" sandbox=\"allow-scripts\" data-secret=\"zkyase0K0b\" data-mce-fragment=\"1\"><\/iframe><\/p>\n<p><iframe loading=\"lazy\" class=\"wp-embedded-content\" title=\"\u00abAeropuerto El Alcarav\u00e1n de Yopal a poco de ser Internacional. Aprobado en la C\u00e1mara en \u00faltimo debate\u00bb \u2014 \u25b7 Noticias de Casanare : Martha Cifuentes | Casanare\" src=\"https:\/\/marthacifuentes.com\/portada\/2024\/06\/06\/aeropuerto-el-alcaravan-de-yopal-a-poco-de-ser-internacional-aprobado-en-la-camara-en-ultimo-debate\/embed\/#?secret=lTke94QXXW#?secret=39vtiU58bJ\" width=\"600\" height=\"650\" frameborder=\"0\" marginwidth=\"0\" marginheight=\"0\" scrolling=\"no\" sandbox=\"allow-scripts\" data-secret=\"39vtiU58bJ\" data-mce-fragment=\"1\"><\/iframe><\/p>\n<p><iframe loading=\"lazy\" class=\"wp-embedded-content\" title=\"\u00ab32 a\u00f1os de prisi\u00f3n para feminicida de Yolennis Jim\u00e9nez en Yopal\u00bb \u2014 \u25b7 Noticias de Casanare : Martha Cifuentes | Casanare\" src=\"https:\/\/marthacifuentes.com\/portada\/2024\/06\/06\/32-anos-de-prision-para-feminicida-de-yolennis-jimenez-en-yopal\/embed\/#?secret=jucmHOudb1#?secret=USXi5KQmV3\" width=\"600\" height=\"600\" frameborder=\"0\" marginwidth=\"0\" marginheight=\"0\" scrolling=\"no\" sandbox=\"allow-scripts\" data-secret=\"USXi5KQmV3\" data-mce-fragment=\"1\"><\/iframe><\/p>\n<p><iframe loading=\"lazy\" class=\"wp-embedded-content\" title=\"\u00abAsesinado l\u00edder social de EL Morro, Yopal. Estaba amenazado\u00bb \u2014 \u25b7 Noticias de Casanare : Martha Cifuentes | Casanare\" src=\"https:\/\/marthacifuentes.com\/portada\/2024\/06\/06\/asesinado-lider-social-de-el-morro-yopal-estaba-amenazado\/embed\/#?secret=Maco9sOkMO#?secret=CSDXpkkJaq\" width=\"600\" height=\"621\" frameborder=\"0\" marginwidth=\"0\" marginheight=\"0\" scrolling=\"no\" sandbox=\"allow-scripts\" data-secret=\"CSDXpkkJaq\" data-mce-fragment=\"1\"><\/iframe><\/p>\n<p><iframe loading=\"lazy\" class=\"wp-embedded-content\" title=\"\u00abTribunal anul\u00f3 lo actuado en demandas contra elecci\u00f3n del alcalde de Yopal Marco Tulio Ruiz\u00bb \u2014 \u25b7 Noticias de Casanare : Martha Cifuentes | Casanare\" src=\"https:\/\/marthacifuentes.com\/portada\/2024\/06\/06\/tribunal-anulo-lo-actuado-en-demandas-contra-eleccion-del-alcalde-de-yopal-marco-tulio-ruiz\/embed\/#?secret=aEYc9u49Ui#?secret=R0eappmIx6\" width=\"600\" height=\"621\" frameborder=\"0\" marginwidth=\"0\" marginheight=\"0\" scrolling=\"no\" sandbox=\"allow-scripts\" data-secret=\"R0eappmIx6\" data-mce-fragment=\"1\"><\/iframe><\/p>\n<p><iframe loading=\"lazy\" class=\"wp-embedded-content\" title=\"\u00ab\u00bfError contable o maquillaje de cifras? Capresoca qued\u00f3 fuera del top 5 de EPS con reservas t\u00e9cnicas\u00bb \u2014 \u25b7 Noticias de Casanare : Martha Cifuentes | Casanare\" src=\"https:\/\/marthacifuentes.com\/portada\/2024\/06\/05\/error-contable-o-maquillaje-de-cifras-capresoca-quedo-fuera-del-top-5-de-eps-con-reservas-tecnicas\/embed\/#?secret=RHc0UujLzN#?secret=xDQDCET2mK\" width=\"600\" height=\"600\" frameborder=\"0\" marginwidth=\"0\" marginheight=\"0\" scrolling=\"no\" sandbox=\"allow-scripts\" data-secret=\"xDQDCET2mK\" data-mce-fragment=\"1\"><\/iframe><\/p>\n<p><iframe loading=\"lazy\" class=\"wp-embedded-content\" title=\"\u00abMan\u00ed violento: un venezolano muerto y un herido deja ataque a bala en un bar\u00bb \u2014 \u25b7 Noticias de Casanare : Martha Cifuentes | Casanare\" src=\"https:\/\/marthacifuentes.com\/portada\/2024\/06\/05\/mani-violento-un-venezolano-muerto-y-un-herido-deja-ataque-a-bala-en-un-bar\/embed\/#?secret=J21Spez9RP#?secret=F7bEhamram\" width=\"600\" height=\"600\" frameborder=\"0\" marginwidth=\"0\" marginheight=\"0\" scrolling=\"no\" sandbox=\"allow-scripts\" data-secret=\"F7bEhamram\" data-mce-fragment=\"1\"><\/iframe><\/p>\n<p><iframe loading=\"lazy\" class=\"wp-embedded-content\" title=\"\u00abRepresentante a la C\u00e1mara de Casanare gestiona proyecto que beneficia a t\u00eda: \u00bfHay conflicto de intereses?\u00bb \u2014 \u25b7 Noticias de Casanare : Martha Cifuentes | Casanare\" src=\"https:\/\/marthacifuentes.com\/portada\/2024\/06\/04\/representante-a-la-camara-de-casanare-gestiona-proyecto-que-beneficia-a-tia-hay-conflicto-de-intereses\/embed\/#?secret=nBGm1YE0Ne#?secret=a1dFcJ0uPJ\" width=\"600\" height=\"650\" frameborder=\"0\" marginwidth=\"0\" marginheight=\"0\" scrolling=\"no\" sandbox=\"allow-scripts\" data-secret=\"a1dFcJ0uPJ\" data-mce-fragment=\"1\"><\/iframe><\/p>\n<p><iframe loading=\"lazy\" class=\"wp-embedded-content\" title=\"\u00abMujeres buscadoras de sus desaparecidos en Casanare no desfallecen.\u00bb \u2014 \u25b7 Noticias de Casanare : Martha Cifuentes | Casanare\" src=\"https:\/\/marthacifuentes.com\/portada\/2024\/06\/04\/mujeres-buscadoras-de-sus-desaparecidos-en-casanare-no-desfallecen\/embed\/#?secret=GaWCQuZLmt#?secret=BkVhYvUE25\" width=\"600\" height=\"559\" frameborder=\"0\" marginwidth=\"0\" marginheight=\"0\" scrolling=\"no\" sandbox=\"allow-scripts\" data-secret=\"BkVhYvUE25\" data-mce-fragment=\"1\"><\/iframe><\/p>\n<p>&nbsp;<\/p>\n<p><iframe loading=\"lazy\" class=\"wp-embedded-content\" title=\"\u00abTerror en puesto de salud de Man\u00ed: Seis sujetos armados quer\u00edan rematar a un paciente.\u00bb \u2014 \u25b7 Noticias de Casanare : Martha Cifuentes | Casanare\" src=\"https:\/\/marthacifuentes.com\/portada\/2024\/06\/04\/terror-en-puesto-de-salud-de-mani-seis-sujetos-armados-querian-rematar-a-un-paciente\/embed\/#?secret=dRurjUtg46#?secret=9LajO1DNCM\" width=\"600\" height=\"621\" frameborder=\"0\" marginwidth=\"0\" marginheight=\"0\" scrolling=\"no\" sandbox=\"allow-scripts\" data-secret=\"9LajO1DNCM\" data-mce-fragment=\"1\"><\/iframe><\/p>\n<p><iframe loading=\"lazy\" class=\"wp-embedded-content\" title=\"\u00abMasacre de polic\u00edas sin olvido en Paz de Ariporo: Alias Lanza, presunto responsable, capturado 22 a\u00f1os despu\u00e9s.\u00bb \u2014 \u25b7 Noticias de Casanare : Martha Cifuentes | Casanare\" src=\"https:\/\/marthacifuentes.com\/portada\/2024\/06\/04\/masacre-de-policias-sin-olvido-en-paz-de-ariporo-alias-lanza-presunto-responsable-capturado-22-anos-despues\/embed\/#?secret=zF9QBkUvXg#?secret=ODa6twsCtR\" width=\"600\" height=\"629\" frameborder=\"0\" marginwidth=\"0\" marginheight=\"0\" scrolling=\"no\" sandbox=\"allow-scripts\" data-secret=\"ODa6twsCtR\" data-mce-fragment=\"1\"><\/iframe><\/p>\n<p><iframe loading=\"lazy\" class=\"wp-embedded-content\" title=\"\u00abCasanare y petroleras, vuelven a coquetear. Se busca futuro energ\u00e9tico sostenible.\u00bb \u2014 \u25b7 Noticias de Casanare : Martha Cifuentes | Casanare\" src=\"https:\/\/marthacifuentes.com\/portada\/2024\/05\/31\/casanare-y-petroleras-vuelven-a-coquetear-se-busca-futuro-energetico-sostenible\/embed\/#?secret=BV5pA3RGUC#?secret=6JFLUD4Uhy\" width=\"600\" height=\"621\" frameborder=\"0\" marginwidth=\"0\" marginheight=\"0\" scrolling=\"no\" sandbox=\"allow-scripts\" data-secret=\"6JFLUD4Uhy\" data-mce-fragment=\"1\"><\/iframe><\/p>\n<p><iframe loading=\"lazy\" class=\"wp-embedded-content\" title=\"\u00abCapresoca logr\u00f3 que Fundaci\u00f3n Cardiovascular de Colombia aceptara paciente beb\u00e9, previo pago anticipado\u00bb \u2014 \u25b7 Noticias de Casanare : Martha Cifuentes | Casanare\" src=\"https:\/\/marthacifuentes.com\/portada\/2024\/05\/31\/capresoca-logro-que-fundacion-cardiovascular-de-colombia-aceptara-paciente-bebe-previo-pago-anticipado\/embed\/#?secret=r7qBIMNIFE#?secret=3em5psluaC\" width=\"600\" height=\"650\" frameborder=\"0\" marginwidth=\"0\" marginheight=\"0\" scrolling=\"no\" sandbox=\"allow-scripts\" data-secret=\"3em5psluaC\" data-mce-fragment=\"1\"><\/iframe><\/p>\n<p><iframe loading=\"lazy\" class=\"wp-embedded-content\" title=\"\u00abV\u00edctimas de desaparici\u00f3n forzada en Casanare claman verdad. Periodistas apoyan su requerimiento. \u00a0\u00bb \u2014 \u25b7 Noticias de Casanare : Martha Cifuentes | Casanare\" src=\"https:\/\/marthacifuentes.com\/portada\/2024\/05\/31\/victimas-de-desaparicion-forzada-en-casanare-claman-verdad-periodistas-apoyan-su-requerimiento\/embed\/#?secret=FdkmQHAKH8#?secret=gPlHsIoweE\" width=\"600\" height=\"621\" frameborder=\"0\" marginwidth=\"0\" marginheight=\"0\" scrolling=\"no\" sandbox=\"allow-scripts\" data-secret=\"gPlHsIoweE\" data-mce-fragment=\"1\"><\/iframe><\/p>\n<p><iframe loading=\"lazy\" class=\"wp-embedded-content\" title=\"\u00abBomberos atienden damnificados en inundaciones en Yopal. Se hall\u00f3 un anciano fallecido.\u00bb \u2014 \u25b7 Noticias de Casanare : Martha Cifuentes | Casanare\" src=\"https:\/\/marthacifuentes.com\/portada\/2024\/05\/30\/bomberos-atienden-damnificados-en-inundaciones-en-yopal-se-hallo-un-anciano-fallecido\/embed\/#?secret=TImSh8YmGz#?secret=c4SXotAESt\" width=\"600\" height=\"599\" frameborder=\"0\" marginwidth=\"0\" marginheight=\"0\" scrolling=\"no\" sandbox=\"allow-scripts\" data-secret=\"c4SXotAESt\" data-mce-fragment=\"1\"><\/iframe><\/p>\n<p><iframe loading=\"lazy\" class=\"wp-embedded-content\" title=\"\u00abCapresoca logra que Hospital de Villavicencio reciba ni\u00f1a de 2 a\u00f1os\u00bb \u2014 \u25b7 Noticias de Casanare : Martha Cifuentes | Casanare\" src=\"https:\/\/marthacifuentes.com\/portada\/2024\/05\/30\/capresoca-logra-que-hospital-de-villavicencio-reciba-nina-de-2-anos\/embed\/#?secret=WxxWKzS8Ji#?secret=2gWskTUHXE\" width=\"600\" height=\"621\" frameborder=\"0\" marginwidth=\"0\" marginheight=\"0\" scrolling=\"no\" sandbox=\"allow-scripts\" data-secret=\"2gWskTUHXE\" data-mce-fragment=\"1\"><\/iframe><\/p>\n<p><iframe loading=\"lazy\" class=\"wp-embedded-content\" title=\"\u00abEmergencias por doquier en Yopal por invierno.\u00bb \u2014 \u25b7 Noticias de Casanare : Martha Cifuentes | Casanare\" src=\"https:\/\/marthacifuentes.com\/portada\/2024\/05\/30\/emergencias-por-doquier-en-yopal-por-invierno\/embed\/#?secret=gJiFgmrhRk#?secret=NkV5dyabww\" width=\"600\" height=\"591\" frameborder=\"0\" marginwidth=\"0\" marginheight=\"0\" scrolling=\"no\" sandbox=\"allow-scripts\" data-secret=\"NkV5dyabww\" data-mce-fragment=\"1\"><\/iframe><\/p>\n<p><iframe loading=\"lazy\" class=\"wp-embedded-content\" title=\"\u00abGeoPark invierte m\u00e1s de $12 mil millones en mejorar la conectividad vial en el sur de Casanare:\u00bb \u2014 \u25b7 Noticias de Casanare : Martha Cifuentes | Casanare\" src=\"https:\/\/marthacifuentes.com\/portada\/2024\/05\/30\/geopark-invierte-mas-de-12-mil-millones-en-mejorar-la-conectividad-vial-en-el-sur-de-casanare\/embed\/#?secret=337z7dqDIk#?secret=IM7uSANcQH\" width=\"600\" height=\"592\" frameborder=\"0\" marginwidth=\"0\" marginheight=\"0\" scrolling=\"no\" sandbox=\"allow-scripts\" data-secret=\"IM7uSANcQH\" data-mce-fragment=\"1\"><\/iframe><\/p>\n<p><iframe loading=\"lazy\" class=\"wp-embedded-content\" title=\"\u00abYopal vuelve al pasado. Se suspende servicio de agua indefinidamente.\u00bb \u2014 \u25b7 Noticias de Casanare : Martha Cifuentes | Casanare\" src=\"https:\/\/marthacifuentes.com\/portada\/2024\/05\/30\/yopal-vuelve-al-pasado-se-suspende-servicio-de-agua-indefinidamente\/embed\/#?secret=EcJOHjCDwQ#?secret=EEz6tALRd5\" width=\"600\" height=\"600\" frameborder=\"0\" marginwidth=\"0\" marginheight=\"0\" scrolling=\"no\" sandbox=\"allow-scripts\" data-secret=\"EEz6tALRd5\" data-mce-fragment=\"1\"><\/iframe><\/p>\n<p><iframe loading=\"lazy\" class=\"wp-embedded-content\" title=\"\u00abA la c\u00e1rcel hombre que secuestr\u00f3 y viol\u00f3 a una ni\u00f1a de 11 a\u00f1os en Casanare\u00bb \u2014 \u25b7 Noticias de Casanare : Martha Cifuentes | Casanare\" src=\"https:\/\/marthacifuentes.com\/portada\/2024\/05\/30\/a-la-carcel-hombre-que-secuestro-y-violo-a-una-nina-de-11-anos-en-casanare\/embed\/#?secret=8Gfz4sFS4Y#?secret=t2kSVAciRh\" width=\"600\" height=\"600\" frameborder=\"0\" marginwidth=\"0\" marginheight=\"0\" scrolling=\"no\" sandbox=\"allow-scripts\" data-secret=\"t2kSVAciRh\" data-mce-fragment=\"1\"><\/iframe><\/p>\n<p><iframe loading=\"lazy\" class=\"wp-embedded-content\" title=\"\u00abPlan de Desarrollo de Zorro, ajustado, fue aprobado en primer debate en la Asamblea\u00bb \u2014 \u25b7 Noticias de Casanare : Martha Cifuentes | Casanare\" src=\"https:\/\/marthacifuentes.com\/portada\/2024\/05\/29\/plan-de-desarrollo-de-zorro-ajustado-fue-aprobado-en-primer-debate-en-la-asamblea\/embed\/#?secret=5DrefzYdnd#?secret=n5AIxTkkTy\" width=\"600\" height=\"621\" frameborder=\"0\" marginwidth=\"0\" marginheight=\"0\" scrolling=\"no\" sandbox=\"allow-scripts\" data-secret=\"n5AIxTkkTy\" data-mce-fragment=\"1\"><\/iframe><\/p>\n","protected":false},"excerpt":{"rendered":"<p>El presidente Gustavo Petro cuestion\u00f3 el silencio de la justicia colombiana frente a la financiaci\u00f3n por parte de la multinacional bananera que operaba en Urab\u00e1, Chiquita Brands, al paramilitarismo de las Autodefensas Unidas de Colombia (AUC). &nbsp; \u201c\u00bfPor qu\u00e9 es la justicia de Estados Unidos la que llega a la verdad y por qu\u00e9 no &hellip;<\/p>\n","protected":false},"author":2,"featured_media":33417,"comment_status":"open","ping_status":"open","sticky":false,"template":"","format":"standard","meta":{"om_disable_all_campaigns":false,"_exactmetrics_skip_tracking":false,"_exactmetrics_sitenote_active":false,"_exactmetrics_sitenote_note":"","_exactmetrics_sitenote_category":0,"_monsterinsights_skip_tracking":false,"_monsterinsights_sitenote_active":false,"_monsterinsights_sitenote_note":"","_monsterinsights_sitenote_category":0,"_uf_show_specific_survey":0,"_uf_disable_surveys":false,"_joinchat":[],"footnotes":""},"categories":[147,146,145],"tags":[2538,10222,744,10223,369,10220,2434,155,1787,617,10221,10224],"class_list":["post-33416","post","type-post","status-publish","format-standard","has-post-thumbnail","hentry","category-actualidad","category-noticias","category-reportajes","tag-auc","tag-chiquita-brands","tag-corte-suprema-de-justicia","tag-estados-unidos","tag-fiscalia","tag-gobierno-de-colombia","tag-gobierno-nacional","tag-gustavo-petro","tag-nestor-humberto-martinez","tag-paramilitares","tag-presidencia-de-la-republica","tag-united-fruit-company"],"yoast_head":"<!-- This site is optimized with the Yoast SEO plugin v26.1 - https:\/\/yoast.com\/wordpress\/plugins\/seo\/ -->\n<title>Petro cuestiona silencio de justicia colombiana en caso de Chiquita Brands y su financiaci\u00f3n a paramilitares - \u25b7 Noticias de Casanare : Martha Cifuentes | Casanare<\/title>\n<meta name=\"robots\" content=\"index, follow, max-snippet:-1, max-image-preview:large, max-video-preview:-1\" \/>\n<link rel=\"canonical\" href=\"https:\/\/marthacifuentes.com\/portada\/petro-cuestiona-silencio-de-justicia-colombiana-en-caso-de-chiquita-brands-y-su-financiacion-a-paramilitares\/\" \/>\n<meta property=\"og:locale\" content=\"es_ES\" \/>\n<meta property=\"og:type\" content=\"article\" \/>\n<meta property=\"og:title\" content=\"Petro cuestiona silencio de justicia colombiana en caso de Chiquita Brands y su financiaci\u00f3n a paramilitares - \u25b7 Noticias de Casanare : Martha Cifuentes | Casanare\" \/>\n<meta property=\"og:description\" content=\"El presidente Gustavo Petro cuestion\u00f3 el silencio de la justicia colombiana frente a la financiaci\u00f3n por parte de la multinacional bananera que operaba en Urab\u00e1, Chiquita Brands, al paramilitarismo de las Autodefensas Unidas de Colombia (AUC). &nbsp; \u201c\u00bfPor qu\u00e9 es la justicia de Estados Unidos la que llega a la verdad y por qu\u00e9 no &hellip;\" \/>\n<meta property=\"og:url\" content=\"https:\/\/marthacifuentes.com\/portada\/petro-cuestiona-silencio-de-justicia-colombiana-en-caso-de-chiquita-brands-y-su-financiacion-a-paramilitares\/\" \/>\n<meta property=\"og:site_name\" content=\"\u25b7 Noticias de Casanare : Martha Cifuentes | Casanare\" \/>\n<meta property=\"article:published_time\" content=\"2024-06-13T15:20:21+00:00\" \/>\n<meta property=\"og:image\" content=\"https:\/\/marthacifuentes.com\/portada\/wp-content\/uploads\/2024\/06\/chiquita-brand-internatioanl.webp\" \/>\n\t<meta property=\"og:image:width\" content=\"940\" \/>\n\t<meta property=\"og:image:height\" content=\"530\" \/>\n\t<meta property=\"og:image:type\" content=\"image\/webp\" \/>\n<meta name=\"author\" content=\"Martha Cifuentes\" \/>\n<meta name=\"twitter:card\" content=\"summary_large_image\" \/>\n<meta name=\"twitter:label1\" content=\"Escrito por\" \/>\n\t<meta name=\"twitter:data1\" content=\"Martha Cifuentes\" \/>\n\t<meta name=\"twitter:label2\" content=\"Tiempo de lectura\" \/>\n\t<meta name=\"twitter:data2\" content=\"3 minutos\" \/>\n<script type=\"application\/ld+json\" class=\"yoast-schema-graph\">{\"@context\":\"https:\/\/schema.org\",\"@graph\":[{\"@type\":\"WebPage\",\"@id\":\"https:\/\/marthacifuentes.com\/portada\/petro-cuestiona-silencio-de-justicia-colombiana-en-caso-de-chiquita-brands-y-su-financiacion-a-paramilitares\/\",\"url\":\"https:\/\/marthacifuentes.com\/portada\/petro-cuestiona-silencio-de-justicia-colombiana-en-caso-de-chiquita-brands-y-su-financiacion-a-paramilitares\/\",\"name\":\"Petro cuestiona silencio de justicia colombiana en caso de Chiquita Brands y su financiaci\u00f3n a paramilitares - \u25b7 Noticias de Casanare : Martha Cifuentes | Casanare\",\"isPartOf\":{\"@id\":\"https:\/\/marthacifuentes.com\/portada\/#website\"},\"primaryImageOfPage\":{\"@id\":\"https:\/\/marthacifuentes.com\/portada\/petro-cuestiona-silencio-de-justicia-colombiana-en-caso-de-chiquita-brands-y-su-financiacion-a-paramilitares\/#primaryimage\"},\"image\":{\"@id\":\"https:\/\/marthacifuentes.com\/portada\/petro-cuestiona-silencio-de-justicia-colombiana-en-caso-de-chiquita-brands-y-su-financiacion-a-paramilitares\/#primaryimage\"},\"thumbnailUrl\":\"https:\/\/marthacifuentes.com\/portada\/wp-content\/uploads\/2024\/06\/chiquita-brand-internatioanl.webp\",\"datePublished\":\"2024-06-13T15:20:21+00:00\",\"author\":{\"@id\":\"https:\/\/marthacifuentes.com\/portada\/#\/schema\/person\/57f53174b991db5f90ff78d58502b714\"},\"breadcrumb\":{\"@id\":\"https:\/\/marthacifuentes.com\/portada\/petro-cuestiona-silencio-de-justicia-colombiana-en-caso-de-chiquita-brands-y-su-financiacion-a-paramilitares\/#breadcrumb\"},\"inLanguage\":\"es\",\"potentialAction\":[{\"@type\":\"ReadAction\",\"target\":[\"https:\/\/marthacifuentes.com\/portada\/petro-cuestiona-silencio-de-justicia-colombiana-en-caso-de-chiquita-brands-y-su-financiacion-a-paramilitares\/\"]}]},{\"@type\":\"ImageObject\",\"inLanguage\":\"es\",\"@id\":\"https:\/\/marthacifuentes.com\/portada\/petro-cuestiona-silencio-de-justicia-colombiana-en-caso-de-chiquita-brands-y-su-financiacion-a-paramilitares\/#primaryimage\",\"url\":\"https:\/\/marthacifuentes.com\/portada\/wp-content\/uploads\/2024\/06\/chiquita-brand-internatioanl.webp\",\"contentUrl\":\"https:\/\/marthacifuentes.com\/portada\/wp-content\/uploads\/2024\/06\/chiquita-brand-internatioanl.webp\",\"width\":940,\"height\":530},{\"@type\":\"BreadcrumbList\",\"@id\":\"https:\/\/marthacifuentes.com\/portada\/petro-cuestiona-silencio-de-justicia-colombiana-en-caso-de-chiquita-brands-y-su-financiacion-a-paramilitares\/#breadcrumb\",\"itemListElement\":[{\"@type\":\"ListItem\",\"position\":1,\"name\":\"Portada\",\"item\":\"https:\/\/marthacifuentes.com\/portada\/\"},{\"@type\":\"ListItem\",\"position\":2,\"name\":\"Petro cuestiona silencio de justicia colombiana en caso de Chiquita Brands y su financiaci\u00f3n a paramilitares\"}]},{\"@type\":\"WebSite\",\"@id\":\"https:\/\/marthacifuentes.com\/portada\/#website\",\"url\":\"https:\/\/marthacifuentes.com\/portada\/\",\"name\":\"\u25b7 Noticias de Casanare : Martha Cifuentes | Casanare\",\"description\":\"Noticias &amp; Contenidos\",\"potentialAction\":[{\"@type\":\"SearchAction\",\"target\":{\"@type\":\"EntryPoint\",\"urlTemplate\":\"https:\/\/marthacifuentes.com\/portada\/?s={search_term_string}\"},\"query-input\":{\"@type\":\"PropertyValueSpecification\",\"valueRequired\":true,\"valueName\":\"search_term_string\"}}],\"inLanguage\":\"es\"},{\"@type\":\"Person\",\"@id\":\"https:\/\/marthacifuentes.com\/portada\/#\/schema\/person\/57f53174b991db5f90ff78d58502b714\",\"name\":\"Martha Cifuentes\",\"image\":{\"@type\":\"ImageObject\",\"inLanguage\":\"es\",\"@id\":\"https:\/\/marthacifuentes.com\/portada\/#\/schema\/person\/image\/\",\"url\":\"http:\/\/marthacifuentes.com\/portada\/wp-content\/uploads\/2018\/06\/avatar_user_2_1528838701-96x96.jpg\",\"contentUrl\":\"http:\/\/marthacifuentes.com\/portada\/wp-content\/uploads\/2018\/06\/avatar_user_2_1528838701-96x96.jpg\",\"caption\":\"Martha Cifuentes\"},\"sameAs\":[\"http:\/\/www.marthacifuentes.com\"],\"url\":\"https:\/\/marthacifuentes.com\/portada\/author\/martha\/\"}]}<\/script>\n<!-- \/ Yoast SEO plugin. -->","yoast_head_json":{"title":"Petro cuestiona silencio de justicia colombiana en caso de Chiquita Brands y su financiaci\u00f3n a paramilitares - \u25b7 Noticias de Casanare : Martha Cifuentes | Casanare","robots":{"index":"index","follow":"follow","max-snippet":"max-snippet:-1","max-image-preview":"max-image-preview:large","max-video-preview":"max-video-preview:-1"},"canonical":"https:\/\/marthacifuentes.com\/portada\/petro-cuestiona-silencio-de-justicia-colombiana-en-caso-de-chiquita-brands-y-su-financiacion-a-paramilitares\/","og_locale":"es_ES","og_type":"article","og_title":"Petro cuestiona silencio de justicia colombiana en caso de Chiquita Brands y su financiaci\u00f3n a paramilitares - \u25b7 Noticias de Casanare : Martha Cifuentes | Casanare","og_description":"El presidente Gustavo Petro cuestion\u00f3 el silencio de la justicia colombiana frente a la financiaci\u00f3n por parte de la multinacional bananera que operaba en Urab\u00e1, Chiquita Brands, al paramilitarismo de las Autodefensas Unidas de Colombia (AUC). &nbsp; \u201c\u00bfPor qu\u00e9 es la justicia de Estados Unidos la que llega a la verdad y por qu\u00e9 no &hellip;","og_url":"https:\/\/marthacifuentes.com\/portada\/petro-cuestiona-silencio-de-justicia-colombiana-en-caso-de-chiquita-brands-y-su-financiacion-a-paramilitares\/","og_site_name":"\u25b7 Noticias de Casanare : Martha Cifuentes | Casanare","article_published_time":"2024-06-13T15:20:21+00:00","og_image":[{"width":940,"height":530,"url":"https:\/\/marthacifuentes.com\/portada\/wp-content\/uploads\/2024\/06\/chiquita-brand-internatioanl.webp","type":"image\/webp"}],"author":"Martha Cifuentes","twitter_card":"summary_large_image","twitter_misc":{"Escrito por":"Martha Cifuentes","Tiempo de lectura":"3 minutos"},"schema":{"@context":"https:\/\/schema.org","@graph":[{"@type":"WebPage","@id":"https:\/\/marthacifuentes.com\/portada\/petro-cuestiona-silencio-de-justicia-colombiana-en-caso-de-chiquita-brands-y-su-financiacion-a-paramilitares\/","url":"https:\/\/marthacifuentes.com\/portada\/petro-cuestiona-silencio-de-justicia-colombiana-en-caso-de-chiquita-brands-y-su-financiacion-a-paramilitares\/","name":"Petro cuestiona silencio de justicia colombiana en caso de Chiquita Brands y su financiaci\u00f3n a paramilitares - \u25b7 Noticias de Casanare : Martha Cifuentes | Casanare","isPartOf":{"@id":"https:\/\/marthacifuentes.com\/portada\/#website"},"primaryImageOfPage":{"@id":"https:\/\/marthacifuentes.com\/portada\/petro-cuestiona-silencio-de-justicia-colombiana-en-caso-de-chiquita-brands-y-su-financiacion-a-paramilitares\/#primaryimage"},"image":{"@id":"https:\/\/marthacifuentes.com\/portada\/petro-cuestiona-silencio-de-justicia-colombiana-en-caso-de-chiquita-brands-y-su-financiacion-a-paramilitares\/#primaryimage"},"thumbnailUrl":"https:\/\/marthacifuentes.com\/portada\/wp-content\/uploads\/2024\/06\/chiquita-brand-internatioanl.webp","datePublished":"2024-06-13T15:20:21+00:00","author":{"@id":"https:\/\/marthacifuentes.com\/portada\/#\/schema\/person\/57f53174b991db5f90ff78d58502b714"},"breadcrumb":{"@id":"https:\/\/marthacifuentes.com\/portada\/petro-cuestiona-silencio-de-justicia-colombiana-en-caso-de-chiquita-brands-y-su-financiacion-a-paramilitares\/#breadcrumb"},"inLanguage":"es","potentialAction":[{"@type":"ReadAction","target":["https:\/\/marthacifuentes.com\/portada\/petro-cuestiona-silencio-de-justicia-colombiana-en-caso-de-chiquita-brands-y-su-financiacion-a-paramilitares\/"]}]},{"@type":"ImageObject","inLanguage":"es","@id":"https:\/\/marthacifuentes.com\/portada\/petro-cuestiona-silencio-de-justicia-colombiana-en-caso-de-chiquita-brands-y-su-financiacion-a-paramilitares\/#primaryimage","url":"https:\/\/marthacifuentes.com\/portada\/wp-content\/uploads\/2024\/06\/chiquita-brand-internatioanl.webp","contentUrl":"https:\/\/marthacifuentes.com\/portada\/wp-content\/uploads\/2024\/06\/chiquita-brand-internatioanl.webp","width":940,"height":530},{"@type":"BreadcrumbList","@id":"https:\/\/marthacifuentes.com\/portada\/petro-cuestiona-silencio-de-justicia-colombiana-en-caso-de-chiquita-brands-y-su-financiacion-a-paramilitares\/#breadcrumb","itemListElement":[{"@type":"ListItem","position":1,"name":"Portada","item":"https:\/\/marthacifuentes.com\/portada\/"},{"@type":"ListItem","position":2,"name":"Petro cuestiona silencio de justicia colombiana en caso de Chiquita Brands y su financiaci\u00f3n a paramilitares"}]},{"@type":"WebSite","@id":"https:\/\/marthacifuentes.com\/portada\/#website","url":"https:\/\/marthacifuentes.com\/portada\/","name":"\u25b7 Noticias de Casanare : Martha Cifuentes | Casanare","description":"Noticias &amp; Contenidos","potentialAction":[{"@type":"SearchAction","target":{"@type":"EntryPoint","urlTemplate":"https:\/\/marthacifuentes.com\/portada\/?s={search_term_string}"},"query-input":{"@type":"PropertyValueSpecification","valueRequired":true,"valueName":"search_term_string"}}],"inLanguage":"es"},{"@type":"Person","@id":"https:\/\/marthacifuentes.com\/portada\/#\/schema\/person\/57f53174b991db5f90ff78d58502b714","name":"Martha Cifuentes","image":{"@type":"ImageObject","inLanguage":"es","@id":"https:\/\/marthacifuentes.com\/portada\/#\/schema\/person\/image\/","url":"http:\/\/marthacifuentes.com\/portada\/wp-content\/uploads\/2018\/06\/avatar_user_2_1528838701-96x96.jpg","contentUrl":"http:\/\/marthacifuentes.com\/portada\/wp-content\/uploads\/2018\/06\/avatar_user_2_1528838701-96x96.jpg","caption":"Martha Cifuentes"},"sameAs":["http:\/\/www.marthacifuentes.com"],"url":"https:\/\/marthacifuentes.com\/portada\/author\/martha\/"}]}},"_links":{"self":[{"href":"https:\/\/marthacifuentes.com\/portada\/wp-json\/wp\/v2\/posts\/33416","targetHints":{"allow":["GET"]}}],"collection":[{"href":"https:\/\/marthacifuentes.com\/portada\/wp-json\/wp\/v2\/posts"}],"about":[{"href":"https:\/\/marthacifuentes.com\/portada\/wp-json\/wp\/v2\/types\/post"}],"author":[{"embeddable":true,"href":"https:\/\/marthacifuentes.com\/portada\/wp-json\/wp\/v2\/users\/2"}],"replies":[{"embeddable":true,"href":"https:\/\/marthacifuentes.com\/portada\/wp-json\/wp\/v2\/comments?post=33416"}],"version-history":[{"count":1,"href":"https:\/\/marthacifuentes.com\/portada\/wp-json\/wp\/v2\/posts\/33416\/revisions"}],"predecessor-version":[{"id":33418,"href":"https:\/\/marthacifuentes.com\/portada\/wp-json\/wp\/v2\/posts\/33416\/revisions\/33418"}],"wp:featuredmedia":[{"embeddable":true,"href":"https:\/\/marthacifuentes.com\/portada\/wp-json\/wp\/v2\/media\/33417"}],"wp:attachment":[{"href":"https:\/\/marthacifuentes.com\/portada\/wp-json\/wp\/v2\/media?parent=33416"}],"wp:term":[{"taxonomy":"category","embeddable":true,"href":"https:\/\/marthacifuentes.com\/portada\/wp-json\/wp\/v2\/categories?post=33416"},{"taxonomy":"post_tag","embeddable":true,"href":"https:\/\/marthacifuentes.com\/portada\/wp-json\/wp\/v2\/tags?post=33416"}],"curies":[{"name":"wp","href":"https:\/\/api.w.org\/{rel}","templated":true}]}}