{"id":33500,"date":"2024-06-20T10:24:21","date_gmt":"2024-06-20T15:24:21","guid":{"rendered":"https:\/\/marthacifuentes.com\/portada\/?p=33500"},"modified":"2024-06-20T10:45:44","modified_gmt":"2024-06-20T15:45:44","slug":"indigenas-de-cano-mochuelo-casanare-cautivos-por-disidencias-de-las-farc-temen-ser-aniquilados","status":"publish","type":"post","link":"https:\/\/marthacifuentes.com\/portada\/indigenas-de-cano-mochuelo-casanare-cautivos-por-disidencias-de-las-farc-temen-ser-aniquilados\/","title":{"rendered":"Ind\u00edgenas de Ca\u00f1o Mochuelo, Casanare, cautivos por disidencias de las Farc, temen ser aniquilados."},"content":{"rendered":"<p>Los pueblos ind\u00edgenas Tsiripo, Maib\u00e9nMasiguare, CuibaWamone, Sikuani, Amor\u00faa, Yamalero, Yaruro, S\u00e1liva y W\u00e4pigiwi, del resguardo Ca\u00f1o Mochuelo en Casanare condenados al hambre, la desnutrici\u00f3n y el exterminio por las disidencias de las Farc, frente 28, comandado por alias \u201cAntonio Medina\u201d, que les prohibi\u00f3 ejercer sus actividades de supervivencia. As\u00ed lo denunci\u00f3 la Organizaci\u00f3n Nacional Ind\u00edgena de Colombia (ONIC).<\/p>\n<p>El cabecilla desde el pasado 1 de junio ante supuestos delitos cometidos por ind\u00edgenas, decidi\u00f3 impartir su justicia e impuso la prohibici\u00f3n de varias de las actividades de supervivencia de los pueblos ind\u00edgenas como la caza, pesca y recolecci\u00f3n.<\/p>\n<p>&nbsp;<\/p>\n<p><strong>Confinamiento y violaci\u00f3n de derechos<\/strong><\/p>\n<p>Desde el 1 de junio de 2024, este grupo armado ilegal, con fuerte presencia en Arauca y norte de Casanare, ha impuesto un confinamiento ilegal en el territorio ind\u00edgena ubicado en los municipios de Hato Corozal y Paz de Ariporo.<\/p>\n<p>Mediante este se impide a los comuneros realizar sus actividades cotidianas de cacer\u00eda, pesca, recolecci\u00f3n, y limitando su acceso a servicios b\u00e1sicos como la salud y la educaci\u00f3n.<\/p>\n<p>Esta situaci\u00f3n ha generado una grave escasez de alimentos y otros recursos esenciales, poniendo en riesgo la vida, la salud y el bienestar de las comunidades.<\/p>\n<p>Adem\u00e1s, las disidencias han amenazado a l\u00edderes y comuneros ind\u00edgenas, quienes ahora enfrentan un inminente riesgo de desplazamiento forzado.<\/p>\n<p><img loading=\"lazy\" decoding=\"async\" class=\"alignnone size-full wp-image-33503\" src=\"https:\/\/marthacifuentes.com\/portada\/wp-content\/uploads\/2024\/06\/foto-indigenas-amenazados.jpg\" alt=\"\" width=\"740\" height=\"468\" srcset=\"https:\/\/marthacifuentes.com\/portada\/wp-content\/uploads\/2024\/06\/foto-indigenas-amenazados.jpg 740w, https:\/\/marthacifuentes.com\/portada\/wp-content\/uploads\/2024\/06\/foto-indigenas-amenazados-300x190.jpg 300w\" sizes=\"auto, (max-width: 740px) 100vw, 740px\" \/><\/p>\n<p><strong>SOS al gobierno<\/strong><\/p>\n<p>La ONIC exige al Gobierno Nacional y a sus instituciones tomar medidas inmediatas para garantizar la vida, la salud, el bienestar y la integridad f\u00edsica y cultural de los pueblos ind\u00edgenas afectados.<\/p>\n<p>Entre las medidas solicitadas se encuentran:<\/p>\n<p>\u00b7 Garantizar el derecho a la vida, la salud, bienestar y la integridad f\u00edsica y cultural de los pueblos ind\u00edgenas.<\/p>\n<p>\u00b7 Establecer un plan humanitario de emergencia para proveer alimentos y otros recursos esenciales a las comunidades confinadas.<\/p>\n<p>\u00b7 Articular y coordinar acciones con las autoridades ind\u00edgenas para proteger su cultura y modo de vida. Se debe incluir medidas espec\u00edficas para comunidades n\u00f3madas y recolectoras.<\/p>\n<p>\u00b7 Implementar de manera efectiva los planes de reparaci\u00f3n colectiva comprometidos con las comunidades ind\u00edgenas.<\/p>\n<p>&nbsp;<\/p>\n<p><strong>Exigencia a las disidencias<\/strong><\/p>\n<p>Los pueblos ind\u00edgenas, fuertemente violentados por los conquistadores, los colonizadores y grupos al margen de la ley, les exigen a las disidencias de las FARC respetar la autonom\u00eda ind\u00edgena y cesar el confinamiento ilegal.<\/p>\n<p>&nbsp;<\/p>\n<p><strong>Alias Antonio Medina, ahora imparte justicia terrorista<\/strong><\/p>\n<p>Alias \u201cAntonio Medina\u201d en un video enviado a las comunidades ind\u00edgenas de Ca\u00f1o Mochuelo el pasado 1 de junio impuso sus normas de justicia a 14 comunidades de ind\u00edgenas, especialmente a San Jos\u00e9 Betania, Matuve y Merey, a las cuales les endilga cr\u00edmenes sexuales, homicidios, robos, cacer\u00edas indiscriminadas de venados y chig\u00fciros, y afectaciones ambientales.<\/p>\n<p>Entre otras cosas, el cabecilla terrorista del frente 28 de las Farc, prohibi\u00f3 la pesca para negocio en el r\u00edo Ariporo y los ca\u00f1os Aguas Claras y Picapico. Tambi\u00e9n el uso de las mallas o chinchorros que obstruyen el tr\u00e1nsito de peces.<\/p>\n<p>El l\u00edder guerrillero sindica a una orden religiosa que frecuenta la zona de cometer delitos contra la poblaci\u00f3n ind\u00edgena.<\/p>\n<p>El comandante de este frente conmin\u00f3 a los ind\u00edgenas a imponer sus estatutos y normas para controlar supuestos delitos que se vienen cometiendo, so pena de imponer sus \u201cnormas\u201d de convivencia.<\/p>\n<p>&nbsp;<\/p>\n<p><strong>Pueblos ind\u00edgenas de Ca\u00f1o Mochuelo, sedentarios y n\u00f3madas<\/strong><\/p>\n<p>Seg\u00fan la Comisi\u00f3n de la Verdad en art\u00edculo publicado en 2021 denominado \u201cLos Pueblos ind\u00edgenas de Ca\u00f1o Mochuelo en riesgo de exterminio f\u00edsico y cultural\u201d, en el resguardo Ca\u00f1o Mochuelo \u201cHabitan diez pueblos ind\u00edgenas, cuatro de ellos son sedentarios (sikuani, piapoco, s\u00e1liba y amorua) y seis preservan sus pr\u00e1cticas de tradici\u00f3n n\u00f3mada (maiben masiware, wamonae, wa\u00fcpijiwi, yamalero (mayaleros), tsiripus y yaruros)\u201d.<\/p>\n<p>Agrega que \u201cEstos pueblos n\u00f3madas son \u00fanicos en el mundo, se encuentran solo con protecci\u00f3n territorial en este resguardo y su reducci\u00f3n poblacional es grave. El pueblo wamonae lo conforman cerca de 1.000 personas; el maiben masiware cerca de 500 y los pueblos tsiripus, yaruro y yamalero (mayaleros) tienen menos de 150 integrantes\u201d.<\/p>\n<p>Explica que \u201cLa reducci\u00f3n de sus poblaciones se ha dado por la persecuci\u00f3n generada durante la colonizaci\u00f3n y las \u201cguahibiadas\u201d, adem\u00e1s del conflicto armado interno y las condiciones humanitarias precarias en que viven, las cuales vulneran su soberan\u00eda alimentaria, saberes tradicionales, cosmovisi\u00f3n \u00fanica y diferenciada, pr\u00e1cticas culturales, autonom\u00eda y, en general, su pervivencia. Estas situaciones mantienen a estos pueblos ind\u00edgenas en riesgo inminente de exterminio f\u00edsico y cultural\u201d. https:\/\/web.comisiondelaverdad.co\/actualidad\/noticias\/pueblos-indigenas-cano-mochuelo-riesgo-exterminio-fisico-cultural<\/p>\n<h2><\/h2>\n<h2>Otras noticias\u2026<\/h2>\n<blockquote class=\"wp-embedded-content\" data-secret=\"LnVKqUU5QI\"><p><a href=\"https:\/\/marthacifuentes.com\/portada\/2024\/06\/19\/casanare-avanza-en-competitividad-pero-aun-le-queda-camino-por-recorrer-se-ubico-puesto-19\/\">Casanare avanza en competitividad, pero a\u00fan le queda camino por recorrer. Se ubic\u00f3 puesto 19.<\/a><\/p><\/blockquote>\n<p><iframe loading=\"lazy\" class=\"wp-embedded-content\" sandbox=\"allow-scripts\" security=\"restricted\" style=\"position: absolute; clip: rect(1px, 1px, 1px, 1px);\" title=\"\u00abCasanare avanza en competitividad, pero a\u00fan le queda camino por recorrer. Se ubic\u00f3 puesto 19.\u00bb \u2014 \u25b7 Noticias de Casanare : Martha Cifuentes | Casanare\" src=\"https:\/\/marthacifuentes.com\/portada\/2024\/06\/19\/casanare-avanza-en-competitividad-pero-aun-le-queda-camino-por-recorrer-se-ubico-puesto-19\/embed\/#?secret=0cCEGwAbi7#?secret=LnVKqUU5QI\" data-secret=\"LnVKqUU5QI\" width=\"500\" height=\"282\" frameborder=\"0\" marginwidth=\"0\" marginheight=\"0\" scrolling=\"no\"><\/iframe><\/p>\n<p><iframe loading=\"lazy\" class=\"wp-embedded-content\" title=\"\u00abOperativo anticontrabando de licores, cervezas y cigarrillos en Yopal: \u00a1Pilla la Estampilla!\u00bb \u2014 \u25b7 Noticias de Casanare : Martha Cifuentes | Casanare\" src=\"https:\/\/marthacifuentes.com\/portada\/2024\/06\/19\/operativo-anticontrabando-de-licores-cervezas-y-cigarrillos-en-yopal-pilla-la-estampilla\/embed\/#?secret=xPFfYB4U2e#?secret=VOaIh33SkV\" width=\"600\" height=\"621\" frameborder=\"0\" marginwidth=\"0\" marginheight=\"0\" scrolling=\"no\" sandbox=\"allow-scripts\" data-secret=\"VOaIh33SkV\" data-mce-fragment=\"1\"><\/iframe><\/p>\n<p><iframe loading=\"lazy\" class=\"wp-embedded-content\" title=\"\u00abZorro visita cl\u00ednicas de Bucaramanga. Busca fortalecer la salud y la educaci\u00f3n m\u00e9dica a trav\u00e9s de alianzas.\u00bb \u2014 \u25b7 Noticias de Casanare : Martha Cifuentes | Casanare\" src=\"https:\/\/marthacifuentes.com\/portada\/2024\/06\/19\/zorro-visita-clinicas-de-bucaramanga-busca-fortalecer-la-salud-y-la-educacion-medica-a-traves-de-alianzas\/embed\/#?secret=OhkptpNZTd#?secret=npuV5gIx3I\" width=\"600\" height=\"621\" frameborder=\"0\" marginwidth=\"0\" marginheight=\"0\" scrolling=\"no\" sandbox=\"allow-scripts\" data-secret=\"npuV5gIx3I\" data-mce-fragment=\"1\"><\/iframe><\/p>\n<p><iframe loading=\"lazy\" class=\"wp-embedded-content\" title=\"\u00abEn Trinidad, Casanare, estas son las mujeres guardianas del sabor ancestral en la cocina silvestre\u00bb \u2014 \u25b7 Noticias de Casanare : Martha Cifuentes | Casanare\" src=\"https:\/\/marthacifuentes.com\/portada\/2024\/06\/18\/en-trinidad-casanare-estas-son-las-mujeres-guardianas-del-sabor-ancestral-en-la-cocina-silvestre\/embed\/#?secret=E8I83en0ZR#?secret=k3uyea21NX\" width=\"600\" height=\"621\" frameborder=\"0\" marginwidth=\"0\" marginheight=\"0\" scrolling=\"no\" sandbox=\"allow-scripts\" data-secret=\"k3uyea21NX\" data-mce-fragment=\"1\"><\/iframe><\/p>\n<p><iframe loading=\"lazy\" class=\"wp-embedded-content\" title=\"\u00abCapresoca logra 27 remisiones de pacientes en la \u00faltima semana.\u00bb \u2014 \u25b7 Noticias de Casanare : Martha Cifuentes | Casanare\" src=\"https:\/\/marthacifuentes.com\/portada\/2024\/06\/18\/capresoca-logra-27-remisiones-de-pacientes-en-la-ultima-semana\/embed\/#?secret=RdvZtlrK5W#?secret=BKoGzdsePH\" width=\"600\" height=\"621\" frameborder=\"0\" marginwidth=\"0\" marginheight=\"0\" scrolling=\"no\" sandbox=\"allow-scripts\" data-secret=\"BKoGzdsePH\" data-mce-fragment=\"1\"><\/iframe><\/p>\n<p><iframe loading=\"lazy\" class=\"wp-embedded-content\" title=\"\u00abFindeter culp\u00f3 al r\u00edo Cravo Sur y a la Eaaay por problemas en la PTAP de Yopal. Neg\u00f3 afectaciones en obras de protecci\u00f3n.\u00bb \u2014 \u25b7 Noticias de Casanare : Martha Cifuentes | Casanare\" src=\"https:\/\/marthacifuentes.com\/portada\/2024\/06\/18\/findeter-culpo-al-rio-cravo-sur-y-a-la-eaaay-por-problemas-en-la-ptap-de-yopal-nego-afectaciones-en-obras-de-proteccion\/embed\/#?secret=rbxAvhJ0jn#?secret=4DFn7vq69k\" width=\"600\" height=\"650\" frameborder=\"0\" marginwidth=\"0\" marginheight=\"0\" scrolling=\"no\" sandbox=\"allow-scripts\" data-secret=\"4DFn7vq69k\" data-mce-fragment=\"1\"><\/iframe><\/p>\n<p><iframe loading=\"lazy\" class=\"wp-embedded-content\" title=\"\u00abAsamblea de Casanare, machista. Vulner\u00f3 derechos de g\u00e9nero de diputadas Luz Mery Ni\u00f1o y Marisela Duarte.\u00bb \u2014 \u25b7 Noticias de Casanare : Martha Cifuentes | Casanare\" src=\"https:\/\/marthacifuentes.com\/portada\/2024\/06\/17\/asamblea-de-casanare-machista-vulnero-derechos-de-genero-de-diputadas-luz-mery-nino-y-marisela-duarte\/embed\/#?secret=UtrFDENsSs#?secret=BKBMqB4p3y\" width=\"600\" height=\"621\" frameborder=\"0\" marginwidth=\"0\" marginheight=\"0\" scrolling=\"no\" sandbox=\"allow-scripts\" data-secret=\"BKBMqB4p3y\" data-mce-fragment=\"1\"><\/iframe><\/p>\n<p><iframe loading=\"lazy\" class=\"wp-embedded-content\" title=\"\u00abZozobra en beneficiarios de Alameda Martha Mojica en Yopal. \u00bfTienen o no derechos adquiridos?\u00bb \u2014 \u25b7 Noticias de Casanare : Martha Cifuentes | Casanare\" src=\"https:\/\/marthacifuentes.com\/portada\/2024\/06\/14\/zozobra-en-beneficiarios-de-alameda-martha-mojica-en-yopal-tienen-o-no-derechos-adquiridos\/embed\/#?secret=UDdu845kPE#?secret=BqEF8lcAPi\" width=\"600\" height=\"570\" frameborder=\"0\" marginwidth=\"0\" marginheight=\"0\" scrolling=\"no\" sandbox=\"allow-scripts\" data-secret=\"BqEF8lcAPi\" data-mce-fragment=\"1\"><\/iframe><\/p>\n<p><iframe loading=\"lazy\" class=\"wp-embedded-content\" title=\"\u00abReparaci\u00f3n Hist\u00f3rica: Campesinos de El Aro Reciben Propiedad de Tierras 27 A\u00f1os Despu\u00e9s de la Masacre\u00bb \u2014 \u25b7 Noticias de Casanare : Martha Cifuentes | Casanare\" src=\"https:\/\/marthacifuentes.com\/portada\/2024\/06\/14\/reparacion-historica-campesinos-de-el-aro-reciben-propiedad-de-tierras-27-anos-despues-de-la-masacre\/embed\/#?secret=90PCijsIk0#?secret=DsL4dEmcKc\" width=\"600\" height=\"600\" frameborder=\"0\" marginwidth=\"0\" marginheight=\"0\" scrolling=\"no\" sandbox=\"allow-scripts\" data-secret=\"DsL4dEmcKc\" data-mce-fragment=\"1\"><\/iframe><\/p>\n<p><iframe loading=\"lazy\" class=\"wp-embedded-content\" title=\"\u00abImpulso Econ\u00f3mico: Transporte de Carga por Carretera en Abril de 2024 Alcanza Nuevos M\u00e1ximos\u00bb \u2014 \u25b7 Noticias de Casanare : Martha Cifuentes | Casanare\" src=\"https:\/\/marthacifuentes.com\/portada\/2024\/06\/14\/impulso-economico-transporte-de-carga-por-carretera-en-abril-de-2024-alcanza-nuevos-maximos\/embed\/#?secret=wIPa4s7oFm#?secret=6DErZ9QJYA\" width=\"600\" height=\"599\" frameborder=\"0\" marginwidth=\"0\" marginheight=\"0\" scrolling=\"no\" sandbox=\"allow-scripts\" data-secret=\"6DErZ9QJYA\" data-mce-fragment=\"1\"><\/iframe><\/p>\n<p><iframe loading=\"lazy\" class=\"wp-embedded-content\" title=\"\u00abDesesperanza en Labranzagrande: B\u00fasqueda de desaparecidos tras deslizamiento se suspendi\u00f3 por alto riesgo\u00bb \u2014 \u25b7 Noticias de Casanare : Martha Cifuentes | Casanare\" src=\"https:\/\/marthacifuentes.com\/portada\/2024\/06\/13\/desesperanza-en-labranzagrande-busqueda-de-desaparecidos-tras-deslizamiento-se-suspendio-por-alto-riesgo\/embed\/#?secret=uCbblJxjo1#?secret=czxn2zg1no\" width=\"600\" height=\"650\" frameborder=\"0\" marginwidth=\"0\" marginheight=\"0\" scrolling=\"no\" sandbox=\"allow-scripts\" data-secret=\"czxn2zg1no\" data-mce-fragment=\"1\"><\/iframe><\/p>\n<p><iframe loading=\"lazy\" class=\"wp-embedded-content\" title=\"\u00abPetro cuestiona silencio de justicia colombiana en caso de Chiquita Brands y su financiaci\u00f3n a paramilitares\u00bb \u2014 \u25b7 Noticias de Casanare : Martha Cifuentes | Casanare\" src=\"https:\/\/marthacifuentes.com\/portada\/2024\/06\/13\/petro-cuestiona-silencio-de-justicia-colombiana-en-caso-de-chiquita-brands-y-su-financiacion-a-paramilitares\/embed\/#?secret=UgbcPWAkRd#?secret=uiz0B0GBud\" width=\"600\" height=\"600\" frameborder=\"0\" marginwidth=\"0\" marginheight=\"0\" scrolling=\"no\" sandbox=\"allow-scripts\" data-secret=\"uiz0B0GBud\" data-mce-fragment=\"1\"><\/iframe><\/p>\n<p><iframe loading=\"lazy\" class=\"wp-embedded-content\" title=\"\u00abEn nueva torre de Horo se plantea servicios en oncolog\u00eda, unidad renal, UCI y cardiolog\u00eda no invasiva\u00bb \u2014 \u25b7 Noticias de Casanare : Martha Cifuentes | Casanare\" src=\"https:\/\/marthacifuentes.com\/portada\/2024\/06\/13\/en-nueva-torre-de-horo-se-plantea-servicios-en-oncologia-unidad-renal-uci-y-cardiologia-no-invasiva\/embed\/#?secret=wzzxaX1tcU#?secret=oB3OJoMszR\" width=\"600\" height=\"599\" frameborder=\"0\" marginwidth=\"0\" marginheight=\"0\" scrolling=\"no\" sandbox=\"allow-scripts\" data-secret=\"oB3OJoMszR\" data-mce-fragment=\"1\"><\/iframe><\/p>\n<p><iframe loading=\"lazy\" class=\"wp-embedded-content\" title=\"\u00abCapturado cabecilla y coordinador de extorsiones del Clan del Golfo en Casanare y Meta\u00bb \u2014 \u25b7 Noticias de Casanare : Martha Cifuentes | Casanare\" src=\"https:\/\/marthacifuentes.com\/portada\/2024\/06\/13\/capturado-cabecilla-y-coordinador-de-extorsiones-del-clan-del-golfo-en-casanare-y-meta\/embed\/#?secret=MTXjAVEcW9#?secret=v3nwv6DOZ9\" width=\"600\" height=\"621\" frameborder=\"0\" marginwidth=\"0\" marginheight=\"0\" scrolling=\"no\" sandbox=\"allow-scripts\" data-secret=\"v3nwv6DOZ9\" data-mce-fragment=\"1\"><\/iframe><\/p>\n<p><iframe loading=\"lazy\" class=\"wp-embedded-content\" title=\"\u00abPetro solicita realizar auditor\u00eda forense a inversi\u00f3n de OCAD Paz y de Regal\u00edas\u00bb \u2014 \u25b7 Noticias de Casanare : Martha Cifuentes | Casanare\" src=\"https:\/\/marthacifuentes.com\/portada\/2024\/06\/12\/petro-solicita-realizar-auditoria-forense-a-inversion-de-ocad-paz-y-de-regalias\/embed\/#?secret=9zBSTpbNaV#?secret=a3iQshPwiH\" width=\"600\" height=\"573\" frameborder=\"0\" marginwidth=\"0\" marginheight=\"0\" scrolling=\"no\" sandbox=\"allow-scripts\" data-secret=\"a3iQshPwiH\" data-mce-fragment=\"1\"><\/iframe><\/p>\n<p><iframe loading=\"lazy\" class=\"wp-embedded-content\" title=\"\u00abV\u00edctimas de desaparici\u00f3n forzadas piden a Petro abrir mesas de reconciliaci\u00f3n en c\u00e1rceles\u00bb \u2014 \u25b7 Noticias de Casanare : Martha Cifuentes | Casanare\" src=\"https:\/\/marthacifuentes.com\/portada\/2024\/06\/12\/victimas-de-desaparicion-forzadas-piden-a-petro-abrir-mesas-de-reconciliacion-en-carceles\/embed\/#?secret=5cuSCgZsQB#?secret=QS1JVKwokX\" width=\"600\" height=\"579\" frameborder=\"0\" marginwidth=\"0\" marginheight=\"0\" scrolling=\"no\" sandbox=\"allow-scripts\" data-secret=\"QS1JVKwokX\" data-mce-fragment=\"1\"><\/iframe><\/p>\n<p><iframe loading=\"lazy\" class=\"wp-embedded-content\" title=\"\u00abLuis Carlos Reyes, Mr. Taxes, de la DIAN al Ministerio de Comercio del gobierno Petro\u00bb \u2014 \u25b7 Noticias de Casanare : Martha Cifuentes | Casanare\" src=\"https:\/\/marthacifuentes.com\/portada\/2024\/06\/12\/luis-carlos-reyes-mr-taxes-de-la-dian-al-ministerio-de-comercio-del-gobierno-petro\/embed\/#?secret=FZz1lOuDqR#?secret=YZ6AAIvu9j\" width=\"600\" height=\"621\" frameborder=\"0\" marginwidth=\"0\" marginheight=\"0\" scrolling=\"no\" sandbox=\"allow-scripts\" data-secret=\"YZ6AAIvu9j\" data-mce-fragment=\"1\"><\/iframe><\/p>\n<p><iframe loading=\"lazy\" class=\"wp-embedded-content\" title=\"\u00abImperdible: 8\u00aa Feria Comercial Ganadera Expomercado en Yopal este fin de semana\u00bb \u2014 \u25b7 Noticias de Casanare : Martha Cifuentes | Casanare\" src=\"https:\/\/marthacifuentes.com\/portada\/2024\/06\/12\/imperdible-8a-feria-comercial-ganadera-expomercado-en-yopal-este-fin-de-semana\/embed\/#?secret=casfxkYeyo#?secret=lTiCa7ulVT\" width=\"600\" height=\"600\" frameborder=\"0\" marginwidth=\"0\" marginheight=\"0\" scrolling=\"no\" sandbox=\"allow-scripts\" data-secret=\"lTiCa7ulVT\" data-mce-fragment=\"1\"><\/iframe><\/p>\n<p><iframe loading=\"lazy\" class=\"wp-embedded-content\" title=\"\u00ab30 l\u00edderes sociales amenazados en Yopal. Ya uno fue asesinado. Se urge medidas de protecci\u00f3n.\u00bb \u2014 \u25b7 Noticias de Casanare : Martha Cifuentes | Casanare\" src=\"https:\/\/marthacifuentes.com\/portada\/2024\/06\/12\/30-lideres-sociales-amenazados-en-yopal-ya-uno-fue-asesinado-se-urge-medidas-de-proteccion\/embed\/#?secret=36TMGBDG2j#?secret=afEN69VyOO\" width=\"600\" height=\"621\" frameborder=\"0\" marginwidth=\"0\" marginheight=\"0\" scrolling=\"no\" sandbox=\"allow-scripts\" data-secret=\"afEN69VyOO\" data-mce-fragment=\"1\"><\/iframe><\/p>\n<p><iframe loading=\"lazy\" class=\"wp-embedded-content\" title=\"\u00abCapturados sicarios del Clan del Golfo que violentaban poblaci\u00f3n en Casanare, Meta y Vichada.\u00bb \u2014 \u25b7 Noticias de Casanare : Martha Cifuentes | Casanare\" src=\"https:\/\/marthacifuentes.com\/portada\/2024\/06\/11\/capturados-sicarios-del-clan-del-golfo-que-violentaban-poblacion-en-casanare-meta-y-vichada\/embed\/#?secret=ZvK5gFItgg#?secret=zzPcWvqi08\" width=\"600\" height=\"612\" frameborder=\"0\" marginwidth=\"0\" marginheight=\"0\" scrolling=\"no\" sandbox=\"allow-scripts\" data-secret=\"zzPcWvqi08\" data-mce-fragment=\"1\"><\/iframe><\/p>\n<p><iframe loading=\"lazy\" class=\"wp-embedded-content\" title=\"\u00abTristeza en Labranzagrande y Pisba por desaparici\u00f3n de 4 campesinos en deslizamiento de tierra\u00bb \u2014 \u25b7 Noticias de Casanare : Martha Cifuentes | Casanare\" src=\"https:\/\/marthacifuentes.com\/portada\/2024\/06\/11\/tristeza-en-labranzagrande-y-pisba-por-desaparicion-de-4-campesinos-en-deslizamiento-de-tierra\/embed\/#?secret=u085ghxYdl#?secret=9xTxWe4uS1\" width=\"600\" height=\"621\" frameborder=\"0\" marginwidth=\"0\" marginheight=\"0\" scrolling=\"no\" sandbox=\"allow-scripts\" data-secret=\"9xTxWe4uS1\" data-mce-fragment=\"1\"><\/iframe><\/p>\n<p><iframe loading=\"lazy\" class=\"wp-embedded-content\" title=\"\u00abPresidente Petro ratifica que no est\u00e1 interesado en hacerse reelegir.\u00bb \u2014 \u25b7 Noticias de Casanare : Martha Cifuentes | Casanare\" src=\"https:\/\/marthacifuentes.com\/portada\/2024\/06\/07\/presidente-petro-ratifica-que-no-se-esta-interesado-en-hacerse-reelegir\/embed\/#?secret=HP881OHJ5G#?secret=86qeCvKtrR\" width=\"600\" height=\"600\" frameborder=\"0\" marginwidth=\"0\" marginheight=\"0\" scrolling=\"no\" sandbox=\"allow-scripts\" data-secret=\"86qeCvKtrR\" data-mce-fragment=\"1\"><\/iframe><\/p>\n<p><iframe loading=\"lazy\" class=\"wp-embedded-content\" title=\"\u00abDos concejales en l\u00edos jur\u00eddicos elegidos en mesa directiva del Concejo de Yopal para 2025\u00bb \u2014 \u25b7 Noticias de Casanare : Martha Cifuentes | Casanare\" src=\"https:\/\/marthacifuentes.com\/portada\/2024\/06\/07\/dos-concejales-en-lios-juridicos-elegidos-en-mesa-directiva-del-concejo-de-yopal-para-2025\/embed\/#?secret=HHoQZwHoCY#?secret=vc5l3RMDd5\" width=\"600\" height=\"620\" frameborder=\"0\" marginwidth=\"0\" marginheight=\"0\" scrolling=\"no\" sandbox=\"allow-scripts\" data-secret=\"vc5l3RMDd5\" data-mce-fragment=\"1\"><\/iframe><\/p>\n<p><iframe loading=\"lazy\" class=\"wp-embedded-content\" title=\"\u00abCombates entre Ej\u00e9rcito y disidencias de las Farc en l\u00edmites entre S\u00e1cama y La Salina. Se busca a alias \u2018Antonio Medina\u2019.\u00bb \u2014 \u25b7 Noticias de Casanare : Martha Cifuentes | Casanare\" src=\"https:\/\/marthacifuentes.com\/portada\/2024\/06\/07\/combates-entre-ejercito-y-disidencias-de-las-farc-en-limites-entre-sacama-y-la-salina-se-busca-a-alias-antonio-medina\/embed\/#?secret=x1p5N9ycsA#?secret=hlf6UX1v76\" width=\"600\" height=\"649\" frameborder=\"0\" marginwidth=\"0\" marginheight=\"0\" scrolling=\"no\" sandbox=\"allow-scripts\" data-secret=\"hlf6UX1v76\" data-mce-fragment=\"1\"><\/iframe><\/p>\n<p><iframe loading=\"lazy\" class=\"wp-embedded-content\" title=\"\u00ab\u00bfPor qu\u00e9 el Consejo de Estado le neg\u00f3 la p\u00e9rdida de investidura al parlamentario Hugo Archila?\u00bb \u2014 \u25b7 Noticias de Casanare : Martha Cifuentes | Casanare\" src=\"https:\/\/marthacifuentes.com\/portada\/2024\/06\/06\/por-que-el-consejo-de-estado-le-nego-la-perdida-de-investidura-al-parlamentario-hugo-archila\/embed\/#?secret=XlVp3nLOqp#?secret=nEvHTqk3w9\" width=\"600\" height=\"621\" frameborder=\"0\" marginwidth=\"0\" marginheight=\"0\" scrolling=\"no\" sandbox=\"allow-scripts\" data-secret=\"nEvHTqk3w9\" data-mce-fragment=\"1\"><\/iframe><\/p>\n<p><iframe loading=\"lazy\" class=\"wp-embedded-content\" title=\"\u00ab$15 mil millones se pierde al d\u00eda por cierres viales entre Casanare y Boyac\u00e1: Zorro\u00bb \u2014 \u25b7 Noticias de Casanare : Martha Cifuentes | Casanare\" src=\"https:\/\/marthacifuentes.com\/portada\/2024\/06\/06\/15-mil-millones-se-pierde-al-dia-por-cierres-viales-entre-casanare-y-boyaca-zorro\/embed\/#?secret=v3cnu2jUSO#?secret=zkyase0K0b\" width=\"600\" height=\"621\" frameborder=\"0\" marginwidth=\"0\" marginheight=\"0\" scrolling=\"no\" sandbox=\"allow-scripts\" data-secret=\"zkyase0K0b\" data-mce-fragment=\"1\"><\/iframe><\/p>\n<p><iframe loading=\"lazy\" class=\"wp-embedded-content\" title=\"\u00abAeropuerto El Alcarav\u00e1n de Yopal a poco de ser Internacional. Aprobado en la C\u00e1mara en \u00faltimo debate\u00bb \u2014 \u25b7 Noticias de Casanare : Martha Cifuentes | Casanare\" src=\"https:\/\/marthacifuentes.com\/portada\/2024\/06\/06\/aeropuerto-el-alcaravan-de-yopal-a-poco-de-ser-internacional-aprobado-en-la-camara-en-ultimo-debate\/embed\/#?secret=lTke94QXXW#?secret=39vtiU58bJ\" width=\"600\" height=\"650\" frameborder=\"0\" marginwidth=\"0\" marginheight=\"0\" scrolling=\"no\" sandbox=\"allow-scripts\" data-secret=\"39vtiU58bJ\" data-mce-fragment=\"1\"><\/iframe><\/p>\n<p><iframe loading=\"lazy\" class=\"wp-embedded-content\" title=\"\u00ab32 a\u00f1os de prisi\u00f3n para feminicida de Yolennis Jim\u00e9nez en Yopal\u00bb \u2014 \u25b7 Noticias de Casanare : Martha Cifuentes | Casanare\" src=\"https:\/\/marthacifuentes.com\/portada\/2024\/06\/06\/32-anos-de-prision-para-feminicida-de-yolennis-jimenez-en-yopal\/embed\/#?secret=jucmHOudb1#?secret=USXi5KQmV3\" width=\"600\" height=\"600\" frameborder=\"0\" marginwidth=\"0\" marginheight=\"0\" scrolling=\"no\" sandbox=\"allow-scripts\" data-secret=\"USXi5KQmV3\" data-mce-fragment=\"1\"><\/iframe><\/p>\n<p><iframe loading=\"lazy\" class=\"wp-embedded-content\" title=\"\u00abAsesinado l\u00edder social de EL Morro, Yopal. Estaba amenazado\u00bb \u2014 \u25b7 Noticias de Casanare : Martha Cifuentes | Casanare\" src=\"https:\/\/marthacifuentes.com\/portada\/2024\/06\/06\/asesinado-lider-social-de-el-morro-yopal-estaba-amenazado\/embed\/#?secret=Maco9sOkMO#?secret=CSDXpkkJaq\" width=\"600\" height=\"621\" frameborder=\"0\" marginwidth=\"0\" marginheight=\"0\" scrolling=\"no\" sandbox=\"allow-scripts\" data-secret=\"CSDXpkkJaq\" data-mce-fragment=\"1\"><\/iframe><\/p>\n<p><iframe loading=\"lazy\" class=\"wp-embedded-content\" title=\"\u00abTribunal anul\u00f3 lo actuado en demandas contra elecci\u00f3n del alcalde de Yopal Marco Tulio Ruiz\u00bb \u2014 \u25b7 Noticias de Casanare : Martha Cifuentes | Casanare\" src=\"https:\/\/marthacifuentes.com\/portada\/2024\/06\/06\/tribunal-anulo-lo-actuado-en-demandas-contra-eleccion-del-alcalde-de-yopal-marco-tulio-ruiz\/embed\/#?secret=aEYc9u49Ui#?secret=R0eappmIx6\" width=\"600\" height=\"600\" frameborder=\"0\" marginwidth=\"0\" marginheight=\"0\" scrolling=\"no\" sandbox=\"allow-scripts\" data-secret=\"R0eappmIx6\" data-mce-fragment=\"1\"><\/iframe><\/p>\n<p><iframe loading=\"lazy\" class=\"wp-embedded-content\" title=\"\u00ab\u00bfError contable o maquillaje de cifras? Capresoca qued\u00f3 fuera del top 5 de EPS con reservas t\u00e9cnicas\u00bb \u2014 \u25b7 Noticias de Casanare : Martha Cifuentes | Casanare\" src=\"https:\/\/marthacifuentes.com\/portada\/2024\/06\/05\/error-contable-o-maquillaje-de-cifras-capresoca-quedo-fuera-del-top-5-de-eps-con-reservas-tecnicas\/embed\/#?secret=RHc0UujLzN#?secret=xDQDCET2mK\" width=\"600\" height=\"600\" frameborder=\"0\" marginwidth=\"0\" marginheight=\"0\" scrolling=\"no\" sandbox=\"allow-scripts\" data-secret=\"xDQDCET2mK\" data-mce-fragment=\"1\"><\/iframe><\/p>\n<p><iframe loading=\"lazy\" class=\"wp-embedded-content\" title=\"\u00abMan\u00ed violento: un venezolano muerto y un herido deja ataque a bala en un bar\u00bb \u2014 \u25b7 Noticias de Casanare : Martha Cifuentes | Casanare\" src=\"https:\/\/marthacifuentes.com\/portada\/2024\/06\/05\/mani-violento-un-venezolano-muerto-y-un-herido-deja-ataque-a-bala-en-un-bar\/embed\/#?secret=J21Spez9RP#?secret=F7bEhamram\" width=\"600\" height=\"600\" frameborder=\"0\" marginwidth=\"0\" marginheight=\"0\" scrolling=\"no\" sandbox=\"allow-scripts\" data-secret=\"F7bEhamram\" data-mce-fragment=\"1\"><\/iframe><\/p>\n<p><iframe loading=\"lazy\" class=\"wp-embedded-content\" title=\"\u00abRepresentante a la C\u00e1mara de Casanare gestiona proyecto que beneficia a t\u00eda: \u00bfHay conflicto de intereses?\u00bb \u2014 \u25b7 Noticias de Casanare : Martha Cifuentes | Casanare\" src=\"https:\/\/marthacifuentes.com\/portada\/2024\/06\/04\/representante-a-la-camara-de-casanare-gestiona-proyecto-que-beneficia-a-tia-hay-conflicto-de-intereses\/embed\/#?secret=nBGm1YE0Ne#?secret=a1dFcJ0uPJ\" width=\"600\" height=\"650\" frameborder=\"0\" marginwidth=\"0\" marginheight=\"0\" scrolling=\"no\" sandbox=\"allow-scripts\" data-secret=\"a1dFcJ0uPJ\" data-mce-fragment=\"1\"><\/iframe><\/p>\n<p><iframe loading=\"lazy\" class=\"wp-embedded-content\" title=\"\u00abMujeres buscadoras de sus desaparecidos en Casanare no desfallecen.\u00bb \u2014 \u25b7 Noticias de Casanare : Martha Cifuentes | Casanare\" src=\"https:\/\/marthacifuentes.com\/portada\/2024\/06\/04\/mujeres-buscadoras-de-sus-desaparecidos-en-casanare-no-desfallecen\/embed\/#?secret=GaWCQuZLmt#?secret=BkVhYvUE25\" width=\"600\" height=\"559\" frameborder=\"0\" marginwidth=\"0\" marginheight=\"0\" scrolling=\"no\" sandbox=\"allow-scripts\" data-secret=\"BkVhYvUE25\" data-mce-fragment=\"1\"><\/iframe><\/p>\n<p>&nbsp;<\/p>\n<p><iframe loading=\"lazy\" class=\"wp-embedded-content\" title=\"\u00abTerror en puesto de salud de Man\u00ed: Seis sujetos armados quer\u00edan rematar a un paciente.\u00bb \u2014 \u25b7 Noticias de Casanare : Martha Cifuentes | Casanare\" src=\"https:\/\/marthacifuentes.com\/portada\/2024\/06\/04\/terror-en-puesto-de-salud-de-mani-seis-sujetos-armados-querian-rematar-a-un-paciente\/embed\/#?secret=dRurjUtg46#?secret=9LajO1DNCM\" width=\"600\" height=\"621\" frameborder=\"0\" marginwidth=\"0\" marginheight=\"0\" scrolling=\"no\" sandbox=\"allow-scripts\" data-secret=\"9LajO1DNCM\" data-mce-fragment=\"1\"><\/iframe><\/p>\n<p><iframe loading=\"lazy\" class=\"wp-embedded-content\" title=\"\u00abMasacre de polic\u00edas sin olvido en Paz de Ariporo: Alias Lanza, presunto responsable, capturado 22 a\u00f1os despu\u00e9s.\u00bb \u2014 \u25b7 Noticias de Casanare : Martha Cifuentes | Casanare\" src=\"https:\/\/marthacifuentes.com\/portada\/2024\/06\/04\/masacre-de-policias-sin-olvido-en-paz-de-ariporo-alias-lanza-presunto-responsable-capturado-22-anos-despues\/embed\/#?secret=zF9QBkUvXg#?secret=ODa6twsCtR\" width=\"600\" height=\"629\" frameborder=\"0\" marginwidth=\"0\" marginheight=\"0\" scrolling=\"no\" sandbox=\"allow-scripts\" data-secret=\"ODa6twsCtR\" data-mce-fragment=\"1\"><\/iframe><\/p>\n<p><iframe loading=\"lazy\" class=\"wp-embedded-content\" title=\"\u00abCasanare y petroleras, vuelven a coquetear. Se busca futuro energ\u00e9tico sostenible.\u00bb \u2014 \u25b7 Noticias de Casanare : Martha Cifuentes | Casanare\" src=\"https:\/\/marthacifuentes.com\/portada\/2024\/05\/31\/casanare-y-petroleras-vuelven-a-coquetear-se-busca-futuro-energetico-sostenible\/embed\/#?secret=BV5pA3RGUC#?secret=6JFLUD4Uhy\" width=\"600\" height=\"621\" frameborder=\"0\" marginwidth=\"0\" marginheight=\"0\" scrolling=\"no\" sandbox=\"allow-scripts\" data-secret=\"6JFLUD4Uhy\" data-mce-fragment=\"1\"><\/iframe><\/p>\n<p><iframe loading=\"lazy\" class=\"wp-embedded-content\" title=\"\u00abCapresoca logr\u00f3 que Fundaci\u00f3n Cardiovascular de Colombia aceptara paciente beb\u00e9, previo pago anticipado\u00bb \u2014 \u25b7 Noticias de Casanare : Martha Cifuentes | Casanare\" src=\"https:\/\/marthacifuentes.com\/portada\/2024\/05\/31\/capresoca-logro-que-fundacion-cardiovascular-de-colombia-aceptara-paciente-bebe-previo-pago-anticipado\/embed\/#?secret=r7qBIMNIFE#?secret=3em5psluaC\" width=\"600\" height=\"650\" frameborder=\"0\" marginwidth=\"0\" marginheight=\"0\" scrolling=\"no\" sandbox=\"allow-scripts\" data-secret=\"3em5psluaC\" data-mce-fragment=\"1\"><\/iframe><\/p>\n<p><iframe loading=\"lazy\" class=\"wp-embedded-content\" title=\"\u00abV\u00edctimas de desaparici\u00f3n forzada en Casanare claman verdad. Periodistas apoyan su requerimiento. \u00a0\u00bb \u2014 \u25b7 Noticias de Casanare : Martha Cifuentes | Casanare\" src=\"https:\/\/marthacifuentes.com\/portada\/2024\/05\/31\/victimas-de-desaparicion-forzada-en-casanare-claman-verdad-periodistas-apoyan-su-requerimiento\/embed\/#?secret=FdkmQHAKH8#?secret=gPlHsIoweE\" width=\"600\" height=\"621\" frameborder=\"0\" marginwidth=\"0\" marginheight=\"0\" scrolling=\"no\" sandbox=\"allow-scripts\" data-secret=\"gPlHsIoweE\" data-mce-fragment=\"1\"><\/iframe><\/p>\n<p><iframe loading=\"lazy\" class=\"wp-embedded-content\" title=\"\u00abBomberos atienden damnificados en inundaciones en Yopal. Se hall\u00f3 un anciano fallecido.\u00bb \u2014 \u25b7 Noticias de Casanare : Martha Cifuentes | Casanare\" src=\"https:\/\/marthacifuentes.com\/portada\/2024\/05\/30\/bomberos-atienden-damnificados-en-inundaciones-en-yopal-se-hallo-un-anciano-fallecido\/embed\/#?secret=TImSh8YmGz#?secret=c4SXotAESt\" width=\"600\" height=\"599\" frameborder=\"0\" marginwidth=\"0\" marginheight=\"0\" scrolling=\"no\" sandbox=\"allow-scripts\" data-secret=\"c4SXotAESt\" data-mce-fragment=\"1\"><\/iframe><\/p>\n<p><iframe loading=\"lazy\" class=\"wp-embedded-content\" title=\"\u00abCapresoca logra que Hospital de Villavicencio reciba ni\u00f1a de 2 a\u00f1os\u00bb \u2014 \u25b7 Noticias de Casanare : Martha Cifuentes | Casanare\" src=\"https:\/\/marthacifuentes.com\/portada\/2024\/05\/30\/capresoca-logra-que-hospital-de-villavicencio-reciba-nina-de-2-anos\/embed\/#?secret=WxxWKzS8Ji#?secret=2gWskTUHXE\" width=\"600\" height=\"621\" frameborder=\"0\" marginwidth=\"0\" marginheight=\"0\" scrolling=\"no\" sandbox=\"allow-scripts\" data-secret=\"2gWskTUHXE\" data-mce-fragment=\"1\"><\/iframe><\/p>\n<p><iframe loading=\"lazy\" class=\"wp-embedded-content\" title=\"\u00abEmergencias por doquier en Yopal por invierno.\u00bb \u2014 \u25b7 Noticias de Casanare : Martha Cifuentes | Casanare\" src=\"https:\/\/marthacifuentes.com\/portada\/2024\/05\/30\/emergencias-por-doquier-en-yopal-por-invierno\/embed\/#?secret=gJiFgmrhRk#?secret=NkV5dyabww\" width=\"600\" height=\"592\" frameborder=\"0\" marginwidth=\"0\" marginheight=\"0\" scrolling=\"no\" sandbox=\"allow-scripts\" data-secret=\"NkV5dyabww\" data-mce-fragment=\"1\"><\/iframe><\/p>\n","protected":false},"excerpt":{"rendered":"<p>Los pueblos ind\u00edgenas Tsiripo, Maib\u00e9nMasiguare, CuibaWamone, Sikuani, Amor\u00faa, Yamalero, Yaruro, S\u00e1liva y W\u00e4pigiwi, del resguardo Ca\u00f1o Mochuelo en Casanare condenados al hambre, la desnutrici\u00f3n y el exterminio por las disidencias de las Farc, frente 28, comandado por alias \u201cAntonio Medina\u201d, que les prohibi\u00f3 ejercer sus actividades de supervivencia. As\u00ed lo denunci\u00f3 la Organizaci\u00f3n Nacional Ind\u00edgena &hellip;<\/p>\n","protected":false},"author":2,"featured_media":33501,"comment_status":"open","ping_status":"open","sticky":false,"template":"","format":"standard","meta":{"om_disable_all_campaigns":false,"_exactmetrics_skip_tracking":false,"_exactmetrics_sitenote_active":false,"_exactmetrics_sitenote_note":"","_exactmetrics_sitenote_category":0,"_monsterinsights_skip_tracking":false,"_monsterinsights_sitenote_active":false,"_monsterinsights_sitenote_note":"","_monsterinsights_sitenote_category":0,"_uf_show_specific_survey":0,"_uf_disable_surveys":false,"_joinchat":[],"footnotes":""},"categories":[147,146,145],"tags":[10302,6239,10300,10307,261,10299,1400,1584,10297,10306,10305,10301,10298,10303,10304],"class_list":["post-33500","post","type-post","status-publish","format-standard","has-post-thumbnail","hentry","category-actualidad","category-noticias","category-reportajes","tag-amorua","tag-antonio-medina","tag-cuibawamone","tag-disidencias-de-las-farc-amenazan-a-indigenas-cano-mochuelo","tag-hato-corozal","tag-maibenmasiguare","tag-noticias-casanare","tag-noticias-paz-de-ariporo","tag-pueblos-indigenas-casanare","tag-resguardo-cano-mochuelo-en-casanare","tag-saliva-y-wapigiwi","tag-sikuani","tag-tsiripo","tag-yamalero","tag-yaruro"],"yoast_head":"<!-- This site is optimized with the Yoast SEO plugin v26.1 - https:\/\/yoast.com\/wordpress\/plugins\/seo\/ -->\n<title>Ind\u00edgenas de Ca\u00f1o Mochuelo, Casanare, cautivos por disidencias de las Farc, temen ser aniquilados. - \u25b7 Noticias de Casanare : Martha Cifuentes | Casanare<\/title>\n<meta name=\"robots\" content=\"index, follow, max-snippet:-1, max-image-preview:large, max-video-preview:-1\" \/>\n<link rel=\"canonical\" href=\"https:\/\/marthacifuentes.com\/portada\/indigenas-de-cano-mochuelo-casanare-cautivos-por-disidencias-de-las-farc-temen-ser-aniquilados\/\" \/>\n<meta property=\"og:locale\" content=\"es_ES\" \/>\n<meta property=\"og:type\" content=\"article\" \/>\n<meta property=\"og:title\" content=\"Ind\u00edgenas de Ca\u00f1o Mochuelo, Casanare, cautivos por disidencias de las Farc, temen ser aniquilados. - \u25b7 Noticias de Casanare : Martha Cifuentes | Casanare\" \/>\n<meta property=\"og:description\" content=\"Los pueblos ind\u00edgenas Tsiripo, Maib\u00e9nMasiguare, CuibaWamone, Sikuani, Amor\u00faa, Yamalero, Yaruro, S\u00e1liva y W\u00e4pigiwi, del resguardo Ca\u00f1o Mochuelo en Casanare condenados al hambre, la desnutrici\u00f3n y el exterminio por las disidencias de las Farc, frente 28, comandado por alias \u201cAntonio Medina\u201d, que les prohibi\u00f3 ejercer sus actividades de supervivencia. As\u00ed lo denunci\u00f3 la Organizaci\u00f3n Nacional Ind\u00edgena &hellip;\" \/>\n<meta property=\"og:url\" content=\"https:\/\/marthacifuentes.com\/portada\/indigenas-de-cano-mochuelo-casanare-cautivos-por-disidencias-de-las-farc-temen-ser-aniquilados\/\" \/>\n<meta property=\"og:site_name\" content=\"\u25b7 Noticias de Casanare : Martha Cifuentes | Casanare\" \/>\n<meta property=\"article:published_time\" content=\"2024-06-20T15:24:21+00:00\" \/>\n<meta property=\"article:modified_time\" content=\"2024-06-20T15:45:44+00:00\" \/>\n<meta property=\"og:image\" content=\"https:\/\/marthacifuentes.com\/portada\/wp-content\/uploads\/2024\/06\/portada-cano-mochuelo.jpg\" \/>\n\t<meta property=\"og:image:width\" content=\"800\" \/>\n\t<meta property=\"og:image:height\" content=\"533\" \/>\n\t<meta property=\"og:image:type\" content=\"image\/jpeg\" \/>\n<meta name=\"author\" content=\"Martha Cifuentes\" \/>\n<meta name=\"twitter:card\" content=\"summary_large_image\" \/>\n<meta name=\"twitter:label1\" content=\"Escrito por\" \/>\n\t<meta name=\"twitter:data1\" content=\"Martha Cifuentes\" \/>\n\t<meta name=\"twitter:label2\" content=\"Tiempo de lectura\" \/>\n\t<meta name=\"twitter:data2\" content=\"4 minutos\" \/>\n<script type=\"application\/ld+json\" class=\"yoast-schema-graph\">{\"@context\":\"https:\/\/schema.org\",\"@graph\":[{\"@type\":\"WebPage\",\"@id\":\"https:\/\/marthacifuentes.com\/portada\/indigenas-de-cano-mochuelo-casanare-cautivos-por-disidencias-de-las-farc-temen-ser-aniquilados\/\",\"url\":\"https:\/\/marthacifuentes.com\/portada\/indigenas-de-cano-mochuelo-casanare-cautivos-por-disidencias-de-las-farc-temen-ser-aniquilados\/\",\"name\":\"Ind\u00edgenas de Ca\u00f1o Mochuelo, Casanare, cautivos por disidencias de las Farc, temen ser aniquilados. - \u25b7 Noticias de Casanare : Martha Cifuentes | Casanare\",\"isPartOf\":{\"@id\":\"https:\/\/marthacifuentes.com\/portada\/#website\"},\"primaryImageOfPage\":{\"@id\":\"https:\/\/marthacifuentes.com\/portada\/indigenas-de-cano-mochuelo-casanare-cautivos-por-disidencias-de-las-farc-temen-ser-aniquilados\/#primaryimage\"},\"image\":{\"@id\":\"https:\/\/marthacifuentes.com\/portada\/indigenas-de-cano-mochuelo-casanare-cautivos-por-disidencias-de-las-farc-temen-ser-aniquilados\/#primaryimage\"},\"thumbnailUrl\":\"https:\/\/marthacifuentes.com\/portada\/wp-content\/uploads\/2024\/06\/portada-cano-mochuelo.jpg\",\"datePublished\":\"2024-06-20T15:24:21+00:00\",\"dateModified\":\"2024-06-20T15:45:44+00:00\",\"author\":{\"@id\":\"https:\/\/marthacifuentes.com\/portada\/#\/schema\/person\/57f53174b991db5f90ff78d58502b714\"},\"breadcrumb\":{\"@id\":\"https:\/\/marthacifuentes.com\/portada\/indigenas-de-cano-mochuelo-casanare-cautivos-por-disidencias-de-las-farc-temen-ser-aniquilados\/#breadcrumb\"},\"inLanguage\":\"es\",\"potentialAction\":[{\"@type\":\"ReadAction\",\"target\":[\"https:\/\/marthacifuentes.com\/portada\/indigenas-de-cano-mochuelo-casanare-cautivos-por-disidencias-de-las-farc-temen-ser-aniquilados\/\"]}]},{\"@type\":\"ImageObject\",\"inLanguage\":\"es\",\"@id\":\"https:\/\/marthacifuentes.com\/portada\/indigenas-de-cano-mochuelo-casanare-cautivos-por-disidencias-de-las-farc-temen-ser-aniquilados\/#primaryimage\",\"url\":\"https:\/\/marthacifuentes.com\/portada\/wp-content\/uploads\/2024\/06\/portada-cano-mochuelo.jpg\",\"contentUrl\":\"https:\/\/marthacifuentes.com\/portada\/wp-content\/uploads\/2024\/06\/portada-cano-mochuelo.jpg\",\"width\":800,\"height\":533},{\"@type\":\"BreadcrumbList\",\"@id\":\"https:\/\/marthacifuentes.com\/portada\/indigenas-de-cano-mochuelo-casanare-cautivos-por-disidencias-de-las-farc-temen-ser-aniquilados\/#breadcrumb\",\"itemListElement\":[{\"@type\":\"ListItem\",\"position\":1,\"name\":\"Portada\",\"item\":\"https:\/\/marthacifuentes.com\/portada\/\"},{\"@type\":\"ListItem\",\"position\":2,\"name\":\"Ind\u00edgenas de Ca\u00f1o Mochuelo, Casanare, cautivos por disidencias de las Farc, temen ser aniquilados.\"}]},{\"@type\":\"WebSite\",\"@id\":\"https:\/\/marthacifuentes.com\/portada\/#website\",\"url\":\"https:\/\/marthacifuentes.com\/portada\/\",\"name\":\"\u25b7 Noticias de Casanare : Martha Cifuentes | Casanare\",\"description\":\"Noticias &amp; Contenidos\",\"potentialAction\":[{\"@type\":\"SearchAction\",\"target\":{\"@type\":\"EntryPoint\",\"urlTemplate\":\"https:\/\/marthacifuentes.com\/portada\/?s={search_term_string}\"},\"query-input\":{\"@type\":\"PropertyValueSpecification\",\"valueRequired\":true,\"valueName\":\"search_term_string\"}}],\"inLanguage\":\"es\"},{\"@type\":\"Person\",\"@id\":\"https:\/\/marthacifuentes.com\/portada\/#\/schema\/person\/57f53174b991db5f90ff78d58502b714\",\"name\":\"Martha Cifuentes\",\"image\":{\"@type\":\"ImageObject\",\"inLanguage\":\"es\",\"@id\":\"https:\/\/marthacifuentes.com\/portada\/#\/schema\/person\/image\/\",\"url\":\"http:\/\/marthacifuentes.com\/portada\/wp-content\/uploads\/2018\/06\/avatar_user_2_1528838701-96x96.jpg\",\"contentUrl\":\"http:\/\/marthacifuentes.com\/portada\/wp-content\/uploads\/2018\/06\/avatar_user_2_1528838701-96x96.jpg\",\"caption\":\"Martha Cifuentes\"},\"sameAs\":[\"http:\/\/www.marthacifuentes.com\"],\"url\":\"https:\/\/marthacifuentes.com\/portada\/author\/martha\/\"}]}<\/script>\n<!-- \/ Yoast SEO plugin. -->","yoast_head_json":{"title":"Ind\u00edgenas de Ca\u00f1o Mochuelo, Casanare, cautivos por disidencias de las Farc, temen ser aniquilados. - \u25b7 Noticias de Casanare : Martha Cifuentes | Casanare","robots":{"index":"index","follow":"follow","max-snippet":"max-snippet:-1","max-image-preview":"max-image-preview:large","max-video-preview":"max-video-preview:-1"},"canonical":"https:\/\/marthacifuentes.com\/portada\/indigenas-de-cano-mochuelo-casanare-cautivos-por-disidencias-de-las-farc-temen-ser-aniquilados\/","og_locale":"es_ES","og_type":"article","og_title":"Ind\u00edgenas de Ca\u00f1o Mochuelo, Casanare, cautivos por disidencias de las Farc, temen ser aniquilados. - \u25b7 Noticias de Casanare : Martha Cifuentes | Casanare","og_description":"Los pueblos ind\u00edgenas Tsiripo, Maib\u00e9nMasiguare, CuibaWamone, Sikuani, Amor\u00faa, Yamalero, Yaruro, S\u00e1liva y W\u00e4pigiwi, del resguardo Ca\u00f1o Mochuelo en Casanare condenados al hambre, la desnutrici\u00f3n y el exterminio por las disidencias de las Farc, frente 28, comandado por alias \u201cAntonio Medina\u201d, que les prohibi\u00f3 ejercer sus actividades de supervivencia. As\u00ed lo denunci\u00f3 la Organizaci\u00f3n Nacional Ind\u00edgena &hellip;","og_url":"https:\/\/marthacifuentes.com\/portada\/indigenas-de-cano-mochuelo-casanare-cautivos-por-disidencias-de-las-farc-temen-ser-aniquilados\/","og_site_name":"\u25b7 Noticias de Casanare : Martha Cifuentes | Casanare","article_published_time":"2024-06-20T15:24:21+00:00","article_modified_time":"2024-06-20T15:45:44+00:00","og_image":[{"width":800,"height":533,"url":"https:\/\/marthacifuentes.com\/portada\/wp-content\/uploads\/2024\/06\/portada-cano-mochuelo.jpg","type":"image\/jpeg"}],"author":"Martha Cifuentes","twitter_card":"summary_large_image","twitter_misc":{"Escrito por":"Martha Cifuentes","Tiempo de lectura":"4 minutos"},"schema":{"@context":"https:\/\/schema.org","@graph":[{"@type":"WebPage","@id":"https:\/\/marthacifuentes.com\/portada\/indigenas-de-cano-mochuelo-casanare-cautivos-por-disidencias-de-las-farc-temen-ser-aniquilados\/","url":"https:\/\/marthacifuentes.com\/portada\/indigenas-de-cano-mochuelo-casanare-cautivos-por-disidencias-de-las-farc-temen-ser-aniquilados\/","name":"Ind\u00edgenas de Ca\u00f1o Mochuelo, Casanare, cautivos por disidencias de las Farc, temen ser aniquilados. - \u25b7 Noticias de Casanare : Martha Cifuentes | Casanare","isPartOf":{"@id":"https:\/\/marthacifuentes.com\/portada\/#website"},"primaryImageOfPage":{"@id":"https:\/\/marthacifuentes.com\/portada\/indigenas-de-cano-mochuelo-casanare-cautivos-por-disidencias-de-las-farc-temen-ser-aniquilados\/#primaryimage"},"image":{"@id":"https:\/\/marthacifuentes.com\/portada\/indigenas-de-cano-mochuelo-casanare-cautivos-por-disidencias-de-las-farc-temen-ser-aniquilados\/#primaryimage"},"thumbnailUrl":"https:\/\/marthacifuentes.com\/portada\/wp-content\/uploads\/2024\/06\/portada-cano-mochuelo.jpg","datePublished":"2024-06-20T15:24:21+00:00","dateModified":"2024-06-20T15:45:44+00:00","author":{"@id":"https:\/\/marthacifuentes.com\/portada\/#\/schema\/person\/57f53174b991db5f90ff78d58502b714"},"breadcrumb":{"@id":"https:\/\/marthacifuentes.com\/portada\/indigenas-de-cano-mochuelo-casanare-cautivos-por-disidencias-de-las-farc-temen-ser-aniquilados\/#breadcrumb"},"inLanguage":"es","potentialAction":[{"@type":"ReadAction","target":["https:\/\/marthacifuentes.com\/portada\/indigenas-de-cano-mochuelo-casanare-cautivos-por-disidencias-de-las-farc-temen-ser-aniquilados\/"]}]},{"@type":"ImageObject","inLanguage":"es","@id":"https:\/\/marthacifuentes.com\/portada\/indigenas-de-cano-mochuelo-casanare-cautivos-por-disidencias-de-las-farc-temen-ser-aniquilados\/#primaryimage","url":"https:\/\/marthacifuentes.com\/portada\/wp-content\/uploads\/2024\/06\/portada-cano-mochuelo.jpg","contentUrl":"https:\/\/marthacifuentes.com\/portada\/wp-content\/uploads\/2024\/06\/portada-cano-mochuelo.jpg","width":800,"height":533},{"@type":"BreadcrumbList","@id":"https:\/\/marthacifuentes.com\/portada\/indigenas-de-cano-mochuelo-casanare-cautivos-por-disidencias-de-las-farc-temen-ser-aniquilados\/#breadcrumb","itemListElement":[{"@type":"ListItem","position":1,"name":"Portada","item":"https:\/\/marthacifuentes.com\/portada\/"},{"@type":"ListItem","position":2,"name":"Ind\u00edgenas de Ca\u00f1o Mochuelo, Casanare, cautivos por disidencias de las Farc, temen ser aniquilados."}]},{"@type":"WebSite","@id":"https:\/\/marthacifuentes.com\/portada\/#website","url":"https:\/\/marthacifuentes.com\/portada\/","name":"\u25b7 Noticias de Casanare : Martha Cifuentes | Casanare","description":"Noticias &amp; Contenidos","potentialAction":[{"@type":"SearchAction","target":{"@type":"EntryPoint","urlTemplate":"https:\/\/marthacifuentes.com\/portada\/?s={search_term_string}"},"query-input":{"@type":"PropertyValueSpecification","valueRequired":true,"valueName":"search_term_string"}}],"inLanguage":"es"},{"@type":"Person","@id":"https:\/\/marthacifuentes.com\/portada\/#\/schema\/person\/57f53174b991db5f90ff78d58502b714","name":"Martha Cifuentes","image":{"@type":"ImageObject","inLanguage":"es","@id":"https:\/\/marthacifuentes.com\/portada\/#\/schema\/person\/image\/","url":"http:\/\/marthacifuentes.com\/portada\/wp-content\/uploads\/2018\/06\/avatar_user_2_1528838701-96x96.jpg","contentUrl":"http:\/\/marthacifuentes.com\/portada\/wp-content\/uploads\/2018\/06\/avatar_user_2_1528838701-96x96.jpg","caption":"Martha Cifuentes"},"sameAs":["http:\/\/www.marthacifuentes.com"],"url":"https:\/\/marthacifuentes.com\/portada\/author\/martha\/"}]}},"_links":{"self":[{"href":"https:\/\/marthacifuentes.com\/portada\/wp-json\/wp\/v2\/posts\/33500","targetHints":{"allow":["GET"]}}],"collection":[{"href":"https:\/\/marthacifuentes.com\/portada\/wp-json\/wp\/v2\/posts"}],"about":[{"href":"https:\/\/marthacifuentes.com\/portada\/wp-json\/wp\/v2\/types\/post"}],"author":[{"embeddable":true,"href":"https:\/\/marthacifuentes.com\/portada\/wp-json\/wp\/v2\/users\/2"}],"replies":[{"embeddable":true,"href":"https:\/\/marthacifuentes.com\/portada\/wp-json\/wp\/v2\/comments?post=33500"}],"version-history":[{"count":4,"href":"https:\/\/marthacifuentes.com\/portada\/wp-json\/wp\/v2\/posts\/33500\/revisions"}],"predecessor-version":[{"id":33506,"href":"https:\/\/marthacifuentes.com\/portada\/wp-json\/wp\/v2\/posts\/33500\/revisions\/33506"}],"wp:featuredmedia":[{"embeddable":true,"href":"https:\/\/marthacifuentes.com\/portada\/wp-json\/wp\/v2\/media\/33501"}],"wp:attachment":[{"href":"https:\/\/marthacifuentes.com\/portada\/wp-json\/wp\/v2\/media?parent=33500"}],"wp:term":[{"taxonomy":"category","embeddable":true,"href":"https:\/\/marthacifuentes.com\/portada\/wp-json\/wp\/v2\/categories?post=33500"},{"taxonomy":"post_tag","embeddable":true,"href":"https:\/\/marthacifuentes.com\/portada\/wp-json\/wp\/v2\/tags?post=33500"}],"curies":[{"name":"wp","href":"https:\/\/api.w.org\/{rel}","templated":true}]}}