{"id":33558,"date":"2024-06-26T09:34:29","date_gmt":"2024-06-26T14:34:29","guid":{"rendered":"https:\/\/marthacifuentes.com\/portada\/?p=33558"},"modified":"2024-06-26T09:35:15","modified_gmt":"2024-06-26T14:35:15","slug":"de-la-pandemia-a-victimas-de-accidentes-viales-uso-de-las-camas-uci-del-horo-en-casanare","status":"publish","type":"post","link":"https:\/\/marthacifuentes.com\/portada\/de-la-pandemia-a-victimas-de-accidentes-viales-uso-de-las-camas-uci-del-horo-en-casanare\/","title":{"rendered":"De la pandemia a v\u00edctimas de accidentes viales: Uso de las camas UCI del Horo en Casanare."},"content":{"rendered":"<p>En el Hospital Regional de la Orinoquia (HORO), las camas UCI, antes destinadas principalmente a pacientes de la pandemia del Covid19, ahora se utilizan mayormente para atender a v\u00edctimas de accidentes de tr\u00e1nsito, afirm\u00f3 el coordinador de urgencias Hern\u00e1n Dar\u00edo Hern\u00e1ndez Santacoloma durante el Primer Comit\u00e9 Departamental de Seguridad Vial de Casanare realizado en Aguazul.<\/p>\n<p>La jornada tuvo lugar en las instalaciones de la Universidad Pedag\u00f3gica y Tecnol\u00f3gica de Colombia (UPTC). Durante la reuni\u00f3n, se cont\u00f3 con la presencia del director de Planeaci\u00f3n, Alfonso C\u00e1rdenas, en representaci\u00f3n del gobernador C\u00e9sar Ortiz Zorro; la directora de Tr\u00e1nsito de Casanare, Dayery Pulido, funcionarios del Ministerio de Transporte, la Seccional de Tr\u00e1nsito y Transporte de la Polic\u00eda, la Agencia Nacional de Seguridad Vial (ANI), Covioriente, el HORO y los Bomberos de Yopal.<\/p>\n<p>&nbsp;<\/p>\n<p><strong>El rol del motociclista y las causas frecuentes<\/strong><\/p>\n<p>El capit\u00e1n Carlos V\u00e1squez, jefe de la Seccional de Tr\u00e1nsito y Transporte (DITRA), destac\u00f3 que el motociclista sigue siendo el actor vial m\u00e1s afectado. Las causas principales de los accidentes son el exceso de velocidad y conducir bajo los efectos del alcohol.<\/p>\n<p>A pesar de las campa\u00f1as de sensibilizaci\u00f3n, los n\u00fameros siguen siendo alarmantes: se han registrado 49 siniestros viales, con 19 personas fallecidas y 66 lesionadas.<\/p>\n<p>&nbsp;<\/p>\n<p><strong>La Realidad de las Camas UCI<\/strong><\/p>\n<p>El Dr. Santacoloma, expres\u00f3 su preocupaci\u00f3n por la cultura de incumplimiento de las normas de tr\u00e1nsito en el departamento. Preciso que antes, durante la pandemia, se hablaba de la falta de camas UCI para pacientes con COVID-19. Sin embargo, ahora se evidencia que estas camas se ocupan principalmente por v\u00edctimas de accidentes viales.<\/p>\n<p>La emergencia por el aumento de casos de dengue grave complica a\u00fan m\u00e1s la situaci\u00f3n, ya que estos pacientes tambi\u00e9n requieren atenci\u00f3n en UCI.<\/p>\n<h2>Otras noticias\u2026<\/h2>\n<blockquote class=\"wp-embedded-content\" data-secret=\"hXhWgLwP4U\"><p><a href=\"https:\/\/marthacifuentes.com\/portada\/2024\/06\/26\/riesgo-de-avalancha-en-pueblo-nuevo-recetor\/\">Riesgo de avalancha en Pueblo Nuevo, Recetor.<\/a><\/p><\/blockquote>\n<p><iframe loading=\"lazy\" class=\"wp-embedded-content\" sandbox=\"allow-scripts\" security=\"restricted\" style=\"position: absolute; clip: rect(1px, 1px, 1px, 1px);\" title=\"\u00abRiesgo de avalancha en Pueblo Nuevo, Recetor.\u00bb \u2014 \u25b7 Noticias de Casanare : Martha Cifuentes | Casanare\" src=\"https:\/\/marthacifuentes.com\/portada\/2024\/06\/26\/riesgo-de-avalancha-en-pueblo-nuevo-recetor\/embed\/#?secret=8ju8goZ1Tf#?secret=hXhWgLwP4U\" data-secret=\"hXhWgLwP4U\" width=\"500\" height=\"282\" frameborder=\"0\" marginwidth=\"0\" marginheight=\"0\" scrolling=\"no\"><\/iframe><\/p>\n<p><iframe loading=\"lazy\" class=\"wp-embedded-content\" title=\"\u00abAjustado precio del di\u00e9sel o ACPM para grandes consumidores. No aplica para estaciones de gasolina.\u00bb \u2014 \u25b7 Noticias de Casanare : Martha Cifuentes | Casanare\" src=\"https:\/\/marthacifuentes.com\/portada\/2024\/06\/25\/ajustado-precio-del-diesel-o-acpm-para-grandes-consumidores-no-aplica-para-estaciones-de-gasolina\/embed\/#?secret=NIosARWuFE#?secret=U7qHY2CDDX\" width=\"600\" height=\"621\" frameborder=\"0\" marginwidth=\"0\" marginheight=\"0\" scrolling=\"no\" sandbox=\"allow-scripts\" data-secret=\"U7qHY2CDDX\" data-mce-fragment=\"1\"><\/iframe><\/p>\n<p><iframe loading=\"lazy\" class=\"wp-embedded-content\" title=\"\u00abAfiliadas a Capresoca en Casanare acceden gratuitamente a m\u00e9todo de planificaci\u00f3n familiar.\u00bb \u2014 \u25b7 Noticias de Casanare : Martha Cifuentes | Casanare\" src=\"https:\/\/marthacifuentes.com\/portada\/2024\/06\/25\/afiliadas-a-capresoca-en-casanare-acceden-gratuitamente-a-metodo-de-planificacion-familiar\/embed\/#?secret=tJENv4Puon#?secret=0noCzMh3bf\" width=\"600\" height=\"621\" frameborder=\"0\" marginwidth=\"0\" marginheight=\"0\" scrolling=\"no\" sandbox=\"allow-scripts\" data-secret=\"0noCzMh3bf\" data-mce-fragment=\"1\"><\/iframe><\/p>\n<p><iframe loading=\"lazy\" class=\"wp-embedded-content\" title=\"\u00abSe reabre esperanza de arreglo de v\u00eda devastada por un alud de tierra en Alto Lindo, Aguazul\u00bb \u2014 \u25b7 Noticias de Casanare : Martha Cifuentes | Casanare\" src=\"https:\/\/marthacifuentes.com\/portada\/2024\/06\/25\/se-reabre-esperanza-de-arreglo-de-via-devastada-por-un-alud-de-tierra-en-alto-lindo-aguazul\/embed\/#?secret=3NbHgZluIy#?secret=JVJ4rC2HN0\" width=\"600\" height=\"620\" frameborder=\"0\" marginwidth=\"0\" marginheight=\"0\" scrolling=\"no\" sandbox=\"allow-scripts\" data-secret=\"JVJ4rC2HN0\" data-mce-fragment=\"1\"><\/iframe><\/p>\n<p><iframe loading=\"lazy\" class=\"wp-embedded-content\" title=\"\u00abAnte la solicitud de sesi\u00f3n del Concejo en Alameda Martha Mojica, fue aprobada para este 30 de junio\u00bb \u2014 \u25b7 Noticias de Casanare : Martha Cifuentes | Casanare\" src=\"https:\/\/marthacifuentes.com\/portada\/2024\/06\/25\/ante-la-solicitud-de-sesion-del-concejo-en-alameda-martha-mojica-fue-aprobada-para-este-30-de-junio\/embed\/#?secret=Qd6YPDcPbX#?secret=RrxK6uNOgV\" width=\"600\" height=\"620\" frameborder=\"0\" marginwidth=\"0\" marginheight=\"0\" scrolling=\"no\" sandbox=\"allow-scripts\" data-secret=\"RrxK6uNOgV\" data-mce-fragment=\"1\"><\/iframe><\/p>\n<p><iframe loading=\"lazy\" class=\"wp-embedded-content\" title=\"\u00abPolic\u00eda en Yopal se qued\u00f3 sin gasolina. Alcald\u00eda apoyar\u00e1 mientras se dispone de recursos del Fondo de Seguridad.\u00bb \u2014 \u25b7 Noticias de Casanare : Martha Cifuentes | Casanare\" src=\"https:\/\/marthacifuentes.com\/portada\/2024\/06\/25\/policia-en-yopal-se-quedo-sin-gasolina-alcaldia-apoyara-mientras-se-dispone-de-recursos-del-fondo-de-seguridad\/embed\/#?secret=kXGvWbzuDL#?secret=dGvcrUFrAH\" width=\"600\" height=\"629\" frameborder=\"0\" marginwidth=\"0\" marginheight=\"0\" scrolling=\"no\" sandbox=\"allow-scripts\" data-secret=\"dGvcrUFrAH\" data-mce-fragment=\"1\"><\/iframe><\/p>\n<p><iframe loading=\"lazy\" class=\"wp-embedded-content\" title=\"\u00abOnce delincuentes menos en las calles de Yopal. A la c\u00e1rcel, \u2018los de la d\u00e9cima\u2019\u00bb \u2014 \u25b7 Noticias de Casanare : Martha Cifuentes | Casanare\" src=\"https:\/\/marthacifuentes.com\/portada\/2024\/06\/25\/once-delincuentes-menos-en-las-calles-de-yopal-a-la-carcel-los-de-la-decima\/embed\/#?secret=XTpKSREKp6#?secret=pfpNQRGSe3\" width=\"600\" height=\"620\" frameborder=\"0\" marginwidth=\"0\" marginheight=\"0\" scrolling=\"no\" sandbox=\"allow-scripts\" data-secret=\"pfpNQRGSe3\" data-mce-fragment=\"1\"><\/iframe><\/p>\n<p><iframe loading=\"lazy\" class=\"wp-embedded-content\" title=\"\u00ab\u201cChoque\u201d entre Eaaay y concejal Infante por denuncias de seguros y contrato de recolectores de basuras\u00bb \u2014 \u25b7 Noticias de Casanare : Martha Cifuentes | Casanare\" src=\"https:\/\/marthacifuentes.com\/portada\/2024\/06\/21\/choque-entre-eaaay-y-concejal-infante-por-denuncias-de-seguros-y-contrato-de-recolectores-de-basuras\/embed\/#?secret=N49IIbgOch#?secret=p0mmIrWMp5\" width=\"600\" height=\"620\" frameborder=\"0\" marginwidth=\"0\" marginheight=\"0\" scrolling=\"no\" sandbox=\"allow-scripts\" data-secret=\"p0mmIrWMp5\" data-mce-fragment=\"1\"><\/iframe><\/p>\n<p><iframe loading=\"lazy\" class=\"wp-embedded-content\" title=\"\u00abGrupos de teatro de Yopal, exaltados el Concejo de Yopal\u00bb \u2014 \u25b7 Noticias de Casanare : Martha Cifuentes | Casanare\" src=\"https:\/\/marthacifuentes.com\/portada\/2024\/06\/20\/grupos-de-teatro-de-yopal-exaltados-el-concejo-de-yopal\/embed\/#?secret=yeGGEFZCZl#?secret=wTM4dOg09Q\" width=\"600\" height=\"621\" frameborder=\"0\" marginwidth=\"0\" marginheight=\"0\" scrolling=\"no\" sandbox=\"allow-scripts\" data-secret=\"wTM4dOg09Q\" data-mce-fragment=\"1\"><\/iframe><\/p>\n<p><iframe loading=\"lazy\" class=\"wp-embedded-content\" title=\"\u00abInd\u00edgenas de Ca\u00f1o Mochuelo, Casanare, cautivos por disidencias de las Farc, temen ser aniquilados.\u00bb \u2014 \u25b7 Noticias de Casanare : Martha Cifuentes | Casanare\" src=\"https:\/\/marthacifuentes.com\/portada\/2024\/06\/20\/indigenas-de-cano-mochuelo-casanare-cautivos-por-disidencias-de-las-farc-temen-ser-aniquilados\/embed\/#?secret=KgPEsCwDRP#?secret=4AJp8jIZEs\" width=\"600\" height=\"642\" frameborder=\"0\" marginwidth=\"0\" marginheight=\"0\" scrolling=\"no\" sandbox=\"allow-scripts\" data-secret=\"4AJp8jIZEs\" data-mce-fragment=\"1\"><\/iframe><\/p>\n<p>&nbsp;<\/p>\n<p><iframe loading=\"lazy\" class=\"wp-embedded-content\" title=\"\u00abCasanare avanza en competitividad, pero a\u00fan le queda camino por recorrer. Se ubic\u00f3 puesto 19.\u00bb \u2014 \u25b7 Noticias de Casanare : Martha Cifuentes | Casanare\" src=\"https:\/\/marthacifuentes.com\/portada\/2024\/06\/19\/casanare-avanza-en-competitividad-pero-aun-le-queda-camino-por-recorrer-se-ubico-puesto-19\/embed\/#?secret=K50V5FHs19#?secret=32Y50vZvl9\" width=\"600\" height=\"619\" frameborder=\"0\" marginwidth=\"0\" marginheight=\"0\" scrolling=\"no\" sandbox=\"allow-scripts\" data-secret=\"32Y50vZvl9\" data-mce-fragment=\"1\"><\/iframe><\/p>\n<p><iframe loading=\"lazy\" class=\"wp-embedded-content\" title=\"\u00abOperativo anticontrabando de licores, cervezas y cigarrillos en Yopal: \u00a1Pilla la Estampilla!\u00bb \u2014 \u25b7 Noticias de Casanare : Martha Cifuentes | Casanare\" src=\"https:\/\/marthacifuentes.com\/portada\/2024\/06\/19\/operativo-anticontrabando-de-licores-cervezas-y-cigarrillos-en-yopal-pilla-la-estampilla\/embed\/#?secret=xPFfYB4U2e#?secret=VOaIh33SkV\" width=\"600\" height=\"621\" frameborder=\"0\" marginwidth=\"0\" marginheight=\"0\" scrolling=\"no\" sandbox=\"allow-scripts\" data-secret=\"VOaIh33SkV\" data-mce-fragment=\"1\"><\/iframe><\/p>\n<p><iframe loading=\"lazy\" class=\"wp-embedded-content\" title=\"\u00abZorro visita cl\u00ednicas de Bucaramanga. Busca fortalecer la salud y la educaci\u00f3n m\u00e9dica a trav\u00e9s de alianzas.\u00bb \u2014 \u25b7 Noticias de Casanare : Martha Cifuentes | Casanare\" src=\"https:\/\/marthacifuentes.com\/portada\/2024\/06\/19\/zorro-visita-clinicas-de-bucaramanga-busca-fortalecer-la-salud-y-la-educacion-medica-a-traves-de-alianzas\/embed\/#?secret=OhkptpNZTd#?secret=npuV5gIx3I\" width=\"600\" height=\"621\" frameborder=\"0\" marginwidth=\"0\" marginheight=\"0\" scrolling=\"no\" sandbox=\"allow-scripts\" data-secret=\"npuV5gIx3I\" data-mce-fragment=\"1\"><\/iframe><\/p>\n<p><iframe loading=\"lazy\" class=\"wp-embedded-content\" title=\"\u00abEn Trinidad, Casanare, estas son las mujeres guardianas del sabor ancestral en la cocina silvestre\u00bb \u2014 \u25b7 Noticias de Casanare : Martha Cifuentes | Casanare\" src=\"https:\/\/marthacifuentes.com\/portada\/2024\/06\/18\/en-trinidad-casanare-estas-son-las-mujeres-guardianas-del-sabor-ancestral-en-la-cocina-silvestre\/embed\/#?secret=E8I83en0ZR#?secret=k3uyea21NX\" width=\"600\" height=\"621\" frameborder=\"0\" marginwidth=\"0\" marginheight=\"0\" scrolling=\"no\" sandbox=\"allow-scripts\" data-secret=\"k3uyea21NX\" data-mce-fragment=\"1\"><\/iframe><\/p>\n<p><iframe loading=\"lazy\" class=\"wp-embedded-content\" title=\"\u00abCapresoca logra 27 remisiones de pacientes en la \u00faltima semana.\u00bb \u2014 \u25b7 Noticias de Casanare : Martha Cifuentes | Casanare\" src=\"https:\/\/marthacifuentes.com\/portada\/2024\/06\/18\/capresoca-logra-27-remisiones-de-pacientes-en-la-ultima-semana\/embed\/#?secret=RdvZtlrK5W#?secret=BKoGzdsePH\" width=\"600\" height=\"621\" frameborder=\"0\" marginwidth=\"0\" marginheight=\"0\" scrolling=\"no\" sandbox=\"allow-scripts\" data-secret=\"BKoGzdsePH\" data-mce-fragment=\"1\"><\/iframe><\/p>\n<p><iframe loading=\"lazy\" class=\"wp-embedded-content\" title=\"\u00abFindeter culp\u00f3 al r\u00edo Cravo Sur y a la Eaaay por problemas en la PTAP de Yopal. Neg\u00f3 afectaciones en obras de protecci\u00f3n.\u00bb \u2014 \u25b7 Noticias de Casanare : Martha Cifuentes | Casanare\" src=\"https:\/\/marthacifuentes.com\/portada\/2024\/06\/18\/findeter-culpo-al-rio-cravo-sur-y-a-la-eaaay-por-problemas-en-la-ptap-de-yopal-nego-afectaciones-en-obras-de-proteccion\/embed\/#?secret=rbxAvhJ0jn#?secret=4DFn7vq69k\" width=\"600\" height=\"650\" frameborder=\"0\" marginwidth=\"0\" marginheight=\"0\" scrolling=\"no\" sandbox=\"allow-scripts\" data-secret=\"4DFn7vq69k\" data-mce-fragment=\"1\"><\/iframe><\/p>\n<p><iframe loading=\"lazy\" class=\"wp-embedded-content\" title=\"\u00abAsamblea de Casanare, machista. Vulner\u00f3 derechos de g\u00e9nero de diputadas Luz Mery Ni\u00f1o y Marisela Duarte.\u00bb \u2014 \u25b7 Noticias de Casanare : Martha Cifuentes | Casanare\" src=\"https:\/\/marthacifuentes.com\/portada\/2024\/06\/17\/asamblea-de-casanare-machista-vulnero-derechos-de-genero-de-diputadas-luz-mery-nino-y-marisela-duarte\/embed\/#?secret=UtrFDENsSs#?secret=BKBMqB4p3y\" width=\"600\" height=\"621\" frameborder=\"0\" marginwidth=\"0\" marginheight=\"0\" scrolling=\"no\" sandbox=\"allow-scripts\" data-secret=\"BKBMqB4p3y\" data-mce-fragment=\"1\"><\/iframe><\/p>\n<p><iframe loading=\"lazy\" class=\"wp-embedded-content\" title=\"\u00abZozobra en beneficiarios de Alameda Martha Mojica en Yopal. \u00bfTienen o no derechos adquiridos?\u00bb \u2014 \u25b7 Noticias de Casanare : Martha Cifuentes | Casanare\" src=\"https:\/\/marthacifuentes.com\/portada\/2024\/06\/14\/zozobra-en-beneficiarios-de-alameda-martha-mojica-en-yopal-tienen-o-no-derechos-adquiridos\/embed\/#?secret=UDdu845kPE#?secret=BqEF8lcAPi\" width=\"600\" height=\"570\" frameborder=\"0\" marginwidth=\"0\" marginheight=\"0\" scrolling=\"no\" sandbox=\"allow-scripts\" data-secret=\"BqEF8lcAPi\" data-mce-fragment=\"1\"><\/iframe><\/p>\n<p><iframe loading=\"lazy\" class=\"wp-embedded-content\" title=\"\u00abReparaci\u00f3n Hist\u00f3rica: Campesinos de El Aro Reciben Propiedad de Tierras 27 A\u00f1os Despu\u00e9s de la Masacre\u00bb \u2014 \u25b7 Noticias de Casanare : Martha Cifuentes | Casanare\" src=\"https:\/\/marthacifuentes.com\/portada\/2024\/06\/14\/reparacion-historica-campesinos-de-el-aro-reciben-propiedad-de-tierras-27-anos-despues-de-la-masacre\/embed\/#?secret=90PCijsIk0#?secret=DsL4dEmcKc\" width=\"600\" height=\"600\" frameborder=\"0\" marginwidth=\"0\" marginheight=\"0\" scrolling=\"no\" sandbox=\"allow-scripts\" data-secret=\"DsL4dEmcKc\" data-mce-fragment=\"1\"><\/iframe><\/p>\n<p><iframe loading=\"lazy\" class=\"wp-embedded-content\" title=\"\u00abImpulso Econ\u00f3mico: Transporte de Carga por Carretera en Abril de 2024 Alcanza Nuevos M\u00e1ximos\u00bb \u2014 \u25b7 Noticias de Casanare : Martha Cifuentes | Casanare\" src=\"https:\/\/marthacifuentes.com\/portada\/2024\/06\/14\/impulso-economico-transporte-de-carga-por-carretera-en-abril-de-2024-alcanza-nuevos-maximos\/embed\/#?secret=wIPa4s7oFm#?secret=6DErZ9QJYA\" width=\"600\" height=\"599\" frameborder=\"0\" marginwidth=\"0\" marginheight=\"0\" scrolling=\"no\" sandbox=\"allow-scripts\" data-secret=\"6DErZ9QJYA\" data-mce-fragment=\"1\"><\/iframe><\/p>\n<p><iframe loading=\"lazy\" class=\"wp-embedded-content\" title=\"\u00abDesesperanza en Labranzagrande: B\u00fasqueda de desaparecidos tras deslizamiento se suspendi\u00f3 por alto riesgo\u00bb \u2014 \u25b7 Noticias de Casanare : Martha Cifuentes | Casanare\" src=\"https:\/\/marthacifuentes.com\/portada\/2024\/06\/13\/desesperanza-en-labranzagrande-busqueda-de-desaparecidos-tras-deslizamiento-se-suspendio-por-alto-riesgo\/embed\/#?secret=uCbblJxjo1#?secret=czxn2zg1no\" width=\"600\" height=\"650\" frameborder=\"0\" marginwidth=\"0\" marginheight=\"0\" scrolling=\"no\" sandbox=\"allow-scripts\" data-secret=\"czxn2zg1no\" data-mce-fragment=\"1\"><\/iframe><\/p>\n<p><iframe loading=\"lazy\" class=\"wp-embedded-content\" title=\"\u00abPetro cuestiona silencio de justicia colombiana en caso de Chiquita Brands y su financiaci\u00f3n a paramilitares\u00bb \u2014 \u25b7 Noticias de Casanare : Martha Cifuentes | Casanare\" src=\"https:\/\/marthacifuentes.com\/portada\/2024\/06\/13\/petro-cuestiona-silencio-de-justicia-colombiana-en-caso-de-chiquita-brands-y-su-financiacion-a-paramilitares\/embed\/#?secret=UgbcPWAkRd#?secret=uiz0B0GBud\" width=\"600\" height=\"600\" frameborder=\"0\" marginwidth=\"0\" marginheight=\"0\" scrolling=\"no\" sandbox=\"allow-scripts\" data-secret=\"uiz0B0GBud\" data-mce-fragment=\"1\"><\/iframe><\/p>\n<p><iframe loading=\"lazy\" class=\"wp-embedded-content\" title=\"\u00abEn nueva torre de Horo se plantea servicios en oncolog\u00eda, unidad renal, UCI y cardiolog\u00eda no invasiva\u00bb \u2014 \u25b7 Noticias de Casanare : Martha Cifuentes | Casanare\" src=\"https:\/\/marthacifuentes.com\/portada\/2024\/06\/13\/en-nueva-torre-de-horo-se-plantea-servicios-en-oncologia-unidad-renal-uci-y-cardiologia-no-invasiva\/embed\/#?secret=wzzxaX1tcU#?secret=oB3OJoMszR\" width=\"600\" height=\"599\" frameborder=\"0\" marginwidth=\"0\" marginheight=\"0\" scrolling=\"no\" sandbox=\"allow-scripts\" data-secret=\"oB3OJoMszR\" data-mce-fragment=\"1\"><\/iframe><\/p>\n<p><iframe loading=\"lazy\" class=\"wp-embedded-content\" title=\"\u00abCapturado cabecilla y coordinador de extorsiones del Clan del Golfo en Casanare y Meta\u00bb \u2014 \u25b7 Noticias de Casanare : Martha Cifuentes | Casanare\" src=\"https:\/\/marthacifuentes.com\/portada\/2024\/06\/13\/capturado-cabecilla-y-coordinador-de-extorsiones-del-clan-del-golfo-en-casanare-y-meta\/embed\/#?secret=MTXjAVEcW9#?secret=v3nwv6DOZ9\" width=\"600\" height=\"621\" frameborder=\"0\" marginwidth=\"0\" marginheight=\"0\" scrolling=\"no\" sandbox=\"allow-scripts\" data-secret=\"v3nwv6DOZ9\" data-mce-fragment=\"1\"><\/iframe><\/p>\n<p><iframe loading=\"lazy\" class=\"wp-embedded-content\" title=\"\u00abPetro solicita realizar auditor\u00eda forense a inversi\u00f3n de OCAD Paz y de Regal\u00edas\u00bb \u2014 \u25b7 Noticias de Casanare : Martha Cifuentes | Casanare\" src=\"https:\/\/marthacifuentes.com\/portada\/2024\/06\/12\/petro-solicita-realizar-auditoria-forense-a-inversion-de-ocad-paz-y-de-regalias\/embed\/#?secret=9zBSTpbNaV#?secret=a3iQshPwiH\" width=\"600\" height=\"573\" frameborder=\"0\" marginwidth=\"0\" marginheight=\"0\" scrolling=\"no\" sandbox=\"allow-scripts\" data-secret=\"a3iQshPwiH\" data-mce-fragment=\"1\"><\/iframe><\/p>\n<p><iframe loading=\"lazy\" class=\"wp-embedded-content\" title=\"\u00abV\u00edctimas de desaparici\u00f3n forzadas piden a Petro abrir mesas de reconciliaci\u00f3n en c\u00e1rceles\u00bb \u2014 \u25b7 Noticias de Casanare : Martha Cifuentes | Casanare\" src=\"https:\/\/marthacifuentes.com\/portada\/2024\/06\/12\/victimas-de-desaparicion-forzadas-piden-a-petro-abrir-mesas-de-reconciliacion-en-carceles\/embed\/#?secret=5cuSCgZsQB#?secret=QS1JVKwokX\" width=\"600\" height=\"579\" frameborder=\"0\" marginwidth=\"0\" marginheight=\"0\" scrolling=\"no\" sandbox=\"allow-scripts\" data-secret=\"QS1JVKwokX\" data-mce-fragment=\"1\"><\/iframe><\/p>\n<p><iframe loading=\"lazy\" class=\"wp-embedded-content\" title=\"\u00abLuis Carlos Reyes, Mr. Taxes, de la DIAN al Ministerio de Comercio del gobierno Petro\u00bb \u2014 \u25b7 Noticias de Casanare : Martha Cifuentes | Casanare\" src=\"https:\/\/marthacifuentes.com\/portada\/2024\/06\/12\/luis-carlos-reyes-mr-taxes-de-la-dian-al-ministerio-de-comercio-del-gobierno-petro\/embed\/#?secret=FZz1lOuDqR#?secret=YZ6AAIvu9j\" width=\"600\" height=\"621\" frameborder=\"0\" marginwidth=\"0\" marginheight=\"0\" scrolling=\"no\" sandbox=\"allow-scripts\" data-secret=\"YZ6AAIvu9j\" data-mce-fragment=\"1\"><\/iframe><\/p>\n<p><iframe loading=\"lazy\" class=\"wp-embedded-content\" title=\"\u00abImperdible: 8\u00aa Feria Comercial Ganadera Expomercado en Yopal este fin de semana\u00bb \u2014 \u25b7 Noticias de Casanare : Martha Cifuentes | Casanare\" src=\"https:\/\/marthacifuentes.com\/portada\/2024\/06\/12\/imperdible-8a-feria-comercial-ganadera-expomercado-en-yopal-este-fin-de-semana\/embed\/#?secret=casfxkYeyo#?secret=lTiCa7ulVT\" width=\"600\" height=\"600\" frameborder=\"0\" marginwidth=\"0\" marginheight=\"0\" scrolling=\"no\" sandbox=\"allow-scripts\" data-secret=\"lTiCa7ulVT\" data-mce-fragment=\"1\"><\/iframe><\/p>\n<p><iframe loading=\"lazy\" class=\"wp-embedded-content\" title=\"\u00ab30 l\u00edderes sociales amenazados en Yopal. Ya uno fue asesinado. Se urge medidas de protecci\u00f3n.\u00bb \u2014 \u25b7 Noticias de Casanare : Martha Cifuentes | Casanare\" src=\"https:\/\/marthacifuentes.com\/portada\/2024\/06\/12\/30-lideres-sociales-amenazados-en-yopal-ya-uno-fue-asesinado-se-urge-medidas-de-proteccion\/embed\/#?secret=36TMGBDG2j#?secret=afEN69VyOO\" width=\"600\" height=\"621\" frameborder=\"0\" marginwidth=\"0\" marginheight=\"0\" scrolling=\"no\" sandbox=\"allow-scripts\" data-secret=\"afEN69VyOO\" data-mce-fragment=\"1\"><\/iframe><\/p>\n<p><iframe loading=\"lazy\" class=\"wp-embedded-content\" title=\"\u00abCapturados sicarios del Clan del Golfo que violentaban poblaci\u00f3n en Casanare, Meta y Vichada.\u00bb \u2014 \u25b7 Noticias de Casanare : Martha Cifuentes | Casanare\" src=\"https:\/\/marthacifuentes.com\/portada\/2024\/06\/11\/capturados-sicarios-del-clan-del-golfo-que-violentaban-poblacion-en-casanare-meta-y-vichada\/embed\/#?secret=ZvK5gFItgg#?secret=zzPcWvqi08\" width=\"600\" height=\"612\" frameborder=\"0\" marginwidth=\"0\" marginheight=\"0\" scrolling=\"no\" sandbox=\"allow-scripts\" data-secret=\"zzPcWvqi08\" data-mce-fragment=\"1\"><\/iframe><\/p>\n<p><iframe loading=\"lazy\" class=\"wp-embedded-content\" title=\"\u00abTristeza en Labranzagrande y Pisba por desaparici\u00f3n de 4 campesinos en deslizamiento de tierra\u00bb \u2014 \u25b7 Noticias de Casanare : Martha Cifuentes | Casanare\" src=\"https:\/\/marthacifuentes.com\/portada\/2024\/06\/11\/tristeza-en-labranzagrande-y-pisba-por-desaparicion-de-4-campesinos-en-deslizamiento-de-tierra\/embed\/#?secret=u085ghxYdl#?secret=9xTxWe4uS1\" width=\"600\" height=\"621\" frameborder=\"0\" marginwidth=\"0\" marginheight=\"0\" scrolling=\"no\" sandbox=\"allow-scripts\" data-secret=\"9xTxWe4uS1\" data-mce-fragment=\"1\"><\/iframe><\/p>\n<p><iframe loading=\"lazy\" class=\"wp-embedded-content\" title=\"\u00abPresidente Petro ratifica que no est\u00e1 interesado en hacerse reelegir.\u00bb \u2014 \u25b7 Noticias de Casanare : Martha Cifuentes | Casanare\" src=\"https:\/\/marthacifuentes.com\/portada\/2024\/06\/07\/presidente-petro-ratifica-que-no-se-esta-interesado-en-hacerse-reelegir\/embed\/#?secret=HP881OHJ5G#?secret=86qeCvKtrR\" width=\"600\" height=\"600\" frameborder=\"0\" marginwidth=\"0\" marginheight=\"0\" scrolling=\"no\" sandbox=\"allow-scripts\" data-secret=\"86qeCvKtrR\" data-mce-fragment=\"1\"><\/iframe><\/p>\n<p><iframe loading=\"lazy\" class=\"wp-embedded-content\" title=\"\u00abDos concejales en l\u00edos jur\u00eddicos elegidos en mesa directiva del Concejo de Yopal para 2025\u00bb \u2014 \u25b7 Noticias de Casanare : Martha Cifuentes | Casanare\" src=\"https:\/\/marthacifuentes.com\/portada\/2024\/06\/07\/dos-concejales-en-lios-juridicos-elegidos-en-mesa-directiva-del-concejo-de-yopal-para-2025\/embed\/#?secret=HHoQZwHoCY#?secret=vc5l3RMDd5\" width=\"600\" height=\"620\" frameborder=\"0\" marginwidth=\"0\" marginheight=\"0\" scrolling=\"no\" sandbox=\"allow-scripts\" data-secret=\"vc5l3RMDd5\" data-mce-fragment=\"1\"><\/iframe><\/p>\n<p><iframe loading=\"lazy\" class=\"wp-embedded-content\" title=\"\u00abCombates entre Ej\u00e9rcito y disidencias de las Farc en l\u00edmites entre S\u00e1cama y La Salina. Se busca a alias \u2018Antonio Medina\u2019.\u00bb \u2014 \u25b7 Noticias de Casanare : Martha Cifuentes | Casanare\" src=\"https:\/\/marthacifuentes.com\/portada\/2024\/06\/07\/combates-entre-ejercito-y-disidencias-de-las-farc-en-limites-entre-sacama-y-la-salina-se-busca-a-alias-antonio-medina\/embed\/#?secret=x1p5N9ycsA#?secret=hlf6UX1v76\" width=\"600\" height=\"649\" frameborder=\"0\" marginwidth=\"0\" marginheight=\"0\" scrolling=\"no\" sandbox=\"allow-scripts\" data-secret=\"hlf6UX1v76\" data-mce-fragment=\"1\"><\/iframe><\/p>\n<p><iframe loading=\"lazy\" class=\"wp-embedded-content\" title=\"\u00ab\u00bfPor qu\u00e9 el Consejo de Estado le neg\u00f3 la p\u00e9rdida de investidura al parlamentario Hugo Archila?\u00bb \u2014 \u25b7 Noticias de Casanare : Martha Cifuentes | Casanare\" src=\"https:\/\/marthacifuentes.com\/portada\/2024\/06\/06\/por-que-el-consejo-de-estado-le-nego-la-perdida-de-investidura-al-parlamentario-hugo-archila\/embed\/#?secret=XlVp3nLOqp#?secret=nEvHTqk3w9\" width=\"600\" height=\"621\" frameborder=\"0\" marginwidth=\"0\" marginheight=\"0\" scrolling=\"no\" sandbox=\"allow-scripts\" data-secret=\"nEvHTqk3w9\" data-mce-fragment=\"1\"><\/iframe><\/p>\n<p><iframe loading=\"lazy\" class=\"wp-embedded-content\" title=\"\u00ab$15 mil millones se pierde al d\u00eda por cierres viales entre Casanare y Boyac\u00e1: Zorro\u00bb \u2014 \u25b7 Noticias de Casanare : Martha Cifuentes | Casanare\" src=\"https:\/\/marthacifuentes.com\/portada\/2024\/06\/06\/15-mil-millones-se-pierde-al-dia-por-cierres-viales-entre-casanare-y-boyaca-zorro\/embed\/#?secret=v3cnu2jUSO#?secret=zkyase0K0b\" width=\"600\" height=\"621\" frameborder=\"0\" marginwidth=\"0\" marginheight=\"0\" scrolling=\"no\" sandbox=\"allow-scripts\" data-secret=\"zkyase0K0b\" data-mce-fragment=\"1\"><\/iframe><\/p>\n<p><iframe loading=\"lazy\" class=\"wp-embedded-content\" title=\"\u00abAeropuerto El Alcarav\u00e1n de Yopal a poco de ser Internacional. Aprobado en la C\u00e1mara en \u00faltimo debate\u00bb \u2014 \u25b7 Noticias de Casanare : Martha Cifuentes | Casanare\" src=\"https:\/\/marthacifuentes.com\/portada\/2024\/06\/06\/aeropuerto-el-alcaravan-de-yopal-a-poco-de-ser-internacional-aprobado-en-la-camara-en-ultimo-debate\/embed\/#?secret=lTke94QXXW#?secret=39vtiU58bJ\" width=\"600\" height=\"650\" frameborder=\"0\" marginwidth=\"0\" marginheight=\"0\" scrolling=\"no\" sandbox=\"allow-scripts\" data-secret=\"39vtiU58bJ\" data-mce-fragment=\"1\"><\/iframe><\/p>\n<p><iframe loading=\"lazy\" class=\"wp-embedded-content\" title=\"\u00ab32 a\u00f1os de prisi\u00f3n para feminicida de Yolennis Jim\u00e9nez en Yopal\u00bb \u2014 \u25b7 Noticias de Casanare : Martha Cifuentes | Casanare\" src=\"https:\/\/marthacifuentes.com\/portada\/2024\/06\/06\/32-anos-de-prision-para-feminicida-de-yolennis-jimenez-en-yopal\/embed\/#?secret=jucmHOudb1#?secret=USXi5KQmV3\" width=\"600\" height=\"600\" frameborder=\"0\" marginwidth=\"0\" marginheight=\"0\" scrolling=\"no\" sandbox=\"allow-scripts\" data-secret=\"USXi5KQmV3\" data-mce-fragment=\"1\"><\/iframe><\/p>\n<p><iframe loading=\"lazy\" class=\"wp-embedded-content\" title=\"\u00abAsesinado l\u00edder social de EL Morro, Yopal. Estaba amenazado\u00bb \u2014 \u25b7 Noticias de Casanare : Martha Cifuentes | Casanare\" src=\"https:\/\/marthacifuentes.com\/portada\/2024\/06\/06\/asesinado-lider-social-de-el-morro-yopal-estaba-amenazado\/embed\/#?secret=Maco9sOkMO#?secret=CSDXpkkJaq\" width=\"600\" height=\"621\" frameborder=\"0\" marginwidth=\"0\" marginheight=\"0\" scrolling=\"no\" sandbox=\"allow-scripts\" data-secret=\"CSDXpkkJaq\" data-mce-fragment=\"1\"><\/iframe><\/p>\n","protected":false},"excerpt":{"rendered":"<p>En el Hospital Regional de la Orinoquia (HORO), las camas UCI, antes destinadas principalmente a pacientes de la pandemia del Covid19, ahora se utilizan mayormente para atender a v\u00edctimas de accidentes de tr\u00e1nsito, afirm\u00f3 el coordinador de urgencias Hern\u00e1n Dar\u00edo Hern\u00e1ndez Santacoloma durante el Primer Comit\u00e9 Departamental de Seguridad Vial de Casanare realizado en Aguazul. &hellip;<\/p>\n","protected":false},"author":2,"featured_media":33559,"comment_status":"open","ping_status":"open","sticky":false,"template":"","format":"standard","meta":{"om_disable_all_campaigns":false,"_exactmetrics_skip_tracking":false,"_exactmetrics_sitenote_active":false,"_exactmetrics_sitenote_note":"","_exactmetrics_sitenote_category":0,"_monsterinsights_skip_tracking":false,"_monsterinsights_sitenote_active":false,"_monsterinsights_sitenote_note":"","_monsterinsights_sitenote_category":0,"_uf_show_specific_survey":0,"_uf_disable_surveys":false,"_joinchat":[],"footnotes":""},"categories":[147,146,145],"tags":[10358,232,10360,1421,10361,10359],"class_list":["post-33558","post","type-post","status-publish","format-standard","has-post-thumbnail","hentry","category-actualidad","category-noticias","category-reportajes","tag-accidentes-viales-casanare","tag-horo","tag-muertes-por-accidentes-viales-casanare-noticias-casanare","tag-noticias-yopal","tag-primer-comite-departamental-de-seguridad-vial-de-casanare","tag-uci-pandemia-en-horo-casanare"],"yoast_head":"<!-- This site is optimized with the Yoast SEO plugin v26.1 - https:\/\/yoast.com\/wordpress\/plugins\/seo\/ -->\n<title>De la pandemia a v\u00edctimas de accidentes viales: Uso de las camas UCI del Horo en Casanare. - \u25b7 Noticias de Casanare : Martha Cifuentes | Casanare<\/title>\n<meta name=\"robots\" content=\"index, follow, max-snippet:-1, max-image-preview:large, max-video-preview:-1\" \/>\n<link rel=\"canonical\" href=\"https:\/\/marthacifuentes.com\/portada\/de-la-pandemia-a-victimas-de-accidentes-viales-uso-de-las-camas-uci-del-horo-en-casanare\/\" \/>\n<meta property=\"og:locale\" content=\"es_ES\" \/>\n<meta property=\"og:type\" content=\"article\" \/>\n<meta property=\"og:title\" content=\"De la pandemia a v\u00edctimas de accidentes viales: Uso de las camas UCI del Horo en Casanare. - \u25b7 Noticias de Casanare : Martha Cifuentes | Casanare\" \/>\n<meta property=\"og:description\" content=\"En el Hospital Regional de la Orinoquia (HORO), las camas UCI, antes destinadas principalmente a pacientes de la pandemia del Covid19, ahora se utilizan mayormente para atender a v\u00edctimas de accidentes de tr\u00e1nsito, afirm\u00f3 el coordinador de urgencias Hern\u00e1n Dar\u00edo Hern\u00e1ndez Santacoloma durante el Primer Comit\u00e9 Departamental de Seguridad Vial de Casanare realizado en Aguazul. &hellip;\" \/>\n<meta property=\"og:url\" content=\"https:\/\/marthacifuentes.com\/portada\/de-la-pandemia-a-victimas-de-accidentes-viales-uso-de-las-camas-uci-del-horo-en-casanare\/\" \/>\n<meta property=\"og:site_name\" content=\"\u25b7 Noticias de Casanare : Martha Cifuentes | Casanare\" \/>\n<meta property=\"article:published_time\" content=\"2024-06-26T14:34:29+00:00\" \/>\n<meta property=\"article:modified_time\" content=\"2024-06-26T14:35:15+00:00\" \/>\n<meta property=\"og:image\" content=\"https:\/\/marthacifuentes.com\/portada\/wp-content\/uploads\/2024\/06\/PORTADA-NOTICIA-ACCIDENTE-DE-TRANSITO-1.jpg\" \/>\n\t<meta property=\"og:image:width\" content=\"1280\" \/>\n\t<meta property=\"og:image:height\" content=\"720\" \/>\n\t<meta property=\"og:image:type\" content=\"image\/jpeg\" \/>\n<meta name=\"author\" content=\"Martha Cifuentes\" \/>\n<meta name=\"twitter:card\" content=\"summary_large_image\" \/>\n<meta name=\"twitter:label1\" content=\"Escrito por\" \/>\n\t<meta name=\"twitter:data1\" content=\"Martha Cifuentes\" \/>\n\t<meta name=\"twitter:label2\" content=\"Tiempo de lectura\" \/>\n\t<meta name=\"twitter:data2\" content=\"2 minutos\" \/>\n<script type=\"application\/ld+json\" class=\"yoast-schema-graph\">{\"@context\":\"https:\/\/schema.org\",\"@graph\":[{\"@type\":\"WebPage\",\"@id\":\"https:\/\/marthacifuentes.com\/portada\/de-la-pandemia-a-victimas-de-accidentes-viales-uso-de-las-camas-uci-del-horo-en-casanare\/\",\"url\":\"https:\/\/marthacifuentes.com\/portada\/de-la-pandemia-a-victimas-de-accidentes-viales-uso-de-las-camas-uci-del-horo-en-casanare\/\",\"name\":\"De la pandemia a v\u00edctimas de accidentes viales: Uso de las camas UCI del Horo en Casanare. - \u25b7 Noticias de Casanare : Martha Cifuentes | Casanare\",\"isPartOf\":{\"@id\":\"https:\/\/marthacifuentes.com\/portada\/#website\"},\"primaryImageOfPage\":{\"@id\":\"https:\/\/marthacifuentes.com\/portada\/de-la-pandemia-a-victimas-de-accidentes-viales-uso-de-las-camas-uci-del-horo-en-casanare\/#primaryimage\"},\"image\":{\"@id\":\"https:\/\/marthacifuentes.com\/portada\/de-la-pandemia-a-victimas-de-accidentes-viales-uso-de-las-camas-uci-del-horo-en-casanare\/#primaryimage\"},\"thumbnailUrl\":\"https:\/\/marthacifuentes.com\/portada\/wp-content\/uploads\/2024\/06\/PORTADA-NOTICIA-ACCIDENTE-DE-TRANSITO-1.jpg\",\"datePublished\":\"2024-06-26T14:34:29+00:00\",\"dateModified\":\"2024-06-26T14:35:15+00:00\",\"author\":{\"@id\":\"https:\/\/marthacifuentes.com\/portada\/#\/schema\/person\/57f53174b991db5f90ff78d58502b714\"},\"breadcrumb\":{\"@id\":\"https:\/\/marthacifuentes.com\/portada\/de-la-pandemia-a-victimas-de-accidentes-viales-uso-de-las-camas-uci-del-horo-en-casanare\/#breadcrumb\"},\"inLanguage\":\"es\",\"potentialAction\":[{\"@type\":\"ReadAction\",\"target\":[\"https:\/\/marthacifuentes.com\/portada\/de-la-pandemia-a-victimas-de-accidentes-viales-uso-de-las-camas-uci-del-horo-en-casanare\/\"]}]},{\"@type\":\"ImageObject\",\"inLanguage\":\"es\",\"@id\":\"https:\/\/marthacifuentes.com\/portada\/de-la-pandemia-a-victimas-de-accidentes-viales-uso-de-las-camas-uci-del-horo-en-casanare\/#primaryimage\",\"url\":\"https:\/\/marthacifuentes.com\/portada\/wp-content\/uploads\/2024\/06\/PORTADA-NOTICIA-ACCIDENTE-DE-TRANSITO-1.jpg\",\"contentUrl\":\"https:\/\/marthacifuentes.com\/portada\/wp-content\/uploads\/2024\/06\/PORTADA-NOTICIA-ACCIDENTE-DE-TRANSITO-1.jpg\",\"width\":1280,\"height\":720},{\"@type\":\"BreadcrumbList\",\"@id\":\"https:\/\/marthacifuentes.com\/portada\/de-la-pandemia-a-victimas-de-accidentes-viales-uso-de-las-camas-uci-del-horo-en-casanare\/#breadcrumb\",\"itemListElement\":[{\"@type\":\"ListItem\",\"position\":1,\"name\":\"Portada\",\"item\":\"https:\/\/marthacifuentes.com\/portada\/\"},{\"@type\":\"ListItem\",\"position\":2,\"name\":\"De la pandemia a v\u00edctimas de accidentes viales: Uso de las camas UCI del Horo en Casanare.\"}]},{\"@type\":\"WebSite\",\"@id\":\"https:\/\/marthacifuentes.com\/portada\/#website\",\"url\":\"https:\/\/marthacifuentes.com\/portada\/\",\"name\":\"\u25b7 Noticias de Casanare : Martha Cifuentes | Casanare\",\"description\":\"Noticias &amp; Contenidos\",\"potentialAction\":[{\"@type\":\"SearchAction\",\"target\":{\"@type\":\"EntryPoint\",\"urlTemplate\":\"https:\/\/marthacifuentes.com\/portada\/?s={search_term_string}\"},\"query-input\":{\"@type\":\"PropertyValueSpecification\",\"valueRequired\":true,\"valueName\":\"search_term_string\"}}],\"inLanguage\":\"es\"},{\"@type\":\"Person\",\"@id\":\"https:\/\/marthacifuentes.com\/portada\/#\/schema\/person\/57f53174b991db5f90ff78d58502b714\",\"name\":\"Martha Cifuentes\",\"image\":{\"@type\":\"ImageObject\",\"inLanguage\":\"es\",\"@id\":\"https:\/\/marthacifuentes.com\/portada\/#\/schema\/person\/image\/\",\"url\":\"http:\/\/marthacifuentes.com\/portada\/wp-content\/uploads\/2018\/06\/avatar_user_2_1528838701-96x96.jpg\",\"contentUrl\":\"http:\/\/marthacifuentes.com\/portada\/wp-content\/uploads\/2018\/06\/avatar_user_2_1528838701-96x96.jpg\",\"caption\":\"Martha Cifuentes\"},\"sameAs\":[\"http:\/\/www.marthacifuentes.com\"],\"url\":\"https:\/\/marthacifuentes.com\/portada\/author\/martha\/\"}]}<\/script>\n<!-- \/ Yoast SEO plugin. -->","yoast_head_json":{"title":"De la pandemia a v\u00edctimas de accidentes viales: Uso de las camas UCI del Horo en Casanare. - \u25b7 Noticias de Casanare : Martha Cifuentes | Casanare","robots":{"index":"index","follow":"follow","max-snippet":"max-snippet:-1","max-image-preview":"max-image-preview:large","max-video-preview":"max-video-preview:-1"},"canonical":"https:\/\/marthacifuentes.com\/portada\/de-la-pandemia-a-victimas-de-accidentes-viales-uso-de-las-camas-uci-del-horo-en-casanare\/","og_locale":"es_ES","og_type":"article","og_title":"De la pandemia a v\u00edctimas de accidentes viales: Uso de las camas UCI del Horo en Casanare. - \u25b7 Noticias de Casanare : Martha Cifuentes | Casanare","og_description":"En el Hospital Regional de la Orinoquia (HORO), las camas UCI, antes destinadas principalmente a pacientes de la pandemia del Covid19, ahora se utilizan mayormente para atender a v\u00edctimas de accidentes de tr\u00e1nsito, afirm\u00f3 el coordinador de urgencias Hern\u00e1n Dar\u00edo Hern\u00e1ndez Santacoloma durante el Primer Comit\u00e9 Departamental de Seguridad Vial de Casanare realizado en Aguazul. &hellip;","og_url":"https:\/\/marthacifuentes.com\/portada\/de-la-pandemia-a-victimas-de-accidentes-viales-uso-de-las-camas-uci-del-horo-en-casanare\/","og_site_name":"\u25b7 Noticias de Casanare : Martha Cifuentes | Casanare","article_published_time":"2024-06-26T14:34:29+00:00","article_modified_time":"2024-06-26T14:35:15+00:00","og_image":[{"width":1280,"height":720,"url":"https:\/\/marthacifuentes.com\/portada\/wp-content\/uploads\/2024\/06\/PORTADA-NOTICIA-ACCIDENTE-DE-TRANSITO-1.jpg","type":"image\/jpeg"}],"author":"Martha Cifuentes","twitter_card":"summary_large_image","twitter_misc":{"Escrito por":"Martha Cifuentes","Tiempo de lectura":"2 minutos"},"schema":{"@context":"https:\/\/schema.org","@graph":[{"@type":"WebPage","@id":"https:\/\/marthacifuentes.com\/portada\/de-la-pandemia-a-victimas-de-accidentes-viales-uso-de-las-camas-uci-del-horo-en-casanare\/","url":"https:\/\/marthacifuentes.com\/portada\/de-la-pandemia-a-victimas-de-accidentes-viales-uso-de-las-camas-uci-del-horo-en-casanare\/","name":"De la pandemia a v\u00edctimas de accidentes viales: Uso de las camas UCI del Horo en Casanare. - \u25b7 Noticias de Casanare : Martha Cifuentes | Casanare","isPartOf":{"@id":"https:\/\/marthacifuentes.com\/portada\/#website"},"primaryImageOfPage":{"@id":"https:\/\/marthacifuentes.com\/portada\/de-la-pandemia-a-victimas-de-accidentes-viales-uso-de-las-camas-uci-del-horo-en-casanare\/#primaryimage"},"image":{"@id":"https:\/\/marthacifuentes.com\/portada\/de-la-pandemia-a-victimas-de-accidentes-viales-uso-de-las-camas-uci-del-horo-en-casanare\/#primaryimage"},"thumbnailUrl":"https:\/\/marthacifuentes.com\/portada\/wp-content\/uploads\/2024\/06\/PORTADA-NOTICIA-ACCIDENTE-DE-TRANSITO-1.jpg","datePublished":"2024-06-26T14:34:29+00:00","dateModified":"2024-06-26T14:35:15+00:00","author":{"@id":"https:\/\/marthacifuentes.com\/portada\/#\/schema\/person\/57f53174b991db5f90ff78d58502b714"},"breadcrumb":{"@id":"https:\/\/marthacifuentes.com\/portada\/de-la-pandemia-a-victimas-de-accidentes-viales-uso-de-las-camas-uci-del-horo-en-casanare\/#breadcrumb"},"inLanguage":"es","potentialAction":[{"@type":"ReadAction","target":["https:\/\/marthacifuentes.com\/portada\/de-la-pandemia-a-victimas-de-accidentes-viales-uso-de-las-camas-uci-del-horo-en-casanare\/"]}]},{"@type":"ImageObject","inLanguage":"es","@id":"https:\/\/marthacifuentes.com\/portada\/de-la-pandemia-a-victimas-de-accidentes-viales-uso-de-las-camas-uci-del-horo-en-casanare\/#primaryimage","url":"https:\/\/marthacifuentes.com\/portada\/wp-content\/uploads\/2024\/06\/PORTADA-NOTICIA-ACCIDENTE-DE-TRANSITO-1.jpg","contentUrl":"https:\/\/marthacifuentes.com\/portada\/wp-content\/uploads\/2024\/06\/PORTADA-NOTICIA-ACCIDENTE-DE-TRANSITO-1.jpg","width":1280,"height":720},{"@type":"BreadcrumbList","@id":"https:\/\/marthacifuentes.com\/portada\/de-la-pandemia-a-victimas-de-accidentes-viales-uso-de-las-camas-uci-del-horo-en-casanare\/#breadcrumb","itemListElement":[{"@type":"ListItem","position":1,"name":"Portada","item":"https:\/\/marthacifuentes.com\/portada\/"},{"@type":"ListItem","position":2,"name":"De la pandemia a v\u00edctimas de accidentes viales: Uso de las camas UCI del Horo en Casanare."}]},{"@type":"WebSite","@id":"https:\/\/marthacifuentes.com\/portada\/#website","url":"https:\/\/marthacifuentes.com\/portada\/","name":"\u25b7 Noticias de Casanare : Martha Cifuentes | Casanare","description":"Noticias &amp; Contenidos","potentialAction":[{"@type":"SearchAction","target":{"@type":"EntryPoint","urlTemplate":"https:\/\/marthacifuentes.com\/portada\/?s={search_term_string}"},"query-input":{"@type":"PropertyValueSpecification","valueRequired":true,"valueName":"search_term_string"}}],"inLanguage":"es"},{"@type":"Person","@id":"https:\/\/marthacifuentes.com\/portada\/#\/schema\/person\/57f53174b991db5f90ff78d58502b714","name":"Martha Cifuentes","image":{"@type":"ImageObject","inLanguage":"es","@id":"https:\/\/marthacifuentes.com\/portada\/#\/schema\/person\/image\/","url":"http:\/\/marthacifuentes.com\/portada\/wp-content\/uploads\/2018\/06\/avatar_user_2_1528838701-96x96.jpg","contentUrl":"http:\/\/marthacifuentes.com\/portada\/wp-content\/uploads\/2018\/06\/avatar_user_2_1528838701-96x96.jpg","caption":"Martha Cifuentes"},"sameAs":["http:\/\/www.marthacifuentes.com"],"url":"https:\/\/marthacifuentes.com\/portada\/author\/martha\/"}]}},"_links":{"self":[{"href":"https:\/\/marthacifuentes.com\/portada\/wp-json\/wp\/v2\/posts\/33558","targetHints":{"allow":["GET"]}}],"collection":[{"href":"https:\/\/marthacifuentes.com\/portada\/wp-json\/wp\/v2\/posts"}],"about":[{"href":"https:\/\/marthacifuentes.com\/portada\/wp-json\/wp\/v2\/types\/post"}],"author":[{"embeddable":true,"href":"https:\/\/marthacifuentes.com\/portada\/wp-json\/wp\/v2\/users\/2"}],"replies":[{"embeddable":true,"href":"https:\/\/marthacifuentes.com\/portada\/wp-json\/wp\/v2\/comments?post=33558"}],"version-history":[{"count":1,"href":"https:\/\/marthacifuentes.com\/portada\/wp-json\/wp\/v2\/posts\/33558\/revisions"}],"predecessor-version":[{"id":33560,"href":"https:\/\/marthacifuentes.com\/portada\/wp-json\/wp\/v2\/posts\/33558\/revisions\/33560"}],"wp:featuredmedia":[{"embeddable":true,"href":"https:\/\/marthacifuentes.com\/portada\/wp-json\/wp\/v2\/media\/33559"}],"wp:attachment":[{"href":"https:\/\/marthacifuentes.com\/portada\/wp-json\/wp\/v2\/media?parent=33558"}],"wp:term":[{"taxonomy":"category","embeddable":true,"href":"https:\/\/marthacifuentes.com\/portada\/wp-json\/wp\/v2\/categories?post=33558"},{"taxonomy":"post_tag","embeddable":true,"href":"https:\/\/marthacifuentes.com\/portada\/wp-json\/wp\/v2\/tags?post=33558"}],"curies":[{"name":"wp","href":"https:\/\/api.w.org\/{rel}","templated":true}]}}