{"id":33673,"date":"2024-07-09T10:12:42","date_gmt":"2024-07-09T15:12:42","guid":{"rendered":"https:\/\/marthacifuentes.com\/portada\/?p=33673"},"modified":"2024-07-09T10:12:42","modified_gmt":"2024-07-09T15:12:42","slug":"horo-aclara-que-si-fumiga-los-mosquitos-pero-factores-externos-generan-su-proliferacion","status":"publish","type":"post","link":"https:\/\/marthacifuentes.com\/portada\/horo-aclara-que-si-fumiga-los-mosquitos-pero-factores-externos-generan-su-proliferacion\/","title":{"rendered":"Horo aclara que s\u00ed fumiga los mosquitos pero factores externos generan su proliferaci\u00f3n"},"content":{"rendered":"<p>Frente a la problem\u00e1tica expuesta en medios de comunicaci\u00f3n en torno al tema de propagaci\u00f3n de zancudos en las instalaciones del Hospital Regional de la Orinoqu\u00eda E.S.E., la entidad manifest\u00f3 que s\u00ed cuenta con un programa de Manejo Integrado de Plagas, que incluye un cronograma de fumigaci\u00f3n de vectores en la parte interna y externa del Hospital, cada dos meses.<\/p>\n<p>&nbsp;<\/p>\n<p>Igualmente se expres\u00f3 que se realizan acciones necesarias como fumigar cada dos meses, mantener los prados cortos, los entornos limpios, sin humedades que expongan a los usuarios, manejo de residuos institucionales adecuado, entre otros. Sin embargo, existen factores que facilitan la propagaci\u00f3n de zancudos como abundantes zonas arborizadas que generan humedad alrededor de las instalaciones, focos de basura que se tienen afuera del HORO y que no son de dominio institucional, adem\u00e1s del manejo que se le est\u00e1 dando a las basuras en los alrededores por parte de la comunidad, entre otros.<\/p>\n<p>&nbsp;<\/p>\n<p>En todo caso se convocar\u00e1 a las entidades locales y departamentales que pueden aportar a mitigar esta problem\u00e1tica, para que de manera conjunta se generen acciones en aras de reducir la aparici\u00f3n de vectores en la zona.<\/p>\n<p>&nbsp;<\/p>\n<p>Tambi\u00e9n se hace un llamado de conciencia a la comunidad para que ayude a controlar la producci\u00f3n de basuras y que los residuos sean dejados en lugares indicados y no se arrojen en puntos que no son para tal fin.<\/p>\n<h2>Otras noticias\u2026<\/h2>\n<blockquote class=\"wp-embedded-content\" data-secret=\"SsckcHt6J3\"><p><a href=\"https:\/\/marthacifuentes.com\/portada\/2024\/07\/09\/usuarios-yopal-el-desincentivo-al-consumo-excesivo-de-agua-sigue-vigente\/\">Usuarios Yopal, el desincentivo al consumo excesivo de agua sigue vigente<\/a><\/p><\/blockquote>\n<p><iframe loading=\"lazy\" class=\"wp-embedded-content\" sandbox=\"allow-scripts\" security=\"restricted\" style=\"position: absolute; clip: rect(1px, 1px, 1px, 1px);\" title=\"\u00abUsuarios Yopal, el desincentivo al consumo excesivo de agua sigue vigente\u00bb \u2014 \u25b7 Noticias de Casanare : Martha Cifuentes | Casanare\" src=\"https:\/\/marthacifuentes.com\/portada\/2024\/07\/09\/usuarios-yopal-el-desincentivo-al-consumo-excesivo-de-agua-sigue-vigente\/embed\/#?secret=QxqHX2pLA4#?secret=SsckcHt6J3\" data-secret=\"SsckcHt6J3\" width=\"500\" height=\"282\" frameborder=\"0\" marginwidth=\"0\" marginheight=\"0\" scrolling=\"no\"><\/iframe><\/p>\n<blockquote class=\"wp-embedded-content\" data-secret=\"f2jqAFZcuP\"><p><a href=\"https:\/\/marthacifuentes.com\/portada\/2024\/07\/08\/hasta-el-10-de-julio-hay-plazo-para-presentar-cotizacion-de-carros-recolectores-de-basura-para-la-eaaay\/\">Hasta el 10 de julio hay plazo para presentar cotizaci\u00f3n de carros recolectores de basura para la Eaaay<\/a><\/p><\/blockquote>\n<p><iframe loading=\"lazy\" class=\"wp-embedded-content\" sandbox=\"allow-scripts\" security=\"restricted\" style=\"position: absolute; clip: rect(1px, 1px, 1px, 1px);\" title=\"\u00abHasta el 10 de julio hay plazo para presentar cotizaci\u00f3n de carros recolectores de basura para la Eaaay\u00bb \u2014 \u25b7 Noticias de Casanare : Martha Cifuentes | Casanare\" src=\"https:\/\/marthacifuentes.com\/portada\/2024\/07\/08\/hasta-el-10-de-julio-hay-plazo-para-presentar-cotizacion-de-carros-recolectores-de-basura-para-la-eaaay\/embed\/#?secret=uTW6p5T2Hi#?secret=f2jqAFZcuP\" data-secret=\"f2jqAFZcuP\" width=\"500\" height=\"282\" frameborder=\"0\" marginwidth=\"0\" marginheight=\"0\" scrolling=\"no\"><\/iframe><\/p>\n<p><iframe loading=\"lazy\" class=\"wp-embedded-content\" title=\"\u00ab\u00a1Capresoca gestion\u00f3 18 remisiones en la \u00faltima semana.\u00bb \u2014 \u25b7 Noticias de Casanare : Martha Cifuentes | Casanare\" src=\"https:\/\/marthacifuentes.com\/portada\/2024\/07\/08\/capresoca-gestiono-18-remisiones-en-la-ultima-semana\/embed\/#?secret=Ot83EyBcBq#?secret=uDM3yKI8S8\" width=\"600\" height=\"593\" frameborder=\"0\" marginwidth=\"0\" marginheight=\"0\" scrolling=\"no\" sandbox=\"allow-scripts\" data-secret=\"uDM3yKI8S8\" data-mce-fragment=\"1\"><\/iframe><\/p>\n<p><iframe loading=\"lazy\" class=\"wp-embedded-content\" title=\"\u00abDengue contin\u00faa campeando en Casanare. Cuidado con el mosquito.\u00a0\u00bb \u2014 \u25b7 Noticias de Casanare : Martha Cifuentes | Casanare\" src=\"https:\/\/marthacifuentes.com\/portada\/2024\/07\/08\/dengue-continua-campeando-en-casanare-cuidado-con-el-mosquito\/embed\/#?secret=9h25gbgx1M#?secret=TNc6x7RqKg\" width=\"600\" height=\"621\" frameborder=\"0\" marginwidth=\"0\" marginheight=\"0\" scrolling=\"no\" sandbox=\"allow-scripts\" data-secret=\"TNc6x7RqKg\" data-mce-fragment=\"1\"><\/iframe><\/p>\n<p><iframe loading=\"lazy\" class=\"wp-embedded-content\" title=\"\u00abMuri\u00f3 Orlando Piragauta, defensor de medio ambiente y exdirector de Corporinoquia\u00bb \u2014 \u25b7 Noticias de Casanare : Martha Cifuentes | Casanare\" src=\"https:\/\/marthacifuentes.com\/portada\/2024\/07\/04\/murio-orlando-piragauta-defensor-de-medio-ambiente-y-exdirector-de-corporinoquia\/embed\/#?secret=Pa73PruM8a#?secret=7IumK7Fbfg\" width=\"600\" height=\"621\" frameborder=\"0\" marginwidth=\"0\" marginheight=\"0\" scrolling=\"no\" sandbox=\"allow-scripts\" data-secret=\"7IumK7Fbfg\" data-mce-fragment=\"1\"><\/iframe><\/p>\n<p><iframe loading=\"lazy\" class=\"wp-embedded-content\" title=\"\u00abMin Transporte e Inv\u00edas siguen \u201canalizando\u201d soluciones a crisis vial de Casanare\u00bb \u2014 \u25b7 Noticias de Casanare : Martha Cifuentes | Casanare\" src=\"https:\/\/marthacifuentes.com\/portada\/2024\/07\/04\/min-transporte-e-invias-siguen-analizando-soluciones-a-crisis-vial-de-casanare\/embed\/#?secret=IjGomUO8RO#?secret=APa9nOIG6g\" width=\"600\" height=\"599\" frameborder=\"0\" marginwidth=\"0\" marginheight=\"0\" scrolling=\"no\" sandbox=\"allow-scripts\" data-secret=\"APa9nOIG6g\" data-mce-fragment=\"1\"><\/iframe><\/p>\n<p><iframe loading=\"lazy\" class=\"wp-embedded-content\" title=\"\u00abLey de hace casi 100 a\u00f1os que ordena construcci\u00f3n de un ferrocarril ser\u00eda alternativa para crisis vial de Casanare.\u00bb \u2014 \u25b7 Noticias de Casanare : Martha Cifuentes | Casanare\" src=\"https:\/\/marthacifuentes.com\/portada\/2024\/07\/04\/ley-de-hace-casi-100-anos-que-ordena-construccion-de-un-ferrocarril-seria-alternativa-para-crisis-vial-de-casanare\/embed\/#?secret=UK5znjV2ci#?secret=tSOzBFkJYz\" width=\"600\" height=\"649\" frameborder=\"0\" marginwidth=\"0\" marginheight=\"0\" scrolling=\"no\" sandbox=\"allow-scripts\" data-secret=\"tSOzBFkJYz\" data-mce-fragment=\"1\"><\/iframe><\/p>\n<p><iframe loading=\"lazy\" class=\"wp-embedded-content\" title=\"\u00abJEP niega sometimiento de alias Caballo, exparamilitar de las ACC y hermano de alias \u2018Mart\u00edn Llanos\u2019\u00bb \u2014 \u25b7 Noticias de Casanare : Martha Cifuentes | Casanare\" src=\"https:\/\/marthacifuentes.com\/portada\/2024\/07\/04\/jep-niega-sometimiento-de-alias-caballo-exparamilitar-de-las-acc-y-hermano-de-alias-martin-llanos\/embed\/#?secret=cwJrU5GgLz#?secret=PcMmpL512S\" width=\"600\" height=\"621\" frameborder=\"0\" marginwidth=\"0\" marginheight=\"0\" scrolling=\"no\" sandbox=\"allow-scripts\" data-secret=\"PcMmpL512S\" data-mce-fragment=\"1\"><\/iframe><\/p>\n<p><iframe loading=\"lazy\" class=\"wp-embedded-content\" title=\"\u00abEl Sur de Casanare en alto riesgo por Clan del Golfo, Eln y Farc: Alerta Temprana Defensor\u00eda del Pueblo:\u00bb \u2014 \u25b7 Noticias de Casanare : Martha Cifuentes | Casanare\" src=\"https:\/\/marthacifuentes.com\/portada\/2024\/07\/03\/el-sur-de-casanare-en-alto-riesgo-por-clan-del-golfo-eln-y-farc-alerta-temprana-defensoria-del-pueblo\/embed\/#?secret=dmgb99fwl2#?secret=krlioIf17D\" width=\"600\" height=\"621\" frameborder=\"0\" marginwidth=\"0\" marginheight=\"0\" scrolling=\"no\" sandbox=\"allow-scripts\" data-secret=\"krlioIf17D\" data-mce-fragment=\"1\"><\/iframe><\/p>\n<p><iframe loading=\"lazy\" class=\"wp-embedded-content\" title=\"\u00abProtesta comunitaria contra Canacol Energy en Quebradaseca\u00bb \u2014 \u25b7 Noticias de Casanare : Martha Cifuentes | Casanare\" src=\"https:\/\/marthacifuentes.com\/portada\/2024\/07\/03\/protesta-comunitaria-contra-canacol-energy-en-quebradaseca\/embed\/#?secret=LAkiVrckq4#?secret=KIa94ytuuO\" width=\"600\" height=\"621\" frameborder=\"0\" marginwidth=\"0\" marginheight=\"0\" scrolling=\"no\" sandbox=\"allow-scripts\" data-secret=\"KIa94ytuuO\" data-mce-fragment=\"1\"><\/iframe><\/p>\n<p><iframe loading=\"lazy\" class=\"wp-embedded-content\" title=\"\u00ab11 veredas de Yopal tendr\u00e1n internet satelital gracias a MinTIC\u00bb \u2014 \u25b7 Noticias de Casanare : Martha Cifuentes | Casanare\" src=\"https:\/\/marthacifuentes.com\/portada\/2024\/07\/03\/11-veredas-de-yopal-tendran-internet-satelital-gracias-a-mintic\/embed\/#?secret=ztHwSd0AhU#?secret=x07lxCya2O\" width=\"600\" height=\"621\" frameborder=\"0\" marginwidth=\"0\" marginheight=\"0\" scrolling=\"no\" sandbox=\"allow-scripts\" data-secret=\"x07lxCya2O\" data-mce-fragment=\"1\"><\/iframe><\/p>\n<p><iframe loading=\"lazy\" class=\"wp-embedded-content\" title=\"\u00abRequisitos para pertenecer al programa Renta Ciudadana del gobierno nacional en Yopal\u00bb \u2014 \u25b7 Noticias de Casanare : Martha Cifuentes | Casanare\" src=\"https:\/\/marthacifuentes.com\/portada\/2024\/07\/03\/requisitos-para-pertenecer-al-programa-renta-ciudadana-del-gobierno-nacional-en-yopal\/embed\/#?secret=SZCFuYHolP#?secret=iGc5YrDT1m\" width=\"600\" height=\"621\" frameborder=\"0\" marginwidth=\"0\" marginheight=\"0\" scrolling=\"no\" sandbox=\"allow-scripts\" data-secret=\"iGc5YrDT1m\" data-mce-fragment=\"1\"><\/iframe><\/p>\n<p><iframe loading=\"lazy\" class=\"wp-embedded-content\" title=\"\u00abEcopetrol y Alcald\u00eda de Aguazul entregan obras viales. Se invirtieron $12 mil millone\u00bb \u2014 \u25b7 Noticias de Casanare : Martha Cifuentes | Casanare\" src=\"https:\/\/marthacifuentes.com\/portada\/2024\/07\/03\/ecopetrol-y-alcaldia-de-aguazul-entregan-obras-viales-se-invirtieron-12-mil-millone\/embed\/#?secret=yz0QlDdE7E#?secret=Y6no9YWHsw\" width=\"600\" height=\"621\" frameborder=\"0\" marginwidth=\"0\" marginheight=\"0\" scrolling=\"no\" sandbox=\"allow-scripts\" data-secret=\"Y6no9YWHsw\" data-mce-fragment=\"1\"><\/iframe><\/p>\n<p><iframe loading=\"lazy\" class=\"wp-embedded-content\" title=\"\u00abCasanare tu destino\u2026 se promovi\u00f3 en Expomalocas 2024 en Villavicencio\u00bb \u2014 \u25b7 Noticias de Casanare : Martha Cifuentes | Casanare\" src=\"https:\/\/marthacifuentes.com\/portada\/2024\/07\/03\/casanare-tu-destino-se-promovio-en-expomalocas-2024-en-villavicencio\/embed\/#?secret=z92HPtR7tI#?secret=d8KvGUvDWL\" width=\"600\" height=\"621\" frameborder=\"0\" marginwidth=\"0\" marginheight=\"0\" scrolling=\"no\" sandbox=\"allow-scripts\" data-secret=\"d8KvGUvDWL\" data-mce-fragment=\"1\"><\/iframe><\/p>\n<p><iframe loading=\"lazy\" class=\"wp-embedded-content\" title=\"\u00abQu\u00e9 es y c\u00f3mo se comen los PISCC. Ayudar\u00e1n a mejorar la seguridad y convivencia en Casanare.\u00bb \u2014 \u25b7 Noticias de Casanare : Martha Cifuentes | Casanare\" src=\"https:\/\/marthacifuentes.com\/portada\/2024\/07\/03\/que-es-y-como-se-comen-los-piscc-ayudaran-a-mejorar-la-seguridad-y-convivencia-en-casanare\/embed\/#?secret=ybEbCROk3b#?secret=T74NkI5vct\" width=\"600\" height=\"642\" frameborder=\"0\" marginwidth=\"0\" marginheight=\"0\" scrolling=\"no\" sandbox=\"allow-scripts\" data-secret=\"T74NkI5vct\" data-mce-fragment=\"1\"><\/iframe><\/p>\n<p><iframe loading=\"lazy\" class=\"wp-embedded-content\" title=\"\u00abCapresoca logr\u00f3 remisi\u00f3n y traslado de 21 pacientes a IPS de mayor complejidad\u00bb \u2014 \u25b7 Noticias de Casanare : Martha Cifuentes | Casanare\" src=\"https:\/\/marthacifuentes.com\/portada\/2024\/07\/03\/capresoca-logro-remision-y-traslado-de-21-pacientes-a-ips-de-mayor-complejidad\/embed\/#?secret=VB4Swim7am#?secret=APH6nlmobQ\" width=\"600\" height=\"621\" frameborder=\"0\" marginwidth=\"0\" marginheight=\"0\" scrolling=\"no\" sandbox=\"allow-scripts\" data-secret=\"APH6nlmobQ\" data-mce-fragment=\"1\"><\/iframe><\/p>\n<p><iframe loading=\"lazy\" class=\"wp-embedded-content\" title=\"\u00abEnerca, entre las 750 empresas m\u00e1s grandes del pa\u00eds.\u00bb \u2014 \u25b7 Noticias de Casanare : Martha Cifuentes | Casanare\" src=\"https:\/\/marthacifuentes.com\/portada\/2024\/07\/02\/enerca-entre-las-750-empresas-mas-grandes-del-pais\/embed\/#?secret=waq4qcyzXD#?secret=VJE4K9hJPi\" width=\"600\" height=\"593\" frameborder=\"0\" marginwidth=\"0\" marginheight=\"0\" scrolling=\"no\" sandbox=\"allow-scripts\" data-secret=\"VJE4K9hJPi\" data-mce-fragment=\"1\"><\/iframe><\/p>\n<p><iframe loading=\"lazy\" class=\"wp-embedded-content\" title=\"\u00abEstos son los motivos por los cuales se teme la ca\u00edda del puente Chorroblanco y puente Nuevo en v\u00eda del Cusiana.\u00bb \u2014 \u25b7 Noticias de Casanare : Martha Cifuentes | Casanare\" src=\"https:\/\/marthacifuentes.com\/portada\/2024\/07\/02\/estos-son-los-motivos-por-los-cuales-se-teme-la-caida-del-puente-chorroblanco-y-puente-nuevo-en-via-del-cusiana\/embed\/#?secret=B4lONBpxaP#?secret=x8S5tdlQNm\" width=\"600\" height=\"649\" frameborder=\"0\" marginwidth=\"0\" marginheight=\"0\" scrolling=\"no\" sandbox=\"allow-scripts\" data-secret=\"x8S5tdlQNm\" data-mce-fragment=\"1\"><\/iframe><\/p>\n<p><iframe loading=\"lazy\" class=\"wp-embedded-content\" title=\"\u00abSe jodi\u00f3 \u2018Gedioco\u2019, presunto cabecilla de disidencias de las Farc, capturado en Recetor.\u00bb \u2014 \u25b7 Noticias de Casanare : Martha Cifuentes | Casanare\" src=\"https:\/\/marthacifuentes.com\/portada\/2024\/06\/28\/se-jodio-gedioco-presunto-cabecilla-de-disidencias-de-las-farc-capturado-en-recetor\/embed\/#?secret=QZEhAiB9cU#?secret=crIazy84BQ\" width=\"600\" height=\"621\" frameborder=\"0\" marginwidth=\"0\" marginheight=\"0\" scrolling=\"no\" sandbox=\"allow-scripts\" data-secret=\"crIazy84BQ\" data-mce-fragment=\"1\"><\/iframe><\/p>\n<p><iframe loading=\"lazy\" class=\"wp-embedded-content\" title=\"\u00abDisidencias de las FARC preparan ataques con drones en Casanare y Arauca\u00bb \u2014 \u25b7 Noticias de Casanare : Martha Cifuentes | Casanare\" src=\"https:\/\/marthacifuentes.com\/portada\/2024\/06\/28\/disidencias-de-las-farc-preparan-ataques-con-drones-en-casanare-y-arauca\/embed\/#?secret=KT7vBPJWIE#?secret=XuqkP6HIES\" width=\"600\" height=\"621\" frameborder=\"0\" marginwidth=\"0\" marginheight=\"0\" scrolling=\"no\" sandbox=\"allow-scripts\" data-secret=\"XuqkP6HIES\" data-mce-fragment=\"1\"><\/iframe><\/p>\n<p><iframe loading=\"lazy\" class=\"wp-embedded-content\" title=\"\u00abDirecto a la cabeza del Tren de Aragua: Cay\u00f3 alias \u2018Salom\u00f3n\u2019 en Aguazul cuando hu\u00eda de la Polic\u00eda.\u00bb \u2014 \u25b7 Noticias de Casanare : Martha Cifuentes | Casanare\" src=\"https:\/\/marthacifuentes.com\/portada\/2024\/06\/28\/directo-a-la-cabeza-del-tren-de-aragua-cayo-alias-salomon-en-aguazul-cuando-huia-de-la-policia\/embed\/#?secret=uacHRLOw9Q#?secret=4SlrYrIjHc\" width=\"600\" height=\"620\" frameborder=\"0\" marginwidth=\"0\" marginheight=\"0\" scrolling=\"no\" sandbox=\"allow-scripts\" data-secret=\"4SlrYrIjHc\" data-mce-fragment=\"1\"><\/iframe><\/p>\n<p><iframe loading=\"lazy\" class=\"wp-embedded-content\" title=\"\u00abDos ni\u00f1os reclutados por el ELN en Boyac\u00e1 fueron rescatados por el Ej\u00e9rcito\u00bb \u2014 \u25b7 Noticias de Casanare : Martha Cifuentes | Casanare\" src=\"https:\/\/marthacifuentes.com\/portada\/2024\/06\/26\/dos-ninos-reclutados-por-el-eln-en-boyaca-fueron-rescatados-por-el-ejercito\/embed\/#?secret=r9jJMxLcEO#?secret=2mOCmvU6Mw\" width=\"600\" height=\"603\" frameborder=\"0\" marginwidth=\"0\" marginheight=\"0\" scrolling=\"no\" sandbox=\"allow-scripts\" data-secret=\"2mOCmvU6Mw\" data-mce-fragment=\"1\"><\/iframe><\/p>\n<p><iframe loading=\"lazy\" class=\"wp-embedded-content\" title=\"\u00abCopa Am\u00e9rica s\u00ed, pero con responsabilidad vial en motos y carros en Yopal\u00bb \u2014 \u25b7 Noticias de Casanare : Martha Cifuentes | Casanare\" src=\"https:\/\/marthacifuentes.com\/portada\/2024\/06\/26\/copa-america-si-pero-con-responsabilidad-vial-en-motos-y-carros-en-yopal\/embed\/#?secret=uNlgk8JMJQ#?secret=CLapMAfyHJ\" width=\"600\" height=\"621\" frameborder=\"0\" marginwidth=\"0\" marginheight=\"0\" scrolling=\"no\" sandbox=\"allow-scripts\" data-secret=\"CLapMAfyHJ\" data-mce-fragment=\"1\"><\/iframe><\/p>\n<p><iframe loading=\"lazy\" class=\"wp-embedded-content\" title=\"\u00abDe la pandemia a v\u00edctimas de accidentes viales: Uso de las camas UCI del Horo en Casanare.\u00bb \u2014 \u25b7 Noticias de Casanare : Martha Cifuentes | Casanare\" src=\"https:\/\/marthacifuentes.com\/portada\/2024\/06\/26\/de-la-pandemia-a-victimas-de-accidentes-viales-uso-de-las-camas-uci-del-horo-en-casanare\/embed\/#?secret=oPZa99c40S#?secret=uFxITBVRwW\" width=\"600\" height=\"620\" frameborder=\"0\" marginwidth=\"0\" marginheight=\"0\" scrolling=\"no\" sandbox=\"allow-scripts\" data-secret=\"uFxITBVRwW\" data-mce-fragment=\"1\"><\/iframe><\/p>\n<p><iframe loading=\"lazy\" class=\"wp-embedded-content\" title=\"\u00abRiesgo de avalancha en Pueblo Nuevo, Recetor.\u00bb \u2014 \u25b7 Noticias de Casanare : Martha Cifuentes | Casanare\" src=\"https:\/\/marthacifuentes.com\/portada\/2024\/06\/26\/riesgo-de-avalancha-en-pueblo-nuevo-recetor\/embed\/#?secret=Y4FELDvcmd#?secret=VtJl8CKgXq\" width=\"600\" height=\"592\" frameborder=\"0\" marginwidth=\"0\" marginheight=\"0\" scrolling=\"no\" sandbox=\"allow-scripts\" data-secret=\"VtJl8CKgXq\" data-mce-fragment=\"1\"><\/iframe><\/p>\n<p><iframe loading=\"lazy\" class=\"wp-embedded-content\" title=\"\u00abAjustado precio del di\u00e9sel o ACPM para grandes consumidores. No aplica para estaciones de gasolina.\u00bb \u2014 \u25b7 Noticias de Casanare : Martha Cifuentes | Casanare\" src=\"https:\/\/marthacifuentes.com\/portada\/2024\/06\/25\/ajustado-precio-del-diesel-o-acpm-para-grandes-consumidores-no-aplica-para-estaciones-de-gasolina\/embed\/#?secret=NIosARWuFE#?secret=U7qHY2CDDX\" width=\"600\" height=\"621\" frameborder=\"0\" marginwidth=\"0\" marginheight=\"0\" scrolling=\"no\" sandbox=\"allow-scripts\" data-secret=\"U7qHY2CDDX\" data-mce-fragment=\"1\"><\/iframe><\/p>\n<p><iframe loading=\"lazy\" class=\"wp-embedded-content\" title=\"\u00abAfiliadas a Capresoca en Casanare acceden gratuitamente a m\u00e9todo de planificaci\u00f3n familiar.\u00bb \u2014 \u25b7 Noticias de Casanare : Martha Cifuentes | Casanare\" src=\"https:\/\/marthacifuentes.com\/portada\/2024\/06\/25\/afiliadas-a-capresoca-en-casanare-acceden-gratuitamente-a-metodo-de-planificacion-familiar\/embed\/#?secret=tJENv4Puon#?secret=0noCzMh3bf\" width=\"600\" height=\"621\" frameborder=\"0\" marginwidth=\"0\" marginheight=\"0\" scrolling=\"no\" sandbox=\"allow-scripts\" data-secret=\"0noCzMh3bf\" data-mce-fragment=\"1\"><\/iframe><\/p>\n<p><iframe loading=\"lazy\" class=\"wp-embedded-content\" title=\"\u00abSe reabre esperanza de arreglo de v\u00eda devastada por un alud de tierra en Alto Lindo, Aguazul\u00bb \u2014 \u25b7 Noticias de Casanare : Martha Cifuentes | Casanare\" src=\"https:\/\/marthacifuentes.com\/portada\/2024\/06\/25\/se-reabre-esperanza-de-arreglo-de-via-devastada-por-un-alud-de-tierra-en-alto-lindo-aguazul\/embed\/#?secret=3NbHgZluIy#?secret=JVJ4rC2HN0\" width=\"600\" height=\"620\" frameborder=\"0\" marginwidth=\"0\" marginheight=\"0\" scrolling=\"no\" sandbox=\"allow-scripts\" data-secret=\"JVJ4rC2HN0\" data-mce-fragment=\"1\"><\/iframe><\/p>\n<p><iframe loading=\"lazy\" class=\"wp-embedded-content\" title=\"\u00abAnte la solicitud de sesi\u00f3n del Concejo en Alameda Martha Mojica, fue aprobada para este 30 de junio\u00bb \u2014 \u25b7 Noticias de Casanare : Martha Cifuentes | Casanare\" src=\"https:\/\/marthacifuentes.com\/portada\/2024\/06\/25\/ante-la-solicitud-de-sesion-del-concejo-en-alameda-martha-mojica-fue-aprobada-para-este-30-de-junio\/embed\/#?secret=Qd6YPDcPbX#?secret=RrxK6uNOgV\" width=\"600\" height=\"620\" frameborder=\"0\" marginwidth=\"0\" marginheight=\"0\" scrolling=\"no\" sandbox=\"allow-scripts\" data-secret=\"RrxK6uNOgV\" data-mce-fragment=\"1\"><\/iframe><\/p>\n<p><iframe loading=\"lazy\" class=\"wp-embedded-content\" title=\"\u00abPolic\u00eda en Yopal se qued\u00f3 sin gasolina. Alcald\u00eda apoyar\u00e1 mientras se dispone de recursos del Fondo de Seguridad.\u00bb \u2014 \u25b7 Noticias de Casanare : Martha Cifuentes | Casanare\" src=\"https:\/\/marthacifuentes.com\/portada\/2024\/06\/25\/policia-en-yopal-se-quedo-sin-gasolina-alcaldia-apoyara-mientras-se-dispone-de-recursos-del-fondo-de-seguridad\/embed\/#?secret=kXGvWbzuDL#?secret=dGvcrUFrAH\" width=\"600\" height=\"629\" frameborder=\"0\" marginwidth=\"0\" marginheight=\"0\" scrolling=\"no\" sandbox=\"allow-scripts\" data-secret=\"dGvcrUFrAH\" data-mce-fragment=\"1\"><\/iframe><\/p>\n<p><iframe loading=\"lazy\" class=\"wp-embedded-content\" title=\"\u00abOnce delincuentes menos en las calles de Yopal. A la c\u00e1rcel, \u2018los de la d\u00e9cima\u2019\u00bb \u2014 \u25b7 Noticias de Casanare : Martha Cifuentes | Casanare\" src=\"https:\/\/marthacifuentes.com\/portada\/2024\/06\/25\/once-delincuentes-menos-en-las-calles-de-yopal-a-la-carcel-los-de-la-decima\/embed\/#?secret=XTpKSREKp6#?secret=pfpNQRGSe3\" width=\"600\" height=\"620\" frameborder=\"0\" marginwidth=\"0\" marginheight=\"0\" scrolling=\"no\" sandbox=\"allow-scripts\" data-secret=\"pfpNQRGSe3\" data-mce-fragment=\"1\"><\/iframe><\/p>\n<p><iframe loading=\"lazy\" class=\"wp-embedded-content\" title=\"\u00ab\u201cChoque\u201d entre Eaaay y concejal Infante por denuncias de seguros y contrato de recolectores de basuras\u00bb \u2014 \u25b7 Noticias de Casanare : Martha Cifuentes | Casanare\" src=\"https:\/\/marthacifuentes.com\/portada\/2024\/06\/21\/choque-entre-eaaay-y-concejal-infante-por-denuncias-de-seguros-y-contrato-de-recolectores-de-basuras\/embed\/#?secret=N49IIbgOch#?secret=p0mmIrWMp5\" width=\"600\" height=\"620\" frameborder=\"0\" marginwidth=\"0\" marginheight=\"0\" scrolling=\"no\" sandbox=\"allow-scripts\" data-secret=\"p0mmIrWMp5\" data-mce-fragment=\"1\"><\/iframe><\/p>\n<p><iframe loading=\"lazy\" class=\"wp-embedded-content\" title=\"\u00abGrupos de teatro de Yopal, exaltados el Concejo de Yopal\u00bb \u2014 \u25b7 Noticias de Casanare : Martha Cifuentes | Casanare\" src=\"https:\/\/marthacifuentes.com\/portada\/2024\/06\/20\/grupos-de-teatro-de-yopal-exaltados-el-concejo-de-yopal\/embed\/#?secret=yeGGEFZCZl#?secret=wTM4dOg09Q\" width=\"600\" height=\"621\" frameborder=\"0\" marginwidth=\"0\" marginheight=\"0\" scrolling=\"no\" sandbox=\"allow-scripts\" data-secret=\"wTM4dOg09Q\" data-mce-fragment=\"1\"><\/iframe><\/p>\n<p><iframe loading=\"lazy\" class=\"wp-embedded-content\" title=\"\u00abInd\u00edgenas de Ca\u00f1o Mochuelo, Casanare, cautivos por disidencias de las Farc, temen ser aniquilados.\u00bb \u2014 \u25b7 Noticias de Casanare : Martha Cifuentes | Casanare\" src=\"https:\/\/marthacifuentes.com\/portada\/2024\/06\/20\/indigenas-de-cano-mochuelo-casanare-cautivos-por-disidencias-de-las-farc-temen-ser-aniquilados\/embed\/#?secret=KgPEsCwDRP#?secret=4AJp8jIZEs\" width=\"600\" height=\"642\" frameborder=\"0\" marginwidth=\"0\" marginheight=\"0\" scrolling=\"no\" sandbox=\"allow-scripts\" data-secret=\"4AJp8jIZEs\" data-mce-fragment=\"1\"><\/iframe><\/p>\n<p>&nbsp;<\/p>\n<p><iframe loading=\"lazy\" class=\"wp-embedded-content\" title=\"\u00abCasanare avanza en competitividad, pero a\u00fan le queda camino por recorrer. Se ubic\u00f3 puesto 19.\u00bb \u2014 \u25b7 Noticias de Casanare : Martha Cifuentes | Casanare\" src=\"https:\/\/marthacifuentes.com\/portada\/2024\/06\/19\/casanare-avanza-en-competitividad-pero-aun-le-queda-camino-por-recorrer-se-ubico-puesto-19\/embed\/#?secret=K50V5FHs19#?secret=32Y50vZvl9\" width=\"600\" height=\"619\" frameborder=\"0\" marginwidth=\"0\" marginheight=\"0\" scrolling=\"no\" sandbox=\"allow-scripts\" data-secret=\"32Y50vZvl9\" data-mce-fragment=\"1\"><\/iframe><\/p>\n<p><iframe loading=\"lazy\" class=\"wp-embedded-content\" title=\"\u00abOperativo anticontrabando de licores, cervezas y cigarrillos en Yopal: \u00a1Pilla la Estampilla!\u00bb \u2014 \u25b7 Noticias de Casanare : Martha Cifuentes | Casanare\" src=\"https:\/\/marthacifuentes.com\/portada\/2024\/06\/19\/operativo-anticontrabando-de-licores-cervezas-y-cigarrillos-en-yopal-pilla-la-estampilla\/embed\/#?secret=xPFfYB4U2e#?secret=VOaIh33SkV\" width=\"600\" height=\"621\" frameborder=\"0\" marginwidth=\"0\" marginheight=\"0\" scrolling=\"no\" sandbox=\"allow-scripts\" data-secret=\"VOaIh33SkV\" data-mce-fragment=\"1\"><\/iframe><\/p>\n<p><iframe loading=\"lazy\" class=\"wp-embedded-content\" title=\"\u00abZorro visita cl\u00ednicas de Bucaramanga. Busca fortalecer la salud y la educaci\u00f3n m\u00e9dica a trav\u00e9s de alianzas.\u00bb \u2014 \u25b7 Noticias de Casanare : Martha Cifuentes | Casanare\" src=\"https:\/\/marthacifuentes.com\/portada\/2024\/06\/19\/zorro-visita-clinicas-de-bucaramanga-busca-fortalecer-la-salud-y-la-educacion-medica-a-traves-de-alianzas\/embed\/#?secret=OhkptpNZTd#?secret=npuV5gIx3I\" width=\"600\" height=\"621\" frameborder=\"0\" marginwidth=\"0\" marginheight=\"0\" scrolling=\"no\" sandbox=\"allow-scripts\" data-secret=\"npuV5gIx3I\" data-mce-fragment=\"1\"><\/iframe><\/p>\n<p><iframe loading=\"lazy\" class=\"wp-embedded-content\" title=\"\u00abEn Trinidad, Casanare, estas son las mujeres guardianas del sabor ancestral en la cocina silvestre\u00bb \u2014 \u25b7 Noticias de Casanare : Martha Cifuentes | Casanare\" src=\"https:\/\/marthacifuentes.com\/portada\/2024\/06\/18\/en-trinidad-casanare-estas-son-las-mujeres-guardianas-del-sabor-ancestral-en-la-cocina-silvestre\/embed\/#?secret=E8I83en0ZR#?secret=k3uyea21NX\" width=\"600\" height=\"621\" frameborder=\"0\" marginwidth=\"0\" marginheight=\"0\" scrolling=\"no\" sandbox=\"allow-scripts\" data-secret=\"k3uyea21NX\" data-mce-fragment=\"1\"><\/iframe><\/p>\n<p><iframe loading=\"lazy\" class=\"wp-embedded-content\" title=\"\u00abCapresoca logra 27 remisiones de pacientes en la \u00faltima semana.\u00bb \u2014 \u25b7 Noticias de Casanare : Martha Cifuentes | Casanare\" src=\"https:\/\/marthacifuentes.com\/portada\/2024\/06\/18\/capresoca-logra-27-remisiones-de-pacientes-en-la-ultima-semana\/embed\/#?secret=RdvZtlrK5W#?secret=BKoGzdsePH\" width=\"600\" height=\"621\" frameborder=\"0\" marginwidth=\"0\" marginheight=\"0\" scrolling=\"no\" sandbox=\"allow-scripts\" data-secret=\"BKoGzdsePH\" data-mce-fragment=\"1\"><\/iframe><\/p>\n<p><iframe loading=\"lazy\" class=\"wp-embedded-content\" title=\"\u00abFindeter culp\u00f3 al r\u00edo Cravo Sur y a la Eaaay por problemas en la PTAP de Yopal. Neg\u00f3 afectaciones en obras de protecci\u00f3n.\u00bb \u2014 \u25b7 Noticias de Casanare : Martha Cifuentes | Casanare\" src=\"https:\/\/marthacifuentes.com\/portada\/2024\/06\/18\/findeter-culpo-al-rio-cravo-sur-y-a-la-eaaay-por-problemas-en-la-ptap-de-yopal-nego-afectaciones-en-obras-de-proteccion\/embed\/#?secret=rbxAvhJ0jn#?secret=4DFn7vq69k\" width=\"600\" height=\"650\" frameborder=\"0\" marginwidth=\"0\" marginheight=\"0\" scrolling=\"no\" sandbox=\"allow-scripts\" data-secret=\"4DFn7vq69k\" data-mce-fragment=\"1\"><\/iframe><\/p>\n<p><iframe loading=\"lazy\" class=\"wp-embedded-content\" title=\"\u00abAsamblea de Casanare, machista. Vulner\u00f3 derechos de g\u00e9nero de diputadas Luz Mery Ni\u00f1o y Marisela Duarte.\u00bb \u2014 \u25b7 Noticias de Casanare : Martha Cifuentes | Casanare\" src=\"https:\/\/marthacifuentes.com\/portada\/2024\/06\/17\/asamblea-de-casanare-machista-vulnero-derechos-de-genero-de-diputadas-luz-mery-nino-y-marisela-duarte\/embed\/#?secret=UtrFDENsSs#?secret=BKBMqB4p3y\" width=\"600\" height=\"621\" frameborder=\"0\" marginwidth=\"0\" marginheight=\"0\" scrolling=\"no\" sandbox=\"allow-scripts\" data-secret=\"BKBMqB4p3y\" data-mce-fragment=\"1\"><\/iframe><\/p>\n<p><iframe loading=\"lazy\" class=\"wp-embedded-content\" title=\"\u00abZozobra en beneficiarios de Alameda Martha Mojica en Yopal. \u00bfTienen o no derechos adquiridos?\u00bb \u2014 \u25b7 Noticias de Casanare : Martha Cifuentes | Casanare\" src=\"https:\/\/marthacifuentes.com\/portada\/2024\/06\/14\/zozobra-en-beneficiarios-de-alameda-martha-mojica-en-yopal-tienen-o-no-derechos-adquiridos\/embed\/#?secret=UDdu845kPE#?secret=BqEF8lcAPi\" width=\"600\" height=\"570\" frameborder=\"0\" marginwidth=\"0\" marginheight=\"0\" scrolling=\"no\" sandbox=\"allow-scripts\" data-secret=\"BqEF8lcAPi\" data-mce-fragment=\"1\"><\/iframe><\/p>\n<p><iframe loading=\"lazy\" class=\"wp-embedded-content\" title=\"\u00abReparaci\u00f3n Hist\u00f3rica: Campesinos de El Aro Reciben Propiedad de Tierras 27 A\u00f1os Despu\u00e9s de la Masacre\u00bb \u2014 \u25b7 Noticias de Casanare : Martha Cifuentes | Casanare\" src=\"https:\/\/marthacifuentes.com\/portada\/2024\/06\/14\/reparacion-historica-campesinos-de-el-aro-reciben-propiedad-de-tierras-27-anos-despues-de-la-masacre\/embed\/#?secret=90PCijsIk0#?secret=DsL4dEmcKc\" width=\"600\" height=\"600\" frameborder=\"0\" marginwidth=\"0\" marginheight=\"0\" scrolling=\"no\" sandbox=\"allow-scripts\" data-secret=\"DsL4dEmcKc\" data-mce-fragment=\"1\"><\/iframe><\/p>\n<p><iframe loading=\"lazy\" class=\"wp-embedded-content\" title=\"\u00abImpulso Econ\u00f3mico: Transporte de Carga por Carretera en Abril de 2024 Alcanza Nuevos M\u00e1ximos\u00bb \u2014 \u25b7 Noticias de Casanare : Martha Cifuentes | Casanare\" src=\"https:\/\/marthacifuentes.com\/portada\/2024\/06\/14\/impulso-economico-transporte-de-carga-por-carretera-en-abril-de-2024-alcanza-nuevos-maximos\/embed\/#?secret=wIPa4s7oFm#?secret=6DErZ9QJYA\" width=\"600\" height=\"599\" frameborder=\"0\" marginwidth=\"0\" marginheight=\"0\" scrolling=\"no\" sandbox=\"allow-scripts\" data-secret=\"6DErZ9QJYA\" data-mce-fragment=\"1\"><\/iframe><\/p>\n<p><iframe loading=\"lazy\" class=\"wp-embedded-content\" title=\"\u00abDesesperanza en Labranzagrande: B\u00fasqueda de desaparecidos tras deslizamiento se suspendi\u00f3 por alto riesgo\u00bb \u2014 \u25b7 Noticias de Casanare : Martha Cifuentes | Casanare\" src=\"https:\/\/marthacifuentes.com\/portada\/2024\/06\/13\/desesperanza-en-labranzagrande-busqueda-de-desaparecidos-tras-deslizamiento-se-suspendio-por-alto-riesgo\/embed\/#?secret=uCbblJxjo1#?secret=czxn2zg1no\" width=\"600\" height=\"650\" frameborder=\"0\" marginwidth=\"0\" marginheight=\"0\" scrolling=\"no\" sandbox=\"allow-scripts\" data-secret=\"czxn2zg1no\" data-mce-fragment=\"1\"><\/iframe><\/p>\n<p><iframe loading=\"lazy\" class=\"wp-embedded-content\" title=\"\u00abPetro cuestiona silencio de justicia colombiana en caso de Chiquita Brands y su financiaci\u00f3n a paramilitares\u00bb \u2014 \u25b7 Noticias de Casanare : Martha Cifuentes | Casanare\" src=\"https:\/\/marthacifuentes.com\/portada\/2024\/06\/13\/petro-cuestiona-silencio-de-justicia-colombiana-en-caso-de-chiquita-brands-y-su-financiacion-a-paramilitares\/embed\/#?secret=UgbcPWAkRd#?secret=uiz0B0GBud\" width=\"600\" height=\"600\" frameborder=\"0\" marginwidth=\"0\" marginheight=\"0\" scrolling=\"no\" sandbox=\"allow-scripts\" data-secret=\"uiz0B0GBud\" data-mce-fragment=\"1\"><\/iframe><\/p>\n<p><iframe loading=\"lazy\" class=\"wp-embedded-content\" title=\"\u00abEn nueva torre de Horo se plantea servicios en oncolog\u00eda, unidad renal, UCI y cardiolog\u00eda no invasiva\u00bb \u2014 \u25b7 Noticias de Casanare : Martha Cifuentes | Casanare\" src=\"https:\/\/marthacifuentes.com\/portada\/2024\/06\/13\/en-nueva-torre-de-horo-se-plantea-servicios-en-oncologia-unidad-renal-uci-y-cardiologia-no-invasiva\/embed\/#?secret=wzzxaX1tcU#?secret=oB3OJoMszR\" width=\"600\" height=\"599\" frameborder=\"0\" marginwidth=\"0\" marginheight=\"0\" scrolling=\"no\" sandbox=\"allow-scripts\" data-secret=\"oB3OJoMszR\" data-mce-fragment=\"1\"><\/iframe><\/p>\n","protected":false},"excerpt":{"rendered":"<p>Frente a la problem\u00e1tica expuesta en medios de comunicaci\u00f3n en torno al tema de propagaci\u00f3n de zancudos en las instalaciones del Hospital Regional de la Orinoqu\u00eda E.S.E., la entidad manifest\u00f3 que s\u00ed cuenta con un programa de Manejo Integrado de Plagas, que incluye un cronograma de fumigaci\u00f3n de vectores en la parte interna y externa &hellip;<\/p>\n","protected":false},"author":2,"featured_media":33676,"comment_status":"open","ping_status":"open","sticky":false,"template":"","format":"standard","meta":{"om_disable_all_campaigns":false,"_exactmetrics_skip_tracking":false,"_exactmetrics_sitenote_active":false,"_exactmetrics_sitenote_note":"","_exactmetrics_sitenote_category":0,"_monsterinsights_skip_tracking":false,"_monsterinsights_sitenote_active":false,"_monsterinsights_sitenote_note":"","_monsterinsights_sitenote_category":0,"_uf_show_specific_survey":0,"_uf_disable_surveys":false,"_joinchat":[],"footnotes":""},"categories":[147,146,145],"tags":[10489,10246,10503,10488,10499,10492,10497,10490,232,10486,10496,10493,10502,10505,10498,10494,10500,10491,10487,10485,10501,10504,10495],"class_list":["post-33673","post","type-post","status-publish","format-standard","has-post-thumbnail","hentry","category-actualidad","category-noticias","category-reportajes","tag-acciones-necesarias","tag-comunidad","tag-controlar-produccion-de-basuras","tag-cronograma-de-fumigacion-de-vectores","tag-entidades-locales-y-departamentales","tag-entornos-limpios","tag-focos-de-basura","tag-fumigar","tag-horo","tag-hospital-regional-de-la-orinoquia-e-s-e","tag-humedad","tag-humedades","tag-llamado-de-conciencia","tag-lugares-indicados","tag-manejo-de-basuras","tag-manejo-de-residuos-institucionales","tag-mitigar-problematica","tag-prados-cortos","tag-programa-de-manejo-integrado-de-plagas","tag-propagacion-de-zancudos","tag-reducir-aparicion-de-vectores","tag-residuos","tag-zonas-arborizadas"],"yoast_head":"<!-- This site is optimized with the Yoast SEO plugin v26.1 - https:\/\/yoast.com\/wordpress\/plugins\/seo\/ -->\n<title>Horo aclara que s\u00ed fumiga los mosquitos pero factores externos generan su proliferaci\u00f3n - \u25b7 Noticias de Casanare : Martha Cifuentes | Casanare<\/title>\n<meta name=\"robots\" content=\"index, follow, max-snippet:-1, max-image-preview:large, max-video-preview:-1\" \/>\n<link rel=\"canonical\" href=\"https:\/\/marthacifuentes.com\/portada\/horo-aclara-que-si-fumiga-los-mosquitos-pero-factores-externos-generan-su-proliferacion\/\" \/>\n<meta property=\"og:locale\" content=\"es_ES\" \/>\n<meta property=\"og:type\" content=\"article\" \/>\n<meta property=\"og:title\" content=\"Horo aclara que s\u00ed fumiga los mosquitos pero factores externos generan su proliferaci\u00f3n - \u25b7 Noticias de Casanare : Martha Cifuentes | Casanare\" \/>\n<meta property=\"og:description\" content=\"Frente a la problem\u00e1tica expuesta en medios de comunicaci\u00f3n en torno al tema de propagaci\u00f3n de zancudos en las instalaciones del Hospital Regional de la Orinoqu\u00eda E.S.E., la entidad manifest\u00f3 que s\u00ed cuenta con un programa de Manejo Integrado de Plagas, que incluye un cronograma de fumigaci\u00f3n de vectores en la parte interna y externa &hellip;\" \/>\n<meta property=\"og:url\" content=\"https:\/\/marthacifuentes.com\/portada\/horo-aclara-que-si-fumiga-los-mosquitos-pero-factores-externos-generan-su-proliferacion\/\" \/>\n<meta property=\"og:site_name\" content=\"\u25b7 Noticias de Casanare : Martha Cifuentes | Casanare\" \/>\n<meta property=\"article:published_time\" content=\"2024-07-09T15:12:42+00:00\" \/>\n<meta property=\"og:image\" content=\"https:\/\/marthacifuentes.com\/portada\/wp-content\/uploads\/2024\/07\/HORO.jpg\" \/>\n\t<meta property=\"og:image:width\" content=\"1024\" \/>\n\t<meta property=\"og:image:height\" content=\"564\" \/>\n\t<meta property=\"og:image:type\" content=\"image\/jpeg\" \/>\n<meta name=\"author\" content=\"Martha Cifuentes\" \/>\n<meta name=\"twitter:card\" content=\"summary_large_image\" \/>\n<meta name=\"twitter:label1\" content=\"Escrito por\" \/>\n\t<meta name=\"twitter:data1\" content=\"Martha Cifuentes\" \/>\n\t<meta name=\"twitter:label2\" content=\"Tiempo de lectura\" \/>\n\t<meta name=\"twitter:data2\" content=\"1 minuto\" \/>\n<script type=\"application\/ld+json\" class=\"yoast-schema-graph\">{\"@context\":\"https:\/\/schema.org\",\"@graph\":[{\"@type\":\"WebPage\",\"@id\":\"https:\/\/marthacifuentes.com\/portada\/horo-aclara-que-si-fumiga-los-mosquitos-pero-factores-externos-generan-su-proliferacion\/\",\"url\":\"https:\/\/marthacifuentes.com\/portada\/horo-aclara-que-si-fumiga-los-mosquitos-pero-factores-externos-generan-su-proliferacion\/\",\"name\":\"Horo aclara que s\u00ed fumiga los mosquitos pero factores externos generan su proliferaci\u00f3n - \u25b7 Noticias de Casanare : Martha Cifuentes | Casanare\",\"isPartOf\":{\"@id\":\"https:\/\/marthacifuentes.com\/portada\/#website\"},\"primaryImageOfPage\":{\"@id\":\"https:\/\/marthacifuentes.com\/portada\/horo-aclara-que-si-fumiga-los-mosquitos-pero-factores-externos-generan-su-proliferacion\/#primaryimage\"},\"image\":{\"@id\":\"https:\/\/marthacifuentes.com\/portada\/horo-aclara-que-si-fumiga-los-mosquitos-pero-factores-externos-generan-su-proliferacion\/#primaryimage\"},\"thumbnailUrl\":\"https:\/\/marthacifuentes.com\/portada\/wp-content\/uploads\/2024\/07\/HORO.jpg\",\"datePublished\":\"2024-07-09T15:12:42+00:00\",\"author\":{\"@id\":\"https:\/\/marthacifuentes.com\/portada\/#\/schema\/person\/57f53174b991db5f90ff78d58502b714\"},\"breadcrumb\":{\"@id\":\"https:\/\/marthacifuentes.com\/portada\/horo-aclara-que-si-fumiga-los-mosquitos-pero-factores-externos-generan-su-proliferacion\/#breadcrumb\"},\"inLanguage\":\"es\",\"potentialAction\":[{\"@type\":\"ReadAction\",\"target\":[\"https:\/\/marthacifuentes.com\/portada\/horo-aclara-que-si-fumiga-los-mosquitos-pero-factores-externos-generan-su-proliferacion\/\"]}]},{\"@type\":\"ImageObject\",\"inLanguage\":\"es\",\"@id\":\"https:\/\/marthacifuentes.com\/portada\/horo-aclara-que-si-fumiga-los-mosquitos-pero-factores-externos-generan-su-proliferacion\/#primaryimage\",\"url\":\"https:\/\/marthacifuentes.com\/portada\/wp-content\/uploads\/2024\/07\/HORO.jpg\",\"contentUrl\":\"https:\/\/marthacifuentes.com\/portada\/wp-content\/uploads\/2024\/07\/HORO.jpg\",\"width\":1024,\"height\":564},{\"@type\":\"BreadcrumbList\",\"@id\":\"https:\/\/marthacifuentes.com\/portada\/horo-aclara-que-si-fumiga-los-mosquitos-pero-factores-externos-generan-su-proliferacion\/#breadcrumb\",\"itemListElement\":[{\"@type\":\"ListItem\",\"position\":1,\"name\":\"Portada\",\"item\":\"https:\/\/marthacifuentes.com\/portada\/\"},{\"@type\":\"ListItem\",\"position\":2,\"name\":\"Horo aclara que s\u00ed fumiga los mosquitos pero factores externos generan su proliferaci\u00f3n\"}]},{\"@type\":\"WebSite\",\"@id\":\"https:\/\/marthacifuentes.com\/portada\/#website\",\"url\":\"https:\/\/marthacifuentes.com\/portada\/\",\"name\":\"\u25b7 Noticias de Casanare : Martha Cifuentes | Casanare\",\"description\":\"Noticias &amp; Contenidos\",\"potentialAction\":[{\"@type\":\"SearchAction\",\"target\":{\"@type\":\"EntryPoint\",\"urlTemplate\":\"https:\/\/marthacifuentes.com\/portada\/?s={search_term_string}\"},\"query-input\":{\"@type\":\"PropertyValueSpecification\",\"valueRequired\":true,\"valueName\":\"search_term_string\"}}],\"inLanguage\":\"es\"},{\"@type\":\"Person\",\"@id\":\"https:\/\/marthacifuentes.com\/portada\/#\/schema\/person\/57f53174b991db5f90ff78d58502b714\",\"name\":\"Martha Cifuentes\",\"image\":{\"@type\":\"ImageObject\",\"inLanguage\":\"es\",\"@id\":\"https:\/\/marthacifuentes.com\/portada\/#\/schema\/person\/image\/\",\"url\":\"http:\/\/marthacifuentes.com\/portada\/wp-content\/uploads\/2018\/06\/avatar_user_2_1528838701-96x96.jpg\",\"contentUrl\":\"http:\/\/marthacifuentes.com\/portada\/wp-content\/uploads\/2018\/06\/avatar_user_2_1528838701-96x96.jpg\",\"caption\":\"Martha Cifuentes\"},\"sameAs\":[\"http:\/\/www.marthacifuentes.com\"],\"url\":\"https:\/\/marthacifuentes.com\/portada\/author\/martha\/\"}]}<\/script>\n<!-- \/ Yoast SEO plugin. -->","yoast_head_json":{"title":"Horo aclara que s\u00ed fumiga los mosquitos pero factores externos generan su proliferaci\u00f3n - \u25b7 Noticias de Casanare : Martha Cifuentes | Casanare","robots":{"index":"index","follow":"follow","max-snippet":"max-snippet:-1","max-image-preview":"max-image-preview:large","max-video-preview":"max-video-preview:-1"},"canonical":"https:\/\/marthacifuentes.com\/portada\/horo-aclara-que-si-fumiga-los-mosquitos-pero-factores-externos-generan-su-proliferacion\/","og_locale":"es_ES","og_type":"article","og_title":"Horo aclara que s\u00ed fumiga los mosquitos pero factores externos generan su proliferaci\u00f3n - \u25b7 Noticias de Casanare : Martha Cifuentes | Casanare","og_description":"Frente a la problem\u00e1tica expuesta en medios de comunicaci\u00f3n en torno al tema de propagaci\u00f3n de zancudos en las instalaciones del Hospital Regional de la Orinoqu\u00eda E.S.E., la entidad manifest\u00f3 que s\u00ed cuenta con un programa de Manejo Integrado de Plagas, que incluye un cronograma de fumigaci\u00f3n de vectores en la parte interna y externa &hellip;","og_url":"https:\/\/marthacifuentes.com\/portada\/horo-aclara-que-si-fumiga-los-mosquitos-pero-factores-externos-generan-su-proliferacion\/","og_site_name":"\u25b7 Noticias de Casanare : Martha Cifuentes | Casanare","article_published_time":"2024-07-09T15:12:42+00:00","og_image":[{"width":1024,"height":564,"url":"https:\/\/marthacifuentes.com\/portada\/wp-content\/uploads\/2024\/07\/HORO.jpg","type":"image\/jpeg"}],"author":"Martha Cifuentes","twitter_card":"summary_large_image","twitter_misc":{"Escrito por":"Martha Cifuentes","Tiempo de lectura":"1 minuto"},"schema":{"@context":"https:\/\/schema.org","@graph":[{"@type":"WebPage","@id":"https:\/\/marthacifuentes.com\/portada\/horo-aclara-que-si-fumiga-los-mosquitos-pero-factores-externos-generan-su-proliferacion\/","url":"https:\/\/marthacifuentes.com\/portada\/horo-aclara-que-si-fumiga-los-mosquitos-pero-factores-externos-generan-su-proliferacion\/","name":"Horo aclara que s\u00ed fumiga los mosquitos pero factores externos generan su proliferaci\u00f3n - \u25b7 Noticias de Casanare : Martha Cifuentes | Casanare","isPartOf":{"@id":"https:\/\/marthacifuentes.com\/portada\/#website"},"primaryImageOfPage":{"@id":"https:\/\/marthacifuentes.com\/portada\/horo-aclara-que-si-fumiga-los-mosquitos-pero-factores-externos-generan-su-proliferacion\/#primaryimage"},"image":{"@id":"https:\/\/marthacifuentes.com\/portada\/horo-aclara-que-si-fumiga-los-mosquitos-pero-factores-externos-generan-su-proliferacion\/#primaryimage"},"thumbnailUrl":"https:\/\/marthacifuentes.com\/portada\/wp-content\/uploads\/2024\/07\/HORO.jpg","datePublished":"2024-07-09T15:12:42+00:00","author":{"@id":"https:\/\/marthacifuentes.com\/portada\/#\/schema\/person\/57f53174b991db5f90ff78d58502b714"},"breadcrumb":{"@id":"https:\/\/marthacifuentes.com\/portada\/horo-aclara-que-si-fumiga-los-mosquitos-pero-factores-externos-generan-su-proliferacion\/#breadcrumb"},"inLanguage":"es","potentialAction":[{"@type":"ReadAction","target":["https:\/\/marthacifuentes.com\/portada\/horo-aclara-que-si-fumiga-los-mosquitos-pero-factores-externos-generan-su-proliferacion\/"]}]},{"@type":"ImageObject","inLanguage":"es","@id":"https:\/\/marthacifuentes.com\/portada\/horo-aclara-que-si-fumiga-los-mosquitos-pero-factores-externos-generan-su-proliferacion\/#primaryimage","url":"https:\/\/marthacifuentes.com\/portada\/wp-content\/uploads\/2024\/07\/HORO.jpg","contentUrl":"https:\/\/marthacifuentes.com\/portada\/wp-content\/uploads\/2024\/07\/HORO.jpg","width":1024,"height":564},{"@type":"BreadcrumbList","@id":"https:\/\/marthacifuentes.com\/portada\/horo-aclara-que-si-fumiga-los-mosquitos-pero-factores-externos-generan-su-proliferacion\/#breadcrumb","itemListElement":[{"@type":"ListItem","position":1,"name":"Portada","item":"https:\/\/marthacifuentes.com\/portada\/"},{"@type":"ListItem","position":2,"name":"Horo aclara que s\u00ed fumiga los mosquitos pero factores externos generan su proliferaci\u00f3n"}]},{"@type":"WebSite","@id":"https:\/\/marthacifuentes.com\/portada\/#website","url":"https:\/\/marthacifuentes.com\/portada\/","name":"\u25b7 Noticias de Casanare : Martha Cifuentes | Casanare","description":"Noticias &amp; Contenidos","potentialAction":[{"@type":"SearchAction","target":{"@type":"EntryPoint","urlTemplate":"https:\/\/marthacifuentes.com\/portada\/?s={search_term_string}"},"query-input":{"@type":"PropertyValueSpecification","valueRequired":true,"valueName":"search_term_string"}}],"inLanguage":"es"},{"@type":"Person","@id":"https:\/\/marthacifuentes.com\/portada\/#\/schema\/person\/57f53174b991db5f90ff78d58502b714","name":"Martha Cifuentes","image":{"@type":"ImageObject","inLanguage":"es","@id":"https:\/\/marthacifuentes.com\/portada\/#\/schema\/person\/image\/","url":"http:\/\/marthacifuentes.com\/portada\/wp-content\/uploads\/2018\/06\/avatar_user_2_1528838701-96x96.jpg","contentUrl":"http:\/\/marthacifuentes.com\/portada\/wp-content\/uploads\/2018\/06\/avatar_user_2_1528838701-96x96.jpg","caption":"Martha Cifuentes"},"sameAs":["http:\/\/www.marthacifuentes.com"],"url":"https:\/\/marthacifuentes.com\/portada\/author\/martha\/"}]}},"_links":{"self":[{"href":"https:\/\/marthacifuentes.com\/portada\/wp-json\/wp\/v2\/posts\/33673","targetHints":{"allow":["GET"]}}],"collection":[{"href":"https:\/\/marthacifuentes.com\/portada\/wp-json\/wp\/v2\/posts"}],"about":[{"href":"https:\/\/marthacifuentes.com\/portada\/wp-json\/wp\/v2\/types\/post"}],"author":[{"embeddable":true,"href":"https:\/\/marthacifuentes.com\/portada\/wp-json\/wp\/v2\/users\/2"}],"replies":[{"embeddable":true,"href":"https:\/\/marthacifuentes.com\/portada\/wp-json\/wp\/v2\/comments?post=33673"}],"version-history":[{"count":1,"href":"https:\/\/marthacifuentes.com\/portada\/wp-json\/wp\/v2\/posts\/33673\/revisions"}],"predecessor-version":[{"id":33678,"href":"https:\/\/marthacifuentes.com\/portada\/wp-json\/wp\/v2\/posts\/33673\/revisions\/33678"}],"wp:featuredmedia":[{"embeddable":true,"href":"https:\/\/marthacifuentes.com\/portada\/wp-json\/wp\/v2\/media\/33676"}],"wp:attachment":[{"href":"https:\/\/marthacifuentes.com\/portada\/wp-json\/wp\/v2\/media?parent=33673"}],"wp:term":[{"taxonomy":"category","embeddable":true,"href":"https:\/\/marthacifuentes.com\/portada\/wp-json\/wp\/v2\/categories?post=33673"},{"taxonomy":"post_tag","embeddable":true,"href":"https:\/\/marthacifuentes.com\/portada\/wp-json\/wp\/v2\/tags?post=33673"}],"curies":[{"name":"wp","href":"https:\/\/api.w.org\/{rel}","templated":true}]}}