{"id":33782,"date":"2024-07-23T10:13:40","date_gmt":"2024-07-23T15:13:40","guid":{"rendered":"https:\/\/marthacifuentes.com\/portada\/?p=33782"},"modified":"2024-07-23T10:13:40","modified_gmt":"2024-07-23T15:13:40","slug":"militares-victimarios-de-falsos-positivos-en-casanare-no-han-contado-toda-la-verdad","status":"publish","type":"post","link":"https:\/\/marthacifuentes.com\/portada\/militares-victimarios-de-falsos-positivos-en-casanare-no-han-contado-toda-la-verdad\/","title":{"rendered":"Militares victimarios de \u201cfalsos positivos\u201d en Casanare no han contado toda la verdad"},"content":{"rendered":"<p class=\"Default\" style=\"margin-bottom: 6.0pt;\"><b><span lang=\"ES-CO\" style=\"font-size: 11.0pt; font-family: 'Arial',sans-serif; color: windowtext;\">Excomandantes del Gaula Militar Casanare, coronel (R) Wilson Camargo Tamayo y Mayor (R) Gustavo Enrique Soto Bracamonte NO estar\u00edan diciendo todo lo que saben sobre los falsos positivos en Casanare. Por esa raz\u00f3n la Procuradur\u00eda solicit\u00f3 a la JEP que estos ampl\u00eden su reconocimiento de la verdad de los casos sucedidos en Casanare, relacionados en el macrocaso 03.<\/span><\/b><\/p>\n<p class=\"Default\" style=\"margin-bottom: 6.0pt;\"><span lang=\"ES-CO\" style=\"font-family: 'Arial',sans-serif;\">La petici\u00f3n se hace tras detectar, en las declaraciones de otros militares pertenecientes a dicha unidad, la\u00a0posible comisi\u00f3n de hechos victimizantes adicionales, que no fueron referidos\u00a0por los citados comandantes en sus versiones voluntarias.\u00a0<\/span><\/p>\n<p class=\"Default\" style=\"margin-bottom: 6.0pt;\"><span lang=\"ES-CO\" style=\"font-family: 'Arial',sans-serif;\">El Ministerio P\u00fablico insisti\u00f3, adem\u00e1s, en la\u00a0necesidad de que la JEP califique jur\u00eddicamente tortura y otros tratos inhumanos como cr\u00edmenes de lesa humanidad.\u00a0<\/span><\/p>\n<p class=\"Default\" style=\"margin-bottom: 6.0pt;\"><i><span lang=\"ES-CO\" style=\"font-family: 'Arial',sans-serif;\">\u201cSe tienen suficientes evidencias demostrativas, como testimonios sin controvertir y las mismas evidencias cient\u00edficas, sin refutaci\u00f3n alguna, que demuestran la violencia f\u00edsica y psicol\u00f3gica que padecieron las v\u00edctimas, las cuales\u00a0no pueden ser excluidas del an\u00e1lisis demostrativo en estos casos donde estamos frente a conductas de gravedad internacional\u201d<\/span><\/i><span lang=\"ES-CO\" style=\"font-family: 'Arial',sans-serif;\">,\u00a0afirma la Procuradur\u00eda en su requerimiento.\u00a0\u00a0<\/span><\/p>\n<p class=\"Default\" style=\"margin-bottom: 6.0pt;\"><span lang=\"ES-CO\" style=\"font-family: 'Arial',sans-serif;\">Para sustentar la solicitud se hizo referencia a varios casos, como el de la comunidad de Aguazul, Casanare, v\u00edctima de estigmatizaci\u00f3n y represalias contra quienes fueron testigos de persecuciones o desapariciones\u00a0de sus vecinos. A estas personas\u00a0les hicieron perfiles de inteligencia falsos para sustentar supuestas operaciones que terminaron con sus asesinatos,\u00a0no sin antes ser torturados.<\/span><\/p>\n<p class=\"Default\" style=\"margin-bottom: 6.0pt;\"><span lang=\"ES-CO\" style=\"font-family: 'Arial',sans-serif;\">Tambi\u00e9n se cit\u00f3 el caso de una menor de edad embarazada, que, seg\u00fan testimonios de los comparecientes militares,\u00a0habr\u00eda sido presionada, drogada y golpeada, para sacarle informaci\u00f3n sobre miembros de la comunidad a los que asesinaron y presentaron luego como bajas en combate.\u00a0<\/span><\/p>\n<h2>Otras noticias\u2026<\/h2>\n<blockquote class=\"wp-embedded-content\" data-secret=\"pajnQ9ac6N\"><p><a href=\"https:\/\/marthacifuentes.com\/portada\/2024\/07\/19\/mas-de-800-mil-estudiantes-beneficiados-con-gratuidad-en-educacion-superior\/\">M\u00e1s de 800 mil estudiantes beneficiados con gratuidad en educaci\u00f3n superior<\/a><\/p><\/blockquote>\n<p><iframe loading=\"lazy\" class=\"wp-embedded-content\" sandbox=\"allow-scripts\" security=\"restricted\" style=\"position: absolute; clip: rect(1px, 1px, 1px, 1px);\" title=\"\u00abM\u00e1s de 800 mil estudiantes beneficiados con gratuidad en educaci\u00f3n superior\u00bb \u2014 \u25b7 Noticias de Casanare : Martha Cifuentes | Casanare\" src=\"https:\/\/marthacifuentes.com\/portada\/2024\/07\/19\/mas-de-800-mil-estudiantes-beneficiados-con-gratuidad-en-educacion-superior\/embed\/#?secret=EK0DhlsXHw#?secret=pajnQ9ac6N\" data-secret=\"pajnQ9ac6N\" width=\"500\" height=\"282\" frameborder=\"0\" marginwidth=\"0\" marginheight=\"0\" scrolling=\"no\"><\/iframe><\/p>\n<p><iframe loading=\"lazy\" class=\"wp-embedded-content\" title=\"\u00ab12.566 adultos mayores en Casanare reciben subsidio Colombia Mayor\u00bb \u2014 \u25b7 Noticias de Casanare : Martha Cifuentes | Casanare\" src=\"https:\/\/marthacifuentes.com\/portada\/2024\/07\/19\/12-566-adultos-mayores-en-casanare-reciben-subsidio-colombia-mayor\/embed\/#?secret=ODnXUV7JHr#?secret=CXtsxFCo54\" width=\"600\" height=\"623\" frameborder=\"0\" marginwidth=\"0\" marginheight=\"0\" scrolling=\"no\" sandbox=\"allow-scripts\" data-secret=\"CXtsxFCo54\" data-mce-fragment=\"1\"><\/iframe><\/p>\n<p><iframe loading=\"lazy\" class=\"wp-embedded-content\" title=\"\u00abPredios urbanos sin escrituras en Aguazul ser\u00e1n legalizados por la Alcald\u00eda\u00bb \u2014 \u25b7 Noticias de Casanare : Martha Cifuentes | Casanare\" src=\"https:\/\/marthacifuentes.com\/portada\/2024\/07\/19\/predios-urbanos-sin-escrituras-en-aguazul-seran-legalizados-por-la-alcaldia\/embed\/#?secret=czSi9Lh45W#?secret=IZCF4kqCdK\" width=\"600\" height=\"591\" frameborder=\"0\" marginwidth=\"0\" marginheight=\"0\" scrolling=\"no\" sandbox=\"allow-scripts\" data-secret=\"IZCF4kqCdK\" data-mce-fragment=\"1\"><\/iframe><\/p>\n<p><iframe loading=\"lazy\" class=\"wp-embedded-content\" title=\"\u00abColegio Ambiental de Yopal gan\u00f3 premio BIBO de El Espectador\u00bb \u2014 \u25b7 Noticias de Casanare : Martha Cifuentes | Casanare\" src=\"https:\/\/marthacifuentes.com\/portada\/2024\/07\/19\/colegio-ambiental-de-yopal-gano-premio-bibo-de-el-espectador\/embed\/#?secret=qNksxVMG69#?secret=lx3Uo1Blrg\" width=\"600\" height=\"623\" frameborder=\"0\" marginwidth=\"0\" marginheight=\"0\" scrolling=\"no\" sandbox=\"allow-scripts\" data-secret=\"lx3Uo1Blrg\" data-mce-fragment=\"1\"><\/iframe><\/p>\n<p><iframe loading=\"lazy\" class=\"wp-embedded-content\" title=\"\u00abCad\u00e1ver hallado en Finca La Arenosa se presume sea de ganadero secuestrado N\u00e9stor Julio Bar\u00f3n.\u00bb \u2014 \u25b7 Noticias de Casanare : Martha Cifuentes | Casanare\" src=\"https:\/\/marthacifuentes.com\/portada\/2024\/07\/18\/cadaver-hallado-en-finca-la-arenosa-se-presume-sea-de-ganadero-secuestrado-nestor-julio-baron\/embed\/#?secret=TpyHBzWNoA#?secret=yDx3tQMubv\" width=\"600\" height=\"602\" frameborder=\"0\" marginwidth=\"0\" marginheight=\"0\" scrolling=\"no\" sandbox=\"allow-scripts\" data-secret=\"yDx3tQMubv\" data-mce-fragment=\"1\"><\/iframe><\/p>\n<p><iframe loading=\"lazy\" class=\"wp-embedded-content\" title=\"\u00abComandante de Polic\u00eda Monterrey, v\u00edctima de acoso sexual. Se se\u00f1ala a exsecretario de gobierno local.\u00bb \u2014 \u25b7 Noticias de Casanare : Martha Cifuentes | Casanare\" src=\"https:\/\/marthacifuentes.com\/portada\/2024\/07\/18\/comandante-de-policia-monterrey-victima-de-acoso-sexual-se-senala-a-exsecretario-de-gobierno-local\/embed\/#?secret=1HgIm6pIHy#?secret=hNeRJ7qqz7\" width=\"600\" height=\"623\" frameborder=\"0\" marginwidth=\"0\" marginheight=\"0\" scrolling=\"no\" sandbox=\"allow-scripts\" data-secret=\"hNeRJ7qqz7\" data-mce-fragment=\"1\"><\/iframe><\/p>\n<p><iframe loading=\"lazy\" class=\"wp-embedded-content\" title=\"\u00abTras las rejas \u00abLucho\u00bb, acusado del homicidio de un venezolano en Man\u00ed.\u00bb \u2014 \u25b7 Noticias de Casanare : Martha Cifuentes | Casanare\" src=\"https:\/\/marthacifuentes.com\/portada\/2024\/07\/17\/tras-las-rejas-lucho-acusado-del-homicidio-de-un-venezolano-en-mani\/embed\/#?secret=7aeoFbH6GB#?secret=RMMp74aiPm\" width=\"600\" height=\"623\" frameborder=\"0\" marginwidth=\"0\" marginheight=\"0\" scrolling=\"no\" sandbox=\"allow-scripts\" data-secret=\"RMMp74aiPm\" data-mce-fragment=\"1\"><\/iframe><\/p>\n<p><iframe loading=\"lazy\" class=\"wp-embedded-content\" title=\"\u00abCayeron los hermanos \u201cJes\u00fas\u201d, presuntos asesinos y torturadores de Leoncio Sep\u00falveda, en Paz de Ariporo\u00bb \u2014 \u25b7 Noticias de Casanare : Martha Cifuentes | Casanare\" src=\"https:\/\/marthacifuentes.com\/portada\/2024\/07\/17\/cayeron-los-hermanos-jesus-presuntos-asesinos-y-torturadores-de-leoncio-sepulveda-en-paz-de-ariporo\/embed\/#?secret=cS9SPP79jw#?secret=6lsWHSDNJy\" width=\"600\" height=\"651\" frameborder=\"0\" marginwidth=\"0\" marginheight=\"0\" scrolling=\"no\" sandbox=\"allow-scripts\" data-secret=\"6lsWHSDNJy\" data-mce-fragment=\"1\"><\/iframe><\/p>\n<p><iframe loading=\"lazy\" class=\"wp-embedded-content\" title=\"\u00abCapturados cabecillas del \u2018Clan del Golfo\u2019, por triple homicidio en Casanare\u00bb \u2014 \u25b7 Noticias de Casanare : Martha Cifuentes | Casanare\" src=\"https:\/\/marthacifuentes.com\/portada\/2024\/07\/17\/capturados-cabecillas-del-clan-del-golfo-por-triple-homicidio-en-casanare\/embed\/#?secret=8wc3NV4wL0#?secret=sQ0qivGnXV\" width=\"600\" height=\"602\" frameborder=\"0\" marginwidth=\"0\" marginheight=\"0\" scrolling=\"no\" sandbox=\"allow-scripts\" data-secret=\"sQ0qivGnXV\" data-mce-fragment=\"1\"><\/iframe><\/p>\n<p><iframe loading=\"lazy\" class=\"wp-embedded-content\" title=\"\u00abFamilia Su\u00e1rez en S\u00e1cama, aliviada tras recibir los restos de Jos\u00e9 Manuel, desaparecido hace 21 a\u00f1os\u00bb \u2014 \u25b7 Noticias de Casanare : Martha Cifuentes | Casanare\" src=\"https:\/\/marthacifuentes.com\/portada\/2024\/07\/16\/familia-suarez-en-sacama-aliviada-tras-recibir-los-restos-de-jose-manuel-desaparecido-hace-21-anos\/embed\/#?secret=qTFaOOueP3#?secret=KzdZmcqsDv\" width=\"600\" height=\"602\" frameborder=\"0\" marginwidth=\"0\" marginheight=\"0\" scrolling=\"no\" sandbox=\"allow-scripts\" data-secret=\"KzdZmcqsDv\" data-mce-fragment=\"1\"><\/iframe><\/p>\n<p><iframe loading=\"lazy\" class=\"wp-embedded-content\" title=\"\u00abEmbarazada en riesgo fue trasladada en avi\u00f3n por Capresoca desde Orocu\u00e9 al HORO\u00bb \u2014 \u25b7 Noticias de Casanare : Martha Cifuentes | Casanare\" src=\"https:\/\/marthacifuentes.com\/portada\/2024\/07\/16\/embarazada-en-riesgo-fue-trasladada-en-avion-por-capresoca-desde-orocue-al-horo\/embed\/#?secret=DgCIqWnX68#?secret=sTQoEQIZ2L\" width=\"600\" height=\"623\" frameborder=\"0\" marginwidth=\"0\" marginheight=\"0\" scrolling=\"no\" sandbox=\"allow-scripts\" data-secret=\"sTQoEQIZ2L\" data-mce-fragment=\"1\"><\/iframe><\/p>\n<p><iframe loading=\"lazy\" class=\"wp-embedded-content\" title=\"\u00abProcuradur\u00eda confirma destituci\u00f3n de profesor por abuso sexual a menor en Casanare\u201d\u00bb \u2014 \u25b7 Noticias de Casanare : Martha Cifuentes | Casanare\" src=\"https:\/\/marthacifuentes.com\/portada\/2024\/07\/16\/procuraduria-confirma-destitucion-de-profesor-por-abuso-sexual-a-menor-en-casanare\/embed\/#?secret=xU5Sptn0Gl#?secret=JNTXdoWgoN\" width=\"600\" height=\"623\" frameborder=\"0\" marginwidth=\"0\" marginheight=\"0\" scrolling=\"no\" sandbox=\"allow-scripts\" data-secret=\"JNTXdoWgoN\" data-mce-fragment=\"1\"><\/iframe><\/p>\n<p><iframe loading=\"lazy\" class=\"wp-embedded-content\" title=\"\u00abC\u00f3mo va la revisi\u00f3n del estudio t\u00e9cnico para la nueva torre del HORO\u00a0\u00bb \u2014 \u25b7 Noticias de Casanare : Martha Cifuentes | Casanare\" src=\"https:\/\/marthacifuentes.com\/portada\/2024\/07\/12\/como-va-la-revision-del-estudio-tecnico-para-la-nueva-torre-del-horo\/embed\/#?secret=vQQI6EaGm3#?secret=kRZQcT2TTJ\" width=\"600\" height=\"622\" frameborder=\"0\" marginwidth=\"0\" marginheight=\"0\" scrolling=\"no\" sandbox=\"allow-scripts\" data-secret=\"kRZQcT2TTJ\" data-mce-fragment=\"1\"><\/iframe><\/p>\n<p><iframe loading=\"lazy\" class=\"wp-embedded-content\" title=\"\u00abProyecto de armonizaci\u00f3n presupuestal de Yopal a 2o. debate en el Concejo Municipal este domingo\u00bb \u2014 \u25b7 Noticias de Casanare : Martha Cifuentes | Casanare\" src=\"https:\/\/marthacifuentes.com\/portada\/2024\/07\/12\/proyecto-de-armonizacion-presupuestal-de-yopal-a-2o-debate-en-el-concejo-municipal-este-domingo\/embed\/#?secret=tnxTXP8yQg#?secret=Er8TfRbX0L\" width=\"600\" height=\"593\" frameborder=\"0\" marginwidth=\"0\" marginheight=\"0\" scrolling=\"no\" sandbox=\"allow-scripts\" data-secret=\"Er8TfRbX0L\" data-mce-fragment=\"1\"><\/iframe><\/p>\n<p><iframe loading=\"lazy\" class=\"wp-embedded-content\" title=\"\u00abAlcald\u00eda de Yopal promueve en colegios mejores resultados en pruebas Saber 11 de 2024\u00bb \u2014 \u25b7 Noticias de Casanare : Martha Cifuentes | Casanare\" src=\"https:\/\/marthacifuentes.com\/portada\/2024\/07\/12\/alcaldia-de-yopal-promueve-en-colegios-mejores-resultados-en-pruebas-saber-11-de-2024\/embed\/#?secret=SSuBR2rHXt#?secret=nEUzAp4Na8\" width=\"600\" height=\"623\" frameborder=\"0\" marginwidth=\"0\" marginheight=\"0\" scrolling=\"no\" sandbox=\"allow-scripts\" data-secret=\"nEUzAp4Na8\" data-mce-fragment=\"1\"><\/iframe><\/p>\n<ul>\n<li><iframe loading=\"lazy\" class=\"wp-embedded-content\" title=\"\u00abIFC convoca a m\u00e1s casanare\u00f1os a financiar sus programas educativos, con cr\u00e9dito de cero intereses durante la \u00e9poca de estudio\u00bb \u2014 \u25b7 Noticias de Casanare : Martha Cifuentes | Casanare\" src=\"https:\/\/marthacifuentes.com\/portada\/2024\/07\/12\/ifc-convoca-a-mas-casanarenos-a-financiar-sus-programas-educativos-con-credito-de-cero-intereses-durante-la-epoca-de-estudio\/embed\/#?secret=C47jIatc6u#?secret=AbMLag1K81\" width=\"600\" height=\"651\" frameborder=\"0\" marginwidth=\"0\" marginheight=\"0\" scrolling=\"no\" sandbox=\"allow-scripts\" data-secret=\"AbMLag1K81\" data-mce-fragment=\"1\"><\/iframe><iframe loading=\"lazy\" class=\"wp-embedded-content\" title=\"\u00ab\u00a1Atenci\u00f3n Casanare! Abogados sancionados por faltas a la \u00e9tica profesional\u00bb \u2014 \u25b7 Noticias de Casanare : Martha Cifuentes | Casanare\" src=\"https:\/\/marthacifuentes.com\/portada\/2024\/07\/12\/atencion-casanare-abogados-sancionados-por-faltas-a-la-etica-profesional\/embed\/#?secret=9NHNwMqN0h#?secret=roMp5bNrPV\" width=\"600\" height=\"598\" frameborder=\"0\" marginwidth=\"0\" marginheight=\"0\" scrolling=\"no\" sandbox=\"allow-scripts\" data-secret=\"roMp5bNrPV\" data-mce-fragment=\"1\"><\/iframe><iframe loading=\"lazy\" class=\"wp-embedded-content\" title=\"\u00abCAPS Comuna 6, demorado y con 182 millones de sobrecostos, seg\u00fan Contralor\u00eda Departamental\u00bb \u2014 \u25b7 Noticias de Casanare : Martha Cifuentes | Casanare\" src=\"https:\/\/marthacifuentes.com\/portada\/2024\/07\/11\/caps-comuna-6-demorado-y-con-182-millones-de-sobrecostos-segun-contraloria-departamental\/embed\/#?secret=5FECs1KlCA#?secret=OHEjoUWaLB\" width=\"600\" height=\"582\" frameborder=\"0\" marginwidth=\"0\" marginheight=\"0\" scrolling=\"no\" sandbox=\"allow-scripts\" data-secret=\"OHEjoUWaLB\" data-mce-fragment=\"1\"><\/iframe><iframe loading=\"lazy\" class=\"wp-embedded-content\" title=\"\u00abHoro aclara que s\u00ed fumiga los mosquitos pero factores externos generan su proliferaci\u00f3n\u00bb \u2014 \u25b7 Noticias de Casanare : Martha Cifuentes | Casanare\" src=\"https:\/\/marthacifuentes.com\/portada\/2024\/07\/09\/horo-aclara-que-si-fumiga-los-mosquitos-pero-factores-externos-generan-su-proliferacion\/embed\/#?secret=O1ECdDzoIc#?secret=IWYfWqrNhU\" width=\"600\" height=\"616\" frameborder=\"0\" marginwidth=\"0\" marginheight=\"0\" scrolling=\"no\" sandbox=\"allow-scripts\" data-secret=\"IWYfWqrNhU\" data-mce-fragment=\"1\"><\/iframe><iframe loading=\"lazy\" class=\"wp-embedded-content\" title=\"\u00abUsuarios Yopal, el desincentivo al consumo excesivo de agua sigue vigente\u00bb \u2014 \u25b7 Noticias de Casanare : Martha Cifuentes | Casanare\" src=\"https:\/\/marthacifuentes.com\/portada\/2024\/07\/09\/usuarios-yopal-el-desincentivo-al-consumo-excesivo-de-agua-sigue-vigente\/embed\/#?secret=tOsa8q793N#?secret=Yw4mBcxGDm\" width=\"600\" height=\"588\" frameborder=\"0\" marginwidth=\"0\" marginheight=\"0\" scrolling=\"no\" sandbox=\"allow-scripts\" data-secret=\"Yw4mBcxGDm\" data-mce-fragment=\"1\"><\/iframe><iframe loading=\"lazy\" class=\"wp-embedded-content\" title=\"\u00abHasta el 10 de julio hay plazo para presentar cotizaci\u00f3n de carros recolectores de basura para la Eaaay\u00bb \u2014 \u25b7 Noticias de Casanare : Martha Cifuentes | Casanare\" src=\"https:\/\/marthacifuentes.com\/portada\/2024\/07\/08\/hasta-el-10-de-julio-hay-plazo-para-presentar-cotizacion-de-carros-recolectores-de-basura-para-la-eaaay\/embed\/#?secret=62AeGfMuAH#?secret=1WNVatGFVP\" width=\"600\" height=\"623\" frameborder=\"0\" marginwidth=\"0\" marginheight=\"0\" scrolling=\"no\" sandbox=\"allow-scripts\" data-secret=\"1WNVatGFVP\" data-mce-fragment=\"1\"><\/iframe><iframe loading=\"lazy\" class=\"wp-embedded-content\" title=\"\u00ab\u00a1Capresoca gestion\u00f3 18 remisiones en la \u00faltima semana.\u00bb \u2014 \u25b7 Noticias de Casanare : Martha Cifuentes | Casanare\" src=\"https:\/\/marthacifuentes.com\/portada\/2024\/07\/08\/capresoca-gestiono-18-remisiones-en-la-ultima-semana\/embed\/#?secret=Ot83EyBcBq#?secret=uDM3yKI8S8\" width=\"600\" height=\"623\" frameborder=\"0\" marginwidth=\"0\" marginheight=\"0\" scrolling=\"no\" sandbox=\"allow-scripts\" data-secret=\"uDM3yKI8S8\" data-mce-fragment=\"1\"><\/iframe><iframe loading=\"lazy\" class=\"wp-embedded-content\" title=\"\u00abDengue contin\u00faa campeando en Casanare. Cuidado con el mosquito.\u00a0\u00bb \u2014 \u25b7 Noticias de Casanare : Martha Cifuentes | Casanare\" src=\"https:\/\/marthacifuentes.com\/portada\/2024\/07\/08\/dengue-continua-campeando-en-casanare-cuidado-con-el-mosquito\/embed\/#?secret=9h25gbgx1M#?secret=TNc6x7RqKg\" width=\"600\" height=\"622\" frameborder=\"0\" marginwidth=\"0\" marginheight=\"0\" scrolling=\"no\" sandbox=\"allow-scripts\" data-secret=\"TNc6x7RqKg\" data-mce-fragment=\"1\"><\/iframe><iframe loading=\"lazy\" class=\"wp-embedded-content\" title=\"\u00abMuri\u00f3 Orlando Piragauta, defensor de medio ambiente y exdirector de Corporinoquia\u00bb \u2014 \u25b7 Noticias de Casanare : Martha Cifuentes | Casanare\" src=\"https:\/\/marthacifuentes.com\/portada\/2024\/07\/04\/murio-orlando-piragauta-defensor-de-medio-ambiente-y-exdirector-de-corporinoquia\/embed\/#?secret=Pa73PruM8a#?secret=7IumK7Fbfg\" width=\"600\" height=\"623\" frameborder=\"0\" marginwidth=\"0\" marginheight=\"0\" scrolling=\"no\" sandbox=\"allow-scripts\" data-secret=\"7IumK7Fbfg\" data-mce-fragment=\"1\"><\/iframe><iframe loading=\"lazy\" class=\"wp-embedded-content\" title=\"\u00abMin Transporte e Inv\u00edas siguen \u201canalizando\u201d soluciones a crisis vial de Casanare\u00bb \u2014 \u25b7 Noticias de Casanare : Martha Cifuentes | Casanare\" src=\"https:\/\/marthacifuentes.com\/portada\/2024\/07\/04\/min-transporte-e-invias-siguen-analizando-soluciones-a-crisis-vial-de-casanare\/embed\/#?secret=IjGomUO8RO#?secret=APa9nOIG6g\" width=\"600\" height=\"622\" frameborder=\"0\" marginwidth=\"0\" marginheight=\"0\" scrolling=\"no\" sandbox=\"allow-scripts\" data-secret=\"APa9nOIG6g\" data-mce-fragment=\"1\"><\/iframe><iframe loading=\"lazy\" class=\"wp-embedded-content\" title=\"\u00abLey de hace casi 100 a\u00f1os que ordena construcci\u00f3n de un ferrocarril ser\u00eda alternativa para crisis vial de Casanare.\u00bb \u2014 \u25b7 Noticias de Casanare : Martha Cifuentes | Casanare\" src=\"https:\/\/marthacifuentes.com\/portada\/2024\/07\/04\/ley-de-hace-casi-100-anos-que-ordena-construccion-de-un-ferrocarril-seria-alternativa-para-crisis-vial-de-casanare\/embed\/#?secret=UK5znjV2ci#?secret=tSOzBFkJYz\" width=\"600\" height=\"651\" frameborder=\"0\" marginwidth=\"0\" marginheight=\"0\" scrolling=\"no\" sandbox=\"allow-scripts\" data-secret=\"tSOzBFkJYz\" data-mce-fragment=\"1\"><\/iframe><iframe loading=\"lazy\" class=\"wp-embedded-content\" title=\"\u00abJEP niega sometimiento de alias Caballo, exparamilitar de las ACC y hermano de alias \u2018Mart\u00edn Llanos\u2019\u00bb \u2014 \u25b7 Noticias de Casanare : Martha Cifuentes | Casanare\" src=\"https:\/\/marthacifuentes.com\/portada\/2024\/07\/04\/jep-niega-sometimiento-de-alias-caballo-exparamilitar-de-las-acc-y-hermano-de-alias-martin-llanos\/embed\/#?secret=cwJrU5GgLz#?secret=PcMmpL512S\" width=\"600\" height=\"623\" frameborder=\"0\" marginwidth=\"0\" marginheight=\"0\" scrolling=\"no\" sandbox=\"allow-scripts\" data-secret=\"PcMmpL512S\" data-mce-fragment=\"1\"><\/iframe><iframe loading=\"lazy\" class=\"wp-embedded-content\" title=\"\u00abEl Sur de Casanare en alto riesgo por Clan del Golfo, Eln y Farc: Alerta Temprana Defensor\u00eda del Pueblo:\u00bb \u2014 \u25b7 Noticias de Casanare : Martha Cifuentes | Casanare\" src=\"https:\/\/marthacifuentes.com\/portada\/2024\/07\/03\/el-sur-de-casanare-en-alto-riesgo-por-clan-del-golfo-eln-y-farc-alerta-temprana-defensoria-del-pueblo\/embed\/#?secret=dmgb99fwl2#?secret=krlioIf17D\" width=\"600\" height=\"623\" frameborder=\"0\" marginwidth=\"0\" marginheight=\"0\" scrolling=\"no\" sandbox=\"allow-scripts\" data-secret=\"krlioIf17D\" data-mce-fragment=\"1\"><\/iframe><iframe loading=\"lazy\" class=\"wp-embedded-content\" title=\"\u00abProtesta comunitaria contra Canacol Energy en Quebradaseca\u00bb \u2014 \u25b7 Noticias de Casanare : Martha Cifuentes | Casanare\" src=\"https:\/\/marthacifuentes.com\/portada\/2024\/07\/03\/protesta-comunitaria-contra-canacol-energy-en-quebradaseca\/embed\/#?secret=LAkiVrckq4#?secret=KIa94ytuuO\" width=\"600\" height=\"623\" frameborder=\"0\" marginwidth=\"0\" marginheight=\"0\" scrolling=\"no\" sandbox=\"allow-scripts\" data-secret=\"KIa94ytuuO\" data-mce-fragment=\"1\"><\/iframe><iframe loading=\"lazy\" class=\"wp-embedded-content\" title=\"\u00ab11 veredas de Yopal tendr\u00e1n internet satelital gracias a MinTIC\u00bb \u2014 \u25b7 Noticias de Casanare : Martha Cifuentes | Casanare\" src=\"https:\/\/marthacifuentes.com\/portada\/2024\/07\/03\/11-veredas-de-yopal-tendran-internet-satelital-gracias-a-mintic\/embed\/#?secret=ztHwSd0AhU#?secret=x07lxCya2O\" width=\"600\" height=\"644\" frameborder=\"0\" marginwidth=\"0\" marginheight=\"0\" scrolling=\"no\" sandbox=\"allow-scripts\" data-secret=\"x07lxCya2O\" data-mce-fragment=\"1\"><\/iframe><iframe loading=\"lazy\" class=\"wp-embedded-content\" title=\"\u00abRequisitos para pertenecer al programa Renta Ciudadana del gobierno nacional en Yopal\u00bb \u2014 \u25b7 Noticias de Casanare : Martha Cifuentes | Casanare\" src=\"https:\/\/marthacifuentes.com\/portada\/2024\/07\/03\/requisitos-para-pertenecer-al-programa-renta-ciudadana-del-gobierno-nacional-en-yopal\/embed\/#?secret=SZCFuYHolP#?secret=iGc5YrDT1m\" width=\"600\" height=\"623\" frameborder=\"0\" marginwidth=\"0\" marginheight=\"0\" scrolling=\"no\" sandbox=\"allow-scripts\" data-secret=\"iGc5YrDT1m\" data-mce-fragment=\"1\"><\/iframe>\n<p><iframe loading=\"lazy\" class=\"wp-embedded-content\" title=\"\u00abEcopetrol y Alcald\u00eda de Aguazul entregan obras viales. Se invirtieron $12 mil millone\u00bb \u2014 \u25b7 Noticias de Casanare : Martha Cifuentes | Casanare\" src=\"https:\/\/marthacifuentes.com\/portada\/2024\/07\/03\/ecopetrol-y-alcaldia-de-aguazul-entregan-obras-viales-se-invirtieron-12-mil-millone\/embed\/#?secret=yz0QlDdE7E#?secret=Y6no9YWHsw\" width=\"600\" height=\"623\" frameborder=\"0\" marginwidth=\"0\" marginheight=\"0\" scrolling=\"no\" sandbox=\"allow-scripts\" data-secret=\"Y6no9YWHsw\" data-mce-fragment=\"1\"><\/iframe><\/p>\n<p><iframe loading=\"lazy\" class=\"wp-embedded-content\" title=\"\u00abCasanare tu destino\u2026 se promovi\u00f3 en Expomalocas 2024 en Villavicencio\u00bb \u2014 \u25b7 Noticias de Casanare : Martha Cifuentes | Casanare\" src=\"https:\/\/marthacifuentes.com\/portada\/2024\/07\/03\/casanare-tu-destino-se-promovio-en-expomalocas-2024-en-villavicencio\/embed\/#?secret=z92HPtR7tI#?secret=d8KvGUvDWL\" width=\"600\" height=\"623\" frameborder=\"0\" marginwidth=\"0\" marginheight=\"0\" scrolling=\"no\" sandbox=\"allow-scripts\" data-secret=\"d8KvGUvDWL\" data-mce-fragment=\"1\"><\/iframe><\/p>\n<p><iframe loading=\"lazy\" class=\"wp-embedded-content\" title=\"\u00abQu\u00e9 es y c\u00f3mo se comen los PISCC. Ayudar\u00e1n a mejorar la seguridad y convivencia en Casanare.\u00bb \u2014 \u25b7 Noticias de Casanare : Martha Cifuentes | Casanare\" src=\"https:\/\/marthacifuentes.com\/portada\/2024\/07\/03\/que-es-y-como-se-comen-los-piscc-ayudaran-a-mejorar-la-seguridad-y-convivencia-en-casanare\/embed\/#?secret=ybEbCROk3b#?secret=T74NkI5vct\" width=\"600\" height=\"644\" frameborder=\"0\" marginwidth=\"0\" marginheight=\"0\" scrolling=\"no\" sandbox=\"allow-scripts\" data-secret=\"T74NkI5vct\" data-mce-fragment=\"1\"><\/iframe><\/p>\n<p><iframe loading=\"lazy\" class=\"wp-embedded-content\" title=\"\u00abCapresoca logr\u00f3 remisi\u00f3n y traslado de 21 pacientes a IPS de mayor complejidad\u00bb \u2014 \u25b7 Noticias de Casanare : Martha Cifuentes | Casanare\" src=\"https:\/\/marthacifuentes.com\/portada\/2024\/07\/03\/capresoca-logro-remision-y-traslado-de-21-pacientes-a-ips-de-mayor-complejidad\/embed\/#?secret=VB4Swim7am#?secret=APH6nlmobQ\" width=\"600\" height=\"623\" frameborder=\"0\" marginwidth=\"0\" marginheight=\"0\" scrolling=\"no\" sandbox=\"allow-scripts\" data-secret=\"APH6nlmobQ\" data-mce-fragment=\"1\"><\/iframe><\/p>\n<p><iframe loading=\"lazy\" class=\"wp-embedded-content\" title=\"\u00abEnerca, entre las 750 empresas m\u00e1s grandes del pa\u00eds.\u00bb \u2014 \u25b7 Noticias de Casanare : Martha Cifuentes | Casanare\" src=\"https:\/\/marthacifuentes.com\/portada\/2024\/07\/02\/enerca-entre-las-750-empresas-mas-grandes-del-pais\/embed\/#?secret=waq4qcyzXD#?secret=VJE4K9hJPi\" width=\"600\" height=\"594\" frameborder=\"0\" marginwidth=\"0\" marginheight=\"0\" scrolling=\"no\" sandbox=\"allow-scripts\" data-secret=\"VJE4K9hJPi\" data-mce-fragment=\"1\"><\/iframe><\/p>\n<p><iframe loading=\"lazy\" class=\"wp-embedded-content\" title=\"\u00abEstos son los motivos por los cuales se teme la ca\u00edda del puente Chorroblanco y puente Nuevo en v\u00eda del Cusiana.\u00bb \u2014 \u25b7 Noticias de Casanare : Martha Cifuentes | Casanare\" src=\"https:\/\/marthacifuentes.com\/portada\/2024\/07\/02\/estos-son-los-motivos-por-los-cuales-se-teme-la-caida-del-puente-chorroblanco-y-puente-nuevo-en-via-del-cusiana\/embed\/#?secret=B4lONBpxaP#?secret=x8S5tdlQNm\" width=\"600\" height=\"651\" frameborder=\"0\" marginwidth=\"0\" marginheight=\"0\" scrolling=\"no\" sandbox=\"allow-scripts\" data-secret=\"x8S5tdlQNm\" data-mce-fragment=\"1\"><\/iframe><\/p>\n<p><iframe loading=\"lazy\" class=\"wp-embedded-content\" title=\"\u00abSe jodi\u00f3 \u2018Gedioco\u2019, presunto cabecilla de disidencias de las Farc, capturado en Recetor.\u00bb \u2014 \u25b7 Noticias de Casanare : Martha Cifuentes | Casanare\" src=\"https:\/\/marthacifuentes.com\/portada\/2024\/06\/28\/se-jodio-gedioco-presunto-cabecilla-de-disidencias-de-las-farc-capturado-en-recetor\/embed\/#?secret=QZEhAiB9cU#?secret=crIazy84BQ\" width=\"600\" height=\"623\" frameborder=\"0\" marginwidth=\"0\" marginheight=\"0\" scrolling=\"no\" sandbox=\"allow-scripts\" data-secret=\"crIazy84BQ\" data-mce-fragment=\"1\"><\/iframe><\/p>\n<p><iframe loading=\"lazy\" class=\"wp-embedded-content\" title=\"\u00abDisidencias de las FARC preparan ataques con drones en Casanare y Arauca\u00bb \u2014 \u25b7 Noticias de Casanare : Martha Cifuentes | Casanare\" src=\"https:\/\/marthacifuentes.com\/portada\/2024\/06\/28\/disidencias-de-las-farc-preparan-ataques-con-drones-en-casanare-y-arauca\/embed\/#?secret=KT7vBPJWIE#?secret=XuqkP6HIES\" width=\"600\" height=\"623\" frameborder=\"0\" marginwidth=\"0\" marginheight=\"0\" scrolling=\"no\" sandbox=\"allow-scripts\" data-secret=\"XuqkP6HIES\" data-mce-fragment=\"1\"><\/iframe><\/p>\n<p><iframe loading=\"lazy\" class=\"wp-embedded-content\" title=\"\u00abDirecto a la cabeza del Tren de Aragua: Cay\u00f3 alias \u2018Salom\u00f3n\u2019 en Aguazul cuando hu\u00eda de la Polic\u00eda.\u00bb \u2014 \u25b7 Noticias de Casanare : Martha Cifuentes | Casanare\" src=\"https:\/\/marthacifuentes.com\/portada\/2024\/06\/28\/directo-a-la-cabeza-del-tren-de-aragua-cayo-alias-salomon-en-aguazul-cuando-huia-de-la-policia\/embed\/#?secret=uacHRLOw9Q#?secret=4SlrYrIjHc\" width=\"600\" height=\"622\" frameborder=\"0\" marginwidth=\"0\" marginheight=\"0\" scrolling=\"no\" sandbox=\"allow-scripts\" data-secret=\"4SlrYrIjHc\" data-mce-fragment=\"1\"><\/iframe><\/li>\n<\/ul>\n","protected":false},"excerpt":{"rendered":"<p>Excomandantes del Gaula Militar Casanare, coronel (R) Wilson Camargo Tamayo y Mayor (R) Gustavo Enrique Soto Bracamonte NO estar\u00edan diciendo todo lo que saben sobre los falsos positivos en Casanare. Por esa raz\u00f3n la Procuradur\u00eda solicit\u00f3 a la JEP que estos ampl\u00eden su reconocimiento de la verdad de los casos sucedidos en Casanare, relacionados en &hellip;<\/p>\n","protected":false},"author":2,"featured_media":33783,"comment_status":"open","ping_status":"open","sticky":false,"template":"","format":"standard","meta":{"om_disable_all_campaigns":false,"_exactmetrics_skip_tracking":false,"_exactmetrics_sitenote_active":false,"_exactmetrics_sitenote_note":"","_exactmetrics_sitenote_category":0,"_monsterinsights_skip_tracking":false,"_monsterinsights_sitenote_active":false,"_monsterinsights_sitenote_note":"","_monsterinsights_sitenote_category":0,"_uf_show_specific_survey":0,"_uf_disable_surveys":false,"_joinchat":[],"footnotes":""},"categories":[147,146,145],"tags":[10697,10700,5499,10704,10703,10698,1400,10699,10702,10701],"class_list":["post-33782","post","type-post","status-publish","format-standard","has-post-thumbnail","hentry","category-actualidad","category-noticias","category-reportajes","tag-coronel-wilson-camargo-tamayo","tag-falsos-positivos-aguazul","tag-falsos-positivos-casanare","tag-falsos-positivos-crimen-de-lesa-humanidad","tag-jep-macrocaso-03-casanare-jep-falsos-positivos","tag-mayor-gustavo-enrique-soto-bracamonte","tag-noticias-casanare","tag-procuraduria-general-jep-falsos-positivos-casanare","tag-tortura-en-victimas-de-falsos-positivos-aguazul-casanare","tag-victimas-de-falsos-positivos-casanare"],"yoast_head":"<!-- This site is optimized with the Yoast SEO plugin v26.1 - https:\/\/yoast.com\/wordpress\/plugins\/seo\/ -->\n<title>Militares victimarios de \u201cfalsos positivos\u201d en Casanare no han contado toda la verdad - \u25b7 Noticias de Casanare : Martha Cifuentes | Casanare<\/title>\n<meta name=\"robots\" content=\"index, follow, max-snippet:-1, max-image-preview:large, max-video-preview:-1\" \/>\n<link rel=\"canonical\" href=\"https:\/\/marthacifuentes.com\/portada\/militares-victimarios-de-falsos-positivos-en-casanare-no-han-contado-toda-la-verdad\/\" \/>\n<meta property=\"og:locale\" content=\"es_ES\" \/>\n<meta property=\"og:type\" content=\"article\" \/>\n<meta property=\"og:title\" content=\"Militares victimarios de \u201cfalsos positivos\u201d en Casanare no han contado toda la verdad - \u25b7 Noticias de Casanare : Martha Cifuentes | Casanare\" \/>\n<meta property=\"og:description\" content=\"Excomandantes del Gaula Militar Casanare, coronel (R) Wilson Camargo Tamayo y Mayor (R) Gustavo Enrique Soto Bracamonte NO estar\u00edan diciendo todo lo que saben sobre los falsos positivos en Casanare. Por esa raz\u00f3n la Procuradur\u00eda solicit\u00f3 a la JEP que estos ampl\u00eden su reconocimiento de la verdad de los casos sucedidos en Casanare, relacionados en &hellip;\" \/>\n<meta property=\"og:url\" content=\"https:\/\/marthacifuentes.com\/portada\/militares-victimarios-de-falsos-positivos-en-casanare-no-han-contado-toda-la-verdad\/\" \/>\n<meta property=\"og:site_name\" content=\"\u25b7 Noticias de Casanare : Martha Cifuentes | Casanare\" \/>\n<meta property=\"article:published_time\" content=\"2024-07-23T15:13:40+00:00\" \/>\n<meta property=\"og:image\" content=\"https:\/\/marthacifuentes.com\/portada\/wp-content\/uploads\/2024\/07\/gustavo-enrique-soto-bracamonte.jpeg\" \/>\n\t<meta property=\"og:image:width\" content=\"2374\" \/>\n\t<meta property=\"og:image:height\" content=\"1326\" \/>\n\t<meta property=\"og:image:type\" content=\"image\/jpeg\" \/>\n<meta name=\"author\" content=\"Martha Cifuentes\" \/>\n<meta name=\"twitter:card\" content=\"summary_large_image\" \/>\n<meta name=\"twitter:label1\" content=\"Escrito por\" \/>\n\t<meta name=\"twitter:data1\" content=\"Martha Cifuentes\" \/>\n\t<meta name=\"twitter:label2\" content=\"Tiempo de lectura\" \/>\n\t<meta name=\"twitter:data2\" content=\"2 minutos\" \/>\n<script type=\"application\/ld+json\" class=\"yoast-schema-graph\">{\"@context\":\"https:\/\/schema.org\",\"@graph\":[{\"@type\":\"WebPage\",\"@id\":\"https:\/\/marthacifuentes.com\/portada\/militares-victimarios-de-falsos-positivos-en-casanare-no-han-contado-toda-la-verdad\/\",\"url\":\"https:\/\/marthacifuentes.com\/portada\/militares-victimarios-de-falsos-positivos-en-casanare-no-han-contado-toda-la-verdad\/\",\"name\":\"Militares victimarios de \u201cfalsos positivos\u201d en Casanare no han contado toda la verdad - \u25b7 Noticias de Casanare : Martha Cifuentes | Casanare\",\"isPartOf\":{\"@id\":\"https:\/\/marthacifuentes.com\/portada\/#website\"},\"primaryImageOfPage\":{\"@id\":\"https:\/\/marthacifuentes.com\/portada\/militares-victimarios-de-falsos-positivos-en-casanare-no-han-contado-toda-la-verdad\/#primaryimage\"},\"image\":{\"@id\":\"https:\/\/marthacifuentes.com\/portada\/militares-victimarios-de-falsos-positivos-en-casanare-no-han-contado-toda-la-verdad\/#primaryimage\"},\"thumbnailUrl\":\"https:\/\/marthacifuentes.com\/portada\/wp-content\/uploads\/2024\/07\/gustavo-enrique-soto-bracamonte.jpeg\",\"datePublished\":\"2024-07-23T15:13:40+00:00\",\"author\":{\"@id\":\"https:\/\/marthacifuentes.com\/portada\/#\/schema\/person\/57f53174b991db5f90ff78d58502b714\"},\"breadcrumb\":{\"@id\":\"https:\/\/marthacifuentes.com\/portada\/militares-victimarios-de-falsos-positivos-en-casanare-no-han-contado-toda-la-verdad\/#breadcrumb\"},\"inLanguage\":\"es\",\"potentialAction\":[{\"@type\":\"ReadAction\",\"target\":[\"https:\/\/marthacifuentes.com\/portada\/militares-victimarios-de-falsos-positivos-en-casanare-no-han-contado-toda-la-verdad\/\"]}]},{\"@type\":\"ImageObject\",\"inLanguage\":\"es\",\"@id\":\"https:\/\/marthacifuentes.com\/portada\/militares-victimarios-de-falsos-positivos-en-casanare-no-han-contado-toda-la-verdad\/#primaryimage\",\"url\":\"https:\/\/marthacifuentes.com\/portada\/wp-content\/uploads\/2024\/07\/gustavo-enrique-soto-bracamonte.jpeg\",\"contentUrl\":\"https:\/\/marthacifuentes.com\/portada\/wp-content\/uploads\/2024\/07\/gustavo-enrique-soto-bracamonte.jpeg\",\"width\":2374,\"height\":1326},{\"@type\":\"BreadcrumbList\",\"@id\":\"https:\/\/marthacifuentes.com\/portada\/militares-victimarios-de-falsos-positivos-en-casanare-no-han-contado-toda-la-verdad\/#breadcrumb\",\"itemListElement\":[{\"@type\":\"ListItem\",\"position\":1,\"name\":\"Portada\",\"item\":\"https:\/\/marthacifuentes.com\/portada\/\"},{\"@type\":\"ListItem\",\"position\":2,\"name\":\"Militares victimarios de \u201cfalsos positivos\u201d en Casanare no han contado toda la verdad\"}]},{\"@type\":\"WebSite\",\"@id\":\"https:\/\/marthacifuentes.com\/portada\/#website\",\"url\":\"https:\/\/marthacifuentes.com\/portada\/\",\"name\":\"\u25b7 Noticias de Casanare : Martha Cifuentes | Casanare\",\"description\":\"Noticias &amp; Contenidos\",\"potentialAction\":[{\"@type\":\"SearchAction\",\"target\":{\"@type\":\"EntryPoint\",\"urlTemplate\":\"https:\/\/marthacifuentes.com\/portada\/?s={search_term_string}\"},\"query-input\":{\"@type\":\"PropertyValueSpecification\",\"valueRequired\":true,\"valueName\":\"search_term_string\"}}],\"inLanguage\":\"es\"},{\"@type\":\"Person\",\"@id\":\"https:\/\/marthacifuentes.com\/portada\/#\/schema\/person\/57f53174b991db5f90ff78d58502b714\",\"name\":\"Martha Cifuentes\",\"image\":{\"@type\":\"ImageObject\",\"inLanguage\":\"es\",\"@id\":\"https:\/\/marthacifuentes.com\/portada\/#\/schema\/person\/image\/\",\"url\":\"http:\/\/marthacifuentes.com\/portada\/wp-content\/uploads\/2018\/06\/avatar_user_2_1528838701-96x96.jpg\",\"contentUrl\":\"http:\/\/marthacifuentes.com\/portada\/wp-content\/uploads\/2018\/06\/avatar_user_2_1528838701-96x96.jpg\",\"caption\":\"Martha Cifuentes\"},\"sameAs\":[\"http:\/\/www.marthacifuentes.com\"],\"url\":\"https:\/\/marthacifuentes.com\/portada\/author\/martha\/\"}]}<\/script>\n<!-- \/ Yoast SEO plugin. -->","yoast_head_json":{"title":"Militares victimarios de \u201cfalsos positivos\u201d en Casanare no han contado toda la verdad - \u25b7 Noticias de Casanare : Martha Cifuentes | Casanare","robots":{"index":"index","follow":"follow","max-snippet":"max-snippet:-1","max-image-preview":"max-image-preview:large","max-video-preview":"max-video-preview:-1"},"canonical":"https:\/\/marthacifuentes.com\/portada\/militares-victimarios-de-falsos-positivos-en-casanare-no-han-contado-toda-la-verdad\/","og_locale":"es_ES","og_type":"article","og_title":"Militares victimarios de \u201cfalsos positivos\u201d en Casanare no han contado toda la verdad - \u25b7 Noticias de Casanare : Martha Cifuentes | Casanare","og_description":"Excomandantes del Gaula Militar Casanare, coronel (R) Wilson Camargo Tamayo y Mayor (R) Gustavo Enrique Soto Bracamonte NO estar\u00edan diciendo todo lo que saben sobre los falsos positivos en Casanare. Por esa raz\u00f3n la Procuradur\u00eda solicit\u00f3 a la JEP que estos ampl\u00eden su reconocimiento de la verdad de los casos sucedidos en Casanare, relacionados en &hellip;","og_url":"https:\/\/marthacifuentes.com\/portada\/militares-victimarios-de-falsos-positivos-en-casanare-no-han-contado-toda-la-verdad\/","og_site_name":"\u25b7 Noticias de Casanare : Martha Cifuentes | Casanare","article_published_time":"2024-07-23T15:13:40+00:00","og_image":[{"width":2374,"height":1326,"url":"https:\/\/marthacifuentes.com\/portada\/wp-content\/uploads\/2024\/07\/gustavo-enrique-soto-bracamonte.jpeg","type":"image\/jpeg"}],"author":"Martha Cifuentes","twitter_card":"summary_large_image","twitter_misc":{"Escrito por":"Martha Cifuentes","Tiempo de lectura":"2 minutos"},"schema":{"@context":"https:\/\/schema.org","@graph":[{"@type":"WebPage","@id":"https:\/\/marthacifuentes.com\/portada\/militares-victimarios-de-falsos-positivos-en-casanare-no-han-contado-toda-la-verdad\/","url":"https:\/\/marthacifuentes.com\/portada\/militares-victimarios-de-falsos-positivos-en-casanare-no-han-contado-toda-la-verdad\/","name":"Militares victimarios de \u201cfalsos positivos\u201d en Casanare no han contado toda la verdad - \u25b7 Noticias de Casanare : Martha Cifuentes | Casanare","isPartOf":{"@id":"https:\/\/marthacifuentes.com\/portada\/#website"},"primaryImageOfPage":{"@id":"https:\/\/marthacifuentes.com\/portada\/militares-victimarios-de-falsos-positivos-en-casanare-no-han-contado-toda-la-verdad\/#primaryimage"},"image":{"@id":"https:\/\/marthacifuentes.com\/portada\/militares-victimarios-de-falsos-positivos-en-casanare-no-han-contado-toda-la-verdad\/#primaryimage"},"thumbnailUrl":"https:\/\/marthacifuentes.com\/portada\/wp-content\/uploads\/2024\/07\/gustavo-enrique-soto-bracamonte.jpeg","datePublished":"2024-07-23T15:13:40+00:00","author":{"@id":"https:\/\/marthacifuentes.com\/portada\/#\/schema\/person\/57f53174b991db5f90ff78d58502b714"},"breadcrumb":{"@id":"https:\/\/marthacifuentes.com\/portada\/militares-victimarios-de-falsos-positivos-en-casanare-no-han-contado-toda-la-verdad\/#breadcrumb"},"inLanguage":"es","potentialAction":[{"@type":"ReadAction","target":["https:\/\/marthacifuentes.com\/portada\/militares-victimarios-de-falsos-positivos-en-casanare-no-han-contado-toda-la-verdad\/"]}]},{"@type":"ImageObject","inLanguage":"es","@id":"https:\/\/marthacifuentes.com\/portada\/militares-victimarios-de-falsos-positivos-en-casanare-no-han-contado-toda-la-verdad\/#primaryimage","url":"https:\/\/marthacifuentes.com\/portada\/wp-content\/uploads\/2024\/07\/gustavo-enrique-soto-bracamonte.jpeg","contentUrl":"https:\/\/marthacifuentes.com\/portada\/wp-content\/uploads\/2024\/07\/gustavo-enrique-soto-bracamonte.jpeg","width":2374,"height":1326},{"@type":"BreadcrumbList","@id":"https:\/\/marthacifuentes.com\/portada\/militares-victimarios-de-falsos-positivos-en-casanare-no-han-contado-toda-la-verdad\/#breadcrumb","itemListElement":[{"@type":"ListItem","position":1,"name":"Portada","item":"https:\/\/marthacifuentes.com\/portada\/"},{"@type":"ListItem","position":2,"name":"Militares victimarios de \u201cfalsos positivos\u201d en Casanare no han contado toda la verdad"}]},{"@type":"WebSite","@id":"https:\/\/marthacifuentes.com\/portada\/#website","url":"https:\/\/marthacifuentes.com\/portada\/","name":"\u25b7 Noticias de Casanare : Martha Cifuentes | Casanare","description":"Noticias &amp; Contenidos","potentialAction":[{"@type":"SearchAction","target":{"@type":"EntryPoint","urlTemplate":"https:\/\/marthacifuentes.com\/portada\/?s={search_term_string}"},"query-input":{"@type":"PropertyValueSpecification","valueRequired":true,"valueName":"search_term_string"}}],"inLanguage":"es"},{"@type":"Person","@id":"https:\/\/marthacifuentes.com\/portada\/#\/schema\/person\/57f53174b991db5f90ff78d58502b714","name":"Martha Cifuentes","image":{"@type":"ImageObject","inLanguage":"es","@id":"https:\/\/marthacifuentes.com\/portada\/#\/schema\/person\/image\/","url":"http:\/\/marthacifuentes.com\/portada\/wp-content\/uploads\/2018\/06\/avatar_user_2_1528838701-96x96.jpg","contentUrl":"http:\/\/marthacifuentes.com\/portada\/wp-content\/uploads\/2018\/06\/avatar_user_2_1528838701-96x96.jpg","caption":"Martha Cifuentes"},"sameAs":["http:\/\/www.marthacifuentes.com"],"url":"https:\/\/marthacifuentes.com\/portada\/author\/martha\/"}]}},"_links":{"self":[{"href":"https:\/\/marthacifuentes.com\/portada\/wp-json\/wp\/v2\/posts\/33782","targetHints":{"allow":["GET"]}}],"collection":[{"href":"https:\/\/marthacifuentes.com\/portada\/wp-json\/wp\/v2\/posts"}],"about":[{"href":"https:\/\/marthacifuentes.com\/portada\/wp-json\/wp\/v2\/types\/post"}],"author":[{"embeddable":true,"href":"https:\/\/marthacifuentes.com\/portada\/wp-json\/wp\/v2\/users\/2"}],"replies":[{"embeddable":true,"href":"https:\/\/marthacifuentes.com\/portada\/wp-json\/wp\/v2\/comments?post=33782"}],"version-history":[{"count":1,"href":"https:\/\/marthacifuentes.com\/portada\/wp-json\/wp\/v2\/posts\/33782\/revisions"}],"predecessor-version":[{"id":33784,"href":"https:\/\/marthacifuentes.com\/portada\/wp-json\/wp\/v2\/posts\/33782\/revisions\/33784"}],"wp:featuredmedia":[{"embeddable":true,"href":"https:\/\/marthacifuentes.com\/portada\/wp-json\/wp\/v2\/media\/33783"}],"wp:attachment":[{"href":"https:\/\/marthacifuentes.com\/portada\/wp-json\/wp\/v2\/media?parent=33782"}],"wp:term":[{"taxonomy":"category","embeddable":true,"href":"https:\/\/marthacifuentes.com\/portada\/wp-json\/wp\/v2\/categories?post=33782"},{"taxonomy":"post_tag","embeddable":true,"href":"https:\/\/marthacifuentes.com\/portada\/wp-json\/wp\/v2\/tags?post=33782"}],"curies":[{"name":"wp","href":"https:\/\/api.w.org\/{rel}","templated":true}]}}