{"id":33808,"date":"2024-07-25T10:12:13","date_gmt":"2024-07-25T15:12:13","guid":{"rendered":"https:\/\/marthacifuentes.com\/portada\/?p=33808"},"modified":"2024-07-25T10:12:13","modified_gmt":"2024-07-25T15:12:13","slug":"presidente-del-concejo-de-mani-salpicado-en-pliego-de-cargos-por-irregularidades-en-el-terminal-de-transporte-de-puerto-gaitan-meta","status":"publish","type":"post","link":"https:\/\/marthacifuentes.com\/portada\/presidente-del-concejo-de-mani-salpicado-en-pliego-de-cargos-por-irregularidades-en-el-terminal-de-transporte-de-puerto-gaitan-meta\/","title":{"rendered":"Presidente del Concejo de Man\u00ed salpicado en pliego de cargos por irregularidades en el terminal de transporte de Puerto Gait\u00e1n, Meta."},"content":{"rendered":"<p>El presidente del Concejo de Man\u00ed, Pablo Rodr\u00edguez Segovia, fue cobijado con el pliego de cargos proferido por la Procuradur\u00eda General por presuntas irregularidades en la construcci\u00f3n del Terminal de Transportes de Puerto Gait\u00e1n, Meta, cuando se desempe\u00f1\u00f3 como secretario de Infraestructura en el periodo 2020-2023.<\/p>\n<p>El Ministerio P\u00fablico se\u00f1ala tambi\u00e9n a los exalcaldes de esta poblaci\u00f3n <strong>Jos\u00e9 Alexander Fierro Guayara (2016 \u2013 2019), y Jorge Edelio Plazas Hern\u00e1ndez (2020 \u2013 2023),<\/strong>\u00a0as\u00ed como a otras ocho personas, por presuntas anomal\u00edas en la ejecuci\u00f3n del proyecto.<\/p>\n<p>Por esos hechos, el \u00f3rgano de control calific\u00f3 la presunta conducta de los investigados como una\u00a0<strong>falta\u00a0grav\u00edsima cometida a t\u00edtulo de culpa grav\u00edsima.\u200b<\/strong><\/p>\n<p>&nbsp;<\/p>\n<p><strong>Proyecto, sin estudios necesarios y sin aval del ministerio del Transporte<\/strong><\/p>\n<p>Al parecer\u00a0<strong>las obras objeto de la investigaci\u00f3n se habr\u00edan iniciado sin contar con los estudios y dise\u00f1os necesarios\u00a0<\/strong>que permitieran establecer la viabilidad del proyecto, y<strong>\u00a0sin contar con el aval del Ministerio de Transporte para el funcionamiento del terminal.<\/strong><\/p>\n<p><strong>Esto habr\u00eda ocasionado <\/strong>retrasos en el desarrollo de las obras, las cuales fueron contratadas por 5.298 millones de pesos y\u00a0<strong>financiadas con recursos del Sistema General de Regal\u00edas.<\/strong><\/p>\n<p><strong>\u00a0<\/strong><\/p>\n<p><strong>Qu\u00e9 no hicieron los secretarios de infraestructura<\/strong><\/p>\n<p>Los entonces secretarios de Infraestructura, entre ellos Pablo Rodr\u00edguez, al parecer omitieron informar a la alcald\u00eda que\u00a0<strong>el Consorcio Terminal 2018 no vel\u00f3 por el estricto cumplimiento y correcta ejecuci\u00f3n del objeto del contrato,<\/strong>\u00a0pues no habr\u00eda atendido oportunamente las observaciones hechas por el constructor respecto a las deficiencias t\u00e9cnicas que presentaba el proyecto,<strong>\u00a0ni adelant\u00f3 de manera oportuna el tr\u00e1mite para lograr una adici\u00f3n presupuestal<\/strong>\u00a0que permitiera culminar los trabajos.<\/p>\n<p>En el caso de los representantes legales de las empresas que conformaron el Consorcio Terminal 2018, Andr\u00e9s Mora Barney y Jes\u00fas David Reyes Hern\u00e1ndez, presuntamente omitieron informar los hechos o circunstancias que representaban un riesgo para el cumplimiento de las obras, que\u00a0<strong>a la fecha registran un retraso superior a los tres a\u00f1os en su desarrollo.\u00a0<\/strong><\/p>\n<h2>Otras noticias\u2026<\/h2>\n<blockquote class=\"wp-embedded-content\" data-secret=\"oT5lIM5eDo\"><p><a href=\"https:\/\/marthacifuentes.com\/portada\/2024\/07\/24\/zona-rural-de-hato-corozal-tendra-dos-puentes-vehiculares-hechos-con-tuberia-petrolera\/\">Zona rural de Hato Corozal tendr\u00e1 dos puentes vehiculares hechos con tuber\u00eda petrolera<\/a><\/p><\/blockquote>\n<p><iframe loading=\"lazy\" class=\"wp-embedded-content\" sandbox=\"allow-scripts\" security=\"restricted\" style=\"position: absolute; clip: rect(1px, 1px, 1px, 1px);\" title=\"\u00abZona rural de Hato Corozal tendr\u00e1 dos puentes vehiculares hechos con tuber\u00eda petrolera\u00bb \u2014 \u25b7 Noticias de Casanare : Martha Cifuentes | Casanare\" src=\"https:\/\/marthacifuentes.com\/portada\/2024\/07\/24\/zona-rural-de-hato-corozal-tendra-dos-puentes-vehiculares-hechos-con-tuberia-petrolera\/embed\/#?secret=HmlQs34mZw#?secret=oT5lIM5eDo\" data-secret=\"oT5lIM5eDo\" width=\"500\" height=\"282\" frameborder=\"0\" marginwidth=\"0\" marginheight=\"0\" scrolling=\"no\"><\/iframe><\/p>\n<p><iframe loading=\"lazy\" class=\"wp-embedded-content\" title=\"\u00abSenadores casanare\u00f1os, de oposici\u00f3n y gobiernista, elegidos en importantes posiciones en el Congreso.\u00bb \u2014 \u25b7 Noticias de Casanare : Martha Cifuentes | Casanare\" src=\"https:\/\/marthacifuentes.com\/portada\/2024\/07\/24\/senadores-casanarenos-de-oposicion-y-gobiernista-elegidos-en-importantes-posiciones-en-el-congreso\/embed\/#?secret=cD0ybLnMgo#?secret=YHS6ehe57F\" width=\"600\" height=\"623\" frameborder=\"0\" marginwidth=\"0\" marginheight=\"0\" scrolling=\"no\" sandbox=\"allow-scripts\" data-secret=\"YHS6ehe57F\" data-mce-fragment=\"1\"><\/iframe><\/p>\n<p><iframe loading=\"lazy\" class=\"wp-embedded-content\" title=\"\u00abZorro afirma que acabar\u00e1 con tercerizaciones desventajosas del Horo\u00bb \u2014 \u25b7 Noticias de Casanare : Martha Cifuentes | Casanare\" src=\"https:\/\/marthacifuentes.com\/portada\/2024\/07\/24\/zorro-afirma-que-acabara-con-tercerizaciones-desventajosas-del-horo\/embed\/#?secret=pCsK8d7y8f#?secret=9txNCo4DT8\" width=\"600\" height=\"622\" frameborder=\"0\" marginwidth=\"0\" marginheight=\"0\" scrolling=\"no\" sandbox=\"allow-scripts\" data-secret=\"9txNCo4DT8\" data-mce-fragment=\"1\"><\/iframe><\/p>\n<p><iframe loading=\"lazy\" class=\"wp-embedded-content\" title=\"\u00abZorro con un cuarto de bill\u00f3n de pesos para 2024. Asamblea aprob\u00f3 armonizaci\u00f3n de presupuesto\u00bb \u2014 \u25b7 Noticias de Casanare : Martha Cifuentes | Casanare\" src=\"https:\/\/marthacifuentes.com\/portada\/2024\/07\/23\/zorro-con-un-cuarto-de-billon-de-pesos-para-2024-asamblea-aprobo-armonizacion-de-presupuesto\/embed\/#?secret=uRr7I2VqkM#?secret=CiZpceArfp\" width=\"600\" height=\"623\" frameborder=\"0\" marginwidth=\"0\" marginheight=\"0\" scrolling=\"no\" sandbox=\"allow-scripts\" data-secret=\"CiZpceArfp\" data-mce-fragment=\"1\"><\/iframe><\/p>\n<p><iframe loading=\"lazy\" class=\"wp-embedded-content\" title=\"\u00abCon obras de protecci\u00f3n de la PTAP Yopal se aleja peligro del R\u00edo Cravo Sur\u00bb \u2014 \u25b7 Noticias de Casanare : Martha Cifuentes | Casanare\" src=\"https:\/\/marthacifuentes.com\/portada\/2024\/07\/23\/con-obras-de-proteccion-de-la-ptap-yopal-se-aleja-peligro-del-rio-cravo-sur\/embed\/#?secret=4hR7FVpbpY#?secret=hfnvYmXey2\" width=\"600\" height=\"601\" frameborder=\"0\" marginwidth=\"0\" marginheight=\"0\" scrolling=\"no\" sandbox=\"allow-scripts\" data-secret=\"hfnvYmXey2\" data-mce-fragment=\"1\"><\/iframe><\/p>\n<p><iframe loading=\"lazy\" class=\"wp-embedded-content\" title=\"\u00abMinistro Guillermo Jaramillo en Yopal presidir\u00e1 foro sobre reforma a la salud.\u00bb \u2014 \u25b7 Noticias de Casanare : Martha Cifuentes | Casanare\" src=\"https:\/\/marthacifuentes.com\/portada\/2024\/07\/23\/ministro-guillermo-jaramillo-en-yopal-presidira-foro-sobre-reforma-a-la-salud\/embed\/#?secret=IMqt5kB3R7#?secret=WbManQqQCP\" width=\"600\" height=\"584\" frameborder=\"0\" marginwidth=\"0\" marginheight=\"0\" scrolling=\"no\" sandbox=\"allow-scripts\" data-secret=\"WbManQqQCP\" data-mce-fragment=\"1\"><\/iframe><\/p>\n<p><iframe loading=\"lazy\" class=\"wp-embedded-content\" title=\"\u00abMilitares victimarios de \u201cfalsos positivos\u201d en Casanare no han contado toda la verdad\u00bb \u2014 \u25b7 Noticias de Casanare : Martha Cifuentes | Casanare\" src=\"https:\/\/marthacifuentes.com\/portada\/2024\/07\/23\/militares-victimarios-de-falsos-positivos-en-casanare-no-han-contado-toda-la-verdad\/embed\/#?secret=Nl5fkfgz5w#?secret=MYEk6YqHPA\" width=\"600\" height=\"620\" frameborder=\"0\" marginwidth=\"0\" marginheight=\"0\" scrolling=\"no\" sandbox=\"allow-scripts\" data-secret=\"MYEk6YqHPA\" data-mce-fragment=\"1\"><\/iframe><\/p>\n<p><iframe loading=\"lazy\" class=\"wp-embedded-content\" title=\"\u00abM\u00e1s de 800 mil estudiantes beneficiados con gratuidad en educaci\u00f3n superior\u00bb \u2014 \u25b7 Noticias de Casanare : Martha Cifuentes | Casanare\" src=\"https:\/\/marthacifuentes.com\/portada\/2024\/07\/19\/mas-de-800-mil-estudiantes-beneficiados-con-gratuidad-en-educacion-superior\/embed\/#?secret=Rqfq3CvOBa#?secret=k8BW8lvm3I\" width=\"600\" height=\"602\" frameborder=\"0\" marginwidth=\"0\" marginheight=\"0\" scrolling=\"no\" sandbox=\"allow-scripts\" data-secret=\"k8BW8lvm3I\" data-mce-fragment=\"1\"><\/iframe><\/p>\n<p><iframe loading=\"lazy\" class=\"wp-embedded-content\" title=\"\u00ab12.566 adultos mayores en Casanare reciben subsidio Colombia Mayor\u00bb \u2014 \u25b7 Noticias de Casanare : Martha Cifuentes | Casanare\" src=\"https:\/\/marthacifuentes.com\/portada\/2024\/07\/19\/12-566-adultos-mayores-en-casanare-reciben-subsidio-colombia-mayor\/embed\/#?secret=ODnXUV7JHr#?secret=CXtsxFCo54\" width=\"600\" height=\"623\" frameborder=\"0\" marginwidth=\"0\" marginheight=\"0\" scrolling=\"no\" sandbox=\"allow-scripts\" data-secret=\"CXtsxFCo54\" data-mce-fragment=\"1\"><\/iframe><\/p>\n<p><iframe loading=\"lazy\" class=\"wp-embedded-content\" title=\"\u00abPredios urbanos sin escrituras en Aguazul ser\u00e1n legalizados por la Alcald\u00eda\u00bb \u2014 \u25b7 Noticias de Casanare : Martha Cifuentes | Casanare\" src=\"https:\/\/marthacifuentes.com\/portada\/2024\/07\/19\/predios-urbanos-sin-escrituras-en-aguazul-seran-legalizados-por-la-alcaldia\/embed\/#?secret=czSi9Lh45W#?secret=IZCF4kqCdK\" width=\"600\" height=\"591\" frameborder=\"0\" marginwidth=\"0\" marginheight=\"0\" scrolling=\"no\" sandbox=\"allow-scripts\" data-secret=\"IZCF4kqCdK\" data-mce-fragment=\"1\"><\/iframe><\/p>\n<p><iframe loading=\"lazy\" class=\"wp-embedded-content\" title=\"\u00abColegio Ambiental de Yopal gan\u00f3 premio BIBO de El Espectador\u00bb \u2014 \u25b7 Noticias de Casanare : Martha Cifuentes | Casanare\" src=\"https:\/\/marthacifuentes.com\/portada\/2024\/07\/19\/colegio-ambiental-de-yopal-gano-premio-bibo-de-el-espectador\/embed\/#?secret=qNksxVMG69#?secret=lx3Uo1Blrg\" width=\"600\" height=\"623\" frameborder=\"0\" marginwidth=\"0\" marginheight=\"0\" scrolling=\"no\" sandbox=\"allow-scripts\" data-secret=\"lx3Uo1Blrg\" data-mce-fragment=\"1\"><\/iframe><\/p>\n<p><iframe loading=\"lazy\" class=\"wp-embedded-content\" title=\"\u00abCad\u00e1ver hallado en Finca La Arenosa se presume sea de ganadero secuestrado N\u00e9stor Julio Bar\u00f3n.\u00bb \u2014 \u25b7 Noticias de Casanare : Martha Cifuentes | Casanare\" src=\"https:\/\/marthacifuentes.com\/portada\/2024\/07\/18\/cadaver-hallado-en-finca-la-arenosa-se-presume-sea-de-ganadero-secuestrado-nestor-julio-baron\/embed\/#?secret=TpyHBzWNoA#?secret=yDx3tQMubv\" width=\"600\" height=\"602\" frameborder=\"0\" marginwidth=\"0\" marginheight=\"0\" scrolling=\"no\" sandbox=\"allow-scripts\" data-secret=\"yDx3tQMubv\" data-mce-fragment=\"1\"><\/iframe><\/p>\n<p><iframe loading=\"lazy\" class=\"wp-embedded-content\" title=\"\u00abComandante de Polic\u00eda Monterrey, v\u00edctima de acoso sexual. Se se\u00f1ala a exsecretario de gobierno local.\u00bb \u2014 \u25b7 Noticias de Casanare : Martha Cifuentes | Casanare\" src=\"https:\/\/marthacifuentes.com\/portada\/2024\/07\/18\/comandante-de-policia-monterrey-victima-de-acoso-sexual-se-senala-a-exsecretario-de-gobierno-local\/embed\/#?secret=1HgIm6pIHy#?secret=hNeRJ7qqz7\" width=\"600\" height=\"623\" frameborder=\"0\" marginwidth=\"0\" marginheight=\"0\" scrolling=\"no\" sandbox=\"allow-scripts\" data-secret=\"hNeRJ7qqz7\" data-mce-fragment=\"1\"><\/iframe><\/p>\n<p><iframe loading=\"lazy\" class=\"wp-embedded-content\" title=\"\u00abTras las rejas \u00abLucho\u00bb, acusado del homicidio de un venezolano en Man\u00ed.\u00bb \u2014 \u25b7 Noticias de Casanare : Martha Cifuentes | Casanare\" src=\"https:\/\/marthacifuentes.com\/portada\/2024\/07\/17\/tras-las-rejas-lucho-acusado-del-homicidio-de-un-venezolano-en-mani\/embed\/#?secret=7aeoFbH6GB#?secret=RMMp74aiPm\" width=\"600\" height=\"623\" frameborder=\"0\" marginwidth=\"0\" marginheight=\"0\" scrolling=\"no\" sandbox=\"allow-scripts\" data-secret=\"RMMp74aiPm\" data-mce-fragment=\"1\"><\/iframe><\/p>\n<p><iframe loading=\"lazy\" class=\"wp-embedded-content\" title=\"\u00abCayeron los hermanos \u201cJes\u00fas\u201d, presuntos asesinos y torturadores de Leoncio Sep\u00falveda, en Paz de Ariporo\u00bb \u2014 \u25b7 Noticias de Casanare : Martha Cifuentes | Casanare\" src=\"https:\/\/marthacifuentes.com\/portada\/2024\/07\/17\/cayeron-los-hermanos-jesus-presuntos-asesinos-y-torturadores-de-leoncio-sepulveda-en-paz-de-ariporo\/embed\/#?secret=cS9SPP79jw#?secret=6lsWHSDNJy\" width=\"600\" height=\"651\" frameborder=\"0\" marginwidth=\"0\" marginheight=\"0\" scrolling=\"no\" sandbox=\"allow-scripts\" data-secret=\"6lsWHSDNJy\" data-mce-fragment=\"1\"><\/iframe><\/p>\n<p><iframe loading=\"lazy\" class=\"wp-embedded-content\" title=\"\u00abCapturados cabecillas del \u2018Clan del Golfo\u2019, por triple homicidio en Casanare\u00bb \u2014 \u25b7 Noticias de Casanare : Martha Cifuentes | Casanare\" src=\"https:\/\/marthacifuentes.com\/portada\/2024\/07\/17\/capturados-cabecillas-del-clan-del-golfo-por-triple-homicidio-en-casanare\/embed\/#?secret=8wc3NV4wL0#?secret=sQ0qivGnXV\" width=\"600\" height=\"602\" frameborder=\"0\" marginwidth=\"0\" marginheight=\"0\" scrolling=\"no\" sandbox=\"allow-scripts\" data-secret=\"sQ0qivGnXV\" data-mce-fragment=\"1\"><\/iframe><\/p>\n<p><iframe loading=\"lazy\" class=\"wp-embedded-content\" title=\"\u00abFamilia Su\u00e1rez en S\u00e1cama, aliviada tras recibir los restos de Jos\u00e9 Manuel, desaparecido hace 21 a\u00f1os\u00bb \u2014 \u25b7 Noticias de Casanare : Martha Cifuentes | Casanare\" src=\"https:\/\/marthacifuentes.com\/portada\/2024\/07\/16\/familia-suarez-en-sacama-aliviada-tras-recibir-los-restos-de-jose-manuel-desaparecido-hace-21-anos\/embed\/#?secret=qTFaOOueP3#?secret=KzdZmcqsDv\" width=\"600\" height=\"602\" frameborder=\"0\" marginwidth=\"0\" marginheight=\"0\" scrolling=\"no\" sandbox=\"allow-scripts\" data-secret=\"KzdZmcqsDv\" data-mce-fragment=\"1\"><\/iframe><\/p>\n<p><iframe loading=\"lazy\" class=\"wp-embedded-content\" title=\"\u00abEmbarazada en riesgo fue trasladada en avi\u00f3n por Capresoca desde Orocu\u00e9 al HORO\u00bb \u2014 \u25b7 Noticias de Casanare : Martha Cifuentes | Casanare\" src=\"https:\/\/marthacifuentes.com\/portada\/2024\/07\/16\/embarazada-en-riesgo-fue-trasladada-en-avion-por-capresoca-desde-orocue-al-horo\/embed\/#?secret=DgCIqWnX68#?secret=sTQoEQIZ2L\" width=\"600\" height=\"623\" frameborder=\"0\" marginwidth=\"0\" marginheight=\"0\" scrolling=\"no\" sandbox=\"allow-scripts\" data-secret=\"sTQoEQIZ2L\" data-mce-fragment=\"1\"><\/iframe><\/p>\n<p><iframe loading=\"lazy\" class=\"wp-embedded-content\" title=\"\u00abProcuradur\u00eda confirma destituci\u00f3n de profesor por abuso sexual a menor en Casanare\u201d\u00bb \u2014 \u25b7 Noticias de Casanare : Martha Cifuentes | Casanare\" src=\"https:\/\/marthacifuentes.com\/portada\/2024\/07\/16\/procuraduria-confirma-destitucion-de-profesor-por-abuso-sexual-a-menor-en-casanare\/embed\/#?secret=xU5Sptn0Gl#?secret=JNTXdoWgoN\" width=\"600\" height=\"623\" frameborder=\"0\" marginwidth=\"0\" marginheight=\"0\" scrolling=\"no\" sandbox=\"allow-scripts\" data-secret=\"JNTXdoWgoN\" data-mce-fragment=\"1\"><\/iframe><\/p>\n<p><iframe loading=\"lazy\" class=\"wp-embedded-content\" title=\"\u00abC\u00f3mo va la revisi\u00f3n del estudio t\u00e9cnico para la nueva torre del HORO\u00a0\u00bb \u2014 \u25b7 Noticias de Casanare : Martha Cifuentes | Casanare\" src=\"https:\/\/marthacifuentes.com\/portada\/2024\/07\/12\/como-va-la-revision-del-estudio-tecnico-para-la-nueva-torre-del-horo\/embed\/#?secret=vQQI6EaGm3#?secret=kRZQcT2TTJ\" width=\"600\" height=\"622\" frameborder=\"0\" marginwidth=\"0\" marginheight=\"0\" scrolling=\"no\" sandbox=\"allow-scripts\" data-secret=\"kRZQcT2TTJ\" data-mce-fragment=\"1\"><\/iframe><\/p>\n<p><iframe loading=\"lazy\" class=\"wp-embedded-content\" title=\"\u00abProyecto de armonizaci\u00f3n presupuestal de Yopal a 2o. debate en el Concejo Municipal este domingo\u00bb \u2014 \u25b7 Noticias de Casanare : Martha Cifuentes | Casanare\" src=\"https:\/\/marthacifuentes.com\/portada\/2024\/07\/12\/proyecto-de-armonizacion-presupuestal-de-yopal-a-2o-debate-en-el-concejo-municipal-este-domingo\/embed\/#?secret=tnxTXP8yQg#?secret=Er8TfRbX0L\" width=\"600\" height=\"593\" frameborder=\"0\" marginwidth=\"0\" marginheight=\"0\" scrolling=\"no\" sandbox=\"allow-scripts\" data-secret=\"Er8TfRbX0L\" data-mce-fragment=\"1\"><\/iframe><\/p>\n<p><iframe loading=\"lazy\" class=\"wp-embedded-content\" title=\"\u00abAlcald\u00eda de Yopal promueve en colegios mejores resultados en pruebas Saber 11 de 2024\u00bb \u2014 \u25b7 Noticias de Casanare : Martha Cifuentes | Casanare\" src=\"https:\/\/marthacifuentes.com\/portada\/2024\/07\/12\/alcaldia-de-yopal-promueve-en-colegios-mejores-resultados-en-pruebas-saber-11-de-2024\/embed\/#?secret=SSuBR2rHXt#?secret=nEUzAp4Na8\" width=\"600\" height=\"623\" frameborder=\"0\" marginwidth=\"0\" marginheight=\"0\" scrolling=\"no\" sandbox=\"allow-scripts\" data-secret=\"nEUzAp4Na8\" data-mce-fragment=\"1\"><\/iframe><\/p>\n<ul>\n<li><iframe loading=\"lazy\" class=\"wp-embedded-content\" title=\"\u00abIFC convoca a m\u00e1s casanare\u00f1os a financiar sus programas educativos, con cr\u00e9dito de cero intereses durante la \u00e9poca de estudio\u00bb \u2014 \u25b7 Noticias de Casanare : Martha Cifuentes | Casanare\" src=\"https:\/\/marthacifuentes.com\/portada\/2024\/07\/12\/ifc-convoca-a-mas-casanarenos-a-financiar-sus-programas-educativos-con-credito-de-cero-intereses-durante-la-epoca-de-estudio\/embed\/#?secret=C47jIatc6u#?secret=AbMLag1K81\" width=\"600\" height=\"651\" frameborder=\"0\" marginwidth=\"0\" marginheight=\"0\" scrolling=\"no\" sandbox=\"allow-scripts\" data-secret=\"AbMLag1K81\" data-mce-fragment=\"1\"><\/iframe><iframe loading=\"lazy\" class=\"wp-embedded-content\" title=\"\u00ab\u00a1Atenci\u00f3n Casanare! Abogados sancionados por faltas a la \u00e9tica profesional\u00bb \u2014 \u25b7 Noticias de Casanare : Martha Cifuentes | Casanare\" src=\"https:\/\/marthacifuentes.com\/portada\/2024\/07\/12\/atencion-casanare-abogados-sancionados-por-faltas-a-la-etica-profesional\/embed\/#?secret=9NHNwMqN0h#?secret=roMp5bNrPV\" width=\"600\" height=\"598\" frameborder=\"0\" marginwidth=\"0\" marginheight=\"0\" scrolling=\"no\" sandbox=\"allow-scripts\" data-secret=\"roMp5bNrPV\" data-mce-fragment=\"1\"><\/iframe><iframe loading=\"lazy\" class=\"wp-embedded-content\" title=\"\u00abCAPS Comuna 6, demorado y con 182 millones de sobrecostos, seg\u00fan Contralor\u00eda Departamental\u00bb \u2014 \u25b7 Noticias de Casanare : Martha Cifuentes | Casanare\" src=\"https:\/\/marthacifuentes.com\/portada\/2024\/07\/11\/caps-comuna-6-demorado-y-con-182-millones-de-sobrecostos-segun-contraloria-departamental\/embed\/#?secret=5FECs1KlCA#?secret=OHEjoUWaLB\" width=\"600\" height=\"582\" frameborder=\"0\" marginwidth=\"0\" marginheight=\"0\" scrolling=\"no\" sandbox=\"allow-scripts\" data-secret=\"OHEjoUWaLB\" data-mce-fragment=\"1\"><\/iframe><iframe loading=\"lazy\" class=\"wp-embedded-content\" title=\"\u00abHoro aclara que s\u00ed fumiga los mosquitos pero factores externos generan su proliferaci\u00f3n\u00bb \u2014 \u25b7 Noticias de Casanare : Martha Cifuentes | Casanare\" src=\"https:\/\/marthacifuentes.com\/portada\/2024\/07\/09\/horo-aclara-que-si-fumiga-los-mosquitos-pero-factores-externos-generan-su-proliferacion\/embed\/#?secret=O1ECdDzoIc#?secret=IWYfWqrNhU\" width=\"600\" height=\"616\" frameborder=\"0\" marginwidth=\"0\" marginheight=\"0\" scrolling=\"no\" sandbox=\"allow-scripts\" data-secret=\"IWYfWqrNhU\" data-mce-fragment=\"1\"><\/iframe><iframe loading=\"lazy\" class=\"wp-embedded-content\" title=\"\u00abUsuarios Yopal, el desincentivo al consumo excesivo de agua sigue vigente\u00bb \u2014 \u25b7 Noticias de Casanare : Martha Cifuentes | Casanare\" src=\"https:\/\/marthacifuentes.com\/portada\/2024\/07\/09\/usuarios-yopal-el-desincentivo-al-consumo-excesivo-de-agua-sigue-vigente\/embed\/#?secret=tOsa8q793N#?secret=Yw4mBcxGDm\" width=\"600\" height=\"588\" frameborder=\"0\" marginwidth=\"0\" marginheight=\"0\" scrolling=\"no\" sandbox=\"allow-scripts\" data-secret=\"Yw4mBcxGDm\" data-mce-fragment=\"1\"><\/iframe><iframe loading=\"lazy\" class=\"wp-embedded-content\" title=\"\u00abHasta el 10 de julio hay plazo para presentar cotizaci\u00f3n de carros recolectores de basura para la Eaaay\u00bb \u2014 \u25b7 Noticias de Casanare : Martha Cifuentes | Casanare\" src=\"https:\/\/marthacifuentes.com\/portada\/2024\/07\/08\/hasta-el-10-de-julio-hay-plazo-para-presentar-cotizacion-de-carros-recolectores-de-basura-para-la-eaaay\/embed\/#?secret=62AeGfMuAH#?secret=1WNVatGFVP\" width=\"600\" height=\"623\" frameborder=\"0\" marginwidth=\"0\" marginheight=\"0\" scrolling=\"no\" sandbox=\"allow-scripts\" data-secret=\"1WNVatGFVP\" data-mce-fragment=\"1\"><\/iframe><iframe loading=\"lazy\" class=\"wp-embedded-content\" title=\"\u00ab\u00a1Capresoca gestion\u00f3 18 remisiones en la \u00faltima semana.\u00bb \u2014 \u25b7 Noticias de Casanare : Martha Cifuentes | Casanare\" src=\"https:\/\/marthacifuentes.com\/portada\/2024\/07\/08\/capresoca-gestiono-18-remisiones-en-la-ultima-semana\/embed\/#?secret=Ot83EyBcBq#?secret=uDM3yKI8S8\" width=\"600\" height=\"623\" frameborder=\"0\" marginwidth=\"0\" marginheight=\"0\" scrolling=\"no\" sandbox=\"allow-scripts\" data-secret=\"uDM3yKI8S8\" data-mce-fragment=\"1\"><\/iframe><iframe loading=\"lazy\" class=\"wp-embedded-content\" title=\"\u00abDengue contin\u00faa campeando en Casanare. Cuidado con el mosquito.\u00a0\u00bb \u2014 \u25b7 Noticias de Casanare : Martha Cifuentes | Casanare\" src=\"https:\/\/marthacifuentes.com\/portada\/2024\/07\/08\/dengue-continua-campeando-en-casanare-cuidado-con-el-mosquito\/embed\/#?secret=9h25gbgx1M#?secret=TNc6x7RqKg\" width=\"600\" height=\"622\" frameborder=\"0\" marginwidth=\"0\" marginheight=\"0\" scrolling=\"no\" sandbox=\"allow-scripts\" data-secret=\"TNc6x7RqKg\" data-mce-fragment=\"1\"><\/iframe><iframe loading=\"lazy\" class=\"wp-embedded-content\" title=\"\u00abMuri\u00f3 Orlando Piragauta, defensor de medio ambiente y exdirector de Corporinoquia\u00bb \u2014 \u25b7 Noticias de Casanare : Martha Cifuentes | Casanare\" src=\"https:\/\/marthacifuentes.com\/portada\/2024\/07\/04\/murio-orlando-piragauta-defensor-de-medio-ambiente-y-exdirector-de-corporinoquia\/embed\/#?secret=Pa73PruM8a#?secret=7IumK7Fbfg\" width=\"600\" height=\"623\" frameborder=\"0\" marginwidth=\"0\" marginheight=\"0\" scrolling=\"no\" sandbox=\"allow-scripts\" data-secret=\"7IumK7Fbfg\" data-mce-fragment=\"1\"><\/iframe><iframe loading=\"lazy\" class=\"wp-embedded-content\" title=\"\u00abMin Transporte e Inv\u00edas siguen \u201canalizando\u201d soluciones a crisis vial de Casanare\u00bb \u2014 \u25b7 Noticias de Casanare : Martha Cifuentes | Casanare\" src=\"https:\/\/marthacifuentes.com\/portada\/2024\/07\/04\/min-transporte-e-invias-siguen-analizando-soluciones-a-crisis-vial-de-casanare\/embed\/#?secret=IjGomUO8RO#?secret=APa9nOIG6g\" width=\"600\" height=\"622\" frameborder=\"0\" marginwidth=\"0\" marginheight=\"0\" scrolling=\"no\" sandbox=\"allow-scripts\" data-secret=\"APa9nOIG6g\" data-mce-fragment=\"1\"><\/iframe><iframe loading=\"lazy\" class=\"wp-embedded-content\" title=\"\u00abLey de hace casi 100 a\u00f1os que ordena construcci\u00f3n de un ferrocarril ser\u00eda alternativa para crisis vial de Casanare.\u00bb \u2014 \u25b7 Noticias de Casanare : Martha Cifuentes | Casanare\" src=\"https:\/\/marthacifuentes.com\/portada\/2024\/07\/04\/ley-de-hace-casi-100-anos-que-ordena-construccion-de-un-ferrocarril-seria-alternativa-para-crisis-vial-de-casanare\/embed\/#?secret=UK5znjV2ci#?secret=tSOzBFkJYz\" width=\"600\" height=\"651\" frameborder=\"0\" marginwidth=\"0\" marginheight=\"0\" scrolling=\"no\" sandbox=\"allow-scripts\" data-secret=\"tSOzBFkJYz\" data-mce-fragment=\"1\"><\/iframe><iframe loading=\"lazy\" class=\"wp-embedded-content\" title=\"\u00abJEP niega sometimiento de alias Caballo, exparamilitar de las ACC y hermano de alias \u2018Mart\u00edn Llanos\u2019\u00bb \u2014 \u25b7 Noticias de Casanare : Martha Cifuentes | Casanare\" src=\"https:\/\/marthacifuentes.com\/portada\/2024\/07\/04\/jep-niega-sometimiento-de-alias-caballo-exparamilitar-de-las-acc-y-hermano-de-alias-martin-llanos\/embed\/#?secret=cwJrU5GgLz#?secret=PcMmpL512S\" width=\"600\" height=\"623\" frameborder=\"0\" marginwidth=\"0\" marginheight=\"0\" scrolling=\"no\" sandbox=\"allow-scripts\" data-secret=\"PcMmpL512S\" data-mce-fragment=\"1\"><\/iframe><iframe loading=\"lazy\" class=\"wp-embedded-content\" title=\"\u00abEl Sur de Casanare en alto riesgo por Clan del Golfo, Eln y Farc: Alerta Temprana Defensor\u00eda del Pueblo:\u00bb \u2014 \u25b7 Noticias de Casanare : Martha Cifuentes | Casanare\" src=\"https:\/\/marthacifuentes.com\/portada\/2024\/07\/03\/el-sur-de-casanare-en-alto-riesgo-por-clan-del-golfo-eln-y-farc-alerta-temprana-defensoria-del-pueblo\/embed\/#?secret=dmgb99fwl2#?secret=krlioIf17D\" width=\"600\" height=\"623\" frameborder=\"0\" marginwidth=\"0\" marginheight=\"0\" scrolling=\"no\" sandbox=\"allow-scripts\" data-secret=\"krlioIf17D\" data-mce-fragment=\"1\"><\/iframe><iframe loading=\"lazy\" class=\"wp-embedded-content\" title=\"\u00abProtesta comunitaria contra Canacol Energy en Quebradaseca\u00bb \u2014 \u25b7 Noticias de Casanare : Martha Cifuentes | Casanare\" src=\"https:\/\/marthacifuentes.com\/portada\/2024\/07\/03\/protesta-comunitaria-contra-canacol-energy-en-quebradaseca\/embed\/#?secret=LAkiVrckq4#?secret=KIa94ytuuO\" width=\"600\" height=\"623\" frameborder=\"0\" marginwidth=\"0\" marginheight=\"0\" scrolling=\"no\" sandbox=\"allow-scripts\" data-secret=\"KIa94ytuuO\" data-mce-fragment=\"1\"><\/iframe><iframe loading=\"lazy\" class=\"wp-embedded-content\" title=\"\u00ab11 veredas de Yopal tendr\u00e1n internet satelital gracias a MinTIC\u00bb \u2014 \u25b7 Noticias de Casanare : Martha Cifuentes | Casanare\" src=\"https:\/\/marthacifuentes.com\/portada\/2024\/07\/03\/11-veredas-de-yopal-tendran-internet-satelital-gracias-a-mintic\/embed\/#?secret=ztHwSd0AhU#?secret=x07lxCya2O\" width=\"600\" height=\"644\" frameborder=\"0\" marginwidth=\"0\" marginheight=\"0\" scrolling=\"no\" sandbox=\"allow-scripts\" data-secret=\"x07lxCya2O\" data-mce-fragment=\"1\"><\/iframe><iframe loading=\"lazy\" class=\"wp-embedded-content\" title=\"\u00abRequisitos para pertenecer al programa Renta Ciudadana del gobierno nacional en Yopal\u00bb \u2014 \u25b7 Noticias de Casanare : Martha Cifuentes | Casanare\" src=\"https:\/\/marthacifuentes.com\/portada\/2024\/07\/03\/requisitos-para-pertenecer-al-programa-renta-ciudadana-del-gobierno-nacional-en-yopal\/embed\/#?secret=SZCFuYHolP#?secret=iGc5YrDT1m\" width=\"600\" height=\"623\" frameborder=\"0\" marginwidth=\"0\" marginheight=\"0\" scrolling=\"no\" sandbox=\"allow-scripts\" data-secret=\"iGc5YrDT1m\" data-mce-fragment=\"1\"><\/iframe><iframe loading=\"lazy\" class=\"wp-embedded-content\" title=\"\u00abEcopetrol y Alcald\u00eda de Aguazul entregan obras viales. Se invirtieron $12 mil millone\u00bb \u2014 \u25b7 Noticias de Casanare : Martha Cifuentes | Casanare\" src=\"https:\/\/marthacifuentes.com\/portada\/2024\/07\/03\/ecopetrol-y-alcaldia-de-aguazul-entregan-obras-viales-se-invirtieron-12-mil-millone\/embed\/#?secret=yz0QlDdE7E#?secret=Y6no9YWHsw\" width=\"600\" height=\"623\" frameborder=\"0\" marginwidth=\"0\" marginheight=\"0\" scrolling=\"no\" sandbox=\"allow-scripts\" data-secret=\"Y6no9YWHsw\" data-mce-fragment=\"1\"><\/iframe><\/li>\n<\/ul>\n","protected":false},"excerpt":{"rendered":"<p>El presidente del Concejo de Man\u00ed, Pablo Rodr\u00edguez Segovia, fue cobijado con el pliego de cargos proferido por la Procuradur\u00eda General por presuntas irregularidades en la construcci\u00f3n del Terminal de Transportes de Puerto Gait\u00e1n, Meta, cuando se desempe\u00f1\u00f3 como secretario de Infraestructura en el periodo 2020-2023. El Ministerio P\u00fablico se\u00f1ala tambi\u00e9n a los exalcaldes de &hellip;<\/p>\n","protected":false},"author":2,"featured_media":33812,"comment_status":"open","ping_status":"open","sticky":false,"template":"","format":"standard","meta":{"om_disable_all_campaigns":false,"_exactmetrics_skip_tracking":false,"_exactmetrics_sitenote_active":false,"_exactmetrics_sitenote_note":"","_exactmetrics_sitenote_category":0,"_monsterinsights_skip_tracking":false,"_monsterinsights_sitenote_active":false,"_monsterinsights_sitenote_note":"","_monsterinsights_sitenote_category":0,"_uf_show_specific_survey":0,"_uf_disable_surveys":false,"_joinchat":[],"footnotes":""},"categories":[147,146,145],"tags":[10726,10737,10739,10734,10732,10733,10738,10731,10727,10730,922,10735,10729,10728,169,3048,10723,10722,1030,10736,10725,3722,10724],"class_list":["post-33808","post","type-post","status-publish","format-standard","has-post-thumbnail","hentry","category-actualidad","category-noticias","category-reportajes","tag-2020-2023","tag-5-298-millones-de-pesos","tag-adicion-presupuestal","tag-andres-mora-barney","tag-aval-del-ministerio-de-transporte","tag-consorcio-terminal-2018","tag-deficiencias-tecnicas","tag-estudios-necesarios","tag-exalcaldes","tag-falta-gravisima","tag-irregularidades","tag-jesus-david-reyes-hernandez","tag-jorge-edelio-plazas-hernandez","tag-jose-alexander-fierro-guayara","tag-meta","tag-ministerio-publico","tag-pablo-rodriguez-segovia","tag-presidente-del-concejo-de-mani","tag-procuraduria-general","tag-retraso-en-obras","tag-secretario-de-infraestructura","tag-sistema-general-de-regalias","tag-terminal-de-transportes-de-puerto-gaitan"],"yoast_head":"<!-- This site is optimized with the Yoast SEO plugin v26.1 - https:\/\/yoast.com\/wordpress\/plugins\/seo\/ -->\n<title>Presidente del Concejo de Man\u00ed salpicado en pliego de cargos por irregularidades en el terminal de transporte de Puerto Gait\u00e1n, Meta. - \u25b7 Noticias de Casanare : Martha Cifuentes | Casanare<\/title>\n<meta name=\"robots\" content=\"index, follow, max-snippet:-1, max-image-preview:large, max-video-preview:-1\" \/>\n<link rel=\"canonical\" href=\"https:\/\/marthacifuentes.com\/portada\/presidente-del-concejo-de-mani-salpicado-en-pliego-de-cargos-por-irregularidades-en-el-terminal-de-transporte-de-puerto-gaitan-meta\/\" \/>\n<meta property=\"og:locale\" content=\"es_ES\" \/>\n<meta property=\"og:type\" content=\"article\" \/>\n<meta property=\"og:title\" content=\"Presidente del Concejo de Man\u00ed salpicado en pliego de cargos por irregularidades en el terminal de transporte de Puerto Gait\u00e1n, Meta. - \u25b7 Noticias de Casanare : Martha Cifuentes | Casanare\" \/>\n<meta property=\"og:description\" content=\"El presidente del Concejo de Man\u00ed, Pablo Rodr\u00edguez Segovia, fue cobijado con el pliego de cargos proferido por la Procuradur\u00eda General por presuntas irregularidades en la construcci\u00f3n del Terminal de Transportes de Puerto Gait\u00e1n, Meta, cuando se desempe\u00f1\u00f3 como secretario de Infraestructura en el periodo 2020-2023. El Ministerio P\u00fablico se\u00f1ala tambi\u00e9n a los exalcaldes de &hellip;\" \/>\n<meta property=\"og:url\" content=\"https:\/\/marthacifuentes.com\/portada\/presidente-del-concejo-de-mani-salpicado-en-pliego-de-cargos-por-irregularidades-en-el-terminal-de-transporte-de-puerto-gaitan-meta\/\" \/>\n<meta property=\"og:site_name\" content=\"\u25b7 Noticias de Casanare : Martha Cifuentes | Casanare\" \/>\n<meta property=\"article:published_time\" content=\"2024-07-25T15:12:13+00:00\" \/>\n<meta property=\"og:image\" content=\"https:\/\/marthacifuentes.com\/portada\/wp-content\/uploads\/2024\/07\/PABLO-RODRIGUEZ.jpg\" \/>\n\t<meta property=\"og:image:width\" content=\"1536\" \/>\n\t<meta property=\"og:image:height\" content=\"963\" \/>\n\t<meta property=\"og:image:type\" content=\"image\/jpeg\" \/>\n<meta name=\"author\" content=\"Martha Cifuentes\" \/>\n<meta name=\"twitter:card\" content=\"summary_large_image\" \/>\n<meta name=\"twitter:label1\" content=\"Escrito por\" \/>\n\t<meta name=\"twitter:data1\" content=\"Martha Cifuentes\" \/>\n\t<meta name=\"twitter:label2\" content=\"Tiempo de lectura\" \/>\n\t<meta name=\"twitter:data2\" content=\"2 minutos\" \/>\n<script type=\"application\/ld+json\" class=\"yoast-schema-graph\">{\"@context\":\"https:\/\/schema.org\",\"@graph\":[{\"@type\":\"WebPage\",\"@id\":\"https:\/\/marthacifuentes.com\/portada\/presidente-del-concejo-de-mani-salpicado-en-pliego-de-cargos-por-irregularidades-en-el-terminal-de-transporte-de-puerto-gaitan-meta\/\",\"url\":\"https:\/\/marthacifuentes.com\/portada\/presidente-del-concejo-de-mani-salpicado-en-pliego-de-cargos-por-irregularidades-en-el-terminal-de-transporte-de-puerto-gaitan-meta\/\",\"name\":\"Presidente del Concejo de Man\u00ed salpicado en pliego de cargos por irregularidades en el terminal de transporte de Puerto Gait\u00e1n, Meta. - \u25b7 Noticias de Casanare : Martha Cifuentes | Casanare\",\"isPartOf\":{\"@id\":\"https:\/\/marthacifuentes.com\/portada\/#website\"},\"primaryImageOfPage\":{\"@id\":\"https:\/\/marthacifuentes.com\/portada\/presidente-del-concejo-de-mani-salpicado-en-pliego-de-cargos-por-irregularidades-en-el-terminal-de-transporte-de-puerto-gaitan-meta\/#primaryimage\"},\"image\":{\"@id\":\"https:\/\/marthacifuentes.com\/portada\/presidente-del-concejo-de-mani-salpicado-en-pliego-de-cargos-por-irregularidades-en-el-terminal-de-transporte-de-puerto-gaitan-meta\/#primaryimage\"},\"thumbnailUrl\":\"https:\/\/marthacifuentes.com\/portada\/wp-content\/uploads\/2024\/07\/PABLO-RODRIGUEZ.jpg\",\"datePublished\":\"2024-07-25T15:12:13+00:00\",\"author\":{\"@id\":\"https:\/\/marthacifuentes.com\/portada\/#\/schema\/person\/57f53174b991db5f90ff78d58502b714\"},\"breadcrumb\":{\"@id\":\"https:\/\/marthacifuentes.com\/portada\/presidente-del-concejo-de-mani-salpicado-en-pliego-de-cargos-por-irregularidades-en-el-terminal-de-transporte-de-puerto-gaitan-meta\/#breadcrumb\"},\"inLanguage\":\"es\",\"potentialAction\":[{\"@type\":\"ReadAction\",\"target\":[\"https:\/\/marthacifuentes.com\/portada\/presidente-del-concejo-de-mani-salpicado-en-pliego-de-cargos-por-irregularidades-en-el-terminal-de-transporte-de-puerto-gaitan-meta\/\"]}]},{\"@type\":\"ImageObject\",\"inLanguage\":\"es\",\"@id\":\"https:\/\/marthacifuentes.com\/portada\/presidente-del-concejo-de-mani-salpicado-en-pliego-de-cargos-por-irregularidades-en-el-terminal-de-transporte-de-puerto-gaitan-meta\/#primaryimage\",\"url\":\"https:\/\/marthacifuentes.com\/portada\/wp-content\/uploads\/2024\/07\/PABLO-RODRIGUEZ.jpg\",\"contentUrl\":\"https:\/\/marthacifuentes.com\/portada\/wp-content\/uploads\/2024\/07\/PABLO-RODRIGUEZ.jpg\",\"width\":1536,\"height\":963},{\"@type\":\"BreadcrumbList\",\"@id\":\"https:\/\/marthacifuentes.com\/portada\/presidente-del-concejo-de-mani-salpicado-en-pliego-de-cargos-por-irregularidades-en-el-terminal-de-transporte-de-puerto-gaitan-meta\/#breadcrumb\",\"itemListElement\":[{\"@type\":\"ListItem\",\"position\":1,\"name\":\"Portada\",\"item\":\"https:\/\/marthacifuentes.com\/portada\/\"},{\"@type\":\"ListItem\",\"position\":2,\"name\":\"Presidente del Concejo de Man\u00ed salpicado en pliego de cargos por irregularidades en el terminal de transporte de Puerto Gait\u00e1n, Meta.\"}]},{\"@type\":\"WebSite\",\"@id\":\"https:\/\/marthacifuentes.com\/portada\/#website\",\"url\":\"https:\/\/marthacifuentes.com\/portada\/\",\"name\":\"\u25b7 Noticias de Casanare : Martha Cifuentes | Casanare\",\"description\":\"Noticias &amp; Contenidos\",\"potentialAction\":[{\"@type\":\"SearchAction\",\"target\":{\"@type\":\"EntryPoint\",\"urlTemplate\":\"https:\/\/marthacifuentes.com\/portada\/?s={search_term_string}\"},\"query-input\":{\"@type\":\"PropertyValueSpecification\",\"valueRequired\":true,\"valueName\":\"search_term_string\"}}],\"inLanguage\":\"es\"},{\"@type\":\"Person\",\"@id\":\"https:\/\/marthacifuentes.com\/portada\/#\/schema\/person\/57f53174b991db5f90ff78d58502b714\",\"name\":\"Martha Cifuentes\",\"image\":{\"@type\":\"ImageObject\",\"inLanguage\":\"es\",\"@id\":\"https:\/\/marthacifuentes.com\/portada\/#\/schema\/person\/image\/\",\"url\":\"http:\/\/marthacifuentes.com\/portada\/wp-content\/uploads\/2018\/06\/avatar_user_2_1528838701-96x96.jpg\",\"contentUrl\":\"http:\/\/marthacifuentes.com\/portada\/wp-content\/uploads\/2018\/06\/avatar_user_2_1528838701-96x96.jpg\",\"caption\":\"Martha Cifuentes\"},\"sameAs\":[\"http:\/\/www.marthacifuentes.com\"],\"url\":\"https:\/\/marthacifuentes.com\/portada\/author\/martha\/\"}]}<\/script>\n<!-- \/ Yoast SEO plugin. -->","yoast_head_json":{"title":"Presidente del Concejo de Man\u00ed salpicado en pliego de cargos por irregularidades en el terminal de transporte de Puerto Gait\u00e1n, Meta. - \u25b7 Noticias de Casanare : Martha Cifuentes | Casanare","robots":{"index":"index","follow":"follow","max-snippet":"max-snippet:-1","max-image-preview":"max-image-preview:large","max-video-preview":"max-video-preview:-1"},"canonical":"https:\/\/marthacifuentes.com\/portada\/presidente-del-concejo-de-mani-salpicado-en-pliego-de-cargos-por-irregularidades-en-el-terminal-de-transporte-de-puerto-gaitan-meta\/","og_locale":"es_ES","og_type":"article","og_title":"Presidente del Concejo de Man\u00ed salpicado en pliego de cargos por irregularidades en el terminal de transporte de Puerto Gait\u00e1n, Meta. - \u25b7 Noticias de Casanare : Martha Cifuentes | Casanare","og_description":"El presidente del Concejo de Man\u00ed, Pablo Rodr\u00edguez Segovia, fue cobijado con el pliego de cargos proferido por la Procuradur\u00eda General por presuntas irregularidades en la construcci\u00f3n del Terminal de Transportes de Puerto Gait\u00e1n, Meta, cuando se desempe\u00f1\u00f3 como secretario de Infraestructura en el periodo 2020-2023. El Ministerio P\u00fablico se\u00f1ala tambi\u00e9n a los exalcaldes de &hellip;","og_url":"https:\/\/marthacifuentes.com\/portada\/presidente-del-concejo-de-mani-salpicado-en-pliego-de-cargos-por-irregularidades-en-el-terminal-de-transporte-de-puerto-gaitan-meta\/","og_site_name":"\u25b7 Noticias de Casanare : Martha Cifuentes | Casanare","article_published_time":"2024-07-25T15:12:13+00:00","og_image":[{"width":1536,"height":963,"url":"https:\/\/marthacifuentes.com\/portada\/wp-content\/uploads\/2024\/07\/PABLO-RODRIGUEZ.jpg","type":"image\/jpeg"}],"author":"Martha Cifuentes","twitter_card":"summary_large_image","twitter_misc":{"Escrito por":"Martha Cifuentes","Tiempo de lectura":"2 minutos"},"schema":{"@context":"https:\/\/schema.org","@graph":[{"@type":"WebPage","@id":"https:\/\/marthacifuentes.com\/portada\/presidente-del-concejo-de-mani-salpicado-en-pliego-de-cargos-por-irregularidades-en-el-terminal-de-transporte-de-puerto-gaitan-meta\/","url":"https:\/\/marthacifuentes.com\/portada\/presidente-del-concejo-de-mani-salpicado-en-pliego-de-cargos-por-irregularidades-en-el-terminal-de-transporte-de-puerto-gaitan-meta\/","name":"Presidente del Concejo de Man\u00ed salpicado en pliego de cargos por irregularidades en el terminal de transporte de Puerto Gait\u00e1n, Meta. - \u25b7 Noticias de Casanare : Martha Cifuentes | Casanare","isPartOf":{"@id":"https:\/\/marthacifuentes.com\/portada\/#website"},"primaryImageOfPage":{"@id":"https:\/\/marthacifuentes.com\/portada\/presidente-del-concejo-de-mani-salpicado-en-pliego-de-cargos-por-irregularidades-en-el-terminal-de-transporte-de-puerto-gaitan-meta\/#primaryimage"},"image":{"@id":"https:\/\/marthacifuentes.com\/portada\/presidente-del-concejo-de-mani-salpicado-en-pliego-de-cargos-por-irregularidades-en-el-terminal-de-transporte-de-puerto-gaitan-meta\/#primaryimage"},"thumbnailUrl":"https:\/\/marthacifuentes.com\/portada\/wp-content\/uploads\/2024\/07\/PABLO-RODRIGUEZ.jpg","datePublished":"2024-07-25T15:12:13+00:00","author":{"@id":"https:\/\/marthacifuentes.com\/portada\/#\/schema\/person\/57f53174b991db5f90ff78d58502b714"},"breadcrumb":{"@id":"https:\/\/marthacifuentes.com\/portada\/presidente-del-concejo-de-mani-salpicado-en-pliego-de-cargos-por-irregularidades-en-el-terminal-de-transporte-de-puerto-gaitan-meta\/#breadcrumb"},"inLanguage":"es","potentialAction":[{"@type":"ReadAction","target":["https:\/\/marthacifuentes.com\/portada\/presidente-del-concejo-de-mani-salpicado-en-pliego-de-cargos-por-irregularidades-en-el-terminal-de-transporte-de-puerto-gaitan-meta\/"]}]},{"@type":"ImageObject","inLanguage":"es","@id":"https:\/\/marthacifuentes.com\/portada\/presidente-del-concejo-de-mani-salpicado-en-pliego-de-cargos-por-irregularidades-en-el-terminal-de-transporte-de-puerto-gaitan-meta\/#primaryimage","url":"https:\/\/marthacifuentes.com\/portada\/wp-content\/uploads\/2024\/07\/PABLO-RODRIGUEZ.jpg","contentUrl":"https:\/\/marthacifuentes.com\/portada\/wp-content\/uploads\/2024\/07\/PABLO-RODRIGUEZ.jpg","width":1536,"height":963},{"@type":"BreadcrumbList","@id":"https:\/\/marthacifuentes.com\/portada\/presidente-del-concejo-de-mani-salpicado-en-pliego-de-cargos-por-irregularidades-en-el-terminal-de-transporte-de-puerto-gaitan-meta\/#breadcrumb","itemListElement":[{"@type":"ListItem","position":1,"name":"Portada","item":"https:\/\/marthacifuentes.com\/portada\/"},{"@type":"ListItem","position":2,"name":"Presidente del Concejo de Man\u00ed salpicado en pliego de cargos por irregularidades en el terminal de transporte de Puerto Gait\u00e1n, Meta."}]},{"@type":"WebSite","@id":"https:\/\/marthacifuentes.com\/portada\/#website","url":"https:\/\/marthacifuentes.com\/portada\/","name":"\u25b7 Noticias de Casanare : Martha Cifuentes | Casanare","description":"Noticias &amp; Contenidos","potentialAction":[{"@type":"SearchAction","target":{"@type":"EntryPoint","urlTemplate":"https:\/\/marthacifuentes.com\/portada\/?s={search_term_string}"},"query-input":{"@type":"PropertyValueSpecification","valueRequired":true,"valueName":"search_term_string"}}],"inLanguage":"es"},{"@type":"Person","@id":"https:\/\/marthacifuentes.com\/portada\/#\/schema\/person\/57f53174b991db5f90ff78d58502b714","name":"Martha Cifuentes","image":{"@type":"ImageObject","inLanguage":"es","@id":"https:\/\/marthacifuentes.com\/portada\/#\/schema\/person\/image\/","url":"http:\/\/marthacifuentes.com\/portada\/wp-content\/uploads\/2018\/06\/avatar_user_2_1528838701-96x96.jpg","contentUrl":"http:\/\/marthacifuentes.com\/portada\/wp-content\/uploads\/2018\/06\/avatar_user_2_1528838701-96x96.jpg","caption":"Martha Cifuentes"},"sameAs":["http:\/\/www.marthacifuentes.com"],"url":"https:\/\/marthacifuentes.com\/portada\/author\/martha\/"}]}},"_links":{"self":[{"href":"https:\/\/marthacifuentes.com\/portada\/wp-json\/wp\/v2\/posts\/33808","targetHints":{"allow":["GET"]}}],"collection":[{"href":"https:\/\/marthacifuentes.com\/portada\/wp-json\/wp\/v2\/posts"}],"about":[{"href":"https:\/\/marthacifuentes.com\/portada\/wp-json\/wp\/v2\/types\/post"}],"author":[{"embeddable":true,"href":"https:\/\/marthacifuentes.com\/portada\/wp-json\/wp\/v2\/users\/2"}],"replies":[{"embeddable":true,"href":"https:\/\/marthacifuentes.com\/portada\/wp-json\/wp\/v2\/comments?post=33808"}],"version-history":[{"count":1,"href":"https:\/\/marthacifuentes.com\/portada\/wp-json\/wp\/v2\/posts\/33808\/revisions"}],"predecessor-version":[{"id":33813,"href":"https:\/\/marthacifuentes.com\/portada\/wp-json\/wp\/v2\/posts\/33808\/revisions\/33813"}],"wp:featuredmedia":[{"embeddable":true,"href":"https:\/\/marthacifuentes.com\/portada\/wp-json\/wp\/v2\/media\/33812"}],"wp:attachment":[{"href":"https:\/\/marthacifuentes.com\/portada\/wp-json\/wp\/v2\/media?parent=33808"}],"wp:term":[{"taxonomy":"category","embeddable":true,"href":"https:\/\/marthacifuentes.com\/portada\/wp-json\/wp\/v2\/categories?post=33808"},{"taxonomy":"post_tag","embeddable":true,"href":"https:\/\/marthacifuentes.com\/portada\/wp-json\/wp\/v2\/tags?post=33808"}],"curies":[{"name":"wp","href":"https:\/\/api.w.org\/{rel}","templated":true}]}}