{"id":33822,"date":"2024-08-08T16:00:08","date_gmt":"2024-08-08T21:00:08","guid":{"rendered":"https:\/\/marthacifuentes.com\/portada\/?p=33822"},"modified":"2024-08-08T16:00:08","modified_gmt":"2024-08-08T21:00:08","slug":"alerta-en-monterrey-casanare-con-carteles-y-panfletos-se-anuncia-presencia-de-disidencias-de-las-farc","status":"publish","type":"post","link":"https:\/\/marthacifuentes.com\/portada\/alerta-en-monterrey-casanare-con-carteles-y-panfletos-se-anuncia-presencia-de-disidencias-de-las-farc\/","title":{"rendered":"Alerta en Monterrey, Casanare. Con carteles y panfletos se anuncia presencia de disidencias de las Farc."},"content":{"rendered":"<p>Recalca que el frente 38 retomar\u00e1 el territorio correspondiente a los municipios de Sabanalarga, Villanueva, Monterrey, Tauramena, Man\u00ed, Aguazul, Orocu\u00e9, Yopal y San Luis de Palenque, en Casanare; y Macanal, Chivor, Santamar\u00eda, Campo Hermoso, P\u00e1ez, San Luis de Gaceno, Miraflores, Garagoa en Boyac\u00e1.<\/p>\n<p>En el panfleto se expresa que este grupo armado no hace parte de la autodenominada Segunda Marquetalia ni del Estado Mayor Central.<\/p>\n<p>Parad\u00f3jicamente se indica que no se debe pagar extorsiones pero ordena a los comerciantes acudir a las citaciones que realice este frente.<\/p>\n<p>Tambi\u00e9n exigen a expendedores y consumidores de alucin\u00f3genos, ladrones, violadores a cesar sus acciones y conductas, so pena de hacer limpieza social.<\/p>\n<p><img loading=\"lazy\" decoding=\"async\" class=\"wp-image-33826 aligncenter\" src=\"https:\/\/marthacifuentes.com\/portada\/wp-content\/uploads\/2024\/08\/farc-carteles-4-738x1024.jpg\" alt=\"\" width=\"495\" height=\"687\" srcset=\"https:\/\/marthacifuentes.com\/portada\/wp-content\/uploads\/2024\/08\/farc-carteles-4-738x1024.jpg 738w, https:\/\/marthacifuentes.com\/portada\/wp-content\/uploads\/2024\/08\/farc-carteles-4-216x300.jpg 216w, https:\/\/marthacifuentes.com\/portada\/wp-content\/uploads\/2024\/08\/farc-carteles-4-768x1065.jpg 768w, https:\/\/marthacifuentes.com\/portada\/wp-content\/uploads\/2024\/08\/farc-carteles-4.jpg 1024w\" sizes=\"auto, (max-width: 495px) 100vw, 495px\" \/><\/p>\n<p><strong>Alcald\u00eda de Monterrey y Polic\u00eda se pronuncian<\/strong><\/p>\n<p>La Alcald\u00eda de Monterrey expres\u00f3 que ya se activaron las alertas correspondientes para que las autoridades investiguen qu\u00e9 es lo que hay detr\u00e1s de las pancartas, pendones y panfletos de este supuesto frente independiente de las disidencias de las Farc.<\/p>\n<p>Se hizo un llamado a la comunidad a denunciar cualquier hecho delictivo, llamadas o mensajes donde los amenacen o extorsionen y comunicarse con las l\u00edneas del Gaula Polic\u00eda 165 y Gaula Militar 147.<\/p>\n<p>Mientras tanto el coronel Jaime Rey, comandante (e) del Departamento de Polic\u00eda Casanare expres\u00f3 que los servicios de inteligencia analizan la legitimidad del origen de los panfletos.<\/p>\n<p>Se record\u00f3 que en 2005 hubo presencia de este frente en varios municipios de Casanare y Boyac\u00e1.<\/p>\n<p><img loading=\"lazy\" decoding=\"async\" class=\"wp-image-33825 aligncenter\" src=\"https:\/\/marthacifuentes.com\/portada\/wp-content\/uploads\/2024\/08\/monterrey-gaula.jpg\" alt=\"\" width=\"434\" height=\"546\" srcset=\"https:\/\/marthacifuentes.com\/portada\/wp-content\/uploads\/2024\/08\/monterrey-gaula.jpg 509w, https:\/\/marthacifuentes.com\/portada\/wp-content\/uploads\/2024\/08\/monterrey-gaula-239x300.jpg 239w\" sizes=\"auto, (max-width: 434px) 100vw, 434px\" \/><\/p>\n<p>&nbsp;<\/p>\n<p><strong>Contexto<\/strong><\/p>\n<p>En julio de este a\u00f1o, la Defensor\u00eda del Pueblo dio a conocer la <strong><a href=\"https:\/\/marthacifuentes.com\/portada\/wp-content\/uploads\/2024\/08\/Alerta-Temprana-Defensoria-del-Pueblo-016-24.pdf\">Alerta Temprana 016-24<\/a><\/strong> sobre la disputa territorial de grupos armados ilegales en varios municipios de Casanare, incluida esta poblaci\u00f3n del sur del Departamento.<\/p>\n<p>En esta se advierte del riesgo que corren las comunidades de Man\u00ed, Monterrey, Orocu\u00e9, Tauramena y Villanueva y sus zonas rurales por cuenta de la presencia del Clan del Golfo, el ELN y facciones de disidencias de las Farc, particularmente de los frentes 28 y 10 del Estado Mayor Central (EMC). En esta alerta no se hizo referencia a la presencia del frente 38 Arturo Rivas.<\/p>\n<p>La Defensor\u00eda se expresa que \u201cEl grupo Autodefensas Gaitanistas de Colombia, AGC, en su proceso de expansi\u00f3n, viene posesion\u00e1ndose geoestrat\u00e9gicamente de manera violenta, incluso ha eliminado y replegado peque\u00f1as estructuras de las antiguas estructuras paramilitares que manten\u00edan el control local.<\/p>\n<p>Ello le ha permitido alcanzar supremac\u00eda ante los oponentes y enemigos para hacerse al control y articulaci\u00f3n del sur del Casanare en espacio geogr\u00e1fico, aceptaci\u00f3n de las comunidades rurales y urbanas e ingresos derivados de la din\u00e1mica econ\u00f3mica del territorio\u201d.<\/p>\n<p>Tambi\u00e9n, advierte la AT 016, que \u201cLos grupos armados han incursionado en sectores de pobreza extrema y exclusi\u00f3n social para demostrar poder, capacidad de acci\u00f3n y control, lo cual ha generado temor, intimidaci\u00f3n y sometimiento.<\/p>\n<p>Igualmente, han reclutado poblaci\u00f3n joven de sectores fr\u00e1giles y vulnerables, bajo el enga\u00f1o de darles oportunidades que el Estado y la sociedad en su conjunto les han negado\u201d.<\/p>\n<p><img loading=\"lazy\" decoding=\"async\" class=\"size-full wp-image-33824 aligncenter\" src=\"https:\/\/marthacifuentes.com\/portada\/wp-content\/uploads\/2024\/08\/alerta-temprana-defensoria-del-pueblo-municipios-afectados.png\" alt=\"\" width=\"572\" height=\"669\" srcset=\"https:\/\/marthacifuentes.com\/portada\/wp-content\/uploads\/2024\/08\/alerta-temprana-defensoria-del-pueblo-municipios-afectados.png 572w, https:\/\/marthacifuentes.com\/portada\/wp-content\/uploads\/2024\/08\/alerta-temprana-defensoria-del-pueblo-municipios-afectados-257x300.png 257w\" sizes=\"auto, (max-width: 572px) 100vw, 572px\" \/><\/p>\n<p>&nbsp;<\/p>\n<p><strong>Defensor\u00eda del Pueblo solicit\u00f3 protecci\u00f3n a comunidades<\/strong><\/p>\n<p>La Defensor\u00eda del Pueblo, a trav\u00e9s de su Sistema de Alertas Tempranas (SAT), le pidi\u00f3 a la Secretar\u00eda T\u00e9cnica de la Comisi\u00f3n Intersectorial para la Respuesta R\u00e1pida a las Alertas Tempranas (Ciprat) atender y proteger las comunidades de los cascos urbanos de Man\u00ed, Monterrey, Orocu\u00e9, Tauramena y Villanueva y de sus corregimientos y veredas.<\/p>\n<p>Al Ministerio de Defensa, a la Polic\u00eda Nacional y a las Fuerzas Militares las insta a realizar operativos de patrullaje y control, as\u00ed\u0301 como labores de inteligencia que permitan detectar de manera previa la presencia y accionar de integrantes de los grupos armados organizados.<\/p>\n<p><iframe loading=\"lazy\" title=\"Defensor\u00eda del Pueblo emite Alerta Temprana para el sur de Casanare\" width=\"500\" height=\"281\" src=\"https:\/\/www.youtube.com\/embed\/jtImmj8hOsI?feature=oembed\" frameborder=\"0\" allow=\"accelerometer; autoplay; clipboard-write; encrypted-media; gyroscope; picture-in-picture; web-share\" referrerpolicy=\"strict-origin-when-cross-origin\" allowfullscreen><\/iframe><\/p>\n<h2><span style=\"color: #ff6600;\"><strong>Otras noticias&#8230;<\/strong><\/span><\/h2>\n<blockquote class=\"wp-embedded-content\" data-secret=\"ehU7FMGqIU\"><p><a href=\"https:\/\/marthacifuentes.com\/portada\/2024\/07\/25\/declarada-urgencia-manifiesta-en-via-del-cusiana-en-septiembre-habria-paso-entre-curisi-y-pajarito\/\">Declarada urgencia manifiesta en v\u00eda del Cusiana. En septiembre habr\u00eda paso entre Curis\u00ed y Pajarito.<\/a><\/p><\/blockquote>\n<p><iframe loading=\"lazy\" class=\"wp-embedded-content\" sandbox=\"allow-scripts\" security=\"restricted\" style=\"position: absolute; clip: rect(1px, 1px, 1px, 1px);\" title=\"\u00abDeclarada urgencia manifiesta en v\u00eda del Cusiana. En septiembre habr\u00eda paso entre Curis\u00ed y Pajarito.\u00bb \u2014 \u25b7 Noticias de Casanare : Martha Cifuentes | Casanare\" src=\"https:\/\/marthacifuentes.com\/portada\/2024\/07\/25\/declarada-urgencia-manifiesta-en-via-del-cusiana-en-septiembre-habria-paso-entre-curisi-y-pajarito\/embed\/#?secret=kGwP2jY8lD#?secret=ehU7FMGqIU\" data-secret=\"ehU7FMGqIU\" width=\"500\" height=\"282\" frameborder=\"0\" marginwidth=\"0\" marginheight=\"0\" scrolling=\"no\"><\/iframe><\/p>\n<blockquote class=\"wp-embedded-content\" data-secret=\"PQImZI7FuW\"><p><a href=\"https:\/\/marthacifuentes.com\/portada\/2024\/07\/25\/julio-cesar-cuevas-el-gordito-de-oro-nombrado-gerente-de-acuatodos\/\">Julio C\u00e9sar Cuevas \u201cEl gordito de oro\u201d nombrado gerente de ACUATODOS<\/a><\/p><\/blockquote>\n<p><iframe loading=\"lazy\" class=\"wp-embedded-content\" sandbox=\"allow-scripts\" security=\"restricted\" style=\"position: absolute; clip: rect(1px, 1px, 1px, 1px);\" title=\"\u00abJulio C\u00e9sar Cuevas \u201cEl gordito de oro\u201d nombrado gerente de ACUATODOS\u00bb \u2014 \u25b7 Noticias de Casanare : Martha Cifuentes | Casanare\" src=\"https:\/\/marthacifuentes.com\/portada\/2024\/07\/25\/julio-cesar-cuevas-el-gordito-de-oro-nombrado-gerente-de-acuatodos\/embed\/#?secret=pQShX1PpbH#?secret=PQImZI7FuW\" data-secret=\"PQImZI7FuW\" width=\"500\" height=\"282\" frameborder=\"0\" marginwidth=\"0\" marginheight=\"0\" scrolling=\"no\"><\/iframe><\/p>\n<blockquote class=\"wp-embedded-content\" data-secret=\"onAKkQHrBA\"><p><a href=\"https:\/\/marthacifuentes.com\/portada\/2024\/07\/25\/presidente-del-concejo-de-mani-salpicado-en-pliego-de-cargos-por-irregularidades-en-el-terminal-de-transporte-de-puerto-gaitan-meta\/\">Presidente del Concejo de Man\u00ed salpicado en pliego de cargos por irregularidades en el terminal de transporte de Puerto Gait\u00e1n, Meta.<\/a><\/p><\/blockquote>\n<p><iframe loading=\"lazy\" class=\"wp-embedded-content\" sandbox=\"allow-scripts\" security=\"restricted\" style=\"position: absolute; clip: rect(1px, 1px, 1px, 1px);\" title=\"\u00abPresidente del Concejo de Man\u00ed salpicado en pliego de cargos por irregularidades en el terminal de transporte de Puerto Gait\u00e1n, Meta.\u00bb \u2014 \u25b7 Noticias de Casanare : Martha Cifuentes | Casanare\" src=\"https:\/\/marthacifuentes.com\/portada\/2024\/07\/25\/presidente-del-concejo-de-mani-salpicado-en-pliego-de-cargos-por-irregularidades-en-el-terminal-de-transporte-de-puerto-gaitan-meta\/embed\/#?secret=5RH6tONw0P#?secret=onAKkQHrBA\" data-secret=\"onAKkQHrBA\" width=\"500\" height=\"282\" frameborder=\"0\" marginwidth=\"0\" marginheight=\"0\" scrolling=\"no\"><\/iframe><\/p>\n<blockquote class=\"wp-embedded-content\" data-secret=\"owxl4akt0Q\"><p><a href=\"https:\/\/marthacifuentes.com\/portada\/2024\/07\/24\/zona-rural-de-hato-corozal-tendra-dos-puentes-vehiculares-hechos-con-tuberia-petrolera\/\">Zona rural de Hato Corozal tendr\u00e1 dos puentes vehiculares hechos con tuber\u00eda petrolera<\/a><\/p><\/blockquote>\n<p><iframe loading=\"lazy\" class=\"wp-embedded-content\" sandbox=\"allow-scripts\" security=\"restricted\" style=\"position: absolute; clip: rect(1px, 1px, 1px, 1px);\" title=\"\u00abZona rural de Hato Corozal tendr\u00e1 dos puentes vehiculares hechos con tuber\u00eda petrolera\u00bb \u2014 \u25b7 Noticias de Casanare : Martha Cifuentes | Casanare\" src=\"https:\/\/marthacifuentes.com\/portada\/2024\/07\/24\/zona-rural-de-hato-corozal-tendra-dos-puentes-vehiculares-hechos-con-tuberia-petrolera\/embed\/#?secret=V1saMFq4ov#?secret=owxl4akt0Q\" data-secret=\"owxl4akt0Q\" width=\"500\" height=\"282\" frameborder=\"0\" marginwidth=\"0\" marginheight=\"0\" scrolling=\"no\"><\/iframe><\/p>\n<blockquote class=\"wp-embedded-content\" data-secret=\"YcuC4boOJg\"><p><a href=\"https:\/\/marthacifuentes.com\/portada\/2024\/07\/24\/senadores-casanarenos-de-oposicion-y-gobiernista-elegidos-en-importantes-posiciones-en-el-congreso\/\">Senadores casanare\u00f1os, de oposici\u00f3n y gobiernista, elegidos en importantes posiciones en el Congreso.<\/a><\/p><\/blockquote>\n<p><iframe loading=\"lazy\" class=\"wp-embedded-content\" sandbox=\"allow-scripts\" security=\"restricted\" style=\"position: absolute; clip: rect(1px, 1px, 1px, 1px);\" title=\"\u00abSenadores casanare\u00f1os, de oposici\u00f3n y gobiernista, elegidos en importantes posiciones en el Congreso.\u00bb \u2014 \u25b7 Noticias de Casanare : Martha Cifuentes | Casanare\" src=\"https:\/\/marthacifuentes.com\/portada\/2024\/07\/24\/senadores-casanarenos-de-oposicion-y-gobiernista-elegidos-en-importantes-posiciones-en-el-congreso\/embed\/#?secret=lOkpfrRlwg#?secret=YcuC4boOJg\" data-secret=\"YcuC4boOJg\" width=\"500\" height=\"282\" frameborder=\"0\" marginwidth=\"0\" marginheight=\"0\" scrolling=\"no\"><\/iframe><\/p>\n<blockquote class=\"wp-embedded-content\" data-secret=\"d5I8Lvay50\"><p><a href=\"https:\/\/marthacifuentes.com\/portada\/2024\/07\/24\/zorro-afirma-que-acabara-con-tercerizaciones-desventajosas-del-horo\/\">Zorro afirma que acabar\u00e1 con tercerizaciones desventajosas del Horo<\/a><\/p><\/blockquote>\n<p><iframe loading=\"lazy\" class=\"wp-embedded-content\" sandbox=\"allow-scripts\" security=\"restricted\" style=\"position: absolute; clip: rect(1px, 1px, 1px, 1px);\" title=\"\u00abZorro afirma que acabar\u00e1 con tercerizaciones desventajosas del Horo\u00bb \u2014 \u25b7 Noticias de Casanare : Martha Cifuentes | Casanare\" src=\"https:\/\/marthacifuentes.com\/portada\/2024\/07\/24\/zorro-afirma-que-acabara-con-tercerizaciones-desventajosas-del-horo\/embed\/#?secret=Zvqlne6bw9#?secret=d5I8Lvay50\" data-secret=\"d5I8Lvay50\" width=\"500\" height=\"282\" frameborder=\"0\" marginwidth=\"0\" marginheight=\"0\" scrolling=\"no\"><\/iframe><\/p>\n","protected":false},"excerpt":{"rendered":"<p>Recalca que el frente 38 retomar\u00e1 el territorio correspondiente a los municipios de Sabanalarga, Villanueva, Monterrey, Tauramena, Man\u00ed, Aguazul, Orocu\u00e9, Yopal y San Luis de Palenque, en Casanare; y Macanal, Chivor, Santamar\u00eda, Campo Hermoso, P\u00e1ez, San Luis de Gaceno, Miraflores, Garagoa en Boyac\u00e1. En el panfleto se expresa que este grupo armado no hace parte &hellip;<\/p>\n","protected":false},"author":2,"featured_media":33827,"comment_status":"open","ping_status":"open","sticky":false,"template":"","format":"standard","meta":{"om_disable_all_campaigns":false,"_exactmetrics_skip_tracking":false,"_exactmetrics_sitenote_active":false,"_exactmetrics_sitenote_note":"","_exactmetrics_sitenote_category":0,"_monsterinsights_skip_tracking":false,"_monsterinsights_sitenote_active":false,"_monsterinsights_sitenote_note":"","_monsterinsights_sitenote_category":0,"_uf_show_specific_survey":0,"_uf_disable_surveys":false,"_joinchat":[],"footnotes":""},"categories":[147,146,145],"tags":[10776,5450,10778,10774,8836,10775,10777,1400],"class_list":["post-33822","post","type-post","status-publish","format-standard","has-post-thumbnail","hentry","category-actualidad","category-noticias","category-reportajes","tag-carteles-y-panfletos-frente-38-monterrey-casanare","tag-clan-del-golfo-casanare","tag-defensoria-del-pueblo-alerta-temprana","tag-disidencias-de-las-farc-en-casanare","tag-eln-casanare","tag-frente-38-arturo-rivas-en-casanare","tag-frentes-10-y-28-farc-casanare","tag-noticias-casanare"],"yoast_head":"<!-- This site is optimized with the Yoast SEO plugin v26.1 - https:\/\/yoast.com\/wordpress\/plugins\/seo\/ -->\n<title>Alerta en Monterrey, Casanare. Con carteles y panfletos se anuncia presencia de disidencias de las Farc. - \u25b7 Noticias de Casanare : Martha Cifuentes | Casanare<\/title>\n<meta name=\"robots\" content=\"index, follow, max-snippet:-1, max-image-preview:large, max-video-preview:-1\" \/>\n<link rel=\"canonical\" href=\"https:\/\/marthacifuentes.com\/portada\/alerta-en-monterrey-casanare-con-carteles-y-panfletos-se-anuncia-presencia-de-disidencias-de-las-farc\/\" \/>\n<meta property=\"og:locale\" content=\"es_ES\" \/>\n<meta property=\"og:type\" content=\"article\" \/>\n<meta property=\"og:title\" content=\"Alerta en Monterrey, Casanare. Con carteles y panfletos se anuncia presencia de disidencias de las Farc. - \u25b7 Noticias de Casanare : Martha Cifuentes | Casanare\" \/>\n<meta property=\"og:description\" content=\"Recalca que el frente 38 retomar\u00e1 el territorio correspondiente a los municipios de Sabanalarga, Villanueva, Monterrey, Tauramena, Man\u00ed, Aguazul, Orocu\u00e9, Yopal y San Luis de Palenque, en Casanare; y Macanal, Chivor, Santamar\u00eda, Campo Hermoso, P\u00e1ez, San Luis de Gaceno, Miraflores, Garagoa en Boyac\u00e1. En el panfleto se expresa que este grupo armado no hace parte &hellip;\" \/>\n<meta property=\"og:url\" content=\"https:\/\/marthacifuentes.com\/portada\/alerta-en-monterrey-casanare-con-carteles-y-panfletos-se-anuncia-presencia-de-disidencias-de-las-farc\/\" \/>\n<meta property=\"og:site_name\" content=\"\u25b7 Noticias de Casanare : Martha Cifuentes | Casanare\" \/>\n<meta property=\"article:published_time\" content=\"2024-08-08T21:00:08+00:00\" \/>\n<meta property=\"og:image\" content=\"https:\/\/marthacifuentes.com\/portada\/wp-content\/uploads\/2024\/08\/farc-carteles-2.jpg\" \/>\n\t<meta property=\"og:image:width\" content=\"900\" \/>\n\t<meta property=\"og:image:height\" content=\"485\" \/>\n\t<meta property=\"og:image:type\" content=\"image\/jpeg\" \/>\n<meta name=\"author\" content=\"Martha Cifuentes\" \/>\n<meta name=\"twitter:card\" content=\"summary_large_image\" \/>\n<meta name=\"twitter:label1\" content=\"Escrito por\" \/>\n\t<meta name=\"twitter:data1\" content=\"Martha Cifuentes\" \/>\n\t<meta name=\"twitter:label2\" content=\"Tiempo de lectura\" \/>\n\t<meta name=\"twitter:data2\" content=\"3 minutos\" \/>\n<script type=\"application\/ld+json\" class=\"yoast-schema-graph\">{\"@context\":\"https:\/\/schema.org\",\"@graph\":[{\"@type\":\"WebPage\",\"@id\":\"https:\/\/marthacifuentes.com\/portada\/alerta-en-monterrey-casanare-con-carteles-y-panfletos-se-anuncia-presencia-de-disidencias-de-las-farc\/\",\"url\":\"https:\/\/marthacifuentes.com\/portada\/alerta-en-monterrey-casanare-con-carteles-y-panfletos-se-anuncia-presencia-de-disidencias-de-las-farc\/\",\"name\":\"Alerta en Monterrey, Casanare. Con carteles y panfletos se anuncia presencia de disidencias de las Farc. - \u25b7 Noticias de Casanare : Martha Cifuentes | Casanare\",\"isPartOf\":{\"@id\":\"https:\/\/marthacifuentes.com\/portada\/#website\"},\"primaryImageOfPage\":{\"@id\":\"https:\/\/marthacifuentes.com\/portada\/alerta-en-monterrey-casanare-con-carteles-y-panfletos-se-anuncia-presencia-de-disidencias-de-las-farc\/#primaryimage\"},\"image\":{\"@id\":\"https:\/\/marthacifuentes.com\/portada\/alerta-en-monterrey-casanare-con-carteles-y-panfletos-se-anuncia-presencia-de-disidencias-de-las-farc\/#primaryimage\"},\"thumbnailUrl\":\"https:\/\/marthacifuentes.com\/portada\/wp-content\/uploads\/2024\/08\/farc-carteles-2.jpg\",\"datePublished\":\"2024-08-08T21:00:08+00:00\",\"author\":{\"@id\":\"https:\/\/marthacifuentes.com\/portada\/#\/schema\/person\/57f53174b991db5f90ff78d58502b714\"},\"breadcrumb\":{\"@id\":\"https:\/\/marthacifuentes.com\/portada\/alerta-en-monterrey-casanare-con-carteles-y-panfletos-se-anuncia-presencia-de-disidencias-de-las-farc\/#breadcrumb\"},\"inLanguage\":\"es\",\"potentialAction\":[{\"@type\":\"ReadAction\",\"target\":[\"https:\/\/marthacifuentes.com\/portada\/alerta-en-monterrey-casanare-con-carteles-y-panfletos-se-anuncia-presencia-de-disidencias-de-las-farc\/\"]}]},{\"@type\":\"ImageObject\",\"inLanguage\":\"es\",\"@id\":\"https:\/\/marthacifuentes.com\/portada\/alerta-en-monterrey-casanare-con-carteles-y-panfletos-se-anuncia-presencia-de-disidencias-de-las-farc\/#primaryimage\",\"url\":\"https:\/\/marthacifuentes.com\/portada\/wp-content\/uploads\/2024\/08\/farc-carteles-2.jpg\",\"contentUrl\":\"https:\/\/marthacifuentes.com\/portada\/wp-content\/uploads\/2024\/08\/farc-carteles-2.jpg\",\"width\":900,\"height\":485},{\"@type\":\"BreadcrumbList\",\"@id\":\"https:\/\/marthacifuentes.com\/portada\/alerta-en-monterrey-casanare-con-carteles-y-panfletos-se-anuncia-presencia-de-disidencias-de-las-farc\/#breadcrumb\",\"itemListElement\":[{\"@type\":\"ListItem\",\"position\":1,\"name\":\"Portada\",\"item\":\"https:\/\/marthacifuentes.com\/portada\/\"},{\"@type\":\"ListItem\",\"position\":2,\"name\":\"Alerta en Monterrey, Casanare. Con carteles y panfletos se anuncia presencia de disidencias de las Farc.\"}]},{\"@type\":\"WebSite\",\"@id\":\"https:\/\/marthacifuentes.com\/portada\/#website\",\"url\":\"https:\/\/marthacifuentes.com\/portada\/\",\"name\":\"\u25b7 Noticias de Casanare : Martha Cifuentes | Casanare\",\"description\":\"Noticias &amp; Contenidos\",\"potentialAction\":[{\"@type\":\"SearchAction\",\"target\":{\"@type\":\"EntryPoint\",\"urlTemplate\":\"https:\/\/marthacifuentes.com\/portada\/?s={search_term_string}\"},\"query-input\":{\"@type\":\"PropertyValueSpecification\",\"valueRequired\":true,\"valueName\":\"search_term_string\"}}],\"inLanguage\":\"es\"},{\"@type\":\"Person\",\"@id\":\"https:\/\/marthacifuentes.com\/portada\/#\/schema\/person\/57f53174b991db5f90ff78d58502b714\",\"name\":\"Martha Cifuentes\",\"image\":{\"@type\":\"ImageObject\",\"inLanguage\":\"es\",\"@id\":\"https:\/\/marthacifuentes.com\/portada\/#\/schema\/person\/image\/\",\"url\":\"http:\/\/marthacifuentes.com\/portada\/wp-content\/uploads\/2018\/06\/avatar_user_2_1528838701-96x96.jpg\",\"contentUrl\":\"http:\/\/marthacifuentes.com\/portada\/wp-content\/uploads\/2018\/06\/avatar_user_2_1528838701-96x96.jpg\",\"caption\":\"Martha Cifuentes\"},\"sameAs\":[\"http:\/\/www.marthacifuentes.com\"],\"url\":\"https:\/\/marthacifuentes.com\/portada\/author\/martha\/\"}]}<\/script>\n<!-- \/ Yoast SEO plugin. -->","yoast_head_json":{"title":"Alerta en Monterrey, Casanare. Con carteles y panfletos se anuncia presencia de disidencias de las Farc. - \u25b7 Noticias de Casanare : Martha Cifuentes | Casanare","robots":{"index":"index","follow":"follow","max-snippet":"max-snippet:-1","max-image-preview":"max-image-preview:large","max-video-preview":"max-video-preview:-1"},"canonical":"https:\/\/marthacifuentes.com\/portada\/alerta-en-monterrey-casanare-con-carteles-y-panfletos-se-anuncia-presencia-de-disidencias-de-las-farc\/","og_locale":"es_ES","og_type":"article","og_title":"Alerta en Monterrey, Casanare. Con carteles y panfletos se anuncia presencia de disidencias de las Farc. - \u25b7 Noticias de Casanare : Martha Cifuentes | Casanare","og_description":"Recalca que el frente 38 retomar\u00e1 el territorio correspondiente a los municipios de Sabanalarga, Villanueva, Monterrey, Tauramena, Man\u00ed, Aguazul, Orocu\u00e9, Yopal y San Luis de Palenque, en Casanare; y Macanal, Chivor, Santamar\u00eda, Campo Hermoso, P\u00e1ez, San Luis de Gaceno, Miraflores, Garagoa en Boyac\u00e1. En el panfleto se expresa que este grupo armado no hace parte &hellip;","og_url":"https:\/\/marthacifuentes.com\/portada\/alerta-en-monterrey-casanare-con-carteles-y-panfletos-se-anuncia-presencia-de-disidencias-de-las-farc\/","og_site_name":"\u25b7 Noticias de Casanare : Martha Cifuentes | Casanare","article_published_time":"2024-08-08T21:00:08+00:00","og_image":[{"width":900,"height":485,"url":"https:\/\/marthacifuentes.com\/portada\/wp-content\/uploads\/2024\/08\/farc-carteles-2.jpg","type":"image\/jpeg"}],"author":"Martha Cifuentes","twitter_card":"summary_large_image","twitter_misc":{"Escrito por":"Martha Cifuentes","Tiempo de lectura":"3 minutos"},"schema":{"@context":"https:\/\/schema.org","@graph":[{"@type":"WebPage","@id":"https:\/\/marthacifuentes.com\/portada\/alerta-en-monterrey-casanare-con-carteles-y-panfletos-se-anuncia-presencia-de-disidencias-de-las-farc\/","url":"https:\/\/marthacifuentes.com\/portada\/alerta-en-monterrey-casanare-con-carteles-y-panfletos-se-anuncia-presencia-de-disidencias-de-las-farc\/","name":"Alerta en Monterrey, Casanare. Con carteles y panfletos se anuncia presencia de disidencias de las Farc. - \u25b7 Noticias de Casanare : Martha Cifuentes | Casanare","isPartOf":{"@id":"https:\/\/marthacifuentes.com\/portada\/#website"},"primaryImageOfPage":{"@id":"https:\/\/marthacifuentes.com\/portada\/alerta-en-monterrey-casanare-con-carteles-y-panfletos-se-anuncia-presencia-de-disidencias-de-las-farc\/#primaryimage"},"image":{"@id":"https:\/\/marthacifuentes.com\/portada\/alerta-en-monterrey-casanare-con-carteles-y-panfletos-se-anuncia-presencia-de-disidencias-de-las-farc\/#primaryimage"},"thumbnailUrl":"https:\/\/marthacifuentes.com\/portada\/wp-content\/uploads\/2024\/08\/farc-carteles-2.jpg","datePublished":"2024-08-08T21:00:08+00:00","author":{"@id":"https:\/\/marthacifuentes.com\/portada\/#\/schema\/person\/57f53174b991db5f90ff78d58502b714"},"breadcrumb":{"@id":"https:\/\/marthacifuentes.com\/portada\/alerta-en-monterrey-casanare-con-carteles-y-panfletos-se-anuncia-presencia-de-disidencias-de-las-farc\/#breadcrumb"},"inLanguage":"es","potentialAction":[{"@type":"ReadAction","target":["https:\/\/marthacifuentes.com\/portada\/alerta-en-monterrey-casanare-con-carteles-y-panfletos-se-anuncia-presencia-de-disidencias-de-las-farc\/"]}]},{"@type":"ImageObject","inLanguage":"es","@id":"https:\/\/marthacifuentes.com\/portada\/alerta-en-monterrey-casanare-con-carteles-y-panfletos-se-anuncia-presencia-de-disidencias-de-las-farc\/#primaryimage","url":"https:\/\/marthacifuentes.com\/portada\/wp-content\/uploads\/2024\/08\/farc-carteles-2.jpg","contentUrl":"https:\/\/marthacifuentes.com\/portada\/wp-content\/uploads\/2024\/08\/farc-carteles-2.jpg","width":900,"height":485},{"@type":"BreadcrumbList","@id":"https:\/\/marthacifuentes.com\/portada\/alerta-en-monterrey-casanare-con-carteles-y-panfletos-se-anuncia-presencia-de-disidencias-de-las-farc\/#breadcrumb","itemListElement":[{"@type":"ListItem","position":1,"name":"Portada","item":"https:\/\/marthacifuentes.com\/portada\/"},{"@type":"ListItem","position":2,"name":"Alerta en Monterrey, Casanare. Con carteles y panfletos se anuncia presencia de disidencias de las Farc."}]},{"@type":"WebSite","@id":"https:\/\/marthacifuentes.com\/portada\/#website","url":"https:\/\/marthacifuentes.com\/portada\/","name":"\u25b7 Noticias de Casanare : Martha Cifuentes | Casanare","description":"Noticias &amp; Contenidos","potentialAction":[{"@type":"SearchAction","target":{"@type":"EntryPoint","urlTemplate":"https:\/\/marthacifuentes.com\/portada\/?s={search_term_string}"},"query-input":{"@type":"PropertyValueSpecification","valueRequired":true,"valueName":"search_term_string"}}],"inLanguage":"es"},{"@type":"Person","@id":"https:\/\/marthacifuentes.com\/portada\/#\/schema\/person\/57f53174b991db5f90ff78d58502b714","name":"Martha Cifuentes","image":{"@type":"ImageObject","inLanguage":"es","@id":"https:\/\/marthacifuentes.com\/portada\/#\/schema\/person\/image\/","url":"http:\/\/marthacifuentes.com\/portada\/wp-content\/uploads\/2018\/06\/avatar_user_2_1528838701-96x96.jpg","contentUrl":"http:\/\/marthacifuentes.com\/portada\/wp-content\/uploads\/2018\/06\/avatar_user_2_1528838701-96x96.jpg","caption":"Martha Cifuentes"},"sameAs":["http:\/\/www.marthacifuentes.com"],"url":"https:\/\/marthacifuentes.com\/portada\/author\/martha\/"}]}},"_links":{"self":[{"href":"https:\/\/marthacifuentes.com\/portada\/wp-json\/wp\/v2\/posts\/33822","targetHints":{"allow":["GET"]}}],"collection":[{"href":"https:\/\/marthacifuentes.com\/portada\/wp-json\/wp\/v2\/posts"}],"about":[{"href":"https:\/\/marthacifuentes.com\/portada\/wp-json\/wp\/v2\/types\/post"}],"author":[{"embeddable":true,"href":"https:\/\/marthacifuentes.com\/portada\/wp-json\/wp\/v2\/users\/2"}],"replies":[{"embeddable":true,"href":"https:\/\/marthacifuentes.com\/portada\/wp-json\/wp\/v2\/comments?post=33822"}],"version-history":[{"count":1,"href":"https:\/\/marthacifuentes.com\/portada\/wp-json\/wp\/v2\/posts\/33822\/revisions"}],"predecessor-version":[{"id":33828,"href":"https:\/\/marthacifuentes.com\/portada\/wp-json\/wp\/v2\/posts\/33822\/revisions\/33828"}],"wp:featuredmedia":[{"embeddable":true,"href":"https:\/\/marthacifuentes.com\/portada\/wp-json\/wp\/v2\/media\/33827"}],"wp:attachment":[{"href":"https:\/\/marthacifuentes.com\/portada\/wp-json\/wp\/v2\/media?parent=33822"}],"wp:term":[{"taxonomy":"category","embeddable":true,"href":"https:\/\/marthacifuentes.com\/portada\/wp-json\/wp\/v2\/categories?post=33822"},{"taxonomy":"post_tag","embeddable":true,"href":"https:\/\/marthacifuentes.com\/portada\/wp-json\/wp\/v2\/tags?post=33822"}],"curies":[{"name":"wp","href":"https:\/\/api.w.org\/{rel}","templated":true}]}}