{"id":33829,"date":"2024-08-09T10:18:33","date_gmt":"2024-08-09T15:18:33","guid":{"rendered":"https:\/\/marthacifuentes.com\/portada\/?p=33829"},"modified":"2024-08-09T16:49:50","modified_gmt":"2024-08-09T21:49:50","slug":"por-no-decir-la-verdad-victimas-en-casanare-rechazan-devolucion-de-medalla-por-falsos-positivos-en-casanare-otorgada-a-general-r-torres-escalante","status":"publish","type":"post","link":"https:\/\/marthacifuentes.com\/portada\/por-no-decir-la-verdad-victimas-en-casanare-rechazan-devolucion-de-medalla-por-falsos-positivos-en-casanare-otorgada-a-general-r-torres-escalante\/","title":{"rendered":"Por no decir la verdad, v\u00edctimas en Casanare rechazan devoluci\u00f3n de medalla, por falsos positivos en Casanare, otorgada a general (r) Torres Escalante."},"content":{"rendered":"<p>Las v\u00edctimas de ejecuciones extrajudiciales -falsos positivos- en Casanare representadas en la Asociaci\u00f3n de V\u00edctimas de Casanare para la Paz, Casa-Paz, rechazaron la propuesta del general (r) Henry William Torres Escalante de devolver la medalla de \u201cServicios Distinguidos en Orden P\u00fablico\u201d, recibida por los resultados que obtuvo falsamente, durante su periodo como comandante de la Brigada 16, entre 2005 y 2007.<\/p>\n<p>Esta organizaci\u00f3n Casa-Paz consider\u00f3 que este supuesto acto simb\u00f3lico restaurativo omite el deber de aporte a la verdad, no satisface los vac\u00edos sobre esta y la aceptaci\u00f3n de responsabilidad en cr\u00edmenes de lesa humanidad.<\/p>\n<p>Para las v\u00edctimas de sobrevivientes de ejecuciones extrajudiciales y desaparici\u00f3n forzada, hay certeza de la falta de compromiso y mezquindad con respecto a los aportes a la verdad de manera clara, amplia y suficiente, de parte del, ahora, compareciente Torres Escalante.<\/p>\n<p>As\u00ed se dio a conocer en un oficio dirigido a la Jurisdicci\u00f3n Especial para la Paz, JEP, al Comit\u00e9 de Solidaridad con los Presos Pol\u00edticos y al abogado representante de las v\u00edctimas Jos\u00e9 Hilario L\u00f3pez Rinc\u00f3n.<\/p>\n<p>&nbsp;<\/p>\n<p><strong>Lo que hizo el coronel y no ha admitido seg\u00fan Casa-Paz<\/strong><\/p>\n<p>En el documento se menciona que Torres Escalante no ha dicho la verdad en relaci\u00f3n con su papel en las ejecuciones extrajudiciales, su intento de manipular testimonios, su falta de claridad sobre las amenazas a defensores de derechos humanos, y su responsabilidad en homicidios, lo que contribuye a la percepci\u00f3n de impunidad y falta de justicia.<\/p>\n<ol>\n<li><strong>Soborno y Obstrucci\u00f3n de la Justicia<\/strong>: Se se\u00f1ala que Torres Escalante entreg\u00f3 45 millones de pesos a Marcos Fabian Garc\u00eda C\u00e9spedes para cambiar versiones sobre los se\u00f1alamientos que este \u00faltimo hizo respecto a sus responsabilidades en las ejecuciones extrajudiciales. Esto sugiere un intento de manipular la verdad y evitar que se esclarezcan los hechos.<\/li>\n<li><strong>Falta de Informaci\u00f3n sobre el B2<\/strong>: Torres Escalante no ha proporcionado informaci\u00f3n amplia sobre el papel del B2, la inteligencia de la Brigada XVI, en los hechos criminales relacionados con las ejecuciones extrajudiciales. Esto implica que no ha aclarado su responsabilidad en las acciones de este grupo.<\/li>\n<li><strong>Amenazas al Defensor del Pueblo<\/strong>: No ha esclarecido las amenazas contra el entonces Defensor del Pueblo, Mauricio Mojica, quien denunci\u00f3 ejecuciones extrajudiciales y desapariciones forzadas a manos de la Brigada XVI. La falta de informaci\u00f3n sobre estas amenazas es vista como una omisi\u00f3n significativa de su parte.<\/li>\n<li><strong>Responsabilidad en Homicidios<\/strong>: Torres Escalante fue imputado por la fiscal\u00eda en justicia ordinaria por homicidio en persona protegida en calidad de coautor en varios casos, incluyendo el asesinato de Daniel Torras Arciniegas y Roque Julio Torres, as\u00ed como en un el triple homicidio Beyer Ignacio P\u00e9rez Hern\u00e1ndez, Octavio Cova Le\u00f3n y Yolman Barbosa Hern\u00e1ndez.<\/li>\n<\/ol>\n<p>La Asociaci\u00f3n Casa-Paz sostiene que no ha logrado desvirtuar las acusaciones en su contra, lo que indica una falta de transparencia y verdad en su defensa.<\/p>\n<ol>\n<li><strong>Aceptaci\u00f3n de Responsabilidad<\/strong>: La aceptaci\u00f3n de responsabilidad por omisi\u00f3n que ha manifestado Torres Escalante es percibida por Casa-Paz como una burla a la dignidad de las v\u00edctimas, ya que no aborda adecuadamente la magnitud de los cr\u00edmenes cometidos ni su impacto en la sociedad.<\/li>\n<\/ol>\n<p>La devoluci\u00f3n de la medalla basada en hechos de sangre est\u00e1 condicionada a un aporte de verdad oportuno, amplio y suficiente. Igualmente, de la aceptaci\u00f3n de sus cr\u00edmenes, el impacto de ellos en la sociedad y el reconocimiento de su culpa de manera p\u00fablica.<\/p>\n<p><img loading=\"lazy\" decoding=\"async\" class=\"alignnone size-full wp-image-33830\" src=\"https:\/\/marthacifuentes.com\/portada\/wp-content\/uploads\/2024\/08\/imagen_2024-08-09_101545946.png\" alt=\"\" width=\"636\" height=\"970\" srcset=\"https:\/\/marthacifuentes.com\/portada\/wp-content\/uploads\/2024\/08\/imagen_2024-08-09_101545946.png 636w, https:\/\/marthacifuentes.com\/portada\/wp-content\/uploads\/2024\/08\/imagen_2024-08-09_101545946-197x300.png 197w\" sizes=\"auto, (max-width: 636px) 100vw, 636px\" \/><\/p>\n<p><a href=\"https:\/\/marthacifuentes.com\/portada\/wp-content\/uploads\/2024\/08\/RESPUESTA-AUTO-OPV-379-CASA-PAZ.pdf\">RESPUESTA AUTO OPV 379 CASA-PAZ<\/a><\/p>\n<p><strong>Lo que ha aceptado Torres Escalante<\/strong><\/p>\n<p>En septiembre de 2023 en las audiencias de reconocimiento de verdad, realizadas en Yopal, frente a las v\u00edctimas de ejecuciones extrajudiciales cometidas en Casanare entre 2005 y 2008,\u00a0Torres Escalante pidi\u00f3 perd\u00f3n por haber sido part\u00edcipe del asesinato de cientos de civiles que fueron catalogados como integrantes de grupos armados ilegales para poder mostrar resultados en el Ej\u00e9rcito.<\/p>\n<p>Tambi\u00e9n afirm\u00f3 que su responsabilidad se sustentaba en las presiones que ejerc\u00eda sobre los comandantes bajo su mando para que presentaran resultados, \u201cdando prelaci\u00f3n a las muertes en combate, lo que indiscutiblemente me llev\u00f3 a ser reiterativo e incisivo\u00bb, reconoci\u00f3.<\/p>\n<p>Reconoci\u00f3 que felicit\u00f3 a las tropas bajo su mando por estos falsos resultados, pero ante las preguntas de la magistrada Catalina D\u00edaz dijo que no tuvo conocimiento de casos puntuales.<\/p>\n<p>Sustent\u00f3 su responsabilidad en haber dejado que siguieran sucediendo las irregularidades que se estaban presentando. Tambi\u00e9n reconoci\u00f3 que la supuesta guerra jur\u00eddica de organizaciones de derechos humanos \u201cfue un fantasma direccionado desde el comando del Ej\u00e9rcito\u00bb.<\/p>\n<p>Torres Escalante expres\u00f3 que las presiones tambi\u00e9n ven\u00edan del entonces comandante del Ej\u00e9rcito, el general (r) Mario Montoya, a quien la JEP imput\u00f3 cr\u00edmenes de guerra y de lesa humanidad junto a otros ocho militares por 130 &#8216;falsos positivos&#8217; cometidos en Antioquia.<\/p>\n<h2><strong>Otras noticias\u2026<\/strong><\/h2>\n<blockquote class=\"wp-embedded-content\" data-secret=\"cGFFwZ7jOH\"><p><a href=\"https:\/\/marthacifuentes.com\/portada\/2024\/08\/08\/alerta-en-monterrey-casanare-con-carteles-y-panfletos-se-anuncia-presencia-de-disidencias-de-las-farc\/\">Alerta en Monterrey, Casanare. Con carteles y panfletos se anuncia presencia de disidencias de las Farc.<\/a><\/p><\/blockquote>\n<p><iframe loading=\"lazy\" class=\"wp-embedded-content\" sandbox=\"allow-scripts\" security=\"restricted\" style=\"position: absolute; clip: rect(1px, 1px, 1px, 1px);\" title=\"\u00abAlerta en Monterrey, Casanare. Con carteles y panfletos se anuncia presencia de disidencias de las Farc.\u00bb \u2014 \u25b7 Noticias de Casanare : Martha Cifuentes | Casanare\" src=\"https:\/\/marthacifuentes.com\/portada\/2024\/08\/08\/alerta-en-monterrey-casanare-con-carteles-y-panfletos-se-anuncia-presencia-de-disidencias-de-las-farc\/embed\/#?secret=ZCtK4xZpXk#?secret=cGFFwZ7jOH\" data-secret=\"cGFFwZ7jOH\" width=\"500\" height=\"282\" frameborder=\"0\" marginwidth=\"0\" marginheight=\"0\" scrolling=\"no\"><\/iframe><\/p>\n<p><iframe loading=\"lazy\" class=\"wp-embedded-content\" title=\"\u00abDeclarada urgencia manifiesta en v\u00eda del Cusiana. En septiembre habr\u00eda paso entre Curis\u00ed y Pajarito.\u00bb \u2014 \u25b7 Noticias de Casanare : Martha Cifuentes | Casanare\" src=\"https:\/\/marthacifuentes.com\/portada\/2024\/07\/25\/declarada-urgencia-manifiesta-en-via-del-cusiana-en-septiembre-habria-paso-entre-curisi-y-pajarito\/embed\/#?secret=A8OucXllHJ#?secret=JH7oIRl3Yn\" width=\"600\" height=\"534\" frameborder=\"0\" marginwidth=\"0\" marginheight=\"0\" scrolling=\"no\" sandbox=\"allow-scripts\" data-secret=\"JH7oIRl3Yn\" data-mce-fragment=\"1\"><\/iframe><\/p>\n<p><iframe loading=\"lazy\" class=\"wp-embedded-content\" title=\"\u00abJulio C\u00e9sar Cuevas \u201cEl gordito de oro\u201d nombrado gerente de ACUATODOS\u00bb \u2014 \u25b7 Noticias de Casanare : Martha Cifuentes | Casanare\" src=\"https:\/\/marthacifuentes.com\/portada\/2024\/07\/25\/julio-cesar-cuevas-el-gordito-de-oro-nombrado-gerente-de-acuatodos\/embed\/#?secret=CFOnhjdC5w#?secret=V2X0gXOZUY\" width=\"600\" height=\"621\" frameborder=\"0\" marginwidth=\"0\" marginheight=\"0\" scrolling=\"no\" sandbox=\"allow-scripts\" data-secret=\"V2X0gXOZUY\" data-mce-fragment=\"1\"><\/iframe><\/p>\n<p><iframe loading=\"lazy\" class=\"wp-embedded-content\" title=\"\u00abPresidente del Concejo de Man\u00ed salpicado en pliego de cargos por irregularidades en el terminal de transporte de Puerto Gait\u00e1n, Meta.\u00bb \u2014 \u25b7 Noticias de Casanare : Martha Cifuentes | Casanare\" src=\"https:\/\/marthacifuentes.com\/portada\/2024\/07\/25\/presidente-del-concejo-de-mani-salpicado-en-pliego-de-cargos-por-irregularidades-en-el-terminal-de-transporte-de-puerto-gaitan-meta\/embed\/#?secret=b40nmQyp4Y#?secret=7BUrEhPfgQ\" width=\"600\" height=\"650\" frameborder=\"0\" marginwidth=\"0\" marginheight=\"0\" scrolling=\"no\" sandbox=\"allow-scripts\" data-secret=\"7BUrEhPfgQ\" data-mce-fragment=\"1\"><\/iframe><\/p>\n<p><iframe loading=\"lazy\" class=\"wp-embedded-content\" title=\"\u00abZona rural de Hato Corozal tendr\u00e1 dos puentes vehiculares hechos con tuber\u00eda petrolera\u00bb \u2014 \u25b7 Noticias de Casanare : Martha Cifuentes | Casanare\" src=\"https:\/\/marthacifuentes.com\/portada\/2024\/07\/24\/zona-rural-de-hato-corozal-tendra-dos-puentes-vehiculares-hechos-con-tuberia-petrolera\/embed\/#?secret=iRsMxzndR2#?secret=SXA7Rwvs2z\" width=\"600\" height=\"599\" frameborder=\"0\" marginwidth=\"0\" marginheight=\"0\" scrolling=\"no\" sandbox=\"allow-scripts\" data-secret=\"SXA7Rwvs2z\" data-mce-fragment=\"1\"><\/iframe><\/p>\n<p><iframe loading=\"lazy\" class=\"wp-embedded-content\" title=\"\u00abSenadores casanare\u00f1os, de oposici\u00f3n y gobiernista, elegidos en importantes posiciones en el Congreso.\u00bb \u2014 \u25b7 Noticias de Casanare : Martha Cifuentes | Casanare\" src=\"https:\/\/marthacifuentes.com\/portada\/2024\/07\/24\/senadores-casanarenos-de-oposicion-y-gobiernista-elegidos-en-importantes-posiciones-en-el-congreso\/embed\/#?secret=nBxXXgJmKn#?secret=hoxKBcs8Wt\" width=\"600\" height=\"621\" frameborder=\"0\" marginwidth=\"0\" marginheight=\"0\" scrolling=\"no\" sandbox=\"allow-scripts\" data-secret=\"hoxKBcs8Wt\" data-mce-fragment=\"1\"><\/iframe><\/p>\n<p><iframe loading=\"lazy\" class=\"wp-embedded-content\" title=\"\u00abZorro afirma que acabar\u00e1 con tercerizaciones desventajosas del Horo\u00bb \u2014 \u25b7 Noticias de Casanare : Martha Cifuentes | Casanare\" src=\"https:\/\/marthacifuentes.com\/portada\/2024\/07\/24\/zorro-afirma-que-acabara-con-tercerizaciones-desventajosas-del-horo\/embed\/#?secret=pxD6eoOmP3#?secret=IYZiav6rz2\" width=\"600\" height=\"620\" frameborder=\"0\" marginwidth=\"0\" marginheight=\"0\" scrolling=\"no\" sandbox=\"allow-scripts\" data-secret=\"IYZiav6rz2\" data-mce-fragment=\"1\"><\/iframe><\/p>\n","protected":false},"excerpt":{"rendered":"<p>Las v\u00edctimas de ejecuciones extrajudiciales -falsos positivos- en Casanare representadas en la Asociaci\u00f3n de V\u00edctimas de Casanare para la Paz, Casa-Paz, rechazaron la propuesta del general (r) Henry William Torres Escalante de devolver la medalla de \u201cServicios Distinguidos en Orden P\u00fablico\u201d, recibida por los resultados que obtuvo falsamente, durante su periodo como comandante de la &hellip;<\/p>\n","protected":false},"author":2,"featured_media":33831,"comment_status":"open","ping_status":"open","sticky":false,"template":"","format":"standard","meta":{"om_disable_all_campaigns":false,"_exactmetrics_skip_tracking":false,"_exactmetrics_sitenote_active":false,"_exactmetrics_sitenote_note":"","_exactmetrics_sitenote_category":0,"_monsterinsights_skip_tracking":false,"_monsterinsights_sitenote_active":false,"_monsterinsights_sitenote_note":"","_monsterinsights_sitenote_category":0,"_uf_show_specific_survey":0,"_uf_disable_surveys":false,"_joinchat":[],"footnotes":""},"categories":[147,146,145],"tags":[10785,10782,737,10779,10781,5499,736,1187,10784,1400,10783,10780],"class_list":["post-33829","post","type-post","status-publish","format-standard","has-post-thumbnail","hentry","category-actualidad","category-noticias","category-reportajes","tag-asociacion-de-victimas-de-casanare-para-la-paz","tag-beyer-ignacio-perez-hernandez","tag-brigada-16","tag-casa-paz","tag-daniel-torras-arciniegas-y-roque-julio-torres","tag-falsos-positivos-casanare","tag-henry-torres-escalante","tag-jep","tag-medalla-de-reconocimiento-por-falsos-positivos-torres-escalante","tag-noticias-casanare","tag-octavio-cova-leon-y-yolman-barbosa-hernandez","tag-victimas-falsos-positivos-casanare"],"yoast_head":"<!-- This site is optimized with the Yoast SEO plugin v26.1 - https:\/\/yoast.com\/wordpress\/plugins\/seo\/ -->\n<title>Por no decir la verdad, v\u00edctimas en Casanare rechazan devoluci\u00f3n de medalla, por falsos positivos en Casanare, otorgada a general (r) Torres Escalante. - \u25b7 Noticias de Casanare : Martha Cifuentes | Casanare<\/title>\n<meta name=\"robots\" content=\"index, follow, max-snippet:-1, max-image-preview:large, max-video-preview:-1\" \/>\n<link rel=\"canonical\" href=\"https:\/\/marthacifuentes.com\/portada\/por-no-decir-la-verdad-victimas-en-casanare-rechazan-devolucion-de-medalla-por-falsos-positivos-en-casanare-otorgada-a-general-r-torres-escalante\/\" \/>\n<meta property=\"og:locale\" content=\"es_ES\" \/>\n<meta property=\"og:type\" content=\"article\" \/>\n<meta property=\"og:title\" content=\"Por no decir la verdad, v\u00edctimas en Casanare rechazan devoluci\u00f3n de medalla, por falsos positivos en Casanare, otorgada a general (r) Torres Escalante. - \u25b7 Noticias de Casanare : Martha Cifuentes | Casanare\" \/>\n<meta property=\"og:description\" content=\"Las v\u00edctimas de ejecuciones extrajudiciales -falsos positivos- en Casanare representadas en la Asociaci\u00f3n de V\u00edctimas de Casanare para la Paz, Casa-Paz, rechazaron la propuesta del general (r) Henry William Torres Escalante de devolver la medalla de \u201cServicios Distinguidos en Orden P\u00fablico\u201d, recibida por los resultados que obtuvo falsamente, durante su periodo como comandante de la &hellip;\" \/>\n<meta property=\"og:url\" content=\"https:\/\/marthacifuentes.com\/portada\/por-no-decir-la-verdad-victimas-en-casanare-rechazan-devolucion-de-medalla-por-falsos-positivos-en-casanare-otorgada-a-general-r-torres-escalante\/\" \/>\n<meta property=\"og:site_name\" content=\"\u25b7 Noticias de Casanare : Martha Cifuentes | Casanare\" \/>\n<meta property=\"article:published_time\" content=\"2024-08-09T15:18:33+00:00\" \/>\n<meta property=\"article:modified_time\" content=\"2024-08-09T21:49:50+00:00\" \/>\n<meta property=\"og:image\" content=\"https:\/\/marthacifuentes.com\/portada\/wp-content\/uploads\/2024\/08\/FOTO-PORTADA-HENRY-TORRES-ESCALANTE-FALSOS-POSITIVOS.jpg\" \/>\n\t<meta property=\"og:image:width\" content=\"1024\" \/>\n\t<meta property=\"og:image:height\" content=\"682\" \/>\n\t<meta property=\"og:image:type\" content=\"image\/jpeg\" \/>\n<meta name=\"author\" content=\"Martha Cifuentes\" \/>\n<meta name=\"twitter:card\" content=\"summary_large_image\" \/>\n<meta name=\"twitter:label1\" content=\"Escrito por\" \/>\n\t<meta name=\"twitter:data1\" content=\"Martha Cifuentes\" \/>\n\t<meta name=\"twitter:label2\" content=\"Tiempo de lectura\" \/>\n\t<meta name=\"twitter:data2\" content=\"4 minutos\" \/>\n<script type=\"application\/ld+json\" class=\"yoast-schema-graph\">{\"@context\":\"https:\/\/schema.org\",\"@graph\":[{\"@type\":\"WebPage\",\"@id\":\"https:\/\/marthacifuentes.com\/portada\/por-no-decir-la-verdad-victimas-en-casanare-rechazan-devolucion-de-medalla-por-falsos-positivos-en-casanare-otorgada-a-general-r-torres-escalante\/\",\"url\":\"https:\/\/marthacifuentes.com\/portada\/por-no-decir-la-verdad-victimas-en-casanare-rechazan-devolucion-de-medalla-por-falsos-positivos-en-casanare-otorgada-a-general-r-torres-escalante\/\",\"name\":\"Por no decir la verdad, v\u00edctimas en Casanare rechazan devoluci\u00f3n de medalla, por falsos positivos en Casanare, otorgada a general (r) Torres Escalante. - \u25b7 Noticias de Casanare : Martha Cifuentes | Casanare\",\"isPartOf\":{\"@id\":\"https:\/\/marthacifuentes.com\/portada\/#website\"},\"primaryImageOfPage\":{\"@id\":\"https:\/\/marthacifuentes.com\/portada\/por-no-decir-la-verdad-victimas-en-casanare-rechazan-devolucion-de-medalla-por-falsos-positivos-en-casanare-otorgada-a-general-r-torres-escalante\/#primaryimage\"},\"image\":{\"@id\":\"https:\/\/marthacifuentes.com\/portada\/por-no-decir-la-verdad-victimas-en-casanare-rechazan-devolucion-de-medalla-por-falsos-positivos-en-casanare-otorgada-a-general-r-torres-escalante\/#primaryimage\"},\"thumbnailUrl\":\"https:\/\/marthacifuentes.com\/portada\/wp-content\/uploads\/2024\/08\/FOTO-PORTADA-HENRY-TORRES-ESCALANTE-FALSOS-POSITIVOS.jpg\",\"datePublished\":\"2024-08-09T15:18:33+00:00\",\"dateModified\":\"2024-08-09T21:49:50+00:00\",\"author\":{\"@id\":\"https:\/\/marthacifuentes.com\/portada\/#\/schema\/person\/57f53174b991db5f90ff78d58502b714\"},\"breadcrumb\":{\"@id\":\"https:\/\/marthacifuentes.com\/portada\/por-no-decir-la-verdad-victimas-en-casanare-rechazan-devolucion-de-medalla-por-falsos-positivos-en-casanare-otorgada-a-general-r-torres-escalante\/#breadcrumb\"},\"inLanguage\":\"es\",\"potentialAction\":[{\"@type\":\"ReadAction\",\"target\":[\"https:\/\/marthacifuentes.com\/portada\/por-no-decir-la-verdad-victimas-en-casanare-rechazan-devolucion-de-medalla-por-falsos-positivos-en-casanare-otorgada-a-general-r-torres-escalante\/\"]}]},{\"@type\":\"ImageObject\",\"inLanguage\":\"es\",\"@id\":\"https:\/\/marthacifuentes.com\/portada\/por-no-decir-la-verdad-victimas-en-casanare-rechazan-devolucion-de-medalla-por-falsos-positivos-en-casanare-otorgada-a-general-r-torres-escalante\/#primaryimage\",\"url\":\"https:\/\/marthacifuentes.com\/portada\/wp-content\/uploads\/2024\/08\/FOTO-PORTADA-HENRY-TORRES-ESCALANTE-FALSOS-POSITIVOS.jpg\",\"contentUrl\":\"https:\/\/marthacifuentes.com\/portada\/wp-content\/uploads\/2024\/08\/FOTO-PORTADA-HENRY-TORRES-ESCALANTE-FALSOS-POSITIVOS.jpg\",\"width\":1024,\"height\":682},{\"@type\":\"BreadcrumbList\",\"@id\":\"https:\/\/marthacifuentes.com\/portada\/por-no-decir-la-verdad-victimas-en-casanare-rechazan-devolucion-de-medalla-por-falsos-positivos-en-casanare-otorgada-a-general-r-torres-escalante\/#breadcrumb\",\"itemListElement\":[{\"@type\":\"ListItem\",\"position\":1,\"name\":\"Portada\",\"item\":\"https:\/\/marthacifuentes.com\/portada\/\"},{\"@type\":\"ListItem\",\"position\":2,\"name\":\"Por no decir la verdad, v\u00edctimas en Casanare rechazan devoluci\u00f3n de medalla, por falsos positivos en Casanare, otorgada a general (r) Torres Escalante.\"}]},{\"@type\":\"WebSite\",\"@id\":\"https:\/\/marthacifuentes.com\/portada\/#website\",\"url\":\"https:\/\/marthacifuentes.com\/portada\/\",\"name\":\"\u25b7 Noticias de Casanare : Martha Cifuentes | Casanare\",\"description\":\"Noticias &amp; Contenidos\",\"potentialAction\":[{\"@type\":\"SearchAction\",\"target\":{\"@type\":\"EntryPoint\",\"urlTemplate\":\"https:\/\/marthacifuentes.com\/portada\/?s={search_term_string}\"},\"query-input\":{\"@type\":\"PropertyValueSpecification\",\"valueRequired\":true,\"valueName\":\"search_term_string\"}}],\"inLanguage\":\"es\"},{\"@type\":\"Person\",\"@id\":\"https:\/\/marthacifuentes.com\/portada\/#\/schema\/person\/57f53174b991db5f90ff78d58502b714\",\"name\":\"Martha Cifuentes\",\"image\":{\"@type\":\"ImageObject\",\"inLanguage\":\"es\",\"@id\":\"https:\/\/marthacifuentes.com\/portada\/#\/schema\/person\/image\/\",\"url\":\"http:\/\/marthacifuentes.com\/portada\/wp-content\/uploads\/2018\/06\/avatar_user_2_1528838701-96x96.jpg\",\"contentUrl\":\"http:\/\/marthacifuentes.com\/portada\/wp-content\/uploads\/2018\/06\/avatar_user_2_1528838701-96x96.jpg\",\"caption\":\"Martha Cifuentes\"},\"sameAs\":[\"http:\/\/www.marthacifuentes.com\"],\"url\":\"https:\/\/marthacifuentes.com\/portada\/author\/martha\/\"}]}<\/script>\n<!-- \/ Yoast SEO plugin. -->","yoast_head_json":{"title":"Por no decir la verdad, v\u00edctimas en Casanare rechazan devoluci\u00f3n de medalla, por falsos positivos en Casanare, otorgada a general (r) Torres Escalante. - \u25b7 Noticias de Casanare : Martha Cifuentes | Casanare","robots":{"index":"index","follow":"follow","max-snippet":"max-snippet:-1","max-image-preview":"max-image-preview:large","max-video-preview":"max-video-preview:-1"},"canonical":"https:\/\/marthacifuentes.com\/portada\/por-no-decir-la-verdad-victimas-en-casanare-rechazan-devolucion-de-medalla-por-falsos-positivos-en-casanare-otorgada-a-general-r-torres-escalante\/","og_locale":"es_ES","og_type":"article","og_title":"Por no decir la verdad, v\u00edctimas en Casanare rechazan devoluci\u00f3n de medalla, por falsos positivos en Casanare, otorgada a general (r) Torres Escalante. - \u25b7 Noticias de Casanare : Martha Cifuentes | Casanare","og_description":"Las v\u00edctimas de ejecuciones extrajudiciales -falsos positivos- en Casanare representadas en la Asociaci\u00f3n de V\u00edctimas de Casanare para la Paz, Casa-Paz, rechazaron la propuesta del general (r) Henry William Torres Escalante de devolver la medalla de \u201cServicios Distinguidos en Orden P\u00fablico\u201d, recibida por los resultados que obtuvo falsamente, durante su periodo como comandante de la &hellip;","og_url":"https:\/\/marthacifuentes.com\/portada\/por-no-decir-la-verdad-victimas-en-casanare-rechazan-devolucion-de-medalla-por-falsos-positivos-en-casanare-otorgada-a-general-r-torres-escalante\/","og_site_name":"\u25b7 Noticias de Casanare : Martha Cifuentes | Casanare","article_published_time":"2024-08-09T15:18:33+00:00","article_modified_time":"2024-08-09T21:49:50+00:00","og_image":[{"width":1024,"height":682,"url":"https:\/\/marthacifuentes.com\/portada\/wp-content\/uploads\/2024\/08\/FOTO-PORTADA-HENRY-TORRES-ESCALANTE-FALSOS-POSITIVOS.jpg","type":"image\/jpeg"}],"author":"Martha Cifuentes","twitter_card":"summary_large_image","twitter_misc":{"Escrito por":"Martha Cifuentes","Tiempo de lectura":"4 minutos"},"schema":{"@context":"https:\/\/schema.org","@graph":[{"@type":"WebPage","@id":"https:\/\/marthacifuentes.com\/portada\/por-no-decir-la-verdad-victimas-en-casanare-rechazan-devolucion-de-medalla-por-falsos-positivos-en-casanare-otorgada-a-general-r-torres-escalante\/","url":"https:\/\/marthacifuentes.com\/portada\/por-no-decir-la-verdad-victimas-en-casanare-rechazan-devolucion-de-medalla-por-falsos-positivos-en-casanare-otorgada-a-general-r-torres-escalante\/","name":"Por no decir la verdad, v\u00edctimas en Casanare rechazan devoluci\u00f3n de medalla, por falsos positivos en Casanare, otorgada a general (r) Torres Escalante. - \u25b7 Noticias de Casanare : Martha Cifuentes | Casanare","isPartOf":{"@id":"https:\/\/marthacifuentes.com\/portada\/#website"},"primaryImageOfPage":{"@id":"https:\/\/marthacifuentes.com\/portada\/por-no-decir-la-verdad-victimas-en-casanare-rechazan-devolucion-de-medalla-por-falsos-positivos-en-casanare-otorgada-a-general-r-torres-escalante\/#primaryimage"},"image":{"@id":"https:\/\/marthacifuentes.com\/portada\/por-no-decir-la-verdad-victimas-en-casanare-rechazan-devolucion-de-medalla-por-falsos-positivos-en-casanare-otorgada-a-general-r-torres-escalante\/#primaryimage"},"thumbnailUrl":"https:\/\/marthacifuentes.com\/portada\/wp-content\/uploads\/2024\/08\/FOTO-PORTADA-HENRY-TORRES-ESCALANTE-FALSOS-POSITIVOS.jpg","datePublished":"2024-08-09T15:18:33+00:00","dateModified":"2024-08-09T21:49:50+00:00","author":{"@id":"https:\/\/marthacifuentes.com\/portada\/#\/schema\/person\/57f53174b991db5f90ff78d58502b714"},"breadcrumb":{"@id":"https:\/\/marthacifuentes.com\/portada\/por-no-decir-la-verdad-victimas-en-casanare-rechazan-devolucion-de-medalla-por-falsos-positivos-en-casanare-otorgada-a-general-r-torres-escalante\/#breadcrumb"},"inLanguage":"es","potentialAction":[{"@type":"ReadAction","target":["https:\/\/marthacifuentes.com\/portada\/por-no-decir-la-verdad-victimas-en-casanare-rechazan-devolucion-de-medalla-por-falsos-positivos-en-casanare-otorgada-a-general-r-torres-escalante\/"]}]},{"@type":"ImageObject","inLanguage":"es","@id":"https:\/\/marthacifuentes.com\/portada\/por-no-decir-la-verdad-victimas-en-casanare-rechazan-devolucion-de-medalla-por-falsos-positivos-en-casanare-otorgada-a-general-r-torres-escalante\/#primaryimage","url":"https:\/\/marthacifuentes.com\/portada\/wp-content\/uploads\/2024\/08\/FOTO-PORTADA-HENRY-TORRES-ESCALANTE-FALSOS-POSITIVOS.jpg","contentUrl":"https:\/\/marthacifuentes.com\/portada\/wp-content\/uploads\/2024\/08\/FOTO-PORTADA-HENRY-TORRES-ESCALANTE-FALSOS-POSITIVOS.jpg","width":1024,"height":682},{"@type":"BreadcrumbList","@id":"https:\/\/marthacifuentes.com\/portada\/por-no-decir-la-verdad-victimas-en-casanare-rechazan-devolucion-de-medalla-por-falsos-positivos-en-casanare-otorgada-a-general-r-torres-escalante\/#breadcrumb","itemListElement":[{"@type":"ListItem","position":1,"name":"Portada","item":"https:\/\/marthacifuentes.com\/portada\/"},{"@type":"ListItem","position":2,"name":"Por no decir la verdad, v\u00edctimas en Casanare rechazan devoluci\u00f3n de medalla, por falsos positivos en Casanare, otorgada a general (r) Torres Escalante."}]},{"@type":"WebSite","@id":"https:\/\/marthacifuentes.com\/portada\/#website","url":"https:\/\/marthacifuentes.com\/portada\/","name":"\u25b7 Noticias de Casanare : Martha Cifuentes | Casanare","description":"Noticias &amp; Contenidos","potentialAction":[{"@type":"SearchAction","target":{"@type":"EntryPoint","urlTemplate":"https:\/\/marthacifuentes.com\/portada\/?s={search_term_string}"},"query-input":{"@type":"PropertyValueSpecification","valueRequired":true,"valueName":"search_term_string"}}],"inLanguage":"es"},{"@type":"Person","@id":"https:\/\/marthacifuentes.com\/portada\/#\/schema\/person\/57f53174b991db5f90ff78d58502b714","name":"Martha Cifuentes","image":{"@type":"ImageObject","inLanguage":"es","@id":"https:\/\/marthacifuentes.com\/portada\/#\/schema\/person\/image\/","url":"http:\/\/marthacifuentes.com\/portada\/wp-content\/uploads\/2018\/06\/avatar_user_2_1528838701-96x96.jpg","contentUrl":"http:\/\/marthacifuentes.com\/portada\/wp-content\/uploads\/2018\/06\/avatar_user_2_1528838701-96x96.jpg","caption":"Martha Cifuentes"},"sameAs":["http:\/\/www.marthacifuentes.com"],"url":"https:\/\/marthacifuentes.com\/portada\/author\/martha\/"}]}},"_links":{"self":[{"href":"https:\/\/marthacifuentes.com\/portada\/wp-json\/wp\/v2\/posts\/33829","targetHints":{"allow":["GET"]}}],"collection":[{"href":"https:\/\/marthacifuentes.com\/portada\/wp-json\/wp\/v2\/posts"}],"about":[{"href":"https:\/\/marthacifuentes.com\/portada\/wp-json\/wp\/v2\/types\/post"}],"author":[{"embeddable":true,"href":"https:\/\/marthacifuentes.com\/portada\/wp-json\/wp\/v2\/users\/2"}],"replies":[{"embeddable":true,"href":"https:\/\/marthacifuentes.com\/portada\/wp-json\/wp\/v2\/comments?post=33829"}],"version-history":[{"count":2,"href":"https:\/\/marthacifuentes.com\/portada\/wp-json\/wp\/v2\/posts\/33829\/revisions"}],"predecessor-version":[{"id":33837,"href":"https:\/\/marthacifuentes.com\/portada\/wp-json\/wp\/v2\/posts\/33829\/revisions\/33837"}],"wp:featuredmedia":[{"embeddable":true,"href":"https:\/\/marthacifuentes.com\/portada\/wp-json\/wp\/v2\/media\/33831"}],"wp:attachment":[{"href":"https:\/\/marthacifuentes.com\/portada\/wp-json\/wp\/v2\/media?parent=33829"}],"wp:term":[{"taxonomy":"category","embeddable":true,"href":"https:\/\/marthacifuentes.com\/portada\/wp-json\/wp\/v2\/categories?post=33829"},{"taxonomy":"post_tag","embeddable":true,"href":"https:\/\/marthacifuentes.com\/portada\/wp-json\/wp\/v2\/tags?post=33829"}],"curies":[{"name":"wp","href":"https:\/\/api.w.org\/{rel}","templated":true}]}}