{"id":33864,"date":"2024-08-13T08:33:15","date_gmt":"2024-08-13T13:33:15","guid":{"rendered":"https:\/\/marthacifuentes.com\/portada\/?p=33864"},"modified":"2024-08-13T08:33:15","modified_gmt":"2024-08-13T13:33:15","slug":"50-de-propietarios-de-carros-y-motos-pendientes-de-pago-de-impuesto-vehicular-en-casanare","status":"publish","type":"post","link":"https:\/\/marthacifuentes.com\/portada\/50-de-propietarios-de-carros-y-motos-pendientes-de-pago-de-impuesto-vehicular-en-casanare\/","title":{"rendered":"50% de propietarios de carros y motos pendientes de pago de impuesto vehicular en Casanare"},"content":{"rendered":"<p>En Casanare, m\u00e1s de 25 mil usuarios propietarios de motocicletas de m\u00e1s de 125 cent\u00edmetros c\u00fabicos y carros matriculados en el Departamento no se han puesto al d\u00eda con su pago de impuesto vehicular. Secretar\u00eda de Hacienda los convoca a pagar y evitarse sanciones y cobros de inter\u00e9s, hasta el 30 de noviembre.<\/p>\n<p>Seg\u00fan la informaci\u00f3n brindada por la Direcci\u00f3n de Rentas Departamental, de los 50.259 contribuyentes obligados a tributar este a\u00f1o, solamente el 49%, esto es 24.486 personas han pagado el impuesto de esta vigencia, contribuyentes que aprovecharon los descuentos por pronto pago y en su conjunto se ahorraron m\u00e1s de 1.781 millones de pesos, \u00a1ser cumplido s\u00ed paga!<\/p>\n<p>&nbsp;<\/p>\n<p><strong>Sanciones por no pago a tiempo<\/strong><\/p>\n<p>El director de Rentas de la Gobernaci\u00f3n de Casanare, Jonny Silva Rivera, nos record\u00f3 que \u201csi no pago a tiempo la sanci\u00f3n m\u00ednima para el 2024 est\u00e1 en 47.000 pesos para motocicletas y 143.000 para carros, no haga m\u00e1s gravosa su obligaci\u00f3n\u201d, reiter\u00f3 el titular de cartera, que este es un buen momento para ponerse al d\u00eda; de otro lado se invita a los deudores de vigencias anteriores a suscribir un acuerdo de pago con la Secretar\u00eda de Hacienda y saldar su obligaci\u00f3n en c\u00f3modas cuotas.<\/p>\n<p>&nbsp;<\/p>\n<p>Pueden pagar por diversos medios:<\/p>\n<ul>\n<li>Por la p\u00e1gina web\u00a0<a href=\"http:\/\/www.impuestos.casanare.gov.co\/\">impuestos.casanare.gov.co<\/a>, opci\u00f3n (Impuesto \u2013 veh\u00edculos),<\/li>\n<li>Por S\u00faper Giros,<\/li>\n<li>Por el sistema de pago electr\u00f3nico \u2013 PSE<\/li>\n<li>en Tesorer\u00eda\/ventanilla de la Gobernaci\u00f3n primer piso<\/li>\n<\/ul>\n<h2><strong>Otras noticias\u2026<\/strong><\/h2>\n<blockquote class=\"wp-embedded-content\" data-secret=\"KPWiD7N6Xf\"><p><a href=\"https:\/\/marthacifuentes.com\/portada\/2024\/08\/13\/en-getsemani-y-salome-ii-de-yopal-familias-ahora-con-gas-natural-adios-al-cilindro\/\">En Getseman\u00ed y Salom\u00e9 II de Yopal, familias ahora con gas natural. Adi\u00f3s al cilindro.<\/a><\/p><\/blockquote>\n<p><iframe loading=\"lazy\" class=\"wp-embedded-content\" sandbox=\"allow-scripts\" security=\"restricted\" style=\"position: absolute; clip: rect(1px, 1px, 1px, 1px);\" title=\"\u00abEn Getseman\u00ed y Salom\u00e9 II de Yopal, familias ahora con gas natural. Adi\u00f3s al cilindro.\u00bb \u2014 \u25b7 Noticias de Casanare : Martha Cifuentes | Casanare\" src=\"https:\/\/marthacifuentes.com\/portada\/2024\/08\/13\/en-getsemani-y-salome-ii-de-yopal-familias-ahora-con-gas-natural-adios-al-cilindro\/embed\/#?secret=k4xD69IMfK#?secret=KPWiD7N6Xf\" data-secret=\"KPWiD7N6Xf\" width=\"500\" height=\"282\" frameborder=\"0\" marginwidth=\"0\" marginheight=\"0\" scrolling=\"no\"><\/iframe><\/p>\n<p><iframe loading=\"lazy\" class=\"wp-embedded-content\" title=\"\u00abPTAP de Yopal se conectar\u00e1 a la quebrada La Tablona\u00bb \u2014 \u25b7 Noticias de Casanare : Martha Cifuentes | Casanare\" src=\"https:\/\/marthacifuentes.com\/portada\/2024\/08\/13\/ptap-de-yopal-se-conectara-a-la-quebrada-la-tablona\/embed\/#?secret=2ZKzVdeT7n#?secret=R9coqEMJmD\" width=\"600\" height=\"572\" frameborder=\"0\" marginwidth=\"0\" marginheight=\"0\" scrolling=\"no\" sandbox=\"allow-scripts\" data-secret=\"R9coqEMJmD\" data-mce-fragment=\"1\"><\/iframe><\/p>\n<p><iframe loading=\"lazy\" class=\"wp-embedded-content\" title=\"\u00ab100 puntos cr\u00edticos en la v\u00eda Yopal \u2013 Palomas Agua Verde fueron intervenidos\u00bb \u2014 \u25b7 Noticias de Casanare : Martha Cifuentes | Casanare\" src=\"https:\/\/marthacifuentes.com\/portada\/2024\/08\/13\/100-puntos-criticos-en-la-via-yopal-palomas-agua-verde-fueron-intervenidos\/embed\/#?secret=wzdvzfla9B#?secret=94uEcAqfrv\" width=\"600\" height=\"621\" frameborder=\"0\" marginwidth=\"0\" marginheight=\"0\" scrolling=\"no\" sandbox=\"allow-scripts\" data-secret=\"94uEcAqfrv\" data-mce-fragment=\"1\"><\/iframe><\/p>\n<p><iframe loading=\"lazy\" class=\"wp-embedded-content\" title=\"\u00abA finales de octubre estar\u00eda habilitada v\u00eda Curis\u00ed\u2013Pajarito para veh\u00edculos livianos\u00bb \u2014 \u25b7 Noticias de Casanare : Martha Cifuentes | Casanare\" src=\"https:\/\/marthacifuentes.com\/portada\/2024\/08\/12\/a-finales-de-octubre-estaria-habilitada-via-curisi-pajarito-para-vehiculos-livianos\/embed\/#?secret=MTjnyxeWaU#?secret=9fn7UVHgfJ\" width=\"600\" height=\"555\" frameborder=\"0\" marginwidth=\"0\" marginheight=\"0\" scrolling=\"no\" sandbox=\"allow-scripts\" data-secret=\"9fn7UVHgfJ\" data-mce-fragment=\"1\"><\/iframe><\/p>\n<p><iframe loading=\"lazy\" class=\"wp-embedded-content\" title=\"\u00abSembrando Joropo de Ecopetrol ha beneficiado a m\u00e1s de 3.700 casanare\u00f1os con formaci\u00f3n cultural\u00bb \u2014 \u25b7 Noticias de Casanare : Martha Cifuentes | Casanare\" src=\"https:\/\/marthacifuentes.com\/portada\/2024\/08\/12\/sembrando-joropo-de-ecopetrol-ha-beneficiado-a-mas-de-3-700-casanarenos-con-formacion-cultural\/embed\/#?secret=Hqm8lwxJZ2#?secret=aScJtwUqj4\" width=\"600\" height=\"621\" frameborder=\"0\" marginwidth=\"0\" marginheight=\"0\" scrolling=\"no\" sandbox=\"allow-scripts\" data-secret=\"aScJtwUqj4\" data-mce-fragment=\"1\"><\/iframe><\/p>\n<p><iframe loading=\"lazy\" class=\"wp-embedded-content\" title=\"\u00ab\u00a1Alto a la corrupci\u00f3n! Tribunal frena negocio de concesi\u00f3n y fotomultas en Yopal. Adi\u00f3s a SETTY.\u00bb \u2014 \u25b7 Noticias de Casanare : Martha Cifuentes | Casanare\" src=\"https:\/\/marthacifuentes.com\/portada\/2024\/08\/12\/alto-a-la-corrupcion-tribunal-frena-negocio-de-concesion-y-fotomultas-en-yopal-adios-a-setty\/embed\/#?secret=l5LCjC4Z4f#?secret=gY7ZznWz4F\" width=\"600\" height=\"621\" frameborder=\"0\" marginwidth=\"0\" marginheight=\"0\" scrolling=\"no\" sandbox=\"allow-scripts\" data-secret=\"gY7ZznWz4F\" data-mce-fragment=\"1\"><\/iframe><\/p>\n<p><iframe loading=\"lazy\" class=\"wp-embedded-content\" title=\"\u00abCae otro cabecilla de finanzas del Clan del Golfo en el sur Casanare\u00bb \u2014 \u25b7 Noticias de Casanare : Martha Cifuentes | Casanare\" src=\"https:\/\/marthacifuentes.com\/portada\/2024\/08\/09\/cae-otro-cabecilla-de-finanzas-del-clan-del-golfo-en-el-sur-casanare\/embed\/#?secret=wQT1sq1Ofx#?secret=reAZgRduKz\" width=\"600\" height=\"596\" frameborder=\"0\" marginwidth=\"0\" marginheight=\"0\" scrolling=\"no\" sandbox=\"allow-scripts\" data-secret=\"reAZgRduKz\" data-mce-fragment=\"1\"><\/iframe><\/p>\n<p><iframe loading=\"lazy\" class=\"wp-embedded-content\" title=\"\u00abCae otro cabecilla de finanzas del Clan del Golfo en el sur Casanare\u00bb \u2014 \u25b7 Noticias de Casanare : Martha Cifuentes | Casanare\" src=\"https:\/\/marthacifuentes.com\/portada\/2024\/08\/09\/cae-otro-cabecilla-de-finanzas-del-clan-del-golfo-en-el-sur-casanare\/embed\/#?secret=wQT1sq1Ofx#?secret=reAZgRduKz\" width=\"600\" height=\"596\" frameborder=\"0\" marginwidth=\"0\" marginheight=\"0\" scrolling=\"no\" sandbox=\"allow-scripts\" data-secret=\"reAZgRduKz\" data-mce-fragment=\"1\"><\/iframe><\/p>\n<p><iframe loading=\"lazy\" class=\"wp-embedded-content\" title=\"\u00abPor no decir la verdad, v\u00edctimas en Casanare rechazan devoluci\u00f3n de medalla, por falsos positivos en Casanare, otorgada a general (r) Torres Escalante.\u00bb \u2014 \u25b7 Noticias de Casanare : Martha Cifuentes | Casanare\" src=\"https:\/\/marthacifuentes.com\/portada\/2024\/08\/09\/por-no-decir-la-verdad-victimas-en-casanare-rechazan-devolucion-de-medalla-por-falsos-positivos-en-casanare-otorgada-a-general-r-torres-escalante\/embed\/#?secret=eQ5f0AEHZN#?secret=V0pMDtzN8F\" width=\"600\" height=\"650\" frameborder=\"0\" marginwidth=\"0\" marginheight=\"0\" scrolling=\"no\" sandbox=\"allow-scripts\" data-secret=\"V0pMDtzN8F\" data-mce-fragment=\"1\"><\/iframe><\/p>\n<p><iframe loading=\"lazy\" class=\"wp-embedded-content\" title=\"\u00abAlerta en Monterrey, Casanare. Con carteles y panfletos se anuncia presencia de disidencias de las Farc.\u00bb \u2014 \u25b7 Noticias de Casanare : Martha Cifuentes | Casanare\" src=\"https:\/\/marthacifuentes.com\/portada\/2024\/08\/08\/alerta-en-monterrey-casanare-con-carteles-y-panfletos-se-anuncia-presencia-de-disidencias-de-las-farc\/embed\/#?secret=A0uqR91nCA#?secret=vWRm880Go9\" width=\"600\" height=\"636\" frameborder=\"0\" marginwidth=\"0\" marginheight=\"0\" scrolling=\"no\" sandbox=\"allow-scripts\" data-secret=\"vWRm880Go9\" data-mce-fragment=\"1\"><\/iframe><\/p>\n<p><iframe loading=\"lazy\" class=\"wp-embedded-content\" title=\"\u00abDeclarada urgencia manifiesta en v\u00eda del Cusiana. En septiembre habr\u00eda paso entre Curis\u00ed y Pajarito.\u00bb \u2014 \u25b7 Noticias de Casanare : Martha Cifuentes | Casanare\" src=\"https:\/\/marthacifuentes.com\/portada\/2024\/07\/25\/declarada-urgencia-manifiesta-en-via-del-cusiana-en-septiembre-habria-paso-entre-curisi-y-pajarito\/embed\/#?secret=A8OucXllHJ#?secret=JH7oIRl3Yn\" width=\"600\" height=\"534\" frameborder=\"0\" marginwidth=\"0\" marginheight=\"0\" scrolling=\"no\" sandbox=\"allow-scripts\" data-secret=\"JH7oIRl3Yn\" data-mce-fragment=\"1\"><\/iframe><\/p>\n<p><iframe loading=\"lazy\" class=\"wp-embedded-content\" title=\"\u00abJulio C\u00e9sar Cuevas \u201cEl gordito de oro\u201d nombrado gerente de ACUATODOS\u00bb \u2014 \u25b7 Noticias de Casanare : Martha Cifuentes | Casanare\" src=\"https:\/\/marthacifuentes.com\/portada\/2024\/07\/25\/julio-cesar-cuevas-el-gordito-de-oro-nombrado-gerente-de-acuatodos\/embed\/#?secret=CFOnhjdC5w#?secret=V2X0gXOZUY\" width=\"600\" height=\"621\" frameborder=\"0\" marginwidth=\"0\" marginheight=\"0\" scrolling=\"no\" sandbox=\"allow-scripts\" data-secret=\"V2X0gXOZUY\" data-mce-fragment=\"1\"><\/iframe><\/p>\n<p><iframe loading=\"lazy\" class=\"wp-embedded-content\" title=\"\u00abPresidente del Concejo de Man\u00ed salpicado en pliego de cargos por irregularidades en el terminal de transporte de Puerto Gait\u00e1n, Meta.\u00bb \u2014 \u25b7 Noticias de Casanare : Martha Cifuentes | Casanare\" src=\"https:\/\/marthacifuentes.com\/portada\/2024\/07\/25\/presidente-del-concejo-de-mani-salpicado-en-pliego-de-cargos-por-irregularidades-en-el-terminal-de-transporte-de-puerto-gaitan-meta\/embed\/#?secret=b40nmQyp4Y#?secret=7BUrEhPfgQ\" width=\"600\" height=\"650\" frameborder=\"0\" marginwidth=\"0\" marginheight=\"0\" scrolling=\"no\" sandbox=\"allow-scripts\" data-secret=\"7BUrEhPfgQ\" data-mce-fragment=\"1\"><\/iframe><\/p>\n<p><iframe loading=\"lazy\" class=\"wp-embedded-content\" title=\"\u00abZona rural de Hato Corozal tendr\u00e1 dos puentes vehiculares hechos con tuber\u00eda petrolera\u00bb \u2014 \u25b7 Noticias de Casanare : Martha Cifuentes | Casanare\" src=\"https:\/\/marthacifuentes.com\/portada\/2024\/07\/24\/zona-rural-de-hato-corozal-tendra-dos-puentes-vehiculares-hechos-con-tuberia-petrolera\/embed\/#?secret=iRsMxzndR2#?secret=SXA7Rwvs2z\" width=\"600\" height=\"599\" frameborder=\"0\" marginwidth=\"0\" marginheight=\"0\" scrolling=\"no\" sandbox=\"allow-scripts\" data-secret=\"SXA7Rwvs2z\" data-mce-fragment=\"1\"><\/iframe><\/p>\n<p><iframe loading=\"lazy\" class=\"wp-embedded-content\" title=\"\u00abSenadores casanare\u00f1os, de oposici\u00f3n y gobiernista, elegidos en importantes posiciones en el Congreso.\u00bb \u2014 \u25b7 Noticias de Casanare : Martha Cifuentes | Casanare\" src=\"https:\/\/marthacifuentes.com\/portada\/2024\/07\/24\/senadores-casanarenos-de-oposicion-y-gobiernista-elegidos-en-importantes-posiciones-en-el-congreso\/embed\/#?secret=nBxXXgJmKn#?secret=hoxKBcs8Wt\" width=\"600\" height=\"621\" frameborder=\"0\" marginwidth=\"0\" marginheight=\"0\" scrolling=\"no\" sandbox=\"allow-scripts\" data-secret=\"hoxKBcs8Wt\" data-mce-fragment=\"1\"><\/iframe><\/p>\n<p><iframe loading=\"lazy\" class=\"wp-embedded-content\" title=\"\u00abZorro afirma que acabar\u00e1 con tercerizaciones desventajosas del Horo\u00bb \u2014 \u25b7 Noticias de Casanare : Martha Cifuentes | Casanare\" src=\"https:\/\/marthacifuentes.com\/portada\/2024\/07\/24\/zorro-afirma-que-acabara-con-tercerizaciones-desventajosas-del-horo\/embed\/#?secret=pxD6eoOmP3#?secret=IYZiav6rz2\" width=\"600\" height=\"620\" frameborder=\"0\" marginwidth=\"0\" marginheight=\"0\" scrolling=\"no\" sandbox=\"allow-scripts\" data-secret=\"IYZiav6rz2\" data-mce-fragment=\"1\"><\/iframe><\/p>\n","protected":false},"excerpt":{"rendered":"<p>En Casanare, m\u00e1s de 25 mil usuarios propietarios de motocicletas de m\u00e1s de 125 cent\u00edmetros c\u00fabicos y carros matriculados en el Departamento no se han puesto al d\u00eda con su pago de impuesto vehicular. Secretar\u00eda de Hacienda los convoca a pagar y evitarse sanciones y cobros de inter\u00e9s, hasta el 30 de noviembre. Seg\u00fan la &hellip;<\/p>\n","protected":false},"author":2,"featured_media":33872,"comment_status":"open","ping_status":"open","sticky":false,"template":"","format":"standard","meta":{"om_disable_all_campaigns":false,"_exactmetrics_skip_tracking":false,"_exactmetrics_sitenote_active":false,"_exactmetrics_sitenote_note":"","_exactmetrics_sitenote_category":0,"_monsterinsights_skip_tracking":false,"_monsterinsights_sitenote_active":false,"_monsterinsights_sitenote_note":"","_monsterinsights_sitenote_category":0,"_uf_show_specific_survey":0,"_uf_disable_surveys":false,"_joinchat":[],"footnotes":""},"categories":[147,4720,145],"tags":[10838,10831,154,10835,10836,10833,187,10830,10832,10834,10839,710,10837,10842,2097,1121,10841,10843,10840],"class_list":["post-33864","post","type-post","status-publish","format-standard","has-post-thumbnail","hentry","category-actualidad","category-galeria","category-reportajes","tag-acuerdos-de-pago","tag-carros","tag-casanare","tag-contribuyentes","tag-descuentos","tag-direccion-de-rentas-departamental","tag-gobernacion-de-casanare","tag-impuesto-vehicular","tag-intereses","tag-jonny-silva-rivera","tag-medios-de-pago","tag-motocicletas","tag-pronto-pago","tag-pse","tag-sanciones","tag-secretaria-de-hacienda","tag-super-giros","tag-tesoreria","tag-www-impuestos-casanare-gov-co"],"yoast_head":"<!-- This site is optimized with the Yoast SEO plugin v26.1 - https:\/\/yoast.com\/wordpress\/plugins\/seo\/ -->\n<title>50% de propietarios de carros y motos pendientes de pago de impuesto vehicular en Casanare - \u25b7 Noticias de Casanare : Martha Cifuentes | Casanare<\/title>\n<meta name=\"robots\" content=\"index, follow, max-snippet:-1, max-image-preview:large, max-video-preview:-1\" \/>\n<link rel=\"canonical\" href=\"https:\/\/marthacifuentes.com\/portada\/50-de-propietarios-de-carros-y-motos-pendientes-de-pago-de-impuesto-vehicular-en-casanare\/\" \/>\n<meta property=\"og:locale\" content=\"es_ES\" \/>\n<meta property=\"og:type\" content=\"article\" \/>\n<meta property=\"og:title\" content=\"50% de propietarios de carros y motos pendientes de pago de impuesto vehicular en Casanare - \u25b7 Noticias de Casanare : Martha Cifuentes | Casanare\" \/>\n<meta property=\"og:description\" content=\"En Casanare, m\u00e1s de 25 mil usuarios propietarios de motocicletas de m\u00e1s de 125 cent\u00edmetros c\u00fabicos y carros matriculados en el Departamento no se han puesto al d\u00eda con su pago de impuesto vehicular. Secretar\u00eda de Hacienda los convoca a pagar y evitarse sanciones y cobros de inter\u00e9s, hasta el 30 de noviembre. Seg\u00fan la &hellip;\" \/>\n<meta property=\"og:url\" content=\"https:\/\/marthacifuentes.com\/portada\/50-de-propietarios-de-carros-y-motos-pendientes-de-pago-de-impuesto-vehicular-en-casanare\/\" \/>\n<meta property=\"og:site_name\" content=\"\u25b7 Noticias de Casanare : Martha Cifuentes | Casanare\" \/>\n<meta property=\"article:published_time\" content=\"2024-08-13T13:33:15+00:00\" \/>\n<meta property=\"og:image\" content=\"https:\/\/marthacifuentes.com\/portada\/wp-content\/uploads\/2024\/08\/FOTO-PORTADA-50-POR-CIENTO-DE-PROPIETARIOS-DE-CARROS-Y-MOTOS-IMPUESTO-VEHICULAR.jpg\" \/>\n\t<meta property=\"og:image:width\" content=\"1500\" \/>\n\t<meta property=\"og:image:height\" content=\"1500\" \/>\n\t<meta property=\"og:image:type\" content=\"image\/jpeg\" \/>\n<meta name=\"author\" content=\"Martha Cifuentes\" \/>\n<meta name=\"twitter:card\" content=\"summary_large_image\" \/>\n<meta name=\"twitter:label1\" content=\"Escrito por\" \/>\n\t<meta name=\"twitter:data1\" content=\"Martha Cifuentes\" \/>\n\t<meta name=\"twitter:label2\" content=\"Tiempo de lectura\" \/>\n\t<meta name=\"twitter:data2\" content=\"1 minuto\" \/>\n<script type=\"application\/ld+json\" class=\"yoast-schema-graph\">{\"@context\":\"https:\/\/schema.org\",\"@graph\":[{\"@type\":\"WebPage\",\"@id\":\"https:\/\/marthacifuentes.com\/portada\/50-de-propietarios-de-carros-y-motos-pendientes-de-pago-de-impuesto-vehicular-en-casanare\/\",\"url\":\"https:\/\/marthacifuentes.com\/portada\/50-de-propietarios-de-carros-y-motos-pendientes-de-pago-de-impuesto-vehicular-en-casanare\/\",\"name\":\"50% de propietarios de carros y motos pendientes de pago de impuesto vehicular en Casanare - \u25b7 Noticias de Casanare : Martha Cifuentes | Casanare\",\"isPartOf\":{\"@id\":\"https:\/\/marthacifuentes.com\/portada\/#website\"},\"primaryImageOfPage\":{\"@id\":\"https:\/\/marthacifuentes.com\/portada\/50-de-propietarios-de-carros-y-motos-pendientes-de-pago-de-impuesto-vehicular-en-casanare\/#primaryimage\"},\"image\":{\"@id\":\"https:\/\/marthacifuentes.com\/portada\/50-de-propietarios-de-carros-y-motos-pendientes-de-pago-de-impuesto-vehicular-en-casanare\/#primaryimage\"},\"thumbnailUrl\":\"https:\/\/marthacifuentes.com\/portada\/wp-content\/uploads\/2024\/08\/FOTO-PORTADA-50-POR-CIENTO-DE-PROPIETARIOS-DE-CARROS-Y-MOTOS-IMPUESTO-VEHICULAR.jpg\",\"datePublished\":\"2024-08-13T13:33:15+00:00\",\"author\":{\"@id\":\"https:\/\/marthacifuentes.com\/portada\/#\/schema\/person\/57f53174b991db5f90ff78d58502b714\"},\"breadcrumb\":{\"@id\":\"https:\/\/marthacifuentes.com\/portada\/50-de-propietarios-de-carros-y-motos-pendientes-de-pago-de-impuesto-vehicular-en-casanare\/#breadcrumb\"},\"inLanguage\":\"es\",\"potentialAction\":[{\"@type\":\"ReadAction\",\"target\":[\"https:\/\/marthacifuentes.com\/portada\/50-de-propietarios-de-carros-y-motos-pendientes-de-pago-de-impuesto-vehicular-en-casanare\/\"]}]},{\"@type\":\"ImageObject\",\"inLanguage\":\"es\",\"@id\":\"https:\/\/marthacifuentes.com\/portada\/50-de-propietarios-de-carros-y-motos-pendientes-de-pago-de-impuesto-vehicular-en-casanare\/#primaryimage\",\"url\":\"https:\/\/marthacifuentes.com\/portada\/wp-content\/uploads\/2024\/08\/FOTO-PORTADA-50-POR-CIENTO-DE-PROPIETARIOS-DE-CARROS-Y-MOTOS-IMPUESTO-VEHICULAR.jpg\",\"contentUrl\":\"https:\/\/marthacifuentes.com\/portada\/wp-content\/uploads\/2024\/08\/FOTO-PORTADA-50-POR-CIENTO-DE-PROPIETARIOS-DE-CARROS-Y-MOTOS-IMPUESTO-VEHICULAR.jpg\",\"width\":1500,\"height\":1500},{\"@type\":\"BreadcrumbList\",\"@id\":\"https:\/\/marthacifuentes.com\/portada\/50-de-propietarios-de-carros-y-motos-pendientes-de-pago-de-impuesto-vehicular-en-casanare\/#breadcrumb\",\"itemListElement\":[{\"@type\":\"ListItem\",\"position\":1,\"name\":\"Portada\",\"item\":\"https:\/\/marthacifuentes.com\/portada\/\"},{\"@type\":\"ListItem\",\"position\":2,\"name\":\"50% de propietarios de carros y motos pendientes de pago de impuesto vehicular en Casanare\"}]},{\"@type\":\"WebSite\",\"@id\":\"https:\/\/marthacifuentes.com\/portada\/#website\",\"url\":\"https:\/\/marthacifuentes.com\/portada\/\",\"name\":\"\u25b7 Noticias de Casanare : Martha Cifuentes | Casanare\",\"description\":\"Noticias &amp; Contenidos\",\"potentialAction\":[{\"@type\":\"SearchAction\",\"target\":{\"@type\":\"EntryPoint\",\"urlTemplate\":\"https:\/\/marthacifuentes.com\/portada\/?s={search_term_string}\"},\"query-input\":{\"@type\":\"PropertyValueSpecification\",\"valueRequired\":true,\"valueName\":\"search_term_string\"}}],\"inLanguage\":\"es\"},{\"@type\":\"Person\",\"@id\":\"https:\/\/marthacifuentes.com\/portada\/#\/schema\/person\/57f53174b991db5f90ff78d58502b714\",\"name\":\"Martha Cifuentes\",\"image\":{\"@type\":\"ImageObject\",\"inLanguage\":\"es\",\"@id\":\"https:\/\/marthacifuentes.com\/portada\/#\/schema\/person\/image\/\",\"url\":\"http:\/\/marthacifuentes.com\/portada\/wp-content\/uploads\/2018\/06\/avatar_user_2_1528838701-96x96.jpg\",\"contentUrl\":\"http:\/\/marthacifuentes.com\/portada\/wp-content\/uploads\/2018\/06\/avatar_user_2_1528838701-96x96.jpg\",\"caption\":\"Martha Cifuentes\"},\"sameAs\":[\"http:\/\/www.marthacifuentes.com\"],\"url\":\"https:\/\/marthacifuentes.com\/portada\/author\/martha\/\"}]}<\/script>\n<!-- \/ Yoast SEO plugin. -->","yoast_head_json":{"title":"50% de propietarios de carros y motos pendientes de pago de impuesto vehicular en Casanare - \u25b7 Noticias de Casanare : Martha Cifuentes | Casanare","robots":{"index":"index","follow":"follow","max-snippet":"max-snippet:-1","max-image-preview":"max-image-preview:large","max-video-preview":"max-video-preview:-1"},"canonical":"https:\/\/marthacifuentes.com\/portada\/50-de-propietarios-de-carros-y-motos-pendientes-de-pago-de-impuesto-vehicular-en-casanare\/","og_locale":"es_ES","og_type":"article","og_title":"50% de propietarios de carros y motos pendientes de pago de impuesto vehicular en Casanare - \u25b7 Noticias de Casanare : Martha Cifuentes | Casanare","og_description":"En Casanare, m\u00e1s de 25 mil usuarios propietarios de motocicletas de m\u00e1s de 125 cent\u00edmetros c\u00fabicos y carros matriculados en el Departamento no se han puesto al d\u00eda con su pago de impuesto vehicular. Secretar\u00eda de Hacienda los convoca a pagar y evitarse sanciones y cobros de inter\u00e9s, hasta el 30 de noviembre. Seg\u00fan la &hellip;","og_url":"https:\/\/marthacifuentes.com\/portada\/50-de-propietarios-de-carros-y-motos-pendientes-de-pago-de-impuesto-vehicular-en-casanare\/","og_site_name":"\u25b7 Noticias de Casanare : Martha Cifuentes | Casanare","article_published_time":"2024-08-13T13:33:15+00:00","og_image":[{"width":1500,"height":1500,"url":"https:\/\/marthacifuentes.com\/portada\/wp-content\/uploads\/2024\/08\/FOTO-PORTADA-50-POR-CIENTO-DE-PROPIETARIOS-DE-CARROS-Y-MOTOS-IMPUESTO-VEHICULAR.jpg","type":"image\/jpeg"}],"author":"Martha Cifuentes","twitter_card":"summary_large_image","twitter_misc":{"Escrito por":"Martha Cifuentes","Tiempo de lectura":"1 minuto"},"schema":{"@context":"https:\/\/schema.org","@graph":[{"@type":"WebPage","@id":"https:\/\/marthacifuentes.com\/portada\/50-de-propietarios-de-carros-y-motos-pendientes-de-pago-de-impuesto-vehicular-en-casanare\/","url":"https:\/\/marthacifuentes.com\/portada\/50-de-propietarios-de-carros-y-motos-pendientes-de-pago-de-impuesto-vehicular-en-casanare\/","name":"50% de propietarios de carros y motos pendientes de pago de impuesto vehicular en Casanare - \u25b7 Noticias de Casanare : Martha Cifuentes | Casanare","isPartOf":{"@id":"https:\/\/marthacifuentes.com\/portada\/#website"},"primaryImageOfPage":{"@id":"https:\/\/marthacifuentes.com\/portada\/50-de-propietarios-de-carros-y-motos-pendientes-de-pago-de-impuesto-vehicular-en-casanare\/#primaryimage"},"image":{"@id":"https:\/\/marthacifuentes.com\/portada\/50-de-propietarios-de-carros-y-motos-pendientes-de-pago-de-impuesto-vehicular-en-casanare\/#primaryimage"},"thumbnailUrl":"https:\/\/marthacifuentes.com\/portada\/wp-content\/uploads\/2024\/08\/FOTO-PORTADA-50-POR-CIENTO-DE-PROPIETARIOS-DE-CARROS-Y-MOTOS-IMPUESTO-VEHICULAR.jpg","datePublished":"2024-08-13T13:33:15+00:00","author":{"@id":"https:\/\/marthacifuentes.com\/portada\/#\/schema\/person\/57f53174b991db5f90ff78d58502b714"},"breadcrumb":{"@id":"https:\/\/marthacifuentes.com\/portada\/50-de-propietarios-de-carros-y-motos-pendientes-de-pago-de-impuesto-vehicular-en-casanare\/#breadcrumb"},"inLanguage":"es","potentialAction":[{"@type":"ReadAction","target":["https:\/\/marthacifuentes.com\/portada\/50-de-propietarios-de-carros-y-motos-pendientes-de-pago-de-impuesto-vehicular-en-casanare\/"]}]},{"@type":"ImageObject","inLanguage":"es","@id":"https:\/\/marthacifuentes.com\/portada\/50-de-propietarios-de-carros-y-motos-pendientes-de-pago-de-impuesto-vehicular-en-casanare\/#primaryimage","url":"https:\/\/marthacifuentes.com\/portada\/wp-content\/uploads\/2024\/08\/FOTO-PORTADA-50-POR-CIENTO-DE-PROPIETARIOS-DE-CARROS-Y-MOTOS-IMPUESTO-VEHICULAR.jpg","contentUrl":"https:\/\/marthacifuentes.com\/portada\/wp-content\/uploads\/2024\/08\/FOTO-PORTADA-50-POR-CIENTO-DE-PROPIETARIOS-DE-CARROS-Y-MOTOS-IMPUESTO-VEHICULAR.jpg","width":1500,"height":1500},{"@type":"BreadcrumbList","@id":"https:\/\/marthacifuentes.com\/portada\/50-de-propietarios-de-carros-y-motos-pendientes-de-pago-de-impuesto-vehicular-en-casanare\/#breadcrumb","itemListElement":[{"@type":"ListItem","position":1,"name":"Portada","item":"https:\/\/marthacifuentes.com\/portada\/"},{"@type":"ListItem","position":2,"name":"50% de propietarios de carros y motos pendientes de pago de impuesto vehicular en Casanare"}]},{"@type":"WebSite","@id":"https:\/\/marthacifuentes.com\/portada\/#website","url":"https:\/\/marthacifuentes.com\/portada\/","name":"\u25b7 Noticias de Casanare : Martha Cifuentes | Casanare","description":"Noticias &amp; Contenidos","potentialAction":[{"@type":"SearchAction","target":{"@type":"EntryPoint","urlTemplate":"https:\/\/marthacifuentes.com\/portada\/?s={search_term_string}"},"query-input":{"@type":"PropertyValueSpecification","valueRequired":true,"valueName":"search_term_string"}}],"inLanguage":"es"},{"@type":"Person","@id":"https:\/\/marthacifuentes.com\/portada\/#\/schema\/person\/57f53174b991db5f90ff78d58502b714","name":"Martha Cifuentes","image":{"@type":"ImageObject","inLanguage":"es","@id":"https:\/\/marthacifuentes.com\/portada\/#\/schema\/person\/image\/","url":"http:\/\/marthacifuentes.com\/portada\/wp-content\/uploads\/2018\/06\/avatar_user_2_1528838701-96x96.jpg","contentUrl":"http:\/\/marthacifuentes.com\/portada\/wp-content\/uploads\/2018\/06\/avatar_user_2_1528838701-96x96.jpg","caption":"Martha Cifuentes"},"sameAs":["http:\/\/www.marthacifuentes.com"],"url":"https:\/\/marthacifuentes.com\/portada\/author\/martha\/"}]}},"_links":{"self":[{"href":"https:\/\/marthacifuentes.com\/portada\/wp-json\/wp\/v2\/posts\/33864","targetHints":{"allow":["GET"]}}],"collection":[{"href":"https:\/\/marthacifuentes.com\/portada\/wp-json\/wp\/v2\/posts"}],"about":[{"href":"https:\/\/marthacifuentes.com\/portada\/wp-json\/wp\/v2\/types\/post"}],"author":[{"embeddable":true,"href":"https:\/\/marthacifuentes.com\/portada\/wp-json\/wp\/v2\/users\/2"}],"replies":[{"embeddable":true,"href":"https:\/\/marthacifuentes.com\/portada\/wp-json\/wp\/v2\/comments?post=33864"}],"version-history":[{"count":1,"href":"https:\/\/marthacifuentes.com\/portada\/wp-json\/wp\/v2\/posts\/33864\/revisions"}],"predecessor-version":[{"id":33873,"href":"https:\/\/marthacifuentes.com\/portada\/wp-json\/wp\/v2\/posts\/33864\/revisions\/33873"}],"wp:featuredmedia":[{"embeddable":true,"href":"https:\/\/marthacifuentes.com\/portada\/wp-json\/wp\/v2\/media\/33872"}],"wp:attachment":[{"href":"https:\/\/marthacifuentes.com\/portada\/wp-json\/wp\/v2\/media?parent=33864"}],"wp:term":[{"taxonomy":"category","embeddable":true,"href":"https:\/\/marthacifuentes.com\/portada\/wp-json\/wp\/v2\/categories?post=33864"},{"taxonomy":"post_tag","embeddable":true,"href":"https:\/\/marthacifuentes.com\/portada\/wp-json\/wp\/v2\/tags?post=33864"}],"curies":[{"name":"wp","href":"https:\/\/api.w.org\/{rel}","templated":true}]}}