{"id":33935,"date":"2024-08-23T17:20:50","date_gmt":"2024-08-23T22:20:50","guid":{"rendered":"https:\/\/marthacifuentes.com\/portada\/?p=33935"},"modified":"2024-08-23T17:20:50","modified_gmt":"2024-08-23T22:20:50","slug":"41-anos-de-prision-para-desalmada-mujer-que-promovio-abuso-sexual-continuado-contra-su-propia-hija-de-7-anos","status":"publish","type":"post","link":"https:\/\/marthacifuentes.com\/portada\/41-anos-de-prision-para-desalmada-mujer-que-promovio-abuso-sexual-continuado-contra-su-propia-hija-de-7-anos\/","title":{"rendered":"41 a\u00f1os de prisi\u00f3n para desalmada mujer que promovi\u00f3 abuso sexual continuado contra su propia hija de 7 a\u00f1os"},"content":{"rendered":"<p>Por estos hechos la mujer fue encontrada responsable de los delitos de acceso carnal abusivo con menor de 14 a\u00f1os, actos sexuales con menor de 14 a\u00f1os y pornograf\u00eda con personas menores de 18 a\u00f1os, todas las conductas agravadas.<\/p>\n<p>La labor investigativa desplegada por un fiscal de la Seccional Casanare permiti\u00f3 que un juez de Yopal condenara a 41 a\u00f1os y 6 meses de prisi\u00f3n a una mujer que durante cinco a\u00f1os promovi\u00f3 m\u00faltiples vej\u00e1menes sexuales en contra su hija, de 7 a\u00f1os.<\/p>\n<p>Labores de polic\u00eda judicial evidenciaron que el compa\u00f1ero sentimental de la ahora sentenciada someti\u00f3 inicialmente a la menor a tocamientos \u00edntimos; actos que luego, durante la convivencia de la pareja en una misma vivienda, se convirtieron en agresiones sexuales en las que particip\u00f3 la mam\u00e1 de la v\u00edctima.<\/p>\n<p>&nbsp;<\/p>\n<p><strong>En una USB se encontraron fotos y videos de los abusos a la ni\u00f1a<\/strong><\/p>\n<p>Estos hechos fueron denunciados ante las autoridades por un familiar de la ni\u00f1a quien de manera accidental tuvo acceso a una memoria USB de propiedad del padrastro de la v\u00edctima. En el dispositivo hab\u00eda carpetas con decenas de fotos y videos en los que se observaban las agresiones a las que era sometida la menor.<\/p>\n<p>Adem\u00e1s de la pena de prisi\u00f3n impuesta, la sentenciada deber\u00e1 pagar una multa de 750 salarios m\u00ednimos legales mensuales vigentes, y fue inhabilitada para ejercer derechos y funciones p\u00fablicas durante 20 a\u00f1os.<\/p>\n<p>&nbsp;<\/p>\n<p><strong>Padrastro tambi\u00e9n est\u00e1 en prisi\u00f3n<\/strong><\/p>\n<p>Por este mismo caso la Fiscal\u00eda General de la Naci\u00f3n judicializ\u00f3 al padrastro de la menor abusada. La justicia le dio la raz\u00f3n al ente acusador y sentenci\u00f3, en septiembre de 2022, al hombre a 24 a\u00f1os de prisi\u00f3n. En la actualidad se encuentra privado de la libertad en el centro penitenciario La Guafilla de Yopal.<\/p>\n<h2><span style=\"color: #ff6600;\">Otras noticias&#8230;<\/span><\/h2>\n<blockquote class=\"wp-embedded-content\" data-secret=\"gaZXwQrZic\"><p><a href=\"https:\/\/marthacifuentes.com\/portada\/2024\/08\/22\/lotes-de-la-bendicion-yopal-se-podran-titular-gratis-pero-uno-por-beneficiario-y-si-se-cumplen-los-requisitos\/\">Lotes de La Bendici\u00f3n, Yopal, se podr\u00e1n titular gratis, pero\u2026 Uno por beneficiario y si se cumplen los requisitos.<\/a><\/p><\/blockquote>\n<p><iframe loading=\"lazy\" class=\"wp-embedded-content\" sandbox=\"allow-scripts\" security=\"restricted\" style=\"position: absolute; clip: rect(1px, 1px, 1px, 1px);\" title=\"\u00abLotes de La Bendici\u00f3n, Yopal, se podr\u00e1n titular gratis, pero\u2026 Uno por beneficiario y si se cumplen los requisitos.\u00bb \u2014 \u25b7 Noticias de Casanare : Martha Cifuentes | Casanare\" src=\"https:\/\/marthacifuentes.com\/portada\/2024\/08\/22\/lotes-de-la-bendicion-yopal-se-podran-titular-gratis-pero-uno-por-beneficiario-y-si-se-cumplen-los-requisitos\/embed\/#?secret=q2Fz21q4wN#?secret=gaZXwQrZic\" data-secret=\"gaZXwQrZic\" width=\"500\" height=\"282\" frameborder=\"0\" marginwidth=\"0\" marginheight=\"0\" scrolling=\"no\"><\/iframe><\/p>\n<p><iframe loading=\"lazy\" class=\"wp-embedded-content\" title=\"\u00abPresunto caso de intento de rapto alert\u00f3 a colegio y su comunidad educativa en Yopal\u00bb \u2014 \u25b7 Noticias de Casanare : Martha Cifuentes | Casanare\" src=\"https:\/\/marthacifuentes.com\/portada\/2024\/08\/20\/presunto-caso-de-intento-de-rapto-alerto-a-colegio-y-su-comunidad-educativa-en-yopal\/embed\/#?secret=HpCEUDyHW1#?secret=r9M92WBxzT\" width=\"600\" height=\"621\" frameborder=\"0\" marginwidth=\"0\" marginheight=\"0\" scrolling=\"no\" sandbox=\"allow-scripts\" data-secret=\"r9M92WBxzT\" data-mce-fragment=\"1\"><\/iframe><\/p>\n<p><iframe loading=\"lazy\" class=\"wp-embedded-content\" title=\"\u00abGobernaci\u00f3n de Casanare instalar\u00e1 puentes en ca\u00f1os El Cravito y Los Caribes en Hato Corozal\u00bb \u2014 \u25b7 Noticias de Casanare : Martha Cifuentes | Casanare\" src=\"https:\/\/marthacifuentes.com\/portada\/2024\/08\/20\/gobernacion-de-casanare-instalara-puentes-en-canos-el-cravito-y-los-caribes-en-hato-corozal\/embed\/#?secret=vTtIJmkj47#?secret=vLTj5BJbml\" width=\"600\" height=\"600\" frameborder=\"0\" marginwidth=\"0\" marginheight=\"0\" scrolling=\"no\" sandbox=\"allow-scripts\" data-secret=\"vLTj5BJbml\" data-mce-fragment=\"1\"><\/iframe><\/p>\n<p><iframe loading=\"lazy\" class=\"wp-embedded-content\" title=\"\u00abConvenio de MinTIC y Gobernaci\u00f3n de Casanare llevar\u00e1 internet de alta velocidad a 62.000 habitantes\u00bb \u2014 \u25b7 Noticias de Casanare : Martha Cifuentes | Casanare\" src=\"https:\/\/marthacifuentes.com\/portada\/2024\/08\/20\/convenio-de-mintic-y-gobernacion-de-casanare-llevara-internet-de-alta-velocidad-a-62-000-habitantes\/embed\/#?secret=JQybkOWl0t#?secret=3XsTHR4Wsm\" width=\"600\" height=\"621\" frameborder=\"0\" marginwidth=\"0\" marginheight=\"0\" scrolling=\"no\" sandbox=\"allow-scripts\" data-secret=\"3XsTHR4Wsm\" data-mce-fragment=\"1\"><\/iframe><\/p>\n<p><iframe loading=\"lazy\" class=\"wp-embedded-content\" title=\"\u00ab10 pueblos ind\u00edgenas de Ca\u00f1o Mochuelo sometidos por el frente 28 de disidencias de las Farc: Alerta temprana de la Defensor\u00eda\u00bb \u2014 \u25b7 Noticias de Casanare : Martha Cifuentes | Casanare\" src=\"https:\/\/marthacifuentes.com\/portada\/2024\/08\/16\/10-pueblos-indigenas-de-cano-mochuelo-sometidos-por-el-frente-28-de-disidencias-de-las-farc-alerta-temprana-de-la-defensoria\/embed\/#?secret=HKoEqCWHwh#?secret=SSztHnb4jv\" width=\"600\" height=\"629\" frameborder=\"0\" marginwidth=\"0\" marginheight=\"0\" scrolling=\"no\" sandbox=\"allow-scripts\" data-secret=\"SSztHnb4jv\" data-mce-fragment=\"1\"><\/iframe><\/p>\n<p><iframe loading=\"lazy\" class=\"wp-embedded-content\" title=\"\u00abCompactador accidentado de la Eaaay NO ten\u00eda seguro de todo riesgo. Por esto se podr\u00eda perder $1.388 millones.\u00bb \u2014 \u25b7 Noticias de Casanare : Martha Cifuentes | Casanare\" src=\"https:\/\/marthacifuentes.com\/portada\/2024\/08\/16\/compactador-accidentado-de-la-eaaay-no-tenia-seguro-de-todo-riesgo-por-esto-se-podria-perder-1-388-millones\/embed\/#?secret=Em7DPE3hfS#?secret=b6DrCjaJxd\" width=\"600\" height=\"629\" frameborder=\"0\" marginwidth=\"0\" marginheight=\"0\" scrolling=\"no\" sandbox=\"allow-scripts\" data-secret=\"b6DrCjaJxd\" data-mce-fragment=\"1\"><\/iframe><\/p>\n<p><iframe loading=\"lazy\" class=\"wp-embedded-content\" title=\"\u00abFelipe Becerra, rechaz\u00f3 posible nueva tercerizaci\u00f3n de servicios del tr\u00e1nsito.\u00bb \u2014 \u25b7 Noticias de Casanare : Martha Cifuentes | Casanare\" src=\"https:\/\/marthacifuentes.com\/portada\/2024\/08\/16\/felipe-becerra-rechazo-posible-nueva-tercerizacion-de-servicios-del-transito\/embed\/#?secret=ilnUnW6fMt#?secret=hzZMsuhypB\" width=\"600\" height=\"621\" frameborder=\"0\" marginwidth=\"0\" marginheight=\"0\" scrolling=\"no\" sandbox=\"allow-scripts\" data-secret=\"hzZMsuhypB\" data-mce-fragment=\"1\"><\/iframe><\/p>\n<p><iframe loading=\"lazy\" class=\"wp-embedded-content\" title=\"\u00abFallo de nulidad de concesi\u00f3n Setty cogi\u00f3 con los \u201ccalzones abajo\u201d a la Alcald\u00eda de Yopal. No sabe qu\u00e9 hacer.\u00bb \u2014 \u25b7 Noticias de Casanare : Martha Cifuentes | Casanare\" src=\"https:\/\/marthacifuentes.com\/portada\/2024\/08\/15\/fallo-de-nulidad-de-concesion-setty-cogio-con-los-calzones-abajo-a-la-alcaldia-de-yopal-no-sabe-que-hacer\/embed\/#?secret=XUYal84GoE#?secret=bTLN5VTt0o\" width=\"600\" height=\"650\" frameborder=\"0\" marginwidth=\"0\" marginheight=\"0\" scrolling=\"no\" sandbox=\"allow-scripts\" data-secret=\"bTLN5VTt0o\" data-mce-fragment=\"1\"><\/iframe><\/p>\n<p><iframe loading=\"lazy\" class=\"wp-embedded-content\" title=\"\u00abLleg\u00f3 el d\u00eda de las Pruebas saber 11. Recomendaciones para mejores resultados en Casanare.\u00bb \u2014 \u25b7 Noticias de Casanare : Martha Cifuentes | Casanare\" src=\"https:\/\/marthacifuentes.com\/portada\/2024\/08\/15\/llego-el-dia-de-las-pruebas-saber-11-recomendaciones-para-mejores-resultados-en-casanare\/embed\/#?secret=eNmATDeovf#?secret=vJXLzlGP0L\" width=\"600\" height=\"609\" frameborder=\"0\" marginwidth=\"0\" marginheight=\"0\" scrolling=\"no\" sandbox=\"allow-scripts\" data-secret=\"vJXLzlGP0L\" data-mce-fragment=\"1\"><\/iframe><\/p>\n<p><iframe loading=\"lazy\" class=\"wp-embedded-content\" title=\"\u00ab\u00bfCentro Democr\u00e1tico comienza a deshojarse en Casanare? Exalcalde de Monterrey renunci\u00f3 al Partido.\u00bb \u2014 \u25b7 Noticias de Casanare : Martha Cifuentes | Casanare\" src=\"https:\/\/marthacifuentes.com\/portada\/2024\/08\/14\/centro-democratico-comienza-a-deshojarse-en-casanare-exalcalde-de-monterrey-renuncio-al-partido\/embed\/#?secret=DqPMuoMB6O#?secret=VZ0NM2EwOb\" width=\"600\" height=\"621\" frameborder=\"0\" marginwidth=\"0\" marginheight=\"0\" scrolling=\"no\" sandbox=\"allow-scripts\" data-secret=\"VZ0NM2EwOb\" data-mce-fragment=\"1\"><\/iframe><\/p>\n<p><iframe loading=\"lazy\" class=\"wp-embedded-content\" title=\"\u00abCon reapertura de Planta de Beneficio Animal en Tauramena se espera reducci\u00f3n de costos de sacrificio de ganado\u00bb \u2014 \u25b7 Noticias de Casanare : Martha Cifuentes | Casanare\" src=\"https:\/\/marthacifuentes.com\/portada\/2024\/08\/14\/con-reapertura-de-planta-de-beneficio-animal-en-tauramena-se-espera-reduccion-de-costos-de-sacrificio-de-ganado\/embed\/#?secret=w0qrcEfSGz#?secret=nT0ypTx6Nz\" width=\"600\" height=\"650\" frameborder=\"0\" marginwidth=\"0\" marginheight=\"0\" scrolling=\"no\" sandbox=\"allow-scripts\" data-secret=\"nT0ypTx6Nz\" data-mce-fragment=\"1\"><\/iframe><\/p>\n<p><iframe loading=\"lazy\" class=\"wp-embedded-content\" title=\"\u00abProyecto de condonaci\u00f3n de hasta 90% de sanciones e intereses por obligaciones tributarias presentar\u00e1 la Alcald\u00eda de Yopal al Concejo en sesiones extraordinarias.\u00bb \u2014 \u25b7 Noticias de Casanare : Martha Cifuentes | Casanare\" src=\"https:\/\/marthacifuentes.com\/portada\/2024\/08\/14\/proyecto-de-condonacion-de-hasta-90-de-sanciones-e-intereses-por-obligaciones-tributarias-presentara-la-alcaldia-de-yopal-al-concejo-en-sesiones-extraordinarias\/embed\/#?secret=VUjWfOA8ex#?secret=aVdEDJYoc9\" width=\"600\" height=\"678\" frameborder=\"0\" marginwidth=\"0\" marginheight=\"0\" scrolling=\"no\" sandbox=\"allow-scripts\" data-secret=\"aVdEDJYoc9\" data-mce-fragment=\"1\"><\/iframe><\/p>\n<p><iframe loading=\"lazy\" class=\"wp-embedded-content\" title=\"\u00ab26 a\u00f1os de espera: familia tamare\u00f1a encuentra a uno de sus tres desaparecidos\u00bb \u2014 \u25b7 Noticias de Casanare : Martha Cifuentes | Casanare\" src=\"https:\/\/marthacifuentes.com\/portada\/2024\/08\/13\/26-anos-de-espera-familia-tamarena-encuentra-a-uno-de-sus-tres-desaparecidos\/embed\/#?secret=gZywV1s9uB#?secret=L246mwnvbI\" width=\"600\" height=\"621\" frameborder=\"0\" marginwidth=\"0\" marginheight=\"0\" scrolling=\"no\" sandbox=\"allow-scripts\" data-secret=\"L246mwnvbI\" data-mce-fragment=\"1\"><\/iframe><\/p>\n<p><iframe loading=\"lazy\" class=\"wp-embedded-content\" title=\"\u00abPuente met\u00e1lico militar en el r\u00edo Ariporo en peligro: buscan evitar un nuevo colapso\u00bb \u2014 \u25b7 Noticias de Casanare : Martha Cifuentes | Casanare\" src=\"https:\/\/marthacifuentes.com\/portada\/2024\/08\/13\/puente-metalico-militar-en-el-rio-ariporo-en-peligro-buscan-evitar-un-nuevo-colapso\/embed\/#?secret=xXUlxBS4eO#?secret=kcOzCmPJ42\" width=\"600\" height=\"621\" frameborder=\"0\" marginwidth=\"0\" marginheight=\"0\" scrolling=\"no\" sandbox=\"allow-scripts\" data-secret=\"kcOzCmPJ42\" data-mce-fragment=\"1\"><\/iframe><\/p>\n<p><iframe loading=\"lazy\" class=\"wp-embedded-content\" title=\"\u00ab50% de propietarios de carros y motos pendientes de pago de impuesto vehicular en Casanare\u00bb \u2014 \u25b7 Noticias de Casanare : Martha Cifuentes | Casanare\" src=\"https:\/\/marthacifuentes.com\/portada\/2024\/08\/13\/50-de-propietarios-de-carros-y-motos-pendientes-de-pago-de-impuesto-vehicular-en-casanare\/embed\/#?secret=M052uUQVtI#?secret=z40iWn1NlE\" width=\"600\" height=\"621\" frameborder=\"0\" marginwidth=\"0\" marginheight=\"0\" scrolling=\"no\" sandbox=\"allow-scripts\" data-secret=\"z40iWn1NlE\" data-mce-fragment=\"1\"><\/iframe><\/p>\n<p><iframe loading=\"lazy\" class=\"wp-embedded-content\" title=\"\u00abEn Getseman\u00ed y Salom\u00e9 II de Yopal, familias ahora con gas natural. Adi\u00f3s al cilindro.\u00bb \u2014 \u25b7 Noticias de Casanare : Martha Cifuentes | Casanare\" src=\"https:\/\/marthacifuentes.com\/portada\/2024\/08\/13\/en-getsemani-y-salome-ii-de-yopal-familias-ahora-con-gas-natural-adios-al-cilindro\/embed\/#?secret=UN0SlUkEth#?secret=bo1qep9XMy\" width=\"600\" height=\"600\" frameborder=\"0\" marginwidth=\"0\" marginheight=\"0\" scrolling=\"no\" sandbox=\"allow-scripts\" data-secret=\"bo1qep9XMy\" data-mce-fragment=\"1\"><\/iframe><\/p>\n<p><iframe loading=\"lazy\" class=\"wp-embedded-content\" title=\"\u00abPTAP de Yopal se conectar\u00e1 a la quebrada La Tablona\u00bb \u2014 \u25b7 Noticias de Casanare : Martha Cifuentes | Casanare\" src=\"https:\/\/marthacifuentes.com\/portada\/2024\/08\/13\/ptap-de-yopal-se-conectara-a-la-quebrada-la-tablona\/embed\/#?secret=2ZKzVdeT7n#?secret=R9coqEMJmD\" width=\"600\" height=\"572\" frameborder=\"0\" marginwidth=\"0\" marginheight=\"0\" scrolling=\"no\" sandbox=\"allow-scripts\" data-secret=\"R9coqEMJmD\" data-mce-fragment=\"1\"><\/iframe><\/p>\n<p><iframe loading=\"lazy\" class=\"wp-embedded-content\" title=\"\u00ab100 puntos cr\u00edticos en la v\u00eda Yopal \u2013 Palomas Agua Verde fueron intervenidos\u00bb \u2014 \u25b7 Noticias de Casanare : Martha Cifuentes | Casanare\" src=\"https:\/\/marthacifuentes.com\/portada\/2024\/08\/13\/100-puntos-criticos-en-la-via-yopal-palomas-agua-verde-fueron-intervenidos\/embed\/#?secret=wzdvzfla9B#?secret=94uEcAqfrv\" width=\"600\" height=\"621\" frameborder=\"0\" marginwidth=\"0\" marginheight=\"0\" scrolling=\"no\" sandbox=\"allow-scripts\" data-secret=\"94uEcAqfrv\" data-mce-fragment=\"1\"><\/iframe><\/p>\n<p><iframe loading=\"lazy\" class=\"wp-embedded-content\" title=\"\u00abA finales de octubre estar\u00eda habilitada v\u00eda Curis\u00ed\u2013Pajarito para veh\u00edculos livianos\u00bb \u2014 \u25b7 Noticias de Casanare : Martha Cifuentes | Casanare\" src=\"https:\/\/marthacifuentes.com\/portada\/2024\/08\/12\/a-finales-de-octubre-estaria-habilitada-via-curisi-pajarito-para-vehiculos-livianos\/embed\/#?secret=MTjnyxeWaU#?secret=9fn7UVHgfJ\" width=\"600\" height=\"555\" frameborder=\"0\" marginwidth=\"0\" marginheight=\"0\" scrolling=\"no\" sandbox=\"allow-scripts\" data-secret=\"9fn7UVHgfJ\" data-mce-fragment=\"1\"><\/iframe><\/p>\n<p><iframe loading=\"lazy\" class=\"wp-embedded-content\" title=\"\u00abSembrando Joropo de Ecopetrol ha beneficiado a m\u00e1s de 3.700 casanare\u00f1os con formaci\u00f3n cultural\u00bb \u2014 \u25b7 Noticias de Casanare : Martha Cifuentes | Casanare\" src=\"https:\/\/marthacifuentes.com\/portada\/2024\/08\/12\/sembrando-joropo-de-ecopetrol-ha-beneficiado-a-mas-de-3-700-casanarenos-con-formacion-cultural\/embed\/#?secret=Hqm8lwxJZ2#?secret=aScJtwUqj4\" width=\"600\" height=\"621\" frameborder=\"0\" marginwidth=\"0\" marginheight=\"0\" scrolling=\"no\" sandbox=\"allow-scripts\" data-secret=\"aScJtwUqj4\" data-mce-fragment=\"1\"><\/iframe><\/p>\n<p><iframe loading=\"lazy\" class=\"wp-embedded-content\" title=\"\u00ab\u00a1Alto a la corrupci\u00f3n! Tribunal frena negocio de concesi\u00f3n y fotomultas en Yopal. Adi\u00f3s a SETTY.\u00bb \u2014 \u25b7 Noticias de Casanare : Martha Cifuentes | Casanare\" src=\"https:\/\/marthacifuentes.com\/portada\/2024\/08\/12\/alto-a-la-corrupcion-tribunal-frena-negocio-de-concesion-y-fotomultas-en-yopal-adios-a-setty\/embed\/#?secret=l5LCjC4Z4f#?secret=gY7ZznWz4F\" width=\"600\" height=\"621\" frameborder=\"0\" marginwidth=\"0\" marginheight=\"0\" scrolling=\"no\" sandbox=\"allow-scripts\" data-secret=\"gY7ZznWz4F\" data-mce-fragment=\"1\"><\/iframe><\/p>\n<p><iframe loading=\"lazy\" class=\"wp-embedded-content\" title=\"\u00abCae otro cabecilla de finanzas del Clan del Golfo en el sur Casanare\u00bb \u2014 \u25b7 Noticias de Casanare : Martha Cifuentes | Casanare\" src=\"https:\/\/marthacifuentes.com\/portada\/2024\/08\/09\/cae-otro-cabecilla-de-finanzas-del-clan-del-golfo-en-el-sur-casanare\/embed\/#?secret=wQT1sq1Ofx#?secret=reAZgRduKz\" width=\"600\" height=\"596\" frameborder=\"0\" marginwidth=\"0\" marginheight=\"0\" scrolling=\"no\" sandbox=\"allow-scripts\" data-secret=\"reAZgRduKz\" data-mce-fragment=\"1\"><\/iframe><\/p>\n<p><iframe loading=\"lazy\" class=\"wp-embedded-content\" title=\"\u00abCae otro cabecilla de finanzas del Clan del Golfo en el sur Casanare\u00bb \u2014 \u25b7 Noticias de Casanare : Martha Cifuentes | Casanare\" src=\"https:\/\/marthacifuentes.com\/portada\/2024\/08\/09\/cae-otro-cabecilla-de-finanzas-del-clan-del-golfo-en-el-sur-casanare\/embed\/#?secret=wQT1sq1Ofx#?secret=reAZgRduKz\" width=\"600\" height=\"596\" frameborder=\"0\" marginwidth=\"0\" marginheight=\"0\" scrolling=\"no\" sandbox=\"allow-scripts\" data-secret=\"reAZgRduKz\" data-mce-fragment=\"1\"><\/iframe><\/p>\n<p><iframe loading=\"lazy\" class=\"wp-embedded-content\" title=\"\u00abPor no decir la verdad, v\u00edctimas en Casanare rechazan devoluci\u00f3n de medalla, por falsos positivos en Casanare, otorgada a general (r) Torres Escalante.\u00bb \u2014 \u25b7 Noticias de Casanare : Martha Cifuentes | Casanare\" src=\"https:\/\/marthacifuentes.com\/portada\/2024\/08\/09\/por-no-decir-la-verdad-victimas-en-casanare-rechazan-devolucion-de-medalla-por-falsos-positivos-en-casanare-otorgada-a-general-r-torres-escalante\/embed\/#?secret=eQ5f0AEHZN#?secret=V0pMDtzN8F\" width=\"600\" height=\"650\" frameborder=\"0\" marginwidth=\"0\" marginheight=\"0\" scrolling=\"no\" sandbox=\"allow-scripts\" data-secret=\"V0pMDtzN8F\" data-mce-fragment=\"1\"><\/iframe><\/p>\n<p><iframe loading=\"lazy\" class=\"wp-embedded-content\" title=\"\u00abAlerta en Monterrey, Casanare. Con carteles y panfletos se anuncia presencia de disidencias de las Farc.\u00bb \u2014 \u25b7 Noticias de Casanare : Martha Cifuentes | Casanare\" src=\"https:\/\/marthacifuentes.com\/portada\/2024\/08\/08\/alerta-en-monterrey-casanare-con-carteles-y-panfletos-se-anuncia-presencia-de-disidencias-de-las-farc\/embed\/#?secret=A0uqR91nCA#?secret=vWRm880Go9\" width=\"600\" height=\"636\" frameborder=\"0\" marginwidth=\"0\" marginheight=\"0\" scrolling=\"no\" sandbox=\"allow-scripts\" data-secret=\"vWRm880Go9\" data-mce-fragment=\"1\"><\/iframe><\/p>\n<p>&nbsp;<\/p>\n","protected":false},"excerpt":{"rendered":"<p>Por estos hechos la mujer fue encontrada responsable de los delitos de acceso carnal abusivo con menor de 14 a\u00f1os, actos sexuales con menor de 14 a\u00f1os y pornograf\u00eda con personas menores de 18 a\u00f1os, todas las conductas agravadas. La labor investigativa desplegada por un fiscal de la Seccional Casanare permiti\u00f3 que un juez de &hellip;<\/p>\n","protected":false},"author":2,"featured_media":33936,"comment_status":"open","ping_status":"open","sticky":false,"template":"","format":"standard","meta":{"om_disable_all_campaigns":false,"_exactmetrics_skip_tracking":false,"_exactmetrics_sitenote_active":false,"_exactmetrics_sitenote_note":"","_exactmetrics_sitenote_category":0,"_monsterinsights_skip_tracking":false,"_monsterinsights_sitenote_active":false,"_monsterinsights_sitenote_note":"","_monsterinsights_sitenote_category":0,"_uf_show_specific_survey":0,"_uf_disable_surveys":false,"_joinchat":[],"footnotes":""},"categories":[147,146,145],"tags":[10944,10946,10948,10945,10947],"class_list":["post-33935","post","type-post","status-publish","format-standard","has-post-thumbnail","hentry","category-actualidad","category-noticias","category-reportajes","tag-condenada-mujer-por-abuso-sexual-de-su-hija-casanare","tag-fiscalia-pruebas-abuso-sexual-nina-7-anos","tag-madre-y-padrastro-a-prision-por-abuso-nina-de-7-anos","tag-prision-para-abusadora-sexual-de-su-hija-en-yopal","tag-usb-fotos-y-pornografia-infantil-yopal"],"yoast_head":"<!-- This site is optimized with the Yoast SEO plugin v26.1 - https:\/\/yoast.com\/wordpress\/plugins\/seo\/ -->\n<title>41 a\u00f1os de prisi\u00f3n para desalmada mujer que promovi\u00f3 abuso sexual continuado contra su propia hija de 7 a\u00f1os - \u25b7 Noticias de Casanare : Martha Cifuentes | Casanare<\/title>\n<meta name=\"robots\" content=\"index, follow, max-snippet:-1, max-image-preview:large, max-video-preview:-1\" \/>\n<link rel=\"canonical\" href=\"https:\/\/marthacifuentes.com\/portada\/41-anos-de-prision-para-desalmada-mujer-que-promovio-abuso-sexual-continuado-contra-su-propia-hija-de-7-anos\/\" \/>\n<meta property=\"og:locale\" content=\"es_ES\" \/>\n<meta property=\"og:type\" content=\"article\" \/>\n<meta property=\"og:title\" content=\"41 a\u00f1os de prisi\u00f3n para desalmada mujer que promovi\u00f3 abuso sexual continuado contra su propia hija de 7 a\u00f1os - \u25b7 Noticias de Casanare : Martha Cifuentes | Casanare\" \/>\n<meta property=\"og:description\" content=\"Por estos hechos la mujer fue encontrada responsable de los delitos de acceso carnal abusivo con menor de 14 a\u00f1os, actos sexuales con menor de 14 a\u00f1os y pornograf\u00eda con personas menores de 18 a\u00f1os, todas las conductas agravadas. La labor investigativa desplegada por un fiscal de la Seccional Casanare permiti\u00f3 que un juez de &hellip;\" \/>\n<meta property=\"og:url\" content=\"https:\/\/marthacifuentes.com\/portada\/41-anos-de-prision-para-desalmada-mujer-que-promovio-abuso-sexual-continuado-contra-su-propia-hija-de-7-anos\/\" \/>\n<meta property=\"og:site_name\" content=\"\u25b7 Noticias de Casanare : Martha Cifuentes | Casanare\" \/>\n<meta property=\"article:published_time\" content=\"2024-08-23T22:20:50+00:00\" \/>\n<meta property=\"og:image\" content=\"https:\/\/marthacifuentes.com\/portada\/wp-content\/uploads\/2024\/08\/condenada-mujer-por-abuso-sexual.jpeg\" \/>\n\t<meta property=\"og:image:width\" content=\"1024\" \/>\n\t<meta property=\"og:image:height\" content=\"539\" \/>\n\t<meta property=\"og:image:type\" content=\"image\/jpeg\" \/>\n<meta name=\"author\" content=\"Martha Cifuentes\" \/>\n<meta name=\"twitter:card\" content=\"summary_large_image\" \/>\n<meta name=\"twitter:label1\" content=\"Escrito por\" \/>\n\t<meta name=\"twitter:data1\" content=\"Martha Cifuentes\" \/>\n\t<meta name=\"twitter:label2\" content=\"Tiempo de lectura\" \/>\n\t<meta name=\"twitter:data2\" content=\"2 minutos\" \/>\n<script type=\"application\/ld+json\" class=\"yoast-schema-graph\">{\"@context\":\"https:\/\/schema.org\",\"@graph\":[{\"@type\":\"WebPage\",\"@id\":\"https:\/\/marthacifuentes.com\/portada\/41-anos-de-prision-para-desalmada-mujer-que-promovio-abuso-sexual-continuado-contra-su-propia-hija-de-7-anos\/\",\"url\":\"https:\/\/marthacifuentes.com\/portada\/41-anos-de-prision-para-desalmada-mujer-que-promovio-abuso-sexual-continuado-contra-su-propia-hija-de-7-anos\/\",\"name\":\"41 a\u00f1os de prisi\u00f3n para desalmada mujer que promovi\u00f3 abuso sexual continuado contra su propia hija de 7 a\u00f1os - \u25b7 Noticias de Casanare : Martha Cifuentes | Casanare\",\"isPartOf\":{\"@id\":\"https:\/\/marthacifuentes.com\/portada\/#website\"},\"primaryImageOfPage\":{\"@id\":\"https:\/\/marthacifuentes.com\/portada\/41-anos-de-prision-para-desalmada-mujer-que-promovio-abuso-sexual-continuado-contra-su-propia-hija-de-7-anos\/#primaryimage\"},\"image\":{\"@id\":\"https:\/\/marthacifuentes.com\/portada\/41-anos-de-prision-para-desalmada-mujer-que-promovio-abuso-sexual-continuado-contra-su-propia-hija-de-7-anos\/#primaryimage\"},\"thumbnailUrl\":\"https:\/\/marthacifuentes.com\/portada\/wp-content\/uploads\/2024\/08\/condenada-mujer-por-abuso-sexual.jpeg\",\"datePublished\":\"2024-08-23T22:20:50+00:00\",\"author\":{\"@id\":\"https:\/\/marthacifuentes.com\/portada\/#\/schema\/person\/57f53174b991db5f90ff78d58502b714\"},\"breadcrumb\":{\"@id\":\"https:\/\/marthacifuentes.com\/portada\/41-anos-de-prision-para-desalmada-mujer-que-promovio-abuso-sexual-continuado-contra-su-propia-hija-de-7-anos\/#breadcrumb\"},\"inLanguage\":\"es\",\"potentialAction\":[{\"@type\":\"ReadAction\",\"target\":[\"https:\/\/marthacifuentes.com\/portada\/41-anos-de-prision-para-desalmada-mujer-que-promovio-abuso-sexual-continuado-contra-su-propia-hija-de-7-anos\/\"]}]},{\"@type\":\"ImageObject\",\"inLanguage\":\"es\",\"@id\":\"https:\/\/marthacifuentes.com\/portada\/41-anos-de-prision-para-desalmada-mujer-que-promovio-abuso-sexual-continuado-contra-su-propia-hija-de-7-anos\/#primaryimage\",\"url\":\"https:\/\/marthacifuentes.com\/portada\/wp-content\/uploads\/2024\/08\/condenada-mujer-por-abuso-sexual.jpeg\",\"contentUrl\":\"https:\/\/marthacifuentes.com\/portada\/wp-content\/uploads\/2024\/08\/condenada-mujer-por-abuso-sexual.jpeg\",\"width\":1024,\"height\":539},{\"@type\":\"BreadcrumbList\",\"@id\":\"https:\/\/marthacifuentes.com\/portada\/41-anos-de-prision-para-desalmada-mujer-que-promovio-abuso-sexual-continuado-contra-su-propia-hija-de-7-anos\/#breadcrumb\",\"itemListElement\":[{\"@type\":\"ListItem\",\"position\":1,\"name\":\"Portada\",\"item\":\"https:\/\/marthacifuentes.com\/portada\/\"},{\"@type\":\"ListItem\",\"position\":2,\"name\":\"41 a\u00f1os de prisi\u00f3n para desalmada mujer que promovi\u00f3 abuso sexual continuado contra su propia hija de 7 a\u00f1os\"}]},{\"@type\":\"WebSite\",\"@id\":\"https:\/\/marthacifuentes.com\/portada\/#website\",\"url\":\"https:\/\/marthacifuentes.com\/portada\/\",\"name\":\"\u25b7 Noticias de Casanare : Martha Cifuentes | Casanare\",\"description\":\"Noticias &amp; Contenidos\",\"potentialAction\":[{\"@type\":\"SearchAction\",\"target\":{\"@type\":\"EntryPoint\",\"urlTemplate\":\"https:\/\/marthacifuentes.com\/portada\/?s={search_term_string}\"},\"query-input\":{\"@type\":\"PropertyValueSpecification\",\"valueRequired\":true,\"valueName\":\"search_term_string\"}}],\"inLanguage\":\"es\"},{\"@type\":\"Person\",\"@id\":\"https:\/\/marthacifuentes.com\/portada\/#\/schema\/person\/57f53174b991db5f90ff78d58502b714\",\"name\":\"Martha Cifuentes\",\"image\":{\"@type\":\"ImageObject\",\"inLanguage\":\"es\",\"@id\":\"https:\/\/marthacifuentes.com\/portada\/#\/schema\/person\/image\/\",\"url\":\"http:\/\/marthacifuentes.com\/portada\/wp-content\/uploads\/2018\/06\/avatar_user_2_1528838701-96x96.jpg\",\"contentUrl\":\"http:\/\/marthacifuentes.com\/portada\/wp-content\/uploads\/2018\/06\/avatar_user_2_1528838701-96x96.jpg\",\"caption\":\"Martha Cifuentes\"},\"sameAs\":[\"http:\/\/www.marthacifuentes.com\"],\"url\":\"https:\/\/marthacifuentes.com\/portada\/author\/martha\/\"}]}<\/script>\n<!-- \/ Yoast SEO plugin. -->","yoast_head_json":{"title":"41 a\u00f1os de prisi\u00f3n para desalmada mujer que promovi\u00f3 abuso sexual continuado contra su propia hija de 7 a\u00f1os - \u25b7 Noticias de Casanare : Martha Cifuentes | Casanare","robots":{"index":"index","follow":"follow","max-snippet":"max-snippet:-1","max-image-preview":"max-image-preview:large","max-video-preview":"max-video-preview:-1"},"canonical":"https:\/\/marthacifuentes.com\/portada\/41-anos-de-prision-para-desalmada-mujer-que-promovio-abuso-sexual-continuado-contra-su-propia-hija-de-7-anos\/","og_locale":"es_ES","og_type":"article","og_title":"41 a\u00f1os de prisi\u00f3n para desalmada mujer que promovi\u00f3 abuso sexual continuado contra su propia hija de 7 a\u00f1os - \u25b7 Noticias de Casanare : Martha Cifuentes | Casanare","og_description":"Por estos hechos la mujer fue encontrada responsable de los delitos de acceso carnal abusivo con menor de 14 a\u00f1os, actos sexuales con menor de 14 a\u00f1os y pornograf\u00eda con personas menores de 18 a\u00f1os, todas las conductas agravadas. La labor investigativa desplegada por un fiscal de la Seccional Casanare permiti\u00f3 que un juez de &hellip;","og_url":"https:\/\/marthacifuentes.com\/portada\/41-anos-de-prision-para-desalmada-mujer-que-promovio-abuso-sexual-continuado-contra-su-propia-hija-de-7-anos\/","og_site_name":"\u25b7 Noticias de Casanare : Martha Cifuentes | Casanare","article_published_time":"2024-08-23T22:20:50+00:00","og_image":[{"width":1024,"height":539,"url":"https:\/\/marthacifuentes.com\/portada\/wp-content\/uploads\/2024\/08\/condenada-mujer-por-abuso-sexual.jpeg","type":"image\/jpeg"}],"author":"Martha Cifuentes","twitter_card":"summary_large_image","twitter_misc":{"Escrito por":"Martha Cifuentes","Tiempo de lectura":"2 minutos"},"schema":{"@context":"https:\/\/schema.org","@graph":[{"@type":"WebPage","@id":"https:\/\/marthacifuentes.com\/portada\/41-anos-de-prision-para-desalmada-mujer-que-promovio-abuso-sexual-continuado-contra-su-propia-hija-de-7-anos\/","url":"https:\/\/marthacifuentes.com\/portada\/41-anos-de-prision-para-desalmada-mujer-que-promovio-abuso-sexual-continuado-contra-su-propia-hija-de-7-anos\/","name":"41 a\u00f1os de prisi\u00f3n para desalmada mujer que promovi\u00f3 abuso sexual continuado contra su propia hija de 7 a\u00f1os - \u25b7 Noticias de Casanare : Martha Cifuentes | Casanare","isPartOf":{"@id":"https:\/\/marthacifuentes.com\/portada\/#website"},"primaryImageOfPage":{"@id":"https:\/\/marthacifuentes.com\/portada\/41-anos-de-prision-para-desalmada-mujer-que-promovio-abuso-sexual-continuado-contra-su-propia-hija-de-7-anos\/#primaryimage"},"image":{"@id":"https:\/\/marthacifuentes.com\/portada\/41-anos-de-prision-para-desalmada-mujer-que-promovio-abuso-sexual-continuado-contra-su-propia-hija-de-7-anos\/#primaryimage"},"thumbnailUrl":"https:\/\/marthacifuentes.com\/portada\/wp-content\/uploads\/2024\/08\/condenada-mujer-por-abuso-sexual.jpeg","datePublished":"2024-08-23T22:20:50+00:00","author":{"@id":"https:\/\/marthacifuentes.com\/portada\/#\/schema\/person\/57f53174b991db5f90ff78d58502b714"},"breadcrumb":{"@id":"https:\/\/marthacifuentes.com\/portada\/41-anos-de-prision-para-desalmada-mujer-que-promovio-abuso-sexual-continuado-contra-su-propia-hija-de-7-anos\/#breadcrumb"},"inLanguage":"es","potentialAction":[{"@type":"ReadAction","target":["https:\/\/marthacifuentes.com\/portada\/41-anos-de-prision-para-desalmada-mujer-que-promovio-abuso-sexual-continuado-contra-su-propia-hija-de-7-anos\/"]}]},{"@type":"ImageObject","inLanguage":"es","@id":"https:\/\/marthacifuentes.com\/portada\/41-anos-de-prision-para-desalmada-mujer-que-promovio-abuso-sexual-continuado-contra-su-propia-hija-de-7-anos\/#primaryimage","url":"https:\/\/marthacifuentes.com\/portada\/wp-content\/uploads\/2024\/08\/condenada-mujer-por-abuso-sexual.jpeg","contentUrl":"https:\/\/marthacifuentes.com\/portada\/wp-content\/uploads\/2024\/08\/condenada-mujer-por-abuso-sexual.jpeg","width":1024,"height":539},{"@type":"BreadcrumbList","@id":"https:\/\/marthacifuentes.com\/portada\/41-anos-de-prision-para-desalmada-mujer-que-promovio-abuso-sexual-continuado-contra-su-propia-hija-de-7-anos\/#breadcrumb","itemListElement":[{"@type":"ListItem","position":1,"name":"Portada","item":"https:\/\/marthacifuentes.com\/portada\/"},{"@type":"ListItem","position":2,"name":"41 a\u00f1os de prisi\u00f3n para desalmada mujer que promovi\u00f3 abuso sexual continuado contra su propia hija de 7 a\u00f1os"}]},{"@type":"WebSite","@id":"https:\/\/marthacifuentes.com\/portada\/#website","url":"https:\/\/marthacifuentes.com\/portada\/","name":"\u25b7 Noticias de Casanare : Martha Cifuentes | Casanare","description":"Noticias &amp; Contenidos","potentialAction":[{"@type":"SearchAction","target":{"@type":"EntryPoint","urlTemplate":"https:\/\/marthacifuentes.com\/portada\/?s={search_term_string}"},"query-input":{"@type":"PropertyValueSpecification","valueRequired":true,"valueName":"search_term_string"}}],"inLanguage":"es"},{"@type":"Person","@id":"https:\/\/marthacifuentes.com\/portada\/#\/schema\/person\/57f53174b991db5f90ff78d58502b714","name":"Martha Cifuentes","image":{"@type":"ImageObject","inLanguage":"es","@id":"https:\/\/marthacifuentes.com\/portada\/#\/schema\/person\/image\/","url":"http:\/\/marthacifuentes.com\/portada\/wp-content\/uploads\/2018\/06\/avatar_user_2_1528838701-96x96.jpg","contentUrl":"http:\/\/marthacifuentes.com\/portada\/wp-content\/uploads\/2018\/06\/avatar_user_2_1528838701-96x96.jpg","caption":"Martha Cifuentes"},"sameAs":["http:\/\/www.marthacifuentes.com"],"url":"https:\/\/marthacifuentes.com\/portada\/author\/martha\/"}]}},"_links":{"self":[{"href":"https:\/\/marthacifuentes.com\/portada\/wp-json\/wp\/v2\/posts\/33935","targetHints":{"allow":["GET"]}}],"collection":[{"href":"https:\/\/marthacifuentes.com\/portada\/wp-json\/wp\/v2\/posts"}],"about":[{"href":"https:\/\/marthacifuentes.com\/portada\/wp-json\/wp\/v2\/types\/post"}],"author":[{"embeddable":true,"href":"https:\/\/marthacifuentes.com\/portada\/wp-json\/wp\/v2\/users\/2"}],"replies":[{"embeddable":true,"href":"https:\/\/marthacifuentes.com\/portada\/wp-json\/wp\/v2\/comments?post=33935"}],"version-history":[{"count":1,"href":"https:\/\/marthacifuentes.com\/portada\/wp-json\/wp\/v2\/posts\/33935\/revisions"}],"predecessor-version":[{"id":33937,"href":"https:\/\/marthacifuentes.com\/portada\/wp-json\/wp\/v2\/posts\/33935\/revisions\/33937"}],"wp:featuredmedia":[{"embeddable":true,"href":"https:\/\/marthacifuentes.com\/portada\/wp-json\/wp\/v2\/media\/33936"}],"wp:attachment":[{"href":"https:\/\/marthacifuentes.com\/portada\/wp-json\/wp\/v2\/media?parent=33935"}],"wp:term":[{"taxonomy":"category","embeddable":true,"href":"https:\/\/marthacifuentes.com\/portada\/wp-json\/wp\/v2\/categories?post=33935"},{"taxonomy":"post_tag","embeddable":true,"href":"https:\/\/marthacifuentes.com\/portada\/wp-json\/wp\/v2\/tags?post=33935"}],"curies":[{"name":"wp","href":"https:\/\/api.w.org\/{rel}","templated":true}]}}