{"id":33962,"date":"2024-08-28T08:47:13","date_gmt":"2024-08-28T13:47:13","guid":{"rendered":"https:\/\/marthacifuentes.com\/portada\/?p=33962"},"modified":"2024-08-28T08:47:13","modified_gmt":"2024-08-28T13:47:13","slug":"petro-logra-acuerdo-historico-55-billones-en-creditos-para-impulsar-vivienda-industria-y-agricultura-en-colombia","status":"publish","type":"post","link":"https:\/\/marthacifuentes.com\/portada\/petro-logra-acuerdo-historico-55-billones-en-creditos-para-impulsar-vivienda-industria-y-agricultura-en-colombia\/","title":{"rendered":"Petro logra acuerdo hist\u00f3rico: $55 billones en cr\u00e9ditos para impulsar vivienda, industria y agricultura en Colombia\u201d"},"content":{"rendered":"<p>Luego de un encuentro con los representantes de la banca p\u00fablica y privada del pa\u00eds, en el que analizaron la propuesta de reactivaci\u00f3n econ\u00f3mica, el presidente Gustavo Petro anunci\u00f3 que se logr\u00f3 un acuerdo para incrementar en $55 billones, en los pr\u00f3ximos 18 meses, los cr\u00e9ditos para las actividades productivas de construcci\u00f3n y mejoramiento de vivienda, la industria y la manufactura, la agricultura y el turismo.<\/p>\n<p>Al finalizar la reuni\u00f3n, que se realiz\u00f3 en la Casa de Nari\u00f1o Y cont\u00f3 con la presencia de m\u00e1s de 20 ejecutivos de la banca p\u00fablica y privada, el jefe de Estado explic\u00f3 que \u201cuna se\u00f1ora confeccionista de bluyines, de camisas; un se\u00f1or productor de pi\u00f1a en la agricultura, una asociaci\u00f3n de alba\u00f1iles o de madres cabeza de familia de un barrio popular, un peque\u00f1o constructor en Colombia, podr\u00e1n recibir mucho m\u00e1s cr\u00e9dito del que antes se ven\u00eda asignando\u201d.<\/p>\n<p>\u201cEsto reemplaza lo que hab\u00edamos llamado como inversi\u00f3n forzosa, es decir, que no tendremos que ir al Congreso de la Rep\u00fablica a hacer una ley\u201d, enfatiz\u00f3 el mandatario al indicar que \u201ces un pacto, una concertaci\u00f3n, un acuerdo entre el sector p\u00fablico y privado\u201d.<\/p>\n<p>Coment\u00f3 adem\u00e1s que \u201cla mesa que se reuni\u00f3 en el d\u00eda de hoy y que se seguir\u00e1 reuniendo para verificar que los objetivos sectoriales y el monto del dinero efectivamente se est\u00e9 trasladando a las actividades productivas de las y los colombianos, es un ejemplo innovador incluso para el mundo\u201d.<\/p>\n<p>\u201cEsta mesa es un gran aparato de planificaci\u00f3n econ\u00f3mica p\u00fablica y privada, derivada, porque lo que estamos haciendo aqu\u00ed es aplicar el programa por el cual vot\u00f3 el pueblo colombiano en el sentido de incentivar la producci\u00f3n como base de la prosperidad nacional que, de tener \u00e9xito, ser\u00e1 un ejemplo incluso para el mundo\u201d, reiter\u00f3.<\/p>\n<p>Asegur\u00f3 que lo que se est\u00e1 haciendo es \u201cpredeterminar objetivos, asignar recursos, no solamente p\u00fablicos sino privados, en un esfuerzo com\u00fan que al final es la prosperidad de la sociedad colombiana, un mayor equilibrio desde el punto de vista de la equidad social y fundamentalmente un fortalecimiento de la econom\u00eda nacional\u201d.<\/p>\n<p>El presidente Petro record\u00f3 que el acuerdo es fruto de \u201cvarias sesiones importantes de trabajo com\u00fan, comenzaron en Manizales, Y hemos llegado a un ejemplo de concertaci\u00f3n; a\u00fan faltan otros paquetes, esos legislativos, de proyectos que tambi\u00e9n tendr\u00e1n que ver con la reactivaci\u00f3n econ\u00f3mica de Colombia\u201d.<\/p>\n<p>&nbsp;<\/p>\n<p><strong>As\u00ed ser\u00e1 la inversi\u00f3n<\/strong><\/p>\n<p>Al ser cuestionado por los medios sobre de d\u00f3nde saldr\u00e1n los recursos, el jefe de Estado dijo que \u201ccomo en todo el mundo, del ahorro a la inversi\u00f3n. Esa es la ecuaci\u00f3n fundamental del equilibrio econ\u00f3mico cuando el ahorro es igual que la inversi\u00f3n\u201d.<\/p>\n<p>\u201cEntonces, \u00bfde d\u00f3nde se financia la inversi\u00f3n en Colombia del ahorro? Este es, digamos, un ahorro que se deposita con mucha confianza en la banca privada, algo en la banca p\u00fablica, y se ha dirigido a diferentes sectores para invertir\u201d, anot\u00f3.<\/p>\n<p>&nbsp;<\/p>\n<p>Manifest\u00f3 que \u201clo que hemos hecho aqu\u00ed es que se invierta un poco m\u00e1s en los sectores que m\u00e1s puestos de trabajo y m\u00e1s riqueza pueden representar para el conjunto de la sociedad\u201d.<\/p>\n<p>Paso seguido explic\u00f3: \u201cPor ejemplo, en vivienda, aunque agregamos mejoramiento de vivienda en barrios populares, se hab\u00eda entregado en los \u00faltimos 18 meses 31,8 billones de pesos en todo el sistema financiero de Colombia, en los pr\u00f3ximos 18 meses se van a entregar 40,6 billones\u201d.<\/p>\n<p>\u201cEn manufactura, transici\u00f3n energ\u00e9tica, poner paneles solares, fortalecer la industria colombiana, la industria de exportaci\u00f3n y la manufactura, que es fundamentalmente hoy de empresarios y mujeres, se hab\u00edan entregado en los \u00faltimos 18 meses 128 billones de pesos, ahora vamos a saltar, y es el crecimiento m\u00e1s grande, a 163,4 billones de pesos\u201d.<\/p>\n<p>\u201cEn el sector agropecuario, que es donde m\u00e1s \u00e9xito hemos tenido en crecimiento econ\u00f3mico, hasta los \u00faltimos 18 meses se hab\u00edan invertido 26,1 billones de pesos en cr\u00e9ditos, ahora vamos a incrementar a 32,1 billones de pesos\u201d.<\/p>\n<p>\u201cEn turismo, que es uno de los sectores que m\u00e1s est\u00e1 creciendo en Colombia, en los \u00faltimos 18 meses se hab\u00eda entregado en cr\u00e9dito por el sistema financiero colombiano 6,8 billones, ahora vamos a entregar 8,4 billones de pesos\u201d.<\/p>\n<p>Con base en lo anterior, enfatiz\u00f3 que \u201ces un salto en estos sectores que hace que estos sectores puedan crecer m\u00e1s r\u00e1pido, pero que tiene la virtud que es aqu\u00ed donde se ubica la mayor parte de los puestos de trabajo en Colombia y que pueden jalonar el conjunto de la econom\u00eda nacional hacia cifras de crecimiento todav\u00eda mucho m\u00e1s importantes que las que hemos tenido en Colombia, es lo que llamamos reactivaci\u00f3n\u201d.<\/p>\n<p>Finalmente, el presidente de Asobancaria, Jonathan Malag\u00f3n, destac\u00f3 el acuerdo y record\u00f3 que fue producto de \u201c19 sesiones de trabajo\u201d que lograron consolidar este pacto.<\/p>\n<h2><strong>Otras noticias\u2026<\/strong><\/h2>\n<blockquote class=\"wp-embedded-content\" data-secret=\"7VDDxVwCZV\"><p><a href=\"https:\/\/marthacifuentes.com\/portada\/2024\/08\/28\/ecopetrol-beco-a-9-excelentes-bachilleres-de-casanare\/\">Ecopetrol bec\u00f3 a 9 excelentes bachilleres de Casanare<\/a><\/p><\/blockquote>\n<p><iframe loading=\"lazy\" class=\"wp-embedded-content\" sandbox=\"allow-scripts\" security=\"restricted\" style=\"position: absolute; clip: rect(1px, 1px, 1px, 1px);\" title=\"\u00abEcopetrol bec\u00f3 a 9 excelentes bachilleres de Casanare\u00bb \u2014 \u25b7 Noticias de Casanare : Martha Cifuentes | Casanare\" src=\"https:\/\/marthacifuentes.com\/portada\/2024\/08\/28\/ecopetrol-beco-a-9-excelentes-bachilleres-de-casanare\/embed\/#?secret=6AR1qwWEBM#?secret=7VDDxVwCZV\" data-secret=\"7VDDxVwCZV\" width=\"500\" height=\"282\" frameborder=\"0\" marginwidth=\"0\" marginheight=\"0\" scrolling=\"no\"><\/iframe><\/p>\n<p><iframe loading=\"lazy\" class=\"wp-embedded-content\" title=\"\u00abConcejo de Yopal dio luz verde a vigencias futuras, estampilla justicia familiar y modificaci\u00f3n presupuesto.\u00bb \u2014 \u25b7 Noticias de Casanare : Martha Cifuentes | Casanare\" src=\"https:\/\/marthacifuentes.com\/portada\/2024\/08\/27\/concejo-de-yopal-dio-luz-verde-a-vigencias-futuras-estampilla-justicia-familiar-y-modificacion-presupuesto\/embed\/#?secret=dWIsTgITYN#?secret=9v1oBAf29T\" width=\"600\" height=\"623\" frameborder=\"0\" marginwidth=\"0\" marginheight=\"0\" scrolling=\"no\" sandbox=\"allow-scripts\" data-secret=\"9v1oBAf29T\" data-mce-fragment=\"1\"><\/iframe><\/p>\n<p><iframe loading=\"lazy\" class=\"wp-embedded-content\" title=\"\u00abRegal\u00edas de Casanare y Colombia se estar\u00edan esfumando en manos de \u00abcontrataderos\u00bb, seg\u00fan el DNP \u00a0\u00bb \u2014 \u25b7 Noticias de Casanare : Martha Cifuentes | Casanare\" src=\"https:\/\/marthacifuentes.com\/portada\/2024\/08\/27\/regalias-de-casanare-y-colombia-se-estarian-esfumando-en-manos-de-contrataderos-segun-el-dnp\/embed\/#?secret=07PoX0sDso#?secret=ISOthVBabi\" width=\"600\" height=\"651\" frameborder=\"0\" marginwidth=\"0\" marginheight=\"0\" scrolling=\"no\" sandbox=\"allow-scripts\" data-secret=\"ISOthVBabi\" data-mce-fragment=\"1\"><\/iframe><\/p>\n<p><iframe loading=\"lazy\" class=\"wp-embedded-content\" title=\"\u00ab41 a\u00f1os de prisi\u00f3n para desalmada mujer que promovi\u00f3 abuso sexual continuado contra su propia hija de 7 a\u00f1os\u00bb \u2014 \u25b7 Noticias de Casanare : Martha Cifuentes | Casanare\" src=\"https:\/\/marthacifuentes.com\/portada\/2024\/08\/23\/41-anos-de-prision-para-desalmada-mujer-que-promovio-abuso-sexual-continuado-contra-su-propia-hija-de-7-anos\/embed\/#?secret=oIyOyXDvuA#?secret=Pgxtv66Flz\" width=\"600\" height=\"631\" frameborder=\"0\" marginwidth=\"0\" marginheight=\"0\" scrolling=\"no\" sandbox=\"allow-scripts\" data-secret=\"Pgxtv66Flz\" data-mce-fragment=\"1\"><\/iframe><\/p>\n<p><iframe loading=\"lazy\" class=\"wp-embedded-content\" title=\"\u00abLotes de La Bendici\u00f3n, Yopal, se podr\u00e1n titular gratis, pero\u2026 Uno por beneficiario y si se cumplen los requisitos.\u00bb \u2014 \u25b7 Noticias de Casanare : Martha Cifuentes | Casanare\" src=\"https:\/\/marthacifuentes.com\/portada\/2024\/08\/22\/lotes-de-la-bendicion-yopal-se-podran-titular-gratis-pero-uno-por-beneficiario-y-si-se-cumplen-los-requisitos\/embed\/#?secret=PRgNQ6kOQx#?secret=OqUvcAd6Qx\" width=\"600\" height=\"651\" frameborder=\"0\" marginwidth=\"0\" marginheight=\"0\" scrolling=\"no\" sandbox=\"allow-scripts\" data-secret=\"OqUvcAd6Qx\" data-mce-fragment=\"1\"><\/iframe><\/p>\n<p><iframe loading=\"lazy\" class=\"wp-embedded-content\" title=\"\u00abPresunto caso de intento de rapto alert\u00f3 a colegio y su comunidad educativa en Yopal\u00bb \u2014 \u25b7 Noticias de Casanare : Martha Cifuentes | Casanare\" src=\"https:\/\/marthacifuentes.com\/portada\/2024\/08\/20\/presunto-caso-de-intento-de-rapto-alerto-a-colegio-y-su-comunidad-educativa-en-yopal\/embed\/#?secret=HpCEUDyHW1#?secret=r9M92WBxzT\" width=\"600\" height=\"623\" frameborder=\"0\" marginwidth=\"0\" marginheight=\"0\" scrolling=\"no\" sandbox=\"allow-scripts\" data-secret=\"r9M92WBxzT\" data-mce-fragment=\"1\"><\/iframe><\/p>\n<p><iframe loading=\"lazy\" class=\"wp-embedded-content\" title=\"\u00abGobernaci\u00f3n de Casanare instalar\u00e1 puentes en ca\u00f1os El Cravito y Los Caribes en Hato Corozal\u00bb \u2014 \u25b7 Noticias de Casanare : Martha Cifuentes | Casanare\" src=\"https:\/\/marthacifuentes.com\/portada\/2024\/08\/20\/gobernacion-de-casanare-instalara-puentes-en-canos-el-cravito-y-los-caribes-en-hato-corozal\/embed\/#?secret=vTtIJmkj47#?secret=vLTj5BJbml\" width=\"600\" height=\"602\" frameborder=\"0\" marginwidth=\"0\" marginheight=\"0\" scrolling=\"no\" sandbox=\"allow-scripts\" data-secret=\"vLTj5BJbml\" data-mce-fragment=\"1\"><\/iframe><\/p>\n<p><iframe loading=\"lazy\" class=\"wp-embedded-content\" title=\"\u00abConvenio de MinTIC y Gobernaci\u00f3n de Casanare llevar\u00e1 internet de alta velocidad a 62.000 habitantes\u00bb \u2014 \u25b7 Noticias de Casanare : Martha Cifuentes | Casanare\" src=\"https:\/\/marthacifuentes.com\/portada\/2024\/08\/20\/convenio-de-mintic-y-gobernacion-de-casanare-llevara-internet-de-alta-velocidad-a-62-000-habitantes\/embed\/#?secret=JQybkOWl0t#?secret=3XsTHR4Wsm\" width=\"600\" height=\"622\" frameborder=\"0\" marginwidth=\"0\" marginheight=\"0\" scrolling=\"no\" sandbox=\"allow-scripts\" data-secret=\"3XsTHR4Wsm\" data-mce-fragment=\"1\"><\/iframe><\/p>\n<p><iframe loading=\"lazy\" class=\"wp-embedded-content\" title=\"\u00ab10 pueblos ind\u00edgenas de Ca\u00f1o Mochuelo sometidos por el frente 28 de disidencias de las Farc: Alerta temprana de la Defensor\u00eda\u00bb \u2014 \u25b7 Noticias de Casanare : Martha Cifuentes | Casanare\" src=\"https:\/\/marthacifuentes.com\/portada\/2024\/08\/16\/10-pueblos-indigenas-de-cano-mochuelo-sometidos-por-el-frente-28-de-disidencias-de-las-farc-alerta-temprana-de-la-defensoria\/embed\/#?secret=HKoEqCWHwh#?secret=SSztHnb4jv\" width=\"600\" height=\"630\" frameborder=\"0\" marginwidth=\"0\" marginheight=\"0\" scrolling=\"no\" sandbox=\"allow-scripts\" data-secret=\"SSztHnb4jv\" data-mce-fragment=\"1\"><\/iframe><\/p>\n<p><iframe loading=\"lazy\" class=\"wp-embedded-content\" title=\"\u00abCompactador accidentado de la Eaaay NO ten\u00eda seguro de todo riesgo. Por esto se podr\u00eda perder $1.388 millones.\u00bb \u2014 \u25b7 Noticias de Casanare : Martha Cifuentes | Casanare\" src=\"https:\/\/marthacifuentes.com\/portada\/2024\/08\/16\/compactador-accidentado-de-la-eaaay-no-tenia-seguro-de-todo-riesgo-por-esto-se-podria-perder-1-388-millones\/embed\/#?secret=Em7DPE3hfS#?secret=b6DrCjaJxd\" width=\"600\" height=\"630\" frameborder=\"0\" marginwidth=\"0\" marginheight=\"0\" scrolling=\"no\" sandbox=\"allow-scripts\" data-secret=\"b6DrCjaJxd\" data-mce-fragment=\"1\"><\/iframe><\/p>\n<p><iframe loading=\"lazy\" class=\"wp-embedded-content\" title=\"\u00abFelipe Becerra, rechaz\u00f3 posible nueva tercerizaci\u00f3n de servicios del tr\u00e1nsito.\u00bb \u2014 \u25b7 Noticias de Casanare : Martha Cifuentes | Casanare\" src=\"https:\/\/marthacifuentes.com\/portada\/2024\/08\/16\/felipe-becerra-rechazo-posible-nueva-tercerizacion-de-servicios-del-transito\/embed\/#?secret=ilnUnW6fMt#?secret=hzZMsuhypB\" width=\"600\" height=\"623\" frameborder=\"0\" marginwidth=\"0\" marginheight=\"0\" scrolling=\"no\" sandbox=\"allow-scripts\" data-secret=\"hzZMsuhypB\" data-mce-fragment=\"1\"><\/iframe><\/p>\n<p><iframe loading=\"lazy\" class=\"wp-embedded-content\" title=\"\u00abFallo de nulidad de concesi\u00f3n Setty cogi\u00f3 con los \u201ccalzones abajo\u201d a la Alcald\u00eda de Yopal. No sabe qu\u00e9 hacer.\u00bb \u2014 \u25b7 Noticias de Casanare : Martha Cifuentes | Casanare\" src=\"https:\/\/marthacifuentes.com\/portada\/2024\/08\/15\/fallo-de-nulidad-de-concesion-setty-cogio-con-los-calzones-abajo-a-la-alcaldia-de-yopal-no-sabe-que-hacer\/embed\/#?secret=XUYal84GoE#?secret=bTLN5VTt0o\" width=\"600\" height=\"653\" frameborder=\"0\" marginwidth=\"0\" marginheight=\"0\" scrolling=\"no\" sandbox=\"allow-scripts\" data-secret=\"bTLN5VTt0o\" data-mce-fragment=\"1\"><\/iframe><\/p>\n<p><iframe loading=\"lazy\" class=\"wp-embedded-content\" title=\"\u00abLleg\u00f3 el d\u00eda de las Pruebas saber 11. Recomendaciones para mejores resultados en Casanare.\u00bb \u2014 \u25b7 Noticias de Casanare : Martha Cifuentes | Casanare\" src=\"https:\/\/marthacifuentes.com\/portada\/2024\/08\/15\/llego-el-dia-de-las-pruebas-saber-11-recomendaciones-para-mejores-resultados-en-casanare\/embed\/#?secret=eNmATDeovf#?secret=vJXLzlGP0L\" width=\"600\" height=\"639\" frameborder=\"0\" marginwidth=\"0\" marginheight=\"0\" scrolling=\"no\" sandbox=\"allow-scripts\" data-secret=\"vJXLzlGP0L\" data-mce-fragment=\"1\"><\/iframe><\/p>\n<p><iframe loading=\"lazy\" class=\"wp-embedded-content\" title=\"\u00ab\u00bfCentro Democr\u00e1tico comienza a deshojarse en Casanare? Exalcalde de Monterrey renunci\u00f3 al Partido.\u00bb \u2014 \u25b7 Noticias de Casanare : Martha Cifuentes | Casanare\" src=\"https:\/\/marthacifuentes.com\/portada\/2024\/08\/14\/centro-democratico-comienza-a-deshojarse-en-casanare-exalcalde-de-monterrey-renuncio-al-partido\/embed\/#?secret=DqPMuoMB6O#?secret=VZ0NM2EwOb\" width=\"600\" height=\"623\" frameborder=\"0\" marginwidth=\"0\" marginheight=\"0\" scrolling=\"no\" sandbox=\"allow-scripts\" data-secret=\"VZ0NM2EwOb\" data-mce-fragment=\"1\"><\/iframe><\/p>\n<p><iframe loading=\"lazy\" class=\"wp-embedded-content\" title=\"\u00abCon reapertura de Planta de Beneficio Animal en Tauramena se espera reducci\u00f3n de costos de sacrificio de ganado\u00bb \u2014 \u25b7 Noticias de Casanare : Martha Cifuentes | Casanare\" src=\"https:\/\/marthacifuentes.com\/portada\/2024\/08\/14\/con-reapertura-de-planta-de-beneficio-animal-en-tauramena-se-espera-reduccion-de-costos-de-sacrificio-de-ganado\/embed\/#?secret=w0qrcEfSGz#?secret=nT0ypTx6Nz\" width=\"600\" height=\"651\" frameborder=\"0\" marginwidth=\"0\" marginheight=\"0\" scrolling=\"no\" sandbox=\"allow-scripts\" data-secret=\"nT0ypTx6Nz\" data-mce-fragment=\"1\"><\/iframe><\/p>\n<p><iframe loading=\"lazy\" class=\"wp-embedded-content\" title=\"\u00abProyecto de condonaci\u00f3n de hasta 90% de sanciones e intereses por obligaciones tributarias presentar\u00e1 la Alcald\u00eda de Yopal al Concejo en sesiones extraordinarias.\u00bb \u2014 \u25b7 Noticias de Casanare : Martha Cifuentes | Casanare\" src=\"https:\/\/marthacifuentes.com\/portada\/2024\/08\/14\/proyecto-de-condonacion-de-hasta-90-de-sanciones-e-intereses-por-obligaciones-tributarias-presentara-la-alcaldia-de-yopal-al-concejo-en-sesiones-extraordinarias\/embed\/#?secret=VUjWfOA8ex#?secret=aVdEDJYoc9\" width=\"600\" height=\"679\" frameborder=\"0\" marginwidth=\"0\" marginheight=\"0\" scrolling=\"no\" sandbox=\"allow-scripts\" data-secret=\"aVdEDJYoc9\" data-mce-fragment=\"1\"><\/iframe><\/p>\n<p><iframe loading=\"lazy\" class=\"wp-embedded-content\" title=\"\u00ab26 a\u00f1os de espera: familia tamare\u00f1a encuentra a uno de sus tres desaparecidos\u00bb \u2014 \u25b7 Noticias de Casanare : Martha Cifuentes | Casanare\" src=\"https:\/\/marthacifuentes.com\/portada\/2024\/08\/13\/26-anos-de-espera-familia-tamarena-encuentra-a-uno-de-sus-tres-desaparecidos\/embed\/#?secret=gZywV1s9uB#?secret=L246mwnvbI\" width=\"600\" height=\"623\" frameborder=\"0\" marginwidth=\"0\" marginheight=\"0\" scrolling=\"no\" sandbox=\"allow-scripts\" data-secret=\"L246mwnvbI\" data-mce-fragment=\"1\"><\/iframe><\/p>\n<p><iframe loading=\"lazy\" class=\"wp-embedded-content\" title=\"\u00abPuente met\u00e1lico militar en el r\u00edo Ariporo en peligro: buscan evitar un nuevo colapso\u00bb \u2014 \u25b7 Noticias de Casanare : Martha Cifuentes | Casanare\" src=\"https:\/\/marthacifuentes.com\/portada\/2024\/08\/13\/puente-metalico-militar-en-el-rio-ariporo-en-peligro-buscan-evitar-un-nuevo-colapso\/embed\/#?secret=xXUlxBS4eO#?secret=kcOzCmPJ42\" width=\"600\" height=\"622\" frameborder=\"0\" marginwidth=\"0\" marginheight=\"0\" scrolling=\"no\" sandbox=\"allow-scripts\" data-secret=\"kcOzCmPJ42\" data-mce-fragment=\"1\"><\/iframe><\/p>\n<p><iframe loading=\"lazy\" class=\"wp-embedded-content\" title=\"\u00ab50% de propietarios de carros y motos pendientes de pago de impuesto vehicular en Casanare\u00bb \u2014 \u25b7 Noticias de Casanare : Martha Cifuentes | Casanare\" src=\"https:\/\/marthacifuentes.com\/portada\/2024\/08\/13\/50-de-propietarios-de-carros-y-motos-pendientes-de-pago-de-impuesto-vehicular-en-casanare\/embed\/#?secret=M052uUQVtI#?secret=z40iWn1NlE\" width=\"600\" height=\"623\" frameborder=\"0\" marginwidth=\"0\" marginheight=\"0\" scrolling=\"no\" sandbox=\"allow-scripts\" data-secret=\"z40iWn1NlE\" data-mce-fragment=\"1\"><\/iframe><\/p>\n<p><iframe loading=\"lazy\" class=\"wp-embedded-content\" title=\"\u00abEn Getseman\u00ed y Salom\u00e9 II de Yopal, familias ahora con gas natural. Adi\u00f3s al cilindro.\u00bb \u2014 \u25b7 Noticias de Casanare : Martha Cifuentes | Casanare\" src=\"https:\/\/marthacifuentes.com\/portada\/2024\/08\/13\/en-getsemani-y-salome-ii-de-yopal-familias-ahora-con-gas-natural-adios-al-cilindro\/embed\/#?secret=UN0SlUkEth#?secret=bo1qep9XMy\" width=\"600\" height=\"602\" frameborder=\"0\" marginwidth=\"0\" marginheight=\"0\" scrolling=\"no\" sandbox=\"allow-scripts\" data-secret=\"bo1qep9XMy\" data-mce-fragment=\"1\"><\/iframe><\/p>\n<p><iframe loading=\"lazy\" class=\"wp-embedded-content\" title=\"\u00abPTAP de Yopal se conectar\u00e1 a la quebrada La Tablona\u00bb \u2014 \u25b7 Noticias de Casanare : Martha Cifuentes | Casanare\" src=\"https:\/\/marthacifuentes.com\/portada\/2024\/08\/13\/ptap-de-yopal-se-conectara-a-la-quebrada-la-tablona\/embed\/#?secret=2ZKzVdeT7n#?secret=R9coqEMJmD\" width=\"600\" height=\"573\" frameborder=\"0\" marginwidth=\"0\" marginheight=\"0\" scrolling=\"no\" sandbox=\"allow-scripts\" data-secret=\"R9coqEMJmD\" data-mce-fragment=\"1\"><\/iframe><\/p>\n<p><iframe loading=\"lazy\" class=\"wp-embedded-content\" title=\"\u00ab100 puntos cr\u00edticos en la v\u00eda Yopal \u2013 Palomas Agua Verde fueron intervenidos\u00bb \u2014 \u25b7 Noticias de Casanare : Martha Cifuentes | Casanare\" src=\"https:\/\/marthacifuentes.com\/portada\/2024\/08\/13\/100-puntos-criticos-en-la-via-yopal-palomas-agua-verde-fueron-intervenidos\/embed\/#?secret=wzdvzfla9B#?secret=94uEcAqfrv\" width=\"600\" height=\"623\" frameborder=\"0\" marginwidth=\"0\" marginheight=\"0\" scrolling=\"no\" sandbox=\"allow-scripts\" data-secret=\"94uEcAqfrv\" data-mce-fragment=\"1\"><\/iframe><\/p>\n<p><iframe loading=\"lazy\" class=\"wp-embedded-content\" title=\"\u00abA finales de octubre estar\u00eda habilitada v\u00eda Curis\u00ed\u2013Pajarito para veh\u00edculos livianos\u00bb \u2014 \u25b7 Noticias de Casanare : Martha Cifuentes | Casanare\" src=\"https:\/\/marthacifuentes.com\/portada\/2024\/08\/12\/a-finales-de-octubre-estaria-habilitada-via-curisi-pajarito-para-vehiculos-livianos\/embed\/#?secret=MTjnyxeWaU#?secret=9fn7UVHgfJ\" width=\"600\" height=\"558\" frameborder=\"0\" marginwidth=\"0\" marginheight=\"0\" scrolling=\"no\" sandbox=\"allow-scripts\" data-secret=\"9fn7UVHgfJ\" data-mce-fragment=\"1\"><\/iframe><\/p>\n<p><iframe loading=\"lazy\" class=\"wp-embedded-content\" title=\"\u00abSembrando Joropo de Ecopetrol ha beneficiado a m\u00e1s de 3.700 casanare\u00f1os con formaci\u00f3n cultural\u00bb \u2014 \u25b7 Noticias de Casanare : Martha Cifuentes | Casanare\" src=\"https:\/\/marthacifuentes.com\/portada\/2024\/08\/12\/sembrando-joropo-de-ecopetrol-ha-beneficiado-a-mas-de-3-700-casanarenos-con-formacion-cultural\/embed\/#?secret=Hqm8lwxJZ2#?secret=aScJtwUqj4\" width=\"600\" height=\"623\" frameborder=\"0\" marginwidth=\"0\" marginheight=\"0\" scrolling=\"no\" sandbox=\"allow-scripts\" data-secret=\"aScJtwUqj4\" data-mce-fragment=\"1\"><\/iframe><\/p>\n<p><iframe loading=\"lazy\" class=\"wp-embedded-content\" title=\"\u00ab\u00a1Alto a la corrupci\u00f3n! Tribunal frena negocio de concesi\u00f3n y fotomultas en Yopal. Adi\u00f3s a SETTY.\u00bb \u2014 \u25b7 Noticias de Casanare : Martha Cifuentes | Casanare\" src=\"https:\/\/marthacifuentes.com\/portada\/2024\/08\/12\/alto-a-la-corrupcion-tribunal-frena-negocio-de-concesion-y-fotomultas-en-yopal-adios-a-setty\/embed\/#?secret=l5LCjC4Z4f#?secret=gY7ZznWz4F\" width=\"600\" height=\"623\" frameborder=\"0\" marginwidth=\"0\" marginheight=\"0\" scrolling=\"no\" sandbox=\"allow-scripts\" data-secret=\"gY7ZznWz4F\" data-mce-fragment=\"1\"><\/iframe><\/p>\n<p><iframe loading=\"lazy\" class=\"wp-embedded-content\" title=\"\u00abCae otro cabecilla de finanzas del Clan del Golfo en el sur Casanare\u00bb \u2014 \u25b7 Noticias de Casanare : Martha Cifuentes | Casanare\" src=\"https:\/\/marthacifuentes.com\/portada\/2024\/08\/09\/cae-otro-cabecilla-de-finanzas-del-clan-del-golfo-en-el-sur-casanare\/embed\/#?secret=wQT1sq1Ofx#?secret=reAZgRduKz\" width=\"600\" height=\"599\" frameborder=\"0\" marginwidth=\"0\" marginheight=\"0\" scrolling=\"no\" sandbox=\"allow-scripts\" data-secret=\"reAZgRduKz\" data-mce-fragment=\"1\"><\/iframe><\/p>\n<p><iframe loading=\"lazy\" class=\"wp-embedded-content\" title=\"\u00abCae otro cabecilla de finanzas del Clan del Golfo en el sur Casanare\u00bb \u2014 \u25b7 Noticias de Casanare : Martha Cifuentes | Casanare\" src=\"https:\/\/marthacifuentes.com\/portada\/2024\/08\/09\/cae-otro-cabecilla-de-finanzas-del-clan-del-golfo-en-el-sur-casanare\/embed\/#?secret=wQT1sq1Ofx#?secret=reAZgRduKz\" width=\"600\" height=\"599\" frameborder=\"0\" marginwidth=\"0\" marginheight=\"0\" scrolling=\"no\" sandbox=\"allow-scripts\" data-secret=\"reAZgRduKz\" data-mce-fragment=\"1\"><\/iframe><\/p>\n<p><iframe loading=\"lazy\" class=\"wp-embedded-content\" title=\"\u00abPor no decir la verdad, v\u00edctimas en Casanare rechazan devoluci\u00f3n de medalla, por falsos positivos en Casanare, otorgada a general (r) Torres Escalante.\u00bb \u2014 \u25b7 Noticias de Casanare : Martha Cifuentes | Casanare\" src=\"https:\/\/marthacifuentes.com\/portada\/2024\/08\/09\/por-no-decir-la-verdad-victimas-en-casanare-rechazan-devolucion-de-medalla-por-falsos-positivos-en-casanare-otorgada-a-general-r-torres-escalante\/embed\/#?secret=eQ5f0AEHZN#?secret=V0pMDtzN8F\" width=\"600\" height=\"651\" frameborder=\"0\" marginwidth=\"0\" marginheight=\"0\" scrolling=\"no\" sandbox=\"allow-scripts\" data-secret=\"V0pMDtzN8F\" data-mce-fragment=\"1\"><\/iframe><\/p>\n<p><iframe loading=\"lazy\" class=\"wp-embedded-content\" title=\"\u00abAlerta en Monterrey, Casanare. Con carteles y panfletos se anuncia presencia de disidencias de las Farc.\u00bb \u2014 \u25b7 Noticias de Casanare : Martha Cifuentes | Casanare\" src=\"https:\/\/marthacifuentes.com\/portada\/2024\/08\/08\/alerta-en-monterrey-casanare-con-carteles-y-panfletos-se-anuncia-presencia-de-disidencias-de-las-farc\/embed\/#?secret=A0uqR91nCA#?secret=vWRm880Go9\" width=\"600\" height=\"638\" frameborder=\"0\" marginwidth=\"0\" marginheight=\"0\" scrolling=\"no\" sandbox=\"allow-scripts\" data-secret=\"vWRm880Go9\" data-mce-fragment=\"1\"><\/iframe><\/p>\n","protected":false},"excerpt":{"rendered":"<p>Luego de un encuentro con los representantes de la banca p\u00fablica y privada del pa\u00eds, en el que analizaron la propuesta de reactivaci\u00f3n econ\u00f3mica, el presidente Gustavo Petro anunci\u00f3 que se logr\u00f3 un acuerdo para incrementar en $55 billones, en los pr\u00f3ximos 18 meses, los cr\u00e9ditos para las actividades productivas de construcci\u00f3n y mejoramiento de &hellip;<\/p>\n","protected":false},"author":2,"featured_media":33963,"comment_status":"open","ping_status":"open","sticky":false,"template":"","format":"standard","meta":{"om_disable_all_campaigns":false,"_exactmetrics_skip_tracking":false,"_exactmetrics_sitenote_active":false,"_exactmetrics_sitenote_note":"","_exactmetrics_sitenote_category":0,"_monsterinsights_skip_tracking":false,"_monsterinsights_sitenote_active":false,"_monsterinsights_sitenote_note":"","_monsterinsights_sitenote_category":0,"_uf_show_specific_survey":0,"_uf_disable_surveys":false,"_joinchat":[],"footnotes":""},"categories":[147,146,145],"tags":[10978,10980,10979,7529,10992,10986,10985,10987,10988,6399,10981,10991,10990,10983,848,10993,10984,10982,10989,5740,804],"class_list":["post-33962","post","type-post","status-publish","format-standard","has-post-thumbnail","hentry","category-actualidad","category-noticias","category-reportajes","tag-palabras-clave-presidente-gustavo-petro","tag-55-billones","tag-acuerdo","tag-agricultura","tag-asobancaria","tag-banca-privada","tag-banca-publica","tag-casa-de-narino","tag-concertacion","tag-construccion","tag-creditos","tag-economia-nacional","tag-equidad-social","tag-industria","tag-inversion","tag-jonathan-malagon","tag-manufactura","tag-mejoramiento-de-vivienda","tag-planificacion-economica","tag-reactivacion-economica","tag-turismo"],"yoast_head":"<!-- This site is optimized with the Yoast SEO plugin v26.1 - https:\/\/yoast.com\/wordpress\/plugins\/seo\/ -->\n<title>Petro logra acuerdo hist\u00f3rico: $55 billones en cr\u00e9ditos para impulsar vivienda, industria y agricultura en Colombia\u201d - \u25b7 Noticias de Casanare : Martha Cifuentes | Casanare<\/title>\n<meta name=\"robots\" content=\"index, follow, max-snippet:-1, max-image-preview:large, max-video-preview:-1\" \/>\n<link rel=\"canonical\" href=\"https:\/\/marthacifuentes.com\/portada\/petro-logra-acuerdo-historico-55-billones-en-creditos-para-impulsar-vivienda-industria-y-agricultura-en-colombia\/\" \/>\n<meta property=\"og:locale\" content=\"es_ES\" \/>\n<meta property=\"og:type\" content=\"article\" \/>\n<meta property=\"og:title\" content=\"Petro logra acuerdo hist\u00f3rico: $55 billones en cr\u00e9ditos para impulsar vivienda, industria y agricultura en Colombia\u201d - \u25b7 Noticias de Casanare : Martha Cifuentes | Casanare\" \/>\n<meta property=\"og:description\" content=\"Luego de un encuentro con los representantes de la banca p\u00fablica y privada del pa\u00eds, en el que analizaron la propuesta de reactivaci\u00f3n econ\u00f3mica, el presidente Gustavo Petro anunci\u00f3 que se logr\u00f3 un acuerdo para incrementar en $55 billones, en los pr\u00f3ximos 18 meses, los cr\u00e9ditos para las actividades productivas de construcci\u00f3n y mejoramiento de &hellip;\" \/>\n<meta property=\"og:url\" content=\"https:\/\/marthacifuentes.com\/portada\/petro-logra-acuerdo-historico-55-billones-en-creditos-para-impulsar-vivienda-industria-y-agricultura-en-colombia\/\" \/>\n<meta property=\"og:site_name\" content=\"\u25b7 Noticias de Casanare : Martha Cifuentes | Casanare\" \/>\n<meta property=\"article:published_time\" content=\"2024-08-28T13:47:13+00:00\" \/>\n<meta property=\"og:image\" content=\"https:\/\/marthacifuentes.com\/portada\/wp-content\/uploads\/2024\/08\/PETRO-Y-LA-BANCA.jpg\" \/>\n\t<meta property=\"og:image:width\" content=\"780\" \/>\n\t<meta property=\"og:image:height\" content=\"565\" \/>\n\t<meta property=\"og:image:type\" content=\"image\/jpeg\" \/>\n<meta name=\"author\" content=\"Martha Cifuentes\" \/>\n<meta name=\"twitter:card\" content=\"summary_large_image\" \/>\n<meta name=\"twitter:label1\" content=\"Escrito por\" \/>\n\t<meta name=\"twitter:data1\" content=\"Martha Cifuentes\" \/>\n\t<meta name=\"twitter:label2\" content=\"Tiempo de lectura\" \/>\n\t<meta name=\"twitter:data2\" content=\"4 minutos\" \/>\n<script type=\"application\/ld+json\" class=\"yoast-schema-graph\">{\"@context\":\"https:\/\/schema.org\",\"@graph\":[{\"@type\":\"WebPage\",\"@id\":\"https:\/\/marthacifuentes.com\/portada\/petro-logra-acuerdo-historico-55-billones-en-creditos-para-impulsar-vivienda-industria-y-agricultura-en-colombia\/\",\"url\":\"https:\/\/marthacifuentes.com\/portada\/petro-logra-acuerdo-historico-55-billones-en-creditos-para-impulsar-vivienda-industria-y-agricultura-en-colombia\/\",\"name\":\"Petro logra acuerdo hist\u00f3rico: $55 billones en cr\u00e9ditos para impulsar vivienda, industria y agricultura en Colombia\u201d - \u25b7 Noticias de Casanare : Martha Cifuentes | Casanare\",\"isPartOf\":{\"@id\":\"https:\/\/marthacifuentes.com\/portada\/#website\"},\"primaryImageOfPage\":{\"@id\":\"https:\/\/marthacifuentes.com\/portada\/petro-logra-acuerdo-historico-55-billones-en-creditos-para-impulsar-vivienda-industria-y-agricultura-en-colombia\/#primaryimage\"},\"image\":{\"@id\":\"https:\/\/marthacifuentes.com\/portada\/petro-logra-acuerdo-historico-55-billones-en-creditos-para-impulsar-vivienda-industria-y-agricultura-en-colombia\/#primaryimage\"},\"thumbnailUrl\":\"https:\/\/marthacifuentes.com\/portada\/wp-content\/uploads\/2024\/08\/PETRO-Y-LA-BANCA.jpg\",\"datePublished\":\"2024-08-28T13:47:13+00:00\",\"author\":{\"@id\":\"https:\/\/marthacifuentes.com\/portada\/#\/schema\/person\/57f53174b991db5f90ff78d58502b714\"},\"breadcrumb\":{\"@id\":\"https:\/\/marthacifuentes.com\/portada\/petro-logra-acuerdo-historico-55-billones-en-creditos-para-impulsar-vivienda-industria-y-agricultura-en-colombia\/#breadcrumb\"},\"inLanguage\":\"es\",\"potentialAction\":[{\"@type\":\"ReadAction\",\"target\":[\"https:\/\/marthacifuentes.com\/portada\/petro-logra-acuerdo-historico-55-billones-en-creditos-para-impulsar-vivienda-industria-y-agricultura-en-colombia\/\"]}]},{\"@type\":\"ImageObject\",\"inLanguage\":\"es\",\"@id\":\"https:\/\/marthacifuentes.com\/portada\/petro-logra-acuerdo-historico-55-billones-en-creditos-para-impulsar-vivienda-industria-y-agricultura-en-colombia\/#primaryimage\",\"url\":\"https:\/\/marthacifuentes.com\/portada\/wp-content\/uploads\/2024\/08\/PETRO-Y-LA-BANCA.jpg\",\"contentUrl\":\"https:\/\/marthacifuentes.com\/portada\/wp-content\/uploads\/2024\/08\/PETRO-Y-LA-BANCA.jpg\",\"width\":780,\"height\":565},{\"@type\":\"BreadcrumbList\",\"@id\":\"https:\/\/marthacifuentes.com\/portada\/petro-logra-acuerdo-historico-55-billones-en-creditos-para-impulsar-vivienda-industria-y-agricultura-en-colombia\/#breadcrumb\",\"itemListElement\":[{\"@type\":\"ListItem\",\"position\":1,\"name\":\"Portada\",\"item\":\"https:\/\/marthacifuentes.com\/portada\/\"},{\"@type\":\"ListItem\",\"position\":2,\"name\":\"Petro logra acuerdo hist\u00f3rico: $55 billones en cr\u00e9ditos para impulsar vivienda, industria y agricultura en Colombia\u201d\"}]},{\"@type\":\"WebSite\",\"@id\":\"https:\/\/marthacifuentes.com\/portada\/#website\",\"url\":\"https:\/\/marthacifuentes.com\/portada\/\",\"name\":\"\u25b7 Noticias de Casanare : Martha Cifuentes | Casanare\",\"description\":\"Noticias &amp; Contenidos\",\"potentialAction\":[{\"@type\":\"SearchAction\",\"target\":{\"@type\":\"EntryPoint\",\"urlTemplate\":\"https:\/\/marthacifuentes.com\/portada\/?s={search_term_string}\"},\"query-input\":{\"@type\":\"PropertyValueSpecification\",\"valueRequired\":true,\"valueName\":\"search_term_string\"}}],\"inLanguage\":\"es\"},{\"@type\":\"Person\",\"@id\":\"https:\/\/marthacifuentes.com\/portada\/#\/schema\/person\/57f53174b991db5f90ff78d58502b714\",\"name\":\"Martha Cifuentes\",\"image\":{\"@type\":\"ImageObject\",\"inLanguage\":\"es\",\"@id\":\"https:\/\/marthacifuentes.com\/portada\/#\/schema\/person\/image\/\",\"url\":\"http:\/\/marthacifuentes.com\/portada\/wp-content\/uploads\/2018\/06\/avatar_user_2_1528838701-96x96.jpg\",\"contentUrl\":\"http:\/\/marthacifuentes.com\/portada\/wp-content\/uploads\/2018\/06\/avatar_user_2_1528838701-96x96.jpg\",\"caption\":\"Martha Cifuentes\"},\"sameAs\":[\"http:\/\/www.marthacifuentes.com\"],\"url\":\"https:\/\/marthacifuentes.com\/portada\/author\/martha\/\"}]}<\/script>\n<!-- \/ Yoast SEO plugin. -->","yoast_head_json":{"title":"Petro logra acuerdo hist\u00f3rico: $55 billones en cr\u00e9ditos para impulsar vivienda, industria y agricultura en Colombia\u201d - \u25b7 Noticias de Casanare : Martha Cifuentes | Casanare","robots":{"index":"index","follow":"follow","max-snippet":"max-snippet:-1","max-image-preview":"max-image-preview:large","max-video-preview":"max-video-preview:-1"},"canonical":"https:\/\/marthacifuentes.com\/portada\/petro-logra-acuerdo-historico-55-billones-en-creditos-para-impulsar-vivienda-industria-y-agricultura-en-colombia\/","og_locale":"es_ES","og_type":"article","og_title":"Petro logra acuerdo hist\u00f3rico: $55 billones en cr\u00e9ditos para impulsar vivienda, industria y agricultura en Colombia\u201d - \u25b7 Noticias de Casanare : Martha Cifuentes | Casanare","og_description":"Luego de un encuentro con los representantes de la banca p\u00fablica y privada del pa\u00eds, en el que analizaron la propuesta de reactivaci\u00f3n econ\u00f3mica, el presidente Gustavo Petro anunci\u00f3 que se logr\u00f3 un acuerdo para incrementar en $55 billones, en los pr\u00f3ximos 18 meses, los cr\u00e9ditos para las actividades productivas de construcci\u00f3n y mejoramiento de &hellip;","og_url":"https:\/\/marthacifuentes.com\/portada\/petro-logra-acuerdo-historico-55-billones-en-creditos-para-impulsar-vivienda-industria-y-agricultura-en-colombia\/","og_site_name":"\u25b7 Noticias de Casanare : Martha Cifuentes | Casanare","article_published_time":"2024-08-28T13:47:13+00:00","og_image":[{"width":780,"height":565,"url":"https:\/\/marthacifuentes.com\/portada\/wp-content\/uploads\/2024\/08\/PETRO-Y-LA-BANCA.jpg","type":"image\/jpeg"}],"author":"Martha Cifuentes","twitter_card":"summary_large_image","twitter_misc":{"Escrito por":"Martha Cifuentes","Tiempo de lectura":"4 minutos"},"schema":{"@context":"https:\/\/schema.org","@graph":[{"@type":"WebPage","@id":"https:\/\/marthacifuentes.com\/portada\/petro-logra-acuerdo-historico-55-billones-en-creditos-para-impulsar-vivienda-industria-y-agricultura-en-colombia\/","url":"https:\/\/marthacifuentes.com\/portada\/petro-logra-acuerdo-historico-55-billones-en-creditos-para-impulsar-vivienda-industria-y-agricultura-en-colombia\/","name":"Petro logra acuerdo hist\u00f3rico: $55 billones en cr\u00e9ditos para impulsar vivienda, industria y agricultura en Colombia\u201d - \u25b7 Noticias de Casanare : Martha Cifuentes | Casanare","isPartOf":{"@id":"https:\/\/marthacifuentes.com\/portada\/#website"},"primaryImageOfPage":{"@id":"https:\/\/marthacifuentes.com\/portada\/petro-logra-acuerdo-historico-55-billones-en-creditos-para-impulsar-vivienda-industria-y-agricultura-en-colombia\/#primaryimage"},"image":{"@id":"https:\/\/marthacifuentes.com\/portada\/petro-logra-acuerdo-historico-55-billones-en-creditos-para-impulsar-vivienda-industria-y-agricultura-en-colombia\/#primaryimage"},"thumbnailUrl":"https:\/\/marthacifuentes.com\/portada\/wp-content\/uploads\/2024\/08\/PETRO-Y-LA-BANCA.jpg","datePublished":"2024-08-28T13:47:13+00:00","author":{"@id":"https:\/\/marthacifuentes.com\/portada\/#\/schema\/person\/57f53174b991db5f90ff78d58502b714"},"breadcrumb":{"@id":"https:\/\/marthacifuentes.com\/portada\/petro-logra-acuerdo-historico-55-billones-en-creditos-para-impulsar-vivienda-industria-y-agricultura-en-colombia\/#breadcrumb"},"inLanguage":"es","potentialAction":[{"@type":"ReadAction","target":["https:\/\/marthacifuentes.com\/portada\/petro-logra-acuerdo-historico-55-billones-en-creditos-para-impulsar-vivienda-industria-y-agricultura-en-colombia\/"]}]},{"@type":"ImageObject","inLanguage":"es","@id":"https:\/\/marthacifuentes.com\/portada\/petro-logra-acuerdo-historico-55-billones-en-creditos-para-impulsar-vivienda-industria-y-agricultura-en-colombia\/#primaryimage","url":"https:\/\/marthacifuentes.com\/portada\/wp-content\/uploads\/2024\/08\/PETRO-Y-LA-BANCA.jpg","contentUrl":"https:\/\/marthacifuentes.com\/portada\/wp-content\/uploads\/2024\/08\/PETRO-Y-LA-BANCA.jpg","width":780,"height":565},{"@type":"BreadcrumbList","@id":"https:\/\/marthacifuentes.com\/portada\/petro-logra-acuerdo-historico-55-billones-en-creditos-para-impulsar-vivienda-industria-y-agricultura-en-colombia\/#breadcrumb","itemListElement":[{"@type":"ListItem","position":1,"name":"Portada","item":"https:\/\/marthacifuentes.com\/portada\/"},{"@type":"ListItem","position":2,"name":"Petro logra acuerdo hist\u00f3rico: $55 billones en cr\u00e9ditos para impulsar vivienda, industria y agricultura en Colombia\u201d"}]},{"@type":"WebSite","@id":"https:\/\/marthacifuentes.com\/portada\/#website","url":"https:\/\/marthacifuentes.com\/portada\/","name":"\u25b7 Noticias de Casanare : Martha Cifuentes | Casanare","description":"Noticias &amp; Contenidos","potentialAction":[{"@type":"SearchAction","target":{"@type":"EntryPoint","urlTemplate":"https:\/\/marthacifuentes.com\/portada\/?s={search_term_string}"},"query-input":{"@type":"PropertyValueSpecification","valueRequired":true,"valueName":"search_term_string"}}],"inLanguage":"es"},{"@type":"Person","@id":"https:\/\/marthacifuentes.com\/portada\/#\/schema\/person\/57f53174b991db5f90ff78d58502b714","name":"Martha Cifuentes","image":{"@type":"ImageObject","inLanguage":"es","@id":"https:\/\/marthacifuentes.com\/portada\/#\/schema\/person\/image\/","url":"http:\/\/marthacifuentes.com\/portada\/wp-content\/uploads\/2018\/06\/avatar_user_2_1528838701-96x96.jpg","contentUrl":"http:\/\/marthacifuentes.com\/portada\/wp-content\/uploads\/2018\/06\/avatar_user_2_1528838701-96x96.jpg","caption":"Martha Cifuentes"},"sameAs":["http:\/\/www.marthacifuentes.com"],"url":"https:\/\/marthacifuentes.com\/portada\/author\/martha\/"}]}},"_links":{"self":[{"href":"https:\/\/marthacifuentes.com\/portada\/wp-json\/wp\/v2\/posts\/33962","targetHints":{"allow":["GET"]}}],"collection":[{"href":"https:\/\/marthacifuentes.com\/portada\/wp-json\/wp\/v2\/posts"}],"about":[{"href":"https:\/\/marthacifuentes.com\/portada\/wp-json\/wp\/v2\/types\/post"}],"author":[{"embeddable":true,"href":"https:\/\/marthacifuentes.com\/portada\/wp-json\/wp\/v2\/users\/2"}],"replies":[{"embeddable":true,"href":"https:\/\/marthacifuentes.com\/portada\/wp-json\/wp\/v2\/comments?post=33962"}],"version-history":[{"count":1,"href":"https:\/\/marthacifuentes.com\/portada\/wp-json\/wp\/v2\/posts\/33962\/revisions"}],"predecessor-version":[{"id":33964,"href":"https:\/\/marthacifuentes.com\/portada\/wp-json\/wp\/v2\/posts\/33962\/revisions\/33964"}],"wp:featuredmedia":[{"embeddable":true,"href":"https:\/\/marthacifuentes.com\/portada\/wp-json\/wp\/v2\/media\/33963"}],"wp:attachment":[{"href":"https:\/\/marthacifuentes.com\/portada\/wp-json\/wp\/v2\/media?parent=33962"}],"wp:term":[{"taxonomy":"category","embeddable":true,"href":"https:\/\/marthacifuentes.com\/portada\/wp-json\/wp\/v2\/categories?post=33962"},{"taxonomy":"post_tag","embeddable":true,"href":"https:\/\/marthacifuentes.com\/portada\/wp-json\/wp\/v2\/tags?post=33962"}],"curies":[{"name":"wp","href":"https:\/\/api.w.org\/{rel}","templated":true}]}}