{"id":34046,"date":"2024-09-12T09:00:07","date_gmt":"2024-09-12T14:00:07","guid":{"rendered":"https:\/\/marthacifuentes.com\/portada\/?p=34046"},"modified":"2024-09-12T09:11:08","modified_gmt":"2024-09-12T14:11:08","slug":"demandada-eleccion-del-casanareno-alirio-barrera-como-segundo-vicepresidente-del-senado","status":"publish","type":"post","link":"https:\/\/marthacifuentes.com\/portada\/demandada-eleccion-del-casanareno-alirio-barrera-como-segundo-vicepresidente-del-senado\/","title":{"rendered":"Demandada elecci\u00f3n del casanare\u00f1o Alirio Barrera como segundo vicepresidente del Senado."},"content":{"rendered":"<p>Admitida en el Consejo de Estado la demanda de nulidad de la elecci\u00f3n del senador casanare\u00f1o Josu\u00e9 Alirio Barrera como segundo vicepresidente del Senado periodo 2024-2025.<\/p>\n<p>La demanda fue interpuesta por la activista y militante del partido Alianza Verde Daniela Luc\u00eda Navarro Gonz\u00e1lez y fue admitida por la Comisi\u00f3n Quinta del Consejo de Estado el pasado 5 de septiembre.<\/p>\n<p>&nbsp;<\/p>\n<p><strong>Argumentos<\/strong><\/p>\n<p>Navarro Gonz\u00e1lez argument\u00f3 que en los \u00faltimos tres periodos la dignidad de segunda vicepresidencia ha sido ocupada por partidos declarados de oposici\u00f3n y en ella se han elegido los senadores Honorio Henr\u00edquez Pinedo del partido Centro Democr\u00e1tico para 2022-2023; Didier Lobo Chinchilla del partido Cambio Radical para 2023-2024 y ahora a Alirio Barrera. Todos del g\u00e9nero masculino.<\/p>\n<p>En este asunto radica el motivo de la demanda, el que no se haya elegido una mujer en esa dignidad.<\/p>\n<p>La demandante rese\u00f1a que en el estatuto de oposici\u00f3n se dispone que la representaci\u00f3n de los partidos declarados como tal, debe alternarse en periodos sucesivos entre hombres y mujeres y esto no ha ocurrido en la segunda vicepresidencia en los \u00faltimos periodos, incluido el actual.<\/p>\n<p>Record\u00f3 que ya en 2022 se hab\u00eda vulnerado la norma, art\u00edculo 18 de la ley 1909 de 2018 y la resoluci\u00f3n 3134 de 2018 al elegirse a Didier Lobo Chinchilla cuando deb\u00eda haber sido Ana Mar\u00eda Casta\u00f1eda del partido Cambio Radical. En su momento se argument\u00f3 que se desconoc\u00eda la norma.<\/p>\n<p>Ahora nuevamente se presenta la situaci\u00f3n y se evidencia que no hay participaci\u00f3n equitativa y paritaria frente a las mujeres. Por ello, seg\u00fan la demandante, el congresista casanare\u00f1o no cumple con los requisitos para haber sido elegido en la vicepresidencia del Senado. Esta posici\u00f3n debe ocuparla una mujer.<\/p>\n<p><img loading=\"lazy\" decoding=\"async\" class=\"wp-image-34048 aligncenter\" src=\"https:\/\/marthacifuentes.com\/portada\/wp-content\/uploads\/2024\/09\/demanda-nulidad-alirio-barrera-segundo-vicepresidente-senado.png\" alt=\"\" width=\"571\" height=\"458\" srcset=\"https:\/\/marthacifuentes.com\/portada\/wp-content\/uploads\/2024\/09\/demanda-nulidad-alirio-barrera-segundo-vicepresidente-senado.png 756w, https:\/\/marthacifuentes.com\/portada\/wp-content\/uploads\/2024\/09\/demanda-nulidad-alirio-barrera-segundo-vicepresidente-senado-300x240.png 300w\" sizes=\"auto, (max-width: 571px) 100vw, 571px\" \/><\/p>\n<h4><strong>Contexto: Art\u00edculo 18 de ley 1909 de 2018<\/strong><\/h4>\n<p><strong><em>Participaci\u00f3n en mesas directivas de plenarias de corporaciones p\u00fablicas de elecci\u00f3n popular.<\/em><\/strong>\u00a0Las organizaciones pol\u00edticas declaradas en oposici\u00f3n y con representaci\u00f3n en la correspondiente corporaci\u00f3n p\u00fablica, tendr\u00e1n participaci\u00f3n a trav\u00e9s de al menos una de las posiciones de las mesas directivas de las Plenarias del Congreso de la Rep\u00fablica, las asambleas departamentales, los concejos distritales y de capitales departamentales. Los candidatos para ocupar la plaza que le corresponda a la oposici\u00f3n solo podr\u00e1n ser postulados por dichas organizaciones.<\/p>\n<p>La organizaci\u00f3n pol\u00edtica que hubiese ocupado este lugar en las mesas directivas no podr\u00e1 volver a ocuparlo hasta tanto no lo hagan las dem\u00e1s declaradas en oposici\u00f3n, salvo que por unanimidad as\u00ed lo decidan.<\/p>\n<p><strong>Esta representaci\u00f3n debe alternarse en per\u00edodos sucesivos entre hombres y mujeres.<\/strong><\/p>\n<p><strong><a href=\"https:\/\/marthacifuentes.com\/portada\/wp-content\/uploads\/2024\/09\/DEMANDA-DE-NULIDAD-ELECCION-ALIRIO-BARRERA-COMO-SEGUNDO-VICEPRESIDENTE-SENADO.pdf\">DEMANDA DE NULIDAD ELECCION ALIRIO BARRERA COMO SEGUNDO VICEPRESIDENTE SENADO<\/a><\/strong><\/p>\n<h2><span style=\"color: #ff6600;\"><strong>Otras noticias&#8230;<\/strong><\/span><\/h2>\n<blockquote class=\"wp-embedded-content\" data-secret=\"0v5m9bWzxk\"><p><a href=\"https:\/\/marthacifuentes.com\/portada\/2024\/09\/11\/deudores-morosos-de-impuestos-de-yopal-a-ponerse-al-dia-con-alivios-tributarios\/\">Deudores morosos de impuestos de Yopal, a ponerse al d\u00eda con alivios tributarios<\/a><\/p><\/blockquote>\n<p><iframe loading=\"lazy\" class=\"wp-embedded-content\" sandbox=\"allow-scripts\" security=\"restricted\" style=\"position: absolute; clip: rect(1px, 1px, 1px, 1px);\" title=\"\u00abDeudores morosos de impuestos de Yopal, a ponerse al d\u00eda con alivios tributarios\u00bb \u2014 \u25b7 Noticias de Casanare : Martha Cifuentes | Casanare\" src=\"https:\/\/marthacifuentes.com\/portada\/2024\/09\/11\/deudores-morosos-de-impuestos-de-yopal-a-ponerse-al-dia-con-alivios-tributarios\/embed\/#?secret=qEF8w8erwX#?secret=0v5m9bWzxk\" data-secret=\"0v5m9bWzxk\" width=\"500\" height=\"282\" frameborder=\"0\" marginwidth=\"0\" marginheight=\"0\" scrolling=\"no\"><\/iframe><\/p>\n<p><iframe loading=\"lazy\" class=\"wp-embedded-content\" title=\"\u00abExtorsionados de disidencias de las Farc en Casanare podr\u00edan ser judicializadas por la Fiscal\u00eda, de comprobarse pagos a este grupo.\u00bb \u2014 \u25b7 Noticias de Casanare : Martha Cifuentes | Casanare\" src=\"https:\/\/marthacifuentes.com\/portada\/2024\/09\/10\/extorsionados-de-disidencias-de-las-farc-en-casanare-podrian-ser-judicializadas-por-la-fiscalia-de-comprobarse-pagos-a-este-grupo\/embed\/#?secret=hAkveE3Ysn#?secret=qp4fQaFvxJ\" width=\"600\" height=\"650\" frameborder=\"0\" marginwidth=\"0\" marginheight=\"0\" scrolling=\"no\" sandbox=\"allow-scripts\" data-secret=\"qp4fQaFvxJ\" data-mce-fragment=\"1\"><\/iframe><\/p>\n<p><iframe loading=\"lazy\" class=\"wp-embedded-content\" title=\"\u00abFiscal\u00eda acusa a dos exfuncionarios de Perenco por presuntos nexos con grupos paramilitares en Casanare, pero faltan m\u00e1s\u00bb \u2014 \u25b7 Noticias de Casanare : Martha Cifuentes | Casanare\" src=\"https:\/\/marthacifuentes.com\/portada\/2024\/09\/09\/fiscalia-acusa-a-dos-exfuncionarios-de-perenco-por-presuntos-nexos-con-grupos-paramilitares-en-casanare-pero-faltan-mas\/embed\/#?secret=lQf2k1MBrz#?secret=Z40IYLaeu9\" width=\"600\" height=\"650\" frameborder=\"0\" marginwidth=\"0\" marginheight=\"0\" scrolling=\"no\" sandbox=\"allow-scripts\" data-secret=\"Z40IYLaeu9\" data-mce-fragment=\"1\"><\/iframe><\/p>\n<p><iframe loading=\"lazy\" class=\"wp-embedded-content\" title=\"\u00abCasanare, departamento petrolero, pero con su poblaci\u00f3n pobre, seg\u00fan sincronizaci\u00f3n del SISBEN IV\u00bb \u2014 \u25b7 Noticias de Casanare : Martha Cifuentes | Casanare\" src=\"https:\/\/marthacifuentes.com\/portada\/2024\/09\/05\/casanare-departamento-petrolero-pero-con-su-poblacion-pobre-segun-sincronizacion-del-sisben-iv\/embed\/#?secret=Z8CzjRlzYC#?secret=PBKDyOT7OL\" width=\"600\" height=\"586\" frameborder=\"0\" marginwidth=\"0\" marginheight=\"0\" scrolling=\"no\" sandbox=\"allow-scripts\" data-secret=\"PBKDyOT7OL\" data-mce-fragment=\"1\"><\/iframe><\/p>\n<p><iframe loading=\"lazy\" class=\"wp-embedded-content\" title=\"\u00abAlcald\u00eda de Yopal y Fiscal\u00eda quieren frenar las urbanizaciones ilegales y a sus promotores\u00bb \u2014 \u25b7 Noticias de Casanare : Martha Cifuentes | Casanare\" src=\"https:\/\/marthacifuentes.com\/portada\/2024\/09\/05\/alcaldia-de-yopal-y-fiscalia-quieren-frenar-las-urbanizaciones-ilegales-y-a-sus-promotores\/embed\/#?secret=majZjm11eE#?secret=JygMPyVd0E\" width=\"600\" height=\"621\" frameborder=\"0\" marginwidth=\"0\" marginheight=\"0\" scrolling=\"no\" sandbox=\"allow-scripts\" data-secret=\"JygMPyVd0E\" data-mce-fragment=\"1\"><\/iframe><\/p>\n<p><iframe loading=\"lazy\" class=\"wp-embedded-content\" title=\"\u00abSe restringe venta de gasolina en Yopal por paro camionero\u00bb \u2014 \u25b7 Noticias de Casanare : Martha Cifuentes | Casanare\" src=\"https:\/\/marthacifuentes.com\/portada\/2024\/09\/05\/se-restringe-venta-de-gasolina-en-yopal-por-paro-camionero\/embed\/#?secret=rY0nexz1tQ#?secret=Bm4xZ2erol\" width=\"600\" height=\"621\" frameborder=\"0\" marginwidth=\"0\" marginheight=\"0\" scrolling=\"no\" sandbox=\"allow-scripts\" data-secret=\"Bm4xZ2erol\" data-mce-fragment=\"1\"><\/iframe><\/p>\n<p><iframe loading=\"lazy\" class=\"wp-embedded-content\" title=\"\u00abSem\u00e1foro verde para que la Alcald\u00eda de Yopal liquide contrato de SETTY\u00bb \u2014 \u25b7 Noticias de Casanare : Martha Cifuentes | Casanare\" src=\"https:\/\/marthacifuentes.com\/portada\/2024\/09\/05\/semaforo-verde-para-que-la-alcaldia-de-yopal-liquide-contrato-de-setty\/embed\/#?secret=xMbP7D7eon#?secret=hpEGySXKCe\" width=\"600\" height=\"596\" frameborder=\"0\" marginwidth=\"0\" marginheight=\"0\" scrolling=\"no\" sandbox=\"allow-scripts\" data-secret=\"hpEGySXKCe\" data-mce-fragment=\"1\"><\/iframe><\/p>\n<p><iframe loading=\"lazy\" class=\"wp-embedded-content\" title=\"\u00abAlcald\u00eda de Yopal y SETTY deben resignarse y liquidar concesi\u00f3n. Tribunal dice no tiene nada que aclarar.\u00bb \u2014 \u25b7 Noticias de Casanare : Martha Cifuentes | Casanare\" src=\"https:\/\/marthacifuentes.com\/portada\/2024\/09\/04\/alcaldia-de-yopal-y-setty-deben-resignarse-y-liquidar-concesion-tribunal-dice-no-tiene-nada-que-aclarar\/embed\/#?secret=HZeJEQsG3p#?secret=TzwgGjLi2m\" width=\"600\" height=\"596\" frameborder=\"0\" marginwidth=\"0\" marginheight=\"0\" scrolling=\"no\" sandbox=\"allow-scripts\" data-secret=\"TzwgGjLi2m\" data-mce-fragment=\"1\"><\/iframe><\/p>\n<p><iframe loading=\"lazy\" class=\"wp-embedded-content\" title=\"\u00abIFC suscribe alianza estrat\u00e9gica con Universidad de Antioquia\u00bb \u2014 \u25b7 Noticias de Casanare : Martha Cifuentes | Casanare\" src=\"https:\/\/marthacifuentes.com\/portada\/2024\/09\/04\/ifc-suscribe-alianza-estrategica-con-universidad-de-antioquia\/embed\/#?secret=yM76ddGnXZ#?secret=MarfrGfjQ2\" width=\"600\" height=\"621\" frameborder=\"0\" marginwidth=\"0\" marginheight=\"0\" scrolling=\"no\" sandbox=\"allow-scripts\" data-secret=\"MarfrGfjQ2\" data-mce-fragment=\"1\"><\/iframe><\/p>\n<p><iframe loading=\"lazy\" class=\"wp-embedded-content\" title=\"\u00abCl\u00ednica Casanare: \u201cPacientes card\u00edacos en riesgo por trabas administrativas de la Secretar\u00eda de Salud Departamental\u201d\u00bb \u2014 \u25b7 Noticias de Casanare : Martha Cifuentes | Casanare\" src=\"https:\/\/marthacifuentes.com\/portada\/2024\/09\/03\/clinica-casanare-pacientes-cardiacos-en-riesgo-por-trabas-administrativas-de-la-secretaria-de-salud-departamental\/embed\/#?secret=6ZrilycIED#?secret=nv8PJ1gNUO\" width=\"600\" height=\"615\" frameborder=\"0\" marginwidth=\"0\" marginheight=\"0\" scrolling=\"no\" sandbox=\"allow-scripts\" data-secret=\"nv8PJ1gNUO\" data-mce-fragment=\"1\"><\/iframe><\/p>\n<p><iframe loading=\"lazy\" class=\"wp-embedded-content\" title=\"\u00abHoy en Yopal di\u00e1logo sobre catastro, legalizaci\u00f3n y ordenamiento social de la propiedad\u00bb \u2014 \u25b7 Noticias de Casanare : Martha Cifuentes | Casanare\" src=\"https:\/\/marthacifuentes.com\/portada\/2024\/08\/30\/hoy-en-yopal-dialogo-sobre-catastro-legalizacion-y-ordenamiento-social-de-la-propiedad\/embed\/#?secret=BqkW0G2XSW#?secret=v2vdcNKOVi\" width=\"600\" height=\"621\" frameborder=\"0\" marginwidth=\"0\" marginheight=\"0\" scrolling=\"no\" sandbox=\"allow-scripts\" data-secret=\"v2vdcNKOVi\" data-mce-fragment=\"1\"><\/iframe><\/p>\n<p><iframe loading=\"lazy\" class=\"wp-embedded-content\" title=\"\u00abColegio Braulio Gonz\u00e1lez en Yopal 60 a\u00f1os educando a miles de ni\u00f1os y ni\u00f1as.\u00bb \u2014 \u25b7 Noticias de Casanare : Martha Cifuentes | Casanare\" src=\"https:\/\/marthacifuentes.com\/portada\/2024\/08\/30\/colegio-braulio-gonzalez-en-yopal-60-anos-educando-a-miles-de-ninos-y-ninas\/embed\/#?secret=eMk5FyXfu3#?secret=AYBObNJAsi\" width=\"600\" height=\"621\" frameborder=\"0\" marginwidth=\"0\" marginheight=\"0\" scrolling=\"no\" sandbox=\"allow-scripts\" data-secret=\"AYBObNJAsi\" data-mce-fragment=\"1\"><\/iframe><\/p>\n<p><iframe loading=\"lazy\" class=\"wp-embedded-content\" title=\"\u00abComo peces en el agua, expertos conversar\u00e1n en Monterrey, Casanare, sobre agroindustria del pescado\u00bb \u2014 \u25b7 Noticias de Casanare : Martha Cifuentes | Casanare\" src=\"https:\/\/marthacifuentes.com\/portada\/2024\/08\/30\/como-peces-en-el-agua-expertos-conversaran-en-monterrey-casanare-sobre-agroindustria-del-pescado\/embed\/#?secret=v1Pdy0NLRy#?secret=FnKjchZIXD\" width=\"600\" height=\"621\" frameborder=\"0\" marginwidth=\"0\" marginheight=\"0\" scrolling=\"no\" sandbox=\"allow-scripts\" data-secret=\"FnKjchZIXD\" data-mce-fragment=\"1\"><\/iframe><\/p>\n<p><iframe loading=\"lazy\" class=\"wp-embedded-content\" title=\"\u00abACP rechaza la violencia en Arauca y pide respeto de los derechos humanos\u00bb \u2014 \u25b7 Noticias de Casanare : Martha Cifuentes | Casanare\" src=\"https:\/\/marthacifuentes.com\/portada\/2024\/08\/30\/acp-rechaza-la-violencia-en-arauca-y-pide-respeto-de-los-derechos-humanos\/embed\/#?secret=7G2YKowFOn#?secret=yTPESF0p3h\" width=\"600\" height=\"621\" frameborder=\"0\" marginwidth=\"0\" marginheight=\"0\" scrolling=\"no\" sandbox=\"allow-scripts\" data-secret=\"yTPESF0p3h\" data-mce-fragment=\"1\"><\/iframe><\/p>\n<p><iframe loading=\"lazy\" class=\"wp-embedded-content\" title=\"\u00abBrigadas de Cr\u00e9dito del IFC han llegado a 11 municipios de Casanare con soluciones financieras para distintos sectores de la poblaci\u00f3n\u00bb \u2014 \u25b7 Noticias de Casanare : Martha Cifuentes | Casanare\" src=\"https:\/\/marthacifuentes.com\/portada\/2024\/08\/30\/brigadas-de-credito-del-ifc-han-llegado-a-11-municipios-de-casanare-con-soluciones-financieras-para-distintos-sectores-de-la-poblacion\/embed\/#?secret=7SU6joCWJz#?secret=q04y4dOiTM\" width=\"600\" height=\"650\" frameborder=\"0\" marginwidth=\"0\" marginheight=\"0\" scrolling=\"no\" sandbox=\"allow-scripts\" data-secret=\"q04y4dOiTM\" data-mce-fragment=\"1\"><\/iframe><\/p>\n<p><iframe loading=\"lazy\" class=\"wp-embedded-content\" title=\"\u00abPetro logra acuerdo hist\u00f3rico: $55 billones en cr\u00e9ditos para impulsar vivienda, industria y agricultura en Colombia\u201d\u00bb \u2014 \u25b7 Noticias de Casanare : Martha Cifuentes | Casanare\" src=\"https:\/\/marthacifuentes.com\/portada\/2024\/08\/28\/petro-logra-acuerdo-historico-55-billones-en-creditos-para-impulsar-vivienda-industria-y-agricultura-en-colombia\/embed\/#?secret=kN4sFVKegH#?secret=FlVw04Sk4B\" width=\"600\" height=\"650\" frameborder=\"0\" marginwidth=\"0\" marginheight=\"0\" scrolling=\"no\" sandbox=\"allow-scripts\" data-secret=\"FlVw04Sk4B\" data-mce-fragment=\"1\"><\/iframe><\/p>\n<p><iframe loading=\"lazy\" class=\"wp-embedded-content\" title=\"\u00abEcopetrol bec\u00f3 a 9 excelentes bachilleres de Casanare\u00bb \u2014 \u25b7 Noticias de Casanare : Martha Cifuentes | Casanare\" src=\"https:\/\/marthacifuentes.com\/portada\/2024\/08\/28\/ecopetrol-beco-a-9-excelentes-bachilleres-de-casanare\/embed\/#?secret=E8ZWXDEJJe#?secret=j0nhbmwR1N\" width=\"600\" height=\"593\" frameborder=\"0\" marginwidth=\"0\" marginheight=\"0\" scrolling=\"no\" sandbox=\"allow-scripts\" data-secret=\"j0nhbmwR1N\" data-mce-fragment=\"1\"><\/iframe><\/p>\n<p><iframe loading=\"lazy\" class=\"wp-embedded-content\" title=\"\u00abConcejo de Yopal dio luz verde a vigencias futuras, estampilla justicia familiar y modificaci\u00f3n presupuesto.\u00bb \u2014 \u25b7 Noticias de Casanare : Martha Cifuentes | Casanare\" src=\"https:\/\/marthacifuentes.com\/portada\/2024\/08\/27\/concejo-de-yopal-dio-luz-verde-a-vigencias-futuras-estampilla-justicia-familiar-y-modificacion-presupuesto\/embed\/#?secret=dWIsTgITYN#?secret=9v1oBAf29T\" width=\"600\" height=\"621\" frameborder=\"0\" marginwidth=\"0\" marginheight=\"0\" scrolling=\"no\" sandbox=\"allow-scripts\" data-secret=\"9v1oBAf29T\" data-mce-fragment=\"1\"><\/iframe><\/p>\n<p><iframe loading=\"lazy\" class=\"wp-embedded-content\" title=\"\u00abRegal\u00edas de Casanare y Colombia se estar\u00edan esfumando en manos de \u00abcontrataderos\u00bb, seg\u00fan el DNP \u00a0\u00bb \u2014 \u25b7 Noticias de Casanare : Martha Cifuentes | Casanare\" src=\"https:\/\/marthacifuentes.com\/portada\/2024\/08\/27\/regalias-de-casanare-y-colombia-se-estarian-esfumando-en-manos-de-contrataderos-segun-el-dnp\/embed\/#?secret=07PoX0sDso#?secret=ISOthVBabi\" width=\"600\" height=\"650\" frameborder=\"0\" marginwidth=\"0\" marginheight=\"0\" scrolling=\"no\" sandbox=\"allow-scripts\" data-secret=\"ISOthVBabi\" data-mce-fragment=\"1\"><\/iframe><\/p>\n<p><iframe loading=\"lazy\" class=\"wp-embedded-content\" title=\"\u00ab41 a\u00f1os de prisi\u00f3n para desalmada mujer que promovi\u00f3 abuso sexual continuado contra su propia hija de 7 a\u00f1os\u00bb \u2014 \u25b7 Noticias de Casanare : Martha Cifuentes | Casanare\" src=\"https:\/\/marthacifuentes.com\/portada\/2024\/08\/23\/41-anos-de-prision-para-desalmada-mujer-que-promovio-abuso-sexual-continuado-contra-su-propia-hija-de-7-anos\/embed\/#?secret=oIyOyXDvuA#?secret=Pgxtv66Flz\" width=\"600\" height=\"629\" frameborder=\"0\" marginwidth=\"0\" marginheight=\"0\" scrolling=\"no\" sandbox=\"allow-scripts\" data-secret=\"Pgxtv66Flz\" data-mce-fragment=\"1\"><\/iframe><\/p>\n<p><iframe loading=\"lazy\" class=\"wp-embedded-content\" title=\"\u00abLotes de La Bendici\u00f3n, Yopal, se podr\u00e1n titular gratis, pero\u2026 Uno por beneficiario y si se cumplen los requisitos.\u00bb \u2014 \u25b7 Noticias de Casanare : Martha Cifuentes | Casanare\" src=\"https:\/\/marthacifuentes.com\/portada\/2024\/08\/22\/lotes-de-la-bendicion-yopal-se-podran-titular-gratis-pero-uno-por-beneficiario-y-si-se-cumplen-los-requisitos\/embed\/#?secret=PRgNQ6kOQx#?secret=OqUvcAd6Qx\" width=\"600\" height=\"650\" frameborder=\"0\" marginwidth=\"0\" marginheight=\"0\" scrolling=\"no\" sandbox=\"allow-scripts\" data-secret=\"OqUvcAd6Qx\" data-mce-fragment=\"1\"><\/iframe><\/p>\n<p><iframe loading=\"lazy\" class=\"wp-embedded-content\" title=\"\u00abPresunto caso de intento de rapto alert\u00f3 a colegio y su comunidad educativa en Yopal\u00bb \u2014 \u25b7 Noticias de Casanare : Martha Cifuentes | Casanare\" src=\"https:\/\/marthacifuentes.com\/portada\/2024\/08\/20\/presunto-caso-de-intento-de-rapto-alerto-a-colegio-y-su-comunidad-educativa-en-yopal\/embed\/#?secret=HpCEUDyHW1#?secret=r9M92WBxzT\" width=\"600\" height=\"621\" frameborder=\"0\" marginwidth=\"0\" marginheight=\"0\" scrolling=\"no\" sandbox=\"allow-scripts\" data-secret=\"r9M92WBxzT\" data-mce-fragment=\"1\"><\/iframe><\/p>\n<p><iframe loading=\"lazy\" class=\"wp-embedded-content\" title=\"\u00abGobernaci\u00f3n de Casanare instalar\u00e1 puentes en ca\u00f1os El Cravito y Los Caribes en Hato Corozal\u00bb \u2014 \u25b7 Noticias de Casanare : Martha Cifuentes | Casanare\" src=\"https:\/\/marthacifuentes.com\/portada\/2024\/08\/20\/gobernacion-de-casanare-instalara-puentes-en-canos-el-cravito-y-los-caribes-en-hato-corozal\/embed\/#?secret=vTtIJmkj47#?secret=vLTj5BJbml\" width=\"600\" height=\"600\" frameborder=\"0\" marginwidth=\"0\" marginheight=\"0\" scrolling=\"no\" sandbox=\"allow-scripts\" data-secret=\"vLTj5BJbml\" data-mce-fragment=\"1\"><\/iframe><\/p>\n<p><iframe loading=\"lazy\" class=\"wp-embedded-content\" title=\"\u00abConvenio de MinTIC y Gobernaci\u00f3n de Casanare llevar\u00e1 internet de alta velocidad a 62.000 habitantes\u00bb \u2014 \u25b7 Noticias de Casanare : Martha Cifuentes | Casanare\" src=\"https:\/\/marthacifuentes.com\/portada\/2024\/08\/20\/convenio-de-mintic-y-gobernacion-de-casanare-llevara-internet-de-alta-velocidad-a-62-000-habitantes\/embed\/#?secret=JQybkOWl0t#?secret=3XsTHR4Wsm\" width=\"600\" height=\"621\" frameborder=\"0\" marginwidth=\"0\" marginheight=\"0\" scrolling=\"no\" sandbox=\"allow-scripts\" data-secret=\"3XsTHR4Wsm\" data-mce-fragment=\"1\"><\/iframe><\/p>\n<p><iframe loading=\"lazy\" class=\"wp-embedded-content\" title=\"\u00ab10 pueblos ind\u00edgenas de Ca\u00f1o Mochuelo sometidos por el frente 28 de disidencias de las Farc: Alerta temprana de la Defensor\u00eda\u00bb \u2014 \u25b7 Noticias de Casanare : Martha Cifuentes | Casanare\" src=\"https:\/\/marthacifuentes.com\/portada\/2024\/08\/16\/10-pueblos-indigenas-de-cano-mochuelo-sometidos-por-el-frente-28-de-disidencias-de-las-farc-alerta-temprana-de-la-defensoria\/embed\/#?secret=HKoEqCWHwh#?secret=SSztHnb4jv\" width=\"600\" height=\"629\" frameborder=\"0\" marginwidth=\"0\" marginheight=\"0\" scrolling=\"no\" sandbox=\"allow-scripts\" data-secret=\"SSztHnb4jv\" data-mce-fragment=\"1\"><\/iframe><\/p>\n<p><iframe loading=\"lazy\" class=\"wp-embedded-content\" title=\"\u00abCompactador accidentado de la Eaaay NO ten\u00eda seguro de todo riesgo. Por esto se podr\u00eda perder $1.388 millones.\u00bb \u2014 \u25b7 Noticias de Casanare : Martha Cifuentes | Casanare\" src=\"https:\/\/marthacifuentes.com\/portada\/2024\/08\/16\/compactador-accidentado-de-la-eaaay-no-tenia-seguro-de-todo-riesgo-por-esto-se-podria-perder-1-388-millones\/embed\/#?secret=Em7DPE3hfS#?secret=b6DrCjaJxd\" width=\"600\" height=\"629\" frameborder=\"0\" marginwidth=\"0\" marginheight=\"0\" scrolling=\"no\" sandbox=\"allow-scripts\" data-secret=\"b6DrCjaJxd\" data-mce-fragment=\"1\"><\/iframe><\/p>\n<p><iframe loading=\"lazy\" class=\"wp-embedded-content\" title=\"\u00abFelipe Becerra, rechaz\u00f3 posible nueva tercerizaci\u00f3n de servicios del tr\u00e1nsito.\u00bb \u2014 \u25b7 Noticias de Casanare : Martha Cifuentes | Casanare\" src=\"https:\/\/marthacifuentes.com\/portada\/2024\/08\/16\/felipe-becerra-rechazo-posible-nueva-tercerizacion-de-servicios-del-transito\/embed\/#?secret=ilnUnW6fMt#?secret=hzZMsuhypB\" width=\"600\" height=\"621\" frameborder=\"0\" marginwidth=\"0\" marginheight=\"0\" scrolling=\"no\" sandbox=\"allow-scripts\" data-secret=\"hzZMsuhypB\" data-mce-fragment=\"1\"><\/iframe><\/p>\n<p><iframe loading=\"lazy\" class=\"wp-embedded-content\" title=\"\u00abFallo de nulidad de concesi\u00f3n Setty cogi\u00f3 con los \u201ccalzones abajo\u201d a la Alcald\u00eda de Yopal. No sabe qu\u00e9 hacer.\u00bb \u2014 \u25b7 Noticias de Casanare : Martha Cifuentes | Casanare\" src=\"https:\/\/marthacifuentes.com\/portada\/2024\/08\/15\/fallo-de-nulidad-de-concesion-setty-cogio-con-los-calzones-abajo-a-la-alcaldia-de-yopal-no-sabe-que-hacer\/embed\/#?secret=XUYal84GoE#?secret=bTLN5VTt0o\" width=\"600\" height=\"650\" frameborder=\"0\" marginwidth=\"0\" marginheight=\"0\" scrolling=\"no\" sandbox=\"allow-scripts\" data-secret=\"bTLN5VTt0o\" data-mce-fragment=\"1\"><\/iframe><\/p>\n<p><iframe loading=\"lazy\" class=\"wp-embedded-content\" title=\"\u00abLleg\u00f3 el d\u00eda de las Pruebas saber 11. Recomendaciones para mejores resultados en Casanare.\u00bb \u2014 \u25b7 Noticias de Casanare : Martha Cifuentes | Casanare\" src=\"https:\/\/marthacifuentes.com\/portada\/2024\/08\/15\/llego-el-dia-de-las-pruebas-saber-11-recomendaciones-para-mejores-resultados-en-casanare\/embed\/#?secret=eNmATDeovf#?secret=vJXLzlGP0L\" width=\"600\" height=\"609\" frameborder=\"0\" marginwidth=\"0\" marginheight=\"0\" scrolling=\"no\" sandbox=\"allow-scripts\" data-secret=\"vJXLzlGP0L\" data-mce-fragment=\"1\"><\/iframe><\/p>\n<p><iframe loading=\"lazy\" class=\"wp-embedded-content\" title=\"\u00ab\u00bfCentro Democr\u00e1tico comienza a deshojarse en Casanare? Exalcalde de Monterrey renunci\u00f3 al Partido.\u00bb \u2014 \u25b7 Noticias de Casanare : Martha Cifuentes | Casanare\" src=\"https:\/\/marthacifuentes.com\/portada\/2024\/08\/14\/centro-democratico-comienza-a-deshojarse-en-casanare-exalcalde-de-monterrey-renuncio-al-partido\/embed\/#?secret=DqPMuoMB6O#?secret=VZ0NM2EwOb\" width=\"600\" height=\"621\" frameborder=\"0\" marginwidth=\"0\" marginheight=\"0\" scrolling=\"no\" sandbox=\"allow-scripts\" data-secret=\"VZ0NM2EwOb\" data-mce-fragment=\"1\"><\/iframe><\/p>\n<p><iframe loading=\"lazy\" class=\"wp-embedded-content\" title=\"\u00abCon reapertura de Planta de Beneficio Animal en Tauramena se espera reducci\u00f3n de costos de sacrificio de ganado\u00bb \u2014 \u25b7 Noticias de Casanare : Martha Cifuentes | Casanare\" src=\"https:\/\/marthacifuentes.com\/portada\/2024\/08\/14\/con-reapertura-de-planta-de-beneficio-animal-en-tauramena-se-espera-reduccion-de-costos-de-sacrificio-de-ganado\/embed\/#?secret=w0qrcEfSGz#?secret=nT0ypTx6Nz\" width=\"600\" height=\"650\" frameborder=\"0\" marginwidth=\"0\" marginheight=\"0\" scrolling=\"no\" sandbox=\"allow-scripts\" data-secret=\"nT0ypTx6Nz\" data-mce-fragment=\"1\"><\/iframe><\/p>\n<p><iframe loading=\"lazy\" class=\"wp-embedded-content\" title=\"\u00abProyecto de condonaci\u00f3n de hasta 90% de sanciones e intereses por obligaciones tributarias presentar\u00e1 la Alcald\u00eda de Yopal al Concejo en sesiones extraordinarias.\u00bb \u2014 \u25b7 Noticias de Casanare : Martha Cifuentes | Casanare\" src=\"https:\/\/marthacifuentes.com\/portada\/2024\/08\/14\/proyecto-de-condonacion-de-hasta-90-de-sanciones-e-intereses-por-obligaciones-tributarias-presentara-la-alcaldia-de-yopal-al-concejo-en-sesiones-extraordinarias\/embed\/#?secret=VUjWfOA8ex#?secret=aVdEDJYoc9\" width=\"600\" height=\"678\" frameborder=\"0\" marginwidth=\"0\" marginheight=\"0\" scrolling=\"no\" sandbox=\"allow-scripts\" data-secret=\"aVdEDJYoc9\" data-mce-fragment=\"1\"><\/iframe><\/p>\n<p><iframe loading=\"lazy\" class=\"wp-embedded-content\" title=\"\u00ab26 a\u00f1os de espera: familia tamare\u00f1a encuentra a uno de sus tres desaparecidos\u00bb \u2014 \u25b7 Noticias de Casanare : Martha Cifuentes | Casanare\" src=\"https:\/\/marthacifuentes.com\/portada\/2024\/08\/13\/26-anos-de-espera-familia-tamarena-encuentra-a-uno-de-sus-tres-desaparecidos\/embed\/#?secret=gZywV1s9uB#?secret=L246mwnvbI\" width=\"600\" height=\"621\" frameborder=\"0\" marginwidth=\"0\" marginheight=\"0\" scrolling=\"no\" sandbox=\"allow-scripts\" data-secret=\"L246mwnvbI\" data-mce-fragment=\"1\"><\/iframe><\/p>\n<p><iframe loading=\"lazy\" class=\"wp-embedded-content\" title=\"\u00abPuente met\u00e1lico militar en el r\u00edo Ariporo en peligro: buscan evitar un nuevo colapso\u00bb \u2014 \u25b7 Noticias de Casanare : Martha Cifuentes | Casanare\" src=\"https:\/\/marthacifuentes.com\/portada\/2024\/08\/13\/puente-metalico-militar-en-el-rio-ariporo-en-peligro-buscan-evitar-un-nuevo-colapso\/embed\/#?secret=xXUlxBS4eO#?secret=kcOzCmPJ42\" width=\"600\" height=\"621\" frameborder=\"0\" marginwidth=\"0\" marginheight=\"0\" scrolling=\"no\" sandbox=\"allow-scripts\" data-secret=\"kcOzCmPJ42\" data-mce-fragment=\"1\"><\/iframe><\/p>\n<p><iframe loading=\"lazy\" class=\"wp-embedded-content\" title=\"\u00ab50% de propietarios de carros y motos pendientes de pago de impuesto vehicular en Casanare\u00bb \u2014 \u25b7 Noticias de Casanare : Martha Cifuentes | Casanare\" src=\"https:\/\/marthacifuentes.com\/portada\/2024\/08\/13\/50-de-propietarios-de-carros-y-motos-pendientes-de-pago-de-impuesto-vehicular-en-casanare\/embed\/#?secret=M052uUQVtI#?secret=z40iWn1NlE\" width=\"600\" height=\"621\" frameborder=\"0\" marginwidth=\"0\" marginheight=\"0\" scrolling=\"no\" sandbox=\"allow-scripts\" data-secret=\"z40iWn1NlE\" data-mce-fragment=\"1\"><\/iframe><\/p>\n<p><iframe loading=\"lazy\" class=\"wp-embedded-content\" title=\"\u00abEn Getseman\u00ed y Salom\u00e9 II de Yopal, familias ahora con gas natural. Adi\u00f3s al cilindro.\u00bb \u2014 \u25b7 Noticias de Casanare : Martha Cifuentes | Casanare\" src=\"https:\/\/marthacifuentes.com\/portada\/2024\/08\/13\/en-getsemani-y-salome-ii-de-yopal-familias-ahora-con-gas-natural-adios-al-cilindro\/embed\/#?secret=UN0SlUkEth#?secret=bo1qep9XMy\" width=\"600\" height=\"600\" frameborder=\"0\" marginwidth=\"0\" marginheight=\"0\" scrolling=\"no\" sandbox=\"allow-scripts\" data-secret=\"bo1qep9XMy\" data-mce-fragment=\"1\"><\/iframe><\/p>\n<p><iframe loading=\"lazy\" class=\"wp-embedded-content\" title=\"\u00abPTAP de Yopal se conectar\u00e1 a la quebrada La Tablona\u00bb \u2014 \u25b7 Noticias de Casanare : Martha Cifuentes | Casanare\" src=\"https:\/\/marthacifuentes.com\/portada\/2024\/08\/13\/ptap-de-yopal-se-conectara-a-la-quebrada-la-tablona\/embed\/#?secret=2ZKzVdeT7n#?secret=R9coqEMJmD\" width=\"600\" height=\"572\" frameborder=\"0\" marginwidth=\"0\" marginheight=\"0\" scrolling=\"no\" sandbox=\"allow-scripts\" data-secret=\"R9coqEMJmD\" data-mce-fragment=\"1\"><\/iframe><\/p>\n<p><iframe loading=\"lazy\" class=\"wp-embedded-content\" title=\"\u00ab100 puntos cr\u00edticos en la v\u00eda Yopal \u2013 Palomas Agua Verde fueron intervenidos\u00bb \u2014 \u25b7 Noticias de Casanare : Martha Cifuentes | Casanare\" src=\"https:\/\/marthacifuentes.com\/portada\/2024\/08\/13\/100-puntos-criticos-en-la-via-yopal-palomas-agua-verde-fueron-intervenidos\/embed\/#?secret=wzdvzfla9B#?secret=94uEcAqfrv\" width=\"600\" height=\"621\" frameborder=\"0\" marginwidth=\"0\" marginheight=\"0\" scrolling=\"no\" sandbox=\"allow-scripts\" data-secret=\"94uEcAqfrv\" data-mce-fragment=\"1\"><\/iframe><\/p>\n<p><iframe loading=\"lazy\" class=\"wp-embedded-content\" title=\"\u00abA finales de octubre estar\u00eda habilitada v\u00eda Curis\u00ed\u2013Pajarito para veh\u00edculos livianos\u00bb \u2014 \u25b7 Noticias de Casanare : Martha Cifuentes | Casanare\" src=\"https:\/\/marthacifuentes.com\/portada\/2024\/08\/12\/a-finales-de-octubre-estaria-habilitada-via-curisi-pajarito-para-vehiculos-livianos\/embed\/#?secret=MTjnyxeWaU#?secret=9fn7UVHgfJ\" width=\"600\" height=\"555\" frameborder=\"0\" marginwidth=\"0\" marginheight=\"0\" scrolling=\"no\" sandbox=\"allow-scripts\" data-secret=\"9fn7UVHgfJ\" data-mce-fragment=\"1\"><\/iframe><\/p>\n<p><iframe loading=\"lazy\" class=\"wp-embedded-content\" title=\"\u00abSembrando Joropo de Ecopetrol ha beneficiado a m\u00e1s de 3.700 casanare\u00f1os con formaci\u00f3n cultural\u00bb \u2014 \u25b7 Noticias de Casanare : Martha Cifuentes | Casanare\" src=\"https:\/\/marthacifuentes.com\/portada\/2024\/08\/12\/sembrando-joropo-de-ecopetrol-ha-beneficiado-a-mas-de-3-700-casanarenos-con-formacion-cultural\/embed\/#?secret=Hqm8lwxJZ2#?secret=aScJtwUqj4\" width=\"600\" height=\"621\" frameborder=\"0\" marginwidth=\"0\" marginheight=\"0\" scrolling=\"no\" sandbox=\"allow-scripts\" data-secret=\"aScJtwUqj4\" data-mce-fragment=\"1\"><\/iframe><\/p>\n<p><iframe loading=\"lazy\" class=\"wp-embedded-content\" title=\"\u00ab\u00a1Alto a la corrupci\u00f3n! Tribunal frena negocio de concesi\u00f3n y fotomultas en Yopal. Adi\u00f3s a SETTY.\u00bb \u2014 \u25b7 Noticias de Casanare : Martha Cifuentes | Casanare\" src=\"https:\/\/marthacifuentes.com\/portada\/2024\/08\/12\/alto-a-la-corrupcion-tribunal-frena-negocio-de-concesion-y-fotomultas-en-yopal-adios-a-setty\/embed\/#?secret=l5LCjC4Z4f#?secret=gY7ZznWz4F\" width=\"600\" height=\"621\" frameborder=\"0\" marginwidth=\"0\" marginheight=\"0\" scrolling=\"no\" sandbox=\"allow-scripts\" data-secret=\"gY7ZznWz4F\" data-mce-fragment=\"1\"><\/iframe><\/p>\n<p><iframe loading=\"lazy\" class=\"wp-embedded-content\" title=\"\u00abCae otro cabecilla de finanzas del Clan del Golfo en el sur Casanare\u00bb \u2014 \u25b7 Noticias de Casanare : Martha Cifuentes | Casanare\" src=\"https:\/\/marthacifuentes.com\/portada\/2024\/08\/09\/cae-otro-cabecilla-de-finanzas-del-clan-del-golfo-en-el-sur-casanare\/embed\/#?secret=wQT1sq1Ofx#?secret=reAZgRduKz\" width=\"600\" height=\"596\" frameborder=\"0\" marginwidth=\"0\" marginheight=\"0\" scrolling=\"no\" sandbox=\"allow-scripts\" data-secret=\"reAZgRduKz\" data-mce-fragment=\"1\"><\/iframe><\/p>\n<p><iframe loading=\"lazy\" class=\"wp-embedded-content\" title=\"\u00abCae otro cabecilla de finanzas del Clan del Golfo en el sur Casanare\u00bb \u2014 \u25b7 Noticias de Casanare : Martha Cifuentes | Casanare\" src=\"https:\/\/marthacifuentes.com\/portada\/2024\/08\/09\/cae-otro-cabecilla-de-finanzas-del-clan-del-golfo-en-el-sur-casanare\/embed\/#?secret=wQT1sq1Ofx#?secret=reAZgRduKz\" width=\"600\" height=\"596\" frameborder=\"0\" marginwidth=\"0\" marginheight=\"0\" scrolling=\"no\" sandbox=\"allow-scripts\" data-secret=\"reAZgRduKz\" data-mce-fragment=\"1\"><\/iframe><\/p>\n<p><iframe loading=\"lazy\" class=\"wp-embedded-content\" title=\"\u00abPor no decir la verdad, v\u00edctimas en Casanare rechazan devoluci\u00f3n de medalla, por falsos positivos en Casanare, otorgada a general (r) Torres Escalante.\u00bb \u2014 \u25b7 Noticias de Casanare : Martha Cifuentes | Casanare\" src=\"https:\/\/marthacifuentes.com\/portada\/2024\/08\/09\/por-no-decir-la-verdad-victimas-en-casanare-rechazan-devolucion-de-medalla-por-falsos-positivos-en-casanare-otorgada-a-general-r-torres-escalante\/embed\/#?secret=eQ5f0AEHZN#?secret=V0pMDtzN8F\" width=\"600\" height=\"650\" frameborder=\"0\" marginwidth=\"0\" marginheight=\"0\" scrolling=\"no\" sandbox=\"allow-scripts\" data-secret=\"V0pMDtzN8F\" data-mce-fragment=\"1\"><\/iframe><\/p>\n<p><iframe loading=\"lazy\" class=\"wp-embedded-content\" title=\"\u00abAlerta en Monterrey, Casanare. Con carteles y panfletos se anuncia presencia de disidencias de las Farc.\u00bb \u2014 \u25b7 Noticias de Casanare : Martha Cifuentes | Casanare\" src=\"https:\/\/marthacifuentes.com\/portada\/2024\/08\/08\/alerta-en-monterrey-casanare-con-carteles-y-panfletos-se-anuncia-presencia-de-disidencias-de-las-farc\/embed\/#?secret=A0uqR91nCA#?secret=vWRm880Go9\" width=\"600\" height=\"636\" frameborder=\"0\" marginwidth=\"0\" marginheight=\"0\" scrolling=\"no\" sandbox=\"allow-scripts\" data-secret=\"vWRm880Go9\" data-mce-fragment=\"1\"><\/iframe><\/p>\n<p>&nbsp;<\/p>\n","protected":false},"excerpt":{"rendered":"<p>Admitida en el Consejo de Estado la demanda de nulidad de la elecci\u00f3n del senador casanare\u00f1o Josu\u00e9 Alirio Barrera como segundo vicepresidente del Senado periodo 2024-2025. La demanda fue interpuesta por la activista y militante del partido Alianza Verde Daniela Luc\u00eda Navarro Gonz\u00e1lez y fue admitida por la Comisi\u00f3n Quinta del Consejo de Estado el &hellip;<\/p>\n","protected":false},"author":2,"featured_media":34049,"comment_status":"open","ping_status":"open","sticky":false,"template":"","format":"standard","meta":{"om_disable_all_campaigns":false,"_exactmetrics_skip_tracking":false,"_exactmetrics_sitenote_active":false,"_exactmetrics_sitenote_note":"","_exactmetrics_sitenote_category":0,"_monsterinsights_skip_tracking":false,"_monsterinsights_sitenote_active":false,"_monsterinsights_sitenote_note":"","_monsterinsights_sitenote_category":0,"_uf_show_specific_survey":0,"_uf_disable_surveys":false,"_joinchat":[],"footnotes":""},"categories":[147,146,145],"tags":[193,11101,11099,11098,11100,1400,1421],"class_list":["post-34046","post","type-post","status-publish","format-standard","has-post-thumbnail","hentry","category-actualidad","category-noticias","category-reportajes","tag-alirio-barrera","tag-consejo-de-estado-admision-demanda-contra-eleccion-de-alirio-barrera","tag-daniela-lucia-navarro-gonzalez","tag-demandada-eleccion-segunda-vicepresidencia-senado-alirio-barrera","tag-ley-1909-de-2018-estatuto-de-oposicion","tag-noticias-casanare","tag-noticias-yopal"],"yoast_head":"<!-- This site is optimized with the Yoast SEO plugin v26.1 - https:\/\/yoast.com\/wordpress\/plugins\/seo\/ -->\n<title>Demandada elecci\u00f3n del casanare\u00f1o Alirio Barrera como segundo vicepresidente del Senado. - \u25b7 Noticias de Casanare : Martha Cifuentes | Casanare<\/title>\n<meta name=\"robots\" content=\"index, follow, max-snippet:-1, max-image-preview:large, max-video-preview:-1\" \/>\n<link rel=\"canonical\" href=\"https:\/\/marthacifuentes.com\/portada\/demandada-eleccion-del-casanareno-alirio-barrera-como-segundo-vicepresidente-del-senado\/\" \/>\n<meta property=\"og:locale\" content=\"es_ES\" \/>\n<meta property=\"og:type\" content=\"article\" \/>\n<meta property=\"og:title\" content=\"Demandada elecci\u00f3n del casanare\u00f1o Alirio Barrera como segundo vicepresidente del Senado. - \u25b7 Noticias de Casanare : Martha Cifuentes | Casanare\" \/>\n<meta property=\"og:description\" content=\"Admitida en el Consejo de Estado la demanda de nulidad de la elecci\u00f3n del senador casanare\u00f1o Josu\u00e9 Alirio Barrera como segundo vicepresidente del Senado periodo 2024-2025. La demanda fue interpuesta por la activista y militante del partido Alianza Verde Daniela Luc\u00eda Navarro Gonz\u00e1lez y fue admitida por la Comisi\u00f3n Quinta del Consejo de Estado el &hellip;\" \/>\n<meta property=\"og:url\" content=\"https:\/\/marthacifuentes.com\/portada\/demandada-eleccion-del-casanareno-alirio-barrera-como-segundo-vicepresidente-del-senado\/\" \/>\n<meta property=\"og:site_name\" content=\"\u25b7 Noticias de Casanare : Martha Cifuentes | Casanare\" \/>\n<meta property=\"article:published_time\" content=\"2024-09-12T14:00:07+00:00\" \/>\n<meta property=\"article:modified_time\" content=\"2024-09-12T14:11:08+00:00\" \/>\n<meta property=\"og:image\" content=\"https:\/\/marthacifuentes.com\/portada\/wp-content\/uploads\/2024\/09\/josue-aliro-barrera.jpg\" \/>\n\t<meta property=\"og:image:width\" content=\"844\" \/>\n\t<meta property=\"og:image:height\" content=\"467\" \/>\n\t<meta property=\"og:image:type\" content=\"image\/jpeg\" \/>\n<meta name=\"author\" content=\"Martha Cifuentes\" \/>\n<meta name=\"twitter:card\" content=\"summary_large_image\" \/>\n<meta name=\"twitter:label1\" content=\"Escrito por\" \/>\n\t<meta name=\"twitter:data1\" content=\"Martha Cifuentes\" \/>\n\t<meta name=\"twitter:label2\" content=\"Tiempo de lectura\" \/>\n\t<meta name=\"twitter:data2\" content=\"2 minutos\" \/>\n<script type=\"application\/ld+json\" class=\"yoast-schema-graph\">{\"@context\":\"https:\/\/schema.org\",\"@graph\":[{\"@type\":\"WebPage\",\"@id\":\"https:\/\/marthacifuentes.com\/portada\/demandada-eleccion-del-casanareno-alirio-barrera-como-segundo-vicepresidente-del-senado\/\",\"url\":\"https:\/\/marthacifuentes.com\/portada\/demandada-eleccion-del-casanareno-alirio-barrera-como-segundo-vicepresidente-del-senado\/\",\"name\":\"Demandada elecci\u00f3n del casanare\u00f1o Alirio Barrera como segundo vicepresidente del Senado. - \u25b7 Noticias de Casanare : Martha Cifuentes | Casanare\",\"isPartOf\":{\"@id\":\"https:\/\/marthacifuentes.com\/portada\/#website\"},\"primaryImageOfPage\":{\"@id\":\"https:\/\/marthacifuentes.com\/portada\/demandada-eleccion-del-casanareno-alirio-barrera-como-segundo-vicepresidente-del-senado\/#primaryimage\"},\"image\":{\"@id\":\"https:\/\/marthacifuentes.com\/portada\/demandada-eleccion-del-casanareno-alirio-barrera-como-segundo-vicepresidente-del-senado\/#primaryimage\"},\"thumbnailUrl\":\"https:\/\/marthacifuentes.com\/portada\/wp-content\/uploads\/2024\/09\/josue-aliro-barrera.jpg\",\"datePublished\":\"2024-09-12T14:00:07+00:00\",\"dateModified\":\"2024-09-12T14:11:08+00:00\",\"author\":{\"@id\":\"https:\/\/marthacifuentes.com\/portada\/#\/schema\/person\/57f53174b991db5f90ff78d58502b714\"},\"breadcrumb\":{\"@id\":\"https:\/\/marthacifuentes.com\/portada\/demandada-eleccion-del-casanareno-alirio-barrera-como-segundo-vicepresidente-del-senado\/#breadcrumb\"},\"inLanguage\":\"es\",\"potentialAction\":[{\"@type\":\"ReadAction\",\"target\":[\"https:\/\/marthacifuentes.com\/portada\/demandada-eleccion-del-casanareno-alirio-barrera-como-segundo-vicepresidente-del-senado\/\"]}]},{\"@type\":\"ImageObject\",\"inLanguage\":\"es\",\"@id\":\"https:\/\/marthacifuentes.com\/portada\/demandada-eleccion-del-casanareno-alirio-barrera-como-segundo-vicepresidente-del-senado\/#primaryimage\",\"url\":\"https:\/\/marthacifuentes.com\/portada\/wp-content\/uploads\/2024\/09\/josue-aliro-barrera.jpg\",\"contentUrl\":\"https:\/\/marthacifuentes.com\/portada\/wp-content\/uploads\/2024\/09\/josue-aliro-barrera.jpg\",\"width\":844,\"height\":467},{\"@type\":\"BreadcrumbList\",\"@id\":\"https:\/\/marthacifuentes.com\/portada\/demandada-eleccion-del-casanareno-alirio-barrera-como-segundo-vicepresidente-del-senado\/#breadcrumb\",\"itemListElement\":[{\"@type\":\"ListItem\",\"position\":1,\"name\":\"Portada\",\"item\":\"https:\/\/marthacifuentes.com\/portada\/\"},{\"@type\":\"ListItem\",\"position\":2,\"name\":\"Demandada elecci\u00f3n del casanare\u00f1o Alirio Barrera como segundo vicepresidente del Senado.\"}]},{\"@type\":\"WebSite\",\"@id\":\"https:\/\/marthacifuentes.com\/portada\/#website\",\"url\":\"https:\/\/marthacifuentes.com\/portada\/\",\"name\":\"\u25b7 Noticias de Casanare : Martha Cifuentes | Casanare\",\"description\":\"Noticias &amp; Contenidos\",\"potentialAction\":[{\"@type\":\"SearchAction\",\"target\":{\"@type\":\"EntryPoint\",\"urlTemplate\":\"https:\/\/marthacifuentes.com\/portada\/?s={search_term_string}\"},\"query-input\":{\"@type\":\"PropertyValueSpecification\",\"valueRequired\":true,\"valueName\":\"search_term_string\"}}],\"inLanguage\":\"es\"},{\"@type\":\"Person\",\"@id\":\"https:\/\/marthacifuentes.com\/portada\/#\/schema\/person\/57f53174b991db5f90ff78d58502b714\",\"name\":\"Martha Cifuentes\",\"image\":{\"@type\":\"ImageObject\",\"inLanguage\":\"es\",\"@id\":\"https:\/\/marthacifuentes.com\/portada\/#\/schema\/person\/image\/\",\"url\":\"http:\/\/marthacifuentes.com\/portada\/wp-content\/uploads\/2018\/06\/avatar_user_2_1528838701-96x96.jpg\",\"contentUrl\":\"http:\/\/marthacifuentes.com\/portada\/wp-content\/uploads\/2018\/06\/avatar_user_2_1528838701-96x96.jpg\",\"caption\":\"Martha Cifuentes\"},\"sameAs\":[\"http:\/\/www.marthacifuentes.com\"],\"url\":\"https:\/\/marthacifuentes.com\/portada\/author\/martha\/\"}]}<\/script>\n<!-- \/ Yoast SEO plugin. -->","yoast_head_json":{"title":"Demandada elecci\u00f3n del casanare\u00f1o Alirio Barrera como segundo vicepresidente del Senado. - \u25b7 Noticias de Casanare : Martha Cifuentes | Casanare","robots":{"index":"index","follow":"follow","max-snippet":"max-snippet:-1","max-image-preview":"max-image-preview:large","max-video-preview":"max-video-preview:-1"},"canonical":"https:\/\/marthacifuentes.com\/portada\/demandada-eleccion-del-casanareno-alirio-barrera-como-segundo-vicepresidente-del-senado\/","og_locale":"es_ES","og_type":"article","og_title":"Demandada elecci\u00f3n del casanare\u00f1o Alirio Barrera como segundo vicepresidente del Senado. - \u25b7 Noticias de Casanare : Martha Cifuentes | Casanare","og_description":"Admitida en el Consejo de Estado la demanda de nulidad de la elecci\u00f3n del senador casanare\u00f1o Josu\u00e9 Alirio Barrera como segundo vicepresidente del Senado periodo 2024-2025. La demanda fue interpuesta por la activista y militante del partido Alianza Verde Daniela Luc\u00eda Navarro Gonz\u00e1lez y fue admitida por la Comisi\u00f3n Quinta del Consejo de Estado el &hellip;","og_url":"https:\/\/marthacifuentes.com\/portada\/demandada-eleccion-del-casanareno-alirio-barrera-como-segundo-vicepresidente-del-senado\/","og_site_name":"\u25b7 Noticias de Casanare : Martha Cifuentes | Casanare","article_published_time":"2024-09-12T14:00:07+00:00","article_modified_time":"2024-09-12T14:11:08+00:00","og_image":[{"width":844,"height":467,"url":"https:\/\/marthacifuentes.com\/portada\/wp-content\/uploads\/2024\/09\/josue-aliro-barrera.jpg","type":"image\/jpeg"}],"author":"Martha Cifuentes","twitter_card":"summary_large_image","twitter_misc":{"Escrito por":"Martha Cifuentes","Tiempo de lectura":"2 minutos"},"schema":{"@context":"https:\/\/schema.org","@graph":[{"@type":"WebPage","@id":"https:\/\/marthacifuentes.com\/portada\/demandada-eleccion-del-casanareno-alirio-barrera-como-segundo-vicepresidente-del-senado\/","url":"https:\/\/marthacifuentes.com\/portada\/demandada-eleccion-del-casanareno-alirio-barrera-como-segundo-vicepresidente-del-senado\/","name":"Demandada elecci\u00f3n del casanare\u00f1o Alirio Barrera como segundo vicepresidente del Senado. - \u25b7 Noticias de Casanare : Martha Cifuentes | Casanare","isPartOf":{"@id":"https:\/\/marthacifuentes.com\/portada\/#website"},"primaryImageOfPage":{"@id":"https:\/\/marthacifuentes.com\/portada\/demandada-eleccion-del-casanareno-alirio-barrera-como-segundo-vicepresidente-del-senado\/#primaryimage"},"image":{"@id":"https:\/\/marthacifuentes.com\/portada\/demandada-eleccion-del-casanareno-alirio-barrera-como-segundo-vicepresidente-del-senado\/#primaryimage"},"thumbnailUrl":"https:\/\/marthacifuentes.com\/portada\/wp-content\/uploads\/2024\/09\/josue-aliro-barrera.jpg","datePublished":"2024-09-12T14:00:07+00:00","dateModified":"2024-09-12T14:11:08+00:00","author":{"@id":"https:\/\/marthacifuentes.com\/portada\/#\/schema\/person\/57f53174b991db5f90ff78d58502b714"},"breadcrumb":{"@id":"https:\/\/marthacifuentes.com\/portada\/demandada-eleccion-del-casanareno-alirio-barrera-como-segundo-vicepresidente-del-senado\/#breadcrumb"},"inLanguage":"es","potentialAction":[{"@type":"ReadAction","target":["https:\/\/marthacifuentes.com\/portada\/demandada-eleccion-del-casanareno-alirio-barrera-como-segundo-vicepresidente-del-senado\/"]}]},{"@type":"ImageObject","inLanguage":"es","@id":"https:\/\/marthacifuentes.com\/portada\/demandada-eleccion-del-casanareno-alirio-barrera-como-segundo-vicepresidente-del-senado\/#primaryimage","url":"https:\/\/marthacifuentes.com\/portada\/wp-content\/uploads\/2024\/09\/josue-aliro-barrera.jpg","contentUrl":"https:\/\/marthacifuentes.com\/portada\/wp-content\/uploads\/2024\/09\/josue-aliro-barrera.jpg","width":844,"height":467},{"@type":"BreadcrumbList","@id":"https:\/\/marthacifuentes.com\/portada\/demandada-eleccion-del-casanareno-alirio-barrera-como-segundo-vicepresidente-del-senado\/#breadcrumb","itemListElement":[{"@type":"ListItem","position":1,"name":"Portada","item":"https:\/\/marthacifuentes.com\/portada\/"},{"@type":"ListItem","position":2,"name":"Demandada elecci\u00f3n del casanare\u00f1o Alirio Barrera como segundo vicepresidente del Senado."}]},{"@type":"WebSite","@id":"https:\/\/marthacifuentes.com\/portada\/#website","url":"https:\/\/marthacifuentes.com\/portada\/","name":"\u25b7 Noticias de Casanare : Martha Cifuentes | Casanare","description":"Noticias &amp; Contenidos","potentialAction":[{"@type":"SearchAction","target":{"@type":"EntryPoint","urlTemplate":"https:\/\/marthacifuentes.com\/portada\/?s={search_term_string}"},"query-input":{"@type":"PropertyValueSpecification","valueRequired":true,"valueName":"search_term_string"}}],"inLanguage":"es"},{"@type":"Person","@id":"https:\/\/marthacifuentes.com\/portada\/#\/schema\/person\/57f53174b991db5f90ff78d58502b714","name":"Martha Cifuentes","image":{"@type":"ImageObject","inLanguage":"es","@id":"https:\/\/marthacifuentes.com\/portada\/#\/schema\/person\/image\/","url":"http:\/\/marthacifuentes.com\/portada\/wp-content\/uploads\/2018\/06\/avatar_user_2_1528838701-96x96.jpg","contentUrl":"http:\/\/marthacifuentes.com\/portada\/wp-content\/uploads\/2018\/06\/avatar_user_2_1528838701-96x96.jpg","caption":"Martha Cifuentes"},"sameAs":["http:\/\/www.marthacifuentes.com"],"url":"https:\/\/marthacifuentes.com\/portada\/author\/martha\/"}]}},"_links":{"self":[{"href":"https:\/\/marthacifuentes.com\/portada\/wp-json\/wp\/v2\/posts\/34046","targetHints":{"allow":["GET"]}}],"collection":[{"href":"https:\/\/marthacifuentes.com\/portada\/wp-json\/wp\/v2\/posts"}],"about":[{"href":"https:\/\/marthacifuentes.com\/portada\/wp-json\/wp\/v2\/types\/post"}],"author":[{"embeddable":true,"href":"https:\/\/marthacifuentes.com\/portada\/wp-json\/wp\/v2\/users\/2"}],"replies":[{"embeddable":true,"href":"https:\/\/marthacifuentes.com\/portada\/wp-json\/wp\/v2\/comments?post=34046"}],"version-history":[{"count":4,"href":"https:\/\/marthacifuentes.com\/portada\/wp-json\/wp\/v2\/posts\/34046\/revisions"}],"predecessor-version":[{"id":34053,"href":"https:\/\/marthacifuentes.com\/portada\/wp-json\/wp\/v2\/posts\/34046\/revisions\/34053"}],"wp:featuredmedia":[{"embeddable":true,"href":"https:\/\/marthacifuentes.com\/portada\/wp-json\/wp\/v2\/media\/34049"}],"wp:attachment":[{"href":"https:\/\/marthacifuentes.com\/portada\/wp-json\/wp\/v2\/media?parent=34046"}],"wp:term":[{"taxonomy":"category","embeddable":true,"href":"https:\/\/marthacifuentes.com\/portada\/wp-json\/wp\/v2\/categories?post=34046"},{"taxonomy":"post_tag","embeddable":true,"href":"https:\/\/marthacifuentes.com\/portada\/wp-json\/wp\/v2\/tags?post=34046"}],"curies":[{"name":"wp","href":"https:\/\/api.w.org\/{rel}","templated":true}]}}