{"id":34062,"date":"2024-09-17T18:14:01","date_gmt":"2024-09-17T23:14:01","guid":{"rendered":"https:\/\/marthacifuentes.com\/portada\/?p=34062"},"modified":"2024-09-17T18:18:56","modified_gmt":"2024-09-17T23:18:56","slug":"procuraduria-investiga-contratacion-del-pae-cuestiona-a-funcionarios-actuales-y-exfuncionarios-de-gobernacion-de-casanare","status":"publish","type":"post","link":"https:\/\/marthacifuentes.com\/portada\/procuraduria-investiga-contratacion-del-pae-cuestiona-a-funcionarios-actuales-y-exfuncionarios-de-gobernacion-de-casanare\/","title":{"rendered":"Procuradur\u00eda investiga contrataci\u00f3n del PAE. Cuestiona a funcionarios actuales y exfuncionarios de Gobernaci\u00f3n de Casanare"},"content":{"rendered":"<p>La Procuradur\u00eda General de la Naci\u00f3n\u00a0abri\u00f3 dos investigaciones\u00a0disciplinarias\u00a0contra 11 servidores y exservidores de la Gobernaci\u00f3n de Casanare\u00a0por presuntas\u00a0irregularidades en la contrataci\u00f3n\u00a0de los servicios de alimentaci\u00f3n y transporte escolar en ese departamento.\u00a0\u200b<\/p>\n<p>&nbsp;<\/p>\n<p><strong>Se investiga posible retraso en el PAE<\/strong><\/p>\n<p>Al parecer, se habr\u00edan presentado\u00a0fallas en la estructuraci\u00f3n de dos procesos de licitaci\u00f3n\u00a0p\u00fablica abiertos en 2023 para implementar el Programa de Alimentaci\u00f3n Escolar (PAE) en Casanare, para el a\u00f1o siguiente, lo que conllev\u00f3 a su posterior\u00a0revocatoria y al inicio tard\u00edo de este.<\/p>\n<p>En consecuencia, en febrero de 2024,\u00a0la gobernaci\u00f3n declar\u00f3 la urgencia manifiesta para garantizar la prestaci\u00f3n del PAE,\u00a0y adjudic\u00f3 el contrato por m\u00e1s de $ 8.200 millones por un plazo de 58 d\u00edas\u00a0del calendario escolar.<\/p>\n<p>Para el Ministerio P\u00fablico no se habr\u00eda garantizado la prestaci\u00f3n del Servicio de Alimentaci\u00f3n Escolar para 2024 a partir del primer d\u00eda del cronograma acad\u00e9mico.<\/p>\n<p>&nbsp;<\/p>\n<p><strong>Los investigados<\/strong><\/p>\n<p>Los cobijados en esta investigaci\u00f3n son: las entonces jefes de la Oficina Jur\u00eddica, Carmen Himelda Gonz\u00e1lez Pinilla y Karen Sof\u00eda Santaf\u00e9 Agudelo; los secretarios de Educaci\u00f3n, para la \u00e9poca de los hechos, Diego Fernando Ardila Plazas y Elisabeth Ojeda Rodr\u00edguez; los directores de Cobertura Educativa en 2023 y 2024, Andr\u00e9s Jes\u00fas Campos Becerra y Nelson Leonardo Gonz\u00e1lez Amador y el director de Calidad Educativa, David Federico D\u00edaz S\u00e1nchez.<\/p>\n<p>&nbsp;<\/p>\n<p><strong>Transporte escolar<\/strong><\/p>\n<p>De otra parte, la Procuradur\u00eda Regional de Instrucci\u00f3n de Casanare investiga las presuntas irregularidades presentadas en el proceso que termin\u00f3 con la adjudicaci\u00f3n, al Consorcio Nuevo Amanecer, del contrato de servicio de transporte escolar para los estudiantes de 18 municipios no certificados de Casanare.<\/p>\n<p>Los cuatro integrantes del comit\u00e9 evaluador de la Oficina Jur\u00eddica habr\u00edan habilitado jur\u00eddica, t\u00e9cnica y financieramente la propuesta presentada por el citado oferente, a pesar de\u00a0no haber cumplido aparentemente los requisitos habilitantes exigidos\u00a0en el pliego de condiciones.\u00a0Entre tanto, la jefe de la Oficina Jur\u00eddica\u00a0adjudic\u00f3 el cuestionado proceso de selecci\u00f3n abreviada.<\/p>\n<p>Por estos hechos se investiga disciplinariamente a la l\u00edder de ese despacho, Karen Sof\u00eda Santaf\u00e9 Agudelo y a los integrantes del comit\u00e9 evaluador: Javier Eduardo Colina Cuevas, Libia Yasm\u00edn Fern\u00e1ndez Ni\u00f1o, Andr\u00e9s Mauricio Moreno Guti\u00e9rrez y Luis Miguel P\u00e9rez Sanabria.<strong>\u00a0<\/strong><\/p>\n<h2><span style=\"color: #ff6600;\">Otras noticias&#8230;<\/span><\/h2>\n<blockquote class=\"wp-embedded-content\" data-secret=\"vZ4MALyBV0\"><p><a href=\"https:\/\/marthacifuentes.com\/portada\/2024\/09\/16\/capresoca-agoniza-se-debe-liquidar-o-seguir-en-enfermedad-financiera\/\">Capresoca agoniza. \u00bfSe debe liquidar o seguir en enfermedad financiera?<\/a><\/p><\/blockquote>\n<p><iframe loading=\"lazy\" class=\"wp-embedded-content\" sandbox=\"allow-scripts\" security=\"restricted\" style=\"position: absolute; clip: rect(1px, 1px, 1px, 1px);\" title=\"\u00abCapresoca agoniza. \u00bfSe debe liquidar o seguir en enfermedad financiera?\u00bb \u2014 \u25b7 Noticias de Casanare : Martha Cifuentes | Casanare\" src=\"https:\/\/marthacifuentes.com\/portada\/2024\/09\/16\/capresoca-agoniza-se-debe-liquidar-o-seguir-en-enfermedad-financiera\/embed\/#?secret=nSJzpKTbRu#?secret=vZ4MALyBV0\" data-secret=\"vZ4MALyBV0\" width=\"500\" height=\"282\" frameborder=\"0\" marginwidth=\"0\" marginheight=\"0\" scrolling=\"no\"><\/iframe><\/p>\n<p><iframe loading=\"lazy\" class=\"wp-embedded-content\" title=\"\u00abEn Paz de Ariporo la paz de sus habitantes se alter\u00f3 en medio de fuertes ca\u00f1onazos contra disidencias de las Farc\u00bb \u2014 \u25b7 Noticias de Casanare : Martha Cifuentes | Casanare\" src=\"https:\/\/marthacifuentes.com\/portada\/2024\/09\/13\/en-paz-de-ariporo-la-paz-de-sus-habitantes-se-altero-en-medio-de-fuertes-canonazos-contra-disidencias-de-las-farc\/embed\/#?secret=DYf2KTwvfR#?secret=Bljvzn6cYY\" width=\"600\" height=\"629\" frameborder=\"0\" marginwidth=\"0\" marginheight=\"0\" scrolling=\"no\" sandbox=\"allow-scripts\" data-secret=\"Bljvzn6cYY\" data-mce-fragment=\"1\"><\/iframe><\/p>\n<p><iframe loading=\"lazy\" class=\"wp-embedded-content\" title=\"\u00abDemandada elecci\u00f3n del casanare\u00f1o Alirio Barrera como segundo vicepresidente del Senado.\u00bb \u2014 \u25b7 Noticias de Casanare : Martha Cifuentes | Casanare\" src=\"https:\/\/marthacifuentes.com\/portada\/2024\/09\/12\/demandada-eleccion-del-casanareno-alirio-barrera-como-segundo-vicepresidente-del-senado\/embed\/#?secret=veC9GfGW5z#?secret=KpAxApldbl\" width=\"600\" height=\"616\" frameborder=\"0\" marginwidth=\"0\" marginheight=\"0\" scrolling=\"no\" sandbox=\"allow-scripts\" data-secret=\"KpAxApldbl\" data-mce-fragment=\"1\"><\/iframe><\/p>\n<p><iframe loading=\"lazy\" class=\"wp-embedded-content\" title=\"\u00abDeudores morosos de impuestos de Yopal, a ponerse al d\u00eda con alivios tributarios\u00bb \u2014 \u25b7 Noticias de Casanare : Martha Cifuentes | Casanare\" src=\"https:\/\/marthacifuentes.com\/portada\/2024\/09\/11\/deudores-morosos-de-impuestos-de-yopal-a-ponerse-al-dia-con-alivios-tributarios\/embed\/#?secret=RfTuF8PtvP#?secret=Rc7rGZ58gL\" width=\"600\" height=\"621\" frameborder=\"0\" marginwidth=\"0\" marginheight=\"0\" scrolling=\"no\" sandbox=\"allow-scripts\" data-secret=\"Rc7rGZ58gL\" data-mce-fragment=\"1\"><\/iframe><\/p>\n<p><iframe loading=\"lazy\" class=\"wp-embedded-content\" title=\"\u00abExtorsionados de disidencias de las Farc en Casanare podr\u00edan ser judicializadas por la Fiscal\u00eda, de comprobarse pagos a este grupo.\u00bb \u2014 \u25b7 Noticias de Casanare : Martha Cifuentes | Casanare\" src=\"https:\/\/marthacifuentes.com\/portada\/2024\/09\/10\/extorsionados-de-disidencias-de-las-farc-en-casanare-podrian-ser-judicializadas-por-la-fiscalia-de-comprobarse-pagos-a-este-grupo\/embed\/#?secret=hAkveE3Ysn#?secret=qp4fQaFvxJ\" width=\"600\" height=\"650\" frameborder=\"0\" marginwidth=\"0\" marginheight=\"0\" scrolling=\"no\" sandbox=\"allow-scripts\" data-secret=\"qp4fQaFvxJ\" data-mce-fragment=\"1\"><\/iframe><\/p>\n<p><iframe loading=\"lazy\" class=\"wp-embedded-content\" title=\"\u00abFiscal\u00eda acusa a dos exfuncionarios de Perenco por presuntos nexos con grupos paramilitares en Casanare, pero faltan m\u00e1s\u00bb \u2014 \u25b7 Noticias de Casanare : Martha Cifuentes | Casanare\" src=\"https:\/\/marthacifuentes.com\/portada\/2024\/09\/09\/fiscalia-acusa-a-dos-exfuncionarios-de-perenco-por-presuntos-nexos-con-grupos-paramilitares-en-casanare-pero-faltan-mas\/embed\/#?secret=lQf2k1MBrz#?secret=Z40IYLaeu9\" width=\"600\" height=\"650\" frameborder=\"0\" marginwidth=\"0\" marginheight=\"0\" scrolling=\"no\" sandbox=\"allow-scripts\" data-secret=\"Z40IYLaeu9\" data-mce-fragment=\"1\"><\/iframe><\/p>\n<p><iframe loading=\"lazy\" class=\"wp-embedded-content\" title=\"\u00abCasanare, departamento petrolero, pero con su poblaci\u00f3n pobre, seg\u00fan sincronizaci\u00f3n del SISBEN IV\u00bb \u2014 \u25b7 Noticias de Casanare : Martha Cifuentes | Casanare\" src=\"https:\/\/marthacifuentes.com\/portada\/2024\/09\/05\/casanare-departamento-petrolero-pero-con-su-poblacion-pobre-segun-sincronizacion-del-sisben-iv\/embed\/#?secret=Z8CzjRlzYC#?secret=PBKDyOT7OL\" width=\"600\" height=\"586\" frameborder=\"0\" marginwidth=\"0\" marginheight=\"0\" scrolling=\"no\" sandbox=\"allow-scripts\" data-secret=\"PBKDyOT7OL\" data-mce-fragment=\"1\"><\/iframe><\/p>\n<p><iframe loading=\"lazy\" class=\"wp-embedded-content\" title=\"\u00abAlcald\u00eda de Yopal y Fiscal\u00eda quieren frenar las urbanizaciones ilegales y a sus promotores\u00bb \u2014 \u25b7 Noticias de Casanare : Martha Cifuentes | Casanare\" src=\"https:\/\/marthacifuentes.com\/portada\/2024\/09\/05\/alcaldia-de-yopal-y-fiscalia-quieren-frenar-las-urbanizaciones-ilegales-y-a-sus-promotores\/embed\/#?secret=majZjm11eE#?secret=JygMPyVd0E\" width=\"600\" height=\"621\" frameborder=\"0\" marginwidth=\"0\" marginheight=\"0\" scrolling=\"no\" sandbox=\"allow-scripts\" data-secret=\"JygMPyVd0E\" data-mce-fragment=\"1\"><\/iframe><\/p>\n<p><iframe loading=\"lazy\" class=\"wp-embedded-content\" title=\"\u00abSe restringe venta de gasolina en Yopal por paro camionero\u00bb \u2014 \u25b7 Noticias de Casanare : Martha Cifuentes | Casanare\" src=\"https:\/\/marthacifuentes.com\/portada\/2024\/09\/05\/se-restringe-venta-de-gasolina-en-yopal-por-paro-camionero\/embed\/#?secret=rY0nexz1tQ#?secret=Bm4xZ2erol\" width=\"600\" height=\"621\" frameborder=\"0\" marginwidth=\"0\" marginheight=\"0\" scrolling=\"no\" sandbox=\"allow-scripts\" data-secret=\"Bm4xZ2erol\" data-mce-fragment=\"1\"><\/iframe><\/p>\n<p><iframe loading=\"lazy\" class=\"wp-embedded-content\" title=\"\u00abSem\u00e1foro verde para que la Alcald\u00eda de Yopal liquide contrato de SETTY\u00bb \u2014 \u25b7 Noticias de Casanare : Martha Cifuentes | Casanare\" src=\"https:\/\/marthacifuentes.com\/portada\/2024\/09\/05\/semaforo-verde-para-que-la-alcaldia-de-yopal-liquide-contrato-de-setty\/embed\/#?secret=xMbP7D7eon#?secret=hpEGySXKCe\" width=\"600\" height=\"596\" frameborder=\"0\" marginwidth=\"0\" marginheight=\"0\" scrolling=\"no\" sandbox=\"allow-scripts\" data-secret=\"hpEGySXKCe\" data-mce-fragment=\"1\"><\/iframe><\/p>\n<p><iframe loading=\"lazy\" class=\"wp-embedded-content\" title=\"\u00abAlcald\u00eda de Yopal y SETTY deben resignarse y liquidar concesi\u00f3n. Tribunal dice no tiene nada que aclarar.\u00bb \u2014 \u25b7 Noticias de Casanare : Martha Cifuentes | Casanare\" src=\"https:\/\/marthacifuentes.com\/portada\/2024\/09\/04\/alcaldia-de-yopal-y-setty-deben-resignarse-y-liquidar-concesion-tribunal-dice-no-tiene-nada-que-aclarar\/embed\/#?secret=HZeJEQsG3p#?secret=TzwgGjLi2m\" width=\"600\" height=\"596\" frameborder=\"0\" marginwidth=\"0\" marginheight=\"0\" scrolling=\"no\" sandbox=\"allow-scripts\" data-secret=\"TzwgGjLi2m\" data-mce-fragment=\"1\"><\/iframe><\/p>\n<p><iframe loading=\"lazy\" class=\"wp-embedded-content\" title=\"\u00abIFC suscribe alianza estrat\u00e9gica con Universidad de Antioquia\u00bb \u2014 \u25b7 Noticias de Casanare : Martha Cifuentes | Casanare\" src=\"https:\/\/marthacifuentes.com\/portada\/2024\/09\/04\/ifc-suscribe-alianza-estrategica-con-universidad-de-antioquia\/embed\/#?secret=yM76ddGnXZ#?secret=MarfrGfjQ2\" width=\"600\" height=\"621\" frameborder=\"0\" marginwidth=\"0\" marginheight=\"0\" scrolling=\"no\" sandbox=\"allow-scripts\" data-secret=\"MarfrGfjQ2\" data-mce-fragment=\"1\"><\/iframe><\/p>\n<p><iframe loading=\"lazy\" class=\"wp-embedded-content\" title=\"\u00abCl\u00ednica Casanare: \u201cPacientes card\u00edacos en riesgo por trabas administrativas de la Secretar\u00eda de Salud Departamental\u201d\u00bb \u2014 \u25b7 Noticias de Casanare : Martha Cifuentes | Casanare\" src=\"https:\/\/marthacifuentes.com\/portada\/2024\/09\/03\/clinica-casanare-pacientes-cardiacos-en-riesgo-por-trabas-administrativas-de-la-secretaria-de-salud-departamental\/embed\/#?secret=6ZrilycIED#?secret=nv8PJ1gNUO\" width=\"600\" height=\"615\" frameborder=\"0\" marginwidth=\"0\" marginheight=\"0\" scrolling=\"no\" sandbox=\"allow-scripts\" data-secret=\"nv8PJ1gNUO\" data-mce-fragment=\"1\"><\/iframe><\/p>\n<p><iframe loading=\"lazy\" class=\"wp-embedded-content\" title=\"\u00abHoy en Yopal di\u00e1logo sobre catastro, legalizaci\u00f3n y ordenamiento social de la propiedad\u00bb \u2014 \u25b7 Noticias de Casanare : Martha Cifuentes | Casanare\" src=\"https:\/\/marthacifuentes.com\/portada\/2024\/08\/30\/hoy-en-yopal-dialogo-sobre-catastro-legalizacion-y-ordenamiento-social-de-la-propiedad\/embed\/#?secret=BqkW0G2XSW#?secret=v2vdcNKOVi\" width=\"600\" height=\"621\" frameborder=\"0\" marginwidth=\"0\" marginheight=\"0\" scrolling=\"no\" sandbox=\"allow-scripts\" data-secret=\"v2vdcNKOVi\" data-mce-fragment=\"1\"><\/iframe><\/p>\n<p><iframe loading=\"lazy\" class=\"wp-embedded-content\" title=\"\u00abColegio Braulio Gonz\u00e1lez en Yopal 60 a\u00f1os educando a miles de ni\u00f1os y ni\u00f1as.\u00bb \u2014 \u25b7 Noticias de Casanare : Martha Cifuentes | Casanare\" src=\"https:\/\/marthacifuentes.com\/portada\/2024\/08\/30\/colegio-braulio-gonzalez-en-yopal-60-anos-educando-a-miles-de-ninos-y-ninas\/embed\/#?secret=eMk5FyXfu3#?secret=AYBObNJAsi\" width=\"600\" height=\"621\" frameborder=\"0\" marginwidth=\"0\" marginheight=\"0\" scrolling=\"no\" sandbox=\"allow-scripts\" data-secret=\"AYBObNJAsi\" data-mce-fragment=\"1\"><\/iframe><\/p>\n<p><iframe loading=\"lazy\" class=\"wp-embedded-content\" title=\"\u00abComo peces en el agua, expertos conversar\u00e1n en Monterrey, Casanare, sobre agroindustria del pescado\u00bb \u2014 \u25b7 Noticias de Casanare : Martha Cifuentes | Casanare\" src=\"https:\/\/marthacifuentes.com\/portada\/2024\/08\/30\/como-peces-en-el-agua-expertos-conversaran-en-monterrey-casanare-sobre-agroindustria-del-pescado\/embed\/#?secret=v1Pdy0NLRy#?secret=FnKjchZIXD\" width=\"600\" height=\"621\" frameborder=\"0\" marginwidth=\"0\" marginheight=\"0\" scrolling=\"no\" sandbox=\"allow-scripts\" data-secret=\"FnKjchZIXD\" data-mce-fragment=\"1\"><\/iframe><\/p>\n<p><iframe loading=\"lazy\" class=\"wp-embedded-content\" title=\"\u00abACP rechaza la violencia en Arauca y pide respeto de los derechos humanos\u00bb \u2014 \u25b7 Noticias de Casanare : Martha Cifuentes | Casanare\" src=\"https:\/\/marthacifuentes.com\/portada\/2024\/08\/30\/acp-rechaza-la-violencia-en-arauca-y-pide-respeto-de-los-derechos-humanos\/embed\/#?secret=7G2YKowFOn#?secret=yTPESF0p3h\" width=\"600\" height=\"621\" frameborder=\"0\" marginwidth=\"0\" marginheight=\"0\" scrolling=\"no\" sandbox=\"allow-scripts\" data-secret=\"yTPESF0p3h\" data-mce-fragment=\"1\"><\/iframe><\/p>\n<p><iframe loading=\"lazy\" class=\"wp-embedded-content\" title=\"\u00abBrigadas de Cr\u00e9dito del IFC han llegado a 11 municipios de Casanare con soluciones financieras para distintos sectores de la poblaci\u00f3n\u00bb \u2014 \u25b7 Noticias de Casanare : Martha Cifuentes | Casanare\" src=\"https:\/\/marthacifuentes.com\/portada\/2024\/08\/30\/brigadas-de-credito-del-ifc-han-llegado-a-11-municipios-de-casanare-con-soluciones-financieras-para-distintos-sectores-de-la-poblacion\/embed\/#?secret=7SU6joCWJz#?secret=q04y4dOiTM\" width=\"600\" height=\"650\" frameborder=\"0\" marginwidth=\"0\" marginheight=\"0\" scrolling=\"no\" sandbox=\"allow-scripts\" data-secret=\"q04y4dOiTM\" data-mce-fragment=\"1\"><\/iframe><\/p>\n<p><iframe loading=\"lazy\" class=\"wp-embedded-content\" title=\"\u00abPetro logra acuerdo hist\u00f3rico: $55 billones en cr\u00e9ditos para impulsar vivienda, industria y agricultura en Colombia\u201d\u00bb \u2014 \u25b7 Noticias de Casanare : Martha Cifuentes | Casanare\" src=\"https:\/\/marthacifuentes.com\/portada\/2024\/08\/28\/petro-logra-acuerdo-historico-55-billones-en-creditos-para-impulsar-vivienda-industria-y-agricultura-en-colombia\/embed\/#?secret=kN4sFVKegH#?secret=FlVw04Sk4B\" width=\"600\" height=\"650\" frameborder=\"0\" marginwidth=\"0\" marginheight=\"0\" scrolling=\"no\" sandbox=\"allow-scripts\" data-secret=\"FlVw04Sk4B\" data-mce-fragment=\"1\"><\/iframe><\/p>\n<p><iframe loading=\"lazy\" class=\"wp-embedded-content\" title=\"\u00abEcopetrol bec\u00f3 a 9 excelentes bachilleres de Casanare\u00bb \u2014 \u25b7 Noticias de Casanare : Martha Cifuentes | Casanare\" src=\"https:\/\/marthacifuentes.com\/portada\/2024\/08\/28\/ecopetrol-beco-a-9-excelentes-bachilleres-de-casanare\/embed\/#?secret=E8ZWXDEJJe#?secret=j0nhbmwR1N\" width=\"600\" height=\"593\" frameborder=\"0\" marginwidth=\"0\" marginheight=\"0\" scrolling=\"no\" sandbox=\"allow-scripts\" data-secret=\"j0nhbmwR1N\" data-mce-fragment=\"1\"><\/iframe><\/p>\n<p><iframe loading=\"lazy\" class=\"wp-embedded-content\" title=\"\u00abConcejo de Yopal dio luz verde a vigencias futuras, estampilla justicia familiar y modificaci\u00f3n presupuesto.\u00bb \u2014 \u25b7 Noticias de Casanare : Martha Cifuentes | Casanare\" src=\"https:\/\/marthacifuentes.com\/portada\/2024\/08\/27\/concejo-de-yopal-dio-luz-verde-a-vigencias-futuras-estampilla-justicia-familiar-y-modificacion-presupuesto\/embed\/#?secret=dWIsTgITYN#?secret=9v1oBAf29T\" width=\"600\" height=\"621\" frameborder=\"0\" marginwidth=\"0\" marginheight=\"0\" scrolling=\"no\" sandbox=\"allow-scripts\" data-secret=\"9v1oBAf29T\" data-mce-fragment=\"1\"><\/iframe><\/p>\n<p><iframe loading=\"lazy\" class=\"wp-embedded-content\" title=\"\u00abRegal\u00edas de Casanare y Colombia se estar\u00edan esfumando en manos de \u00abcontrataderos\u00bb, seg\u00fan el DNP \u00a0\u00bb \u2014 \u25b7 Noticias de Casanare : Martha Cifuentes | Casanare\" src=\"https:\/\/marthacifuentes.com\/portada\/2024\/08\/27\/regalias-de-casanare-y-colombia-se-estarian-esfumando-en-manos-de-contrataderos-segun-el-dnp\/embed\/#?secret=07PoX0sDso#?secret=ISOthVBabi\" width=\"600\" height=\"650\" frameborder=\"0\" marginwidth=\"0\" marginheight=\"0\" scrolling=\"no\" sandbox=\"allow-scripts\" data-secret=\"ISOthVBabi\" data-mce-fragment=\"1\"><\/iframe><\/p>\n<p><iframe loading=\"lazy\" class=\"wp-embedded-content\" title=\"\u00ab41 a\u00f1os de prisi\u00f3n para desalmada mujer que promovi\u00f3 abuso sexual continuado contra su propia hija de 7 a\u00f1os\u00bb \u2014 \u25b7 Noticias de Casanare : Martha Cifuentes | Casanare\" src=\"https:\/\/marthacifuentes.com\/portada\/2024\/08\/23\/41-anos-de-prision-para-desalmada-mujer-que-promovio-abuso-sexual-continuado-contra-su-propia-hija-de-7-anos\/embed\/#?secret=oIyOyXDvuA#?secret=Pgxtv66Flz\" width=\"600\" height=\"629\" frameborder=\"0\" marginwidth=\"0\" marginheight=\"0\" scrolling=\"no\" sandbox=\"allow-scripts\" data-secret=\"Pgxtv66Flz\" data-mce-fragment=\"1\"><\/iframe><\/p>\n<p><iframe loading=\"lazy\" class=\"wp-embedded-content\" title=\"\u00abLotes de La Bendici\u00f3n, Yopal, se podr\u00e1n titular gratis, pero\u2026 Uno por beneficiario y si se cumplen los requisitos.\u00bb \u2014 \u25b7 Noticias de Casanare : Martha Cifuentes | Casanare\" src=\"https:\/\/marthacifuentes.com\/portada\/2024\/08\/22\/lotes-de-la-bendicion-yopal-se-podran-titular-gratis-pero-uno-por-beneficiario-y-si-se-cumplen-los-requisitos\/embed\/#?secret=PRgNQ6kOQx#?secret=OqUvcAd6Qx\" width=\"600\" height=\"650\" frameborder=\"0\" marginwidth=\"0\" marginheight=\"0\" scrolling=\"no\" sandbox=\"allow-scripts\" data-secret=\"OqUvcAd6Qx\" data-mce-fragment=\"1\"><\/iframe><\/p>\n<p><iframe loading=\"lazy\" class=\"wp-embedded-content\" title=\"\u00abPresunto caso de intento de rapto alert\u00f3 a colegio y su comunidad educativa en Yopal\u00bb \u2014 \u25b7 Noticias de Casanare : Martha Cifuentes | Casanare\" src=\"https:\/\/marthacifuentes.com\/portada\/2024\/08\/20\/presunto-caso-de-intento-de-rapto-alerto-a-colegio-y-su-comunidad-educativa-en-yopal\/embed\/#?secret=HpCEUDyHW1#?secret=r9M92WBxzT\" width=\"600\" height=\"621\" frameborder=\"0\" marginwidth=\"0\" marginheight=\"0\" scrolling=\"no\" sandbox=\"allow-scripts\" data-secret=\"r9M92WBxzT\" data-mce-fragment=\"1\"><\/iframe><\/p>\n<p><iframe loading=\"lazy\" class=\"wp-embedded-content\" title=\"\u00abGobernaci\u00f3n de Casanare instalar\u00e1 puentes en ca\u00f1os El Cravito y Los Caribes en Hato Corozal\u00bb \u2014 \u25b7 Noticias de Casanare : Martha Cifuentes | Casanare\" src=\"https:\/\/marthacifuentes.com\/portada\/2024\/08\/20\/gobernacion-de-casanare-instalara-puentes-en-canos-el-cravito-y-los-caribes-en-hato-corozal\/embed\/#?secret=vTtIJmkj47#?secret=vLTj5BJbml\" width=\"600\" height=\"600\" frameborder=\"0\" marginwidth=\"0\" marginheight=\"0\" scrolling=\"no\" sandbox=\"allow-scripts\" data-secret=\"vLTj5BJbml\" data-mce-fragment=\"1\"><\/iframe><\/p>\n<p><iframe loading=\"lazy\" class=\"wp-embedded-content\" title=\"\u00abConvenio de MinTIC y Gobernaci\u00f3n de Casanare llevar\u00e1 internet de alta velocidad a 62.000 habitantes\u00bb \u2014 \u25b7 Noticias de Casanare : Martha Cifuentes | Casanare\" src=\"https:\/\/marthacifuentes.com\/portada\/2024\/08\/20\/convenio-de-mintic-y-gobernacion-de-casanare-llevara-internet-de-alta-velocidad-a-62-000-habitantes\/embed\/#?secret=JQybkOWl0t#?secret=3XsTHR4Wsm\" width=\"600\" height=\"621\" frameborder=\"0\" marginwidth=\"0\" marginheight=\"0\" scrolling=\"no\" sandbox=\"allow-scripts\" data-secret=\"3XsTHR4Wsm\" data-mce-fragment=\"1\"><\/iframe><\/p>\n<p><iframe loading=\"lazy\" class=\"wp-embedded-content\" title=\"\u00ab10 pueblos ind\u00edgenas de Ca\u00f1o Mochuelo sometidos por el frente 28 de disidencias de las Farc: Alerta temprana de la Defensor\u00eda\u00bb \u2014 \u25b7 Noticias de Casanare : Martha Cifuentes | Casanare\" src=\"https:\/\/marthacifuentes.com\/portada\/2024\/08\/16\/10-pueblos-indigenas-de-cano-mochuelo-sometidos-por-el-frente-28-de-disidencias-de-las-farc-alerta-temprana-de-la-defensoria\/embed\/#?secret=HKoEqCWHwh#?secret=SSztHnb4jv\" width=\"600\" height=\"629\" frameborder=\"0\" marginwidth=\"0\" marginheight=\"0\" scrolling=\"no\" sandbox=\"allow-scripts\" data-secret=\"SSztHnb4jv\" data-mce-fragment=\"1\"><\/iframe><\/p>\n<p><iframe loading=\"lazy\" class=\"wp-embedded-content\" title=\"\u00abCompactador accidentado de la Eaaay NO ten\u00eda seguro de todo riesgo. Por esto se podr\u00eda perder $1.388 millones.\u00bb \u2014 \u25b7 Noticias de Casanare : Martha Cifuentes | Casanare\" src=\"https:\/\/marthacifuentes.com\/portada\/2024\/08\/16\/compactador-accidentado-de-la-eaaay-no-tenia-seguro-de-todo-riesgo-por-esto-se-podria-perder-1-388-millones\/embed\/#?secret=Em7DPE3hfS#?secret=b6DrCjaJxd\" width=\"600\" height=\"629\" frameborder=\"0\" marginwidth=\"0\" marginheight=\"0\" scrolling=\"no\" sandbox=\"allow-scripts\" data-secret=\"b6DrCjaJxd\" data-mce-fragment=\"1\"><\/iframe><\/p>\n<p><iframe loading=\"lazy\" class=\"wp-embedded-content\" title=\"\u00abFelipe Becerra, rechaz\u00f3 posible nueva tercerizaci\u00f3n de servicios del tr\u00e1nsito.\u00bb \u2014 \u25b7 Noticias de Casanare : Martha Cifuentes | Casanare\" src=\"https:\/\/marthacifuentes.com\/portada\/2024\/08\/16\/felipe-becerra-rechazo-posible-nueva-tercerizacion-de-servicios-del-transito\/embed\/#?secret=ilnUnW6fMt#?secret=hzZMsuhypB\" width=\"600\" height=\"621\" frameborder=\"0\" marginwidth=\"0\" marginheight=\"0\" scrolling=\"no\" sandbox=\"allow-scripts\" data-secret=\"hzZMsuhypB\" data-mce-fragment=\"1\"><\/iframe><\/p>\n<p><iframe loading=\"lazy\" class=\"wp-embedded-content\" title=\"\u00abFallo de nulidad de concesi\u00f3n Setty cogi\u00f3 con los \u201ccalzones abajo\u201d a la Alcald\u00eda de Yopal. No sabe qu\u00e9 hacer.\u00bb \u2014 \u25b7 Noticias de Casanare : Martha Cifuentes | Casanare\" src=\"https:\/\/marthacifuentes.com\/portada\/2024\/08\/15\/fallo-de-nulidad-de-concesion-setty-cogio-con-los-calzones-abajo-a-la-alcaldia-de-yopal-no-sabe-que-hacer\/embed\/#?secret=XUYal84GoE#?secret=bTLN5VTt0o\" width=\"600\" height=\"650\" frameborder=\"0\" marginwidth=\"0\" marginheight=\"0\" scrolling=\"no\" sandbox=\"allow-scripts\" data-secret=\"bTLN5VTt0o\" data-mce-fragment=\"1\"><\/iframe><\/p>\n<p><iframe loading=\"lazy\" class=\"wp-embedded-content\" title=\"\u00abLleg\u00f3 el d\u00eda de las Pruebas saber 11. Recomendaciones para mejores resultados en Casanare.\u00bb \u2014 \u25b7 Noticias de Casanare : Martha Cifuentes | Casanare\" src=\"https:\/\/marthacifuentes.com\/portada\/2024\/08\/15\/llego-el-dia-de-las-pruebas-saber-11-recomendaciones-para-mejores-resultados-en-casanare\/embed\/#?secret=eNmATDeovf#?secret=vJXLzlGP0L\" width=\"600\" height=\"609\" frameborder=\"0\" marginwidth=\"0\" marginheight=\"0\" scrolling=\"no\" sandbox=\"allow-scripts\" data-secret=\"vJXLzlGP0L\" data-mce-fragment=\"1\"><\/iframe><\/p>\n<p><iframe loading=\"lazy\" class=\"wp-embedded-content\" title=\"\u00ab\u00bfCentro Democr\u00e1tico comienza a deshojarse en Casanare? Exalcalde de Monterrey renunci\u00f3 al Partido.\u00bb \u2014 \u25b7 Noticias de Casanare : Martha Cifuentes | Casanare\" src=\"https:\/\/marthacifuentes.com\/portada\/2024\/08\/14\/centro-democratico-comienza-a-deshojarse-en-casanare-exalcalde-de-monterrey-renuncio-al-partido\/embed\/#?secret=DqPMuoMB6O#?secret=VZ0NM2EwOb\" width=\"600\" height=\"621\" frameborder=\"0\" marginwidth=\"0\" marginheight=\"0\" scrolling=\"no\" sandbox=\"allow-scripts\" data-secret=\"VZ0NM2EwOb\" data-mce-fragment=\"1\"><\/iframe><\/p>\n<p><iframe loading=\"lazy\" class=\"wp-embedded-content\" title=\"\u00abCon reapertura de Planta de Beneficio Animal en Tauramena se espera reducci\u00f3n de costos de sacrificio de ganado\u00bb \u2014 \u25b7 Noticias de Casanare : Martha Cifuentes | Casanare\" src=\"https:\/\/marthacifuentes.com\/portada\/2024\/08\/14\/con-reapertura-de-planta-de-beneficio-animal-en-tauramena-se-espera-reduccion-de-costos-de-sacrificio-de-ganado\/embed\/#?secret=w0qrcEfSGz#?secret=nT0ypTx6Nz\" width=\"600\" height=\"650\" frameborder=\"0\" marginwidth=\"0\" marginheight=\"0\" scrolling=\"no\" sandbox=\"allow-scripts\" data-secret=\"nT0ypTx6Nz\" data-mce-fragment=\"1\"><\/iframe><\/p>\n","protected":false},"excerpt":{"rendered":"<p>La Procuradur\u00eda General de la Naci\u00f3n\u00a0abri\u00f3 dos investigaciones\u00a0disciplinarias\u00a0contra 11 servidores y exservidores de la Gobernaci\u00f3n de Casanare\u00a0por presuntas\u00a0irregularidades en la contrataci\u00f3n\u00a0de los servicios de alimentaci\u00f3n y transporte escolar en ese departamento.\u00a0\u200b &nbsp; Se investiga posible retraso en el PAE Al parecer, se habr\u00edan presentado\u00a0fallas en la estructuraci\u00f3n de dos procesos de licitaci\u00f3n\u00a0p\u00fablica abiertos en 2023 &hellip;<\/p>\n","protected":false},"author":2,"featured_media":34063,"comment_status":"open","ping_status":"open","sticky":false,"template":"","format":"standard","meta":{"om_disable_all_campaigns":false,"_exactmetrics_skip_tracking":false,"_exactmetrics_sitenote_active":false,"_exactmetrics_sitenote_note":"","_exactmetrics_sitenote_category":0,"_monsterinsights_skip_tracking":false,"_monsterinsights_sitenote_active":false,"_monsterinsights_sitenote_note":"","_monsterinsights_sitenote_category":0,"_uf_show_specific_survey":0,"_uf_disable_surveys":false,"_joinchat":[],"footnotes":""},"categories":[147,146,145],"tags":[11113,11114,1400,4263,11112],"class_list":["post-34062","post","type-post","status-publish","format-standard","has-post-thumbnail","hentry","category-actualidad","category-noticias","category-reportajes","tag-casanare-y-el-pae","tag-contratacion-pae-casanare-investigacion","tag-noticias-casanare","tag-noticias-pae-casanare","tag-procuraduria-investiga-irregularidades-pae-casanare"],"yoast_head":"<!-- This site is optimized with the Yoast SEO plugin v26.1 - https:\/\/yoast.com\/wordpress\/plugins\/seo\/ -->\n<title>Procuradur\u00eda investiga contrataci\u00f3n del PAE. Cuestiona a funcionarios actuales y exfuncionarios de Gobernaci\u00f3n de Casanare - \u25b7 Noticias de Casanare : Martha Cifuentes | Casanare<\/title>\n<meta name=\"robots\" content=\"index, follow, max-snippet:-1, max-image-preview:large, max-video-preview:-1\" \/>\n<link rel=\"canonical\" href=\"https:\/\/marthacifuentes.com\/portada\/procuraduria-investiga-contratacion-del-pae-cuestiona-a-funcionarios-actuales-y-exfuncionarios-de-gobernacion-de-casanare\/\" \/>\n<meta property=\"og:locale\" content=\"es_ES\" \/>\n<meta property=\"og:type\" content=\"article\" \/>\n<meta property=\"og:title\" content=\"Procuradur\u00eda investiga contrataci\u00f3n del PAE. Cuestiona a funcionarios actuales y exfuncionarios de Gobernaci\u00f3n de Casanare - \u25b7 Noticias de Casanare : Martha Cifuentes | Casanare\" \/>\n<meta property=\"og:description\" content=\"La Procuradur\u00eda General de la Naci\u00f3n\u00a0abri\u00f3 dos investigaciones\u00a0disciplinarias\u00a0contra 11 servidores y exservidores de la Gobernaci\u00f3n de Casanare\u00a0por presuntas\u00a0irregularidades en la contrataci\u00f3n\u00a0de los servicios de alimentaci\u00f3n y transporte escolar en ese departamento.\u00a0\u200b &nbsp; Se investiga posible retraso en el PAE Al parecer, se habr\u00edan presentado\u00a0fallas en la estructuraci\u00f3n de dos procesos de licitaci\u00f3n\u00a0p\u00fablica abiertos en 2023 &hellip;\" \/>\n<meta property=\"og:url\" content=\"https:\/\/marthacifuentes.com\/portada\/procuraduria-investiga-contratacion-del-pae-cuestiona-a-funcionarios-actuales-y-exfuncionarios-de-gobernacion-de-casanare\/\" \/>\n<meta property=\"og:site_name\" content=\"\u25b7 Noticias de Casanare : Martha Cifuentes | Casanare\" \/>\n<meta property=\"article:published_time\" content=\"2024-09-17T23:14:01+00:00\" \/>\n<meta property=\"article:modified_time\" content=\"2024-09-17T23:18:56+00:00\" \/>\n<meta property=\"og:image\" content=\"https:\/\/marthacifuentes.com\/portada\/wp-content\/uploads\/2024\/09\/PAE-scaled.jpeg\" \/>\n\t<meta property=\"og:image:width\" content=\"2560\" \/>\n\t<meta property=\"og:image:height\" content=\"1891\" \/>\n\t<meta property=\"og:image:type\" content=\"image\/jpeg\" \/>\n<meta name=\"author\" content=\"Martha Cifuentes\" \/>\n<meta name=\"twitter:card\" content=\"summary_large_image\" \/>\n<meta name=\"twitter:label1\" content=\"Escrito por\" \/>\n\t<meta name=\"twitter:data1\" content=\"Martha Cifuentes\" \/>\n\t<meta name=\"twitter:label2\" content=\"Tiempo de lectura\" \/>\n\t<meta name=\"twitter:data2\" content=\"2 minutos\" \/>\n<script type=\"application\/ld+json\" class=\"yoast-schema-graph\">{\"@context\":\"https:\/\/schema.org\",\"@graph\":[{\"@type\":\"WebPage\",\"@id\":\"https:\/\/marthacifuentes.com\/portada\/procuraduria-investiga-contratacion-del-pae-cuestiona-a-funcionarios-actuales-y-exfuncionarios-de-gobernacion-de-casanare\/\",\"url\":\"https:\/\/marthacifuentes.com\/portada\/procuraduria-investiga-contratacion-del-pae-cuestiona-a-funcionarios-actuales-y-exfuncionarios-de-gobernacion-de-casanare\/\",\"name\":\"Procuradur\u00eda investiga contrataci\u00f3n del PAE. Cuestiona a funcionarios actuales y exfuncionarios de Gobernaci\u00f3n de Casanare - \u25b7 Noticias de Casanare : Martha Cifuentes | Casanare\",\"isPartOf\":{\"@id\":\"https:\/\/marthacifuentes.com\/portada\/#website\"},\"primaryImageOfPage\":{\"@id\":\"https:\/\/marthacifuentes.com\/portada\/procuraduria-investiga-contratacion-del-pae-cuestiona-a-funcionarios-actuales-y-exfuncionarios-de-gobernacion-de-casanare\/#primaryimage\"},\"image\":{\"@id\":\"https:\/\/marthacifuentes.com\/portada\/procuraduria-investiga-contratacion-del-pae-cuestiona-a-funcionarios-actuales-y-exfuncionarios-de-gobernacion-de-casanare\/#primaryimage\"},\"thumbnailUrl\":\"https:\/\/marthacifuentes.com\/portada\/wp-content\/uploads\/2024\/09\/PAE-scaled.jpeg\",\"datePublished\":\"2024-09-17T23:14:01+00:00\",\"dateModified\":\"2024-09-17T23:18:56+00:00\",\"author\":{\"@id\":\"https:\/\/marthacifuentes.com\/portada\/#\/schema\/person\/57f53174b991db5f90ff78d58502b714\"},\"breadcrumb\":{\"@id\":\"https:\/\/marthacifuentes.com\/portada\/procuraduria-investiga-contratacion-del-pae-cuestiona-a-funcionarios-actuales-y-exfuncionarios-de-gobernacion-de-casanare\/#breadcrumb\"},\"inLanguage\":\"es\",\"potentialAction\":[{\"@type\":\"ReadAction\",\"target\":[\"https:\/\/marthacifuentes.com\/portada\/procuraduria-investiga-contratacion-del-pae-cuestiona-a-funcionarios-actuales-y-exfuncionarios-de-gobernacion-de-casanare\/\"]}]},{\"@type\":\"ImageObject\",\"inLanguage\":\"es\",\"@id\":\"https:\/\/marthacifuentes.com\/portada\/procuraduria-investiga-contratacion-del-pae-cuestiona-a-funcionarios-actuales-y-exfuncionarios-de-gobernacion-de-casanare\/#primaryimage\",\"url\":\"https:\/\/marthacifuentes.com\/portada\/wp-content\/uploads\/2024\/09\/PAE-scaled.jpeg\",\"contentUrl\":\"https:\/\/marthacifuentes.com\/portada\/wp-content\/uploads\/2024\/09\/PAE-scaled.jpeg\",\"width\":2560,\"height\":1891},{\"@type\":\"BreadcrumbList\",\"@id\":\"https:\/\/marthacifuentes.com\/portada\/procuraduria-investiga-contratacion-del-pae-cuestiona-a-funcionarios-actuales-y-exfuncionarios-de-gobernacion-de-casanare\/#breadcrumb\",\"itemListElement\":[{\"@type\":\"ListItem\",\"position\":1,\"name\":\"Portada\",\"item\":\"https:\/\/marthacifuentes.com\/portada\/\"},{\"@type\":\"ListItem\",\"position\":2,\"name\":\"Procuradur\u00eda investiga contrataci\u00f3n del PAE. Cuestiona a funcionarios actuales y exfuncionarios de Gobernaci\u00f3n de Casanare\"}]},{\"@type\":\"WebSite\",\"@id\":\"https:\/\/marthacifuentes.com\/portada\/#website\",\"url\":\"https:\/\/marthacifuentes.com\/portada\/\",\"name\":\"\u25b7 Noticias de Casanare : Martha Cifuentes | Casanare\",\"description\":\"Noticias &amp; Contenidos\",\"potentialAction\":[{\"@type\":\"SearchAction\",\"target\":{\"@type\":\"EntryPoint\",\"urlTemplate\":\"https:\/\/marthacifuentes.com\/portada\/?s={search_term_string}\"},\"query-input\":{\"@type\":\"PropertyValueSpecification\",\"valueRequired\":true,\"valueName\":\"search_term_string\"}}],\"inLanguage\":\"es\"},{\"@type\":\"Person\",\"@id\":\"https:\/\/marthacifuentes.com\/portada\/#\/schema\/person\/57f53174b991db5f90ff78d58502b714\",\"name\":\"Martha Cifuentes\",\"image\":{\"@type\":\"ImageObject\",\"inLanguage\":\"es\",\"@id\":\"https:\/\/marthacifuentes.com\/portada\/#\/schema\/person\/image\/\",\"url\":\"http:\/\/marthacifuentes.com\/portada\/wp-content\/uploads\/2018\/06\/avatar_user_2_1528838701-96x96.jpg\",\"contentUrl\":\"http:\/\/marthacifuentes.com\/portada\/wp-content\/uploads\/2018\/06\/avatar_user_2_1528838701-96x96.jpg\",\"caption\":\"Martha Cifuentes\"},\"sameAs\":[\"http:\/\/www.marthacifuentes.com\"],\"url\":\"https:\/\/marthacifuentes.com\/portada\/author\/martha\/\"}]}<\/script>\n<!-- \/ Yoast SEO plugin. -->","yoast_head_json":{"title":"Procuradur\u00eda investiga contrataci\u00f3n del PAE. Cuestiona a funcionarios actuales y exfuncionarios de Gobernaci\u00f3n de Casanare - \u25b7 Noticias de Casanare : Martha Cifuentes | Casanare","robots":{"index":"index","follow":"follow","max-snippet":"max-snippet:-1","max-image-preview":"max-image-preview:large","max-video-preview":"max-video-preview:-1"},"canonical":"https:\/\/marthacifuentes.com\/portada\/procuraduria-investiga-contratacion-del-pae-cuestiona-a-funcionarios-actuales-y-exfuncionarios-de-gobernacion-de-casanare\/","og_locale":"es_ES","og_type":"article","og_title":"Procuradur\u00eda investiga contrataci\u00f3n del PAE. Cuestiona a funcionarios actuales y exfuncionarios de Gobernaci\u00f3n de Casanare - \u25b7 Noticias de Casanare : Martha Cifuentes | Casanare","og_description":"La Procuradur\u00eda General de la Naci\u00f3n\u00a0abri\u00f3 dos investigaciones\u00a0disciplinarias\u00a0contra 11 servidores y exservidores de la Gobernaci\u00f3n de Casanare\u00a0por presuntas\u00a0irregularidades en la contrataci\u00f3n\u00a0de los servicios de alimentaci\u00f3n y transporte escolar en ese departamento.\u00a0\u200b &nbsp; Se investiga posible retraso en el PAE Al parecer, se habr\u00edan presentado\u00a0fallas en la estructuraci\u00f3n de dos procesos de licitaci\u00f3n\u00a0p\u00fablica abiertos en 2023 &hellip;","og_url":"https:\/\/marthacifuentes.com\/portada\/procuraduria-investiga-contratacion-del-pae-cuestiona-a-funcionarios-actuales-y-exfuncionarios-de-gobernacion-de-casanare\/","og_site_name":"\u25b7 Noticias de Casanare : Martha Cifuentes | Casanare","article_published_time":"2024-09-17T23:14:01+00:00","article_modified_time":"2024-09-17T23:18:56+00:00","og_image":[{"width":2560,"height":1891,"url":"https:\/\/marthacifuentes.com\/portada\/wp-content\/uploads\/2024\/09\/PAE-scaled.jpeg","type":"image\/jpeg"}],"author":"Martha Cifuentes","twitter_card":"summary_large_image","twitter_misc":{"Escrito por":"Martha Cifuentes","Tiempo de lectura":"2 minutos"},"schema":{"@context":"https:\/\/schema.org","@graph":[{"@type":"WebPage","@id":"https:\/\/marthacifuentes.com\/portada\/procuraduria-investiga-contratacion-del-pae-cuestiona-a-funcionarios-actuales-y-exfuncionarios-de-gobernacion-de-casanare\/","url":"https:\/\/marthacifuentes.com\/portada\/procuraduria-investiga-contratacion-del-pae-cuestiona-a-funcionarios-actuales-y-exfuncionarios-de-gobernacion-de-casanare\/","name":"Procuradur\u00eda investiga contrataci\u00f3n del PAE. Cuestiona a funcionarios actuales y exfuncionarios de Gobernaci\u00f3n de Casanare - \u25b7 Noticias de Casanare : Martha Cifuentes | Casanare","isPartOf":{"@id":"https:\/\/marthacifuentes.com\/portada\/#website"},"primaryImageOfPage":{"@id":"https:\/\/marthacifuentes.com\/portada\/procuraduria-investiga-contratacion-del-pae-cuestiona-a-funcionarios-actuales-y-exfuncionarios-de-gobernacion-de-casanare\/#primaryimage"},"image":{"@id":"https:\/\/marthacifuentes.com\/portada\/procuraduria-investiga-contratacion-del-pae-cuestiona-a-funcionarios-actuales-y-exfuncionarios-de-gobernacion-de-casanare\/#primaryimage"},"thumbnailUrl":"https:\/\/marthacifuentes.com\/portada\/wp-content\/uploads\/2024\/09\/PAE-scaled.jpeg","datePublished":"2024-09-17T23:14:01+00:00","dateModified":"2024-09-17T23:18:56+00:00","author":{"@id":"https:\/\/marthacifuentes.com\/portada\/#\/schema\/person\/57f53174b991db5f90ff78d58502b714"},"breadcrumb":{"@id":"https:\/\/marthacifuentes.com\/portada\/procuraduria-investiga-contratacion-del-pae-cuestiona-a-funcionarios-actuales-y-exfuncionarios-de-gobernacion-de-casanare\/#breadcrumb"},"inLanguage":"es","potentialAction":[{"@type":"ReadAction","target":["https:\/\/marthacifuentes.com\/portada\/procuraduria-investiga-contratacion-del-pae-cuestiona-a-funcionarios-actuales-y-exfuncionarios-de-gobernacion-de-casanare\/"]}]},{"@type":"ImageObject","inLanguage":"es","@id":"https:\/\/marthacifuentes.com\/portada\/procuraduria-investiga-contratacion-del-pae-cuestiona-a-funcionarios-actuales-y-exfuncionarios-de-gobernacion-de-casanare\/#primaryimage","url":"https:\/\/marthacifuentes.com\/portada\/wp-content\/uploads\/2024\/09\/PAE-scaled.jpeg","contentUrl":"https:\/\/marthacifuentes.com\/portada\/wp-content\/uploads\/2024\/09\/PAE-scaled.jpeg","width":2560,"height":1891},{"@type":"BreadcrumbList","@id":"https:\/\/marthacifuentes.com\/portada\/procuraduria-investiga-contratacion-del-pae-cuestiona-a-funcionarios-actuales-y-exfuncionarios-de-gobernacion-de-casanare\/#breadcrumb","itemListElement":[{"@type":"ListItem","position":1,"name":"Portada","item":"https:\/\/marthacifuentes.com\/portada\/"},{"@type":"ListItem","position":2,"name":"Procuradur\u00eda investiga contrataci\u00f3n del PAE. Cuestiona a funcionarios actuales y exfuncionarios de Gobernaci\u00f3n de Casanare"}]},{"@type":"WebSite","@id":"https:\/\/marthacifuentes.com\/portada\/#website","url":"https:\/\/marthacifuentes.com\/portada\/","name":"\u25b7 Noticias de Casanare : Martha Cifuentes | Casanare","description":"Noticias &amp; Contenidos","potentialAction":[{"@type":"SearchAction","target":{"@type":"EntryPoint","urlTemplate":"https:\/\/marthacifuentes.com\/portada\/?s={search_term_string}"},"query-input":{"@type":"PropertyValueSpecification","valueRequired":true,"valueName":"search_term_string"}}],"inLanguage":"es"},{"@type":"Person","@id":"https:\/\/marthacifuentes.com\/portada\/#\/schema\/person\/57f53174b991db5f90ff78d58502b714","name":"Martha Cifuentes","image":{"@type":"ImageObject","inLanguage":"es","@id":"https:\/\/marthacifuentes.com\/portada\/#\/schema\/person\/image\/","url":"http:\/\/marthacifuentes.com\/portada\/wp-content\/uploads\/2018\/06\/avatar_user_2_1528838701-96x96.jpg","contentUrl":"http:\/\/marthacifuentes.com\/portada\/wp-content\/uploads\/2018\/06\/avatar_user_2_1528838701-96x96.jpg","caption":"Martha Cifuentes"},"sameAs":["http:\/\/www.marthacifuentes.com"],"url":"https:\/\/marthacifuentes.com\/portada\/author\/martha\/"}]}},"_links":{"self":[{"href":"https:\/\/marthacifuentes.com\/portada\/wp-json\/wp\/v2\/posts\/34062","targetHints":{"allow":["GET"]}}],"collection":[{"href":"https:\/\/marthacifuentes.com\/portada\/wp-json\/wp\/v2\/posts"}],"about":[{"href":"https:\/\/marthacifuentes.com\/portada\/wp-json\/wp\/v2\/types\/post"}],"author":[{"embeddable":true,"href":"https:\/\/marthacifuentes.com\/portada\/wp-json\/wp\/v2\/users\/2"}],"replies":[{"embeddable":true,"href":"https:\/\/marthacifuentes.com\/portada\/wp-json\/wp\/v2\/comments?post=34062"}],"version-history":[{"count":3,"href":"https:\/\/marthacifuentes.com\/portada\/wp-json\/wp\/v2\/posts\/34062\/revisions"}],"predecessor-version":[{"id":34066,"href":"https:\/\/marthacifuentes.com\/portada\/wp-json\/wp\/v2\/posts\/34062\/revisions\/34066"}],"wp:featuredmedia":[{"embeddable":true,"href":"https:\/\/marthacifuentes.com\/portada\/wp-json\/wp\/v2\/media\/34063"}],"wp:attachment":[{"href":"https:\/\/marthacifuentes.com\/portada\/wp-json\/wp\/v2\/media?parent=34062"}],"wp:term":[{"taxonomy":"category","embeddable":true,"href":"https:\/\/marthacifuentes.com\/portada\/wp-json\/wp\/v2\/categories?post=34062"},{"taxonomy":"post_tag","embeddable":true,"href":"https:\/\/marthacifuentes.com\/portada\/wp-json\/wp\/v2\/tags?post=34062"}],"curies":[{"name":"wp","href":"https:\/\/api.w.org\/{rel}","templated":true}]}}