{"id":34106,"date":"2024-09-24T07:50:30","date_gmt":"2024-09-24T12:50:30","guid":{"rendered":"https:\/\/marthacifuentes.com\/portada\/?p=34106"},"modified":"2024-09-24T07:50:30","modified_gmt":"2024-09-24T12:50:30","slug":"padres-quedan-6-dias-para-inscribir-a-sus-hijos-para-jardin-y-transicion-en-yopal","status":"publish","type":"post","link":"https:\/\/marthacifuentes.com\/portada\/padres-quedan-6-dias-para-inscribir-a-sus-hijos-para-jardin-y-transicion-en-yopal\/","title":{"rendered":"Padres, quedan 6 d\u00edas para inscribir a sus hijos para jard\u00edn y transici\u00f3n en Yopal"},"content":{"rendered":"<p>Hasta el 30 de septiembre, est\u00e1n abiertas inscripciones para estos grados en Yopal, donde uno de los requisitos principales que los padres de familia deben tener en cuenta a la hora de inscribir a sus hijos en los grados de jard\u00edn y transici\u00f3n, es que los menores deben cumplir 4 y 5 a\u00f1os respectivamente, al 31 de marzo del 2025.<\/p>\n<p>Esta inscripci\u00f3n se realizar\u00e1 en la secci\u00f3n de Sistema de Atenci\u00f3n al Ciudadano de la Secretar\u00eda de Educaci\u00f3n de Yopal, que est\u00e1 ubicada en el primer piso de la Tr\u00edada, en la Avenida de la Cultura No 10-15 en los d\u00edas comprendidos entre el 02 al 30 de septiembre del 2024.<\/p>\n<p>El siguiente es el listado de requisitos para Inscripci\u00f3n de estudiantes nuevos para los grados jard\u00edn y transici\u00f3n en 2025:<\/p>\n<ul>\n<li>Copia del Registro Civil de nacimiento legible<\/li>\n<li>Copia del carn\u00e9 de vacunas<\/li>\n<li>Certificaci\u00f3n o carn\u00e9 de afiliaci\u00f3n a EPS<\/li>\n<li>Si el ni\u00f1o o ni\u00f1a est\u00e1 registrado en el SISBEN metodolog\u00eda IV, adjuntar certificaci\u00f3n<\/li>\n<li>Copia de la c\u00e9dula de ciudadan\u00eda de los padres o acudientes del menor<\/li>\n<li>Recibo original de servicio p\u00fablico de la residencia donde vive la familia del menor con registro de pago (Acueducto, Energ\u00eda o Gas Natural Domiciliario), del mes anterior al diligenciamiento del formato.<\/li>\n<li>Estudiantes con discapacidad anexar el diagn\u00f3stico, certificaci\u00f3n o concepto emitido por el sector salud relacionado con la discapacidad reportada.<\/li>\n<\/ul>\n<p>En caso de que el solicitante de cupo tenga hermanos estudiando en la instituci\u00f3n educativa donde solicita el cupo debe diligenciar el campo en el formulario indicando apellidos, nombres, grado del estudiante hermano(a) matriculado (a) y anexar copia del registro civil.<\/p>\n<p>Para obtener mayor informaci\u00f3n, el interesado puede ingresar al siguiente link\u00a0<b><i><u><a href=\"http:\/\/www.secretariadeeducacion-yopal.gov.co\/noticias\/instructivo-inscripcion-alumnos-nuevos-grados-jardin\" target=\"\" rel=\"noopener\">http:\/\/www.secretariadeeducacion-yopal.gov.co\/noticias\/instructivo-inscripcion-alumnos-nuevos-grados-jardin<\/a><\/u><\/i><\/b><\/p>\n<h2>Otras noticias&#8230;<\/h2>\n<blockquote class=\"wp-embedded-content\" data-secret=\"X1GiNqIK0k\"><p><a href=\"https:\/\/marthacifuentes.com\/portada\/2024\/09\/23\/dura-batalla-por-recursos-de-capresoca-usuarios-y-directivos-del-horo-vs-sindicato-de-la-eps\/\">Dura batalla por recursos de Capresoca: Usuarios y directivos del Horo vs. Sindicato de la EPS<\/a><\/p><\/blockquote>\n<p><iframe loading=\"lazy\" class=\"wp-embedded-content\" sandbox=\"allow-scripts\" security=\"restricted\" style=\"position: absolute; clip: rect(1px, 1px, 1px, 1px);\" title=\"\u00abDura batalla por recursos de Capresoca: Usuarios y directivos del Horo vs. Sindicato de la EPS\u00bb \u2014 \u25b7 Noticias de Casanare : Martha Cifuentes | Casanare\" src=\"https:\/\/marthacifuentes.com\/portada\/2024\/09\/23\/dura-batalla-por-recursos-de-capresoca-usuarios-y-directivos-del-horo-vs-sindicato-de-la-eps\/embed\/#?secret=qOM4MtMNDl#?secret=X1GiNqIK0k\" data-secret=\"X1GiNqIK0k\" width=\"500\" height=\"282\" frameborder=\"0\" marginwidth=\"0\" marginheight=\"0\" scrolling=\"no\"><\/iframe><\/p>\n<p><iframe loading=\"lazy\" class=\"wp-embedded-content\" title=\"\u00abSecretaria de salud de Casanare propone cambio de modelo de contrataci\u00f3n para salvar Capresoca\u00bb \u2014 \u25b7 Noticias de Casanare : Martha Cifuentes | Casanare\" src=\"https:\/\/marthacifuentes.com\/portada\/2024\/09\/20\/secretaria-de-salud-de-casanare-propone-cambio-de-modelo-de-contratacion-para-salvar-capresoca\/embed\/#?secret=qLXY2qLreX#?secret=UyqeIl0Av6\" width=\"600\" height=\"600\" frameborder=\"0\" marginwidth=\"0\" marginheight=\"0\" scrolling=\"no\" sandbox=\"allow-scripts\" data-secret=\"UyqeIl0Av6\" data-mce-fragment=\"1\"><\/iframe><\/p>\n<p><iframe loading=\"lazy\" class=\"wp-embedded-content\" title=\"\u00abEncuentro de Promoci\u00f3n de Empresas en Reactivaci\u00f3n Econ\u00f3mica este 26 y 27 de septiembre en Yopal\u00bb \u2014 \u25b7 Noticias de Casanare : Martha Cifuentes | Casanare\" src=\"https:\/\/marthacifuentes.com\/portada\/2024\/09\/20\/encuentro-de-promocion-de-empresas-en-reactivacion-economica-este-26-y-27-de-septiembre-en-yopal\/embed\/#?secret=ae6MJR1ybv#?secret=toAJFdcRHL\" width=\"600\" height=\"621\" frameborder=\"0\" marginwidth=\"0\" marginheight=\"0\" scrolling=\"no\" sandbox=\"allow-scripts\" data-secret=\"toAJFdcRHL\" data-mce-fragment=\"1\"><\/iframe><\/p>\n<p><iframe loading=\"lazy\" class=\"wp-embedded-content\" title=\"\u00abEn Yopal, 20 nacimientos por mes, de madres adolescentes, en solo 2024.\u00bb \u2014 \u25b7 Noticias de Casanare : Martha Cifuentes | Casanare\" src=\"https:\/\/marthacifuentes.com\/portada\/2024\/09\/20\/en-yopal-20-nacimientos-por-mes-de-madres-adolescentes-en-solo-2024\/embed\/#?secret=LZ8jEGUfzT#?secret=Z4OqIwLPMZ\" width=\"600\" height=\"609\" frameborder=\"0\" marginwidth=\"0\" marginheight=\"0\" scrolling=\"no\" sandbox=\"allow-scripts\" data-secret=\"Z4OqIwLPMZ\" data-mce-fragment=\"1\"><\/iframe><\/p>\n<p><iframe loading=\"lazy\" class=\"wp-embedded-content\" title=\"\u00abEn Yopal, 20 nacimientos por mes, de madres adolescentes, en solo 2024.\u00bb \u2014 \u25b7 Noticias de Casanare : Martha Cifuentes | Casanare\" src=\"https:\/\/marthacifuentes.com\/portada\/2024\/09\/20\/en-yopal-20-nacimientos-por-mes-de-madres-adolescentes-en-solo-2024\/embed\/#?secret=LZ8jEGUfzT#?secret=Z4OqIwLPMZ\" width=\"600\" height=\"609\" frameborder=\"0\" marginwidth=\"0\" marginheight=\"0\" scrolling=\"no\" sandbox=\"allow-scripts\" data-secret=\"Z4OqIwLPMZ\" data-mce-fragment=\"1\"><\/iframe><\/p>\n<p><iframe loading=\"lazy\" class=\"wp-embedded-content\" title=\"\u00abSindicato denuncia campa\u00f1a de desprestigio de Capresoca, propiciada desde la Gobernaci\u00f3n de Casanare\u00bb \u2014 \u25b7 Noticias de Casanare : Martha Cifuentes | Casanare\" src=\"https:\/\/marthacifuentes.com\/portada\/2024\/09\/17\/sindicato-denuncia-campana-de-desprestigio-de-capresoca-propiciada-desde-la-gobernacion-de-casanare\/embed\/#?secret=NDxzof4LOg#?secret=NBYW170TUY\" width=\"600\" height=\"649\" frameborder=\"0\" marginwidth=\"0\" marginheight=\"0\" scrolling=\"no\" sandbox=\"allow-scripts\" data-secret=\"NBYW170TUY\" data-mce-fragment=\"1\"><\/iframe><\/p>\n<p><iframe loading=\"lazy\" class=\"wp-embedded-content\" title=\"\u00abProcuradur\u00eda investiga contrataci\u00f3n del PAE. Cuestiona a funcionarios actuales y exfuncionarios de Gobernaci\u00f3n de Casanare\u00bb \u2014 \u25b7 Noticias de Casanare : Martha Cifuentes | Casanare\" src=\"https:\/\/marthacifuentes.com\/portada\/2024\/09\/17\/procuraduria-investiga-contratacion-del-pae-cuestiona-a-funcionarios-actuales-y-exfuncionarios-de-gobernacion-de-casanare\/embed\/#?secret=U1DMihkxT1#?secret=bzb469QJI3\" width=\"600\" height=\"671\" frameborder=\"0\" marginwidth=\"0\" marginheight=\"0\" scrolling=\"no\" sandbox=\"allow-scripts\" data-secret=\"bzb469QJI3\" data-mce-fragment=\"1\"><\/iframe><\/p>\n<p>&nbsp;<\/p>\n<p><iframe loading=\"lazy\" class=\"wp-embedded-content\" title=\"\u00abCapresoca agoniza. \u00bfSe debe liquidar o seguir en enfermedad financiera?\u00bb \u2014 \u25b7 Noticias de Casanare : Martha Cifuentes | Casanare\" src=\"https:\/\/marthacifuentes.com\/portada\/2024\/09\/16\/capresoca-agoniza-se-debe-liquidar-o-seguir-en-enfermedad-financiera\/embed\/#?secret=hlcYbWhA1Q#?secret=hahs3b4Xwp\" width=\"600\" height=\"621\" frameborder=\"0\" marginwidth=\"0\" marginheight=\"0\" scrolling=\"no\" sandbox=\"allow-scripts\" data-secret=\"hahs3b4Xwp\" data-mce-fragment=\"1\"><\/iframe><\/p>\n<p><iframe loading=\"lazy\" class=\"wp-embedded-content\" title=\"\u00abEn Paz de Ariporo la paz de sus habitantes se alter\u00f3 en medio de fuertes ca\u00f1onazos contra disidencias de las Farc\u00bb \u2014 \u25b7 Noticias de Casanare : Martha Cifuentes | Casanare\" src=\"https:\/\/marthacifuentes.com\/portada\/2024\/09\/13\/en-paz-de-ariporo-la-paz-de-sus-habitantes-se-altero-en-medio-de-fuertes-canonazos-contra-disidencias-de-las-farc\/embed\/#?secret=DYf2KTwvfR#?secret=Bljvzn6cYY\" width=\"600\" height=\"629\" frameborder=\"0\" marginwidth=\"0\" marginheight=\"0\" scrolling=\"no\" sandbox=\"allow-scripts\" data-secret=\"Bljvzn6cYY\" data-mce-fragment=\"1\"><\/iframe><\/p>\n<p><iframe loading=\"lazy\" class=\"wp-embedded-content\" title=\"\u00abDemandada elecci\u00f3n del casanare\u00f1o Alirio Barrera como segundo vicepresidente del Senado.\u00bb \u2014 \u25b7 Noticias de Casanare : Martha Cifuentes | Casanare\" src=\"https:\/\/marthacifuentes.com\/portada\/2024\/09\/12\/demandada-eleccion-del-casanareno-alirio-barrera-como-segundo-vicepresidente-del-senado\/embed\/#?secret=veC9GfGW5z#?secret=KpAxApldbl\" width=\"600\" height=\"616\" frameborder=\"0\" marginwidth=\"0\" marginheight=\"0\" scrolling=\"no\" sandbox=\"allow-scripts\" data-secret=\"KpAxApldbl\" data-mce-fragment=\"1\"><\/iframe><\/p>\n<p><iframe loading=\"lazy\" class=\"wp-embedded-content\" title=\"\u00abDeudores morosos de impuestos de Yopal, a ponerse al d\u00eda con alivios tributarios\u00bb \u2014 \u25b7 Noticias de Casanare : Martha Cifuentes | Casanare\" src=\"https:\/\/marthacifuentes.com\/portada\/2024\/09\/11\/deudores-morosos-de-impuestos-de-yopal-a-ponerse-al-dia-con-alivios-tributarios\/embed\/#?secret=RfTuF8PtvP#?secret=Rc7rGZ58gL\" width=\"600\" height=\"621\" frameborder=\"0\" marginwidth=\"0\" marginheight=\"0\" scrolling=\"no\" sandbox=\"allow-scripts\" data-secret=\"Rc7rGZ58gL\" data-mce-fragment=\"1\"><\/iframe><\/p>\n<p><iframe loading=\"lazy\" class=\"wp-embedded-content\" title=\"\u00abExtorsionados de disidencias de las Farc en Casanare podr\u00edan ser judicializadas por la Fiscal\u00eda, de comprobarse pagos a este grupo.\u00bb \u2014 \u25b7 Noticias de Casanare : Martha Cifuentes | Casanare\" src=\"https:\/\/marthacifuentes.com\/portada\/2024\/09\/10\/extorsionados-de-disidencias-de-las-farc-en-casanare-podrian-ser-judicializadas-por-la-fiscalia-de-comprobarse-pagos-a-este-grupo\/embed\/#?secret=hAkveE3Ysn#?secret=qp4fQaFvxJ\" width=\"600\" height=\"650\" frameborder=\"0\" marginwidth=\"0\" marginheight=\"0\" scrolling=\"no\" sandbox=\"allow-scripts\" data-secret=\"qp4fQaFvxJ\" data-mce-fragment=\"1\"><\/iframe><\/p>\n<p><iframe loading=\"lazy\" class=\"wp-embedded-content\" title=\"\u00abFiscal\u00eda acusa a dos exfuncionarios de Perenco por presuntos nexos con grupos paramilitares en Casanare, pero faltan m\u00e1s\u00bb \u2014 \u25b7 Noticias de Casanare : Martha Cifuentes | Casanare\" src=\"https:\/\/marthacifuentes.com\/portada\/2024\/09\/09\/fiscalia-acusa-a-dos-exfuncionarios-de-perenco-por-presuntos-nexos-con-grupos-paramilitares-en-casanare-pero-faltan-mas\/embed\/#?secret=lQf2k1MBrz#?secret=Z40IYLaeu9\" width=\"600\" height=\"650\" frameborder=\"0\" marginwidth=\"0\" marginheight=\"0\" scrolling=\"no\" sandbox=\"allow-scripts\" data-secret=\"Z40IYLaeu9\" data-mce-fragment=\"1\"><\/iframe><\/p>\n<p><iframe loading=\"lazy\" class=\"wp-embedded-content\" title=\"\u00abCasanare, departamento petrolero, pero con su poblaci\u00f3n pobre, seg\u00fan sincronizaci\u00f3n del SISBEN IV\u00bb \u2014 \u25b7 Noticias de Casanare : Martha Cifuentes | Casanare\" src=\"https:\/\/marthacifuentes.com\/portada\/2024\/09\/05\/casanare-departamento-petrolero-pero-con-su-poblacion-pobre-segun-sincronizacion-del-sisben-iv\/embed\/#?secret=Z8CzjRlzYC#?secret=PBKDyOT7OL\" width=\"600\" height=\"586\" frameborder=\"0\" marginwidth=\"0\" marginheight=\"0\" scrolling=\"no\" sandbox=\"allow-scripts\" data-secret=\"PBKDyOT7OL\" data-mce-fragment=\"1\"><\/iframe><\/p>\n<p><iframe loading=\"lazy\" class=\"wp-embedded-content\" title=\"\u00abAlcald\u00eda de Yopal y Fiscal\u00eda quieren frenar las urbanizaciones ilegales y a sus promotores\u00bb \u2014 \u25b7 Noticias de Casanare : Martha Cifuentes | Casanare\" src=\"https:\/\/marthacifuentes.com\/portada\/2024\/09\/05\/alcaldia-de-yopal-y-fiscalia-quieren-frenar-las-urbanizaciones-ilegales-y-a-sus-promotores\/embed\/#?secret=majZjm11eE#?secret=JygMPyVd0E\" width=\"600\" height=\"621\" frameborder=\"0\" marginwidth=\"0\" marginheight=\"0\" scrolling=\"no\" sandbox=\"allow-scripts\" data-secret=\"JygMPyVd0E\" data-mce-fragment=\"1\"><\/iframe><\/p>\n<p><iframe loading=\"lazy\" class=\"wp-embedded-content\" title=\"\u00abSe restringe venta de gasolina en Yopal por paro camionero\u00bb \u2014 \u25b7 Noticias de Casanare : Martha Cifuentes | Casanare\" src=\"https:\/\/marthacifuentes.com\/portada\/2024\/09\/05\/se-restringe-venta-de-gasolina-en-yopal-por-paro-camionero\/embed\/#?secret=rY0nexz1tQ#?secret=Bm4xZ2erol\" width=\"600\" height=\"621\" frameborder=\"0\" marginwidth=\"0\" marginheight=\"0\" scrolling=\"no\" sandbox=\"allow-scripts\" data-secret=\"Bm4xZ2erol\" data-mce-fragment=\"1\"><\/iframe><\/p>\n<p><iframe loading=\"lazy\" class=\"wp-embedded-content\" title=\"\u00abSem\u00e1foro verde para que la Alcald\u00eda de Yopal liquide contrato de SETTY\u00bb \u2014 \u25b7 Noticias de Casanare : Martha Cifuentes | Casanare\" src=\"https:\/\/marthacifuentes.com\/portada\/2024\/09\/05\/semaforo-verde-para-que-la-alcaldia-de-yopal-liquide-contrato-de-setty\/embed\/#?secret=xMbP7D7eon#?secret=hpEGySXKCe\" width=\"600\" height=\"596\" frameborder=\"0\" marginwidth=\"0\" marginheight=\"0\" scrolling=\"no\" sandbox=\"allow-scripts\" data-secret=\"hpEGySXKCe\" data-mce-fragment=\"1\"><\/iframe><\/p>\n<p><iframe loading=\"lazy\" class=\"wp-embedded-content\" title=\"\u00abAlcald\u00eda de Yopal y SETTY deben resignarse y liquidar concesi\u00f3n. Tribunal dice no tiene nada que aclarar.\u00bb \u2014 \u25b7 Noticias de Casanare : Martha Cifuentes | Casanare\" src=\"https:\/\/marthacifuentes.com\/portada\/2024\/09\/04\/alcaldia-de-yopal-y-setty-deben-resignarse-y-liquidar-concesion-tribunal-dice-no-tiene-nada-que-aclarar\/embed\/#?secret=HZeJEQsG3p#?secret=TzwgGjLi2m\" width=\"600\" height=\"596\" frameborder=\"0\" marginwidth=\"0\" marginheight=\"0\" scrolling=\"no\" sandbox=\"allow-scripts\" data-secret=\"TzwgGjLi2m\" data-mce-fragment=\"1\"><\/iframe><\/p>\n<p><iframe loading=\"lazy\" class=\"wp-embedded-content\" title=\"\u00abIFC suscribe alianza estrat\u00e9gica con Universidad de Antioquia\u00bb \u2014 \u25b7 Noticias de Casanare : Martha Cifuentes | Casanare\" src=\"https:\/\/marthacifuentes.com\/portada\/2024\/09\/04\/ifc-suscribe-alianza-estrategica-con-universidad-de-antioquia\/embed\/#?secret=yM76ddGnXZ#?secret=MarfrGfjQ2\" width=\"600\" height=\"621\" frameborder=\"0\" marginwidth=\"0\" marginheight=\"0\" scrolling=\"no\" sandbox=\"allow-scripts\" data-secret=\"MarfrGfjQ2\" data-mce-fragment=\"1\"><\/iframe><\/p>\n","protected":false},"excerpt":{"rendered":"<p>Hasta el 30 de septiembre, est\u00e1n abiertas inscripciones para estos grados en Yopal, donde uno de los requisitos principales que los padres de familia deben tener en cuenta a la hora de inscribir a sus hijos en los grados de jard\u00edn y transici\u00f3n, es que los menores deben cumplir 4 y 5 a\u00f1os respectivamente, al &hellip;<\/p>\n","protected":false},"author":2,"featured_media":34107,"comment_status":"open","ping_status":"open","sticky":false,"template":"","format":"standard","meta":{"om_disable_all_campaigns":false,"_exactmetrics_skip_tracking":false,"_exactmetrics_sitenote_active":false,"_exactmetrics_sitenote_note":"","_exactmetrics_sitenote_category":0,"_monsterinsights_skip_tracking":false,"_monsterinsights_sitenote_active":false,"_monsterinsights_sitenote_note":"","_monsterinsights_sitenote_category":0,"_uf_show_specific_survey":0,"_uf_disable_surveys":false,"_joinchat":[],"footnotes":""},"categories":[147,146,145],"tags":[11146,11147,1421,11148,11149],"class_list":["post-34106","post","type-post","status-publish","format-standard","has-post-thumbnail","hentry","category-actualidad","category-noticias","category-reportajes","tag-inscripcion-jardin-y-transicion-yopal","tag-ninos-a-inscribirse-para-estudiar-jardin-yopal","tag-noticias-yopal","tag-secretaria-de-educacion-inscripcion-ninos-4-5-anos","tag-sisben-registro-civil-inscripcion-jardin-y-transicion-yopal"],"yoast_head":"<!-- This site is optimized with the Yoast SEO plugin v26.1 - https:\/\/yoast.com\/wordpress\/plugins\/seo\/ -->\n<title>Padres, quedan 6 d\u00edas para inscribir a sus hijos para jard\u00edn y transici\u00f3n en Yopal - \u25b7 Noticias de Casanare : Martha Cifuentes | Casanare<\/title>\n<meta name=\"robots\" content=\"index, follow, max-snippet:-1, max-image-preview:large, max-video-preview:-1\" \/>\n<link rel=\"canonical\" href=\"https:\/\/marthacifuentes.com\/portada\/padres-quedan-6-dias-para-inscribir-a-sus-hijos-para-jardin-y-transicion-en-yopal\/\" \/>\n<meta property=\"og:locale\" content=\"es_ES\" \/>\n<meta property=\"og:type\" content=\"article\" \/>\n<meta property=\"og:title\" content=\"Padres, quedan 6 d\u00edas para inscribir a sus hijos para jard\u00edn y transici\u00f3n en Yopal - \u25b7 Noticias de Casanare : Martha Cifuentes | Casanare\" \/>\n<meta property=\"og:description\" content=\"Hasta el 30 de septiembre, est\u00e1n abiertas inscripciones para estos grados en Yopal, donde uno de los requisitos principales que los padres de familia deben tener en cuenta a la hora de inscribir a sus hijos en los grados de jard\u00edn y transici\u00f3n, es que los menores deben cumplir 4 y 5 a\u00f1os respectivamente, al &hellip;\" \/>\n<meta property=\"og:url\" content=\"https:\/\/marthacifuentes.com\/portada\/padres-quedan-6-dias-para-inscribir-a-sus-hijos-para-jardin-y-transicion-en-yopal\/\" \/>\n<meta property=\"og:site_name\" content=\"\u25b7 Noticias de Casanare : Martha Cifuentes | Casanare\" \/>\n<meta property=\"article:published_time\" content=\"2024-09-24T12:50:30+00:00\" \/>\n<meta property=\"og:image\" content=\"https:\/\/marthacifuentes.com\/portada\/wp-content\/uploads\/2024\/09\/jardin-yopal.jpg\" \/>\n\t<meta property=\"og:image:width\" content=\"899\" \/>\n\t<meta property=\"og:image:height\" content=\"600\" \/>\n\t<meta property=\"og:image:type\" content=\"image\/jpeg\" \/>\n<meta name=\"author\" content=\"Martha Cifuentes\" \/>\n<meta name=\"twitter:card\" content=\"summary_large_image\" \/>\n<meta name=\"twitter:label1\" content=\"Escrito por\" \/>\n\t<meta name=\"twitter:data1\" content=\"Martha Cifuentes\" \/>\n\t<meta name=\"twitter:label2\" content=\"Tiempo de lectura\" \/>\n\t<meta name=\"twitter:data2\" content=\"2 minutos\" \/>\n<script type=\"application\/ld+json\" class=\"yoast-schema-graph\">{\"@context\":\"https:\/\/schema.org\",\"@graph\":[{\"@type\":\"WebPage\",\"@id\":\"https:\/\/marthacifuentes.com\/portada\/padres-quedan-6-dias-para-inscribir-a-sus-hijos-para-jardin-y-transicion-en-yopal\/\",\"url\":\"https:\/\/marthacifuentes.com\/portada\/padres-quedan-6-dias-para-inscribir-a-sus-hijos-para-jardin-y-transicion-en-yopal\/\",\"name\":\"Padres, quedan 6 d\u00edas para inscribir a sus hijos para jard\u00edn y transici\u00f3n en Yopal - \u25b7 Noticias de Casanare : Martha Cifuentes | Casanare\",\"isPartOf\":{\"@id\":\"https:\/\/marthacifuentes.com\/portada\/#website\"},\"primaryImageOfPage\":{\"@id\":\"https:\/\/marthacifuentes.com\/portada\/padres-quedan-6-dias-para-inscribir-a-sus-hijos-para-jardin-y-transicion-en-yopal\/#primaryimage\"},\"image\":{\"@id\":\"https:\/\/marthacifuentes.com\/portada\/padres-quedan-6-dias-para-inscribir-a-sus-hijos-para-jardin-y-transicion-en-yopal\/#primaryimage\"},\"thumbnailUrl\":\"https:\/\/marthacifuentes.com\/portada\/wp-content\/uploads\/2024\/09\/jardin-yopal.jpg\",\"datePublished\":\"2024-09-24T12:50:30+00:00\",\"author\":{\"@id\":\"https:\/\/marthacifuentes.com\/portada\/#\/schema\/person\/57f53174b991db5f90ff78d58502b714\"},\"breadcrumb\":{\"@id\":\"https:\/\/marthacifuentes.com\/portada\/padres-quedan-6-dias-para-inscribir-a-sus-hijos-para-jardin-y-transicion-en-yopal\/#breadcrumb\"},\"inLanguage\":\"es\",\"potentialAction\":[{\"@type\":\"ReadAction\",\"target\":[\"https:\/\/marthacifuentes.com\/portada\/padres-quedan-6-dias-para-inscribir-a-sus-hijos-para-jardin-y-transicion-en-yopal\/\"]}]},{\"@type\":\"ImageObject\",\"inLanguage\":\"es\",\"@id\":\"https:\/\/marthacifuentes.com\/portada\/padres-quedan-6-dias-para-inscribir-a-sus-hijos-para-jardin-y-transicion-en-yopal\/#primaryimage\",\"url\":\"https:\/\/marthacifuentes.com\/portada\/wp-content\/uploads\/2024\/09\/jardin-yopal.jpg\",\"contentUrl\":\"https:\/\/marthacifuentes.com\/portada\/wp-content\/uploads\/2024\/09\/jardin-yopal.jpg\",\"width\":899,\"height\":600},{\"@type\":\"BreadcrumbList\",\"@id\":\"https:\/\/marthacifuentes.com\/portada\/padres-quedan-6-dias-para-inscribir-a-sus-hijos-para-jardin-y-transicion-en-yopal\/#breadcrumb\",\"itemListElement\":[{\"@type\":\"ListItem\",\"position\":1,\"name\":\"Portada\",\"item\":\"https:\/\/marthacifuentes.com\/portada\/\"},{\"@type\":\"ListItem\",\"position\":2,\"name\":\"Padres, quedan 6 d\u00edas para inscribir a sus hijos para jard\u00edn y transici\u00f3n en Yopal\"}]},{\"@type\":\"WebSite\",\"@id\":\"https:\/\/marthacifuentes.com\/portada\/#website\",\"url\":\"https:\/\/marthacifuentes.com\/portada\/\",\"name\":\"\u25b7 Noticias de Casanare : Martha Cifuentes | Casanare\",\"description\":\"Noticias &amp; Contenidos\",\"potentialAction\":[{\"@type\":\"SearchAction\",\"target\":{\"@type\":\"EntryPoint\",\"urlTemplate\":\"https:\/\/marthacifuentes.com\/portada\/?s={search_term_string}\"},\"query-input\":{\"@type\":\"PropertyValueSpecification\",\"valueRequired\":true,\"valueName\":\"search_term_string\"}}],\"inLanguage\":\"es\"},{\"@type\":\"Person\",\"@id\":\"https:\/\/marthacifuentes.com\/portada\/#\/schema\/person\/57f53174b991db5f90ff78d58502b714\",\"name\":\"Martha Cifuentes\",\"image\":{\"@type\":\"ImageObject\",\"inLanguage\":\"es\",\"@id\":\"https:\/\/marthacifuentes.com\/portada\/#\/schema\/person\/image\/\",\"url\":\"http:\/\/marthacifuentes.com\/portada\/wp-content\/uploads\/2018\/06\/avatar_user_2_1528838701-96x96.jpg\",\"contentUrl\":\"http:\/\/marthacifuentes.com\/portada\/wp-content\/uploads\/2018\/06\/avatar_user_2_1528838701-96x96.jpg\",\"caption\":\"Martha Cifuentes\"},\"sameAs\":[\"http:\/\/www.marthacifuentes.com\"],\"url\":\"https:\/\/marthacifuentes.com\/portada\/author\/martha\/\"}]}<\/script>\n<!-- \/ Yoast SEO plugin. -->","yoast_head_json":{"title":"Padres, quedan 6 d\u00edas para inscribir a sus hijos para jard\u00edn y transici\u00f3n en Yopal - \u25b7 Noticias de Casanare : Martha Cifuentes | Casanare","robots":{"index":"index","follow":"follow","max-snippet":"max-snippet:-1","max-image-preview":"max-image-preview:large","max-video-preview":"max-video-preview:-1"},"canonical":"https:\/\/marthacifuentes.com\/portada\/padres-quedan-6-dias-para-inscribir-a-sus-hijos-para-jardin-y-transicion-en-yopal\/","og_locale":"es_ES","og_type":"article","og_title":"Padres, quedan 6 d\u00edas para inscribir a sus hijos para jard\u00edn y transici\u00f3n en Yopal - \u25b7 Noticias de Casanare : Martha Cifuentes | Casanare","og_description":"Hasta el 30 de septiembre, est\u00e1n abiertas inscripciones para estos grados en Yopal, donde uno de los requisitos principales que los padres de familia deben tener en cuenta a la hora de inscribir a sus hijos en los grados de jard\u00edn y transici\u00f3n, es que los menores deben cumplir 4 y 5 a\u00f1os respectivamente, al &hellip;","og_url":"https:\/\/marthacifuentes.com\/portada\/padres-quedan-6-dias-para-inscribir-a-sus-hijos-para-jardin-y-transicion-en-yopal\/","og_site_name":"\u25b7 Noticias de Casanare : Martha Cifuentes | Casanare","article_published_time":"2024-09-24T12:50:30+00:00","og_image":[{"width":899,"height":600,"url":"https:\/\/marthacifuentes.com\/portada\/wp-content\/uploads\/2024\/09\/jardin-yopal.jpg","type":"image\/jpeg"}],"author":"Martha Cifuentes","twitter_card":"summary_large_image","twitter_misc":{"Escrito por":"Martha Cifuentes","Tiempo de lectura":"2 minutos"},"schema":{"@context":"https:\/\/schema.org","@graph":[{"@type":"WebPage","@id":"https:\/\/marthacifuentes.com\/portada\/padres-quedan-6-dias-para-inscribir-a-sus-hijos-para-jardin-y-transicion-en-yopal\/","url":"https:\/\/marthacifuentes.com\/portada\/padres-quedan-6-dias-para-inscribir-a-sus-hijos-para-jardin-y-transicion-en-yopal\/","name":"Padres, quedan 6 d\u00edas para inscribir a sus hijos para jard\u00edn y transici\u00f3n en Yopal - \u25b7 Noticias de Casanare : Martha Cifuentes | Casanare","isPartOf":{"@id":"https:\/\/marthacifuentes.com\/portada\/#website"},"primaryImageOfPage":{"@id":"https:\/\/marthacifuentes.com\/portada\/padres-quedan-6-dias-para-inscribir-a-sus-hijos-para-jardin-y-transicion-en-yopal\/#primaryimage"},"image":{"@id":"https:\/\/marthacifuentes.com\/portada\/padres-quedan-6-dias-para-inscribir-a-sus-hijos-para-jardin-y-transicion-en-yopal\/#primaryimage"},"thumbnailUrl":"https:\/\/marthacifuentes.com\/portada\/wp-content\/uploads\/2024\/09\/jardin-yopal.jpg","datePublished":"2024-09-24T12:50:30+00:00","author":{"@id":"https:\/\/marthacifuentes.com\/portada\/#\/schema\/person\/57f53174b991db5f90ff78d58502b714"},"breadcrumb":{"@id":"https:\/\/marthacifuentes.com\/portada\/padres-quedan-6-dias-para-inscribir-a-sus-hijos-para-jardin-y-transicion-en-yopal\/#breadcrumb"},"inLanguage":"es","potentialAction":[{"@type":"ReadAction","target":["https:\/\/marthacifuentes.com\/portada\/padres-quedan-6-dias-para-inscribir-a-sus-hijos-para-jardin-y-transicion-en-yopal\/"]}]},{"@type":"ImageObject","inLanguage":"es","@id":"https:\/\/marthacifuentes.com\/portada\/padres-quedan-6-dias-para-inscribir-a-sus-hijos-para-jardin-y-transicion-en-yopal\/#primaryimage","url":"https:\/\/marthacifuentes.com\/portada\/wp-content\/uploads\/2024\/09\/jardin-yopal.jpg","contentUrl":"https:\/\/marthacifuentes.com\/portada\/wp-content\/uploads\/2024\/09\/jardin-yopal.jpg","width":899,"height":600},{"@type":"BreadcrumbList","@id":"https:\/\/marthacifuentes.com\/portada\/padres-quedan-6-dias-para-inscribir-a-sus-hijos-para-jardin-y-transicion-en-yopal\/#breadcrumb","itemListElement":[{"@type":"ListItem","position":1,"name":"Portada","item":"https:\/\/marthacifuentes.com\/portada\/"},{"@type":"ListItem","position":2,"name":"Padres, quedan 6 d\u00edas para inscribir a sus hijos para jard\u00edn y transici\u00f3n en Yopal"}]},{"@type":"WebSite","@id":"https:\/\/marthacifuentes.com\/portada\/#website","url":"https:\/\/marthacifuentes.com\/portada\/","name":"\u25b7 Noticias de Casanare : Martha Cifuentes | Casanare","description":"Noticias &amp; Contenidos","potentialAction":[{"@type":"SearchAction","target":{"@type":"EntryPoint","urlTemplate":"https:\/\/marthacifuentes.com\/portada\/?s={search_term_string}"},"query-input":{"@type":"PropertyValueSpecification","valueRequired":true,"valueName":"search_term_string"}}],"inLanguage":"es"},{"@type":"Person","@id":"https:\/\/marthacifuentes.com\/portada\/#\/schema\/person\/57f53174b991db5f90ff78d58502b714","name":"Martha Cifuentes","image":{"@type":"ImageObject","inLanguage":"es","@id":"https:\/\/marthacifuentes.com\/portada\/#\/schema\/person\/image\/","url":"http:\/\/marthacifuentes.com\/portada\/wp-content\/uploads\/2018\/06\/avatar_user_2_1528838701-96x96.jpg","contentUrl":"http:\/\/marthacifuentes.com\/portada\/wp-content\/uploads\/2018\/06\/avatar_user_2_1528838701-96x96.jpg","caption":"Martha Cifuentes"},"sameAs":["http:\/\/www.marthacifuentes.com"],"url":"https:\/\/marthacifuentes.com\/portada\/author\/martha\/"}]}},"_links":{"self":[{"href":"https:\/\/marthacifuentes.com\/portada\/wp-json\/wp\/v2\/posts\/34106","targetHints":{"allow":["GET"]}}],"collection":[{"href":"https:\/\/marthacifuentes.com\/portada\/wp-json\/wp\/v2\/posts"}],"about":[{"href":"https:\/\/marthacifuentes.com\/portada\/wp-json\/wp\/v2\/types\/post"}],"author":[{"embeddable":true,"href":"https:\/\/marthacifuentes.com\/portada\/wp-json\/wp\/v2\/users\/2"}],"replies":[{"embeddable":true,"href":"https:\/\/marthacifuentes.com\/portada\/wp-json\/wp\/v2\/comments?post=34106"}],"version-history":[{"count":1,"href":"https:\/\/marthacifuentes.com\/portada\/wp-json\/wp\/v2\/posts\/34106\/revisions"}],"predecessor-version":[{"id":34108,"href":"https:\/\/marthacifuentes.com\/portada\/wp-json\/wp\/v2\/posts\/34106\/revisions\/34108"}],"wp:featuredmedia":[{"embeddable":true,"href":"https:\/\/marthacifuentes.com\/portada\/wp-json\/wp\/v2\/media\/34107"}],"wp:attachment":[{"href":"https:\/\/marthacifuentes.com\/portada\/wp-json\/wp\/v2\/media?parent=34106"}],"wp:term":[{"taxonomy":"category","embeddable":true,"href":"https:\/\/marthacifuentes.com\/portada\/wp-json\/wp\/v2\/categories?post=34106"},{"taxonomy":"post_tag","embeddable":true,"href":"https:\/\/marthacifuentes.com\/portada\/wp-json\/wp\/v2\/tags?post=34106"}],"curies":[{"name":"wp","href":"https:\/\/api.w.org\/{rel}","templated":true}]}}