{"id":34185,"date":"2024-10-10T10:34:48","date_gmt":"2024-10-10T15:34:48","guid":{"rendered":"https:\/\/marthacifuentes.com\/portada\/?p=34185"},"modified":"2024-10-10T11:33:26","modified_gmt":"2024-10-10T16:33:26","slug":"gremio-constructor-quiere-participar-de-la-torta-de-proyectos-de-infraestructura-y-vivienda-en-casanare","status":"publish","type":"post","link":"https:\/\/marthacifuentes.com\/portada\/gremio-constructor-quiere-participar-de-la-torta-de-proyectos-de-infraestructura-y-vivienda-en-casanare\/","title":{"rendered":"Gremio constructor quiere participar de la torta de proyectos de infraestructura y vivienda en Casanare"},"content":{"rendered":"<p>Socializaci\u00f3n del m\u00f3dulo de contrataci\u00f3n estatal enfocado en el sector de la construcci\u00f3n se realiz\u00f3 en una mesa de trabajo realizada en Yopal, por la Gobernaci\u00f3n de Casanare, a trav\u00e9s de su Secretar\u00eda de Infraestructura. Se reuni\u00f3 a cerca de 50 representantes del gremio constructor de Casanare, Meta y Boyac\u00e1.<\/p>\n<p>&nbsp;<\/p>\n<p>El encuentro cont\u00f3 con la participaci\u00f3n de maestros de construcci\u00f3n, empresas de materiales prefabricados y otras entidades relacionadas, con el objetivo de fomentar su participaci\u00f3n en los procesos de selecci\u00f3n para proyectos de infraestructura y vivienda en el departamento.<\/p>\n<p>&nbsp;<\/p>\n<p><strong>Informaci\u00f3n sobre procesos licitatorios relacionados con la construcci\u00f3n<\/strong><\/p>\n<p>En la mesa tambi\u00e9n se les brind\u00f3 informaci\u00f3n clave sobre c\u00f3mo ser parte de los procesos licitatorios, las modalidades de contrataci\u00f3n, cuant\u00edas, t\u00e9rminos de liquidaci\u00f3n y finalizaci\u00f3n de contratos, as\u00ed como el seguimiento a la plataforma Compra Eficiente, a trav\u00e9s de la cual pueden postularse para dichos procesos. Adem\u00e1s, se destac\u00f3 la importancia de estar legalmente constituidos y de priorizar el uso de mano de obra local en los proyectos.<\/p>\n<p>&nbsp;<\/p>\n<p>La Direcci\u00f3n T\u00e9cnica de Vivienda tambi\u00e9n estuvo presente, explicando las oportunidades dentro del sector de vivienda de inter\u00e9s social, donde los actores del gremio constructor pueden participar activamente.<\/p>\n<p>&nbsp;<\/p>\n<p>El encuentro fue una respuesta a la solicitud de los representantes del gremio constructor al gobernador C\u00e9sar Ortiz Zorro, quienes pidieron una mayor apertura y oportunidades para ser parte de las obras p\u00fablicas en la regi\u00f3n.<\/p>\n<p>&nbsp;<\/p>\n<p>&nbsp;<\/p>\n<p><strong>Participantes opinan<\/strong><\/p>\n<p>Eladio Rinc\u00f3n Machado, maestro de construcci\u00f3n de Hato Corozal, expres\u00f3 su satisfacci\u00f3n con la reuni\u00f3n: \u00ab<em>Me parece muy bien esta reuni\u00f3n, porque si podemos trabajar con la Gobernaci\u00f3n de Casanare, me voy satisfecho\u00bb. Por su parte, Ernesto Pinilla manifest\u00f3 que quedaron complacidos con la iniciativa y destac\u00f3 la oportunidad de utilizar mano de obra local a precios competitivos: \u00abReconocemos que quieren dar oportunidades a las bases menores para masificar los recursos y llegar a las personas m\u00e1s necesitadas<\/em>\u00ab.<\/p>\n<p>&nbsp;<\/p>\n<p>Finalmente, Daniel Bayona, de la Corporaci\u00f3n de Tecn\u00f3logos de Casanare, destac\u00f3 la relevancia de este acercamiento tras m\u00e1s de 10 a\u00f1os sin acceso a proyectos gubernamentales: \u00ab<em>Somos una asociaci\u00f3n muy completa, con experiencia en vivienda, v\u00edas terciarias, soldadura y obras de arte. Tenemos grandes expectativas y estamos totalmente capacitados para asumir estos retos<\/em>\u00ab.<\/p>\n<p>&nbsp;<\/p>\n<p>Este espacio representa un importante avance para la inclusi\u00f3n del gremio constructor en los proyectos de desarrollo del departamento, fomentando la participaci\u00f3n local en el crecimiento econ\u00f3mico y social de Casanare.<\/p>\n<p>#ContenidoPatrocinado #Gobernaci\u00f3ndeCasanare<\/p>\n<h2><strong>Otras noticias\u2026<\/strong><\/h2>\n<blockquote class=\"wp-embedded-content\" data-secret=\"KI8x9bwfaK\"><p><a href=\"https:\/\/marthacifuentes.com\/portada\/2024\/10\/10\/planta-de-secado-de-arroz-en-san-luis-de-palenque-tendra-capacidad-de-secado-de-37-mil-toneladas\/\">Planta de secado de arroz en San Luis de Palenque tendr\u00e1 capacidad de secado de 37 mil toneladas<\/a><\/p><\/blockquote>\n<p><iframe loading=\"lazy\" class=\"wp-embedded-content\" sandbox=\"allow-scripts\" security=\"restricted\" style=\"position: absolute; clip: rect(1px, 1px, 1px, 1px);\" title=\"\u00abPlanta de secado de arroz en San Luis de Palenque tendr\u00e1 capacidad de secado de 37 mil toneladas\u00bb \u2014 \u25b7 Noticias de Casanare : Martha Cifuentes | Casanare\" src=\"https:\/\/marthacifuentes.com\/portada\/2024\/10\/10\/planta-de-secado-de-arroz-en-san-luis-de-palenque-tendra-capacidad-de-secado-de-37-mil-toneladas\/embed\/#?secret=Az5WjhT9JL#?secret=KI8x9bwfaK\" data-secret=\"KI8x9bwfaK\" width=\"500\" height=\"282\" frameborder=\"0\" marginwidth=\"0\" marginheight=\"0\" scrolling=\"no\"><\/iframe><\/p>\n<p><iframe loading=\"lazy\" class=\"wp-embedded-content\" title=\"\u00ab\u00bfCarolina Mari\u00f1o, \u201cla nueva bendecida\u201d para dirigir Corporinoquia, tras fall\u00f3 que anul\u00f3 elecci\u00f3n de Doris Bernal?\u00bb \u2014 \u25b7 Noticias de Casanare : Martha Cifuentes | Casanare\" src=\"https:\/\/marthacifuentes.com\/portada\/2024\/10\/07\/carolina-marino-la-nueva-bendecida-para-dirigir-corporinoquia-tras-fallo-que-anulo-eleccion-de-doris-bernal\/embed\/#?secret=xIcF4fvODB#?secret=7gvlU0ae88\" width=\"600\" height=\"629\" frameborder=\"0\" marginwidth=\"0\" marginheight=\"0\" scrolling=\"no\" sandbox=\"allow-scripts\" data-secret=\"7gvlU0ae88\" data-mce-fragment=\"1\"><\/iframe><\/p>\n<p><iframe loading=\"lazy\" class=\"wp-embedded-content\" title=\"\u00abYopal: \u00bfNueva plaza de guerra por microtr\u00e1fico? Persona descuartizada y un sicariato en menos de 24 horas.\u00bb \u2014 \u25b7 Noticias de Casanare : Martha Cifuentes | Casanare\" src=\"https:\/\/marthacifuentes.com\/portada\/2024\/10\/04\/yopal-nueva-plaza-de-guerra-por-microtrafico-persona-descuartizada-y-un-sicariato-en-menos-de-24-horas\/embed\/#?secret=X6h0tCVMzB#?secret=787ykpmYdZ\" width=\"600\" height=\"650\" frameborder=\"0\" marginwidth=\"0\" marginheight=\"0\" scrolling=\"no\" sandbox=\"allow-scripts\" data-secret=\"787ykpmYdZ\" data-mce-fragment=\"1\"><\/iframe><\/p>\n<p><iframe loading=\"lazy\" class=\"wp-embedded-content\" title=\"\u00abEaaay, manga por hombro. Trabajadores se toman la empresa mientras Superservicios nombra otro agente interventor.\u00bb \u2014 \u25b7 Noticias de Casanare : Martha Cifuentes | Casanare\" src=\"https:\/\/marthacifuentes.com\/portada\/2024\/10\/03\/eaaay-manga-por-hombro-trabajadores-se-toman-la-empresa-mientras-superservicios-nombra-otro-agente-interventor\/embed\/#?secret=2e9pbunZSm#?secret=CogTjL2KLJ\" width=\"600\" height=\"555\" frameborder=\"0\" marginwidth=\"0\" marginheight=\"0\" scrolling=\"no\" sandbox=\"allow-scripts\" data-secret=\"CogTjL2KLJ\" data-mce-fragment=\"1\"><\/iframe><\/p>\n<p><iframe loading=\"lazy\" class=\"wp-embedded-content\" title=\"\u00abDeuda de Capresoca con Ese Salud Yopal pone en jaque la salud de sus afiliados. Se restringir\u00e1n servicios.\u00bb \u2014 \u25b7 Noticias de Casanare : Martha Cifuentes | Casanare\" src=\"https:\/\/marthacifuentes.com\/portada\/2024\/10\/02\/deuda-de-capresoca-con-ese-salud-yopal-pone-en-jaque-la-salud-de-sus-afiliados-se-restringiran-servicios\/embed\/#?secret=zw9mrZKYxu#?secret=dBMoeWTEan\" width=\"600\" height=\"518\" frameborder=\"0\" marginwidth=\"0\" marginheight=\"0\" scrolling=\"no\" sandbox=\"allow-scripts\" data-secret=\"dBMoeWTEan\" data-mce-fragment=\"1\"><\/iframe><\/p>\n<p><iframe loading=\"lazy\" class=\"wp-embedded-content\" title=\"\u00abEaaay: Intervenci\u00f3n, d\u00e9ficit presupuestal, M\u00c1S burocracia y sin plata para n\u00f3mina\u00bb \u2014 \u25b7 Noticias de Casanare : Martha Cifuentes | Casanare\" src=\"https:\/\/marthacifuentes.com\/portada\/2024\/10\/01\/eaaay-intervencion-deficit-presupuestal-mas-burocracia-y-sin-plata-para-nomina\/embed\/#?secret=c9pqF9MHZh#?secret=x5XovOFmhj\" width=\"600\" height=\"571\" frameborder=\"0\" marginwidth=\"0\" marginheight=\"0\" scrolling=\"no\" sandbox=\"allow-scripts\" data-secret=\"x5XovOFmhj\" data-mce-fragment=\"1\"><\/iframe><\/p>\n<p><iframe loading=\"lazy\" class=\"wp-embedded-content\" title=\"\u00abYa viene el Simulacro Nacional este 2 de octubre. Casanare preparada\u00bb \u2014 \u25b7 Noticias de Casanare : Martha Cifuentes | Casanare\" src=\"https:\/\/marthacifuentes.com\/portada\/2024\/09\/30\/ya-viene-el-simulacro-nacional-este-2-de-octubre-casanare-preparada\/embed\/#?secret=IF1AEoEOug#?secret=V2zH5HQSHf\" width=\"600\" height=\"510\" frameborder=\"0\" marginwidth=\"0\" marginheight=\"0\" scrolling=\"no\" sandbox=\"allow-scripts\" data-secret=\"V2zH5HQSHf\" data-mce-fragment=\"1\"><\/iframe><\/p>\n<p><iframe loading=\"lazy\" class=\"wp-embedded-content\" title=\"\u00abHospital Itinerante brinda m\u00e1s de 1.670 atenciones en salud en T\u00e1mara, Casanare\u00bb \u2014 \u25b7 Noticias de Casanare : Martha Cifuentes | Casanare\" src=\"https:\/\/marthacifuentes.com\/portada\/2024\/09\/30\/hospital-itinerante-brinda-mas-de-1-670-atenciones-en-salud-en-tamara-casanare\/embed\/#?secret=ZLbhXZRUTN#?secret=UaBZ2yTcvO\" width=\"600\" height=\"621\" frameborder=\"0\" marginwidth=\"0\" marginheight=\"0\" scrolling=\"no\" sandbox=\"allow-scripts\" data-secret=\"UaBZ2yTcvO\" data-mce-fragment=\"1\"><\/iframe><\/p>\n<p><iframe loading=\"lazy\" class=\"wp-embedded-content\" title=\"\u00abGobernaci\u00f3n de Casanare comenz\u00f3 a entregar 17 mil tabletas a estudiantes y docentes como herramienta educativa\u00bb \u2014 \u25b7 Noticias de Casanare : Martha Cifuentes | Casanare\" src=\"https:\/\/marthacifuentes.com\/portada\/2024\/09\/30\/gobernacion-de-casanare-comenzo-a-entregar-17-mil-tabletas-a-estudiantes-y-docentes-como-herramienta-educativa\/embed\/#?secret=bkcjh55oCp#?secret=krARTcDgaK\" width=\"600\" height=\"650\" frameborder=\"0\" marginwidth=\"0\" marginheight=\"0\" scrolling=\"no\" sandbox=\"allow-scripts\" data-secret=\"krARTcDgaK\" data-mce-fragment=\"1\"><\/iframe><\/p>\n<p><iframe loading=\"lazy\" class=\"wp-embedded-content\" title=\"\u00abDesmantelados 5 campamentos de frente 28 de disidencias de las Farc en T\u00e1mara deja operativo militar con artiller\u00eda de largo alcance\u00bb \u2014 \u25b7 Noticias de Casanare : Martha Cifuentes | Casanare\" src=\"https:\/\/marthacifuentes.com\/portada\/2024\/09\/24\/desmantelados-5-campamentos-de-frente-28-de-disidencias-de-las-farc-en-tamara-deja-operativo-militar-con-artilleria-de-largo-alcance\/embed\/#?secret=a9EoB1eHjv#?secret=rhj8clpIUn\" width=\"600\" height=\"617\" frameborder=\"0\" marginwidth=\"0\" marginheight=\"0\" scrolling=\"no\" sandbox=\"allow-scripts\" data-secret=\"rhj8clpIUn\" data-mce-fragment=\"1\"><\/iframe><\/p>\n<p><iframe loading=\"lazy\" class=\"wp-embedded-content\" title=\"\u00ab930 casos de violencia de g\u00e9nero, incluidos 135 de abuso sexual a menores, se han reportado en Yopal en 2024\u00bb \u2014 \u25b7 Noticias de Casanare : Martha Cifuentes | Casanare\" src=\"https:\/\/marthacifuentes.com\/portada\/2024\/09\/24\/930-casos-de-violencia-de-genero-incluidos-135-de-abuso-sexual-a-menores-se-han-reportado-en-yopal-en-2024\/embed\/#?secret=UeGQP3zSpj#?secret=f2FsDxPEYm\" width=\"600\" height=\"650\" frameborder=\"0\" marginwidth=\"0\" marginheight=\"0\" scrolling=\"no\" sandbox=\"allow-scripts\" data-secret=\"f2FsDxPEYm\" data-mce-fragment=\"1\"><\/iframe><\/p>\n<p><iframe loading=\"lazy\" class=\"wp-embedded-content\" title=\"\u00abRecuerde, ma\u00f1ana, d\u00eda sin carro y moto en Yopal.\u00bb \u2014 \u25b7 Noticias de Casanare : Martha Cifuentes | Casanare\" src=\"https:\/\/marthacifuentes.com\/portada\/2024\/09\/24\/recuerde-manana-dia-sin-carro-y-moto-en-yopal\/embed\/#?secret=IwZ60hUt3G#?secret=1nn5TcpccE\" width=\"600\" height=\"572\" frameborder=\"0\" marginwidth=\"0\" marginheight=\"0\" scrolling=\"no\" sandbox=\"allow-scripts\" data-secret=\"1nn5TcpccE\" data-mce-fragment=\"1\"><\/iframe><\/p>\n<p><iframe loading=\"lazy\" class=\"wp-embedded-content\" title=\"\u00abReconocimiento a Capresoca por buen manejo de pacientes con c\u00e1ncer\u00bb \u2014 \u25b7 Noticias de Casanare : Martha Cifuentes | Casanare\" src=\"https:\/\/marthacifuentes.com\/portada\/2024\/09\/24\/reconocimiento-a-capresoca-por-buen-manejo-de-pacientes-con-cancer\/embed\/#?secret=Vf3ygpKNTJ#?secret=hGZIzHdb5o\" width=\"600\" height=\"600\" frameborder=\"0\" marginwidth=\"0\" marginheight=\"0\" scrolling=\"no\" sandbox=\"allow-scripts\" data-secret=\"hGZIzHdb5o\" data-mce-fragment=\"1\"><\/iframe><\/p>\n<p><iframe loading=\"lazy\" class=\"wp-embedded-content\" title=\"\u00abPadres, quedan 6 d\u00edas para inscribir a sus hijos para jard\u00edn y transici\u00f3n en Yopal\u00bb \u2014 \u25b7 Noticias de Casanare : Martha Cifuentes | Casanare\" src=\"https:\/\/marthacifuentes.com\/portada\/2024\/09\/24\/padres-quedan-6-dias-para-inscribir-a-sus-hijos-para-jardin-y-transicion-en-yopal\/embed\/#?secret=taHkXKbaTU#?secret=yiq0QjdYW1\" width=\"600\" height=\"600\" frameborder=\"0\" marginwidth=\"0\" marginheight=\"0\" scrolling=\"no\" sandbox=\"allow-scripts\" data-secret=\"yiq0QjdYW1\" data-mce-fragment=\"1\"><\/iframe><\/p>\n<p><iframe loading=\"lazy\" class=\"wp-embedded-content\" title=\"\u00abDura batalla por recursos de Capresoca: Usuarios y directivos del Horo vs. Sindicato de la EPS\u00bb \u2014 \u25b7 Noticias de Casanare : Martha Cifuentes | Casanare\" src=\"https:\/\/marthacifuentes.com\/portada\/2024\/09\/23\/dura-batalla-por-recursos-de-capresoca-usuarios-y-directivos-del-horo-vs-sindicato-de-la-eps\/embed\/#?secret=2OAijTITGr#?secret=Y4EDvAAoLR\" width=\"600\" height=\"621\" frameborder=\"0\" marginwidth=\"0\" marginheight=\"0\" scrolling=\"no\" sandbox=\"allow-scripts\" data-secret=\"Y4EDvAAoLR\" data-mce-fragment=\"1\"><\/iframe><\/p>\n<p><iframe loading=\"lazy\" class=\"wp-embedded-content\" title=\"\u00abPadres, quedan 6 d\u00edas para inscribir a sus hijos para jard\u00edn y transici\u00f3n en Yopal\u00bb \u2014 \u25b7 Noticias de Casanare : Martha Cifuentes | Casanare\" src=\"https:\/\/marthacifuentes.com\/portada\/2024\/09\/24\/padres-quedan-6-dias-para-inscribir-a-sus-hijos-para-jardin-y-transicion-en-yopal\/embed\/#?secret=9Fkv0a4yav#?secret=6w6g4DZWrQ\" width=\"600\" height=\"600\" frameborder=\"0\" marginwidth=\"0\" marginheight=\"0\" scrolling=\"no\" sandbox=\"allow-scripts\" data-secret=\"6w6g4DZWrQ\" data-mce-fragment=\"1\"><\/iframe><\/p>\n<p><iframe loading=\"lazy\" class=\"wp-embedded-content\" title=\"\u00abSecretaria de salud de Casanare propone cambio de modelo de contrataci\u00f3n para salvar Capresoca\u00bb \u2014 \u25b7 Noticias de Casanare : Martha Cifuentes | Casanare\" src=\"https:\/\/marthacifuentes.com\/portada\/2024\/09\/20\/secretaria-de-salud-de-casanare-propone-cambio-de-modelo-de-contratacion-para-salvar-capresoca\/embed\/#?secret=qLXY2qLreX#?secret=UyqeIl0Av6\" width=\"600\" height=\"600\" frameborder=\"0\" marginwidth=\"0\" marginheight=\"0\" scrolling=\"no\" sandbox=\"allow-scripts\" data-secret=\"UyqeIl0Av6\" data-mce-fragment=\"1\"><\/iframe><\/p>\n<p><iframe loading=\"lazy\" class=\"wp-embedded-content\" title=\"\u00abEncuentro de Promoci\u00f3n de Empresas en Reactivaci\u00f3n Econ\u00f3mica este 26 y 27 de septiembre en Yopal\u00bb \u2014 \u25b7 Noticias de Casanare : Martha Cifuentes | Casanare\" src=\"https:\/\/marthacifuentes.com\/portada\/2024\/09\/20\/encuentro-de-promocion-de-empresas-en-reactivacion-economica-este-26-y-27-de-septiembre-en-yopal\/embed\/#?secret=ae6MJR1ybv#?secret=toAJFdcRHL\" width=\"600\" height=\"621\" frameborder=\"0\" marginwidth=\"0\" marginheight=\"0\" scrolling=\"no\" sandbox=\"allow-scripts\" data-secret=\"toAJFdcRHL\" data-mce-fragment=\"1\"><\/iframe><\/p>\n<p><iframe loading=\"lazy\" class=\"wp-embedded-content\" title=\"\u00abEn Yopal, 20 nacimientos por mes, de madres adolescentes, en solo 2024.\u00bb \u2014 \u25b7 Noticias de Casanare : Martha Cifuentes | Casanare\" src=\"https:\/\/marthacifuentes.com\/portada\/2024\/09\/20\/en-yopal-20-nacimientos-por-mes-de-madres-adolescentes-en-solo-2024\/embed\/#?secret=LZ8jEGUfzT#?secret=Z4OqIwLPMZ\" width=\"600\" height=\"609\" frameborder=\"0\" marginwidth=\"0\" marginheight=\"0\" scrolling=\"no\" sandbox=\"allow-scripts\" data-secret=\"Z4OqIwLPMZ\" data-mce-fragment=\"1\"><\/iframe><\/p>\n<p><iframe loading=\"lazy\" class=\"wp-embedded-content\" title=\"\u00abEn Yopal, 20 nacimientos por mes, de madres adolescentes, en solo 2024.\u00bb \u2014 \u25b7 Noticias de Casanare : Martha Cifuentes | Casanare\" src=\"https:\/\/marthacifuentes.com\/portada\/2024\/09\/20\/en-yopal-20-nacimientos-por-mes-de-madres-adolescentes-en-solo-2024\/embed\/#?secret=LZ8jEGUfzT#?secret=Z4OqIwLPMZ\" width=\"600\" height=\"609\" frameborder=\"0\" marginwidth=\"0\" marginheight=\"0\" scrolling=\"no\" sandbox=\"allow-scripts\" data-secret=\"Z4OqIwLPMZ\" data-mce-fragment=\"1\"><\/iframe><\/p>\n<p><iframe loading=\"lazy\" class=\"wp-embedded-content\" title=\"\u00abSindicato denuncia campa\u00f1a de desprestigio de Capresoca, propiciada desde la Gobernaci\u00f3n de Casanare\u00bb \u2014 \u25b7 Noticias de Casanare : Martha Cifuentes | Casanare\" src=\"https:\/\/marthacifuentes.com\/portada\/2024\/09\/17\/sindicato-denuncia-campana-de-desprestigio-de-capresoca-propiciada-desde-la-gobernacion-de-casanare\/embed\/#?secret=NDxzof4LOg#?secret=NBYW170TUY\" width=\"600\" height=\"649\" frameborder=\"0\" marginwidth=\"0\" marginheight=\"0\" scrolling=\"no\" sandbox=\"allow-scripts\" data-secret=\"NBYW170TUY\" data-mce-fragment=\"1\"><\/iframe><\/p>\n<p><iframe loading=\"lazy\" class=\"wp-embedded-content\" title=\"\u00abProcuradur\u00eda investiga contrataci\u00f3n del PAE. Cuestiona a funcionarios actuales y exfuncionarios de Gobernaci\u00f3n de Casanare\u00bb \u2014 \u25b7 Noticias de Casanare : Martha Cifuentes | Casanare\" src=\"https:\/\/marthacifuentes.com\/portada\/2024\/09\/17\/procuraduria-investiga-contratacion-del-pae-cuestiona-a-funcionarios-actuales-y-exfuncionarios-de-gobernacion-de-casanare\/embed\/#?secret=U1DMihkxT1#?secret=bzb469QJI3\" width=\"600\" height=\"671\" frameborder=\"0\" marginwidth=\"0\" marginheight=\"0\" scrolling=\"no\" sandbox=\"allow-scripts\" data-secret=\"bzb469QJI3\" data-mce-fragment=\"1\"><\/iframe><\/p>\n<p>&nbsp;<\/p>\n<p><iframe loading=\"lazy\" class=\"wp-embedded-content\" title=\"\u00abCapresoca agoniza. \u00bfSe debe liquidar o seguir en enfermedad financiera?\u00bb \u2014 \u25b7 Noticias de Casanare : Martha Cifuentes | Casanare\" src=\"https:\/\/marthacifuentes.com\/portada\/2024\/09\/16\/capresoca-agoniza-se-debe-liquidar-o-seguir-en-enfermedad-financiera\/embed\/#?secret=hlcYbWhA1Q#?secret=hahs3b4Xwp\" width=\"600\" height=\"620\" frameborder=\"0\" marginwidth=\"0\" marginheight=\"0\" scrolling=\"no\" sandbox=\"allow-scripts\" data-secret=\"hahs3b4Xwp\" data-mce-fragment=\"1\"><\/iframe><\/p>\n<p><iframe loading=\"lazy\" class=\"wp-embedded-content\" title=\"\u00abEn Paz de Ariporo la paz de sus habitantes se alter\u00f3 en medio de fuertes ca\u00f1onazos contra disidencias de las Farc\u00bb \u2014 \u25b7 Noticias de Casanare : Martha Cifuentes | Casanare\" src=\"https:\/\/marthacifuentes.com\/portada\/2024\/09\/13\/en-paz-de-ariporo-la-paz-de-sus-habitantes-se-altero-en-medio-de-fuertes-canonazos-contra-disidencias-de-las-farc\/embed\/#?secret=DYf2KTwvfR#?secret=Bljvzn6cYY\" width=\"600\" height=\"629\" frameborder=\"0\" marginwidth=\"0\" marginheight=\"0\" scrolling=\"no\" sandbox=\"allow-scripts\" data-secret=\"Bljvzn6cYY\" data-mce-fragment=\"1\"><\/iframe><\/p>\n<p><iframe loading=\"lazy\" class=\"wp-embedded-content\" title=\"\u00abDemandada elecci\u00f3n del casanare\u00f1o Alirio Barrera como segundo vicepresidente del Senado.\u00bb \u2014 \u25b7 Noticias de Casanare : Martha Cifuentes | Casanare\" src=\"https:\/\/marthacifuentes.com\/portada\/2024\/09\/12\/demandada-eleccion-del-casanareno-alirio-barrera-como-segundo-vicepresidente-del-senado\/embed\/#?secret=veC9GfGW5z#?secret=KpAxApldbl\" width=\"600\" height=\"615\" frameborder=\"0\" marginwidth=\"0\" marginheight=\"0\" scrolling=\"no\" sandbox=\"allow-scripts\" data-secret=\"KpAxApldbl\" data-mce-fragment=\"1\"><\/iframe><\/p>\n<p><iframe loading=\"lazy\" class=\"wp-embedded-content\" title=\"\u00abDeudores morosos de impuestos de Yopal, a ponerse al d\u00eda con alivios tributarios\u00bb \u2014 \u25b7 Noticias de Casanare : Martha Cifuentes | Casanare\" src=\"https:\/\/marthacifuentes.com\/portada\/2024\/09\/11\/deudores-morosos-de-impuestos-de-yopal-a-ponerse-al-dia-con-alivios-tributarios\/embed\/#?secret=RfTuF8PtvP#?secret=Rc7rGZ58gL\" width=\"600\" height=\"621\" frameborder=\"0\" marginwidth=\"0\" marginheight=\"0\" scrolling=\"no\" sandbox=\"allow-scripts\" data-secret=\"Rc7rGZ58gL\" data-mce-fragment=\"1\"><\/iframe><\/p>\n<p><iframe loading=\"lazy\" class=\"wp-embedded-content\" title=\"\u00abExtorsionados de disidencias de las Farc en Casanare podr\u00edan ser judicializadas por la Fiscal\u00eda, de comprobarse pagos a este grupo.\u00bb \u2014 \u25b7 Noticias de Casanare : Martha Cifuentes | Casanare\" src=\"https:\/\/marthacifuentes.com\/portada\/2024\/09\/10\/extorsionados-de-disidencias-de-las-farc-en-casanare-podrian-ser-judicializadas-por-la-fiscalia-de-comprobarse-pagos-a-este-grupo\/embed\/#?secret=hAkveE3Ysn#?secret=qp4fQaFvxJ\" width=\"600\" height=\"650\" frameborder=\"0\" marginwidth=\"0\" marginheight=\"0\" scrolling=\"no\" sandbox=\"allow-scripts\" data-secret=\"qp4fQaFvxJ\" data-mce-fragment=\"1\"><\/iframe><\/p>\n<div class=\"post-bottom-meta post-bottom-tags post-tags-modern\"><span class=\"tagcloud\"><a href=\"https:\/\/marthacifuentes.com\/portada\/tag\/cesar-ortiz-zorro\/\" rel=\"tag\">C\u00e9sar Ortiz Zorro<\/a>\u00a0<\/span><\/div>\n","protected":false},"excerpt":{"rendered":"<p>Socializaci\u00f3n del m\u00f3dulo de contrataci\u00f3n estatal enfocado en el sector de la construcci\u00f3n se realiz\u00f3 en una mesa de trabajo realizada en Yopal, por la Gobernaci\u00f3n de Casanare, a trav\u00e9s de su Secretar\u00eda de Infraestructura. Se reuni\u00f3 a cerca de 50 representantes del gremio constructor de Casanare, Meta y Boyac\u00e1. &nbsp; El encuentro cont\u00f3 con &hellip;<\/p>\n","protected":false},"author":2,"featured_media":34179,"comment_status":"open","ping_status":"open","sticky":false,"template":"","format":"standard","meta":{"om_disable_all_campaigns":false,"_exactmetrics_skip_tracking":false,"_exactmetrics_sitenote_active":false,"_exactmetrics_sitenote_note":"","_exactmetrics_sitenote_category":0,"_monsterinsights_skip_tracking":false,"_monsterinsights_sitenote_active":false,"_monsterinsights_sitenote_note":"","_monsterinsights_sitenote_category":0,"_uf_show_specific_survey":0,"_uf_disable_surveys":false,"_joinchat":[],"footnotes":""},"categories":[147,146,145],"tags":[11194,9677,11191,11190,11193,1400,11196,11192,11195],"class_list":["post-34185","post","type-post","status-publish","format-standard","has-post-thumbnail","hentry","category-actualidad","category-noticias","category-reportajes","tag-cuantias","tag-gobernador-cesar-ortiz-zorro","tag-licitaciones-casanare","tag-mesa-de-la-construccion-gobernacion-de-casanare","tag-modalidades-de-contratacion","tag-noticias-casanare","tag-plataforma-compra-eficiente-casanare","tag-secop-casanare","tag-terminos-de-liquidacion-y-finalizacion-de-contratos"],"yoast_head":"<!-- This site is optimized with the Yoast SEO plugin v26.1 - https:\/\/yoast.com\/wordpress\/plugins\/seo\/ -->\n<title>Gremio constructor quiere participar de la torta de proyectos de infraestructura y vivienda en Casanare - \u25b7 Noticias de Casanare : Martha Cifuentes | Casanare<\/title>\n<meta name=\"robots\" content=\"index, follow, max-snippet:-1, max-image-preview:large, max-video-preview:-1\" \/>\n<link rel=\"canonical\" href=\"https:\/\/marthacifuentes.com\/portada\/gremio-constructor-quiere-participar-de-la-torta-de-proyectos-de-infraestructura-y-vivienda-en-casanare\/\" \/>\n<meta property=\"og:locale\" content=\"es_ES\" \/>\n<meta property=\"og:type\" content=\"article\" \/>\n<meta property=\"og:title\" content=\"Gremio constructor quiere participar de la torta de proyectos de infraestructura y vivienda en Casanare - \u25b7 Noticias de Casanare : Martha Cifuentes | Casanare\" \/>\n<meta property=\"og:description\" content=\"Socializaci\u00f3n del m\u00f3dulo de contrataci\u00f3n estatal enfocado en el sector de la construcci\u00f3n se realiz\u00f3 en una mesa de trabajo realizada en Yopal, por la Gobernaci\u00f3n de Casanare, a trav\u00e9s de su Secretar\u00eda de Infraestructura. Se reuni\u00f3 a cerca de 50 representantes del gremio constructor de Casanare, Meta y Boyac\u00e1. &nbsp; El encuentro cont\u00f3 con &hellip;\" \/>\n<meta property=\"og:url\" content=\"https:\/\/marthacifuentes.com\/portada\/gremio-constructor-quiere-participar-de-la-torta-de-proyectos-de-infraestructura-y-vivienda-en-casanare\/\" \/>\n<meta property=\"og:site_name\" content=\"\u25b7 Noticias de Casanare : Martha Cifuentes | Casanare\" \/>\n<meta property=\"article:published_time\" content=\"2024-10-10T15:34:48+00:00\" \/>\n<meta property=\"article:modified_time\" content=\"2024-10-10T16:33:26+00:00\" \/>\n<meta property=\"og:image\" content=\"https:\/\/marthacifuentes.com\/portada\/wp-content\/uploads\/2024\/10\/foto-portada-gremio-constructores.jpg\" \/>\n\t<meta property=\"og:image:width\" content=\"1600\" \/>\n\t<meta property=\"og:image:height\" content=\"902\" \/>\n\t<meta property=\"og:image:type\" content=\"image\/jpeg\" \/>\n<meta name=\"author\" content=\"Martha Cifuentes\" \/>\n<meta name=\"twitter:card\" content=\"summary_large_image\" \/>\n<meta name=\"twitter:label1\" content=\"Escrito por\" \/>\n\t<meta name=\"twitter:data1\" content=\"Martha Cifuentes\" \/>\n\t<meta name=\"twitter:label2\" content=\"Tiempo de lectura\" \/>\n\t<meta name=\"twitter:data2\" content=\"2 minutos\" \/>\n<script type=\"application\/ld+json\" class=\"yoast-schema-graph\">{\"@context\":\"https:\/\/schema.org\",\"@graph\":[{\"@type\":\"WebPage\",\"@id\":\"https:\/\/marthacifuentes.com\/portada\/gremio-constructor-quiere-participar-de-la-torta-de-proyectos-de-infraestructura-y-vivienda-en-casanare\/\",\"url\":\"https:\/\/marthacifuentes.com\/portada\/gremio-constructor-quiere-participar-de-la-torta-de-proyectos-de-infraestructura-y-vivienda-en-casanare\/\",\"name\":\"Gremio constructor quiere participar de la torta de proyectos de infraestructura y vivienda en Casanare - \u25b7 Noticias de Casanare : Martha Cifuentes | Casanare\",\"isPartOf\":{\"@id\":\"https:\/\/marthacifuentes.com\/portada\/#website\"},\"primaryImageOfPage\":{\"@id\":\"https:\/\/marthacifuentes.com\/portada\/gremio-constructor-quiere-participar-de-la-torta-de-proyectos-de-infraestructura-y-vivienda-en-casanare\/#primaryimage\"},\"image\":{\"@id\":\"https:\/\/marthacifuentes.com\/portada\/gremio-constructor-quiere-participar-de-la-torta-de-proyectos-de-infraestructura-y-vivienda-en-casanare\/#primaryimage\"},\"thumbnailUrl\":\"https:\/\/marthacifuentes.com\/portada\/wp-content\/uploads\/2024\/10\/foto-portada-gremio-constructores.jpg\",\"datePublished\":\"2024-10-10T15:34:48+00:00\",\"dateModified\":\"2024-10-10T16:33:26+00:00\",\"author\":{\"@id\":\"https:\/\/marthacifuentes.com\/portada\/#\/schema\/person\/57f53174b991db5f90ff78d58502b714\"},\"breadcrumb\":{\"@id\":\"https:\/\/marthacifuentes.com\/portada\/gremio-constructor-quiere-participar-de-la-torta-de-proyectos-de-infraestructura-y-vivienda-en-casanare\/#breadcrumb\"},\"inLanguage\":\"es\",\"potentialAction\":[{\"@type\":\"ReadAction\",\"target\":[\"https:\/\/marthacifuentes.com\/portada\/gremio-constructor-quiere-participar-de-la-torta-de-proyectos-de-infraestructura-y-vivienda-en-casanare\/\"]}]},{\"@type\":\"ImageObject\",\"inLanguage\":\"es\",\"@id\":\"https:\/\/marthacifuentes.com\/portada\/gremio-constructor-quiere-participar-de-la-torta-de-proyectos-de-infraestructura-y-vivienda-en-casanare\/#primaryimage\",\"url\":\"https:\/\/marthacifuentes.com\/portada\/wp-content\/uploads\/2024\/10\/foto-portada-gremio-constructores.jpg\",\"contentUrl\":\"https:\/\/marthacifuentes.com\/portada\/wp-content\/uploads\/2024\/10\/foto-portada-gremio-constructores.jpg\",\"width\":1600,\"height\":902},{\"@type\":\"BreadcrumbList\",\"@id\":\"https:\/\/marthacifuentes.com\/portada\/gremio-constructor-quiere-participar-de-la-torta-de-proyectos-de-infraestructura-y-vivienda-en-casanare\/#breadcrumb\",\"itemListElement\":[{\"@type\":\"ListItem\",\"position\":1,\"name\":\"Portada\",\"item\":\"https:\/\/marthacifuentes.com\/portada\/\"},{\"@type\":\"ListItem\",\"position\":2,\"name\":\"Gremio constructor quiere participar de la torta de proyectos de infraestructura y vivienda en Casanare\"}]},{\"@type\":\"WebSite\",\"@id\":\"https:\/\/marthacifuentes.com\/portada\/#website\",\"url\":\"https:\/\/marthacifuentes.com\/portada\/\",\"name\":\"\u25b7 Noticias de Casanare : Martha Cifuentes | Casanare\",\"description\":\"Noticias &amp; Contenidos\",\"potentialAction\":[{\"@type\":\"SearchAction\",\"target\":{\"@type\":\"EntryPoint\",\"urlTemplate\":\"https:\/\/marthacifuentes.com\/portada\/?s={search_term_string}\"},\"query-input\":{\"@type\":\"PropertyValueSpecification\",\"valueRequired\":true,\"valueName\":\"search_term_string\"}}],\"inLanguage\":\"es\"},{\"@type\":\"Person\",\"@id\":\"https:\/\/marthacifuentes.com\/portada\/#\/schema\/person\/57f53174b991db5f90ff78d58502b714\",\"name\":\"Martha Cifuentes\",\"image\":{\"@type\":\"ImageObject\",\"inLanguage\":\"es\",\"@id\":\"https:\/\/marthacifuentes.com\/portada\/#\/schema\/person\/image\/\",\"url\":\"http:\/\/marthacifuentes.com\/portada\/wp-content\/uploads\/2018\/06\/avatar_user_2_1528838701-96x96.jpg\",\"contentUrl\":\"http:\/\/marthacifuentes.com\/portada\/wp-content\/uploads\/2018\/06\/avatar_user_2_1528838701-96x96.jpg\",\"caption\":\"Martha Cifuentes\"},\"sameAs\":[\"http:\/\/www.marthacifuentes.com\"],\"url\":\"https:\/\/marthacifuentes.com\/portada\/author\/martha\/\"}]}<\/script>\n<!-- \/ Yoast SEO plugin. -->","yoast_head_json":{"title":"Gremio constructor quiere participar de la torta de proyectos de infraestructura y vivienda en Casanare - \u25b7 Noticias de Casanare : Martha Cifuentes | Casanare","robots":{"index":"index","follow":"follow","max-snippet":"max-snippet:-1","max-image-preview":"max-image-preview:large","max-video-preview":"max-video-preview:-1"},"canonical":"https:\/\/marthacifuentes.com\/portada\/gremio-constructor-quiere-participar-de-la-torta-de-proyectos-de-infraestructura-y-vivienda-en-casanare\/","og_locale":"es_ES","og_type":"article","og_title":"Gremio constructor quiere participar de la torta de proyectos de infraestructura y vivienda en Casanare - \u25b7 Noticias de Casanare : Martha Cifuentes | Casanare","og_description":"Socializaci\u00f3n del m\u00f3dulo de contrataci\u00f3n estatal enfocado en el sector de la construcci\u00f3n se realiz\u00f3 en una mesa de trabajo realizada en Yopal, por la Gobernaci\u00f3n de Casanare, a trav\u00e9s de su Secretar\u00eda de Infraestructura. Se reuni\u00f3 a cerca de 50 representantes del gremio constructor de Casanare, Meta y Boyac\u00e1. &nbsp; El encuentro cont\u00f3 con &hellip;","og_url":"https:\/\/marthacifuentes.com\/portada\/gremio-constructor-quiere-participar-de-la-torta-de-proyectos-de-infraestructura-y-vivienda-en-casanare\/","og_site_name":"\u25b7 Noticias de Casanare : Martha Cifuentes | Casanare","article_published_time":"2024-10-10T15:34:48+00:00","article_modified_time":"2024-10-10T16:33:26+00:00","og_image":[{"width":1600,"height":902,"url":"https:\/\/marthacifuentes.com\/portada\/wp-content\/uploads\/2024\/10\/foto-portada-gremio-constructores.jpg","type":"image\/jpeg"}],"author":"Martha Cifuentes","twitter_card":"summary_large_image","twitter_misc":{"Escrito por":"Martha Cifuentes","Tiempo de lectura":"2 minutos"},"schema":{"@context":"https:\/\/schema.org","@graph":[{"@type":"WebPage","@id":"https:\/\/marthacifuentes.com\/portada\/gremio-constructor-quiere-participar-de-la-torta-de-proyectos-de-infraestructura-y-vivienda-en-casanare\/","url":"https:\/\/marthacifuentes.com\/portada\/gremio-constructor-quiere-participar-de-la-torta-de-proyectos-de-infraestructura-y-vivienda-en-casanare\/","name":"Gremio constructor quiere participar de la torta de proyectos de infraestructura y vivienda en Casanare - \u25b7 Noticias de Casanare : Martha Cifuentes | Casanare","isPartOf":{"@id":"https:\/\/marthacifuentes.com\/portada\/#website"},"primaryImageOfPage":{"@id":"https:\/\/marthacifuentes.com\/portada\/gremio-constructor-quiere-participar-de-la-torta-de-proyectos-de-infraestructura-y-vivienda-en-casanare\/#primaryimage"},"image":{"@id":"https:\/\/marthacifuentes.com\/portada\/gremio-constructor-quiere-participar-de-la-torta-de-proyectos-de-infraestructura-y-vivienda-en-casanare\/#primaryimage"},"thumbnailUrl":"https:\/\/marthacifuentes.com\/portada\/wp-content\/uploads\/2024\/10\/foto-portada-gremio-constructores.jpg","datePublished":"2024-10-10T15:34:48+00:00","dateModified":"2024-10-10T16:33:26+00:00","author":{"@id":"https:\/\/marthacifuentes.com\/portada\/#\/schema\/person\/57f53174b991db5f90ff78d58502b714"},"breadcrumb":{"@id":"https:\/\/marthacifuentes.com\/portada\/gremio-constructor-quiere-participar-de-la-torta-de-proyectos-de-infraestructura-y-vivienda-en-casanare\/#breadcrumb"},"inLanguage":"es","potentialAction":[{"@type":"ReadAction","target":["https:\/\/marthacifuentes.com\/portada\/gremio-constructor-quiere-participar-de-la-torta-de-proyectos-de-infraestructura-y-vivienda-en-casanare\/"]}]},{"@type":"ImageObject","inLanguage":"es","@id":"https:\/\/marthacifuentes.com\/portada\/gremio-constructor-quiere-participar-de-la-torta-de-proyectos-de-infraestructura-y-vivienda-en-casanare\/#primaryimage","url":"https:\/\/marthacifuentes.com\/portada\/wp-content\/uploads\/2024\/10\/foto-portada-gremio-constructores.jpg","contentUrl":"https:\/\/marthacifuentes.com\/portada\/wp-content\/uploads\/2024\/10\/foto-portada-gremio-constructores.jpg","width":1600,"height":902},{"@type":"BreadcrumbList","@id":"https:\/\/marthacifuentes.com\/portada\/gremio-constructor-quiere-participar-de-la-torta-de-proyectos-de-infraestructura-y-vivienda-en-casanare\/#breadcrumb","itemListElement":[{"@type":"ListItem","position":1,"name":"Portada","item":"https:\/\/marthacifuentes.com\/portada\/"},{"@type":"ListItem","position":2,"name":"Gremio constructor quiere participar de la torta de proyectos de infraestructura y vivienda en Casanare"}]},{"@type":"WebSite","@id":"https:\/\/marthacifuentes.com\/portada\/#website","url":"https:\/\/marthacifuentes.com\/portada\/","name":"\u25b7 Noticias de Casanare : Martha Cifuentes | Casanare","description":"Noticias &amp; Contenidos","potentialAction":[{"@type":"SearchAction","target":{"@type":"EntryPoint","urlTemplate":"https:\/\/marthacifuentes.com\/portada\/?s={search_term_string}"},"query-input":{"@type":"PropertyValueSpecification","valueRequired":true,"valueName":"search_term_string"}}],"inLanguage":"es"},{"@type":"Person","@id":"https:\/\/marthacifuentes.com\/portada\/#\/schema\/person\/57f53174b991db5f90ff78d58502b714","name":"Martha Cifuentes","image":{"@type":"ImageObject","inLanguage":"es","@id":"https:\/\/marthacifuentes.com\/portada\/#\/schema\/person\/image\/","url":"http:\/\/marthacifuentes.com\/portada\/wp-content\/uploads\/2018\/06\/avatar_user_2_1528838701-96x96.jpg","contentUrl":"http:\/\/marthacifuentes.com\/portada\/wp-content\/uploads\/2018\/06\/avatar_user_2_1528838701-96x96.jpg","caption":"Martha Cifuentes"},"sameAs":["http:\/\/www.marthacifuentes.com"],"url":"https:\/\/marthacifuentes.com\/portada\/author\/martha\/"}]}},"_links":{"self":[{"href":"https:\/\/marthacifuentes.com\/portada\/wp-json\/wp\/v2\/posts\/34185","targetHints":{"allow":["GET"]}}],"collection":[{"href":"https:\/\/marthacifuentes.com\/portada\/wp-json\/wp\/v2\/posts"}],"about":[{"href":"https:\/\/marthacifuentes.com\/portada\/wp-json\/wp\/v2\/types\/post"}],"author":[{"embeddable":true,"href":"https:\/\/marthacifuentes.com\/portada\/wp-json\/wp\/v2\/users\/2"}],"replies":[{"embeddable":true,"href":"https:\/\/marthacifuentes.com\/portada\/wp-json\/wp\/v2\/comments?post=34185"}],"version-history":[{"count":1,"href":"https:\/\/marthacifuentes.com\/portada\/wp-json\/wp\/v2\/posts\/34185\/revisions"}],"predecessor-version":[{"id":34187,"href":"https:\/\/marthacifuentes.com\/portada\/wp-json\/wp\/v2\/posts\/34185\/revisions\/34187"}],"wp:featuredmedia":[{"embeddable":true,"href":"https:\/\/marthacifuentes.com\/portada\/wp-json\/wp\/v2\/media\/34179"}],"wp:attachment":[{"href":"https:\/\/marthacifuentes.com\/portada\/wp-json\/wp\/v2\/media?parent=34185"}],"wp:term":[{"taxonomy":"category","embeddable":true,"href":"https:\/\/marthacifuentes.com\/portada\/wp-json\/wp\/v2\/categories?post=34185"},{"taxonomy":"post_tag","embeddable":true,"href":"https:\/\/marthacifuentes.com\/portada\/wp-json\/wp\/v2\/tags?post=34185"}],"curies":[{"name":"wp","href":"https:\/\/api.w.org\/{rel}","templated":true}]}}