{"id":34214,"date":"2024-10-16T16:10:15","date_gmt":"2024-10-16T21:10:15","guid":{"rendered":"https:\/\/marthacifuentes.com\/portada\/?p=34214"},"modified":"2024-10-16T16:10:15","modified_gmt":"2024-10-16T21:10:15","slug":"desde-manana-festival-de-teatro-guadalupe-en-yopal-mas-de-200-artistas-en-escena","status":"publish","type":"post","link":"https:\/\/marthacifuentes.com\/portada\/desde-manana-festival-de-teatro-guadalupe-en-yopal-mas-de-200-artistas-en-escena\/","title":{"rendered":"Desde ma\u00f1ana Festival de Teatro Guadalupe en Yopal. M\u00e1s de 200 artistas en escena."},"content":{"rendered":"<p style=\"font-weight: 400;\">El teatro est\u00e1 de fiesta en Yopal, con la reuni\u00f3n de 12 grupos y alrededor de 200 artistas en escena, de Casanare, Arauca y Boyac\u00e1; que estar\u00e1n compartiendo escenario en la tercera versi\u00f3n del Festival de Teatro Guadalupe, los d\u00edas 17, 18 y 19 de octubre.<\/p>\n<p style=\"font-weight: 400;\">Las presentaciones ser\u00e1n en el auditorio de La Tr\u00edada, en horario de la tarde, con entrada libre y aporte voluntario, para p\u00fablico de diferentes edades.<\/p>\n<p>&nbsp;<\/p>\n<p style=\"font-weight: 400;\"><strong>La programaci\u00f3n<\/strong><\/p>\n<p style=\"font-weight: 400;\">El jueves 17 la magia y la creatividad inician a cargo de los grupos infantiles y juveniles de la Corporaci\u00f3n Cultural Guadalupe (en conjunto con Megacolegio El Progreso e Instituto t\u00e9cnico Ambiental San Mateo), junto a la Instituci\u00f3n Educativa Santa Teresa de Punto Nuevo; acompa\u00f1ados de los aprendices de la t\u00e9cnica del SENA Casanare.<\/p>\n<p style=\"font-weight: 400;\">Para el viernes, llegan los ni\u00f1os de Nunch\u00eda, del grupo de teatro \u2018El Duende\u2019; acompa\u00f1ados de los grupos \u2018Triunfo en Escena\u2019 de Monterrey, \u2018In Scaena\u2019 de la Universidad Santo Tom\u00e1s de Tunja y la Red de Teatro de Arauca \u2018Roberto \u00c1vila Silva\u2019.<\/p>\n<p style=\"font-weight: 400;\">El s\u00e1bado la programaci\u00f3n cierra con los talentosos j\u00f3venes de Monterrey del grupo \u2018Teatro Vivo\u2019 y de Villanueva, de la Academia La Gran Tramoya; acompa\u00f1ados por el colectivo Arch\u00e9 y otra presentaci\u00f3n de la Red de Arauca.<\/p>\n<p style=\"font-weight: 400;\">Adem\u00e1s, el festival incluye talleres de formaci\u00f3n para los actores y directores y se convierte en el espacio por excelencia para el intercambio de experiencias y saberes, que fortalecen el teatro de Casanare y la regi\u00f3n; formando tambi\u00e9n p\u00fablico alrededor de las artes esc\u00e9nicas.<\/p>\n<p><img loading=\"lazy\" decoding=\"async\" class=\"wp-image-34215 aligncenter\" src=\"https:\/\/marthacifuentes.com\/portada\/wp-content\/uploads\/2024\/10\/festival-1-726x1024.jpg\" alt=\"\" width=\"486\" height=\"685\" srcset=\"https:\/\/marthacifuentes.com\/portada\/wp-content\/uploads\/2024\/10\/festival-1-726x1024.jpg 726w, https:\/\/marthacifuentes.com\/portada\/wp-content\/uploads\/2024\/10\/festival-1-213x300.jpg 213w, https:\/\/marthacifuentes.com\/portada\/wp-content\/uploads\/2024\/10\/festival-1-768x1083.jpg 768w, https:\/\/marthacifuentes.com\/portada\/wp-content\/uploads\/2024\/10\/festival-1-1090x1536.jpg 1090w, https:\/\/marthacifuentes.com\/portada\/wp-content\/uploads\/2024\/10\/festival-1.jpg 1240w\" sizes=\"auto, (max-width: 486px) 100vw, 486px\" \/><\/p>\n<p><img loading=\"lazy\" decoding=\"async\" class=\"wp-image-34216 aligncenter\" src=\"https:\/\/marthacifuentes.com\/portada\/wp-content\/uploads\/2024\/10\/festival-2-1024x1024.jpg\" alt=\"\" width=\"492\" height=\"492\" srcset=\"https:\/\/marthacifuentes.com\/portada\/wp-content\/uploads\/2024\/10\/festival-2-1024x1024.jpg 1024w, https:\/\/marthacifuentes.com\/portada\/wp-content\/uploads\/2024\/10\/festival-2-300x300.jpg 300w, https:\/\/marthacifuentes.com\/portada\/wp-content\/uploads\/2024\/10\/festival-2-150x150.jpg 150w, https:\/\/marthacifuentes.com\/portada\/wp-content\/uploads\/2024\/10\/festival-2-768x768.jpg 768w, https:\/\/marthacifuentes.com\/portada\/wp-content\/uploads\/2024\/10\/festival-2.jpg 1080w\" sizes=\"auto, (max-width: 492px) 100vw, 492px\" \/><\/p>\n<p><img loading=\"lazy\" decoding=\"async\" class=\"wp-image-34217 aligncenter\" src=\"https:\/\/marthacifuentes.com\/portada\/wp-content\/uploads\/2024\/10\/festival-3-1024x1024.jpg\" alt=\"\" width=\"497\" height=\"497\" srcset=\"https:\/\/marthacifuentes.com\/portada\/wp-content\/uploads\/2024\/10\/festival-3-1024x1024.jpg 1024w, https:\/\/marthacifuentes.com\/portada\/wp-content\/uploads\/2024\/10\/festival-3-300x300.jpg 300w, https:\/\/marthacifuentes.com\/portada\/wp-content\/uploads\/2024\/10\/festival-3-150x150.jpg 150w, https:\/\/marthacifuentes.com\/portada\/wp-content\/uploads\/2024\/10\/festival-3-768x768.jpg 768w, https:\/\/marthacifuentes.com\/portada\/wp-content\/uploads\/2024\/10\/festival-3.jpg 1080w\" sizes=\"auto, (max-width: 497px) 100vw, 497px\" \/><\/p>\n<p><img loading=\"lazy\" decoding=\"async\" class=\"wp-image-34218 aligncenter\" src=\"https:\/\/marthacifuentes.com\/portada\/wp-content\/uploads\/2024\/10\/festival-4-1024x1024.jpg\" alt=\"\" width=\"502\" height=\"502\" srcset=\"https:\/\/marthacifuentes.com\/portada\/wp-content\/uploads\/2024\/10\/festival-4-1024x1024.jpg 1024w, https:\/\/marthacifuentes.com\/portada\/wp-content\/uploads\/2024\/10\/festival-4-300x300.jpg 300w, https:\/\/marthacifuentes.com\/portada\/wp-content\/uploads\/2024\/10\/festival-4-150x150.jpg 150w, https:\/\/marthacifuentes.com\/portada\/wp-content\/uploads\/2024\/10\/festival-4-768x768.jpg 768w, https:\/\/marthacifuentes.com\/portada\/wp-content\/uploads\/2024\/10\/festival-4.jpg 1080w\" sizes=\"auto, (max-width: 502px) 100vw, 502px\" \/><\/p>\n<p>&nbsp;<\/p>\n<p style=\"font-weight: 400;\"><strong>La organizaci\u00f3n<\/strong><\/p>\n<p style=\"font-weight: 400;\">Este es el tercer a\u00f1o consecutivo en que la Corporaci\u00f3n Cultural Guadalupe (antes Colectivo Cultural Guadalupe) organiza este evento cultural, que ha tra\u00eddo grandes satisfacciones, pues se ha logrado hacer pese al poco apoyo estatal y por la persistencia de sus tres fundadores: Luis Carlos L\u00f3pez Arias, Mauricio Colmenares Cifuentes y Gabriela Delgado; Ellos han liderado la organizaci\u00f3n y gesti\u00f3n desde el a\u00f1o 2022, cuando cursaban la t\u00e9cnica de Artes Esc\u00e9nicas, con el apoyo de algunos familiares y amigos del sector teatro.<\/p>\n<p style=\"font-weight: 400;\">\n<p><strong>Algunos de los mecenas privados e institucionales<\/strong><\/p>\n<p style=\"font-weight: 400;\">La Corporaci\u00f3n Guadalupe\u00a0agradece\u00a0a los patrocinadores que ayudan a que este festival sea posible: Domi Arroz Yopal, La Res, Hotel La Quinta Real, la Direcci\u00f3n de Juventudes de Yopal, Jose Barrios, al SENA Casanare, Yaso Colidon y Ave Nocturna.<\/p>\n<p style=\"font-weight: 400;\">Igualmente, el apoyo institucional de Secretar\u00eda Municipal de Educaci\u00f3n Yopal, as\u00ed como el aporte de la Direcci\u00f3n Departamental de Cultura y Turismo de Casanare e Instituto de Cultura y Turismo de Yopal.<\/p>\n<p style=\"font-weight: 400;\">Y un agradecimiento especial a los medios de comunicaci\u00f3n que siempre les ayudan a difundir esta bella labor.<\/p>\n<p style=\"font-weight: 400;\">Es as\u00ed que la Corporaci\u00f3n Cultural Guadalupe extiende la invitaci\u00f3n a toda la comunidad casanare\u00f1a a participar de este evento cultural y apoyar a los artistas locales, recordando que \u2018<em>el teatro es una herramienta art\u00edstica que fomenta aspectos tan importantes como la creatividad, la memoria y la autonom\u00eda, adem\u00e1s de mejorar habilidades sociales<\/em>\u2019.<\/p>\n<h2><strong>Otras noticias&#8230;<\/strong><\/h2>\n<blockquote class=\"wp-embedded-content\" data-secret=\"5Qd1MwjFwo\"><p><a href=\"https:\/\/marthacifuentes.com\/portada\/2024\/10\/11\/millonaria-deuda-de-capresoca-aun-no-pone-en-riesgo-al-horo-gerente-descarta-intervencion\/\">Millonaria deuda de Capresoca a\u00fan no pone en riesgo al Horo. Gerente descarta intervenci\u00f3n<\/a><\/p><\/blockquote>\n<p><iframe loading=\"lazy\" class=\"wp-embedded-content\" sandbox=\"allow-scripts\" security=\"restricted\" style=\"position: absolute; clip: rect(1px, 1px, 1px, 1px);\" title=\"\u00abMillonaria deuda de Capresoca a\u00fan no pone en riesgo al Horo. Gerente descarta intervenci\u00f3n\u00bb \u2014 \u25b7 Noticias de Casanare : Martha Cifuentes | Casanare\" src=\"https:\/\/marthacifuentes.com\/portada\/2024\/10\/11\/millonaria-deuda-de-capresoca-aun-no-pone-en-riesgo-al-horo-gerente-descarta-intervencion\/embed\/#?secret=JKTCl7lxxK#?secret=5Qd1MwjFwo\" data-secret=\"5Qd1MwjFwo\" width=\"500\" height=\"282\" frameborder=\"0\" marginwidth=\"0\" marginheight=\"0\" scrolling=\"no\"><\/iframe><\/p>\n<p><iframe loading=\"lazy\" class=\"wp-embedded-content\" title=\"\u00abCultura, deporte y naturaleza en Casanare: turismo para todos en este fin de semana con festivo\u00bb \u2014 \u25b7 Noticias de Casanare : Martha Cifuentes | Casanare\" src=\"https:\/\/marthacifuentes.com\/portada\/2024\/10\/11\/cultura-deporte-y-naturaleza-en-casanare-turismo-para-todos-en-este-fin-de-semana-con-festivo\/embed\/#?secret=sds71W54bn#?secret=jNVK5cq2wm\" width=\"600\" height=\"622\" frameborder=\"0\" marginwidth=\"0\" marginheight=\"0\" scrolling=\"no\" sandbox=\"allow-scripts\" data-secret=\"jNVK5cq2wm\" data-mce-fragment=\"1\"><\/iframe><\/p>\n<p><iframe loading=\"lazy\" class=\"wp-embedded-content\" title=\"\u00abMujer desmembrada en Yopal fue identificada. Su hijo est\u00e1 desaparecido.\u00bb \u2014 \u25b7 Noticias de Casanare : Martha Cifuentes | Casanare\" src=\"https:\/\/marthacifuentes.com\/portada\/2024\/10\/11\/mujer-desmembrada-en-yopal-fue-identificada-su-hijo-esta-desaparecido\/embed\/#?secret=JN8ZMwiipS#?secret=aBRuBOZjok\" width=\"600\" height=\"622\" frameborder=\"0\" marginwidth=\"0\" marginheight=\"0\" scrolling=\"no\" sandbox=\"allow-scripts\" data-secret=\"aBRuBOZjok\" data-mce-fragment=\"1\"><\/iframe><\/p>\n<p><iframe loading=\"lazy\" class=\"wp-embedded-content\" title=\"\u00abV\u00edctimas de \u2018falsos positivos\u2019 en Casanare decidir\u00e1n si aceptan o no devoluci\u00f3n de medalla de Torres Escalante\u00bb \u2014 \u25b7 Noticias de Casanare : Martha Cifuentes | Casanare\" src=\"https:\/\/marthacifuentes.com\/portada\/2024\/10\/11\/victimas-de-falsos-positivos-en-casanare-decidiran-si-aceptan-o-no-devolucion-de-medalla-de-torres-escalante\/embed\/#?secret=d8DbSLpq60#?secret=rnUkOFO4ez\" width=\"600\" height=\"651\" frameborder=\"0\" marginwidth=\"0\" marginheight=\"0\" scrolling=\"no\" sandbox=\"allow-scripts\" data-secret=\"rnUkOFO4ez\" data-mce-fragment=\"1\"><\/iframe><\/p>\n<p><iframe loading=\"lazy\" class=\"wp-embedded-content\" title=\"\u00abBrigada Humanitaria M\u00e9dico Art\u00edstica ma\u00f1ana en Llano Lindo, Yopal\u00bb \u2014 \u25b7 Noticias de Casanare : Martha Cifuentes | Casanare\" src=\"https:\/\/marthacifuentes.com\/portada\/2024\/10\/11\/brigada-humanitaria-medico-artistica-manana-en-llano-lindo-yopal\/embed\/#?secret=NBHUWVdEzL#?secret=SBLWRASZjx\" width=\"600\" height=\"622\" frameborder=\"0\" marginwidth=\"0\" marginheight=\"0\" scrolling=\"no\" sandbox=\"allow-scripts\" data-secret=\"SBLWRASZjx\" data-mce-fragment=\"1\"><\/iframe><\/p>\n<p><iframe loading=\"lazy\" class=\"wp-embedded-content\" title=\"\u00abM\u00e1s de 400 puntos cr\u00edticos y 35 kil\u00f3metros de v\u00edas han sido rehabilitados en Yopal seg\u00fan Alcald\u00eda\u00bb \u2014 \u25b7 Noticias de Casanare : Martha Cifuentes | Casanare\" src=\"https:\/\/marthacifuentes.com\/portada\/2024\/10\/11\/mas-de-400-puntos-criticos-y-35-kilometros-de-vias-han-sido-rehabilitados-en-yopal-segun-alcaldia\/embed\/#?secret=bLbU3PweyI#?secret=luuKat5cZw\" width=\"600\" height=\"622\" frameborder=\"0\" marginwidth=\"0\" marginheight=\"0\" scrolling=\"no\" sandbox=\"allow-scripts\" data-secret=\"luuKat5cZw\" data-mce-fragment=\"1\"><\/iframe><\/p>\n<p><iframe loading=\"lazy\" class=\"wp-embedded-content\" title=\"\u00abUsuarios de Capresoca tienen garantizados sus servicios: Agente Interventor\u00bb \u2014 \u25b7 Noticias de Casanare : Martha Cifuentes | Casanare\" src=\"https:\/\/marthacifuentes.com\/portada\/2024\/10\/11\/usuarios-de-capresoca-tienen-garantizados-sus-servicios-agente-interventor\/embed\/#?secret=5FnuQusnCK#?secret=lpiWILmAL8\" width=\"600\" height=\"622\" frameborder=\"0\" marginwidth=\"0\" marginheight=\"0\" scrolling=\"no\" sandbox=\"allow-scripts\" data-secret=\"lpiWILmAL8\" data-mce-fragment=\"1\"><\/iframe><\/p>\n<p><iframe loading=\"lazy\" class=\"wp-embedded-content\" title=\"\u00abCasanare gan\u00f3 sala de lactancia para Yopal. Gestora social del Departamento lider\u00f3 el tema.\u00bb \u2014 \u25b7 Noticias de Casanare : Martha Cifuentes | Casanare\" src=\"https:\/\/marthacifuentes.com\/portada\/2024\/10\/10\/casanare-gano-sala-de-lactancia-para-yopal-gestora-social-del-departamento-lidero-el-tema\/embed\/#?secret=paqXzDDhlz#?secret=h5JBvp4foh\" width=\"600\" height=\"622\" frameborder=\"0\" marginwidth=\"0\" marginheight=\"0\" scrolling=\"no\" sandbox=\"allow-scripts\" data-secret=\"h5JBvp4foh\" data-mce-fragment=\"1\"><\/iframe><\/p>\n<p><iframe loading=\"lazy\" class=\"wp-embedded-content\" title=\"\u00abGremio constructor quiere participar de la torta de proyectos de infraestructura y vivienda en Casanare\u00bb \u2014 \u25b7 Noticias de Casanare : Martha Cifuentes | Casanare\" src=\"https:\/\/marthacifuentes.com\/portada\/2024\/10\/10\/gremio-constructor-quiere-participar-de-la-torta-de-proyectos-de-infraestructura-y-vivienda-en-casanare\/embed\/#?secret=iIHEPunc7W#?secret=VRxSpfvwvs\" width=\"600\" height=\"622\" frameborder=\"0\" marginwidth=\"0\" marginheight=\"0\" scrolling=\"no\" sandbox=\"allow-scripts\" data-secret=\"VRxSpfvwvs\" data-mce-fragment=\"1\"><\/iframe><\/p>\n<p><iframe loading=\"lazy\" class=\"wp-embedded-content\" title=\"\u00abPlanta de secado de arroz en San Luis de Palenque tendr\u00e1 capacidad de secado de 37 mil toneladas\u00bb \u2014 \u25b7 Noticias de Casanare : Martha Cifuentes | Casanare\" src=\"https:\/\/marthacifuentes.com\/portada\/2024\/10\/10\/planta-de-secado-de-arroz-en-san-luis-de-palenque-tendra-capacidad-de-secado-de-37-mil-toneladas\/embed\/#?secret=KbhserhyUP#?secret=WXXfF4LmVf\" width=\"600\" height=\"622\" frameborder=\"0\" marginwidth=\"0\" marginheight=\"0\" scrolling=\"no\" sandbox=\"allow-scripts\" data-secret=\"WXXfF4LmVf\" data-mce-fragment=\"1\"><\/iframe><\/p>\n<p><iframe loading=\"lazy\" class=\"wp-embedded-content\" title=\"\u00ab\u00bfCarolina Mari\u00f1o, \u201cla nueva bendecida\u201d para dirigir Corporinoquia, tras fall\u00f3 que anul\u00f3 elecci\u00f3n de Doris Bernal?\u00bb \u2014 \u25b7 Noticias de Casanare : Martha Cifuentes | Casanare\" src=\"https:\/\/marthacifuentes.com\/portada\/2024\/10\/07\/carolina-marino-la-nueva-bendecida-para-dirigir-corporinoquia-tras-fallo-que-anulo-eleccion-de-doris-bernal\/embed\/#?secret=xIcF4fvODB#?secret=7gvlU0ae88\" width=\"600\" height=\"630\" frameborder=\"0\" marginwidth=\"0\" marginheight=\"0\" scrolling=\"no\" sandbox=\"allow-scripts\" data-secret=\"7gvlU0ae88\" data-mce-fragment=\"1\"><\/iframe><\/p>\n<p><iframe loading=\"lazy\" class=\"wp-embedded-content\" title=\"\u00abYopal: \u00bfNueva plaza de guerra por microtr\u00e1fico? Persona descuartizada y un sicariato en menos de 24 horas.\u00bb \u2014 \u25b7 Noticias de Casanare : Martha Cifuentes | Casanare\" src=\"https:\/\/marthacifuentes.com\/portada\/2024\/10\/04\/yopal-nueva-plaza-de-guerra-por-microtrafico-persona-descuartizada-y-un-sicariato-en-menos-de-24-horas\/embed\/#?secret=X6h0tCVMzB#?secret=787ykpmYdZ\" width=\"600\" height=\"651\" frameborder=\"0\" marginwidth=\"0\" marginheight=\"0\" scrolling=\"no\" sandbox=\"allow-scripts\" data-secret=\"787ykpmYdZ\" data-mce-fragment=\"1\"><\/iframe><\/p>\n<p><iframe loading=\"lazy\" class=\"wp-embedded-content\" title=\"\u00abEaaay, manga por hombro. Trabajadores se toman la empresa mientras Superservicios nombra otro agente interventor.\u00bb \u2014 \u25b7 Noticias de Casanare : Martha Cifuentes | Casanare\" src=\"https:\/\/marthacifuentes.com\/portada\/2024\/10\/03\/eaaay-manga-por-hombro-trabajadores-se-toman-la-empresa-mientras-superservicios-nombra-otro-agente-interventor\/embed\/#?secret=2e9pbunZSm#?secret=CogTjL2KLJ\" width=\"600\" height=\"557\" frameborder=\"0\" marginwidth=\"0\" marginheight=\"0\" scrolling=\"no\" sandbox=\"allow-scripts\" data-secret=\"CogTjL2KLJ\" data-mce-fragment=\"1\"><\/iframe><\/p>\n<p><iframe loading=\"lazy\" class=\"wp-embedded-content\" title=\"\u00abDeuda de Capresoca con Ese Salud Yopal pone en jaque la salud de sus afiliados. Se restringir\u00e1n servicios.\u00bb \u2014 \u25b7 Noticias de Casanare : Martha Cifuentes | Casanare\" src=\"https:\/\/marthacifuentes.com\/portada\/2024\/10\/02\/deuda-de-capresoca-con-ese-salud-yopal-pone-en-jaque-la-salud-de-sus-afiliados-se-restringiran-servicios\/embed\/#?secret=zw9mrZKYxu#?secret=dBMoeWTEan\" width=\"600\" height=\"541\" frameborder=\"0\" marginwidth=\"0\" marginheight=\"0\" scrolling=\"no\" sandbox=\"allow-scripts\" data-secret=\"dBMoeWTEan\" data-mce-fragment=\"1\"><\/iframe><\/p>\n<p><iframe loading=\"lazy\" class=\"wp-embedded-content\" title=\"\u00abEaaay: Intervenci\u00f3n, d\u00e9ficit presupuestal, M\u00c1S burocracia y sin plata para n\u00f3mina\u00bb \u2014 \u25b7 Noticias de Casanare : Martha Cifuentes | Casanare\" src=\"https:\/\/marthacifuentes.com\/portada\/2024\/10\/01\/eaaay-intervencion-deficit-presupuestal-mas-burocracia-y-sin-plata-para-nomina\/embed\/#?secret=c9pqF9MHZh#?secret=x5XovOFmhj\" width=\"600\" height=\"572\" frameborder=\"0\" marginwidth=\"0\" marginheight=\"0\" scrolling=\"no\" sandbox=\"allow-scripts\" data-secret=\"x5XovOFmhj\" data-mce-fragment=\"1\"><\/iframe><\/p>\n<p><iframe loading=\"lazy\" class=\"wp-embedded-content\" title=\"\u00abYa viene el Simulacro Nacional este 2 de octubre. Casanare preparada\u00bb \u2014 \u25b7 Noticias de Casanare : Martha Cifuentes | Casanare\" src=\"https:\/\/marthacifuentes.com\/portada\/2024\/09\/30\/ya-viene-el-simulacro-nacional-este-2-de-octubre-casanare-preparada\/embed\/#?secret=IF1AEoEOug#?secret=V2zH5HQSHf\" width=\"600\" height=\"512\" frameborder=\"0\" marginwidth=\"0\" marginheight=\"0\" scrolling=\"no\" sandbox=\"allow-scripts\" data-secret=\"V2zH5HQSHf\" data-mce-fragment=\"1\"><\/iframe><\/p>\n<p><iframe loading=\"lazy\" class=\"wp-embedded-content\" title=\"\u00abHospital Itinerante brinda m\u00e1s de 1.670 atenciones en salud en T\u00e1mara, Casanare\u00bb \u2014 \u25b7 Noticias de Casanare : Martha Cifuentes | Casanare\" src=\"https:\/\/marthacifuentes.com\/portada\/2024\/09\/30\/hospital-itinerante-brinda-mas-de-1-670-atenciones-en-salud-en-tamara-casanare\/embed\/#?secret=ZLbhXZRUTN#?secret=UaBZ2yTcvO\" width=\"600\" height=\"622\" frameborder=\"0\" marginwidth=\"0\" marginheight=\"0\" scrolling=\"no\" sandbox=\"allow-scripts\" data-secret=\"UaBZ2yTcvO\" data-mce-fragment=\"1\"><\/iframe><\/p>\n<p><iframe loading=\"lazy\" class=\"wp-embedded-content\" title=\"\u00abGobernaci\u00f3n de Casanare comenz\u00f3 a entregar 17 mil tabletas a estudiantes y docentes como herramienta educativa\u00bb \u2014 \u25b7 Noticias de Casanare : Martha Cifuentes | Casanare\" src=\"https:\/\/marthacifuentes.com\/portada\/2024\/09\/30\/gobernacion-de-casanare-comenzo-a-entregar-17-mil-tabletas-a-estudiantes-y-docentes-como-herramienta-educativa\/embed\/#?secret=bkcjh55oCp#?secret=krARTcDgaK\" width=\"600\" height=\"651\" frameborder=\"0\" marginwidth=\"0\" marginheight=\"0\" scrolling=\"no\" sandbox=\"allow-scripts\" data-secret=\"krARTcDgaK\" data-mce-fragment=\"1\"><\/iframe><\/p>\n<p><iframe loading=\"lazy\" class=\"wp-embedded-content\" title=\"\u00abDesmantelados 5 campamentos de frente 28 de disidencias de las Farc en T\u00e1mara deja operativo militar con artiller\u00eda de largo alcance\u00bb \u2014 \u25b7 Noticias de Casanare : Martha Cifuentes | Casanare\" src=\"https:\/\/marthacifuentes.com\/portada\/2024\/09\/24\/desmantelados-5-campamentos-de-frente-28-de-disidencias-de-las-farc-en-tamara-deja-operativo-militar-con-artilleria-de-largo-alcance\/embed\/#?secret=a9EoB1eHjv#?secret=rhj8clpIUn\" width=\"600\" height=\"618\" frameborder=\"0\" marginwidth=\"0\" marginheight=\"0\" scrolling=\"no\" sandbox=\"allow-scripts\" data-secret=\"rhj8clpIUn\" data-mce-fragment=\"1\"><\/iframe><\/p>\n<p><iframe loading=\"lazy\" class=\"wp-embedded-content\" title=\"\u00ab930 casos de violencia de g\u00e9nero, incluidos 135 de abuso sexual a menores, se han reportado en Yopal en 2024\u00bb \u2014 \u25b7 Noticias de Casanare : Martha Cifuentes | Casanare\" src=\"https:\/\/marthacifuentes.com\/portada\/2024\/09\/24\/930-casos-de-violencia-de-genero-incluidos-135-de-abuso-sexual-a-menores-se-han-reportado-en-yopal-en-2024\/embed\/#?secret=UeGQP3zSpj#?secret=f2FsDxPEYm\" width=\"600\" height=\"651\" frameborder=\"0\" marginwidth=\"0\" marginheight=\"0\" scrolling=\"no\" sandbox=\"allow-scripts\" data-secret=\"f2FsDxPEYm\" data-mce-fragment=\"1\"><\/iframe><\/p>\n<p><iframe loading=\"lazy\" class=\"wp-embedded-content\" title=\"\u00abRecuerde, ma\u00f1ana, d\u00eda sin carro y moto en Yopal.\u00bb \u2014 \u25b7 Noticias de Casanare : Martha Cifuentes | Casanare\" src=\"https:\/\/marthacifuentes.com\/portada\/2024\/09\/24\/recuerde-manana-dia-sin-carro-y-moto-en-yopal\/embed\/#?secret=IwZ60hUt3G#?secret=1nn5TcpccE\" width=\"600\" height=\"572\" frameborder=\"0\" marginwidth=\"0\" marginheight=\"0\" scrolling=\"no\" sandbox=\"allow-scripts\" data-secret=\"1nn5TcpccE\" data-mce-fragment=\"1\"><\/iframe><\/p>\n<p><iframe loading=\"lazy\" class=\"wp-embedded-content\" title=\"\u00abReconocimiento a Capresoca por buen manejo de pacientes con c\u00e1ncer\u00bb \u2014 \u25b7 Noticias de Casanare : Martha Cifuentes | Casanare\" src=\"https:\/\/marthacifuentes.com\/portada\/2024\/09\/24\/reconocimiento-a-capresoca-por-buen-manejo-de-pacientes-con-cancer\/embed\/#?secret=Vf3ygpKNTJ#?secret=hGZIzHdb5o\" width=\"600\" height=\"601\" frameborder=\"0\" marginwidth=\"0\" marginheight=\"0\" scrolling=\"no\" sandbox=\"allow-scripts\" data-secret=\"hGZIzHdb5o\" data-mce-fragment=\"1\"><\/iframe><\/p>\n<p><iframe loading=\"lazy\" class=\"wp-embedded-content\" title=\"\u00abPadres, quedan 6 d\u00edas para inscribir a sus hijos para jard\u00edn y transici\u00f3n en Yopal\u00bb \u2014 \u25b7 Noticias de Casanare : Martha Cifuentes | Casanare\" src=\"https:\/\/marthacifuentes.com\/portada\/2024\/09\/24\/padres-quedan-6-dias-para-inscribir-a-sus-hijos-para-jardin-y-transicion-en-yopal\/embed\/#?secret=taHkXKbaTU#?secret=yiq0QjdYW1\" width=\"600\" height=\"601\" frameborder=\"0\" marginwidth=\"0\" marginheight=\"0\" scrolling=\"no\" sandbox=\"allow-scripts\" data-secret=\"yiq0QjdYW1\" data-mce-fragment=\"1\"><\/iframe><\/p>\n<p><iframe loading=\"lazy\" class=\"wp-embedded-content\" title=\"\u00abDura batalla por recursos de Capresoca: Usuarios y directivos del Horo vs. Sindicato de la EPS\u00bb \u2014 \u25b7 Noticias de Casanare : Martha Cifuentes | Casanare\" src=\"https:\/\/marthacifuentes.com\/portada\/2024\/09\/23\/dura-batalla-por-recursos-de-capresoca-usuarios-y-directivos-del-horo-vs-sindicato-de-la-eps\/embed\/#?secret=2OAijTITGr#?secret=Y4EDvAAoLR\" width=\"600\" height=\"622\" frameborder=\"0\" marginwidth=\"0\" marginheight=\"0\" scrolling=\"no\" sandbox=\"allow-scripts\" data-secret=\"Y4EDvAAoLR\" data-mce-fragment=\"1\"><\/iframe><\/p>\n<p><iframe loading=\"lazy\" class=\"wp-embedded-content\" title=\"\u00abPadres, quedan 6 d\u00edas para inscribir a sus hijos para jard\u00edn y transici\u00f3n en Yopal\u00bb \u2014 \u25b7 Noticias de Casanare : Martha Cifuentes | Casanare\" src=\"https:\/\/marthacifuentes.com\/portada\/2024\/09\/24\/padres-quedan-6-dias-para-inscribir-a-sus-hijos-para-jardin-y-transicion-en-yopal\/embed\/#?secret=9Fkv0a4yav#?secret=6w6g4DZWrQ\" width=\"600\" height=\"601\" frameborder=\"0\" marginwidth=\"0\" marginheight=\"0\" scrolling=\"no\" sandbox=\"allow-scripts\" data-secret=\"6w6g4DZWrQ\" data-mce-fragment=\"1\"><\/iframe><\/p>\n<p><iframe loading=\"lazy\" class=\"wp-embedded-content\" title=\"\u00abSecretaria de salud de Casanare propone cambio de modelo de contrataci\u00f3n para salvar Capresoca\u00bb \u2014 \u25b7 Noticias de Casanare : Martha Cifuentes | Casanare\" src=\"https:\/\/marthacifuentes.com\/portada\/2024\/09\/20\/secretaria-de-salud-de-casanare-propone-cambio-de-modelo-de-contratacion-para-salvar-capresoca\/embed\/#?secret=qLXY2qLreX#?secret=UyqeIl0Av6\" width=\"600\" height=\"601\" frameborder=\"0\" marginwidth=\"0\" marginheight=\"0\" scrolling=\"no\" sandbox=\"allow-scripts\" data-secret=\"UyqeIl0Av6\" data-mce-fragment=\"1\"><\/iframe><\/p>\n<p><iframe loading=\"lazy\" class=\"wp-embedded-content\" title=\"\u00abEncuentro de Promoci\u00f3n de Empresas en Reactivaci\u00f3n Econ\u00f3mica este 26 y 27 de septiembre en Yopal\u00bb \u2014 \u25b7 Noticias de Casanare : Martha Cifuentes | Casanare\" src=\"https:\/\/marthacifuentes.com\/portada\/2024\/09\/20\/encuentro-de-promocion-de-empresas-en-reactivacion-economica-este-26-y-27-de-septiembre-en-yopal\/embed\/#?secret=ae6MJR1ybv#?secret=toAJFdcRHL\" width=\"600\" height=\"622\" frameborder=\"0\" marginwidth=\"0\" marginheight=\"0\" scrolling=\"no\" sandbox=\"allow-scripts\" data-secret=\"toAJFdcRHL\" data-mce-fragment=\"1\"><\/iframe><\/p>\n<p><iframe loading=\"lazy\" class=\"wp-embedded-content\" title=\"\u00abEn Yopal, 20 nacimientos por mes, de madres adolescentes, en solo 2024.\u00bb \u2014 \u25b7 Noticias de Casanare : Martha Cifuentes | Casanare\" src=\"https:\/\/marthacifuentes.com\/portada\/2024\/09\/20\/en-yopal-20-nacimientos-por-mes-de-madres-adolescentes-en-solo-2024\/embed\/#?secret=LZ8jEGUfzT#?secret=Z4OqIwLPMZ\" width=\"600\" height=\"610\" frameborder=\"0\" marginwidth=\"0\" marginheight=\"0\" scrolling=\"no\" sandbox=\"allow-scripts\" data-secret=\"Z4OqIwLPMZ\" data-mce-fragment=\"1\"><\/iframe><\/p>\n<p><iframe loading=\"lazy\" class=\"wp-embedded-content\" title=\"\u00abEn Yopal, 20 nacimientos por mes, de madres adolescentes, en solo 2024.\u00bb \u2014 \u25b7 Noticias de Casanare : Martha Cifuentes | Casanare\" src=\"https:\/\/marthacifuentes.com\/portada\/2024\/09\/20\/en-yopal-20-nacimientos-por-mes-de-madres-adolescentes-en-solo-2024\/embed\/#?secret=LZ8jEGUfzT#?secret=Z4OqIwLPMZ\" width=\"600\" height=\"610\" frameborder=\"0\" marginwidth=\"0\" marginheight=\"0\" scrolling=\"no\" sandbox=\"allow-scripts\" data-secret=\"Z4OqIwLPMZ\" data-mce-fragment=\"1\"><\/iframe><\/p>\n<p><iframe loading=\"lazy\" class=\"wp-embedded-content\" title=\"\u00abSindicato denuncia campa\u00f1a de desprestigio de Capresoca, propiciada desde la Gobernaci\u00f3n de Casanare\u00bb \u2014 \u25b7 Noticias de Casanare : Martha Cifuentes | Casanare\" src=\"https:\/\/marthacifuentes.com\/portada\/2024\/09\/17\/sindicato-denuncia-campana-de-desprestigio-de-capresoca-propiciada-desde-la-gobernacion-de-casanare\/embed\/#?secret=NDxzof4LOg#?secret=NBYW170TUY\" width=\"600\" height=\"650\" frameborder=\"0\" marginwidth=\"0\" marginheight=\"0\" scrolling=\"no\" sandbox=\"allow-scripts\" data-secret=\"NBYW170TUY\" data-mce-fragment=\"1\"><\/iframe><\/p>\n<p><iframe loading=\"lazy\" class=\"wp-embedded-content\" title=\"\u00abProcuradur\u00eda investiga contrataci\u00f3n del PAE. Cuestiona a funcionarios actuales y exfuncionarios de Gobernaci\u00f3n de Casanare\u00bb \u2014 \u25b7 Noticias de Casanare : Martha Cifuentes | Casanare\" src=\"https:\/\/marthacifuentes.com\/portada\/2024\/09\/17\/procuraduria-investiga-contratacion-del-pae-cuestiona-a-funcionarios-actuales-y-exfuncionarios-de-gobernacion-de-casanare\/embed\/#?secret=U1DMihkxT1#?secret=bzb469QJI3\" width=\"600\" height=\"672\" frameborder=\"0\" marginwidth=\"0\" marginheight=\"0\" scrolling=\"no\" sandbox=\"allow-scripts\" data-secret=\"bzb469QJI3\" data-mce-fragment=\"1\"><\/iframe><\/p>\n<p>&nbsp;<\/p>\n<p><iframe loading=\"lazy\" class=\"wp-embedded-content\" title=\"\u00abCapresoca agoniza. \u00bfSe debe liquidar o seguir en enfermedad financiera?\u00bb \u2014 \u25b7 Noticias de Casanare : Martha Cifuentes | Casanare\" src=\"https:\/\/marthacifuentes.com\/portada\/2024\/09\/16\/capresoca-agoniza-se-debe-liquidar-o-seguir-en-enfermedad-financiera\/embed\/#?secret=hlcYbWhA1Q#?secret=hahs3b4Xwp\" width=\"600\" height=\"622\" frameborder=\"0\" marginwidth=\"0\" marginheight=\"0\" scrolling=\"no\" sandbox=\"allow-scripts\" data-secret=\"hahs3b4Xwp\" data-mce-fragment=\"1\"><\/iframe><\/p>\n","protected":false},"excerpt":{"rendered":"<p>El teatro est\u00e1 de fiesta en Yopal, con la reuni\u00f3n de 12 grupos y alrededor de 200 artistas en escena, de Casanare, Arauca y Boyac\u00e1; que estar\u00e1n compartiendo escenario en la tercera versi\u00f3n del Festival de Teatro Guadalupe, los d\u00edas 17, 18 y 19 de octubre. Las presentaciones ser\u00e1n en el auditorio de La Tr\u00edada, &hellip;<\/p>\n","protected":false},"author":2,"featured_media":34215,"comment_status":"open","ping_status":"open","sticky":false,"template":"","format":"standard","meta":{"om_disable_all_campaigns":false,"_exactmetrics_skip_tracking":false,"_exactmetrics_sitenote_active":false,"_exactmetrics_sitenote_note":"","_exactmetrics_sitenote_category":0,"_monsterinsights_skip_tracking":false,"_monsterinsights_sitenote_active":false,"_monsterinsights_sitenote_note":"","_monsterinsights_sitenote_category":0,"_uf_show_specific_survey":0,"_uf_disable_surveys":false,"_joinchat":[],"footnotes":""},"categories":[147,146,145],"tags":[11254,11255,11256,10311,11252,8510,11251,11253,6879,11250,11249,10927,1400,1421,11257,10308],"class_list":["post-34214","post","type-post","status-publish","format-standard","has-post-thumbnail","hentry","category-actualidad","category-noticias","category-reportajes","tag-teatro-vivo","tag-academia-la-gran-tramoya","tag-colectivo-arche","tag-corporacion-cultural-guadalupe","tag-direccion-departamental-de-cultura-y-turismo-de-casanare","tag-festival-de-teatro-guadalupe-yopal","tag-gabriela-delgado","tag-grupo-de-teatro-el-duende","tag-instituto-de-cultura-y-turismo-de-yopal","tag-luis-carlos-lopez","tag-mauricio-colmenares","tag-megacolegio-el-progreso","tag-noticias-casanare","tag-noticias-yopal","tag-red-de-arauca","tag-teatro-yopal"],"yoast_head":"<!-- This site is optimized with the Yoast SEO plugin v26.1 - https:\/\/yoast.com\/wordpress\/plugins\/seo\/ -->\n<title>Desde ma\u00f1ana Festival de Teatro Guadalupe en Yopal. M\u00e1s de 200 artistas en escena. - \u25b7 Noticias de Casanare : Martha Cifuentes | Casanare<\/title>\n<meta name=\"robots\" content=\"index, follow, max-snippet:-1, max-image-preview:large, max-video-preview:-1\" \/>\n<link rel=\"canonical\" href=\"https:\/\/marthacifuentes.com\/portada\/desde-manana-festival-de-teatro-guadalupe-en-yopal-mas-de-200-artistas-en-escena\/\" \/>\n<meta property=\"og:locale\" content=\"es_ES\" \/>\n<meta property=\"og:type\" content=\"article\" \/>\n<meta property=\"og:title\" content=\"Desde ma\u00f1ana Festival de Teatro Guadalupe en Yopal. M\u00e1s de 200 artistas en escena. - \u25b7 Noticias de Casanare : Martha Cifuentes | Casanare\" \/>\n<meta property=\"og:description\" content=\"El teatro est\u00e1 de fiesta en Yopal, con la reuni\u00f3n de 12 grupos y alrededor de 200 artistas en escena, de Casanare, Arauca y Boyac\u00e1; que estar\u00e1n compartiendo escenario en la tercera versi\u00f3n del Festival de Teatro Guadalupe, los d\u00edas 17, 18 y 19 de octubre. Las presentaciones ser\u00e1n en el auditorio de La Tr\u00edada, &hellip;\" \/>\n<meta property=\"og:url\" content=\"https:\/\/marthacifuentes.com\/portada\/desde-manana-festival-de-teatro-guadalupe-en-yopal-mas-de-200-artistas-en-escena\/\" \/>\n<meta property=\"og:site_name\" content=\"\u25b7 Noticias de Casanare : Martha Cifuentes | Casanare\" \/>\n<meta property=\"article:published_time\" content=\"2024-10-16T21:10:15+00:00\" \/>\n<meta property=\"og:image\" content=\"https:\/\/marthacifuentes.com\/portada\/wp-content\/uploads\/2024\/10\/festival-1.jpg\" \/>\n\t<meta property=\"og:image:width\" content=\"1240\" \/>\n\t<meta property=\"og:image:height\" content=\"1748\" \/>\n\t<meta property=\"og:image:type\" content=\"image\/jpeg\" \/>\n<meta name=\"author\" content=\"Martha Cifuentes\" \/>\n<meta name=\"twitter:card\" content=\"summary_large_image\" \/>\n<meta name=\"twitter:label1\" content=\"Escrito por\" \/>\n\t<meta name=\"twitter:data1\" content=\"Martha Cifuentes\" \/>\n\t<meta name=\"twitter:label2\" content=\"Tiempo de lectura\" \/>\n\t<meta name=\"twitter:data2\" content=\"3 minutos\" \/>\n<script type=\"application\/ld+json\" class=\"yoast-schema-graph\">{\"@context\":\"https:\/\/schema.org\",\"@graph\":[{\"@type\":\"WebPage\",\"@id\":\"https:\/\/marthacifuentes.com\/portada\/desde-manana-festival-de-teatro-guadalupe-en-yopal-mas-de-200-artistas-en-escena\/\",\"url\":\"https:\/\/marthacifuentes.com\/portada\/desde-manana-festival-de-teatro-guadalupe-en-yopal-mas-de-200-artistas-en-escena\/\",\"name\":\"Desde ma\u00f1ana Festival de Teatro Guadalupe en Yopal. M\u00e1s de 200 artistas en escena. - \u25b7 Noticias de Casanare : Martha Cifuentes | Casanare\",\"isPartOf\":{\"@id\":\"https:\/\/marthacifuentes.com\/portada\/#website\"},\"primaryImageOfPage\":{\"@id\":\"https:\/\/marthacifuentes.com\/portada\/desde-manana-festival-de-teatro-guadalupe-en-yopal-mas-de-200-artistas-en-escena\/#primaryimage\"},\"image\":{\"@id\":\"https:\/\/marthacifuentes.com\/portada\/desde-manana-festival-de-teatro-guadalupe-en-yopal-mas-de-200-artistas-en-escena\/#primaryimage\"},\"thumbnailUrl\":\"https:\/\/marthacifuentes.com\/portada\/wp-content\/uploads\/2024\/10\/festival-1.jpg\",\"datePublished\":\"2024-10-16T21:10:15+00:00\",\"author\":{\"@id\":\"https:\/\/marthacifuentes.com\/portada\/#\/schema\/person\/57f53174b991db5f90ff78d58502b714\"},\"breadcrumb\":{\"@id\":\"https:\/\/marthacifuentes.com\/portada\/desde-manana-festival-de-teatro-guadalupe-en-yopal-mas-de-200-artistas-en-escena\/#breadcrumb\"},\"inLanguage\":\"es\",\"potentialAction\":[{\"@type\":\"ReadAction\",\"target\":[\"https:\/\/marthacifuentes.com\/portada\/desde-manana-festival-de-teatro-guadalupe-en-yopal-mas-de-200-artistas-en-escena\/\"]}]},{\"@type\":\"ImageObject\",\"inLanguage\":\"es\",\"@id\":\"https:\/\/marthacifuentes.com\/portada\/desde-manana-festival-de-teatro-guadalupe-en-yopal-mas-de-200-artistas-en-escena\/#primaryimage\",\"url\":\"https:\/\/marthacifuentes.com\/portada\/wp-content\/uploads\/2024\/10\/festival-1.jpg\",\"contentUrl\":\"https:\/\/marthacifuentes.com\/portada\/wp-content\/uploads\/2024\/10\/festival-1.jpg\",\"width\":1240,\"height\":1748},{\"@type\":\"BreadcrumbList\",\"@id\":\"https:\/\/marthacifuentes.com\/portada\/desde-manana-festival-de-teatro-guadalupe-en-yopal-mas-de-200-artistas-en-escena\/#breadcrumb\",\"itemListElement\":[{\"@type\":\"ListItem\",\"position\":1,\"name\":\"Portada\",\"item\":\"https:\/\/marthacifuentes.com\/portada\/\"},{\"@type\":\"ListItem\",\"position\":2,\"name\":\"Desde ma\u00f1ana Festival de Teatro Guadalupe en Yopal. M\u00e1s de 200 artistas en escena.\"}]},{\"@type\":\"WebSite\",\"@id\":\"https:\/\/marthacifuentes.com\/portada\/#website\",\"url\":\"https:\/\/marthacifuentes.com\/portada\/\",\"name\":\"\u25b7 Noticias de Casanare : Martha Cifuentes | Casanare\",\"description\":\"Noticias &amp; Contenidos\",\"potentialAction\":[{\"@type\":\"SearchAction\",\"target\":{\"@type\":\"EntryPoint\",\"urlTemplate\":\"https:\/\/marthacifuentes.com\/portada\/?s={search_term_string}\"},\"query-input\":{\"@type\":\"PropertyValueSpecification\",\"valueRequired\":true,\"valueName\":\"search_term_string\"}}],\"inLanguage\":\"es\"},{\"@type\":\"Person\",\"@id\":\"https:\/\/marthacifuentes.com\/portada\/#\/schema\/person\/57f53174b991db5f90ff78d58502b714\",\"name\":\"Martha Cifuentes\",\"image\":{\"@type\":\"ImageObject\",\"inLanguage\":\"es\",\"@id\":\"https:\/\/marthacifuentes.com\/portada\/#\/schema\/person\/image\/\",\"url\":\"http:\/\/marthacifuentes.com\/portada\/wp-content\/uploads\/2018\/06\/avatar_user_2_1528838701-96x96.jpg\",\"contentUrl\":\"http:\/\/marthacifuentes.com\/portada\/wp-content\/uploads\/2018\/06\/avatar_user_2_1528838701-96x96.jpg\",\"caption\":\"Martha Cifuentes\"},\"sameAs\":[\"http:\/\/www.marthacifuentes.com\"],\"url\":\"https:\/\/marthacifuentes.com\/portada\/author\/martha\/\"}]}<\/script>\n<!-- \/ Yoast SEO plugin. -->","yoast_head_json":{"title":"Desde ma\u00f1ana Festival de Teatro Guadalupe en Yopal. M\u00e1s de 200 artistas en escena. - \u25b7 Noticias de Casanare : Martha Cifuentes | Casanare","robots":{"index":"index","follow":"follow","max-snippet":"max-snippet:-1","max-image-preview":"max-image-preview:large","max-video-preview":"max-video-preview:-1"},"canonical":"https:\/\/marthacifuentes.com\/portada\/desde-manana-festival-de-teatro-guadalupe-en-yopal-mas-de-200-artistas-en-escena\/","og_locale":"es_ES","og_type":"article","og_title":"Desde ma\u00f1ana Festival de Teatro Guadalupe en Yopal. M\u00e1s de 200 artistas en escena. - \u25b7 Noticias de Casanare : Martha Cifuentes | Casanare","og_description":"El teatro est\u00e1 de fiesta en Yopal, con la reuni\u00f3n de 12 grupos y alrededor de 200 artistas en escena, de Casanare, Arauca y Boyac\u00e1; que estar\u00e1n compartiendo escenario en la tercera versi\u00f3n del Festival de Teatro Guadalupe, los d\u00edas 17, 18 y 19 de octubre. Las presentaciones ser\u00e1n en el auditorio de La Tr\u00edada, &hellip;","og_url":"https:\/\/marthacifuentes.com\/portada\/desde-manana-festival-de-teatro-guadalupe-en-yopal-mas-de-200-artistas-en-escena\/","og_site_name":"\u25b7 Noticias de Casanare : Martha Cifuentes | Casanare","article_published_time":"2024-10-16T21:10:15+00:00","og_image":[{"width":1240,"height":1748,"url":"https:\/\/marthacifuentes.com\/portada\/wp-content\/uploads\/2024\/10\/festival-1.jpg","type":"image\/jpeg"}],"author":"Martha Cifuentes","twitter_card":"summary_large_image","twitter_misc":{"Escrito por":"Martha Cifuentes","Tiempo de lectura":"3 minutos"},"schema":{"@context":"https:\/\/schema.org","@graph":[{"@type":"WebPage","@id":"https:\/\/marthacifuentes.com\/portada\/desde-manana-festival-de-teatro-guadalupe-en-yopal-mas-de-200-artistas-en-escena\/","url":"https:\/\/marthacifuentes.com\/portada\/desde-manana-festival-de-teatro-guadalupe-en-yopal-mas-de-200-artistas-en-escena\/","name":"Desde ma\u00f1ana Festival de Teatro Guadalupe en Yopal. M\u00e1s de 200 artistas en escena. - \u25b7 Noticias de Casanare : Martha Cifuentes | Casanare","isPartOf":{"@id":"https:\/\/marthacifuentes.com\/portada\/#website"},"primaryImageOfPage":{"@id":"https:\/\/marthacifuentes.com\/portada\/desde-manana-festival-de-teatro-guadalupe-en-yopal-mas-de-200-artistas-en-escena\/#primaryimage"},"image":{"@id":"https:\/\/marthacifuentes.com\/portada\/desde-manana-festival-de-teatro-guadalupe-en-yopal-mas-de-200-artistas-en-escena\/#primaryimage"},"thumbnailUrl":"https:\/\/marthacifuentes.com\/portada\/wp-content\/uploads\/2024\/10\/festival-1.jpg","datePublished":"2024-10-16T21:10:15+00:00","author":{"@id":"https:\/\/marthacifuentes.com\/portada\/#\/schema\/person\/57f53174b991db5f90ff78d58502b714"},"breadcrumb":{"@id":"https:\/\/marthacifuentes.com\/portada\/desde-manana-festival-de-teatro-guadalupe-en-yopal-mas-de-200-artistas-en-escena\/#breadcrumb"},"inLanguage":"es","potentialAction":[{"@type":"ReadAction","target":["https:\/\/marthacifuentes.com\/portada\/desde-manana-festival-de-teatro-guadalupe-en-yopal-mas-de-200-artistas-en-escena\/"]}]},{"@type":"ImageObject","inLanguage":"es","@id":"https:\/\/marthacifuentes.com\/portada\/desde-manana-festival-de-teatro-guadalupe-en-yopal-mas-de-200-artistas-en-escena\/#primaryimage","url":"https:\/\/marthacifuentes.com\/portada\/wp-content\/uploads\/2024\/10\/festival-1.jpg","contentUrl":"https:\/\/marthacifuentes.com\/portada\/wp-content\/uploads\/2024\/10\/festival-1.jpg","width":1240,"height":1748},{"@type":"BreadcrumbList","@id":"https:\/\/marthacifuentes.com\/portada\/desde-manana-festival-de-teatro-guadalupe-en-yopal-mas-de-200-artistas-en-escena\/#breadcrumb","itemListElement":[{"@type":"ListItem","position":1,"name":"Portada","item":"https:\/\/marthacifuentes.com\/portada\/"},{"@type":"ListItem","position":2,"name":"Desde ma\u00f1ana Festival de Teatro Guadalupe en Yopal. M\u00e1s de 200 artistas en escena."}]},{"@type":"WebSite","@id":"https:\/\/marthacifuentes.com\/portada\/#website","url":"https:\/\/marthacifuentes.com\/portada\/","name":"\u25b7 Noticias de Casanare : Martha Cifuentes | Casanare","description":"Noticias &amp; Contenidos","potentialAction":[{"@type":"SearchAction","target":{"@type":"EntryPoint","urlTemplate":"https:\/\/marthacifuentes.com\/portada\/?s={search_term_string}"},"query-input":{"@type":"PropertyValueSpecification","valueRequired":true,"valueName":"search_term_string"}}],"inLanguage":"es"},{"@type":"Person","@id":"https:\/\/marthacifuentes.com\/portada\/#\/schema\/person\/57f53174b991db5f90ff78d58502b714","name":"Martha Cifuentes","image":{"@type":"ImageObject","inLanguage":"es","@id":"https:\/\/marthacifuentes.com\/portada\/#\/schema\/person\/image\/","url":"http:\/\/marthacifuentes.com\/portada\/wp-content\/uploads\/2018\/06\/avatar_user_2_1528838701-96x96.jpg","contentUrl":"http:\/\/marthacifuentes.com\/portada\/wp-content\/uploads\/2018\/06\/avatar_user_2_1528838701-96x96.jpg","caption":"Martha Cifuentes"},"sameAs":["http:\/\/www.marthacifuentes.com"],"url":"https:\/\/marthacifuentes.com\/portada\/author\/martha\/"}]}},"_links":{"self":[{"href":"https:\/\/marthacifuentes.com\/portada\/wp-json\/wp\/v2\/posts\/34214","targetHints":{"allow":["GET"]}}],"collection":[{"href":"https:\/\/marthacifuentes.com\/portada\/wp-json\/wp\/v2\/posts"}],"about":[{"href":"https:\/\/marthacifuentes.com\/portada\/wp-json\/wp\/v2\/types\/post"}],"author":[{"embeddable":true,"href":"https:\/\/marthacifuentes.com\/portada\/wp-json\/wp\/v2\/users\/2"}],"replies":[{"embeddable":true,"href":"https:\/\/marthacifuentes.com\/portada\/wp-json\/wp\/v2\/comments?post=34214"}],"version-history":[{"count":1,"href":"https:\/\/marthacifuentes.com\/portada\/wp-json\/wp\/v2\/posts\/34214\/revisions"}],"predecessor-version":[{"id":34219,"href":"https:\/\/marthacifuentes.com\/portada\/wp-json\/wp\/v2\/posts\/34214\/revisions\/34219"}],"wp:featuredmedia":[{"embeddable":true,"href":"https:\/\/marthacifuentes.com\/portada\/wp-json\/wp\/v2\/media\/34215"}],"wp:attachment":[{"href":"https:\/\/marthacifuentes.com\/portada\/wp-json\/wp\/v2\/media?parent=34214"}],"wp:term":[{"taxonomy":"category","embeddable":true,"href":"https:\/\/marthacifuentes.com\/portada\/wp-json\/wp\/v2\/categories?post=34214"},{"taxonomy":"post_tag","embeddable":true,"href":"https:\/\/marthacifuentes.com\/portada\/wp-json\/wp\/v2\/tags?post=34214"}],"curies":[{"name":"wp","href":"https:\/\/api.w.org\/{rel}","templated":true}]}}