{"id":34252,"date":"2024-10-19T20:45:30","date_gmt":"2024-10-20T01:45:30","guid":{"rendered":"https:\/\/marthacifuentes.com\/portada\/?p=34252"},"modified":"2024-10-21T05:38:24","modified_gmt":"2024-10-21T10:38:24","slug":"parte-de-obras-faltantes-de-la-ptap-yopal-seran-construidas-por-gobernacion-de-casanare","status":"publish","type":"post","link":"https:\/\/marthacifuentes.com\/portada\/parte-de-obras-faltantes-de-la-ptap-yopal-seran-construidas-por-gobernacion-de-casanare\/","title":{"rendered":"Parte de obras faltantes de la PTAP Yopal, ser\u00e1n construidas por Gobernaci\u00f3n de Casanare"},"content":{"rendered":"<p>Con el \u00e1nimo de avanzar en el inconcluso sistema de abastecimiento de agua potable de Yopal, la Gobernaci\u00f3n de Casanare prioriz\u00f3 y aprob\u00f3 el proyecto de construcci\u00f3n de la l\u00ednea de conducci\u00f3n y obras de protecci\u00f3n desde la vereda La Vega hasta el puente de La Cabuya, por 34.821 millones de pesos.<\/p>\n<p>Estos recursos corresponden a asignaciones directas del Sistema General de Regal\u00edas del Departamento de Casanare del bienio 2023-2024 (10.446 millones de pesos) y vigencias futuras del bienio 2025-2026 (por 24.375 millones de pesos).<\/p>\n<p>Parad\u00f3jicamente, el gobernador de Casanare, C\u00e9sar Ortiz Zorro, tendr\u00e1 la misi\u00f3n de concluir una obra, que arranc\u00f3 luego de una protesta ciudadana, en la que \u00e9l mismo particip\u00f3 junto a otros l\u00edderes sociales de la \u00e9poca en 2013-2014, cuando a\u00fan no se vislumbraba la construcci\u00f3n de la PTAP.<\/p>\n<p><img loading=\"lazy\" decoding=\"async\" class=\"size-full wp-image-34254 aligncenter\" src=\"https:\/\/marthacifuentes.com\/portada\/wp-content\/uploads\/2024\/10\/PTAP-PROTESTA-PTAP-YOPAL-2014.png\" alt=\"\" width=\"509\" height=\"599\" srcset=\"https:\/\/marthacifuentes.com\/portada\/wp-content\/uploads\/2024\/10\/PTAP-PROTESTA-PTAP-YOPAL-2014.png 509w, https:\/\/marthacifuentes.com\/portada\/wp-content\/uploads\/2024\/10\/PTAP-PROTESTA-PTAP-YOPAL-2014-255x300.png 255w\" sizes=\"auto, (max-width: 509px) 100vw, 509px\" \/><\/p>\n<p>&nbsp;<\/p>\n<p><strong>Acuatodos ser\u00e1 la ejecutora de la l\u00ednea de conducci\u00f3n<\/strong><\/p>\n<p>La entidad ejecutora de este proyecto que comprende el tramo K2+069 a K3+511 ser\u00e1 la Empresa Departamental de Servicios P\u00fablicos de Casanare, Acuatodos.<\/p>\n<p>Para ello dispondr\u00e1 de 32.151 millones para la construcci\u00f3n y 2.670 millones para la interventor\u00eda.<\/p>\n<p>El plazo de ejecuci\u00f3n de la l\u00ednea de conducci\u00f3n ser\u00e1 de 16 meses.<\/p>\n<p>Este proyecto ya ven\u00eda siendo viabilizado desde el gobierno departamental anterior, pero faltaba concretar la l\u00ednea de conducci\u00f3n desde el puente de la Cabuya hasta el sitio conocido como el apartamento en Yopal.<\/p>\n<p><img loading=\"lazy\" decoding=\"async\" class=\"size-full wp-image-34256 aligncenter\" src=\"https:\/\/marthacifuentes.com\/portada\/wp-content\/uploads\/2024\/10\/PTAP-YOPAL-APROBADOS-RECURSOS-.png\" alt=\"\" width=\"638\" height=\"816\" srcset=\"https:\/\/marthacifuentes.com\/portada\/wp-content\/uploads\/2024\/10\/PTAP-YOPAL-APROBADOS-RECURSOS-.png 638w, https:\/\/marthacifuentes.com\/portada\/wp-content\/uploads\/2024\/10\/PTAP-YOPAL-APROBADOS-RECURSOS--235x300.png 235w\" sizes=\"auto, (max-width: 638px) 100vw, 638px\" \/><\/p>\n<p>&nbsp;<\/p>\n<p><strong>Contexto<\/strong><\/p>\n<p>En mayo 29 de 2011 la planta de tratamiento de agua potable de Yopal colaps\u00f3 producto del intenso invierno de ese a\u00f1o.<\/p>\n<p>Desde ese momento la ciudad vivi\u00f3 varios a\u00f1os sin el servicio de agua potable, que incluso gener\u00f3 violentas protestas en la ciudad, siendo las m\u00e1s graves en 2013 y 2014.<\/p>\n<p>&nbsp;<\/p>\n<p><strong>8 a\u00f1os en construcci\u00f3n de la PTAP<\/strong><\/p>\n<p>Sin embargo, solo hasta 2016 y a expensas de una acci\u00f3n popular, fue contratado el sistema de abastecimiento de agua potable por un monto aproximado de 67 mil millones de pesos, con recursos aportados por la Gobernaci\u00f3n de Casanare (Marco Tulio Ruiz como gobernador) y el gobierno nacional.<\/p>\n<p>Lamentablemente los estudios y dise\u00f1os quedaron mal hechos y se fueron refaccionando en el camino a trav\u00e9s de m\u00e1s de 9 reformulaciones.<\/p>\n<p>Esto implic\u00f3 mayores costos y a la postre, dejar de hacer algunas de las obras propuestas en los dise\u00f1os originales.<\/p>\n<p>Finalmente se construy\u00f3 la PTAP definitiva en la vereda La Vega. Pero qued\u00f3 faltando la l\u00ednea de conducci\u00f3n desde esta hasta Yopal. Por ello debi\u00f3 recurrirse a un remiendo: las antiguas l\u00edneas de conducci\u00f3n de 16 y 18 pulgadas que conectaban la quebrada La Tablona.<\/p>\n<p>Precisamente con la construcci\u00f3n de la l\u00ednea de conducci\u00f3n de 36 pulgadas se va a dar otro paso para su terminaci\u00f3n.<\/p>\n<p>A la fecha en este proyecto se han invertido m\u00e1s de 95 mil millones de pesos. Y ser\u00e1 la Gobernaci\u00f3n de Casanare la que se encargue de terminar esta obra que arranc\u00f3 en 2016, producto de una asonada y una acci\u00f3n popular.<\/p>\n<h2><strong>Otras noticias&#8230;<\/strong><\/h2>\n<blockquote class=\"wp-embedded-content\" data-secret=\"133hDF5hOw\"><p><a href=\"https:\/\/marthacifuentes.com\/portada\/2024\/10\/19\/capturado-alias-kiliam-presunto-cabecilla-de-disidencias-de-las-farc-frente-28-en-casanare\/\">Capturado alias Kiliam, presunto cabecilla de disidencias de las Farc, frente 28 en Casanare<\/a><\/p><\/blockquote>\n<p><iframe loading=\"lazy\" class=\"wp-embedded-content\" sandbox=\"allow-scripts\" security=\"restricted\" style=\"position: absolute; clip: rect(1px, 1px, 1px, 1px);\" title=\"\u00abCapturado alias Kiliam, presunto cabecilla de disidencias de las Farc, frente 28 en Casanare\u00bb \u2014 \u25b7 Noticias de Casanare : Martha Cifuentes | Casanare\" src=\"https:\/\/marthacifuentes.com\/portada\/2024\/10\/19\/capturado-alias-kiliam-presunto-cabecilla-de-disidencias-de-las-farc-frente-28-en-casanare\/embed\/#?secret=5mP0FuyXZ6#?secret=133hDF5hOw\" data-secret=\"133hDF5hOw\" width=\"500\" height=\"282\" frameborder=\"0\" marginwidth=\"0\" marginheight=\"0\" scrolling=\"no\"><\/iframe><\/p>\n<p><iframe loading=\"lazy\" class=\"wp-embedded-content\" title=\"\u00abEstudiantes de San Luis de Palenque y Trinidad celebran llegada de m\u00e1s de 3.000 tablets, entregadas por Gobernaci\u00f3n de Casanare\u00bb \u2014 \u25b7 Noticias de Casanare : Martha Cifuentes | Casanare\" src=\"https:\/\/marthacifuentes.com\/portada\/2024\/10\/19\/estudiantes-de-san-luis-de-palenque-y-trinidad-celebran-llegada-de-mas-de-3-000-tablets-entregadas-por-gobernacion-de-casanare\/embed\/#?secret=t3Ehy1yhef#?secret=N38eawzYrQ\" width=\"600\" height=\"650\" frameborder=\"0\" marginwidth=\"0\" marginheight=\"0\" scrolling=\"no\" sandbox=\"allow-scripts\" data-secret=\"N38eawzYrQ\" data-mce-fragment=\"1\"><\/iframe><\/p>\n<p><iframe loading=\"lazy\" class=\"wp-embedded-content\" title=\"\u00ab\u00bfPor atraco o sicariato? Pareja abaleada en comuna 2 de Yopal. La mujer muri\u00f3.\u00bb \u2014 \u25b7 Noticias de Casanare : Martha Cifuentes | Casanare\" src=\"https:\/\/marthacifuentes.com\/portada\/2024\/10\/19\/por-atraco-o-sicariato-pareja-abaleada-en-comuna-2-de-yopal-la-mujer-murio\/embed\/#?secret=qEyCrVpamw#?secret=VN3RbAi81g\" width=\"600\" height=\"600\" frameborder=\"0\" marginwidth=\"0\" marginheight=\"0\" scrolling=\"no\" sandbox=\"allow-scripts\" data-secret=\"VN3RbAi81g\" data-mce-fragment=\"1\"><\/iframe><\/p>\n<p><iframe loading=\"lazy\" class=\"wp-embedded-content\" title=\"\u00abSe conocen cifras reales de millonaria deuda de Capresoca con Cl\u00ednica Casanare tras denuncia penal de exgerente de la IPS contra diputado Heyder Silva.\u00a0\u00bb \u2014 \u25b7 Noticias de Casanare : Martha Cifuentes | Casanare\" src=\"https:\/\/marthacifuentes.com\/portada\/2024\/10\/17\/se-conocen-cifras-reales-de-millonaria-deuda-de-capresoca-con-clinica-casanare-tras-denuncia-penal-de-exgerente-de-la-ips-contra-diputado-heyder-silva\/embed\/#?secret=q4qN90SEno#?secret=4bygdqABxD\" width=\"600\" height=\"629\" frameborder=\"0\" marginwidth=\"0\" marginheight=\"0\" scrolling=\"no\" sandbox=\"allow-scripts\" data-secret=\"4bygdqABxD\" data-mce-fragment=\"1\"><\/iframe><\/p>\n<p><iframe loading=\"lazy\" class=\"wp-embedded-content\" title=\"\u00abZorro y Marco Tulio, ahora en la Comisi\u00f3n Rectora de Regal\u00edas. Su reto: planificar y distribuirlas equitativamente.\u00bb \u2014 \u25b7 Noticias de Casanare : Martha Cifuentes | Casanare\" src=\"https:\/\/marthacifuentes.com\/portada\/2024\/10\/16\/zorro-y-marco-tulio-ahora-en-la-comision-rectora-de-regalias-su-reto-planificar-y-distribuirlas-equitativamente\/embed\/#?secret=QcIhUSImy5#?secret=uno8r2b5E4\" width=\"600\" height=\"594\" frameborder=\"0\" marginwidth=\"0\" marginheight=\"0\" scrolling=\"no\" sandbox=\"allow-scripts\" data-secret=\"uno8r2b5E4\" data-mce-fragment=\"1\"><\/iframe><\/p>\n<p><iframe loading=\"lazy\" class=\"wp-embedded-content\" title=\"\u00abDesde ma\u00f1ana Festival de Teatro Guadalupe en Yopal. M\u00e1s de 200 artistas en escena.\u00bb \u2014 \u25b7 Noticias de Casanare : Martha Cifuentes | Casanare\" src=\"https:\/\/marthacifuentes.com\/portada\/2024\/10\/16\/desde-manana-festival-de-teatro-guadalupe-en-yopal-mas-de-200-artistas-en-escena\/embed\/#?secret=LM42nN9ghn#?secret=5kSijUa9EN\" width=\"600\" height=\"600\" frameborder=\"0\" marginwidth=\"0\" marginheight=\"0\" scrolling=\"no\" sandbox=\"allow-scripts\" data-secret=\"5kSijUa9EN\" data-mce-fragment=\"1\"><\/iframe><\/p>\n<p><iframe loading=\"lazy\" class=\"wp-embedded-content\" title=\"\u00abMillonaria deuda de Capresoca a\u00fan no pone en riesgo al Horo. Gerente descarta intervenci\u00f3n\u00bb \u2014 \u25b7 Noticias de Casanare : Martha Cifuentes | Casanare\" src=\"https:\/\/marthacifuentes.com\/portada\/2024\/10\/11\/millonaria-deuda-de-capresoca-aun-no-pone-en-riesgo-al-horo-gerente-descarta-intervencion\/embed\/#?secret=7GD0m5YnYq#?secret=JHRLWfvjWr\" width=\"600\" height=\"597\" frameborder=\"0\" marginwidth=\"0\" marginheight=\"0\" scrolling=\"no\" sandbox=\"allow-scripts\" data-secret=\"JHRLWfvjWr\" data-mce-fragment=\"1\"><\/iframe><\/p>\n<p><iframe loading=\"lazy\" class=\"wp-embedded-content\" title=\"\u00abCultura, deporte y naturaleza en Casanare: turismo para todos en este fin de semana con festivo\u00bb \u2014 \u25b7 Noticias de Casanare : Martha Cifuentes | Casanare\" src=\"https:\/\/marthacifuentes.com\/portada\/2024\/10\/11\/cultura-deporte-y-naturaleza-en-casanare-turismo-para-todos-en-este-fin-de-semana-con-festivo\/embed\/#?secret=sds71W54bn#?secret=jNVK5cq2wm\" width=\"600\" height=\"621\" frameborder=\"0\" marginwidth=\"0\" marginheight=\"0\" scrolling=\"no\" sandbox=\"allow-scripts\" data-secret=\"jNVK5cq2wm\" data-mce-fragment=\"1\"><\/iframe><\/p>\n<p><iframe loading=\"lazy\" class=\"wp-embedded-content\" title=\"\u00abMujer desmembrada en Yopal fue identificada. Su hijo est\u00e1 desaparecido.\u00bb \u2014 \u25b7 Noticias de Casanare : Martha Cifuentes | Casanare\" src=\"https:\/\/marthacifuentes.com\/portada\/2024\/10\/11\/mujer-desmembrada-en-yopal-fue-identificada-su-hijo-esta-desaparecido\/embed\/#?secret=JN8ZMwiipS#?secret=aBRuBOZjok\" width=\"600\" height=\"621\" frameborder=\"0\" marginwidth=\"0\" marginheight=\"0\" scrolling=\"no\" sandbox=\"allow-scripts\" data-secret=\"aBRuBOZjok\" data-mce-fragment=\"1\"><\/iframe><\/p>\n<p><iframe loading=\"lazy\" class=\"wp-embedded-content\" title=\"\u00abV\u00edctimas de \u2018falsos positivos\u2019 en Casanare decidir\u00e1n si aceptan o no devoluci\u00f3n de medalla de Torres Escalante\u00bb \u2014 \u25b7 Noticias de Casanare : Martha Cifuentes | Casanare\" src=\"https:\/\/marthacifuentes.com\/portada\/2024\/10\/11\/victimas-de-falsos-positivos-en-casanare-decidiran-si-aceptan-o-no-devolucion-de-medalla-de-torres-escalante\/embed\/#?secret=d8DbSLpq60#?secret=rnUkOFO4ez\" width=\"600\" height=\"650\" frameborder=\"0\" marginwidth=\"0\" marginheight=\"0\" scrolling=\"no\" sandbox=\"allow-scripts\" data-secret=\"rnUkOFO4ez\" data-mce-fragment=\"1\"><\/iframe><\/p>\n<p><iframe loading=\"lazy\" class=\"wp-embedded-content\" title=\"\u00abBrigada Humanitaria M\u00e9dico Art\u00edstica ma\u00f1ana en Llano Lindo, Yopal\u00bb \u2014 \u25b7 Noticias de Casanare : Martha Cifuentes | Casanare\" src=\"https:\/\/marthacifuentes.com\/portada\/2024\/10\/11\/brigada-humanitaria-medico-artistica-manana-en-llano-lindo-yopal\/embed\/#?secret=NBHUWVdEzL#?secret=SBLWRASZjx\" width=\"600\" height=\"621\" frameborder=\"0\" marginwidth=\"0\" marginheight=\"0\" scrolling=\"no\" sandbox=\"allow-scripts\" data-secret=\"SBLWRASZjx\" data-mce-fragment=\"1\"><\/iframe><\/p>\n<p><iframe loading=\"lazy\" class=\"wp-embedded-content\" title=\"\u00abM\u00e1s de 400 puntos cr\u00edticos y 35 kil\u00f3metros de v\u00edas han sido rehabilitados en Yopal seg\u00fan Alcald\u00eda\u00bb \u2014 \u25b7 Noticias de Casanare : Martha Cifuentes | Casanare\" src=\"https:\/\/marthacifuentes.com\/portada\/2024\/10\/11\/mas-de-400-puntos-criticos-y-35-kilometros-de-vias-han-sido-rehabilitados-en-yopal-segun-alcaldia\/embed\/#?secret=bLbU3PweyI#?secret=luuKat5cZw\" width=\"600\" height=\"621\" frameborder=\"0\" marginwidth=\"0\" marginheight=\"0\" scrolling=\"no\" sandbox=\"allow-scripts\" data-secret=\"luuKat5cZw\" data-mce-fragment=\"1\"><\/iframe><\/p>\n<p><iframe loading=\"lazy\" class=\"wp-embedded-content\" title=\"\u00abUsuarios de Capresoca tienen garantizados sus servicios: Agente Interventor\u00bb \u2014 \u25b7 Noticias de Casanare : Martha Cifuentes | Casanare\" src=\"https:\/\/marthacifuentes.com\/portada\/2024\/10\/11\/usuarios-de-capresoca-tienen-garantizados-sus-servicios-agente-interventor\/embed\/#?secret=5FnuQusnCK#?secret=lpiWILmAL8\" width=\"600\" height=\"621\" frameborder=\"0\" marginwidth=\"0\" marginheight=\"0\" scrolling=\"no\" sandbox=\"allow-scripts\" data-secret=\"lpiWILmAL8\" data-mce-fragment=\"1\"><\/iframe><\/p>\n<p><iframe loading=\"lazy\" class=\"wp-embedded-content\" title=\"\u00abCasanare gan\u00f3 sala de lactancia para Yopal. Gestora social del Departamento lider\u00f3 el tema.\u00bb \u2014 \u25b7 Noticias de Casanare : Martha Cifuentes | Casanare\" src=\"https:\/\/marthacifuentes.com\/portada\/2024\/10\/10\/casanare-gano-sala-de-lactancia-para-yopal-gestora-social-del-departamento-lidero-el-tema\/embed\/#?secret=paqXzDDhlz#?secret=h5JBvp4foh\" width=\"600\" height=\"621\" frameborder=\"0\" marginwidth=\"0\" marginheight=\"0\" scrolling=\"no\" sandbox=\"allow-scripts\" data-secret=\"h5JBvp4foh\" data-mce-fragment=\"1\"><\/iframe><\/p>\n<p><iframe loading=\"lazy\" class=\"wp-embedded-content\" title=\"\u00abGremio constructor quiere participar de la torta de proyectos de infraestructura y vivienda en Casanare\u00bb \u2014 \u25b7 Noticias de Casanare : Martha Cifuentes | Casanare\" src=\"https:\/\/marthacifuentes.com\/portada\/2024\/10\/10\/gremio-constructor-quiere-participar-de-la-torta-de-proyectos-de-infraestructura-y-vivienda-en-casanare\/embed\/#?secret=iIHEPunc7W#?secret=VRxSpfvwvs\" width=\"600\" height=\"621\" frameborder=\"0\" marginwidth=\"0\" marginheight=\"0\" scrolling=\"no\" sandbox=\"allow-scripts\" data-secret=\"VRxSpfvwvs\" data-mce-fragment=\"1\"><\/iframe><\/p>\n<p><iframe loading=\"lazy\" class=\"wp-embedded-content\" title=\"\u00abPlanta de secado de arroz en San Luis de Palenque tendr\u00e1 capacidad de secado de 37 mil toneladas\u00bb \u2014 \u25b7 Noticias de Casanare : Martha Cifuentes | Casanare\" src=\"https:\/\/marthacifuentes.com\/portada\/2024\/10\/10\/planta-de-secado-de-arroz-en-san-luis-de-palenque-tendra-capacidad-de-secado-de-37-mil-toneladas\/embed\/#?secret=KbhserhyUP#?secret=WXXfF4LmVf\" width=\"600\" height=\"621\" frameborder=\"0\" marginwidth=\"0\" marginheight=\"0\" scrolling=\"no\" sandbox=\"allow-scripts\" data-secret=\"WXXfF4LmVf\" data-mce-fragment=\"1\"><\/iframe><\/p>\n<p><iframe loading=\"lazy\" class=\"wp-embedded-content\" title=\"\u00ab\u00bfCarolina Mari\u00f1o, \u201cla nueva bendecida\u201d para dirigir Corporinoquia, tras fall\u00f3 que anul\u00f3 elecci\u00f3n de Doris Bernal?\u00bb \u2014 \u25b7 Noticias de Casanare : Martha Cifuentes | Casanare\" src=\"https:\/\/marthacifuentes.com\/portada\/2024\/10\/07\/carolina-marino-la-nueva-bendecida-para-dirigir-corporinoquia-tras-fallo-que-anulo-eleccion-de-doris-bernal\/embed\/#?secret=xIcF4fvODB#?secret=7gvlU0ae88\" width=\"600\" height=\"629\" frameborder=\"0\" marginwidth=\"0\" marginheight=\"0\" scrolling=\"no\" sandbox=\"allow-scripts\" data-secret=\"7gvlU0ae88\" data-mce-fragment=\"1\"><\/iframe><\/p>\n<p><iframe loading=\"lazy\" class=\"wp-embedded-content\" title=\"\u00abYopal: \u00bfNueva plaza de guerra por microtr\u00e1fico? Persona descuartizada y un sicariato en menos de 24 horas.\u00bb \u2014 \u25b7 Noticias de Casanare : Martha Cifuentes | Casanare\" src=\"https:\/\/marthacifuentes.com\/portada\/2024\/10\/04\/yopal-nueva-plaza-de-guerra-por-microtrafico-persona-descuartizada-y-un-sicariato-en-menos-de-24-horas\/embed\/#?secret=X6h0tCVMzB#?secret=787ykpmYdZ\" width=\"600\" height=\"650\" frameborder=\"0\" marginwidth=\"0\" marginheight=\"0\" scrolling=\"no\" sandbox=\"allow-scripts\" data-secret=\"787ykpmYdZ\" data-mce-fragment=\"1\"><\/iframe><\/p>\n<p><iframe loading=\"lazy\" class=\"wp-embedded-content\" title=\"\u00abEaaay, manga por hombro. Trabajadores se toman la empresa mientras Superservicios nombra otro agente interventor.\u00bb \u2014 \u25b7 Noticias de Casanare : Martha Cifuentes | Casanare\" src=\"https:\/\/marthacifuentes.com\/portada\/2024\/10\/03\/eaaay-manga-por-hombro-trabajadores-se-toman-la-empresa-mientras-superservicios-nombra-otro-agente-interventor\/embed\/#?secret=2e9pbunZSm#?secret=CogTjL2KLJ\" width=\"600\" height=\"556\" frameborder=\"0\" marginwidth=\"0\" marginheight=\"0\" scrolling=\"no\" sandbox=\"allow-scripts\" data-secret=\"CogTjL2KLJ\" data-mce-fragment=\"1\"><\/iframe><\/p>\n<p><iframe loading=\"lazy\" class=\"wp-embedded-content\" title=\"\u00abDeuda de Capresoca con Ese Salud Yopal pone en jaque la salud de sus afiliados. Se restringir\u00e1n servicios.\u00bb \u2014 \u25b7 Noticias de Casanare : Martha Cifuentes | Casanare\" src=\"https:\/\/marthacifuentes.com\/portada\/2024\/10\/02\/deuda-de-capresoca-con-ese-salud-yopal-pone-en-jaque-la-salud-de-sus-afiliados-se-restringiran-servicios\/embed\/#?secret=zw9mrZKYxu#?secret=dBMoeWTEan\" width=\"600\" height=\"540\" frameborder=\"0\" marginwidth=\"0\" marginheight=\"0\" scrolling=\"no\" sandbox=\"allow-scripts\" data-secret=\"dBMoeWTEan\" data-mce-fragment=\"1\"><\/iframe><\/p>\n<p><iframe loading=\"lazy\" class=\"wp-embedded-content\" title=\"\u00abEaaay: Intervenci\u00f3n, d\u00e9ficit presupuestal, M\u00c1S burocracia y sin plata para n\u00f3mina\u00bb \u2014 \u25b7 Noticias de Casanare : Martha Cifuentes | Casanare\" src=\"https:\/\/marthacifuentes.com\/portada\/2024\/10\/01\/eaaay-intervencion-deficit-presupuestal-mas-burocracia-y-sin-plata-para-nomina\/embed\/#?secret=c9pqF9MHZh#?secret=x5XovOFmhj\" width=\"600\" height=\"571\" frameborder=\"0\" marginwidth=\"0\" marginheight=\"0\" scrolling=\"no\" sandbox=\"allow-scripts\" data-secret=\"x5XovOFmhj\" data-mce-fragment=\"1\"><\/iframe><\/p>\n<p><iframe loading=\"lazy\" class=\"wp-embedded-content\" title=\"\u00abYa viene el Simulacro Nacional este 2 de octubre. Casanare preparada\u00bb \u2014 \u25b7 Noticias de Casanare : Martha Cifuentes | Casanare\" src=\"https:\/\/marthacifuentes.com\/portada\/2024\/09\/30\/ya-viene-el-simulacro-nacional-este-2-de-octubre-casanare-preparada\/embed\/#?secret=IF1AEoEOug#?secret=V2zH5HQSHf\" width=\"600\" height=\"511\" frameborder=\"0\" marginwidth=\"0\" marginheight=\"0\" scrolling=\"no\" sandbox=\"allow-scripts\" data-secret=\"V2zH5HQSHf\" data-mce-fragment=\"1\"><\/iframe><\/p>\n<p><iframe loading=\"lazy\" class=\"wp-embedded-content\" title=\"\u00abHospital Itinerante brinda m\u00e1s de 1.670 atenciones en salud en T\u00e1mara, Casanare\u00bb \u2014 \u25b7 Noticias de Casanare : Martha Cifuentes | Casanare\" src=\"https:\/\/marthacifuentes.com\/portada\/2024\/09\/30\/hospital-itinerante-brinda-mas-de-1-670-atenciones-en-salud-en-tamara-casanare\/embed\/#?secret=ZLbhXZRUTN#?secret=UaBZ2yTcvO\" width=\"600\" height=\"621\" frameborder=\"0\" marginwidth=\"0\" marginheight=\"0\" scrolling=\"no\" sandbox=\"allow-scripts\" data-secret=\"UaBZ2yTcvO\" data-mce-fragment=\"1\"><\/iframe><\/p>\n<p>&nbsp;<\/p>\n","protected":false},"excerpt":{"rendered":"<p>Con el \u00e1nimo de avanzar en el inconcluso sistema de abastecimiento de agua potable de Yopal, la Gobernaci\u00f3n de Casanare prioriz\u00f3 y aprob\u00f3 el proyecto de construcci\u00f3n de la l\u00ednea de conducci\u00f3n y obras de protecci\u00f3n desde la vereda La Vega hasta el puente de La Cabuya, por 34.821 millones de pesos. Estos recursos corresponden &hellip;<\/p>\n","protected":false},"author":2,"featured_media":34253,"comment_status":"open","ping_status":"open","sticky":false,"template":"","format":"standard","meta":{"om_disable_all_campaigns":false,"_exactmetrics_skip_tracking":false,"_exactmetrics_sitenote_active":false,"_exactmetrics_sitenote_note":"","_exactmetrics_sitenote_category":0,"_monsterinsights_skip_tracking":false,"_monsterinsights_sitenote_active":false,"_monsterinsights_sitenote_note":"","_monsterinsights_sitenote_category":0,"_uf_show_specific_survey":0,"_uf_disable_surveys":false,"_joinchat":[],"footnotes":""},"categories":[147,146,145],"tags":[11278,11277,11276,1400,2224],"class_list":["post-34252","post","type-post","status-publish","format-standard","has-post-thumbnail","hentry","category-actualidad","category-noticias","category-reportajes","tag-agua-potable-yopal-linea-de-conduccion-vereda-la-vega-ptap","tag-gobernacion-construira-linea-de-conduccion-yopal","tag-linea-de-conduccion-ptap-yopal","tag-noticias-casanare","tag-noticias-ptap-yopal"],"yoast_head":"<!-- This site is optimized with the Yoast SEO plugin v26.1 - https:\/\/yoast.com\/wordpress\/plugins\/seo\/ -->\n<title>Parte de obras faltantes de la PTAP Yopal, ser\u00e1n construidas por Gobernaci\u00f3n de Casanare - \u25b7 Noticias de Casanare : Martha Cifuentes | Casanare<\/title>\n<meta name=\"robots\" content=\"index, follow, max-snippet:-1, max-image-preview:large, max-video-preview:-1\" \/>\n<link rel=\"canonical\" href=\"https:\/\/marthacifuentes.com\/portada\/parte-de-obras-faltantes-de-la-ptap-yopal-seran-construidas-por-gobernacion-de-casanare\/\" \/>\n<meta property=\"og:locale\" content=\"es_ES\" \/>\n<meta property=\"og:type\" content=\"article\" \/>\n<meta property=\"og:title\" content=\"Parte de obras faltantes de la PTAP Yopal, ser\u00e1n construidas por Gobernaci\u00f3n de Casanare - \u25b7 Noticias de Casanare : Martha Cifuentes | Casanare\" \/>\n<meta property=\"og:description\" content=\"Con el \u00e1nimo de avanzar en el inconcluso sistema de abastecimiento de agua potable de Yopal, la Gobernaci\u00f3n de Casanare prioriz\u00f3 y aprob\u00f3 el proyecto de construcci\u00f3n de la l\u00ednea de conducci\u00f3n y obras de protecci\u00f3n desde la vereda La Vega hasta el puente de La Cabuya, por 34.821 millones de pesos. Estos recursos corresponden &hellip;\" \/>\n<meta property=\"og:url\" content=\"https:\/\/marthacifuentes.com\/portada\/parte-de-obras-faltantes-de-la-ptap-yopal-seran-construidas-por-gobernacion-de-casanare\/\" \/>\n<meta property=\"og:site_name\" content=\"\u25b7 Noticias de Casanare : Martha Cifuentes | Casanare\" \/>\n<meta property=\"article:published_time\" content=\"2024-10-20T01:45:30+00:00\" \/>\n<meta property=\"article:modified_time\" content=\"2024-10-21T10:38:24+00:00\" \/>\n<meta property=\"og:image\" content=\"https:\/\/marthacifuentes.com\/portada\/wp-content\/uploads\/2024\/10\/PTAP-LINEA-DE-CONDUCCION-2-1024x576-1.jpg\" \/>\n\t<meta property=\"og:image:width\" content=\"1024\" \/>\n\t<meta property=\"og:image:height\" content=\"576\" \/>\n\t<meta property=\"og:image:type\" content=\"image\/jpeg\" \/>\n<meta name=\"author\" content=\"Martha Cifuentes\" \/>\n<meta name=\"twitter:card\" content=\"summary_large_image\" \/>\n<meta name=\"twitter:label1\" content=\"Escrito por\" \/>\n\t<meta name=\"twitter:data1\" content=\"Martha Cifuentes\" \/>\n\t<meta name=\"twitter:label2\" content=\"Tiempo de lectura\" \/>\n\t<meta name=\"twitter:data2\" content=\"3 minutos\" \/>\n<script type=\"application\/ld+json\" class=\"yoast-schema-graph\">{\"@context\":\"https:\/\/schema.org\",\"@graph\":[{\"@type\":\"WebPage\",\"@id\":\"https:\/\/marthacifuentes.com\/portada\/parte-de-obras-faltantes-de-la-ptap-yopal-seran-construidas-por-gobernacion-de-casanare\/\",\"url\":\"https:\/\/marthacifuentes.com\/portada\/parte-de-obras-faltantes-de-la-ptap-yopal-seran-construidas-por-gobernacion-de-casanare\/\",\"name\":\"Parte de obras faltantes de la PTAP Yopal, ser\u00e1n construidas por Gobernaci\u00f3n de Casanare - \u25b7 Noticias de Casanare : Martha Cifuentes | Casanare\",\"isPartOf\":{\"@id\":\"https:\/\/marthacifuentes.com\/portada\/#website\"},\"primaryImageOfPage\":{\"@id\":\"https:\/\/marthacifuentes.com\/portada\/parte-de-obras-faltantes-de-la-ptap-yopal-seran-construidas-por-gobernacion-de-casanare\/#primaryimage\"},\"image\":{\"@id\":\"https:\/\/marthacifuentes.com\/portada\/parte-de-obras-faltantes-de-la-ptap-yopal-seran-construidas-por-gobernacion-de-casanare\/#primaryimage\"},\"thumbnailUrl\":\"https:\/\/marthacifuentes.com\/portada\/wp-content\/uploads\/2024\/10\/PTAP-LINEA-DE-CONDUCCION-2-1024x576-1.jpg\",\"datePublished\":\"2024-10-20T01:45:30+00:00\",\"dateModified\":\"2024-10-21T10:38:24+00:00\",\"author\":{\"@id\":\"https:\/\/marthacifuentes.com\/portada\/#\/schema\/person\/57f53174b991db5f90ff78d58502b714\"},\"breadcrumb\":{\"@id\":\"https:\/\/marthacifuentes.com\/portada\/parte-de-obras-faltantes-de-la-ptap-yopal-seran-construidas-por-gobernacion-de-casanare\/#breadcrumb\"},\"inLanguage\":\"es\",\"potentialAction\":[{\"@type\":\"ReadAction\",\"target\":[\"https:\/\/marthacifuentes.com\/portada\/parte-de-obras-faltantes-de-la-ptap-yopal-seran-construidas-por-gobernacion-de-casanare\/\"]}]},{\"@type\":\"ImageObject\",\"inLanguage\":\"es\",\"@id\":\"https:\/\/marthacifuentes.com\/portada\/parte-de-obras-faltantes-de-la-ptap-yopal-seran-construidas-por-gobernacion-de-casanare\/#primaryimage\",\"url\":\"https:\/\/marthacifuentes.com\/portada\/wp-content\/uploads\/2024\/10\/PTAP-LINEA-DE-CONDUCCION-2-1024x576-1.jpg\",\"contentUrl\":\"https:\/\/marthacifuentes.com\/portada\/wp-content\/uploads\/2024\/10\/PTAP-LINEA-DE-CONDUCCION-2-1024x576-1.jpg\",\"width\":1024,\"height\":576},{\"@type\":\"BreadcrumbList\",\"@id\":\"https:\/\/marthacifuentes.com\/portada\/parte-de-obras-faltantes-de-la-ptap-yopal-seran-construidas-por-gobernacion-de-casanare\/#breadcrumb\",\"itemListElement\":[{\"@type\":\"ListItem\",\"position\":1,\"name\":\"Portada\",\"item\":\"https:\/\/marthacifuentes.com\/portada\/\"},{\"@type\":\"ListItem\",\"position\":2,\"name\":\"Parte de obras faltantes de la PTAP Yopal, ser\u00e1n construidas por Gobernaci\u00f3n de Casanare\"}]},{\"@type\":\"WebSite\",\"@id\":\"https:\/\/marthacifuentes.com\/portada\/#website\",\"url\":\"https:\/\/marthacifuentes.com\/portada\/\",\"name\":\"\u25b7 Noticias de Casanare : Martha Cifuentes | Casanare\",\"description\":\"Noticias &amp; Contenidos\",\"potentialAction\":[{\"@type\":\"SearchAction\",\"target\":{\"@type\":\"EntryPoint\",\"urlTemplate\":\"https:\/\/marthacifuentes.com\/portada\/?s={search_term_string}\"},\"query-input\":{\"@type\":\"PropertyValueSpecification\",\"valueRequired\":true,\"valueName\":\"search_term_string\"}}],\"inLanguage\":\"es\"},{\"@type\":\"Person\",\"@id\":\"https:\/\/marthacifuentes.com\/portada\/#\/schema\/person\/57f53174b991db5f90ff78d58502b714\",\"name\":\"Martha Cifuentes\",\"image\":{\"@type\":\"ImageObject\",\"inLanguage\":\"es\",\"@id\":\"https:\/\/marthacifuentes.com\/portada\/#\/schema\/person\/image\/\",\"url\":\"http:\/\/marthacifuentes.com\/portada\/wp-content\/uploads\/2018\/06\/avatar_user_2_1528838701-96x96.jpg\",\"contentUrl\":\"http:\/\/marthacifuentes.com\/portada\/wp-content\/uploads\/2018\/06\/avatar_user_2_1528838701-96x96.jpg\",\"caption\":\"Martha Cifuentes\"},\"sameAs\":[\"http:\/\/www.marthacifuentes.com\"],\"url\":\"https:\/\/marthacifuentes.com\/portada\/author\/martha\/\"}]}<\/script>\n<!-- \/ Yoast SEO plugin. -->","yoast_head_json":{"title":"Parte de obras faltantes de la PTAP Yopal, ser\u00e1n construidas por Gobernaci\u00f3n de Casanare - \u25b7 Noticias de Casanare : Martha Cifuentes | Casanare","robots":{"index":"index","follow":"follow","max-snippet":"max-snippet:-1","max-image-preview":"max-image-preview:large","max-video-preview":"max-video-preview:-1"},"canonical":"https:\/\/marthacifuentes.com\/portada\/parte-de-obras-faltantes-de-la-ptap-yopal-seran-construidas-por-gobernacion-de-casanare\/","og_locale":"es_ES","og_type":"article","og_title":"Parte de obras faltantes de la PTAP Yopal, ser\u00e1n construidas por Gobernaci\u00f3n de Casanare - \u25b7 Noticias de Casanare : Martha Cifuentes | Casanare","og_description":"Con el \u00e1nimo de avanzar en el inconcluso sistema de abastecimiento de agua potable de Yopal, la Gobernaci\u00f3n de Casanare prioriz\u00f3 y aprob\u00f3 el proyecto de construcci\u00f3n de la l\u00ednea de conducci\u00f3n y obras de protecci\u00f3n desde la vereda La Vega hasta el puente de La Cabuya, por 34.821 millones de pesos. Estos recursos corresponden &hellip;","og_url":"https:\/\/marthacifuentes.com\/portada\/parte-de-obras-faltantes-de-la-ptap-yopal-seran-construidas-por-gobernacion-de-casanare\/","og_site_name":"\u25b7 Noticias de Casanare : Martha Cifuentes | Casanare","article_published_time":"2024-10-20T01:45:30+00:00","article_modified_time":"2024-10-21T10:38:24+00:00","og_image":[{"width":1024,"height":576,"url":"https:\/\/marthacifuentes.com\/portada\/wp-content\/uploads\/2024\/10\/PTAP-LINEA-DE-CONDUCCION-2-1024x576-1.jpg","type":"image\/jpeg"}],"author":"Martha Cifuentes","twitter_card":"summary_large_image","twitter_misc":{"Escrito por":"Martha Cifuentes","Tiempo de lectura":"3 minutos"},"schema":{"@context":"https:\/\/schema.org","@graph":[{"@type":"WebPage","@id":"https:\/\/marthacifuentes.com\/portada\/parte-de-obras-faltantes-de-la-ptap-yopal-seran-construidas-por-gobernacion-de-casanare\/","url":"https:\/\/marthacifuentes.com\/portada\/parte-de-obras-faltantes-de-la-ptap-yopal-seran-construidas-por-gobernacion-de-casanare\/","name":"Parte de obras faltantes de la PTAP Yopal, ser\u00e1n construidas por Gobernaci\u00f3n de Casanare - \u25b7 Noticias de Casanare : Martha Cifuentes | Casanare","isPartOf":{"@id":"https:\/\/marthacifuentes.com\/portada\/#website"},"primaryImageOfPage":{"@id":"https:\/\/marthacifuentes.com\/portada\/parte-de-obras-faltantes-de-la-ptap-yopal-seran-construidas-por-gobernacion-de-casanare\/#primaryimage"},"image":{"@id":"https:\/\/marthacifuentes.com\/portada\/parte-de-obras-faltantes-de-la-ptap-yopal-seran-construidas-por-gobernacion-de-casanare\/#primaryimage"},"thumbnailUrl":"https:\/\/marthacifuentes.com\/portada\/wp-content\/uploads\/2024\/10\/PTAP-LINEA-DE-CONDUCCION-2-1024x576-1.jpg","datePublished":"2024-10-20T01:45:30+00:00","dateModified":"2024-10-21T10:38:24+00:00","author":{"@id":"https:\/\/marthacifuentes.com\/portada\/#\/schema\/person\/57f53174b991db5f90ff78d58502b714"},"breadcrumb":{"@id":"https:\/\/marthacifuentes.com\/portada\/parte-de-obras-faltantes-de-la-ptap-yopal-seran-construidas-por-gobernacion-de-casanare\/#breadcrumb"},"inLanguage":"es","potentialAction":[{"@type":"ReadAction","target":["https:\/\/marthacifuentes.com\/portada\/parte-de-obras-faltantes-de-la-ptap-yopal-seran-construidas-por-gobernacion-de-casanare\/"]}]},{"@type":"ImageObject","inLanguage":"es","@id":"https:\/\/marthacifuentes.com\/portada\/parte-de-obras-faltantes-de-la-ptap-yopal-seran-construidas-por-gobernacion-de-casanare\/#primaryimage","url":"https:\/\/marthacifuentes.com\/portada\/wp-content\/uploads\/2024\/10\/PTAP-LINEA-DE-CONDUCCION-2-1024x576-1.jpg","contentUrl":"https:\/\/marthacifuentes.com\/portada\/wp-content\/uploads\/2024\/10\/PTAP-LINEA-DE-CONDUCCION-2-1024x576-1.jpg","width":1024,"height":576},{"@type":"BreadcrumbList","@id":"https:\/\/marthacifuentes.com\/portada\/parte-de-obras-faltantes-de-la-ptap-yopal-seran-construidas-por-gobernacion-de-casanare\/#breadcrumb","itemListElement":[{"@type":"ListItem","position":1,"name":"Portada","item":"https:\/\/marthacifuentes.com\/portada\/"},{"@type":"ListItem","position":2,"name":"Parte de obras faltantes de la PTAP Yopal, ser\u00e1n construidas por Gobernaci\u00f3n de Casanare"}]},{"@type":"WebSite","@id":"https:\/\/marthacifuentes.com\/portada\/#website","url":"https:\/\/marthacifuentes.com\/portada\/","name":"\u25b7 Noticias de Casanare : Martha Cifuentes | Casanare","description":"Noticias &amp; Contenidos","potentialAction":[{"@type":"SearchAction","target":{"@type":"EntryPoint","urlTemplate":"https:\/\/marthacifuentes.com\/portada\/?s={search_term_string}"},"query-input":{"@type":"PropertyValueSpecification","valueRequired":true,"valueName":"search_term_string"}}],"inLanguage":"es"},{"@type":"Person","@id":"https:\/\/marthacifuentes.com\/portada\/#\/schema\/person\/57f53174b991db5f90ff78d58502b714","name":"Martha Cifuentes","image":{"@type":"ImageObject","inLanguage":"es","@id":"https:\/\/marthacifuentes.com\/portada\/#\/schema\/person\/image\/","url":"http:\/\/marthacifuentes.com\/portada\/wp-content\/uploads\/2018\/06\/avatar_user_2_1528838701-96x96.jpg","contentUrl":"http:\/\/marthacifuentes.com\/portada\/wp-content\/uploads\/2018\/06\/avatar_user_2_1528838701-96x96.jpg","caption":"Martha Cifuentes"},"sameAs":["http:\/\/www.marthacifuentes.com"],"url":"https:\/\/marthacifuentes.com\/portada\/author\/martha\/"}]}},"_links":{"self":[{"href":"https:\/\/marthacifuentes.com\/portada\/wp-json\/wp\/v2\/posts\/34252","targetHints":{"allow":["GET"]}}],"collection":[{"href":"https:\/\/marthacifuentes.com\/portada\/wp-json\/wp\/v2\/posts"}],"about":[{"href":"https:\/\/marthacifuentes.com\/portada\/wp-json\/wp\/v2\/types\/post"}],"author":[{"embeddable":true,"href":"https:\/\/marthacifuentes.com\/portada\/wp-json\/wp\/v2\/users\/2"}],"replies":[{"embeddable":true,"href":"https:\/\/marthacifuentes.com\/portada\/wp-json\/wp\/v2\/comments?post=34252"}],"version-history":[{"count":3,"href":"https:\/\/marthacifuentes.com\/portada\/wp-json\/wp\/v2\/posts\/34252\/revisions"}],"predecessor-version":[{"id":34258,"href":"https:\/\/marthacifuentes.com\/portada\/wp-json\/wp\/v2\/posts\/34252\/revisions\/34258"}],"wp:featuredmedia":[{"embeddable":true,"href":"https:\/\/marthacifuentes.com\/portada\/wp-json\/wp\/v2\/media\/34253"}],"wp:attachment":[{"href":"https:\/\/marthacifuentes.com\/portada\/wp-json\/wp\/v2\/media?parent=34252"}],"wp:term":[{"taxonomy":"category","embeddable":true,"href":"https:\/\/marthacifuentes.com\/portada\/wp-json\/wp\/v2\/categories?post=34252"},{"taxonomy":"post_tag","embeddable":true,"href":"https:\/\/marthacifuentes.com\/portada\/wp-json\/wp\/v2\/tags?post=34252"}],"curies":[{"name":"wp","href":"https:\/\/api.w.org\/{rel}","templated":true}]}}