{"id":34278,"date":"2024-10-22T07:11:25","date_gmt":"2024-10-22T12:11:25","guid":{"rendered":"https:\/\/marthacifuentes.com\/portada\/?p=34278"},"modified":"2024-10-22T07:11:25","modified_gmt":"2024-10-22T12:11:25","slug":"joven-de-tauramena-fue-sicariado","status":"publish","type":"post","link":"https:\/\/marthacifuentes.com\/portada\/joven-de-tauramena-fue-sicariado\/","title":{"rendered":"Joven de Tauramena fue sicariado."},"content":{"rendered":"<p>Un nuevo hecho de sangre enrarece la seguridad en Casanare. El joven de 23 a\u00f1os Luis Fernando C\u00e1rdenas fue v\u00edctima de un ataque sicarial por el que perdi\u00f3 la vida, en hechos ocurridos en El Venado en Tauramena pasadas las 6:30 de la tarde.<\/p>\n<p>El hombre estaba comiendo en un puesto de empanadas cuando fue sorprendido por dos sujetos motorizados, quienes le dispararon en la cabeza caus\u00e1ndole la muerte minutos despu\u00e9s. La mujer que atend\u00eda en el sitio tambi\u00e9n fue herida en una de sus piernas y fue llevada al Hospital Local de Tauramena.<\/p>\n<p>El crimen caus\u00f3 terror en la zona, donde hay mucho movimiento de personas y veh\u00edculos en cualquier hora del d\u00eda, por ser paso obligado entre Monterrey y Aguazul.<\/p>\n<p>Este crimen se suma a otro perpetrado en este municipio el pasado 5 de septiembre, donde fue baleado el exconcejal Leonardo Augusto Ram\u00edrez Quezada.<\/p>\n<p>En Yopal tambi\u00e9n se han presentado varios casos de homicidios selectivos en el \u00faltimo mes. Las v\u00edctimas presentaban antecedentes penales y algunos de ellos eran habitantes de calle.<\/p>\n<h2>Otras noticias&#8230;<\/h2>\n<blockquote class=\"wp-embedded-content\" data-secret=\"zbocgs6hzB\"><p><a href=\"https:\/\/marthacifuentes.com\/portada\/2024\/10\/21\/gran-acogida-del-publico-en-la-3ra-version-del-festival-de-teatro-guadalupe\/\">Gran acogida del p\u00fablico en la 3ra versi\u00f3n del Festival de teatro Guadalupe<\/a><\/p><\/blockquote>\n<p><iframe loading=\"lazy\" class=\"wp-embedded-content\" sandbox=\"allow-scripts\" security=\"restricted\" style=\"position: absolute; clip: rect(1px, 1px, 1px, 1px);\" title=\"\u00abGran acogida del p\u00fablico en la 3ra versi\u00f3n del Festival de teatro Guadalupe\u00bb \u2014 \u25b7 Noticias de Casanare : Martha Cifuentes | Casanare\" src=\"https:\/\/marthacifuentes.com\/portada\/2024\/10\/21\/gran-acogida-del-publico-en-la-3ra-version-del-festival-de-teatro-guadalupe\/embed\/#?secret=uqeSUgkNVh#?secret=zbocgs6hzB\" data-secret=\"zbocgs6hzB\" width=\"500\" height=\"282\" frameborder=\"0\" marginwidth=\"0\" marginheight=\"0\" scrolling=\"no\"><\/iframe><\/p>\n<p><iframe loading=\"lazy\" class=\"wp-embedded-content\" title=\"\u00abABC para que no lo tumben urbanizadores ilegales en Yopal\u00bb \u2014 \u25b7 Noticias de Casanare : Martha Cifuentes | Casanare\" src=\"https:\/\/marthacifuentes.com\/portada\/2024\/10\/21\/abc-para-que-no-lo-tumben-urbanizadores-ilegales-en-yopal\/embed\/#?secret=gr0zTA8Amy#?secret=lgGPbW0YEZ\" width=\"600\" height=\"619\" frameborder=\"0\" marginwidth=\"0\" marginheight=\"0\" scrolling=\"no\" sandbox=\"allow-scripts\" data-secret=\"lgGPbW0YEZ\" data-mce-fragment=\"1\"><\/iframe><\/p>\n<p><iframe loading=\"lazy\" class=\"wp-embedded-content\" title=\"\u00abIntento o consumaci\u00f3n de abuso sexual de ni\u00f1a de 2 a\u00f1os caus\u00f3 asonada en Barranca de Up\u00eda\u00bb \u2014 \u25b7 Noticias de Casanare : Martha Cifuentes | Casanare\" src=\"https:\/\/marthacifuentes.com\/portada\/2024\/10\/21\/intento-o-consumacion-de-abuso-sexual-de-nina-de-2-anos-causo-asonada-en-barranca-de-upia\/embed\/#?secret=V3CgrwMVUB#?secret=KuGLUvinqC\" width=\"600\" height=\"600\" frameborder=\"0\" marginwidth=\"0\" marginheight=\"0\" scrolling=\"no\" sandbox=\"allow-scripts\" data-secret=\"KuGLUvinqC\" data-mce-fragment=\"1\"><\/iframe><\/p>\n<p><iframe loading=\"lazy\" class=\"wp-embedded-content\" title=\"\u00abParte de obras faltantes de la PTAP Yopal, ser\u00e1n construidas por Gobernaci\u00f3n de Casanare\u00bb \u2014 \u25b7 Noticias de Casanare : Martha Cifuentes | Casanare\" src=\"https:\/\/marthacifuentes.com\/portada\/2024\/10\/19\/parte-de-obras-faltantes-de-la-ptap-yopal-seran-construidas-por-gobernacion-de-casanare\/embed\/#?secret=7YH3OkYgDw#?secret=G9RuvJ80RQ\" width=\"600\" height=\"600\" frameborder=\"0\" marginwidth=\"0\" marginheight=\"0\" scrolling=\"no\" sandbox=\"allow-scripts\" data-secret=\"G9RuvJ80RQ\" data-mce-fragment=\"1\"><\/iframe><\/p>\n<p><iframe loading=\"lazy\" class=\"wp-embedded-content\" title=\"\u00abCapturado alias Kiliam, presunto cabecilla de disidencias de las Farc, frente 28 en Casanare\u00bb \u2014 \u25b7 Noticias de Casanare : Martha Cifuentes | Casanare\" src=\"https:\/\/marthacifuentes.com\/portada\/2024\/10\/19\/capturado-alias-kiliam-presunto-cabecilla-de-disidencias-de-las-farc-frente-28-en-casanare\/embed\/#?secret=uNkPVtTTlx#?secret=Mn9KI7MD3F\" width=\"600\" height=\"619\" frameborder=\"0\" marginwidth=\"0\" marginheight=\"0\" scrolling=\"no\" sandbox=\"allow-scripts\" data-secret=\"Mn9KI7MD3F\" data-mce-fragment=\"1\"><\/iframe><\/p>\n<p><iframe loading=\"lazy\" class=\"wp-embedded-content\" title=\"\u00abEstudiantes de San Luis de Palenque y Trinidad celebran llegada de m\u00e1s de 3.000 tablets, entregadas por Gobernaci\u00f3n de Casanare\u00bb \u2014 \u25b7 Noticias de Casanare : Martha Cifuentes | Casanare\" src=\"https:\/\/marthacifuentes.com\/portada\/2024\/10\/19\/estudiantes-de-san-luis-de-palenque-y-trinidad-celebran-llegada-de-mas-de-3-000-tablets-entregadas-por-gobernacion-de-casanare\/embed\/#?secret=t3Ehy1yhef#?secret=N38eawzYrQ\" width=\"600\" height=\"650\" frameborder=\"0\" marginwidth=\"0\" marginheight=\"0\" scrolling=\"no\" sandbox=\"allow-scripts\" data-secret=\"N38eawzYrQ\" data-mce-fragment=\"1\"><\/iframe><\/p>\n<p><iframe loading=\"lazy\" class=\"wp-embedded-content\" title=\"\u00ab\u00bfPor atraco o sicariato? Pareja abaleada en comuna 2 de Yopal. La mujer muri\u00f3.\u00bb \u2014 \u25b7 Noticias de Casanare : Martha Cifuentes | Casanare\" src=\"https:\/\/marthacifuentes.com\/portada\/2024\/10\/19\/por-atraco-o-sicariato-pareja-abaleada-en-comuna-2-de-yopal-la-mujer-murio\/embed\/#?secret=qEyCrVpamw#?secret=VN3RbAi81g\" width=\"600\" height=\"600\" frameborder=\"0\" marginwidth=\"0\" marginheight=\"0\" scrolling=\"no\" sandbox=\"allow-scripts\" data-secret=\"VN3RbAi81g\" data-mce-fragment=\"1\"><\/iframe><\/p>\n<p><iframe loading=\"lazy\" class=\"wp-embedded-content\" title=\"\u00abSe conocen cifras reales de millonaria deuda de Capresoca con Cl\u00ednica Casanare tras denuncia penal de exgerente de la IPS contra diputado Heyder Silva.\u00a0\u00bb \u2014 \u25b7 Noticias de Casanare : Martha Cifuentes | Casanare\" src=\"https:\/\/marthacifuentes.com\/portada\/2024\/10\/17\/se-conocen-cifras-reales-de-millonaria-deuda-de-capresoca-con-clinica-casanare-tras-denuncia-penal-de-exgerente-de-la-ips-contra-diputado-heyder-silva\/embed\/#?secret=q4qN90SEno#?secret=4bygdqABxD\" width=\"600\" height=\"629\" frameborder=\"0\" marginwidth=\"0\" marginheight=\"0\" scrolling=\"no\" sandbox=\"allow-scripts\" data-secret=\"4bygdqABxD\" data-mce-fragment=\"1\"><\/iframe><\/p>\n<p><iframe loading=\"lazy\" class=\"wp-embedded-content\" title=\"\u00abZorro y Marco Tulio, ahora en la Comisi\u00f3n Rectora de Regal\u00edas. Su reto: planificar y distribuirlas equitativamente.\u00bb \u2014 \u25b7 Noticias de Casanare : Martha Cifuentes | Casanare\" src=\"https:\/\/marthacifuentes.com\/portada\/2024\/10\/16\/zorro-y-marco-tulio-ahora-en-la-comision-rectora-de-regalias-su-reto-planificar-y-distribuirlas-equitativamente\/embed\/#?secret=QcIhUSImy5#?secret=uno8r2b5E4\" width=\"600\" height=\"594\" frameborder=\"0\" marginwidth=\"0\" marginheight=\"0\" scrolling=\"no\" sandbox=\"allow-scripts\" data-secret=\"uno8r2b5E4\" data-mce-fragment=\"1\"><\/iframe><\/p>\n<p><iframe loading=\"lazy\" class=\"wp-embedded-content\" title=\"\u00abDesde ma\u00f1ana Festival de Teatro Guadalupe en Yopal. M\u00e1s de 200 artistas en escena.\u00bb \u2014 \u25b7 Noticias de Casanare : Martha Cifuentes | Casanare\" src=\"https:\/\/marthacifuentes.com\/portada\/2024\/10\/16\/desde-manana-festival-de-teatro-guadalupe-en-yopal-mas-de-200-artistas-en-escena\/embed\/#?secret=LM42nN9ghn#?secret=5kSijUa9EN\" width=\"600\" height=\"600\" frameborder=\"0\" marginwidth=\"0\" marginheight=\"0\" scrolling=\"no\" sandbox=\"allow-scripts\" data-secret=\"5kSijUa9EN\" data-mce-fragment=\"1\"><\/iframe><\/p>\n<p><iframe loading=\"lazy\" class=\"wp-embedded-content\" title=\"\u00abMillonaria deuda de Capresoca a\u00fan no pone en riesgo al Horo. Gerente descarta intervenci\u00f3n\u00bb \u2014 \u25b7 Noticias de Casanare : Martha Cifuentes | Casanare\" src=\"https:\/\/marthacifuentes.com\/portada\/2024\/10\/11\/millonaria-deuda-de-capresoca-aun-no-pone-en-riesgo-al-horo-gerente-descarta-intervencion\/embed\/#?secret=7GD0m5YnYq#?secret=JHRLWfvjWr\" width=\"600\" height=\"597\" frameborder=\"0\" marginwidth=\"0\" marginheight=\"0\" scrolling=\"no\" sandbox=\"allow-scripts\" data-secret=\"JHRLWfvjWr\" data-mce-fragment=\"1\"><\/iframe><\/p>\n<p><iframe loading=\"lazy\" class=\"wp-embedded-content\" title=\"\u00abCultura, deporte y naturaleza en Casanare: turismo para todos en este fin de semana con festivo\u00bb \u2014 \u25b7 Noticias de Casanare : Martha Cifuentes | Casanare\" src=\"https:\/\/marthacifuentes.com\/portada\/2024\/10\/11\/cultura-deporte-y-naturaleza-en-casanare-turismo-para-todos-en-este-fin-de-semana-con-festivo\/embed\/#?secret=sds71W54bn#?secret=jNVK5cq2wm\" width=\"600\" height=\"621\" frameborder=\"0\" marginwidth=\"0\" marginheight=\"0\" scrolling=\"no\" sandbox=\"allow-scripts\" data-secret=\"jNVK5cq2wm\" data-mce-fragment=\"1\"><\/iframe><\/p>\n<p><iframe loading=\"lazy\" class=\"wp-embedded-content\" title=\"\u00abMujer desmembrada en Yopal fue identificada. Su hijo est\u00e1 desaparecido.\u00bb \u2014 \u25b7 Noticias de Casanare : Martha Cifuentes | Casanare\" src=\"https:\/\/marthacifuentes.com\/portada\/2024\/10\/11\/mujer-desmembrada-en-yopal-fue-identificada-su-hijo-esta-desaparecido\/embed\/#?secret=JN8ZMwiipS#?secret=aBRuBOZjok\" width=\"600\" height=\"621\" frameborder=\"0\" marginwidth=\"0\" marginheight=\"0\" scrolling=\"no\" sandbox=\"allow-scripts\" data-secret=\"aBRuBOZjok\" data-mce-fragment=\"1\"><\/iframe><\/p>\n<p><iframe loading=\"lazy\" class=\"wp-embedded-content\" title=\"\u00abV\u00edctimas de \u2018falsos positivos\u2019 en Casanare decidir\u00e1n si aceptan o no devoluci\u00f3n de medalla de Torres Escalante\u00bb \u2014 \u25b7 Noticias de Casanare : Martha Cifuentes | Casanare\" src=\"https:\/\/marthacifuentes.com\/portada\/2024\/10\/11\/victimas-de-falsos-positivos-en-casanare-decidiran-si-aceptan-o-no-devolucion-de-medalla-de-torres-escalante\/embed\/#?secret=d8DbSLpq60#?secret=rnUkOFO4ez\" width=\"600\" height=\"650\" frameborder=\"0\" marginwidth=\"0\" marginheight=\"0\" scrolling=\"no\" sandbox=\"allow-scripts\" data-secret=\"rnUkOFO4ez\" data-mce-fragment=\"1\"><\/iframe><\/p>\n<p><iframe loading=\"lazy\" class=\"wp-embedded-content\" title=\"\u00abBrigada Humanitaria M\u00e9dico Art\u00edstica ma\u00f1ana en Llano Lindo, Yopal\u00bb \u2014 \u25b7 Noticias de Casanare : Martha Cifuentes | Casanare\" src=\"https:\/\/marthacifuentes.com\/portada\/2024\/10\/11\/brigada-humanitaria-medico-artistica-manana-en-llano-lindo-yopal\/embed\/#?secret=NBHUWVdEzL#?secret=SBLWRASZjx\" width=\"600\" height=\"621\" frameborder=\"0\" marginwidth=\"0\" marginheight=\"0\" scrolling=\"no\" sandbox=\"allow-scripts\" data-secret=\"SBLWRASZjx\" data-mce-fragment=\"1\"><\/iframe><\/p>\n<p><iframe loading=\"lazy\" class=\"wp-embedded-content\" title=\"\u00abM\u00e1s de 400 puntos cr\u00edticos y 35 kil\u00f3metros de v\u00edas han sido rehabilitados en Yopal seg\u00fan Alcald\u00eda\u00bb \u2014 \u25b7 Noticias de Casanare : Martha Cifuentes | Casanare\" src=\"https:\/\/marthacifuentes.com\/portada\/2024\/10\/11\/mas-de-400-puntos-criticos-y-35-kilometros-de-vias-han-sido-rehabilitados-en-yopal-segun-alcaldia\/embed\/#?secret=bLbU3PweyI#?secret=luuKat5cZw\" width=\"600\" height=\"621\" frameborder=\"0\" marginwidth=\"0\" marginheight=\"0\" scrolling=\"no\" sandbox=\"allow-scripts\" data-secret=\"luuKat5cZw\" data-mce-fragment=\"1\"><\/iframe><\/p>\n<p><iframe loading=\"lazy\" class=\"wp-embedded-content\" title=\"\u00abUsuarios de Capresoca tienen garantizados sus servicios: Agente Interventor\u00bb \u2014 \u25b7 Noticias de Casanare : Martha Cifuentes | Casanare\" src=\"https:\/\/marthacifuentes.com\/portada\/2024\/10\/11\/usuarios-de-capresoca-tienen-garantizados-sus-servicios-agente-interventor\/embed\/#?secret=5FnuQusnCK#?secret=lpiWILmAL8\" width=\"600\" height=\"621\" frameborder=\"0\" marginwidth=\"0\" marginheight=\"0\" scrolling=\"no\" sandbox=\"allow-scripts\" data-secret=\"lpiWILmAL8\" data-mce-fragment=\"1\"><\/iframe><\/p>\n<p><iframe loading=\"lazy\" class=\"wp-embedded-content\" title=\"\u00abCasanare gan\u00f3 sala de lactancia para Yopal. Gestora social del Departamento lider\u00f3 el tema.\u00bb \u2014 \u25b7 Noticias de Casanare : Martha Cifuentes | Casanare\" src=\"https:\/\/marthacifuentes.com\/portada\/2024\/10\/10\/casanare-gano-sala-de-lactancia-para-yopal-gestora-social-del-departamento-lidero-el-tema\/embed\/#?secret=paqXzDDhlz#?secret=h5JBvp4foh\" width=\"600\" height=\"621\" frameborder=\"0\" marginwidth=\"0\" marginheight=\"0\" scrolling=\"no\" sandbox=\"allow-scripts\" data-secret=\"h5JBvp4foh\" data-mce-fragment=\"1\"><\/iframe><\/p>\n<p><iframe loading=\"lazy\" class=\"wp-embedded-content\" title=\"\u00abGremio constructor quiere participar de la torta de proyectos de infraestructura y vivienda en Casanare\u00bb \u2014 \u25b7 Noticias de Casanare : Martha Cifuentes | Casanare\" src=\"https:\/\/marthacifuentes.com\/portada\/2024\/10\/10\/gremio-constructor-quiere-participar-de-la-torta-de-proyectos-de-infraestructura-y-vivienda-en-casanare\/embed\/#?secret=iIHEPunc7W#?secret=VRxSpfvwvs\" width=\"600\" height=\"621\" frameborder=\"0\" marginwidth=\"0\" marginheight=\"0\" scrolling=\"no\" sandbox=\"allow-scripts\" data-secret=\"VRxSpfvwvs\" data-mce-fragment=\"1\"><\/iframe><\/p>\n<p><iframe loading=\"lazy\" class=\"wp-embedded-content\" title=\"\u00abPlanta de secado de arroz en San Luis de Palenque tendr\u00e1 capacidad de secado de 37 mil toneladas\u00bb \u2014 \u25b7 Noticias de Casanare : Martha Cifuentes | Casanare\" src=\"https:\/\/marthacifuentes.com\/portada\/2024\/10\/10\/planta-de-secado-de-arroz-en-san-luis-de-palenque-tendra-capacidad-de-secado-de-37-mil-toneladas\/embed\/#?secret=KbhserhyUP#?secret=WXXfF4LmVf\" width=\"600\" height=\"621\" frameborder=\"0\" marginwidth=\"0\" marginheight=\"0\" scrolling=\"no\" sandbox=\"allow-scripts\" data-secret=\"WXXfF4LmVf\" data-mce-fragment=\"1\"><\/iframe><\/p>\n<p><iframe loading=\"lazy\" class=\"wp-embedded-content\" title=\"\u00ab\u00bfCarolina Mari\u00f1o, \u201cla nueva bendecida\u201d para dirigir Corporinoquia, tras fall\u00f3 que anul\u00f3 elecci\u00f3n de Doris Bernal?\u00bb \u2014 \u25b7 Noticias de Casanare : Martha Cifuentes | Casanare\" src=\"https:\/\/marthacifuentes.com\/portada\/2024\/10\/07\/carolina-marino-la-nueva-bendecida-para-dirigir-corporinoquia-tras-fallo-que-anulo-eleccion-de-doris-bernal\/embed\/#?secret=xIcF4fvODB#?secret=7gvlU0ae88\" width=\"600\" height=\"629\" frameborder=\"0\" marginwidth=\"0\" marginheight=\"0\" scrolling=\"no\" sandbox=\"allow-scripts\" data-secret=\"7gvlU0ae88\" data-mce-fragment=\"1\"><\/iframe><\/p>\n<p><iframe loading=\"lazy\" class=\"wp-embedded-content\" title=\"\u00abYopal: \u00bfNueva plaza de guerra por microtr\u00e1fico? Persona descuartizada y un sicariato en menos de 24 horas.\u00bb \u2014 \u25b7 Noticias de Casanare : Martha Cifuentes | Casanare\" src=\"https:\/\/marthacifuentes.com\/portada\/2024\/10\/04\/yopal-nueva-plaza-de-guerra-por-microtrafico-persona-descuartizada-y-un-sicariato-en-menos-de-24-horas\/embed\/#?secret=X6h0tCVMzB#?secret=787ykpmYdZ\" width=\"600\" height=\"650\" frameborder=\"0\" marginwidth=\"0\" marginheight=\"0\" scrolling=\"no\" sandbox=\"allow-scripts\" data-secret=\"787ykpmYdZ\" data-mce-fragment=\"1\"><\/iframe><\/p>\n<p><iframe loading=\"lazy\" class=\"wp-embedded-content\" title=\"\u00abEaaay, manga por hombro. Trabajadores se toman la empresa mientras Superservicios nombra otro agente interventor.\u00bb \u2014 \u25b7 Noticias de Casanare : Martha Cifuentes | Casanare\" src=\"https:\/\/marthacifuentes.com\/portada\/2024\/10\/03\/eaaay-manga-por-hombro-trabajadores-se-toman-la-empresa-mientras-superservicios-nombra-otro-agente-interventor\/embed\/#?secret=2e9pbunZSm#?secret=CogTjL2KLJ\" width=\"600\" height=\"556\" frameborder=\"0\" marginwidth=\"0\" marginheight=\"0\" scrolling=\"no\" sandbox=\"allow-scripts\" data-secret=\"CogTjL2KLJ\" data-mce-fragment=\"1\"><\/iframe><\/p>\n<p><iframe loading=\"lazy\" class=\"wp-embedded-content\" title=\"\u00abDeuda de Capresoca con Ese Salud Yopal pone en jaque la salud de sus afiliados. Se restringir\u00e1n servicios.\u00bb \u2014 \u25b7 Noticias de Casanare : Martha Cifuentes | Casanare\" src=\"https:\/\/marthacifuentes.com\/portada\/2024\/10\/02\/deuda-de-capresoca-con-ese-salud-yopal-pone-en-jaque-la-salud-de-sus-afiliados-se-restringiran-servicios\/embed\/#?secret=zw9mrZKYxu#?secret=dBMoeWTEan\" width=\"600\" height=\"540\" frameborder=\"0\" marginwidth=\"0\" marginheight=\"0\" scrolling=\"no\" sandbox=\"allow-scripts\" data-secret=\"dBMoeWTEan\" data-mce-fragment=\"1\"><\/iframe><\/p>\n","protected":false},"excerpt":{"rendered":"<p>Un nuevo hecho de sangre enrarece la seguridad en Casanare. El joven de 23 a\u00f1os Luis Fernando C\u00e1rdenas fue v\u00edctima de un ataque sicarial por el que perdi\u00f3 la vida, en hechos ocurridos en El Venado en Tauramena pasadas las 6:30 de la tarde. El hombre estaba comiendo en un puesto de empanadas cuando fue &hellip;<\/p>\n","protected":false},"author":2,"featured_media":34279,"comment_status":"open","ping_status":"open","sticky":false,"template":"","format":"standard","meta":{"om_disable_all_campaigns":false,"_exactmetrics_skip_tracking":false,"_exactmetrics_sitenote_active":false,"_exactmetrics_sitenote_note":"","_exactmetrics_sitenote_category":0,"_monsterinsights_skip_tracking":false,"_monsterinsights_sitenote_active":false,"_monsterinsights_sitenote_note":"","_monsterinsights_sitenote_category":0,"_uf_show_specific_survey":0,"_uf_disable_surveys":false,"_joinchat":[],"footnotes":""},"categories":[147,146,145],"tags":[1373,11293,1400,11294,5591],"class_list":["post-34278","post","type-post","status-publish","format-standard","has-post-thumbnail","hentry","category-actualidad","category-noticias","category-reportajes","tag-casanare-noticias","tag-luis-fernando-cardenas-asesinado-tauramena","tag-noticias-casanare","tag-sicariato-tauramena","tag-tauramena-noticias"],"yoast_head":"<!-- This site is optimized with the Yoast SEO plugin v26.1 - https:\/\/yoast.com\/wordpress\/plugins\/seo\/ -->\n<title>Joven de Tauramena fue sicariado. - \u25b7 Noticias de Casanare : Martha Cifuentes | Casanare<\/title>\n<meta name=\"robots\" content=\"index, follow, max-snippet:-1, max-image-preview:large, max-video-preview:-1\" \/>\n<link rel=\"canonical\" href=\"https:\/\/marthacifuentes.com\/portada\/joven-de-tauramena-fue-sicariado\/\" \/>\n<meta property=\"og:locale\" content=\"es_ES\" \/>\n<meta property=\"og:type\" content=\"article\" \/>\n<meta property=\"og:title\" content=\"Joven de Tauramena fue sicariado. - \u25b7 Noticias de Casanare : Martha Cifuentes | Casanare\" \/>\n<meta property=\"og:description\" content=\"Un nuevo hecho de sangre enrarece la seguridad en Casanare. El joven de 23 a\u00f1os Luis Fernando C\u00e1rdenas fue v\u00edctima de un ataque sicarial por el que perdi\u00f3 la vida, en hechos ocurridos en El Venado en Tauramena pasadas las 6:30 de la tarde. El hombre estaba comiendo en un puesto de empanadas cuando fue &hellip;\" \/>\n<meta property=\"og:url\" content=\"https:\/\/marthacifuentes.com\/portada\/joven-de-tauramena-fue-sicariado\/\" \/>\n<meta property=\"og:site_name\" content=\"\u25b7 Noticias de Casanare : Martha Cifuentes | Casanare\" \/>\n<meta property=\"article:published_time\" content=\"2024-10-22T12:11:25+00:00\" \/>\n<meta property=\"og:image\" content=\"https:\/\/marthacifuentes.com\/portada\/wp-content\/uploads\/2024\/10\/joven-asesinado.jpg\" \/>\n\t<meta property=\"og:image:width\" content=\"526\" \/>\n\t<meta property=\"og:image:height\" content=\"344\" \/>\n\t<meta property=\"og:image:type\" content=\"image\/jpeg\" \/>\n<meta name=\"author\" content=\"Martha Cifuentes\" \/>\n<meta name=\"twitter:card\" content=\"summary_large_image\" \/>\n<meta name=\"twitter:label1\" content=\"Escrito por\" \/>\n\t<meta name=\"twitter:data1\" content=\"Martha Cifuentes\" \/>\n\t<meta name=\"twitter:label2\" content=\"Tiempo de lectura\" \/>\n\t<meta name=\"twitter:data2\" content=\"1 minuto\" \/>\n<script type=\"application\/ld+json\" class=\"yoast-schema-graph\">{\"@context\":\"https:\/\/schema.org\",\"@graph\":[{\"@type\":\"WebPage\",\"@id\":\"https:\/\/marthacifuentes.com\/portada\/joven-de-tauramena-fue-sicariado\/\",\"url\":\"https:\/\/marthacifuentes.com\/portada\/joven-de-tauramena-fue-sicariado\/\",\"name\":\"Joven de Tauramena fue sicariado. - \u25b7 Noticias de Casanare : Martha Cifuentes | Casanare\",\"isPartOf\":{\"@id\":\"https:\/\/marthacifuentes.com\/portada\/#website\"},\"primaryImageOfPage\":{\"@id\":\"https:\/\/marthacifuentes.com\/portada\/joven-de-tauramena-fue-sicariado\/#primaryimage\"},\"image\":{\"@id\":\"https:\/\/marthacifuentes.com\/portada\/joven-de-tauramena-fue-sicariado\/#primaryimage\"},\"thumbnailUrl\":\"https:\/\/marthacifuentes.com\/portada\/wp-content\/uploads\/2024\/10\/joven-asesinado.jpg\",\"datePublished\":\"2024-10-22T12:11:25+00:00\",\"author\":{\"@id\":\"https:\/\/marthacifuentes.com\/portada\/#\/schema\/person\/57f53174b991db5f90ff78d58502b714\"},\"breadcrumb\":{\"@id\":\"https:\/\/marthacifuentes.com\/portada\/joven-de-tauramena-fue-sicariado\/#breadcrumb\"},\"inLanguage\":\"es\",\"potentialAction\":[{\"@type\":\"ReadAction\",\"target\":[\"https:\/\/marthacifuentes.com\/portada\/joven-de-tauramena-fue-sicariado\/\"]}]},{\"@type\":\"ImageObject\",\"inLanguage\":\"es\",\"@id\":\"https:\/\/marthacifuentes.com\/portada\/joven-de-tauramena-fue-sicariado\/#primaryimage\",\"url\":\"https:\/\/marthacifuentes.com\/portada\/wp-content\/uploads\/2024\/10\/joven-asesinado.jpg\",\"contentUrl\":\"https:\/\/marthacifuentes.com\/portada\/wp-content\/uploads\/2024\/10\/joven-asesinado.jpg\",\"width\":526,\"height\":344},{\"@type\":\"BreadcrumbList\",\"@id\":\"https:\/\/marthacifuentes.com\/portada\/joven-de-tauramena-fue-sicariado\/#breadcrumb\",\"itemListElement\":[{\"@type\":\"ListItem\",\"position\":1,\"name\":\"Portada\",\"item\":\"https:\/\/marthacifuentes.com\/portada\/\"},{\"@type\":\"ListItem\",\"position\":2,\"name\":\"Joven de Tauramena fue sicariado.\"}]},{\"@type\":\"WebSite\",\"@id\":\"https:\/\/marthacifuentes.com\/portada\/#website\",\"url\":\"https:\/\/marthacifuentes.com\/portada\/\",\"name\":\"\u25b7 Noticias de Casanare : Martha Cifuentes | Casanare\",\"description\":\"Noticias &amp; Contenidos\",\"potentialAction\":[{\"@type\":\"SearchAction\",\"target\":{\"@type\":\"EntryPoint\",\"urlTemplate\":\"https:\/\/marthacifuentes.com\/portada\/?s={search_term_string}\"},\"query-input\":{\"@type\":\"PropertyValueSpecification\",\"valueRequired\":true,\"valueName\":\"search_term_string\"}}],\"inLanguage\":\"es\"},{\"@type\":\"Person\",\"@id\":\"https:\/\/marthacifuentes.com\/portada\/#\/schema\/person\/57f53174b991db5f90ff78d58502b714\",\"name\":\"Martha Cifuentes\",\"image\":{\"@type\":\"ImageObject\",\"inLanguage\":\"es\",\"@id\":\"https:\/\/marthacifuentes.com\/portada\/#\/schema\/person\/image\/\",\"url\":\"http:\/\/marthacifuentes.com\/portada\/wp-content\/uploads\/2018\/06\/avatar_user_2_1528838701-96x96.jpg\",\"contentUrl\":\"http:\/\/marthacifuentes.com\/portada\/wp-content\/uploads\/2018\/06\/avatar_user_2_1528838701-96x96.jpg\",\"caption\":\"Martha Cifuentes\"},\"sameAs\":[\"http:\/\/www.marthacifuentes.com\"],\"url\":\"https:\/\/marthacifuentes.com\/portada\/author\/martha\/\"}]}<\/script>\n<!-- \/ Yoast SEO plugin. -->","yoast_head_json":{"title":"Joven de Tauramena fue sicariado. - \u25b7 Noticias de Casanare : Martha Cifuentes | Casanare","robots":{"index":"index","follow":"follow","max-snippet":"max-snippet:-1","max-image-preview":"max-image-preview:large","max-video-preview":"max-video-preview:-1"},"canonical":"https:\/\/marthacifuentes.com\/portada\/joven-de-tauramena-fue-sicariado\/","og_locale":"es_ES","og_type":"article","og_title":"Joven de Tauramena fue sicariado. - \u25b7 Noticias de Casanare : Martha Cifuentes | Casanare","og_description":"Un nuevo hecho de sangre enrarece la seguridad en Casanare. El joven de 23 a\u00f1os Luis Fernando C\u00e1rdenas fue v\u00edctima de un ataque sicarial por el que perdi\u00f3 la vida, en hechos ocurridos en El Venado en Tauramena pasadas las 6:30 de la tarde. El hombre estaba comiendo en un puesto de empanadas cuando fue &hellip;","og_url":"https:\/\/marthacifuentes.com\/portada\/joven-de-tauramena-fue-sicariado\/","og_site_name":"\u25b7 Noticias de Casanare : Martha Cifuentes | Casanare","article_published_time":"2024-10-22T12:11:25+00:00","og_image":[{"width":526,"height":344,"url":"https:\/\/marthacifuentes.com\/portada\/wp-content\/uploads\/2024\/10\/joven-asesinado.jpg","type":"image\/jpeg"}],"author":"Martha Cifuentes","twitter_card":"summary_large_image","twitter_misc":{"Escrito por":"Martha Cifuentes","Tiempo de lectura":"1 minuto"},"schema":{"@context":"https:\/\/schema.org","@graph":[{"@type":"WebPage","@id":"https:\/\/marthacifuentes.com\/portada\/joven-de-tauramena-fue-sicariado\/","url":"https:\/\/marthacifuentes.com\/portada\/joven-de-tauramena-fue-sicariado\/","name":"Joven de Tauramena fue sicariado. - \u25b7 Noticias de Casanare : Martha Cifuentes | Casanare","isPartOf":{"@id":"https:\/\/marthacifuentes.com\/portada\/#website"},"primaryImageOfPage":{"@id":"https:\/\/marthacifuentes.com\/portada\/joven-de-tauramena-fue-sicariado\/#primaryimage"},"image":{"@id":"https:\/\/marthacifuentes.com\/portada\/joven-de-tauramena-fue-sicariado\/#primaryimage"},"thumbnailUrl":"https:\/\/marthacifuentes.com\/portada\/wp-content\/uploads\/2024\/10\/joven-asesinado.jpg","datePublished":"2024-10-22T12:11:25+00:00","author":{"@id":"https:\/\/marthacifuentes.com\/portada\/#\/schema\/person\/57f53174b991db5f90ff78d58502b714"},"breadcrumb":{"@id":"https:\/\/marthacifuentes.com\/portada\/joven-de-tauramena-fue-sicariado\/#breadcrumb"},"inLanguage":"es","potentialAction":[{"@type":"ReadAction","target":["https:\/\/marthacifuentes.com\/portada\/joven-de-tauramena-fue-sicariado\/"]}]},{"@type":"ImageObject","inLanguage":"es","@id":"https:\/\/marthacifuentes.com\/portada\/joven-de-tauramena-fue-sicariado\/#primaryimage","url":"https:\/\/marthacifuentes.com\/portada\/wp-content\/uploads\/2024\/10\/joven-asesinado.jpg","contentUrl":"https:\/\/marthacifuentes.com\/portada\/wp-content\/uploads\/2024\/10\/joven-asesinado.jpg","width":526,"height":344},{"@type":"BreadcrumbList","@id":"https:\/\/marthacifuentes.com\/portada\/joven-de-tauramena-fue-sicariado\/#breadcrumb","itemListElement":[{"@type":"ListItem","position":1,"name":"Portada","item":"https:\/\/marthacifuentes.com\/portada\/"},{"@type":"ListItem","position":2,"name":"Joven de Tauramena fue sicariado."}]},{"@type":"WebSite","@id":"https:\/\/marthacifuentes.com\/portada\/#website","url":"https:\/\/marthacifuentes.com\/portada\/","name":"\u25b7 Noticias de Casanare : Martha Cifuentes | Casanare","description":"Noticias &amp; Contenidos","potentialAction":[{"@type":"SearchAction","target":{"@type":"EntryPoint","urlTemplate":"https:\/\/marthacifuentes.com\/portada\/?s={search_term_string}"},"query-input":{"@type":"PropertyValueSpecification","valueRequired":true,"valueName":"search_term_string"}}],"inLanguage":"es"},{"@type":"Person","@id":"https:\/\/marthacifuentes.com\/portada\/#\/schema\/person\/57f53174b991db5f90ff78d58502b714","name":"Martha Cifuentes","image":{"@type":"ImageObject","inLanguage":"es","@id":"https:\/\/marthacifuentes.com\/portada\/#\/schema\/person\/image\/","url":"http:\/\/marthacifuentes.com\/portada\/wp-content\/uploads\/2018\/06\/avatar_user_2_1528838701-96x96.jpg","contentUrl":"http:\/\/marthacifuentes.com\/portada\/wp-content\/uploads\/2018\/06\/avatar_user_2_1528838701-96x96.jpg","caption":"Martha Cifuentes"},"sameAs":["http:\/\/www.marthacifuentes.com"],"url":"https:\/\/marthacifuentes.com\/portada\/author\/martha\/"}]}},"_links":{"self":[{"href":"https:\/\/marthacifuentes.com\/portada\/wp-json\/wp\/v2\/posts\/34278","targetHints":{"allow":["GET"]}}],"collection":[{"href":"https:\/\/marthacifuentes.com\/portada\/wp-json\/wp\/v2\/posts"}],"about":[{"href":"https:\/\/marthacifuentes.com\/portada\/wp-json\/wp\/v2\/types\/post"}],"author":[{"embeddable":true,"href":"https:\/\/marthacifuentes.com\/portada\/wp-json\/wp\/v2\/users\/2"}],"replies":[{"embeddable":true,"href":"https:\/\/marthacifuentes.com\/portada\/wp-json\/wp\/v2\/comments?post=34278"}],"version-history":[{"count":1,"href":"https:\/\/marthacifuentes.com\/portada\/wp-json\/wp\/v2\/posts\/34278\/revisions"}],"predecessor-version":[{"id":34280,"href":"https:\/\/marthacifuentes.com\/portada\/wp-json\/wp\/v2\/posts\/34278\/revisions\/34280"}],"wp:featuredmedia":[{"embeddable":true,"href":"https:\/\/marthacifuentes.com\/portada\/wp-json\/wp\/v2\/media\/34279"}],"wp:attachment":[{"href":"https:\/\/marthacifuentes.com\/portada\/wp-json\/wp\/v2\/media?parent=34278"}],"wp:term":[{"taxonomy":"category","embeddable":true,"href":"https:\/\/marthacifuentes.com\/portada\/wp-json\/wp\/v2\/categories?post=34278"},{"taxonomy":"post_tag","embeddable":true,"href":"https:\/\/marthacifuentes.com\/portada\/wp-json\/wp\/v2\/tags?post=34278"}],"curies":[{"name":"wp","href":"https:\/\/api.w.org\/{rel}","templated":true}]}}