{"id":34367,"date":"2024-11-07T08:39:28","date_gmt":"2024-11-07T13:39:28","guid":{"rendered":"https:\/\/marthacifuentes.com\/portada\/?p=34367"},"modified":"2024-11-07T08:39:28","modified_gmt":"2024-11-07T13:39:28","slug":"hoy-en-foro-petrolero-en-yopal-se-analizaran-mecanismos-para-solucionar-conflictividad-social-y-empresarial","status":"publish","type":"post","link":"https:\/\/marthacifuentes.com\/portada\/hoy-en-foro-petrolero-en-yopal-se-analizaran-mecanismos-para-solucionar-conflictividad-social-y-empresarial\/","title":{"rendered":"Hoy, en foro petrolero en Yopal, se analizar\u00e1n mecanismos para solucionar conflictividad social y empresarial"},"content":{"rendered":"<p>Tercera edici\u00f3n del\u00a0Foro intersectorial de retos y oportunidades para Casanare: Transformaci\u00f3n de conflictos y desarrollo regional se realiza desde hoy y hasta ma\u00f1ana en el Centro de Convenciones y Negocios de la C\u00e1mara de Comercio de Casanare. Busca fomentar el desarrollo econ\u00f3mico y la transformaci\u00f3n de conflictos en la regi\u00f3n.<\/p>\n<p>El evento acad\u00e9mico es organizado por la C\u00e1mara de Comercio de Casanare (CCC), Ecopetrol, la Asociaci\u00f3n Colombiana de Petr\u00f3leo y Gas (ACP) y la C\u00e1mara Colombiana de Bienes y Servicios de Petr\u00f3leo, Gas y Energ\u00eda (Campetrol).<\/p>\n<p>&nbsp;<\/p>\n<h2><strong>Diversificaci\u00f3n de servicios<\/strong><\/h2>\n<p>Este a\u00f1o, el Foro enfatizar\u00e1 en la diversificaci\u00f3n de servicios como una v\u00eda para ampliar las soluciones a los desaf\u00edos que enfrentan los empresarios locales, garantizando que las respuestas se adapten a la realidad econ\u00f3mica de Casanare.<\/p>\n<p>A su vez, se abordar\u00e1 temas como el fortalecimiento de herramientas pr\u00e1cticas para la transformaci\u00f3n de conflictos, explorando m\u00e9todos y mecanismos efectivos para intervenir en disputas entre las partes involucradas.<\/p>\n<p>El foro se posiciona como un espacio fundamental para los gremios m\u00e1s representativos del departamento, con el objetivo de impulsar di\u00e1logos para abordar y desarrollar prop\u00f3sitos comunes, con el fin de fomentar el desarrollo econ\u00f3mico y la transformaci\u00f3n de conflictos en la regi\u00f3n.<\/p>\n<p>&nbsp;<\/p>\n<h2><strong>Di\u00e1logo, intercambios y soluciones<\/strong><\/h2>\n<p>El Foro tambi\u00e9n servir\u00e1 como una plataforma para que empresarios, gremios, instituciones nacionales y locales, as\u00ed como la comunidad, intercambien enfoques innovadores, con miras a construir soluciones integrales que favorezcan tanto a la comunidad empresarial como al desarrollo regional. Se generar\u00e1 un espacio de networking que fomente las alianzas entre empresarios de diferentes sectores.<\/p>\n<p>As\u00ed mismo se espera promover la identificaci\u00f3n de brechas, el fomento de la competitividad, la migraci\u00f3n empresarial a nuevos sectores, la innovaci\u00f3n interna, iniciativas de cambio, el fortalecimiento en gesti\u00f3n de controversias y el acceso a procesos contractuales mediante la socializaci\u00f3n plataformas contractuales de empresas ancla presente en el departamento.<\/p>\n<p><strong>Invitados especiales<\/strong>\u00a0Gobernador y alcaldes del Departamento, representantes del Ministerio de Comercio, Industria y Turismo (MinCIT), Ministerio de Justicia y del Derecho, Superintendencia de Industria y Comercio, Superintendencia de Sociedades, Agencia Presidencial de Renovaci\u00f3n del Territorio, Gobernaci\u00f3n de Casanare, Alcald\u00eda de Yopal y el Consejo Gremial de Casanare.<\/p>\n<h2>Otras noticias&#8230;<\/h2>\n<blockquote class=\"wp-embedded-content\" data-secret=\"30KhkMCuhO\"><p><a href=\"https:\/\/marthacifuentes.com\/portada\/2024\/11\/06\/villanueva-da-los-primeros-acordes-hacia-una-banda-sinfonica-geopark-dono-instrumentos-musicales\/\">Villanueva da los primeros acordes hacia una banda sinf\u00f3nica. Geopark don\u00f3 instrumentos musicales.<\/a><\/p><\/blockquote>\n<p><iframe loading=\"lazy\" class=\"wp-embedded-content\" sandbox=\"allow-scripts\" security=\"restricted\" style=\"position: absolute; clip: rect(1px, 1px, 1px, 1px);\" title=\"\u00abVillanueva da los primeros acordes hacia una banda sinf\u00f3nica. Geopark don\u00f3 instrumentos musicales.\u00bb \u2014 \u25b7 Noticias de Casanare : Martha Cifuentes | Casanare\" src=\"https:\/\/marthacifuentes.com\/portada\/2024\/11\/06\/villanueva-da-los-primeros-acordes-hacia-una-banda-sinfonica-geopark-dono-instrumentos-musicales\/embed\/#?secret=KK2HOah1T6#?secret=30KhkMCuhO\" data-secret=\"30KhkMCuhO\" width=\"500\" height=\"282\" frameborder=\"0\" marginwidth=\"0\" marginheight=\"0\" scrolling=\"no\"><\/iframe><\/p>\n<p><iframe loading=\"lazy\" class=\"wp-embedded-content\" title=\"\u00abFeminicidio en Man\u00ed, la inacci\u00f3n del sistema, que cost\u00f3 una vida, causa m\u00e1s dolor en la familia\u00bb \u2014 \u25b7 Noticias de Casanare : Martha Cifuentes | Casanare\" src=\"https:\/\/marthacifuentes.com\/portada\/2024\/11\/06\/feminicidio-en-mani-la-inaccion-del-sistema-que-costo-una-vida-causa-mas-dolor-en-la-familia\/embed\/#?secret=XUp6cBiG61#?secret=AglhlgSqiu\" width=\"600\" height=\"600\" frameborder=\"0\" marginwidth=\"0\" marginheight=\"0\" scrolling=\"no\" sandbox=\"allow-scripts\" data-secret=\"AglhlgSqiu\" data-mce-fragment=\"1\"><\/iframe><\/p>\n<p><iframe loading=\"lazy\" class=\"wp-embedded-content\" title=\"\u00abConductor de camioneta f\u00fanebre muere en siniestro vial mientras transportaba a v\u00edctima de feminicidio de Man\u00ed\u00bb \u2014 \u25b7 Noticias de Casanare : Martha Cifuentes | Casanare\" src=\"https:\/\/marthacifuentes.com\/portada\/2024\/11\/06\/conductor-de-camioneta-funebre-muere-en-siniestro-vial-mientras-transportaba-a-victima-de-feminicidio-de-mani\/embed\/#?secret=a8YZ2oWaez#?secret=5wceTxh5Zw\" width=\"600\" height=\"650\" frameborder=\"0\" marginwidth=\"0\" marginheight=\"0\" scrolling=\"no\" sandbox=\"allow-scripts\" data-secret=\"5wceTxh5Zw\" data-mce-fragment=\"1\"><\/iframe><\/p>\n<p><iframe loading=\"lazy\" class=\"wp-embedded-content\" title=\"\u00abYopal tiene un respiro con la captura redomados delincuentes alias \u201cr\u00edo sucio\u201d, \u201ckevin\u201d y \u201clady\u201d\u00bb \u2014 \u25b7 Noticias de Casanare : Martha Cifuentes | Casanare\" src=\"https:\/\/marthacifuentes.com\/portada\/2024\/11\/01\/yopal-tiene-un-respiro-con-la-captura-redomados-delincuentes-alias-rio-sucio-kevin-y-lady\/embed\/#?secret=Yh8swyYfWJ#?secret=eUfjYmAtEn\" width=\"600\" height=\"600\" frameborder=\"0\" marginwidth=\"0\" marginheight=\"0\" scrolling=\"no\" sandbox=\"allow-scripts\" data-secret=\"eUfjYmAtEn\" data-mce-fragment=\"1\"><\/iframe><\/p>\n<p><iframe loading=\"lazy\" class=\"wp-embedded-content\" title=\"\u00abA la c\u00e1rcel presunto responsable de intentar asesinar a su pareja en Yopal\u00bb \u2014 \u25b7 Noticias de Casanare : Martha Cifuentes | Casanare\" src=\"https:\/\/marthacifuentes.com\/portada\/2024\/11\/01\/a-la-carcel-presunto-responsable-de-intentar-asesinar-a-su-pareja-en-yopal\/embed\/#?secret=ouVrXF3yxn#?secret=bJIDWQ7e4a\" width=\"600\" height=\"600\" frameborder=\"0\" marginwidth=\"0\" marginheight=\"0\" scrolling=\"no\" sandbox=\"allow-scripts\" data-secret=\"bJIDWQ7e4a\" data-mce-fragment=\"1\"><\/iframe><\/p>\n<p><iframe loading=\"lazy\" class=\"wp-embedded-content\" title=\"\u00abDetalles In\u00e9ditos de la JEP: \u00bfQu\u00e9 Saben Otoniel y otros testigos sobre pol\u00edticos de Casanare y el Bloque Centauros?\u00bb \u2014 \u25b7 Noticias de Casanare : Martha Cifuentes | Casanare\" src=\"https:\/\/marthacifuentes.com\/portada\/2024\/10\/25\/detalles-ineditos-de-la-jep-que-saben-otoniel-y-otros-testigos-sobre-politicos-de-casanare-y-el-bloque-centauros\/embed\/#?secret=3EeQv5DcQ1#?secret=HEhyvpWejj\" width=\"600\" height=\"650\" frameborder=\"0\" marginwidth=\"0\" marginheight=\"0\" scrolling=\"no\" sandbox=\"allow-scripts\" data-secret=\"HEhyvpWejj\" data-mce-fragment=\"1\"><\/iframe><\/p>\n<p><iframe loading=\"lazy\" class=\"wp-embedded-content\" title=\"\u00abCerca de $300 mil millones contrataron Ecopetrol y sus aliados con empresarios de Casanare, seg\u00fan la petrolera\u00bb \u2014 \u25b7 Noticias de Casanare : Martha Cifuentes | Casanare\" src=\"https:\/\/marthacifuentes.com\/portada\/2024\/10\/23\/cerca-de-300-mil-millones-contrataron-ecopetrol-y-sus-aliados-con-empresarios-de-casanare-segun-la-petrolera\/embed\/#?secret=fQoROVNatN#?secret=w469fbuYVo\" width=\"600\" height=\"650\" frameborder=\"0\" marginwidth=\"0\" marginheight=\"0\" scrolling=\"no\" sandbox=\"allow-scripts\" data-secret=\"w469fbuYVo\" data-mce-fragment=\"1\"><\/iframe><\/p>\n<p><iframe loading=\"lazy\" class=\"wp-embedded-content\" title=\"\u00abEdwin Barrera, exgerente de Ese Salud Yopal, vuelve al Horo, ahora como jefe de Planeaci\u00f3n.\u00bb \u2014 \u25b7 Noticias de Casanare : Martha Cifuentes | Casanare\" src=\"https:\/\/marthacifuentes.com\/portada\/2024\/10\/23\/edwin-barrera-exgerente-de-ese-salud-yopal-vuelve-al-horo-ahora-como-jefe-de-planeacion\/embed\/#?secret=iV0m5OmNNk#?secret=U5W8fRmQ0P\" width=\"600\" height=\"599\" frameborder=\"0\" marginwidth=\"0\" marginheight=\"0\" scrolling=\"no\" sandbox=\"allow-scripts\" data-secret=\"U5W8fRmQ0P\" data-mce-fragment=\"1\"><\/iframe><\/p>\n<p><iframe loading=\"lazy\" class=\"wp-embedded-content\" title=\"\u00abZorro rechaza recortes de regal\u00edas para Casanare. 100 mil millones menos para 2 pr\u00f3ximos a\u00f1os\u00bb \u2014 \u25b7 Noticias de Casanare : Martha Cifuentes | Casanare\" src=\"https:\/\/marthacifuentes.com\/portada\/2024\/10\/23\/zorro-rechaza-recortes-de-regalias-para-casanare-100-mil-millones-menos-para-2-proximos-anos\/embed\/#?secret=JjGue406oZ#?secret=kWkE2ZV66V\" width=\"600\" height=\"621\" frameborder=\"0\" marginwidth=\"0\" marginheight=\"0\" scrolling=\"no\" sandbox=\"allow-scripts\" data-secret=\"kWkE2ZV66V\" data-mce-fragment=\"1\"><\/iframe><\/p>\n<p><iframe loading=\"lazy\" class=\"wp-embedded-content\" title=\"\u00abExalcalde LEC, mal parado, por aceptar terreno emproblemado para fallido Terminal de Yopal\u00bb \u2014 \u25b7 Noticias de Casanare : Martha Cifuentes | Casanare\" src=\"https:\/\/marthacifuentes.com\/portada\/2024\/10\/22\/exalcalde-lec-mal-parado-por-aceptar-terreno-emproblemado-para-fallido-terminal-de-yopal\/embed\/#?secret=zsTlUGeI2E#?secret=OTIATGgoIh\" width=\"600\" height=\"621\" frameborder=\"0\" marginwidth=\"0\" marginheight=\"0\" scrolling=\"no\" sandbox=\"allow-scripts\" data-secret=\"OTIATGgoIh\" data-mce-fragment=\"1\"><\/iframe><\/p>\n<p><iframe loading=\"lazy\" class=\"wp-embedded-content\" title=\"\u00abPredio donde se construir\u00e1 Terminal de Transportes de Yopal termin\u00f3 siendo un \u201cnegociazo\u201d para un particular, aunque era del municipio.\u00bb \u2014 \u25b7 Noticias de Casanare : Martha Cifuentes | Casanare\" src=\"https:\/\/marthacifuentes.com\/portada\/2022\/10\/07\/predio-donde-se-construira-terminal-de-transportes-de-yopal-termino-siendo-un-negociazo-para-un-particular-aunque-era-del-municipio\/embed\/#?secret=8BVkgtrbER#?secret=qSiaz1CVXI\" width=\"600\" height=\"593\" frameborder=\"0\" marginwidth=\"0\" marginheight=\"0\" scrolling=\"no\" sandbox=\"allow-scripts\" data-secret=\"qSiaz1CVXI\" data-mce-fragment=\"1\"><\/iframe><\/p>\n<h2>Otras noticias\u2026<\/h2>\n<p><iframe loading=\"lazy\" class=\"wp-embedded-content\" title=\"\u00abPaciente con c\u00e1ncer en la sangre clama por medicamentos a Capresoca. Es de vida o muerte.\u00bb \u2014 \u25b7 Noticias de Casanare : Martha Cifuentes | Casanare\" src=\"https:\/\/marthacifuentes.com\/portada\/2024\/10\/22\/paciente-con-cancer-en-la-sangre-clama-por-medicamentos-a-capresoca-es-de-vida-o-muerte\/embed\/#?secret=HYNtCt6ZxK#?secret=cHhHl2JCMC\" width=\"600\" height=\"600\" frameborder=\"0\" marginwidth=\"0\" marginheight=\"0\" scrolling=\"no\" sandbox=\"allow-scripts\" data-secret=\"cHhHl2JCMC\" data-mce-fragment=\"1\"><\/iframe><\/p>\n<p><iframe loading=\"lazy\" class=\"wp-embedded-content\" title=\"\u00abJoven de Tauramena fue sicariado.\u00bb \u2014 \u25b7 Noticias de Casanare : Martha Cifuentes | Casanare\" src=\"https:\/\/marthacifuentes.com\/portada\/2024\/10\/22\/joven-de-tauramena-fue-sicariado\/embed\/#?secret=LABnTXm6Nl#?secret=M2astxTXp3\" width=\"600\" height=\"572\" frameborder=\"0\" marginwidth=\"0\" marginheight=\"0\" scrolling=\"no\" sandbox=\"allow-scripts\" data-secret=\"M2astxTXp3\" data-mce-fragment=\"1\"><\/iframe><\/p>\n<p><iframe loading=\"lazy\" class=\"wp-embedded-content\" title=\"\u00abGran acogida del p\u00fablico en la 3ra versi\u00f3n del Festival de teatro Guadalupe\u00bb \u2014 \u25b7 Noticias de Casanare : Martha Cifuentes | Casanare\" src=\"https:\/\/marthacifuentes.com\/portada\/2024\/10\/21\/gran-acogida-del-publico-en-la-3ra-version-del-festival-de-teatro-guadalupe\/embed\/#?secret=gzkWJoF8ym#?secret=PQdHX4wNw0\" width=\"600\" height=\"600\" frameborder=\"0\" marginwidth=\"0\" marginheight=\"0\" scrolling=\"no\" sandbox=\"allow-scripts\" data-secret=\"PQdHX4wNw0\" data-mce-fragment=\"1\"><\/iframe><\/p>\n<p><iframe loading=\"lazy\" class=\"wp-embedded-content\" title=\"\u00abABC para que no lo tumben urbanizadores ilegales en Yopal\u00bb \u2014 \u25b7 Noticias de Casanare : Martha Cifuentes | Casanare\" src=\"https:\/\/marthacifuentes.com\/portada\/2024\/10\/21\/abc-para-que-no-lo-tumben-urbanizadores-ilegales-en-yopal\/embed\/#?secret=gr0zTA8Amy#?secret=lgGPbW0YEZ\" width=\"600\" height=\"619\" frameborder=\"0\" marginwidth=\"0\" marginheight=\"0\" scrolling=\"no\" sandbox=\"allow-scripts\" data-secret=\"lgGPbW0YEZ\" data-mce-fragment=\"1\"><\/iframe><\/p>\n<p><iframe loading=\"lazy\" class=\"wp-embedded-content\" title=\"\u00abIntento o consumaci\u00f3n de abuso sexual de ni\u00f1a de 2 a\u00f1os caus\u00f3 asonada en Barranca de Up\u00eda\u00bb \u2014 \u25b7 Noticias de Casanare : Martha Cifuentes | Casanare\" src=\"https:\/\/marthacifuentes.com\/portada\/2024\/10\/21\/intento-o-consumacion-de-abuso-sexual-de-nina-de-2-anos-causo-asonada-en-barranca-de-upia\/embed\/#?secret=V3CgrwMVUB#?secret=KuGLUvinqC\" width=\"600\" height=\"600\" frameborder=\"0\" marginwidth=\"0\" marginheight=\"0\" scrolling=\"no\" sandbox=\"allow-scripts\" data-secret=\"KuGLUvinqC\" data-mce-fragment=\"1\"><\/iframe><\/p>\n<p><iframe loading=\"lazy\" class=\"wp-embedded-content\" title=\"\u00abParte de obras faltantes de la PTAP Yopal, ser\u00e1n construidas por Gobernaci\u00f3n de Casanare\u00bb \u2014 \u25b7 Noticias de Casanare : Martha Cifuentes | Casanare\" src=\"https:\/\/marthacifuentes.com\/portada\/2024\/10\/19\/parte-de-obras-faltantes-de-la-ptap-yopal-seran-construidas-por-gobernacion-de-casanare\/embed\/#?secret=7YH3OkYgDw#?secret=G9RuvJ80RQ\" width=\"600\" height=\"600\" frameborder=\"0\" marginwidth=\"0\" marginheight=\"0\" scrolling=\"no\" sandbox=\"allow-scripts\" data-secret=\"G9RuvJ80RQ\" data-mce-fragment=\"1\"><\/iframe><\/p>\n<p><iframe loading=\"lazy\" class=\"wp-embedded-content\" title=\"\u00abCapturado alias Kiliam, presunto cabecilla de disidencias de las Farc, frente 28 en Casanare\u00bb \u2014 \u25b7 Noticias de Casanare : Martha Cifuentes | Casanare\" src=\"https:\/\/marthacifuentes.com\/portada\/2024\/10\/19\/capturado-alias-kiliam-presunto-cabecilla-de-disidencias-de-las-farc-frente-28-en-casanare\/embed\/#?secret=uNkPVtTTlx#?secret=Mn9KI7MD3F\" width=\"600\" height=\"619\" frameborder=\"0\" marginwidth=\"0\" marginheight=\"0\" scrolling=\"no\" sandbox=\"allow-scripts\" data-secret=\"Mn9KI7MD3F\" data-mce-fragment=\"1\"><\/iframe><\/p>\n<p><iframe loading=\"lazy\" class=\"wp-embedded-content\" title=\"\u00abEstudiantes de San Luis de Palenque y Trinidad celebran llegada de m\u00e1s de 3.000 tablets, entregadas por Gobernaci\u00f3n de Casanare\u00bb \u2014 \u25b7 Noticias de Casanare : Martha Cifuentes | Casanare\" src=\"https:\/\/marthacifuentes.com\/portada\/2024\/10\/19\/estudiantes-de-san-luis-de-palenque-y-trinidad-celebran-llegada-de-mas-de-3-000-tablets-entregadas-por-gobernacion-de-casanare\/embed\/#?secret=t3Ehy1yhef#?secret=N38eawzYrQ\" width=\"600\" height=\"650\" frameborder=\"0\" marginwidth=\"0\" marginheight=\"0\" scrolling=\"no\" sandbox=\"allow-scripts\" data-secret=\"N38eawzYrQ\" data-mce-fragment=\"1\"><\/iframe><\/p>\n<p><iframe loading=\"lazy\" class=\"wp-embedded-content\" title=\"\u00ab\u00bfPor atraco o sicariato? Pareja abaleada en comuna 2 de Yopal. La mujer muri\u00f3.\u00bb \u2014 \u25b7 Noticias de Casanare : Martha Cifuentes | Casanare\" src=\"https:\/\/marthacifuentes.com\/portada\/2024\/10\/19\/por-atraco-o-sicariato-pareja-abaleada-en-comuna-2-de-yopal-la-mujer-murio\/embed\/#?secret=qEyCrVpamw#?secret=VN3RbAi81g\" width=\"600\" height=\"600\" frameborder=\"0\" marginwidth=\"0\" marginheight=\"0\" scrolling=\"no\" sandbox=\"allow-scripts\" data-secret=\"VN3RbAi81g\" data-mce-fragment=\"1\"><\/iframe><\/p>\n<p><iframe loading=\"lazy\" class=\"wp-embedded-content\" title=\"\u00abSe conocen cifras reales de millonaria deuda de Capresoca con Cl\u00ednica Casanare tras denuncia penal de exgerente de la IPS contra diputado Heyder Silva.\u00a0\u00bb \u2014 \u25b7 Noticias de Casanare : Martha Cifuentes | Casanare\" src=\"https:\/\/marthacifuentes.com\/portada\/2024\/10\/17\/se-conocen-cifras-reales-de-millonaria-deuda-de-capresoca-con-clinica-casanare-tras-denuncia-penal-de-exgerente-de-la-ips-contra-diputado-heyder-silva\/embed\/#?secret=q4qN90SEno#?secret=4bygdqABxD\" width=\"600\" height=\"629\" frameborder=\"0\" marginwidth=\"0\" marginheight=\"0\" scrolling=\"no\" sandbox=\"allow-scripts\" data-secret=\"4bygdqABxD\" data-mce-fragment=\"1\"><\/iframe><\/p>\n<p><iframe loading=\"lazy\" class=\"wp-embedded-content\" title=\"\u00abZorro y Marco Tulio, ahora en la Comisi\u00f3n Rectora de Regal\u00edas. Su reto: planificar y distribuirlas equitativamente.\u00bb \u2014 \u25b7 Noticias de Casanare : Martha Cifuentes | Casanare\" src=\"https:\/\/marthacifuentes.com\/portada\/2024\/10\/16\/zorro-y-marco-tulio-ahora-en-la-comision-rectora-de-regalias-su-reto-planificar-y-distribuirlas-equitativamente\/embed\/#?secret=QcIhUSImy5#?secret=uno8r2b5E4\" width=\"600\" height=\"594\" frameborder=\"0\" marginwidth=\"0\" marginheight=\"0\" scrolling=\"no\" sandbox=\"allow-scripts\" data-secret=\"uno8r2b5E4\" data-mce-fragment=\"1\"><\/iframe><\/p>\n<p><iframe loading=\"lazy\" class=\"wp-embedded-content\" title=\"\u00abDesde ma\u00f1ana Festival de Teatro Guadalupe en Yopal. M\u00e1s de 200 artistas en escena.\u00bb \u2014 \u25b7 Noticias de Casanare : Martha Cifuentes | Casanare\" src=\"https:\/\/marthacifuentes.com\/portada\/2024\/10\/16\/desde-manana-festival-de-teatro-guadalupe-en-yopal-mas-de-200-artistas-en-escena\/embed\/#?secret=LM42nN9ghn#?secret=5kSijUa9EN\" width=\"600\" height=\"600\" frameborder=\"0\" marginwidth=\"0\" marginheight=\"0\" scrolling=\"no\" sandbox=\"allow-scripts\" data-secret=\"5kSijUa9EN\" data-mce-fragment=\"1\"><\/iframe><\/p>\n<p><iframe loading=\"lazy\" class=\"wp-embedded-content\" title=\"\u00abMillonaria deuda de Capresoca a\u00fan no pone en riesgo al Horo. Gerente descarta intervenci\u00f3n\u00bb \u2014 \u25b7 Noticias de Casanare : Martha Cifuentes | Casanare\" src=\"https:\/\/marthacifuentes.com\/portada\/2024\/10\/11\/millonaria-deuda-de-capresoca-aun-no-pone-en-riesgo-al-horo-gerente-descarta-intervencion\/embed\/#?secret=7GD0m5YnYq#?secret=JHRLWfvjWr\" width=\"600\" height=\"597\" frameborder=\"0\" marginwidth=\"0\" marginheight=\"0\" scrolling=\"no\" sandbox=\"allow-scripts\" data-secret=\"JHRLWfvjWr\" data-mce-fragment=\"1\"><\/iframe><\/p>\n<p><iframe loading=\"lazy\" class=\"wp-embedded-content\" title=\"\u00abCultura, deporte y naturaleza en Casanare: turismo para todos en este fin de semana con festivo\u00bb \u2014 \u25b7 Noticias de Casanare : Martha Cifuentes | Casanare\" src=\"https:\/\/marthacifuentes.com\/portada\/2024\/10\/11\/cultura-deporte-y-naturaleza-en-casanare-turismo-para-todos-en-este-fin-de-semana-con-festivo\/embed\/#?secret=sds71W54bn#?secret=jNVK5cq2wm\" width=\"600\" height=\"621\" frameborder=\"0\" marginwidth=\"0\" marginheight=\"0\" scrolling=\"no\" sandbox=\"allow-scripts\" data-secret=\"jNVK5cq2wm\" data-mce-fragment=\"1\"><\/iframe><\/p>\n<p><iframe loading=\"lazy\" class=\"wp-embedded-content\" title=\"\u00abMujer desmembrada en Yopal fue identificada. Su hijo est\u00e1 desaparecido.\u00bb \u2014 \u25b7 Noticias de Casanare : Martha Cifuentes | Casanare\" src=\"https:\/\/marthacifuentes.com\/portada\/2024\/10\/11\/mujer-desmembrada-en-yopal-fue-identificada-su-hijo-esta-desaparecido\/embed\/#?secret=JN8ZMwiipS#?secret=aBRuBOZjok\" width=\"600\" height=\"621\" frameborder=\"0\" marginwidth=\"0\" marginheight=\"0\" scrolling=\"no\" sandbox=\"allow-scripts\" data-secret=\"aBRuBOZjok\" data-mce-fragment=\"1\"><\/iframe><\/p>\n<p><iframe loading=\"lazy\" class=\"wp-embedded-content\" title=\"\u00abV\u00edctimas de \u2018falsos positivos\u2019 en Casanare decidir\u00e1n si aceptan o no devoluci\u00f3n de medalla de Torres Escalante\u00bb \u2014 \u25b7 Noticias de Casanare : Martha Cifuentes | Casanare\" src=\"https:\/\/marthacifuentes.com\/portada\/2024\/10\/11\/victimas-de-falsos-positivos-en-casanare-decidiran-si-aceptan-o-no-devolucion-de-medalla-de-torres-escalante\/embed\/#?secret=d8DbSLpq60#?secret=rnUkOFO4ez\" width=\"600\" height=\"650\" frameborder=\"0\" marginwidth=\"0\" marginheight=\"0\" scrolling=\"no\" sandbox=\"allow-scripts\" data-secret=\"rnUkOFO4ez\" data-mce-fragment=\"1\"><\/iframe><\/p>\n<p><iframe loading=\"lazy\" class=\"wp-embedded-content\" title=\"\u00abBrigada Humanitaria M\u00e9dico Art\u00edstica ma\u00f1ana en Llano Lindo, Yopal\u00bb \u2014 \u25b7 Noticias de Casanare : Martha Cifuentes | Casanare\" src=\"https:\/\/marthacifuentes.com\/portada\/2024\/10\/11\/brigada-humanitaria-medico-artistica-manana-en-llano-lindo-yopal\/embed\/#?secret=NBHUWVdEzL#?secret=SBLWRASZjx\" width=\"600\" height=\"621\" frameborder=\"0\" marginwidth=\"0\" marginheight=\"0\" scrolling=\"no\" sandbox=\"allow-scripts\" data-secret=\"SBLWRASZjx\" data-mce-fragment=\"1\"><\/iframe><\/p>\n<p><iframe loading=\"lazy\" class=\"wp-embedded-content\" title=\"\u00abM\u00e1s de 400 puntos cr\u00edticos y 35 kil\u00f3metros de v\u00edas han sido rehabilitados en Yopal seg\u00fan Alcald\u00eda\u00bb \u2014 \u25b7 Noticias de Casanare : Martha Cifuentes | Casanare\" src=\"https:\/\/marthacifuentes.com\/portada\/2024\/10\/11\/mas-de-400-puntos-criticos-y-35-kilometros-de-vias-han-sido-rehabilitados-en-yopal-segun-alcaldia\/embed\/#?secret=bLbU3PweyI#?secret=luuKat5cZw\" width=\"600\" height=\"621\" frameborder=\"0\" marginwidth=\"0\" marginheight=\"0\" scrolling=\"no\" sandbox=\"allow-scripts\" data-secret=\"luuKat5cZw\" data-mce-fragment=\"1\"><\/iframe><\/p>\n<p><iframe loading=\"lazy\" class=\"wp-embedded-content\" title=\"\u00abUsuarios de Capresoca tienen garantizados sus servicios: Agente Interventor\u00bb \u2014 \u25b7 Noticias de Casanare : Martha Cifuentes | Casanare\" src=\"https:\/\/marthacifuentes.com\/portada\/2024\/10\/11\/usuarios-de-capresoca-tienen-garantizados-sus-servicios-agente-interventor\/embed\/#?secret=5FnuQusnCK#?secret=lpiWILmAL8\" width=\"600\" height=\"621\" frameborder=\"0\" marginwidth=\"0\" marginheight=\"0\" scrolling=\"no\" sandbox=\"allow-scripts\" data-secret=\"lpiWILmAL8\" data-mce-fragment=\"1\"><\/iframe><\/p>\n<p><iframe loading=\"lazy\" class=\"wp-embedded-content\" title=\"\u00abCasanare gan\u00f3 sala de lactancia para Yopal. Gestora social del Departamento lider\u00f3 el tema.\u00bb \u2014 \u25b7 Noticias de Casanare : Martha Cifuentes | Casanare\" src=\"https:\/\/marthacifuentes.com\/portada\/2024\/10\/10\/casanare-gano-sala-de-lactancia-para-yopal-gestora-social-del-departamento-lidero-el-tema\/embed\/#?secret=paqXzDDhlz#?secret=h5JBvp4foh\" width=\"600\" height=\"621\" frameborder=\"0\" marginwidth=\"0\" marginheight=\"0\" scrolling=\"no\" sandbox=\"allow-scripts\" data-secret=\"h5JBvp4foh\" data-mce-fragment=\"1\"><\/iframe><\/p>\n<p><iframe loading=\"lazy\" class=\"wp-embedded-content\" title=\"\u00abGremio constructor quiere participar de la torta de proyectos de infraestructura y vivienda en Casanare\u00bb \u2014 \u25b7 Noticias de Casanare : Martha Cifuentes | Casanare\" src=\"https:\/\/marthacifuentes.com\/portada\/2024\/10\/10\/gremio-constructor-quiere-participar-de-la-torta-de-proyectos-de-infraestructura-y-vivienda-en-casanare\/embed\/#?secret=iIHEPunc7W#?secret=VRxSpfvwvs\" width=\"600\" height=\"621\" frameborder=\"0\" marginwidth=\"0\" marginheight=\"0\" scrolling=\"no\" sandbox=\"allow-scripts\" data-secret=\"VRxSpfvwvs\" data-mce-fragment=\"1\"><\/iframe><\/p>\n<p><iframe loading=\"lazy\" class=\"wp-embedded-content\" title=\"\u00abPlanta de secado de arroz en San Luis de Palenque tendr\u00e1 capacidad de secado de 37 mil toneladas\u00bb \u2014 \u25b7 Noticias de Casanare : Martha Cifuentes | Casanare\" src=\"https:\/\/marthacifuentes.com\/portada\/2024\/10\/10\/planta-de-secado-de-arroz-en-san-luis-de-palenque-tendra-capacidad-de-secado-de-37-mil-toneladas\/embed\/#?secret=KbhserhyUP#?secret=WXXfF4LmVf\" width=\"600\" height=\"621\" frameborder=\"0\" marginwidth=\"0\" marginheight=\"0\" scrolling=\"no\" sandbox=\"allow-scripts\" data-secret=\"WXXfF4LmVf\" data-mce-fragment=\"1\"><\/iframe><\/p>\n<p><iframe loading=\"lazy\" class=\"wp-embedded-content\" title=\"\u00ab\u00bfCarolina Mari\u00f1o, \u201cla nueva bendecida\u201d para dirigir Corporinoquia, tras fall\u00f3 que anul\u00f3 elecci\u00f3n de Doris Bernal?\u00bb \u2014 \u25b7 Noticias de Casanare : Martha Cifuentes | Casanare\" src=\"https:\/\/marthacifuentes.com\/portada\/2024\/10\/07\/carolina-marino-la-nueva-bendecida-para-dirigir-corporinoquia-tras-fallo-que-anulo-eleccion-de-doris-bernal\/embed\/#?secret=xIcF4fvODB#?secret=7gvlU0ae88\" width=\"600\" height=\"629\" frameborder=\"0\" marginwidth=\"0\" marginheight=\"0\" scrolling=\"no\" sandbox=\"allow-scripts\" data-secret=\"7gvlU0ae88\" data-mce-fragment=\"1\"><\/iframe><\/p>\n<p><iframe loading=\"lazy\" class=\"wp-embedded-content\" title=\"\u00abYopal: \u00bfNueva plaza de guerra por microtr\u00e1fico? Persona descuartizada y un sicariato en menos de 24 horas.\u00bb \u2014 \u25b7 Noticias de Casanare : Martha Cifuentes | Casanare\" src=\"https:\/\/marthacifuentes.com\/portada\/2024\/10\/04\/yopal-nueva-plaza-de-guerra-por-microtrafico-persona-descuartizada-y-un-sicariato-en-menos-de-24-horas\/embed\/#?secret=X6h0tCVMzB#?secret=787ykpmYdZ\" width=\"600\" height=\"650\" frameborder=\"0\" marginwidth=\"0\" marginheight=\"0\" scrolling=\"no\" sandbox=\"allow-scripts\" data-secret=\"787ykpmYdZ\" data-mce-fragment=\"1\"><\/iframe><\/p>\n","protected":false},"excerpt":{"rendered":"<p>Tercera edici\u00f3n del\u00a0Foro intersectorial de retos y oportunidades para Casanare: Transformaci\u00f3n de conflictos y desarrollo regional se realiza desde hoy y hasta ma\u00f1ana en el Centro de Convenciones y Negocios de la C\u00e1mara de Comercio de Casanare. Busca fomentar el desarrollo econ\u00f3mico y la transformaci\u00f3n de conflictos en la regi\u00f3n. El evento acad\u00e9mico es organizado &hellip;<\/p>\n","protected":false},"author":2,"featured_media":34368,"comment_status":"open","ping_status":"open","sticky":false,"template":"","format":"standard","meta":{"om_disable_all_campaigns":false,"_exactmetrics_skip_tracking":false,"_exactmetrics_sitenote_active":false,"_exactmetrics_sitenote_note":"","_exactmetrics_sitenote_category":0,"_monsterinsights_skip_tracking":false,"_monsterinsights_sitenote_active":false,"_monsterinsights_sitenote_note":"","_monsterinsights_sitenote_category":0,"_uf_show_specific_survey":0,"_uf_disable_surveys":false,"_joinchat":[],"footnotes":""},"categories":[147,146,145],"tags":[11351,11352,344,11350,11349,187,11355,11348,11353,4289,1400,1421,8186,11354],"class_list":["post-34367","post","type-post","status-publish","format-standard","has-post-thumbnail","hentry","category-actualidad","category-noticias","category-reportajes","tag-agencia-presidencial-de-renovacion-del-territorio","tag-alcaldia-de-yopal-y-el-consejo-gremial-de-casanare","tag-ecopetrol","tag-foro-intersectorial-de-retos-y-oportunidades-para-casanare-transformacion-de-conflictos-y-desarrollo-regional","tag-gas-y-energia-campetrol","tag-gobernacion-de-casanare","tag-gobernador-y-alcaldes-de-casanare","tag-la-asociacion-colombiana-de-petroleo-y-gas-acp-y-la-camara-colombiana-de-bienes-y-servicios-de-petroleo","tag-ministerio-de-justicia-y-del-derecho","tag-noticias-camara-de-comercio-de-casanare","tag-noticias-casanare","tag-noticias-yopal","tag-superintendencia-de-industria-y-comercio","tag-superintendencia-de-sociedade"],"yoast_head":"<!-- This site is optimized with the Yoast SEO plugin v26.1 - https:\/\/yoast.com\/wordpress\/plugins\/seo\/ -->\n<title>Hoy, en foro petrolero en Yopal, se analizar\u00e1n mecanismos para solucionar conflictividad social y empresarial - \u25b7 Noticias de Casanare : Martha Cifuentes | Casanare<\/title>\n<meta name=\"robots\" content=\"index, follow, max-snippet:-1, max-image-preview:large, max-video-preview:-1\" \/>\n<link rel=\"canonical\" href=\"https:\/\/marthacifuentes.com\/portada\/hoy-en-foro-petrolero-en-yopal-se-analizaran-mecanismos-para-solucionar-conflictividad-social-y-empresarial\/\" \/>\n<meta property=\"og:locale\" content=\"es_ES\" \/>\n<meta property=\"og:type\" content=\"article\" \/>\n<meta property=\"og:title\" content=\"Hoy, en foro petrolero en Yopal, se analizar\u00e1n mecanismos para solucionar conflictividad social y empresarial - \u25b7 Noticias de Casanare : Martha Cifuentes | Casanare\" \/>\n<meta property=\"og:description\" content=\"Tercera edici\u00f3n del\u00a0Foro intersectorial de retos y oportunidades para Casanare: Transformaci\u00f3n de conflictos y desarrollo regional se realiza desde hoy y hasta ma\u00f1ana en el Centro de Convenciones y Negocios de la C\u00e1mara de Comercio de Casanare. Busca fomentar el desarrollo econ\u00f3mico y la transformaci\u00f3n de conflictos en la regi\u00f3n. El evento acad\u00e9mico es organizado &hellip;\" \/>\n<meta property=\"og:url\" content=\"https:\/\/marthacifuentes.com\/portada\/hoy-en-foro-petrolero-en-yopal-se-analizaran-mecanismos-para-solucionar-conflictividad-social-y-empresarial\/\" \/>\n<meta property=\"og:site_name\" content=\"\u25b7 Noticias de Casanare : Martha Cifuentes | Casanare\" \/>\n<meta property=\"article:published_time\" content=\"2024-11-07T13:39:28+00:00\" \/>\n<meta property=\"og:image\" content=\"https:\/\/marthacifuentes.com\/portada\/wp-content\/uploads\/2024\/11\/PIEZA-OFICIAL.jpeg\" \/>\n\t<meta property=\"og:image:width\" content=\"1280\" \/>\n\t<meta property=\"og:image:height\" content=\"653\" \/>\n\t<meta property=\"og:image:type\" content=\"image\/jpeg\" \/>\n<meta name=\"author\" content=\"Martha Cifuentes\" \/>\n<meta name=\"twitter:card\" content=\"summary_large_image\" \/>\n<meta name=\"twitter:label1\" content=\"Escrito por\" \/>\n\t<meta name=\"twitter:data1\" content=\"Martha Cifuentes\" \/>\n\t<meta name=\"twitter:label2\" content=\"Tiempo de lectura\" \/>\n\t<meta name=\"twitter:data2\" content=\"2 minutos\" \/>\n<script type=\"application\/ld+json\" class=\"yoast-schema-graph\">{\"@context\":\"https:\/\/schema.org\",\"@graph\":[{\"@type\":\"WebPage\",\"@id\":\"https:\/\/marthacifuentes.com\/portada\/hoy-en-foro-petrolero-en-yopal-se-analizaran-mecanismos-para-solucionar-conflictividad-social-y-empresarial\/\",\"url\":\"https:\/\/marthacifuentes.com\/portada\/hoy-en-foro-petrolero-en-yopal-se-analizaran-mecanismos-para-solucionar-conflictividad-social-y-empresarial\/\",\"name\":\"Hoy, en foro petrolero en Yopal, se analizar\u00e1n mecanismos para solucionar conflictividad social y empresarial - \u25b7 Noticias de Casanare : Martha Cifuentes | Casanare\",\"isPartOf\":{\"@id\":\"https:\/\/marthacifuentes.com\/portada\/#website\"},\"primaryImageOfPage\":{\"@id\":\"https:\/\/marthacifuentes.com\/portada\/hoy-en-foro-petrolero-en-yopal-se-analizaran-mecanismos-para-solucionar-conflictividad-social-y-empresarial\/#primaryimage\"},\"image\":{\"@id\":\"https:\/\/marthacifuentes.com\/portada\/hoy-en-foro-petrolero-en-yopal-se-analizaran-mecanismos-para-solucionar-conflictividad-social-y-empresarial\/#primaryimage\"},\"thumbnailUrl\":\"https:\/\/marthacifuentes.com\/portada\/wp-content\/uploads\/2024\/11\/PIEZA-OFICIAL.jpeg\",\"datePublished\":\"2024-11-07T13:39:28+00:00\",\"author\":{\"@id\":\"https:\/\/marthacifuentes.com\/portada\/#\/schema\/person\/57f53174b991db5f90ff78d58502b714\"},\"breadcrumb\":{\"@id\":\"https:\/\/marthacifuentes.com\/portada\/hoy-en-foro-petrolero-en-yopal-se-analizaran-mecanismos-para-solucionar-conflictividad-social-y-empresarial\/#breadcrumb\"},\"inLanguage\":\"es\",\"potentialAction\":[{\"@type\":\"ReadAction\",\"target\":[\"https:\/\/marthacifuentes.com\/portada\/hoy-en-foro-petrolero-en-yopal-se-analizaran-mecanismos-para-solucionar-conflictividad-social-y-empresarial\/\"]}]},{\"@type\":\"ImageObject\",\"inLanguage\":\"es\",\"@id\":\"https:\/\/marthacifuentes.com\/portada\/hoy-en-foro-petrolero-en-yopal-se-analizaran-mecanismos-para-solucionar-conflictividad-social-y-empresarial\/#primaryimage\",\"url\":\"https:\/\/marthacifuentes.com\/portada\/wp-content\/uploads\/2024\/11\/PIEZA-OFICIAL.jpeg\",\"contentUrl\":\"https:\/\/marthacifuentes.com\/portada\/wp-content\/uploads\/2024\/11\/PIEZA-OFICIAL.jpeg\",\"width\":1280,\"height\":653},{\"@type\":\"BreadcrumbList\",\"@id\":\"https:\/\/marthacifuentes.com\/portada\/hoy-en-foro-petrolero-en-yopal-se-analizaran-mecanismos-para-solucionar-conflictividad-social-y-empresarial\/#breadcrumb\",\"itemListElement\":[{\"@type\":\"ListItem\",\"position\":1,\"name\":\"Portada\",\"item\":\"https:\/\/marthacifuentes.com\/portada\/\"},{\"@type\":\"ListItem\",\"position\":2,\"name\":\"Hoy, en foro petrolero en Yopal, se analizar\u00e1n mecanismos para solucionar conflictividad social y empresarial\"}]},{\"@type\":\"WebSite\",\"@id\":\"https:\/\/marthacifuentes.com\/portada\/#website\",\"url\":\"https:\/\/marthacifuentes.com\/portada\/\",\"name\":\"\u25b7 Noticias de Casanare : Martha Cifuentes | Casanare\",\"description\":\"Noticias &amp; Contenidos\",\"potentialAction\":[{\"@type\":\"SearchAction\",\"target\":{\"@type\":\"EntryPoint\",\"urlTemplate\":\"https:\/\/marthacifuentes.com\/portada\/?s={search_term_string}\"},\"query-input\":{\"@type\":\"PropertyValueSpecification\",\"valueRequired\":true,\"valueName\":\"search_term_string\"}}],\"inLanguage\":\"es\"},{\"@type\":\"Person\",\"@id\":\"https:\/\/marthacifuentes.com\/portada\/#\/schema\/person\/57f53174b991db5f90ff78d58502b714\",\"name\":\"Martha Cifuentes\",\"image\":{\"@type\":\"ImageObject\",\"inLanguage\":\"es\",\"@id\":\"https:\/\/marthacifuentes.com\/portada\/#\/schema\/person\/image\/\",\"url\":\"http:\/\/marthacifuentes.com\/portada\/wp-content\/uploads\/2018\/06\/avatar_user_2_1528838701-96x96.jpg\",\"contentUrl\":\"http:\/\/marthacifuentes.com\/portada\/wp-content\/uploads\/2018\/06\/avatar_user_2_1528838701-96x96.jpg\",\"caption\":\"Martha Cifuentes\"},\"sameAs\":[\"http:\/\/www.marthacifuentes.com\"],\"url\":\"https:\/\/marthacifuentes.com\/portada\/author\/martha\/\"}]}<\/script>\n<!-- \/ Yoast SEO plugin. -->","yoast_head_json":{"title":"Hoy, en foro petrolero en Yopal, se analizar\u00e1n mecanismos para solucionar conflictividad social y empresarial - \u25b7 Noticias de Casanare : Martha Cifuentes | Casanare","robots":{"index":"index","follow":"follow","max-snippet":"max-snippet:-1","max-image-preview":"max-image-preview:large","max-video-preview":"max-video-preview:-1"},"canonical":"https:\/\/marthacifuentes.com\/portada\/hoy-en-foro-petrolero-en-yopal-se-analizaran-mecanismos-para-solucionar-conflictividad-social-y-empresarial\/","og_locale":"es_ES","og_type":"article","og_title":"Hoy, en foro petrolero en Yopal, se analizar\u00e1n mecanismos para solucionar conflictividad social y empresarial - \u25b7 Noticias de Casanare : Martha Cifuentes | Casanare","og_description":"Tercera edici\u00f3n del\u00a0Foro intersectorial de retos y oportunidades para Casanare: Transformaci\u00f3n de conflictos y desarrollo regional se realiza desde hoy y hasta ma\u00f1ana en el Centro de Convenciones y Negocios de la C\u00e1mara de Comercio de Casanare. Busca fomentar el desarrollo econ\u00f3mico y la transformaci\u00f3n de conflictos en la regi\u00f3n. El evento acad\u00e9mico es organizado &hellip;","og_url":"https:\/\/marthacifuentes.com\/portada\/hoy-en-foro-petrolero-en-yopal-se-analizaran-mecanismos-para-solucionar-conflictividad-social-y-empresarial\/","og_site_name":"\u25b7 Noticias de Casanare : Martha Cifuentes | Casanare","article_published_time":"2024-11-07T13:39:28+00:00","og_image":[{"width":1280,"height":653,"url":"https:\/\/marthacifuentes.com\/portada\/wp-content\/uploads\/2024\/11\/PIEZA-OFICIAL.jpeg","type":"image\/jpeg"}],"author":"Martha Cifuentes","twitter_card":"summary_large_image","twitter_misc":{"Escrito por":"Martha Cifuentes","Tiempo de lectura":"2 minutos"},"schema":{"@context":"https:\/\/schema.org","@graph":[{"@type":"WebPage","@id":"https:\/\/marthacifuentes.com\/portada\/hoy-en-foro-petrolero-en-yopal-se-analizaran-mecanismos-para-solucionar-conflictividad-social-y-empresarial\/","url":"https:\/\/marthacifuentes.com\/portada\/hoy-en-foro-petrolero-en-yopal-se-analizaran-mecanismos-para-solucionar-conflictividad-social-y-empresarial\/","name":"Hoy, en foro petrolero en Yopal, se analizar\u00e1n mecanismos para solucionar conflictividad social y empresarial - \u25b7 Noticias de Casanare : Martha Cifuentes | Casanare","isPartOf":{"@id":"https:\/\/marthacifuentes.com\/portada\/#website"},"primaryImageOfPage":{"@id":"https:\/\/marthacifuentes.com\/portada\/hoy-en-foro-petrolero-en-yopal-se-analizaran-mecanismos-para-solucionar-conflictividad-social-y-empresarial\/#primaryimage"},"image":{"@id":"https:\/\/marthacifuentes.com\/portada\/hoy-en-foro-petrolero-en-yopal-se-analizaran-mecanismos-para-solucionar-conflictividad-social-y-empresarial\/#primaryimage"},"thumbnailUrl":"https:\/\/marthacifuentes.com\/portada\/wp-content\/uploads\/2024\/11\/PIEZA-OFICIAL.jpeg","datePublished":"2024-11-07T13:39:28+00:00","author":{"@id":"https:\/\/marthacifuentes.com\/portada\/#\/schema\/person\/57f53174b991db5f90ff78d58502b714"},"breadcrumb":{"@id":"https:\/\/marthacifuentes.com\/portada\/hoy-en-foro-petrolero-en-yopal-se-analizaran-mecanismos-para-solucionar-conflictividad-social-y-empresarial\/#breadcrumb"},"inLanguage":"es","potentialAction":[{"@type":"ReadAction","target":["https:\/\/marthacifuentes.com\/portada\/hoy-en-foro-petrolero-en-yopal-se-analizaran-mecanismos-para-solucionar-conflictividad-social-y-empresarial\/"]}]},{"@type":"ImageObject","inLanguage":"es","@id":"https:\/\/marthacifuentes.com\/portada\/hoy-en-foro-petrolero-en-yopal-se-analizaran-mecanismos-para-solucionar-conflictividad-social-y-empresarial\/#primaryimage","url":"https:\/\/marthacifuentes.com\/portada\/wp-content\/uploads\/2024\/11\/PIEZA-OFICIAL.jpeg","contentUrl":"https:\/\/marthacifuentes.com\/portada\/wp-content\/uploads\/2024\/11\/PIEZA-OFICIAL.jpeg","width":1280,"height":653},{"@type":"BreadcrumbList","@id":"https:\/\/marthacifuentes.com\/portada\/hoy-en-foro-petrolero-en-yopal-se-analizaran-mecanismos-para-solucionar-conflictividad-social-y-empresarial\/#breadcrumb","itemListElement":[{"@type":"ListItem","position":1,"name":"Portada","item":"https:\/\/marthacifuentes.com\/portada\/"},{"@type":"ListItem","position":2,"name":"Hoy, en foro petrolero en Yopal, se analizar\u00e1n mecanismos para solucionar conflictividad social y empresarial"}]},{"@type":"WebSite","@id":"https:\/\/marthacifuentes.com\/portada\/#website","url":"https:\/\/marthacifuentes.com\/portada\/","name":"\u25b7 Noticias de Casanare : Martha Cifuentes | Casanare","description":"Noticias &amp; Contenidos","potentialAction":[{"@type":"SearchAction","target":{"@type":"EntryPoint","urlTemplate":"https:\/\/marthacifuentes.com\/portada\/?s={search_term_string}"},"query-input":{"@type":"PropertyValueSpecification","valueRequired":true,"valueName":"search_term_string"}}],"inLanguage":"es"},{"@type":"Person","@id":"https:\/\/marthacifuentes.com\/portada\/#\/schema\/person\/57f53174b991db5f90ff78d58502b714","name":"Martha Cifuentes","image":{"@type":"ImageObject","inLanguage":"es","@id":"https:\/\/marthacifuentes.com\/portada\/#\/schema\/person\/image\/","url":"http:\/\/marthacifuentes.com\/portada\/wp-content\/uploads\/2018\/06\/avatar_user_2_1528838701-96x96.jpg","contentUrl":"http:\/\/marthacifuentes.com\/portada\/wp-content\/uploads\/2018\/06\/avatar_user_2_1528838701-96x96.jpg","caption":"Martha Cifuentes"},"sameAs":["http:\/\/www.marthacifuentes.com"],"url":"https:\/\/marthacifuentes.com\/portada\/author\/martha\/"}]}},"_links":{"self":[{"href":"https:\/\/marthacifuentes.com\/portada\/wp-json\/wp\/v2\/posts\/34367","targetHints":{"allow":["GET"]}}],"collection":[{"href":"https:\/\/marthacifuentes.com\/portada\/wp-json\/wp\/v2\/posts"}],"about":[{"href":"https:\/\/marthacifuentes.com\/portada\/wp-json\/wp\/v2\/types\/post"}],"author":[{"embeddable":true,"href":"https:\/\/marthacifuentes.com\/portada\/wp-json\/wp\/v2\/users\/2"}],"replies":[{"embeddable":true,"href":"https:\/\/marthacifuentes.com\/portada\/wp-json\/wp\/v2\/comments?post=34367"}],"version-history":[{"count":1,"href":"https:\/\/marthacifuentes.com\/portada\/wp-json\/wp\/v2\/posts\/34367\/revisions"}],"predecessor-version":[{"id":34369,"href":"https:\/\/marthacifuentes.com\/portada\/wp-json\/wp\/v2\/posts\/34367\/revisions\/34369"}],"wp:featuredmedia":[{"embeddable":true,"href":"https:\/\/marthacifuentes.com\/portada\/wp-json\/wp\/v2\/media\/34368"}],"wp:attachment":[{"href":"https:\/\/marthacifuentes.com\/portada\/wp-json\/wp\/v2\/media?parent=34367"}],"wp:term":[{"taxonomy":"category","embeddable":true,"href":"https:\/\/marthacifuentes.com\/portada\/wp-json\/wp\/v2\/categories?post=34367"},{"taxonomy":"post_tag","embeddable":true,"href":"https:\/\/marthacifuentes.com\/portada\/wp-json\/wp\/v2\/tags?post=34367"}],"curies":[{"name":"wp","href":"https:\/\/api.w.org\/{rel}","templated":true}]}}