{"id":34467,"date":"2024-12-02T10:54:53","date_gmt":"2024-12-02T15:54:53","guid":{"rendered":"https:\/\/marthacifuentes.com\/portada\/?p=34467"},"modified":"2024-12-02T10:54:53","modified_gmt":"2024-12-02T15:54:53","slug":"incumplimiento-de-requisitos-legales-impide-escrituracion-de-lotes-en-alameda-martha-mojica","status":"publish","type":"post","link":"https:\/\/marthacifuentes.com\/portada\/incumplimiento-de-requisitos-legales-impide-escrituracion-de-lotes-en-alameda-martha-mojica\/","title":{"rendered":"Incumplimiento de requisitos legales impide escrituraci\u00f3n de lotes en Alameda Martha Mojica."},"content":{"rendered":"<p>Las 2.589 familias yopale\u00f1as que esperaban con ansias la escritura de los lotes del proyecto del Plan Parcial Alameda Martha Mojica, contiguo a La Bendici\u00f3n en Yopal, tendr\u00e1n que esperar por lo menos hasta mediados de 2025 para acceder a la titulaci\u00f3n. Las prisas del anterior alcalde de Yopal, Luis Eduardo Castro, por entregar los lotes a finales del 2023, sin cumplir con los requisitos legales y t\u00e9cnicos necesarios, han generado retrasos significativos y una profunda incertidumbre entre los beneficiarios.<\/p>\n<p>A pesar de que a finales del a\u00f1o pasado se identific\u00f3 a los potenciales beneficiarios a trav\u00e9s de la resoluci\u00f3n 1132 del 30 de diciembre, la entrega de los lotes no se puede realizar porque se deben cumplir una serie de tr\u00e1mites que est\u00e1n en proceso. \u00a0As\u00ed lo ratific\u00f3 el gerente del Instituto de Desarrollo de Vivienda de Casanare Indev, Nelson Nieto, ante medios de comunicaci\u00f3n locales como El Nuevo Oriente y Casanare On line, entre otros.<\/p>\n<p>&nbsp;<\/p>\n<p><strong>Por qu\u00e9 las demoras en la escrituraci\u00f3n<\/strong><\/p>\n<p>La principal causa de este retraso se debe a que el terreno donde se desarrollar\u00e1 el proyecto a\u00fan no ha sido transferido formalmente del Municipio de Yopal al Indev. Adem\u00e1s, el proceso de alinderamiento y la instalaci\u00f3n de los servicios p\u00fablicos esenciales como acueducto y alcantarillado se encuentran en proceso de construcci\u00f3n, a cargo de Acuatodos.<\/p>\n<p>Adicional a ello, el Indev debi\u00f3 realizar una revisi\u00f3n exhaustiva de los potenciales beneficiarios para determinar si cumpl\u00edan o no con los requisitos exigidos para hacer parte de este proyecto. El resultado de esta, se conoci\u00f3 el pasado 30 de noviembre a trav\u00e9s de la p\u00e1gina web del Indev. All\u00ed aparece un listado de las personas que no cumplen requisitos.<\/p>\n<p>&nbsp;<\/p>\n<p><strong>24% de beneficiarios con inconsistencias<\/strong><\/p>\n<p>Una revisi\u00f3n exhaustiva realizada por el Indev a los potenciales beneficiarios revel\u00f3 inconsistencias en los documentos de 632 familias, lo que representa aproximadamente el 24% del total.<\/p>\n<p>Estas irregularidades incluyen ingresos superiores a los permitidos, propiedades a nombre de los solicitantes y falta de documentaci\u00f3n que acredite su estado civil o condici\u00f3n de cabeza de hogar.<\/p>\n<p>Ante esta situaci\u00f3n, el gerente del Indev ha enfatizado que es necesario cumplir con todos los requisitos legales y t\u00e9cnicos para garantizar la legalidad y sostenibilidad del proyecto. Asimismo, ha se\u00f1alado que se est\u00e1 trabajando arduamente para agilizar los tr\u00e1mites y entregar los lotes en el menor tiempo posible.<\/p>\n<p>&nbsp;<\/p>\n<p><strong>\u00bfQu\u00e9 sigue?<\/strong><\/p>\n<ul>\n<li><strong>Subsanaci\u00f3n de inconsistencias:<\/strong> Las familias que presentaron inconsistencias en sus documentos tienen hasta el 12 de diciembre para subsanarlas. Para ello deben acercarse al Indev y all\u00ed ser\u00e1n atendidos para analizar caso por caso.<\/li>\n<li><strong>Finalizaci\u00f3n del alinderamiento:<\/strong> Se espera que el proceso de alinderamiento del terreno que realiza la Oficina Asesora de Planeaci\u00f3n est\u00e9 concluido en abril de 2025.<\/li>\n<li><strong>Entrega de servicios p\u00fablicos:<\/strong> La Empresa Acuatodos que tiene a su cargo la construcci\u00f3n del acueducto y alcantarillado, entregar\u00eda la obra en marzo de 2025, seg\u00fan lo explic\u00f3 Nieto.<\/li>\n<li><strong>Transferencia del terreno:<\/strong> Una vez cumplidos los requisitos anteriores, se proceder\u00e1 a la transferencia formal del terreno del Municipio al Indev.<\/li>\n<li><strong>En todo caso el proceso de escrituraci\u00f3n <\/strong>no es posible sino se cuenta con el cumplimiento de estos requisitos.<\/li>\n<\/ul>\n<p>Es importante destacar que las familias que queden excluidas porque no cumplan los requisitos para el lote, ser\u00e1n remplazadas de un listado de espera de aproximadamente 700 familias que tambi\u00e9n entregaron sus solicitudes. A estas tambi\u00e9n se les har\u00eda una revisi\u00f3n de documentaci\u00f3n para verificar cumplimiento de requerimientos.<\/p>\n<p>&nbsp;<\/p>\n<p><strong>Reacciones y expectativas<\/strong><\/p>\n<p>La noticia de la postergaci\u00f3n de la entrega de los lotes ha generado incertidumbre y preocupaci\u00f3n entre las familias beneficiarias, quienes ven retrasados sus sue\u00f1os de acceder a una vivienda propia.<\/p>\n<p>Todo esto como consecuencia de un af\u00e1n politiquero del gobierno anterior, que a \u00faltima hora corri\u00f3 para entregar los lotes pero no lo hizo en debida forma, seg\u00fan informaron desde la actual administraci\u00f3n, hace ya varios meses.<\/p>\n<h2><strong>Otras noticias\u2026<\/strong><\/h2>\n<p>https:\/\/marthacifuentes.com\/portada\/2024\/12\/02\/nancy-padilla-un-nuevo-rostro-de-la-violencia-machista-que-persiste\/<\/p>\n<p><iframe loading=\"lazy\" class=\"wp-embedded-content\" title=\"\u00abHaz el cambio, \u00a1y tu bolsillo te lo agradecer\u00e1! Gu\u00eda para adoptar tecnolog\u00edas sostenibles y accesibles\u00bb \u2014 \u25b7 Noticias de Casanare : Martha Cifuentes | Casanare\" src=\"https:\/\/marthacifuentes.com\/portada\/2024\/11\/29\/haz-el-cambio-y-tu-bolsillo-te-lo-agradecera-guia-para-adoptar-tecnologias-sostenibles-y-accesibles\/embed\/#?secret=3wJ6ABwXHr#?secret=3S7p2Wkcx0\" width=\"600\" height=\"621\" frameborder=\"0\" marginwidth=\"0\" marginheight=\"0\" scrolling=\"no\" sandbox=\"allow-scripts\" data-secret=\"3S7p2Wkcx0\" data-mce-fragment=\"1\"><\/iframe><\/p>\n<p><iframe loading=\"lazy\" class=\"wp-embedded-content\" title=\"\u00abPor las 2.553 v\u00edctimas: Casanare crea la Mesa Departamental para la atenci\u00f3n a desaparecidos\u00bb \u2014 \u25b7 Noticias de Casanare : Martha Cifuentes | Casanare\" src=\"https:\/\/marthacifuentes.com\/portada\/2024\/11\/28\/por-las-2-553-victimas-casanare-crea-la-mesa-departamental-para-la-atencion-a-desaparecidos\/embed\/#?secret=SdpXd7UXyd#?secret=wKQP4GjCqZ\" width=\"600\" height=\"538\" frameborder=\"0\" marginwidth=\"0\" marginheight=\"0\" scrolling=\"no\" sandbox=\"allow-scripts\" data-secret=\"wKQP4GjCqZ\" data-mce-fragment=\"1\"><\/iframe><\/p>\n<p><iframe loading=\"lazy\" class=\"wp-embedded-content\" title=\"\u00abLida Rojas: El crimen que desnuda el control del ELN y disidencias de las Farc en Aguazul\u00bb \u2014 \u25b7 Noticias de Casanare : Martha Cifuentes | Casanare\" src=\"https:\/\/marthacifuentes.com\/portada\/2024\/11\/27\/lida-rojas-el-crimen-que-desnuda-el-control-del-eln-y-disidencias-de-las-farc-en-aguazul\/embed\/#?secret=1m5yCZwADK#?secret=a20doPqPPW\" width=\"600\" height=\"600\" frameborder=\"0\" marginwidth=\"0\" marginheight=\"0\" scrolling=\"no\" sandbox=\"allow-scripts\" data-secret=\"a20doPqPPW\" data-mce-fragment=\"1\"><\/iframe><\/p>\n<p><a href=\"https:\/\/marthacifuentes.com\/especialviolenciamujer\/\"><img decoding=\"async\" src=\"https:\/\/marthacifuentes.com\/portada\/wp-content\/uploads\/2024\/11\/intro-1.jpg\" \/><\/a><\/p>\n<p><iframe loading=\"lazy\" class=\"wp-embedded-content\" title=\"\u00abConsejo Directivo de Corporinoquia ya fij\u00f3 fecha de elecci\u00f3n de director de Corporinoquia. Lenin Bustos cuestion\u00f3 decisiones.\u00bb \u2014 \u25b7 Noticias de Casanare : Martha Cifuentes | Casanare\" src=\"https:\/\/marthacifuentes.com\/portada\/2024\/11\/26\/consejo-directivo-de-corporinoquia-ya-fijo-fecha-de-eleccion-de-director-de-corporinoquia-lenin-bustos-cuestiono-decisiones\/embed\/#?secret=iFNp9pEfCo#?secret=h6DOIYGDRj\" width=\"600\" height=\"650\" frameborder=\"0\" marginwidth=\"0\" marginheight=\"0\" scrolling=\"no\" sandbox=\"allow-scripts\" data-secret=\"h6DOIYGDRj\" data-mce-fragment=\"1\"><\/iframe><\/p>\n<p><iframe loading=\"lazy\" class=\"wp-embedded-content\" title=\"\u00abYa viene la elecci\u00f3n de director(a) de Corporinoquia. 25 de noviembre convocado Consejo Directivo.\u00bb \u2014 \u25b7 Noticias de Casanare : Martha Cifuentes | Casanare\" src=\"https:\/\/marthacifuentes.com\/portada\/2024\/11\/22\/ya-viene-la-eleccion-de-directora-de-corporinoquia-25-de-noviembre-convocado-consejo-directivo\/embed\/#?secret=WIZEqpPbmY#?secret=EHam0JCmRI\" width=\"600\" height=\"586\" frameborder=\"0\" marginwidth=\"0\" marginheight=\"0\" scrolling=\"no\" sandbox=\"allow-scripts\" data-secret=\"EHam0JCmRI\" data-mce-fragment=\"1\"><\/iframe><\/p>\n<p><iframe loading=\"lazy\" class=\"wp-embedded-content\" title=\"\u00abCasanare Palpita: Cultura, arte y gastronom\u00eda llanera,\u00a0del 20 al 24 de noviembre en Casanare.\u00bb \u2014 \u25b7 Noticias de Casanare : Martha Cifuentes | Casanare\" src=\"https:\/\/marthacifuentes.com\/portada\/2024\/11\/20\/casanare-palpita-cultura-arte-y-gastronomia-llanera-del-20-al-24-de-noviembre-en-casanare\/embed\/#?secret=ZxluL6FvPy#?secret=g3iti2URnM\" width=\"600\" height=\"580\" frameborder=\"0\" marginwidth=\"0\" marginheight=\"0\" scrolling=\"no\" sandbox=\"allow-scripts\" data-secret=\"g3iti2URnM\" data-mce-fragment=\"1\"><\/iframe><\/p>\n<p><iframe loading=\"lazy\" class=\"wp-embedded-content\" title=\"\u00abEaaay: tras cuestionada intervenci\u00f3n, se nombra nueva interventora. Fue liquidadora de Electricaribe.\u00bb \u2014 \u25b7 Noticias de Casanare : Martha Cifuentes | Casanare\" src=\"https:\/\/marthacifuentes.com\/portada\/2024\/11\/20\/eaaay-tras-cuestionada-intervencion-se-nombra-nueva-interventora-fue-liquidadora-de-electricaribe\/embed\/#?secret=Ua3FLbHJOK#?secret=lSmpQX1tHz\" width=\"600\" height=\"614\" frameborder=\"0\" marginwidth=\"0\" marginheight=\"0\" scrolling=\"no\" sandbox=\"allow-scripts\" data-secret=\"lSmpQX1tHz\" data-mce-fragment=\"1\"><\/iframe><\/p>\n<p><iframe loading=\"lazy\" class=\"wp-embedded-content\" title=\"\u00abAmarrada y con una almohada fue asfixiada Jeniffer Velandia. Hubo una testigo.\u00bb \u2014 \u25b7 Noticias de Casanare : Martha Cifuentes | Casanare\" src=\"https:\/\/marthacifuentes.com\/portada\/2024\/11\/13\/amarrada-y-con-una-almohada-fue-asfixiada-jeniffer-velandia-hubo-una-testigo\/embed\/#?secret=FAmtKASfLy#?secret=FBcw1vymUF\" width=\"600\" height=\"617\" frameborder=\"0\" marginwidth=\"0\" marginheight=\"0\" scrolling=\"no\" sandbox=\"allow-scripts\" data-secret=\"FBcw1vymUF\" data-mce-fragment=\"1\"><\/iframe><\/p>\n<p><iframe loading=\"lazy\" class=\"wp-embedded-content\" title=\"\u00abExparamilitares de Casanare, alias \u00abmart\u00edn llanos\u00bb y alias \u00abTripas\u00bb, ahora gestores de paz\u00bb \u2014 \u25b7 Noticias de Casanare : Martha Cifuentes | Casanare\" src=\"https:\/\/marthacifuentes.com\/portada\/2024\/11\/13\/exparamilitares-de-casanare-alias-martin-llanos-y-alias-tripas-ahora-gestores-de-paz\/embed\/#?secret=5zNivMKElr#?secret=raCwabjR3r\" width=\"600\" height=\"621\" frameborder=\"0\" marginwidth=\"0\" marginheight=\"0\" scrolling=\"no\" sandbox=\"allow-scripts\" data-secret=\"raCwabjR3r\" data-mce-fragment=\"1\"><\/iframe><\/p>\n<p><iframe loading=\"lazy\" class=\"wp-embedded-content\" title=\"\u00abSospechoso de feminicidio de Jeniffer Velandia en Yopal, viv\u00eda en la casa donde fue hallada muerta. Ten\u00eda su celular.\u00bb \u2014 \u25b7 Noticias de Casanare : Martha Cifuentes | Casanare\" src=\"https:\/\/marthacifuentes.com\/portada\/2024\/11\/12\/sospechoso-de-feminicidio-de-jeniffer-velandia-en-yopal-vivia-en-la-casa-donde-fue-hallada-muerta-tenia-su-celular\/embed\/#?secret=K2JGuRa0W0#?secret=XnefF37GsM\" width=\"600\" height=\"650\" frameborder=\"0\" marginwidth=\"0\" marginheight=\"0\" scrolling=\"no\" sandbox=\"allow-scripts\" data-secret=\"XnefF37GsM\" data-mce-fragment=\"1\"><\/iframe><\/p>\n<p><iframe loading=\"lazy\" class=\"wp-embedded-content\" title=\"\u00abFeminicidas de Jennifer Velandia en Yopal, estar\u00edan por ser capturados. Autoridades est\u00e1n tras su rastro.\u00bb \u2014 \u25b7 Noticias de Casanare : Martha Cifuentes | Casanare\" src=\"https:\/\/marthacifuentes.com\/portada\/2024\/11\/10\/feminicidas-de-jennifer-velandia-en-yopal-estarian-por-ser-capturados-autoridades-estan-tras-su-rastro\/embed\/#?secret=9UkGeBYG3E#?secret=scWVqsAeKL\" width=\"600\" height=\"600\" frameborder=\"0\" marginwidth=\"0\" marginheight=\"0\" scrolling=\"no\" sandbox=\"allow-scripts\" data-secret=\"scWVqsAeKL\" data-mce-fragment=\"1\"><\/iframe><\/p>\n<p><iframe loading=\"lazy\" class=\"wp-embedded-content\" title=\"\u00ab\u00bfGallina en Pajarito para A\u00f1o Nuevo? Inv\u00edas promete habilitar v\u00eda alterna para el 31 de diciembre\u00bb \u2014 \u25b7 Noticias de Casanare : Martha Cifuentes | Casanare\" src=\"https:\/\/marthacifuentes.com\/portada\/2024\/11\/07\/gallina-en-pajarito-para-ano-nuevo-invias-promete-habilitar-via-alterna-para-el-31-de-diciembre\/embed\/#?secret=isPBleHRhA#?secret=3szgdFAL8D\" width=\"600\" height=\"613\" frameborder=\"0\" marginwidth=\"0\" marginheight=\"0\" scrolling=\"no\" sandbox=\"allow-scripts\" data-secret=\"3szgdFAL8D\" data-mce-fragment=\"1\"><\/iframe><\/p>\n<p><iframe loading=\"lazy\" class=\"wp-embedded-content\" title=\"\u00abHoy, en foro petrolero en Yopal, se analizar\u00e1n mecanismos para solucionar conflictividad social y empresarial\u00bb \u2014 \u25b7 Noticias de Casanare : Martha Cifuentes | Casanare\" src=\"https:\/\/marthacifuentes.com\/portada\/2024\/11\/07\/hoy-en-foro-petrolero-en-yopal-se-analizaran-mecanismos-para-solucionar-conflictividad-social-y-empresarial\/embed\/#?secret=5gwLvOE0Af#?secret=FykaLSZz6o\" width=\"600\" height=\"620\" frameborder=\"0\" marginwidth=\"0\" marginheight=\"0\" scrolling=\"no\" sandbox=\"allow-scripts\" data-secret=\"FykaLSZz6o\" data-mce-fragment=\"1\"><\/iframe><\/p>\n<p><iframe loading=\"lazy\" class=\"wp-embedded-content\" title=\"\u00abVillanueva da los primeros acordes hacia una banda sinf\u00f3nica. Geopark don\u00f3 instrumentos musicales.\u00bb \u2014 \u25b7 Noticias de Casanare : Martha Cifuentes | Casanare\" src=\"https:\/\/marthacifuentes.com\/portada\/2024\/11\/06\/villanueva-da-los-primeros-acordes-hacia-una-banda-sinfonica-geopark-dono-instrumentos-musicales\/embed\/#?secret=LYrgEEpNC8#?secret=3LHImWJrt5\" width=\"600\" height=\"621\" frameborder=\"0\" marginwidth=\"0\" marginheight=\"0\" scrolling=\"no\" sandbox=\"allow-scripts\" data-secret=\"3LHImWJrt5\" data-mce-fragment=\"1\"><\/iframe><\/p>\n<p><iframe loading=\"lazy\" class=\"wp-embedded-content\" title=\"\u00abFeminicidio en Man\u00ed, la inacci\u00f3n del sistema, que cost\u00f3 una vida, causa m\u00e1s dolor en la familia\u00bb \u2014 \u25b7 Noticias de Casanare : Martha Cifuentes | Casanare\" src=\"https:\/\/marthacifuentes.com\/portada\/2024\/11\/06\/feminicidio-en-mani-la-inaccion-del-sistema-que-costo-una-vida-causa-mas-dolor-en-la-familia\/embed\/#?secret=XUp6cBiG61#?secret=AglhlgSqiu\" width=\"600\" height=\"600\" frameborder=\"0\" marginwidth=\"0\" marginheight=\"0\" scrolling=\"no\" sandbox=\"allow-scripts\" data-secret=\"AglhlgSqiu\" data-mce-fragment=\"1\"><\/iframe><\/p>\n<p><iframe loading=\"lazy\" class=\"wp-embedded-content\" title=\"\u00abConductor de camioneta f\u00fanebre muere en siniestro vial mientras transportaba a v\u00edctima de feminicidio de Man\u00ed\u00bb \u2014 \u25b7 Noticias de Casanare : Martha Cifuentes | Casanare\" src=\"https:\/\/marthacifuentes.com\/portada\/2024\/11\/06\/conductor-de-camioneta-funebre-muere-en-siniestro-vial-mientras-transportaba-a-victima-de-feminicidio-de-mani\/embed\/#?secret=a8YZ2oWaez#?secret=5wceTxh5Zw\" width=\"600\" height=\"650\" frameborder=\"0\" marginwidth=\"0\" marginheight=\"0\" scrolling=\"no\" sandbox=\"allow-scripts\" data-secret=\"5wceTxh5Zw\" data-mce-fragment=\"1\"><\/iframe><\/p>\n<p><iframe loading=\"lazy\" class=\"wp-embedded-content\" title=\"\u00abYopal tiene un respiro con la captura redomados delincuentes alias \u201cr\u00edo sucio\u201d, \u201ckevin\u201d y \u201clady\u201d\u00bb \u2014 \u25b7 Noticias de Casanare : Martha Cifuentes | Casanare\" src=\"https:\/\/marthacifuentes.com\/portada\/2024\/11\/01\/yopal-tiene-un-respiro-con-la-captura-redomados-delincuentes-alias-rio-sucio-kevin-y-lady\/embed\/#?secret=Yh8swyYfWJ#?secret=eUfjYmAtEn\" width=\"600\" height=\"600\" frameborder=\"0\" marginwidth=\"0\" marginheight=\"0\" scrolling=\"no\" sandbox=\"allow-scripts\" data-secret=\"eUfjYmAtEn\" data-mce-fragment=\"1\"><\/iframe><\/p>\n<p><iframe loading=\"lazy\" class=\"wp-embedded-content\" title=\"\u00abA la c\u00e1rcel presunto responsable de intentar asesinar a su pareja en Yopal\u00bb \u2014 \u25b7 Noticias de Casanare : Martha Cifuentes | Casanare\" src=\"https:\/\/marthacifuentes.com\/portada\/2024\/11\/01\/a-la-carcel-presunto-responsable-de-intentar-asesinar-a-su-pareja-en-yopal\/embed\/#?secret=ouVrXF3yxn#?secret=bJIDWQ7e4a\" width=\"600\" height=\"600\" frameborder=\"0\" marginwidth=\"0\" marginheight=\"0\" scrolling=\"no\" sandbox=\"allow-scripts\" data-secret=\"bJIDWQ7e4a\" data-mce-fragment=\"1\"><\/iframe><\/p>\n<p><iframe loading=\"lazy\" class=\"wp-embedded-content\" title=\"\u00abDetalles In\u00e9ditos de la JEP: \u00bfQu\u00e9 Saben Otoniel y otros testigos sobre pol\u00edticos de Casanare y el Bloque Centauros?\u00bb \u2014 \u25b7 Noticias de Casanare : Martha Cifuentes | Casanare\" src=\"https:\/\/marthacifuentes.com\/portada\/2024\/10\/25\/detalles-ineditos-de-la-jep-que-saben-otoniel-y-otros-testigos-sobre-politicos-de-casanare-y-el-bloque-centauros\/embed\/#?secret=3EeQv5DcQ1#?secret=HEhyvpWejj\" width=\"600\" height=\"650\" frameborder=\"0\" marginwidth=\"0\" marginheight=\"0\" scrolling=\"no\" sandbox=\"allow-scripts\" data-secret=\"HEhyvpWejj\" data-mce-fragment=\"1\"><\/iframe><\/p>\n<p><iframe loading=\"lazy\" class=\"wp-embedded-content\" title=\"\u00abCerca de $300 mil millones contrataron Ecopetrol y sus aliados con empresarios de Casanare, seg\u00fan la petrolera\u00bb \u2014 \u25b7 Noticias de Casanare : Martha Cifuentes | Casanare\" src=\"https:\/\/marthacifuentes.com\/portada\/2024\/10\/23\/cerca-de-300-mil-millones-contrataron-ecopetrol-y-sus-aliados-con-empresarios-de-casanare-segun-la-petrolera\/embed\/#?secret=fQoROVNatN#?secret=w469fbuYVo\" width=\"600\" height=\"650\" frameborder=\"0\" marginwidth=\"0\" marginheight=\"0\" scrolling=\"no\" sandbox=\"allow-scripts\" data-secret=\"w469fbuYVo\" data-mce-fragment=\"1\"><\/iframe><\/p>\n<p><iframe loading=\"lazy\" class=\"wp-embedded-content\" title=\"\u00abEdwin Barrera, exgerente de Ese Salud Yopal, vuelve al Horo, ahora como jefe de Planeaci\u00f3n.\u00bb \u2014 \u25b7 Noticias de Casanare : Martha Cifuentes | Casanare\" src=\"https:\/\/marthacifuentes.com\/portada\/2024\/10\/23\/edwin-barrera-exgerente-de-ese-salud-yopal-vuelve-al-horo-ahora-como-jefe-de-planeacion\/embed\/#?secret=iV0m5OmNNk#?secret=U5W8fRmQ0P\" width=\"600\" height=\"599\" frameborder=\"0\" marginwidth=\"0\" marginheight=\"0\" scrolling=\"no\" sandbox=\"allow-scripts\" data-secret=\"U5W8fRmQ0P\" data-mce-fragment=\"1\"><\/iframe><\/p>\n<p><iframe loading=\"lazy\" class=\"wp-embedded-content\" title=\"\u00abZorro rechaza recortes de regal\u00edas para Casanare. 100 mil millones menos para 2 pr\u00f3ximos a\u00f1os\u00bb \u2014 \u25b7 Noticias de Casanare : Martha Cifuentes | Casanare\" src=\"https:\/\/marthacifuentes.com\/portada\/2024\/10\/23\/zorro-rechaza-recortes-de-regalias-para-casanare-100-mil-millones-menos-para-2-proximos-anos\/embed\/#?secret=JjGue406oZ#?secret=kWkE2ZV66V\" width=\"600\" height=\"621\" frameborder=\"0\" marginwidth=\"0\" marginheight=\"0\" scrolling=\"no\" sandbox=\"allow-scripts\" data-secret=\"kWkE2ZV66V\" data-mce-fragment=\"1\"><\/iframe><\/p>\n<p><iframe loading=\"lazy\" class=\"wp-embedded-content\" title=\"\u00abExalcalde LEC, mal parado, por aceptar terreno emproblemado para fallido Terminal de Yopal\u00bb \u2014 \u25b7 Noticias de Casanare : Martha Cifuentes | Casanare\" src=\"https:\/\/marthacifuentes.com\/portada\/2024\/10\/22\/exalcalde-lec-mal-parado-por-aceptar-terreno-emproblemado-para-fallido-terminal-de-yopal\/embed\/#?secret=zsTlUGeI2E#?secret=OTIATGgoIh\" width=\"600\" height=\"621\" frameborder=\"0\" marginwidth=\"0\" marginheight=\"0\" scrolling=\"no\" sandbox=\"allow-scripts\" data-secret=\"OTIATGgoIh\" data-mce-fragment=\"1\"><\/iframe><\/p>\n<p><iframe loading=\"lazy\" class=\"wp-embedded-content\" title=\"\u00abPredio donde se construir\u00e1 Terminal de Transportes de Yopal termin\u00f3 siendo un \u201cnegociazo\u201d para un particular, aunque era del municipio.\u00bb \u2014 \u25b7 Noticias de Casanare : Martha Cifuentes | Casanare\" src=\"https:\/\/marthacifuentes.com\/portada\/2022\/10\/07\/predio-donde-se-construira-terminal-de-transportes-de-yopal-termino-siendo-un-negociazo-para-un-particular-aunque-era-del-municipio\/embed\/#?secret=8BVkgtrbER#?secret=qSiaz1CVXI\" width=\"600\" height=\"593\" frameborder=\"0\" marginwidth=\"0\" marginheight=\"0\" scrolling=\"no\" sandbox=\"allow-scripts\" data-secret=\"qSiaz1CVXI\" data-mce-fragment=\"1\"><\/iframe><\/p>\n<h2>Otras noticias\u2026<\/h2>\n<p><iframe loading=\"lazy\" class=\"wp-embedded-content\" title=\"\u00abPaciente con c\u00e1ncer en la sangre clama por medicamentos a Capresoca. Es de vida o muerte.\u00bb \u2014 \u25b7 Noticias de Casanare : Martha Cifuentes | Casanare\" src=\"https:\/\/marthacifuentes.com\/portada\/2024\/10\/22\/paciente-con-cancer-en-la-sangre-clama-por-medicamentos-a-capresoca-es-de-vida-o-muerte\/embed\/#?secret=HYNtCt6ZxK#?secret=cHhHl2JCMC\" width=\"600\" height=\"599\" frameborder=\"0\" marginwidth=\"0\" marginheight=\"0\" scrolling=\"no\" sandbox=\"allow-scripts\" data-secret=\"cHhHl2JCMC\" data-mce-fragment=\"1\"><\/iframe><\/p>\n<p><iframe loading=\"lazy\" class=\"wp-embedded-content\" title=\"\u00abJoven de Tauramena fue sicariado.\u00bb \u2014 \u25b7 Noticias de Casanare : Martha Cifuentes | Casanare\" src=\"https:\/\/marthacifuentes.com\/portada\/2024\/10\/22\/joven-de-tauramena-fue-sicariado\/embed\/#?secret=LABnTXm6Nl#?secret=M2astxTXp3\" width=\"600\" height=\"572\" frameborder=\"0\" marginwidth=\"0\" marginheight=\"0\" scrolling=\"no\" sandbox=\"allow-scripts\" data-secret=\"M2astxTXp3\" data-mce-fragment=\"1\"><\/iframe><\/p>\n<p><iframe loading=\"lazy\" class=\"wp-embedded-content\" title=\"\u00abGran acogida del p\u00fablico en la 3ra versi\u00f3n del Festival de teatro Guadalupe\u00bb \u2014 \u25b7 Noticias de Casanare : Martha Cifuentes | Casanare\" src=\"https:\/\/marthacifuentes.com\/portada\/2024\/10\/21\/gran-acogida-del-publico-en-la-3ra-version-del-festival-de-teatro-guadalupe\/embed\/#?secret=gzkWJoF8ym#?secret=PQdHX4wNw0\" width=\"600\" height=\"600\" frameborder=\"0\" marginwidth=\"0\" marginheight=\"0\" scrolling=\"no\" sandbox=\"allow-scripts\" data-secret=\"PQdHX4wNw0\" data-mce-fragment=\"1\"><\/iframe><\/p>\n<p><iframe loading=\"lazy\" class=\"wp-embedded-content\" title=\"\u00abABC para que no lo tumben urbanizadores ilegales en Yopal\u00bb \u2014 \u25b7 Noticias de Casanare : Martha Cifuentes | Casanare\" src=\"https:\/\/marthacifuentes.com\/portada\/2024\/10\/21\/abc-para-que-no-lo-tumben-urbanizadores-ilegales-en-yopal\/embed\/#?secret=gr0zTA8Amy#?secret=lgGPbW0YEZ\" width=\"600\" height=\"621\" frameborder=\"0\" marginwidth=\"0\" marginheight=\"0\" scrolling=\"no\" sandbox=\"allow-scripts\" data-secret=\"lgGPbW0YEZ\" data-mce-fragment=\"1\"><\/iframe><\/p>\n<p><iframe loading=\"lazy\" class=\"wp-embedded-content\" title=\"\u00abIntento o consumaci\u00f3n de abuso sexual de ni\u00f1a de 2 a\u00f1os caus\u00f3 asonada en Barranca de Up\u00eda\u00bb \u2014 \u25b7 Noticias de Casanare : Martha Cifuentes | Casanare\" src=\"https:\/\/marthacifuentes.com\/portada\/2024\/10\/21\/intento-o-consumacion-de-abuso-sexual-de-nina-de-2-anos-causo-asonada-en-barranca-de-upia\/embed\/#?secret=V3CgrwMVUB#?secret=KuGLUvinqC\" width=\"600\" height=\"600\" frameborder=\"0\" marginwidth=\"0\" marginheight=\"0\" scrolling=\"no\" sandbox=\"allow-scripts\" data-secret=\"KuGLUvinqC\" data-mce-fragment=\"1\"><\/iframe><\/p>\n<p><iframe loading=\"lazy\" class=\"wp-embedded-content\" title=\"\u00abParte de obras faltantes de la PTAP Yopal, ser\u00e1n construidas por Gobernaci\u00f3n de Casanare\u00bb \u2014 \u25b7 Noticias de Casanare : Martha Cifuentes | Casanare\" src=\"https:\/\/marthacifuentes.com\/portada\/2024\/10\/19\/parte-de-obras-faltantes-de-la-ptap-yopal-seran-construidas-por-gobernacion-de-casanare\/embed\/#?secret=7YH3OkYgDw#?secret=G9RuvJ80RQ\" width=\"600\" height=\"599\" frameborder=\"0\" marginwidth=\"0\" marginheight=\"0\" scrolling=\"no\" sandbox=\"allow-scripts\" data-secret=\"G9RuvJ80RQ\" data-mce-fragment=\"1\"><\/iframe><\/p>\n<p><iframe loading=\"lazy\" class=\"wp-embedded-content\" title=\"\u00abCapturado alias Kiliam, presunto cabecilla de disidencias de las Farc, frente 28 en Casanare\u00bb \u2014 \u25b7 Noticias de Casanare : Martha Cifuentes | Casanare\" src=\"https:\/\/marthacifuentes.com\/portada\/2024\/10\/19\/capturado-alias-kiliam-presunto-cabecilla-de-disidencias-de-las-farc-frente-28-en-casanare\/embed\/#?secret=uNkPVtTTlx#?secret=Mn9KI7MD3F\" width=\"600\" height=\"619\" frameborder=\"0\" marginwidth=\"0\" marginheight=\"0\" scrolling=\"no\" sandbox=\"allow-scripts\" data-secret=\"Mn9KI7MD3F\" data-mce-fragment=\"1\"><\/iframe><\/p>\n<p><iframe loading=\"lazy\" class=\"wp-embedded-content\" title=\"\u00abEstudiantes de San Luis de Palenque y Trinidad celebran llegada de m\u00e1s de 3.000 tablets, entregadas por Gobernaci\u00f3n de Casanare\u00bb \u2014 \u25b7 Noticias de Casanare : Martha Cifuentes | Casanare\" src=\"https:\/\/marthacifuentes.com\/portada\/2024\/10\/19\/estudiantes-de-san-luis-de-palenque-y-trinidad-celebran-llegada-de-mas-de-3-000-tablets-entregadas-por-gobernacion-de-casanare\/embed\/#?secret=t3Ehy1yhef#?secret=N38eawzYrQ\" width=\"600\" height=\"650\" frameborder=\"0\" marginwidth=\"0\" marginheight=\"0\" scrolling=\"no\" sandbox=\"allow-scripts\" data-secret=\"N38eawzYrQ\" data-mce-fragment=\"1\"><\/iframe><\/p>\n<p><iframe loading=\"lazy\" class=\"wp-embedded-content\" title=\"\u00ab\u00bfPor atraco o sicariato? Pareja abaleada en comuna 2 de Yopal. La mujer muri\u00f3.\u00bb \u2014 \u25b7 Noticias de Casanare : Martha Cifuentes | Casanare\" src=\"https:\/\/marthacifuentes.com\/portada\/2024\/10\/19\/por-atraco-o-sicariato-pareja-abaleada-en-comuna-2-de-yopal-la-mujer-murio\/embed\/#?secret=qEyCrVpamw#?secret=VN3RbAi81g\" width=\"600\" height=\"600\" frameborder=\"0\" marginwidth=\"0\" marginheight=\"0\" scrolling=\"no\" sandbox=\"allow-scripts\" data-secret=\"VN3RbAi81g\" data-mce-fragment=\"1\"><\/iframe><\/p>\n<p><iframe loading=\"lazy\" class=\"wp-embedded-content\" title=\"\u00abSe conocen cifras reales de millonaria deuda de Capresoca con Cl\u00ednica Casanare tras denuncia penal de exgerente de la IPS contra diputado Heyder Silva.\u00a0\u00bb \u2014 \u25b7 Noticias de Casanare : Martha Cifuentes | Casanare\" src=\"https:\/\/marthacifuentes.com\/portada\/2024\/10\/17\/se-conocen-cifras-reales-de-millonaria-deuda-de-capresoca-con-clinica-casanare-tras-denuncia-penal-de-exgerente-de-la-ips-contra-diputado-heyder-silva\/embed\/#?secret=q4qN90SEno#?secret=4bygdqABxD\" width=\"600\" height=\"629\" frameborder=\"0\" marginwidth=\"0\" marginheight=\"0\" scrolling=\"no\" sandbox=\"allow-scripts\" data-secret=\"4bygdqABxD\" data-mce-fragment=\"1\"><\/iframe><\/p>\n<p><iframe loading=\"lazy\" class=\"wp-embedded-content\" title=\"\u00abZorro y Marco Tulio, ahora en la Comisi\u00f3n Rectora de Regal\u00edas. Su reto: planificar y distribuirlas equitativamente.\u00bb \u2014 \u25b7 Noticias de Casanare : Martha Cifuentes | Casanare\" src=\"https:\/\/marthacifuentes.com\/portada\/2024\/10\/16\/zorro-y-marco-tulio-ahora-en-la-comision-rectora-de-regalias-su-reto-planificar-y-distribuirlas-equitativamente\/embed\/#?secret=QcIhUSImy5#?secret=uno8r2b5E4\" width=\"600\" height=\"594\" frameborder=\"0\" marginwidth=\"0\" marginheight=\"0\" scrolling=\"no\" sandbox=\"allow-scripts\" data-secret=\"uno8r2b5E4\" data-mce-fragment=\"1\"><\/iframe><\/p>\n<p><iframe loading=\"lazy\" class=\"wp-embedded-content\" title=\"\u00abDesde ma\u00f1ana Festival de Teatro Guadalupe en Yopal. M\u00e1s de 200 artistas en escena.\u00bb \u2014 \u25b7 Noticias de Casanare : Martha Cifuentes | Casanare\" src=\"https:\/\/marthacifuentes.com\/portada\/2024\/10\/16\/desde-manana-festival-de-teatro-guadalupe-en-yopal-mas-de-200-artistas-en-escena\/embed\/#?secret=LM42nN9ghn#?secret=5kSijUa9EN\" width=\"600\" height=\"600\" frameborder=\"0\" marginwidth=\"0\" marginheight=\"0\" scrolling=\"no\" sandbox=\"allow-scripts\" data-secret=\"5kSijUa9EN\" data-mce-fragment=\"1\"><\/iframe><\/p>\n<p><iframe loading=\"lazy\" class=\"wp-embedded-content\" title=\"\u00abMillonaria deuda de Capresoca a\u00fan no pone en riesgo al Horo. Gerente descarta intervenci\u00f3n\u00bb \u2014 \u25b7 Noticias de Casanare : Martha Cifuentes | Casanare\" src=\"https:\/\/marthacifuentes.com\/portada\/2024\/10\/11\/millonaria-deuda-de-capresoca-aun-no-pone-en-riesgo-al-horo-gerente-descarta-intervencion\/embed\/#?secret=7GD0m5YnYq#?secret=JHRLWfvjWr\" width=\"600\" height=\"597\" frameborder=\"0\" marginwidth=\"0\" marginheight=\"0\" scrolling=\"no\" sandbox=\"allow-scripts\" data-secret=\"JHRLWfvjWr\" data-mce-fragment=\"1\"><\/iframe><\/p>\n","protected":false},"excerpt":{"rendered":"<p>Las 2.589 familias yopale\u00f1as que esperaban con ansias la escritura de los lotes del proyecto del Plan Parcial Alameda Martha Mojica, contiguo a La Bendici\u00f3n en Yopal, tendr\u00e1n que esperar por lo menos hasta mediados de 2025 para acceder a la titulaci\u00f3n. Las prisas del anterior alcalde de Yopal, Luis Eduardo Castro, por entregar los &hellip;<\/p>\n","protected":false},"author":2,"featured_media":34468,"comment_status":"open","ping_status":"open","sticky":false,"template":"","format":"standard","meta":{"om_disable_all_campaigns":false,"_exactmetrics_skip_tracking":false,"_exactmetrics_sitenote_active":false,"_exactmetrics_sitenote_note":"","_exactmetrics_sitenote_category":0,"_monsterinsights_skip_tracking":false,"_monsterinsights_sitenote_active":false,"_monsterinsights_sitenote_note":"","_monsterinsights_sitenote_category":0,"_uf_show_specific_survey":0,"_uf_disable_surveys":false,"_joinchat":[],"footnotes":""},"categories":[147,146,145],"tags":[10117,11418,11417,9078,11416,1107,11415,1218,157],"class_list":["post-34467","post","type-post","status-publish","format-standard","has-post-thumbnail","hentry","category-actualidad","category-noticias","category-reportajes","tag-alameda-martha-mojica","tag-alinderamiento","tag-beneficiarios","tag-indev","tag-retraso","tag-servicios-publicos","tag-subsidio","tag-vivienda","tag-yopal"],"yoast_head":"<!-- This site is optimized with the Yoast SEO plugin v26.1 - https:\/\/yoast.com\/wordpress\/plugins\/seo\/ -->\n<title>Incumplimiento de requisitos legales impide escrituraci\u00f3n de lotes en Alameda Martha Mojica. - \u25b7 Noticias de Casanare : Martha Cifuentes | Casanare<\/title>\n<meta name=\"robots\" content=\"index, follow, max-snippet:-1, max-image-preview:large, max-video-preview:-1\" \/>\n<link rel=\"canonical\" href=\"https:\/\/marthacifuentes.com\/portada\/incumplimiento-de-requisitos-legales-impide-escrituracion-de-lotes-en-alameda-martha-mojica\/\" \/>\n<meta property=\"og:locale\" content=\"es_ES\" \/>\n<meta property=\"og:type\" content=\"article\" \/>\n<meta property=\"og:title\" content=\"Incumplimiento de requisitos legales impide escrituraci\u00f3n de lotes en Alameda Martha Mojica. - \u25b7 Noticias de Casanare : Martha Cifuentes | Casanare\" \/>\n<meta property=\"og:description\" content=\"Las 2.589 familias yopale\u00f1as que esperaban con ansias la escritura de los lotes del proyecto del Plan Parcial Alameda Martha Mojica, contiguo a La Bendici\u00f3n en Yopal, tendr\u00e1n que esperar por lo menos hasta mediados de 2025 para acceder a la titulaci\u00f3n. Las prisas del anterior alcalde de Yopal, Luis Eduardo Castro, por entregar los &hellip;\" \/>\n<meta property=\"og:url\" content=\"https:\/\/marthacifuentes.com\/portada\/incumplimiento-de-requisitos-legales-impide-escrituracion-de-lotes-en-alameda-martha-mojica\/\" \/>\n<meta property=\"og:site_name\" content=\"\u25b7 Noticias de Casanare : Martha Cifuentes | Casanare\" \/>\n<meta property=\"article:published_time\" content=\"2024-12-02T15:54:53+00:00\" \/>\n<meta property=\"og:image\" content=\"https:\/\/marthacifuentes.com\/portada\/wp-content\/uploads\/2024\/12\/alameda-martha-mojica.jpg\" \/>\n\t<meta property=\"og:image:width\" content=\"960\" \/>\n\t<meta property=\"og:image:height\" content=\"540\" \/>\n\t<meta property=\"og:image:type\" content=\"image\/jpeg\" \/>\n<meta name=\"author\" content=\"Martha Cifuentes\" \/>\n<meta name=\"twitter:card\" content=\"summary_large_image\" \/>\n<meta name=\"twitter:label1\" content=\"Escrito por\" \/>\n\t<meta name=\"twitter:data1\" content=\"Martha Cifuentes\" \/>\n\t<meta name=\"twitter:label2\" content=\"Tiempo de lectura\" \/>\n\t<meta name=\"twitter:data2\" content=\"3 minutos\" \/>\n<script type=\"application\/ld+json\" class=\"yoast-schema-graph\">{\"@context\":\"https:\/\/schema.org\",\"@graph\":[{\"@type\":\"WebPage\",\"@id\":\"https:\/\/marthacifuentes.com\/portada\/incumplimiento-de-requisitos-legales-impide-escrituracion-de-lotes-en-alameda-martha-mojica\/\",\"url\":\"https:\/\/marthacifuentes.com\/portada\/incumplimiento-de-requisitos-legales-impide-escrituracion-de-lotes-en-alameda-martha-mojica\/\",\"name\":\"Incumplimiento de requisitos legales impide escrituraci\u00f3n de lotes en Alameda Martha Mojica. - \u25b7 Noticias de Casanare : Martha Cifuentes | Casanare\",\"isPartOf\":{\"@id\":\"https:\/\/marthacifuentes.com\/portada\/#website\"},\"primaryImageOfPage\":{\"@id\":\"https:\/\/marthacifuentes.com\/portada\/incumplimiento-de-requisitos-legales-impide-escrituracion-de-lotes-en-alameda-martha-mojica\/#primaryimage\"},\"image\":{\"@id\":\"https:\/\/marthacifuentes.com\/portada\/incumplimiento-de-requisitos-legales-impide-escrituracion-de-lotes-en-alameda-martha-mojica\/#primaryimage\"},\"thumbnailUrl\":\"https:\/\/marthacifuentes.com\/portada\/wp-content\/uploads\/2024\/12\/alameda-martha-mojica.jpg\",\"datePublished\":\"2024-12-02T15:54:53+00:00\",\"author\":{\"@id\":\"https:\/\/marthacifuentes.com\/portada\/#\/schema\/person\/57f53174b991db5f90ff78d58502b714\"},\"breadcrumb\":{\"@id\":\"https:\/\/marthacifuentes.com\/portada\/incumplimiento-de-requisitos-legales-impide-escrituracion-de-lotes-en-alameda-martha-mojica\/#breadcrumb\"},\"inLanguage\":\"es\",\"potentialAction\":[{\"@type\":\"ReadAction\",\"target\":[\"https:\/\/marthacifuentes.com\/portada\/incumplimiento-de-requisitos-legales-impide-escrituracion-de-lotes-en-alameda-martha-mojica\/\"]}]},{\"@type\":\"ImageObject\",\"inLanguage\":\"es\",\"@id\":\"https:\/\/marthacifuentes.com\/portada\/incumplimiento-de-requisitos-legales-impide-escrituracion-de-lotes-en-alameda-martha-mojica\/#primaryimage\",\"url\":\"https:\/\/marthacifuentes.com\/portada\/wp-content\/uploads\/2024\/12\/alameda-martha-mojica.jpg\",\"contentUrl\":\"https:\/\/marthacifuentes.com\/portada\/wp-content\/uploads\/2024\/12\/alameda-martha-mojica.jpg\",\"width\":960,\"height\":540},{\"@type\":\"BreadcrumbList\",\"@id\":\"https:\/\/marthacifuentes.com\/portada\/incumplimiento-de-requisitos-legales-impide-escrituracion-de-lotes-en-alameda-martha-mojica\/#breadcrumb\",\"itemListElement\":[{\"@type\":\"ListItem\",\"position\":1,\"name\":\"Portada\",\"item\":\"https:\/\/marthacifuentes.com\/portada\/\"},{\"@type\":\"ListItem\",\"position\":2,\"name\":\"Incumplimiento de requisitos legales impide escrituraci\u00f3n de lotes en Alameda Martha Mojica.\"}]},{\"@type\":\"WebSite\",\"@id\":\"https:\/\/marthacifuentes.com\/portada\/#website\",\"url\":\"https:\/\/marthacifuentes.com\/portada\/\",\"name\":\"\u25b7 Noticias de Casanare : Martha Cifuentes | Casanare\",\"description\":\"Noticias &amp; Contenidos\",\"potentialAction\":[{\"@type\":\"SearchAction\",\"target\":{\"@type\":\"EntryPoint\",\"urlTemplate\":\"https:\/\/marthacifuentes.com\/portada\/?s={search_term_string}\"},\"query-input\":{\"@type\":\"PropertyValueSpecification\",\"valueRequired\":true,\"valueName\":\"search_term_string\"}}],\"inLanguage\":\"es\"},{\"@type\":\"Person\",\"@id\":\"https:\/\/marthacifuentes.com\/portada\/#\/schema\/person\/57f53174b991db5f90ff78d58502b714\",\"name\":\"Martha Cifuentes\",\"image\":{\"@type\":\"ImageObject\",\"inLanguage\":\"es\",\"@id\":\"https:\/\/marthacifuentes.com\/portada\/#\/schema\/person\/image\/\",\"url\":\"http:\/\/marthacifuentes.com\/portada\/wp-content\/uploads\/2018\/06\/avatar_user_2_1528838701-96x96.jpg\",\"contentUrl\":\"http:\/\/marthacifuentes.com\/portada\/wp-content\/uploads\/2018\/06\/avatar_user_2_1528838701-96x96.jpg\",\"caption\":\"Martha Cifuentes\"},\"sameAs\":[\"http:\/\/www.marthacifuentes.com\"],\"url\":\"https:\/\/marthacifuentes.com\/portada\/author\/martha\/\"}]}<\/script>\n<!-- \/ Yoast SEO plugin. -->","yoast_head_json":{"title":"Incumplimiento de requisitos legales impide escrituraci\u00f3n de lotes en Alameda Martha Mojica. - \u25b7 Noticias de Casanare : Martha Cifuentes | Casanare","robots":{"index":"index","follow":"follow","max-snippet":"max-snippet:-1","max-image-preview":"max-image-preview:large","max-video-preview":"max-video-preview:-1"},"canonical":"https:\/\/marthacifuentes.com\/portada\/incumplimiento-de-requisitos-legales-impide-escrituracion-de-lotes-en-alameda-martha-mojica\/","og_locale":"es_ES","og_type":"article","og_title":"Incumplimiento de requisitos legales impide escrituraci\u00f3n de lotes en Alameda Martha Mojica. - \u25b7 Noticias de Casanare : Martha Cifuentes | Casanare","og_description":"Las 2.589 familias yopale\u00f1as que esperaban con ansias la escritura de los lotes del proyecto del Plan Parcial Alameda Martha Mojica, contiguo a La Bendici\u00f3n en Yopal, tendr\u00e1n que esperar por lo menos hasta mediados de 2025 para acceder a la titulaci\u00f3n. Las prisas del anterior alcalde de Yopal, Luis Eduardo Castro, por entregar los &hellip;","og_url":"https:\/\/marthacifuentes.com\/portada\/incumplimiento-de-requisitos-legales-impide-escrituracion-de-lotes-en-alameda-martha-mojica\/","og_site_name":"\u25b7 Noticias de Casanare : Martha Cifuentes | Casanare","article_published_time":"2024-12-02T15:54:53+00:00","og_image":[{"width":960,"height":540,"url":"https:\/\/marthacifuentes.com\/portada\/wp-content\/uploads\/2024\/12\/alameda-martha-mojica.jpg","type":"image\/jpeg"}],"author":"Martha Cifuentes","twitter_card":"summary_large_image","twitter_misc":{"Escrito por":"Martha Cifuentes","Tiempo de lectura":"3 minutos"},"schema":{"@context":"https:\/\/schema.org","@graph":[{"@type":"WebPage","@id":"https:\/\/marthacifuentes.com\/portada\/incumplimiento-de-requisitos-legales-impide-escrituracion-de-lotes-en-alameda-martha-mojica\/","url":"https:\/\/marthacifuentes.com\/portada\/incumplimiento-de-requisitos-legales-impide-escrituracion-de-lotes-en-alameda-martha-mojica\/","name":"Incumplimiento de requisitos legales impide escrituraci\u00f3n de lotes en Alameda Martha Mojica. - \u25b7 Noticias de Casanare : Martha Cifuentes | Casanare","isPartOf":{"@id":"https:\/\/marthacifuentes.com\/portada\/#website"},"primaryImageOfPage":{"@id":"https:\/\/marthacifuentes.com\/portada\/incumplimiento-de-requisitos-legales-impide-escrituracion-de-lotes-en-alameda-martha-mojica\/#primaryimage"},"image":{"@id":"https:\/\/marthacifuentes.com\/portada\/incumplimiento-de-requisitos-legales-impide-escrituracion-de-lotes-en-alameda-martha-mojica\/#primaryimage"},"thumbnailUrl":"https:\/\/marthacifuentes.com\/portada\/wp-content\/uploads\/2024\/12\/alameda-martha-mojica.jpg","datePublished":"2024-12-02T15:54:53+00:00","author":{"@id":"https:\/\/marthacifuentes.com\/portada\/#\/schema\/person\/57f53174b991db5f90ff78d58502b714"},"breadcrumb":{"@id":"https:\/\/marthacifuentes.com\/portada\/incumplimiento-de-requisitos-legales-impide-escrituracion-de-lotes-en-alameda-martha-mojica\/#breadcrumb"},"inLanguage":"es","potentialAction":[{"@type":"ReadAction","target":["https:\/\/marthacifuentes.com\/portada\/incumplimiento-de-requisitos-legales-impide-escrituracion-de-lotes-en-alameda-martha-mojica\/"]}]},{"@type":"ImageObject","inLanguage":"es","@id":"https:\/\/marthacifuentes.com\/portada\/incumplimiento-de-requisitos-legales-impide-escrituracion-de-lotes-en-alameda-martha-mojica\/#primaryimage","url":"https:\/\/marthacifuentes.com\/portada\/wp-content\/uploads\/2024\/12\/alameda-martha-mojica.jpg","contentUrl":"https:\/\/marthacifuentes.com\/portada\/wp-content\/uploads\/2024\/12\/alameda-martha-mojica.jpg","width":960,"height":540},{"@type":"BreadcrumbList","@id":"https:\/\/marthacifuentes.com\/portada\/incumplimiento-de-requisitos-legales-impide-escrituracion-de-lotes-en-alameda-martha-mojica\/#breadcrumb","itemListElement":[{"@type":"ListItem","position":1,"name":"Portada","item":"https:\/\/marthacifuentes.com\/portada\/"},{"@type":"ListItem","position":2,"name":"Incumplimiento de requisitos legales impide escrituraci\u00f3n de lotes en Alameda Martha Mojica."}]},{"@type":"WebSite","@id":"https:\/\/marthacifuentes.com\/portada\/#website","url":"https:\/\/marthacifuentes.com\/portada\/","name":"\u25b7 Noticias de Casanare : Martha Cifuentes | Casanare","description":"Noticias &amp; Contenidos","potentialAction":[{"@type":"SearchAction","target":{"@type":"EntryPoint","urlTemplate":"https:\/\/marthacifuentes.com\/portada\/?s={search_term_string}"},"query-input":{"@type":"PropertyValueSpecification","valueRequired":true,"valueName":"search_term_string"}}],"inLanguage":"es"},{"@type":"Person","@id":"https:\/\/marthacifuentes.com\/portada\/#\/schema\/person\/57f53174b991db5f90ff78d58502b714","name":"Martha Cifuentes","image":{"@type":"ImageObject","inLanguage":"es","@id":"https:\/\/marthacifuentes.com\/portada\/#\/schema\/person\/image\/","url":"http:\/\/marthacifuentes.com\/portada\/wp-content\/uploads\/2018\/06\/avatar_user_2_1528838701-96x96.jpg","contentUrl":"http:\/\/marthacifuentes.com\/portada\/wp-content\/uploads\/2018\/06\/avatar_user_2_1528838701-96x96.jpg","caption":"Martha Cifuentes"},"sameAs":["http:\/\/www.marthacifuentes.com"],"url":"https:\/\/marthacifuentes.com\/portada\/author\/martha\/"}]}},"_links":{"self":[{"href":"https:\/\/marthacifuentes.com\/portada\/wp-json\/wp\/v2\/posts\/34467","targetHints":{"allow":["GET"]}}],"collection":[{"href":"https:\/\/marthacifuentes.com\/portada\/wp-json\/wp\/v2\/posts"}],"about":[{"href":"https:\/\/marthacifuentes.com\/portada\/wp-json\/wp\/v2\/types\/post"}],"author":[{"embeddable":true,"href":"https:\/\/marthacifuentes.com\/portada\/wp-json\/wp\/v2\/users\/2"}],"replies":[{"embeddable":true,"href":"https:\/\/marthacifuentes.com\/portada\/wp-json\/wp\/v2\/comments?post=34467"}],"version-history":[{"count":1,"href":"https:\/\/marthacifuentes.com\/portada\/wp-json\/wp\/v2\/posts\/34467\/revisions"}],"predecessor-version":[{"id":34469,"href":"https:\/\/marthacifuentes.com\/portada\/wp-json\/wp\/v2\/posts\/34467\/revisions\/34469"}],"wp:featuredmedia":[{"embeddable":true,"href":"https:\/\/marthacifuentes.com\/portada\/wp-json\/wp\/v2\/media\/34468"}],"wp:attachment":[{"href":"https:\/\/marthacifuentes.com\/portada\/wp-json\/wp\/v2\/media?parent=34467"}],"wp:term":[{"taxonomy":"category","embeddable":true,"href":"https:\/\/marthacifuentes.com\/portada\/wp-json\/wp\/v2\/categories?post=34467"},{"taxonomy":"post_tag","embeddable":true,"href":"https:\/\/marthacifuentes.com\/portada\/wp-json\/wp\/v2\/tags?post=34467"}],"curies":[{"name":"wp","href":"https:\/\/api.w.org\/{rel}","templated":true}]}}