{"id":34483,"date":"2024-12-06T11:00:55","date_gmt":"2024-12-06T16:00:55","guid":{"rendered":"https:\/\/marthacifuentes.com\/portada\/?p=34483"},"modified":"2024-12-06T11:00:55","modified_gmt":"2024-12-06T16:00:55","slug":"en-visperas-de-navidad-se-preve-paso-en-la-via-entre-casanare-y-boyaca-en-el-sector-chorro-blanco-invias","status":"publish","type":"post","link":"https:\/\/marthacifuentes.com\/portada\/en-visperas-de-navidad-se-preve-paso-en-la-via-entre-casanare-y-boyaca-en-el-sector-chorro-blanco-invias\/","title":{"rendered":"En v\u00edsperas de Navidad, se prev\u00e9 paso en la v\u00eda entre Casanare y Boyac\u00e1 en el sector Chorro Blanco: Inv\u00edas"},"content":{"rendered":"<p>La <strong>transitabilidad<\/strong> entre los departamentos de Casanare y Boyac\u00e1 <strong>ser\u00e1 restablecida<\/strong> en la <strong>tercera semana de diciembre de 2024,<\/strong> seg\u00fan confirm\u00f3 el Instituto Nacional de V\u00edas (Inv\u00edas). El paso se habilitar\u00e1 para veh\u00edculos de hasta m\u00e1ximo <strong>22 toneladas de pes<\/strong>o.<\/p>\n<p>Los trabajos en el sector Chorro Blanco, espec\u00edficamente en el kil\u00f3metro 81 del corredor vial Sogamoso-Aguazul, se encuentran en su fase final, permitiendo la habilitaci\u00f3n de un paso alterno tras m\u00e1s de cinco meses de prohibici\u00f3n del paso en este trayecto.<\/p>\n<p>Desde el 24 de junio, esta v\u00eda ha permanecido con orden de cierre debido a fallas estructurales en el viaducto del sector Chorro Blanco, que presenta riesgos de colapso. Sin embargo esta restricci\u00f3n no se ha cumplido y a diario se ve tr\u00e1nsito de tractomulas, camiones, buses y veh\u00edculos particulares.<\/p>\n<p>En su lugar, Inv\u00edas ha trabajado para habilitar un paso alterno que permitir\u00e1 el tr\u00e1nsito controlado, con restricciones de peso de hasta 22 toneladas y circulaci\u00f3n alternada en ambos sentidos.<\/p>\n<p>\u201cLas actividades estar\u00e1n finalizadas para la tercera semana de diciembre, fecha en la cual estaremos dando apertura al tr\u00e1fico para reconectar las zonas de Boyac\u00e1 y Casanare\u201d, afirm\u00f3 Juan Carlos Montenegro, director general de Inv\u00edas, durante un sobrevuelo de inspecci\u00f3n de los trabajos realizados en el sector.<\/p>\n<p><img loading=\"lazy\" decoding=\"async\" class=\"alignnone size-large wp-image-34486\" src=\"https:\/\/marthacifuentes.com\/portada\/wp-content\/uploads\/2024\/12\/chorroblanco-3-1024x576.jpg\" alt=\"\" width=\"1024\" height=\"576\" srcset=\"https:\/\/marthacifuentes.com\/portada\/wp-content\/uploads\/2024\/12\/chorroblanco-3-1024x576.jpg 1024w, https:\/\/marthacifuentes.com\/portada\/wp-content\/uploads\/2024\/12\/chorroblanco-3-300x169.jpg 300w, https:\/\/marthacifuentes.com\/portada\/wp-content\/uploads\/2024\/12\/chorroblanco-3-768x432.jpg 768w, https:\/\/marthacifuentes.com\/portada\/wp-content\/uploads\/2024\/12\/chorroblanco-3-1536x864.jpg 1536w, https:\/\/marthacifuentes.com\/portada\/wp-content\/uploads\/2024\/12\/chorroblanco-3-390x220.jpg 390w, https:\/\/marthacifuentes.com\/portada\/wp-content\/uploads\/2024\/12\/chorroblanco-3.jpg 1600w\" sizes=\"auto, (max-width: 1024px) 100vw, 1024px\" \/><\/p>\n<p>&nbsp;<\/p>\n<p><strong>Avance de las obras<\/strong><br \/>\nLas labores han incluido la remoci\u00f3n de aproximadamente <strong>123.000 m\u00b3 de material<\/strong>, necesarias para abrir el paso a veh\u00edculos livianos.<\/p>\n<p>Sin embargo, el viaducto del kil\u00f3metro 81 continuar\u00e1 cerrado indefinidamente, tal como establece la Resoluci\u00f3n 2540 del 26 de junio de 2024, que restringe el tr\u00e1nsito de veh\u00edculos en esta secci\u00f3n de la Ruta Nacional 6211.<\/p>\n<p><img loading=\"lazy\" decoding=\"async\" class=\"alignnone size-large wp-image-34485\" src=\"https:\/\/marthacifuentes.com\/portada\/wp-content\/uploads\/2024\/12\/chorroblanco-2.jpg\" alt=\"\" width=\"943\" height=\"353\" srcset=\"https:\/\/marthacifuentes.com\/portada\/wp-content\/uploads\/2024\/12\/chorroblanco-2.jpg 943w, https:\/\/marthacifuentes.com\/portada\/wp-content\/uploads\/2024\/12\/chorroblanco-2-300x112.jpg 300w, https:\/\/marthacifuentes.com\/portada\/wp-content\/uploads\/2024\/12\/chorroblanco-2-768x287.jpg 768w\" sizes=\"auto, (max-width: 943px) 100vw, 943px\" \/><\/p>\n<p><strong>Compromiso con la seguridad vial<\/strong><br \/>\nEl director Montenegro resalt\u00f3 que, aunque las lluvias y los deslizamientos de tierra retrasaron las obras, el Inv\u00edas mantiene su compromiso de mejorar las condiciones de este corredor estrat\u00e9gico para la conexi\u00f3n entre los Llanos Orientales y el altiplano cundiboyacense.<\/p>\n<p>La reapertura de este tramo representar\u00e1 un alivio para los habitantes y transportadores de la regi\u00f3n, quienes han enfrentado serias dificultades log\u00edsticas desde que se cerr\u00f3 el viaducto.<\/p>\n<h2>Otras noticias&#8230;<\/h2>\n<blockquote class=\"wp-embedded-content\" data-secret=\"FYu9Veipbv\"><p><a href=\"https:\/\/marthacifuentes.com\/portada\/2024\/12\/06\/casanare-recibira-mas-de-9-mil-millones-para-mejorar-vias-rurales-en-9-municipios\/\">Casanare recibir\u00e1 m\u00e1s de $9 mil millones para mejorar v\u00edas rurales en 9 municipios<\/a><\/p><\/blockquote>\n<p><iframe loading=\"lazy\" class=\"wp-embedded-content\" sandbox=\"allow-scripts\" security=\"restricted\" style=\"position: absolute; clip: rect(1px, 1px, 1px, 1px);\" title=\"\u00abCasanare recibir\u00e1 m\u00e1s de $9 mil millones para mejorar v\u00edas rurales en 9 municipios\u00bb \u2014 \u25b7 Noticias de Casanare : Martha Cifuentes | Casanare\" src=\"https:\/\/marthacifuentes.com\/portada\/2024\/12\/06\/casanare-recibira-mas-de-9-mil-millones-para-mejorar-vias-rurales-en-9-municipios\/embed\/#?secret=v3CJFR9q1P#?secret=FYu9Veipbv\" data-secret=\"FYu9Veipbv\" width=\"500\" height=\"282\" frameborder=\"0\" marginwidth=\"0\" marginheight=\"0\" scrolling=\"no\"><\/iframe><\/p>\n<p><iframe loading=\"lazy\" class=\"wp-embedded-content\" title=\"\u00abCorporinoquia en la mira: Recusaciones y tutelas frenan elecci\u00f3n de su nuevo director\u00bb \u2014 \u25b7 Noticias de Casanare : Martha Cifuentes | Casanare\" src=\"https:\/\/marthacifuentes.com\/portada\/2024\/12\/03\/corporinoquia-en-la-mira-recusaciones-y-tutelas-frenan-eleccion-de-su-nuevo-director\/embed\/#?secret=Q65AeHNNvH#?secret=VKAe00NPRL\" width=\"600\" height=\"578\" frameborder=\"0\" marginwidth=\"0\" marginheight=\"0\" scrolling=\"no\" sandbox=\"allow-scripts\" data-secret=\"VKAe00NPRL\" data-mce-fragment=\"1\"><\/iframe><\/p>\n<p><iframe loading=\"lazy\" class=\"wp-embedded-content\" title=\"\u00abIncumplimiento de requisitos legales impide escrituraci\u00f3n de lotes en Alameda Martha Mojica.\u00bb \u2014 \u25b7 Noticias de Casanare : Martha Cifuentes | Casanare\" src=\"https:\/\/marthacifuentes.com\/portada\/2024\/12\/02\/incumplimiento-de-requisitos-legales-impide-escrituracion-de-lotes-en-alameda-martha-mojica\/embed\/#?secret=elErUiOf2s#?secret=fb1z2lZM2Z\" width=\"600\" height=\"620\" frameborder=\"0\" marginwidth=\"0\" marginheight=\"0\" scrolling=\"no\" sandbox=\"allow-scripts\" data-secret=\"fb1z2lZM2Z\" data-mce-fragment=\"1\"><\/iframe><\/p>\n<p><iframe loading=\"lazy\" class=\"wp-embedded-content\" title=\"\u00abNancy Padilla: Un nuevo rostro de la violencia machista que persiste\u00bb \u2014 \u25b7 Noticias de Casanare : Martha Cifuentes | Casanare\" src=\"https:\/\/marthacifuentes.com\/portada\/2024\/12\/02\/nancy-padilla-un-nuevo-rostro-de-la-violencia-machista-que-persiste\/embed\/#?secret=tFKaI8pgBn#?secret=C3Qq1zZc3R\" width=\"600\" height=\"308\" frameborder=\"0\" marginwidth=\"0\" marginheight=\"0\" scrolling=\"no\" sandbox=\"allow-scripts\" data-secret=\"C3Qq1zZc3R\" data-mce-fragment=\"1\"><\/iframe><\/p>\n<p><iframe loading=\"lazy\" class=\"wp-embedded-content\" title=\"\u00abHaz el cambio, \u00a1y tu bolsillo te lo agradecer\u00e1! Gu\u00eda para adoptar tecnolog\u00edas sostenibles y accesibles\u00bb \u2014 \u25b7 Noticias de Casanare : Martha Cifuentes | Casanare\" src=\"https:\/\/marthacifuentes.com\/portada\/2024\/11\/29\/haz-el-cambio-y-tu-bolsillo-te-lo-agradecera-guia-para-adoptar-tecnologias-sostenibles-y-accesibles\/embed\/#?secret=3wJ6ABwXHr#?secret=3S7p2Wkcx0\" width=\"600\" height=\"621\" frameborder=\"0\" marginwidth=\"0\" marginheight=\"0\" scrolling=\"no\" sandbox=\"allow-scripts\" data-secret=\"3S7p2Wkcx0\" data-mce-fragment=\"1\"><\/iframe><\/p>\n<p><iframe loading=\"lazy\" class=\"wp-embedded-content\" title=\"\u00abPor las 2.553 v\u00edctimas: Casanare crea la Mesa Departamental para la atenci\u00f3n a desaparecidos\u00bb \u2014 \u25b7 Noticias de Casanare : Martha Cifuentes | Casanare\" src=\"https:\/\/marthacifuentes.com\/portada\/2024\/11\/28\/por-las-2-553-victimas-casanare-crea-la-mesa-departamental-para-la-atencion-a-desaparecidos\/embed\/#?secret=SdpXd7UXyd#?secret=wKQP4GjCqZ\" width=\"600\" height=\"537\" frameborder=\"0\" marginwidth=\"0\" marginheight=\"0\" scrolling=\"no\" sandbox=\"allow-scripts\" data-secret=\"wKQP4GjCqZ\" data-mce-fragment=\"1\"><\/iframe><\/p>\n<p><iframe loading=\"lazy\" class=\"wp-embedded-content\" title=\"\u00abLida Rojas: El crimen que desnuda el control del ELN y disidencias de las Farc en Aguazul\u00bb \u2014 \u25b7 Noticias de Casanare : Martha Cifuentes | Casanare\" src=\"https:\/\/marthacifuentes.com\/portada\/2024\/11\/27\/lida-rojas-el-crimen-que-desnuda-el-control-del-eln-y-disidencias-de-las-farc-en-aguazul\/embed\/#?secret=1m5yCZwADK#?secret=a20doPqPPW\" width=\"600\" height=\"600\" frameborder=\"0\" marginwidth=\"0\" marginheight=\"0\" scrolling=\"no\" sandbox=\"allow-scripts\" data-secret=\"a20doPqPPW\" data-mce-fragment=\"1\"><\/iframe><\/p>\n<p><a href=\"https:\/\/marthacifuentes.com\/especialviolenciamujer\/\"><img decoding=\"async\" src=\"https:\/\/marthacifuentes.com\/portada\/wp-content\/uploads\/2024\/11\/intro-1.jpg\" \/><\/a><\/p>\n<p><iframe loading=\"lazy\" class=\"wp-embedded-content\" title=\"\u00abConsejo Directivo de Corporinoquia ya fij\u00f3 fecha de elecci\u00f3n de director de Corporinoquia. Lenin Bustos cuestion\u00f3 decisiones.\u00bb \u2014 \u25b7 Noticias de Casanare : Martha Cifuentes | Casanare\" src=\"https:\/\/marthacifuentes.com\/portada\/2024\/11\/26\/consejo-directivo-de-corporinoquia-ya-fijo-fecha-de-eleccion-de-director-de-corporinoquia-lenin-bustos-cuestiono-decisiones\/embed\/#?secret=iFNp9pEfCo#?secret=h6DOIYGDRj\" width=\"600\" height=\"649\" frameborder=\"0\" marginwidth=\"0\" marginheight=\"0\" scrolling=\"no\" sandbox=\"allow-scripts\" data-secret=\"h6DOIYGDRj\" data-mce-fragment=\"1\"><\/iframe><\/p>\n<p><iframe loading=\"lazy\" class=\"wp-embedded-content\" title=\"\u00abYa viene la elecci\u00f3n de director(a) de Corporinoquia. 25 de noviembre convocado Consejo Directivo.\u00bb \u2014 \u25b7 Noticias de Casanare : Martha Cifuentes | Casanare\" src=\"https:\/\/marthacifuentes.com\/portada\/2024\/11\/22\/ya-viene-la-eleccion-de-directora-de-corporinoquia-25-de-noviembre-convocado-consejo-directivo\/embed\/#?secret=WIZEqpPbmY#?secret=EHam0JCmRI\" width=\"600\" height=\"585\" frameborder=\"0\" marginwidth=\"0\" marginheight=\"0\" scrolling=\"no\" sandbox=\"allow-scripts\" data-secret=\"EHam0JCmRI\" data-mce-fragment=\"1\"><\/iframe><\/p>\n<p><iframe loading=\"lazy\" class=\"wp-embedded-content\" title=\"\u00abCasanare Palpita: Cultura, arte y gastronom\u00eda llanera,\u00a0del 20 al 24 de noviembre en Casanare.\u00bb \u2014 \u25b7 Noticias de Casanare : Martha Cifuentes | Casanare\" src=\"https:\/\/marthacifuentes.com\/portada\/2024\/11\/20\/casanare-palpita-cultura-arte-y-gastronomia-llanera-del-20-al-24-de-noviembre-en-casanare\/embed\/#?secret=ZxluL6FvPy#?secret=g3iti2URnM\" width=\"600\" height=\"579\" frameborder=\"0\" marginwidth=\"0\" marginheight=\"0\" scrolling=\"no\" sandbox=\"allow-scripts\" data-secret=\"g3iti2URnM\" data-mce-fragment=\"1\"><\/iframe><\/p>\n<p><iframe loading=\"lazy\" class=\"wp-embedded-content\" title=\"\u00abEaaay: tras cuestionada intervenci\u00f3n, se nombra nueva interventora. Fue liquidadora de Electricaribe.\u00bb \u2014 \u25b7 Noticias de Casanare : Martha Cifuentes | Casanare\" src=\"https:\/\/marthacifuentes.com\/portada\/2024\/11\/20\/eaaay-tras-cuestionada-intervencion-se-nombra-nueva-interventora-fue-liquidadora-de-electricaribe\/embed\/#?secret=Ua3FLbHJOK#?secret=lSmpQX1tHz\" width=\"600\" height=\"613\" frameborder=\"0\" marginwidth=\"0\" marginheight=\"0\" scrolling=\"no\" sandbox=\"allow-scripts\" data-secret=\"lSmpQX1tHz\" data-mce-fragment=\"1\"><\/iframe><\/p>\n<p><iframe loading=\"lazy\" class=\"wp-embedded-content\" title=\"\u00abAmarrada y con una almohada fue asfixiada Jeniffer Velandia. Hubo una testigo.\u00bb \u2014 \u25b7 Noticias de Casanare : Martha Cifuentes | Casanare\" src=\"https:\/\/marthacifuentes.com\/portada\/2024\/11\/13\/amarrada-y-con-una-almohada-fue-asfixiada-jeniffer-velandia-hubo-una-testigo\/embed\/#?secret=FAmtKASfLy#?secret=FBcw1vymUF\" width=\"600\" height=\"617\" frameborder=\"0\" marginwidth=\"0\" marginheight=\"0\" scrolling=\"no\" sandbox=\"allow-scripts\" data-secret=\"FBcw1vymUF\" data-mce-fragment=\"1\"><\/iframe><\/p>\n<p><iframe loading=\"lazy\" class=\"wp-embedded-content\" title=\"\u00abExparamilitares de Casanare, alias \u00abmart\u00edn llanos\u00bb y alias \u00abTripas\u00bb, ahora gestores de paz\u00bb \u2014 \u25b7 Noticias de Casanare : Martha Cifuentes | Casanare\" src=\"https:\/\/marthacifuentes.com\/portada\/2024\/11\/13\/exparamilitares-de-casanare-alias-martin-llanos-y-alias-tripas-ahora-gestores-de-paz\/embed\/#?secret=5zNivMKElr#?secret=raCwabjR3r\" width=\"600\" height=\"621\" frameborder=\"0\" marginwidth=\"0\" marginheight=\"0\" scrolling=\"no\" sandbox=\"allow-scripts\" data-secret=\"raCwabjR3r\" data-mce-fragment=\"1\"><\/iframe><\/p>\n<p><iframe loading=\"lazy\" class=\"wp-embedded-content\" title=\"\u00abSospechoso de feminicidio de Jeniffer Velandia en Yopal, viv\u00eda en la casa donde fue hallada muerta. Ten\u00eda su celular.\u00bb \u2014 \u25b7 Noticias de Casanare : Martha Cifuentes | Casanare\" src=\"https:\/\/marthacifuentes.com\/portada\/2024\/11\/12\/sospechoso-de-feminicidio-de-jeniffer-velandia-en-yopal-vivia-en-la-casa-donde-fue-hallada-muerta-tenia-su-celular\/embed\/#?secret=K2JGuRa0W0#?secret=XnefF37GsM\" width=\"600\" height=\"649\" frameborder=\"0\" marginwidth=\"0\" marginheight=\"0\" scrolling=\"no\" sandbox=\"allow-scripts\" data-secret=\"XnefF37GsM\" data-mce-fragment=\"1\"><\/iframe><\/p>\n<p><iframe loading=\"lazy\" class=\"wp-embedded-content\" title=\"\u00abFeminicidas de Jennifer Velandia en Yopal, estar\u00edan por ser capturados. Autoridades est\u00e1n tras su rastro.\u00bb \u2014 \u25b7 Noticias de Casanare : Martha Cifuentes | Casanare\" src=\"https:\/\/marthacifuentes.com\/portada\/2024\/11\/10\/feminicidas-de-jennifer-velandia-en-yopal-estarian-por-ser-capturados-autoridades-estan-tras-su-rastro\/embed\/#?secret=9UkGeBYG3E#?secret=scWVqsAeKL\" width=\"600\" height=\"600\" frameborder=\"0\" marginwidth=\"0\" marginheight=\"0\" scrolling=\"no\" sandbox=\"allow-scripts\" data-secret=\"scWVqsAeKL\" data-mce-fragment=\"1\"><\/iframe><\/p>\n<p><iframe loading=\"lazy\" class=\"wp-embedded-content\" title=\"\u00ab\u00bfGallina en Pajarito para A\u00f1o Nuevo? Inv\u00edas promete habilitar v\u00eda alterna para el 31 de diciembre\u00bb \u2014 \u25b7 Noticias de Casanare : Martha Cifuentes | Casanare\" src=\"https:\/\/marthacifuentes.com\/portada\/2024\/11\/07\/gallina-en-pajarito-para-ano-nuevo-invias-promete-habilitar-via-alterna-para-el-31-de-diciembre\/embed\/#?secret=isPBleHRhA#?secret=3szgdFAL8D\" width=\"600\" height=\"612\" frameborder=\"0\" marginwidth=\"0\" marginheight=\"0\" scrolling=\"no\" sandbox=\"allow-scripts\" data-secret=\"3szgdFAL8D\" data-mce-fragment=\"1\"><\/iframe><\/p>\n<p><iframe loading=\"lazy\" class=\"wp-embedded-content\" title=\"\u00abHoy, en foro petrolero en Yopal, se analizar\u00e1n mecanismos para solucionar conflictividad social y empresarial\u00bb \u2014 \u25b7 Noticias de Casanare : Martha Cifuentes | Casanare\" src=\"https:\/\/marthacifuentes.com\/portada\/2024\/11\/07\/hoy-en-foro-petrolero-en-yopal-se-analizaran-mecanismos-para-solucionar-conflictividad-social-y-empresarial\/embed\/#?secret=5gwLvOE0Af#?secret=FykaLSZz6o\" width=\"600\" height=\"620\" frameborder=\"0\" marginwidth=\"0\" marginheight=\"0\" scrolling=\"no\" sandbox=\"allow-scripts\" data-secret=\"FykaLSZz6o\" data-mce-fragment=\"1\"><\/iframe><\/p>\n<p><iframe loading=\"lazy\" class=\"wp-embedded-content\" title=\"\u00abVillanueva da los primeros acordes hacia una banda sinf\u00f3nica. Geopark don\u00f3 instrumentos musicales.\u00bb \u2014 \u25b7 Noticias de Casanare : Martha Cifuentes | Casanare\" src=\"https:\/\/marthacifuentes.com\/portada\/2024\/11\/06\/villanueva-da-los-primeros-acordes-hacia-una-banda-sinfonica-geopark-dono-instrumentos-musicales\/embed\/#?secret=LYrgEEpNC8#?secret=3LHImWJrt5\" width=\"600\" height=\"619\" frameborder=\"0\" marginwidth=\"0\" marginheight=\"0\" scrolling=\"no\" sandbox=\"allow-scripts\" data-secret=\"3LHImWJrt5\" data-mce-fragment=\"1\"><\/iframe><\/p>\n<p><iframe loading=\"lazy\" class=\"wp-embedded-content\" title=\"\u00abFeminicidio en Man\u00ed, la inacci\u00f3n del sistema, que cost\u00f3 una vida, causa m\u00e1s dolor en la familia\u00bb \u2014 \u25b7 Noticias de Casanare : Martha Cifuentes | Casanare\" src=\"https:\/\/marthacifuentes.com\/portada\/2024\/11\/06\/feminicidio-en-mani-la-inaccion-del-sistema-que-costo-una-vida-causa-mas-dolor-en-la-familia\/embed\/#?secret=XUp6cBiG61#?secret=AglhlgSqiu\" width=\"600\" height=\"600\" frameborder=\"0\" marginwidth=\"0\" marginheight=\"0\" scrolling=\"no\" sandbox=\"allow-scripts\" data-secret=\"AglhlgSqiu\" data-mce-fragment=\"1\"><\/iframe><\/p>\n<p><iframe loading=\"lazy\" class=\"wp-embedded-content\" title=\"\u00abConductor de camioneta f\u00fanebre muere en siniestro vial mientras transportaba a v\u00edctima de feminicidio de Man\u00ed\u00bb \u2014 \u25b7 Noticias de Casanare : Martha Cifuentes | Casanare\" src=\"https:\/\/marthacifuentes.com\/portada\/2024\/11\/06\/conductor-de-camioneta-funebre-muere-en-siniestro-vial-mientras-transportaba-a-victima-de-feminicidio-de-mani\/embed\/#?secret=a8YZ2oWaez#?secret=5wceTxh5Zw\" width=\"600\" height=\"649\" frameborder=\"0\" marginwidth=\"0\" marginheight=\"0\" scrolling=\"no\" sandbox=\"allow-scripts\" data-secret=\"5wceTxh5Zw\" data-mce-fragment=\"1\"><\/iframe><\/p>\n<p><iframe loading=\"lazy\" class=\"wp-embedded-content\" title=\"\u00abYopal tiene un respiro con la captura redomados delincuentes alias \u201cr\u00edo sucio\u201d, \u201ckevin\u201d y \u201clady\u201d\u00bb \u2014 \u25b7 Noticias de Casanare : Martha Cifuentes | Casanare\" src=\"https:\/\/marthacifuentes.com\/portada\/2024\/11\/01\/yopal-tiene-un-respiro-con-la-captura-redomados-delincuentes-alias-rio-sucio-kevin-y-lady\/embed\/#?secret=Yh8swyYfWJ#?secret=eUfjYmAtEn\" width=\"600\" height=\"600\" frameborder=\"0\" marginwidth=\"0\" marginheight=\"0\" scrolling=\"no\" sandbox=\"allow-scripts\" data-secret=\"eUfjYmAtEn\" data-mce-fragment=\"1\"><\/iframe><\/p>\n<p><iframe loading=\"lazy\" class=\"wp-embedded-content\" title=\"\u00abA la c\u00e1rcel presunto responsable de intentar asesinar a su pareja en Yopal\u00bb \u2014 \u25b7 Noticias de Casanare : Martha Cifuentes | Casanare\" src=\"https:\/\/marthacifuentes.com\/portada\/2024\/11\/01\/a-la-carcel-presunto-responsable-de-intentar-asesinar-a-su-pareja-en-yopal\/embed\/#?secret=ouVrXF3yxn#?secret=bJIDWQ7e4a\" width=\"600\" height=\"600\" frameborder=\"0\" marginwidth=\"0\" marginheight=\"0\" scrolling=\"no\" sandbox=\"allow-scripts\" data-secret=\"bJIDWQ7e4a\" data-mce-fragment=\"1\"><\/iframe><\/p>\n<p><iframe loading=\"lazy\" class=\"wp-embedded-content\" title=\"\u00abDetalles In\u00e9ditos de la JEP: \u00bfQu\u00e9 Saben Otoniel y otros testigos sobre pol\u00edticos de Casanare y el Bloque Centauros?\u00bb \u2014 \u25b7 Noticias de Casanare : Martha Cifuentes | Casanare\" src=\"https:\/\/marthacifuentes.com\/portada\/2024\/10\/25\/detalles-ineditos-de-la-jep-que-saben-otoniel-y-otros-testigos-sobre-politicos-de-casanare-y-el-bloque-centauros\/embed\/#?secret=3EeQv5DcQ1#?secret=HEhyvpWejj\" width=\"600\" height=\"649\" frameborder=\"0\" marginwidth=\"0\" marginheight=\"0\" scrolling=\"no\" sandbox=\"allow-scripts\" data-secret=\"HEhyvpWejj\" data-mce-fragment=\"1\"><\/iframe><\/p>\n<p><iframe loading=\"lazy\" class=\"wp-embedded-content\" title=\"\u00abCerca de $300 mil millones contrataron Ecopetrol y sus aliados con empresarios de Casanare, seg\u00fan la petrolera\u00bb \u2014 \u25b7 Noticias de Casanare : Martha Cifuentes | Casanare\" src=\"https:\/\/marthacifuentes.com\/portada\/2024\/10\/23\/cerca-de-300-mil-millones-contrataron-ecopetrol-y-sus-aliados-con-empresarios-de-casanare-segun-la-petrolera\/embed\/#?secret=fQoROVNatN#?secret=w469fbuYVo\" width=\"600\" height=\"649\" frameborder=\"0\" marginwidth=\"0\" marginheight=\"0\" scrolling=\"no\" sandbox=\"allow-scripts\" data-secret=\"w469fbuYVo\" data-mce-fragment=\"1\"><\/iframe><\/p>\n<p><iframe loading=\"lazy\" class=\"wp-embedded-content\" title=\"\u00abEdwin Barrera, exgerente de Ese Salud Yopal, vuelve al Horo, ahora como jefe de Planeaci\u00f3n.\u00bb \u2014 \u25b7 Noticias de Casanare : Martha Cifuentes | Casanare\" src=\"https:\/\/marthacifuentes.com\/portada\/2024\/10\/23\/edwin-barrera-exgerente-de-ese-salud-yopal-vuelve-al-horo-ahora-como-jefe-de-planeacion\/embed\/#?secret=iV0m5OmNNk#?secret=U5W8fRmQ0P\" width=\"600\" height=\"598\" frameborder=\"0\" marginwidth=\"0\" marginheight=\"0\" scrolling=\"no\" sandbox=\"allow-scripts\" data-secret=\"U5W8fRmQ0P\" data-mce-fragment=\"1\"><\/iframe><\/p>\n<p><iframe loading=\"lazy\" class=\"wp-embedded-content\" title=\"\u00abZorro rechaza recortes de regal\u00edas para Casanare. 100 mil millones menos para 2 pr\u00f3ximos a\u00f1os\u00bb \u2014 \u25b7 Noticias de Casanare : Martha Cifuentes | Casanare\" src=\"https:\/\/marthacifuentes.com\/portada\/2024\/10\/23\/zorro-rechaza-recortes-de-regalias-para-casanare-100-mil-millones-menos-para-2-proximos-anos\/embed\/#?secret=JjGue406oZ#?secret=kWkE2ZV66V\" width=\"600\" height=\"621\" frameborder=\"0\" marginwidth=\"0\" marginheight=\"0\" scrolling=\"no\" sandbox=\"allow-scripts\" data-secret=\"kWkE2ZV66V\" data-mce-fragment=\"1\"><\/iframe><\/p>\n<p><iframe loading=\"lazy\" class=\"wp-embedded-content\" title=\"\u00abExalcalde LEC, mal parado, por aceptar terreno emproblemado para fallido Terminal de Yopal\u00bb \u2014 \u25b7 Noticias de Casanare : Martha Cifuentes | Casanare\" src=\"https:\/\/marthacifuentes.com\/portada\/2024\/10\/22\/exalcalde-lec-mal-parado-por-aceptar-terreno-emproblemado-para-fallido-terminal-de-yopal\/embed\/#?secret=zsTlUGeI2E#?secret=OTIATGgoIh\" width=\"600\" height=\"621\" frameborder=\"0\" marginwidth=\"0\" marginheight=\"0\" scrolling=\"no\" sandbox=\"allow-scripts\" data-secret=\"OTIATGgoIh\" data-mce-fragment=\"1\"><\/iframe><\/p>\n<p><iframe loading=\"lazy\" class=\"wp-embedded-content\" title=\"\u00abPredio donde se construir\u00e1 Terminal de Transportes de Yopal termin\u00f3 siendo un \u201cnegociazo\u201d para un particular, aunque era del municipio.\u00bb \u2014 \u25b7 Noticias de Casanare : Martha Cifuentes | Casanare\" src=\"https:\/\/marthacifuentes.com\/portada\/2022\/10\/07\/predio-donde-se-construira-terminal-de-transportes-de-yopal-termino-siendo-un-negociazo-para-un-particular-aunque-era-del-municipio\/embed\/#?secret=8BVkgtrbER#?secret=qSiaz1CVXI\" width=\"600\" height=\"592\" frameborder=\"0\" marginwidth=\"0\" marginheight=\"0\" scrolling=\"no\" sandbox=\"allow-scripts\" data-secret=\"qSiaz1CVXI\" data-mce-fragment=\"1\"><\/iframe><\/p>\n<h2>Otras noticias\u2026<\/h2>\n<p><iframe loading=\"lazy\" class=\"wp-embedded-content\" title=\"\u00abPaciente con c\u00e1ncer en la sangre clama por medicamentos a Capresoca. Es de vida o muerte.\u00bb \u2014 \u25b7 Noticias de Casanare : Martha Cifuentes | Casanare\" src=\"https:\/\/marthacifuentes.com\/portada\/2024\/10\/22\/paciente-con-cancer-en-la-sangre-clama-por-medicamentos-a-capresoca-es-de-vida-o-muerte\/embed\/#?secret=HYNtCt6ZxK#?secret=cHhHl2JCMC\" width=\"600\" height=\"599\" frameborder=\"0\" marginwidth=\"0\" marginheight=\"0\" scrolling=\"no\" sandbox=\"allow-scripts\" data-secret=\"cHhHl2JCMC\" data-mce-fragment=\"1\"><\/iframe><\/p>\n<p><iframe loading=\"lazy\" class=\"wp-embedded-content\" title=\"\u00abJoven de Tauramena fue sicariado.\u00bb \u2014 \u25b7 Noticias de Casanare : Martha Cifuentes | Casanare\" src=\"https:\/\/marthacifuentes.com\/portada\/2024\/10\/22\/joven-de-tauramena-fue-sicariado\/embed\/#?secret=LABnTXm6Nl#?secret=M2astxTXp3\" width=\"600\" height=\"571\" frameborder=\"0\" marginwidth=\"0\" marginheight=\"0\" scrolling=\"no\" sandbox=\"allow-scripts\" data-secret=\"M2astxTXp3\" data-mce-fragment=\"1\"><\/iframe><\/p>\n<p><iframe loading=\"lazy\" class=\"wp-embedded-content\" title=\"\u00abGran acogida del p\u00fablico en la 3ra versi\u00f3n del Festival de teatro Guadalupe\u00bb \u2014 \u25b7 Noticias de Casanare : Martha Cifuentes | Casanare\" src=\"https:\/\/marthacifuentes.com\/portada\/2024\/10\/21\/gran-acogida-del-publico-en-la-3ra-version-del-festival-de-teatro-guadalupe\/embed\/#?secret=gzkWJoF8ym#?secret=PQdHX4wNw0\" width=\"600\" height=\"600\" frameborder=\"0\" marginwidth=\"0\" marginheight=\"0\" scrolling=\"no\" sandbox=\"allow-scripts\" data-secret=\"PQdHX4wNw0\" data-mce-fragment=\"1\"><\/iframe><\/p>\n<p><iframe loading=\"lazy\" class=\"wp-embedded-content\" title=\"\u00abABC para que no lo tumben urbanizadores ilegales en Yopal\u00bb \u2014 \u25b7 Noticias de Casanare : Martha Cifuentes | Casanare\" src=\"https:\/\/marthacifuentes.com\/portada\/2024\/10\/21\/abc-para-que-no-lo-tumben-urbanizadores-ilegales-en-yopal\/embed\/#?secret=gr0zTA8Amy#?secret=lgGPbW0YEZ\" width=\"600\" height=\"619\" frameborder=\"0\" marginwidth=\"0\" marginheight=\"0\" scrolling=\"no\" sandbox=\"allow-scripts\" data-secret=\"lgGPbW0YEZ\" data-mce-fragment=\"1\"><\/iframe><\/p>\n<p><iframe loading=\"lazy\" class=\"wp-embedded-content\" title=\"\u00abIntento o consumaci\u00f3n de abuso sexual de ni\u00f1a de 2 a\u00f1os caus\u00f3 asonada en Barranca de Up\u00eda\u00bb \u2014 \u25b7 Noticias de Casanare : Martha Cifuentes | Casanare\" src=\"https:\/\/marthacifuentes.com\/portada\/2024\/10\/21\/intento-o-consumacion-de-abuso-sexual-de-nina-de-2-anos-causo-asonada-en-barranca-de-upia\/embed\/#?secret=V3CgrwMVUB#?secret=KuGLUvinqC\" width=\"600\" height=\"600\" frameborder=\"0\" marginwidth=\"0\" marginheight=\"0\" scrolling=\"no\" sandbox=\"allow-scripts\" data-secret=\"KuGLUvinqC\" data-mce-fragment=\"1\"><\/iframe><\/p>\n<p><iframe loading=\"lazy\" class=\"wp-embedded-content\" title=\"\u00abParte de obras faltantes de la PTAP Yopal, ser\u00e1n construidas por Gobernaci\u00f3n de Casanare\u00bb \u2014 \u25b7 Noticias de Casanare : Martha Cifuentes | Casanare\" src=\"https:\/\/marthacifuentes.com\/portada\/2024\/10\/19\/parte-de-obras-faltantes-de-la-ptap-yopal-seran-construidas-por-gobernacion-de-casanare\/embed\/#?secret=7YH3OkYgDw#?secret=G9RuvJ80RQ\" width=\"600\" height=\"599\" frameborder=\"0\" marginwidth=\"0\" marginheight=\"0\" scrolling=\"no\" sandbox=\"allow-scripts\" data-secret=\"G9RuvJ80RQ\" data-mce-fragment=\"1\"><\/iframe><\/p>\n<p><iframe loading=\"lazy\" class=\"wp-embedded-content\" title=\"\u00abCapturado alias Kiliam, presunto cabecilla de disidencias de las Farc, frente 28 en Casanare\u00bb \u2014 \u25b7 Noticias de Casanare : Martha Cifuentes | Casanare\" src=\"https:\/\/marthacifuentes.com\/portada\/2024\/10\/19\/capturado-alias-kiliam-presunto-cabecilla-de-disidencias-de-las-farc-frente-28-en-casanare\/embed\/#?secret=uNkPVtTTlx#?secret=Mn9KI7MD3F\" width=\"600\" height=\"618\" frameborder=\"0\" marginwidth=\"0\" marginheight=\"0\" scrolling=\"no\" sandbox=\"allow-scripts\" data-secret=\"Mn9KI7MD3F\" data-mce-fragment=\"1\"><\/iframe><\/p>\n<p><iframe loading=\"lazy\" class=\"wp-embedded-content\" title=\"\u00abEstudiantes de San Luis de Palenque y Trinidad celebran llegada de m\u00e1s de 3.000 tablets, entregadas por Gobernaci\u00f3n de Casanare\u00bb \u2014 \u25b7 Noticias de Casanare : Martha Cifuentes | Casanare\" src=\"https:\/\/marthacifuentes.com\/portada\/2024\/10\/19\/estudiantes-de-san-luis-de-palenque-y-trinidad-celebran-llegada-de-mas-de-3-000-tablets-entregadas-por-gobernacion-de-casanare\/embed\/#?secret=t3Ehy1yhef#?secret=N38eawzYrQ\" width=\"600\" height=\"649\" frameborder=\"0\" marginwidth=\"0\" marginheight=\"0\" scrolling=\"no\" sandbox=\"allow-scripts\" data-secret=\"N38eawzYrQ\" data-mce-fragment=\"1\"><\/iframe><\/p>\n<p><iframe loading=\"lazy\" class=\"wp-embedded-content\" title=\"\u00ab\u00bfPor atraco o sicariato? Pareja abaleada en comuna 2 de Yopal. La mujer muri\u00f3.\u00bb \u2014 \u25b7 Noticias de Casanare : Martha Cifuentes | Casanare\" src=\"https:\/\/marthacifuentes.com\/portada\/2024\/10\/19\/por-atraco-o-sicariato-pareja-abaleada-en-comuna-2-de-yopal-la-mujer-murio\/embed\/#?secret=qEyCrVpamw#?secret=VN3RbAi81g\" width=\"600\" height=\"600\" frameborder=\"0\" marginwidth=\"0\" marginheight=\"0\" scrolling=\"no\" sandbox=\"allow-scripts\" data-secret=\"VN3RbAi81g\" data-mce-fragment=\"1\"><\/iframe><\/p>\n<p><iframe loading=\"lazy\" class=\"wp-embedded-content\" title=\"\u00abSe conocen cifras reales de millonaria deuda de Capresoca con Cl\u00ednica Casanare tras denuncia penal de exgerente de la IPS contra diputado Heyder Silva.\u00a0\u00bb \u2014 \u25b7 Noticias de Casanare : Martha Cifuentes | Casanare\" src=\"https:\/\/marthacifuentes.com\/portada\/2024\/10\/17\/se-conocen-cifras-reales-de-millonaria-deuda-de-capresoca-con-clinica-casanare-tras-denuncia-penal-de-exgerente-de-la-ips-contra-diputado-heyder-silva\/embed\/#?secret=q4qN90SEno#?secret=4bygdqABxD\" width=\"600\" height=\"628\" frameborder=\"0\" marginwidth=\"0\" marginheight=\"0\" scrolling=\"no\" sandbox=\"allow-scripts\" data-secret=\"4bygdqABxD\" data-mce-fragment=\"1\"><\/iframe><\/p>\n<p><iframe loading=\"lazy\" class=\"wp-embedded-content\" title=\"\u00abZorro y Marco Tulio, ahora en la Comisi\u00f3n Rectora de Regal\u00edas. Su reto: planificar y distribuirlas equitativamente.\u00bb \u2014 \u25b7 Noticias de Casanare : Martha Cifuentes | Casanare\" src=\"https:\/\/marthacifuentes.com\/portada\/2024\/10\/16\/zorro-y-marco-tulio-ahora-en-la-comision-rectora-de-regalias-su-reto-planificar-y-distribuirlas-equitativamente\/embed\/#?secret=QcIhUSImy5#?secret=uno8r2b5E4\" width=\"600\" height=\"593\" frameborder=\"0\" marginwidth=\"0\" marginheight=\"0\" scrolling=\"no\" sandbox=\"allow-scripts\" data-secret=\"uno8r2b5E4\" data-mce-fragment=\"1\"><\/iframe><\/p>\n<p><iframe loading=\"lazy\" class=\"wp-embedded-content\" title=\"\u00abDesde ma\u00f1ana Festival de Teatro Guadalupe en Yopal. M\u00e1s de 200 artistas en escena.\u00bb \u2014 \u25b7 Noticias de Casanare : Martha Cifuentes | Casanare\" src=\"https:\/\/marthacifuentes.com\/portada\/2024\/10\/16\/desde-manana-festival-de-teatro-guadalupe-en-yopal-mas-de-200-artistas-en-escena\/embed\/#?secret=LM42nN9ghn#?secret=5kSijUa9EN\" width=\"600\" height=\"600\" frameborder=\"0\" marginwidth=\"0\" marginheight=\"0\" scrolling=\"no\" sandbox=\"allow-scripts\" data-secret=\"5kSijUa9EN\" data-mce-fragment=\"1\"><\/iframe><\/p>\n","protected":false},"excerpt":{"rendered":"<p>La transitabilidad entre los departamentos de Casanare y Boyac\u00e1 ser\u00e1 restablecida en la tercera semana de diciembre de 2024, seg\u00fan confirm\u00f3 el Instituto Nacional de V\u00edas (Inv\u00edas). El paso se habilitar\u00e1 para veh\u00edculos de hasta m\u00e1ximo 22 toneladas de peso. Los trabajos en el sector Chorro Blanco, espec\u00edficamente en el kil\u00f3metro 81 del corredor vial &hellip;<\/p>\n","protected":false},"author":2,"featured_media":34484,"comment_status":"open","ping_status":"open","sticky":false,"template":"","format":"standard","meta":{"om_disable_all_campaigns":false,"_exactmetrics_skip_tracking":false,"_exactmetrics_sitenote_active":false,"_exactmetrics_sitenote_note":"","_exactmetrics_sitenote_category":0,"_monsterinsights_skip_tracking":false,"_monsterinsights_sitenote_active":false,"_monsterinsights_sitenote_note":"","_monsterinsights_sitenote_category":0,"_uf_show_specific_survey":0,"_uf_disable_surveys":false,"_joinchat":[],"footnotes":""},"categories":[147,146,145],"tags":[11432,11357,11430,11433,1400,1421,11431],"class_list":["post-34483","post","type-post","status-publish","format-standard","has-post-thumbnail","hentry","category-actualidad","category-noticias","category-reportajes","tag-casanare-y-boyaca-via-antigua-del-cusiana-paso","tag-chorroblanco","tag-habilitacion-via-cusiana","tag-invias-chorroblanco-habilitacion-via","tag-noticias-casanare","tag-noticias-yopal","tag-sogamoso-y-aguazul"],"yoast_head":"<!-- This site is optimized with the Yoast SEO plugin v26.1 - https:\/\/yoast.com\/wordpress\/plugins\/seo\/ -->\n<title>En v\u00edsperas de Navidad, se prev\u00e9 paso en la v\u00eda entre Casanare y Boyac\u00e1 en el sector Chorro Blanco: Inv\u00edas - \u25b7 Noticias de Casanare : Martha Cifuentes | Casanare<\/title>\n<meta name=\"robots\" content=\"index, follow, max-snippet:-1, max-image-preview:large, max-video-preview:-1\" \/>\n<link rel=\"canonical\" href=\"https:\/\/marthacifuentes.com\/portada\/en-visperas-de-navidad-se-preve-paso-en-la-via-entre-casanare-y-boyaca-en-el-sector-chorro-blanco-invias\/\" \/>\n<meta property=\"og:locale\" content=\"es_ES\" \/>\n<meta property=\"og:type\" content=\"article\" \/>\n<meta property=\"og:title\" content=\"En v\u00edsperas de Navidad, se prev\u00e9 paso en la v\u00eda entre Casanare y Boyac\u00e1 en el sector Chorro Blanco: Inv\u00edas - \u25b7 Noticias de Casanare : Martha Cifuentes | Casanare\" \/>\n<meta property=\"og:description\" content=\"La transitabilidad entre los departamentos de Casanare y Boyac\u00e1 ser\u00e1 restablecida en la tercera semana de diciembre de 2024, seg\u00fan confirm\u00f3 el Instituto Nacional de V\u00edas (Inv\u00edas). El paso se habilitar\u00e1 para veh\u00edculos de hasta m\u00e1ximo 22 toneladas de peso. Los trabajos en el sector Chorro Blanco, espec\u00edficamente en el kil\u00f3metro 81 del corredor vial &hellip;\" \/>\n<meta property=\"og:url\" content=\"https:\/\/marthacifuentes.com\/portada\/en-visperas-de-navidad-se-preve-paso-en-la-via-entre-casanare-y-boyaca-en-el-sector-chorro-blanco-invias\/\" \/>\n<meta property=\"og:site_name\" content=\"\u25b7 Noticias de Casanare : Martha Cifuentes | Casanare\" \/>\n<meta property=\"article:published_time\" content=\"2024-12-06T16:00:55+00:00\" \/>\n<meta property=\"og:image\" content=\"https:\/\/marthacifuentes.com\/portada\/wp-content\/uploads\/2024\/12\/chorroblanco-via.jpg\" \/>\n\t<meta property=\"og:image:width\" content=\"1600\" \/>\n\t<meta property=\"og:image:height\" content=\"900\" \/>\n\t<meta property=\"og:image:type\" content=\"image\/jpeg\" \/>\n<meta name=\"author\" content=\"Martha Cifuentes\" \/>\n<meta name=\"twitter:card\" content=\"summary_large_image\" \/>\n<meta name=\"twitter:label1\" content=\"Escrito por\" \/>\n\t<meta name=\"twitter:data1\" content=\"Martha Cifuentes\" \/>\n\t<meta name=\"twitter:label2\" content=\"Tiempo de lectura\" \/>\n\t<meta name=\"twitter:data2\" content=\"2 minutos\" \/>\n<script type=\"application\/ld+json\" class=\"yoast-schema-graph\">{\"@context\":\"https:\/\/schema.org\",\"@graph\":[{\"@type\":\"WebPage\",\"@id\":\"https:\/\/marthacifuentes.com\/portada\/en-visperas-de-navidad-se-preve-paso-en-la-via-entre-casanare-y-boyaca-en-el-sector-chorro-blanco-invias\/\",\"url\":\"https:\/\/marthacifuentes.com\/portada\/en-visperas-de-navidad-se-preve-paso-en-la-via-entre-casanare-y-boyaca-en-el-sector-chorro-blanco-invias\/\",\"name\":\"En v\u00edsperas de Navidad, se prev\u00e9 paso en la v\u00eda entre Casanare y Boyac\u00e1 en el sector Chorro Blanco: Inv\u00edas - \u25b7 Noticias de Casanare : Martha Cifuentes | Casanare\",\"isPartOf\":{\"@id\":\"https:\/\/marthacifuentes.com\/portada\/#website\"},\"primaryImageOfPage\":{\"@id\":\"https:\/\/marthacifuentes.com\/portada\/en-visperas-de-navidad-se-preve-paso-en-la-via-entre-casanare-y-boyaca-en-el-sector-chorro-blanco-invias\/#primaryimage\"},\"image\":{\"@id\":\"https:\/\/marthacifuentes.com\/portada\/en-visperas-de-navidad-se-preve-paso-en-la-via-entre-casanare-y-boyaca-en-el-sector-chorro-blanco-invias\/#primaryimage\"},\"thumbnailUrl\":\"https:\/\/marthacifuentes.com\/portada\/wp-content\/uploads\/2024\/12\/chorroblanco-via.jpg\",\"datePublished\":\"2024-12-06T16:00:55+00:00\",\"author\":{\"@id\":\"https:\/\/marthacifuentes.com\/portada\/#\/schema\/person\/57f53174b991db5f90ff78d58502b714\"},\"breadcrumb\":{\"@id\":\"https:\/\/marthacifuentes.com\/portada\/en-visperas-de-navidad-se-preve-paso-en-la-via-entre-casanare-y-boyaca-en-el-sector-chorro-blanco-invias\/#breadcrumb\"},\"inLanguage\":\"es\",\"potentialAction\":[{\"@type\":\"ReadAction\",\"target\":[\"https:\/\/marthacifuentes.com\/portada\/en-visperas-de-navidad-se-preve-paso-en-la-via-entre-casanare-y-boyaca-en-el-sector-chorro-blanco-invias\/\"]}]},{\"@type\":\"ImageObject\",\"inLanguage\":\"es\",\"@id\":\"https:\/\/marthacifuentes.com\/portada\/en-visperas-de-navidad-se-preve-paso-en-la-via-entre-casanare-y-boyaca-en-el-sector-chorro-blanco-invias\/#primaryimage\",\"url\":\"https:\/\/marthacifuentes.com\/portada\/wp-content\/uploads\/2024\/12\/chorroblanco-via.jpg\",\"contentUrl\":\"https:\/\/marthacifuentes.com\/portada\/wp-content\/uploads\/2024\/12\/chorroblanco-via.jpg\",\"width\":1600,\"height\":900},{\"@type\":\"BreadcrumbList\",\"@id\":\"https:\/\/marthacifuentes.com\/portada\/en-visperas-de-navidad-se-preve-paso-en-la-via-entre-casanare-y-boyaca-en-el-sector-chorro-blanco-invias\/#breadcrumb\",\"itemListElement\":[{\"@type\":\"ListItem\",\"position\":1,\"name\":\"Portada\",\"item\":\"https:\/\/marthacifuentes.com\/portada\/\"},{\"@type\":\"ListItem\",\"position\":2,\"name\":\"En v\u00edsperas de Navidad, se prev\u00e9 paso en la v\u00eda entre Casanare y Boyac\u00e1 en el sector Chorro Blanco: Inv\u00edas\"}]},{\"@type\":\"WebSite\",\"@id\":\"https:\/\/marthacifuentes.com\/portada\/#website\",\"url\":\"https:\/\/marthacifuentes.com\/portada\/\",\"name\":\"\u25b7 Noticias de Casanare : Martha Cifuentes | Casanare\",\"description\":\"Noticias &amp; Contenidos\",\"potentialAction\":[{\"@type\":\"SearchAction\",\"target\":{\"@type\":\"EntryPoint\",\"urlTemplate\":\"https:\/\/marthacifuentes.com\/portada\/?s={search_term_string}\"},\"query-input\":{\"@type\":\"PropertyValueSpecification\",\"valueRequired\":true,\"valueName\":\"search_term_string\"}}],\"inLanguage\":\"es\"},{\"@type\":\"Person\",\"@id\":\"https:\/\/marthacifuentes.com\/portada\/#\/schema\/person\/57f53174b991db5f90ff78d58502b714\",\"name\":\"Martha Cifuentes\",\"image\":{\"@type\":\"ImageObject\",\"inLanguage\":\"es\",\"@id\":\"https:\/\/marthacifuentes.com\/portada\/#\/schema\/person\/image\/\",\"url\":\"http:\/\/marthacifuentes.com\/portada\/wp-content\/uploads\/2018\/06\/avatar_user_2_1528838701-96x96.jpg\",\"contentUrl\":\"http:\/\/marthacifuentes.com\/portada\/wp-content\/uploads\/2018\/06\/avatar_user_2_1528838701-96x96.jpg\",\"caption\":\"Martha Cifuentes\"},\"sameAs\":[\"http:\/\/www.marthacifuentes.com\"],\"url\":\"https:\/\/marthacifuentes.com\/portada\/author\/martha\/\"}]}<\/script>\n<!-- \/ Yoast SEO plugin. -->","yoast_head_json":{"title":"En v\u00edsperas de Navidad, se prev\u00e9 paso en la v\u00eda entre Casanare y Boyac\u00e1 en el sector Chorro Blanco: Inv\u00edas - \u25b7 Noticias de Casanare : Martha Cifuentes | Casanare","robots":{"index":"index","follow":"follow","max-snippet":"max-snippet:-1","max-image-preview":"max-image-preview:large","max-video-preview":"max-video-preview:-1"},"canonical":"https:\/\/marthacifuentes.com\/portada\/en-visperas-de-navidad-se-preve-paso-en-la-via-entre-casanare-y-boyaca-en-el-sector-chorro-blanco-invias\/","og_locale":"es_ES","og_type":"article","og_title":"En v\u00edsperas de Navidad, se prev\u00e9 paso en la v\u00eda entre Casanare y Boyac\u00e1 en el sector Chorro Blanco: Inv\u00edas - \u25b7 Noticias de Casanare : Martha Cifuentes | Casanare","og_description":"La transitabilidad entre los departamentos de Casanare y Boyac\u00e1 ser\u00e1 restablecida en la tercera semana de diciembre de 2024, seg\u00fan confirm\u00f3 el Instituto Nacional de V\u00edas (Inv\u00edas). El paso se habilitar\u00e1 para veh\u00edculos de hasta m\u00e1ximo 22 toneladas de peso. Los trabajos en el sector Chorro Blanco, espec\u00edficamente en el kil\u00f3metro 81 del corredor vial &hellip;","og_url":"https:\/\/marthacifuentes.com\/portada\/en-visperas-de-navidad-se-preve-paso-en-la-via-entre-casanare-y-boyaca-en-el-sector-chorro-blanco-invias\/","og_site_name":"\u25b7 Noticias de Casanare : Martha Cifuentes | Casanare","article_published_time":"2024-12-06T16:00:55+00:00","og_image":[{"width":1600,"height":900,"url":"https:\/\/marthacifuentes.com\/portada\/wp-content\/uploads\/2024\/12\/chorroblanco-via.jpg","type":"image\/jpeg"}],"author":"Martha Cifuentes","twitter_card":"summary_large_image","twitter_misc":{"Escrito por":"Martha Cifuentes","Tiempo de lectura":"2 minutos"},"schema":{"@context":"https:\/\/schema.org","@graph":[{"@type":"WebPage","@id":"https:\/\/marthacifuentes.com\/portada\/en-visperas-de-navidad-se-preve-paso-en-la-via-entre-casanare-y-boyaca-en-el-sector-chorro-blanco-invias\/","url":"https:\/\/marthacifuentes.com\/portada\/en-visperas-de-navidad-se-preve-paso-en-la-via-entre-casanare-y-boyaca-en-el-sector-chorro-blanco-invias\/","name":"En v\u00edsperas de Navidad, se prev\u00e9 paso en la v\u00eda entre Casanare y Boyac\u00e1 en el sector Chorro Blanco: Inv\u00edas - \u25b7 Noticias de Casanare : Martha Cifuentes | Casanare","isPartOf":{"@id":"https:\/\/marthacifuentes.com\/portada\/#website"},"primaryImageOfPage":{"@id":"https:\/\/marthacifuentes.com\/portada\/en-visperas-de-navidad-se-preve-paso-en-la-via-entre-casanare-y-boyaca-en-el-sector-chorro-blanco-invias\/#primaryimage"},"image":{"@id":"https:\/\/marthacifuentes.com\/portada\/en-visperas-de-navidad-se-preve-paso-en-la-via-entre-casanare-y-boyaca-en-el-sector-chorro-blanco-invias\/#primaryimage"},"thumbnailUrl":"https:\/\/marthacifuentes.com\/portada\/wp-content\/uploads\/2024\/12\/chorroblanco-via.jpg","datePublished":"2024-12-06T16:00:55+00:00","author":{"@id":"https:\/\/marthacifuentes.com\/portada\/#\/schema\/person\/57f53174b991db5f90ff78d58502b714"},"breadcrumb":{"@id":"https:\/\/marthacifuentes.com\/portada\/en-visperas-de-navidad-se-preve-paso-en-la-via-entre-casanare-y-boyaca-en-el-sector-chorro-blanco-invias\/#breadcrumb"},"inLanguage":"es","potentialAction":[{"@type":"ReadAction","target":["https:\/\/marthacifuentes.com\/portada\/en-visperas-de-navidad-se-preve-paso-en-la-via-entre-casanare-y-boyaca-en-el-sector-chorro-blanco-invias\/"]}]},{"@type":"ImageObject","inLanguage":"es","@id":"https:\/\/marthacifuentes.com\/portada\/en-visperas-de-navidad-se-preve-paso-en-la-via-entre-casanare-y-boyaca-en-el-sector-chorro-blanco-invias\/#primaryimage","url":"https:\/\/marthacifuentes.com\/portada\/wp-content\/uploads\/2024\/12\/chorroblanco-via.jpg","contentUrl":"https:\/\/marthacifuentes.com\/portada\/wp-content\/uploads\/2024\/12\/chorroblanco-via.jpg","width":1600,"height":900},{"@type":"BreadcrumbList","@id":"https:\/\/marthacifuentes.com\/portada\/en-visperas-de-navidad-se-preve-paso-en-la-via-entre-casanare-y-boyaca-en-el-sector-chorro-blanco-invias\/#breadcrumb","itemListElement":[{"@type":"ListItem","position":1,"name":"Portada","item":"https:\/\/marthacifuentes.com\/portada\/"},{"@type":"ListItem","position":2,"name":"En v\u00edsperas de Navidad, se prev\u00e9 paso en la v\u00eda entre Casanare y Boyac\u00e1 en el sector Chorro Blanco: Inv\u00edas"}]},{"@type":"WebSite","@id":"https:\/\/marthacifuentes.com\/portada\/#website","url":"https:\/\/marthacifuentes.com\/portada\/","name":"\u25b7 Noticias de Casanare : Martha Cifuentes | Casanare","description":"Noticias &amp; Contenidos","potentialAction":[{"@type":"SearchAction","target":{"@type":"EntryPoint","urlTemplate":"https:\/\/marthacifuentes.com\/portada\/?s={search_term_string}"},"query-input":{"@type":"PropertyValueSpecification","valueRequired":true,"valueName":"search_term_string"}}],"inLanguage":"es"},{"@type":"Person","@id":"https:\/\/marthacifuentes.com\/portada\/#\/schema\/person\/57f53174b991db5f90ff78d58502b714","name":"Martha Cifuentes","image":{"@type":"ImageObject","inLanguage":"es","@id":"https:\/\/marthacifuentes.com\/portada\/#\/schema\/person\/image\/","url":"http:\/\/marthacifuentes.com\/portada\/wp-content\/uploads\/2018\/06\/avatar_user_2_1528838701-96x96.jpg","contentUrl":"http:\/\/marthacifuentes.com\/portada\/wp-content\/uploads\/2018\/06\/avatar_user_2_1528838701-96x96.jpg","caption":"Martha Cifuentes"},"sameAs":["http:\/\/www.marthacifuentes.com"],"url":"https:\/\/marthacifuentes.com\/portada\/author\/martha\/"}]}},"_links":{"self":[{"href":"https:\/\/marthacifuentes.com\/portada\/wp-json\/wp\/v2\/posts\/34483","targetHints":{"allow":["GET"]}}],"collection":[{"href":"https:\/\/marthacifuentes.com\/portada\/wp-json\/wp\/v2\/posts"}],"about":[{"href":"https:\/\/marthacifuentes.com\/portada\/wp-json\/wp\/v2\/types\/post"}],"author":[{"embeddable":true,"href":"https:\/\/marthacifuentes.com\/portada\/wp-json\/wp\/v2\/users\/2"}],"replies":[{"embeddable":true,"href":"https:\/\/marthacifuentes.com\/portada\/wp-json\/wp\/v2\/comments?post=34483"}],"version-history":[{"count":1,"href":"https:\/\/marthacifuentes.com\/portada\/wp-json\/wp\/v2\/posts\/34483\/revisions"}],"predecessor-version":[{"id":34487,"href":"https:\/\/marthacifuentes.com\/portada\/wp-json\/wp\/v2\/posts\/34483\/revisions\/34487"}],"wp:featuredmedia":[{"embeddable":true,"href":"https:\/\/marthacifuentes.com\/portada\/wp-json\/wp\/v2\/media\/34484"}],"wp:attachment":[{"href":"https:\/\/marthacifuentes.com\/portada\/wp-json\/wp\/v2\/media?parent=34483"}],"wp:term":[{"taxonomy":"category","embeddable":true,"href":"https:\/\/marthacifuentes.com\/portada\/wp-json\/wp\/v2\/categories?post=34483"},{"taxonomy":"post_tag","embeddable":true,"href":"https:\/\/marthacifuentes.com\/portada\/wp-json\/wp\/v2\/tags?post=34483"}],"curies":[{"name":"wp","href":"https:\/\/api.w.org\/{rel}","templated":true}]}}