{"id":34498,"date":"2024-12-09T16:28:00","date_gmt":"2024-12-09T21:28:00","guid":{"rendered":"https:\/\/marthacifuentes.com\/portada\/?p=34498"},"modified":"2024-12-09T16:35:51","modified_gmt":"2024-12-09T21:35:51","slug":"corporinoquia-ya-tiene-directora-titular-carolina-marino-se-preve-demanda-de-la-eleccion","status":"publish","type":"post","link":"https:\/\/marthacifuentes.com\/portada\/corporinoquia-ya-tiene-directora-titular-carolina-marino-se-preve-demanda-de-la-eleccion\/","title":{"rendered":"Corporinoquia ya tiene directora titular: Carolina Mari\u00f1o. Se prev\u00e9 demanda de la elecci\u00f3n"},"content":{"rendered":"<p>Como lo hab\u00edamos anticipado el pasado 7 de octubre, la elegida para ocupar el cargo de directora de Corporinoquia fue la abogada especializada en gesti\u00f3n ambiental, Diana Carolina Mari\u00f1o Mondrag\u00f3n. Hoy, el Consejo Directivo realiz\u00f3 la elecci\u00f3n y pocas horas despu\u00e9s tom\u00f3 posesi\u00f3n del cargo.<\/p>\n<p>Con 15 votos a favor fue elegida la directora que culminar\u00e1 el periodo 2024-2027. Ella es oriunda del municipio de Man\u00ed y cuenta con una experiencia de m\u00e1s de 15 a\u00f1os en cargos administrativos y fiscales.<\/p>\n<p>&nbsp;<\/p>\n<h4><strong>Carolina Mari\u00f1o conoce muy bien la Corporinoquia. Trabaj\u00f3 en varios cargos.<\/strong><\/h4>\n<p>Mari\u00f1o Mondrag\u00f3n se hab\u00eda desempe\u00f1ado como secretaria general de la Corporaci\u00f3n durante la direcci\u00f3n de Martha Plazas. Ella era la llamada a ser directora encargada cuando se anul\u00f3 por primera vez la elecci\u00f3n de Doris Bernal C\u00e1rdenas, pero por maniobras pol\u00edticas no pudo acceder a ese cargo. Por lo cual demand\u00f3 por sus derechos.<\/p>\n<p>Entre su experiencia se encuentra el haber sido abogada sustanciadora en la Subdirecci\u00f3n de Control y Calidad Ambiental, en el a\u00f1o 2013 fue promovida a Jefa de la Oficina Asesora Jur\u00eddica y en el a\u00f1o 2014 fue nombrada Secretaria General de la Corporaci\u00f3n hasta 2019.<\/p>\n<p>&nbsp;<\/p>\n<h4><strong>Mari\u00f1o tambi\u00e9n trabaj\u00f3 en la Contralor\u00eda Departamental de Casanare<\/strong><\/h4>\n<p>Tras su salida de Corporinoquia, a comienzos del a\u00f1o 2020, Diana Carolina asumi\u00f3 el cargo de directora de Vigilancia Fiscal en la Contralor\u00eda Departamental de Casanare, durante los a\u00f1os 2020 y 2021. En esta posici\u00f3n, profundiz\u00f3 sus conocimientos en responsabilidad fiscal y control fiscal.<\/p>\n<p>Posteriormente, entre los a\u00f1os 2022 y finales del a\u00f1o 2023, se desempe\u00f1\u00f3 como Jefa de la Oficina de Control Interno Disciplinario en la Universidad Internacional del Tr\u00f3pico Americano (Unitr\u00f3pico), donde manej\u00f3 con eficacia temas disciplinarios.<\/p>\n<p>En el a\u00f1o 2024, continu\u00f3 su carrera como asesora jur\u00eddica en el sector privado, aplicando su amplia experiencia en la defensa legal y el cumplimiento normativo de empresas.<\/p>\n<p>&nbsp;<\/p>\n<h4><strong>Procuradur\u00eda recomend\u00f3 tramitar nuevas y antiguas recusaciones<\/strong><\/h4>\n<p>La procuradora 25 Judicial II Administrativa con funciones en la Delegada Ambiental, Minero Energ\u00e9tica y Agraria, Laura Marcela Olier Mart\u00ednez, recomend\u00f3 hoy 9 de diciembre, previo a la sesi\u00f3n del Consejo Directivo, que antes de votar la elecci\u00f3n se diera el tr\u00e1mite correspondiente a las recusaciones remitidas al Ministerio P\u00fablico el 5 de noviembre y las radicadas ante el Consejo Directivo el 25 de noviembre de 2024 y de igual manera las presentadas contra los anteriores miembros del Consejo Directivo (2023).<\/p>\n<p>Esto en raz\u00f3n de evitar una nueva declaratoria de nulidad del acto de elecci\u00f3n, como ha ocurrido las dos veces anteriores.<\/p>\n<p>En el mismo escrito de la Procuradur\u00eda cuando se hace el recuento se expresa que, en el art\u00edculo 14 del Acuerdo del 1 de septiembre de 2023 del Consejo Directivo de Corporinoquia, mediante el cual se adopt\u00f3 el procedimiento para la elecci\u00f3n del director de Corporinoquia, se otorg\u00f3 hasta el 24 de octubre de 2023 el plazo para presentar recusaciones. Se precis\u00f3 en el par\u00e1grafo 1 de este acuerdo que, las recusaciones que se alleguen con posterioridad ser\u00edan rechazadas por extemporaneidad.<\/p>\n<p>Esto ser\u00eda lo que tomaron en cuenta los consejeros para continuar con el proceso de elecci\u00f3n ordenado por la Secci\u00f3n Quinta del Consejo de Estado. Si se actu\u00f3 err\u00f3neamente estar\u00edamos frente a un nuevo proceso de demanda de nulidad electoral.\u00a0<img loading=\"lazy\" decoding=\"async\" class=\"size-large wp-image-34502 aligncenter\" src=\"https:\/\/marthacifuentes.com\/portada\/wp-content\/uploads\/2024\/12\/procuraduria-recomendacion-corporinoquia-1.png\" alt=\"\" width=\"393\" height=\"249\" srcset=\"https:\/\/marthacifuentes.com\/portada\/wp-content\/uploads\/2024\/12\/procuraduria-recomendacion-corporinoquia-1.png 393w, https:\/\/marthacifuentes.com\/portada\/wp-content\/uploads\/2024\/12\/procuraduria-recomendacion-corporinoquia-1-300x190.png 300w\" sizes=\"auto, (max-width: 393px) 100vw, 393px\" \/><\/p>\n<p><img loading=\"lazy\" decoding=\"async\" class=\"wp-image-34503 aligncenter\" src=\"https:\/\/marthacifuentes.com\/portada\/wp-content\/uploads\/2024\/12\/procuraduria-recomendacion-corporinoquia-2a.jpg\" alt=\"\" width=\"384\" height=\"219\" srcset=\"https:\/\/marthacifuentes.com\/portada\/wp-content\/uploads\/2024\/12\/procuraduria-recomendacion-corporinoquia-2a.jpg 571w, https:\/\/marthacifuentes.com\/portada\/wp-content\/uploads\/2024\/12\/procuraduria-recomendacion-corporinoquia-2a-300x171.jpg 300w\" sizes=\"auto, (max-width: 384px) 100vw, 384px\" \/><\/p>\n<h4><strong>R\u00e1pida posesi\u00f3n luego de tortuosa elecci\u00f3n<\/strong><\/h4>\n<p>Aunque los actos de hoy fueron fast track, no fue as\u00ed todo el largo procedimiento para elegir un director en propiedad:<\/p>\n<ul>\n<li>Elecci\u00f3n de Doris Bernal C\u00e1rdenas como directora de Corporinoquia en noviembre de 2023, luego de elecciones territoriales.<\/li>\n<li>La elecci\u00f3n fue demandada por varias personas, incluido el abogado Gonzalo Ramos, quien ya hab\u00eda logrado la anulaci\u00f3n de la primera elecci\u00f3n de Doris Bernal en 2019.<\/li>\n<li>El Consejo de Estado suspendi\u00f3 cautelarmente la elecci\u00f3n de la directora Bernal, en diciembre de 2023.<\/li>\n<li>A partir del 1 de enero, tom\u00f3 posesi\u00f3n una directora encargada.<\/li>\n<li>El Consejo de Estado anul\u00f3 la elecci\u00f3n de la directora en octubre 3 de 2024<\/li>\n<li>Se orden\u00f3 elegir al nuevo director, cumpliendo con los par\u00e1metros legales<\/li>\n<li>Se pidi\u00f3 aclaraci\u00f3n del fallo y esta fue negada.<\/li>\n<li>El fallo qued\u00f3 ejecutoriado.<\/li>\n<li>Se convoc\u00f3 al Consejo Directivo para continuar el proceso de elecci\u00f3n el 25 de noviembre.<\/li>\n<li>Hubo desistimiento de las recusaciones presentadas en 2023 porque el consejo directivo ya hab\u00eda cambiado de miembros.<\/li>\n<li>Se presentaron nuevas recusaciones el 25 de noviembre.<\/li>\n<li>Se interpusieron 5 acciones de tutela y en una de ellas un juzgado de Arauca impuso medida cautelar de suspensi\u00f3n de la elecci\u00f3n.<\/li>\n<li>Se levant\u00f3 la medida preventiva<\/li>\n<li>El Consejo Directivo se reuni\u00f3 el 5 de diciembre y program\u00f3 nueva sesi\u00f3n de elecci\u00f3n<\/li>\n<li>El 9 de diciembre sesion\u00f3 el Consejo Directivo y desestim\u00f3 nuevas recusaciones por extempor\u00e1neas.<\/li>\n<li>Se eligi\u00f3 a Carolina Mari\u00f1o como nueva directora de Corporinoquia.<\/li>\n<li>La nueva directora de Corporinoquia se posesion\u00f3.<\/li>\n<li>Se aventuran nuevas demandas de la elecci\u00f3n y as\u00ed&#8230;<\/li>\n<\/ul>\n<p>&nbsp;<\/p>\n<h4><strong>Representante de Cambio Radical en Casanare, contenta con la elecci\u00f3n<\/strong><\/h4>\n<p>La exsenadora del Centro Democr\u00e1tico y anunciada precandidata a la C\u00e1mara de Representantes por el partido Cambio Radical, Amanda Roc\u00edo Gonz\u00e1lez, se mostr\u00f3 muy complacida por la elecci\u00f3n de la directora de Corporinoquia Carolina Mari\u00f1o. La felicit\u00f3 y expres\u00f3 que era una gran noticia. Poste\u00f3 dos fotos donde las dos se ven muy cercanas.<\/p>\n<p><img loading=\"lazy\" decoding=\"async\" class=\"wp-image-34500 aligncenter\" src=\"https:\/\/marthacifuentes.com\/portada\/wp-content\/uploads\/2024\/12\/carolina-marino-amanda-rocio-gonzalez-576x1024.jpg\" alt=\"\" width=\"266\" height=\"473\" srcset=\"https:\/\/marthacifuentes.com\/portada\/wp-content\/uploads\/2024\/12\/carolina-marino-amanda-rocio-gonzalez-576x1024.jpg 576w, https:\/\/marthacifuentes.com\/portada\/wp-content\/uploads\/2024\/12\/carolina-marino-amanda-rocio-gonzalez-169x300.jpg 169w, https:\/\/marthacifuentes.com\/portada\/wp-content\/uploads\/2024\/12\/carolina-marino-amanda-rocio-gonzalez-768x1365.jpg 768w, https:\/\/marthacifuentes.com\/portada\/wp-content\/uploads\/2024\/12\/carolina-marino-amanda-rocio-gonzalez-864x1536.jpg 864w, https:\/\/marthacifuentes.com\/portada\/wp-content\/uploads\/2024\/12\/carolina-marino-amanda-rocio-gonzalez.jpg 1152w\" sizes=\"auto, (max-width: 266px) 100vw, 266px\" \/><\/p>\n<p><strong><a href=\"https:\/\/marthacifuentes.com\/portada\/wp-content\/uploads\/2024\/12\/8-Acuerdo-08-2024-Eleccion-DG-CORPORINOQUIA-9-dic.pdf\">Acuerdo 08-2024 Elecci\u00f3n DG CORPORINOQUIA 9-dic<\/a><\/strong><\/p>\n<h2>Otras Noticias&#8230;<\/h2>\n<blockquote class=\"wp-embedded-content\" data-secret=\"52K1OTkfyf\"><p><a href=\"https:\/\/marthacifuentes.com\/portada\/2024\/12\/09\/heli-cala-elaboro-un-plan-criminal-para-apoderarse-del-presupuesto-de-casanare-corte-suprema-de-justicia-sala-primera-instancia\/\">Hel\u00ed Cala elabor\u00f3 un plan criminal para apoderarse del presupuesto de Casanare: Corte Suprema de Justicia, Sala Primera Instancia<\/a><\/p><\/blockquote>\n<p><iframe loading=\"lazy\" class=\"wp-embedded-content\" sandbox=\"allow-scripts\" security=\"restricted\" style=\"position: absolute; clip: rect(1px, 1px, 1px, 1px);\" title=\"\u00abHel\u00ed Cala elabor\u00f3 un plan criminal para apoderarse del presupuesto de Casanare: Corte Suprema de Justicia, Sala Primera Instancia\u00bb \u2014 \u25b7 Noticias de Casanare : Martha Cifuentes | Casanare\" src=\"https:\/\/marthacifuentes.com\/portada\/2024\/12\/09\/heli-cala-elaboro-un-plan-criminal-para-apoderarse-del-presupuesto-de-casanare-corte-suprema-de-justicia-sala-primera-instancia\/embed\/#?secret=b8Y2Glqpad#?secret=52K1OTkfyf\" data-secret=\"52K1OTkfyf\" width=\"500\" height=\"282\" frameborder=\"0\" marginwidth=\"0\" marginheight=\"0\" scrolling=\"no\"><\/iframe><\/p>\n<p><iframe loading=\"lazy\" class=\"wp-embedded-content\" title=\"\u00abEn v\u00edsperas de Navidad, se prev\u00e9 paso en la v\u00eda entre Casanare y Boyac\u00e1 en el sector Chorro Blanco: Inv\u00edas\u00bb \u2014 \u25b7 Noticias de Casanare : Martha Cifuentes | Casanare\" src=\"https:\/\/marthacifuentes.com\/portada\/2024\/12\/06\/en-visperas-de-navidad-se-preve-paso-en-la-via-entre-casanare-y-boyaca-en-el-sector-chorro-blanco-invias\/embed\/#?secret=cbygqToTR4#?secret=EKFnDCcmRX\" width=\"600\" height=\"620\" frameborder=\"0\" marginwidth=\"0\" marginheight=\"0\" scrolling=\"no\" sandbox=\"allow-scripts\" data-secret=\"EKFnDCcmRX\" data-mce-fragment=\"1\"><\/iframe><\/p>\n<p><iframe loading=\"lazy\" class=\"wp-embedded-content\" title=\"\u00abCasanare recibir\u00e1 m\u00e1s de $9 mil millones para mejorar v\u00edas rurales en 9 municipios\u00bb \u2014 \u25b7 Noticias de Casanare : Martha Cifuentes | Casanare\" src=\"https:\/\/marthacifuentes.com\/portada\/2024\/12\/06\/casanare-recibira-mas-de-9-mil-millones-para-mejorar-vias-rurales-en-9-municipios\/embed\/#?secret=WT6f8PBJXd#?secret=CJdxlYgefh\" width=\"600\" height=\"590\" frameborder=\"0\" marginwidth=\"0\" marginheight=\"0\" scrolling=\"no\" sandbox=\"allow-scripts\" data-secret=\"CJdxlYgefh\" data-mce-fragment=\"1\"><\/iframe><\/p>\n<p><iframe loading=\"lazy\" class=\"wp-embedded-content\" title=\"\u00abCorporinoquia en la mira: Recusaciones y tutelas frenan elecci\u00f3n de su nuevo director\u00bb \u2014 \u25b7 Noticias de Casanare : Martha Cifuentes | Casanare\" src=\"https:\/\/marthacifuentes.com\/portada\/2024\/12\/03\/corporinoquia-en-la-mira-recusaciones-y-tutelas-frenan-eleccion-de-su-nuevo-director\/embed\/#?secret=Q65AeHNNvH#?secret=VKAe00NPRL\" width=\"600\" height=\"578\" frameborder=\"0\" marginwidth=\"0\" marginheight=\"0\" scrolling=\"no\" sandbox=\"allow-scripts\" data-secret=\"VKAe00NPRL\" data-mce-fragment=\"1\"><\/iframe><\/p>\n<p><iframe loading=\"lazy\" class=\"wp-embedded-content\" title=\"\u00abIncumplimiento de requisitos legales impide escrituraci\u00f3n de lotes en Alameda Martha Mojica.\u00bb \u2014 \u25b7 Noticias de Casanare : Martha Cifuentes | Casanare\" src=\"https:\/\/marthacifuentes.com\/portada\/2024\/12\/02\/incumplimiento-de-requisitos-legales-impide-escrituracion-de-lotes-en-alameda-martha-mojica\/embed\/#?secret=elErUiOf2s#?secret=fb1z2lZM2Z\" width=\"600\" height=\"620\" frameborder=\"0\" marginwidth=\"0\" marginheight=\"0\" scrolling=\"no\" sandbox=\"allow-scripts\" data-secret=\"fb1z2lZM2Z\" data-mce-fragment=\"1\"><\/iframe><\/p>\n<p><iframe loading=\"lazy\" class=\"wp-embedded-content\" title=\"\u00abNancy Padilla: Un nuevo rostro de la violencia machista que persiste\u00bb \u2014 \u25b7 Noticias de Casanare : Martha Cifuentes | Casanare\" src=\"https:\/\/marthacifuentes.com\/portada\/2024\/12\/02\/nancy-padilla-un-nuevo-rostro-de-la-violencia-machista-que-persiste\/embed\/#?secret=tFKaI8pgBn#?secret=C3Qq1zZc3R\" width=\"600\" height=\"308\" frameborder=\"0\" marginwidth=\"0\" marginheight=\"0\" scrolling=\"no\" sandbox=\"allow-scripts\" data-secret=\"C3Qq1zZc3R\" data-mce-fragment=\"1\"><\/iframe><\/p>\n<p><iframe loading=\"lazy\" class=\"wp-embedded-content\" title=\"\u00abHaz el cambio, \u00a1y tu bolsillo te lo agradecer\u00e1! Gu\u00eda para adoptar tecnolog\u00edas sostenibles y accesibles\u00bb \u2014 \u25b7 Noticias de Casanare : Martha Cifuentes | Casanare\" src=\"https:\/\/marthacifuentes.com\/portada\/2024\/11\/29\/haz-el-cambio-y-tu-bolsillo-te-lo-agradecera-guia-para-adoptar-tecnologias-sostenibles-y-accesibles\/embed\/#?secret=3wJ6ABwXHr#?secret=3S7p2Wkcx0\" width=\"600\" height=\"621\" frameborder=\"0\" marginwidth=\"0\" marginheight=\"0\" scrolling=\"no\" sandbox=\"allow-scripts\" data-secret=\"3S7p2Wkcx0\" data-mce-fragment=\"1\"><\/iframe><\/p>\n<p><iframe loading=\"lazy\" class=\"wp-embedded-content\" title=\"\u00abPor las 2.553 v\u00edctimas: Casanare crea la Mesa Departamental para la atenci\u00f3n a desaparecidos\u00bb \u2014 \u25b7 Noticias de Casanare : Martha Cifuentes | Casanare\" src=\"https:\/\/marthacifuentes.com\/portada\/2024\/11\/28\/por-las-2-553-victimas-casanare-crea-la-mesa-departamental-para-la-atencion-a-desaparecidos\/embed\/#?secret=SdpXd7UXyd#?secret=wKQP4GjCqZ\" width=\"600\" height=\"537\" frameborder=\"0\" marginwidth=\"0\" marginheight=\"0\" scrolling=\"no\" sandbox=\"allow-scripts\" data-secret=\"wKQP4GjCqZ\" data-mce-fragment=\"1\"><\/iframe><\/p>\n<p><iframe loading=\"lazy\" class=\"wp-embedded-content\" title=\"\u00abLida Rojas: El crimen que desnuda el control del ELN y disidencias de las Farc en Aguazul\u00bb \u2014 \u25b7 Noticias de Casanare : Martha Cifuentes | Casanare\" src=\"https:\/\/marthacifuentes.com\/portada\/2024\/11\/27\/lida-rojas-el-crimen-que-desnuda-el-control-del-eln-y-disidencias-de-las-farc-en-aguazul\/embed\/#?secret=1m5yCZwADK#?secret=a20doPqPPW\" width=\"600\" height=\"600\" frameborder=\"0\" marginwidth=\"0\" marginheight=\"0\" scrolling=\"no\" sandbox=\"allow-scripts\" data-secret=\"a20doPqPPW\" data-mce-fragment=\"1\"><\/iframe><\/p>\n<p><a href=\"https:\/\/marthacifuentes.com\/especialviolenciamujer\/\"><img decoding=\"async\" src=\"https:\/\/marthacifuentes.com\/portada\/wp-content\/uploads\/2024\/11\/intro-1.jpg\" \/><\/a><\/p>\n<p><iframe loading=\"lazy\" class=\"wp-embedded-content\" title=\"\u00abConsejo Directivo de Corporinoquia ya fij\u00f3 fecha de elecci\u00f3n de director de Corporinoquia. Lenin Bustos cuestion\u00f3 decisiones.\u00bb \u2014 \u25b7 Noticias de Casanare : Martha Cifuentes | Casanare\" src=\"https:\/\/marthacifuentes.com\/portada\/2024\/11\/26\/consejo-directivo-de-corporinoquia-ya-fijo-fecha-de-eleccion-de-director-de-corporinoquia-lenin-bustos-cuestiono-decisiones\/embed\/#?secret=iFNp9pEfCo#?secret=h6DOIYGDRj\" width=\"600\" height=\"649\" frameborder=\"0\" marginwidth=\"0\" marginheight=\"0\" scrolling=\"no\" sandbox=\"allow-scripts\" data-secret=\"h6DOIYGDRj\" data-mce-fragment=\"1\"><\/iframe><\/p>\n<p><iframe loading=\"lazy\" class=\"wp-embedded-content\" title=\"\u00abYa viene la elecci\u00f3n de director(a) de Corporinoquia. 25 de noviembre convocado Consejo Directivo.\u00bb \u2014 \u25b7 Noticias de Casanare : Martha Cifuentes | Casanare\" src=\"https:\/\/marthacifuentes.com\/portada\/2024\/11\/22\/ya-viene-la-eleccion-de-directora-de-corporinoquia-25-de-noviembre-convocado-consejo-directivo\/embed\/#?secret=WIZEqpPbmY#?secret=EHam0JCmRI\" width=\"600\" height=\"585\" frameborder=\"0\" marginwidth=\"0\" marginheight=\"0\" scrolling=\"no\" sandbox=\"allow-scripts\" data-secret=\"EHam0JCmRI\" data-mce-fragment=\"1\"><\/iframe><\/p>\n<p><iframe loading=\"lazy\" class=\"wp-embedded-content\" title=\"\u00abCasanare Palpita: Cultura, arte y gastronom\u00eda llanera,\u00a0del 20 al 24 de noviembre en Casanare.\u00bb \u2014 \u25b7 Noticias de Casanare : Martha Cifuentes | Casanare\" src=\"https:\/\/marthacifuentes.com\/portada\/2024\/11\/20\/casanare-palpita-cultura-arte-y-gastronomia-llanera-del-20-al-24-de-noviembre-en-casanare\/embed\/#?secret=ZxluL6FvPy#?secret=g3iti2URnM\" width=\"600\" height=\"579\" frameborder=\"0\" marginwidth=\"0\" marginheight=\"0\" scrolling=\"no\" sandbox=\"allow-scripts\" data-secret=\"g3iti2URnM\" data-mce-fragment=\"1\"><\/iframe><\/p>\n<p><iframe loading=\"lazy\" class=\"wp-embedded-content\" title=\"\u00abEaaay: tras cuestionada intervenci\u00f3n, se nombra nueva interventora. Fue liquidadora de Electricaribe.\u00bb \u2014 \u25b7 Noticias de Casanare : Martha Cifuentes | Casanare\" src=\"https:\/\/marthacifuentes.com\/portada\/2024\/11\/20\/eaaay-tras-cuestionada-intervencion-se-nombra-nueva-interventora-fue-liquidadora-de-electricaribe\/embed\/#?secret=Ua3FLbHJOK#?secret=lSmpQX1tHz\" width=\"600\" height=\"613\" frameborder=\"0\" marginwidth=\"0\" marginheight=\"0\" scrolling=\"no\" sandbox=\"allow-scripts\" data-secret=\"lSmpQX1tHz\" data-mce-fragment=\"1\"><\/iframe><\/p>\n<p><iframe loading=\"lazy\" class=\"wp-embedded-content\" title=\"\u00abAmarrada y con una almohada fue asfixiada Jeniffer Velandia. Hubo una testigo.\u00bb \u2014 \u25b7 Noticias de Casanare : Martha Cifuentes | Casanare\" src=\"https:\/\/marthacifuentes.com\/portada\/2024\/11\/13\/amarrada-y-con-una-almohada-fue-asfixiada-jeniffer-velandia-hubo-una-testigo\/embed\/#?secret=FAmtKASfLy#?secret=FBcw1vymUF\" width=\"600\" height=\"617\" frameborder=\"0\" marginwidth=\"0\" marginheight=\"0\" scrolling=\"no\" sandbox=\"allow-scripts\" data-secret=\"FBcw1vymUF\" data-mce-fragment=\"1\"><\/iframe><\/p>\n<p><iframe loading=\"lazy\" class=\"wp-embedded-content\" title=\"\u00abExparamilitares de Casanare, alias \u00abmart\u00edn llanos\u00bb y alias \u00abTripas\u00bb, ahora gestores de paz\u00bb \u2014 \u25b7 Noticias de Casanare : Martha Cifuentes | Casanare\" src=\"https:\/\/marthacifuentes.com\/portada\/2024\/11\/13\/exparamilitares-de-casanare-alias-martin-llanos-y-alias-tripas-ahora-gestores-de-paz\/embed\/#?secret=5zNivMKElr#?secret=raCwabjR3r\" width=\"600\" height=\"621\" frameborder=\"0\" marginwidth=\"0\" marginheight=\"0\" scrolling=\"no\" sandbox=\"allow-scripts\" data-secret=\"raCwabjR3r\" data-mce-fragment=\"1\"><\/iframe><\/p>\n<p><iframe loading=\"lazy\" class=\"wp-embedded-content\" title=\"\u00abSospechoso de feminicidio de Jeniffer Velandia en Yopal, viv\u00eda en la casa donde fue hallada muerta. Ten\u00eda su celular.\u00bb \u2014 \u25b7 Noticias de Casanare : Martha Cifuentes | Casanare\" src=\"https:\/\/marthacifuentes.com\/portada\/2024\/11\/12\/sospechoso-de-feminicidio-de-jeniffer-velandia-en-yopal-vivia-en-la-casa-donde-fue-hallada-muerta-tenia-su-celular\/embed\/#?secret=K2JGuRa0W0#?secret=XnefF37GsM\" width=\"600\" height=\"649\" frameborder=\"0\" marginwidth=\"0\" marginheight=\"0\" scrolling=\"no\" sandbox=\"allow-scripts\" data-secret=\"XnefF37GsM\" data-mce-fragment=\"1\"><\/iframe><\/p>\n<p><iframe loading=\"lazy\" class=\"wp-embedded-content\" title=\"\u00abFeminicidas de Jennifer Velandia en Yopal, estar\u00edan por ser capturados. Autoridades est\u00e1n tras su rastro.\u00bb \u2014 \u25b7 Noticias de Casanare : Martha Cifuentes | Casanare\" src=\"https:\/\/marthacifuentes.com\/portada\/2024\/11\/10\/feminicidas-de-jennifer-velandia-en-yopal-estarian-por-ser-capturados-autoridades-estan-tras-su-rastro\/embed\/#?secret=9UkGeBYG3E#?secret=scWVqsAeKL\" width=\"600\" height=\"600\" frameborder=\"0\" marginwidth=\"0\" marginheight=\"0\" scrolling=\"no\" sandbox=\"allow-scripts\" data-secret=\"scWVqsAeKL\" data-mce-fragment=\"1\"><\/iframe><\/p>\n<p><iframe loading=\"lazy\" class=\"wp-embedded-content\" title=\"\u00ab\u00bfGallina en Pajarito para A\u00f1o Nuevo? Inv\u00edas promete habilitar v\u00eda alterna para el 31 de diciembre\u00bb \u2014 \u25b7 Noticias de Casanare : Martha Cifuentes | Casanare\" src=\"https:\/\/marthacifuentes.com\/portada\/2024\/11\/07\/gallina-en-pajarito-para-ano-nuevo-invias-promete-habilitar-via-alterna-para-el-31-de-diciembre\/embed\/#?secret=isPBleHRhA#?secret=3szgdFAL8D\" width=\"600\" height=\"612\" frameborder=\"0\" marginwidth=\"0\" marginheight=\"0\" scrolling=\"no\" sandbox=\"allow-scripts\" data-secret=\"3szgdFAL8D\" data-mce-fragment=\"1\"><\/iframe><\/p>\n<p><iframe loading=\"lazy\" class=\"wp-embedded-content\" title=\"\u00abHoy, en foro petrolero en Yopal, se analizar\u00e1n mecanismos para solucionar conflictividad social y empresarial\u00bb \u2014 \u25b7 Noticias de Casanare : Martha Cifuentes | Casanare\" src=\"https:\/\/marthacifuentes.com\/portada\/2024\/11\/07\/hoy-en-foro-petrolero-en-yopal-se-analizaran-mecanismos-para-solucionar-conflictividad-social-y-empresarial\/embed\/#?secret=5gwLvOE0Af#?secret=FykaLSZz6o\" width=\"600\" height=\"620\" frameborder=\"0\" marginwidth=\"0\" marginheight=\"0\" scrolling=\"no\" sandbox=\"allow-scripts\" data-secret=\"FykaLSZz6o\" data-mce-fragment=\"1\"><\/iframe><\/p>\n<p><iframe loading=\"lazy\" class=\"wp-embedded-content\" title=\"\u00abVillanueva da los primeros acordes hacia una banda sinf\u00f3nica. Geopark don\u00f3 instrumentos musicales.\u00bb \u2014 \u25b7 Noticias de Casanare : Martha Cifuentes | Casanare\" src=\"https:\/\/marthacifuentes.com\/portada\/2024\/11\/06\/villanueva-da-los-primeros-acordes-hacia-una-banda-sinfonica-geopark-dono-instrumentos-musicales\/embed\/#?secret=LYrgEEpNC8#?secret=3LHImWJrt5\" width=\"600\" height=\"619\" frameborder=\"0\" marginwidth=\"0\" marginheight=\"0\" scrolling=\"no\" sandbox=\"allow-scripts\" data-secret=\"3LHImWJrt5\" data-mce-fragment=\"1\"><\/iframe><\/p>\n<p><iframe loading=\"lazy\" class=\"wp-embedded-content\" title=\"\u00abFeminicidio en Man\u00ed, la inacci\u00f3n del sistema, que cost\u00f3 una vida, causa m\u00e1s dolor en la familia\u00bb \u2014 \u25b7 Noticias de Casanare : Martha Cifuentes | Casanare\" src=\"https:\/\/marthacifuentes.com\/portada\/2024\/11\/06\/feminicidio-en-mani-la-inaccion-del-sistema-que-costo-una-vida-causa-mas-dolor-en-la-familia\/embed\/#?secret=XUp6cBiG61#?secret=AglhlgSqiu\" width=\"600\" height=\"600\" frameborder=\"0\" marginwidth=\"0\" marginheight=\"0\" scrolling=\"no\" sandbox=\"allow-scripts\" data-secret=\"AglhlgSqiu\" data-mce-fragment=\"1\"><\/iframe><\/p>\n<p><iframe loading=\"lazy\" class=\"wp-embedded-content\" title=\"\u00abConductor de camioneta f\u00fanebre muere en siniestro vial mientras transportaba a v\u00edctima de feminicidio de Man\u00ed\u00bb \u2014 \u25b7 Noticias de Casanare : Martha Cifuentes | Casanare\" src=\"https:\/\/marthacifuentes.com\/portada\/2024\/11\/06\/conductor-de-camioneta-funebre-muere-en-siniestro-vial-mientras-transportaba-a-victima-de-feminicidio-de-mani\/embed\/#?secret=a8YZ2oWaez#?secret=5wceTxh5Zw\" width=\"600\" height=\"649\" frameborder=\"0\" marginwidth=\"0\" marginheight=\"0\" scrolling=\"no\" sandbox=\"allow-scripts\" data-secret=\"5wceTxh5Zw\" data-mce-fragment=\"1\"><\/iframe><\/p>\n<p><iframe loading=\"lazy\" class=\"wp-embedded-content\" title=\"\u00abYopal tiene un respiro con la captura redomados delincuentes alias \u201cr\u00edo sucio\u201d, \u201ckevin\u201d y \u201clady\u201d\u00bb \u2014 \u25b7 Noticias de Casanare : Martha Cifuentes | Casanare\" src=\"https:\/\/marthacifuentes.com\/portada\/2024\/11\/01\/yopal-tiene-un-respiro-con-la-captura-redomados-delincuentes-alias-rio-sucio-kevin-y-lady\/embed\/#?secret=Yh8swyYfWJ#?secret=eUfjYmAtEn\" width=\"600\" height=\"600\" frameborder=\"0\" marginwidth=\"0\" marginheight=\"0\" scrolling=\"no\" sandbox=\"allow-scripts\" data-secret=\"eUfjYmAtEn\" data-mce-fragment=\"1\"><\/iframe><\/p>\n<p><iframe loading=\"lazy\" class=\"wp-embedded-content\" title=\"\u00abA la c\u00e1rcel presunto responsable de intentar asesinar a su pareja en Yopal\u00bb \u2014 \u25b7 Noticias de Casanare : Martha Cifuentes | Casanare\" src=\"https:\/\/marthacifuentes.com\/portada\/2024\/11\/01\/a-la-carcel-presunto-responsable-de-intentar-asesinar-a-su-pareja-en-yopal\/embed\/#?secret=ouVrXF3yxn#?secret=bJIDWQ7e4a\" width=\"600\" height=\"600\" frameborder=\"0\" marginwidth=\"0\" marginheight=\"0\" scrolling=\"no\" sandbox=\"allow-scripts\" data-secret=\"bJIDWQ7e4a\" data-mce-fragment=\"1\"><\/iframe><\/p>\n<p><iframe loading=\"lazy\" class=\"wp-embedded-content\" title=\"\u00abDetalles In\u00e9ditos de la JEP: \u00bfQu\u00e9 Saben Otoniel y otros testigos sobre pol\u00edticos de Casanare y el Bloque Centauros?\u00bb \u2014 \u25b7 Noticias de Casanare : Martha Cifuentes | Casanare\" src=\"https:\/\/marthacifuentes.com\/portada\/2024\/10\/25\/detalles-ineditos-de-la-jep-que-saben-otoniel-y-otros-testigos-sobre-politicos-de-casanare-y-el-bloque-centauros\/embed\/#?secret=3EeQv5DcQ1#?secret=HEhyvpWejj\" width=\"600\" height=\"649\" frameborder=\"0\" marginwidth=\"0\" marginheight=\"0\" scrolling=\"no\" sandbox=\"allow-scripts\" data-secret=\"HEhyvpWejj\" data-mce-fragment=\"1\"><\/iframe><\/p>\n<p><iframe loading=\"lazy\" class=\"wp-embedded-content\" title=\"\u00abCerca de $300 mil millones contrataron Ecopetrol y sus aliados con empresarios de Casanare, seg\u00fan la petrolera\u00bb \u2014 \u25b7 Noticias de Casanare : Martha Cifuentes | Casanare\" src=\"https:\/\/marthacifuentes.com\/portada\/2024\/10\/23\/cerca-de-300-mil-millones-contrataron-ecopetrol-y-sus-aliados-con-empresarios-de-casanare-segun-la-petrolera\/embed\/#?secret=fQoROVNatN#?secret=w469fbuYVo\" width=\"600\" height=\"649\" frameborder=\"0\" marginwidth=\"0\" marginheight=\"0\" scrolling=\"no\" sandbox=\"allow-scripts\" data-secret=\"w469fbuYVo\" data-mce-fragment=\"1\"><\/iframe><\/p>\n<p><iframe loading=\"lazy\" class=\"wp-embedded-content\" title=\"\u00abEdwin Barrera, exgerente de Ese Salud Yopal, vuelve al Horo, ahora como jefe de Planeaci\u00f3n.\u00bb \u2014 \u25b7 Noticias de Casanare : Martha Cifuentes | Casanare\" src=\"https:\/\/marthacifuentes.com\/portada\/2024\/10\/23\/edwin-barrera-exgerente-de-ese-salud-yopal-vuelve-al-horo-ahora-como-jefe-de-planeacion\/embed\/#?secret=iV0m5OmNNk#?secret=U5W8fRmQ0P\" width=\"600\" height=\"598\" frameborder=\"0\" marginwidth=\"0\" marginheight=\"0\" scrolling=\"no\" sandbox=\"allow-scripts\" data-secret=\"U5W8fRmQ0P\" data-mce-fragment=\"1\"><\/iframe><\/p>\n<p><iframe loading=\"lazy\" class=\"wp-embedded-content\" title=\"\u00abZorro rechaza recortes de regal\u00edas para Casanare. 100 mil millones menos para 2 pr\u00f3ximos a\u00f1os\u00bb \u2014 \u25b7 Noticias de Casanare : Martha Cifuentes | Casanare\" src=\"https:\/\/marthacifuentes.com\/portada\/2024\/10\/23\/zorro-rechaza-recortes-de-regalias-para-casanare-100-mil-millones-menos-para-2-proximos-anos\/embed\/#?secret=JjGue406oZ#?secret=kWkE2ZV66V\" width=\"600\" height=\"621\" frameborder=\"0\" marginwidth=\"0\" marginheight=\"0\" scrolling=\"no\" sandbox=\"allow-scripts\" data-secret=\"kWkE2ZV66V\" data-mce-fragment=\"1\"><\/iframe><\/p>\n<p><iframe loading=\"lazy\" class=\"wp-embedded-content\" title=\"\u00abExalcalde LEC, mal parado, por aceptar terreno emproblemado para fallido Terminal de Yopal\u00bb \u2014 \u25b7 Noticias de Casanare : Martha Cifuentes | Casanare\" src=\"https:\/\/marthacifuentes.com\/portada\/2024\/10\/22\/exalcalde-lec-mal-parado-por-aceptar-terreno-emproblemado-para-fallido-terminal-de-yopal\/embed\/#?secret=zsTlUGeI2E#?secret=OTIATGgoIh\" width=\"600\" height=\"621\" frameborder=\"0\" marginwidth=\"0\" marginheight=\"0\" scrolling=\"no\" sandbox=\"allow-scripts\" data-secret=\"OTIATGgoIh\" data-mce-fragment=\"1\"><\/iframe><\/p>\n<p><iframe loading=\"lazy\" class=\"wp-embedded-content\" title=\"\u00abPredio donde se construir\u00e1 Terminal de Transportes de Yopal termin\u00f3 siendo un \u201cnegociazo\u201d para un particular, aunque era del municipio.\u00bb \u2014 \u25b7 Noticias de Casanare : Martha Cifuentes | Casanare\" src=\"https:\/\/marthacifuentes.com\/portada\/2022\/10\/07\/predio-donde-se-construira-terminal-de-transportes-de-yopal-termino-siendo-un-negociazo-para-un-particular-aunque-era-del-municipio\/embed\/#?secret=8BVkgtrbER#?secret=qSiaz1CVXI\" width=\"600\" height=\"592\" frameborder=\"0\" marginwidth=\"0\" marginheight=\"0\" scrolling=\"no\" sandbox=\"allow-scripts\" data-secret=\"qSiaz1CVXI\" data-mce-fragment=\"1\"><\/iframe><\/p>\n<h2>Otras noticias\u2026<\/h2>\n<p><iframe loading=\"lazy\" class=\"wp-embedded-content\" title=\"\u00abPaciente con c\u00e1ncer en la sangre clama por medicamentos a Capresoca. Es de vida o muerte.\u00bb \u2014 \u25b7 Noticias de Casanare : Martha Cifuentes | Casanare\" src=\"https:\/\/marthacifuentes.com\/portada\/2024\/10\/22\/paciente-con-cancer-en-la-sangre-clama-por-medicamentos-a-capresoca-es-de-vida-o-muerte\/embed\/#?secret=HYNtCt6ZxK#?secret=cHhHl2JCMC\" width=\"600\" height=\"599\" frameborder=\"0\" marginwidth=\"0\" marginheight=\"0\" scrolling=\"no\" sandbox=\"allow-scripts\" data-secret=\"cHhHl2JCMC\" data-mce-fragment=\"1\"><\/iframe><\/p>\n<p><iframe loading=\"lazy\" class=\"wp-embedded-content\" title=\"\u00abJoven de Tauramena fue sicariado.\u00bb \u2014 \u25b7 Noticias de Casanare : Martha Cifuentes | Casanare\" src=\"https:\/\/marthacifuentes.com\/portada\/2024\/10\/22\/joven-de-tauramena-fue-sicariado\/embed\/#?secret=LABnTXm6Nl#?secret=M2astxTXp3\" width=\"600\" height=\"571\" frameborder=\"0\" marginwidth=\"0\" marginheight=\"0\" scrolling=\"no\" sandbox=\"allow-scripts\" data-secret=\"M2astxTXp3\" data-mce-fragment=\"1\"><\/iframe><\/p>\n<p><iframe loading=\"lazy\" class=\"wp-embedded-content\" title=\"\u00abGran acogida del p\u00fablico en la 3ra versi\u00f3n del Festival de teatro Guadalupe\u00bb \u2014 \u25b7 Noticias de Casanare : Martha Cifuentes | Casanare\" src=\"https:\/\/marthacifuentes.com\/portada\/2024\/10\/21\/gran-acogida-del-publico-en-la-3ra-version-del-festival-de-teatro-guadalupe\/embed\/#?secret=gzkWJoF8ym#?secret=PQdHX4wNw0\" width=\"600\" height=\"600\" frameborder=\"0\" marginwidth=\"0\" marginheight=\"0\" scrolling=\"no\" sandbox=\"allow-scripts\" data-secret=\"PQdHX4wNw0\" data-mce-fragment=\"1\"><\/iframe><\/p>\n<p><iframe loading=\"lazy\" class=\"wp-embedded-content\" title=\"\u00abABC para que no lo tumben urbanizadores ilegales en Yopal\u00bb \u2014 \u25b7 Noticias de Casanare : Martha Cifuentes | Casanare\" src=\"https:\/\/marthacifuentes.com\/portada\/2024\/10\/21\/abc-para-que-no-lo-tumben-urbanizadores-ilegales-en-yopal\/embed\/#?secret=gr0zTA8Amy#?secret=lgGPbW0YEZ\" width=\"600\" height=\"619\" frameborder=\"0\" marginwidth=\"0\" marginheight=\"0\" scrolling=\"no\" sandbox=\"allow-scripts\" data-secret=\"lgGPbW0YEZ\" data-mce-fragment=\"1\"><\/iframe><\/p>\n<p><iframe loading=\"lazy\" class=\"wp-embedded-content\" title=\"\u00abIntento o consumaci\u00f3n de abuso sexual de ni\u00f1a de 2 a\u00f1os caus\u00f3 asonada en Barranca de Up\u00eda\u00bb \u2014 \u25b7 Noticias de Casanare : Martha Cifuentes | Casanare\" src=\"https:\/\/marthacifuentes.com\/portada\/2024\/10\/21\/intento-o-consumacion-de-abuso-sexual-de-nina-de-2-anos-causo-asonada-en-barranca-de-upia\/embed\/#?secret=V3CgrwMVUB#?secret=KuGLUvinqC\" width=\"600\" height=\"600\" frameborder=\"0\" marginwidth=\"0\" marginheight=\"0\" scrolling=\"no\" sandbox=\"allow-scripts\" data-secret=\"KuGLUvinqC\" data-mce-fragment=\"1\"><\/iframe><\/p>\n<p><iframe loading=\"lazy\" class=\"wp-embedded-content\" title=\"\u00abParte de obras faltantes de la PTAP Yopal, ser\u00e1n construidas por Gobernaci\u00f3n de Casanare\u00bb \u2014 \u25b7 Noticias de Casanare : Martha Cifuentes | Casanare\" src=\"https:\/\/marthacifuentes.com\/portada\/2024\/10\/19\/parte-de-obras-faltantes-de-la-ptap-yopal-seran-construidas-por-gobernacion-de-casanare\/embed\/#?secret=7YH3OkYgDw#?secret=G9RuvJ80RQ\" width=\"600\" height=\"599\" frameborder=\"0\" marginwidth=\"0\" marginheight=\"0\" scrolling=\"no\" sandbox=\"allow-scripts\" data-secret=\"G9RuvJ80RQ\" data-mce-fragment=\"1\"><\/iframe><\/p>\n<p><iframe loading=\"lazy\" class=\"wp-embedded-content\" title=\"\u00abCapturado alias Kiliam, presunto cabecilla de disidencias de las Farc, frente 28 en Casanare\u00bb \u2014 \u25b7 Noticias de Casanare : Martha Cifuentes | Casanare\" src=\"https:\/\/marthacifuentes.com\/portada\/2024\/10\/19\/capturado-alias-kiliam-presunto-cabecilla-de-disidencias-de-las-farc-frente-28-en-casanare\/embed\/#?secret=uNkPVtTTlx#?secret=Mn9KI7MD3F\" width=\"600\" height=\"618\" frameborder=\"0\" marginwidth=\"0\" marginheight=\"0\" scrolling=\"no\" sandbox=\"allow-scripts\" data-secret=\"Mn9KI7MD3F\" data-mce-fragment=\"1\"><\/iframe><\/p>\n<p><iframe loading=\"lazy\" class=\"wp-embedded-content\" title=\"\u00abEstudiantes de San Luis de Palenque y Trinidad celebran llegada de m\u00e1s de 3.000 tablets, entregadas por Gobernaci\u00f3n de Casanare\u00bb \u2014 \u25b7 Noticias de Casanare : Martha Cifuentes | Casanare\" src=\"https:\/\/marthacifuentes.com\/portada\/2024\/10\/19\/estudiantes-de-san-luis-de-palenque-y-trinidad-celebran-llegada-de-mas-de-3-000-tablets-entregadas-por-gobernacion-de-casanare\/embed\/#?secret=t3Ehy1yhef#?secret=N38eawzYrQ\" width=\"600\" height=\"649\" frameborder=\"0\" marginwidth=\"0\" marginheight=\"0\" scrolling=\"no\" sandbox=\"allow-scripts\" data-secret=\"N38eawzYrQ\" data-mce-fragment=\"1\"><\/iframe><\/p>\n<p><iframe loading=\"lazy\" class=\"wp-embedded-content\" title=\"\u00ab\u00bfPor atraco o sicariato? Pareja abaleada en comuna 2 de Yopal. La mujer muri\u00f3.\u00bb \u2014 \u25b7 Noticias de Casanare : Martha Cifuentes | Casanare\" src=\"https:\/\/marthacifuentes.com\/portada\/2024\/10\/19\/por-atraco-o-sicariato-pareja-abaleada-en-comuna-2-de-yopal-la-mujer-murio\/embed\/#?secret=qEyCrVpamw#?secret=VN3RbAi81g\" width=\"600\" height=\"600\" frameborder=\"0\" marginwidth=\"0\" marginheight=\"0\" scrolling=\"no\" sandbox=\"allow-scripts\" data-secret=\"VN3RbAi81g\" data-mce-fragment=\"1\"><\/iframe><\/p>\n<p><iframe loading=\"lazy\" class=\"wp-embedded-content\" title=\"\u00abSe conocen cifras reales de millonaria deuda de Capresoca con Cl\u00ednica Casanare tras denuncia penal de exgerente de la IPS contra diputado Heyder Silva.\u00a0\u00bb \u2014 \u25b7 Noticias de Casanare : Martha Cifuentes | Casanare\" src=\"https:\/\/marthacifuentes.com\/portada\/2024\/10\/17\/se-conocen-cifras-reales-de-millonaria-deuda-de-capresoca-con-clinica-casanare-tras-denuncia-penal-de-exgerente-de-la-ips-contra-diputado-heyder-silva\/embed\/#?secret=q4qN90SEno#?secret=4bygdqABxD\" width=\"600\" height=\"628\" frameborder=\"0\" marginwidth=\"0\" marginheight=\"0\" scrolling=\"no\" sandbox=\"allow-scripts\" data-secret=\"4bygdqABxD\" data-mce-fragment=\"1\"><\/iframe><\/p>\n<p><iframe loading=\"lazy\" class=\"wp-embedded-content\" title=\"\u00abZorro y Marco Tulio, ahora en la Comisi\u00f3n Rectora de Regal\u00edas. Su reto: planificar y distribuirlas equitativamente.\u00bb \u2014 \u25b7 Noticias de Casanare : Martha Cifuentes | Casanare\" src=\"https:\/\/marthacifuentes.com\/portada\/2024\/10\/16\/zorro-y-marco-tulio-ahora-en-la-comision-rectora-de-regalias-su-reto-planificar-y-distribuirlas-equitativamente\/embed\/#?secret=QcIhUSImy5#?secret=uno8r2b5E4\" width=\"600\" height=\"593\" frameborder=\"0\" marginwidth=\"0\" marginheight=\"0\" scrolling=\"no\" sandbox=\"allow-scripts\" data-secret=\"uno8r2b5E4\" data-mce-fragment=\"1\"><\/iframe><\/p>\n","protected":false},"excerpt":{"rendered":"<p>Como lo hab\u00edamos anticipado el pasado 7 de octubre, la elegida para ocupar el cargo de directora de Corporinoquia fue la abogada especializada en gesti\u00f3n ambiental, Diana Carolina Mari\u00f1o Mondrag\u00f3n. Hoy, el Consejo Directivo realiz\u00f3 la elecci\u00f3n y pocas horas despu\u00e9s tom\u00f3 posesi\u00f3n del cargo. Con 15 votos a favor fue elegida la directora que &hellip;<\/p>\n","protected":false},"author":2,"featured_media":34508,"comment_status":"open","ping_status":"open","sticky":false,"template":"","format":"standard","meta":{"om_disable_all_campaigns":false,"_exactmetrics_skip_tracking":false,"_exactmetrics_sitenote_active":false,"_exactmetrics_sitenote_note":"","_exactmetrics_sitenote_category":0,"_monsterinsights_skip_tracking":false,"_monsterinsights_sitenote_active":false,"_monsterinsights_sitenote_note":"","_monsterinsights_sitenote_category":0,"_uf_show_specific_survey":0,"_uf_disable_surveys":false,"_joinchat":[],"footnotes":""},"categories":[147,146,145],"tags":[497,530,11441,1285,5998,818,11442,11440,498],"class_list":["post-34498","post","type-post","status-publish","format-standard","has-post-thumbnail","hentry","category-actualidad","category-noticias","category-reportajes","tag-arauca","tag-boyaca","tag-carolina-marino-nueva-directora-de-corporinoquia-2024-2027","tag-cesar-ortiz-zorro","tag-consejo-directivo-corporinoquia","tag-corporinoquia","tag-doris-bernal-sanchez","tag-elecccion-directora-corporinoquia","tag-vichada"],"yoast_head":"<!-- This site is optimized with the Yoast SEO plugin v26.1 - https:\/\/yoast.com\/wordpress\/plugins\/seo\/ -->\n<title>Corporinoquia ya tiene directora titular: Carolina Mari\u00f1o. Se prev\u00e9 demanda de la elecci\u00f3n - \u25b7 Noticias de Casanare : Martha Cifuentes | Casanare<\/title>\n<meta name=\"robots\" content=\"index, follow, max-snippet:-1, max-image-preview:large, max-video-preview:-1\" \/>\n<link rel=\"canonical\" href=\"https:\/\/marthacifuentes.com\/portada\/corporinoquia-ya-tiene-directora-titular-carolina-marino-se-preve-demanda-de-la-eleccion\/\" \/>\n<meta property=\"og:locale\" content=\"es_ES\" \/>\n<meta property=\"og:type\" content=\"article\" \/>\n<meta property=\"og:title\" content=\"Corporinoquia ya tiene directora titular: Carolina Mari\u00f1o. Se prev\u00e9 demanda de la elecci\u00f3n - \u25b7 Noticias de Casanare : Martha Cifuentes | Casanare\" \/>\n<meta property=\"og:description\" content=\"Como lo hab\u00edamos anticipado el pasado 7 de octubre, la elegida para ocupar el cargo de directora de Corporinoquia fue la abogada especializada en gesti\u00f3n ambiental, Diana Carolina Mari\u00f1o Mondrag\u00f3n. Hoy, el Consejo Directivo realiz\u00f3 la elecci\u00f3n y pocas horas despu\u00e9s tom\u00f3 posesi\u00f3n del cargo. Con 15 votos a favor fue elegida la directora que &hellip;\" \/>\n<meta property=\"og:url\" content=\"https:\/\/marthacifuentes.com\/portada\/corporinoquia-ya-tiene-directora-titular-carolina-marino-se-preve-demanda-de-la-eleccion\/\" \/>\n<meta property=\"og:site_name\" content=\"\u25b7 Noticias de Casanare : Martha Cifuentes | Casanare\" \/>\n<meta property=\"article:published_time\" content=\"2024-12-09T21:28:00+00:00\" \/>\n<meta property=\"article:modified_time\" content=\"2024-12-09T21:35:51+00:00\" \/>\n<meta property=\"og:image\" content=\"https:\/\/marthacifuentes.com\/portada\/wp-content\/uploads\/2024\/12\/CAROLINA-MARINO-POSESION-1.jpg\" \/>\n\t<meta property=\"og:image:width\" content=\"1066\" \/>\n\t<meta property=\"og:image:height\" content=\"718\" \/>\n\t<meta property=\"og:image:type\" content=\"image\/jpeg\" \/>\n<meta name=\"author\" content=\"Martha Cifuentes\" \/>\n<meta name=\"twitter:card\" content=\"summary_large_image\" \/>\n<meta name=\"twitter:label1\" content=\"Escrito por\" \/>\n\t<meta name=\"twitter:data1\" content=\"Martha Cifuentes\" \/>\n\t<meta name=\"twitter:label2\" content=\"Tiempo de lectura\" \/>\n\t<meta name=\"twitter:data2\" content=\"5 minutos\" \/>\n<script type=\"application\/ld+json\" class=\"yoast-schema-graph\">{\"@context\":\"https:\/\/schema.org\",\"@graph\":[{\"@type\":\"WebPage\",\"@id\":\"https:\/\/marthacifuentes.com\/portada\/corporinoquia-ya-tiene-directora-titular-carolina-marino-se-preve-demanda-de-la-eleccion\/\",\"url\":\"https:\/\/marthacifuentes.com\/portada\/corporinoquia-ya-tiene-directora-titular-carolina-marino-se-preve-demanda-de-la-eleccion\/\",\"name\":\"Corporinoquia ya tiene directora titular: Carolina Mari\u00f1o. Se prev\u00e9 demanda de la elecci\u00f3n - \u25b7 Noticias de Casanare : Martha Cifuentes | Casanare\",\"isPartOf\":{\"@id\":\"https:\/\/marthacifuentes.com\/portada\/#website\"},\"primaryImageOfPage\":{\"@id\":\"https:\/\/marthacifuentes.com\/portada\/corporinoquia-ya-tiene-directora-titular-carolina-marino-se-preve-demanda-de-la-eleccion\/#primaryimage\"},\"image\":{\"@id\":\"https:\/\/marthacifuentes.com\/portada\/corporinoquia-ya-tiene-directora-titular-carolina-marino-se-preve-demanda-de-la-eleccion\/#primaryimage\"},\"thumbnailUrl\":\"https:\/\/marthacifuentes.com\/portada\/wp-content\/uploads\/2024\/12\/CAROLINA-MARINO-POSESION-1.jpg\",\"datePublished\":\"2024-12-09T21:28:00+00:00\",\"dateModified\":\"2024-12-09T21:35:51+00:00\",\"author\":{\"@id\":\"https:\/\/marthacifuentes.com\/portada\/#\/schema\/person\/57f53174b991db5f90ff78d58502b714\"},\"breadcrumb\":{\"@id\":\"https:\/\/marthacifuentes.com\/portada\/corporinoquia-ya-tiene-directora-titular-carolina-marino-se-preve-demanda-de-la-eleccion\/#breadcrumb\"},\"inLanguage\":\"es\",\"potentialAction\":[{\"@type\":\"ReadAction\",\"target\":[\"https:\/\/marthacifuentes.com\/portada\/corporinoquia-ya-tiene-directora-titular-carolina-marino-se-preve-demanda-de-la-eleccion\/\"]}]},{\"@type\":\"ImageObject\",\"inLanguage\":\"es\",\"@id\":\"https:\/\/marthacifuentes.com\/portada\/corporinoquia-ya-tiene-directora-titular-carolina-marino-se-preve-demanda-de-la-eleccion\/#primaryimage\",\"url\":\"https:\/\/marthacifuentes.com\/portada\/wp-content\/uploads\/2024\/12\/CAROLINA-MARINO-POSESION-1.jpg\",\"contentUrl\":\"https:\/\/marthacifuentes.com\/portada\/wp-content\/uploads\/2024\/12\/CAROLINA-MARINO-POSESION-1.jpg\",\"width\":1066,\"height\":718},{\"@type\":\"BreadcrumbList\",\"@id\":\"https:\/\/marthacifuentes.com\/portada\/corporinoquia-ya-tiene-directora-titular-carolina-marino-se-preve-demanda-de-la-eleccion\/#breadcrumb\",\"itemListElement\":[{\"@type\":\"ListItem\",\"position\":1,\"name\":\"Portada\",\"item\":\"https:\/\/marthacifuentes.com\/portada\/\"},{\"@type\":\"ListItem\",\"position\":2,\"name\":\"Corporinoquia ya tiene directora titular: Carolina Mari\u00f1o. Se prev\u00e9 demanda de la elecci\u00f3n\"}]},{\"@type\":\"WebSite\",\"@id\":\"https:\/\/marthacifuentes.com\/portada\/#website\",\"url\":\"https:\/\/marthacifuentes.com\/portada\/\",\"name\":\"\u25b7 Noticias de Casanare : Martha Cifuentes | Casanare\",\"description\":\"Noticias &amp; Contenidos\",\"potentialAction\":[{\"@type\":\"SearchAction\",\"target\":{\"@type\":\"EntryPoint\",\"urlTemplate\":\"https:\/\/marthacifuentes.com\/portada\/?s={search_term_string}\"},\"query-input\":{\"@type\":\"PropertyValueSpecification\",\"valueRequired\":true,\"valueName\":\"search_term_string\"}}],\"inLanguage\":\"es\"},{\"@type\":\"Person\",\"@id\":\"https:\/\/marthacifuentes.com\/portada\/#\/schema\/person\/57f53174b991db5f90ff78d58502b714\",\"name\":\"Martha Cifuentes\",\"image\":{\"@type\":\"ImageObject\",\"inLanguage\":\"es\",\"@id\":\"https:\/\/marthacifuentes.com\/portada\/#\/schema\/person\/image\/\",\"url\":\"http:\/\/marthacifuentes.com\/portada\/wp-content\/uploads\/2018\/06\/avatar_user_2_1528838701-96x96.jpg\",\"contentUrl\":\"http:\/\/marthacifuentes.com\/portada\/wp-content\/uploads\/2018\/06\/avatar_user_2_1528838701-96x96.jpg\",\"caption\":\"Martha Cifuentes\"},\"sameAs\":[\"http:\/\/www.marthacifuentes.com\"],\"url\":\"https:\/\/marthacifuentes.com\/portada\/author\/martha\/\"}]}<\/script>\n<!-- \/ Yoast SEO plugin. -->","yoast_head_json":{"title":"Corporinoquia ya tiene directora titular: Carolina Mari\u00f1o. Se prev\u00e9 demanda de la elecci\u00f3n - \u25b7 Noticias de Casanare : Martha Cifuentes | Casanare","robots":{"index":"index","follow":"follow","max-snippet":"max-snippet:-1","max-image-preview":"max-image-preview:large","max-video-preview":"max-video-preview:-1"},"canonical":"https:\/\/marthacifuentes.com\/portada\/corporinoquia-ya-tiene-directora-titular-carolina-marino-se-preve-demanda-de-la-eleccion\/","og_locale":"es_ES","og_type":"article","og_title":"Corporinoquia ya tiene directora titular: Carolina Mari\u00f1o. Se prev\u00e9 demanda de la elecci\u00f3n - \u25b7 Noticias de Casanare : Martha Cifuentes | Casanare","og_description":"Como lo hab\u00edamos anticipado el pasado 7 de octubre, la elegida para ocupar el cargo de directora de Corporinoquia fue la abogada especializada en gesti\u00f3n ambiental, Diana Carolina Mari\u00f1o Mondrag\u00f3n. Hoy, el Consejo Directivo realiz\u00f3 la elecci\u00f3n y pocas horas despu\u00e9s tom\u00f3 posesi\u00f3n del cargo. Con 15 votos a favor fue elegida la directora que &hellip;","og_url":"https:\/\/marthacifuentes.com\/portada\/corporinoquia-ya-tiene-directora-titular-carolina-marino-se-preve-demanda-de-la-eleccion\/","og_site_name":"\u25b7 Noticias de Casanare : Martha Cifuentes | Casanare","article_published_time":"2024-12-09T21:28:00+00:00","article_modified_time":"2024-12-09T21:35:51+00:00","og_image":[{"width":1066,"height":718,"url":"https:\/\/marthacifuentes.com\/portada\/wp-content\/uploads\/2024\/12\/CAROLINA-MARINO-POSESION-1.jpg","type":"image\/jpeg"}],"author":"Martha Cifuentes","twitter_card":"summary_large_image","twitter_misc":{"Escrito por":"Martha Cifuentes","Tiempo de lectura":"5 minutos"},"schema":{"@context":"https:\/\/schema.org","@graph":[{"@type":"WebPage","@id":"https:\/\/marthacifuentes.com\/portada\/corporinoquia-ya-tiene-directora-titular-carolina-marino-se-preve-demanda-de-la-eleccion\/","url":"https:\/\/marthacifuentes.com\/portada\/corporinoquia-ya-tiene-directora-titular-carolina-marino-se-preve-demanda-de-la-eleccion\/","name":"Corporinoquia ya tiene directora titular: Carolina Mari\u00f1o. Se prev\u00e9 demanda de la elecci\u00f3n - \u25b7 Noticias de Casanare : Martha Cifuentes | Casanare","isPartOf":{"@id":"https:\/\/marthacifuentes.com\/portada\/#website"},"primaryImageOfPage":{"@id":"https:\/\/marthacifuentes.com\/portada\/corporinoquia-ya-tiene-directora-titular-carolina-marino-se-preve-demanda-de-la-eleccion\/#primaryimage"},"image":{"@id":"https:\/\/marthacifuentes.com\/portada\/corporinoquia-ya-tiene-directora-titular-carolina-marino-se-preve-demanda-de-la-eleccion\/#primaryimage"},"thumbnailUrl":"https:\/\/marthacifuentes.com\/portada\/wp-content\/uploads\/2024\/12\/CAROLINA-MARINO-POSESION-1.jpg","datePublished":"2024-12-09T21:28:00+00:00","dateModified":"2024-12-09T21:35:51+00:00","author":{"@id":"https:\/\/marthacifuentes.com\/portada\/#\/schema\/person\/57f53174b991db5f90ff78d58502b714"},"breadcrumb":{"@id":"https:\/\/marthacifuentes.com\/portada\/corporinoquia-ya-tiene-directora-titular-carolina-marino-se-preve-demanda-de-la-eleccion\/#breadcrumb"},"inLanguage":"es","potentialAction":[{"@type":"ReadAction","target":["https:\/\/marthacifuentes.com\/portada\/corporinoquia-ya-tiene-directora-titular-carolina-marino-se-preve-demanda-de-la-eleccion\/"]}]},{"@type":"ImageObject","inLanguage":"es","@id":"https:\/\/marthacifuentes.com\/portada\/corporinoquia-ya-tiene-directora-titular-carolina-marino-se-preve-demanda-de-la-eleccion\/#primaryimage","url":"https:\/\/marthacifuentes.com\/portada\/wp-content\/uploads\/2024\/12\/CAROLINA-MARINO-POSESION-1.jpg","contentUrl":"https:\/\/marthacifuentes.com\/portada\/wp-content\/uploads\/2024\/12\/CAROLINA-MARINO-POSESION-1.jpg","width":1066,"height":718},{"@type":"BreadcrumbList","@id":"https:\/\/marthacifuentes.com\/portada\/corporinoquia-ya-tiene-directora-titular-carolina-marino-se-preve-demanda-de-la-eleccion\/#breadcrumb","itemListElement":[{"@type":"ListItem","position":1,"name":"Portada","item":"https:\/\/marthacifuentes.com\/portada\/"},{"@type":"ListItem","position":2,"name":"Corporinoquia ya tiene directora titular: Carolina Mari\u00f1o. Se prev\u00e9 demanda de la elecci\u00f3n"}]},{"@type":"WebSite","@id":"https:\/\/marthacifuentes.com\/portada\/#website","url":"https:\/\/marthacifuentes.com\/portada\/","name":"\u25b7 Noticias de Casanare : Martha Cifuentes | Casanare","description":"Noticias &amp; Contenidos","potentialAction":[{"@type":"SearchAction","target":{"@type":"EntryPoint","urlTemplate":"https:\/\/marthacifuentes.com\/portada\/?s={search_term_string}"},"query-input":{"@type":"PropertyValueSpecification","valueRequired":true,"valueName":"search_term_string"}}],"inLanguage":"es"},{"@type":"Person","@id":"https:\/\/marthacifuentes.com\/portada\/#\/schema\/person\/57f53174b991db5f90ff78d58502b714","name":"Martha Cifuentes","image":{"@type":"ImageObject","inLanguage":"es","@id":"https:\/\/marthacifuentes.com\/portada\/#\/schema\/person\/image\/","url":"http:\/\/marthacifuentes.com\/portada\/wp-content\/uploads\/2018\/06\/avatar_user_2_1528838701-96x96.jpg","contentUrl":"http:\/\/marthacifuentes.com\/portada\/wp-content\/uploads\/2018\/06\/avatar_user_2_1528838701-96x96.jpg","caption":"Martha Cifuentes"},"sameAs":["http:\/\/www.marthacifuentes.com"],"url":"https:\/\/marthacifuentes.com\/portada\/author\/martha\/"}]}},"_links":{"self":[{"href":"https:\/\/marthacifuentes.com\/portada\/wp-json\/wp\/v2\/posts\/34498","targetHints":{"allow":["GET"]}}],"collection":[{"href":"https:\/\/marthacifuentes.com\/portada\/wp-json\/wp\/v2\/posts"}],"about":[{"href":"https:\/\/marthacifuentes.com\/portada\/wp-json\/wp\/v2\/types\/post"}],"author":[{"embeddable":true,"href":"https:\/\/marthacifuentes.com\/portada\/wp-json\/wp\/v2\/users\/2"}],"replies":[{"embeddable":true,"href":"https:\/\/marthacifuentes.com\/portada\/wp-json\/wp\/v2\/comments?post=34498"}],"version-history":[{"count":3,"href":"https:\/\/marthacifuentes.com\/portada\/wp-json\/wp\/v2\/posts\/34498\/revisions"}],"predecessor-version":[{"id":34507,"href":"https:\/\/marthacifuentes.com\/portada\/wp-json\/wp\/v2\/posts\/34498\/revisions\/34507"}],"wp:featuredmedia":[{"embeddable":true,"href":"https:\/\/marthacifuentes.com\/portada\/wp-json\/wp\/v2\/media\/34508"}],"wp:attachment":[{"href":"https:\/\/marthacifuentes.com\/portada\/wp-json\/wp\/v2\/media?parent=34498"}],"wp:term":[{"taxonomy":"category","embeddable":true,"href":"https:\/\/marthacifuentes.com\/portada\/wp-json\/wp\/v2\/categories?post=34498"},{"taxonomy":"post_tag","embeddable":true,"href":"https:\/\/marthacifuentes.com\/portada\/wp-json\/wp\/v2\/tags?post=34498"}],"curies":[{"name":"wp","href":"https:\/\/api.w.org\/{rel}","templated":true}]}}